{"id":197189,"date":"2021-03-15T23:59:33","date_gmt":"2021-03-15T22:59:33","guid":{"rendered":"https:\/\/www.radiopiu.net\/wordpress\/?p=197189"},"modified":"2021-03-16T07:56:29","modified_gmt":"2021-03-16T06:56:29","slug":"larroganza-resti-in-citta-e-chi-viene-si-rimbocchi-le-maniche","status":"publish","type":"post","link":"https:\/\/www.radiopiu.net\/wordpress\/larroganza-resti-in-citta-e-chi-viene-si-rimbocchi-le-maniche\/","title":{"rendered":"L&#8217;ARROGANZA RESTI IN CITTA&#8217; E CHI VIENE SI RIMBOCCHI LE MANICHE"},"content":{"rendered":"<p><strong><img loading=\"lazy\" decoding=\"async\" class=\"alignleft\" src=\"https:\/\/www.radiopiu.net\/wordpress\/wp-content\/uploads\/2015\/10\/300px-San_Tomaso_Ag.jpg\" width=\"188\" height=\"141\" \/>SAN TOMASO<\/strong><\/p>\n<p><strong>DI GIANNI SANTOMASO<\/strong><\/p>\n<audio class=\"wp-audio-shortcode\" id=\"audio-197189-1\" preload=\"none\" style=\"width: 100%;\" controls=\"controls\"><source type=\"audio\/mpeg\" src=\"https:\/\/www.radiopiu.net\/wordpress\/wp-content\/uploads\/2021\/03\/GIANNI-SANTOMASO.mp3?_=1\" \/><a href=\"https:\/\/www.radiopiu.net\/wordpress\/wp-content\/uploads\/2021\/03\/GIANNI-SANTOMASO.mp3\">https:\/\/www.radiopiu.net\/wordpress\/wp-content\/uploads\/2021\/03\/GIANNI-SANTOMASO.mp3<\/a><\/audio>\n<p>&nbsp;<\/p>\n<p>&nbsp;<\/p>\n<h2>VISTO DA FUORI, di Paolo Soppelsa<\/h2>\n\n\t\t\t<style type='text\/css'>\n\t\t\t\t#gallery-1 {\n\t\t\t\t\tmargin: auto;\n\t\t\t\t}\n\t\t\t\t#gallery-1 .gallery-item {\n\t\t\t\t\tfloat: left;\n\t\t\t\t\tmargin-top: 10px;\n\t\t\t\t\ttext-align: center;\n\t\t\t\t\twidth: 50%;\n\t\t\t\t}\n\t\t\t\t#gallery-1 img {\n\t\t\t\t\tborder: 2px solid #cfcfcf;\n\t\t\t\t}\n\t\t\t\t#gallery-1 .gallery-caption {\n\t\t\t\t\tmargin-left: 0;\n\t\t\t\t}\n\t\t\t\t\/* see gallery_shortcode() in wp-includes\/media.php *\/\n\t\t\t<\/style>\n\t\t<div id='gallery-1' class='dt-gallery-container gallery galleryid-197189 gallery-columns-2 gallery-size-medium'><dl class='gallery-item'>\n\t\t\t\t<dt class='gallery-icon portrait'>\n\t\t\t\t\t<a class=\"rollover\" href='https:\/\/www.radiopiu.net\/wordpress\/i-cantieri-post-vaia-disturbano-la-quiete-del-turista-della-seconda-casa\/4e3b0924-9920-49b6-9deb-651becd26db2\/'><img loading=\"lazy\" decoding=\"async\" width=\"225\" height=\"300\" src=\"https:\/\/www.radiopiu.net\/wordpress\/wp-content\/uploads\/2021\/03\/4e3b0924-9920-49b6-9deb-651becd26db2-225x300.jpg\" class=\"attachment-medium size-medium\" alt=\"\" srcset=\"https:\/\/www.radiopiu.net\/wordpress\/wp-content\/uploads\/2021\/03\/4e3b0924-9920-49b6-9deb-651becd26db2-225x300.jpg 225w, https:\/\/www.radiopiu.net\/wordpress\/wp-content\/uploads\/2021\/03\/4e3b0924-9920-49b6-9deb-651becd26db2.jpg 768w\" sizes=\"auto, (max-width: 225px) 100vw, 225px\" \/><\/a>\n\t\t\t\t<\/dt><\/dl><dl class='gallery-item'>\n\t\t\t\t<dt class='gallery-icon landscape'>\n\t\t\t\t\t<a class=\"rollover\" href='https:\/\/www.radiopiu.net\/wordpress\/i-cantieri-post-vaia-disturbano-la-quiete-del-turista-della-seconda-casa\/c7eb3be5-c014-4f58-ab23-191ed57bcefc\/'><img loading=\"lazy\" decoding=\"async\" width=\"300\" height=\"191\" src=\"https:\/\/www.radiopiu.net\/wordpress\/wp-content\/uploads\/2021\/03\/c7eb3be5-c014-4f58-ab23-191ed57bcefc-300x191.jpg\" class=\"attachment-medium size-medium\" alt=\"\" srcset=\"https:\/\/www.radiopiu.net\/wordpress\/wp-content\/uploads\/2021\/03\/c7eb3be5-c014-4f58-ab23-191ed57bcefc-300x191.jpg 300w, https:\/\/www.radiopiu.net\/wordpress\/wp-content\/uploads\/2021\/03\/c7eb3be5-c014-4f58-ab23-191ed57bcefc-768x488.jpg 768w, https:\/\/www.radiopiu.net\/wordpress\/wp-content\/uploads\/2021\/03\/c7eb3be5-c014-4f58-ab23-191ed57bcefc.jpg 1024w\" sizes=\"auto, (max-width: 300px) 100vw, 300px\" \/><\/a>\n\t\t\t\t<\/dt><\/dl><br style=\"clear: both\" \/>\n\t\t\t<\/div>\n\n<blockquote>\n<div dir=\"auto\">Sar\u00e0 che sono cresciuto con il mantra che almeno un paio di volte al giorno ripeteva mia mamma, peraltro nata a poche centinaia di metri in linea d&#8217;aria da Canacede: &#8220;&#8230;l&#8217;erba voglio non cresce neanche nel giardino del re&#8230;&#8221;. E quel &#8220;voglio&#8221; era meglio evitarlo altrimenti giungeva puntuale la minaccia di finire nella terrificante &#8220;Casa de Correzion&#8221;. Che chiss\u00e0 com&#8217;era questa &#8220;Casa de Correzion&#8221;. Tutto questo per dire che io una lettera di questo tenore non mi sarei mai permesso di scriverla e tantomeno di recapitarla presso gli uffici del municipio di un paese di montagna. Per la cronaca, il paese \u00e8 San Tomaso Agordino, uno dei miei luoghi del cuore. A mio modesto parere, queste righe denotano molta supponenza e arroganza da parte di persone che pensano che a loro tutto sia dovuto. E m&#8217;interessa poco che queste persone siano &#8220;foresti&#8221;. Che &#8220;foresti&#8221; \u00e8 un termine che non mi piace e non mi \u00e8 mai piaciuto. La Montagna \u00e8 di chi la ama, la cura e la racconta. P.S&#8230;il 13 dicembre scorso era domenica. C&#8217;era un bel p\u00f2 di neve a San Tomaso ed in generale su tutta la montagna bellunese. Quella domenica la ditta che ha installato i paravalanghe sopra la frazione di Canacede era operativa con elicottero e personale a terra. Questo per dire che quel cantiere andava avanti nonostante le condizioni difficili di lavoro e la giornata festiva.<\/div>\n<\/blockquote>\n<h2><\/h2>\n<h2><strong>IERI ALLA RADIO\u00a0<\/strong><\/h2>\n<blockquote>\n<h3>I CANTIERI POST VAIA DISTURBANO LA QUIETE DEL TURISTA DELLA SECONDA CASA<\/h3>\n<\/blockquote>\n<blockquote>\n<h3><em>Il sindaco Moreno De Val &#8220;Volevo ignorare la lettera, ma rispondo per rispetto di chi li&#8217; ci abita tutto l&#8217;anno. Abbiate rispetto di noi che qui ci viviamo. Ho sempre sostenuto le seconde case e i loro proprietari, ma tutto ha un limite&#8221;<\/em><\/h3>\n<\/blockquote>\n<p><strong>SAN TOMASO\u00a0<\/strong> I propietari di un fienile a Canacede, ristrutturato nel 2011 hanno criticato il sindaco Moreno De Val e anche il tecnico comunale. I turisti ospiti del paese da una decina d&#8217;anni,\u00a0 lamentano che nei loro periodi di ferie sono alla ricerca di tranquillit\u00e0 minacciata da cantieri invasivi secondo i proprietari della seconda casa &#8220;lunghi e inconcludenti&#8221;. Viene citata l&#8217;apertura di una strada temporanea, il taglio e trasporto del legname schiantato da Vaia. &#8220;Nessuno dei cantieri \u00e8 giunto a conclusione &#8211; scrivono &#8211; ci rendiamo conto delle necessit\u00e0 di seguire lavori di manutenzione ma chiediamo che entro la prossima estate vengano completati i cantieri&#8230;&#8221;<\/p>\n<p><strong>IL SINDACO MORENO DE VAL\u00a0<\/strong><\/p>\n<audio class=\"wp-audio-shortcode\" id=\"audio-197189-2\" preload=\"none\" style=\"width: 100%;\" controls=\"controls\"><source type=\"audio\/mpeg\" src=\"https:\/\/www.radiopiu.net\/wordpress\/wp-content\/uploads\/2021\/03\/mpreno-2.mp3?_=2\" \/><a href=\"https:\/\/www.radiopiu.net\/wordpress\/wp-content\/uploads\/2021\/03\/mpreno-2.mp3\">https:\/\/www.radiopiu.net\/wordpress\/wp-content\/uploads\/2021\/03\/mpreno-2.mp3<\/a><\/audio>\n<p>&nbsp;<\/p>\n","protected":false},"excerpt":{"rendered":"<p>SAN TOMASO DI GIANNI SANTOMASO &nbsp; &nbsp; VISTO DA FUORI, di Paolo Soppelsa Sar\u00e0 che sono cresciuto con il mantra che almeno un paio di volte al giorno ripeteva mia mamma, peraltro nata a poche centinaia di metri in linea d&#8217;aria da Canacede: &#8220;&#8230;l&#8217;erba voglio non cresce neanche nel giardino del re&#8230;&#8221;. E quel &#8220;voglio&#8221;&hellip;<\/p>\n","protected":false},"author":4,"featured_media":0,"comment_status":"closed","ping_status":"closed","sticky":false,"template":"","format":"standard","meta":{"_monsterinsights_skip_tracking":false,"_monsterinsights_sitenote_active":false,"_monsterinsights_sitenote_note":"","_monsterinsights_sitenote_category":0,"footnotes":""},"categories":[51,49],"tags":[],"class_list":["post-197189","post","type-post","status-publish","format-standard","hentry","category-evidenza-top","category-news-18","category-51","category-49","description-off"],"img_url":false,"_links":{"self":[{"href":"https:\/\/www.radiopiu.net\/wordpress\/wp-json\/wp\/v2\/posts\/197189","targetHints":{"allow":["GET"]}}],"collection":[{"href":"https:\/\/www.radiopiu.net\/wordpress\/wp-json\/wp\/v2\/posts"}],"about":[{"href":"https:\/\/www.radiopiu.net\/wordpress\/wp-json\/wp\/v2\/types\/post"}],"author":[{"embeddable":true,"href":"https:\/\/www.radiopiu.net\/wordpress\/wp-json\/wp\/v2\/users\/4"}],"replies":[{"embeddable":true,"href":"https:\/\/www.radiopiu.net\/wordpress\/wp-json\/wp\/v2\/comments?post=197189"}],"version-history":[{"count":0,"href":"https:\/\/www.radiopiu.net\/wordpress\/wp-json\/wp\/v2\/posts\/197189\/revisions"}],"wp:attachment":[{"href":"https:\/\/www.radiopiu.net\/wordpress\/wp-json\/wp\/v2\/media?parent=197189"}],"wp:term":[{"taxonomy":"category","embeddable":true,"href":"https:\/\/www.radiopiu.net\/wordpress\/wp-json\/wp\/v2\/categories?post=197189"},{"taxonomy":"post_tag","embeddable":true,"href":"https:\/\/www.radiopiu.net\/wordpress\/wp-json\/wp\/v2\/tags?post=197189"}],"curies":[{"name":"wp","href":"https:\/\/api.w.org\/{rel}","templated":true}]}}