{"id":197197,"date":"2021-03-15T23:59:21","date_gmt":"2021-03-15T22:59:21","guid":{"rendered":"https:\/\/www.radiopiu.net\/wordpress\/?p=197197"},"modified":"2021-03-16T06:16:01","modified_gmt":"2021-03-16T05:16:01","slug":"colle-s-lucia-vita-e-costume-di-renato-bona","status":"publish","type":"post","link":"https:\/\/www.radiopiu.net\/wordpress\/colle-s-lucia-vita-e-costume-di-renato-bona\/","title":{"rendered":"\u201cCOLLE S. LUCIA VITA E COSTUME\u201d di RENATO BONA"},"content":{"rendered":"<p><strong>BELLUNO\u00a0<\/strong> Nel luglio del 1978 l\u2019Istituto bellunese di ricerche sociali e culturali dava alle stampe (tipografia Piave di Belluno, fotoliti colore di Eurocrom di Treviso), per la serie \u201cStoria\u201d, le trecento pagine del volume \u201cColle S. Lucia. Vita e costume\u201d curato da Vito Pallabazzer e Floriano Chizzali e dedicato \u201cagli emigranti di Colle Santa Lucia\u201d; in copertina un\u2019immagine con il Pelmo sullo sfondo (di Foto Riva Alleghe). Nella presentazione il glottologo Giovan Battista Pellegrini spiegava che \u201cL\u2019opera che ho il piacere di presentare, nata dalla collaborazione di due appassionati cultori di memorie locali (ma di vaste esperienze umane e scientifiche: l\u2019uno specialista di studi toponomastici, l\u2019altro esperto di agricoltura, foreste e di turismo) si configura come un eccellente contributo allo studio della storia e delle tradizioni e del costume di una minuscola comunit\u00e0 montana dolomitica\u201d. In realt\u00e0 \u2013 proseguiva \u2013 la ricerca rappresenta un modello di descrizione di un microcosmo alpino, ultimo lembo di terra soggetta all\u2019Austria asburgica fino al 1918, ma largamente aperto ad influssi veneti fin dal medioevo; essa offre ben di pi\u00f9 di un attestato di amore, di attaccamento al campanile o di conoscenze ambientali. E\u2019 poi precipuo merito degli autori di aver saputo utilizzare tutte le fonti storiche, geografiche, etnografiche, demologiche, linguistiche e toponomastiche che in qualche modo potessero avere riferimento al paese illustrato in tutti i suoi aspetti. Essi si sono avvalsi di bibliografia italiana e tedesca, ma in molte sezioni della loro accurata descrizione di usi e costumi o di avvenimenti recenti che hanno toccato il paese, hanno fatto ricorso all\u2019informazione dei locali o alla loro particolare esperienza\u201d. Ricordato che Colle Santa Lucia, come il pi\u00f9 vasto comune di Livinallongo di cui \u00e8 un\u2019appendice, \u00e8 geograficamente valle del Cordevole, mentre per lunghi secoli ha continuato ad essere legato ad enti politici ed ecclesiastici tedeschi con una demarcazione confinaria, nei confronti del Veneto, veramente assurda e impercettibile, conseguenza di vicende storiche che ci riportano ai primi insediamenti dell\u2019uomo nelle valli dolomitiche \u201catesine\u201d, al travalicamento dei passi alpini e all\u2019arroccamento dei primi coloni in posizioni di pi\u00f9 comoda difesa per chi proveniva dal Nord: una delle tante prove che, pel passato l\u2019unit\u00e0 geografica non corrispondeva a circoscrizione amministrativa, Pellegrini aggiunge che: \u201cIl nome di Colle e del Livinallongo era legato pel passato soprattutto al Castello di Andraz e alla miniera del Fursil che per tanti secoli (dal 1177 al 1753) ha fornito materiali ferrosi ai vari forni fusori dell\u2019alto Bellunese, venendo a costituire tale attivit\u00e0 mineraria, un aspetto fondamentale dell\u2019economia dell\u2019Agordino (e dello Zoldano) gi\u00e0 ricco di altri filoni minerari, di \u2018buse\u2019, a lungo sfruttati\u201d. Un altro passaggio sempre dalla presentazione: \u201cPur inclusa per secoli in una circoscrizione amministrativa appartenente a signorie feudali, politiche ed ecclesiatiche tirolesi, Colle di S. Lucia ha risentito dell\u2019influsso cadorino attraverso il contiguo comune di Selva di Cadore donde \u00e8 penetrato l\u2019ordinamento pi\u00f9 liberale delle Regole, sia pure in forma promiscua con le vicinie e con consuetudini germaniche che non autorizzarono il collettivismo dei boschi e ls spartizione della propriet\u00e0 privata. Solo da alcuni decenni l\u2019anomalia geografica \u00e8 stata rettificata concedendo a Belluno ci\u00f2 che la natura le aveva assegnato secondo confini meno illogici\u201d. Sottolineava quindi, il glottologo, che la monografia di Pallabazzer-Chizzali indaga tutti gli aspetti dell\u2019ambiente geografico, del paesaggio con cenni storici anche alle calamit\u00e0 naturali cui fu sottoposto nel corso dei secoli il piccolo paese; ne esamina la flora, la fauna per le quali \u00e8 di grande giovamento anche lo studio dei nomi locali ove sono contenuti evidenti menzioni di piante ormai rare o di lupi, orsi ecc. (la cui presenza non era ancora tanto rara nel secolo passato). D\u2019interesse anche naturalistico \u00e8 la descrizione che dette del Livinallongo ai primi del 1600 Marx Sittich von Wolkenstein riportata dagli Autori nel testo tirolese originario e in traduzione. L\u2019ottima conoscenza dei problemi toponomastici e botanici del Pallabazzer (autore di tre volumi in codesto settore degli studi linguistici) e del Chizzali, ha consentito agli autori di trarre profitto per vari capitoli d\u2019interesse storico o di storia delle culture agrarie o di rilevanza demologica (si pensi ai rimedi nella medicina popolare). Ma grande attenzione \u00e8 stata riservata a problemi antropogeografici con la relativa descrizione della casa antica, dei fienili tradizionali che si accordano, ma pi\u00f9 spesso divergono per l\u2019ovvio influsso tirolese, da quelli agordini. Concludeva affermando che: \u201clo spazio pi\u00f9 ampio del volume \u00e8 stato destinato ad un rilevamento ed esposizione delle tradizioni popolari, del costume in generale e delle usanze calendariali, dalla nascita alla morte, ai proverbi, alle superstizioni ecc. che avevano gi\u00e0 attirato l\u2019attenzione di una benemerita insegnante locale, Luigia Lez\u00f9o, ai cui appunti gli autori hanno giustamente attinto in pi\u00f9 parti\u2026\u201d. E sottolineando che \u201cSe l\u2019opera ha in prima linea lo scopo di evocare la storia e le consuetudini di una piccola comunit\u00e0 dolomitica, in realt\u00e0 essa \u00e8 soltanto apparentemente d\u2019interesse unicamente locale poich\u00e9 tutti gli studiosi del mondo alpino in generale potranno ricavarne dalla lettura molti insegnamenti e di varia natura; ad essa potr\u00e0 attingere con profitto tanto l\u2019etnografo quanto il linguista. I dati raccolti sono infatti ben vagliati e sicuri, tanto che accanto all\u2019impegno affettivo verso la propria piccola patria, gli autori hanno reso anche un valido servigio alla scienza\u201d. Resta da dire, dopo cotanta efficacissima illustrazione di Pellegrini, che il libro della coppia Pallabazzer-Chizzali (sul quale sar\u00e0 piacevolmente inevitabile ritornare) si articola nei seguenti capitoli: \u201cL\u2019ambiente geografico\u201d, \u201cColle s. Lucia attraverso il tempo\u201d, \u201cDocumenti storici\u201d, \u201cI \u2018segni\u2019 di casa\u201d, \u201cCasati e cognomi\u201d, \u201cLe attivit\u00e0 economiche\u201d, \u201cTradizioni e costumanze\u201d, \u201cProverbi e modi di dire\u201d, \u201cQuale futuro? &#8211; \u201cLa \u2018cianzon de chi da Col\u2019 di Luigi Lezuo\u201d.<\/p>\n\n\t\t\t<style type='text\/css'>\n\t\t\t\t#gallery-1 {\n\t\t\t\t\tmargin: auto;\n\t\t\t\t}\n\t\t\t\t#gallery-1 .gallery-item {\n\t\t\t\t\tfloat: left;\n\t\t\t\t\tmargin-top: 10px;\n\t\t\t\t\ttext-align: center;\n\t\t\t\t\twidth: 14%;\n\t\t\t\t}\n\t\t\t\t#gallery-1 img {\n\t\t\t\t\tborder: 2px solid #cfcfcf;\n\t\t\t\t}\n\t\t\t\t#gallery-1 .gallery-caption {\n\t\t\t\t\tmargin-left: 0;\n\t\t\t\t}\n\t\t\t\t\/* see gallery_shortcode() in wp-includes\/media.php *\/\n\t\t\t<\/style>\n\t\t<div id='gallery-1' class='dt-gallery-container gallery galleryid-197197 gallery-columns-7 gallery-size-thumbnail'><dl class='gallery-item'>\n\t\t\t\t<dt class='gallery-icon landscape'>\n\t\t\t\t\t<a class=\"rollover rollover-zoom dt-pswp-item\" title=\"161713068_1265619683834718_7466947750651994784_n\" data-dt-img-description=\"\" data-large_image_width=\"206\" data-large_image_height=\"200\"href='https:\/\/www.radiopiu.net\/wordpress\/wp-content\/uploads\/2021\/03\/161713068_1265619683834718_7466947750651994784_n.jpg'><img loading=\"lazy\" decoding=\"async\" width=\"150\" height=\"150\" src=\"https:\/\/www.radiopiu.net\/wordpress\/wp-content\/uploads\/2021\/03\/161713068_1265619683834718_7466947750651994784_n-150x150.jpg\" class=\"attachment-thumbnail size-thumbnail\" alt=\"\" \/><\/a>\n\t\t\t\t<\/dt><\/dl><dl class='gallery-item'>\n\t\t\t\t<dt class='gallery-icon portrait'>\n\t\t\t\t\t<a class=\"rollover rollover-zoom dt-pswp-item\" title=\"161000658_268172371500379_386344095350938509_n\" data-dt-img-description=\"\" data-large_image_width=\"152\" data-large_image_height=\"260\"href='https:\/\/www.radiopiu.net\/wordpress\/wp-content\/uploads\/2021\/03\/161000658_268172371500379_386344095350938509_n.jpg'><img loading=\"lazy\" decoding=\"async\" width=\"150\" height=\"150\" src=\"https:\/\/www.radiopiu.net\/wordpress\/wp-content\/uploads\/2021\/03\/161000658_268172371500379_386344095350938509_n-150x150.jpg\" class=\"attachment-thumbnail size-thumbnail\" alt=\"\" \/><\/a>\n\t\t\t\t<\/dt><\/dl><dl class='gallery-item'>\n\t\t\t\t<dt class='gallery-icon landscape'>\n\t\t\t\t\t<a class=\"rollover rollover-zoom dt-pswp-item\" title=\"161019485_2893110380977356_7205230102586136745_n\" data-dt-img-description=\"\" data-large_image_width=\"218\" data-large_image_height=\"206\"href='https:\/\/www.radiopiu.net\/wordpress\/wp-content\/uploads\/2021\/03\/161019485_2893110380977356_7205230102586136745_n.jpg'><img loading=\"lazy\" decoding=\"async\" width=\"150\" height=\"150\" src=\"https:\/\/www.radiopiu.net\/wordpress\/wp-content\/uploads\/2021\/03\/161019485_2893110380977356_7205230102586136745_n-150x150.jpg\" class=\"attachment-thumbnail size-thumbnail\" alt=\"\" \/><\/a>\n\t\t\t\t<\/dt><\/dl><dl class='gallery-item'>\n\t\t\t\t<dt class='gallery-icon portrait'>\n\t\t\t\t\t<a class=\"rollover rollover-zoom dt-pswp-item\" title=\"161503581_299966928216279_7341318937306908359_n\" data-dt-img-description=\"\" data-large_image_width=\"197\" data-large_image_height=\"206\"href='https:\/\/www.radiopiu.net\/wordpress\/wp-content\/uploads\/2021\/03\/161503581_299966928216279_7341318937306908359_n.jpg'><img loading=\"lazy\" decoding=\"async\" width=\"150\" height=\"150\" src=\"https:\/\/www.radiopiu.net\/wordpress\/wp-content\/uploads\/2021\/03\/161503581_299966928216279_7341318937306908359_n-150x150.jpg\" class=\"attachment-thumbnail size-thumbnail\" alt=\"\" \/><\/a>\n\t\t\t\t<\/dt><\/dl><dl class='gallery-item'>\n\t\t\t\t<dt class='gallery-icon portrait'>\n\t\t\t\t\t<a class=\"rollover rollover-zoom dt-pswp-item\" title=\"160904747_3579875188903663_1689828033404460813_n\" data-dt-img-description=\"\" data-large_image_width=\"160\" data-large_image_height=\"199\"href='https:\/\/www.radiopiu.net\/wordpress\/wp-content\/uploads\/2021\/03\/160904747_3579875188903663_1689828033404460813_n.jpg'><img loading=\"lazy\" decoding=\"async\" width=\"150\" height=\"150\" src=\"https:\/\/www.radiopiu.net\/wordpress\/wp-content\/uploads\/2021\/03\/160904747_3579875188903663_1689828033404460813_n-150x150.jpg\" class=\"attachment-thumbnail size-thumbnail\" alt=\"\" \/><\/a>\n\t\t\t\t<\/dt><\/dl><dl class='gallery-item'>\n\t\t\t\t<dt class='gallery-icon portrait'>\n\t\t\t\t\t<a class=\"rollover rollover-zoom dt-pswp-item\" title=\"161371317_3833727443380219_1831473005432017003_n\" data-dt-img-description=\"\" data-large_image_width=\"156\" data-large_image_height=\"225\"href='https:\/\/www.radiopiu.net\/wordpress\/wp-content\/uploads\/2021\/03\/161371317_3833727443380219_1831473005432017003_n.jpg'><img loading=\"lazy\" decoding=\"async\" width=\"150\" height=\"150\" src=\"https:\/\/www.radiopiu.net\/wordpress\/wp-content\/uploads\/2021\/03\/161371317_3833727443380219_1831473005432017003_n-150x150.jpg\" class=\"attachment-thumbnail size-thumbnail\" alt=\"\" \/><\/a>\n\t\t\t\t<\/dt><\/dl><dl class='gallery-item'>\n\t\t\t\t<dt class='gallery-icon portrait'>\n\t\t\t\t\t<a class=\"rollover rollover-zoom dt-pswp-item\" title=\"161106609_444951086723709_4122978924517907358_n\" data-dt-img-description=\"\" data-large_image_width=\"203\" data-large_image_height=\"206\"href='https:\/\/www.radiopiu.net\/wordpress\/wp-content\/uploads\/2021\/03\/161106609_444951086723709_4122978924517907358_n.jpg'><img loading=\"lazy\" decoding=\"async\" width=\"150\" height=\"150\" src=\"https:\/\/www.radiopiu.net\/wordpress\/wp-content\/uploads\/2021\/03\/161106609_444951086723709_4122978924517907358_n-150x150.jpg\" class=\"attachment-thumbnail size-thumbnail\" alt=\"\" \/><\/a>\n\t\t\t\t<\/dt><\/dl><br style=\"clear: both\" \/><dl class='gallery-item'>\n\t\t\t\t<dt class='gallery-icon landscape'>\n\t\t\t\t\t<a class=\"rollover rollover-zoom dt-pswp-item\" title=\"160997779_491881895304613_7275326577365054796_n\" data-dt-img-description=\"\" data-large_image_width=\"320\" data-large_image_height=\"202\"href='https:\/\/www.radiopiu.net\/wordpress\/wp-content\/uploads\/2021\/03\/160997779_491881895304613_7275326577365054796_n.jpg'><img loading=\"lazy\" decoding=\"async\" width=\"150\" height=\"150\" src=\"https:\/\/www.radiopiu.net\/wordpress\/wp-content\/uploads\/2021\/03\/160997779_491881895304613_7275326577365054796_n-150x150.jpg\" class=\"attachment-thumbnail size-thumbnail\" alt=\"\" \/><\/a>\n\t\t\t\t<\/dt><\/dl><dl class='gallery-item'>\n\t\t\t\t<dt class='gallery-icon portrait'>\n\t\t\t\t\t<a class=\"rollover rollover-zoom dt-pswp-item\" title=\"160765441_506072357233265_1109318078669325979_n\" data-dt-img-description=\"\" data-large_image_width=\"151\" data-large_image_height=\"260\"href='https:\/\/www.radiopiu.net\/wordpress\/wp-content\/uploads\/2021\/03\/160765441_506072357233265_1109318078669325979_n.jpg'><img loading=\"lazy\" decoding=\"async\" width=\"150\" height=\"150\" src=\"https:\/\/www.radiopiu.net\/wordpress\/wp-content\/uploads\/2021\/03\/160765441_506072357233265_1109318078669325979_n-150x150.jpg\" class=\"attachment-thumbnail size-thumbnail\" alt=\"\" \/><\/a>\n\t\t\t\t<\/dt><\/dl><dl class='gallery-item'>\n\t\t\t\t<dt class='gallery-icon portrait'>\n\t\t\t\t\t<a class=\"rollover rollover-zoom dt-pswp-item\" title=\"161267650_506552803665249_3015635670360232684_n\" data-dt-img-description=\"\" data-large_image_width=\"152\" data-large_image_height=\"225\"href='https:\/\/www.radiopiu.net\/wordpress\/wp-content\/uploads\/2021\/03\/161267650_506552803665249_3015635670360232684_n.jpg'><img loading=\"lazy\" decoding=\"async\" width=\"150\" height=\"150\" src=\"https:\/\/www.radiopiu.net\/wordpress\/wp-content\/uploads\/2021\/03\/161267650_506552803665249_3015635670360232684_n-150x150.jpg\" class=\"attachment-thumbnail size-thumbnail\" alt=\"\" \/><\/a>\n\t\t\t\t<\/dt><\/dl><dl class='gallery-item'>\n\t\t\t\t<dt class='gallery-icon landscape'>\n\t\t\t\t\t<a class=\"rollover rollover-zoom dt-pswp-item\" title=\"161237962_714960025841148_4411981197738243772_n\" data-dt-img-description=\"\" data-large_image_width=\"318\" data-large_image_height=\"206\"href='https:\/\/www.radiopiu.net\/wordpress\/wp-content\/uploads\/2021\/03\/161237962_714960025841148_4411981197738243772_n.jpg'><img loading=\"lazy\" decoding=\"async\" width=\"150\" height=\"150\" src=\"https:\/\/www.radiopiu.net\/wordpress\/wp-content\/uploads\/2021\/03\/161237962_714960025841148_4411981197738243772_n-150x150.jpg\" class=\"attachment-thumbnail size-thumbnail\" alt=\"\" \/><\/a>\n\t\t\t\t<\/dt><\/dl><dl class='gallery-item'>\n\t\t\t\t<dt class='gallery-icon landscape'>\n\t\t\t\t\t<a class=\"rollover rollover-zoom dt-pswp-item\" title=\"161458163_733595377547445_671904960635148261_n\" data-dt-img-description=\"\" data-large_image_width=\"296\" data-large_image_height=\"200\"href='https:\/\/www.radiopiu.net\/wordpress\/wp-content\/uploads\/2021\/03\/161458163_733595377547445_671904960635148261_n.jpg'><img loading=\"lazy\" decoding=\"async\" width=\"150\" height=\"150\" src=\"https:\/\/www.radiopiu.net\/wordpress\/wp-content\/uploads\/2021\/03\/161458163_733595377547445_671904960635148261_n-150x150.jpg\" class=\"attachment-thumbnail size-thumbnail\" alt=\"\" \/><\/a>\n\t\t\t\t<\/dt><\/dl><dl class='gallery-item'>\n\t\t\t\t<dt class='gallery-icon landscape'>\n\t\t\t\t\t<a class=\"rollover rollover-zoom dt-pswp-item\" title=\"160800155_826329774894591_6367180245787150476_n\" data-dt-img-description=\"\" data-large_image_width=\"206\" data-large_image_height=\"200\"href='https:\/\/www.radiopiu.net\/wordpress\/wp-content\/uploads\/2021\/03\/160800155_826329774894591_6367180245787150476_n.jpg'><img loading=\"lazy\" decoding=\"async\" width=\"150\" height=\"150\" src=\"https:\/\/www.radiopiu.net\/wordpress\/wp-content\/uploads\/2021\/03\/160800155_826329774894591_6367180245787150476_n-150x150.jpg\" class=\"attachment-thumbnail size-thumbnail\" alt=\"\" \/><\/a>\n\t\t\t\t<\/dt><\/dl>\n\t\t\t\t<br style='clear: both' \/>\n\t\t\t<\/div>\n\n<p>NELLE FOTO (riproduzioni dal libro \u201cColle S. Lucia. Vita e costume\u201d, sito lauscdi ladins, wikipedia): la copertina del prezioso volume; uno degli autori, Vito Pallabazzer; il glottologo G.B. Pellegrini che ha curato la presentazione; fienile in localit\u00e0 Villagrande (foto G. Bagnariol); faggeta a Posalz con esemplari fino alla quota 1700 (Bagnariol); affresco nella casa di Guido Codalunga a Rucav\u00e0 (foto G. Codalunga); stemma della famiglia Conti Piazza (foto R. Pallua); stemma dei nobili Chizzali-Bonfadini; gruppo folkloristico che rappresenta la partenza per la fienagione in alta montagna; l\u2019Averau con il Nuvolau e la Gusela (foto Riva, Alleghe); pianta plurisecolare di larice in localit\u00e0 La Fraina, circonferenza del tronco 5 metri all\u2019altezza del petto (foto R. Pallua); impianto di risalita a Passo Giau (Riva); seggiovia da Feder a Forcella Nuvolau (Riva)<\/p>\n","protected":false},"excerpt":{"rendered":"<p>BELLUNO\u00a0 Nel luglio del 1978 l\u2019Istituto bellunese di ricerche sociali e culturali dava alle stampe (tipografia Piave di Belluno, fotoliti colore di Eurocrom di Treviso), per la serie \u201cStoria\u201d, le trecento pagine del volume \u201cColle S. Lucia. Vita e costume\u201d curato da Vito Pallabazzer e Floriano Chizzali e dedicato \u201cagli emigranti di Colle Santa Lucia\u201d;&hellip;<\/p>\n","protected":false},"author":4,"featured_media":197208,"comment_status":"closed","ping_status":"closed","sticky":false,"template":"","format":"standard","meta":{"_monsterinsights_skip_tracking":false,"_monsterinsights_sitenote_active":false,"_monsterinsights_sitenote_note":"","_monsterinsights_sitenote_category":0,"footnotes":""},"categories":[104,49],"tags":[],"class_list":["post-197197","post","type-post","status-publish","format-standard","has-post-thumbnail","hentry","category-evidenza_3","category-news-18","category-104","category-49","description-off"],"img_url":"https:\/\/www.radiopiu.net\/wordpress\/wp-content\/uploads\/2021\/03\/161237962_714960025841148_4411981197738243772_n.jpg","_links":{"self":[{"href":"https:\/\/www.radiopiu.net\/wordpress\/wp-json\/wp\/v2\/posts\/197197","targetHints":{"allow":["GET"]}}],"collection":[{"href":"https:\/\/www.radiopiu.net\/wordpress\/wp-json\/wp\/v2\/posts"}],"about":[{"href":"https:\/\/www.radiopiu.net\/wordpress\/wp-json\/wp\/v2\/types\/post"}],"author":[{"embeddable":true,"href":"https:\/\/www.radiopiu.net\/wordpress\/wp-json\/wp\/v2\/users\/4"}],"replies":[{"embeddable":true,"href":"https:\/\/www.radiopiu.net\/wordpress\/wp-json\/wp\/v2\/comments?post=197197"}],"version-history":[{"count":0,"href":"https:\/\/www.radiopiu.net\/wordpress\/wp-json\/wp\/v2\/posts\/197197\/revisions"}],"wp:featuredmedia":[{"embeddable":true,"href":"https:\/\/www.radiopiu.net\/wordpress\/wp-json\/wp\/v2\/media\/197208"}],"wp:attachment":[{"href":"https:\/\/www.radiopiu.net\/wordpress\/wp-json\/wp\/v2\/media?parent=197197"}],"wp:term":[{"taxonomy":"category","embeddable":true,"href":"https:\/\/www.radiopiu.net\/wordpress\/wp-json\/wp\/v2\/categories?post=197197"},{"taxonomy":"post_tag","embeddable":true,"href":"https:\/\/www.radiopiu.net\/wordpress\/wp-json\/wp\/v2\/tags?post=197197"}],"curies":[{"name":"wp","href":"https:\/\/api.w.org\/{rel}","templated":true}]}}