{"id":197241,"date":"2021-03-16T06:09:24","date_gmt":"2021-03-16T05:09:24","guid":{"rendered":"https:\/\/www.radiopiu.net\/wordpress\/?p=197241"},"modified":"2021-03-16T06:12:57","modified_gmt":"2021-03-16T05:12:57","slug":"covid-bloccata-erogazione-vaccino-astrazeneca-in-veneto","status":"publish","type":"post","link":"https:\/\/www.radiopiu.net\/wordpress\/covid-bloccata-erogazione-vaccino-astrazeneca-in-veneto\/","title":{"rendered":"COVID. BLOCCATA EROGAZIONE VACCINO ASTRAZENECA IN VENETO."},"content":{"rendered":"<p><span style=\"font-size: medium;\"><b>\u00a0SINORA ARRIVATE 194.000 DOSI. EROGATE 68.154<\/b><\/span><\/p>\n<p align=\"JUSTIFY\"><span style=\"color: #000000;\"><span style=\"font-size: medium;\"><strong>VENEZIA<\/strong> <\/span><\/span><span style=\"color: #000000;\"><span style=\"font-size: medium;\">L\u2019Agenzia Italiana del Farmaco, in linea con analoghi provvedimenti adottati da altri Paesi europei, ha deciso di estendere in via precauzionale e temporanea il divieto di utilizzo del vaccino AstraZeneca su tutto il territorio nazionale. Sono in corso ulteriori approfondimenti. <\/span><\/span><span style=\"font-size: medium; color: #000000;\">Pertanto, la Regione del Veneto ha tempestivamente disposto il divieto di utilizzo del vaccino AstraZeneca con effetto immediato, fino a diverse determinazioni da parte degli organi centrali. <\/span><span style=\"color: #000000;\"><span style=\"font-size: medium;\">La programmazione dei prossimi giorni che prevedeva l\u2019utilizzo del vaccino di AstraZeneca \u00e8 stata annullata al fine di consentire una nuova pianificazione dell\u2019offerta. Saranno regolarmente effettuate le vaccinazioni previste con gli altri vaccini disponibili (Pfizer e Moderna), con priorit\u00e0 per soggetti anziani e ad elevata fragilit\u00e0. <\/span><\/span><span style=\"color: #000000;\"><span style=\"font-size: medium;\">E\u2019 opportuno precisare che a livello regionale sono state distribuite 194.000 dosi totali di AstraZeneca, di cui sono ad oggi state somministrate 68.154 dosi di vaccini AstraZeneca. Inoltre \u00e8 attivo un monitoraggio costante delle reazioni avverse che, finora, non ha fatto registrare episodi di rilievo, ma solo eventi non rilevanti e attesi dopo la somministrazione di un vaccino. <\/span><\/span><span style=\"color: #000000;\"><span style=\"font-size: medium;\">A.I.F.A. render\u00e0 nota tempestivamente ogni ulteriore informazione che dovesse rendersi disponibile, incluse le ulteriori modalit\u00e0 di completamento del ciclo vaccinale per coloro che hanno gi\u00e0 ricevuto la prima dose.<\/span><\/span><\/p>\n","protected":false},"excerpt":{"rendered":"<p>\u00a0SINORA ARRIVATE 194.000 DOSI. EROGATE 68.154 VENEZIA L\u2019Agenzia Italiana del Farmaco, in linea con analoghi provvedimenti adottati da altri Paesi europei, ha deciso di estendere in via precauzionale e temporanea il divieto di utilizzo del vaccino AstraZeneca su tutto il territorio nazionale. Sono in corso ulteriori approfondimenti. Pertanto, la Regione del Veneto ha tempestivamente disposto&hellip;<\/p>\n","protected":false},"author":4,"featured_media":181587,"comment_status":"closed","ping_status":"closed","sticky":false,"template":"","format":"standard","meta":{"_monsterinsights_skip_tracking":false,"_monsterinsights_sitenote_active":false,"_monsterinsights_sitenote_note":"","_monsterinsights_sitenote_category":0,"footnotes":""},"categories":[51,49],"tags":[],"class_list":["post-197241","post","type-post","status-publish","format-standard","has-post-thumbnail","hentry","category-evidenza-top","category-news-18","category-51","category-49","description-off"],"img_url":"https:\/\/www.radiopiu.net\/wordpress\/wp-content\/uploads\/2020\/12\/VACCINO-COVID.jpg","_links":{"self":[{"href":"https:\/\/www.radiopiu.net\/wordpress\/wp-json\/wp\/v2\/posts\/197241","targetHints":{"allow":["GET"]}}],"collection":[{"href":"https:\/\/www.radiopiu.net\/wordpress\/wp-json\/wp\/v2\/posts"}],"about":[{"href":"https:\/\/www.radiopiu.net\/wordpress\/wp-json\/wp\/v2\/types\/post"}],"author":[{"embeddable":true,"href":"https:\/\/www.radiopiu.net\/wordpress\/wp-json\/wp\/v2\/users\/4"}],"replies":[{"embeddable":true,"href":"https:\/\/www.radiopiu.net\/wordpress\/wp-json\/wp\/v2\/comments?post=197241"}],"version-history":[{"count":0,"href":"https:\/\/www.radiopiu.net\/wordpress\/wp-json\/wp\/v2\/posts\/197241\/revisions"}],"wp:featuredmedia":[{"embeddable":true,"href":"https:\/\/www.radiopiu.net\/wordpress\/wp-json\/wp\/v2\/media\/181587"}],"wp:attachment":[{"href":"https:\/\/www.radiopiu.net\/wordpress\/wp-json\/wp\/v2\/media?parent=197241"}],"wp:term":[{"taxonomy":"category","embeddable":true,"href":"https:\/\/www.radiopiu.net\/wordpress\/wp-json\/wp\/v2\/categories?post=197241"},{"taxonomy":"post_tag","embeddable":true,"href":"https:\/\/www.radiopiu.net\/wordpress\/wp-json\/wp\/v2\/tags?post=197241"}],"curies":[{"name":"wp","href":"https:\/\/api.w.org\/{rel}","templated":true}]}}