{"id":197319,"date":"2021-03-16T09:46:22","date_gmt":"2021-03-16T08:46:22","guid":{"rendered":"https:\/\/www.radiopiu.net\/wordpress\/?p=197319"},"modified":"2021-03-16T09:46:22","modified_gmt":"2021-03-16T08:46:22","slug":"luca-lagana-nella-top-ten-del-criterium-nazionale-di-sci-a-cortina","status":"publish","type":"post","link":"https:\/\/www.radiopiu.net\/wordpress\/luca-lagana-nella-top-ten-del-criterium-nazionale-di-sci-a-cortina\/","title":{"rendered":"LUCA LAGANA&#8217; NELLA TOP TEN DEL CRITERIUM NAZIONALE DI SCI A CORTINA"},"content":{"rendered":"<p><strong><a href=\"https:\/\/www.radiopiu.net\/wordpress\/luca-lagana-nella-top-ten-del-criterium-nazionale-di-sci-a-cortina\/schermata-2021-03-16-alle-09-24-20\/\" rel=\"attachment wp-att-197323\"><img loading=\"lazy\" decoding=\"async\" class=\" wp-image-197323 alignleft\" src=\"https:\/\/www.radiopiu.net\/wordpress\/wp-content\/uploads\/2021\/03\/Schermata-2021-03-16-alle-09.24.20-215x300.png\" alt=\"\" width=\"117\" height=\"163\" srcset=\"https:\/\/www.radiopiu.net\/wordpress\/wp-content\/uploads\/2021\/03\/Schermata-2021-03-16-alle-09.24.20-215x300.png 215w, https:\/\/www.radiopiu.net\/wordpress\/wp-content\/uploads\/2021\/03\/Schermata-2021-03-16-alle-09.24.20-733x1024.png 733w, https:\/\/www.radiopiu.net\/wordpress\/wp-content\/uploads\/2021\/03\/Schermata-2021-03-16-alle-09.24.20-768x1073.png 768w, https:\/\/www.radiopiu.net\/wordpress\/wp-content\/uploads\/2021\/03\/Schermata-2021-03-16-alle-09.24.20.png 1082w\" sizes=\"auto, (max-width: 117px) 100vw, 117px\" \/><\/a>CORTINA<\/strong> Si \u00e8 svolta nello scorso fine settimana a Cortina la gara di sci valida per il criterium nazionale. Sulla pista di Passo Falzarego a sfidarsi sono stati i ragazzi classe 2009 di tutta Italia. Tra gli agordini buona prestazione di Luca Lagan\u00e0 dello Sci Club Alleghe che riesce a chiudere lo slalom nella top ten in decima posizione. Criterium che \u00e8 stato vinto da Leonardo D&#8217;Inc\u00e0 dello Sci Club Trichiana.<\/p>\n<p><strong>PER CONSULTARE LA CLASSIFICA FINALE <a href=\"https:\/\/www.radiopiu.net\/wordpress\/wp-content\/uploads\/2021\/03\/Classifica-ufficialeSL-U2-MASCHILE.pdf\">CLICCA QUI<\/a><\/strong><\/p>\n","protected":false},"excerpt":{"rendered":"<p>CORTINA Si \u00e8 svolta nello scorso fine settimana a Cortina la gara di sci valida per il criterium nazionale. Sulla pista di Passo Falzarego a sfidarsi sono stati i ragazzi classe 2009 di tutta Italia. Tra gli agordini buona prestazione di Luca Lagan\u00e0 dello Sci Club Alleghe che riesce a chiudere lo slalom nella top&hellip;<\/p>\n","protected":false},"author":4,"featured_media":197323,"comment_status":"closed","ping_status":"closed","sticky":false,"template":"","format":"standard","meta":{"_monsterinsights_skip_tracking":false,"_monsterinsights_sitenote_active":false,"_monsterinsights_sitenote_note":"","_monsterinsights_sitenote_category":0,"footnotes":""},"categories":[49,72],"tags":[],"class_list":["post-197319","post","type-post","status-publish","format-standard","has-post-thumbnail","hentry","category-news-18","category-sport","category-49","category-72","description-off"],"img_url":"https:\/\/www.radiopiu.net\/wordpress\/wp-content\/uploads\/2021\/03\/Schermata-2021-03-16-alle-09.24.20.png","_links":{"self":[{"href":"https:\/\/www.radiopiu.net\/wordpress\/wp-json\/wp\/v2\/posts\/197319","targetHints":{"allow":["GET"]}}],"collection":[{"href":"https:\/\/www.radiopiu.net\/wordpress\/wp-json\/wp\/v2\/posts"}],"about":[{"href":"https:\/\/www.radiopiu.net\/wordpress\/wp-json\/wp\/v2\/types\/post"}],"author":[{"embeddable":true,"href":"https:\/\/www.radiopiu.net\/wordpress\/wp-json\/wp\/v2\/users\/4"}],"replies":[{"embeddable":true,"href":"https:\/\/www.radiopiu.net\/wordpress\/wp-json\/wp\/v2\/comments?post=197319"}],"version-history":[{"count":0,"href":"https:\/\/www.radiopiu.net\/wordpress\/wp-json\/wp\/v2\/posts\/197319\/revisions"}],"wp:featuredmedia":[{"embeddable":true,"href":"https:\/\/www.radiopiu.net\/wordpress\/wp-json\/wp\/v2\/media\/197323"}],"wp:attachment":[{"href":"https:\/\/www.radiopiu.net\/wordpress\/wp-json\/wp\/v2\/media?parent=197319"}],"wp:term":[{"taxonomy":"category","embeddable":true,"href":"https:\/\/www.radiopiu.net\/wordpress\/wp-json\/wp\/v2\/categories?post=197319"},{"taxonomy":"post_tag","embeddable":true,"href":"https:\/\/www.radiopiu.net\/wordpress\/wp-json\/wp\/v2\/tags?post=197319"}],"curies":[{"name":"wp","href":"https:\/\/api.w.org\/{rel}","templated":true}]}}