{"id":197332,"date":"2024-05-03T05:42:40","date_gmt":"2024-05-03T03:42:40","guid":{"rendered":"https:\/\/www.radiopiu.net\/wordpress\/?p=197332"},"modified":"2024-05-03T08:13:52","modified_gmt":"2024-05-03T06:13:52","slug":"gosaldo-come","status":"publish","type":"post","link":"https:\/\/www.radiopiu.net\/wordpress\/gosaldo-come\/","title":{"rendered":"CARABINIERI: A PONTE NELLE ALPI RISTRUTTURANO LA CASERMA E NELL&#8217;ISOLATO AGORDINO&#8230; LA CHIUDONO"},"content":{"rendered":"<p>&nbsp;<\/p>\n<p>&nbsp;<\/p>\n<p>&nbsp;<\/p>\n<p>&nbsp;<\/p>\n<p><strong>REDAZIONE\u00a0<\/strong> Oggi ci occupiamo della ristrutturazione della caserma a Ponte nelle Alpi.\u00a0 La notizia a un mese dalle elezioni viene data in pompa magna.\u00a0 Passa sotto tono, cio\u00e8 tutti tacciono, su quello che sta accadendo nell&#8217;isolato Agordino, a Gosaldo, dove a giugno non si vota. Agordino,\u00a0 quello che si spopola, nei prossimi giorni questa parola &#8220;spopolamento&#8221; sar\u00e0 sulla bocca di tutti i politici e amministratori in corsa per la poltrona. Infatti, a Gosaldo sta per chiudere la caserma dei Carabinieri, ultimo presidio di vallata sul confine con il Trentino. Ma tant&#8217;\u00e8 \u00e8 sempre andata cos\u00ec tante parole, tante promesse e poi&#8230; accentramento dei servizi e perdita delle peculiarit\u00e0 locali,<\/p>\n<p><strong>DILLO A RADIO PIU&#8230;. di Ivan Bressan\u00a0<\/strong><\/p>\n<div class=\"flex-1 overflow-hidden\">\n<div class=\"react-scroll-to-bottom--css-ipxbf-79elbk h-full\">\n<div class=\"react-scroll-to-bottom--css-ipxbf-1n7m0yu\">\n<div>\n<div class=\"flex flex-col text-sm pb-9\">\n<div class=\"w-full text-token-text-primary\" dir=\"auto\" data-testid=\"conversation-turn-27\" data-scroll-anchor=\"true\">\n<div class=\"px-4 py-2 justify-center text-base md:gap-6 m-auto\">\n<div class=\"flex flex-1 text-base mx-auto gap-3 juice:gap-4 juice:md:gap-6 md:px-5 lg:px-1 xl:px-5 md:max-w-3xl lg:max-w-[40rem] xl:max-w-[48rem]\">\n<div class=\"relative flex w-full min-w-0 flex-col agent-turn\">\n<div class=\"flex-col gap-1 md:gap-3\">\n<div class=\"flex flex-grow flex-col max-w-full\">\n<div class=\"min-h-[20px] text-message flex flex-col items-start gap-3 whitespace-pre-wrap break-words [.text-message+&amp;]:mt-5 overflow-x-auto\" dir=\"auto\" data-message-author-role=\"assistant\" data-message-id=\"da7cb1dd-e1a7-4fbd-851b-c5e6bc7c8898\">\n<div class=\"markdown prose w-full break-words dark:prose-invert dark\">\n<p><strong>Chiusura della Caserma dei Carabinieri a Gosaldo: Un Colpo per la Sicurezza Locale<\/strong><\/p>\n<p>Con grande dispiacere, la comunit\u00e0 di Gosaldo ha appreso la notizia della chiusura della caserma dei Carabinieri, un presidio fondamentale per la sicurezza del territorio. Questa decisione ha suscitato interrogativi e preoccupazioni tra i residenti, che si chiedono perch\u00e9 le istituzioni e i politici locali non abbiano potuto evitare questa chiusura. La caserma dei Carabinieri a Gosaldo \u00e8 stata da sempre un punto di riferimento per la comunit\u00e0, garantendo sicurezza e protezione ai cittadini. La sua presenza ha contribuito a mantenere l&#8217;ordine pubblico e a prevenire attivit\u00e0 criminali nel territorio circostante. La sua chiusura rappresenta pertanto una perdita significativa per l&#8217;intera comunit\u00e0. Come cittadino residente, come imprenditore che resiste in un piccolo paese ribadisco che\u00a0 l&#8217;importanza cruciale di questo servizio per la sicurezza e il benessere. La speranza \u00e8 che le istituzioni competenti riescano a trovare soluzioni alternative per garantire un adeguato presidio delle forze dell&#8217;ordine nel nostro territorio. Ci auguriamo che il servizio possa tornare in funzione e che si possa trovare una soluzione positiva a questa situazione che preoccupa l&#8217;intera comunit\u00e0 di Gosaldo.<\/p>\n<\/div>\n<\/div>\n<\/div>\n<div class=\"mt-1 flex gap-3 empty:hidden\">\n<div class=\"text-gray-400 flex self-end lg:self-center items-center justify-center lg:justify-start mt-0 -ml-1 h-7 gap-[2px] visible\">\n<hr \/>\n<\/div>\n<\/div>\n<\/div>\n<\/div>\n<\/div>\n<\/div>\n<\/div>\n<\/div>\n<\/div>\n<\/div>\n<\/div>\n<\/div>\n<p>&nbsp;<\/p>\n<p>&nbsp;<\/p>\n<p>&nbsp;<\/p>\n<p><span style=\"color: #ff0000;\"><strong>ARCHIVIO RADIO PIU, MARZO 2021<\/strong><\/span><\/p>\n<p><strong>COME DUE ANNI FA: CHIUDE LA CASERMA DEI CARABINIERI?<\/strong><\/p>\n<p><strong>GOSALDO<\/strong> Due anni fa era scattato l&#8217;allarme e la preoccupazione di un paese di confine, tra Veneto e Trentino Alto Adige (Primiero). Si era interessato il compianto senatore Saviane, avevano affilato le armi i consiglieri comunali con un ordine del giorno era insorto un paese. Oggi come ieri torna la preoccupazione circa le voci che danno gi\u00e0 per chiusa &#8211; entro breve tempo &#8211; la caserma del paese ospitata in un immobile di propriet\u00e0 comunale, ad ottobre scade il contratto. Per ora nessuna comunicazione, piuttosto rassicurazioni dal\u00a0 maresciallo, infatti anche da\u00a0 Belluno arrivano le smentite all&#8217;indiscrezione. In Comune tutto \u00e8 pronto, i consiglieri non si faranno cogliere di sorpresa con pieno appoggio della popolazione<\/p>\n<p>&nbsp;<\/p>\n<blockquote>\n<p class=\"p1\">\n<\/blockquote>\n<div class=\"\" data-block=\"true\" data-editor=\"n11n\" data-offset-key=\"egn93-0-0\">\n<div class=\"_1mf _1mj\" data-offset-key=\"egn93-0-0\"><strong>L&#8217;ORDINE DEL GIORNO SULLA CASERMA DEI CARABINIERI DI GOSALDO, UN CORO DI NO DAI CONSIGLIERI CONTRO LA CHIUSURA, SINDACO, VICE SINDACO E CONSIGLIERI<\/strong><\/div>\n<\/div>\n<p><iframe loading=\"lazy\" title=\"CONSIGLIO COMUNALE DI GOSALDO, DOVE CHIUDERANNO ANCHE LA CASERMA DEI CARABINIERI... POVERA MONTAGNA!\" width=\"1200\" height=\"675\" src=\"https:\/\/www.youtube.com\/embed\/jUABHPTqXA8?feature=oembed\" frameborder=\"0\" allow=\"accelerometer; autoplay; clipboard-write; encrypted-media; gyroscope; picture-in-picture; web-share\" referrerpolicy=\"strict-origin-when-cross-origin\" allowfullscreen><\/iframe><\/p>\n<p>&nbsp;<\/p>\n<p><span style=\"color: #ff0000;\"><strong>ARCHIVIO RADIO PIU, MARZO 2021<\/strong><\/span><\/p>\n<p><strong><a href=\"https:\/\/www.radiopiu.net\/wordpress\/giornale-radiopiu-08-giugno-2021-direttore-mirko-mezzacasa\/whatsapp-image-2021-06-04-at-11-59-23\/\" rel=\"attachment wp-att-214497\"><img loading=\"lazy\" decoding=\"async\" class=\"size-medium wp-image-214497 alignleft\" src=\"https:\/\/www.radiopiu.net\/wordpress\/wp-content\/uploads\/2021\/06\/WhatsApp-Image-2021-06-04-at-11.59.23-300x224.jpeg\" alt=\"\" width=\"300\" height=\"224\" srcset=\"https:\/\/www.radiopiu.net\/wordpress\/wp-content\/uploads\/2021\/06\/WhatsApp-Image-2021-06-04-at-11.59.23-300x224.jpeg 300w, https:\/\/www.radiopiu.net\/wordpress\/wp-content\/uploads\/2021\/06\/WhatsApp-Image-2021-06-04-at-11.59.23-1024x766.jpeg 1024w, https:\/\/www.radiopiu.net\/wordpress\/wp-content\/uploads\/2021\/06\/WhatsApp-Image-2021-06-04-at-11.59.23-768x575.jpeg 768w, https:\/\/www.radiopiu.net\/wordpress\/wp-content\/uploads\/2021\/06\/WhatsApp-Image-2021-06-04-at-11.59.23-1536x1149.jpeg 1536w, https:\/\/www.radiopiu.net\/wordpress\/wp-content\/uploads\/2021\/06\/WhatsApp-Image-2021-06-04-at-11.59.23.jpeg 1600w\" sizes=\"auto, (max-width: 300px) 100vw, 300px\" \/><\/a>BELLUNO <\/strong>\u201cTogliere i servizi significa far morire la montagna, se lo Stato abbandona i territori per quale motivo le persone, invece, dovrebbero rimanerci?\u201d. A parlare \u00e8 il senatore bellunese della Lega Paolo Saviane, dopo l&#8217;incontro avuto con il prefetto venerd\u00ec scorso. Saviane ha accompagnato a Palazzo dei Rettori la delegazione di Gosaldo, formata dal sindaco Stefano Da Zanche, dalla vice sindaco Florinda Cialdella e dall&#8217;assessore ai lavori pubblici Gian Vittorio Marcon. Sul piatto c&#8217;era la richiesta accorata di non chiusura della caserma dei carabinieri di Gosaldo, di cui si parla da settimane. La caserma di Gosaldo ospita un comandante e tre carabinieri, se dovesse davvero chiudere l&#8217;unico presidio sul territorio resterebbe quello della polizia locale rappresentata, per\u00f2, da un solo agente al servizio di Gosaldo e dei comuni confinanti di Rivamonte e di Voltago. La popolazione \u00e8 allarmata e arrabbiata, ha organizzato una raccolta firme cartacea e online e sono arrivate in Comune mail a sostegno della battaglia anche da parte dei proprietari di seconde case. Quasi mille sottoscrizioni in tutto, a fronte di un paesino con circa 520 persone.<\/p>\n<p><strong>IL SENATORE PAOLO SAVIANE<\/strong><\/p>\n<audio class=\"wp-audio-shortcode\" id=\"audio-197332-1\" preload=\"none\" style=\"width: 100%;\" controls=\"controls\"><source type=\"audio\/mpeg\" src=\"https:\/\/www.radiopiu.net\/wordpress\/wp-content\/uploads\/2021\/06\/SAVIANE-CASERMA-GOSALDO.mp3?_=1\" \/><a href=\"https:\/\/www.radiopiu.net\/wordpress\/wp-content\/uploads\/2021\/06\/SAVIANE-CASERMA-GOSALDO.mp3\">https:\/\/www.radiopiu.net\/wordpress\/wp-content\/uploads\/2021\/06\/SAVIANE-CASERMA-GOSALDO.mp3<\/a><\/audio>\n<p>&nbsp;<\/p>\n<p><span style=\"color: #ff0000;\"><strong>ARCHIVIO RADIO PIU, MARZO 2021<\/strong><\/span><\/p>\n<p><strong><a href=\"https:\/\/www.radiopiu.net\/wordpress\/controlli-di-prevenzione-in-val-falcina\/controlli-valle-del-mis\/\" rel=\"attachment wp-att-96525\"><img loading=\"lazy\" decoding=\"async\" class=\"size-medium wp-image-96525 alignleft\" src=\"https:\/\/www.radiopiu.net\/wordpress\/wp-content\/uploads\/2019\/08\/controlli-valle-del-mis-300x169.jpg\" alt=\"\" width=\"300\" height=\"169\" srcset=\"https:\/\/www.radiopiu.net\/wordpress\/wp-content\/uploads\/2019\/08\/controlli-valle-del-mis-300x169.jpg 300w, https:\/\/www.radiopiu.net\/wordpress\/wp-content\/uploads\/2019\/08\/controlli-valle-del-mis-768x432.jpg 768w, https:\/\/www.radiopiu.net\/wordpress\/wp-content\/uploads\/2019\/08\/controlli-valle-del-mis-1024x576.jpg 1024w, https:\/\/www.radiopiu.net\/wordpress\/wp-content\/uploads\/2019\/08\/controlli-valle-del-mis.jpg 1280w\" sizes=\"auto, (max-width: 300px) 100vw, 300px\" \/><\/a>RADIO PIU&#8217;<\/strong> Riceviamo e pubblichiamo alcune considerazioni sulla caserma dei Carabinieri di Gosaldo di Rodolfo Pellegrinon<\/p>\n<blockquote>\n<p class=\"p1\"><em><span class=\"s1\">Una considerazione in merito alla ventilata soppressione della Stazione dei Carabinieri di Gosaldo. <\/span><span class=\"s1\">E\u2019 chiaro a tutti che la sicurezza dei cittadini e del territorio \u00e9 primaria e indispensabile. Per\u00f2 con il personale che attualmente \u00e9 a disposizione di ogni stazione dei Carabinieri\u00a0 penso sia proprio impossibile. A volte le Stazioni sono chiuse e, al citofono, si invita a chiamare Belluno. Nell\u2019Agordino, i militari si alternano nei vari comuni, notiamo i Carabinieri di Falcade in servizio a Cencenighe \u2013 Agordo e sicuramente anche Gosaldo e viceversa. Ogni Stazione dovrebbe essere autonoma con una aliquota di personale sufficiente a garantire sia i servizi interni che quelli esterni. E questo non credo che i vertici dell\u2019Arma lo possano garantire. <\/span><span class=\"s1\">Nel tempo sono state presentate innumerevoli proposte per una radicale riforma dell\u2019Arma ma, sempre respinte in particolare dai vertici. Ricordo una proposta elaborata e presentata circa 40 anni fa con la quale si volevano eliminare tutte le piccole stazioni ( che potevano andare bene nell\u2019800\u00a0 quando non c\u2019erano mezzi e le pattuglie si muovevano a piedi) In alternativa venivano istituiti Comandi unici che coprivano larghe fasce di territorio. Una riforma epocale e coraggiosa che avrebbe sicuramente avuto riscontri positivi sui cittadini e sul territorio. <\/span><span class=\"s1\">In particolare per l\u2019Agordino era prevista la soppressione di tutte le stazioni situate nei vari comuni e la creazione di\u00a0 un unico comando ad Agordo dotato di idoneo personale ( che proveniva dalle stazioni ) e dotato di mezzi idonei e veloci che, in caso di chiamate urgenti, avrebbero raggiunto anche i punti pi\u00f9 distanti in pochi minuti. <\/span><span class=\"s1\">Anche quel progetto venne bocciato, in particolare dai vertici dell\u2019Arma, e dall\u2019allora Comandante Generale. <\/span><span class=\"s1\">Ricordo che un giornalista scriveva: \u201c A quel Comandante evidentemente interessa poco l\u2019efficienza dell\u2019Arma per\u00f2 potr\u00e0 sempre dire con orgoglio, di comandare 8mila stazioni dei Carabinieri.<\/span><\/em><\/p>\n<p class=\"p1\"><em><span class=\"s1\">\u00a0Rodolfo Pellegrinon<\/span><\/em><\/p>\n<\/blockquote>\n<p>&nbsp;<\/p>\n<p>&#8211;<\/p>\n","protected":false},"excerpt":{"rendered":"<p>&nbsp; &nbsp; &nbsp; &nbsp; REDAZIONE\u00a0 Oggi ci occupiamo della ristrutturazione della caserma a Ponte nelle Alpi.\u00a0 La notizia a un mese dalle elezioni viene data in pompa magna.\u00a0 Passa sotto tono, cio\u00e8 tutti tacciono, su quello che sta accadendo nell&#8217;isolato Agordino, a Gosaldo, dove a giugno non si vota. Agordino,\u00a0 quello che si spopola, nei&hellip;<\/p>\n","protected":false},"author":4,"featured_media":96525,"comment_status":"closed","ping_status":"closed","sticky":false,"template":"","format":"standard","meta":{"_monsterinsights_skip_tracking":false,"_monsterinsights_sitenote_active":false,"_monsterinsights_sitenote_note":"","_monsterinsights_sitenote_category":0,"footnotes":""},"categories":[51,49],"tags":[],"class_list":["post-197332","post","type-post","status-publish","format-standard","has-post-thumbnail","hentry","category-evidenza-top","category-news-18","category-51","category-49","description-off"],"img_url":"https:\/\/www.radiopiu.net\/wordpress\/wp-content\/uploads\/2019\/08\/controlli-valle-del-mis.jpg","_links":{"self":[{"href":"https:\/\/www.radiopiu.net\/wordpress\/wp-json\/wp\/v2\/posts\/197332","targetHints":{"allow":["GET"]}}],"collection":[{"href":"https:\/\/www.radiopiu.net\/wordpress\/wp-json\/wp\/v2\/posts"}],"about":[{"href":"https:\/\/www.radiopiu.net\/wordpress\/wp-json\/wp\/v2\/types\/post"}],"author":[{"embeddable":true,"href":"https:\/\/www.radiopiu.net\/wordpress\/wp-json\/wp\/v2\/users\/4"}],"replies":[{"embeddable":true,"href":"https:\/\/www.radiopiu.net\/wordpress\/wp-json\/wp\/v2\/comments?post=197332"}],"version-history":[{"count":0,"href":"https:\/\/www.radiopiu.net\/wordpress\/wp-json\/wp\/v2\/posts\/197332\/revisions"}],"wp:featuredmedia":[{"embeddable":true,"href":"https:\/\/www.radiopiu.net\/wordpress\/wp-json\/wp\/v2\/media\/96525"}],"wp:attachment":[{"href":"https:\/\/www.radiopiu.net\/wordpress\/wp-json\/wp\/v2\/media?parent=197332"}],"wp:term":[{"taxonomy":"category","embeddable":true,"href":"https:\/\/www.radiopiu.net\/wordpress\/wp-json\/wp\/v2\/categories?post=197332"},{"taxonomy":"post_tag","embeddable":true,"href":"https:\/\/www.radiopiu.net\/wordpress\/wp-json\/wp\/v2\/tags?post=197332"}],"curies":[{"name":"wp","href":"https:\/\/api.w.org\/{rel}","templated":true}]}}