{"id":197427,"date":"2021-03-16T17:47:58","date_gmt":"2021-03-16T16:47:58","guid":{"rendered":"https:\/\/www.radiopiu.net\/wordpress\/?p=197427"},"modified":"2021-03-17T05:57:42","modified_gmt":"2021-03-17T04:57:42","slug":"cisl-disparita-di-genere-incontro-online-con-i-sindaci","status":"publish","type":"post","link":"https:\/\/www.radiopiu.net\/wordpress\/cisl-disparita-di-genere-incontro-online-con-i-sindaci\/","title":{"rendered":"CISL: DISPARITA&#8217; DI GENERE, INCONTRO ONLINE CON I SINDACI"},"content":{"rendered":"<p>&nbsp;<\/p>\n<blockquote>\n<h3><\/h3>\n<\/blockquote>\n<p><strong><a href=\"https:\/\/www.radiopiu.net\/wordpress\/convocato-per-venerdi-13-novembre-il-consiglio-generale-chiamato-ad-eleggere-il-nuovo-segretario-generale-dopo-lingresso-di-cinzia-bonan-in-segreteria-regionale-ampia-convergenza-sul-nome-del\/schermata-2020-11-11-alle-12-25-13\/\" rel=\"attachment wp-att-172025\"><img loading=\"lazy\" decoding=\"async\" class=\"alignnone  wp-image-172025 alignleft\" src=\"https:\/\/www.radiopiu.net\/wordpress\/wp-content\/uploads\/2020\/11\/Schermata-2020-11-11-alle-12.25.13-300x157.png\" alt=\"\" width=\"222\" height=\"116\" srcset=\"https:\/\/www.radiopiu.net\/wordpress\/wp-content\/uploads\/2020\/11\/Schermata-2020-11-11-alle-12.25.13-300x157.png 300w, https:\/\/www.radiopiu.net\/wordpress\/wp-content\/uploads\/2020\/11\/Schermata-2020-11-11-alle-12.25.13.png 594w\" sizes=\"auto, (max-width: 222px) 100vw, 222px\" \/><\/a>BELLUNO_TREVISO<\/strong>\u00a0 L\u2019organizzazione sindacale guidata da Massimiliano Paglini incontrer\u00e0 online sindaci e assessori alle Pari Opportunit\u00e0 delle province di Treviso e di Belluno per una riflessione comune sulla disparit\u00e0 di genere nel mondo del lavoro. I webinar si svolgeranno mercoled\u00ec 17 marzo alle 15.30 per il Bellunese e venerd\u00ec 19 <a href=\"https:\/\/www.radiopiu.net\/wordpress\/giornale-radiopiu-17-marzo-2021-direttore-mirko-mezzacasa\/th-67\/\" rel=\"attachment wp-att-197426\"><img loading=\"lazy\" decoding=\"async\" class=\"size-full wp-image-197426 alignright\" src=\"https:\/\/www.radiopiu.net\/wordpress\/wp-content\/uploads\/2021\/03\/th-10.jpg\" alt=\"\" width=\"159\" height=\"118\" \/><\/a>marzo per la Marca, sempre alle 15.30. Sar\u00e0 presentata la ricerca \u201cIl lavoro femminile e il gap salariale a Belluno e Treviso\u201d.<\/p>\n<p><b>Alessia<\/b>\u00a0<b id=\"yui_3_10_0_1_1615913043921_117\">Salvador<\/b>, responsabile del Coordinamento Donne della\u00a0<b>Cisl<\/b>\u00a0Belluno Treviso.<\/p>\n<audio class=\"wp-audio-shortcode\" id=\"audio-197427-1\" preload=\"none\" style=\"width: 100%;\" controls=\"controls\"><source type=\"audio\/mpeg\" src=\"https:\/\/www.radiopiu.net\/wordpress\/wp-content\/uploads\/2021\/03\/ALESSIA.mp3?_=1\" \/><a href=\"https:\/\/www.radiopiu.net\/wordpress\/wp-content\/uploads\/2021\/03\/ALESSIA.mp3\">https:\/\/www.radiopiu.net\/wordpress\/wp-content\/uploads\/2021\/03\/ALESSIA.mp3<\/a><\/audio>\n<p>&nbsp;<\/p>\n<p>Lo studio approfondisce la situazione del lavoro, dell\u2019occupazione e del reddito dei lavoratori e delle lavoratrici delle due province, ma anche \u00a0la situazione delle Commissioni Pari Opportunit\u00e0 dei Comuni bellunesi e trevigiani. In provincia di Belluno, su 61 Comuni, solo due hanno affrontato il tema della Commissione: Belluno <a href=\"https:\/\/www.radiopiu.net\/wordpress\/precarie-sottopagate-ma-piu-istruite-studio-della-cisl-belluno-treviso-sul-lavoro-femminile-e-il-gap-salariale-nelle-due-province\/massimiliano-paglini2-min\/\" rel=\"attachment wp-att-174548\"><img loading=\"lazy\" decoding=\"async\" class=\"wp-image-174548 alignleft\" src=\"https:\/\/www.radiopiu.net\/wordpress\/wp-content\/uploads\/2020\/11\/Massimiliano-Paglini2-min-300x225.jpg\" alt=\"\" width=\"173\" height=\"130\" srcset=\"https:\/\/www.radiopiu.net\/wordpress\/wp-content\/uploads\/2020\/11\/Massimiliano-Paglini2-min-300x225.jpg 300w, https:\/\/www.radiopiu.net\/wordpress\/wp-content\/uploads\/2020\/11\/Massimiliano-Paglini2-min-1024x768.jpg 1024w, https:\/\/www.radiopiu.net\/wordpress\/wp-content\/uploads\/2020\/11\/Massimiliano-Paglini2-min-768x576.jpg 768w, https:\/\/www.radiopiu.net\/wordpress\/wp-content\/uploads\/2020\/11\/Massimiliano-Paglini2-min-1536x1152.jpg 1536w, https:\/\/www.radiopiu.net\/wordpress\/wp-content\/uploads\/2020\/11\/Massimiliano-Paglini2-min-2048x1536.jpg 2048w\" sizes=\"auto, (max-width: 173px) 100vw, 173px\" \/><\/a>l\u2019ha prevista nello statuto, ma non l\u2019ha istituita, mentre Feltre l\u2019ha costituita il 29 settembre 2020, ma senza parte sindacale.\u00a0<em> \u201cTroppo poche &#8211; commenta il segretario generale Paglini -, \u00e8 necessario riaffermare il ruolo delle Commissioni e affrontare assieme le ancora troppe disparit\u00e0 di trattamento, prospettive e opportunit\u00e0 che separano le donne dagli uomini nel mondo del lavoro. La componente femminile della nostra societ\u00e0 \u00e8 stata ulteriormente penalizzata dalla crisi innescata dal Covid-19 e oggi tutti i soggetti pubblici e le istituzioni anche locali sono chiamati a fare la loro parte\u201d.<\/em><\/p>\n","protected":false},"excerpt":{"rendered":"<p>&nbsp; BELLUNO_TREVISO\u00a0 L\u2019organizzazione sindacale guidata da Massimiliano Paglini incontrer\u00e0 online sindaci e assessori alle Pari Opportunit\u00e0 delle province di Treviso e di Belluno per una riflessione comune sulla disparit\u00e0 di genere nel mondo del lavoro. I webinar si svolgeranno mercoled\u00ec 17 marzo alle 15.30 per il Bellunese e venerd\u00ec 19 marzo per la Marca, sempre&hellip;<\/p>\n","protected":false},"author":4,"featured_media":197428,"comment_status":"closed","ping_status":"closed","sticky":false,"template":"","format":"standard","meta":{"_monsterinsights_skip_tracking":false,"_monsterinsights_sitenote_active":false,"_monsterinsights_sitenote_note":"","_monsterinsights_sitenote_category":0,"footnotes":""},"categories":[51,49],"tags":[],"class_list":["post-197427","post","type-post","status-publish","format-standard","has-post-thumbnail","hentry","category-evidenza-top","category-news-18","category-51","category-49","description-off"],"img_url":"https:\/\/www.radiopiu.net\/wordpress\/wp-content\/uploads\/2021\/03\/th-11.jpg","_links":{"self":[{"href":"https:\/\/www.radiopiu.net\/wordpress\/wp-json\/wp\/v2\/posts\/197427","targetHints":{"allow":["GET"]}}],"collection":[{"href":"https:\/\/www.radiopiu.net\/wordpress\/wp-json\/wp\/v2\/posts"}],"about":[{"href":"https:\/\/www.radiopiu.net\/wordpress\/wp-json\/wp\/v2\/types\/post"}],"author":[{"embeddable":true,"href":"https:\/\/www.radiopiu.net\/wordpress\/wp-json\/wp\/v2\/users\/4"}],"replies":[{"embeddable":true,"href":"https:\/\/www.radiopiu.net\/wordpress\/wp-json\/wp\/v2\/comments?post=197427"}],"version-history":[{"count":0,"href":"https:\/\/www.radiopiu.net\/wordpress\/wp-json\/wp\/v2\/posts\/197427\/revisions"}],"wp:featuredmedia":[{"embeddable":true,"href":"https:\/\/www.radiopiu.net\/wordpress\/wp-json\/wp\/v2\/media\/197428"}],"wp:attachment":[{"href":"https:\/\/www.radiopiu.net\/wordpress\/wp-json\/wp\/v2\/media?parent=197427"}],"wp:term":[{"taxonomy":"category","embeddable":true,"href":"https:\/\/www.radiopiu.net\/wordpress\/wp-json\/wp\/v2\/categories?post=197427"},{"taxonomy":"post_tag","embeddable":true,"href":"https:\/\/www.radiopiu.net\/wordpress\/wp-json\/wp\/v2\/tags?post=197427"}],"curies":[{"name":"wp","href":"https:\/\/api.w.org\/{rel}","templated":true}]}}