{"id":197681,"date":"2021-03-19T05:55:53","date_gmt":"2021-03-19T04:55:53","guid":{"rendered":"https:\/\/www.radiopiu.net\/wordpress\/?p=197681"},"modified":"2021-03-19T06:50:00","modified_gmt":"2021-03-19T05:50:00","slug":"giornale-radiopiu-19-marzo-2021-direttore-mirko-mezzacasa","status":"publish","type":"post","link":"https:\/\/www.radiopiu.net\/wordpress\/giornale-radiopiu-19-marzo-2021-direttore-mirko-mezzacasa\/","title":{"rendered":"GIORNALE RADIOPIU 19 MARZO 2021 DIRETTORE MIRKO MEZZACASA"},"content":{"rendered":"<h3><a href=\"https:\/\/www.radiopiu.net\/wordpress\/giornale-radiopiu-24-gennaio-2021-direttore-mirko-mezzacasa\/141433770_171616291414874_2957460898102012198_n\/\" rel=\"attachment wp-att-186566\"><img loading=\"lazy\" decoding=\"async\" class=\"wp-image-186566 alignleft\" src=\"https:\/\/www.radiopiu.net\/wordpress\/wp-content\/uploads\/2021\/01\/141433770_171616291414874_2957460898102012198_n-300x300.jpg\" alt=\"\" width=\"144\" height=\"144\" srcset=\"https:\/\/www.radiopiu.net\/wordpress\/wp-content\/uploads\/2021\/01\/141433770_171616291414874_2957460898102012198_n-300x300.jpg 300w, https:\/\/www.radiopiu.net\/wordpress\/wp-content\/uploads\/2021\/01\/141433770_171616291414874_2957460898102012198_n-150x150.jpg 150w, https:\/\/www.radiopiu.net\/wordpress\/wp-content\/uploads\/2021\/01\/141433770_171616291414874_2957460898102012198_n-768x768.jpg 768w, https:\/\/www.radiopiu.net\/wordpress\/wp-content\/uploads\/2021\/01\/141433770_171616291414874_2957460898102012198_n.jpg 800w\" sizes=\"auto, (max-width: 144px) 100vw, 144px\" \/><\/a><\/h3>\n<h3>PER<strong> RICEVERE QUESTO NOTIZIARIO DIRETTAMENTE SUL TUO CELLULARE ISCRIVITI AL CANALE TELEGRAM <\/strong><strong>\u201cRADIO PIU\u00a0 INFORMAZIONE&#8221;\u00a0<\/strong><\/h3>\n<h3>SUPERATI I 3000 ISCRITTI, il CANALE TELEGRAM&#8230; UNISCITI A: RADIO PIU INFORMAZIONE<\/h3>\n<p>&nbsp;<\/p>\n<p><strong><span style=\"color: #ff0000;\">VIOLENZA DOMESTICA<\/span><\/strong><\/p>\n<p><strong>UN GESTO SILENZIOSO CHE PUO&#8217; SALVARE UNA VITA, DIFONDETELO, IMPARATELO, RICONOSCETELO<\/strong><\/p>\n<div style=\"width: 640px;\" class=\"wp-video\"><video class=\"wp-video-shortcode\" id=\"video-197681-1\" width=\"640\" height=\"360\" preload=\"metadata\" controls=\"controls\"><source type=\"video\/mp4\" src=\"https:\/\/www.radiopiu.net\/wordpress\/wp-content\/uploads\/2021\/03\/WhatsApp-Video-2021-03-18-at-13.16.37.mp4?_=1\" \/><a href=\"https:\/\/www.radiopiu.net\/wordpress\/wp-content\/uploads\/2021\/03\/WhatsApp-Video-2021-03-18-at-13.16.37.mp4\">https:\/\/www.radiopiu.net\/wordpress\/wp-content\/uploads\/2021\/03\/WhatsApp-Video-2021-03-18-at-13.16.37.mp4<\/a><\/video><\/div>\n<p>&nbsp;<\/p>\n<p>&nbsp;<\/p>\n<p><em><a href=\"https:\/\/www.radiopiu.net\/wordpress\/giornale-radiopiu-24-gennaio-2021-direttore-mirko-mezzacasa\/79216601_126817312416448_708980208774483089_n\/\" rel=\"attachment wp-att-186567\"><img loading=\"lazy\" decoding=\"async\" class=\"size-medium wp-image-186567 alignright\" src=\"https:\/\/www.radiopiu.net\/wordpress\/wp-content\/uploads\/2021\/01\/79216601_126817312416448_708980208774483089_n-300x114.jpg\" alt=\"\" width=\"300\" height=\"114\" srcset=\"https:\/\/www.radiopiu.net\/wordpress\/wp-content\/uploads\/2021\/01\/79216601_126817312416448_708980208774483089_n-300x114.jpg 300w, https:\/\/www.radiopiu.net\/wordpress\/wp-content\/uploads\/2021\/01\/79216601_126817312416448_708980208774483089_n-768x292.jpg 768w, https:\/\/www.radiopiu.net\/wordpress\/wp-content\/uploads\/2021\/01\/79216601_126817312416448_708980208774483089_n.jpg 820w\" sizes=\"auto, (max-width: 300px) 100vw, 300px\" \/><\/a><span style=\"color: #ff0000;\">ATTENZIONE: LA NUOVA APP PER IOS-IPHONE di Nicola Vettorello <\/span><\/em><a href=\"https:\/\/apps.apple.com\/it\/app\/radio-pi%C3%B9-emittente-agordina\/id1515939845\">https:\/\/apps.apple.com\/it\/app\/radio-pi%C3%B9-emittente-agordina\/id1515939845<\/a><\/p>\n<p><em style=\"color: #ff0000;\">ATTENZIONE: LA NUOVA APP RADIO\u00a0 PER ANDROID di Nicola Vettorello<\/em><\/p>\n<p><a href=\"https:\/\/play.google.com\/store\/apps\/details?id=net.radiopiu.iniko\" target=\"_blank\" rel=\"noopener noreferrer\">https:\/\/play.google.com\/store\/apps\/details?id=net.radiopiu.iniko<\/a><\/p>\n<p>&nbsp;<\/p>\n<hr \/>\n<p>&nbsp;<\/p>\n<blockquote>\n<h2>UN ALTRO LUTTO IN SEMINARIO, E&#8217; MORTO DON ELIO LARESE<\/h2>\n<\/blockquote>\n<p><strong><img loading=\"lazy\" decoding=\"async\" class=\"alignleft\" src=\"https:\/\/www.radiopiu.net\/wordpress\/wp-content\/uploads\/2021\/03\/Monsignor-Elio-Larese6-800x662-1.jpg\" width=\"226\" height=\"187\" \/>BELLUNO<\/strong> Un altro lutto colpisce la diocesi e la comunit\u00e0 del Seminario Gregoriano di Belluno. Nella serata di oggi, alle ore 20.30 di gioved\u00ec 18 marzo, si \u00e8 spento mons. Elio Larese, che da alcuni giorni era ricoverato all\u2019ospedale \u201cSan Martino\u201d per gli effetti del Covid. Aveva 73 anni. Figlio di Giuseppe e di Adelina Cattaruzza, era nato ad Auronzo di Cadore il 15 novembre 1947. Apparteneva alla\u00a0<strong>parrocchia di Villapiccola<\/strong>, dove era cresciuto sotto lo sguardo di don Florio De Lotto, parroco dal 1944 al 2004. Dopo il percorso del seminario, don Elio fu ordinato prete in Cattedrale il\u00a0<strong>29 maggio 1971<\/strong>: avrebbe festeggiato quest\u2019anno il suo giubileo presbiterale. Il suo primo breve incarico ministeriale come cappellano lo svolse per pochi mesi a Pieve di Livinallongo. Poi inizi\u00f2 un percorso accademico all\u2019Universit\u00e0 di Padova, dove si laure\u00f2 in lettere classiche con una tesi sul\u00a0<em>Giornalismo cattolico a Belluno all\u2019inizio del \u2018900<\/em>, pubblicata nel 1981. Dal 1972 al 1976 fu vicario cooperatore nella parrocchia della Cattedrale di Belluno; dal 1977 al 1983 fu vice-assistente del settore giovani dell\u2019Azione Cattolica diocesana. Nel 1976 inizi\u00f2 il suo servizio come<strong>\u00a0insegnante\u00a0<\/strong>di lettere presso il Liceo Lollino, di cui poi fu\u00a0<strong>preside<\/strong>\u00a0dal 1997 al 2019. Dal 1982 al 1990 fu vicerettore del Seminario. Fine musicista e cantore, per anni insegn\u00f2 canto sacro e storia della musica nei corsi teologici. Per questa competenza, diresse l\u2019Ufficio diocesano per il canto e la musica sacra dal 2010 al 2017. Nel contempo, insegnava Storia delle religioni presso l\u2019Istituto Superiore di Scienze Religiose.<\/p>\n<p>fonte: www.facebook.com\/chiesadibellunofeltre<\/p>\n<p>&nbsp;<\/p>\n<p>&nbsp;<\/p>\n<hr \/>\n<p>&nbsp;<\/p>\n<h2 style=\"text-align: center;\">IL MINUTO DI RACCOGLIMENTO IN MEMORIA DELLE VITTIME DEL COVID<\/h2>\n<p>&nbsp;<\/p>\n<p><em>Iniziativa di ANCI,\u00a0 ha coinvolto i Sindaci dei comuni italiani in un minuto di raccoglimento in occasione della prima giornata nazionale in memoria delle vittime dell&#8217;epidemia da coronavirus.<\/em><\/p>\n\n\t\t\t<style type='text\/css'>\n\t\t\t\t#gallery-1 {\n\t\t\t\t\tmargin: auto;\n\t\t\t\t}\n\t\t\t\t#gallery-1 .gallery-item {\n\t\t\t\t\tfloat: left;\n\t\t\t\t\tmargin-top: 10px;\n\t\t\t\t\ttext-align: center;\n\t\t\t\t\twidth: 33%;\n\t\t\t\t}\n\t\t\t\t#gallery-1 img {\n\t\t\t\t\tborder: 2px solid #cfcfcf;\n\t\t\t\t}\n\t\t\t\t#gallery-1 .gallery-caption {\n\t\t\t\t\tmargin-left: 0;\n\t\t\t\t}\n\t\t\t\t\/* see gallery_shortcode() in wp-includes\/media.php *\/\n\t\t\t<\/style>\n\t\t<div id='gallery-1' class='dt-gallery-container gallery galleryid-197681 gallery-columns-3 gallery-size-thumbnail'><dl class='gallery-item'>\n\t\t\t\t<dt class='gallery-icon landscape'>\n\t\t\t\t\t<a class=\"rollover\" href='https:\/\/www.radiopiu.net\/wordpress\/giornale-radiopiu-19-marzo-2021-direttore-mirko-mezzacasa\/fc7c28ec-646b-4c3c-802a-84678fa9b29e\/'><img loading=\"lazy\" decoding=\"async\" width=\"150\" height=\"150\" src=\"https:\/\/www.radiopiu.net\/wordpress\/wp-content\/uploads\/2021\/03\/fc7c28ec-646b-4c3c-802a-84678fa9b29e-150x150.jpg\" class=\"attachment-thumbnail size-thumbnail\" alt=\"\" aria-describedby=\"gallery-1-197761\" \/><\/a>\n\t\t\t\t<\/dt>\n\t\t\t\t\t<dd class='wp-caption-text gallery-caption' id='gallery-1-197761'>\n\t\t\t\t\tAGORDO\n\t\t\t\t\t<\/dd><\/dl><dl class='gallery-item'>\n\t\t\t\t<dt class='gallery-icon landscape'>\n\t\t\t\t\t<a class=\"rollover\" href='https:\/\/www.radiopiu.net\/wordpress\/giornale-radiopiu-19-marzo-2021-direttore-mirko-mezzacasa\/46eb5e21-824e-4938-b5f4-2723d9dc6eb8\/'><img loading=\"lazy\" decoding=\"async\" width=\"150\" height=\"150\" src=\"https:\/\/www.radiopiu.net\/wordpress\/wp-content\/uploads\/2021\/03\/46eb5e21-824e-4938-b5f4-2723d9dc6eb8-150x150.jpg\" class=\"attachment-thumbnail size-thumbnail\" alt=\"\" aria-describedby=\"gallery-1-197780\" \/><\/a>\n\t\t\t\t<\/dt>\n\t\t\t\t\t<dd class='wp-caption-text gallery-caption' id='gallery-1-197780'>\n\t\t\t\t\tFELTRE\n\t\t\t\t\t<\/dd><\/dl><dl class='gallery-item'>\n\t\t\t\t<dt class='gallery-icon landscape'>\n\t\t\t\t\t<a class=\"rollover\" href='https:\/\/www.radiopiu.net\/wordpress\/giornale-radiopiu-19-marzo-2021-direttore-mirko-mezzacasa\/8-g-uida\/'><img loading=\"lazy\" decoding=\"async\" width=\"150\" height=\"150\" src=\"https:\/\/www.radiopiu.net\/wordpress\/wp-content\/uploads\/2021\/03\/8-G-UIdA-150x150.jpg\" class=\"attachment-thumbnail size-thumbnail\" alt=\"\" aria-describedby=\"gallery-1-197824\" srcset=\"https:\/\/www.radiopiu.net\/wordpress\/wp-content\/uploads\/2021\/03\/8-G-UIdA-150x150.jpg 150w, https:\/\/www.radiopiu.net\/wordpress\/wp-content\/uploads\/2021\/03\/8-G-UIdA.jpg 178w\" sizes=\"auto, (max-width: 150px) 100vw, 150px\" \/><\/a>\n\t\t\t\t<\/dt>\n\t\t\t\t\t<dd class='wp-caption-text gallery-caption' id='gallery-1-197824'>\n\t\t\t\t\tBELLUNO\n\t\t\t\t\t<\/dd><\/dl><br style=\"clear: both\" \/>\n\t\t\t<\/div>\n\n<p>&nbsp;<\/p>\n<hr \/>\n<p>&nbsp;<\/p>\n<blockquote>\n<h1 style=\"text-align: center;\">VENETO IN ROSSO<\/h1>\n<h3>Il Veneto si colora di rosso, scuole chiuse. Stop agli spostamenti se non per inderogabili motivi.<\/h3>\n<\/blockquote>\n<p><a href=\"https:\/\/www.radiopiu.net\/wordpress\/veneto-in-rosso-il-bianco-sardegna-lontano-lo-dice-lincide-rt\/schermata-2021-03-12-alle-17-08-55\/\" rel=\"attachment wp-att-196720\"><img loading=\"lazy\" decoding=\"async\" class=\"alignnone wp-image-196720 size-full\" src=\"https:\/\/www.radiopiu.net\/wordpress\/wp-content\/uploads\/2021\/03\/Schermata-2021-03-12-alle-17.08.55.png\" alt=\"\" width=\"1934\" height=\"340\" srcset=\"https:\/\/www.radiopiu.net\/wordpress\/wp-content\/uploads\/2021\/03\/Schermata-2021-03-12-alle-17.08.55.png 1934w, https:\/\/www.radiopiu.net\/wordpress\/wp-content\/uploads\/2021\/03\/Schermata-2021-03-12-alle-17.08.55-300x53.png 300w, https:\/\/www.radiopiu.net\/wordpress\/wp-content\/uploads\/2021\/03\/Schermata-2021-03-12-alle-17.08.55-1024x180.png 1024w, https:\/\/www.radiopiu.net\/wordpress\/wp-content\/uploads\/2021\/03\/Schermata-2021-03-12-alle-17.08.55-768x135.png 768w, https:\/\/www.radiopiu.net\/wordpress\/wp-content\/uploads\/2021\/03\/Schermata-2021-03-12-alle-17.08.55-1536x270.png 1536w\" sizes=\"auto, (max-width: 1934px) 100vw, 1934px\" \/><\/a><\/p>\n<p><strong>PER GLI SPOSTAMENTI OBBLIGO DI AUTOCERTIFICAZIONE CHE PUOI <a href=\"https:\/\/www.radiopiu.net\/wordpress\/veneto-in-rosso-il-bianco-sardegna-lontano-lo-dice-lincide-rt\/dpcm-autocertificazione-gennaio-2021\/\">SCARICARE QUI<\/a><\/strong><\/p>\n<p>&nbsp;<\/p>\n<hr \/>\n<blockquote>\n<div class=\"page-title-head hgroup\">\n<h3><\/h3>\n<h3 class=\"entry-title\">L&#8217;ANDAMENTO DEL CONTAGIO NELL&#8217;AGORDINO AUMENTANO LE PERSONE IN QUARANTENA, DA ALLEGHE A ROCCA PIETORE E SELVA DI CADORE<\/h3>\n<p>Paola De Palma, commissario Prefettura Belluno facente funzioni di sindaco e Giunta a Selva di Cadore: <em>&#8220;Mi riferiscono dal Suem di Treviso che l\u2019et\u00e0 media dei ricoverati \u00e8 scesa di molto, e quasi tutti arrivano in ospedale in condizioni serie, perch\u00e9 hanno una percezione ridotta dei sintomi, \u00a0( difficolt\u00e0 respiratorie) sono gravi , ma non ne viene percepita la gravit\u00e0, cio\u00e8, ad esempio, l\u2019ossigenazione \u00e8 molto bassa, ma la persona non percepisce la difficolt\u00e0 respiratoria&#8221;.<\/em><\/p>\n<\/div>\n<\/blockquote>\n<blockquote>\n<h3><img loading=\"lazy\" decoding=\"async\" class=\"alignleft\" src=\"https:\/\/www.radiopiu.net\/wordpress\/wp-content\/uploads\/2021\/01\/th-3.jpg\" width=\"142\" height=\"149\" \/><\/h3>\n<p>FALCADE 50 positivi\u00a0 (+2) 31 isolamento CANALE D&#8217;AGORDO 13 positivi (+6) 10 isolamento (-1)\u00a0 VALLADA 5 positivi\u00a0 4 isolamento\u00a0 CENCENIGHE 6 positivi 3 isolamento SAN TOMASO 7 positivi\u00a0 (+2) 8 isolamento (+7) LIVINALLONGO 23 positivi (-1) 22 isolamento (+4) ALLEGHE 6 positivi (+1) 37\u00a0 isolamento (+30)\u00a0 AGORDO 15 positivi\u00a0 33 isolamento (+6) TAIBON 8 positivi (-1) 20 isolamento (+5)\u00a0 LA VALLE 1 positivo 8 isolamento RIVAMONTE 3 positivi\u00a0 ) 4 isolamento\u00a0 GOSALDO 1 positivo 1 isolamento\u00a0 ROCCA PIETORE 6 positivi (+1)\u00a0 23 isolamento (+17) COLLE SANTA LUCIA 8 postitivi (+2) 7 isolamento (+5) SELVA DI CADORE 17 positivi\u00a0 31 isolamento (+3)<\/p><\/blockquote>\n<p>&nbsp;<\/p>\n<p>&nbsp;<\/p>\n<p>&nbsp;<\/p>\n<hr \/>\n<p>&nbsp;<\/p>\n<blockquote>\n<h3><em>GALLERIA COMELICO<\/em><\/h3>\n<\/blockquote>\n<p>Per consentire l\u2019avanzamento delle indagini geognostiche e geofisiche nella galleria Comelico, sono state programmate nuove limitazioni temporanee al transito lungo la strada statale 52 \u201cCarnica\u201d. Da oggi e fino a venerd\u00ec 19 marzo, nella fascia 21:15- 5:45, giorni festivi esclusi, sar\u00e0 chiusa al transito la galleria Comelico, dal km 81 al km 85. Il traffico veicolare sar\u00e0 deviato sulla SP 532 Passo S. Antonio; i mezzi pesanti trainanti un rimorchio saranno invece deviati sulla SR 48 delle Dolomiti e sulla SP 49 Misurina.<\/p>\n<p>&nbsp;<\/p>\n<p>&nbsp;<\/p>\n<hr \/>\n<p>&nbsp;<\/p>\n<p><strong>SP 3 VAL IMPERINA\u00a0<\/strong>Dal 20 al 31 marzo, esclusi sabato e domenica, interdizione totale al traffico a fasce orarie tra Forcella Franche e Vallasin per lavori di messa in sicurezza della strada. Le chiusure dalle 8 alle 12:45, dalle 13:45 alle 15:50 e dalle 16:10 alle 17:45<\/p>\n<p><strong>SP 26 DIGOMAN\u00a0<\/strong>dal 22 marzo al 3 aprile interdizione totale al traffico in comune di Rivamonte dalle 8 alle 17, domeniche escluse, per lavori di esbosco schianti Vaia. Negli altri orari senso unico alternato regolato da impianto semaforico.<\/p>\n<p>&nbsp;<\/p>\n<p>&nbsp;<\/p>\n<hr \/>\n<p>&nbsp;<\/p>\n<p><strong><a href=\"https:\/\/www.radiopiu.net\/wordpress\/acqua-di-nuovo-potabile-a-gosaldo\/bicchiere-acqua\/\" rel=\"attachment wp-att-197762\"><img loading=\"lazy\" decoding=\"async\" class=\"size-medium wp-image-197762 alignleft\" src=\"https:\/\/www.radiopiu.net\/wordpress\/wp-content\/uploads\/2021\/03\/BICCHIERE-ACQUA-300x200.jpg\" alt=\"\" width=\"300\" height=\"200\" srcset=\"https:\/\/www.radiopiu.net\/wordpress\/wp-content\/uploads\/2021\/03\/BICCHIERE-ACQUA-300x200.jpg 300w, https:\/\/www.radiopiu.net\/wordpress\/wp-content\/uploads\/2021\/03\/BICCHIERE-ACQUA-1024x683.jpg 1024w, https:\/\/www.radiopiu.net\/wordpress\/wp-content\/uploads\/2021\/03\/BICCHIERE-ACQUA-768x512.jpg 768w, https:\/\/www.radiopiu.net\/wordpress\/wp-content\/uploads\/2021\/03\/BICCHIERE-ACQUA-1536x1024.jpg 1536w, https:\/\/www.radiopiu.net\/wordpress\/wp-content\/uploads\/2021\/03\/BICCHIERE-ACQUA.jpg 1920w\" sizes=\"auto, (max-width: 300px) 100vw, 300px\" \/><\/a> <\/strong><\/p>\n<p><strong>\u00a0<\/strong><\/p>\n<p><strong>\u00a0<\/strong><\/p>\n<p><strong>Gestione Servizi Pubblici informa che a GOSALDO nelle localit\u00e0 RENON, LAGON, DELUBI e SABE, l&#8217;acqua erogata dall&#8217;acquedotto \u00e8 di nuovo potabile e pu\u00f2 essere usata, quindi, per scopi alimentari. \u00a0<\/strong><\/p>\n<p>&nbsp;<\/p>\n<p>&nbsp;<\/p>\n<p>&nbsp;<\/p>\n<p>&nbsp;<\/p>\n<hr \/>\n<p>&nbsp;<\/p>\n<p><strong>DOPO IL\u00a0 PARERE DELL&#8217; EMA, OGGI\u00a0 RIPRENDONO VACCINAZIONI CON ASTRAZENECA\u00a0<\/strong><\/p>\n<p><a href=\"https:\/\/www.radiopiu.net\/wordpress\/giornale-radiopiu-19-marzo-2021-direttore-mirko-mezzacasa\/download-1115\/\" rel=\"attachment wp-att-197910\"><img loading=\"lazy\" decoding=\"async\" class=\" wp-image-197910 alignleft\" src=\"https:\/\/www.radiopiu.net\/wordpress\/wp-content\/uploads\/2021\/03\/download-3.jpg\" alt=\"\" width=\"201\" height=\"134\" \/><\/a>La raccomandazione di EMA ha confermato il favorevole rapporto beneficio\/rischio del vaccino antiCovid19 AstraZeneca, escludendo una associazione tra i casi di trombosi e il vaccino Covid 19. Ha inoltre escluso, sulla base dei dati disponibili, problematiche legate alla qualit\u00e0 e alla produzione. AIFA rende noto che sono venute meno le ragioni alla base del divieto d\u2019uso in via precauzionale dei lotti del vaccino, emanato il 15 marzo 2021. Pertanto, oggi\u00a0 \u00a0ci sar\u00e0\u00a0 una completa ripresa della campagna vaccinale <strong>(foto fanpage.it)<\/strong><\/p>\n<p>&nbsp;<\/p>\n<blockquote>\n<h3>Cinque nuove varianti in Veneto. Il 13% dei pazienti \u00e8 in rianimazione. La Regione presenta il nuovo piano vaccini e promette di vaccinare tutti gli anziani entro inizio aprile.<\/h3>\n<p><em>Sono sotto la soglia di saturazione i posti letto in area medica (il 21% quelli occupati da pazienti Covid) e in terapia intensiva (19%).<\/em><\/p><\/blockquote>\n<p>Nelle ultime 24 ore\u00a0 42.222 tamponi eseguiti, 1.761 positivi, incidenza in calo ma sempre alta al 4,17%.\u00a0 Terapie intensive: 211 malati covid,\u00a0 293 di altre patologie. <em>&#8220;Il 13% dei ricoverati \u00e8 in rianimazione &#8211; dice Luciano Flor, direttore della Sanit\u00e0 del Veneto &#8211; mentre nel resto d&#8217;Italia siamo sull&#8217;11%. Nella provincia di Padova siamo arrivati al 25% con un&#8217;alta frequenza di variante inglese&#8221;<\/em>. La Fondazione Gimbe\u00a0 ha rilevato l&#8217;aumento dei casi attualmente positivi (732) per 100.000 abitanti e un incremento del 27% dei nuovi casi rispetto alla settimana precedente. Mortalit\u00e0: nel 2020 i decessi tra gli over 85 sono saliti del 30%.<\/p>\n<blockquote>\n<h2>NESSUN DECESSO E NESSUN DEGENTE ALL&#8217;OSPEDALE DI COMUNITA&#8217; DI FELTRE<\/h2>\n<\/blockquote>\n<p><strong>BELLUNO\u00a0 <\/strong><span style=\"color: #000000;\"><span style=\"font-size: medium;\"><span lang=\"it-IT\">Nelle ultime 24 ore non \u00e8 stata registrato nessun decesso di pazienti covid positivi<\/span><\/span><\/span><\/p>\n<p><strong>Ricoveri\u00a0 \u00a0<\/strong><\/p>\n<p><em>(dato alle ore 17.00 fonte: Azienda Zero)<\/em><\/p>\n<p>Le persone attualmente POSITIVE ricoverate negli ospedali dell\u2019Ulss Dolomiti sono:<\/p>\n<table>\n<tbody>\n<tr>\n<td width=\"217\"><strong>\u00a0<\/strong><\/td>\n<td width=\"217\"><strong>Area NON CRITICA<\/strong><\/td>\n<td width=\"217\"><strong>Terapia Intensiva<\/strong><\/td>\n<\/tr>\n<tr>\n<td width=\"217\"><strong>Ospedale di Belluno <\/strong><\/td>\n<td width=\"217\">40 +1<\/td>\n<td width=\"217\">4 -1<\/td>\n<\/tr>\n<tr>\n<td width=\"217\"><strong>Ospedale di Feltre<\/strong><\/td>\n<td width=\"217\">18 +2<\/td>\n<td width=\"217\">3<\/td>\n<\/tr>\n<\/tbody>\n<\/table>\n<p>&nbsp;<\/p>\n<p>Le persone attualmente POSITIVE ricoverate in Ospedale di Comunit\u00e0 sono:<\/p>\n<table>\n<tbody>\n<tr>\n<td width=\"326\"><strong>\u00a0<\/strong><\/td>\n<td width=\"326\"><strong>pazienti attualmente positivi<\/strong><\/td>\n<\/tr>\n<tr>\n<td width=\"326\"><strong>Ospedale di Comunit\u00e0 di BELLUNO<\/strong><\/td>\n<td width=\"326\">13 (+4)<\/td>\n<\/tr>\n<tr>\n<td width=\"326\"><strong>Ospedale di Comunit\u00e0 di FELTRE<\/strong><\/td>\n<td width=\"326\">0<\/td>\n<\/tr>\n<\/tbody>\n<\/table>\n<p>&nbsp;<\/p>\n<div>\n<div class=\"pybr56ya dati1w0a hv4rvrfc n851cfcs btwxx1t3 j83agx80 ll8tlv6m\">\n<div class=\"buofh1pr\">\n<div class=\"j83agx80 cbu4d94t ew0dbk1b irj2b8pg\">\n<div class=\"qzhwtbm6 knvmm38d\">\n<div class=\"nc684nl6\"><strong><a href=\"https:\/\/www.radiopiu.net\/wordpress\/covid19ulss17\/161814787_2962177944039026_286289113150806116_n\/\" rel=\"attachment wp-att-197886\"><img loading=\"lazy\" decoding=\"async\" class=\" wp-image-197886 alignleft\" src=\"https:\/\/www.radiopiu.net\/wordpress\/wp-content\/uploads\/2021\/03\/161814787_2962177944039026_286289113150806116_n-300x252.jpg\" alt=\"\" width=\"219\" height=\"184\" srcset=\"https:\/\/www.radiopiu.net\/wordpress\/wp-content\/uploads\/2021\/03\/161814787_2962177944039026_286289113150806116_n-300x252.jpg 300w, https:\/\/www.radiopiu.net\/wordpress\/wp-content\/uploads\/2021\/03\/161814787_2962177944039026_286289113150806116_n.jpg 600w\" sizes=\"auto, (max-width: 219px) 100vw, 219px\" \/><\/a>Ulss 1 Dolomiti<\/strong><\/div>\n<h2 id=\"jsc_c_m\" class=\"gmql0nx0 l94mrbxd p1ri9a11 lzcic4wl aahdfvyu hzawbc8m\" dir=\"auto\"><span style=\"font-size: 14px; font-weight: normal;\"><strong>GIORNATA IN MEMORIA DELLE VITTIME COVID:<\/strong> un pensiero a chi \u00e8 &#8220;andato avanti&#8221; Nella Giornata in memoria delle Vittime del Covid, un pensiero alle 589 persone decedute del nostro territorio e ai loro familiari. Anche in questi giorni, purtroppo, ci sono persone che lottano contro questo virus e muoiono. Per ridurre tutto questo, \u00e8 necessario che tutti ci impegniamo e collaboriamo per evitare di contagiarci e di contagiare. USIAMO LE MASCHERINE, MANTENIAMO IL DISTANZIAMENTO, LAVIAMOCI LE MANI<\/span><\/h2>\n<\/div>\n<\/div>\n<\/div>\n<\/div>\n<div><\/div>\n<\/div>\n<div>\n<div class=\"\" dir=\"auto\">\n<div id=\"jsc_c_o\" class=\"ecm0bbzt hv4rvrfc ihqw7lf3 dati1w0a\" data-ad-comet-preview=\"message\" data-ad-preview=\"message\">\n<div class=\"j83agx80 cbu4d94t ew0dbk1b irj2b8pg\">\n<div class=\"qzhwtbm6 knvmm38d\">\n<div class=\"o9v6fnle cxmmr5t8 oygrvhab hcukyx3x c1et5uql ii04i59q\">\n<div dir=\"auto\"><\/div>\n<\/div>\n<\/div>\n<\/div>\n<\/div>\n<\/div>\n<\/div>\n<p align=\"LEFT\">In occasione della Giornata in memoria delle vittime Covid, sono stati analizzati alcuni dati relativi ai decessi in ulss Dolomiti. Confrontano la variazione del numero di decessi 2020-21 e la media degli anni 2017-2019 in Ulss Dolomiti e in Veneto, emerge un impatto leggermente inferiore della mortalit\u00e0 per covid nella provincia di Belluno rispetto al contesto regionale: <span style=\"font-family: Arial, serif;\"><span style=\"font-size: medium;\"><i>Variazione percentuale del numero totale dei decessi del 20-21 e la media degli anni 17-19. La\u00a0 quasi totalit\u00e0 dei decessi per fasce di et\u00e0 si colloca sopra i 50 anni, con meno del 10% dei decessi al di sotto dei 70 anni. L\u2019ulss Dolomiti non registra alcun decesso in et\u00e0 pediatrica. L\u2019andamento della mortalit\u00e0 in Ulss Dolomiti si \u00e8 tenuto al di sotto della media regionale.\u00a0<\/i><\/span><\/span><\/p>\n<table border=\"0\" width=\"635\" cellspacing=\"0\" cellpadding=\"2\">\n<tbody>\n<tr>\n<td width=\"187\" height=\"23\"><\/td>\n<td width=\"168\">\n<p align=\"CENTER\">Veneto<\/p>\n<\/td>\n<td width=\"268\">\n<p align=\"CENTER\">A.ULSS 1 Dolomiti<\/p>\n<\/td>\n<\/tr>\n<tr>\n<td width=\"187\" height=\"28\">\n<p align=\"LEFT\">gennaio 20 &#8211; gennnaio 21*<\/p>\n<\/td>\n<td width=\"168\">\n<p align=\"CENTER\">15%<\/p>\n<\/td>\n<td width=\"268\">\n<p align=\"CENTER\">11%<\/p>\n<\/td>\n<\/tr>\n<tr>\n<td width=\"187\" height=\"27\">\n<p align=\"LEFT\">marzo 20 &#8211; aprile 20<\/p>\n<\/td>\n<td width=\"168\">\n<p align=\"CENTER\">26%<\/p>\n<\/td>\n<td width=\"268\">\n<p align=\"CENTER\">16%<\/p>\n<\/td>\n<\/tr>\n<tr>\n<td width=\"187\" height=\"35\">\n<p align=\"LEFT\">novembre 20 &#8211; gennaio 21*<\/p>\n<\/td>\n<td width=\"168\">\n<p align=\"CENTER\">43%<\/p>\n<\/td>\n<td width=\"268\">\n<p align=\"CENTER\">39%<\/p>\n<\/td>\n<\/tr>\n<tr>\n<td colspan=\"3\" valign=\"BOTTOM\" width=\"631\" height=\"13\">\n<p align=\"LEFT\"><i>* per il mese di dicembre sono disponibili i periodi 1-7 e 18-31<\/i><\/p>\n<\/td>\n<\/tr>\n<tr>\n<td colspan=\"3\" valign=\"BOTTOM\" width=\"631\" height=\"13\">\n<p align=\"LEFT\"><i>Fonte: A.Zero Report rapporto sull&#8217;andamento dell&#8217;epidemia da COVID-19 in Veneto 11\/03\/21<\/i><\/p>\n<\/td>\n<\/tr>\n<\/tbody>\n<\/table>\n<p>&nbsp;<\/p>\n<p>&nbsp;<\/p>\n<hr \/>\n<blockquote>\n<h1><span style=\"color: #cc99ff;\">MINUTO DI SILENZIO PER LE VITTIME DEL COVID\u00a0<\/span><\/h1>\n<p>&nbsp;<\/p><\/blockquote>\n<h3><a href=\"https:\/\/www.radiopiu.net\/wordpress\/il-minuto-di-silenzo-a-belluno-feltre-e-in-tutto-lagordino\/minuto-silenzio-costa-falcade\/\" rel=\"attachment wp-att-126437\"><img loading=\"lazy\" decoding=\"async\" class=\"wp-image-126437 alignleft\" src=\"https:\/\/www.radiopiu.net\/wordpress\/wp-content\/uploads\/2020\/03\/MINUTO-SILENZIO-COSTA-FALCADE-169x300.jpg\" alt=\"\" width=\"119\" height=\"211\" srcset=\"https:\/\/www.radiopiu.net\/wordpress\/wp-content\/uploads\/2020\/03\/MINUTO-SILENZIO-COSTA-FALCADE-169x300.jpg 169w, https:\/\/www.radiopiu.net\/wordpress\/wp-content\/uploads\/2020\/03\/MINUTO-SILENZIO-COSTA-FALCADE-576x1024.jpg 576w, https:\/\/www.radiopiu.net\/wordpress\/wp-content\/uploads\/2020\/03\/MINUTO-SILENZIO-COSTA-FALCADE-768x1365.jpg 768w, https:\/\/www.radiopiu.net\/wordpress\/wp-content\/uploads\/2020\/03\/MINUTO-SILENZIO-COSTA-FALCADE-864x1536.jpg 864w, https:\/\/www.radiopiu.net\/wordpress\/wp-content\/uploads\/2020\/03\/MINUTO-SILENZIO-COSTA-FALCADE.jpg 900w\" sizes=\"auto, (max-width: 119px) 100vw, 119px\" \/><\/a><\/h3>\n<h3><\/h3>\n<h3><\/h3>\n<h3><\/h3>\n<h3>DA\u00a0 AGORDO IL PRESIDENTE DELL&#8217;UNIONE MONTANA MICHELE COSTA<\/h3>\n<audio class=\"wp-audio-shortcode\" id=\"audio-197681-1\" preload=\"none\" style=\"width: 100%;\" controls=\"controls\"><source type=\"audio\/mpeg\" src=\"https:\/\/www.radiopiu.net\/wordpress\/wp-content\/uploads\/2021\/03\/MICHELE.mp3?_=1\" \/><a href=\"https:\/\/www.radiopiu.net\/wordpress\/wp-content\/uploads\/2021\/03\/MICHELE.mp3\">https:\/\/www.radiopiu.net\/wordpress\/wp-content\/uploads\/2021\/03\/MICHELE.mp3<\/a><\/audio>\n<p>&nbsp;<\/p>\n<h3><\/h3>\n<h3><\/h3>\n<h3><a href=\"https:\/\/www.radiopiu.net\/wordpress\/il-minuto-di-silenzo-a-belluno-feltre-e-in-tutto-lagordino\/minuto-silenzio-chissale-agordo\/\" rel=\"attachment wp-att-126462\"><img loading=\"lazy\" decoding=\"async\" class=\"wp-image-126462 alignleft\" src=\"https:\/\/www.radiopiu.net\/wordpress\/wp-content\/uploads\/2020\/03\/MINUTO-SILENZIO-CHISSALE-AGORDO-169x300.jpg\" alt=\"\" width=\"120\" height=\"213\" srcset=\"https:\/\/www.radiopiu.net\/wordpress\/wp-content\/uploads\/2020\/03\/MINUTO-SILENZIO-CHISSALE-AGORDO-169x300.jpg 169w, https:\/\/www.radiopiu.net\/wordpress\/wp-content\/uploads\/2020\/03\/MINUTO-SILENZIO-CHISSALE-AGORDO-576x1024.jpg 576w, https:\/\/www.radiopiu.net\/wordpress\/wp-content\/uploads\/2020\/03\/MINUTO-SILENZIO-CHISSALE-AGORDO-768x1365.jpg 768w, https:\/\/www.radiopiu.net\/wordpress\/wp-content\/uploads\/2020\/03\/MINUTO-SILENZIO-CHISSALE-AGORDO-864x1536.jpg 864w, https:\/\/www.radiopiu.net\/wordpress\/wp-content\/uploads\/2020\/03\/MINUTO-SILENZIO-CHISSALE-AGORDO.jpg 900w\" sizes=\"auto, (max-width: 120px) 100vw, 120px\" \/><\/a><\/h3>\n<h3><\/h3>\n<h3><\/h3>\n<h3>DA AGORDO IL SINDACO ROBERTO CHISSALE&#8217;<\/h3>\n<audio class=\"wp-audio-shortcode\" id=\"audio-197681-2\" preload=\"none\" style=\"width: 100%;\" controls=\"controls\"><source type=\"audio\/mpeg\" src=\"https:\/\/www.radiopiu.net\/wordpress\/wp-content\/uploads\/2021\/03\/ROBERTO.mp3?_=2\" \/><a href=\"https:\/\/www.radiopiu.net\/wordpress\/wp-content\/uploads\/2021\/03\/ROBERTO.mp3\">https:\/\/www.radiopiu.net\/wordpress\/wp-content\/uploads\/2021\/03\/ROBERTO.mp3<\/a><\/audio>\n<p>&nbsp;<\/p>\n<blockquote><p>&nbsp;<\/p>\n<p>&nbsp;<\/p><\/blockquote>\n<p><strong><a href=\"https:\/\/www.radiopiu.net\/wordpress\/giornale-radiopiu-19-marzo-2021-direttore-mirko-mezzacasa\/41363a9d-d382-4d2a-b1df-81d69eeddd4f\/\" rel=\"attachment wp-att-197784\"><img loading=\"lazy\" decoding=\"async\" class=\" wp-image-197784 alignleft\" src=\"https:\/\/www.radiopiu.net\/wordpress\/wp-content\/uploads\/2021\/03\/41363a9d-d382-4d2a-b1df-81d69eeddd4f-300x169.jpg\" alt=\"\" width=\"225\" height=\"127\" srcset=\"https:\/\/www.radiopiu.net\/wordpress\/wp-content\/uploads\/2021\/03\/41363a9d-d382-4d2a-b1df-81d69eeddd4f-300x169.jpg 300w, https:\/\/www.radiopiu.net\/wordpress\/wp-content\/uploads\/2021\/03\/41363a9d-d382-4d2a-b1df-81d69eeddd4f-1024x576.jpg 1024w, https:\/\/www.radiopiu.net\/wordpress\/wp-content\/uploads\/2021\/03\/41363a9d-d382-4d2a-b1df-81d69eeddd4f-768x432.jpg 768w, https:\/\/www.radiopiu.net\/wordpress\/wp-content\/uploads\/2021\/03\/41363a9d-d382-4d2a-b1df-81d69eeddd4f-1536x864.jpg 1536w, https:\/\/www.radiopiu.net\/wordpress\/wp-content\/uploads\/2021\/03\/41363a9d-d382-4d2a-b1df-81d69eeddd4f.jpg 2048w\" sizes=\"auto, (max-width: 225px) 100vw, 225px\" \/><\/a>FELTRE<\/strong> Il Sindaco di Feltre Paolo Perenzin ha osservato alle 11 il minuto di silenzio nel loggiato del municipio sotto le bandiere a mezz&#8217;asta, come da invito del presidente dell&#8217;ANCI, a poche ore dall&#8217;approvazione della legge che istituisce la giornata nazionale in memoria delle persone scomparse a seguito dell&#8217;epidemia da Covid.<\/p>\n<p><strong>IL SINDACO PAOLO PERENZIN<\/strong><\/p>\n<audio class=\"wp-audio-shortcode\" id=\"audio-197681-3\" preload=\"none\" style=\"width: 100%;\" controls=\"controls\"><source type=\"audio\/mpeg\" src=\"https:\/\/www.radiopiu.net\/wordpress\/wp-content\/uploads\/2021\/03\/Audio-Perenzin-giornata-vittime-da-Covid.mp3?_=3\" \/><a href=\"https:\/\/www.radiopiu.net\/wordpress\/wp-content\/uploads\/2021\/03\/Audio-Perenzin-giornata-vittime-da-Covid.mp3\">https:\/\/www.radiopiu.net\/wordpress\/wp-content\/uploads\/2021\/03\/Audio-Perenzin-giornata-vittime-da-Covid.mp3<\/a><\/audio>\n<p>&nbsp;<\/p>\n<p>&nbsp;<\/p>\n<blockquote>\n<h3>DA BELLUNO, IL SINDACO JACOPO MASSARO<\/h3>\n<\/blockquote>\n<p>&nbsp;<\/p>\n<p><iframe loading=\"lazy\" title=\"Jacopo Massaro   Minuto silenzio ANCI vittime un anno Covid\" width=\"1200\" height=\"675\" src=\"https:\/\/www.youtube.com\/embed\/yyje1T1557o?feature=oembed\" frameborder=\"0\" allow=\"accelerometer; autoplay; clipboard-write; encrypted-media; gyroscope; picture-in-picture\" allowfullscreen><\/iframe><\/p>\n<p>&nbsp;<\/p>\n<p>&nbsp;<\/p>\n<hr \/>\n<p>&nbsp;<\/p>\n<blockquote>\n<h3>L&#8217;APPELLO DI ANEF AL MINISTRO DEL TURISMO MASSIMO GARAVAGLIA<\/h3>\n<\/blockquote>\n<p><strong>ROMA<\/strong> Valeria Ghezzi, presidente ANEF (Associazione Nazionale Esercenti Funiviari) ha inviato questa mattina al Ministro del Turismo Massimo Garavaglia un appello in merito alle indiscrezioni trapelate sulla destinazione del fondo montagna<\/p>\n<p><em>Caro Ministro Massimo Garavaglia,\u00a0<\/em><br \/>\n<em><a href=\"https:\/\/www.radiopiu.net\/wordpress\/lappello-di-anef-al-ministro-del-turismo-massimo-garavaglia\/monique-foto-anef-p004\/\" rel=\"attachment wp-att-197826\"><img loading=\"lazy\" decoding=\"async\" class=\"wp-image-197826 alignleft\" src=\"https:\/\/www.radiopiu.net\/wordpress\/wp-content\/uploads\/2021\/03\/\u00a9-MoniQue-foto-ANEF-p004-300x211.jpg\" alt=\"\" width=\"172\" height=\"121\" srcset=\"https:\/\/www.radiopiu.net\/wordpress\/wp-content\/uploads\/2021\/03\/\u00a9-MoniQue-foto-ANEF-p004-300x211.jpg 300w, https:\/\/www.radiopiu.net\/wordpress\/wp-content\/uploads\/2021\/03\/\u00a9-MoniQue-foto-ANEF-p004-768x541.jpg 768w, https:\/\/www.radiopiu.net\/wordpress\/wp-content\/uploads\/2021\/03\/\u00a9-MoniQue-foto-ANEF-p004.jpg 1024w\" sizes=\"auto, (max-width: 172px) 100vw, 172px\" \/><\/a>Mi permetto queste poche righe dopo le indiscrezioni secondo cui il fondo montagna sarebbe stato aperto a tutti gli operatori della montagna.\u00a0 Le scrivo da imprenditore di ristorazione, ricettivo e impianti di risalita. Tre mestieri essenziali nell\u2019economia di montagna ma sui quali l\u2019impatto delle chiusure \u00e8 stato profondamente diverso per la diversa struttura di costi e ricavi e per l\u2019incidenza decisamente diversa dei costi fissi. Non mi dilungo, ma se le categorie venissero assimilate, temo che molti impianti non saranno neppure in grado di fare manutenzioni e interventi\u00a0necessari per il prossimo inverno. Ci attendono 8 lunghi mesi di spese e costi in totale assenza di ricavi. Veniamo da 12 mesi di costi sostenuti in totale assenza di ricavi. \u00a0Da presidente dei Funiviari italiani, Le chiedo di darci, con il fondo che era stato pensato per la categoria, una chance di sopravvivenza, essenziale anche per tutte le altre attivit\u00e0 economiche della montagna. E di considerare come una nostra grande difficolt\u00e0 potrebbe spostare i flussi turistici sui mercati d\u2019oltralpe.\u00a0<\/em><\/p>\n<p>&nbsp;<\/p>\n<hr \/>\n<blockquote>\n<h3><\/h3>\n<h3>IL CAI DI AGORDO RICORDA L&#8217;AMICO NANDO, SOCIO DA 77 ANNI<\/h3>\n<\/blockquote>\n<p><strong>di GIANNI SANTOMASO\u00a0\u00a0<\/strong><\/p>\n<audio class=\"wp-audio-shortcode\" id=\"audio-197681-4\" preload=\"none\" style=\"width: 100%;\" controls=\"controls\"><source type=\"audio\/mpeg\" src=\"https:\/\/www.radiopiu.net\/wordpress\/wp-content\/uploads\/2021\/03\/GIANNI-CAI.mp3?_=4\" \/><a href=\"https:\/\/www.radiopiu.net\/wordpress\/wp-content\/uploads\/2021\/03\/GIANNI-CAI.mp3\">https:\/\/www.radiopiu.net\/wordpress\/wp-content\/uploads\/2021\/03\/GIANNI-CAI.mp3<\/a><\/audio>\n<p>&nbsp;<\/p>\n<p><strong><a href=\"https:\/\/www.radiopiu.net\/wordpress\/il-cai-di-agordo-ricorda-lamico-socio-da-77-anni\/b16fcdcf-03e7-4b69-8e67-bbca32d00f09\/\" rel=\"attachment wp-att-197830\"><img loading=\"lazy\" decoding=\"async\" class=\"size-medium wp-image-197830 alignleft\" src=\"https:\/\/www.radiopiu.net\/wordpress\/wp-content\/uploads\/2021\/03\/b16fcdcf-03e7-4b69-8e67-bbca32d00f09-300x199.jpg\" alt=\"\" width=\"300\" height=\"199\" srcset=\"https:\/\/www.radiopiu.net\/wordpress\/wp-content\/uploads\/2021\/03\/b16fcdcf-03e7-4b69-8e67-bbca32d00f09-300x199.jpg 300w, https:\/\/www.radiopiu.net\/wordpress\/wp-content\/uploads\/2021\/03\/b16fcdcf-03e7-4b69-8e67-bbca32d00f09-1024x678.jpg 1024w, https:\/\/www.radiopiu.net\/wordpress\/wp-content\/uploads\/2021\/03\/b16fcdcf-03e7-4b69-8e67-bbca32d00f09-768x508.jpg 768w, https:\/\/www.radiopiu.net\/wordpress\/wp-content\/uploads\/2021\/03\/b16fcdcf-03e7-4b69-8e67-bbca32d00f09-1536x1017.jpg 1536w, https:\/\/www.radiopiu.net\/wordpress\/wp-content\/uploads\/2021\/03\/b16fcdcf-03e7-4b69-8e67-bbca32d00f09.jpg 1600w\" sizes=\"auto, (max-width: 300px) 100vw, 300px\" \/><\/a>AGORDO<\/strong> Si \u00e8 spento a Salce a 97 anni Nando Valletta, agordino\u00a0 di adozione socio della sezione agordina &#8220;Armando Tama Da Roit&#8221;. Il consiglio direttivo presieduto da Anna Magro \u00e8 vicino alla famiglia con un grazie a Nando per aver creduto tanti anni nel Cai e nella sezione agordina.<\/p>\n<blockquote><p><em>&#8220;Questo socio ha vissuto met\u00e0 della storia della nostra Sezione. Con il primo bollino nel 1943, aveva ben 77 anni di iscrizione e nel 2018, anno del 150 \u00b0, egli fu premiato con una targa per il suo 75 \u00b0 anno di fedelt\u00e0 al sodalizio: esattamente la met\u00e0 degli anni della Sezione Agordina.\u00a0 Amico di Arvedo Decima (altro socio 75nnale) e Attilio Tazzer, fu attivo negli anni del dopoguerra anche nella costruzione del Rifugio B. Carestiato e grazie a lui, qualche anno fa, fu possibile il rientro nella nostra Sede di una preziosa litografia del 1852 raffigurante la piazza di Agordo e la Chiesa Arcidiaconale. Poche righe ma doverose, che possono essere lo spunto (soprattutto per i pi\u00f9 giovani) per una riflessione sul significato di appartenenza al CAI e al valore che una persona pu\u00f2 dare a questo: nel &#8217;43 in piena Seconda Guerra Mondiale per Lui doveva essere molto forte&#8221;\u00a0<\/em><\/p><\/blockquote>\n<h5><strong>FOTO CaiAgordo Assemblea Sezionale 2018. Consegna della targa per i 75 anni di iscrizione al socio Nando Valletta<\/strong><\/h5>\n<p>&nbsp;<\/p>\n<hr \/>\n<p>&nbsp;<\/p>\n<blockquote>\n<h3>GLI OBIETTIVI DEL SINDACO STEFANO DA ZANCHE, ECCO LA\u00a0 VARIAZIONE DI BILANCIO<\/h3>\n<\/blockquote>\n<p>&nbsp;<\/p>\n<p><strong>GOSALDO<\/strong><\/p>\n<p><strong>DI GIANNI SANTOMASO\u00a0\u00a0<\/strong><\/p>\n<audio class=\"wp-audio-shortcode\" id=\"audio-197681-5\" preload=\"none\" style=\"width: 100%;\" controls=\"controls\"><source type=\"audio\/mpeg\" src=\"https:\/\/www.radiopiu.net\/wordpress\/wp-content\/uploads\/2021\/03\/GIANNI-GOSALDO-1.mp3?_=5\" \/><a href=\"https:\/\/www.radiopiu.net\/wordpress\/wp-content\/uploads\/2021\/03\/GIANNI-GOSALDO-1.mp3\">https:\/\/www.radiopiu.net\/wordpress\/wp-content\/uploads\/2021\/03\/GIANNI-GOSALDO-1.mp3<\/a><\/audio>\n<h2><\/h2>\n<h2>L&#8217;INTERA SEDUTA DEL CONSIGLIO COMUNALE DI MERCOLEDI.<\/h2>\n<p><iframe loading=\"lazy\" title=\"CONSIGLIO COMUNALE DI GOSALDO, DIRETTA 17 MARZO 2021\" width=\"1200\" height=\"675\" src=\"https:\/\/www.youtube.com\/embed\/peIR_U-nnC4?feature=oembed\" frameborder=\"0\" allow=\"accelerometer; autoplay; clipboard-write; encrypted-media; gyroscope; picture-in-picture\" allowfullscreen><\/iframe><\/p>\n<p>&nbsp;<\/p>\n<p>&nbsp;<\/p>\n<hr \/>\n<p>&nbsp;<\/p>\n<blockquote>\n<h3>ENTRO FINE APRILE SI POTRA&#8217; TRANSITARE SUL PONTE DEL FELICE, DALLA PROVINCIA 50MILA EURO<\/h3>\n<\/blockquote>\n<p><em><strong>Al via altri importanti cantieri, sar\u00e0 una primavera di grandi lavori, dal centro alle frazioni e fino a Le Campe<\/strong><\/em><\/p>\n<p><strong>LA VALLE AGORDINA<\/strong><\/p>\n<p><strong>GIANNI SANTOMASO<\/strong><\/p>\n<audio class=\"wp-audio-shortcode\" id=\"audio-197681-6\" preload=\"none\" style=\"width: 100%;\" controls=\"controls\"><source type=\"audio\/mpeg\" src=\"https:\/\/www.radiopiu.net\/wordpress\/wp-content\/uploads\/2021\/03\/GIANNI-ZUANEL.mp3?_=6\" \/><a href=\"https:\/\/www.radiopiu.net\/wordpress\/wp-content\/uploads\/2021\/03\/GIANNI-ZUANEL.mp3\">https:\/\/www.radiopiu.net\/wordpress\/wp-content\/uploads\/2021\/03\/GIANNI-ZUANEL.mp3<\/a><\/audio>\n<p>&nbsp;<\/p>\n<h3>ARCHIVIO RADIO PIU. 7 DICEMBRE 2020<\/h3>\n<blockquote class=\"wp-embedded-content\" data-secret=\"WD8jcPaojW\"><p><a href=\"https:\/\/www.radiopiu.net\/wordpress\/chiuso-ponte-felice-a-crostolin-di-agordo-arrabbiato-il-sindaco-zuanel\/\">CHIUSO PONTE DEL FELICE A CROSTOLIN DI AGORDO, ARRABBIATO IL SINDACO ZUANEL<\/a><\/p><\/blockquote>\n<p><iframe loading=\"lazy\" class=\"wp-embedded-content\" sandbox=\"allow-scripts\" security=\"restricted\" style=\"position: absolute; clip: rect(1px, 1px, 1px, 1px);\" title=\"&#8220;CHIUSO PONTE DEL FELICE A CROSTOLIN DI AGORDO, ARRABBIATO IL SINDACO ZUANEL&#8221; &#8212; Radio Pi\u00f9\" src=\"https:\/\/www.radiopiu.net\/wordpress\/chiuso-ponte-felice-a-crostolin-di-agordo-arrabbiato-il-sindaco-zuanel\/embed\/#?secret=WD8jcPaojW\" data-secret=\"WD8jcPaojW\" width=\"600\" height=\"338\" frameborder=\"0\" marginwidth=\"0\" marginheight=\"0\" scrolling=\"no\"><\/iframe><\/p>\n<p>&nbsp;<\/p>\n<p>&nbsp;<\/p>\n<p>&nbsp;<\/p>\n<hr \/>\n<blockquote>\n<h2><\/h2>\n<\/blockquote>\n<blockquote>\n<h2>FOCUS SUL TERRITORIO DI ROCCA PIETORE TOTALE COMPLESSIVO 114 milioni di euro<\/h2>\n<p><strong>ANDREA DE BERNARDIN<\/strong> : <em>&#8220;Adesso\u00a0 passer\u00e0 il messaggio che tutti i soldi arrivano a Rocca. Nei mesi dopo Vaia anche gli stessi miei cittadini mi invitavano a non fare troppa pubblicit\u00e0 riguardo a quanto ci era successo, convinti che poi non sarebbe pi\u00f9 venuto nessuno a Rocca. Al contrario ho tenuto sempre un livello altissimo di attenzione. Un po&#8217; anche grazie al clamore suscitato, tutti i politici transitati, non si sono limitati a fare &#8220;passerelle&#8221;, ma han portato anche soldi. E questo \u00e8 successo in tutto il bellunese. A Rocca sicuramente di pi\u00f9 e questo perch\u00e9 quando facevo i proclami sui Media e dicevo che i nostri danni superavano abbondantemente i 100milioni di euro, non dicevo eresie. I danni li abbiamo avuti. Eccome! Ma ci rimettiamo in piedi! Ne sono certo. E prepariamoci all&#8217;assalto dei turisti quando riapriranno i Serrai&#8221;<\/em><\/p><\/blockquote>\n<p><strong><a href=\"https:\/\/www.radiopiu.net\/wordpress\/tempesta-vaia-pubblicata-gara-per-lavori-ai-serrai-di-sottoguda\/1091-2020-lavoriserrai2020_1\/\" rel=\"attachment wp-att-152017\"><img loading=\"lazy\" decoding=\"async\" class=\"size-medium wp-image-152017 alignleft\" src=\"https:\/\/www.radiopiu.net\/wordpress\/wp-content\/uploads\/2020\/07\/1091-2020-LavoriSerrai2020_1-300x225.jpg\" alt=\"\" width=\"300\" height=\"225\" srcset=\"https:\/\/www.radiopiu.net\/wordpress\/wp-content\/uploads\/2020\/07\/1091-2020-LavoriSerrai2020_1-300x225.jpg 300w, https:\/\/www.radiopiu.net\/wordpress\/wp-content\/uploads\/2020\/07\/1091-2020-LavoriSerrai2020_1-768x576.jpg 768w, https:\/\/www.radiopiu.net\/wordpress\/wp-content\/uploads\/2020\/07\/1091-2020-LavoriSerrai2020_1.jpg 1024w\" sizes=\"auto, (max-width: 300px) 100vw, 300px\" \/><\/a>LAVORI POST VAIA IN CORSO D&#8217;OPERA, LAVORI GI\u00c0 APPALTATI E LAVORI DA APPALTARE MA GI\u00c0 FINANZIATI<\/strong> *Strada di cantiere Valbona 400mila,\u00a0 *Strade per recupero schianti Festidel\/Costa e Caracoi Agoin\/Col de le Mandre 250mila,\u00a0 *Strada Davare\/Malga Laste 250mila,\u00a0 *Strada Casiere\/Mont da Laste 180mila,\u00a0 *ripristino strada boschiva Saviner di Calloneghe 70mila,\u00a0 *Strada recupero schianti Rocca\/Vallazza 250mila<br \/>\n*Strade recupero schianti Sopracordevole\/Pian de Fosse e Sopracordevole\/Laste di Sotto 100mila,\u00a0 *Strada Businera Pezz\u00e9\/Caracoi (primo intervento) 50mila,\u00a0 *Strada Ronch\/Malga Laste per raggiungimento acquedotto 60mila,\u00a0 *Strada recupero boschivo Digonera\/Fratta 40mila,\u00a0 *Strade recupero schianti Pian de le Neole e Dornera 300mila,\u00a0 *Strada recupero schianti Le Grazie\/Rio Barce 30mila,\u00a0 *Strada boschiva Col di Rocca\/Valier 200mila,\u00a0 *Ru de Valbona Sottoguda 2milioni,\u00a0 *alveo Pettorina opere varie,\u00a0 1,2 milioni,\u00a0 *alveo Cordevole zona Digonera 400mila,\u00a0 *interventi ambientali vari sul territorio comunale 1,8 milioni,\u00a0 *Ru de Forzelaz Col di Rocca 600mila,\u00a0 *Ru da Molin Santa Maria delle Grazie circa 1milione,\u00a0 *Ru de Ombretta 250mila,\u00a0 *zona Pian de le Ris-ce\/Pr\u00e8 del Toro ricomposizione ambientale 300mila,\u00a0 *recupero ceppaie 200mila circa,\u00a0 *varie opere idraulico forestali 620mila,\u00a0 *Ru Ciaudiere a Palue (primo intervento) 250mila,\u00a0 *Lavori Lago di Alleghe (per l&#8217;85% su territorio di Rocca) 8 milioni,\u00a0 *Lavori Serrai di Sottoguda,\u00a0 11,7 milioni,\u00a0 *Viabilit\u00e0 Pezz\u00e9 \/Caracoi 400mila,\u00a0 *Sistemazione strada S. Maria\/Caracoi 230mila *Ponte &#8220;de Zitol&#8221; Col di Rocca 450mila *Consolidamento terreno Ronch di Laste 200mila *Consolidamento terreno Laste di Sotto 100mila *Lavori a n. 3 ponti strada Sorar\u00fa 200mila *Ponte &#8220;dei Svelti&#8221; loc. Digonera 1 milione *Ponte sul Ru Ciaudiere a Palue 350mila *Lavori di recupero schianti e costruzione fermaneve siti valanghivi: *Caracoi Agoin 2,2 milioni *Digonera 12,3 milioni<br \/>\n*Saviner 7,2 milioni *Sopracordevole 3,4 milioni *Strada Caracoi 1,4 milioni *Migon (primo stralcio) 3,5 milioni *Mo\u00e8 3,5 milioni *fermaneve Val de Livinel (lavoro finanziato dalla Provincia) 800mila Tot. parziale 68 milioni circa<\/p>\n<p><strong><img loading=\"lazy\" decoding=\"async\" class=\"alignleft\" src=\"https:\/\/www.radiopiu.net\/wordpress\/wp-content\/uploads\/2021\/03\/camping-romantic-village.jpg\" width=\"198\" height=\"134\" \/>LAVORI AI QUALI \u00c8 STATO CHIESTO ULTERIORE FINANZIAMENTO:<\/strong> *Ru Valbona (ulteriori lavori) 3 milioni *Ru de Livinel 3 milioni *Ru de Le Ciaudiere 700mila\u00a0 *Ru de Roy, Ru dei Scur e Ru dei Termen 1,3 milioni<br \/>\n*alveo Pettorina (ulteriori lavori) 2,5 milioni *Ru de Viel\/Ru de Valaza 300mila *Ru de Le Rosse 400mila *Ru de Palata 300mila *(Lungo Lago) Ru de Zentenin, Ru de Pianaz, Ru de La Viza 600mila *Zona Acqua Solforosa Saviner 1 milione *Alveo Cordevole zona Col Badiot 3 milioni *Vari interventi fra Malga Ciapela e Passo Fedaia 1,2 milioni *interventi fra Sottoguda e Malga Ciapela 800mila *Interventi di sostegno stradale a Troi e Digonera 350mila *Varie sistemazioni stradali su territorio 1 milione *vari interventi ulteriori idraulico forestali 3,5 milioni *vari interventi di regimazione 1,5 milioni *Ulteriori interventi ai siti valanghivi 7,8 milioni *Ulteriori interventi alla viabilit\u00e0 5,1 milioni Tot. parziale 38 milioni<\/p>\n<p><strong>LAVORI GESTITI DIRETTAMENTE DAL COMUNE<\/strong> (Fondi Comuni di Confine, Fondi Vaia, contributi statali e Fondi propri) -Progetto Marmolada\/Unesco a Malga Ciapela 5 milioni circa *locale polifunzionale 1,2 milioni<br \/>\n*area attrezzata &#8220;kids park&#8221; 430mila *tapis roulant (tappeto mobile) per campo scuola principianti 200mila *potenziamento innevamento piste 2,3 milioni * campo scuola e sistemazione pista di fondo 180mila * parcheggi 500mila * intervento vasche imhoff Serrai 250mila\u00a0 *strada boschiva Digonera\/Col da Daut 130mila *sistemazione marciapiede, illuminazione, pavimentazione tratta Rocca\/Sottoguda 200mila *lavori strada Pezz\u00e9 80mila *lavori strada Sorar\u00fa 50mila *Primo stralcio del Centro Protezione Civile di Congiuo 500mila *sistemazione viabilit\u00e0 comunali 500mila *strada Franzedaz 112mila *strada Ombretta 258mila *strada Col di Rocca\/Valier 235mila *strada Col da Daut 225mila\u00a0 *stabilizzazione versanti ingresso a valle dei Serrai 250mila *servizi igienici e sistemazione sala comunale Teaz 90mila *sistemazione cimiteri 180mila *sistemazione illuminazione pubblica 100mila<\/p>\n<p>&nbsp;<\/p>\n<p>&nbsp;<\/p>\n<hr \/>\n<blockquote>\n<h3><\/h3>\n<h3>PROSEGUONO I LAVORI A MONTE DELLA STRADA PROVINCIALE 251<\/h3>\n<p><em>Condizioni climatiche e imprevisti permettendo, l\u2019intervento forestale dovrebbe chiudersi entro la met\u00e0 di aprile.<\/em><\/p><\/blockquote>\n<p><strong><a href=\"https:\/\/www.radiopiu.net\/wordpress\/giornale-radiopiu-19-marzo-2021-direttore-mirko-mezzacasa\/c4dfcd39-9612-49ca-940e-c4e6b859fa59\/\" rel=\"attachment wp-att-197843\"><img loading=\"lazy\" decoding=\"async\" class=\" wp-image-197843 alignleft\" src=\"https:\/\/www.radiopiu.net\/wordpress\/wp-content\/uploads\/2021\/03\/c4dfcd39-9612-49ca-940e-c4e6b859fa59-138x300.jpg\" alt=\"\" width=\"88\" height=\"191\" srcset=\"https:\/\/www.radiopiu.net\/wordpress\/wp-content\/uploads\/2021\/03\/c4dfcd39-9612-49ca-940e-c4e6b859fa59-138x300.jpg 138w, https:\/\/www.radiopiu.net\/wordpress\/wp-content\/uploads\/2021\/03\/c4dfcd39-9612-49ca-940e-c4e6b859fa59-473x1024.jpg 473w, https:\/\/www.radiopiu.net\/wordpress\/wp-content\/uploads\/2021\/03\/c4dfcd39-9612-49ca-940e-c4e6b859fa59-709x1536.jpg 709w, https:\/\/www.radiopiu.net\/wordpress\/wp-content\/uploads\/2021\/03\/c4dfcd39-9612-49ca-940e-c4e6b859fa59.jpg 738w\" sizes=\"auto, (max-width: 88px) 100vw, 88px\" \/><\/a>VENEZIA<\/strong> Proseguono i lavori da parte dei Servizi Forestali regionali a monte della Strada Provinciale 251 in Val di Zoldo, gravemente danneggiata dall\u2019alluvione dello scorso febbraio, che aveva provocato una colata detritica nei pressi della galleria di San Giovanni. Dopo la preliminare demolizione dei grossi massi\u00a0 \u00e8 in corso la perforazione del terreno per la realizzazione degli ancoraggi ai quali saranno fissate le strutture paramassi per la messa in sicurezza dell\u2019area. Contemporaneamente Veneto Strade sta lavorando sull\u2019immediato fianco strada, dove sono in fase di posizionamento le prime vele di trattenuta. <em>\u201cSiamo di fronte ad un intervento \u2013 spiega l\u2019assessore al Dissesto Idrogeologico Gianpaolo Bottacin \u2013 che, come in altre occasioni, stiamo svolgendo per dare pronte risposte al territorio bellunese anche laddove la competenza spetterebbe alla Provincia, a cui la legge assegna tali interventi e per gestire i quali introita i canoni demaniali, destinati appunto al finanziamento di interventi di sistemazione idrogeologica nel territorio provinciale\u201d. <\/em>Per l\u2019esecuzione del cantiere sono stati messi a disposizione 260.000 euro, con immediato avvio da parte delle strutture forestali regionali.<\/p>\n<p>&nbsp;<\/p>\n<p>&nbsp;<\/p>\n<p>&nbsp;<\/p>\n<hr \/>\n<blockquote>\n<h3><\/h3>\n<h3>CASE BORTOT VERSO LA SICUREZZA, PROSEGUONO I LAVORI DOPO IL MALTEMPO D&#8217;INIZIO DICEMBRE<\/h3>\n<\/blockquote>\n<p><strong><a href=\"https:\/\/www.radiopiu.net\/wordpress\/giornale-radiopiu-19-marzo-2021-direttore-mirko-mezzacasa\/img_9278\/\" rel=\"attachment wp-att-197838\"><img loading=\"lazy\" decoding=\"async\" class=\"size-medium wp-image-197838 alignleft\" src=\"https:\/\/www.radiopiu.net\/wordpress\/wp-content\/uploads\/2021\/03\/IMG_9278-300x225.jpg\" alt=\"\" width=\"300\" height=\"225\" srcset=\"https:\/\/www.radiopiu.net\/wordpress\/wp-content\/uploads\/2021\/03\/IMG_9278-300x225.jpg 300w, https:\/\/www.radiopiu.net\/wordpress\/wp-content\/uploads\/2021\/03\/IMG_9278-1024x768.jpg 1024w, https:\/\/www.radiopiu.net\/wordpress\/wp-content\/uploads\/2021\/03\/IMG_9278-768x576.jpg 768w, https:\/\/www.radiopiu.net\/wordpress\/wp-content\/uploads\/2021\/03\/IMG_9278-1536x1152.jpg 1536w, https:\/\/www.radiopiu.net\/wordpress\/wp-content\/uploads\/2021\/03\/IMG_9278.jpg 2016w\" sizes=\"auto, (max-width: 300px) 100vw, 300px\" \/><\/a>BELLUNO<\/strong> Proseguono a ritmo serrato i lavori in via Pra de Luni, lungo la strada che sale a Case Bortot dove \u00e8 stata installata la rete a protezione del versante. Tra qualche settimana il cantiere sar\u00e0 concluso. A dicembre una colata di detriti ha invaso la strada comunale, unico accesso\u00a0 a Case Bortot e alle abitazioni a monte del versante in frana.<br \/>\n<em>&#8220;Gi\u00e0 dai primi sopralluoghi abbiamo accertato l\u2019effettivo aggravamento del livello di stabilit\u00e0 del versante, che risulta fortemente esposto &#8211; spiega il consigliere provinciale delegato alla difesa del suolo, Massimo Bortoluzzi -. Di conseguenza, appena le condizioni climatiche hanno consentito l\u2019intervento, sono stati avviati i lavori\u00bb.<\/em><br \/>\nUn\u2019operazione complessiva per la Provincia,\u00a0 da 196mila euro. <em>&#8220;La Provincia \u00e8 sempre attenta e attiva sul tema &#8211; dice Bortoluzzi &#8211;\u00a0 nonostante le ormai arcinote carenze di personale, a cui cerchiamo di sopperire con una riorganizzazione interna varata nelle ultime settimane. Ovviamente non basta, ed \u00e8 per questo che abbiamo avviato un dialogo con la Regione Veneto, con la richiesta di assumere personale utilizzando il fondo dei canoni idrici, senza gravare sul bilancio regionale\u00bb.\u00a0<\/em><\/p>\n<p>&nbsp;<\/p>\n<hr \/>\n<p>&nbsp;<\/p>\n<blockquote>\n<h3>LA COMUNICAZIONE SUI PALI DELLA LUCE<\/h3>\n<\/blockquote>\n<p><strong>VOLTAGO<\/strong> Martedi dalle 8 alle 14 in diverse vie del Comune di Voltago mancher\u00e0 l&#8217;energia elettrica dalle 8 alle 14. Per poter informare meglio la popolazione siamo saliti a Voltago per leggere una locandina. Non \u00e8 stato facile strabuzzare gli occhi attorno al palo per arrivare leggere l&#8217;intero messaggio. Strano modo di comunicare che non aiuta la popolazione, tanto meno gli anziani<\/p>\n\n\t\t\t<style type='text\/css'>\n\t\t\t\t#gallery-2 {\n\t\t\t\t\tmargin: auto;\n\t\t\t\t}\n\t\t\t\t#gallery-2 .gallery-item {\n\t\t\t\t\tfloat: left;\n\t\t\t\t\tmargin-top: 10px;\n\t\t\t\t\ttext-align: center;\n\t\t\t\t\twidth: 50%;\n\t\t\t\t}\n\t\t\t\t#gallery-2 img {\n\t\t\t\t\tborder: 2px solid #cfcfcf;\n\t\t\t\t}\n\t\t\t\t#gallery-2 .gallery-caption {\n\t\t\t\t\tmargin-left: 0;\n\t\t\t\t}\n\t\t\t\t\/* see gallery_shortcode() in wp-includes\/media.php *\/\n\t\t\t<\/style>\n\t\t<div id='gallery-2' class='dt-gallery-container gallery galleryid-197681 gallery-columns-2 gallery-size-medium'><dl class='gallery-item'>\n\t\t\t\t<dt class='gallery-icon portrait'>\n\t\t\t\t\t<a class=\"rollover rollover-zoom dt-pswp-item\" title=\"fb7d5367-aadb-4cca-9135-804addf4c71b\" data-dt-img-description=\"\" data-large_image_width=\"1126\" data-large_image_height=\"2000\"href='https:\/\/www.radiopiu.net\/wordpress\/wp-content\/uploads\/2021\/03\/fb7d5367-aadb-4cca-9135-804addf4c71b.jpg'><img loading=\"lazy\" decoding=\"async\" width=\"169\" height=\"300\" src=\"https:\/\/www.radiopiu.net\/wordpress\/wp-content\/uploads\/2021\/03\/fb7d5367-aadb-4cca-9135-804addf4c71b-169x300.jpg\" class=\"attachment-medium size-medium\" alt=\"\" srcset=\"https:\/\/www.radiopiu.net\/wordpress\/wp-content\/uploads\/2021\/03\/fb7d5367-aadb-4cca-9135-804addf4c71b-169x300.jpg 169w, https:\/\/www.radiopiu.net\/wordpress\/wp-content\/uploads\/2021\/03\/fb7d5367-aadb-4cca-9135-804addf4c71b-577x1024.jpg 577w, https:\/\/www.radiopiu.net\/wordpress\/wp-content\/uploads\/2021\/03\/fb7d5367-aadb-4cca-9135-804addf4c71b-768x1364.jpg 768w, https:\/\/www.radiopiu.net\/wordpress\/wp-content\/uploads\/2021\/03\/fb7d5367-aadb-4cca-9135-804addf4c71b-865x1536.jpg 865w, https:\/\/www.radiopiu.net\/wordpress\/wp-content\/uploads\/2021\/03\/fb7d5367-aadb-4cca-9135-804addf4c71b.jpg 1126w\" sizes=\"auto, (max-width: 169px) 100vw, 169px\" \/><\/a>\n\t\t\t\t<\/dt><\/dl><dl class='gallery-item'>\n\t\t\t\t<dt class='gallery-icon portrait'>\n\t\t\t\t\t<a class=\"rollover rollover-zoom dt-pswp-item\" title=\"8b6ba693-8a2b-4433-aea8-5486d4ade8ef\" data-dt-img-description=\"\" data-large_image_width=\"1131\" data-large_image_height=\"1600\"href='https:\/\/www.radiopiu.net\/wordpress\/wp-content\/uploads\/2021\/03\/8b6ba693-8a2b-4433-aea8-5486d4ade8ef.jpg'><img loading=\"lazy\" decoding=\"async\" width=\"212\" height=\"300\" src=\"https:\/\/www.radiopiu.net\/wordpress\/wp-content\/uploads\/2021\/03\/8b6ba693-8a2b-4433-aea8-5486d4ade8ef-212x300.jpg\" class=\"attachment-medium size-medium\" alt=\"\" srcset=\"https:\/\/www.radiopiu.net\/wordpress\/wp-content\/uploads\/2021\/03\/8b6ba693-8a2b-4433-aea8-5486d4ade8ef-212x300.jpg 212w, https:\/\/www.radiopiu.net\/wordpress\/wp-content\/uploads\/2021\/03\/8b6ba693-8a2b-4433-aea8-5486d4ade8ef-724x1024.jpg 724w, https:\/\/www.radiopiu.net\/wordpress\/wp-content\/uploads\/2021\/03\/8b6ba693-8a2b-4433-aea8-5486d4ade8ef-768x1086.jpg 768w, https:\/\/www.radiopiu.net\/wordpress\/wp-content\/uploads\/2021\/03\/8b6ba693-8a2b-4433-aea8-5486d4ade8ef-1086x1536.jpg 1086w, https:\/\/www.radiopiu.net\/wordpress\/wp-content\/uploads\/2021\/03\/8b6ba693-8a2b-4433-aea8-5486d4ade8ef.jpg 1131w\" sizes=\"auto, (max-width: 212px) 100vw, 212px\" \/><\/a>\n\t\t\t\t<\/dt><\/dl><br style=\"clear: both\" \/>\n\t\t\t<\/div>\n\n<p>&nbsp;<\/p>\n<p>&nbsp;<\/p>\n<hr \/>\n<p>&nbsp;<\/p>\n<p>&nbsp;<\/p>\n<blockquote class=\"wp-embedded-content\" data-secret=\"baGC2y7O4l\"><p><a href=\"https:\/\/www.radiopiu.net\/wordpress\/aggmar18\/\">CORONAVIRUS: AGGIORNAMENTO NAZIONALE 18 MARZO 2021<\/a><\/p><\/blockquote>\n<p><iframe loading=\"lazy\" class=\"wp-embedded-content\" sandbox=\"allow-scripts\" security=\"restricted\" style=\"position: absolute; clip: rect(1px, 1px, 1px, 1px);\" title=\"&#8220;CORONAVIRUS: AGGIORNAMENTO NAZIONALE 18 MARZO 2021&#8221; &#8212; Radio Pi\u00f9\" src=\"https:\/\/www.radiopiu.net\/wordpress\/aggmar18\/embed\/#?secret=baGC2y7O4l\" data-secret=\"baGC2y7O4l\" width=\"600\" height=\"338\" frameborder=\"0\" marginwidth=\"0\" marginheight=\"0\" scrolling=\"no\"><\/iframe><\/p>\n<p>I GRAFICI DI TIZIANO DE COL<\/p>\n<p>&nbsp;<\/p>\n<p>&nbsp;<\/p>\n<blockquote class=\"wp-embedded-content\" data-secret=\"KELwjf3nUs\"><p><a href=\"https:\/\/www.radiopiu.net\/wordpress\/aggazzero17aaa\/\">OTTO PAZIENTI IN PIU&#8217; IN TERAPIA INTENSIVA, 323 ATTUALMENTE POSITIVI IN PIU&#8217; E 40 DECESSI NELLE 24 ORE<\/a><\/p><\/blockquote>\n<p><iframe loading=\"lazy\" class=\"wp-embedded-content\" sandbox=\"allow-scripts\" security=\"restricted\" style=\"position: absolute; clip: rect(1px, 1px, 1px, 1px);\" title=\"&#8220;OTTO PAZIENTI IN PIU&#8217; IN TERAPIA INTENSIVA, 323 ATTUALMENTE POSITIVI IN PIU&#8217; E 40 DECESSI NELLE 24 ORE&#8221; &#8212; Radio Pi\u00f9\" src=\"https:\/\/www.radiopiu.net\/wordpress\/aggazzero17aaa\/embed\/#?secret=KELwjf3nUs\" data-secret=\"KELwjf3nUs\" width=\"600\" height=\"338\" frameborder=\"0\" marginwidth=\"0\" marginheight=\"0\" scrolling=\"no\"><\/iframe><\/p>\n<p>I GRAFICI DI TIZIANO DE COL<\/p>\n\n\t\t\t<style type='text\/css'>\n\t\t\t\t#gallery-3 {\n\t\t\t\t\tmargin: auto;\n\t\t\t\t}\n\t\t\t\t#gallery-3 .gallery-item {\n\t\t\t\t\tfloat: left;\n\t\t\t\t\tmargin-top: 10px;\n\t\t\t\t\ttext-align: center;\n\t\t\t\t\twidth: 20%;\n\t\t\t\t}\n\t\t\t\t#gallery-3 img {\n\t\t\t\t\tborder: 2px solid #cfcfcf;\n\t\t\t\t}\n\t\t\t\t#gallery-3 .gallery-caption {\n\t\t\t\t\tmargin-left: 0;\n\t\t\t\t}\n\t\t\t\t\/* see gallery_shortcode() in wp-includes\/media.php *\/\n\t\t\t<\/style>\n\t\t<div id='gallery-3' class='dt-gallery-container gallery galleryid-197681 gallery-columns-5 gallery-size-thumbnail'><dl class='gallery-item'>\n\t\t\t\t<dt class='gallery-icon landscape'>\n\t\t\t\t\t<a class=\"rollover rollover-zoom dt-pswp-item\" title=\"e3886ddf-30fa-47dc-9cef-ff86873ed076\" data-dt-img-description=\"\" data-large_image_width=\"600\" data-large_image_height=\"354\"href='https:\/\/www.radiopiu.net\/wordpress\/wp-content\/uploads\/2021\/03\/e3886ddf-30fa-47dc-9cef-ff86873ed076.jpg'><img loading=\"lazy\" decoding=\"async\" width=\"150\" height=\"150\" src=\"https:\/\/www.radiopiu.net\/wordpress\/wp-content\/uploads\/2021\/03\/e3886ddf-30fa-47dc-9cef-ff86873ed076-150x150.jpg\" class=\"attachment-thumbnail size-thumbnail\" alt=\"\" \/><\/a>\n\t\t\t\t<\/dt><\/dl><dl class='gallery-item'>\n\t\t\t\t<dt class='gallery-icon landscape'>\n\t\t\t\t\t<a class=\"rollover rollover-zoom dt-pswp-item\" title=\"fd424d2f-0e61-4cf2-acd7-5342887484ea\" data-dt-img-description=\"\" data-large_image_width=\"604\" data-large_image_height=\"354\"href='https:\/\/www.radiopiu.net\/wordpress\/wp-content\/uploads\/2021\/03\/fd424d2f-0e61-4cf2-acd7-5342887484ea.jpg'><img loading=\"lazy\" decoding=\"async\" width=\"150\" height=\"150\" src=\"https:\/\/www.radiopiu.net\/wordpress\/wp-content\/uploads\/2021\/03\/fd424d2f-0e61-4cf2-acd7-5342887484ea-150x150.jpg\" class=\"attachment-thumbnail size-thumbnail\" alt=\"\" \/><\/a>\n\t\t\t\t<\/dt><\/dl><dl class='gallery-item'>\n\t\t\t\t<dt class='gallery-icon landscape'>\n\t\t\t\t\t<a class=\"rollover rollover-zoom dt-pswp-item\" title=\"d2c725c9-579c-4ca4-9a12-9c84d716ca31\" data-dt-img-description=\"\" data-large_image_width=\"602\" data-large_image_height=\"356\"href='https:\/\/www.radiopiu.net\/wordpress\/wp-content\/uploads\/2021\/03\/d2c725c9-579c-4ca4-9a12-9c84d716ca31.jpg'><img loading=\"lazy\" decoding=\"async\" width=\"150\" height=\"150\" src=\"https:\/\/www.radiopiu.net\/wordpress\/wp-content\/uploads\/2021\/03\/d2c725c9-579c-4ca4-9a12-9c84d716ca31-150x150.jpg\" class=\"attachment-thumbnail size-thumbnail\" alt=\"\" \/><\/a>\n\t\t\t\t<\/dt><\/dl><dl class='gallery-item'>\n\t\t\t\t<dt class='gallery-icon landscape'>\n\t\t\t\t\t<a class=\"rollover rollover-zoom dt-pswp-item\" title=\"8f103e9e-4e6c-4c97-9d24-816eef67e115\" data-dt-img-description=\"\" data-large_image_width=\"606\" data-large_image_height=\"353\"href='https:\/\/www.radiopiu.net\/wordpress\/wp-content\/uploads\/2021\/03\/8f103e9e-4e6c-4c97-9d24-816eef67e115.jpg'><img loading=\"lazy\" decoding=\"async\" width=\"150\" height=\"150\" src=\"https:\/\/www.radiopiu.net\/wordpress\/wp-content\/uploads\/2021\/03\/8f103e9e-4e6c-4c97-9d24-816eef67e115-150x150.jpg\" class=\"attachment-thumbnail size-thumbnail\" alt=\"\" \/><\/a>\n\t\t\t\t<\/dt><\/dl><dl class='gallery-item'>\n\t\t\t\t<dt class='gallery-icon landscape'>\n\t\t\t\t\t<a class=\"rollover rollover-zoom dt-pswp-item\" title=\"1d098903-2ad0-4535-9474-9e47296497c7\" data-dt-img-description=\"\" data-large_image_width=\"616\" data-large_image_height=\"352\"href='https:\/\/www.radiopiu.net\/wordpress\/wp-content\/uploads\/2021\/03\/1d098903-2ad0-4535-9474-9e47296497c7.jpg'><img loading=\"lazy\" decoding=\"async\" width=\"150\" height=\"150\" src=\"https:\/\/www.radiopiu.net\/wordpress\/wp-content\/uploads\/2021\/03\/1d098903-2ad0-4535-9474-9e47296497c7-150x150.jpg\" class=\"attachment-thumbnail size-thumbnail\" alt=\"\" \/><\/a>\n\t\t\t\t<\/dt><\/dl><br style=\"clear: both\" \/>\n\t\t\t<\/div>\n\n<p>&nbsp;<\/p>\n<hr \/>\n<p>&nbsp;<\/p>\n<blockquote>\n<h3>PEGGIORAMENTO IN VENETO, OSPEDALI NON ANCORA AL COLLASSO MA SI TEME IL PICCO &#8211; DA VENEZIA ZAIA<\/h3>\n<\/blockquote>\n<blockquote>\n<h5>LEGGI LA CONFERENZA STAMPA DI LUCA ZAIA<\/h5>\n<p><em>Abbiamo lottato a mani nude, senza piani, senza dispositivi, addirittura con le autorit\u00e0 che ci dicevano di non usare le mascherine. E&#8217; stata ed \u00e8 una guerra che ha sconvolto le nostre vite.<\/em><\/p><\/blockquote>\n<p>In apertura il ricordo della tragedia in una Regione che ha pagato a caro prezzo la pandemia, ad oggi \u00e8 l&#8217;ottava regione in Italia per mortalit\u00e0. Un bilancio pauroso a livello internazionale, tutti gli Stati sono stati toccati. Parliamo di persone che hanno perso la vita e troppo spesso la morte \u00e8 stata liquidata con &#8220;tanto era anziano&#8221; &#8220;tanto era malato&#8221; quasi a giustificiare i decessi. Abbiamo l&#8217;obbligo di ricordare in questa giornata. SEGUE IL MINUTO DI SILENZIO<\/p>\n<blockquote>\n<h3>L&#8217;ASSESSORE MANUELA LANZARIN<\/h3>\n<\/blockquote>\n<p><strong>NOVITA&#8217;<\/strong> In Giunta sono stati approvati i nuovi provvedimenti, nuovo piano sanit\u00e0 pubblica e nuovo piano vaccinale che \u00e8 poi quello nazionale calato sulla realt\u00e0 regionale. Individua il cambio a livello nazionale della strategia. Non pi\u00f9 servizi essenziali ma le persone super fragili nelle singole patologie e il concetto della classe di et\u00e0, dai pi\u00f9 anziani. <strong>VACCINAZIONE\u00a0 <\/strong>Ieri commissione salute per affrontare pi\u00f9 tematiche, vaccinazione, tasselli che ci mancano come possono essere coinvolte le farmacie, abbiamo chiesto chiarezza. Abbiamo condiviso con le regioni il problema dei non residenti per lavoro o persone che per questione sanitarie si curano in altra regione. Concordato il criterio della sede lavorativa indipendentemente dalla residenza in Ulss o Regione. Un pendolare puo&#8217; anche vaccinarsi nel proprio Comune di residenza.<\/p>\n<blockquote>\n<h3>DOTTORESSA FRANCESCA RUSSO<\/h3>\n<p><em>Nessuno rimarr\u00e0 senza i vaccini<\/em>\u00a0procederemo<em> con le priorit\u00e0 persone fragili e corti per et\u00e0. <\/em>Le vaccinazioni delle classi &#8217;41-&#8217;40-&#8217;39 sono quasi completate, adesione superiore all&#8217;80%.<\/p><\/blockquote>\n<p><strong>IL NUOVO PIANO DI SANITA&#8217; PUBBLICA<\/strong> Il Veneto ha prorogato la possibilit\u00e0 di assegnazione di infermieri delle Ulss nelle strutture extra ospedaliere per anziani, a fronte dell&#8217;aggravio delle necessit\u00e0 di assistenza dovute al Covid. Il tempo di isolamento d quarantena \u00e8 stato portato a 14 giorni per avere maggiori precauzioni. Allargata come nelle prime fasi della pandemia l&#8217;indagine attorno ai contatti stretti, occasionali, e sar\u00e0 valutato se metterlo in quarantena o andare in sorveglianza passiva.\u00a0 <strong>OBIETTIVI<\/strong> \u00a0intercettare le nuove varianti, il 50% dei virus che circolano. In Veneto sono tutti casi di variante inglese, presente in tutte le province soprattutto a Padova. <strong>VACCINAZIONI\u00a0<\/strong> Nelle vaccinazioni\u00a0 priorit\u00e0 alle persone super-fragili\u00a0 (oncologici, i trapiantati, i soggetti con fibrosi cistica, i talassemici e tutti i soggetti a rischio contenuti nelle tabelle) e per et\u00e0, dai pi\u00f9 anziani. Importante sar\u00e0 il ruolo dei medici di medicina generale all&#8217;interno della strategia e meglio di chiunque altro conoscono la fragilit\u00e0 dei loro pazienti e quindi delle priorit\u00e0. Molti soggetti, fragili o delle diverse fasce di et\u00e0 potranno essere vaccinati a domicilio dai medici di medicina generale e aziende Ulss. <strong>MODALITA&#8217; DI CONTATTO OVER 80<\/strong>: alla lettera di invito alla vaccinazione, in alcune Uls consegnata a mano dai messi comunali, in alcune Uls si \u00e8 aggiunta la telefonata e l&#8217;invio di un Sms. Chi non si \u00e8 presentato verr\u00e0 richiamato per una seconda possibilit\u00e0. Per la classe &#8217;38, in tutte le Uls gli appuntamenti sono stati concordati. Per le classi dalla &#8217;37 in gi\u00f9 dipende dai sistemi usati dalle Ulss. Chi\u00a0 tra gli over 80 non \u00e8 stato contattato lo sar\u00e0 nei prossimi giorni con lettera o\u00a0 telefonata. Entro fine marzo tutti gli over 80 saranno chiamati e convocati. Pi\u00f9 difficile per la vaccinazione a domicilio che richiede tempistica pi\u00f9 lunga.<\/p>\n<blockquote>\n<h3>DOTTOR LUCIANO FLOR DIRETTORE SANITA VENETO<\/h3>\n<p><em>Abbiamo fatto piu&#8217; di 130mila vaccinazioni agli ultra ottantenni (su 220mila), molti nelle case di riposo<\/em><\/p><\/blockquote>\n<p><strong>VACCINI e CHIARIMENTI<\/strong> Noi non chiamiamo gli ultra ottantenni tutti assieme ma per anni di nascita. Ci sono alcune annate non ancora chiamate, saranno chiamati in futuro in base al numero dei vaccini disponibili. Gli ultra ottantenni sono stati vaccinati prevalentemente con Moderna e Pfizer, ma anche con Astrazeneca (ma non i vulnerabili). I vaccini Pfizer e Moderna oggi sono riservati alla seconda dose. In base ai vaccini disponibili da oggi a martedi faremo 4500 persone al giorno come prima dose. Ieri &#8211; dopo 20 giorni &#8211; abbiamo vaccinato tutti i pazienti con fibrosi cistica e qualcuno inizier\u00e0 a fare il richiamo, anche pazienti non veneti ma assistiti dai nostri ospedali. Se sabato arrivano 30mila vaccini moderna e martedi 80mila Pfizer, il martedi successiva 56mila Pfizer. Abbiamo notizie pi\u00f9 buon da aprile con 120mila pfizer a settimana e ci permetter\u00e0 di accelererare sugli ultra ottantenni e persone con fragilit\u00e0. Nella prima settimana di aprile contiamo di completare la vaccinazione agli ultra ottantenni. Ci impegnamo a chiamare gli ultra ottantenni con l&#8217;aiuto di Comuni e associazioni. Fragili e fragilissimi saranno vaccinati nei luoghi di cura.<strong> SE ARRIVA IL VIA LIBERA DA EMA PER ASTRAZENECA?<\/strong> Ripartiremo come abbiamo gi\u00e0 programmato, riprendiamo la campagna da dove \u00e8 stata interrotta con eventuali precauzioni che ci saranno prescritti.<\/p>\n<p><strong>ANDAMENTO EPIDEMIA<\/strong> C&#8217;\u00e8 un piccolo spiraglio non negativo. I pazienti ricoverati non sono cresciuti di molto ma ieri abbiamo fatto pi\u00f9 di 40mila tamponi, 20 mila molecolari ed \u00e8 cresciuta la percentuale di positivi. Se i tamoni crescono significa che c&#8217;\u00e8 necessit\u00e0 di monitorare pi\u00f9 situazioni (contatti) e sul territorio ci sono pi\u00f9 persone positive al virus. Lo vediamo anche da un confronto nazionale, abbiamo una percentuale di pazienti in rianimazione (13%) superiore alla media nazione (11%), a Padova il dato arriva al 25%. Non sono molti cresciuti i ricoveri in rianimazione nelle 24 ore ma un giorno non fa testo anche perch\u00e8 c&#8217;\u00e8 il contemporaneo aumento dei positivi. Per ora non c&#8217;\u00e8 necessit\u00e0 di bloccare le attivit\u00e0 programmate ma con tanti pazienti in terapia intensiva \u00e8 chiaro che c&#8217;\u00e8 un rallentamento, ora aspettiamo di vedere cosa succede nel fine settimana. <strong>PROVINCE IN AREA 4<\/strong>: Padova per la terapia intensiva e Treviso per la non intensiva <strong>CHI NON SI PRESENTA ALLA VACCINAZIONE?<\/strong> \u00a0va in coda alla lista, prima vengono tutti gli altri.\u00a0 <strong>AZIENDE<\/strong> Se le dosi di vaccino lo permetteranno sar\u00e0 dato il vaccino alle aziende che producono, se sono in grado di farsi le vaccinazioni lo potranno fare indipendentemente dalla fascia di et\u00e0.<\/p>\n<p>&nbsp;<\/p>\n<p><a href=\"https:\/\/www.facebook.com\/zaiaufficiale\/videos\/437910417319057\">https:\/\/www.facebook.com\/zaiaufficiale\/videos\/437910417319057<\/a><\/p>\n<p>&nbsp;<\/p>\n<hr \/>\n<p>&nbsp;<\/p>\n<p><strong>CLICCA E SCARICA LA SITUAZIONE VACCINAZIONE IN VENETO<\/strong><\/p>\n<p><a href=\"https:\/\/www.radiopiu.net\/wordpress\/giornale-radiopiu-18-marzo-2021-direttore-mirko-mezzacasa\/punto-stampa-copertura-coorti-popolazione-80_agg-18-03-2021-1-1\/\" rel=\"attachment wp-att-197872\">Punto stampa Copertura coorti Popolazione 80+_agg. 18.03.2021 (1)-1<\/a><\/p>\n<p>&nbsp;<\/p>\n<hr \/>\n<p>&nbsp;<\/p>\n<blockquote>\n<h3>DONAZZAN AL TAVOLO DELL\u2019OCCHIALERIA, \u201cPOLITICHE DI FILIERA A DIFESA DEI LAVORATORI E DELLE IMPRESE\u201d<\/h3>\n<\/blockquote>\n<p><strong><a href=\"https:\/\/www.radiopiu.net\/wordpress\/giornale-radiopiu-19-marzo-2021-direttore-mirko-mezzacasa\/xxx-2021-tavolo-occhialeria-assessore-donazzan\/\" rel=\"attachment wp-att-197844\"><img loading=\"lazy\" decoding=\"async\" class=\"size-medium wp-image-197844 alignleft\" src=\"https:\/\/www.radiopiu.net\/wordpress\/wp-content\/uploads\/2021\/03\/xxx-2021-TAVOLO-OCCHIALERIA-ASSESSORE-DONAZZAN-300x113.jpg\" alt=\"\" width=\"300\" height=\"113\" srcset=\"https:\/\/www.radiopiu.net\/wordpress\/wp-content\/uploads\/2021\/03\/xxx-2021-TAVOLO-OCCHIALERIA-ASSESSORE-DONAZZAN-300x113.jpg 300w, https:\/\/www.radiopiu.net\/wordpress\/wp-content\/uploads\/2021\/03\/xxx-2021-TAVOLO-OCCHIALERIA-ASSESSORE-DONAZZAN-1024x387.jpg 1024w, https:\/\/www.radiopiu.net\/wordpress\/wp-content\/uploads\/2021\/03\/xxx-2021-TAVOLO-OCCHIALERIA-ASSESSORE-DONAZZAN-768x290.jpg 768w, https:\/\/www.radiopiu.net\/wordpress\/wp-content\/uploads\/2021\/03\/xxx-2021-TAVOLO-OCCHIALERIA-ASSESSORE-DONAZZAN-1536x581.jpg 1536w, https:\/\/www.radiopiu.net\/wordpress\/wp-content\/uploads\/2021\/03\/xxx-2021-TAVOLO-OCCHIALERIA-ASSESSORE-DONAZZAN.jpg 1600w\" sizes=\"auto, (max-width: 300px) 100vw, 300px\" \/><\/a>VENEZIA<\/strong>\u00a0 <em>\u201cCome Regione riteniamo che le politiche di filiera e di settore siano quelle pi\u00f9 indicate per poter accompagnare le varie situazioni di crisi scaturite dall\u2019emergenza Covid e il crollo dell\u2019export in generale. Una situazione che per il sistema della moda sta avendo numeri impressionanti di contrazione di fatturato, e di pericolosit\u00e0 per il dato occupazionale\u201d. <\/em>Sono parole dell\u2019assessore veneto al Lavoro, Elena Donazzan, che\u00a0 ha partecipato al Tavolo dell\u2019Occhialeria, annunciando il grande impegno con cui la Regione Veneto, tramite l\u2019Assessorato, dedicher\u00e0 a questo tipo di tavoli. <em>\u201cIl tavolo dell\u2019occhialeria \u00e8 il pi\u00f9 strutturato \u2013 prosegue l\u2019Assessore -; abbiamo iniziato un percorso su stimolo dei sindacati attivando gli Stati Generali dell\u2019Occhialeria e da quel momento, con la presenza delle maggiori aziende di questo settore che, visti i numeri, \u00e8 strategico non solo per il Veneto ma per l\u2019Italia.\u00a0<\/em><\/p>\n<p>&nbsp;<\/p>\n<hr \/>\n<p>&nbsp;<\/p>\n<blockquote>\n<h3>OCCUPAZIONE FEMMINILE, LE CONSEGUENZE DELLA PANDEMIA<\/h3>\n<p>&nbsp;<\/p><\/blockquote>\n<p class=\"gmail-western\" lang=\"en-GB\" align=\"justify\"><span style=\"font-family: tahoma, sans-serif; font-size: small;\"><span style=\"color: #ff0000;\"><b><img loading=\"lazy\" decoding=\"async\" class=\"alignleft\" src=\"https:\/\/docs.google.com\/uc?export=download&amp;id=1c5vPKwdnmCm7YXhryQzptA7nxSy3YWQx&amp;revid=0B-CoViy20LMbczg1akd2M1FCZ2JUaTdaeXRaZ3k1R1F6M0pJPQ\" width=\"200\" height=\"79\" \/><\/b><\/span><\/span><strong>BELLUNO<\/strong> Ieri la\u00a0 diretta Facebook organizzata dalla Coordinatrice delle Donne Democratiche di Belluno, Lucia Saviane, in collaborazione con il PD Provinciale, al fine capire qual \u00e8 stato e quale sar\u00e0 l&#8217;impatto socioeconomico della pandemia sulla vita delle donne.\u00a0 Nella Provincia di Belluno, da quanto emerge dallo studio, il gap salariale \u00e8 elevato: all\u2019ora la differenza tra il salario di un uomo e quello di una donna \u00e8 di 1,50 euro circa; che all\u2019anno diventa di 3120 euro; e se consideriamo che lavoriamo in media 40 circa anni la differenza salariale \u00e8 di 124800 euro.\u00a0 <span lang=\"it-IT\">La Coordinatrice Donne Dem Belluno, Lucia Saviane, ha proposto la creazione bilanci di genere all\u2019interno dei bilanci delle amministrazioni locali e nazionali affinch\u00e8 ci siano maggiori investimenti per il raggiungimento delle pari opportunit\u00e0, considerando che il Recovery Fund dovrebbe essere un\u2019ottima base per finanziare le politiche volte ad eliminare il gender gap.\u00a0\u00a0<\/span><\/p>\n<div>\n<div class=\"gmail_signature\" dir=\"ltr\" data-smartmail=\"gmail_signature\">\n<div dir=\"ltr\">\n<div dir=\"ltr\">\n<div dir=\"ltr\">\n<div dir=\"ltr\">\n<div dir=\"ltr\">\n<div dir=\"ltr\">\n<div dir=\"ltr\">\n<div dir=\"ltr\">\n<div dir=\"ltr\">\n<div dir=\"ltr\">\n<div><\/div>\n<p>&nbsp;<\/p>\n<\/div>\n<\/div>\n<\/div>\n<\/div>\n<\/div>\n<\/div>\n<\/div>\n<\/div>\n<\/div>\n<\/div>\n<\/div>\n<\/div>\n<hr \/>\n<blockquote>\n<h3>LE TELECAMERE DI ANTENNA TRE ALLA SCOPERTA DI AGORDO<\/h3>\n<\/blockquote>\n<p><strong><a href=\"https:\/\/www.radiopiu.net\/wordpress\/le-telecamere-di-antenna-tre-alla-scoperta-di-agordo\/5aefd6fb-35ba-4880-b93c-ff5b9d4debbb\/\" rel=\"attachment wp-att-197730\"><img loading=\"lazy\" decoding=\"async\" class=\"size-medium wp-image-197730 alignleft\" src=\"https:\/\/www.radiopiu.net\/wordpress\/wp-content\/uploads\/2021\/03\/5aefd6fb-35ba-4880-b93c-ff5b9d4debbb-300x225.jpg\" alt=\"\" width=\"300\" height=\"225\" srcset=\"https:\/\/www.radiopiu.net\/wordpress\/wp-content\/uploads\/2021\/03\/5aefd6fb-35ba-4880-b93c-ff5b9d4debbb-300x225.jpg 300w, https:\/\/www.radiopiu.net\/wordpress\/wp-content\/uploads\/2021\/03\/5aefd6fb-35ba-4880-b93c-ff5b9d4debbb-1024x768.jpg 1024w, https:\/\/www.radiopiu.net\/wordpress\/wp-content\/uploads\/2021\/03\/5aefd6fb-35ba-4880-b93c-ff5b9d4debbb-768x576.jpg 768w, https:\/\/www.radiopiu.net\/wordpress\/wp-content\/uploads\/2021\/03\/5aefd6fb-35ba-4880-b93c-ff5b9d4debbb-1536x1152.jpg 1536w, https:\/\/www.radiopiu.net\/wordpress\/wp-content\/uploads\/2021\/03\/5aefd6fb-35ba-4880-b93c-ff5b9d4debbb.jpg 1600w\" sizes=\"auto, (max-width: 300px) 100vw, 300px\" \/><\/a>AGORDO\u00a0<\/strong>In questi giorni si sono realizzate ad Agordo e nelle vicine miniere di Valle Imperina le riprese televisive del programma &#8220;La Zanzega&#8221; condotto da Daniele Marcassa in onda su Antenna Tre. In due giorni la troupe dedicher\u00e0 la sua attenzione al capoluogo Agordino cercando scorci e panorami suggestivi per la puntata che andr\u00e0 in onda gioved\u00ec 25 marzo alle 21.15 e in replica domenica 28 marzo alle 16.50. Dal Palazzo Crotta-De\u2019Manzoni affacciato sul Broi, al prestigioso Istituto Minerario, dalla Collezione Ottiche e Occhiali Raccolta Rathschler \u2013 Luxottica, alla chiesa arcidiaconale, passando per Valle Imperina e il Parco Nazionale Dolomiti Bellunesi, ecco i luoghi principali della visita che saranno trasmessi in tv. \u201c<em>Un\u2019opportunit\u00e0 che arriva grazie alla DMO Dolomiti<\/em>\u201d dice l\u2019assessore al Turismo di Agordo Chiara Fontanive, \u201c<em>che ho accolto con entusiasmo e che favorir\u00e0 sicuramente il turismo di prossimit\u00e0 grazie a questa emittente prima per ascolti Auditel in tutto il Triveneto. E\u2019 stata una nuova occasione per promuovere un territorio che ha molto da raccontare e per stupirsi ancora una volta delle bellezze di casa nostra<\/em>\u201d.<\/p>\n<p>&nbsp;<\/p>\n<p>&nbsp;<\/p>\n<hr \/>\n<p>&nbsp;<\/p>\n<blockquote>\n<h3>ENTI LOCALI. ASSESSORE CALZAVARA, \u201cSTANZIATI 140MILA EURO PER POTENZIARE E VALORIZZARE GLI ORGANISMI DI RAPPRESENTANZA DEGLI ENTI LOCALI VENETI\u201d<\/h3>\n<\/blockquote>\n<p><strong><a href=\"https:\/\/www.radiopiu.net\/wordpress\/giornale-radiopiu-19-marzo-2021-direttore-mirko-mezzacasa\/francesco-calzavara\/\" rel=\"attachment wp-att-197796\"><img loading=\"lazy\" decoding=\"async\" class=\" wp-image-197796 alignleft\" src=\"https:\/\/www.radiopiu.net\/wordpress\/wp-content\/uploads\/2021\/03\/francesco-calzavara-216x300.jpg\" alt=\"\" width=\"136\" height=\"189\" srcset=\"https:\/\/www.radiopiu.net\/wordpress\/wp-content\/uploads\/2021\/03\/francesco-calzavara-216x300.jpg 216w, https:\/\/www.radiopiu.net\/wordpress\/wp-content\/uploads\/2021\/03\/francesco-calzavara.jpg 670w\" sizes=\"auto, (max-width: 136px) 100vw, 136px\" \/><\/a>VENEZIA <\/strong>La Giunta regionale ha approvato, su proposta dell\u2019assessore al Bilancio e agli Enti Locali, Francesco Calzavara, il provvedimento che definisce i criteri e le modalit\u00e0 per l\u2019assegnazione dei contributi a favore delle sezioni regionali dell\u2019Anci, dell\u2019Upi e della delegazione regionale dell\u2019Uncem. \u201c<em>L\u2019assegnazione di risorse alle associazioni delle Autonomie locali \u00e8 funzionale al rapporto sinergico che \u00e8 stato instaurato e promosso, nel corso degli anni, tra la nostra Amministrazione regionale e questi organismi di rappresentanza degli Enti locali \u2013 spiega l\u2019Assessore al Bilancio -. Per l\u2019anno 2021 siamo riusciti a stanziare complessivamente la somma di 140mila euro per sostenere l\u2019attivit\u00e0 di collaborazione e concertazione con questi soggetti regionali i quali, a cascata a livello territoriale, hanno poi il compito di trasmettere la conoscenza dei diversi ambiti della pubblica amministrazione<\/em>\u201d.<\/p>\n<p>&nbsp;<\/p>\n<p>&nbsp;<\/p>\n<hr \/>\n<p>&nbsp;<\/p>\n<blockquote>\n<h3>PASSAPORTO VACCINALE PER IL TURISMO: UN\u2019OCCASIONE DI RILANCIO PER IL NORDEST<\/h3>\n<\/blockquote>\n<p><strong><a href=\"https:\/\/www.radiopiu.net\/wordpress\/giornale-radiopiu-19-marzo-2021-direttore-mirko-mezzacasa\/think-thank-nord-est\/\" rel=\"attachment wp-att-197788\"><img loading=\"lazy\" decoding=\"async\" class=\"size-medium wp-image-197788 alignleft\" src=\"https:\/\/www.radiopiu.net\/wordpress\/wp-content\/uploads\/2021\/03\/THINK-THANK-NORD-EST-300x258.png\" alt=\"\" width=\"300\" height=\"258\" srcset=\"https:\/\/www.radiopiu.net\/wordpress\/wp-content\/uploads\/2021\/03\/THINK-THANK-NORD-EST-300x258.png 300w, https:\/\/www.radiopiu.net\/wordpress\/wp-content\/uploads\/2021\/03\/THINK-THANK-NORD-EST.png 340w\" sizes=\"auto, (max-width: 300px) 100vw, 300px\" \/><\/a>VENEZIA <\/strong>La proposta di un \u201cdigital green pass\u201d, che permetta ai cittadini dell\u2019Unione Europea di muoversi in sicurezza evitando la quarantena, potrebbe essere una vera occasione di rilancio per il turismo del nostro Paese, soprattutto per le regioni di Nordest. Infatti, secondo l\u2019analisi della <strong>Fondazione Think Tank Nord Est<\/strong>, in Trentino Alto Adige, Friuli Venezia Giulia e Veneto, la quota di presenze turistiche determinate dai Paesi che potrebbero adottare questo speciale passaporto supera il 50%. Secondo la proposta discussa dalla Commissione Europea, il documento sar\u00e0 valido in tutti gli Stati membri, ma sar\u00e0 aperto anche a Svizzera, Liechtenstein, Norvegia ed Islanda. E\u2019 il Trentino Alto Adige la regione cui potrebbe giovare maggiormente il \u201cdigital green pass\u201d, in quanto in media la quota di presenze turistiche provenienti dai Paesi europei \u00e8 di quasi il 55%. Si tratterebbe di un\u2019opportunit\u00e0 molto interessante anche per le altre regioni di Nordest: infatti la quota di ospiti europei si aggira attorno al 50% in Friuli Venezia Giulia e Veneto. Ottime prospettive si aprirebbero anche per la Sardegna, dove le presenze turistiche europee sono intorno al 42%. In Lombardia e Sicilia la quota \u00e8 rispettivamente del 36% e del 35%, ma supera il 30% anche in Piemonte e Toscana. In media, in Italia, la quota di presenze turistiche messe insieme dai Paesi che potrebbero adottare il passaporto vaccinale \u00e8 di quasi il 34%. A livello territoriale, le province di Nordest pi\u00f9 favorite dal \u201cdigital green pass\u201d sarebbero Gorizia e Bolzano, dove le presenze turistiche provenienti dai Paesi europei sono in media il 65,5%. La provincia pi\u00f9 avvantaggiata del Veneto sarebbe invece Verona, che registra una quota di ospiti europei del 64%. Sopra il 50% anche Venezia ed Udine, mentre Rovigo si attesta al 43%. A Trieste e Trento la quota \u00e8 circa il 36%.<\/p>\n<p>&nbsp;<\/p>\n<p>&nbsp;<\/p>\n<hr \/>\n<p>&nbsp;<\/p>\n<blockquote>\n<h3 class=\"p1\"><span class=\"s1\">SALONI CHIUSI, ABUSIVISMO DILAGANTE: CONFARTIGIANATO LANCIA L\u2019ALLARME<\/span><\/h3>\n<\/blockquote>\n<p class=\"p1\"><span class=\"s1\"><strong><a href=\"https:\/\/www.radiopiu.net\/wordpress\/giornale-radiopiu-19-marzo-2021-direttore-mirko-mezzacasa\/benesserelegale-locandina\/\" rel=\"attachment wp-att-197753\"><img loading=\"lazy\" decoding=\"async\" class=\" wp-image-197753 alignleft\" src=\"https:\/\/www.radiopiu.net\/wordpress\/wp-content\/uploads\/2021\/03\/BenessereLegale-locandina-300x300.jpeg\" alt=\"\" width=\"247\" height=\"247\" srcset=\"https:\/\/www.radiopiu.net\/wordpress\/wp-content\/uploads\/2021\/03\/BenessereLegale-locandina-300x300.jpeg 300w, https:\/\/www.radiopiu.net\/wordpress\/wp-content\/uploads\/2021\/03\/BenessereLegale-locandina-1024x1024.jpeg 1024w, https:\/\/www.radiopiu.net\/wordpress\/wp-content\/uploads\/2021\/03\/BenessereLegale-locandina-150x150.jpeg 150w, https:\/\/www.radiopiu.net\/wordpress\/wp-content\/uploads\/2021\/03\/BenessereLegale-locandina-768x768.jpeg 768w, https:\/\/www.radiopiu.net\/wordpress\/wp-content\/uploads\/2021\/03\/BenessereLegale-locandina.jpeg 1080w\" sizes=\"auto, (max-width: 247px) 100vw, 247px\" \/><\/a>BELLUNO <\/strong>Con il ritorno della \u201czona rossa\u201d i saloni di bellezza, i negozi di parrucchiere e i centri estetici sono chiusi. \u00abMa c\u2019\u00e8 chi aggira le restrizioni e continua a lavorare in modo abusivo\u00bb denuncia Confartigianato Belluno, che chiede controlli serrati. <\/span><span class=\"s1\">\u00ab<em>Basta fare una veloce ricerca sul web per scoprire che il lavoro nero ha gi\u00e0 aggirato il fermo imposto dalle regole sanitarie\u00bb afferma Ivana Del Pizzol, presidente di mestiere degli acconciatori di Confartigianato Belluno. \u00abL\u2019aspetto pi\u00f9 grottesco \u00e8 che le nostre attivit\u00e0, dove \u00e8 tutto tracciabile e sottoposto a rigorosi protocolli di igiene e sicurezza gi\u00e0 prima del Covid, vengono chiuse per evitare la diffusione del contagio, mentre gli abusivi della professione possono girare tranquillamente, portando il virus a domicilio alle clienti e ai clienti, senza nessuna restrizione<\/em>\u00bb.\u00a0 <\/span><span class=\"s1\">\u00ab<em>\u00c8 per questo che chiediamo controlli serrati, perch\u00e9 non si tratta solo di concorrenza sleale, bens\u00ec di rischi concreti per la salute pubblica &#8211; aggiunge il direttore di Confartigianato, Michele Basso -. Gli abusivi, infatti, se ne infischiano delle regole e quindi anche delle misure normalmente adottate all\u2019interno dei saloni<\/em>\u00bb.<\/span><\/p>\n<p>&nbsp;<\/p>\n<p>&nbsp;<\/p>\n<p>&nbsp;<\/p>\n<p>&nbsp;<\/p>\n<p>&nbsp;<\/p>\n<hr \/>\n<p>&nbsp;<\/p>\n<blockquote>\n<h3>AIDO BELLUNO MANIA: OLTRE 600 CHOCO BOX E 50 MILA VISUALIZZAZIONI PER \u201cCHI DICE DONO DICE DONNA\u201d<\/h3>\n<\/blockquote>\n<p><strong><a href=\"https:\/\/www.radiopiu.net\/wordpress\/aido-belluno-mania-oltre-600-choco-box-e-50-mila-visualizzazioni-per-chi-dice-dono-dice-donna\/2-choco-box-macelleria-da-valerio-feltre\/\" rel=\"attachment wp-att-197767\"><img loading=\"lazy\" decoding=\"async\" class=\"size-medium wp-image-197767 alignleft\" src=\"https:\/\/www.radiopiu.net\/wordpress\/wp-content\/uploads\/2021\/03\/2-Choco-box-macelleria-da-Valerio-Feltre-300x169.jpg\" alt=\"\" width=\"300\" height=\"169\" srcset=\"https:\/\/www.radiopiu.net\/wordpress\/wp-content\/uploads\/2021\/03\/2-Choco-box-macelleria-da-Valerio-Feltre-300x169.jpg 300w, https:\/\/www.radiopiu.net\/wordpress\/wp-content\/uploads\/2021\/03\/2-Choco-box-macelleria-da-Valerio-Feltre-1024x576.jpg 1024w, https:\/\/www.radiopiu.net\/wordpress\/wp-content\/uploads\/2021\/03\/2-Choco-box-macelleria-da-Valerio-Feltre-768x432.jpg 768w, https:\/\/www.radiopiu.net\/wordpress\/wp-content\/uploads\/2021\/03\/2-Choco-box-macelleria-da-Valerio-Feltre.jpg 1328w\" sizes=\"auto, (max-width: 300px) 100vw, 300px\" \/><\/a>BELLUNO <\/strong>Oltre 600 <em>choco box<\/em> gi\u00e0 recapitate e pi\u00f9 di 50 mila visualizzazioni della rassegna online in nove appuntamenti \u201cChi dice dono dice donna\u201d. Il nuovo anno \u00e8 partito alla grande per l\u2019associazione italiana Donatori di organi (Aido) di Belluno, che a dispetto delle complicanze legate alla pandemia ha saputo reinventarsi e portare nelle case dei bellunesi il suo messaggio promozionale. \u00ab<em>Abbiamo ricevuto un sacco di commenti positivi, anche da parte delle altre sezioni provinciali<\/em>\u00bb, sottolinea il vicepresidente feltrino Mirko Dalle Mulle parlando degli incontri via <a href=\"https:\/\/www.facebook.com\/aidobelluno\">Facebook<\/a>, \u00ab<em>abbiamo avuto il piacere di sentire le testimonianze di familiari di donatori, riceventi, donne trapiantate e persone che hanno a che fare trasversalmente con il tema del dono. Il ciclo si \u00e8 concluso con &#8220;Il trapianto che dona vita la vita&#8221; assieme a due ragazze che hanno potuto partorire proprio grazie a un trapianto di organo (in un caso, il rene ricevuto da parte della madre)&#8221;<\/em>.<\/p>\n<p><strong>AIDO CHOCO BOX <\/strong>Oltre le aspettative anche il lancio dell\u2019iniziativa pasquale \u201cAido choco box\u201d, gadget <em>limited edition<\/em> contenente una pecorella e un uovo di cioccolato realizzati dalla cioccolateria artigianale Beppiani di Lentiai di Borgo Valbelluna: \u00ab<em>In un mese abbiamo ricevuto oltre 600 prenotazioni\u00bb, esclama il vice, ricordando che \u00absi potranno ordinare fino a sabato 20 marzo chiamando il 348 7304706 (Sandra)<\/em>\u00bb. All\u2019interno sar\u00e0 possibile trovare anche materiale informativo sulla donazione di organi, oltre che il modulo per poter diventare \u201caidini\u201d. L\u2019offerta minima consigliata \u00e8 di 9 euro e sar\u00e0 impiegata per sostenere le attivit\u00e0 di promozione della cultura del dono nella provincia di Belluno. \u00ab<em>Grazie ai corrieri espressi messi in campo da Beppiani siamo in grado di consegnare con tempestivit\u00e0 le box anche in zona rossa<\/em>\u00bb.<\/p>\n<p>&nbsp;<\/p>\n<p>&nbsp;<\/p>\n<hr \/>\n<p>&nbsp;<\/p>\n<blockquote>\n<h3>AL VIA IL NUOVO CORSO FORMATIVO SULL\u2019AMMINISTRAZIONE DI SOSTEGNO<\/h3>\n<\/blockquote>\n<p><strong>BELLUNO <\/strong>Un nuovo corso online di formazione sull\u2019amministrazione di sostegno. Si tratta di un aggiornamento per\u00a0 gli amministratori e i responsabili dei servizi sociosanitari e degli operatori. Approfondimento, operativit\u00e0 concreta e criticit\u00e0 proposte: questi i temi che si andranno ad affrontare in sessione pomeridiana (dalle 14.30 alle 18.30) per quattro venerd\u00ec. S\u2019inizia il 9 aprile con il modulo giuridico-procedurale per proseguire il 16 (modulo giuridico-esperienziale -progetto di cura), il 23 (modulo sociale\u00a0 e socio sanitario) e il 30 (modulo operativo e psicologico). Il corso \u00e8 proposto da Comitato d\u2019Intesa di Belluno con la collaborazione di Csv Belluno Treviso, Tribunale di Belluno, Ulss 1 Dolomiti, Conferenza dei sindaci di Belluno e Feltre, Ordine professionale degli assistenti sociali.<\/p>\n<p>&nbsp;<\/p>\n<p>&nbsp;<\/p>\n<hr \/>\n<p>&nbsp;<\/p>\n<blockquote>\n<h3>STRADA DI SOCCOL CHIUSA A FASCE ORARIE PER LAVORI DI MESSA IN SICUREZZA DEI VERSANTI<\/h3>\n<\/blockquote>\n<p><strong>TAIBON<\/strong> fino al 20 marzo la strada comunale di Taibon che porta alla frazione di Soccol verr\u00e0 chiusa al transito in determinate fasce orarie per consentire i lavori di messa in sicurezza dei versanti a monte della strada. Quattro le fascie di chiusura: dalle 8 alle 10:30, dalle 10:45 alle 12, dalle 13:15 alle 15:30 e dalle 15:45 alle 17. La strada sar\u00e0 chiusa tra il bivio con Via Agner e Col Carrera.<\/p>\n<p>&nbsp;<\/p>\n<p>&nbsp;<\/p>\n<hr \/>\n<p>&nbsp;<\/p>\n<blockquote>\n<h3>LAVORI DI ASFALTATURA IN VIA NASSA A FELTRE<\/h3>\n<\/blockquote>\n<p><strong>FELTRE <\/strong>Fino al 2 aprile lavori in corso in via Nassa a Feltre dove sono previsti degli interventi straordinari di asfaltatura. Dalle 8 alle 18 sar\u00e0 vietato il transito a tutti i veicoli, cicli e motocicli. Il passaggio sar\u00e0 consentito solo ed esclusivamente ai residenti nei tratti non soggetti ai lavori. Sar\u00e0 garantito il transito pedonale in sicurezza.<\/p>\n<p>&nbsp;<\/p>\n<hr \/>\n<p>&nbsp;<\/p>\n<blockquote>\n<h3>IL DUP IN CONSIGLIO COMUNALE<\/h3>\n<\/blockquote>\n<p><strong>TAIBON<\/strong> Oggi alle 18 si terr\u00e0 il consiglio comunale in modalit\u00e0 telematica. All&#8217;ordine del giorno: approvazione bilancio di previsione 2021, approvazione bilancio previsionale e relazione di bilancio della Azienda Speciale Consortile Agordina, servizio associato tributi convenzione con l&#8217;Unione Montana; Approvazione del Documento Unico di Programmazione (diretta canali RADIO PIU facebook, youtube, telegram)<\/p>\n<p><strong>DI GIANNI SANTOMASO<\/strong><\/p>\n<audio class=\"wp-audio-shortcode\" id=\"audio-197681-7\" preload=\"none\" style=\"width: 100%;\" controls=\"controls\"><source type=\"audio\/mpeg\" src=\"https:\/\/www.radiopiu.net\/wordpress\/wp-content\/uploads\/2021\/03\/GIANNI-CONSIGLIO-TAIBON.mp3?_=7\" \/><a href=\"https:\/\/www.radiopiu.net\/wordpress\/wp-content\/uploads\/2021\/03\/GIANNI-CONSIGLIO-TAIBON.mp3\">https:\/\/www.radiopiu.net\/wordpress\/wp-content\/uploads\/2021\/03\/GIANNI-CONSIGLIO-TAIBON.mp3<\/a><\/audio>\n<p>&nbsp;<\/p>\n<hr \/>\n<p>&nbsp;<\/p>\n<blockquote>\n<h3>LA GUARDIA DI FINANZA APRE IL CONCORSO PER 66 ALLIEVI UFFICIALI E 10 TENENTI<\/h3>\n<\/blockquote>\n<p><strong><a href=\"https:\/\/www.radiopiu.net\/wordpress\/vendono-una-centrale-idroelettrica-eludendo-il-fisco\/guardia-di-finanza-auto_full1\/\" rel=\"attachment wp-att-5016\"><img loading=\"lazy\" decoding=\"async\" class=\"size-medium wp-image-5016 alignleft\" src=\"https:\/\/www.radiopiu.net\/wordpress\/wp-content\/uploads\/2015\/05\/guardia-di-finanza-auto_full1-300x224.jpg\" alt=\"\" width=\"300\" height=\"224\" \/><\/a>BELLUNO<\/strong> La Guardia di Finanza \u00e8 alla ricerca di allievi ufficiali. \u00c8 partito in questi giorni il concorso pubblico, per titoli ed esami, per l&#8217;ammissione di 66 allievi ufficiali del ruolo normale, comparto ordinario e aeronavale, all&#8217;Accademia della Guardia di Finanza per l&#8217;anno accademico 2021-2022. I candidati devono aver compiuto i 17 anni di et\u00e0 alla data del 1 gennaio 2021, devono essere in possesso di un diploma di istruzione secondaria di secondo grado che consenta l&#8217;iscrizione a corsi di laurea o che lo conseguano nell&#8217;anno scolastico 2020\/21. La domanda di partecipazione al concorso dovr\u00e0 essere compilata tramite procedura telematica all&#8217;indirizzo concorsi.gdf.gov.it e dovr\u00e0 essere effettuata entro le 12 del 8 aprile 2021. Per altre informazioni sul concorso basta accedere al sito del concorso.<\/p>\n<p>&nbsp;<\/p>\n<p>&nbsp;<\/p>\n<hr \/>\n<p>&nbsp;<\/p>\n<blockquote>\n<h1 align=\"JUSTIFY\">\u201c<span style=\"font-family: Times New Roman, serif;\"><span style=\"font-size: medium;\"><b>La Piave: storie di uomini, acqua e legno\u201d &#8211; Secondo appuntamento: Codissago, Museo degli zattieri<\/b><\/span><\/span><\/h1>\n<\/blockquote>\n<p align=\"JUSTIFY\"><span style=\"font-family: Times New Roman, serif;\"><span style=\"font-size: medium;\"><a href=\"https:\/\/www.radiopiu.net\/wordpress\/giornale-radiopiu-17-marzo-2021-direttore-mirko-mezzacasa\/scansione0328_jpg\/\" rel=\"attachment wp-att-197466\"><img loading=\"lazy\" decoding=\"async\" class=\" wp-image-197466 alignleft\" src=\"https:\/\/www.radiopiu.net\/wordpress\/wp-content\/uploads\/2021\/03\/Scansione0328_jpg-300x206.jpg\" alt=\"\" width=\"237\" height=\"163\" srcset=\"https:\/\/www.radiopiu.net\/wordpress\/wp-content\/uploads\/2021\/03\/Scansione0328_jpg-300x206.jpg 300w, https:\/\/www.radiopiu.net\/wordpress\/wp-content\/uploads\/2021\/03\/Scansione0328_jpg-768x527.jpg 768w, https:\/\/www.radiopiu.net\/wordpress\/wp-content\/uploads\/2021\/03\/Scansione0328_jpg.jpg 1024w\" sizes=\"auto, (max-width: 237px) 100vw, 237px\" \/><\/a><strong>BELLUNO<\/strong> Nonostante la zona rossa, la delegazione bellunese del Fondo Ambiente Italiano continua a condurre virtualmente il pubblico attraverso il percorso delle zattere lungo la Piave, in tutta sicurezza. <\/span><\/span><span style=\"font-family: Times New Roman, serif;\"><span style=\"font-size: medium;\">Gli organizzatori sono riusciti a effettuare le riprese all\u2019interno del <\/span><\/span><span style=\"font-family: Times New Roman, serif;\"><span style=\"font-size: medium;\"><i>Museo degli zattieri del Piave<\/i><\/span><\/span><span style=\"font-family: Times New Roman, serif;\"><span style=\"font-size: medium;\"> a Codissago prima delle nuove restrizioni. Ecco che marted\u00ec 23 marzo alle 18.30 Arnaldo Olivier, Castaldo della \u201cFameja dei Zater e Menad\u00e0s del Piave\u201d, condurr\u00e0 gli spettatori nella visita online.<\/span><\/span><span style=\"font-family: Times New Roman, serif;\"><span style=\"font-size: medium;\">\u00a0<\/span><\/span><span style=\"font-family: Times New Roman, serif;\"><span style=\"font-size: medium;\">L&#8217;incontro si svolger\u00e0 sulla piattaforma Zoom\u00a0 \u00e8 necessario prenotarsi obbligatoriamente sul sito <a href=\"https:\/\/faiprenotazioni.fondoambiente.it\/\">https:\/\/faiprenotazioni.fondoambiente.it\/<\/a>\u00a0<\/span><\/span><\/p>\n<p>&nbsp;<\/p>\n<hr \/>\n<p>&nbsp;<\/p>\n<blockquote>\n<h3>LA LAVORAZIONE DELL\u2019OCCHIALE AL CENTRO DEL NUOVO CORSO GRATUITO PROMOSSO DA CERTOTTICA<\/h3>\n<\/blockquote>\n<p><strong><a href=\"https:\/\/www.radiopiu.net\/wordpress\/giornale-radiopiu-12-marzo-2021-direttore-mirko-mezzacasa\/corso-lavorazioni\/\" rel=\"attachment wp-att-196448\"><img loading=\"lazy\" decoding=\"async\" class=\"wp-image-196448 alignleft\" src=\"https:\/\/www.radiopiu.net\/wordpress\/wp-content\/uploads\/2021\/03\/corso-lavorazioni-300x211.jpg\" alt=\"\" width=\"164\" height=\"115\" srcset=\"https:\/\/www.radiopiu.net\/wordpress\/wp-content\/uploads\/2021\/03\/corso-lavorazioni-300x211.jpg 300w, https:\/\/www.radiopiu.net\/wordpress\/wp-content\/uploads\/2021\/03\/corso-lavorazioni-1024x722.jpg 1024w, https:\/\/www.radiopiu.net\/wordpress\/wp-content\/uploads\/2021\/03\/corso-lavorazioni-768x541.jpg 768w, https:\/\/www.radiopiu.net\/wordpress\/wp-content\/uploads\/2021\/03\/corso-lavorazioni-1536x1083.jpg 1536w, https:\/\/www.radiopiu.net\/wordpress\/wp-content\/uploads\/2021\/03\/corso-lavorazioni-2048x1444.jpg 2048w\" sizes=\"auto, (max-width: 164px) 100vw, 164px\" \/><\/a>LONGARONE<\/strong> Nuova esperienza lavorativa\u00a0 in partenza a fine mese a Certottica\u00a0 per\u00a0 9 disoccupati. L\u2019obiettivo \u00e8 quello di formare l\u2019\u201cAddetto alle lavorazioni per il settore occhialeria\u201d, un profilo che va incontro alle esigenze concrete manifestate dalle aziende, grazie a 200 ore di formazione specialistica in aula, 8 ore di orientamento al ruolo (individuale e di gruppo), 16 ore di visita di studio e ben 320 ore di tirocinio nelle realt\u00e0 del Distretto. Le selezioni sono fissate per il 25 marzo e l\u2019inizio del corso per il 31. Gli interessati\u00a0 consultino\u00a0 il sito www.certottica.it per approfondire tutti i dettagli o a contattare l\u2019Area Formazione di Certottica (formazione@certottica.it, 0437 573157).<\/p>\n<p>&nbsp;<\/p>\n<p>&nbsp;<\/p>\n<hr \/>\n<p>&nbsp;<\/p>\n<blockquote>\n<h3>FOSSALI CON LA SUA ARTE SALE SULLA TOUR EIFFEL<\/h3>\n<\/blockquote>\n<p><strong>PONTE NELLE ALPI<\/strong> <span style=\"font-family: Times New Roman, serif;\"><span style=\"font-size: medium;\">Il bar pasticceria \u201cLa Tour Eiffel\u201d di Ponte nelle Alpi \u201csfida\u201d i nuovi restringimenti ed ancora una volta ospita nei suoi locali un evento artistico. Ovviamente lo fa nell\u2019osservanza del contenimento dell\u2019emergenza Covid-19. <\/span><\/span><span style=\"font-family: Times New Roman, serif;\"><span style=\"font-size: medium;\">Dal 13 marzo e sino al 17 aprile sar\u00e0 allestita la mostra \u201cRetr\u00f2: immagini fotografiche in bianco e nero\u201d con gli scatti proposti da Beniamino Fossali. <\/span><\/span><span style=\"font-family: Times New Roman, serif;\"><span style=\"font-size: medium;\">L\u2019iniziativa \u00e8 del Circolo Fotografico Bellunese \u201cMario De Biasi\u201d che annovera lo stesso Fossali tra i suoi associati e che affida alla suggestione ed al fascino del bianco e nero i soggetti \u201ccatturati\u201d dal suo obiettivo.\u00a0<\/span><\/span><\/p>\n<p>&nbsp;<\/p>\n<hr \/>\n<p>&nbsp;<\/p>\n<blockquote>\n<h2>DA LUNEDI IL NUOVO PROGRAMMA DI CLAUDIO PRA<\/h2>\n<p><strong>AUDIO<\/strong><\/p><\/blockquote>\n<audio class=\"wp-audio-shortcode\" id=\"audio-197681-8\" preload=\"none\" style=\"width: 100%;\" controls=\"controls\"><source type=\"audio\/mpeg\" src=\"https:\/\/www.radiopiu.net\/wordpress\/wp-content\/uploads\/2021\/03\/0-presentazione-trasmissione.mp3?_=8\" \/><a href=\"https:\/\/www.radiopiu.net\/wordpress\/wp-content\/uploads\/2021\/03\/0-presentazione-trasmissione.mp3\">https:\/\/www.radiopiu.net\/wordpress\/wp-content\/uploads\/2021\/03\/0-presentazione-trasmissione.mp3<\/a><\/audio>\n<p>&nbsp;<\/p>\n<p align=\"JUSTIFY\"><span style=\"font-family: Times New Roman, serif;\"><span style=\"font-size: medium;\"><a href=\"https:\/\/www.radiopiu.net\/wordpress\/giornale-radiopiu-19-marzo-2021-direttore-mirko-mezzacasa\/logo-programma\/\" rel=\"attachment wp-att-197683\"><img loading=\"lazy\" decoding=\"async\" class=\" wp-image-197683 alignleft\" src=\"https:\/\/www.radiopiu.net\/wordpress\/wp-content\/uploads\/2021\/03\/LOGO-PROGRAMMA-300x256.jpg\" alt=\"\" width=\"255\" height=\"218\" srcset=\"https:\/\/www.radiopiu.net\/wordpress\/wp-content\/uploads\/2021\/03\/LOGO-PROGRAMMA-300x256.jpg 300w, https:\/\/www.radiopiu.net\/wordpress\/wp-content\/uploads\/2021\/03\/LOGO-PROGRAMMA-1024x873.jpg 1024w, https:\/\/www.radiopiu.net\/wordpress\/wp-content\/uploads\/2021\/03\/LOGO-PROGRAMMA-768x654.jpg 768w, https:\/\/www.radiopiu.net\/wordpress\/wp-content\/uploads\/2021\/03\/LOGO-PROGRAMMA-1536x1309.jpg 1536w, https:\/\/www.radiopiu.net\/wordpress\/wp-content\/uploads\/2021\/03\/LOGO-PROGRAMMA-2048x1745.jpg 2048w\" sizes=\"auto, (max-width: 255px) 100vw, 255px\" \/><\/a>Dopo oltre due decenni di amore per il cielo stellato sento l\u2019esigenza di raccontare la mia esperienza che, sia ben chiaro, non si \u00e8 chiusa, ma continua e continuer\u00e0 finch\u00e9 il sacro fuoco arder\u00e0 dentro me. Lo faccio in una pubblicazione, dalla quale ho estratto i racconti per creare anche una trasmissione radiofonica a puntate, in onda su Radio Pi\u00f9. Fu la primavera del 1998 ad aprirmi le porte di una nuova passione, trasformatasi subito in qualcosa di pi\u00f9. L\u2019osservazione della volta stellata non \u00e8 infatti solo un hobby, \u00e8 qualcosa di molto pi\u00f9 intimo, direi spirituale, soprattutto, almeno per me, se condotta sotto cieli bui montani. E proprio le montagne, apparentemente ininfluenti, sono state invece capaci di creare contesti da sogno. Un mix incredibile, cielo stellato e montagne meravigliose quali sono le Dolomiti, che danno vita a scenari da fiaba che sono diventati il mio indispensabile mondo, un mondo sospeso tra cielo e terra. Nei racconti uso un linguaggio piuttosto semplice, comprensibile anche ai non appassionati, e sono convinto che le esperienze narrate possano essere apprezzate da tutti. Molte sono state pubblicate sulla rivista astronomica Coelum, per la quale mi onoro di scrivere da tanti anni. <\/span><\/span>\u201c<span style=\"font-family: 'Times New Roman', serif;\"><span style=\"font-size: medium;\">Io ne ho viste cose che voi non potreste immaginarvi\u201d, racconti, testimonianze, esperienze di un astrofilo sognatore, da luned\u00ec 22 marzo, tutti i giorni, dal luned\u00ec al venerd\u00ec, alle 8.45 ed in replica alle 19.45.<\/span><\/span><\/p>\n<p><a name=\"Bookmark\"><\/a> <span style=\"color: #000000;\"><span style=\"font-family: Calibri, serif;\"><span style=\"font-size: small;\"><span style=\"font-family: Times New Roman, serif;\"><span style=\"font-size: medium;\"><b>Sommario <\/b><\/span><\/span><\/span><\/span><\/span><span style=\"color: #000000;\"><span style=\"font-family: Calibri, serif;\"><span style=\"font-size: small;\"><span style=\"font-family: Times New Roman, serif;\"><span style=\"font-size: medium;\">22\/3 Puntata 1: La chiave di volta <\/span><\/span><\/span><\/span><\/span><span style=\"font-size: medium; font-family: 'Times New Roman', serif; color: #000000;\">23\/3 Puntata 2: La notte in pieno giorno <\/span><span style=\"color: #000000;\"><span style=\"font-family: Calibri, serif;\"><span style=\"font-size: small;\"><span style=\"font-family: Times New Roman, serif;\"><span style=\"font-size: medium;\">24\/3 Puntata 3: Verso l\u2019infinito e oltre <\/span><\/span><\/span><\/span><\/span><span style=\"font-size: medium; font-family: 'Times New Roman', serif; color: #000000;\">25\/3 Puntata 4: Associazione Astrofili Agordini <\/span><span style=\"color: #000000;\"><span style=\"font-family: Calibri, serif;\"><span style=\"font-size: small;\"><span style=\"font-family: Times New Roman, serif;\"><span style=\"font-size: medium;\">26\/3 Puntata 5: Scalatori del cielo <\/span><\/span><\/span><\/span><\/span><span style=\"font-size: medium; font-family: 'Times New Roman', serif; color: #000000;\">29\/3 Puntata 6: C\u2019era una volta il cielo <\/span><span style=\"color: #000000;\"><span style=\"font-family: Calibri, serif;\"><span style=\"font-size: small;\"><span style=\"font-family: Times New Roman, serif;\"><span style=\"font-size: medium;\">30\/3 Puntata 7: Testimoni di un evento <\/span><\/span><\/span><\/span><\/span><span style=\"font-size: medium; font-family: 'Times New Roman', serif; color: #000000;\">31\/3 Puntata 8: Cento insignificanti puntini luminosi <\/span><span style=\"color: #000000;\"><span style=\"font-family: Calibri, serif;\"><span style=\"font-size: small;\"><span style=\"font-family: Times New Roman, serif;\"><span style=\"font-size: medium;\">1\/4 Puntata 9: Le stelle alla radio <\/span><\/span><\/span><\/span><\/span><span style=\"font-size: medium; font-family: 'Times New Roman', serif; color: #000000;\">2\/4 Puntata 10: La maratona del cielo <\/span><span style=\"color: #000000;\"><span style=\"font-family: Calibri, serif;\"><span style=\"font-size: small;\"><span style=\"font-family: Times New Roman, serif;\"><span style=\"font-size: medium;\">5\/4 Puntata 11: Astrofili <\/span><\/span><\/span><\/span><\/span><span style=\"font-size: medium; font-family: 'Times New Roman', serif; color: #000000;\">6\/4 Puntata 12: Caccia alla Luna invisibile <\/span><span style=\"color: #000000;\"><span style=\"font-family: Calibri, serif;\"><span style=\"font-size: small;\"><span style=\"font-family: Times New Roman, serif;\"><span style=\"font-size: medium;\">7\/4 Puntata 13: I globulari della Grande Galassia di Andromeda <\/span><\/span><\/span><\/span><\/span><span style=\"font-size: medium; font-family: 'Times New Roman', serif; color: #000000;\">8\/4 Puntata 14: I fantasmi del cielo <\/span><span style=\"color: #000000;\"><span style=\"font-family: Calibri, serif;\"><span style=\"font-size: small;\"><span style=\"font-family: Times New Roman, serif;\"><span style=\"font-size: medium;\">9\/4 Puntata 15: Come&#8230;te non c\u2019\u00e8 nessuno <\/span><\/span><\/span><\/span><\/span><span style=\"font-size: medium; font-family: 'Times New Roman', serif; color: #000000;\">12\/4 Puntata 16: Stelle artificiali <\/span><span style=\"color: #000000;\"><span style=\"font-family: Calibri, serif;\"><span style=\"font-size: small;\"><span style=\"font-family: Times New Roman, serif;\"><span style=\"font-size: medium;\">13\/4 Puntata 17: Altri mondi <\/span><\/span><\/span><\/span><\/span><span style=\"font-size: medium; font-family: 'Times New Roman', serif; color: #000000;\">14\/4 Puntata 18: La Luna nel cuore <\/span><span style=\"color: #000000;\"><span style=\"font-family: Calibri, serif;\"><span style=\"font-size: small;\"><span style=\"font-family: Times New Roman, serif;\"><span style=\"font-size: medium;\">15\/4 Puntata 19: L\u2019altro modo di osservare il cielo <\/span><\/span><\/span><\/span><\/span><span style=\"font-size: medium; font-family: 'Times New Roman', serif; color: #000000;\">16\/4 Puntata 20: Un sogno con la coda <\/span><span style=\"color: #000000;\"><span style=\"font-family: Calibri, serif;\"><span style=\"font-size: small;\"><span style=\"font-family: Times New Roman, serif;\"><span style=\"font-size: medium;\">19\/4 Puntata 21: Uno Scorpione tra le Dolomiti <\/span><\/span><\/span><\/span><\/span><span style=\"font-size: medium; font-family: 'Times New Roman', serif; color: #000000;\">20\/4 Puntata 22: Osservazioni indimenticabili<\/span><\/p>\n<p>&nbsp;<\/p>\n<p>&nbsp;<\/p>\n<hr \/>\n<blockquote><p><strong>di JOHN FRANCIS DELLA PIETRA\u00a0<\/strong><\/p>\n<audio class=\"wp-audio-shortcode\" id=\"audio-197681-9\" preload=\"none\" style=\"width: 100%;\" controls=\"controls\"><source type=\"audio\/mpeg\" src=\"https:\/\/www.radiopiu.net\/wordpress\/wp-content\/uploads\/2021\/03\/john.mp3?_=9\" \/><a href=\"https:\/\/www.radiopiu.net\/wordpress\/wp-content\/uploads\/2021\/03\/john.mp3\">https:\/\/www.radiopiu.net\/wordpress\/wp-content\/uploads\/2021\/03\/john.mp3<\/a><\/audio>\n<p>&nbsp;<\/p>\n<hr \/>\n<p><img loading=\"lazy\" decoding=\"async\" class=\"alignleft\" src=\"https:\/\/www.radiopiu.net\/wordpress\/wp-content\/uploads\/2021\/03\/965517_10203762399207298_1638475001_o.jpg\" width=\"196\" height=\"191\" \/>Rimembro volentieri quanto da bimbo aspettavo questo giorno<br \/>\nM alzavo presto al mattino<br \/>\nPer poterlo vedere e salutare<br \/>\nPrima che andasse al lavoro<br \/>\nPer fargli con gioia<br \/>\nGli auguri di buona festa<br \/>\nPer dargli magari un piccolo dono<br \/>\nFatto con le mie mani<br \/>\nCome tutti i bambini e le bambine<br \/>\nCon il sorriso e gl occhi sgranati<br \/>\nAd osservare quel grande uomo<br \/>\nChe con ammirazione<br \/>\nChiamavo pap\u00e0<br \/>\nDa sempre nei loro geni<br \/>\nV \u00e8 stata v \u00e9 e vi sar\u00e0<br \/>\nLa semplicit\u00e0 la bont\u00e0 e l amore<br \/>\nQualit\u00e0 insostituibili<br \/>\nNel vivere in famiglia<br \/>\nRipenso a tutte le fatiche che hanno fatto<br \/>\nPer generarci crescerci nel modo migliore<br \/>\nUn silente operare<br \/>\nQuello dei padri<br \/>\nA cui spesso poco viene attribuito<br \/>\nSe non oggi nella loro festosa apoteosi<br \/>\nLoro chiedono poco<br \/>\nTalora schivi e pacati<br \/>\nSe non il nostro incondizionato rispetto<br \/>\nQuindi oggi<br \/>\nOvunque essi siano<br \/>\nMa presenza sempiterna<br \/>\nNel nostro cuore<br \/>\nLi ricordiamo e ringraziamo<br \/>\nAuguri pap\u00e0<br \/>\nGrazie di tutto<\/p>\n<p>&nbsp;<\/p><\/blockquote>\n<hr \/>\n<blockquote>\n<h3><\/h3>\n<h3>\u201cSTORIA DI POZZALE DI CADORE\u201d<\/h3>\n<h3>di RENATO BONA<\/h3>\n<\/blockquote>\n<p>Guecello, avo del grande Tiziano, fu podest\u00e0 sotto i Caminesi dal 1321 al 1326 \u201cConsapevole dei miei limiti, ma spronato da sentimenti di affetto che mi legano al paese natio e che ha dato i natali ai miei avi, dedico questo libro alle giovani generazioni di Pozzale, esortandole a conservare le nobili tradizioni lasciateci dai Da Forno, Da R\u00f9, Da Cort\u00e0, Cargnel, Comis, Baldovin, Sopracolle, Forni, Fumei, Del Favero, Longiar\u00f9, Genova, Berton che, come da ricerche, sono i regolieri di Pozzale, e chiedo venia se ho omesso qualcuno\u201d. Questa l\u2019introduzione firmata da Giovanni Battista Da Forno Panizza, autore del libro \u201cStoria di Pozzale di Cadore\u201d, stampato dalla tipografia Praconi di Savignano sul Rubicone, Forl\u00ec, nel maggio 1983, \u201cin memoria del mio caro Gioacchino\u201d. E questa la chiusura delle oltre cento pagine: \u201cLa particolarit\u00e0 di Pozzale a conservare nei secoli la parlata ladina, a differenza del resto del comune di Pieve, che nel tempo si \u00e8 venetizzato, viene messa in evidenza da coloro che s\u2019interessano di lessico ladini-cadorini. Ai giovani pozzalini, che amano il loro paese, il compito di partecipare con maggior convinzione si movimenti ladini, soprattutto per conservare il nostro dialetto. La spontaneit\u00e0 e l\u2019impegno che ho profuso, mi siano di conforto se ho fatto qualche cosa per il mio paese\u201d. Il libro, che spazia a tutto campo su realt\u00e0, persone, luoghi, cose e insomma su tutto o quasi, si articola in diversi capitoli: \u201cPozzale di Cadore\u201d (Frazione del comune di Pieve di Cadore, Pozzale (da Putealis o Puteus cio\u00e8 pozzo) \u00e8 posta alle falde del monte Tranego, in una meravigliosa conca protetta ai lati da due colli alberati, Pi\u00e8 de Otre e Cuoilo. A forma di croce distesa, \u00e8 composta da cinque borgate: ogni borgata ha la piazzetta con fontana lavatoio, purtroppo qualcuna scomparsa. A nord Sopracolle (Soracol), a est Fumei (Moro), a ovest Longiar\u00f9, a sud le Casine, al centro San Tomaso con piazza Margherita e crosera. La piazzetta sotto la Chiesa parrocchiale \u00e8 denominata piazza Corona); \u201cCasati\u201d; \u201cAltre famiglie di Pozzale\u201d; \u201cRitrovamenti archeologici a Pozzale\u201d; \u201cAppunti storici sul Cadore\u201d; \u201cChiesa parrocchiale di Pozzale e Monumenti ai Caduti\u201d;\u201dLapidi caduti in guerra 1915-1918\u201d; \u201cPolittico del Carpaccio\u201d; \u201cFurto del Carpaccio\u201d; \u201cVerbali di consegna del Carpaccio\u201d; \u201cPala d\u2019altare di Antonio Lazzarini 1672-1752\u201d; \u201cCapitano Filomeno Genova\u201d: \u201cSacerdoti di Pozzale\u201d: \u201cAttivit\u00e0 dei pozzalini\u201d; \u201cI coscritti di Pozzale classe 1923\u201d; \u201cAvvento della Democrazia\u201d; \u201cIl dialetto\u201d; \u201cGerusalemme liberata di Torquato Tasso\u201d; \u201cTraduzione dei verbi\u201d; \u201cDocumenti antichi\u201d; \u201cConoscere il passato\u201d; \u201cLa bona guardia\u201d; \u201cLe fidele\u201d; \u201cS. Nicol\u00f2\u201d; \u201cLa bella stella\u201d; \u201cIl bel bambino\u201d; \u201cLa Regina Margherita a Pozzale\u201d; \u201cL\u2019ega de Pothale\u201d; \u201cOttave di Catina Zandonella; \u201cIl colonel\u201d; \u201cLeggende di Pozzale\u201d; \u201cLe fiabe de Pothale\u201d; \u201cL\u2019era un\u2019ota\u201d; \u201cParlare il gergo\u201d; \u201cLocalit\u00e0 del territorio di Pozzale\u201d; \u201cDetti e aneddoti dialettali\u201d; \u201cVocaboli domestici e rurali di un tempo lontano\u201d; \u201cAlla Comunit\u00e0 Cadorina\u201d: \u201cInno del Cadore\u201d. In questa occasione, senza far torto a nessuno, ci soffermiamo sui Casati citando l\u2019autore che ricorda come i nomi pi\u00f9 antichi, alle origini di Pozzale, come risulta dai documenti, sono: Da R\u00f9 oggi Da R\u00f9 (stavano vicino al roia-ruscello); Commisio oggi Comis; De Furno oggi Da Forno (panettieri); Balduini oggi Baldovin; Da Longiar\u00f9 oggi Longiar\u00f9 (lungo il ruscello); A Fabro oggi Del Favero (fauro fabbri); Berth\u00f2ni oggi Berton, Carneo oggi Cargnel. Ancora: si pu\u00f2 dedurre che i primi nuclei familiari furono i casati che hanno denominato le borgate: Sopracolle, Longiar\u00f9, Fumei, Da Forno (sotto la piazza) Panizza, Pane. Oggi il cognome pi\u00f9 diffuso \u00e8 Da Forno, tant\u2019\u00e8 vero che per distinguere le famiglie da omonimie si \u00e8 dovuto ricorrere al soprannome: Da Forno Panizza, Da Forno Ciro, Da Forno Laio, Da Forno Bin, Da Forno Conte, Da Forno Loo. E c\u2019\u00e8 un casato con due cognomi, Da Cort\u00e0-Fumei. Viene quindi spiegato che \u201cI primi nomi documentati a Pozzale risalgono al 1500, tant\u2019\u00e8 che nessuno conosce la vera data di nascita di Tiziano Vecellio. Il padre del grande pittore ha svolto attivit\u00e0 notarile a Pozzale (Notaro Tommaso Da Vecelo) poi trasferitosi a Pieve. Guecello da Pozzale fu podest\u00e0 sotto i Caminesi dal 1321 al 1326, avo di Tiziano, da qui la discendenza dei Vecellio di Pieve. Le famiglie Maierotti, Vendramet, Losego, De Carlo, Brancher, Molina e Stiz da oltre cinquant\u2019anni, qualcuno da pi\u00f9 di un secolo, fanno parte integrante della comunit\u00e0 di Pozzale. Sembra che la casa pi\u00f9 antica di Pozzale, tutt\u2019oggi esistente, sia la casa oggi Vendramet\u201d.<\/p>\n\n\t\t\t<style type='text\/css'>\n\t\t\t\t#gallery-4 {\n\t\t\t\t\tmargin: auto;\n\t\t\t\t}\n\t\t\t\t#gallery-4 .gallery-item {\n\t\t\t\t\tfloat: left;\n\t\t\t\t\tmargin-top: 10px;\n\t\t\t\t\ttext-align: center;\n\t\t\t\t\twidth: 20%;\n\t\t\t\t}\n\t\t\t\t#gallery-4 img {\n\t\t\t\t\tborder: 2px solid #cfcfcf;\n\t\t\t\t}\n\t\t\t\t#gallery-4 .gallery-caption {\n\t\t\t\t\tmargin-left: 0;\n\t\t\t\t}\n\t\t\t\t\/* see gallery_shortcode() in wp-includes\/media.php *\/\n\t\t\t<\/style>\n\t\t<div id='gallery-4' class='dt-gallery-container gallery galleryid-197681 gallery-columns-5 gallery-size-thumbnail'><dl class='gallery-item'>\n\t\t\t\t<dt class='gallery-icon landscape'>\n\t\t\t\t\t<a class=\"rollover rollover-zoom dt-pswp-item\" title=\"162497404_1139789959805139_3681261895075375084_n\" data-dt-img-description=\"\" data-large_image_width=\"294\" data-large_image_height=\"206\"href='https:\/\/www.radiopiu.net\/wordpress\/wp-content\/uploads\/2021\/03\/162497404_1139789959805139_3681261895075375084_n.jpg'><img loading=\"lazy\" decoding=\"async\" width=\"150\" height=\"150\" src=\"https:\/\/www.radiopiu.net\/wordpress\/wp-content\/uploads\/2021\/03\/162497404_1139789959805139_3681261895075375084_n-150x150.jpg\" class=\"attachment-thumbnail size-thumbnail\" alt=\"\" \/><\/a>\n\t\t\t\t<\/dt><\/dl><dl class='gallery-item'>\n\t\t\t\t<dt class='gallery-icon landscape'>\n\t\t\t\t\t<a class=\"rollover rollover-zoom dt-pswp-item\" title=\"161822026_895274764597143_5889752080792020308_n\" data-dt-img-description=\"\" data-large_image_width=\"311\" data-large_image_height=\"206\"href='https:\/\/www.radiopiu.net\/wordpress\/wp-content\/uploads\/2021\/03\/161822026_895274764597143_5889752080792020308_n.jpg'><img loading=\"lazy\" decoding=\"async\" width=\"150\" height=\"150\" src=\"https:\/\/www.radiopiu.net\/wordpress\/wp-content\/uploads\/2021\/03\/161822026_895274764597143_5889752080792020308_n-150x150.jpg\" class=\"attachment-thumbnail size-thumbnail\" alt=\"\" \/><\/a>\n\t\t\t\t<\/dt><\/dl><dl class='gallery-item'>\n\t\t\t\t<dt class='gallery-icon portrait'>\n\t\t\t\t\t<a class=\"rollover rollover-zoom dt-pswp-item\" title=\"162449735_766181377666636_676191051135278940_n\" data-dt-img-description=\"\" data-large_image_width=\"158\" data-large_image_height=\"225\"href='https:\/\/www.radiopiu.net\/wordpress\/wp-content\/uploads\/2021\/03\/162449735_766181377666636_676191051135278940_n.jpg'><img loading=\"lazy\" decoding=\"async\" width=\"150\" height=\"150\" src=\"https:\/\/www.radiopiu.net\/wordpress\/wp-content\/uploads\/2021\/03\/162449735_766181377666636_676191051135278940_n-150x150.jpg\" class=\"attachment-thumbnail size-thumbnail\" alt=\"\" \/><\/a>\n\t\t\t\t<\/dt><\/dl><dl class='gallery-item'>\n\t\t\t\t<dt class='gallery-icon landscape'>\n\t\t\t\t\t<a class=\"rollover rollover-zoom dt-pswp-item\" title=\"162164517_720217021983222_3667963909135541939_n\" data-dt-img-description=\"\" data-large_image_width=\"296\" data-large_image_height=\"203\"href='https:\/\/www.radiopiu.net\/wordpress\/wp-content\/uploads\/2021\/03\/162164517_720217021983222_3667963909135541939_n.jpg'><img loading=\"lazy\" decoding=\"async\" width=\"150\" height=\"150\" src=\"https:\/\/www.radiopiu.net\/wordpress\/wp-content\/uploads\/2021\/03\/162164517_720217021983222_3667963909135541939_n-150x150.jpg\" class=\"attachment-thumbnail size-thumbnail\" alt=\"\" \/><\/a>\n\t\t\t\t<\/dt><\/dl><dl class='gallery-item'>\n\t\t\t\t<dt class='gallery-icon landscape'>\n\t\t\t\t\t<a class=\"rollover rollover-zoom dt-pswp-item\" title=\"162033074_501083984229478_8913647531214431364_n\" data-dt-img-description=\"\" data-large_image_width=\"522\" data-large_image_height=\"206\"href='https:\/\/www.radiopiu.net\/wordpress\/wp-content\/uploads\/2021\/03\/162033074_501083984229478_8913647531214431364_n.jpg'><img loading=\"lazy\" decoding=\"async\" width=\"150\" height=\"150\" src=\"https:\/\/www.radiopiu.net\/wordpress\/wp-content\/uploads\/2021\/03\/162033074_501083984229478_8913647531214431364_n-150x150.jpg\" class=\"attachment-thumbnail size-thumbnail\" alt=\"\" \/><\/a>\n\t\t\t\t<\/dt><\/dl><br style=\"clear: both\" \/><dl class='gallery-item'>\n\t\t\t\t<dt class='gallery-icon portrait'>\n\t\t\t\t\t<a class=\"rollover rollover-zoom dt-pswp-item\" title=\"162072542_467233351288296_6365605378398025917_n\" data-dt-img-description=\"\" data-large_image_width=\"168\" data-large_image_height=\"205\"href='https:\/\/www.radiopiu.net\/wordpress\/wp-content\/uploads\/2021\/03\/162072542_467233351288296_6365605378398025917_n.jpg'><img loading=\"lazy\" decoding=\"async\" width=\"150\" height=\"150\" src=\"https:\/\/www.radiopiu.net\/wordpress\/wp-content\/uploads\/2021\/03\/162072542_467233351288296_6365605378398025917_n-150x150.jpg\" class=\"attachment-thumbnail size-thumbnail\" alt=\"\" \/><\/a>\n\t\t\t\t<\/dt><\/dl><dl class='gallery-item'>\n\t\t\t\t<dt class='gallery-icon landscape'>\n\t\t\t\t\t<a class=\"rollover rollover-zoom dt-pswp-item\" title=\"162526540_466419351149439_7165440529221028717_n\" data-dt-img-description=\"\" data-large_image_width=\"320\" data-large_image_height=\"203\"href='https:\/\/www.radiopiu.net\/wordpress\/wp-content\/uploads\/2021\/03\/162526540_466419351149439_7165440529221028717_n.jpg'><img loading=\"lazy\" decoding=\"async\" width=\"150\" height=\"150\" src=\"https:\/\/www.radiopiu.net\/wordpress\/wp-content\/uploads\/2021\/03\/162526540_466419351149439_7165440529221028717_n-150x150.jpg\" class=\"attachment-thumbnail size-thumbnail\" alt=\"\" \/><\/a>\n\t\t\t\t<\/dt><\/dl><dl class='gallery-item'>\n\t\t\t\t<dt class='gallery-icon landscape'>\n\t\t\t\t\t<a class=\"rollover rollover-zoom dt-pswp-item\" title=\"162719802_450841593004665_8729162314777150158_n\" data-dt-img-description=\"\" data-large_image_width=\"275\" data-large_image_height=\"206\"href='https:\/\/www.radiopiu.net\/wordpress\/wp-content\/uploads\/2021\/03\/162719802_450841593004665_8729162314777150158_n.jpg'><img loading=\"lazy\" decoding=\"async\" width=\"150\" height=\"150\" src=\"https:\/\/www.radiopiu.net\/wordpress\/wp-content\/uploads\/2021\/03\/162719802_450841593004665_8729162314777150158_n-150x150.jpg\" class=\"attachment-thumbnail size-thumbnail\" alt=\"\" \/><\/a>\n\t\t\t\t<\/dt><\/dl><dl class='gallery-item'>\n\t\t\t\t<dt class='gallery-icon landscape'>\n\t\t\t\t\t<a class=\"rollover rollover-zoom dt-pswp-item\" title=\"162130548_437349110659399_9058993051754519907_n\" data-dt-img-description=\"\" data-large_image_width=\"296\" data-large_image_height=\"200\"href='https:\/\/www.radiopiu.net\/wordpress\/wp-content\/uploads\/2021\/03\/162130548_437349110659399_9058993051754519907_n.jpg'><img loading=\"lazy\" decoding=\"async\" width=\"150\" height=\"150\" src=\"https:\/\/www.radiopiu.net\/wordpress\/wp-content\/uploads\/2021\/03\/162130548_437349110659399_9058993051754519907_n-150x150.jpg\" class=\"attachment-thumbnail size-thumbnail\" alt=\"\" \/><\/a>\n\t\t\t\t<\/dt><\/dl><dl class='gallery-item'>\n\t\t\t\t<dt class='gallery-icon landscape'>\n\t\t\t\t\t<a class=\"rollover rollover-zoom dt-pswp-item\" title=\"162294630_342434100520199_2528166651572431882_n\" data-dt-img-description=\"\" data-large_image_width=\"250\" data-large_image_height=\"206\"href='https:\/\/www.radiopiu.net\/wordpress\/wp-content\/uploads\/2021\/03\/162294630_342434100520199_2528166651572431882_n.jpg'><img loading=\"lazy\" decoding=\"async\" width=\"150\" height=\"150\" src=\"https:\/\/www.radiopiu.net\/wordpress\/wp-content\/uploads\/2021\/03\/162294630_342434100520199_2528166651572431882_n-150x150.jpg\" class=\"attachment-thumbnail size-thumbnail\" alt=\"\" \/><\/a>\n\t\t\t\t<\/dt><\/dl><br style=\"clear: both\" \/><dl class='gallery-item'>\n\t\t\t\t<dt class='gallery-icon landscape'>\n\t\t\t\t\t<a class=\"rollover rollover-zoom dt-pswp-item\" title=\"161956708_2865328103741930_7064360202842270504_n\" data-dt-img-description=\"\" data-large_image_width=\"296\" data-large_image_height=\"206\"href='https:\/\/www.radiopiu.net\/wordpress\/wp-content\/uploads\/2021\/03\/161956708_2865328103741930_7064360202842270504_n.jpg'><img loading=\"lazy\" decoding=\"async\" width=\"150\" height=\"150\" src=\"https:\/\/www.radiopiu.net\/wordpress\/wp-content\/uploads\/2021\/03\/161956708_2865328103741930_7064360202842270504_n-150x150.jpg\" class=\"attachment-thumbnail size-thumbnail\" alt=\"\" \/><\/a>\n\t\t\t\t<\/dt><\/dl><dl class='gallery-item'>\n\t\t\t\t<dt class='gallery-icon portrait'>\n\t\t\t\t\t<a class=\"rollover rollover-zoom dt-pswp-item\" title=\"161978633_2846092825675981_1393427771959118717_n\" data-dt-img-description=\"\" data-large_image_width=\"160\" data-large_image_height=\"280\"href='https:\/\/www.radiopiu.net\/wordpress\/wp-content\/uploads\/2021\/03\/161978633_2846092825675981_1393427771959118717_n.jpg'><img loading=\"lazy\" decoding=\"async\" width=\"150\" height=\"150\" src=\"https:\/\/www.radiopiu.net\/wordpress\/wp-content\/uploads\/2021\/03\/161978633_2846092825675981_1393427771959118717_n-150x150.jpg\" class=\"attachment-thumbnail size-thumbnail\" alt=\"\" \/><\/a>\n\t\t\t\t<\/dt><\/dl><dl class='gallery-item'>\n\t\t\t\t<dt class='gallery-icon landscape'>\n\t\t\t\t\t<a class=\"rollover rollover-zoom dt-pswp-item\" title=\"162214368_267506984924359_1076800680669375801_n\" data-dt-img-description=\"\" data-large_image_width=\"279\" data-large_image_height=\"206\"href='https:\/\/www.radiopiu.net\/wordpress\/wp-content\/uploads\/2021\/03\/162214368_267506984924359_1076800680669375801_n.jpg'><img loading=\"lazy\" decoding=\"async\" width=\"150\" height=\"150\" src=\"https:\/\/www.radiopiu.net\/wordpress\/wp-content\/uploads\/2021\/03\/162214368_267506984924359_1076800680669375801_n-150x150.jpg\" class=\"attachment-thumbnail size-thumbnail\" alt=\"\" \/><\/a>\n\t\t\t\t<\/dt><\/dl><dl class='gallery-item'>\n\t\t\t\t<dt class='gallery-icon portrait'>\n\t\t\t\t\t<a class=\"rollover rollover-zoom dt-pswp-item\" title=\"162195447_2612419035725452_7871600560354771733_n\" data-dt-img-description=\"\" data-large_image_width=\"180\" data-large_image_height=\"205\"href='https:\/\/www.radiopiu.net\/wordpress\/wp-content\/uploads\/2021\/03\/162195447_2612419035725452_7871600560354771733_n.jpg'><img loading=\"lazy\" decoding=\"async\" width=\"150\" height=\"150\" src=\"https:\/\/www.radiopiu.net\/wordpress\/wp-content\/uploads\/2021\/03\/162195447_2612419035725452_7871600560354771733_n-150x150.jpg\" class=\"attachment-thumbnail size-thumbnail\" alt=\"\" \/><\/a>\n\t\t\t\t<\/dt><\/dl><dl class='gallery-item'>\n\t\t\t\t<dt class='gallery-icon landscape'>\n\t\t\t\t\t<a class=\"rollover rollover-zoom dt-pswp-item\" title=\"162033460_1172865469829356_81387966661735721_n\" data-dt-img-description=\"\" data-large_image_width=\"228\" data-large_image_height=\"203\"href='https:\/\/www.radiopiu.net\/wordpress\/wp-content\/uploads\/2021\/03\/162033460_1172865469829356_81387966661735721_n.jpg'><img loading=\"lazy\" decoding=\"async\" width=\"150\" height=\"150\" src=\"https:\/\/www.radiopiu.net\/wordpress\/wp-content\/uploads\/2021\/03\/162033460_1172865469829356_81387966661735721_n-150x150.jpg\" class=\"attachment-thumbnail size-thumbnail\" alt=\"\" \/><\/a>\n\t\t\t\t<\/dt><\/dl><br style=\"clear: both\" \/>\n\t\t\t<\/div>\n\n<p>&nbsp;<\/p>\n<p>NELLE FOTO (riproduzioni dal libro \u201cStoria di Pozzale di Cadore\u201d): panorama invernale di Pozzale di Cadore m. 1054; antiche case rustiche in Borgo San Tomaso, oggi Piazza Margherita; antico rustico, oggi casa Vendramet; lapide con iscrizioni trovata a Pozzale nel 1878; chiesa parrocchiale e monumento ai Caduti nella guerra 1915-19118; quattro lapidi che ricordano vittime della Grande Guerra; Madonna della difesa con Santi\u201d, polittico di Vittore Carpaccio nella chiesa parrocchiale di Pozzale; la parete di sinistra della chiesa dopo il trafugamento della preziosa tela; il verbale del 25 giugno 1977 di riconsegna del dipinto da parte della Soprintendenza per i beni artistici e storici; \u201cMadonna con Santi\u201d, opera di Antonio Lazzarini nella parrocchiale; chiesetta dedicata a sant\u2019Antonio da Padova, sullo sfondo a destra il palazzo Da R\u00f9: i coscritti del 1923 nelle foto ricordo del 1943 e del 1873.<\/p>\n<p>&nbsp;<\/p>\n<p>&nbsp;<\/p>\n<hr \/>\n<p>&nbsp;<\/p>\n<h2><span style=\"color: #ff0000;\">ALLA RADIO<\/span><\/h2>\n<blockquote><p><strong>CONOSCIAMO I CORI DELLA PROVINCIA, IL CORO CTG DI BELLUNO<\/strong><\/p><\/blockquote>\n<div style=\"width: 640px;\" class=\"wp-video\"><video class=\"wp-video-shortcode\" id=\"video-197681-2\" width=\"640\" height=\"360\" preload=\"metadata\" controls=\"controls\"><source type=\"video\/mp4\" src=\"https:\/\/www.radiopiu.net\/wordpress\/wp-content\/uploads\/2021\/03\/coro-ctg-belluno.mp4?_=2\" \/><a href=\"https:\/\/www.radiopiu.net\/wordpress\/wp-content\/uploads\/2021\/03\/coro-ctg-belluno.mp4\">https:\/\/www.radiopiu.net\/wordpress\/wp-content\/uploads\/2021\/03\/coro-ctg-belluno.mp4<\/a><\/video><\/div>\n<h1>LA RACCOLTA COMPLETA<\/h1>\n<blockquote class=\"wp-embedded-content\" data-secret=\"4eTKzeV0WZ\"><p><a href=\"https:\/\/www.radiopiu.net\/wordpress\/corogtgbl\/\">CONOSCIAMO I CORI DEL BELLUNESE  OTTAVA PUNTATA, CORO CTG BELLUNO<\/a><\/p><\/blockquote>\n<p><iframe loading=\"lazy\" class=\"wp-embedded-content\" sandbox=\"allow-scripts\" security=\"restricted\" style=\"position: absolute; clip: rect(1px, 1px, 1px, 1px);\" title=\"&#8220;CONOSCIAMO I CORI DEL BELLUNESE  OTTAVA PUNTATA, CORO CTG BELLUNO&#8221; &#8212; Radio Pi\u00f9\" src=\"https:\/\/www.radiopiu.net\/wordpress\/corogtgbl\/embed\/#?secret=4eTKzeV0WZ\" data-secret=\"4eTKzeV0WZ\" width=\"600\" height=\"338\" frameborder=\"0\" marginwidth=\"0\" marginheight=\"0\" scrolling=\"no\"><\/iframe><\/p>\n<p>&nbsp;<\/p>\n<blockquote class=\"wp-embedded-content\" data-secret=\"QsskNv3nBj\"><p><a href=\"https:\/\/www.radiopiu.net\/wordpress\/la-corale-di-limana-presenta-liniziativa-solidale-pasquale\/\">LA CORALE DI LIMANA PRESENTA L&#8217;INIZIATIVA SOLIDALE PASQUALE<\/a><\/p><\/blockquote>\n<p><iframe loading=\"lazy\" class=\"wp-embedded-content\" sandbox=\"allow-scripts\" security=\"restricted\" style=\"position: absolute; clip: rect(1px, 1px, 1px, 1px);\" title=\"&#8220;LA CORALE DI LIMANA PRESENTA L&#8217;INIZIATIVA SOLIDALE PASQUALE&#8221; &#8212; Radio Pi\u00f9\" src=\"https:\/\/www.radiopiu.net\/wordpress\/la-corale-di-limana-presenta-liniziativa-solidale-pasquale\/embed\/#?secret=QsskNv3nBj\" data-secret=\"QsskNv3nBj\" width=\"600\" height=\"338\" frameborder=\"0\" marginwidth=\"0\" marginheight=\"0\" scrolling=\"no\"><\/iframe><\/p>\n<p>&nbsp;<\/p>\n<hr \/>\n<blockquote>\n<h3><a href=\"https:\/\/www.radiopiu.net\/wordpress\/giornale-radiopiu-06-febbraio-2019-direttore-mirko-mezzacasa\/logo_spi-cgil-800x445\/\" rel=\"attachment wp-att-75538\"><img loading=\"lazy\" decoding=\"async\" class=\"wp-image-75538 alignleft\" src=\"https:\/\/www.radiopiu.net\/wordpress\/wp-content\/uploads\/2019\/02\/Logo_Spi-CGIL-800x445-300x167.jpg\" alt=\"\" width=\"210\" height=\"117\" srcset=\"https:\/\/www.radiopiu.net\/wordpress\/wp-content\/uploads\/2019\/02\/Logo_Spi-CGIL-800x445-300x167.jpg 300w, https:\/\/www.radiopiu.net\/wordpress\/wp-content\/uploads\/2019\/02\/Logo_Spi-CGIL-800x445-768x427.jpg 768w, https:\/\/www.radiopiu.net\/wordpress\/wp-content\/uploads\/2019\/02\/Logo_Spi-CGIL-800x445.jpg 800w\" sizes=\"auto, (max-width: 210px) 100vw, 210px\" \/><\/a>ALLA RADIO, APPUNTAMENTO QUINDICINALE CON SPI-CGIL BELLUNO, IN STUDIO MARIA RITA GENTILIN<\/h3>\n<\/blockquote>\n<p><strong>di Claudio Fontanive\u00a0<\/strong><\/p>\n<p>&nbsp;<\/p>\n<p><span style=\"color: #ff0000;\"><strong>PUNTATA DEL 18 MARZO 2021<\/strong><\/span><\/p>\n<audio class=\"wp-audio-shortcode\" id=\"audio-197681-10\" preload=\"none\" style=\"width: 100%;\" controls=\"controls\"><source type=\"audio\/mpeg\" src=\"https:\/\/www.radiopiu.net\/wordpress\/wp-content\/uploads\/2021\/03\/spi-cigl-18-marzo.mp3?_=10\" \/><a href=\"https:\/\/www.radiopiu.net\/wordpress\/wp-content\/uploads\/2021\/03\/spi-cigl-18-marzo.mp3\">https:\/\/www.radiopiu.net\/wordpress\/wp-content\/uploads\/2021\/03\/spi-cigl-18-marzo.mp3<\/a><\/audio>\n<p>&nbsp;<\/p>\n<p>&nbsp;<\/p>\n<hr \/>\n<p>&nbsp;<\/p>\n<div class=\"wp-media-wrapper wp-audio\">\n<div id=\"mep_0\" class=\"mejs-container mejs-container-keyboard-inactive wp-audio-shortcode mejs-audio\" tabindex=\"0\" role=\"application\" aria-label=\"Audio Player\">\n<div class=\"mejs-inner\">\n<div class=\"mejs-controls\">\n<div class=\"mejs-horizontal-volume-total\">\n<div><\/div>\n<\/div>\n<\/div>\n<div><strong><span style=\"color: #ff0000;\">MUSLA, IL NUOVO PROGRAMMA<\/span><\/strong><\/div>\n<\/div>\n<\/div>\n<\/div>\n<div class=\"details\">\n<h1 class=\"filename\">Pontada-3-Le-tipologie-de-Ladin<\/h1>\n<\/div>\n<audio class=\"wp-audio-shortcode\" id=\"audio-197681-11\" preload=\"none\" style=\"width: 100%;\" controls=\"controls\"><source type=\"audio\/mpeg\" src=\"https:\/\/www.radiopiu.net\/wordpress\/wp-content\/uploads\/2021\/03\/Pontada-3-Le-tipologie-de-LADIN.mp3?_=11\" \/><a href=\"https:\/\/www.radiopiu.net\/wordpress\/wp-content\/uploads\/2021\/03\/Pontada-3-Le-tipologie-de-LADIN.mp3\">https:\/\/www.radiopiu.net\/wordpress\/wp-content\/uploads\/2021\/03\/Pontada-3-Le-tipologie-de-LADIN.mp3<\/a><\/audio>\n<blockquote>\n<h2>LA RACCOLTA COMPLETA<\/h2>\n<\/blockquote>\n<blockquote class=\"wp-embedded-content\" data-secret=\"6TQvTUC587\"><p><a href=\"https:\/\/www.radiopiu.net\/wordpress\/agora-agordina-la-nosta-piaza\/\">AGORA&#8217; AGORDINA&#8230; LA NOSTA PIAZA LADINA.  pagina in aggiornamento continuo<\/a><\/p><\/blockquote>\n<p><iframe loading=\"lazy\" class=\"wp-embedded-content\" sandbox=\"allow-scripts\" security=\"restricted\" style=\"position: absolute; clip: rect(1px, 1px, 1px, 1px);\" title=\"&#8220;AGORA&#8217; AGORDINA&#8230; LA NOSTA PIAZA LADINA.  pagina in aggiornamento continuo&#8221; &#8212; Radio Pi\u00f9\" src=\"https:\/\/www.radiopiu.net\/wordpress\/agora-agordina-la-nosta-piaza\/embed\/#?secret=6TQvTUC587\" data-secret=\"6TQvTUC587\" width=\"600\" height=\"338\" frameborder=\"0\" marginwidth=\"0\" marginheight=\"0\" scrolling=\"no\"><\/iframe><\/p>\n<p>&nbsp;<\/p>\n<hr \/>\n<p>&nbsp;<\/p>\n<blockquote>\n<h3><a href=\"https:\/\/www.radiopiu.net\/wordpress\/almanacco-ladino-puntata-5-2020\/sn\/\" rel=\"attachment wp-att-180931\"><img loading=\"lazy\" decoding=\"async\" class=\"wp-image-180931 alignleft\" src=\"https:\/\/www.radiopiu.net\/wordpress\/wp-content\/uploads\/2020\/12\/sn-300x194.jpg\" alt=\"\" width=\"181\" height=\"117\" srcset=\"https:\/\/www.radiopiu.net\/wordpress\/wp-content\/uploads\/2020\/12\/sn-300x194.jpg 300w, https:\/\/www.radiopiu.net\/wordpress\/wp-content\/uploads\/2020\/12\/sn.jpg 626w\" sizes=\"auto, (max-width: 181px) 100vw, 181px\" \/><\/a>L&#8217;ALMANACCO LADINO CON L&#8217;ISTITUT CESA DE JAN QUINDICINALE APPUNTAMENTO. LA DOMENICA ALLE 9 IL LUNEDI ALLE 8.35 IL MARTEDI ALLE 12.35 IL MERCOLEDI ALLE 18.35. SECONDA STAGIONE.<\/h3>\n<p><strong>LA PUNTATA DELLA SETTIMANA<\/strong><\/p><\/blockquote>\n<audio class=\"wp-audio-shortcode\" id=\"audio-197681-12\" preload=\"none\" style=\"width: 100%;\" controls=\"controls\"><source type=\"audio\/mpeg\" src=\"https:\/\/www.radiopiu.net\/wordpress\/wp-content\/uploads\/2021\/03\/54\u00b0Almanacco-Ladino_Col-1.mp3?_=12\" \/><a href=\"https:\/\/www.radiopiu.net\/wordpress\/wp-content\/uploads\/2021\/03\/54\u00b0Almanacco-Ladino_Col-1.mp3\">https:\/\/www.radiopiu.net\/wordpress\/wp-content\/uploads\/2021\/03\/54\u00b0Almanacco-Ladino_Col-1.mp3<\/a><\/audio>\n<p>&nbsp;<\/p>\n<p><strong>RACCOLTA COMPLETA\u00a0<\/strong><\/p>\n<blockquote class=\"wp-embedded-content\" data-secret=\"lAAeZT9i7S\"><p><a href=\"https:\/\/www.radiopiu.net\/wordpress\/almanacco-ladino\/\">Almanacco Ladino<\/a><\/p><\/blockquote>\n<p><iframe loading=\"lazy\" class=\"wp-embedded-content\" sandbox=\"allow-scripts\" security=\"restricted\" style=\"position: absolute; clip: rect(1px, 1px, 1px, 1px);\" title=\"&#8220;Almanacco Ladino&#8221; &#8212; Radio Pi\u00f9\" src=\"https:\/\/www.radiopiu.net\/wordpress\/almanacco-ladino\/embed\/#?secret=lAAeZT9i7S\" data-secret=\"lAAeZT9i7S\" width=\"600\" height=\"338\" frameborder=\"0\" marginwidth=\"0\" marginheight=\"0\" scrolling=\"no\"><\/iframe><\/p>\n<p>&nbsp;<\/p>\n<p>&nbsp;<\/p>\n<hr \/>\n<p>&nbsp;<\/p>\n<div>\n<h2><span style=\"color: #ff0000;\">ALLA RADIO<\/span><\/h2>\n<\/div>\n<div>\n<h2><strong><a href=\"https:\/\/www.radiopiu.net\/wordpress\/giornale-radiopiu-17-marzo-2021-direttore-mirko-mezzacasa\/160935989_1607940962727298_4221035489770854642_o\/\" rel=\"attachment wp-att-197386\"><img loading=\"lazy\" decoding=\"async\" class=\"wp-image-197386 alignleft\" src=\"https:\/\/www.radiopiu.net\/wordpress\/wp-content\/uploads\/2021\/03\/160935989_1607940962727298_4221035489770854642_o-207x300.jpg\" alt=\"\" width=\"134\" height=\"194\" srcset=\"https:\/\/www.radiopiu.net\/wordpress\/wp-content\/uploads\/2021\/03\/160935989_1607940962727298_4221035489770854642_o-207x300.jpg 207w, https:\/\/www.radiopiu.net\/wordpress\/wp-content\/uploads\/2021\/03\/160935989_1607940962727298_4221035489770854642_o.jpg 526w\" sizes=\"auto, (max-width: 134px) 100vw, 134px\" \/><\/a>LE\u00a0 PUNTATE di Luisa Alchini di Leggermente Bellunesi, la domenica alle 11, <span style=\"color: #0000ff;\">IL MARTEDI IN PRIMA EDIZIONE\u00a0<\/span> alle 10.30 e alle 19.00<\/strong><\/h2>\n<\/div>\n<div>\n<div dir=\"auto\">La nostalgia di un antico focolare con il suo dolce calore ,rievocata nel libro di Paolo Farinati dal titolo dialettale &#8220;Intorn al fogh\u00e8r&#8221;<\/div>\n<\/div>\n<div dir=\"auto\"><\/div>\n<div dir=\"auto\"><strong>AUDIO<\/strong><\/div>\n<div>\n<audio class=\"wp-audio-shortcode\" id=\"audio-197681-13\" preload=\"none\" style=\"width: 100%;\" controls=\"controls\"><source type=\"audio\/mpeg\" src=\"https:\/\/www.radiopiu.net\/wordpress\/wp-content\/uploads\/2020\/10\/22leggermentepaolofarinati.mp3?_=13\" \/><a href=\"https:\/\/www.radiopiu.net\/wordpress\/wp-content\/uploads\/2020\/10\/22leggermentepaolofarinati.mp3\">https:\/\/www.radiopiu.net\/wordpress\/wp-content\/uploads\/2020\/10\/22leggermentepaolofarinati.mp3<\/a><\/audio>\n<\/div>\n<blockquote>\n<div>\n<h2><strong style=\"font-size: 14px;\"><span style=\"color: #000000;\">RACCOLTA COMPLETA<\/span><\/strong><\/h2>\n<\/div>\n<blockquote class=\"wp-embedded-content\" data-secret=\"xMWgY3PUuX\"><p><a href=\"https:\/\/www.radiopiu.net\/wordpress\/leggermente-20\/\">LEGGERmente&#8230;Bellunesi<\/a><\/p><\/blockquote>\n<p><iframe loading=\"lazy\" class=\"wp-embedded-content\" sandbox=\"allow-scripts\" security=\"restricted\" style=\"position: absolute; clip: rect(1px, 1px, 1px, 1px);\" title=\"&#8220;LEGGERmente&#8230;Bellunesi&#8221; &#8212; Radio Pi\u00f9\" src=\"https:\/\/www.radiopiu.net\/wordpress\/leggermente-20\/embed\/#?secret=xMWgY3PUuX\" data-secret=\"xMWgY3PUuX\" width=\"600\" height=\"338\" frameborder=\"0\" marginwidth=\"0\" marginheight=\"0\" scrolling=\"no\"><\/iframe><\/p>\n<p>&nbsp;<\/p><\/blockquote>\n<hr \/>\n<p>&nbsp;<\/p>\n<h2><span style=\"color: #ff0000;\"><img decoding=\"async\" class=\"alignleft\" src=\"https:\/\/www.radiopiu.net\/wordpress\/wp-content\/uploads\/2021\/03\/th-5.jpg\" \/><\/span><\/h2>\n<h2><\/h2>\n<h2><span style=\"color: #ff0000;\">ALLA RADIO<\/span><\/h2>\n<h2><span style=\"color: #008000;\">ERBE E PIANTE CURATIVE&#8230;IL\u00a0 PROGRAMMA DI PAOLA LANCIATO<\/span><\/h2>\n<p><strong>SETTIMA\u00a0 PUNTATA &#8211; LA CAMOMILLA<\/strong><\/p>\n<audio class=\"wp-audio-shortcode\" id=\"audio-197681-14\" preload=\"none\" style=\"width: 100%;\" controls=\"controls\"><source type=\"audio\/mpeg\" src=\"https:\/\/www.radiopiu.net\/wordpress\/wp-content\/uploads\/2020\/10\/7-La-Camomilla-M.mp3?_=14\" \/><a href=\"https:\/\/www.radiopiu.net\/wordpress\/wp-content\/uploads\/2020\/10\/7-La-Camomilla-M.mp3\">https:\/\/www.radiopiu.net\/wordpress\/wp-content\/uploads\/2020\/10\/7-La-Camomilla-M.mp3<\/a><\/audio>\n<p><strong>LA RACCOLTA COMPLETA<\/strong><\/p>\n<blockquote class=\"wp-embedded-content\" data-secret=\"xGkolg96cN\"><p><a href=\"https:\/\/www.radiopiu.net\/wordpress\/erbe-e-piante-curative\/\">ERBE E PIANTE CURATIVE<\/a><\/p><\/blockquote>\n<p><iframe loading=\"lazy\" class=\"wp-embedded-content\" sandbox=\"allow-scripts\" security=\"restricted\" style=\"position: absolute; clip: rect(1px, 1px, 1px, 1px);\" title=\"&#8220;ERBE E PIANTE CURATIVE&#8221; &#8212; Radio Pi\u00f9\" src=\"https:\/\/www.radiopiu.net\/wordpress\/erbe-e-piante-curative\/embed\/#?secret=xGkolg96cN\" data-secret=\"xGkolg96cN\" width=\"600\" height=\"338\" frameborder=\"0\" marginwidth=\"0\" marginheight=\"0\" scrolling=\"no\"><\/iframe><\/p>\n<p>&nbsp;<\/p>\n<hr \/>\n<p>&nbsp;<\/p>\n<p>&nbsp;<\/p>\n<div class=\"im_message_wrap clearfix\">\n<div class=\"im_content_message_wrap im_message_out\">\n<h2><span style=\"color: #ff0000;\">IN VIVO VERSO 2020-21<\/span><\/h2>\n<p><strong><span style=\"color: #0000ff;\">IN ONDA DAL LUNEDI AL VENERDI ALLE 7.10, 10.10, 18.50\u00a0 \u00a0<\/span><\/strong><\/p>\n<blockquote class=\"wp-embedded-content\" data-secret=\"5ebCH0nwm6\"><p><a href=\"https:\/\/www.radiopiu.net\/wordpress\/la-non-nostra-vita-di-luciano-tricarico\/\">LA NON NOSTRA VITA di LUCIANO TRICARICO<\/a><\/p><\/blockquote>\n<p><iframe loading=\"lazy\" class=\"wp-embedded-content\" sandbox=\"allow-scripts\" security=\"restricted\" style=\"position: absolute; clip: rect(1px, 1px, 1px, 1px);\" title=\"&#8220;LA NON NOSTRA VITA di LUCIANO TRICARICO&#8221; &#8212; Radio Pi\u00f9\" src=\"https:\/\/www.radiopiu.net\/wordpress\/la-non-nostra-vita-di-luciano-tricarico\/embed\/#?secret=5ebCH0nwm6\" data-secret=\"5ebCH0nwm6\" width=\"600\" height=\"338\" frameborder=\"0\" marginwidth=\"0\" marginheight=\"0\" scrolling=\"no\"><\/iframe><\/p>\n<p><strong>LA RACCOLTA<\/strong><\/p>\n<blockquote class=\"wp-embedded-content\" data-secret=\"5hbbdhm8tR\"><p><a href=\"https:\/\/www.radiopiu.net\/wordpress\/in-vivo-verso\/\">In Vivo Verso<\/a><\/p><\/blockquote>\n<p><iframe loading=\"lazy\" class=\"wp-embedded-content\" sandbox=\"allow-scripts\" security=\"restricted\" style=\"position: absolute; clip: rect(1px, 1px, 1px, 1px);\" title=\"&#8220;In Vivo Verso&#8221; &#8212; Radio Pi\u00f9\" src=\"https:\/\/www.radiopiu.net\/wordpress\/in-vivo-verso\/embed\/#?secret=5hbbdhm8tR\" data-secret=\"5hbbdhm8tR\" width=\"600\" height=\"338\" frameborder=\"0\" marginwidth=\"0\" marginheight=\"0\" scrolling=\"no\"><\/iframe><\/p>\n<p>&nbsp;<\/p>\n<hr \/>\n<p>&nbsp;<\/p>\n<\/div>\n<\/div>\n<h2><span style=\"color: #808000;\">DUE MINUTI UN LIBRO\u00a0 TUTTI I GIORNI ALLA RADIO ALLE 9.30 E ALLE 18. QUINTA STAGIONE\u00a0<\/span><\/h2>\n<blockquote class=\"wp-embedded-content\" data-secret=\"RvdYkFvXkO\"><p><a href=\"https:\/\/www.radiopiu.net\/wordpress\/ostentata-bonta\/\">OSTENTATA BONTA&#8217;<\/a><\/p><\/blockquote>\n<p><iframe loading=\"lazy\" class=\"wp-embedded-content\" sandbox=\"allow-scripts\" security=\"restricted\" style=\"position: absolute; clip: rect(1px, 1px, 1px, 1px);\" title=\"&#8220;OSTENTATA BONTA&#8217;&#8221; &#8212; Radio Pi\u00f9\" src=\"https:\/\/www.radiopiu.net\/wordpress\/ostentata-bonta\/embed\/#?secret=RvdYkFvXkO\" data-secret=\"RvdYkFvXkO\" width=\"600\" height=\"338\" frameborder=\"0\" marginwidth=\"0\" marginheight=\"0\" scrolling=\"no\"><\/iframe><\/p>\n<h3><span style=\"color: #808000;\">\u00a0<\/span>LA RACCOLTA COMPLETA<\/h3>\n<blockquote class=\"wp-embedded-content\" data-secret=\"P5eoSAgtEr\"><p><a href=\"https:\/\/www.radiopiu.net\/wordpress\/due-minuti-un-libro\/\">Due minuti un libro<\/a><\/p><\/blockquote>\n<p><iframe loading=\"lazy\" class=\"wp-embedded-content\" sandbox=\"allow-scripts\" security=\"restricted\" style=\"position: absolute; clip: rect(1px, 1px, 1px, 1px);\" title=\"&#8220;Due minuti un libro&#8221; &#8212; Radio Pi\u00f9\" src=\"https:\/\/www.radiopiu.net\/wordpress\/due-minuti-un-libro\/embed\/#?secret=P5eoSAgtEr\" data-secret=\"P5eoSAgtEr\" width=\"600\" height=\"338\" frameborder=\"0\" marginwidth=\"0\" marginheight=\"0\" scrolling=\"no\"><\/iframe><\/p>\n<p>&nbsp;<\/p>\n<hr \/>\n<p>&nbsp;<\/p>\n<div>\n<p>&nbsp;<\/p>\n<\/div>\n<p>&nbsp;<\/p>\n<hr \/>\n<h2>\u00a0IERI ALLA RADIO, FRANCESCO ZILLIO<\/h2>\n<p><iframe loading=\"lazy\" title=\"SERVIZI DI COMUNICAZIONE MEDIANTE SMART PHONE CON APPLICAZIONI PROFESSIONALI\" width=\"1200\" height=\"675\" src=\"https:\/\/www.youtube.com\/embed\/hZrKOddSq2k?start=7&#038;feature=oembed\" frameborder=\"0\" allow=\"accelerometer; autoplay; clipboard-write; encrypted-media; gyroscope; picture-in-picture\" allowfullscreen><\/iframe><\/p>\n<p>&nbsp;<\/p>\n<h3><strong>LA RACCOLTA COMPLETA\u00a0<\/strong><\/h3>\n<blockquote class=\"wp-embedded-content\" data-secret=\"UtrpE45DqI\"><p><a href=\"https:\/\/www.radiopiu.net\/wordpress\/ep-center-video-gallery\/\">EP CENTER video gallery<\/a><\/p><\/blockquote>\n<p><iframe loading=\"lazy\" class=\"wp-embedded-content\" sandbox=\"allow-scripts\" security=\"restricted\" style=\"position: absolute; clip: rect(1px, 1px, 1px, 1px);\" title=\"&#8220;EP CENTER video gallery&#8221; &#8212; Radio Pi\u00f9\" src=\"https:\/\/www.radiopiu.net\/wordpress\/ep-center-video-gallery\/embed\/#?secret=UtrpE45DqI\" data-secret=\"UtrpE45DqI\" width=\"600\" height=\"338\" frameborder=\"0\" marginwidth=\"0\" marginheight=\"0\" scrolling=\"no\"><\/iframe><\/p>\n<a href=\"https:\/\/www.radiopiu.net\/wordpress\/wp-content\/uploads\/2021\/03\/199x267_GazzJunior_webinar.pdf\" class=\"pdfemb-viewer\" style=\"\" data-width=\"max\" data-height=\"max\" data-toolbar=\"top\" data-toolbar-fixed=\"on\">199x267_GazzJunior_webinar<\/a>\n<p>&nbsp;<\/p>\n<hr \/>\n<div dir=\"auto\">\n<div>\n<h2><span style=\"color: #800080;\"><strong>LA RASSEGNA STAMPA DA L&#8217;AMICO DEL POPOLO\u00a0<\/strong><\/span><\/h2>\n<h3 class=\"kvgmc6g5 cxmmr5t8 oygrvhab hcukyx3x c1et5uql\"><span style=\"color: #0000ff;\"> INFORMAZIONE il canale su TELEGRAM informazione di prima mano e in tempo reale. iscriviti ed aiutaci a farlo conoscere\u00a0<\/span><\/h3>\n<p><strong><a href=\"https:\/\/www.radiopiu.net\/wordpress\/il-comune-si-organizza-per-distribuire-i-buoni-spesa-ok\/federica-zasso\/\" rel=\"attachment wp-att-127029\"><img loading=\"lazy\" decoding=\"async\" class=\" wp-image-127029 alignleft\" src=\"https:\/\/www.radiopiu.net\/wordpress\/wp-content\/uploads\/2020\/04\/FEDERICA-ZASSO-222x300.jpg\" alt=\"\" width=\"124\" height=\"168\" srcset=\"https:\/\/www.radiopiu.net\/wordpress\/wp-content\/uploads\/2020\/04\/FEDERICA-ZASSO-222x300.jpg 222w, https:\/\/www.radiopiu.net\/wordpress\/wp-content\/uploads\/2020\/04\/FEDERICA-ZASSO.jpg 235w\" sizes=\"auto, (max-width: 124px) 100vw, 124px\" \/><\/a>di Gianni Santomaso<\/strong><\/p>\n<p>OSPITE: Federica Zasso<\/p>\n<audio class=\"wp-audio-shortcode\" id=\"audio-197681-15\" preload=\"none\" style=\"width: 100%;\" controls=\"controls\"><source type=\"audio\/mpeg\" src=\"https:\/\/www.radiopiu.net\/wordpress\/wp-content\/uploads\/2021\/03\/RASSEGNA-GIANNI-1.mp3?_=15\" \/><a href=\"https:\/\/www.radiopiu.net\/wordpress\/wp-content\/uploads\/2021\/03\/RASSEGNA-GIANNI-1.mp3\">https:\/\/www.radiopiu.net\/wordpress\/wp-content\/uploads\/2021\/03\/RASSEGNA-GIANNI-1.mp3<\/a><\/audio>\n<p><strong>LA RACCOLTA COMPLETA<\/strong><\/p>\n<blockquote class=\"wp-embedded-content\" data-secret=\"EOWKseLL4u\"><p><a href=\"https:\/\/www.radiopiu.net\/wordpress\/rassegna-stampa-di-gianni-santomaso\/\">Rassegna stampa da l&#8217;amico del popolo &#8211; di Gianni Santomaso<\/a><\/p><\/blockquote>\n<p><iframe loading=\"lazy\" class=\"wp-embedded-content\" sandbox=\"allow-scripts\" security=\"restricted\" style=\"position: absolute; clip: rect(1px, 1px, 1px, 1px);\" title=\"&#8220;Rassegna stampa da l&#8217;amico del popolo &#8211; di Gianni Santomaso&#8221; &#8212; Radio Pi\u00f9\" src=\"https:\/\/www.radiopiu.net\/wordpress\/rassegna-stampa-di-gianni-santomaso\/embed\/#?secret=EOWKseLL4u\" data-secret=\"EOWKseLL4u\" width=\"600\" height=\"338\" frameborder=\"0\" marginwidth=\"0\" marginheight=\"0\" scrolling=\"no\"><\/iframe><\/p>\n<p>&nbsp;<\/p>\n<p>&nbsp;<\/p>\n<hr \/>\n<p>&nbsp;<\/p>\n<blockquote>\n<h3>SALUTE E SOCIETA&#8217; IL LUNEDI ALLE 13.10 E ALLE 20.10, LA DOMENICA ALLE 10.30 A CURA DEL DOTTOR MARCO CARACCIOLO. QUINTA STAGIONE<\/h3>\n<\/blockquote>\n<p><strong><a href=\"https:\/\/www.radiopiu.net\/wordpress\/giornale-radiopiu-16-marzo-2021-direttore-mirko-mezzacasa\/ba741df3-66d4-42a4-992b-1ea24faa47d8\/\" rel=\"attachment wp-att-197176\"><img loading=\"lazy\" decoding=\"async\" class=\"wp-image-197176 alignleft\" src=\"https:\/\/www.radiopiu.net\/wordpress\/wp-content\/uploads\/2021\/03\/ba741df3-66d4-42a4-992b-1ea24faa47d8-300x167.jpg\" alt=\"\" width=\"237\" height=\"132\" srcset=\"https:\/\/www.radiopiu.net\/wordpress\/wp-content\/uploads\/2021\/03\/ba741df3-66d4-42a4-992b-1ea24faa47d8-300x167.jpg 300w, https:\/\/www.radiopiu.net\/wordpress\/wp-content\/uploads\/2021\/03\/ba741df3-66d4-42a4-992b-1ea24faa47d8-768x427.jpg 768w, https:\/\/www.radiopiu.net\/wordpress\/wp-content\/uploads\/2021\/03\/ba741df3-66d4-42a4-992b-1ea24faa47d8.jpg 800w\" sizes=\"auto, (max-width: 237px) 100vw, 237px\" \/><\/a>LA PUNTATA DELLA SETTIMANA <\/strong>Colpisce circa 2 milioni di italiani ma \u00e8 ancora poco conosciuta. La sua diagnosi avviene con difficolt\u00e0 e spesso in ritardo. E\u2019 la fibromialgia, patologia che letteralmente significa dolore nei muscoli. Ad essa \u00e8 dedicato l\u2019instant book realizzato da Aisf-Odv, Associazione italiana Sindrome fibromialgica e scaricabile garatuitamente dal sito www.sindromefibromialgica.it Emilia Vaccaro ne ha parlato con Piercarlo Sarzi Puttini, presidente Aisf-Odv e Professore Ordinario di Reumatologia-Universit\u00e0 di Milano, Laura Bazzichi, Reumatologa dell\u2019AOU Pisana, Giusy Fabio vicepresidente Associazione Italiana Sindrome Fibromialgica<\/p>\n<audio class=\"wp-audio-shortcode\" id=\"audio-197681-16\" preload=\"none\" style=\"width: 100%;\" controls=\"controls\"><source type=\"audio\/mpeg\" src=\"https:\/\/www.radiopiu.net\/wordpress\/wp-content\/uploads\/2021\/03\/salute.mp3?_=16\" \/><a href=\"https:\/\/www.radiopiu.net\/wordpress\/wp-content\/uploads\/2021\/03\/salute.mp3\">https:\/\/www.radiopiu.net\/wordpress\/wp-content\/uploads\/2021\/03\/salute.mp3<\/a><\/audio>\n<h3><strong>LA RACCOLTA COMPLETA\u00a0<\/strong><\/h3>\n<blockquote class=\"wp-embedded-content\" data-secret=\"uQ8TgnMfiQ\"><p><a href=\"https:\/\/www.radiopiu.net\/wordpress\/saluteesocieta\/\">Salute e Societ\u00e0<\/a><\/p><\/blockquote>\n<p><iframe loading=\"lazy\" class=\"wp-embedded-content\" sandbox=\"allow-scripts\" security=\"restricted\" style=\"position: absolute; clip: rect(1px, 1px, 1px, 1px);\" title=\"&#8220;Salute e Societ\u00e0&#8221; &#8212; Radio Pi\u00f9\" src=\"https:\/\/www.radiopiu.net\/wordpress\/saluteesocieta\/embed\/#?secret=uQ8TgnMfiQ\" data-secret=\"uQ8TgnMfiQ\" width=\"600\" height=\"338\" frameborder=\"0\" marginwidth=\"0\" marginheight=\"0\" scrolling=\"no\"><\/iframe><\/p>\n<p>&nbsp;<\/p>\n<\/div>\n<\/div>\n<hr \/>\n<blockquote>\n<h2><\/h2>\n<\/blockquote>\n<h2><span style=\"color: #ff0000;\"><a href=\"https:\/\/www.radiopiu.net\/wordpress\/giornale-radiopiu-05-gennaio-2021-direttore-mirko-mezzacasa\/133200401_100838761953611_1258544160541445132_o-2\/\" rel=\"attachment wp-att-183078\"><img loading=\"lazy\" decoding=\"async\" class=\" wp-image-183078 alignleft\" src=\"https:\/\/www.radiopiu.net\/wordpress\/wp-content\/uploads\/2021\/01\/133200401_100838761953611_1258544160541445132_o-1-300x157.jpg\" alt=\"\" width=\"192\" height=\"101\" srcset=\"https:\/\/www.radiopiu.net\/wordpress\/wp-content\/uploads\/2021\/01\/133200401_100838761953611_1258544160541445132_o-1-300x157.jpg 300w, https:\/\/www.radiopiu.net\/wordpress\/wp-content\/uploads\/2021\/01\/133200401_100838761953611_1258544160541445132_o-1.jpg 526w\" sizes=\"auto, (max-width: 192px) 100vw, 192px\" \/><\/a>GOCCE DI FILOSOFIA, CON CHIARA CAU, CON LISA DE LUCA. <\/span><\/h2>\n<h2><span style=\"color: #ff0000;\">TUTTI I GIORNI DAL LUNEDI AL VENERDI ALLE 6.55 E ALLE 18.55<\/span><\/h2>\n<p><strong>PUNTATA 54<\/strong><\/p>\n<audio class=\"wp-audio-shortcode\" id=\"audio-197681-17\" preload=\"none\" style=\"width: 100%;\" controls=\"controls\"><source type=\"audio\/mpeg\" src=\"https:\/\/www.radiopiu.net\/wordpress\/wp-content\/uploads\/2021\/03\/FI4-2.mp3?_=17\" \/><a href=\"https:\/\/www.radiopiu.net\/wordpress\/wp-content\/uploads\/2021\/03\/FI4-2.mp3\">https:\/\/www.radiopiu.net\/wordpress\/wp-content\/uploads\/2021\/03\/FI4-2.mp3<\/a><\/audio>\n<p>&nbsp;<\/p>\n<h3>LA RACCOLTA COMPLETA<\/h3>\n<blockquote class=\"wp-embedded-content\" data-secret=\"PaYVJAeTcb\"><p><a href=\"https:\/\/www.radiopiu.net\/wordpress\/gocce-filosofia\/\">Gocce di filosofia<\/a><\/p><\/blockquote>\n<p><iframe loading=\"lazy\" class=\"wp-embedded-content\" sandbox=\"allow-scripts\" security=\"restricted\" style=\"position: absolute; clip: rect(1px, 1px, 1px, 1px);\" title=\"&#8220;Gocce di filosofia&#8221; &#8212; Radio Pi\u00f9\" src=\"https:\/\/www.radiopiu.net\/wordpress\/gocce-filosofia\/embed\/#?secret=PaYVJAeTcb\" data-secret=\"PaYVJAeTcb\" width=\"600\" height=\"338\" frameborder=\"0\" marginwidth=\"0\" marginheight=\"0\" scrolling=\"no\"><\/iframe><\/p>\n<p>&nbsp;<\/p>\n<hr \/>\n<h2><span style=\"color: #ff0000;\">\u00a0<\/span><\/h2>\n<p>&nbsp;<\/p>\n<p>&nbsp;<\/p>\n<hr \/>\n<p>&nbsp;<\/p>\n<blockquote>\n<h2>FANTASTICHE DOLOMITI, NUOVA STAGIONE. APPUNTAMENTO QUINDICINALE IL GIOVEDI ALLE 10.30 E 19.00<\/h2>\n<\/blockquote>\n<h2><span style=\"color: #ff0000;\">LA UNDICESIMA PUNTATA dell&#8217;11marzo2021<\/span><\/h2>\n<p><strong><a href=\"https:\/\/www.radiopiu.net\/wordpress\/raccolta-completa\/121869645_648442942701436_4748562330148520081_n-2\/\" rel=\"attachment wp-att-196402\"><img loading=\"lazy\" decoding=\"async\" class=\"wp-image-196402 alignleft\" src=\"https:\/\/www.radiopiu.net\/wordpress\/wp-content\/uploads\/2021\/02\/121869645_648442942701436_4748562330148520081_n-1-300x169.jpg\" alt=\"\" width=\"160\" height=\"90\" srcset=\"https:\/\/www.radiopiu.net\/wordpress\/wp-content\/uploads\/2021\/02\/121869645_648442942701436_4748562330148520081_n-1-300x169.jpg 300w, https:\/\/www.radiopiu.net\/wordpress\/wp-content\/uploads\/2021\/02\/121869645_648442942701436_4748562330148520081_n-1-1024x576.jpg 1024w, https:\/\/www.radiopiu.net\/wordpress\/wp-content\/uploads\/2021\/02\/121869645_648442942701436_4748562330148520081_n-1-768x432.jpg 768w, https:\/\/www.radiopiu.net\/wordpress\/wp-content\/uploads\/2021\/02\/121869645_648442942701436_4748562330148520081_n-1-1536x864.jpg 1536w, https:\/\/www.radiopiu.net\/wordpress\/wp-content\/uploads\/2021\/02\/121869645_648442942701436_4748562330148520081_n-1.jpg 1707w\" sizes=\"auto, (max-width: 160px) 100vw, 160px\" \/><\/a>OSPITE IL PRESIDENTE CLAUDIO CANOVA, due giovani veterinari Michele e Maria investono nell&#8217;attivit\u00e0 sostenibile, l&#8217;allevamento delle trote a Piz di Sospirolo<\/strong><\/p>\n<audio class=\"wp-audio-shortcode\" id=\"audio-197681-18\" preload=\"none\" style=\"width: 100%;\" controls=\"controls\"><source type=\"audio\/mpeg\" src=\"https:\/\/www.radiopiu.net\/wordpress\/wp-content\/uploads\/2021\/03\/fantastiche-dolomiti-11-mazo.mp3?_=18\" \/><a href=\"https:\/\/www.radiopiu.net\/wordpress\/wp-content\/uploads\/2021\/03\/fantastiche-dolomiti-11-mazo.mp3\">https:\/\/www.radiopiu.net\/wordpress\/wp-content\/uploads\/2021\/03\/fantastiche-dolomiti-11-mazo.mp3<\/a><\/audio>\n<p>&nbsp;<\/p>\n<h3>LA RACCOLTA COMPLETA<\/h3>\n<p>https:\/\/www.radiopiu.net\/wordpress\/raccolta-completa\/<\/p>\n<p>&nbsp;<\/p>\n<p>&nbsp;<\/p>\n<hr \/>\n<blockquote>\n<h3><\/h3>\n<h3>CISL, LA VOCE DEI LAVORATORI. IL CONTRATTO NAZIONALE NELLE ASSEMBLEE E IL PREMIO PRUDUZIONE<\/h3>\n<\/blockquote>\n<p><strong>PUNTATA DEL 10 MARZO 2021<\/strong><\/p>\n<p>OSPITI: <strong>RAFFAELE SALVATONI,<\/strong> 50 anni Segretario nazionale della FEMCA CISL. Il numero uno dei tessili CISL bergamaschi\u00a0 ha assunto\u00a0 la responsabilit\u00e0 del settore moda.<strong> PAOLO CHISSALE&#8217;<\/strong> da qualche settimana in pensione, gi\u00e0 RSU Luxottica Agordo.<\/p>\n<p>audio<\/p>\n<audio class=\"wp-audio-shortcode\" id=\"audio-197681-19\" preload=\"none\" style=\"width: 100%;\" controls=\"controls\"><source type=\"audio\/mpeg\" src=\"https:\/\/www.radiopiu.net\/wordpress\/wp-content\/uploads\/2021\/03\/CISL.mp3?_=19\" \/><a href=\"https:\/\/www.radiopiu.net\/wordpress\/wp-content\/uploads\/2021\/03\/CISL.mp3\">https:\/\/www.radiopiu.net\/wordpress\/wp-content\/uploads\/2021\/03\/CISL.mp3<\/a><\/audio>\n<p>&nbsp;<\/p>\n\n\t\t\t<style type='text\/css'>\n\t\t\t\t#gallery-5 {\n\t\t\t\t\tmargin: auto;\n\t\t\t\t}\n\t\t\t\t#gallery-5 .gallery-item {\n\t\t\t\t\tfloat: left;\n\t\t\t\t\tmargin-top: 10px;\n\t\t\t\t\ttext-align: center;\n\t\t\t\t\twidth: 50%;\n\t\t\t\t}\n\t\t\t\t#gallery-5 img {\n\t\t\t\t\tborder: 2px solid #cfcfcf;\n\t\t\t\t}\n\t\t\t\t#gallery-5 .gallery-caption {\n\t\t\t\t\tmargin-left: 0;\n\t\t\t\t}\n\t\t\t\t\/* see gallery_shortcode() in wp-includes\/media.php *\/\n\t\t\t<\/style>\n\t\t<div id='gallery-5' class='dt-gallery-container gallery galleryid-197681 gallery-columns-2 gallery-size-thumbnail'><dl class='gallery-item'>\n\t\t\t\t<dt class='gallery-icon landscape'>\n\t\t\t\t\t<a class=\"rollover rollover-zoom dt-pswp-item\" title=\"th\" data-dt-img-description=\"\" data-large_image_width=\"300\" data-large_image_height=\"300\"href='https:\/\/www.radiopiu.net\/wordpress\/wp-content\/uploads\/2021\/03\/th-7.jpg'><img loading=\"lazy\" decoding=\"async\" width=\"150\" height=\"150\" src=\"https:\/\/www.radiopiu.net\/wordpress\/wp-content\/uploads\/2021\/03\/th-7-150x150.jpg\" class=\"attachment-thumbnail size-thumbnail\" alt=\"\" srcset=\"https:\/\/www.radiopiu.net\/wordpress\/wp-content\/uploads\/2021\/03\/th-7-150x150.jpg 150w, https:\/\/www.radiopiu.net\/wordpress\/wp-content\/uploads\/2021\/03\/th-7.jpg 300w\" sizes=\"auto, (max-width: 150px) 100vw, 150px\" \/><\/a>\n\t\t\t\t<\/dt><\/dl><dl class='gallery-item'>\n\t\t\t\t<dt class='gallery-icon landscape'>\n\t\t\t\t\t<a class=\"rollover rollover-zoom dt-pswp-item\" title=\"PAOLO CHISSALE\" data-dt-img-description=\"\" data-large_image_width=\"275\" data-large_image_height=\"183\"href='https:\/\/www.radiopiu.net\/wordpress\/wp-content\/uploads\/2018\/01\/PAOLO-CHISSALE.jpg'><img loading=\"lazy\" decoding=\"async\" width=\"150\" height=\"150\" src=\"https:\/\/www.radiopiu.net\/wordpress\/wp-content\/uploads\/2018\/01\/PAOLO-CHISSALE-150x150.jpg\" class=\"attachment-thumbnail size-thumbnail\" alt=\"\" \/><\/a>\n\t\t\t\t<\/dt><\/dl><br style=\"clear: both\" \/>\n\t\t\t<\/div>\n\n<p>&nbsp;<\/p>\n<p><a class=\"mejs-horizontal-volume-slider\" role=\"slider\" aria-label=\"Cursore del volume\" aria-valuemin=\"0\" aria-valuemax=\"100\" aria-valuenow=\"100\"><span class=\"mejs-offscreen\">.\u00a0<\/span><\/a><\/p>\n<hr \/>\n<div>\n<h2><span style=\"color: #000080;\"><a class=\"dt-pswp-item\" href=\"https:\/\/www.radiopiu.net\/wordpress\/wp-content\/uploads\/2020\/10\/pp.jpg\" data-dt-img-description=\"\" data-large_image_width=\"640\" data-large_image_height=\"640\"><img loading=\"lazy\" decoding=\"async\" class=\"wp-image-163678 alignleft\" src=\"https:\/\/www.radiopiu.net\/wordpress\/wp-content\/uploads\/2020\/10\/pp-300x300.jpg\" alt=\"\" width=\"106\" height=\"106\" srcset=\"https:\/\/www.radiopiu.net\/wordpress\/wp-content\/uploads\/2020\/10\/pp-300x300.jpg 300w, https:\/\/www.radiopiu.net\/wordpress\/wp-content\/uploads\/2020\/10\/pp-150x150.jpg 150w, https:\/\/www.radiopiu.net\/wordpress\/wp-content\/uploads\/2020\/10\/pp-125x125.jpg 125w, https:\/\/www.radiopiu.net\/wordpress\/wp-content\/uploads\/2020\/10\/pp-200x200.jpg 200w, https:\/\/www.radiopiu.net\/wordpress\/wp-content\/uploads\/2020\/10\/pp-80x80.jpg 80w, https:\/\/www.radiopiu.net\/wordpress\/wp-content\/uploads\/2020\/10\/pp-480x480.jpg 480w, https:\/\/www.radiopiu.net\/wordpress\/wp-content\/uploads\/2020\/10\/pp.jpg 640w\" sizes=\"auto, (max-width: 106px) 100vw, 106px\" \/><\/a><\/span><\/h2>\n<h2><span style=\"color: #000080;\">DON CESARE, IL PENSIERO DEL GIORNO. ALLA RADIO ALLE 7 DEL MATTINO E ALLE 19.30 DELLA SERA.\u00a0\u00a0<\/span><\/h2>\n<\/div>\n<p>&nbsp;<\/p>\n<p>&nbsp;<\/p>\n<p>&nbsp;<\/p>\n<audio class=\"wp-audio-shortcode\" id=\"audio-197681-20\" preload=\"none\" style=\"width: 100%;\" controls=\"controls\"><source type=\"audio\/mpeg\" src=\"https:\/\/www.radiopiu.net\/wordpress\/wp-content\/uploads\/2021\/03\/CESARE-12.mp3?_=20\" \/><a href=\"https:\/\/www.radiopiu.net\/wordpress\/wp-content\/uploads\/2021\/03\/CESARE-12.mp3\">https:\/\/www.radiopiu.net\/wordpress\/wp-content\/uploads\/2021\/03\/CESARE-12.mp3<\/a><\/audio>\n<hr \/>\n<p>&nbsp;<\/p>\n<p>&nbsp;<\/p>\n<blockquote>\n<h3 class=\"kvgmc6g5 cxmmr5t8 oygrvhab hcukyx3x c1et5uql\"><span style=\"color: #0000ff;\">INFORMAZIONE il canale su TELEGRAM informazione di prima mano e in tempo reale. iscriviti ed aiutaci a farlo conoscere\u00a0<\/span><\/h3>\n<\/blockquote>\n<h2><img loading=\"lazy\" decoding=\"async\" class=\"alignleft\" src=\"https:\/\/www.radiopiu.net\/wordpress\/wp-content\/uploads\/2021\/03\/narr.jpg\" width=\"158\" height=\"105\" \/>007 IN CONDOTTA CON LA PROF. MARIA ROSA SALMAZO IL LUNEDI ALLE 10,30 E ALLE 19.00 LA DOMENICA ALLE 8 DEL MATTINO. NONA STAGIONE<\/h2>\n<p><span style=\"color: #ff0000;\"><strong>PUNTATA DEL 15 MARZO 2021<\/strong><\/span><\/p>\n<audio class=\"wp-audio-shortcode\" id=\"audio-197681-21\" preload=\"none\" style=\"width: 100%;\" controls=\"controls\"><source type=\"audio\/mpeg\" src=\"https:\/\/www.radiopiu.net\/wordpress\/wp-content\/uploads\/2021\/03\/007-15-marzo.mp3?_=21\" \/><a href=\"https:\/\/www.radiopiu.net\/wordpress\/wp-content\/uploads\/2021\/03\/007-15-marzo.mp3\">https:\/\/www.radiopiu.net\/wordpress\/wp-content\/uploads\/2021\/03\/007-15-marzo.mp3<\/a><\/audio>\n<p>&nbsp;<\/p>\n<h2>LA RACCOLTA COMPLETA<\/h2>\n<blockquote class=\"wp-embedded-content\" data-secret=\"353BQjX9kb\"><p><a href=\"https:\/\/www.radiopiu.net\/wordpress\/007incondotta-9\/\">007 in condotta<\/a><\/p><\/blockquote>\n<p><iframe loading=\"lazy\" class=\"wp-embedded-content\" sandbox=\"allow-scripts\" security=\"restricted\" style=\"position: absolute; clip: rect(1px, 1px, 1px, 1px);\" title=\"&#8220;007 in condotta&#8221; &#8212; Radio Pi\u00f9\" src=\"https:\/\/www.radiopiu.net\/wordpress\/007incondotta-9\/embed\/#?secret=353BQjX9kb\" data-secret=\"353BQjX9kb\" width=\"600\" height=\"338\" frameborder=\"0\" marginwidth=\"0\" marginheight=\"0\" scrolling=\"no\"><\/iframe><\/p>\n<blockquote><p>&nbsp;<\/p>\n<p>&nbsp;<\/p><\/blockquote>\n<hr \/>\n<p>&nbsp;<\/p>\n<p>&nbsp;<\/p>\n<div>\n<h2><span style=\"color: #33cccc;\">I RACCONTI DI PAOLO SOPPELSA il lunedi alle 9.30 e 18.30<\/span><\/h2>\n<blockquote class=\"wp-embedded-content\" data-secret=\"dDGEXxiW0t\"><p><a href=\"https:\/\/www.radiopiu.net\/wordpress\/i-racconti-di-paolo-soppelsa-sessantaseiesima-puntata\/\">I RACCONTI DI PAOLO SOPPELSA SESSANTASEIESIMA PUNTATA<\/a><\/p><\/blockquote>\n<p><iframe loading=\"lazy\" class=\"wp-embedded-content\" sandbox=\"allow-scripts\" security=\"restricted\" style=\"position: absolute; clip: rect(1px, 1px, 1px, 1px);\" title=\"&#8220;I RACCONTI DI PAOLO SOPPELSA SESSANTASEIESIMA PUNTATA&#8221; &#8212; Radio Pi\u00f9\" src=\"https:\/\/www.radiopiu.net\/wordpress\/i-racconti-di-paolo-soppelsa-sessantaseiesima-puntata\/embed\/#?secret=dDGEXxiW0t\" data-secret=\"dDGEXxiW0t\" width=\"600\" height=\"338\" frameborder=\"0\" marginwidth=\"0\" marginheight=\"0\" scrolling=\"no\"><\/iframe><\/p>\n<h3 class=\"kvgmc6g5 cxmmr5t8 oygrvhab hcukyx3x c1et5uql\"><span style=\"color: #0000ff;\">INFORMAZIONE il canale su TELEGRAM informazione di prima mano e in tempo reale. iscriviti ed aiutaci a farlo conoscere\u00a0<\/span><\/h3>\n<h2><span style=\"color: #33cccc;\"><strong>RACCOLTA COMPLETA<\/strong><\/span><\/h2>\n<blockquote class=\"wp-embedded-content\" data-secret=\"OPGubPDxDa\"><p><a href=\"https:\/\/www.radiopiu.net\/wordpress\/i-racconti-di-paolo-soppelsa\/\">I racconti di Paolo Soppelsa<\/a><\/p><\/blockquote>\n<p><iframe loading=\"lazy\" class=\"wp-embedded-content\" sandbox=\"allow-scripts\" security=\"restricted\" style=\"position: absolute; clip: rect(1px, 1px, 1px, 1px);\" title=\"&#8220;I racconti di Paolo Soppelsa&#8221; &#8212; Radio Pi\u00f9\" src=\"https:\/\/www.radiopiu.net\/wordpress\/i-racconti-di-paolo-soppelsa\/embed\/#?secret=OPGubPDxDa\" data-secret=\"OPGubPDxDa\" width=\"600\" height=\"338\" frameborder=\"0\" marginwidth=\"0\" marginheight=\"0\" scrolling=\"no\"><\/iframe><\/p>\n<\/div>\n<p>&nbsp;<\/p>\n<p>&nbsp;<\/p>\n<hr \/>\n<p>&nbsp;<\/p>\n<div>\n<p>&nbsp;<\/p>\n<blockquote>\n<h2><a href=\"https:\/\/www.radiopiu.net\/wordpress\/speciale-solidarieta-veneto\/solidarieta-veneto-3\/\" rel=\"attachment wp-att-134366\"><img loading=\"lazy\" decoding=\"async\" class=\"wp-image-134366 alignleft\" src=\"https:\/\/www.radiopiu.net\/wordpress\/wp-content\/uploads\/2020\/05\/solidariet\u00e0-veneto-300x210.jpg\" alt=\"\" width=\"102\" height=\"71\" srcset=\"https:\/\/www.radiopiu.net\/wordpress\/wp-content\/uploads\/2020\/05\/solidariet\u00e0-veneto-300x210.jpg 300w, https:\/\/www.radiopiu.net\/wordpress\/wp-content\/uploads\/2020\/05\/solidariet\u00e0-veneto-1024x717.jpg 1024w, https:\/\/www.radiopiu.net\/wordpress\/wp-content\/uploads\/2020\/05\/solidariet\u00e0-veneto-768x538.jpg 768w, https:\/\/www.radiopiu.net\/wordpress\/wp-content\/uploads\/2020\/05\/solidariet\u00e0-veneto.jpg 1373w\" sizes=\"auto, (max-width: 102px) 100vw, 102px\" \/><\/a>SOLIDARIETA&#8217; VENETO FONDO PENSIONE, IN ONDA IL PRIMO VENERDI DEL MESE ALLE 10.30 E ALLE 19.00 QUINTA STAGIONE<\/h2>\n<\/blockquote>\n<p><strong>AUDIO MARZO 2021<\/strong><\/p>\n<audio class=\"wp-audio-shortcode\" id=\"audio-197681-22\" preload=\"none\" style=\"width: 100%;\" controls=\"controls\"><source type=\"audio\/mpeg\" src=\"https:\/\/www.radiopiu.net\/wordpress\/wp-content\/uploads\/2021\/03\/solidarieta-veneto-marzo.mp3?_=22\" \/><a href=\"https:\/\/www.radiopiu.net\/wordpress\/wp-content\/uploads\/2021\/03\/solidarieta-veneto-marzo.mp3\">https:\/\/www.radiopiu.net\/wordpress\/wp-content\/uploads\/2021\/03\/solidarieta-veneto-marzo.mp3<\/a><\/audio>\n<p>&nbsp;<\/p>\n<blockquote>\n<h2>RACCOLTA COMPLETA<\/h2>\n<\/blockquote>\n<blockquote class=\"wp-embedded-content\" data-secret=\"WUpgv0QGGn\"><p><a href=\"https:\/\/www.radiopiu.net\/wordpress\/solidarieta-veneto\/\">Solidariet\u00e0 Veneto<\/a><\/p><\/blockquote>\n<p><iframe loading=\"lazy\" class=\"wp-embedded-content\" sandbox=\"allow-scripts\" security=\"restricted\" style=\"position: absolute; clip: rect(1px, 1px, 1px, 1px);\" title=\"&#8220;Solidariet\u00e0 Veneto&#8221; &#8212; Radio Pi\u00f9\" src=\"https:\/\/www.radiopiu.net\/wordpress\/solidarieta-veneto\/embed\/#?secret=WUpgv0QGGn\" data-secret=\"WUpgv0QGGn\" width=\"600\" height=\"338\" frameborder=\"0\" marginwidth=\"0\" marginheight=\"0\" scrolling=\"no\"><\/iframe><\/p>\n<p>&nbsp;<\/p>\n<hr \/>\n<\/div>\n<p>&nbsp;<\/p>\n<blockquote><p>&nbsp;<\/p><\/blockquote>\n<div>\n<h2><span style=\"color: #ff0000;\">ALLA RADIO<\/span><\/h2>\n<\/div>\n<div>\n<h2><strong>LE\u00a0 PUNTATE di Luisa Alchini di Leggermente Bellunesi, la domenica alle 11, <span style=\"color: #0000ff;\">IL MARTEDI IN PRIMA EDIZIONE\u00a0<\/span> alle 10.30 e alle 19.00<\/strong><\/h2>\n<\/div>\n<div>\n<p><strong><a href=\"https:\/\/www.radiopiu.net\/wordpress\/legger-mente-bellunesi-02-marzo-2021\/156828176_1598288807025847_358448174778964781_o\/\" rel=\"attachment wp-att-194538\"><img loading=\"lazy\" decoding=\"async\" class=\" wp-image-194538 alignleft\" src=\"https:\/\/www.radiopiu.net\/wordpress\/wp-content\/uploads\/2021\/03\/156828176_1598288807025847_358448174778964781_o-206x300.jpg\" alt=\"\" width=\"86\" height=\"125\" srcset=\"https:\/\/www.radiopiu.net\/wordpress\/wp-content\/uploads\/2021\/03\/156828176_1598288807025847_358448174778964781_o-206x300.jpg 206w, https:\/\/www.radiopiu.net\/wordpress\/wp-content\/uploads\/2021\/03\/156828176_1598288807025847_358448174778964781_o.jpg 685w\" sizes=\"auto, (max-width: 86px) 100vw, 86px\" \/><\/a><\/strong><\/p>\n<\/div>\n<div>\n<h3>La gloriosa carriera del perito minerario Gianni Rivis raccontata nel libro di ricordi.<\/h3>\n<p>&nbsp;<\/p>\n<\/div>\n<h2><\/h2>\n<audio class=\"wp-audio-shortcode\" id=\"audio-197681-23\" preload=\"none\" style=\"width: 100%;\" controls=\"controls\"><source type=\"audio\/mpeg\" src=\"https:\/\/www.radiopiu.net\/wordpress\/wp-content\/uploads\/2021\/03\/20leggermentegiannirivis2021.mp3?_=23\" \/><a href=\"https:\/\/www.radiopiu.net\/wordpress\/wp-content\/uploads\/2021\/03\/20leggermentegiannirivis2021.mp3\">https:\/\/www.radiopiu.net\/wordpress\/wp-content\/uploads\/2021\/03\/20leggermentegiannirivis2021.mp3<\/a><\/audio>\n<blockquote>\n<div>\n<h2><strong style=\"font-size: 14px;\"><span style=\"color: #000000;\">RACCOLTA COMPLETA<\/span><\/strong><\/h2>\n<\/div>\n<blockquote class=\"wp-embedded-content\" data-secret=\"xMWgY3PUuX\"><p><a href=\"https:\/\/www.radiopiu.net\/wordpress\/leggermente-20\/\">LEGGERmente&#8230;Bellunesi<\/a><\/p><\/blockquote>\n<p><iframe loading=\"lazy\" class=\"wp-embedded-content\" sandbox=\"allow-scripts\" security=\"restricted\" style=\"position: absolute; clip: rect(1px, 1px, 1px, 1px);\" title=\"&#8220;LEGGERmente&#8230;Bellunesi&#8221; &#8212; Radio Pi\u00f9\" src=\"https:\/\/www.radiopiu.net\/wordpress\/leggermente-20\/embed\/#?secret=xMWgY3PUuX\" data-secret=\"xMWgY3PUuX\" width=\"600\" height=\"338\" frameborder=\"0\" marginwidth=\"0\" marginheight=\"0\" scrolling=\"no\"><\/iframe><\/p>\n<p>&nbsp;<\/p><\/blockquote>\n<p>&nbsp;<\/p>\n<hr \/>\n<h2><\/h2>\n<blockquote>\n<h2>CASSA SOLIDARIET\u00c0 LUXOTTICA<\/h2>\n<\/blockquote>\n<h3><strong><span style=\"color: #ff0000;\">IL NUMERO DI FEBBRAIO CON PAOLO CHISSALE&#8217; E FABRIZIO CAMPEDEL\u00a0\u00a0<\/span><\/strong><\/h3>\n<audio class=\"wp-audio-shortcode\" id=\"audio-197681-24\" preload=\"none\" style=\"width: 100%;\" controls=\"controls\"><source type=\"audio\/mpeg\" src=\"https:\/\/www.radiopiu.net\/wordpress\/wp-content\/uploads\/2021\/02\/ca-sol-lux-febbraio.mp3?_=24\" \/><a href=\"https:\/\/www.radiopiu.net\/wordpress\/wp-content\/uploads\/2021\/02\/ca-sol-lux-febbraio.mp3\">https:\/\/www.radiopiu.net\/wordpress\/wp-content\/uploads\/2021\/02\/ca-sol-lux-febbraio.mp3<\/a><\/audio>\n<blockquote>\n<h2>RACCOLTA COMPLETA<\/h2>\n<\/blockquote>\n<blockquote class=\"wp-embedded-content\" data-secret=\"CguoSmH3Cl\"><p><a href=\"https:\/\/www.radiopiu.net\/wordpress\/cassa-solidarieta-luxottica-puntata-del-16-ottobre-2020\/\">CASSA SOLIDARIET\u00c0 LUXOTTICA &#8211; PUNTATA DEL 20 NOVEMBRE 2020<\/a><\/p><\/blockquote>\n<p><iframe loading=\"lazy\" class=\"wp-embedded-content\" sandbox=\"allow-scripts\" security=\"restricted\" style=\"position: absolute; clip: rect(1px, 1px, 1px, 1px);\" title=\"&#8220;CASSA SOLIDARIET\u00c0 LUXOTTICA &#8211; PUNTATA DEL 20 NOVEMBRE 2020&#8221; &#8212; Radio Pi\u00f9\" src=\"https:\/\/www.radiopiu.net\/wordpress\/cassa-solidarieta-luxottica-puntata-del-16-ottobre-2020\/embed\/#?secret=CguoSmH3Cl\" data-secret=\"CguoSmH3Cl\" width=\"600\" height=\"338\" frameborder=\"0\" marginwidth=\"0\" marginheight=\"0\" scrolling=\"no\"><\/iframe><\/p>\n<div><\/div>\n<p>&nbsp;<\/p>\n<p>&nbsp;<\/p>\n<div dir=\"auto\">\n<hr \/>\n<p>&nbsp;<\/p>\n<div>\n<p class=\"photoswipe-wrapper\"><a class=\"dt-pswp-item pspw-wrap-ready\" href=\"https:\/\/i0.wp.com\/www.radiopiu.net\/wordpress\/wp-content\/uploads\/2018\/09\/viabilita.jpeg?ssl=1\" data-dt-img-description=\"\" data-large_image_width=\"800\" data-large_image_height=\"100\"><img loading=\"lazy\" decoding=\"async\" class=\"aligncenter wp-image-61954 size-full\" src=\"https:\/\/i0.wp.com\/www.radiopiu.net\/wordpress\/wp-content\/uploads\/2018\/09\/viabilita.jpeg?resize=800%2C100&amp;ssl=1\" sizes=\"auto, (max-width: 800px) 100vw, 800px\" srcset=\"https:\/\/i0.wp.com\/www.radiopiu.net\/wordpress\/wp-content\/uploads\/2018\/09\/viabilita.jpeg?w=800&amp;ssl=1 800w, https:\/\/i0.wp.com\/www.radiopiu.net\/wordpress\/wp-content\/uploads\/2018\/09\/viabilita.jpeg?resize=300%2C38&amp;ssl=1 300w, https:\/\/i0.wp.com\/www.radiopiu.net\/wordpress\/wp-content\/uploads\/2018\/09\/viabilita.jpeg?resize=768%2C96&amp;ssl=1 768w\" alt=\"\" width=\"800\" height=\"100\" \/><\/a><\/p>\n<\/div>\n<p>&nbsp;<\/p>\n<p><strong>SR 203 AGORDINA<\/strong> il 20 e 21 marzo a Colle Santa Lucia in localit\u00e0 Col de Battaia istituzione di senso unico alternato regolato da impianto semaforico per lavori di consolidamento del ciglio stradale<\/p>\n<p><strong>SR 204 BELLUNO MAS<\/strong> dal 22 al 26 marzo in localit\u00e0 Antole istituzione di senso unico alternato regolato da impianto semaforico per messa in sicurezza del ponte<\/p>\n<p><strong>SP 473 CROCE D&#8217;AUNE<\/strong> dal 18 marzo al 15 aprile interdizione totale al traffico in localit\u00e0 Pedavena per ristrutturazione fabbricato. Traffico deviato su Via Trento<\/p>\n<p><strong>SP 473 CROCE D&#8217;AUNE\u00a0<\/strong> dal 18 marzo al 16 aprile, in localit\u00e0 Sarzen, interdizione totale alla viabilit\u00e0 ad eccezione di domeniche e festivi infrasettimanali per lavori di posa canalizzazioni per conto di E-Distribuzione. Transito consentito solo a mezzi pubblici, scolastici e di soccorso<\/p>\n<p><strong>SP 3 VAL IMPERINA\u00a0<\/strong>Dal 20 al 31 marzo, esclusi sabato e domenica, interdizione totale al traffico a fasce orarie tra Forcella Franche e Vallasin per lavori di messa in sicurezza della strada. Le chiusure dalle 8 alle 12:45, dalle 13:45 alle 15:50 e dalle 16:10 alle 17:45<\/p>\n<p><strong>SP 26 DIGOMAN\u00a0<\/strong>dal 22 marzo al 3 aprile interdizione totale al traffico in comune di Rivamonte dalle 8 alle 17, domeniche escluse, per lavori di esbosco schianti Vaia. Negli altri orari senso unico alternato regolato da impianto semaforico.<\/p>\n<p><strong>203 AGORDINA, SEDICO <\/strong>dal 17 al 19 marzo senso unico con movieri<\/p>\n<p><strong>203 AGORDINA LIVINALLONGO <\/strong>dal 15 marzo per un mese (inclusi festivi e prefestivi) senso unico in localit\u00e0 Ponte Pignazza<\/p>\n<p><strong>SP 251 DELLA VAL DI ZOLDO E CELLINA<\/strong> Istituzione di senso unico alternato regolato da semaforo nel comune di Val di Zoldo per messa in sicurezza della strada<\/p>\n<p><strong>SP 42 CAVALLERA<\/strong> fino a revoca, chiusura della strada nell&#8217;abitato di Perarolo per attivazione emergenza frana &#8220;Busa del Cristo&#8221;<\/p>\n<p><strong>S.P.2 DELLA VALLE DEL MIS\u00a0<\/strong>Interdizione totale al traffico fino a revoca dal km 14,920 (localit\u00e0 Gona Bassa) al km 20,650 (localit\u00e0 Titele) per cedimento della carreggiata<\/p>\n<p><strong>S.P. 5 DI LAMOSANO<\/strong>\u00a0Interdizione totale fino a revoca per presenza di materiale e alberi in strada.<\/p>\n<p><strong>SP 3 DELLA VAL IMPERINA<\/strong> fino a revoca, senso unico alternato regolato a vista in localit\u00e0 Gona di Conedera di Rivamonte per cedimento della carreggiata stradale<\/p>\n<p><strong>PROVINCIALE 2, VALLE DEL MIS KM 9 -14\u00a0 <\/strong>Fino al 30 MARZO dalle 7.30 alle 17.30, sabato e domenica esclusi, senso unico alternato regolato da movieri o a vista, tratti di 100 metri. Ripristino reti lato strada.<\/p>\n<\/div>\n<p><b>\u00a0<\/b><\/p>\n<p>&nbsp;<\/p>\n<div dir=\"auto\">\n<hr \/>\n<p>&nbsp;<\/p>\n<div>\n<p class=\"photoswipe-wrapper\"><a class=\"dt-pswp-item pspw-wrap-ready\" href=\"https:\/\/i0.wp.com\/www.radiopiu.net\/wordpress\/wp-content\/uploads\/2018\/09\/WhatsApp-Image-2018-09-20-at-16.04.06.jpeg?ssl=1\" data-dt-img-description=\"\" data-large_image_width=\"800\" data-large_image_height=\"100\"><img loading=\"lazy\" decoding=\"async\" class=\"aligncenter wp-image-61378 size-full jetpack-lazy-image jetpack-lazy-image--handled\" src=\"https:\/\/i0.wp.com\/www.radiopiu.net\/wordpress\/wp-content\/uploads\/2018\/09\/WhatsApp-Image-2018-09-20-at-16.04.06.jpeg?resize=800%2C100&amp;ssl=1\" sizes=\"auto, (max-width: 800px) 100vw, 800px\" srcset=\"https:\/\/i0.wp.com\/www.radiopiu.net\/wordpress\/wp-content\/uploads\/2018\/09\/WhatsApp-Image-2018-09-20-at-16.04.06.jpeg?w=800&amp;ssl=1 800w, https:\/\/i0.wp.com\/www.radiopiu.net\/wordpress\/wp-content\/uploads\/2018\/09\/WhatsApp-Image-2018-09-20-at-16.04.06.jpeg?resize=300%2C38&amp;ssl=1 300w, https:\/\/i0.wp.com\/www.radiopiu.net\/wordpress\/wp-content\/uploads\/2018\/09\/WhatsApp-Image-2018-09-20-at-16.04.06.jpeg?resize=768%2C96&amp;ssl=1 768w\" alt=\"\" width=\"800\" height=\"100\" data-lazy-loaded=\"1\" \/><\/a><\/p>\n<\/div>\n<p>&nbsp;<\/p>\n<\/div>\n<p><center><b>Venerdi 19<\/b><\/center><b>Tempo atteso: <\/b>Tempo buono\/discreto al mattino con lunghi tratti soleggiati, pi\u00f9 frequenti sulle Dolomiti, e primi annuvolamenti irregolari, pi\u00f9 presenti sulle Prealpi. Al pomeriggio riduzione del soleggiamento per addensamenti cumuliformi, maggiormente presenti sulle Prealpi, dove potranno essere associati a qualche fenomeno. Contesto termico gelido in alta quota e quasi invernale fino nei fondovalle prealpini.<br \/>\n<b>Precipitazioni: <\/b>Sul bellunese precipitazioni perlopi\u00f9 assenti (10%). Sulle Prealpi centro-occidentali rischio contenuto di qualche sporadico piovasco al pomeriggio (40\/50%), nevoso oltre i 500\/700 m.<br \/>\n<b>Temperature: <\/b>Pressoch\u00e9 stazionarie in quota; minime in rialzo e massime in calo nelle valli. Sono previste punte di 4\/5\u00b0C nei fondovalle prealpini e di 0\/2\u00b0C a 1000\/1200 m. Su Prealpi a 1500 m min -6\u00b0C max -3\u00b0C, a 2000 m min -9\u00b0C max -6\u00b0C. Su Dolomiti a 2000 m min -10\u00b0C max -8\u00b0C, a 3000 m min -19\u00b0C max -18\u00b0C.<br \/>\n<b>Venti: <\/b>Nelle valli deboli di direzione variabile; in quota deboli da nord-ovest fino al primo mattino, poi da nord, a 5-10 km\/h sia a 2000 m che a 3000 m.<\/p>\n<hr \/>\n<p><center><b>Sabato 20<\/b><\/center><b>Tempo atteso: <\/b>Tra la notte e il mattino tempo variabile con schiarite e nuvolosit\u00e0 irregolare, le cui intensit\u00e0 ed estensione potranno variare sensibilmente da un settore all&#8217;altro, senza poter definire con precisione dove e quando? Contesto che dar\u00e0 luogo a debolissimi e sporadici fenomeni. Al pomeriggio attenuazione della nuvolosit\u00e0 e rasserenamenti a partire dalle Dolomiti, in estensione a tutta la montagna veneta in serata. Far\u00e0 piuttosto freddo nei fondovalle, mentre il contesto termico sar\u00e0 prettamente invernale in alta quota.<br \/>\n<b>Precipitazioni: <\/b>Eventuali debolissime e sporadiche precipitazioni, nevose oltre i 300\/500 m, specie sulle Prealpi centro-occidentale (40-60), altrove la probabilit\u00e0 sar\u00e0 minore (10\/20%).<br \/>\n<b>Temperature: <\/b>In ulteriore lieve diminuzione rispetto a venerd\u00ec con ambiente gelido in alta quota e invernale fino nei fondovalle prealpini. Valori di 8\/9\u00b0C sotto le medie del periodo con intense gelate notturne. Sono previste punte di 3\/4\u00b0C nei fondovalle prealpini e di -2\/1\u00b0C a 1000\/1200 m. Su Prealpi a 1500 m min -8\u00b0C max -5\u00b0C, a 2000 m min -11\u00b0C max -9\u00b0C. Su Dolomiti a 2000 m min -12\u00b0C max -10\u00b0C, a 3000 m min -20\u00b0C max -19\u00b0C.<br \/>\n<b>Venti: <\/b>Nelle valli deboli di direzione variabile; in quota deboli\/moderati da nord-est a inizio giornata, in rinforzo fino a moderati\/tesi, sempre da nord-est, a 10-25 km\/h a 2000 m e 20-45 km\/h a 3000 m.<\/p>\n<hr \/>\n<p><center><b>Domenica 21<\/b><\/center>Splendide condizioni meteorologiche con sole, cielo sereno, aria tersa e ottima visibilit\u00e0 per gran parte della giornata. Nel tardo pomeriggio\/sera arrivo di nubi alte. Contesto termico ancora freddo, specie in quota, e le gelate notturne saranno ancora diffuse nelle valli; mentre il sole mitigher\u00e0 le temperature diurne nelle valli. Venti deboli a regime di brezza nelle valli, eccetto locali rinforzi notturni in alcuni settori prealpini; in quota deboli\/moderati da nord-est, in rinforzo fino tesi dal pomeriggio.<\/p>\n<hr \/>\n<p><center><b>Lunedi 22<\/b><\/center>Da soleggiato a parzialmente soleggiato per transito di nubi alte in grado di velare in parte il cielo. Temperature in leggero rialzo in giornata, ma di nuovo in calo alla sera, quando saranno osservate le minime in quota. Venti tesi\/forti da nord nord-est in quota e sulle dorsali prealpine; moderati nelle valli, con rinforzi per episodi di Foehn. Previsore: R.L.Th.<\/p>\n<p>&nbsp;<\/p>\n<hr \/>\n<p>&nbsp;<\/p>\n<p><a href=\"https:\/\/www.radiopiu.net\/wordpress\/giornale-radiopiu-15-settembre-2018-direttore-mirko-mezzacasa\/sport-7\/\" rel=\"attachment wp-att-60761\"><img loading=\"lazy\" decoding=\"async\" class=\"wp-image-60761 size-full aligncenter\" src=\"https:\/\/www.radiopiu.net\/wordpress\/wp-content\/uploads\/2018\/09\/sport.jpg\" alt=\"\" width=\"800\" height=\"100\" srcset=\"https:\/\/www.radiopiu.net\/wordpress\/wp-content\/uploads\/2018\/09\/sport.jpg 800w, https:\/\/www.radiopiu.net\/wordpress\/wp-content\/uploads\/2018\/09\/sport-300x38.jpg 300w, https:\/\/www.radiopiu.net\/wordpress\/wp-content\/uploads\/2018\/09\/sport-768x96.jpg 768w\" sizes=\"auto, (max-width: 800px) 100vw, 800px\" \/><\/a><\/p>\n<p>&nbsp;<\/p>\n<blockquote>\n<h3>ANNULLATA L\u2019EDIZIONE 2021 DEL CAMPIONATO AGORDINO DI CALCIO<\/h3>\n<\/blockquote>\n<p><strong><a href=\"https:\/\/www.radiopiu.net\/wordpress\/i-presidenti-delle-squadre-di-seconda-categoria-girone-r-sul-piede-di-guerra-chiedono-un-incontro-urgente-con-lnd-e-ulss\/calcio-2020-2\/\" rel=\"attachment wp-att-162226\"><img loading=\"lazy\" decoding=\"async\" class=\"size-medium wp-image-162226 alignleft\" src=\"https:\/\/www.radiopiu.net\/wordpress\/wp-content\/uploads\/2020\/09\/calcio-2020-300x169.jpg\" alt=\"\" width=\"300\" height=\"169\" srcset=\"https:\/\/www.radiopiu.net\/wordpress\/wp-content\/uploads\/2020\/09\/calcio-2020-300x169.jpg 300w, https:\/\/www.radiopiu.net\/wordpress\/wp-content\/uploads\/2020\/09\/calcio-2020-1024x576.jpg 1024w, https:\/\/www.radiopiu.net\/wordpress\/wp-content\/uploads\/2020\/09\/calcio-2020-768x432.jpg 768w, https:\/\/www.radiopiu.net\/wordpress\/wp-content\/uploads\/2020\/09\/calcio-2020-1536x864.jpg 1536w, https:\/\/www.radiopiu.net\/wordpress\/wp-content\/uploads\/2020\/09\/calcio-2020-640x360.jpg 640w, https:\/\/www.radiopiu.net\/wordpress\/wp-content\/uploads\/2020\/09\/calcio-2020.jpg 1920w\" sizes=\"auto, (max-width: 300px) 100vw, 300px\" \/><\/a>AGORDO<\/strong> La notizia era nell\u2019aria da alcuni giorni ma ora \u00e8 arrivata la conferma. Anche quest\u2019anno il Campionato Agordino di Calcio non ci sar\u00e0. Il Covid-19 ferma anche l\u2019edizione 2021. La situazione sanitaria in atto e le regole stringenti in caso di partenza degli eventi sportivi non permettono alle squadre della kermesse agordina di giocare tranquillamente a calcio sui vari campi della vallata. \u201cUna decisione sofferta, ma anche questa volta, purtroppo, non possiamo ripartire&#8221;, dice Andrea Baldassi, il coordinatore del Comitato del Campionato Agordino. &#8220;Le restrizioni sono molte e gestire il Campionato Agordino in questo momento &#8211; ve lo confesso &#8211; non \u00e8 per niente facile. Basti pensare che i giocatori dovrebbero essere sottoposti regolarmente ai tamponi, senza tralasciare la gestione degli spogliatoi per allenamenti e partite, per non parlare del pubblico che come di consueto accorre numeroso alle sfide, oltre ovviamente alla tutela della salute di tutti. Diciamo che, dal canto nostro, pur con sofferenza per la rinuncia, riteniamo di agire nel pieno rispetto della normativa vigente, con grande rispetto anche per quelle persone che sono state male o che stanno male o addirittura che hanno perso i propri cari. Ecco, sono sicuro che queste persone, a cui va tutta la nostra vicinanza, non vedrebbero di buon occhio il regolare svolgersi di una competizione che, per quanto sentita in vallata, rimane pur sempre un gioco e un passatempo per i pi\u00f9\u201d. Insomma, un altro anno di stop per il torneo di vallata che nel periodo estivo \u00e8 sempre stato un punto di riferimento per tutto l\u2019Agordino. Adesso la testa passa alla prossima stagione con la speranza di poter ripartire senza tante restrizioni e con tutte le compagini che riescano a mettere in piedi una squadra, cosa non facile dopo 2 anni di stop totale. Ma di questo se ne riparler\u00e0 nel 2022.<\/p>\n<p>&nbsp;<\/p>\n<hr \/>\n<p>&nbsp;<\/p>\n<blockquote>\n<h3>L&#8217;ALLEGHE TIENE UN TEMPO POI CROLLA E CONSEGNA AL MERANO GARA 2 DEI QUARTI DI FINALE<\/h3>\n<\/blockquote>\n<p class=\"p1\"><strong><a href=\"https:\/\/www.radiopiu.net\/wordpress\/il-calendario-ufficiale-dellitalian-hockey-league\/logo-alleghe-hockey\/\" rel=\"attachment wp-att-95699\"><img loading=\"lazy\" decoding=\"async\" class=\"size-medium wp-image-95699 alignright\" src=\"https:\/\/www.radiopiu.net\/wordpress\/wp-content\/uploads\/2019\/08\/logo-alleghe-hockey-300x281.png\" alt=\"\" width=\"300\" height=\"281\" srcset=\"https:\/\/www.radiopiu.net\/wordpress\/wp-content\/uploads\/2019\/08\/logo-alleghe-hockey-300x281.png 300w, https:\/\/www.radiopiu.net\/wordpress\/wp-content\/uploads\/2019\/08\/logo-alleghe-hockey.png 547w\" sizes=\"auto, (max-width: 300px) 100vw, 300px\" \/><\/a>ALLEGHE &#8211; MERANO 0-2<\/strong><\/p>\n<p class=\"p1\">PARZIALI: 0-0, 0-1, 0-1<\/p>\n<p class=\"p1\">GOL: st. 11\u201958\u201d Platzer. tt. 6\u201959\u201d Thaler<\/p>\n<p class=\"p1\"><strong>ALLEGHE<\/strong> Il Merano espugna il De Toni e si aggiudica gara 2 dei quarti di finale IHL. La squadra altoatesina ingrana la marcia giusta nella seconda parte di gara e porta sul 2 a 0 la serie. Alleghe che gioca bene nel primo tempo poi cala il ritmo e accusa il colpo del ko non riuscendo pi\u00f9 ad avvicinarsi al gol. Agordini che si vedono annullare un gol nel primo drittel quando la partita era ancora in bilico. Domani sera gara 3 alla MeranArena dove le civette sono obbligate a vincere per allungare la serie. Prima parte di gara senza tante emozioni. Le squadre sembrano studiarsi a lungo e il gioco viene spezzettato pi\u00f9 volte dagli arbitri. Il Merano sembra non essere la corazzata di sempre e le civette provano ad impegnare il portiere altoatesino. L\u2019Alleghe ci prova alla prima superiorit\u00e0 numerica ma le conclusioni dei giocatori agordini sembrano non impensierire la difesa avversaria. La partita fatica a decollare diventando anche monotona in alcuni tratti. I portieri fanno gli spettatori non paganti anche perch\u00e9 i tiri in porta sono veramente pochi. Merano che si sveglia al primo powerplay ma il disco non entra e si va alla pausa a reti inviolate. Ospiti che partono bene nella frazione centrale. Scola viene preso di mira fin da subito ma il golie alleghese non si fa sorprendere. Intanto De Giacinto trova un gol che viene annullato per un fallo di Matteo Dall\u2019Agnol. Sfida che incomincia ad ingranare con le due compagini che finalmente iniziano a creare delle buone azioni. Ad avere la meglio sono gli altoatesini che con Platzer riescono a sbloccare la sfida. Le civette continuano a lottare su ogni disco ma non riescono a pareggiare i conti anche perch\u00e9 gli altoatesini sembrano essere pi\u00f9 in forma. Nel terzo drittel calano i ritmi e la confusione spadroneggia sul ghiaccio. L\u2019Alleghe \u00e8 costretto a difendersi e il Merano trova la seconda marcatura della serata. Questa volta \u00e8 Thaler che in superiorit\u00e0 numerica trova una deviazione sotto porta. Match che continua con tanti cambi di fronte ma il Merano mette in cassaforte la vittoria che vale pi\u00f9 di un piede in semifinale.<\/p>\n<p>&nbsp;<\/p>\n<p>&nbsp;<\/p>\n<hr \/>\n<p>&nbsp;<\/p>\n<blockquote>\n<h3>SKI COLLEGE FALCADE IN EVIDENZA A PILA CON AURORA<\/h3>\n<\/blockquote>\n<p><strong><img loading=\"lazy\" decoding=\"async\" class=\"alignleft\" src=\"https:\/\/www.radiopiu.net\/wordpress\/wp-content\/uploads\/2021\/03\/Zavatarelli-Aurora-1536x1024-1.jpg\" width=\"135\" height=\"90\" \/>VALLE D&#8217;AOSTA\u00a0<\/strong> Meritato quinto posto\u00a0 per Aurora Zavatarelli nella prima giornata di gare ai Campionati italiani Aspiranti di Pila (Aosta). La veneziana dello Ski College Veneto di Falcade ha \u00e8 stata la prima delle atlete regionali, centrando la top five a 1\u203333 dalla vincitrice, Greta Angelini, e a 71 dal podio. Sul podio con la Angelini sono salite Martine Brumin e Melissa Astegiano. Tra i maschi, il nuovo campione italiano di discesa \u00e8 Jacopo Luigi Antonioli che ha preceduto Gabriel Stauder e Max Perathoner. 22.mo Giorgio Baldo (Sc Cortina). <a href=\"https:\/\/www.fis-ski.com\/DB\/general\/event-details.html?sectorcode=AL&amp;eventid=47409&amp;seasoncode=2021\">Qui<\/a>\u00a0i risultati completi.<\/p>\n<p><strong>fonte fisiveneto.com<\/strong><\/p>\n<p>&nbsp;<\/p>\n<hr \/>\n<p>&nbsp;<\/p>\n<blockquote>\n<h3>SECONDA SCONFITTA CONSECUTIVA PER IL VOLLEY CLUB AGORDINO UNDER 17<\/h3>\n<\/blockquote>\n<p><strong><a href=\"https:\/\/www.radiopiu.net\/wordpress\/giornale-radiopiu-15-marzo-2021-direttore-mirko-mezzacasa\/volley-4\/\" rel=\"attachment wp-att-196965\"><img loading=\"lazy\" decoding=\"async\" class=\" wp-image-196965 alignleft\" src=\"https:\/\/www.radiopiu.net\/wordpress\/wp-content\/uploads\/2021\/03\/VOLLEY-300x200.jpg\" alt=\"\" width=\"132\" height=\"88\" srcset=\"https:\/\/www.radiopiu.net\/wordpress\/wp-content\/uploads\/2021\/03\/VOLLEY-300x200.jpg 300w, https:\/\/www.radiopiu.net\/wordpress\/wp-content\/uploads\/2021\/03\/VOLLEY-1024x682.jpg 1024w, https:\/\/www.radiopiu.net\/wordpress\/wp-content\/uploads\/2021\/03\/VOLLEY-768x512.jpg 768w, https:\/\/www.radiopiu.net\/wordpress\/wp-content\/uploads\/2021\/03\/VOLLEY.jpg 1280w\" sizes=\"auto, (max-width: 132px) 100vw, 132px\" \/><\/a>AGORDO<\/strong> Seconda uscita stagionale e seconda sconfitta per la squadra Under 17 del Volley Club Agordino che mercoled\u00ec sera ha giocato in trasferta contro il Cavarzano perdendo per 3 a 0. Tre set praticamente in fotocopia consegnano i 3 punti alle padrone di casa e la compagine di Agordo rimane in fondo alla classifica con 0 punti. 25-19, 25-17 e 25-18 il punteggio della partita.<\/p>\n","protected":false},"excerpt":{"rendered":"<p>PER RICEVERE QUESTO NOTIZIARIO DIRETTAMENTE SUL TUO CELLULARE ISCRIVITI AL CANALE TELEGRAM \u201cRADIO PIU\u00a0 INFORMAZIONE&#8221;\u00a0 SUPERATI I 3000 ISCRITTI, il CANALE TELEGRAM&#8230; UNISCITI A: RADIO PIU INFORMAZIONE &nbsp; VIOLENZA DOMESTICA UN GESTO SILENZIOSO CHE PUO&#8217; SALVARE UNA VITA, DIFONDETELO, IMPARATELO, RICONOSCETELO &nbsp; &nbsp; ATTENZIONE: LA NUOVA APP PER IOS-IPHONE di Nicola Vettorello https:\/\/apps.apple.com\/it\/app\/radio-pi%C3%B9-emittente-agordina\/id1515939845 ATTENZIONE: LA&hellip;<\/p>\n","protected":false},"author":4,"featured_media":197886,"comment_status":"closed","ping_status":"closed","sticky":false,"template":"","format":"standard","meta":{"_monsterinsights_skip_tracking":false,"_monsterinsights_sitenote_active":false,"_monsterinsights_sitenote_note":"","_monsterinsights_sitenote_category":0,"footnotes":""},"categories":[1,51,86,49],"tags":[],"class_list":["post-197681","post","type-post","status-publish","format-standard","has-post-thumbnail","hentry","category-senza-categoria","category-evidenza-top","category-gr","category-news-18","category-1","category-51","category-86","category-49","description-off"],"img_url":"https:\/\/www.radiopiu.net\/wordpress\/wp-content\/uploads\/2021\/03\/161814787_2962177944039026_286289113150806116_n.jpg","_links":{"self":[{"href":"https:\/\/www.radiopiu.net\/wordpress\/wp-json\/wp\/v2\/posts\/197681","targetHints":{"allow":["GET"]}}],"collection":[{"href":"https:\/\/www.radiopiu.net\/wordpress\/wp-json\/wp\/v2\/posts"}],"about":[{"href":"https:\/\/www.radiopiu.net\/wordpress\/wp-json\/wp\/v2\/types\/post"}],"author":[{"embeddable":true,"href":"https:\/\/www.radiopiu.net\/wordpress\/wp-json\/wp\/v2\/users\/4"}],"replies":[{"embeddable":true,"href":"https:\/\/www.radiopiu.net\/wordpress\/wp-json\/wp\/v2\/comments?post=197681"}],"version-history":[{"count":0,"href":"https:\/\/www.radiopiu.net\/wordpress\/wp-json\/wp\/v2\/posts\/197681\/revisions"}],"wp:featuredmedia":[{"embeddable":true,"href":"https:\/\/www.radiopiu.net\/wordpress\/wp-json\/wp\/v2\/media\/197886"}],"wp:attachment":[{"href":"https:\/\/www.radiopiu.net\/wordpress\/wp-json\/wp\/v2\/media?parent=197681"}],"wp:term":[{"taxonomy":"category","embeddable":true,"href":"https:\/\/www.radiopiu.net\/wordpress\/wp-json\/wp\/v2\/categories?post=197681"},{"taxonomy":"post_tag","embeddable":true,"href":"https:\/\/www.radiopiu.net\/wordpress\/wp-json\/wp\/v2\/tags?post=197681"}],"curies":[{"name":"wp","href":"https:\/\/api.w.org\/{rel}","templated":true}]}}