{"id":197700,"date":"2021-03-18T05:48:41","date_gmt":"2021-03-18T04:48:41","guid":{"rendered":"https:\/\/www.radiopiu.net\/wordpress\/?p=197700"},"modified":"2021-03-18T05:48:41","modified_gmt":"2021-03-18T04:48:41","slug":"affittasi-vita-in-concorso-per-il-david-di-donatello","status":"publish","type":"post","link":"https:\/\/www.radiopiu.net\/wordpress\/affittasi-vita-in-concorso-per-il-david-di-donatello\/","title":{"rendered":"AFFITTASI VITA, IN CONCORSO PER IL DAVID DI DONATELLO"},"content":{"rendered":"<blockquote>\n<h2><\/h2>\n<\/blockquote>\n<p><strong>LENTIAI<\/strong>\u00a0 Stefano Usardi,\u00a0 regista lentiaiese, grazie alla pellicola girata nel 2019 &#8220;Affitasi Vita&#8221; realizzata in collaborazione con Caterina Francavilla della FiFilm, sar\u00e0 in concorso ai David di Donatello, il premio cinematografico pi\u00f9 importante a livello nazionale.Il lungometraggio ha gi\u00e0 ottenuto pareri favorevoli dai critici ed \u00e8 stato premiato come miglior film e miglior sceneggiatura all&#8217;edizione 2020 del Festival XI Cinema Patologico Roma<\/p>\n<p>IL GIORNO DELLA &#8220;PRIMA&#8221; A BELLUNO<\/p>\n<blockquote class=\"wp-embedded-content\" data-secret=\"Pxr0ynv3jk\"><p><a href=\"https:\/\/www.radiopiu.net\/wordpress\/oggi-al-cinema-italia-la-prima-bellunese-di-affittasi-vita\/\">OGGI AL CINEMA ITALIA, LA PRIMA BELLUNESE DI &#8220;AFFITTASI VITA&#8221;<\/a><\/p><\/blockquote>\n<p><iframe loading=\"lazy\" class=\"wp-embedded-content\" sandbox=\"allow-scripts\" security=\"restricted\" style=\"position: absolute; clip: rect(1px, 1px, 1px, 1px);\" title=\"&#8220;OGGI AL CINEMA ITALIA, LA PRIMA BELLUNESE DI &#8220;AFFITTASI VITA&#8221;&#8221; &#8212; Radio Pi\u00f9\" src=\"https:\/\/www.radiopiu.net\/wordpress\/oggi-al-cinema-italia-la-prima-bellunese-di-affittasi-vita\/embed\/#?secret=Pxr0ynv3jk\" data-secret=\"Pxr0ynv3jk\" width=\"600\" height=\"338\" frameborder=\"0\" marginwidth=\"0\" marginheight=\"0\" scrolling=\"no\"><\/iframe><\/p>\n<p>&nbsp;<\/p>\n","protected":false},"excerpt":{"rendered":"<p>LENTIAI\u00a0 Stefano Usardi,\u00a0 regista lentiaiese, grazie alla pellicola girata nel 2019 &#8220;Affitasi Vita&#8221; realizzata in collaborazione con Caterina Francavilla della FiFilm, sar\u00e0 in concorso ai David di Donatello, il premio cinematografico pi\u00f9 importante a livello nazionale.Il lungometraggio ha gi\u00e0 ottenuto pareri favorevoli dai critici ed \u00e8 stato premiato come miglior film e miglior sceneggiatura all&#8217;edizione&hellip;<\/p>\n","protected":false},"author":4,"featured_media":197701,"comment_status":"closed","ping_status":"closed","sticky":false,"template":"","format":"standard","meta":{"_monsterinsights_skip_tracking":false,"_monsterinsights_sitenote_active":false,"_monsterinsights_sitenote_note":"","_monsterinsights_sitenote_category":0,"footnotes":""},"categories":[104,49],"tags":[],"class_list":["post-197700","post","type-post","status-publish","format-standard","has-post-thumbnail","hentry","category-evidenza_3","category-news-18","category-104","category-49","description-off"],"img_url":"https:\/\/www.radiopiu.net\/wordpress\/wp-content\/uploads\/2021\/03\/B013_05012016_C003.01_23_26_46.Immagine001-2-768x432-1.png","_links":{"self":[{"href":"https:\/\/www.radiopiu.net\/wordpress\/wp-json\/wp\/v2\/posts\/197700","targetHints":{"allow":["GET"]}}],"collection":[{"href":"https:\/\/www.radiopiu.net\/wordpress\/wp-json\/wp\/v2\/posts"}],"about":[{"href":"https:\/\/www.radiopiu.net\/wordpress\/wp-json\/wp\/v2\/types\/post"}],"author":[{"embeddable":true,"href":"https:\/\/www.radiopiu.net\/wordpress\/wp-json\/wp\/v2\/users\/4"}],"replies":[{"embeddable":true,"href":"https:\/\/www.radiopiu.net\/wordpress\/wp-json\/wp\/v2\/comments?post=197700"}],"version-history":[{"count":0,"href":"https:\/\/www.radiopiu.net\/wordpress\/wp-json\/wp\/v2\/posts\/197700\/revisions"}],"wp:featuredmedia":[{"embeddable":true,"href":"https:\/\/www.radiopiu.net\/wordpress\/wp-json\/wp\/v2\/media\/197701"}],"wp:attachment":[{"href":"https:\/\/www.radiopiu.net\/wordpress\/wp-json\/wp\/v2\/media?parent=197700"}],"wp:term":[{"taxonomy":"category","embeddable":true,"href":"https:\/\/www.radiopiu.net\/wordpress\/wp-json\/wp\/v2\/categories?post=197700"},{"taxonomy":"post_tag","embeddable":true,"href":"https:\/\/www.radiopiu.net\/wordpress\/wp-json\/wp\/v2\/tags?post=197700"}],"curies":[{"name":"wp","href":"https:\/\/api.w.org\/{rel}","templated":true}]}}