{"id":197755,"date":"2021-03-18T12:25:24","date_gmt":"2021-03-18T11:25:24","guid":{"rendered":"https:\/\/www.radiopiu.net\/wordpress\/?p=197755"},"modified":"2021-03-18T13:51:39","modified_gmt":"2021-03-18T12:51:39","slug":"i-numeri-della-pandemia-in-diretta-con-il-presidente-del-veneto-luca-zaia","status":"publish","type":"post","link":"https:\/\/www.radiopiu.net\/wordpress\/i-numeri-della-pandemia-in-diretta-con-il-presidente-del-veneto-luca-zaia\/","title":{"rendered":"PEGGIORAMENTO IN VENETO, OSPEDALI NON ANCORA AL COLLASSO MA SI TEME IL PICCO &#8211; DA VENEZIA ZAIA"},"content":{"rendered":"<blockquote>\n<h1><strong style=\"font-size: 14px;\">VENEZIA<\/strong><span style=\"font-size: 14px; font-weight: normal;\">\u00a0Consueto appuntamento con la conferenza stampa di Luca Zaia dalla sede della Protezione Civile a Marghera.<\/span><\/h1>\n<\/blockquote>\n<p><strong>I NUMERI\u00a0<\/strong>TAMPONI MOLECOLARI 4309367 (+20mila)\u00a0 \u00a0TAMPONI RAPIDI\u00a0 \u00a03592796 (+21mila)\u00a0 \u00a0 POSITIVI IERI +1761,\u00a0 tamponi ieri oltre 42mila\u00a0 INCIDENZA POSITIVI 4,17 % TAMPONI\u00a0 \u00a0 POSITIVI DA INIZIO EPIDEMIA\u00a0 361008\u00a0 POSITIVI ATTUALI 16938\u00a0 RICOVERI 1821\u00a0 \u00a0 (+14)\u00a0 IN AREA NON CRITICA 1610\u00a0 \u00a0 (+10) IN TERAPIA INTENSIVA 211\u00a0 \u00a0(+4)\u00a0 ALTRI PAZIENTI NON COVID in terapia intensiva 293\u00a0 DECESSI 10295 (+36) DIMESSI 17020<\/p>\n<blockquote>\n<h2>LEGGI LA CONFERENZA STAMPA DI LUCA ZAIA, AGGIORNAMENTO IN TEMPO REALE<\/h2>\n<p><em>Abbiamo lottato a mani nude, senza piani, senza dispositivi, addirittura con le autorit\u00e0 che ci dicevano di non usare le mascherine. E&#8217; stata ed \u00e8 una guerra che ha sconvolto le nostre vite.<\/em><\/p><\/blockquote>\n<p>In apertura il ricordo della tragedia in una Regione che ha pagato a caro prezzo la pandemia, ad oggi \u00e8 l&#8217;ottava regione in Italia per mortalit\u00e0. Un bilancio pauroso a livello internazionale, tutti gli Stati sono stati toccati. Parliamo di persone che hanno perso la vita e troppo spesso la morte \u00e8 stata liquidata con &#8220;tanto era anziano&#8221; &#8220;tanto era malato&#8221; quasi a giustificiare i decessi. Abbiamo l&#8217;obbligo di ricordare in questa giornata. SEGUE IL MINUTO DI SILENZIO<\/p>\n<blockquote>\n<h3>L&#8217;ASSESSORE MANUELA LANZARIN<\/h3>\n<\/blockquote>\n<p><strong>NOVITA&#8217;<\/strong> In Giunta sono stati approvati i nuovi provvedimenti, nuovo piano sanit\u00e0 pubblica e nuovo piano vaccinale che \u00e8 poi quello nazionale calato sulla realt\u00e0 regionale. Individua il cambio a livello nazionale della strategia. Non pi\u00f9 servizi essenziali ma le persone super fragili nelle singole patologie e il concetto della classe di et\u00e0, dai pi\u00f9 anziani. <strong>VACCINAZIONE\u00a0 <\/strong>Ieri commissione salute per affrontare pi\u00f9 tematiche, vaccinazione, tasselli che ci mancano come possono essere coinvolte le farmacie, abbiamo chiesto chiarezza. Abbiamo condiviso con le regioni il problema dei non residenti per lavoro o persone che per questione sanitarie si curano in altra regione. Concordato il criterio della sede lavorativa indipendentemente dalla residenza in Ulss o Regione. Un pendolare puo&#8217; anche vaccinarsi nel proprio Comune di residenza.<\/p>\n<blockquote>\n<h3>DOTTORESSA FRANCESCA RUSSO<\/h3>\n<p><em>Nessuno rimarr\u00e0 senza i vaccini<\/em>\u00a0procederemo<em> con le priorit\u00e0 persone fragili e corti per et\u00e0. <\/em>Le vaccinazioni delle classi &#8217;41-&#8217;40-&#8217;39 sono quasi completate, adesione superiore all&#8217;80%.<\/p><\/blockquote>\n<p><strong>IL NUOVO PIANO DI SANITA&#8217; PUBBLICA<\/strong> Il Veneto ha prorogato la possibilit\u00e0 di assegnazione di infermieri delle Ulss nelle strutture extra ospedaliere per anziani, a fronte dell&#8217;aggravio delle necessit\u00e0 di assistenza dovute al Covid. Il tempo di isolamento d quarantena \u00e8 stato portato a 14 giorni per avere maggiori precauzioni. Allargata come nelle prime fasi della pandemia l&#8217;indagine attorno ai contatti stretti, occasionali, e sar\u00e0 valutato se metterlo in quarantena o andare in sorveglianza passiva.\u00a0 <strong>OBIETTIVI<\/strong> \u00a0intercettare le nuove varianti, il 50% dei virus che circolano. In Veneto sono tutti casi di variante inglese, presente in tutte le province soprattutto a Padova. <strong>VACCINAZIONI\u00a0<\/strong> Nelle vaccinazioni\u00a0 priorit\u00e0 alle persone super-fragili\u00a0 (oncologici, i trapiantati, i soggetti con fibrosi cistica, i talassemici e tutti i soggetti a rischio contenuti nelle tabelle) e per et\u00e0, dai pi\u00f9 anziani. Importante sar\u00e0 il ruolo dei medici di medicina generale all&#8217;interno della strategia e meglio di chiunque altro conoscono la fragilit\u00e0 dei loro pazienti e quindi delle priorit\u00e0. Molti soggetti, fragili o delle diverse fasce di et\u00e0 potranno essere vaccinati a domicilio dai medici di medicina generale e aziende Ulss. <strong>MODALITA&#8217; DI CONTATTO OVER 80<\/strong>: alla lettera di invito alla vaccinazione, in alcune Uls consegnata a mano dai messi comunali, in alcune Uls si \u00e8 aggiunta la telefonata e l&#8217;invio di un Sms. Chi non si \u00e8 presentato verr\u00e0 richiamato per una seconda possibilit\u00e0. Per la classe &#8217;38, in tutte le Uls gli appuntamenti sono stati concordati. Per le classi dalla &#8217;37 in gi\u00f9 dipende dai sistemi usati dalle Ulss. Chi\u00a0 tra gli over 80 non \u00e8 stato contattato lo sar\u00e0 nei prossimi giorni con lettera o\u00a0 telefonata. Entro fine marzo tutti gli over 80 saranno chiamati e convocati. Pi\u00f9 difficile per la vaccinazione a domicilio che richiede tempistica pi\u00f9 lunga.<\/p>\n<blockquote>\n<h3>DOTTOR LUCIANO FLOR DIRETTORE SANITA VENETO<\/h3>\n<p><em>Abbiamo fatto piu&#8217; di 130mila vaccinazioni agli ultra ottantenni (su 220mila), molti nelle case di riposo<\/em><\/p><\/blockquote>\n<p><strong>VACCINI e CHIARIMENTI<\/strong> Noi non chiamiamo gli ultra ottantenni tutti assieme ma per anni di nascita. Ci sono alcune annate non ancora chiamate, saranno chiamati in futuro in base al numero dei vaccini disponibili. Gli ultra ottantenni sono stati vaccinati prevalentemente con Moderna e Pfizer, ma anche con Astrazeneca (ma non i vulnerabili). I vaccini Pfizer e Moderna oggi sono riservati alla seconda dose. In base ai vaccini disponibili da oggi a martedi faremo 4500 persone al giorno come prima dose. Ieri &#8211; dopo 20 giorni &#8211; abbiamo vaccinato tutti i pazienti con fibrosi cistica e qualcuno inizier\u00e0 a fare il richiamo, anche pazienti non veneti ma assistiti dai nostri ospedali. Se sabato arrivano 30mila vaccini moderna e martedi 80mila Pfizer, il martedi successiva 56mila Pfizer. Abbiamo notizie pi\u00f9 buon da aprile con 120mila pfizer a settimana e ci permetter\u00e0 di accelererare sugli ultra ottantenni e persone con fragilit\u00e0. Nella prima settimana di aprile contiamo di completare la vaccinazione agli ultra ottantenni. Ci impegnamo a chiamare gli ultra ottantenni con l&#8217;aiuto di Comuni e associazioni. Fragili e fragilissimi saranno vaccinati nei luoghi di cura.<strong> SE ARRIVA IL VIA LIBERA DA EMA PER ASTRAZENECA?<\/strong> Ripartiremo come abbiamo gi\u00e0 programmato, riprendiamo la campagna da dove \u00e8 stata interrotta con eventuali precauzioni che ci saranno prescritti.<\/p>\n<p><strong>ANDAMENTO EPIDEMIA<\/strong> C&#8217;\u00e8 un piccolo spiraglio non negativo. I pazienti ricoverati non sono cresciuti di molto ma ieri abbiamo fatto pi\u00f9 di 40mila tamponi, 20 mila molecolari ed \u00e8 cresciuta la percentuale di positivi. Se i tamoni crescono significa che c&#8217;\u00e8 necessit\u00e0 di monitorare pi\u00f9 situazioni (contatti) e sul territorio ci sono pi\u00f9 persone positive al virus. Lo vediamo anche da un confronto nazionale, abbiamo una percentuale di pazienti in rianimazione (13%) superiore alla media nazione (11%), a Padova il dato arriva al 25%. Non sono molti cresciuti i ricoveri in rianimazione nelle 24 ore ma un giorno non fa testo anche perch\u00e8 c&#8217;\u00e8 il contemporaneo aumento dei positivi. Per ora non c&#8217;\u00e8 necessit\u00e0 di bloccare le attivit\u00e0 programmate ma con tanti pazienti in terapia intensiva \u00e8 chiaro che c&#8217;\u00e8 un rallentamento, ora aspettiamo di vedere cosa succede nel fine settimana. <strong>PROVINCE IN AREA 4<\/strong>: Padova per la terapia intensiva e Treviso per la non intensiva <strong>CHI NON SI PRESENTA ALLA VACCINAZIONE?<\/strong> \u00a0va in coda alla lista, prima vengono tutti gli altri.\u00a0 <strong>AZIENDE<\/strong> Se le dosi di vaccino lo permetteranno sar\u00e0 dato il vaccino alle aziende che producono, se sono in grado di farsi le vaccinazioni lo potranno fare indipendentemente dalla fascia di et\u00e0.<\/p>\n<p>&nbsp;<\/p>\n<p><a href=\"https:\/\/www.facebook.com\/zaiaufficiale\/videos\/437910417319057\">https:\/\/www.facebook.com\/zaiaufficiale\/videos\/437910417319057<\/a><\/p>\n<p>&nbsp;<\/p>\n","protected":false},"excerpt":{"rendered":"<p>VENEZIA\u00a0Consueto appuntamento con la conferenza stampa di Luca Zaia dalla sede della Protezione Civile a Marghera. I NUMERI\u00a0TAMPONI MOLECOLARI 4309367 (+20mila)\u00a0 \u00a0TAMPONI RAPIDI\u00a0 \u00a03592796 (+21mila)\u00a0 \u00a0 POSITIVI IERI +1761,\u00a0 tamponi ieri oltre 42mila\u00a0 INCIDENZA POSITIVI 4,17 % TAMPONI\u00a0 \u00a0 POSITIVI DA INIZIO EPIDEMIA\u00a0 361008\u00a0 POSITIVI ATTUALI 16938\u00a0 RICOVERI 1821\u00a0 \u00a0 (+14)\u00a0 IN AREA NON CRITICA&hellip;<\/p>\n","protected":false},"author":4,"featured_media":133954,"comment_status":"closed","ping_status":"closed","sticky":false,"template":"","format":"standard","meta":{"_monsterinsights_skip_tracking":false,"_monsterinsights_sitenote_active":false,"_monsterinsights_sitenote_note":"","_monsterinsights_sitenote_category":0,"footnotes":""},"categories":[51,49],"tags":[],"class_list":["post-197755","post","type-post","status-publish","format-standard","has-post-thumbnail","hentry","category-evidenza-top","category-news-18","category-51","category-49","description-off"],"img_url":"https:\/\/www.radiopiu.net\/wordpress\/wp-content\/uploads\/2020\/04\/ZAIA.jpg","_links":{"self":[{"href":"https:\/\/www.radiopiu.net\/wordpress\/wp-json\/wp\/v2\/posts\/197755","targetHints":{"allow":["GET"]}}],"collection":[{"href":"https:\/\/www.radiopiu.net\/wordpress\/wp-json\/wp\/v2\/posts"}],"about":[{"href":"https:\/\/www.radiopiu.net\/wordpress\/wp-json\/wp\/v2\/types\/post"}],"author":[{"embeddable":true,"href":"https:\/\/www.radiopiu.net\/wordpress\/wp-json\/wp\/v2\/users\/4"}],"replies":[{"embeddable":true,"href":"https:\/\/www.radiopiu.net\/wordpress\/wp-json\/wp\/v2\/comments?post=197755"}],"version-history":[{"count":0,"href":"https:\/\/www.radiopiu.net\/wordpress\/wp-json\/wp\/v2\/posts\/197755\/revisions"}],"wp:featuredmedia":[{"embeddable":true,"href":"https:\/\/www.radiopiu.net\/wordpress\/wp-json\/wp\/v2\/media\/133954"}],"wp:attachment":[{"href":"https:\/\/www.radiopiu.net\/wordpress\/wp-json\/wp\/v2\/media?parent=197755"}],"wp:term":[{"taxonomy":"category","embeddable":true,"href":"https:\/\/www.radiopiu.net\/wordpress\/wp-json\/wp\/v2\/categories?post=197755"},{"taxonomy":"post_tag","embeddable":true,"href":"https:\/\/www.radiopiu.net\/wordpress\/wp-json\/wp\/v2\/tags?post=197755"}],"curies":[{"name":"wp","href":"https:\/\/api.w.org\/{rel}","templated":true}]}}