{"id":197809,"date":"2021-03-18T13:36:23","date_gmt":"2021-03-18T12:36:23","guid":{"rendered":"https:\/\/www.radiopiu.net\/wordpress\/?p=197809"},"modified":"2021-03-18T13:36:25","modified_gmt":"2021-03-18T12:36:25","slug":"la-non-nostra-vita-di-luciano-tricarico","status":"publish","type":"post","link":"https:\/\/www.radiopiu.net\/wordpress\/la-non-nostra-vita-di-luciano-tricarico\/","title":{"rendered":"LA NON NOSTRA VITA di LUCIANO TRICARICO"},"content":{"rendered":"<p align=\"LEFT\">AUDIO<\/p>\n<audio class=\"wp-audio-shortcode\" id=\"audio-197809-1\" preload=\"none\" style=\"width: 100%;\" controls=\"controls\"><source type=\"audio\/mpeg\" src=\"https:\/\/www.radiopiu.net\/wordpress\/wp-content\/uploads\/2021\/03\/04-LUCIANO-TRICARICO-LA-NON-NOSTRA-VITA.mp3?_=1\" \/><a href=\"https:\/\/www.radiopiu.net\/wordpress\/wp-content\/uploads\/2021\/03\/04-LUCIANO-TRICARICO-LA-NON-NOSTRA-VITA.mp3\">https:\/\/www.radiopiu.net\/wordpress\/wp-content\/uploads\/2021\/03\/04-LUCIANO-TRICARICO-LA-NON-NOSTRA-VITA.mp3<\/a><\/audio>\n<p>&nbsp;<\/p>\n<p align=\"LEFT\"><span style=\"color: #050505;\"><span style=\"font-family: Verdana, sans-serif;\"><span style=\"font-size: x-large;\"><a href=\"https:\/\/www.radiopiu.net\/wordpress\/la-non-nostra-vita-di-luciano-tricarico\/9-luciano-tricarico-foto\/\" rel=\"attachment wp-att-197810\"><img loading=\"lazy\" decoding=\"async\" class=\" wp-image-197810 alignleft\" src=\"https:\/\/www.radiopiu.net\/wordpress\/wp-content\/uploads\/2021\/03\/9-LUCIANO-TRICARICO-FOTO-300x199.jpg\" alt=\"\" width=\"223\" height=\"148\" srcset=\"https:\/\/www.radiopiu.net\/wordpress\/wp-content\/uploads\/2021\/03\/9-LUCIANO-TRICARICO-FOTO-300x199.jpg 300w, https:\/\/www.radiopiu.net\/wordpress\/wp-content\/uploads\/2021\/03\/9-LUCIANO-TRICARICO-FOTO-768x509.jpg 768w, https:\/\/www.radiopiu.net\/wordpress\/wp-content\/uploads\/2021\/03\/9-LUCIANO-TRICARICO-FOTO.jpg 930w\" sizes=\"auto, (max-width: 223px) 100vw, 223px\" \/><\/a>LA NON NOSTRA VITA<\/span><\/span><\/span><\/p>\n<p align=\"LEFT\"><span style=\"color: #050505;\"><span style=\"font-family: Verdana, sans-serif;\"><span style=\"font-size: x-large;\">Se anche ci siamo appropriati della parola<\/span><\/span><\/span><\/p>\n<p align=\"LEFT\"><span style=\"color: #050505;\"><span style=\"font-family: Verdana, sans-serif;\"><span style=\"font-size: x-large;\">pi\u00f9 o meno indebitamente<\/span><\/span><\/span><\/p>\n<p align=\"LEFT\"><span style=\"color: #050505;\"><span style=\"font-family: Verdana, sans-serif;\"><span style=\"font-size: x-large;\">ci\u00f2 che chiamiamo<\/span><\/span><\/span><\/p>\n<p align=\"LEFT\"><span style=\"color: #050505;\"> <span style=\"font-family: Verdana, sans-serif;\"><span style=\"font-size: x-large;\">nostra vita tale non \u00e8 <\/span><\/span><\/span><\/p>\n<p align=\"LEFT\"><span style=\"color: #050505;\"><span style=\"font-family: Verdana, sans-serif;\"><span style=\"font-size: x-large;\">poich\u00e9 l\u2019atto di propriet\u00e0<\/span><\/span><\/span><\/p>\n<p align=\"LEFT\"><span style=\"color: #050505;\"><span style=\"font-family: Verdana, sans-serif;\"><span style=\"font-size: x-large;\">\u00e8 lungi dall\u2019appartenerci<\/span><\/span><\/span><\/p>\n<p align=\"LEFT\"><span style=\"color: #050505;\"><span style=\"font-family: Verdana, sans-serif;\"><span style=\"font-size: x-large;\">Essa perdura anche senza di noi<\/span><\/span><\/span><\/p>\n<p align=\"LEFT\"><span style=\"color: #050505;\"><span style=\"font-family: Verdana, sans-serif;\"><span style=\"font-size: x-large;\">Quindi perch\u00e9 di questo affanno<\/span><\/span><\/span><\/p>\n<p align=\"LEFT\"><span style=\"color: #050505;\"><span style=\"font-family: Verdana, sans-serif;\"><span style=\"font-size: x-large;\">a rincorrere chi \u00e8 irraggiungibile<\/span><\/span><\/span><\/p>\n<p align=\"LEFT\"><span style=\"color: #050505;\"><span style=\"font-family: Verdana, sans-serif;\"><span style=\"font-size: x-large;\">piuttosto \u00e8 meglio preservare il tempo <\/span><\/span><\/span><\/p>\n<p align=\"LEFT\"><span style=\"color: #050505;\"><span style=\"font-family: Verdana, sans-serif;\"><span style=\"font-size: x-large;\">godendo pienamente dell\u2019omaggio ricevuto<\/span><\/span><\/span><\/p>\n<p align=\"LEFT\"><span style=\"color: #050505;\"><span style=\"font-family: Verdana, sans-serif;\"><span style=\"font-size: x-large;\">prima che scada il conto alla rovescia<\/span><\/span><\/span><\/p>\n<p align=\"LEFT\"><span style=\"color: #050505;\"><span style=\"font-family: Verdana, sans-serif;\"><span style=\"font-size: x-large;\">prima che la vita ci tolga dall\u2019incastro<\/span><\/span><\/span><\/p>\n","protected":false},"excerpt":{"rendered":"<p>AUDIO &nbsp; LA NON NOSTRA VITA Se anche ci siamo appropriati della parola pi\u00f9 o meno indebitamente ci\u00f2 che chiamiamo nostra vita tale non \u00e8 poich\u00e9 l\u2019atto di propriet\u00e0 \u00e8 lungi dall\u2019appartenerci Essa perdura anche senza di noi Quindi perch\u00e9 di questo affanno a rincorrere chi \u00e8 irraggiungibile piuttosto \u00e8 meglio preservare il tempo godendo&hellip;<\/p>\n","protected":false},"author":4,"featured_media":197810,"comment_status":"closed","ping_status":"closed","sticky":false,"template":"","format":"standard","meta":{"_monsterinsights_skip_tracking":false,"_monsterinsights_sitenote_active":false,"_monsterinsights_sitenote_note":"","_monsterinsights_sitenote_category":0,"footnotes":""},"categories":[22,49],"tags":[],"class_list":["post-197809","post","type-post","status-publish","format-standard","has-post-thumbnail","hentry","category-invivoverso","category-news-18","category-22","category-49","description-off"],"img_url":"https:\/\/www.radiopiu.net\/wordpress\/wp-content\/uploads\/2021\/03\/9-LUCIANO-TRICARICO-FOTO.jpg","_links":{"self":[{"href":"https:\/\/www.radiopiu.net\/wordpress\/wp-json\/wp\/v2\/posts\/197809","targetHints":{"allow":["GET"]}}],"collection":[{"href":"https:\/\/www.radiopiu.net\/wordpress\/wp-json\/wp\/v2\/posts"}],"about":[{"href":"https:\/\/www.radiopiu.net\/wordpress\/wp-json\/wp\/v2\/types\/post"}],"author":[{"embeddable":true,"href":"https:\/\/www.radiopiu.net\/wordpress\/wp-json\/wp\/v2\/users\/4"}],"replies":[{"embeddable":true,"href":"https:\/\/www.radiopiu.net\/wordpress\/wp-json\/wp\/v2\/comments?post=197809"}],"version-history":[{"count":0,"href":"https:\/\/www.radiopiu.net\/wordpress\/wp-json\/wp\/v2\/posts\/197809\/revisions"}],"wp:featuredmedia":[{"embeddable":true,"href":"https:\/\/www.radiopiu.net\/wordpress\/wp-json\/wp\/v2\/media\/197810"}],"wp:attachment":[{"href":"https:\/\/www.radiopiu.net\/wordpress\/wp-json\/wp\/v2\/media?parent=197809"}],"wp:term":[{"taxonomy":"category","embeddable":true,"href":"https:\/\/www.radiopiu.net\/wordpress\/wp-json\/wp\/v2\/categories?post=197809"},{"taxonomy":"post_tag","embeddable":true,"href":"https:\/\/www.radiopiu.net\/wordpress\/wp-json\/wp\/v2\/tags?post=197809"}],"curies":[{"name":"wp","href":"https:\/\/api.w.org\/{rel}","templated":true}]}}