{"id":197920,"date":"2021-03-20T06:00:10","date_gmt":"2021-03-20T05:00:10","guid":{"rendered":"https:\/\/www.radiopiu.net\/wordpress\/?p=197920"},"modified":"2021-03-21T08:00:04","modified_gmt":"2021-03-21T07:00:04","slug":"giornale-radiopiu-20-marzo-2021-direttore-mirko-mezzacasa","status":"publish","type":"post","link":"https:\/\/www.radiopiu.net\/wordpress\/giornale-radiopiu-20-marzo-2021-direttore-mirko-mezzacasa\/","title":{"rendered":"GIORNALE RADIOPIU 20 MARZO 2021 DIRETTORE MIRKO MEZZACASA"},"content":{"rendered":"<h3><a href=\"https:\/\/www.radiopiu.net\/wordpress\/giornale-radiopiu-24-gennaio-2021-direttore-mirko-mezzacasa\/141433770_171616291414874_2957460898102012198_n\/\" rel=\"attachment wp-att-186566\"><img loading=\"lazy\" decoding=\"async\" class=\"wp-image-186566 alignleft\" src=\"https:\/\/www.radiopiu.net\/wordpress\/wp-content\/uploads\/2021\/01\/141433770_171616291414874_2957460898102012198_n-300x300.jpg\" alt=\"\" width=\"144\" height=\"144\" srcset=\"https:\/\/www.radiopiu.net\/wordpress\/wp-content\/uploads\/2021\/01\/141433770_171616291414874_2957460898102012198_n-300x300.jpg 300w, https:\/\/www.radiopiu.net\/wordpress\/wp-content\/uploads\/2021\/01\/141433770_171616291414874_2957460898102012198_n-150x150.jpg 150w, https:\/\/www.radiopiu.net\/wordpress\/wp-content\/uploads\/2021\/01\/141433770_171616291414874_2957460898102012198_n-768x768.jpg 768w, https:\/\/www.radiopiu.net\/wordpress\/wp-content\/uploads\/2021\/01\/141433770_171616291414874_2957460898102012198_n.jpg 800w\" sizes=\"auto, (max-width: 144px) 100vw, 144px\" \/><\/a><\/h3>\n<h3>PER<strong> RICEVERE QUESTO NOTIZIARIO DIRETTAMENTE SUL TUO CELLULARE ISCRIVITI AL CANALE TELEGRAM <\/strong><strong>\u201cRADIO PIU\u00a0 INFORMAZIONE&#8221;\u00a0<\/strong><\/h3>\n<h3>SUPERATI I 3000 ISCRITTI, il CANALE TELEGRAM&#8230; UNISCITI A: RADIO PIU INFORMAZIONE<\/h3>\n<p>&nbsp;<\/p>\n<p>&nbsp;<\/p>\n<p>&nbsp;<\/p>\n<p><em><a href=\"https:\/\/www.radiopiu.net\/wordpress\/giornale-radiopiu-24-gennaio-2021-direttore-mirko-mezzacasa\/79216601_126817312416448_708980208774483089_n\/\" rel=\"attachment wp-att-186567\"><img loading=\"lazy\" decoding=\"async\" class=\"size-medium wp-image-186567 alignright\" src=\"https:\/\/www.radiopiu.net\/wordpress\/wp-content\/uploads\/2021\/01\/79216601_126817312416448_708980208774483089_n-300x114.jpg\" alt=\"\" width=\"300\" height=\"114\" srcset=\"https:\/\/www.radiopiu.net\/wordpress\/wp-content\/uploads\/2021\/01\/79216601_126817312416448_708980208774483089_n-300x114.jpg 300w, https:\/\/www.radiopiu.net\/wordpress\/wp-content\/uploads\/2021\/01\/79216601_126817312416448_708980208774483089_n-768x292.jpg 768w, https:\/\/www.radiopiu.net\/wordpress\/wp-content\/uploads\/2021\/01\/79216601_126817312416448_708980208774483089_n.jpg 820w\" sizes=\"auto, (max-width: 300px) 100vw, 300px\" \/><\/a><span style=\"color: #ff0000;\">ATTENZIONE: LA NUOVA APP PER IOS-IPHONE di Nicola Vettorello <\/span><\/em><a href=\"https:\/\/apps.apple.com\/it\/app\/radio-pi%C3%B9-emittente-agordina\/id1515939845\">https:\/\/apps.apple.com\/it\/app\/radio-pi%C3%B9-emittente-agordina\/id1515939845<\/a><\/p>\n<p><em style=\"color: #ff0000;\">ATTENZIONE: LA NUOVA APP RADIO\u00a0 PER ANDROID di Nicola Vettorello<\/em><\/p>\n<p><a href=\"https:\/\/play.google.com\/store\/apps\/details?id=net.radiopiu.iniko\" target=\"_blank\" rel=\"noopener noreferrer\">https:\/\/play.google.com\/store\/apps\/details?id=net.radiopiu.iniko<\/a><\/p>\n<p>&nbsp;<\/p>\n<hr \/>\n<p>&nbsp;<\/p>\n<blockquote>\n<h2 style=\"text-align: center;\">IL MESSAGGIO DEL MINISTRO FEDERICO D&#8217;INCA&#8217; SUI VACCINI<\/h2>\n<\/blockquote>\n<p><iframe loading=\"lazy\" title=\"Commento   Ema\" width=\"1200\" height=\"675\" src=\"https:\/\/www.youtube.com\/embed\/XAu590borFY?feature=oembed\" frameborder=\"0\" allow=\"accelerometer; autoplay; clipboard-write; encrypted-media; gyroscope; picture-in-picture\" allowfullscreen><\/iframe><\/p>\n<p>&nbsp;<\/p>\n<hr \/>\n<p>&nbsp;<\/p>\n<blockquote>\n<h1 style=\"text-align: center;\">VENETO IN ROSSO<\/h1>\n<h3>Il Veneto si colora di rosso, scuole chiuse. Stop agli spostamenti se non per inderogabili motivi.<\/h3>\n<\/blockquote>\n<p><a href=\"https:\/\/www.radiopiu.net\/wordpress\/veneto-in-rosso-il-bianco-sardegna-lontano-lo-dice-lincide-rt\/schermata-2021-03-12-alle-17-08-55\/\" rel=\"attachment wp-att-196720\"><img loading=\"lazy\" decoding=\"async\" class=\"alignnone wp-image-196720 size-full\" src=\"https:\/\/www.radiopiu.net\/wordpress\/wp-content\/uploads\/2021\/03\/Schermata-2021-03-12-alle-17.08.55.png\" alt=\"\" width=\"1934\" height=\"340\" srcset=\"https:\/\/www.radiopiu.net\/wordpress\/wp-content\/uploads\/2021\/03\/Schermata-2021-03-12-alle-17.08.55.png 1934w, https:\/\/www.radiopiu.net\/wordpress\/wp-content\/uploads\/2021\/03\/Schermata-2021-03-12-alle-17.08.55-300x53.png 300w, https:\/\/www.radiopiu.net\/wordpress\/wp-content\/uploads\/2021\/03\/Schermata-2021-03-12-alle-17.08.55-1024x180.png 1024w, https:\/\/www.radiopiu.net\/wordpress\/wp-content\/uploads\/2021\/03\/Schermata-2021-03-12-alle-17.08.55-768x135.png 768w, https:\/\/www.radiopiu.net\/wordpress\/wp-content\/uploads\/2021\/03\/Schermata-2021-03-12-alle-17.08.55-1536x270.png 1536w\" sizes=\"auto, (max-width: 1934px) 100vw, 1934px\" \/><\/a><\/p>\n<p><strong>PER GLI SPOSTAMENTI OBBLIGO DI AUTOCERTIFICAZIONE CHE PUOI <a href=\"https:\/\/www.radiopiu.net\/wordpress\/veneto-in-rosso-il-bianco-sardegna-lontano-lo-dice-lincide-rt\/dpcm-autocertificazione-gennaio-2021\/\">SCARICARE QUI<\/a><\/strong><\/p>\n<p>&nbsp;<\/p>\n<p>&nbsp;<\/p>\n<hr \/>\n<p>&nbsp;<\/p>\n<p><strong><a href=\"https:\/\/www.radiopiu.net\/wordpress\/acqua-di-nuovo-potabile-a-gosaldo\/bicchiere-acqua\/\" rel=\"attachment wp-att-197762\"><img loading=\"lazy\" decoding=\"async\" class=\"size-medium wp-image-197762 alignleft\" src=\"https:\/\/www.radiopiu.net\/wordpress\/wp-content\/uploads\/2021\/03\/BICCHIERE-ACQUA-300x200.jpg\" alt=\"\" width=\"300\" height=\"200\" srcset=\"https:\/\/www.radiopiu.net\/wordpress\/wp-content\/uploads\/2021\/03\/BICCHIERE-ACQUA-300x200.jpg 300w, https:\/\/www.radiopiu.net\/wordpress\/wp-content\/uploads\/2021\/03\/BICCHIERE-ACQUA-1024x683.jpg 1024w, https:\/\/www.radiopiu.net\/wordpress\/wp-content\/uploads\/2021\/03\/BICCHIERE-ACQUA-768x512.jpg 768w, https:\/\/www.radiopiu.net\/wordpress\/wp-content\/uploads\/2021\/03\/BICCHIERE-ACQUA-1536x1024.jpg 1536w, https:\/\/www.radiopiu.net\/wordpress\/wp-content\/uploads\/2021\/03\/BICCHIERE-ACQUA.jpg 1920w\" sizes=\"auto, (max-width: 300px) 100vw, 300px\" \/><\/a> <\/strong><\/p>\n<p><strong>\u00a0<\/strong><\/p>\n<p><strong>\u00a0<\/strong><\/p>\n<p><strong>Gestione Servizi Pubblici informa che a GOSALDO nelle localit\u00e0 RENON, LAGON, DELUBI e SABE, l&#8217;acqua erogata dall&#8217;acquedotto \u00e8 di nuovo potabile e pu\u00f2 essere usata, quindi, per scopi alimentari. \u00a0<\/strong><\/p>\n<p>&nbsp;<\/p>\n<p>&nbsp;<\/p>\n<p>&nbsp;<\/p>\n<p>&nbsp;<\/p>\n<hr \/>\n<p>&nbsp;<\/p>\n<p>&nbsp;<\/p>\n<blockquote>\n<h2>ACC, CONTINUITA&#8217; ALLO STABILIMENTO DI MEL CON IL DECRETO SOSTEGNI<\/h2>\n<\/blockquote>\n<p>&nbsp;<\/p>\n<p><strong><a href=\"https:\/\/www.radiopiu.net\/wordpress\/acc-consegna-i-compressori-gesto-simbolico-dai-grandi-significati\/1788513d-a18d-4a23-a888-177b433181c6\/\" rel=\"attachment wp-att-197662\"><img loading=\"lazy\" decoding=\"async\" class=\"size-medium wp-image-197662 alignleft\" src=\"https:\/\/www.radiopiu.net\/wordpress\/wp-content\/uploads\/2021\/03\/1788513d-a18d-4a23-a888-177b433181c6-300x225.jpg\" alt=\"\" width=\"300\" height=\"225\" srcset=\"https:\/\/www.radiopiu.net\/wordpress\/wp-content\/uploads\/2021\/03\/1788513d-a18d-4a23-a888-177b433181c6-300x225.jpg 300w, https:\/\/www.radiopiu.net\/wordpress\/wp-content\/uploads\/2021\/03\/1788513d-a18d-4a23-a888-177b433181c6-1024x768.jpg 1024w, https:\/\/www.radiopiu.net\/wordpress\/wp-content\/uploads\/2021\/03\/1788513d-a18d-4a23-a888-177b433181c6-768x576.jpg 768w, https:\/\/www.radiopiu.net\/wordpress\/wp-content\/uploads\/2021\/03\/1788513d-a18d-4a23-a888-177b433181c6-1536x1152.jpg 1536w, https:\/\/www.radiopiu.net\/wordpress\/wp-content\/uploads\/2021\/03\/1788513d-a18d-4a23-a888-177b433181c6.jpg 2048w\" sizes=\"auto, (max-width: 300px) 100vw, 300px\" \/><\/a>BORGO VALBELLUNA<\/strong>\u00a0<em> \u201cGrazie a un importante provvedimento contenuto all\u2019interno del Decreto Sostegni, lo stabilimento ACC di Mel pu\u00f2 continuare a guardare al futuro e proseguire nel proprio percorso verso la nascita di Italcomp. \u00c8 infatti prevista un\u2019ulteriore modalit\u00e0 operativa di finanziamento basata sulla diretta concessione di prestiti alle aziende con 250 o pi\u00f9 dipendenti e un fatturato superiore a 50 milioni di euro o un bilancio superiore ai 43 milioni. Sar\u00e0 quindi creato un fondo che, in connessione con l\u2019attuale situazione di emergenza legata al Covid, assicura alle imprese una continuit\u00e0 operativa grazie alla concessione di prestiti. Si tratta di finanziamenti agevolati, rimborsabili entro 5 anni. In particolare, il fondo pu\u00f2 concedere finanziamenti anche alle imprese in amministrazione straordinaria, come nel caso di ACC: l\u2019aiuto serve ad assicurare la concessione di prestito diretto alla gestione corrente, alla riattivazione e al completamento di impianti, immobili e attrezzature ma anche per le altre misure indicate nel programma presentato\u201d. <\/em>Lo afferma Federico D\u2019Inc\u00e0, Ministro per i Rapporti con il Parlamento, in seguito alla norma contenuta all\u2019interno del Decreto Sostegni varato dal Consiglio dei Ministri.<em> \u201cQuesta norma \u2013 prosegue D\u2019Inc\u00e0 \u2013 permette quindi di superare il momento di difficolt\u00e0 attraversato dall\u2019azienda e si propone come alternativa al sistema bancario. Mi ritengo molto soddisfatto per questo risultato che rappresenta un\u2019importante risposta da parte del Governo allo stabilimento di Mel. In queste settimane mi sono costantemente interfacciato con il Ministro dello Sviluppo Economico Giancarlo Giorgetti e con il Ministro dell\u2019Economia Daniele Franco che ringrazio per l\u2019attenzione e l\u2019intenso lavoro svolto. Sono rimasto in contatto costante anche con il Commissario Maurizio Castro, con gli amministratori del territorio, oltre all\u2019unit\u00e0 di crisi del Mise e la Sottosegretaria Alessandra Todde, da sempre attiva nella nascita del progetto Italcomp\u201d.<\/em><\/p>\n<blockquote><p><em>Vorrei esprimere la mia vicinanza ai dipendenti e il mio personale ringraziamento per la loro continua dedizione nei confronti dello stabilimento: un insieme di professionalit\u00e0 e di competenze che meritano di essere valorizzate nell\u2019intero progetto legato al polo del compressore\u00a0<\/em><\/p><\/blockquote>\n<p>&nbsp;<\/p>\n<hr \/>\n<blockquote>\n<h3><\/h3>\n<h3>DARIO BOND: BENE CON LO SBLOCCO DEI PRESTITI, AVANTI CON IL PROGETTO ITALCOMP<\/h3>\n<p>DICHIARAZIONE DEL DEPUTATO<\/p><\/blockquote>\n<p><em><span style=\"font-size: large;\">\u00abIl lavoro portato avanti negli ultimi mesi dal commissario Castro e l\u2019impegno dei lavoratori non potevano cadere nel vuoto. Era impensabile che un\u2019azienda come Acc, storica e riconosciuta a livello mondiale, terminasse cos\u00ec la sua vita produttiva. Ora grazie al Decreto Sostegni potr\u00e0 continuare a lavorare. Ma non c\u2019\u00e8 tempo da perdere: bisogna tracciare subito il cronoprogramma per arrivare alla realizzazione del polo italiano dei compressori. E non bisogna perdere di vista neanche l\u2019altra questione spinosa della Valbelluna, vale a dire la crisi di Ideal Standard, dove lavorano circa 400 operai. Per questo chiedo al ministro Giorgetti un impegno attivo a ricevere al ministero sindacati e Rsu.\u00a0 Sarebbe una beffa che i lavoratori, dopo anni di sacrifici in busta paga per finanziare il nuovo forno, si ritrovassero senza lavoro\u00bb.\u00a0<\/span><\/em><\/p>\n<p>&nbsp;<\/p>\n<p>&nbsp;<\/p>\n<hr \/>\n<p>&nbsp;<\/p>\n<blockquote>\n<h2>NUMERI PREOCCUPANTI, AVANZA ANCHE LA VARIANTE NIGERIANA<\/h2>\n<\/blockquote>\n<p>L&#8217;indice di trasmissione Rt\u00a0 in Veneto \u00e8 ancora da fascia rossa: 1.25 cio\u00e8 rischio alto. Contagi: 245 ogni 100mila abitanti,\u00a0 1.320 nuovi casi positivi, i 22 ricoverati in pi\u00f9 di cui 6 in rianimazione e 13 ulteriori vittime. &#8220;Per la prima volta dal marzo 2020, mi sento di dire di essere ottimista &#8211; ha detto la dottoressa Evelina Tacconelli &#8211; dopo un catastrofico dicembre, vedo la luce&#8221;. Sono 37620 le persone attualmente positive in Veneto, 1856 i ricoveri per covid. Intanto il presidente Zaia sta valutando con la direzione Prevenzione di vietare l&#8217;accesso alle seconde case a chi proviene da fuori regione, cio\u00e8 &#8211; eventulamente &#8211; spostamenti verso le seconde case\u00a0 solo per i veneti in Veneto.<em> &#8220;Per noi gli ospiti sono sacri, ma c&#8217;\u00e8 una valutazione sanitaria in corso&#8221;<\/em> ha detto Zaia<\/p>\n<p><strong>SITUAZIONE EPIDEMIOLOGICA NELL&#8217;AGORDINO:<\/strong> FALCADE 51 postiivi (+1) 31 isolamento 26 (-5), LIVINALLONGO 24 positivi, 18 isolamento, ALLEGHE 8 positivi (+2) 39 isolamento (+2), GOSALDO 3 positivi (+3)\u00a0 2 isolamento AGORDO 19 positivi (+4) 27 isolamento (-6) ROCCA PIETORE 11 positivi (+5) 22 isolamento (-1) SELVA DI CADORE 17 positivi 31 isolamento COLLE SANTA LUCIA 8 positivi 7 isolamento.<\/p>\n<p>&nbsp;<\/p>\n<blockquote>\n<h3>DUE DECESSI PER COVID, 23 NUOVI POSITIVI, 1313 GLI ATTUALMENTE POSITIVI<\/h3>\n<\/blockquote>\n<p><strong>BELLUNO <\/strong>Nelle ultime 24 ore sono statt\u00a0 registrati due decessi di persone covid positive: un uomo di anni 82 ricoverato in Ospedale di Comunit\u00e0 a Belluno e un uomo di 73 anni ricoverato in Rianimazione Covid a Belluno.<\/p>\n<p>23 NUOVI POSITIVI, 1313 GLI ATTUALMENTE POSITIVI<\/p>\n<p>Le persone attualmente POSITIVE ricoverate negli ospedali dell\u2019Ulss Dolomiti sono:<\/p>\n<table>\n<tbody>\n<tr>\n<td width=\"217\"><strong>\u00a0<\/strong><\/td>\n<td width=\"217\"><strong>Area NON CRITICA<\/strong><\/td>\n<td width=\"217\"><strong>Terapia Intensiva<\/strong><\/td>\n<\/tr>\n<tr>\n<td width=\"217\"><strong>Ospedale di Belluno <\/strong><\/td>\n<td width=\"217\">41 +1<\/td>\n<td width=\"217\">3 -1<\/td>\n<\/tr>\n<tr>\n<td width=\"217\"><strong>Ospedale di Feltre<\/strong><\/td>\n<td width=\"217\">19 +1<\/td>\n<td width=\"217\">3<\/td>\n<\/tr>\n<\/tbody>\n<\/table>\n<p>&nbsp;<\/p>\n<p>Le persone attualmente POSITIVE ricoverate in Ospedale di Comunit\u00e0 sono:<\/p>\n<table>\n<tbody>\n<tr>\n<td width=\"326\"><strong>\u00a0<\/strong><\/td>\n<td width=\"326\"><strong>pazienti attualmente positivi<\/strong><\/td>\n<\/tr>\n<tr>\n<td width=\"326\"><strong>Ospedale di Comunit\u00e0 di BELLUNO<\/strong><\/td>\n<td width=\"326\">13<\/td>\n<\/tr>\n<tr>\n<td width=\"326\"><strong>Ospedale di Comunit\u00e0 di FELTRE<\/strong><\/td>\n<td width=\"326\">1 +1<\/td>\n<\/tr>\n<\/tbody>\n<\/table>\n<p>&nbsp;<\/p>\n<p>Il 43% delle persone over 80 della Provincia ha gi\u00e0 ricevuto la prima dose di vaccino La campagna vaccinale procede nei prossimi giorni nei 5 drive in territoriali. Ricordiamo che il CUP sta continuando a chiamare le persone con pi\u00f9 di 80 anni per anticipare l\u2019appuntamento.\u00a0 E\u2019 possibile anticiparlo anche prenotando online dal sito www.aulss1.veneto.it<\/p>\n<p>&nbsp;<\/p>\n<div class=\"page-title-head hgroup\"><\/div>\n<div>\n<div class=\"pybr56ya dati1w0a hv4rvrfc n851cfcs btwxx1t3 j83agx80 ll8tlv6m\">\n<div class=\"buofh1pr\">\n<div class=\"j83agx80 cbu4d94t ew0dbk1b irj2b8pg\">\n<div class=\"nc684nl6\">\n<p align=\"CENTER\"><span style=\"font-size: large;\"><b>SITUAZIONE SCUOLE: AGGIORNAMENTO<\/b><\/span><\/p>\n<p><span style=\"color: #222222;\"><span style=\"font-size: medium;\"><strong>BELLUNO.<\/strong> Il Team scuole del Dipartimento di Prevenzione fa il punto settimanale sulla situazione dei contagi nelle scuole della provincia. <\/span><\/span><span style=\"color: #222222;\"><span style=\"font-size: medium;\">Dal 14 settembre 2020 ad oggi sono state p<\/span><\/span><span style=\"color: #222222;\"><span style=\"font-size: medium;\"><span lang=\"en-US\">rese in carico 6<\/span><\/span><\/span><span style=\"color: #222222;\"><span style=\"font-size: medium;\"><span lang=\"en-US\">94 <\/span><\/span><\/span><span style=\"color: #222222;\"><span style=\"font-size: medium;\"><span lang=\"en-US\">classi.<\/span><\/span><\/span><\/p>\n<p><span style=\"color: #222222;\"><span style=\"font-size: medium;\"><b>Classi attualmente in carico al Dipartimento (almeno un positivo): <\/b><\/span><\/span><\/p>\n<table border=\"1\" width=\"643\" frame=\"VOID\" rules=\"NONE\" cellspacing=\"0\" cellpadding=\"0\">\n<tbody>\n<tr valign=\"TOP\">\n<td bgcolor=\"#ff8000\" width=\"214\">\n<p class=\"titolo-tabella\"><span style=\"color: #ffffff;\"><span style=\"font-family: Liberation Sans, serif;\"><span style=\"font-size: medium;\"><b>Ordine e grado<\/b><\/span><\/span><\/span><\/p>\n<\/td>\n<td bgcolor=\"#faa61a\" width=\"214\">\n<p class=\"titolo-tabella\" align=\"CENTER\"><span style=\"color: #ffffff;\"><span style=\"font-family: Liberation Sans, serif;\"><span style=\"font-size: medium;\"><b>Numero classi<\/b><\/span><\/span><\/span><\/p>\n<\/td>\n<td bgcolor=\"#faa61a\" width=\"214\">\n<p class=\"titolo-tabella\" align=\"LEFT\"><span style=\"color: #ffffff;\"><span style=\"font-family: Liberation Sans, serif;\"><span style=\"font-size: medium;\"><b>Variazione rispetto alla settimana precedente<\/b><\/span><\/span><\/span><\/p>\n<\/td>\n<\/tr>\n<tr valign=\"TOP\">\n<td bgcolor=\"#ffff6d\" width=\"214\"><b>infanzia<\/b><\/td>\n<td width=\"214\">\n<p align=\"CENTER\"><span style=\"color: #00000a;\"><span style=\"font-size: small;\"><span lang=\"it-IT\">4<\/span><\/span><\/span><\/p>\n<\/td>\n<td width=\"214\">\n<p align=\"CENTER\"><span style=\"color: #00000a;\"><span style=\"font-size: small;\"><span lang=\"it-IT\">+2<\/span><\/span><\/span><\/p>\n<\/td>\n<\/tr>\n<tr valign=\"TOP\">\n<td bgcolor=\"#ffff6d\" width=\"214\"><b>primaria<\/b><\/td>\n<td width=\"214\">\n<p align=\"CENTER\"><span style=\"color: #00000a;\"><span style=\"font-size: small;\"><span lang=\"it-IT\">9<\/span><\/span><\/span><\/p>\n<\/td>\n<td width=\"214\">\n<p align=\"CENTER\">-1<\/p>\n<\/td>\n<\/tr>\n<tr valign=\"TOP\">\n<td bgcolor=\"#ffff6d\" width=\"214\"><b>Secondaria primo grado<\/b><\/td>\n<td width=\"214\">\n<p align=\"CENTER\"><span style=\"color: #00000a;\"><span style=\"font-size: small;\"><span lang=\"it-IT\">4<\/span><\/span><\/span><\/p>\n<\/td>\n<td width=\"214\">\n<p align=\"CENTER\">-5<\/p>\n<\/td>\n<\/tr>\n<tr valign=\"TOP\">\n<td bgcolor=\"#ffff6d\" width=\"214\"><b>Secondaria secondo grado<\/b><\/td>\n<td width=\"214\">\n<p align=\"CENTER\"><span style=\"color: #00000a;\"><span style=\"font-size: small;\"><span lang=\"it-IT\">11<\/span><\/span><\/span><\/p>\n<\/td>\n<td width=\"214\">\n<p align=\"CENTER\">-4<\/p>\n<\/td>\n<\/tr>\n<tr valign=\"TOP\">\n<td bgcolor=\"#ffff6d\" width=\"214\"><b>TOTALE<\/b><\/td>\n<td width=\"214\">\n<p align=\"CENTER\"><span style=\"color: #00000a;\"><span style=\"font-size: small;\"><span lang=\"it-IT\"><b>28<\/b><\/span><\/span><\/span><\/p>\n<\/td>\n<td width=\"214\">\n<p align=\"CENTER\"><b>-8<\/b><\/p>\n<\/td>\n<\/tr>\n<\/tbody>\n<\/table>\n<p><span style=\"color: #222222;\"><span style=\"font-size: medium;\">Di cui, <\/span><\/span><span style=\"color: #222222;\"><span style=\"font-size: medium;\"><b>classi attualmente in isolamento:<\/b><\/span><\/span><\/p>\n<table border=\"1\" width=\"643\" frame=\"VOID\" rules=\"NONE\" cellspacing=\"0\" cellpadding=\"0\">\n<tbody>\n<tr valign=\"TOP\">\n<td bgcolor=\"#ff3838\" width=\"214\">\n<p class=\"titolo-tabella\"><span style=\"color: #ffffff;\"><span style=\"font-family: Liberation Sans, serif;\"><span style=\"font-size: medium;\"><b>Ordine e grado<\/b><\/span><\/span><\/span><\/p>\n<\/td>\n<td bgcolor=\"#ff3838\" width=\"214\">\n<p class=\"titolo-tabella\" align=\"CENTER\"><span style=\"color: #ffffff;\"><span style=\"font-family: Liberation Sans, serif;\"><span style=\"font-size: medium;\"><b>Numero classi<\/b><\/span><\/span><\/span><\/p>\n<\/td>\n<td bgcolor=\"#ff3838\" width=\"214\">\n<p class=\"titolo-tabella\" align=\"LEFT\"><span style=\"color: #ffffff;\"><span style=\"font-family: Liberation Sans, serif;\"><span style=\"font-size: medium;\"><b>Variazione rispetto alla settimana precedente<\/b><\/span><\/span><\/span><\/p>\n<\/td>\n<\/tr>\n<tr valign=\"TOP\">\n<td bgcolor=\"#ffd8ce\" width=\"214\"><b>infanzia<\/b><\/td>\n<td width=\"214\">\n<p align=\"CENTER\"><span style=\"color: #00000a;\"><span style=\"font-size: small;\"><span lang=\"it-IT\">4<\/span><\/span><\/span><\/p>\n<\/td>\n<td width=\"214\">\n<p align=\"CENTER\"><span style=\"color: #00000a;\"><span style=\"font-size: small;\"><span lang=\"it-IT\">+2<\/span><\/span><\/span><\/p>\n<\/td>\n<\/tr>\n<tr valign=\"TOP\">\n<td bgcolor=\"#ffd8ce\" width=\"214\"><b>primaria<\/b><\/td>\n<td width=\"214\">\n<p align=\"CENTER\"><span style=\"color: #00000a;\"><span style=\"font-size: small;\"><span lang=\"it-IT\">4<\/span><\/span><\/span><\/p>\n<\/td>\n<td width=\"214\">\n<p align=\"CENTER\"><span style=\"color: #00000a;\"><span style=\"font-size: small;\"><span lang=\"it-IT\">+1<\/span><\/span><\/span><\/p>\n<\/td>\n<\/tr>\n<tr valign=\"TOP\">\n<td bgcolor=\"#ffd8ce\" width=\"214\"><b>Secondaria primo grado<\/b><\/td>\n<td width=\"214\">\n<p align=\"CENTER\"><span style=\"color: #00000a;\"><span style=\"font-size: small;\"><span lang=\"it-IT\">2<\/span><\/span><\/span><\/p>\n<\/td>\n<td width=\"214\">\n<p align=\"CENTER\"><span style=\"color: #00000a;\"><span style=\"font-size: small;\"><span lang=\"it-IT\">+1<\/span><\/span><\/span><\/p>\n<\/td>\n<\/tr>\n<tr valign=\"TOP\">\n<td bgcolor=\"#ffd8ce\" width=\"214\"><b>Secondaria secondo grado<\/b><\/td>\n<td width=\"214\">\n<p align=\"CENTER\"><span style=\"color: #00000a;\"><span style=\"font-size: small;\"><span lang=\"it-IT\">8<\/span><\/span><\/span><\/p>\n<\/td>\n<td width=\"214\">\n<p align=\"CENTER\"><span style=\"color: #00000a;\"><span style=\"font-size: small;\"><span lang=\"it-IT\">+4<\/span><\/span><\/span><\/p>\n<\/td>\n<\/tr>\n<tr valign=\"TOP\">\n<td bgcolor=\"#ffd8ce\" width=\"214\"><b>TOTALE<\/b><\/td>\n<td width=\"214\">\n<p align=\"CENTER\"><span style=\"color: #00000a;\"><span style=\"font-size: small;\"><span lang=\"it-IT\"><b>18<\/b><\/span><\/span><\/span><\/p>\n<\/td>\n<td width=\"214\">\n<p align=\"CENTER\"><span style=\"color: #00000a;\"><span style=\"font-size: small;\"><span lang=\"it-IT\"><b>+8<\/b><\/span><\/span><\/span><\/p>\n<\/td>\n<\/tr>\n<\/tbody>\n<\/table>\n<p><span style=\"font-size: medium;\">Belluno, <\/span><span style=\"color: #00000a;\"><span style=\"font-size: medium;\"><span lang=\"it-IT\">19<\/span><\/span><\/span><span style=\"font-size: medium;\"> marzo<\/span><span style=\"font-size: medium;\"> 2021<\/span><\/p>\n<p>&nbsp;<\/p>\n<\/div>\n<\/div>\n<\/div>\n<\/div>\n<\/div>\n<p>&nbsp;<\/p>\n<p>&nbsp;<\/p>\n<hr \/>\n<blockquote>\n<h3><\/h3>\n<h3>I CARABINIERI FORESTALI &#8220;SPENGONO&#8221; IL CUMULO DI RIFIUTI INQUINANTE<\/h3>\n<\/blockquote>\n<p><strong>BELLUNO<\/strong>Un uomo residente in zona Orzes \u00e8 stato denunciato a piede libero\u00a0 dai Carabinieri Forestali di Belluno\u00a0 per il reato di combustione illecita di rifiuti in un campo a margine delle strada e in prossimit\u00e0 di alcune abitazioni,\u00a0 rischia dai 2 ai 5 anni di reclusione. Al danno ambientale si aggiunge quello per la salute dei cittadini, nei 2 metri cubi di rifiuti, i Carabinieri hanno trovato materassi, cuscini, porzioni di mobili e sacchi di plastica contenenti a loro volta materiale plastico. I militari forestali hanno tenuto d&#8217;occhio quel cumulo di rifiuti al fine di verificare che il materiale fosse rimosso correttamente. Hanno quindi\u00a0 riscontrato la presenza di un cumulo di ceneri e residui di materiale incombusto sopra il quale si elevavano ancora le fiamme. Tracce sul terreno dimostrano che non si \u00e8 trattato del primo episodio<\/p>\n<p>&nbsp;<\/p>\n\n\t\t\t<style type='text\/css'>\n\t\t\t\t#gallery-1 {\n\t\t\t\t\tmargin: auto;\n\t\t\t\t}\n\t\t\t\t#gallery-1 .gallery-item {\n\t\t\t\t\tfloat: left;\n\t\t\t\t\tmargin-top: 10px;\n\t\t\t\t\ttext-align: center;\n\t\t\t\t\twidth: 25%;\n\t\t\t\t}\n\t\t\t\t#gallery-1 img {\n\t\t\t\t\tborder: 2px solid #cfcfcf;\n\t\t\t\t}\n\t\t\t\t#gallery-1 .gallery-caption {\n\t\t\t\t\tmargin-left: 0;\n\t\t\t\t}\n\t\t\t\t\/* see gallery_shortcode() in wp-includes\/media.php *\/\n\t\t\t<\/style>\n\t\t<div id='gallery-1' class='dt-gallery-container gallery galleryid-197920 gallery-columns-4 gallery-size-thumbnail'><dl class='gallery-item'>\n\t\t\t\t<dt class='gallery-icon landscape'>\n\t\t\t\t\t<a class=\"rollover rollover-zoom dt-pswp-item\" title=\"100_6191-1\" data-dt-img-description=\"\" data-large_image_width=\"2048\" data-large_image_height=\"1536\"href='https:\/\/www.radiopiu.net\/wordpress\/wp-content\/uploads\/2021\/03\/100_6191-1.jpg'><img loading=\"lazy\" decoding=\"async\" width=\"150\" height=\"150\" src=\"https:\/\/www.radiopiu.net\/wordpress\/wp-content\/uploads\/2021\/03\/100_6191-1-150x150.jpg\" class=\"attachment-thumbnail size-thumbnail\" alt=\"\" \/><\/a>\n\t\t\t\t<\/dt><\/dl><dl class='gallery-item'>\n\t\t\t\t<dt class='gallery-icon landscape'>\n\t\t\t\t\t<a class=\"rollover rollover-zoom dt-pswp-item\" title=\"100_6192-1\" data-dt-img-description=\"\" data-large_image_width=\"2048\" data-large_image_height=\"1536\"href='https:\/\/www.radiopiu.net\/wordpress\/wp-content\/uploads\/2021\/03\/100_6192-1.jpg'><img loading=\"lazy\" decoding=\"async\" width=\"150\" height=\"150\" src=\"https:\/\/www.radiopiu.net\/wordpress\/wp-content\/uploads\/2021\/03\/100_6192-1-150x150.jpg\" class=\"attachment-thumbnail size-thumbnail\" alt=\"\" \/><\/a>\n\t\t\t\t<\/dt><\/dl><dl class='gallery-item'>\n\t\t\t\t<dt class='gallery-icon landscape'>\n\t\t\t\t\t<a class=\"rollover rollover-zoom dt-pswp-item\" title=\"100_6201-1\" data-dt-img-description=\"\" data-large_image_width=\"2048\" data-large_image_height=\"1536\"href='https:\/\/www.radiopiu.net\/wordpress\/wp-content\/uploads\/2021\/03\/100_6201-1.jpg'><img loading=\"lazy\" decoding=\"async\" width=\"150\" height=\"150\" src=\"https:\/\/www.radiopiu.net\/wordpress\/wp-content\/uploads\/2021\/03\/100_6201-1-150x150.jpg\" class=\"attachment-thumbnail size-thumbnail\" alt=\"\" \/><\/a>\n\t\t\t\t<\/dt><\/dl><dl class='gallery-item'>\n\t\t\t\t<dt class='gallery-icon landscape'>\n\t\t\t\t\t<a class=\"rollover rollover-zoom dt-pswp-item\" title=\"100_6200-1\" data-dt-img-description=\"\" data-large_image_width=\"2048\" data-large_image_height=\"1536\"href='https:\/\/www.radiopiu.net\/wordpress\/wp-content\/uploads\/2021\/03\/100_6200-1.jpg'><img loading=\"lazy\" decoding=\"async\" width=\"150\" height=\"150\" src=\"https:\/\/www.radiopiu.net\/wordpress\/wp-content\/uploads\/2021\/03\/100_6200-1-150x150.jpg\" class=\"attachment-thumbnail size-thumbnail\" alt=\"\" \/><\/a>\n\t\t\t\t<\/dt><\/dl><br style=\"clear: both\" \/>\n\t\t\t<\/div>\n\n<p>&nbsp;<\/p>\n<p>&nbsp;<\/p>\n<hr \/>\n<blockquote>\n<h3><\/h3>\n<h3>IL PASSO AVANTI DI SILVIO DELLA GIACOMA<\/h3>\n<\/blockquote>\n<p>&nbsp;<\/p>\n<p><strong><img loading=\"lazy\" decoding=\"async\" class=\"alignleft\" src=\"https:\/\/www.radiopiu.net\/wordpress\/wp-content\/uploads\/2021\/03\/16c9523f-eeaf-4548-84bc-ef480a376ee7.jpg\" width=\"130\" height=\"162\" \/><\/strong><\/p>\n<p><strong>FALCADE\u00a0<\/strong> Silvio Della Giacoma, 90 anni \u00e8 &#8220;andato avanti&#8221; e gli alpini del\u00a0 Gruppo Ana di Falcade, di cui era socio,\u00a0 ne onorano il ricordo con un messaggio di amicizia e di cordoglio per la moglie Giovanna, i figli Gianluigi con Fulvia e Lavinia, Paola\u00a0 con Bruno e Leonardo, la sorella e tutti i parenti. I funerali avranno luogo stamane alle 11 a Caviola.<\/p>\n<p><em>La famiglia ha porto un ringraziamento alla dottoressa Ileana Corazzin e al dottor Valter Tomaselli.<\/em><\/p>\n<p>&nbsp;<\/p>\n<p>&nbsp;<\/p>\n<p>&nbsp;<\/p>\n<hr \/>\n<p>&nbsp;<\/p>\n<blockquote>\n<h3>IL DG DELLA ULSS1 &#8220;ABBIATE FIDUCIA NEI VACCINI, NON C&#8217;E&#8217; DA AVERE PAURA&#8221;<\/h3>\n<\/blockquote>\n<p><strong><img loading=\"lazy\" decoding=\"async\" class=\"alignleft\" src=\"https:\/\/www.radiopiu.net\/wordpress\/wp-content\/uploads\/2021\/02\/Carraro-Maria-Grazia.jpg\" width=\"202\" height=\"109\" \/>BELLUNO<\/strong><\/p>\n<p><strong>di MORENO GIOLI<\/strong><\/p>\n<audio class=\"wp-audio-shortcode\" id=\"audio-197920-1\" preload=\"none\" style=\"width: 100%;\" controls=\"controls\"><source type=\"audio\/mpeg\" src=\"https:\/\/www.radiopiu.net\/wordpress\/wp-content\/uploads\/2021\/03\/moreno-ulss.mp3?_=1\" \/><a href=\"https:\/\/www.radiopiu.net\/wordpress\/wp-content\/uploads\/2021\/03\/moreno-ulss.mp3\">https:\/\/www.radiopiu.net\/wordpress\/wp-content\/uploads\/2021\/03\/moreno-ulss.mp3<\/a><\/audio>\n<p>&nbsp;<\/p>\n<p><strong>IL DIRETTORE GENERALE MARIA GRAZIA CARRARO<\/strong><\/p>\n<audio class=\"wp-audio-shortcode\" id=\"audio-197920-2\" preload=\"none\" style=\"width: 100%;\" controls=\"controls\"><source type=\"audio\/mpeg\" src=\"https:\/\/www.radiopiu.net\/wordpress\/wp-content\/uploads\/2021\/03\/carraro-1.mp3?_=2\" \/><a href=\"https:\/\/www.radiopiu.net\/wordpress\/wp-content\/uploads\/2021\/03\/carraro-1.mp3\">https:\/\/www.radiopiu.net\/wordpress\/wp-content\/uploads\/2021\/03\/carraro-1.mp3<\/a><\/audio>\n<p>&nbsp;<\/p>\n<p>&nbsp;<\/p>\n<hr \/>\n<p>&nbsp;<\/p>\n<p>&nbsp;<\/p>\n<blockquote>\n<h3>L&#8217;OPPORTUNITA&#8217;: DOMENICA MATTINA A TAMONICH VACCINAZIONE &#8230;OLTRE LISTA<\/h3>\n<\/blockquote>\n<blockquote><p><em><a href=\"https:\/\/www.radiopiu.net\/wordpress\/ottanta-persone-dai-75-ai-79-anni-domenica-mattina-potranno-vaccinarsi-a-tamonich\/agordo-astra-21-marzo\/\" rel=\"attachment wp-att-198078\"><img loading=\"lazy\" decoding=\"async\" class=\"size-medium wp-image-198078 alignleft\" src=\"https:\/\/www.radiopiu.net\/wordpress\/wp-content\/uploads\/2021\/03\/agordo-Astra-21-marzo-300x251.png\" alt=\"\" width=\"300\" height=\"251\" srcset=\"https:\/\/www.radiopiu.net\/wordpress\/wp-content\/uploads\/2021\/03\/agordo-Astra-21-marzo-300x251.png 300w, https:\/\/www.radiopiu.net\/wordpress\/wp-content\/uploads\/2021\/03\/agordo-Astra-21-marzo-768x644.png 768w, https:\/\/www.radiopiu.net\/wordpress\/wp-content\/uploads\/2021\/03\/agordo-Astra-21-marzo.png 940w\" sizes=\"auto, (max-width: 300px) 100vw, 300px\" \/><\/a>seduta straordinaria di vaccinazioni <b><\/b> con vaccino AstraZeneca solo su prenotazione on-line<\/em><\/p><\/blockquote>\n<p><strong>AGORDO<\/strong> Domenica mattina dalle 9 alle 11, ottanta agordini tra i 75 e i 79 anni (ovvero nati tra il 1942 e il 1946)\u00a0 potranno vaccinarsi al drive-in di Tamonich. E&#8217; un&#8217;iniziativa della Ulss1.\u00a0 Il vaccino sar\u00e0 somministrato da tre Medici di Famiglia del territorio. E\u2019 possibile prenotarsi online dal sito <a class=\"gmail-western\" href=\"http:\/\/www.aulss1.veneto.it\/\">www.aulss1.veneto.it<\/a><\/p>\n<blockquote>\n<h3>AI MICROFONI DI RADIO PIU&#8217;, DAL DIPARTIMENTO PREVENZIONE DELLA ULSS1 DOLOMITI, IL DOTTOR SANDRO CINQUETTI<\/h3>\n<\/blockquote>\n<audio class=\"wp-audio-shortcode\" id=\"audio-197920-3\" preload=\"none\" style=\"width: 100%;\" controls=\"controls\"><source type=\"audio\/mpeg\" src=\"https:\/\/www.radiopiu.net\/wordpress\/wp-content\/uploads\/2021\/03\/SANDRO-CINQUETTI.mp3?_=3\" \/><a href=\"https:\/\/www.radiopiu.net\/wordpress\/wp-content\/uploads\/2021\/03\/SANDRO-CINQUETTI.mp3\">https:\/\/www.radiopiu.net\/wordpress\/wp-content\/uploads\/2021\/03\/SANDRO-CINQUETTI.mp3<\/a><\/audio>\n<p>&nbsp;<\/p>\n<p>&nbsp;<\/p>\n<p>&nbsp;<\/p>\n<p>&nbsp;<\/p>\n<hr \/>\n<blockquote>\n<h3><\/h3>\n<h3>MONTAGNA: 700 MILIONI AL TURISMO INVERNALE<\/h3>\n<blockquote><p><em>Ora massimo coordinamento con le Regioni\u201d<\/em><\/p><\/blockquote>\n<p><strong><img loading=\"lazy\" decoding=\"async\" class=\"alignleft\" src=\"https:\/\/www.radiopiu.net\/wordpress\/wp-content\/uploads\/2020\/04\/FEDERICO-DINCA.png\" width=\"132\" height=\"167\" \/>ROMA<\/strong> <em>\u201cI 700 milioni di euro contenuti nel decreto \u2018Sostegni\u2019 e destinati a tutti i settori della montagna e del turismo invernale, rappresentano un aiuto importante per le attivit\u00e0 che sono state costrette a rimanere ferme a causa delle restrizioni legate alla pandemia\u201d. <\/em>Lo dichiara Federico D\u2019Inc\u00e0, Ministro per i Rapporti con il Parlamento, commentando con soddisfazione le misure contenute nel Decreto Sostegni a favore del turismo invernale. Il provvedimento prevede che il 70% della quota sia destinata ai Comuni che ospitano impianti di risalita a fune.\u00a0 La restante quota andr\u00e0 ai Comuni colpiti dalla crisi nello stesso comprensorio sciistico. Tra le categorie che beneficeranno dei sussidi, una parte importante riguarder\u00e0 i maestri di sci. <em>\u201cDa cittadino bellunese \u2013 prosegue il Ministro D\u2019Inc\u00e0 &#8211; comprendo molto bene quanto il turismo invernale abbia sofferto. <\/em><em>Sono convinto che, una volta terminata la fase emergenziale, la nostra montagna potr\u00e0 finalmente ripartire&#8221;<\/em><\/p><\/blockquote>\n<p>&nbsp;<\/p>\n<p>&nbsp;<\/p>\n<hr \/>\n<p>&nbsp;<\/p>\n<blockquote>\n<h2>COVID 19, INTERPELLANZA AL SINDACO PER L&#8217;ALLARMANTE SITUAZIONE IN TERRITORIO FODOM<\/h2>\n<\/blockquote>\n<blockquote><p><em>I consiglieri d&#8217;opposizione denunciano alcuni episodi e minacciano: &#8220;nel caso si continui a perseverare sulla stessa linea, saremo costretti a segnalare gli specifici casi nelle sedi opportune, e ciascuno sar\u00e0 chiamato a rispondere delle proprie responsabilit\u00e0&#8221;.\u00a0<\/em><\/p><\/blockquote>\n<p><strong><img loading=\"lazy\" decoding=\"async\" class=\"alignleft\" src=\"https:\/\/www.radiopiu.net\/wordpress\/wp-content\/uploads\/2021\/03\/arabba-con-in-fondo-il.jpg\" width=\"248\" height=\"186\" \/>LIVINALLONGO<\/strong> I consiglieri di minoranza Daniela Templari, Silvia De Dorigo Del Monego e Claudio Sorarui hanno scritto al sindaco e all&#8217;amministrazione comunale tutta, preoccupati per la situazione pandemica allarmante anche in territorio di Livinallongo dove insiste anche l&#8217;importante casa di riposo Villa San Giuseppe<em> &#8220;dove si \u00e8 l&#8217;assoluta necessit\u00e0 di tutelare le categorie pi\u00f9 a rischio&#8221;<\/em>, dice la minoranza. Nell&#8217;interpellanza, prima di arrivare al nocciolo della questione viene sottolineata\u00a0 la vocazione economica della valle e la necessit\u00e0 di mantenere integra l&#8217;immagine turistica. Quindi la denuncia:<em> &#8220;Alla minoranza sono stati segnalati comportamenti non rispettosi delle disposizioni nazionali vigenti quali quarantena, utilizzo della mascherina e distanziamento interpersonale tenuti da persone residenti. Inoltre: la cattiva condotta di alcuni membri della maggioranza, pi\u00f9 volte avvistati senza mascherina nel territorio comunale. A febbraio inoltre si \u00e8 tenuta una festa con dj\u00a0 in un pubblico esercizio, notizia ormai di pubblico dominio, per cui vi \u00e8 la testimonianza della presenza di persone provenienti da regione e\/o province di colore arancione o rosso. Ci sono poi le ripetute feste avvenute in case private nel mese di febbraio 2021. Infine notata \u00a0la presenza di un consigliere di maggioranza sprovvisto di mascherina per l\u2019intera durata della riunione della Commissione Elettorale del 28 agosto scorso&#8221;,. <\/em>I consiglieri di minoranza chiedono: <em>&#8220;Di giustificare e\u00a0 rimediare alla cattiva condotta, <\/em><em>\u00a0se siano stati presi provvedimenti disciplinari nei confronti di chi ha trasgredito le regole,\u00a0 e che vengano assolutamente aumentati i controlli sul territorio da parte delle autorit\u00e0 competenti&#8221;<\/em><\/p>\n<p>&nbsp;<\/p>\n<p>&nbsp;<\/p>\n<hr \/>\n<blockquote>\n<h3><\/h3>\n<h3>SECONDE CASE, ZAIA &#8220;NON SONO D&#8217;ACCORDO CON I COLLEGHI CHE PENSANO CHE I TURISTI SIANO UN PROBLEMA&#8221;<\/h3>\n<\/blockquote>\n<p><strong><img loading=\"lazy\" decoding=\"async\" class=\"alignleft\" src=\"https:\/\/www.radiopiu.net\/wordpress\/wp-content\/uploads\/2020\/11\/zaia.png\" width=\"163\" height=\"90\" \/>SECONDE CASE <\/strong>Diversamente dal Trentino Alto Adige, Valle d&#8217;Aosta e Sardegna la Regione Veneto non ha ancora pensato ad un&#8217;ordinanza per stoppare gli spostamenti verso le seconde case. Ci sono stati alcuni sindaci che hanno chiesto al Presidente della Regione di firmare un&#8217;ordinanza per chiudere i confini. Nell&#8217;Agordino si \u00e8 espresso a favore dell&#8217;ordinanza il sindaco di Livinallongo Leandro Grones, altri sindaci della Valle del Biois e Valle del Cordevole potrebbero unirsi nell&#8217;iniziativa gi\u00e0 nelle prossime ore.\u00a0 Luca Zaia ieri\u00a0 in conferenza stampa pungolato sull&#8217;argomento ha risposto: <strong><em>&#8220;<\/em><\/strong><em>Non sono d&#8217;accordo con quei colleghi che\u00a0 pensano che i turisti siano un problema, in ogni caso stiamo valutando, non una ma 20 mila volte perch\u00e9 \u00e8 sacro chi ha scelto il Veneto per farsi la casa, perch\u00e9 ama il Veneto. Siamo la regione pi\u00f9 turistica d&#8217;Italia. Non abbiamo deciso nulla&#8221;.<\/em><\/p>\n<p><span style=\"color: #ff0000;\">dalla conferenza stampa di ieri<\/span><\/p>\n<audio class=\"wp-audio-shortcode\" id=\"audio-197920-4\" preload=\"none\" style=\"width: 100%;\" controls=\"controls\"><source type=\"audio\/mpeg\" src=\"https:\/\/www.radiopiu.net\/wordpress\/wp-content\/uploads\/2021\/03\/zaia-frontier.mp3?_=4\" \/><a href=\"https:\/\/www.radiopiu.net\/wordpress\/wp-content\/uploads\/2021\/03\/zaia-frontier.mp3\">https:\/\/www.radiopiu.net\/wordpress\/wp-content\/uploads\/2021\/03\/zaia-frontier.mp3<\/a><\/audio>\n<p>&nbsp;<\/p>\n<p>&nbsp;<\/p>\n<p>&nbsp;<\/p>\n<hr \/>\n<p>&nbsp;<\/p>\n<blockquote>\n<h3>NUOVO BANDO PER LA GESTIONE DI IAT E INFOPOINT<\/h3>\n<\/blockquote>\n<p><strong><a href=\"https:\/\/www.radiopiu.net\/wordpress\/giornale-radiopiu-08-luglio-2020-direttore-mirko-mezzacasa\/assessore-yuki-demilia\/\" rel=\"attachment wp-att-148231\"><img loading=\"lazy\" decoding=\"async\" class=\"size-medium wp-image-148231 alignleft\" src=\"https:\/\/www.radiopiu.net\/wordpress\/wp-content\/uploads\/2020\/07\/Assessore-Yuki-dEmilia-300x200.jpg\" alt=\"\" width=\"300\" height=\"200\" srcset=\"https:\/\/www.radiopiu.net\/wordpress\/wp-content\/uploads\/2020\/07\/Assessore-Yuki-dEmilia-300x200.jpg 300w, https:\/\/www.radiopiu.net\/wordpress\/wp-content\/uploads\/2020\/07\/Assessore-Yuki-dEmilia-1024x683.jpg 1024w, https:\/\/www.radiopiu.net\/wordpress\/wp-content\/uploads\/2020\/07\/Assessore-Yuki-dEmilia-768x512.jpg 768w, https:\/\/www.radiopiu.net\/wordpress\/wp-content\/uploads\/2020\/07\/Assessore-Yuki-dEmilia-1536x1024.jpg 1536w, https:\/\/www.radiopiu.net\/wordpress\/wp-content\/uploads\/2020\/07\/Assessore-Yuki-dEmilia-2048x1365.jpg 2048w\" sizes=\"auto, (max-width: 300px) 100vw, 300px\" \/><\/a>BELLUNO <\/strong>In vista della pubblicazione del nuovo bando per la gestione dell&#8217;ufficio IAT di Piazza Duomo e dell&#8217;Infopoint del Nevegal e per fare un bilancio di questo primo anno di gestione congiunta, cos\u00ec da capire quali migliorie possano essere introdotte, il Comune di Belluno ha organizzato per marted\u00ec 23 marzo alle ore 17.00 un confronto sulla piattaforma Zoom con gli operatori.<\/p>\n<p><strong>L&#8217;ASSESSORE AL TURISMO DEL COMUNE DI BELLUNO YUKI D&#8217;EMILIA<\/strong><\/p>\n<audio class=\"wp-audio-shortcode\" id=\"audio-197920-5\" preload=\"none\" style=\"width: 100%;\" controls=\"controls\"><source type=\"audio\/mpeg\" src=\"https:\/\/www.radiopiu.net\/wordpress\/wp-content\/uploads\/2021\/03\/dEmilia-Confronto-operatori-nuovo-bando-uffici-turistici.mp3?_=5\" \/><a href=\"https:\/\/www.radiopiu.net\/wordpress\/wp-content\/uploads\/2021\/03\/dEmilia-Confronto-operatori-nuovo-bando-uffici-turistici.mp3\">https:\/\/www.radiopiu.net\/wordpress\/wp-content\/uploads\/2021\/03\/dEmilia-Confronto-operatori-nuovo-bando-uffici-turistici.mp3<\/a><\/audio>\n<p>&nbsp;<\/p>\n<p>&nbsp;<\/p>\n<hr \/>\n<p>&nbsp;<\/p>\n<blockquote>\n<h3>CONTRIBUTI A FONDO PERDUTO PER LE PICCOLE E MICRO IMPRESE ARTIGIANALI E COMMERCIALI<\/h3>\n<p>&nbsp;<\/p><\/blockquote>\n<p><strong><img loading=\"lazy\" decoding=\"async\" class=\"alignleft\" src=\"https:\/\/www.radiopiu.net\/wordpress\/wp-content\/uploads\/2021\/02\/View_from_Cimitre_Livinallongo_del_Col_di_Lana.jpg\" width=\"217\" height=\"163\" \/>LIVINALLONGO<\/strong> E&#8217; stato pubblicato sul sito\u00a0 del Comune\u00a0 l&#8217;Avviso e il relativo modulo di domanda per la concessione di un contributo a fondo perduto a sostegno di piccole e micro imprese. Beneficiari dell&#8217;agevolazione sono le piccole e microimprese artigianali e commerciali, con sede operativa nel territorio del Comune di Livinallongo del Col di Lana e le risorse finanziare riconosciute per l&#8217;anno 2020 al Comune di Livinallongo del Col di Lana ammontano a euro 28.349,00. La domanda di contributo va presentata entro il 19 aprile 2021 esclusivamente a mezzo PEC.<\/p>\n<p><strong>IL SINDACO DI LIVINALLONGO LEANDRO GRONES<\/strong><\/p>\n<audio class=\"wp-audio-shortcode\" id=\"audio-197920-6\" preload=\"none\" style=\"width: 100%;\" controls=\"controls\"><source type=\"audio\/mpeg\" src=\"https:\/\/www.radiopiu.net\/wordpress\/wp-content\/uploads\/2021\/03\/leandro-1.mp3?_=6\" \/><a href=\"https:\/\/www.radiopiu.net\/wordpress\/wp-content\/uploads\/2021\/03\/leandro-1.mp3\">https:\/\/www.radiopiu.net\/wordpress\/wp-content\/uploads\/2021\/03\/leandro-1.mp3<\/a><\/audio>\n<p>&nbsp;<\/p>\n<p>&nbsp;<\/p>\n<hr \/>\n<p>&nbsp;<\/p>\n<blockquote>\n<h2>IL MEGA PROGETTO MARMOLADA-UNESCO DA 5 MILIONI DI EURO<\/h2>\n<\/blockquote>\n<p><strong><a href=\"https:\/\/www.radiopiu.net\/wordpress\/al-via-i-lavori-nei-serrai-di-sottoguda\/inizio-lavori-serrai\/\" rel=\"attachment wp-att-96553\"><img loading=\"lazy\" decoding=\"async\" class=\"size-medium wp-image-96553 alignleft\" src=\"https:\/\/www.radiopiu.net\/wordpress\/wp-content\/uploads\/2019\/08\/INIZIO-LAVORI-SERRAI-300x148.jpeg\" alt=\"\" width=\"300\" height=\"148\" srcset=\"https:\/\/www.radiopiu.net\/wordpress\/wp-content\/uploads\/2019\/08\/INIZIO-LAVORI-SERRAI-300x148.jpeg 300w, https:\/\/www.radiopiu.net\/wordpress\/wp-content\/uploads\/2019\/08\/INIZIO-LAVORI-SERRAI-768x380.jpeg 768w, https:\/\/www.radiopiu.net\/wordpress\/wp-content\/uploads\/2019\/08\/INIZIO-LAVORI-SERRAI-1024x506.jpeg 1024w, https:\/\/www.radiopiu.net\/wordpress\/wp-content\/uploads\/2019\/08\/INIZIO-LAVORI-SERRAI.jpeg 1600w\" sizes=\"auto, (max-width: 300px) 100vw, 300px\" \/><\/a>ROCCA PIETORE<\/strong><\/p>\n<p><strong>GIANNI SANTOMASO<\/strong><\/p>\n<audio class=\"wp-audio-shortcode\" id=\"audio-197920-7\" preload=\"none\" style=\"width: 100%;\" controls=\"controls\"><source type=\"audio\/mpeg\" src=\"https:\/\/www.radiopiu.net\/wordpress\/wp-content\/uploads\/2021\/03\/GIANNI-SERRAI.mp3?_=7\" \/><a href=\"https:\/\/www.radiopiu.net\/wordpress\/wp-content\/uploads\/2021\/03\/GIANNI-SERRAI.mp3\">https:\/\/www.radiopiu.net\/wordpress\/wp-content\/uploads\/2021\/03\/GIANNI-SERRAI.mp3<\/a><\/audio>\n<p>&nbsp;<\/p>\n<p>&nbsp;<\/p>\n<p><a href=\"https:\/\/www.radiopiu.net\/wordpress\/al-lavoro-per-la-sicurezza-sul-territorio\/andrea-de-bernardin-10\/\" rel=\"attachment wp-att-195558\"><img loading=\"lazy\" decoding=\"async\" class=\"wp-image-195558 alignleft\" src=\"https:\/\/www.radiopiu.net\/wordpress\/wp-content\/uploads\/2021\/03\/ANDREA-DE-BERNARDIN-300x169.jpg\" alt=\"\" width=\"156\" height=\"88\" srcset=\"https:\/\/www.radiopiu.net\/wordpress\/wp-content\/uploads\/2021\/03\/ANDREA-DE-BERNARDIN-300x169.jpg 300w, https:\/\/www.radiopiu.net\/wordpress\/wp-content\/uploads\/2021\/03\/ANDREA-DE-BERNARDIN-768x432.jpg 768w, https:\/\/www.radiopiu.net\/wordpress\/wp-content\/uploads\/2021\/03\/ANDREA-DE-BERNARDIN.jpg 960w\" sizes=\"auto, (max-width: 156px) 100vw, 156px\" \/><\/a><strong>IL SINDACO ANDREA DE BERNARDIN A RADIO PIU<\/strong><\/p>\n<audio class=\"wp-audio-shortcode\" id=\"audio-197920-8\" preload=\"none\" style=\"width: 100%;\" controls=\"controls\"><source type=\"audio\/mpeg\" src=\"https:\/\/www.radiopiu.net\/wordpress\/wp-content\/uploads\/2021\/03\/andrea.mp3?_=8\" \/><a href=\"https:\/\/www.radiopiu.net\/wordpress\/wp-content\/uploads\/2021\/03\/andrea.mp3\">https:\/\/www.radiopiu.net\/wordpress\/wp-content\/uploads\/2021\/03\/andrea.mp3<\/a><\/audio>\n<p>&nbsp;<\/p>\n<p>&nbsp;<\/p>\n<blockquote>\n<h3>VENERDI&#8217; IL CONSIGLIO COMUNALE A ROCCA PIETORE<\/h3>\n<\/blockquote>\n<p><strong>di GIANNI SANTOMASO<\/strong><\/p>\n<audio class=\"wp-audio-shortcode\" id=\"audio-197920-9\" preload=\"none\" style=\"width: 100%;\" controls=\"controls\"><source type=\"audio\/mpeg\" src=\"https:\/\/www.radiopiu.net\/wordpress\/wp-content\/uploads\/2021\/03\/GIANNI-ROCCA.mp3?_=9\" \/><a href=\"https:\/\/www.radiopiu.net\/wordpress\/wp-content\/uploads\/2021\/03\/GIANNI-ROCCA.mp3\">https:\/\/www.radiopiu.net\/wordpress\/wp-content\/uploads\/2021\/03\/GIANNI-ROCCA.mp3<\/a><\/audio>\n<p><strong>ROCCA PIETORE<\/strong> Il Sindaco di Rocca Pietore Andrea De Bernardin ha convocato il consiglio comunale per venerd\u00ec alle 14 presso la sala &#8220;El Teaz&#8221;. Sono 17 i punti da discutere tra cui l&#8217;approvazione del DUP, il canone unico di concessione del suolo pubblico e di esposizione pubblicitaria e la gestione associata del servizio tributi e della riscossione coattiva delle entrate comunali. Saranno ben 10 le interrogazioni della minoranza su vari temi che comprendono tutto il comune di Rocca Pietore. Il consiglio comunale sar\u00e0 trasmesso sui canali facebook, telegram, youtube di Radio Pi\u00f9. Martedi sera dalle 20.30 integralmente sulle frequenze Fm<\/p>\n<p>&nbsp;<\/p>\n<p>&nbsp;<\/p>\n<p>&nbsp;<\/p>\n<hr \/>\n<p>&nbsp;<\/p>\n<blockquote class=\"wp-embedded-content\" data-secret=\"VIzOVaz63E\"><p><a href=\"https:\/\/www.radiopiu.net\/wordpress\/aggmar19\/\">CORONAVIRUS: AGGIORNAMENTO NAZIONALE 18 MARZO 2021<\/a><\/p><\/blockquote>\n<p><iframe loading=\"lazy\" class=\"wp-embedded-content\" sandbox=\"allow-scripts\" security=\"restricted\" style=\"position: absolute; clip: rect(1px, 1px, 1px, 1px);\" title=\"&#8220;CORONAVIRUS: AGGIORNAMENTO NAZIONALE 18 MARZO 2021&#8221; &#8212; Radio Pi\u00f9\" src=\"https:\/\/www.radiopiu.net\/wordpress\/aggmar19\/embed\/#?secret=VIzOVaz63E\" data-secret=\"VIzOVaz63E\" width=\"600\" height=\"338\" frameborder=\"0\" marginwidth=\"0\" marginheight=\"0\" scrolling=\"no\"><\/iframe><\/p>\n<p>&nbsp;<\/p>\n<p>&nbsp;<\/p>\n<blockquote class=\"wp-embedded-content\" data-secret=\"J3dCCPnsLl\"><p><a href=\"https:\/\/www.radiopiu.net\/wordpress\/aggazzero17ggg\/\">NELLA ULTIME 24 ORE 13 DECESSI, 6 PAZIENTI IN PIU&#8217; IN TERAPIA INTENSIVA (222)<\/a><\/p><\/blockquote>\n<p><iframe loading=\"lazy\" class=\"wp-embedded-content\" sandbox=\"allow-scripts\" security=\"restricted\" style=\"position: absolute; clip: rect(1px, 1px, 1px, 1px);\" title=\"&#8220;NELLA ULTIME 24 ORE 13 DECESSI, 6 PAZIENTI IN PIU&#8217; IN TERAPIA INTENSIVA (222)&#8221; &#8212; Radio Pi\u00f9\" src=\"https:\/\/www.radiopiu.net\/wordpress\/aggazzero17ggg\/embed\/#?secret=J3dCCPnsLl\" data-secret=\"J3dCCPnsLl\" width=\"600\" height=\"338\" frameborder=\"0\" marginwidth=\"0\" marginheight=\"0\" scrolling=\"no\"><\/iframe><\/p>\n<p>&nbsp;<\/p>\n<p>&nbsp;<\/p>\n<blockquote>\n<h2>I GRAFICI DI TIZIANO DE COL<\/h2>\n<\/blockquote>\n<p>&nbsp;<\/p>\n\n\t\t\t<style type='text\/css'>\n\t\t\t\t#gallery-2 {\n\t\t\t\t\tmargin: auto;\n\t\t\t\t}\n\t\t\t\t#gallery-2 .gallery-item {\n\t\t\t\t\tfloat: left;\n\t\t\t\t\tmargin-top: 10px;\n\t\t\t\t\ttext-align: center;\n\t\t\t\t\twidth: 20%;\n\t\t\t\t}\n\t\t\t\t#gallery-2 img {\n\t\t\t\t\tborder: 2px solid #cfcfcf;\n\t\t\t\t}\n\t\t\t\t#gallery-2 .gallery-caption {\n\t\t\t\t\tmargin-left: 0;\n\t\t\t\t}\n\t\t\t\t\/* see gallery_shortcode() in wp-includes\/media.php *\/\n\t\t\t<\/style>\n\t\t<div id='gallery-2' class='dt-gallery-container gallery galleryid-197920 gallery-columns-5 gallery-size-thumbnail'><dl class='gallery-item'>\n\t\t\t\t<dt class='gallery-icon landscape'>\n\t\t\t\t\t<a class=\"rollover rollover-zoom dt-pswp-item\" title=\"60af24c1-b583-4735-b2c2-6abd2d9a202c\" data-dt-img-description=\"\" data-large_image_width=\"599\" data-large_image_height=\"352\"href='https:\/\/www.radiopiu.net\/wordpress\/wp-content\/uploads\/2021\/03\/60af24c1-b583-4735-b2c2-6abd2d9a202c.jpg'><img loading=\"lazy\" decoding=\"async\" width=\"150\" height=\"150\" src=\"https:\/\/www.radiopiu.net\/wordpress\/wp-content\/uploads\/2021\/03\/60af24c1-b583-4735-b2c2-6abd2d9a202c-150x150.jpg\" class=\"attachment-thumbnail size-thumbnail\" alt=\"\" \/><\/a>\n\t\t\t\t<\/dt><\/dl><dl class='gallery-item'>\n\t\t\t\t<dt class='gallery-icon landscape'>\n\t\t\t\t\t<a class=\"rollover rollover-zoom dt-pswp-item\" title=\"b130c655-0977-43a3-8670-ec8cc5f973e6\" data-dt-img-description=\"\" data-large_image_width=\"606\" data-large_image_height=\"358\"href='https:\/\/www.radiopiu.net\/wordpress\/wp-content\/uploads\/2021\/03\/b130c655-0977-43a3-8670-ec8cc5f973e6.jpg'><img loading=\"lazy\" decoding=\"async\" width=\"150\" height=\"150\" src=\"https:\/\/www.radiopiu.net\/wordpress\/wp-content\/uploads\/2021\/03\/b130c655-0977-43a3-8670-ec8cc5f973e6-150x150.jpg\" class=\"attachment-thumbnail size-thumbnail\" alt=\"\" \/><\/a>\n\t\t\t\t<\/dt><\/dl><dl class='gallery-item'>\n\t\t\t\t<dt class='gallery-icon landscape'>\n\t\t\t\t\t<a class=\"rollover rollover-zoom dt-pswp-item\" title=\"02dd6b82-ebd1-46da-a45a-e082f3f48cdb\" data-dt-img-description=\"\" data-large_image_width=\"600\" data-large_image_height=\"354\"href='https:\/\/www.radiopiu.net\/wordpress\/wp-content\/uploads\/2021\/03\/02dd6b82-ebd1-46da-a45a-e082f3f48cdb.jpg'><img loading=\"lazy\" decoding=\"async\" width=\"150\" height=\"150\" src=\"https:\/\/www.radiopiu.net\/wordpress\/wp-content\/uploads\/2021\/03\/02dd6b82-ebd1-46da-a45a-e082f3f48cdb-150x150.jpg\" class=\"attachment-thumbnail size-thumbnail\" alt=\"\" \/><\/a>\n\t\t\t\t<\/dt><\/dl><dl class='gallery-item'>\n\t\t\t\t<dt class='gallery-icon landscape'>\n\t\t\t\t\t<a class=\"rollover rollover-zoom dt-pswp-item\" title=\"a9aaa278-4fad-4519-99be-39bc7dd32362\" data-dt-img-description=\"\" data-large_image_width=\"604\" data-large_image_height=\"360\"href='https:\/\/www.radiopiu.net\/wordpress\/wp-content\/uploads\/2021\/03\/a9aaa278-4fad-4519-99be-39bc7dd32362.jpg'><img loading=\"lazy\" decoding=\"async\" width=\"150\" height=\"150\" src=\"https:\/\/www.radiopiu.net\/wordpress\/wp-content\/uploads\/2021\/03\/a9aaa278-4fad-4519-99be-39bc7dd32362-150x150.jpg\" class=\"attachment-thumbnail size-thumbnail\" alt=\"\" \/><\/a>\n\t\t\t\t<\/dt><\/dl><dl class='gallery-item'>\n\t\t\t\t<dt class='gallery-icon landscape'>\n\t\t\t\t\t<a class=\"rollover rollover-zoom dt-pswp-item\" title=\"2dab82cb-1c66-4c61-b42e-3a6b068e0077\" data-dt-img-description=\"\" data-large_image_width=\"610\" data-large_image_height=\"354\"href='https:\/\/www.radiopiu.net\/wordpress\/wp-content\/uploads\/2021\/03\/2dab82cb-1c66-4c61-b42e-3a6b068e0077.jpg'><img loading=\"lazy\" decoding=\"async\" width=\"150\" height=\"150\" src=\"https:\/\/www.radiopiu.net\/wordpress\/wp-content\/uploads\/2021\/03\/2dab82cb-1c66-4c61-b42e-3a6b068e0077-150x150.jpg\" class=\"attachment-thumbnail size-thumbnail\" alt=\"\" \/><\/a>\n\t\t\t\t<\/dt><\/dl><br style=\"clear: both\" \/>\n\t\t\t<\/div>\n\n<p>&nbsp;<\/p>\n<p>&nbsp;<\/p>\n<p>&nbsp;<\/p>\n<hr \/>\n<blockquote>\n<h3>&#8220;VEDO LA LUCE DOPO UN CATASTROFICO DICEMBRE&#8221;, LA DOTTORESSA EVELINA TACCONELLI ALLA CONFERENZA STAMPA DI MARGHERA<\/h3>\n<\/blockquote>\n<h2>LEGGI LA CONFERENZA STAMPA<\/h2>\n<p>Il nostro Rt \u00e8 a 1,25, un timido calo ma si confermano i dati. Le terapie intensive sono al 19% di riempimento e l&#8217;area non critica del 21% contro lo sbarramento del 40%. Non sappiamo quale sia il livello di circolamento del virus. Con la dottoressa Tacconelli abbiamo capito che abbiamo una marcia in pi\u00f9. <strong>MEDICI DI BASE\u00a0<\/strong> Da domani iniziano a vaccinare<strong>. SECONDE CASE<\/strong> Non sono d&#8217;accordo con quei colleghi che\u00a0 pensano che i turisti siano un problema, in ogni caso stiamo valutando, non una ma 20 mila volte perch\u00e9 \u00e8 sacro chi ha scelto il Veneto per farsi la casa, perch\u00e9 ama il Veneto. Siamo la regione pi\u00f9 turistica d&#8217;Italia. Non abbiamo deciso nulla. <strong>QUANDO MI VACCINERO?<\/strong> Quando toccher\u00e0 a me.<strong>\u00a0RISTORI<\/strong> Ieri incontro con il Ministro Daniele Franco, si \u00e8 parlato di un decreto di 32 miliardi di euro pi\u00f9 un asse sul lavoro con aiuto ai lavoratori, una parte dedicata al turismo invernale da negoziare con le Regioni, che siano riconosciute le attivit\u00e0 meno visibili come i maestri di sci. Poi sulla salute si \u00e8 parlato di 1 miliardo di euro per gli enti locali e un altro per le Regioni per far fronte alle spese sostenute prima del 20 aprile. Si \u00e8 parlato di sostegni alle diverse attivit\u00e0. Nel complesso l&#8217;intervento vale piu&#8217; di tutti quelli fatti fino ad oggi. Aiuti alle imprese sulla differenza del fatturato dello scorso anno. Tutte cose dette a voce \u00e8 fondamentale che prendano corpo. Il Ministro ha garantito che dal decreto al bonifico passeranno 7-10 giorni per concludersi in due mesi, i codici Ateco non ci sono pi\u00f9. Si parla di 3 milioni di imprese.<\/p>\n<blockquote>\n<h3><strong>LA DOTTORESSA EVELINA TACCONELLI ULS 9 VERONA, rientrata dalla Germania per poter lavorare in Italia.<em> &#8220;E&#8217; tutto temporaneo, poi tutto torner\u00e0 nella norma&#8221;<\/em><\/strong><\/h3>\n<\/blockquote>\n<p><strong><span style=\"color: #0000ff;\">PRIMI PAZIENTI\u00a0 CURATI CON GLI ANTICORPI MONO CLONALI:<\/span><\/strong> <em>sono stati due uomini di Verona di 55 e 65 anni, sintomatici per il covid, entrambi positivi, prima infusione di un&#8217;ora senza effetti collaterali, nemmeno i minori. Nessun altro effetto e dopo 2 ore sono tornati a casa. Ricontattati stanno bene &#8211; sono passate 48 ore &#8211;\u00a0 e non hanno avuto effetti collaterali. I farmaci sono arrivati martedi alle 12.30 e alle 13.30 \u00e8 stato somministrato al primo paziente.\u00a0<\/em><\/p>\n<p><strong>MONOCLONALI<\/strong> Si parla di anticorpi monoclonali. L&#8217;Italia e la Germania sono gli unici che hanno iniziato ad usare questo trattamento. Con questi anticorpi possiamo trattare i pazienti che hanno acquisito il covid e si da al paziente un&#8217;enorme possibilit\u00e0 di non finire in ospedale, purch\u00e9 si riesca \u00a0a farli nei primi 4 giorni. A Verona ci siamo organizzati subito per trattare i pazienti con i monoclonali. Il paziente chiama il medico di medicina generale e si chiude la cartella in quattro settimane comunicando il risultato ad Aifa. Speriamo di fare altrettanto in tutta la Regione. Guardiamo fuori dall&#8217;Italia ma l&#8217;Italia \u00e8 uno dei sistemi migliori, in America le possibilit\u00e0 che diamo noi sono impossibili. Che il farmaco venga somministrato a tutti al di l\u00e0 del reddito economico. Le prime consegne ci permetteranno di trattare tutti i pazienti che he hanno bisogno. Saremo la prima Regione in Italia a fare questa attivit\u00e0 grazie ad un importante lavoro preparatorio nelle precedenti 3 settimane. Tra questa consegna e la prossima saremo in grado di coprire tutte le necessit\u00e0 della Regione circa 150 somministrazioni a settimana divisi per le Ulss del Veneto per dare le stesse possibilit\u00e0 a tutti. Ora dobbiamo fare partire la macchina. Per il momento ce la facciamo e vogliamo anche fare ricerca . Su 100 pazienti sintomatici i ricoveri sono il 5 -7%. Nei pazienti con pi\u00f9 di 80 anni la percentuale sale al 25%. <strong>VACCINI<\/strong> E&#8217; un tema che mi sta particolarmente a cuore perch\u00e8 il controllo del covid passa attraverso pi\u00f9 tessere come un mosaico e tutte devono essere perfette. La vaccinazione sta andando velocemente, forse la prima indicazione doveva essere donne con pi\u00f9 di 75\u00a0 e uomini oltre i 65 che sono quelli pi\u00f9 a rischio di finire in ospedale. I soggetti nelle Rsa sono stati vaccinati rapidamente, ci sono meno soggetti a rischio che vanno verso la malattia ed \u00e8 un grande aiuto per gli ospedali. Se ognuno di noi fa la sua parte e i cittadini rispettano le regole potremo con l&#8217;estate chiudere quasi completamente il covid. Il prossimo anno ci sar\u00e0 qualche post covid, ma 4 casi in un reparto di malattie infettive non sono un problema. Se guardiamo chi sta meglio di noi, guariamo alla Cina che non ha pi\u00f9 casi per una regolamentazione del distanziamento sociale a livelli molto pi\u00f9 alti dei paesi europei, poi ci sono gli anticorpi monoclonali, le terapia esperimentali, le vaccinazione&#8230; significa riaprire le attivit\u00e0 e le scuole. Questo \u00e8 il mio messaggio d&#8217;ottimismo. <strong>PER ORA POCHE DOSE DI VACCINO<\/strong>\u00a0In Veneto 200 dosi sulle 4.000 consegnate all&#8217;Italia.Una prima consegna di un solo tipo, Aifa ci ha avvertito che a fine mese avremo una consegna importante da 30mila fiale del secondo monoclonale. Per ora \u00e8 un problema di contrattazione tra Aifa e le case Farmaceutiche, che io sappia sono accordi tra di loro senza coinvolgimento delle Regioni. <strong>CONTRO INDICAZIONI\u00a0<\/strong> Unica contro indicazione l&#8217;allergia, o se ha valori di saccarosio e alcuni amino acidi, abbiamo una lista di 6-7 eccipienti, controlliamo prima di fare il farmaco. <strong>RICERCA SPERIMENTALE<\/strong> richiesta da Aifa non ha ancora selezionato il capofila per l&#8217;Italia ma \u00e8 questione di pochi giorni. In ogni caso che siamo noi o altri, faremo parte del gruppo di ricercatori che utilizza i farmaci monoclonali, il Veneto ha i centri di ricerca pi\u00f9 importanti per l&#8217;Italia per il covid. Stiamo analizzando gli effetti collaterali, qualit\u00e0 della vita, produzione di anticorpi nell&#8217;ambito di un progetto finanziato con 21 milioni dalla comunit\u00e0 europea &#8220;Orchestra&#8221; (pi\u00f9 altri 8 milioni) e stiamo cercando di migliorare le terapie per il covid.<strong> NUMERI PER VERONA\u00a0<\/strong> 15 somministrazione in prima giornata, siamo attrezzati per arrivare fino a 20 al giorno sette giorni su sette.<strong> ANTI DOLORIFICI<\/strong> E&#8217; vero che \u00e8 stato consigliato, la mia opinione? Non mi stupisce possa essere utile, per alcuni dei vaccini consigliati nel 20% dei casi cefalea, dolori muscolari&#8230; \u00e8 chiaro che l&#8217;antipiretico aiuta. Non mi stupisce ci possa essere il beneficio per il pazienti. Se lo consiglierei? La risposta \u00e8 no. Ovviamente suggerirei al paziente che prenderlo per diminuire il dolore ma non come preventivo. <strong>CHI HA DIRITTO AL MONOCLONALE<\/strong>\u00a0 La prima selezione la faranno i medici di base e\u00a0 delle UscaI pazienti che ne hanno diritto: pi\u00f9 di 12 anni con almeno un sintomo, anche la semplice stanchezza, che hanno patologie importanti. Non la persona sana.\u00a0 <strong>QUANTE POSTAZIONI?<\/strong> Ci siamo organizzati su due sale di somministrazione, 8 poltrone, in 9 ore facciamo 20 somministrazioni. <span style=\"color: #0000ff;\"><strong>OTTIMISMO<\/strong> <\/span>Impariamo da quanto \u00e8 successo perch\u00e9 abbiamo costruito molto: nelle Rsa, nella microbiologia, malattie infettive. Abbiamo creato strutture, migliorato il lavoro con i medici di medicina generale. E&#8217; un lavoro che non deve andare perso, una base per migliorare la nostra sanit\u00e0 e i nostri anziani. Purtroppo non potremo tornare indietro con i decessi, ma che serva per dire abbiamo imparato tanto e non saremo pi\u00f9 in situazioni del genere, faremo i piani epidemici. <strong>QUALE IL VACCINO MIGLIORE\u00a0<\/strong>L&#8217;approccio puo&#8217; essere solo uno, o si crede nelle procedure effettuate fino ad oggi in Europa e questo vale per qualsiasi farmaco cefalea compresa guarita con la molecola nuova che magari ha contro indicazioni, o si crede e io ci credo ciecamente perch\u00e9 \u00e8 il mio lavoro e conosco la seriet\u00e0 dei miei colleghi, non avrei problemi domani il vaccinoa A B o C se non si crede allora smetto anche di lavorare.<\/p>\n<p>&nbsp;<\/p>\n<p>https:\/\/www.facebook.com\/zaiaufficiale\/videos\/185973196408765<\/p>\n<p>&nbsp;<\/p>\n<hr \/>\n<p>&nbsp;<\/p>\n<blockquote>\n<h3>SEGRETARI COMUNALI, PICCOLI COMUNI A RISCHIO PARALISI<\/h3>\n<\/blockquote>\n<p><strong>dalla RASSEGNA STAMPA E NOTIZIARI DI RADIO PIU\u00a0<\/strong><\/p>\n<audio class=\"wp-audio-shortcode\" id=\"audio-197920-10\" preload=\"none\" style=\"width: 100%;\" controls=\"controls\"><source type=\"audio\/mpeg\" src=\"https:\/\/www.radiopiu.net\/wordpress\/wp-content\/uploads\/2021\/03\/roger.mp3?_=10\" \/><a href=\"https:\/\/www.radiopiu.net\/wordpress\/wp-content\/uploads\/2021\/03\/roger.mp3\">https:\/\/www.radiopiu.net\/wordpress\/wp-content\/uploads\/2021\/03\/roger.mp3<\/a><\/audio>\n<p>&nbsp;<\/p>\n<p><strong><a href=\"https:\/\/www.radiopiu.net\/wordpress\/speciale-feltre-fondi-di-confine-e-biblioteche-dal-gr-pomeriggio-di-radio-piu\/roger_de_menech_daticamera\/\" rel=\"attachment wp-att-49599\"><img loading=\"lazy\" decoding=\"async\" class=\"size-full wp-image-49599 alignleft\" src=\"https:\/\/www.radiopiu.net\/wordpress\/wp-content\/uploads\/2018\/05\/Roger_De_Menech_daticamera.jpg\" alt=\"\" width=\"165\" height=\"228\" \/><\/a>ROMA<\/strong> La carenza di segretari nei Comuni \u00e8 ormai arrivata a un livello di allarme e rischia di paralizzare lo svolgimento dell&#8217;ordinaria attivit\u00e0 amministrativa e il buon andamento degli uffici pubblici in numerosissimi comuni, assumendo i caratteri di una problematica di portata nazionale, in quanto vi sono regioni in cui pi\u00f9 del 50 per cento dei comuni risulta sprovvisto di tale figura. Per il reclutamento <em>\u00abil corso &#8211; concorso non \u00e8 pi\u00f9 sufficiente, \u00e8 urgente soprattutto per i piccoli comuni poter attingere da personale qualificato gi\u00e0 in forza alla pubblica amministrazione\u00bb.<\/em> Il deputato veneto del Partito democratico, Roger De Menech ha presentato nei giorni scorsi un\u2019interrogazione urgente al Ministro dell\u2019Interno per sollecitare \u2018un\u2019iniziativa normativa che miri a superare e correggere le criticit\u00e0 del corso-concorso, attraverso una semplificazione e velocizzazione delle procedure selettive e ad adottare iniziative per individuare figure che possano garantire la reggenza delle sedi vacanti sopperendo al perdurare della mancanza di segretari comunali, da reperire tra personale interno alla pubblica amministrazione locale, ivi compresi coloro che abbiano svolto le funzioni di vice segretario comunale presso enti locali. <em>\u00abServe un intervento tempestivo\u00bb, conclude il deputato, \u00abper consentire a personale selezionato della PA di svolgere le funzioni di segretario comunale ed evitare la paralisi di centinaia di piccoli comuni\u00bb.<\/em><\/p>\n<p>&nbsp;<\/p>\n<hr \/>\n<p>&nbsp;<\/p>\n<blockquote>\n<h3>IERI SERA CONSIGLIO COMUNALE, TRA GLI INTERVENTI CLAUDIO PAGANIN (AZIENDA MUNICIPALIZZATA) E MARIA CHIARA SANTIN (ASCA)<\/h3>\n<\/blockquote>\n<p><iframe loading=\"lazy\" title=\"CONSIGLIO COMUNALE DI TAIBON AGORDINO, DIRETTA\" width=\"1200\" height=\"675\" src=\"https:\/\/www.youtube.com\/embed\/ZhpiNCEqZGI?feature=oembed\" frameborder=\"0\" allow=\"accelerometer; autoplay; clipboard-write; encrypted-media; gyroscope; picture-in-picture\" allowfullscreen><\/iframe><\/p>\n<p>&nbsp;<\/p>\n<p>&nbsp;<\/p>\n<p>&nbsp;<\/p>\n<p>&nbsp;<\/p>\n<hr \/>\n<p>&nbsp;<\/p>\n<blockquote>\n<h2>DA LUNEDI RIPROGRAMMAZIONE DEL TRASPORTO PUBBLICO LOCALE, NON CAMBIERANNO LE CORSE DA E PER LUXOTTICA<\/h2>\n<\/blockquote>\n<p><strong><a href=\"https:\/\/www.radiopiu.net\/wordpress\/cade-con-la-mountain-bike-e-si-ferisce-al-collo\/f662441c-c6a1-40df-8978-3ff5202173f9\/\" rel=\"attachment wp-att-145519\"><img loading=\"lazy\" decoding=\"async\" class=\"size-medium wp-image-145519 alignleft\" src=\"https:\/\/www.radiopiu.net\/wordpress\/wp-content\/uploads\/2020\/06\/f662441c-c6a1-40df-8978-3ff5202173f9-300x225.jpg\" alt=\"\" width=\"300\" height=\"225\" srcset=\"https:\/\/www.radiopiu.net\/wordpress\/wp-content\/uploads\/2020\/06\/f662441c-c6a1-40df-8978-3ff5202173f9-300x225.jpg 300w, https:\/\/www.radiopiu.net\/wordpress\/wp-content\/uploads\/2020\/06\/f662441c-c6a1-40df-8978-3ff5202173f9-1024x768.jpg 1024w, https:\/\/www.radiopiu.net\/wordpress\/wp-content\/uploads\/2020\/06\/f662441c-c6a1-40df-8978-3ff5202173f9-768x576.jpg 768w, https:\/\/www.radiopiu.net\/wordpress\/wp-content\/uploads\/2020\/06\/f662441c-c6a1-40df-8978-3ff5202173f9.jpg 1280w\" sizes=\"auto, (max-width: 300px) 100vw, 300px\" \/><\/a>BELLUNO<\/strong>\u00a0 Zona rossa impone: da luned\u00ec il servizio di trasporto pubblico locale vedr\u00e0 una riorganizzazione degli orari e delle corse. Entrer\u00e0 in vigore in maniera temporanea il servizio ridotto al programma dei giorni di vacanza scolastica, integrato con le corse necessarie a garantire i collegamenti con le scuole che erogano la didattica laboratoriale. La drastica riduzione dei passeggeri trasportati ha convinto l&#8217;azienda a rimodulare, in tempi brevi, la programmazione del trasporto pubblico per assicurare i servizi minimi di linea e soddisfare l&#8217;effettiva domanda di trasporto. Gli orari modificati (sia per l\u2019urbano sia per l\u2019extraurbano) sono in preparazione e, a breve, saranno disponibili nel sito Dolomitibus nella sezione orari. <em>\u00abLa riorganizzazione di corse e orari, assolutamente temporanea e legata alla \u201czona rossa\u201d, ci consente di raggiungere un ottimale equilibrio tra garanzia del servizio e salvaguardia delle risorse&#8221;<\/em> commenta il consigliere provinciale delegato alla mobilit\u00e0, Dario Scopel. Dolomitibus \u00e8 disponibile a eventuali ritocchi del servizio, qualora dovessero rendersi necessari. Contiamo tutti di uscire presto dalla \u201czona rossa\u201d, per tornare il prima possibile alla normalit\u00e0 e alle lezioni in presenza dei nostri ragazzi\u00bb.<\/p>\n<p>&nbsp;<\/p>\n<p>&nbsp;<\/p>\n<hr \/>\n<blockquote>\n<h2><\/h2>\n<h2>LA PROVOCAZIONE DI GAGGION &#8220;CHIUDERE I SUPERMERCATI, APRIRE I PICCOLI NEGOZI&#8221;<\/h2>\n<\/blockquote>\n<p><strong><a href=\"https:\/\/www.radiopiu.net\/wordpress\/la-provocazione-di-gaggion-chiudere-i-supermercati-aprire-i-piccoli-negozi\/th-70\/\" rel=\"attachment wp-att-198041\"><img loading=\"lazy\" decoding=\"async\" class=\"size-medium wp-image-198041 alignleft\" src=\"https:\/\/www.radiopiu.net\/wordpress\/wp-content\/uploads\/2021\/03\/th-13-300x169.jpg\" alt=\"\" width=\"300\" height=\"169\" srcset=\"https:\/\/www.radiopiu.net\/wordpress\/wp-content\/uploads\/2021\/03\/th-13-300x169.jpg 300w, https:\/\/www.radiopiu.net\/wordpress\/wp-content\/uploads\/2021\/03\/th-13.jpg 322w\" sizes=\"auto, (max-width: 300px) 100vw, 300px\" \/><\/a>BELLUNO<\/strong> La Pasqua in \u201czona rossa\u201d penalizza le attivit\u00e0 artigianali. Soprattutto quelle che in concomitanza con le festivit\u00e0 solitamente vedono aumentare il giro d\u2019affari. Quest\u2019anno &#8211; come nel 2020 &#8211; a risentirne saranno soprattutto le pasticcerie. E Confartigianato Belluno lancia l\u2019allarme. <em>\u00abAbbiamo subito perdite notevoli nell\u2019ultimo anno. Da Pasqua a Natale 2020 abbiamo dovuto chiudere nei periodi pi\u00f9 produttivi. E adesso siamo di nuovo con le attivit\u00e0 ferme, o quasi &#8211; afferma Cristiano Gaggion, presidente dei dolciari di Confartigianato Belluno -. In un anno non \u00e8 cambiato praticamente nulla. Siamo andati avanti a tentativi, abbiamo lasciato aperto alcuni settori a scapito di altri. E non ha funzionato. Allora proviamo a chiudere la grande distribuzione e tenere aperti i piccoli negozi. Poi vediamo come va\u00bb. <\/em>Si tratta di una provocazione, ma che ha una sua logica. <em>\u00abI negozi e le attivit\u00e0 artigianali devono lavorare soltanto con l\u2019asporto, mentre i maxistore possono tenere regolarmente aperto. Significa che la gente non pu\u00f2 comprare l\u2019uovo di Pasqua in pasticceria, perch\u00e9 la zona rossa impedisce gli spostamenti. Ma lo trova al supermercato e compra quello industriale &#8211; continua Gaggion -. Non si tratta solo di concorrenza sleale: c\u2019\u00e8 anche il rischio di innescare nuove abitudini nei consumatori, a scapito delle piccole attivit\u00e0 e degli artigiani\u00bb. <\/em>Attivit\u00e0 che hanno subito perdite notevoli nell\u2019ultimo anno, per il settore dolciario tra il -50 e il -80%. Anche di pi\u00f9 in alcune zone. L\u2019asporto non \u00e8 sufficiente a riequilibrare le chiusure. In questo periodo, prima che scattasse la nuova \u201czona rossa\u201d, quasi tutti avevano fatto il rifornimento di cioccolato per le uova di Pasqua. <em>&#8220;Credo che molti dovranno buttare gran parte della materia prima&#8221; <\/em>conclude il presidente Gaggion<\/p>\n<p>&nbsp;<\/p>\n<p>&nbsp;<\/p>\n<hr \/>\n<blockquote>\n<h3><\/h3>\n<h3>DANNI ALLA STRADA DI MARASCHIATA<\/h3>\n<\/blockquote>\n<p><strong><a href=\"https:\/\/www.radiopiu.net\/wordpress\/giornale-radiopiu-20-marzo-2021-direttore-mirko-mezzacasa\/maraschiata_2\/\" rel=\"attachment wp-att-197964\"><img loading=\"lazy\" decoding=\"async\" class=\"size-medium wp-image-197964 alignleft\" src=\"https:\/\/www.radiopiu.net\/wordpress\/wp-content\/uploads\/2021\/03\/Maraschiata_2-300x201.jpg\" alt=\"\" width=\"300\" height=\"201\" srcset=\"https:\/\/www.radiopiu.net\/wordpress\/wp-content\/uploads\/2021\/03\/Maraschiata_2-300x201.jpg 300w, https:\/\/www.radiopiu.net\/wordpress\/wp-content\/uploads\/2021\/03\/Maraschiata_2-1024x684.jpg 1024w, https:\/\/www.radiopiu.net\/wordpress\/wp-content\/uploads\/2021\/03\/Maraschiata_2-768x513.jpg 768w, https:\/\/www.radiopiu.net\/wordpress\/wp-content\/uploads\/2021\/03\/Maraschiata_2-1536x1027.jpg 1536w, https:\/\/www.radiopiu.net\/wordpress\/wp-content\/uploads\/2021\/03\/Maraschiata_2.jpg 1876w\" sizes=\"auto, (max-width: 300px) 100vw, 300px\" \/><\/a>PONTE NELLE ALPI<\/strong> La strada di Maraschiata \u00e8 pesantemente danneggiata. Lo \u00e8 tal punto che, per dare il via ai lavori, non si pu\u00f2 prescindere da un corposo investimento. Quanto corposo? Siamo nell\u2019ordine dei 100mila euro. In questo senso, l\u2019Unione Montana Bellunese si \u00e8 subito attivata con lo scopo di reperire le risorse adeguate. E riportare la strada di montagna all\u2019antico splendore. Lo ha fatto attraverso una pubblica cordata, destinata a coinvolgere il Bim Gsp (che ha un interesse diretto per la presenza di una vasca nella zona) e il Comune di Ponte nelle Alpi. Anche se i veri problemi hanno preso forma dopo Vaia, visto che diverse piante sono state abbattute dalla furia della tempesta. E andavano rimosse da terra. Cos\u00ec, su incarico dell\u2019Unione Montana, l\u2019operazione \u00e8 stata affidata a un\u2019apposita ditta. La stessa, per\u00f2, ha colto l\u2019occasione per allargare l\u2019attivit\u00e0 nella zona, intervenendo pure su altri terreni privati, in seguito all\u2019esplicita richiesta dei proprietari. A quel punto, il raggio d\u2019intervento si \u00e8 ampliato in maniera notevole, al pari del numero di piante da recuperare e trasportare a valle. <span style=\"color: #000000; font-family: Helvetica;\">Di conseguenza, si sono moltiplicati pure i passaggi dei mezzi pesanti sulla strada in questione. Che ora presenta crepe e buche, se non addirittura voragini.\u00a0 <\/span><span style=\"color: #000000; font-family: Helvetica;\">In definitiva, \u00e8 necessario un intervento complessivo e diversificato con la sistemazione del cassonetto stradale, la cura degli attraversamenti legati alle condotte delle acque meteoriche, il livellamento di diversi tratti e la finitura generale con la posa dell\u2019asfalto.\u00a0 <\/span><span style=\"color: #000000; font-family: Helvetica;\">Un\u2019operazione di rilievo, quindi, ma doverosa per garantire il ripristino dell\u2019ordinaria viabilit\u00e0 a residenti, proprietari di case e terreni e turisti.\u00a0<\/span><\/p>\n<p>&nbsp;<\/p>\n<p>&nbsp;<\/p>\n<hr \/>\n<p>&nbsp;<\/p>\n<blockquote>\n<h3>NUOVA SCUOLA MEDIA DI ALPAGO, A FINE MESE IL VIA AL CANTIERE<\/h3>\n<\/blockquote>\n<p><strong><a href=\"https:\/\/www.radiopiu.net\/wordpress\/giornale-radiopiu-20-marzo-2021-direttore-mirko-mezzacasa\/scuola-alpago-esterno-1\/\" rel=\"attachment wp-att-197969\"><img loading=\"lazy\" decoding=\"async\" class=\"size-medium wp-image-197969 alignleft\" src=\"https:\/\/www.radiopiu.net\/wordpress\/wp-content\/uploads\/2021\/03\/Scuola-Alpago-esterno-1-300x228.jpg\" alt=\"\" width=\"300\" height=\"228\" srcset=\"https:\/\/www.radiopiu.net\/wordpress\/wp-content\/uploads\/2021\/03\/Scuola-Alpago-esterno-1-300x228.jpg 300w, https:\/\/www.radiopiu.net\/wordpress\/wp-content\/uploads\/2021\/03\/Scuola-Alpago-esterno-1-1024x778.jpg 1024w, https:\/\/www.radiopiu.net\/wordpress\/wp-content\/uploads\/2021\/03\/Scuola-Alpago-esterno-1-768x584.jpg 768w, https:\/\/www.radiopiu.net\/wordpress\/wp-content\/uploads\/2021\/03\/Scuola-Alpago-esterno-1-1536x1167.jpg 1536w, https:\/\/www.radiopiu.net\/wordpress\/wp-content\/uploads\/2021\/03\/Scuola-Alpago-esterno-1-2048x1556.jpg 2048w\" sizes=\"auto, (max-width: 300px) 100vw, 300px\" \/><\/a>ALPAGO <\/strong>Prender\u00e0 il via a giorni, a Puos, il cantiere per la nuova scuola media a servizio del Comune di Alpago. Si tratta di un intervento estremam ente importante ed atteso, a cui l&#8217;Amministrazione \u00e8 arrivata a seguito di un concorso di idee e di un tavolo di lavoro permanente a cui hanno preso parte sia gli assessori Vanessa De Francesch e Federico Costa che l&#8217;ingegner Luca Facchin e l&#8217;architetto Alessandro Lazzari, referenti dell&#8217;ufficio lavori. Decisamente rilevante l&#8217;impegno finanziario dell&#8217;opera, che prevede un costo complessivo di 4,1 milioni di euro (3,1 per i lavori e circa 1 milione per imposte ed altri oneri accessori). La gara per l&#8217;esecuzione della nuova scuola ha visto l&#8217;assegnazione del cantiere alla ditta Costruzioni Dalla Libera di Castelcucco (TV). La copertura economica dell&#8217;intervento sar\u00e0 garantita da un finanziamento di 1,8 milioni erogato dal Ministero dell&#8217;Istruzione, dell&#8217;Universit\u00e0 e della Ricerca per la messa in sicurezza e l\u2019adeguamento sismico dell\u2019edilizia scolastica (a cui si aggiunge un altro contributo statale minore), mentre altri 700 mila euro derivano da fondi di bilancio propri del Comune di Alpago. La cifra rimanente, circa 1,6 milioni di euro, sar\u00e0 coperta con l&#8217;accensione di un muto, anche se l&#8217;Amministrazione \u00e8 impegnata a trovare ulteriori contributi che consentano di ridurne l&#8217;importo. La durata dei lavori \u00e8 prevista in poco meno di due anni. Il cantiere partir\u00e0 con l&#8217;esecuzione delle opere che riguardano la realizzazione del parcheggio a servizio dell&#8217;intero plesso scolastico, a cui seguiranno quelle per la costruzione dell&#8217;edificio.<\/p>\n<p>&nbsp;<\/p>\n<p>&nbsp;<\/p>\n<hr \/>\n<p>&nbsp;<\/p>\n<blockquote>\n<h3>SI \u00c8 CONCLUSO CON SUCCESSO IL PROGETTO DI SOLIDARIET\u00c0 &#8220;LOVE YOUR ENVIRONMENT, TAKE CARE OF IT!&#8221; PROMOSSO DAL GRUPPO INFORMALE SUSTAINABLE VIBES<\/h3>\n<\/blockquote>\n<p><strong><a href=\"https:\/\/www.radiopiu.net\/wordpress\/giornale-radiopiu-20-marzo-2021-direttore-mirko-mezzacasa\/foto-di-gruppo-9\/\" rel=\"attachment wp-att-197960\"><img loading=\"lazy\" decoding=\"async\" class=\"size-medium wp-image-197960 alignleft\" src=\"https:\/\/www.radiopiu.net\/wordpress\/wp-content\/uploads\/2021\/03\/Foto-di-gruppo-300x207.jpg\" alt=\"\" width=\"300\" height=\"207\" srcset=\"https:\/\/www.radiopiu.net\/wordpress\/wp-content\/uploads\/2021\/03\/Foto-di-gruppo-300x207.jpg 300w, https:\/\/www.radiopiu.net\/wordpress\/wp-content\/uploads\/2021\/03\/Foto-di-gruppo-1024x706.jpg 1024w, https:\/\/www.radiopiu.net\/wordpress\/wp-content\/uploads\/2021\/03\/Foto-di-gruppo-768x529.jpg 768w, https:\/\/www.radiopiu.net\/wordpress\/wp-content\/uploads\/2021\/03\/Foto-di-gruppo.jpg 1280w\" sizes=\"auto, (max-width: 300px) 100vw, 300px\" \/><\/a>FELTRE\u00a0 <\/strong>Nonostante la pandemia e le continue restrizioni si \u00e8 concluso con successo il progetto &#8220;Love your environment, take care of it!&#8221;, promosso dai giovani del gruppo informale \u201cSustainable Vibes\u201d e finanziato da Agenzia Nazionale per i Giovani nell\u2019ambito del programma European Solidarity Corps. Obiettivo del progetto? Sensibilizzare le giovani generazioni sui temi dello sviluppo sostenibile, della presa in carico e della gestione partecipata delle aree verdi, intese come beni comuni, tramite l\u2019implementazione di un percorso di volontariato attivo. La prossima sfida del gruppo informale \u00e8 alle porte: ad attenderli un nuovo progetto di scambio giovanile gi\u00e0 finanziato da Agenzia Nazionale per i Giovani nell\u2019ambito del programma Erasmus+, che si terr\u00e0 a Feltre a pandemia conclusa e che vedr\u00e0 la partecipazione di una ventina di giovani provenienti da tutta Europa che saranno chiamati a confrontarsi sul topic della sostenibilit\u00e0.<\/p>\n<p>&nbsp;<\/p>\n<p>&nbsp;<\/p>\n<hr \/>\n<p>&nbsp;<\/p>\n<blockquote>\n<h3>RACCOLTA FONDI IN MEMORIA DI TOMMASO SANTORSOLA<\/h3>\n<\/blockquote>\n<p><strong><a href=\"https:\/\/www.radiopiu.net\/wordpress\/giornale-radiopiu-20-marzo-2021-direttore-mirko-mezzacasa\/cadore-sas\/\" rel=\"attachment wp-att-197962\"><img loading=\"lazy\" decoding=\"async\" class=\"size-medium wp-image-197962 alignleft\" src=\"https:\/\/www.radiopiu.net\/wordpress\/wp-content\/uploads\/2021\/03\/CADORE-SAS-300x182.png\" alt=\"\" width=\"300\" height=\"182\" srcset=\"https:\/\/www.radiopiu.net\/wordpress\/wp-content\/uploads\/2021\/03\/CADORE-SAS-300x182.png 300w, https:\/\/www.radiopiu.net\/wordpress\/wp-content\/uploads\/2021\/03\/CADORE-SAS.png 482w\" sizes=\"auto, (max-width: 300px) 100vw, 300px\" \/><\/a>PIEVE DI CADORE <\/strong>\u201c<em>Il percorso che ha condiviso insieme a noi, sempre con un sorriso, ha lasciato il segno in cooperativa e tra i suoi colleghi<\/em>\u201d: \u00e8 con queste parole che la Cadore societ\u00e0 cooperativa sociale \u2013 s.c.s. ha voluto ricordare Tommaso Santorsola, socio e lavoratore della cooperativa scomparso poche settimane fa. Per sostenere la famiglia in questo difficile momento, \u00e8 stata istituita una raccolta fondi il cui ricavato andr\u00e0 interamente devoluto al figlio di Santorsola. La raccolta si chiuder\u00e0 il prossimo 31 marzo e chi vorr\u00e0 donare potr\u00e0 farlo con un bonifico sul conto IT 83 U 08511 61230 000000041010.<\/p>\n<p>&nbsp;<\/p>\n<p>&nbsp;<\/p>\n<p>&nbsp;<\/p>\n<p>&nbsp;<\/p>\n<hr \/>\n<p>&nbsp;<\/p>\n<blockquote>\n<h3>AL VIA IL NUOVO CORSO FORMATIVO SULL\u2019AMMINISTRAZIONE DI SOSTEGNO<\/h3>\n<\/blockquote>\n<p><strong>BELLUNO <\/strong>Un nuovo corso online di formazione sull\u2019amministrazione di sostegno. Si tratta di un aggiornamento per\u00a0 gli amministratori e i responsabili dei servizi sociosanitari e degli operatori. Approfondimento, operativit\u00e0 concreta e criticit\u00e0 proposte: questi i temi che si andranno ad affrontare in sessione pomeridiana (dalle 14.30 alle 18.30) per quattro venerd\u00ec. S\u2019inizia il 9 aprile con il modulo giuridico-procedurale per proseguire il 16 (modulo giuridico-esperienziale -progetto di cura), il 23 (modulo sociale\u00a0 e socio sanitario) e il 30 (modulo operativo e psicologico). Il corso \u00e8 proposto da Comitato d\u2019Intesa di Belluno con la collaborazione di Csv Belluno Treviso, Tribunale di Belluno, Ulss 1 Dolomiti, Conferenza dei sindaci di Belluno e Feltre, Ordine professionale degli assistenti sociali.<\/p>\n<p>&nbsp;<\/p>\n<p>&nbsp;<\/p>\n<hr \/>\n<p>&nbsp;<\/p>\n<blockquote>\n<h3>STRADA DI SOCCOL CHIUSA A FASCE ORARIE PER LAVORI DI MESSA IN SICUREZZA DEI VERSANTI<\/h3>\n<\/blockquote>\n<p><strong>TAIBON<\/strong> fino al 20 marzo la strada comunale di Taibon che porta alla frazione di Soccol verr\u00e0 chiusa al transito in determinate fasce orarie per consentire i lavori di messa in sicurezza dei versanti a monte della strada. Quattro le fascie di chiusura: dalle 8 alle 10:30, dalle 10:45 alle 12, dalle 13:15 alle 15:30 e dalle 15:45 alle 17. La strada sar\u00e0 chiusa tra il bivio con Via Agner e Col Carrera.<\/p>\n<p>&nbsp;<\/p>\n<p>&nbsp;<\/p>\n<hr \/>\n<p>&nbsp;<\/p>\n<blockquote>\n<h3>LAVORI DI ASFALTATURA IN VIA NASSA A FELTRE<\/h3>\n<\/blockquote>\n<p><strong>FELTRE <\/strong>Fino al 2 aprile lavori in corso in via Nassa a Feltre dove sono previsti degli interventi straordinari di asfaltatura. Dalle 8 alle 18 sar\u00e0 vietato il transito a tutti i veicoli, cicli e motocicli. Il passaggio sar\u00e0 consentito solo ed esclusivamente ai residenti nei tratti non soggetti ai lavori. Sar\u00e0 garantito il transito pedonale in sicurezza.<\/p>\n<p>&nbsp;<\/p>\n<p>&nbsp;<\/p>\n<hr \/>\n<p>&nbsp;<\/p>\n<blockquote>\n<h2>LA STAGIONE PARTICOLARE DELLO SCI CLUB VAL BIOIS<\/h2>\n<\/blockquote>\n<h2><img loading=\"lazy\" decoding=\"async\" class=\"alignleft\" src=\"https:\/\/www.radiopiu.net\/wordpress\/wp-content\/uploads\/2020\/02\/download-4.jpg\" width=\"124\" height=\"120\" \/><\/h2>\n<h2>IERI ALLA RADIO<\/h2>\n<p><strong>Ospite il Presidente dello Sci Club Val Biois, Matteo Cagnati<\/strong><\/p>\n<audio class=\"wp-audio-shortcode\" id=\"audio-197920-11\" preload=\"none\" style=\"width: 100%;\" controls=\"controls\"><source type=\"audio\/mpeg\" src=\"https:\/\/www.radiopiu.net\/wordpress\/wp-content\/uploads\/2021\/03\/matteo-cagnati.mp3?_=11\" \/><a href=\"https:\/\/www.radiopiu.net\/wordpress\/wp-content\/uploads\/2021\/03\/matteo-cagnati.mp3\">https:\/\/www.radiopiu.net\/wordpress\/wp-content\/uploads\/2021\/03\/matteo-cagnati.mp3<\/a><\/audio>\n<p>&nbsp;<\/p>\n<p>&nbsp;<\/p>\n<p>&nbsp;<\/p>\n<p>&nbsp;<\/p>\n<hr \/>\n<p>&nbsp;<\/p>\n<blockquote>\n<h3>DILLO A RADIO PIU&#8230;. &#8220;VACCINATEVI&#8221;, L&#8217;ESORTAZIONE DEL MEDICO<\/h3>\n<\/blockquote>\n<p><strong><a href=\"https:\/\/www.radiopiu.net\/wordpress\/giornale-radio-piu-13-05-direttore-mirko-mezzacasa\/cesare-dal-bo\/\" rel=\"attachment wp-att-19553\"><img loading=\"lazy\" decoding=\"async\" class=\"size-medium wp-image-19553 alignleft\" src=\"https:\/\/www.radiopiu.net\/wordpress\/wp-content\/uploads\/2016\/05\/cesare-dal-bo-245x300.jpg\" alt=\"\" width=\"245\" height=\"300\" \/><\/a>RADIO PIU&#8217;\u00a0<\/strong>Riceviamo e pubblichiamo alcune considerazioni sulle vaccinazioni del Dottor Cesare Dal Bo<\/p>\n<blockquote><p><em>Le vaccinazioni di mezza Europa rallentano e contemporaneamente salgono i positivi al Covid-19, i decessi e le terapie intensive tornano ad affollarsi col rischio che i sanitari debbano scegliere tra chi inviare alla terapia intensiva e chi no. Per non arrivare a questa drastica necessit\u00e0 ( gi\u00e0 sfiorata nell\u2019ondata del marzo 2020) bisogna assolutamente dar corso alla vaccinazione nei tempi pi\u00f9 rapidi possibili. Le notizie contrastanti su Astra Zeneca hanno provocato un danno immenso sia dal punto di vista pratico che psicologico ridando fiato a illazioni senza senso nei confronti dell\u2019uso dei vaccini. Non ci possiamo permettere di dar corso a certe voci finch\u00e8 non ci siano prove sicure o domani saremo da capo per un altro tipo di vaccino e non possiamo permettercelo. La ripresa sanitaria del nostro paese ma anche quella economica altrettanto importante \u00e8 legata alla vaccinazione di massa che bisogna proseguire (prendiamo atto dei risultati ottenuti in Inghilterra!). Il disastro economico e quello sociale \u00e8 dietro l\u2019angolo anzi \u00e8 gi\u00e0 in atto. Qualsiasi cosa, anche piccola, dia una mano in questo senso \u00e8 esiziale e molto pi\u00f9 dannoso (anche se duole dirlo) di qualche morte sospetta. Questa \u00e8 la cruda realt\u00e0 che non possiamo nasconderci! A fronte di tutto ci\u00f2 quello che, al momento, \u00e8 incontrovertibile \u00e8 che- come ha detto la direttrice esecutiva dell\u2019EMA- non ci sono indicazioni che le vaccinazioni abbiano causato gli eventi collaterali gravi di cui si parla. Infatti il numero di eventi di tromboembolia non \u00e8 pi\u00f9 alto di quanto ci si potesse aspettare\u00bb nella media quotidiana. I casi sotto indagine riguardano infatti trombosi e morti sospette, ma non \u00e8 stato accertato nessun legame di causa ed effetto. Fermare la vaccinazione anche per un giorno significa quindi molti pi\u00f9 morti sicuri e molti pi\u00f9 posti occupati in terapia intensiva per Covid. Se, poi vogliamo fare un confronto tra i vari vaccini usati in Europa, scopriamo che il vaccino AstraZeneca NON \u00e8 quello che effettivamente ha causato pi\u00f9 effetti indesiderati. Dalla banca dati dell&#8217;Agenzia europea del farmaco che raccoglie le sospette reazioni avverse emerge infatti che, secondo i dati aggiornati al 13 marzo scorso, Pfizer \u00e8 quello che in assoluto ha anche il maggior numero di reazioni avverse (di ogni genere, anche blande): ne sono state segnalate 102.100 in totale, quelle di AstraZeneca sono 54.571, quelle di Moderna 5.939. E\u2019 pur vero che il rapporto tra dosi somministrate e reazioni avverse \u00e8 pi\u00f9 alto nel caso di AstraZeneca, ma si tratta di qualche decimale insignificante: lo 0,37 per AstraZeneca, lo 0,24 per cento per Pfizer e lo 0,16 nel caso di Moderna. Quindi, come sempre, tutti i farmaci, compresi i vaccini possono dare delle reazioni avverse che, nella stragrande maggioranza dei casi, si limitano reazioni blande, assolutamente trascurabili. Se ognuno di noi leggesse il \u201cbugiardino\u201d di qualsiasi farmaco rischierebbe di non assumerne nessuno! Quello che conta \u00e8 il rapporto rischio-beneficio e nel caso dei vaccini comunemente usati, compresi quelli anti COVID, non c\u2019\u00e8 dubbio che fare il vaccino convenga e convenga a tutti. Quindi vaccinatevi!<\/em><\/p>\n<p><em>Dr. Cesare Dal Bo<\/em><\/p><\/blockquote>\n<p>&nbsp;<\/p>\n<hr \/>\n<p>&nbsp;<\/p>\n<p><strong>di Roberto De Nart, Bellunopress<\/strong><\/p>\n<div class=\"bi6gxh9e\" data-block=\"true\" data-editor=\"abiin\" data-offset-key=\"4us19-0-0\"><\/div>\n<blockquote class=\"wp-embedded-content\" data-secret=\"T0qa3PBkqU\"><p><a href=\"https:\/\/www.bellunopress.it\/2021\/03\/18\/covid-19-nei-bambini-trasmissibilita-durata-della-pandemia-scuole-intervista-al-dottor-giangiacomo-nicolini-pediatra-infettivologo\/\">Covid-19 nei bambini, trasmissibilit\u00e0, durata della pandemia, scuole. Intervista al dottor Giangiacomo Nicolini, pediatra infettivologo<\/a><\/p><\/blockquote>\n<p><iframe loading=\"lazy\" class=\"wp-embedded-content\" sandbox=\"allow-scripts\" security=\"restricted\" style=\"position: absolute; clip: rect(1px, 1px, 1px, 1px);\" title=\"&#8220;Covid-19 nei bambini, trasmissibilit\u00e0, durata della pandemia, scuole. Intervista al dottor Giangiacomo Nicolini, pediatra infettivologo&#8221; &#8212; Bellunopress - Dolomiti\" src=\"https:\/\/www.bellunopress.it\/2021\/03\/18\/covid-19-nei-bambini-trasmissibilita-durata-della-pandemia-scuole-intervista-al-dottor-giangiacomo-nicolini-pediatra-infettivologo\/embed\/#?secret=T0qa3PBkqU\" data-secret=\"T0qa3PBkqU\" width=\"600\" height=\"338\" frameborder=\"0\" marginwidth=\"0\" marginheight=\"0\" scrolling=\"no\"><\/iframe><\/p>\n<p>&nbsp;<\/p>\n<hr \/>\n<blockquote>\n<h2>DA VOLTAGO &#8220;NO ALLA CHIUSURA DELLA CASERMA DI GOSALDO&#8221;<\/h2>\n<\/blockquote>\n<p><strong>VOLTAGO<\/strong> Anche da Voltago una precisa presa di posizione contro la ventilata chiusura della Caserma dei Carabinieri\u00a0 a Gosaldo, Comune di Confine (Agordino, Provincia, Regione). Gli uomini dell&#8217;Arma sono benvisti e benvoluti anche nel vicino Comune di Voltago, lo sottolinea il candidato a sindaco Giuseppe Schena che appoggia l&#8217;iniziativa del collega di Gosaldo Stefano Da Zanche fermo sulla posizione che la caserma non s&#8217;ha da chiudere.<\/p>\n<p>&nbsp;<\/p>\n<p><strong>IL MESSAGGIO DI GIUSEPPE SCHENA<\/strong><\/p>\n<blockquote><p><em><a href=\"https:\/\/www.radiopiu.net\/wordpress\/un-san-valentino-carico-di-cuori-in-agordino-grazie-a-nicola-tancon\/francesca-della-lucia-e-giuseppe-schena-futuri-candidati-sindaci-a-voltago-2\/\" rel=\"attachment wp-att-191403\"><img loading=\"lazy\" decoding=\"async\" class=\" wp-image-191403 alignleft\" src=\"https:\/\/www.radiopiu.net\/wordpress\/wp-content\/uploads\/2021\/02\/Francesca-Della-Lucia-e-Giuseppe-Schena-futuri-candidati-sindaci-a-Voltago-2-225x300.jpeg\" alt=\"\" width=\"168\" height=\"224\" srcset=\"https:\/\/www.radiopiu.net\/wordpress\/wp-content\/uploads\/2021\/02\/Francesca-Della-Lucia-e-Giuseppe-Schena-futuri-candidati-sindaci-a-Voltago-2-225x300.jpeg 225w, https:\/\/www.radiopiu.net\/wordpress\/wp-content\/uploads\/2021\/02\/Francesca-Della-Lucia-e-Giuseppe-Schena-futuri-candidati-sindaci-a-Voltago-2.jpeg 768w\" sizes=\"auto, (max-width: 168px) 100vw, 168px\" \/><\/a>&#8221; Avere la garanzia di una caserma sul territorio,non pu\u00f2 che essereauspicabile,soprattutto in ottica futura di ripartenza e rivalutazione della montagna. Pochi giorni fa leggevamo sulla stampa locale un articolo riguardante lo spopolamento della nostra provincia di Belluno, fatta eccezione per alcune localit\u00e0 del Cadore, in particolare nel nostro comune di Voltago siamo 833 anime (dato al 30\/11\/2020) sul territorio abbiamo servizi fortunatamente alimentari, edicole, pizzerie, ristorante, albergo, macelleria,rifugio, oltre che partite iva di soggetti privati che hanno investito sul territorio comunale stabilendo qui la ditta. La presenza degli uomini dell&#8217; Arma \u00e8 fondamentale, oltre che per questi,anche per tutti i cittadini che qui ci abitano. Rispetto ad altre realt\u00e0, siamo un&#8217; isola felice,ma forse, questo \u00e8 anche merito delle nostre forze dell&#8217; ordine che <\/em><br \/>\n<em>vediamo transitare lungo la S.P 347. Chiudere la Caserma di Gosaldo dunque,sarebbe una grave perdita oltre che un regresso del nostro meraviglioso territorio, parliamo spesso di spopolamento della montagna, di carenza di servizi, ma se non &#8220;lottiamo&#8221; per mantenere quelli presenti,non siamo coerenti con le nostre idee. Comprendiamo la rimodulazione dell&#8217; Arma ed i conseguenti tagli,ma vogliamo far sentire la nostra piccola voce,Mia e della mia squadra a sostegno della \u201cbattaglia\u201d dell&#8217; amministrazione comunale di Gosaldo, guidata da Da Zanche per fare in modo di lasciare attiva la caserma, sulla quale la stessa amministrazione ha fatto degli stanziamenti migliorativi (ammodernamenti etc.) Una sua chiusura sarebbe un&#8217; ulteriore duro colpo per la nostra vallata. Viviamo anche noi,come il resto del mondo il triste e difficile momento della pandemia da oltre un anno,non siamo immuni,tuttavia non vogliamo dimenticare un fatto ad essa antecedente,a sua volta molto grave: La tristemente nota \u201cVaia 2018\u201d i giorni successivi,con gli alberi caduti,le strade lesionate da fango,detriti e cedimenti, il buio totale una volta fatta sera, il vedere quel lampeggiante blu dei nostri carabinieri, <\/em><em>dei VVF volontari di Gosaldo e della nostra Nostra Protezione civile era 1per noi di Voltago e Frassen\u00e9 sicurezza e conforto. Il motto dell&#8217; Arma \u00e8 \u201c nei Secoli Fedele\u201d; noi con la massima umilt\u00e0,chiediamo che nei secoli permanga \u201cl&#8217; un&#8217; po&#8217; nostra caserma\u201d. Gi\u00e0 anni fa, abbiamo dovuto assistere impotenti alla chiusura della caserma di Frassen\u00e9, da quel momento i carabinieri di Gosaldo sono diventati il nostro riferimento, non vorremmo dover riassistere nuovamente al <\/em><em>chiudersi definitivo di un&#8217; ulteriore porta.\u00a0<\/em><\/p>\n<p><em>foto Giuseppe Schena con Francesca Della Lucia, candidati a sindaco alle prossime elezioni<\/em><\/p><\/blockquote>\n<p>&nbsp;<\/p>\n<p>&nbsp;<\/p>\n<hr \/>\n<blockquote>\n<h3><\/h3>\n<h3>LA GUARDIA DI FINANZA APRE IL CONCORSO PER 66 ALLIEVI UFFICIALI E 10 TENENTI<\/h3>\n<\/blockquote>\n<p><strong><a href=\"https:\/\/www.radiopiu.net\/wordpress\/vendono-una-centrale-idroelettrica-eludendo-il-fisco\/guardia-di-finanza-auto_full1\/\" rel=\"attachment wp-att-5016\"><img loading=\"lazy\" decoding=\"async\" class=\"size-medium wp-image-5016 alignleft\" src=\"https:\/\/www.radiopiu.net\/wordpress\/wp-content\/uploads\/2015\/05\/guardia-di-finanza-auto_full1-300x224.jpg\" alt=\"\" width=\"300\" height=\"224\" \/><\/a>BELLUNO<\/strong> La Guardia di Finanza \u00e8 alla ricerca di allievi ufficiali. \u00c8 partito in questi giorni il concorso pubblico, per titoli ed esami, per l&#8217;ammissione di 66 allievi ufficiali del ruolo normale, comparto ordinario e aeronavale, all&#8217;Accademia della Guardia di Finanza per l&#8217;anno accademico 2021-2022. I candidati devono aver compiuto i 17 anni di et\u00e0 alla data del 1 gennaio 2021, devono essere in possesso di un diploma di istruzione secondaria di secondo grado che consenta l&#8217;iscrizione a corsi di laurea o che lo conseguano nell&#8217;anno scolastico 2020\/21. La domanda di partecipazione al concorso dovr\u00e0 essere compilata tramite procedura telematica all&#8217;indirizzo concorsi.gdf.gov.it e dovr\u00e0 essere effettuata entro le 12 del 8 aprile 2021. Per altre informazioni sul concorso basta accedere al sito del concorso.<\/p>\n<p>&nbsp;<\/p>\n<p>&nbsp;<\/p>\n<hr \/>\n<p>&nbsp;<\/p>\n<blockquote>\n<h1 align=\"JUSTIFY\">\u201c<span style=\"font-family: Times New Roman, serif;\"><span style=\"font-size: medium;\"><b>La Piave: storie di uomini, acqua e legno\u201d &#8211; Secondo appuntamento: Codissago, Museo degli zattieri<\/b><\/span><\/span><\/h1>\n<\/blockquote>\n<p align=\"JUSTIFY\"><span style=\"font-family: Times New Roman, serif;\"><span style=\"font-size: medium;\"><a href=\"https:\/\/www.radiopiu.net\/wordpress\/giornale-radiopiu-17-marzo-2021-direttore-mirko-mezzacasa\/scansione0328_jpg\/\" rel=\"attachment wp-att-197466\"><img loading=\"lazy\" decoding=\"async\" class=\" wp-image-197466 alignleft\" src=\"https:\/\/www.radiopiu.net\/wordpress\/wp-content\/uploads\/2021\/03\/Scansione0328_jpg-300x206.jpg\" alt=\"\" width=\"237\" height=\"163\" srcset=\"https:\/\/www.radiopiu.net\/wordpress\/wp-content\/uploads\/2021\/03\/Scansione0328_jpg-300x206.jpg 300w, https:\/\/www.radiopiu.net\/wordpress\/wp-content\/uploads\/2021\/03\/Scansione0328_jpg-768x527.jpg 768w, https:\/\/www.radiopiu.net\/wordpress\/wp-content\/uploads\/2021\/03\/Scansione0328_jpg.jpg 1024w\" sizes=\"auto, (max-width: 237px) 100vw, 237px\" \/><\/a><strong>BELLUNO<\/strong> Nonostante la zona rossa, la delegazione bellunese del Fondo Ambiente Italiano continua a condurre virtualmente il pubblico attraverso il percorso delle zattere lungo la Piave, in tutta sicurezza. <\/span><\/span><span style=\"font-family: Times New Roman, serif;\"><span style=\"font-size: medium;\">Gli organizzatori sono riusciti a effettuare le riprese all\u2019interno del <\/span><\/span><span style=\"font-family: Times New Roman, serif;\"><span style=\"font-size: medium;\"><i>Museo degli zattieri del Piave<\/i><\/span><\/span><span style=\"font-family: Times New Roman, serif;\"><span style=\"font-size: medium;\"> a Codissago prima delle nuove restrizioni. Ecco che marted\u00ec 23 marzo alle 18.30 Arnaldo Olivier, Castaldo della \u201cFameja dei Zater e Menad\u00e0s del Piave\u201d, condurr\u00e0 gli spettatori nella visita online.<\/span><\/span><span style=\"font-family: Times New Roman, serif;\"><span style=\"font-size: medium;\">\u00a0<\/span><\/span><span style=\"font-family: Times New Roman, serif;\"><span style=\"font-size: medium;\">L&#8217;incontro si svolger\u00e0 sulla piattaforma Zoom\u00a0 \u00e8 necessario prenotarsi obbligatoriamente sul sito <a href=\"https:\/\/faiprenotazioni.fondoambiente.it\/\">https:\/\/faiprenotazioni.fondoambiente.it\/<\/a>\u00a0<\/span><\/span><\/p>\n<p>&nbsp;<\/p>\n<hr \/>\n<p>&nbsp;<\/p>\n<blockquote>\n<h3>LA LAVORAZIONE DELL\u2019OCCHIALE AL CENTRO DEL NUOVO CORSO GRATUITO PROMOSSO DA CERTOTTICA<\/h3>\n<\/blockquote>\n<p><strong><a href=\"https:\/\/www.radiopiu.net\/wordpress\/giornale-radiopiu-12-marzo-2021-direttore-mirko-mezzacasa\/corso-lavorazioni\/\" rel=\"attachment wp-att-196448\"><img loading=\"lazy\" decoding=\"async\" class=\"wp-image-196448 alignleft\" src=\"https:\/\/www.radiopiu.net\/wordpress\/wp-content\/uploads\/2021\/03\/corso-lavorazioni-300x211.jpg\" alt=\"\" width=\"164\" height=\"115\" srcset=\"https:\/\/www.radiopiu.net\/wordpress\/wp-content\/uploads\/2021\/03\/corso-lavorazioni-300x211.jpg 300w, https:\/\/www.radiopiu.net\/wordpress\/wp-content\/uploads\/2021\/03\/corso-lavorazioni-1024x722.jpg 1024w, https:\/\/www.radiopiu.net\/wordpress\/wp-content\/uploads\/2021\/03\/corso-lavorazioni-768x541.jpg 768w, https:\/\/www.radiopiu.net\/wordpress\/wp-content\/uploads\/2021\/03\/corso-lavorazioni-1536x1083.jpg 1536w, https:\/\/www.radiopiu.net\/wordpress\/wp-content\/uploads\/2021\/03\/corso-lavorazioni-2048x1444.jpg 2048w\" sizes=\"auto, (max-width: 164px) 100vw, 164px\" \/><\/a>LONGARONE<\/strong> Nuova esperienza lavorativa\u00a0 in partenza a fine mese a Certottica\u00a0 per\u00a0 9 disoccupati. L\u2019obiettivo \u00e8 quello di formare l\u2019\u201cAddetto alle lavorazioni per il settore occhialeria\u201d, un profilo che va incontro alle esigenze concrete manifestate dalle aziende, grazie a 200 ore di formazione specialistica in aula, 8 ore di orientamento al ruolo (individuale e di gruppo), 16 ore di visita di studio e ben 320 ore di tirocinio nelle realt\u00e0 del Distretto. Le selezioni sono fissate per il 25 marzo e l\u2019inizio del corso per il 31. Gli interessati\u00a0 consultino\u00a0 il sito www.certottica.it per approfondire tutti i dettagli o a contattare l\u2019Area Formazione di Certottica (formazione@certottica.it, 0437 573157).<\/p>\n<p>&nbsp;<\/p>\n<p>&nbsp;<\/p>\n<hr \/>\n<p>&nbsp;<\/p>\n<blockquote>\n<h3>FOSSALI CON LA SUA ARTE SALE SULLA TOUR EIFFEL<\/h3>\n<\/blockquote>\n<p><strong>PONTE NELLE ALPI<\/strong> <span style=\"font-family: Times New Roman, serif;\"><span style=\"font-size: medium;\">Il bar pasticceria \u201cLa Tour Eiffel\u201d di Ponte nelle Alpi \u201csfida\u201d i nuovi restringimenti ed ancora una volta ospita nei suoi locali un evento artistico. Ovviamente lo fa nell\u2019osservanza del contenimento dell\u2019emergenza Covid-19. <\/span><\/span><span style=\"font-family: Times New Roman, serif;\"><span style=\"font-size: medium;\">Dal 13 marzo e sino al 17 aprile sar\u00e0 allestita la mostra \u201cRetr\u00f2: immagini fotografiche in bianco e nero\u201d con gli scatti proposti da Beniamino Fossali. <\/span><\/span><span style=\"font-family: Times New Roman, serif;\"><span style=\"font-size: medium;\">L\u2019iniziativa \u00e8 del Circolo Fotografico Bellunese \u201cMario De Biasi\u201d che annovera lo stesso Fossali tra i suoi associati e che affida alla suggestione ed al fascino del bianco e nero i soggetti \u201ccatturati\u201d dal suo obiettivo.\u00a0<\/span><\/span><\/p>\n<p>&nbsp;<\/p>\n<hr \/>\n<p>&nbsp;<\/p>\n<blockquote>\n<h3>\u201cTUTTO \u00c8 POZZIBILE!\u201d CON GLI AMBASCIATORI DELL\u2019ACQUA IL 21 MARZO<\/h3>\n<\/blockquote>\n<p><strong><a href=\"https:\/\/www.radiopiu.net\/wordpress\/giornale-radiopiu-20-marzo-2021-direttore-mirko-mezzacasa\/6b2cdcb5-95d3-468d-8ea6-809aaa2ec9c6\/\" rel=\"attachment wp-att-197994\"><img loading=\"lazy\" decoding=\"async\" class=\"size-medium wp-image-197994 alignleft\" src=\"https:\/\/www.radiopiu.net\/wordpress\/wp-content\/uploads\/2021\/03\/6b2cdcb5-95d3-468d-8ea6-809aaa2ec9c6-300x200.jpg\" alt=\"\" width=\"300\" height=\"200\" srcset=\"https:\/\/www.radiopiu.net\/wordpress\/wp-content\/uploads\/2021\/03\/6b2cdcb5-95d3-468d-8ea6-809aaa2ec9c6-300x200.jpg 300w, https:\/\/www.radiopiu.net\/wordpress\/wp-content\/uploads\/2021\/03\/6b2cdcb5-95d3-468d-8ea6-809aaa2ec9c6-1024x682.jpg 1024w, https:\/\/www.radiopiu.net\/wordpress\/wp-content\/uploads\/2021\/03\/6b2cdcb5-95d3-468d-8ea6-809aaa2ec9c6-768x512.jpg 768w, https:\/\/www.radiopiu.net\/wordpress\/wp-content\/uploads\/2021\/03\/6b2cdcb5-95d3-468d-8ea6-809aaa2ec9c6-1536x1023.jpg 1536w, https:\/\/www.radiopiu.net\/wordpress\/wp-content\/uploads\/2021\/03\/6b2cdcb5-95d3-468d-8ea6-809aaa2ec9c6.jpg 1600w\" sizes=\"auto, (max-width: 300px) 100vw, 300px\" \/><\/a>BELLUNO <\/strong>A causa dell\u2019emergenza sanitaria non sar\u00e0 possibile organizzare in presenza la grande festa dei bambini Ambasciatori dell\u2019Acqua 2021, prevista per il pomeriggio di domenica 21 marzo in occasione della giornata mondiale dell\u2019acqua, che si celebra in tutto il mondo il giorno successivo. Ma le associazioni promotrici dell\u2019iniziativa, Insieme si pu\u00f2 e Pomi d\u2019Ottone, non si sono perse d\u2019animo ed hanno preparato il grande evento online &#8220;Tutto \u00e8 poZZibile!&#8221;, che si svolger\u00e0 sul canale YouTube degli Ambasciatori dell&#8217;Acqua alle ore 17 di domenica 21 marzo. Un momento straordinario, ideato e realizzato proprio per i bambini Ambasciatori dell&#8217;Acqua di quest\u2019anno: ci saranno collegamenti da diversi angoli del mondo, musica, teatro e tante testimonianze che racconteranno l\u2019importanza dell\u2019oro blu, l\u2019acqua, la risorsa pi\u00f9 fragile e preziosa del pianeta. Gli Ambasciatori dell\u2019Acqua sono bambini che, aderendo all\u2019iniziativa, si stanno impegnando ad utilizzare in maniera responsabile l\u2019acqua, a diffondere tra amici e parenti il messaggio dell\u2019importanza dell\u2019uso corretto di questo elemento e, affinch\u00e9 nessuno venga lasciato indietro, stanno anche pensando ai loro coetanei meno fortunati, risparmiando qualche soldino nel pozzo-salvadanaio dedicato per contribuire alla\u00a0costruzione di un nuovo pozzo di acqua pulita e sicura per gli studenti e l\u2019intera comunit\u00e0 di Kiyoola, in Uganda.<\/p>\n<p>&nbsp;<\/p>\n<p>&nbsp;<\/p>\n<hr \/>\n<p>&nbsp;<\/p>\n<blockquote>\n<h2>DA LUNEDI IL NUOVO PROGRAMMA DI CLAUDIO PRA<\/h2>\n<p><strong>AUDIO<\/strong><\/p><\/blockquote>\n<audio class=\"wp-audio-shortcode\" id=\"audio-197920-12\" preload=\"none\" style=\"width: 100%;\" controls=\"controls\"><source type=\"audio\/mpeg\" src=\"https:\/\/www.radiopiu.net\/wordpress\/wp-content\/uploads\/2021\/03\/0-presentazione-trasmissione.mp3?_=12\" \/><a href=\"https:\/\/www.radiopiu.net\/wordpress\/wp-content\/uploads\/2021\/03\/0-presentazione-trasmissione.mp3\">https:\/\/www.radiopiu.net\/wordpress\/wp-content\/uploads\/2021\/03\/0-presentazione-trasmissione.mp3<\/a><\/audio>\n<p>&nbsp;<\/p>\n<p align=\"JUSTIFY\"><span style=\"font-family: Times New Roman, serif;\"><span style=\"font-size: medium;\"><a href=\"https:\/\/www.radiopiu.net\/wordpress\/giornale-radiopiu-19-marzo-2021-direttore-mirko-mezzacasa\/logo-programma\/\" rel=\"attachment wp-att-197683\"><img loading=\"lazy\" decoding=\"async\" class=\" wp-image-197683 alignleft\" src=\"https:\/\/www.radiopiu.net\/wordpress\/wp-content\/uploads\/2021\/03\/LOGO-PROGRAMMA-300x256.jpg\" alt=\"\" width=\"255\" height=\"218\" srcset=\"https:\/\/www.radiopiu.net\/wordpress\/wp-content\/uploads\/2021\/03\/LOGO-PROGRAMMA-300x256.jpg 300w, https:\/\/www.radiopiu.net\/wordpress\/wp-content\/uploads\/2021\/03\/LOGO-PROGRAMMA-1024x873.jpg 1024w, https:\/\/www.radiopiu.net\/wordpress\/wp-content\/uploads\/2021\/03\/LOGO-PROGRAMMA-768x654.jpg 768w, https:\/\/www.radiopiu.net\/wordpress\/wp-content\/uploads\/2021\/03\/LOGO-PROGRAMMA-1536x1309.jpg 1536w, https:\/\/www.radiopiu.net\/wordpress\/wp-content\/uploads\/2021\/03\/LOGO-PROGRAMMA-2048x1745.jpg 2048w\" sizes=\"auto, (max-width: 255px) 100vw, 255px\" \/><\/a>Dopo oltre due decenni di amore per il cielo stellato sento l\u2019esigenza di raccontare la mia esperienza che, sia ben chiaro, non si \u00e8 chiusa, ma continua e continuer\u00e0 finch\u00e9 il sacro fuoco arder\u00e0 dentro me. Lo faccio in una pubblicazione, dalla quale ho estratto i racconti per creare anche una trasmissione radiofonica a puntate, in onda su Radio Pi\u00f9. Fu la primavera del 1998 ad aprirmi le porte di una nuova passione, trasformatasi subito in qualcosa di pi\u00f9. L\u2019osservazione della volta stellata non \u00e8 infatti solo un hobby, \u00e8 qualcosa di molto pi\u00f9 intimo, direi spirituale, soprattutto, almeno per me, se condotta sotto cieli bui montani. E proprio le montagne, apparentemente ininfluenti, sono state invece capaci di creare contesti da sogno. Un mix incredibile, cielo stellato e montagne meravigliose quali sono le Dolomiti, che danno vita a scenari da fiaba che sono diventati il mio indispensabile mondo, un mondo sospeso tra cielo e terra. Nei racconti uso un linguaggio piuttosto semplice, comprensibile anche ai non appassionati, e sono convinto che le esperienze narrate possano essere apprezzate da tutti. Molte sono state pubblicate sulla rivista astronomica Coelum, per la quale mi onoro di scrivere da tanti anni. <\/span><\/span>\u201c<span style=\"font-family: 'Times New Roman', serif;\"><span style=\"font-size: medium;\">Io ne ho viste cose che voi non potreste immaginarvi\u201d, racconti, testimonianze, esperienze di un astrofilo sognatore, da luned\u00ec 22 marzo, tutti i giorni, dal luned\u00ec al venerd\u00ec, alle 8.45 ed in replica alle 19.45.<\/span><\/span><\/p>\n<p><a name=\"Bookmark\"><\/a> <span style=\"color: #000000;\"><span style=\"font-family: Calibri, serif;\"><span style=\"font-size: small;\"><span style=\"font-family: Times New Roman, serif;\"><span style=\"font-size: medium;\"><b>Sommario <\/b><\/span><\/span><\/span><\/span><\/span><span style=\"color: #000000;\"><span style=\"font-family: Calibri, serif;\"><span style=\"font-size: small;\"><span style=\"font-family: Times New Roman, serif;\"><span style=\"font-size: medium;\">22\/3 Puntata 1: La chiave di volta <\/span><\/span><\/span><\/span><\/span><span style=\"font-size: medium; font-family: 'Times New Roman', serif; color: #000000;\">23\/3 Puntata 2: La notte in pieno giorno <\/span><span style=\"color: #000000;\"><span style=\"font-family: Calibri, serif;\"><span style=\"font-size: small;\"><span style=\"font-family: Times New Roman, serif;\"><span style=\"font-size: medium;\">24\/3 Puntata 3: Verso l\u2019infinito e oltre <\/span><\/span><\/span><\/span><\/span><span style=\"font-size: medium; font-family: 'Times New Roman', serif; color: #000000;\">25\/3 Puntata 4: Associazione Astrofili Agordini <\/span><span style=\"color: #000000;\"><span style=\"font-family: Calibri, serif;\"><span style=\"font-size: small;\"><span style=\"font-family: Times New Roman, serif;\"><span style=\"font-size: medium;\">26\/3 Puntata 5: Scalatori del cielo <\/span><\/span><\/span><\/span><\/span><span style=\"font-size: medium; font-family: 'Times New Roman', serif; color: #000000;\">29\/3 Puntata 6: C\u2019era una volta il cielo <\/span><span style=\"color: #000000;\"><span style=\"font-family: Calibri, serif;\"><span style=\"font-size: small;\"><span style=\"font-family: Times New Roman, serif;\"><span style=\"font-size: medium;\">30\/3 Puntata 7: Testimoni di un evento <\/span><\/span><\/span><\/span><\/span><span style=\"font-size: medium; font-family: 'Times New Roman', serif; color: #000000;\">31\/3 Puntata 8: Cento insignificanti puntini luminosi <\/span><span style=\"color: #000000;\"><span style=\"font-family: Calibri, serif;\"><span style=\"font-size: small;\"><span style=\"font-family: Times New Roman, serif;\"><span style=\"font-size: medium;\">1\/4 Puntata 9: Le stelle alla radio <\/span><\/span><\/span><\/span><\/span><span style=\"font-size: medium; font-family: 'Times New Roman', serif; color: #000000;\">2\/4 Puntata 10: La maratona del cielo <\/span><span style=\"color: #000000;\"><span style=\"font-family: Calibri, serif;\"><span style=\"font-size: small;\"><span style=\"font-family: Times New Roman, serif;\"><span style=\"font-size: medium;\">5\/4 Puntata 11: Astrofili <\/span><\/span><\/span><\/span><\/span><span style=\"font-size: medium; font-family: 'Times New Roman', serif; color: #000000;\">6\/4 Puntata 12: Caccia alla Luna invisibile <\/span><span style=\"color: #000000;\"><span style=\"font-family: Calibri, serif;\"><span style=\"font-size: small;\"><span style=\"font-family: Times New Roman, serif;\"><span style=\"font-size: medium;\">7\/4 Puntata 13: I globulari della Grande Galassia di Andromeda <\/span><\/span><\/span><\/span><\/span><span style=\"font-size: medium; font-family: 'Times New Roman', serif; color: #000000;\">8\/4 Puntata 14: I fantasmi del cielo <\/span><span style=\"color: #000000;\"><span style=\"font-family: Calibri, serif;\"><span style=\"font-size: small;\"><span style=\"font-family: Times New Roman, serif;\"><span style=\"font-size: medium;\">9\/4 Puntata 15: Come&#8230;te non c\u2019\u00e8 nessuno <\/span><\/span><\/span><\/span><\/span><span style=\"font-size: medium; font-family: 'Times New Roman', serif; color: #000000;\">12\/4 Puntata 16: Stelle artificiali <\/span><span style=\"color: #000000;\"><span style=\"font-family: Calibri, serif;\"><span style=\"font-size: small;\"><span style=\"font-family: Times New Roman, serif;\"><span style=\"font-size: medium;\">13\/4 Puntata 17: Altri mondi <\/span><\/span><\/span><\/span><\/span><span style=\"font-size: medium; font-family: 'Times New Roman', serif; color: #000000;\">14\/4 Puntata 18: La Luna nel cuore <\/span><span style=\"color: #000000;\"><span style=\"font-family: Calibri, serif;\"><span style=\"font-size: small;\"><span style=\"font-family: Times New Roman, serif;\"><span style=\"font-size: medium;\">15\/4 Puntata 19: L\u2019altro modo di osservare il cielo <\/span><\/span><\/span><\/span><\/span><span style=\"font-size: medium; font-family: 'Times New Roman', serif; color: #000000;\">16\/4 Puntata 20: Un sogno con la coda <\/span><span style=\"color: #000000;\"><span style=\"font-family: Calibri, serif;\"><span style=\"font-size: small;\"><span style=\"font-family: Times New Roman, serif;\"><span style=\"font-size: medium;\">19\/4 Puntata 21: Uno Scorpione tra le Dolomiti <\/span><\/span><\/span><\/span><\/span><span style=\"font-size: medium; font-family: 'Times New Roman', serif; color: #000000;\">20\/4 Puntata 22: Osservazioni indimenticabili<\/span><\/p>\n<p>&nbsp;<\/p>\n<hr \/>\n<p>&nbsp;<\/p>\n<blockquote>\n<h3>MATTEO CESA E PIERIO VALERIANO: DUE STORICI PERSONAGGI DI LIMANA di RENATO BONA<\/h3>\n<\/blockquote>\n<p>Sono soltanto due, ma \u201cdi peso\u201d, i personaggi illustri citati nel libro \u201cAmbiente, storia e cultura di Limana\u201d che Biblioteca civica e Comune, col contributo della Regione, hanno fatto stampare da Castaldi di Feltre nell\u2019aprile del 1995. Si tratta di Matteo Cesa, pittore, e di Pierio Valeriano Bolzanio, pievano. Ne riferiamo sintetizzando gli scritti rispettivamente di Claudio Sala e Giuliana Saretta che hanno dato il loro prezioso contributo (assieme a: Isidoro Barattin, Giuseppe Tormen E Adriano De Faveri, Calo Mondini e Aldo Villabrfuna, Luisa Alpago Nopvello, Corrado Ghezzo, Paolo Viel, Mauro Vedana, Raffaele Tormen, don Paolo Pescosta e don Aurelio Frezza, Giovanni Melanco ed Angela Fattore) per la realizzazione del pregevole volume di oltre 340 pagine, con fotografie di Roberto e Vittorio Bristot, Silvano Da Roit, Loris De Barba, Michele Talo, Stefano Trevisson, Raffaele Tormen e Mauro Vedana. MATTEO CESA. Sala ricorda che \u201cNativo di Cesa a pochi chilometri da Belluno, era figlio di un Donato pittore, che possiamo pensare frequentasse l\u2019attiva bottega di Simon da Cusighe.Non si conoscono documenti probanti la data di nascita e di morte di Matteo, le uniche notizie ci sono fornite da documenti notarili coevi, dalle iscrizioni apposte ai suoi dipinti, da un codice del catasto dei beni della Confraternita di S. Maria dei Battuti di Belluno: ma ormai si \u00e8 inclini a collocarlo in un arco temporale compreso tra il 1425 e il 1495\u201d. Ed aggiunge: \u201cE\u2019 probabile che Matteo si formasse alla bottega paterna, bottega da dove uscivano opere di pittura e scultura, come era tipico del periodo\u201d. Entrando nel merito dell\u2019attivit\u00e0 artistica del nostro, l\u2019autore del capitolo spiega: \u201cLe sue figure hanno una costruzione salda, un\u2019ampia trattazione nei panneggi, i volumi sono torniti, semplificati, leggermente chiaroscuri. Non esistono documenti che attestino un contatto diretto con l\u2019ambiente padovano e veneziano; ci\u00f2 che egli coglie viene comunque filtrato attraverso il linguaggio ancora parzialmente gotico e provinciale. Ancora. \u201cLe sue opere sono prive di sfondo paesaggistico, la sua ricerca prospettica si risolve nel disporre le figure di tre quarti o nel tracciare un muricciolo di fondo che limita lo spazio astratto dell\u2019oro, su cui si inseriscono le figure disegnate con una linea che incide ed articolate in brillanti gamme cromatiche ove predominano i verdi, gli azzurri, le lacche rosse. Solo nelle opere della tarda maturit\u00e0, l\u2019arcaico schema del polittico scompare, per lasciare il posto a timidi tentativi di rappresentazione dello spazio architettonico, scevro per\u00f2 di profondit\u00e0 prospettica\u201d. Viene quindi ricordato che Cesa tenne sicuramente una fiorente bottega a Belluno dalla quale uscirono opere di pittura e scultura che purtroppo sono andate in gran parte perdute ma di alcune, fortunatamente, rimane memoria negli scritti di studiosi e cultori dell\u2019arte locale. Segue un elenco di opere autografe e attribuite: \u201cMadonna in trono con Bambino tra l\u2019arcangelo Michele e S. Gottardo\u201d (Museo civico di Belluno); \u201cMadonna in trono con bambino tra S. Lucia (Chiesa di S. Lucia a Cet); \u201cQuattro disegni di testa femminile\u201d, manoscritto datato 1458 (Biblioteca civica di Belluno); \u201cMadonna in trono fra sei Santi e due putti musicanti\u201d (Chiesa di Santo Stefano di Belluno); \u201cMadonna in trono con Bambino tra i simboli degli Evangelisti\u201d, forse parte centrale di un polittico perduto (Staatliche Museum di Berlino); \u201cMadonna in trono con Bambino tra S. Andrea, S. Apollonia, S. Caterina e S. Francesco\u201d e \u201cMadonna in trono con Bambino tra un dottore della Chiesa, S. Martino, S. Lucano, S. Johat\u00e0\u201d (stesso museo tedesco). A seguire quello delle opere perdute: \u201cSacra famiglia con S. Giovanni Battista\u201d (Collezione Pagani Belluno); Frammento di pannello ligneo con donatore inginocchiato (Collezione Pagani); \u201cVergine con Bambino tra i simboli degli Evangelisti e quattro scene della vita di S. Nicola\u201d (sacrestia della chiesa di Caleipo); \u201cMadonna in trono con Bambino\u201d (Canonica di Castellavazzo); affreschi di soggetto sconosciuto (oratorio di Cesa); \u201cMadonna in trono con Bambino tra due Santi\u201d (Chiesa di San Giacomo a Madeago; di questo trittico resta un disegno eseguito agli inizi del \u2018900 da Elena Cantilena Zanussi);\u201dVergine con Bambino e S. Antonio abate, frammento di affreschi (Sagrogna); \u201cMadonna con Bambino tra S. Pietro e S. Paolo\u201d (San Pietro in Campo); \u201cCrocifissione, Vergine con Bambino, Ultima Cena\u201d, affreschi di chiesa non identificata di S. Virgilio, Infine: \u201cMadonna con Bambino e nove scene della sua vita\u201d tempera su tavola (Chiesa di Sargnano). PIERIO VALERIANO BOLZANIO. Wikipedia telegraficamente spiega chi fosse Giovanni Pietro Bolzani Dalle Fosse, meglio noto con gli pseudonimi di Pierio Valeriano, Bolzanio Pierio o semplicemente Valeriano: umanista, teologo e scrittore italiano nato a Belluno il 2 febbraio 1477 e morto a Padova nel 1558. Giuliano Saretta, nel libro di cui ci occupiamo, ne ha illustrato figura ed opere in modo esaustivo e decisamente interessante ricordano, fra l\u2019altro che proprio negli anni pi\u00f9 bui dell\u2019invasione ad opera delle truppe austriache di Massimiliano di Asburgo, ad inizio \u2018500, con requisizioni, distruzioni, saccheggi \u2013 Feltre fu addirittura rasa al suolo \u2013 sul finire del 1509, \u201cIl Papa Giulio II assegn\u00f2 il pievanato di Limana a Pierio Valeriano, nel gennaio 1510\u201d dopo la rinuncia di pre Leronardo Ballarini, pievano fin dal 1489, in favore del nipote, figlio di sua sorella Domenica. Ma oltre che pievano, Pierio Valeriano (a Belluno una via nel centro porta il suo nome) \u201cfu il pi\u00f9 grande poeta e scrittore del rinascimento bellunese, un letterato di fama nazionale e internazionale (la sua opera maggiore, \u2018Hieroglyphica\u201d, in 58 libri fu pubblicata a Basilea nel 1556, poco prima della sua morte):membro di varie Accademie, notissimo negli ambienti culturali dell\u2019epoca, fu autore di oepre innumerevoli sia in prosa che in versi\u201d. Molto opportunamente, l\u2019autrice non trascura di dire di: \u201cun altro merito fi Valeriano, di aspetto molto pi\u00f9 pratico. Spetta a lui l\u2019onore, come racconta Luigi Alpago Novello \u2018di avere fino dal 1532 introdotto prima a Belluno e poi nel territorio di tutte e tre le Venezie, coltivazione che press\u2019a poco sono ancora quelle da lui stabilite\u201d. Ma &#8211; conclude Giuliana Saretta &#8211; \u201cNon dobbiamo stupirci della molteplicit\u00e0 di interessi di un grande umanista. Anche lo zio, Urbano Bolzanio, era un noto naturalista e botanico, che ancora in tarda et\u00e0 percorreva le ardue cime delle patrie montagne cercando piante e classificandole. Una sua opera, a detta di Pierio (purtroppo andata perduta) aveva come finalit\u00e0 il confronto tra i nomi dialettali delle piante e dei fiori locali con i nomi greci\u201d.<\/p>\n\n\t\t\t<style type='text\/css'>\n\t\t\t\t#gallery-3 {\n\t\t\t\t\tmargin: auto;\n\t\t\t\t}\n\t\t\t\t#gallery-3 .gallery-item {\n\t\t\t\t\tfloat: left;\n\t\t\t\t\tmargin-top: 10px;\n\t\t\t\t\ttext-align: center;\n\t\t\t\t\twidth: 25%;\n\t\t\t\t}\n\t\t\t\t#gallery-3 img {\n\t\t\t\t\tborder: 2px solid #cfcfcf;\n\t\t\t\t}\n\t\t\t\t#gallery-3 .gallery-caption {\n\t\t\t\t\tmargin-left: 0;\n\t\t\t\t}\n\t\t\t\t\/* see gallery_shortcode() in wp-includes\/media.php *\/\n\t\t\t<\/style>\n\t\t<div id='gallery-3' class='dt-gallery-container gallery galleryid-197920 gallery-columns-4 gallery-size-thumbnail'><dl class='gallery-item'>\n\t\t\t\t<dt class='gallery-icon portrait'>\n\t\t\t\t\t<a class=\"rollover rollover-zoom dt-pswp-item\" title=\"163221966_151092790220785_5600293689154824030_n\" data-dt-img-description=\"\" data-large_image_width=\"160\" data-large_image_height=\"205\"href='https:\/\/www.radiopiu.net\/wordpress\/wp-content\/uploads\/2021\/03\/163221966_151092790220785_5600293689154824030_n.jpg'><img loading=\"lazy\" decoding=\"async\" width=\"150\" height=\"150\" src=\"https:\/\/www.radiopiu.net\/wordpress\/wp-content\/uploads\/2021\/03\/163221966_151092790220785_5600293689154824030_n-150x150.jpg\" class=\"attachment-thumbnail size-thumbnail\" alt=\"\" \/><\/a>\n\t\t\t\t<\/dt><\/dl><dl class='gallery-item'>\n\t\t\t\t<dt class='gallery-icon portrait'>\n\t\t\t\t\t<a class=\"rollover rollover-zoom dt-pswp-item\" title=\"162329669_226960285791441_4886109622964476933_n\" data-dt-img-description=\"\" data-large_image_width=\"154\" data-large_image_height=\"199\"href='https:\/\/www.radiopiu.net\/wordpress\/wp-content\/uploads\/2021\/03\/162329669_226960285791441_4886109622964476933_n.jpg'><img loading=\"lazy\" decoding=\"async\" width=\"150\" height=\"150\" src=\"https:\/\/www.radiopiu.net\/wordpress\/wp-content\/uploads\/2021\/03\/162329669_226960285791441_4886109622964476933_n-150x150.jpg\" class=\"attachment-thumbnail size-thumbnail\" alt=\"\" \/><\/a>\n\t\t\t\t<\/dt><\/dl><dl class='gallery-item'>\n\t\t\t\t<dt class='gallery-icon portrait'>\n\t\t\t\t\t<a class=\"rollover rollover-zoom dt-pswp-item\" title=\"162044808_266395914970769_9032025994399412010_n\" data-dt-img-description=\"\" data-large_image_width=\"150\" data-large_image_height=\"247\"href='https:\/\/www.radiopiu.net\/wordpress\/wp-content\/uploads\/2021\/03\/162044808_266395914970769_9032025994399412010_n.jpg'><img loading=\"lazy\" decoding=\"async\" width=\"150\" height=\"150\" src=\"https:\/\/www.radiopiu.net\/wordpress\/wp-content\/uploads\/2021\/03\/162044808_266395914970769_9032025994399412010_n-150x150.jpg\" class=\"attachment-thumbnail size-thumbnail\" alt=\"\" \/><\/a>\n\t\t\t\t<\/dt><\/dl><dl class='gallery-item'>\n\t\t\t\t<dt class='gallery-icon landscape'>\n\t\t\t\t\t<a class=\"rollover rollover-zoom dt-pswp-item\" title=\"162795438_275114194023881_6734344999623224673_n\" data-dt-img-description=\"\" data-large_image_width=\"320\" data-large_image_height=\"201\"href='https:\/\/www.radiopiu.net\/wordpress\/wp-content\/uploads\/2021\/03\/162795438_275114194023881_6734344999623224673_n.jpg'><img loading=\"lazy\" decoding=\"async\" width=\"150\" height=\"150\" src=\"https:\/\/www.radiopiu.net\/wordpress\/wp-content\/uploads\/2021\/03\/162795438_275114194023881_6734344999623224673_n-150x150.jpg\" class=\"attachment-thumbnail size-thumbnail\" alt=\"\" \/><\/a>\n\t\t\t\t<\/dt><\/dl><br style=\"clear: both\" \/><dl class='gallery-item'>\n\t\t\t\t<dt class='gallery-icon landscape'>\n\t\t\t\t\t<a class=\"rollover rollover-zoom dt-pswp-item\" title=\"162454467_469099854132146_7489720572416049104_n\" data-dt-img-description=\"\" data-large_image_width=\"206\" data-large_image_height=\"205\"href='https:\/\/www.radiopiu.net\/wordpress\/wp-content\/uploads\/2021\/03\/162454467_469099854132146_7489720572416049104_n.jpg'><img loading=\"lazy\" decoding=\"async\" width=\"150\" height=\"150\" src=\"https:\/\/www.radiopiu.net\/wordpress\/wp-content\/uploads\/2021\/03\/162454467_469099854132146_7489720572416049104_n-150x150.jpg\" class=\"attachment-thumbnail size-thumbnail\" alt=\"\" srcset=\"https:\/\/www.radiopiu.net\/wordpress\/wp-content\/uploads\/2021\/03\/162454467_469099854132146_7489720572416049104_n-150x150.jpg 150w, https:\/\/www.radiopiu.net\/wordpress\/wp-content\/uploads\/2021\/03\/162454467_469099854132146_7489720572416049104_n.jpg 206w\" sizes=\"auto, (max-width: 150px) 100vw, 150px\" \/><\/a>\n\t\t\t\t<\/dt><\/dl><dl class='gallery-item'>\n\t\t\t\t<dt class='gallery-icon portrait'>\n\t\t\t\t\t<a class=\"rollover rollover-zoom dt-pswp-item\" title=\"162361622_541525993490887_7948757589086205388_n\" data-dt-img-description=\"\" data-large_image_width=\"155\" data-large_image_height=\"206\"href='https:\/\/www.radiopiu.net\/wordpress\/wp-content\/uploads\/2021\/03\/162361622_541525993490887_7948757589086205388_n.jpg'><img loading=\"lazy\" decoding=\"async\" width=\"150\" height=\"150\" src=\"https:\/\/www.radiopiu.net\/wordpress\/wp-content\/uploads\/2021\/03\/162361622_541525993490887_7948757589086205388_n-150x150.jpg\" class=\"attachment-thumbnail size-thumbnail\" alt=\"\" \/><\/a>\n\t\t\t\t<\/dt><\/dl><dl class='gallery-item'>\n\t\t\t\t<dt class='gallery-icon portrait'>\n\t\t\t\t\t<a class=\"rollover rollover-zoom dt-pswp-item\" title=\"162179027_786763355579082_736627503135368865_n\" data-dt-img-description=\"\" data-large_image_width=\"160\" data-large_image_height=\"202\"href='https:\/\/www.radiopiu.net\/wordpress\/wp-content\/uploads\/2021\/03\/162179027_786763355579082_736627503135368865_n.jpg'><img loading=\"lazy\" decoding=\"async\" width=\"150\" height=\"150\" src=\"https:\/\/www.radiopiu.net\/wordpress\/wp-content\/uploads\/2021\/03\/162179027_786763355579082_736627503135368865_n-150x150.jpg\" class=\"attachment-thumbnail size-thumbnail\" alt=\"\" \/><\/a>\n\t\t\t\t<\/dt><\/dl><dl class='gallery-item'>\n\t\t\t\t<dt class='gallery-icon landscape'>\n\t\t\t\t\t<a class=\"rollover rollover-zoom dt-pswp-item\" title=\"162454538_915115859301373_4748567705401115859_n\" data-dt-img-description=\"\" data-large_image_width=\"311\" data-large_image_height=\"206\"href='https:\/\/www.radiopiu.net\/wordpress\/wp-content\/uploads\/2021\/03\/162454538_915115859301373_4748567705401115859_n.jpg'><img loading=\"lazy\" decoding=\"async\" width=\"150\" height=\"150\" src=\"https:\/\/www.radiopiu.net\/wordpress\/wp-content\/uploads\/2021\/03\/162454538_915115859301373_4748567705401115859_n-150x150.jpg\" class=\"attachment-thumbnail size-thumbnail\" alt=\"\" \/><\/a>\n\t\t\t\t<\/dt><\/dl><br style=\"clear: both\" \/>\n\t\t\t<\/div>\n\n<p>NELLE FOTO (riproduzione dal libro \u201cAmbiente, storia e cultura di Limana\u201d, youtube.com, tripadviser, Wikipedia): l\u2019abitato di Cesa di Limana; gruppo ligneo della chiesa bellunese di Santo Stefano; opera proveniente dalla chiesa di San Tiziano di Cirvoi: Madonna e Bambino con l\u2019arcangelo Michele e a destra San Tiziano; uno dei lavori di Cesa finiti al museo di Berlino; ritratto di Pierio Valeriano; la sua opera pi\u00f9 famosa; illustrazione dello stesso volume; le tombe di Pierio Valeriano (a destra) e di suo zio fra Urban Bolzanio nella basilica veneziana di Santa Maria dei Frari.<\/p>\n<h3>\u200b<\/h3>\n<p>&nbsp;<\/p>\n<p>&nbsp;<\/p>\n<hr \/>\n<h2><span style=\"color: #ff0000;\"><a href=\"https:\/\/www.radiopiu.net\/wordpress\/giornale-radiopiu-05-gennaio-2021-direttore-mirko-mezzacasa\/133200401_100838761953611_1258544160541445132_o-2\/\" rel=\"attachment wp-att-183078\"><img loading=\"lazy\" decoding=\"async\" class=\" wp-image-183078 alignleft\" src=\"https:\/\/www.radiopiu.net\/wordpress\/wp-content\/uploads\/2021\/01\/133200401_100838761953611_1258544160541445132_o-1-300x157.jpg\" alt=\"\" width=\"192\" height=\"101\" srcset=\"https:\/\/www.radiopiu.net\/wordpress\/wp-content\/uploads\/2021\/01\/133200401_100838761953611_1258544160541445132_o-1-300x157.jpg 300w, https:\/\/www.radiopiu.net\/wordpress\/wp-content\/uploads\/2021\/01\/133200401_100838761953611_1258544160541445132_o-1.jpg 526w\" sizes=\"auto, (max-width: 192px) 100vw, 192px\" \/><\/a>GOCCE DI FILOSOFIA, CON CHIARA CAU, CON LISA DE LUCA. <\/span><\/h2>\n<h2><span style=\"color: #ff0000;\">TUTTI I GIORNI DAL LUNEDI AL VENERDI ALLE 6.55 E ALLE 18.55<\/span><\/h2>\n<p><strong>PUNTATA 55<\/strong><\/p>\n<audio class=\"wp-audio-shortcode\" id=\"audio-197920-13\" preload=\"none\" style=\"width: 100%;\" controls=\"controls\"><source type=\"audio\/mpeg\" src=\"https:\/\/www.radiopiu.net\/wordpress\/wp-content\/uploads\/2021\/03\/FI5-1.mp3?_=13\" \/><a href=\"https:\/\/www.radiopiu.net\/wordpress\/wp-content\/uploads\/2021\/03\/FI5-1.mp3\">https:\/\/www.radiopiu.net\/wordpress\/wp-content\/uploads\/2021\/03\/FI5-1.mp3<\/a><\/audio>\n<p>&nbsp;<\/p>\n<h3>LA RACCOLTA COMPLETA<\/h3>\n<blockquote class=\"wp-embedded-content\" data-secret=\"0YtYbxV379\"><p><a href=\"https:\/\/www.radiopiu.net\/wordpress\/gocce-filosofia\/\">Gocce di filosofia<\/a><\/p><\/blockquote>\n<p><iframe loading=\"lazy\" class=\"wp-embedded-content\" sandbox=\"allow-scripts\" security=\"restricted\" style=\"position: absolute; clip: rect(1px, 1px, 1px, 1px);\" title=\"&#8220;Gocce di filosofia&#8221; &#8212; Radio Pi\u00f9\" src=\"https:\/\/www.radiopiu.net\/wordpress\/gocce-filosofia\/embed\/#?secret=0YtYbxV379\" data-secret=\"0YtYbxV379\" width=\"600\" height=\"338\" frameborder=\"0\" marginwidth=\"0\" marginheight=\"0\" scrolling=\"no\"><\/iframe><\/p>\n<h2><\/h2>\n<p>&nbsp;<\/p>\n<hr \/>\n<p>&nbsp;<\/p>\n<blockquote>\n<h2>FANTASTICHE DOLOMITI, NUOVA STAGIONE. APPUNTAMENTO QUINDICINALE IL GIOVEDI ALLE 10.30 E 19.00<\/h2>\n<\/blockquote>\n<h2><span style=\"color: #ff0000;\">LA UNDICESIMA PUNTATA dell&#8217;11marzo2021<\/span><\/h2>\n<p><strong><a href=\"https:\/\/www.radiopiu.net\/wordpress\/raccolta-completa\/121869645_648442942701436_4748562330148520081_n-2\/\" rel=\"attachment wp-att-196402\"><img loading=\"lazy\" decoding=\"async\" class=\"wp-image-196402 alignleft\" src=\"https:\/\/www.radiopiu.net\/wordpress\/wp-content\/uploads\/2021\/02\/121869645_648442942701436_4748562330148520081_n-1-300x169.jpg\" alt=\"\" width=\"160\" height=\"90\" srcset=\"https:\/\/www.radiopiu.net\/wordpress\/wp-content\/uploads\/2021\/02\/121869645_648442942701436_4748562330148520081_n-1-300x169.jpg 300w, https:\/\/www.radiopiu.net\/wordpress\/wp-content\/uploads\/2021\/02\/121869645_648442942701436_4748562330148520081_n-1-1024x576.jpg 1024w, https:\/\/www.radiopiu.net\/wordpress\/wp-content\/uploads\/2021\/02\/121869645_648442942701436_4748562330148520081_n-1-768x432.jpg 768w, https:\/\/www.radiopiu.net\/wordpress\/wp-content\/uploads\/2021\/02\/121869645_648442942701436_4748562330148520081_n-1-1536x864.jpg 1536w, https:\/\/www.radiopiu.net\/wordpress\/wp-content\/uploads\/2021\/02\/121869645_648442942701436_4748562330148520081_n-1.jpg 1707w\" sizes=\"auto, (max-width: 160px) 100vw, 160px\" \/><\/a>OSPITE IL PRESIDENTE CLAUDIO CANOVA, due giovani veterinari Michele e Maria investono nell&#8217;attivit\u00e0 sostenibile, l&#8217;allevamento delle trote a Piz di Sospirolo<\/strong><\/p>\n<audio class=\"wp-audio-shortcode\" id=\"audio-197920-14\" preload=\"none\" style=\"width: 100%;\" controls=\"controls\"><source type=\"audio\/mpeg\" src=\"https:\/\/www.radiopiu.net\/wordpress\/wp-content\/uploads\/2021\/03\/fantastiche-dolomiti-11-mazo.mp3?_=14\" \/><a href=\"https:\/\/www.radiopiu.net\/wordpress\/wp-content\/uploads\/2021\/03\/fantastiche-dolomiti-11-mazo.mp3\">https:\/\/www.radiopiu.net\/wordpress\/wp-content\/uploads\/2021\/03\/fantastiche-dolomiti-11-mazo.mp3<\/a><\/audio>\n<p>&nbsp;<\/p>\n<h3>LA RACCOLTA COMPLETA<\/h3>\n<p>https:\/\/www.radiopiu.net\/wordpress\/raccolta-completa\/<\/p>\n<p>&nbsp;<\/p>\n<p>&nbsp;<\/p>\n<p>&nbsp;<\/p>\n<p>&nbsp;<\/p>\n<hr \/>\n<h2><span style=\"color: #ff0000;\">ALLA RADIO<\/span><\/h2>\n<blockquote><p><strong>CONOSCIAMO I CORI DELLA PROVINCIA, IL CORO CTG DI BELLUNO<\/strong><\/p><\/blockquote>\n<div style=\"width: 640px;\" class=\"wp-video\"><video class=\"wp-video-shortcode\" id=\"video-197920-1\" width=\"640\" height=\"360\" preload=\"metadata\" controls=\"controls\"><source type=\"video\/mp4\" src=\"https:\/\/www.radiopiu.net\/wordpress\/wp-content\/uploads\/2021\/03\/coro-ctg-belluno.mp4?_=1\" \/><a href=\"https:\/\/www.radiopiu.net\/wordpress\/wp-content\/uploads\/2021\/03\/coro-ctg-belluno.mp4\">https:\/\/www.radiopiu.net\/wordpress\/wp-content\/uploads\/2021\/03\/coro-ctg-belluno.mp4<\/a><\/video><\/div>\n<h1>LA RACCOLTA COMPLETA<\/h1>\n<p>&nbsp;<\/p>\n<blockquote class=\"wp-embedded-content\" data-secret=\"1mS3BqmfSc\"><p><a href=\"https:\/\/www.radiopiu.net\/wordpress\/la-corale-di-limana-presenta-liniziativa-solidale-pasquale\/\">LA CORALE DI LIMANA PRESENTA L&#8217;INIZIATIVA SOLIDALE PASQUALE<\/a><\/p><\/blockquote>\n<p><iframe loading=\"lazy\" class=\"wp-embedded-content\" sandbox=\"allow-scripts\" security=\"restricted\" style=\"position: absolute; clip: rect(1px, 1px, 1px, 1px);\" title=\"&#8220;LA CORALE DI LIMANA PRESENTA L&#8217;INIZIATIVA SOLIDALE PASQUALE&#8221; &#8212; Radio Pi\u00f9\" src=\"https:\/\/www.radiopiu.net\/wordpress\/la-corale-di-limana-presenta-liniziativa-solidale-pasquale\/embed\/#?secret=1mS3BqmfSc\" data-secret=\"1mS3BqmfSc\" width=\"600\" height=\"338\" frameborder=\"0\" marginwidth=\"0\" marginheight=\"0\" scrolling=\"no\"><\/iframe><\/p>\n<p>&nbsp;<\/p>\n<hr \/>\n<p>&nbsp;<\/p>\n<p>&nbsp;<\/p>\n<h2><strong><span style=\"color: #ff0000;\">IERI ALLA RADIO<\/span><\/strong><\/h2>\n<div data-offset-key=\"5n5nl-0-0\">\n<h3>Per ricevere gli aggiornamenti in tempo reale delle notizie pubblicate alla radio e sul sito di radio pi\u00f9 iscriviti al gruppo RADIO PIU INFORMAZIONE su Telegram.\u00a0\u00a0<a href=\"https:\/\/t.me\/radiopiu\">clicca qui<\/a><\/h3>\n<p><strong><a class=\"dt-pswp-item\" href=\"https:\/\/www.radiopiu.net\/wordpress\/wp-content\/uploads\/2020\/01\/logo-csa.jpg\" data-dt-img-description=\"\" data-large_image_width=\"1167\" data-large_image_height=\"574\"><img loading=\"lazy\" decoding=\"async\" class=\"alignnone size-medium wp-image-113364\" src=\"https:\/\/www.radiopiu.net\/wordpress\/wp-content\/uploads\/2020\/01\/logo-csa-300x148.jpg\" alt=\"\" width=\"300\" height=\"148\" srcset=\"https:\/\/www.radiopiu.net\/wordpress\/wp-content\/uploads\/2020\/01\/logo-csa-300x148.jpg 300w, https:\/\/www.radiopiu.net\/wordpress\/wp-content\/uploads\/2020\/01\/logo-csa-1024x504.jpg 1024w, https:\/\/www.radiopiu.net\/wordpress\/wp-content\/uploads\/2020\/01\/logo-csa-768x378.jpg 768w, https:\/\/www.radiopiu.net\/wordpress\/wp-content\/uploads\/2020\/01\/logo-csa.jpg 1167w\" sizes=\"auto, (max-width: 300px) 100vw, 300px\" \/><\/a>AGORDO<\/strong> Appuntamento mensile (primo venerdi del mese) con lo speciale condotto da Claudio Fontanive, in studio Fabrizio Campedel e Paolo Chissal\u00e8.<\/p>\n<\/div>\n<audio class=\"wp-audio-shortcode\" id=\"audio-197920-15\" preload=\"none\" style=\"width: 100%;\" controls=\"controls\"><source type=\"audio\/mpeg\" src=\"https:\/\/www.radiopiu.net\/wordpress\/wp-content\/uploads\/2021\/03\/ca-sol-lux-marzo.mp3?_=15\" \/><a href=\"https:\/\/www.radiopiu.net\/wordpress\/wp-content\/uploads\/2021\/03\/ca-sol-lux-marzo.mp3\">https:\/\/www.radiopiu.net\/wordpress\/wp-content\/uploads\/2021\/03\/ca-sol-lux-marzo.mp3<\/a><\/audio>\n<blockquote>\n<h2>RACCOLTA COMPLETA<\/h2>\n<\/blockquote>\n<blockquote class=\"wp-embedded-content\" data-secret=\"h0E3WFZOOd\"><p><a href=\"https:\/\/www.radiopiu.net\/wordpress\/cassa-solidarieta-luxottica-puntata-del-16-ottobre-2020\/\">CASSA SOLIDARIET\u00c0 LUXOTTICA &#8211; PUNTATA DEL 20 NOVEMBRE 2020<\/a><\/p><\/blockquote>\n<p><iframe loading=\"lazy\" class=\"wp-embedded-content\" sandbox=\"allow-scripts\" security=\"restricted\" style=\"position: absolute; clip: rect(1px, 1px, 1px, 1px);\" title=\"&#8220;CASSA SOLIDARIET\u00c0 LUXOTTICA &#8211; PUNTATA DEL 20 NOVEMBRE 2020&#8221; &#8212; Radio Pi\u00f9\" src=\"https:\/\/www.radiopiu.net\/wordpress\/cassa-solidarieta-luxottica-puntata-del-16-ottobre-2020\/embed\/#?secret=h0E3WFZOOd\" data-secret=\"h0E3WFZOOd\" width=\"600\" height=\"338\" frameborder=\"0\" marginwidth=\"0\" marginheight=\"0\" scrolling=\"no\"><\/iframe><\/p>\n<div><\/div>\n<p>&nbsp;<\/p>\n<p>&nbsp;<\/p>\n<p>&nbsp;<\/p>\n<p>&nbsp;<\/p>\n<hr \/>\n<blockquote>\n<h3><a href=\"https:\/\/www.radiopiu.net\/wordpress\/giornale-radiopiu-06-febbraio-2019-direttore-mirko-mezzacasa\/logo_spi-cgil-800x445\/\" rel=\"attachment wp-att-75538\"><img loading=\"lazy\" decoding=\"async\" class=\"wp-image-75538 alignleft\" src=\"https:\/\/www.radiopiu.net\/wordpress\/wp-content\/uploads\/2019\/02\/Logo_Spi-CGIL-800x445-300x167.jpg\" alt=\"\" width=\"210\" height=\"117\" srcset=\"https:\/\/www.radiopiu.net\/wordpress\/wp-content\/uploads\/2019\/02\/Logo_Spi-CGIL-800x445-300x167.jpg 300w, https:\/\/www.radiopiu.net\/wordpress\/wp-content\/uploads\/2019\/02\/Logo_Spi-CGIL-800x445-768x427.jpg 768w, https:\/\/www.radiopiu.net\/wordpress\/wp-content\/uploads\/2019\/02\/Logo_Spi-CGIL-800x445.jpg 800w\" sizes=\"auto, (max-width: 210px) 100vw, 210px\" \/><\/a>ALLA RADIO, APPUNTAMENTO QUINDICINALE CON SPI-CGIL BELLUNO, IN STUDIO MARIA RITA GENTILIN<\/h3>\n<\/blockquote>\n<p><strong>di Claudio Fontanive\u00a0<\/strong><\/p>\n<p>&nbsp;<\/p>\n<p><span style=\"color: #ff0000;\"><strong>PUNTATA DEL 18 MARZO 2021<\/strong><\/span><\/p>\n<audio class=\"wp-audio-shortcode\" id=\"audio-197920-16\" preload=\"none\" style=\"width: 100%;\" controls=\"controls\"><source type=\"audio\/mpeg\" src=\"https:\/\/www.radiopiu.net\/wordpress\/wp-content\/uploads\/2021\/03\/spi-cigl-18-marzo.mp3?_=16\" \/><a href=\"https:\/\/www.radiopiu.net\/wordpress\/wp-content\/uploads\/2021\/03\/spi-cigl-18-marzo.mp3\">https:\/\/www.radiopiu.net\/wordpress\/wp-content\/uploads\/2021\/03\/spi-cigl-18-marzo.mp3<\/a><\/audio>\n<p>&nbsp;<\/p>\n<p>&nbsp;<\/p>\n<hr \/>\n<blockquote>\n<h2><\/h2>\n<h2><span style=\"color: #ff00ff;\">MUSLA, IL NUOVO PROGRAMMA ALLA RADIO<\/span><\/h2>\n<\/blockquote>\n<div class=\"wp-media-wrapper wp-audio\">\n<div id=\"mep_0\" class=\"mejs-container mejs-container-keyboard-inactive wp-audio-shortcode mejs-audio\" tabindex=\"0\" role=\"application\" aria-label=\"Audio Player\">\n<div class=\"mejs-inner\">\n<div class=\"mejs-controls\">\n<div class=\"mejs-horizontal-volume-total\"><\/div>\n<\/div>\n<h1><\/h1>\n<\/div>\n<\/div>\n<\/div>\n<div class=\"details\">\n<h1 class=\"filename\">Pontada-3-Le-tipologie-de-Ladin<\/h1>\n<\/div>\n<audio class=\"wp-audio-shortcode\" id=\"audio-197920-17\" preload=\"none\" style=\"width: 100%;\" controls=\"controls\"><source type=\"audio\/mpeg\" src=\"https:\/\/www.radiopiu.net\/wordpress\/wp-content\/uploads\/2021\/03\/Pontada-3-Le-tipologie-de-LADIN.mp3?_=17\" \/><a href=\"https:\/\/www.radiopiu.net\/wordpress\/wp-content\/uploads\/2021\/03\/Pontada-3-Le-tipologie-de-LADIN.mp3\">https:\/\/www.radiopiu.net\/wordpress\/wp-content\/uploads\/2021\/03\/Pontada-3-Le-tipologie-de-LADIN.mp3<\/a><\/audio>\n<blockquote>\n<h2>LA RACCOLTA COMPLETA<\/h2>\n<\/blockquote>\n<blockquote class=\"wp-embedded-content\" data-secret=\"TBeFvR9REU\"><p><a href=\"https:\/\/www.radiopiu.net\/wordpress\/agora-agordina-la-nosta-piaza\/\">AGORA&#8217; AGORDINA&#8230; LA NOSTA PIAZA LADINA.  pagina in aggiornamento continuo<\/a><\/p><\/blockquote>\n<p><iframe loading=\"lazy\" class=\"wp-embedded-content\" sandbox=\"allow-scripts\" security=\"restricted\" style=\"position: absolute; clip: rect(1px, 1px, 1px, 1px);\" title=\"&#8220;AGORA&#8217; AGORDINA&#8230; LA NOSTA PIAZA LADINA.  pagina in aggiornamento continuo&#8221; &#8212; Radio Pi\u00f9\" src=\"https:\/\/www.radiopiu.net\/wordpress\/agora-agordina-la-nosta-piaza\/embed\/#?secret=TBeFvR9REU\" data-secret=\"TBeFvR9REU\" width=\"600\" height=\"338\" frameborder=\"0\" marginwidth=\"0\" marginheight=\"0\" scrolling=\"no\"><\/iframe><\/p>\n<p>&nbsp;<\/p>\n<hr \/>\n<p>&nbsp;<\/p>\n<blockquote>\n<h3><a href=\"https:\/\/www.radiopiu.net\/wordpress\/almanacco-ladino-puntata-5-2020\/sn\/\" rel=\"attachment wp-att-180931\"><img loading=\"lazy\" decoding=\"async\" class=\"wp-image-180931 alignleft\" src=\"https:\/\/www.radiopiu.net\/wordpress\/wp-content\/uploads\/2020\/12\/sn-300x194.jpg\" alt=\"\" width=\"181\" height=\"117\" srcset=\"https:\/\/www.radiopiu.net\/wordpress\/wp-content\/uploads\/2020\/12\/sn-300x194.jpg 300w, https:\/\/www.radiopiu.net\/wordpress\/wp-content\/uploads\/2020\/12\/sn.jpg 626w\" sizes=\"auto, (max-width: 181px) 100vw, 181px\" \/><\/a>L&#8217;ALMANACCO LADINO CON L&#8217;ISTITUT CESA DE JAN QUINDICINALE APPUNTAMENTO. LA DOMENICA ALLE 9 IL LUNEDI ALLE 8.35 IL MARTEDI ALLE 12.35 IL MERCOLEDI ALLE 18.35. SECONDA STAGIONE.<\/h3>\n<p><strong>LA PUNTATA DELLA SETTIMANA<\/strong><\/p><\/blockquote>\n<audio class=\"wp-audio-shortcode\" id=\"audio-197920-18\" preload=\"none\" style=\"width: 100%;\" controls=\"controls\"><source type=\"audio\/mpeg\" src=\"https:\/\/www.radiopiu.net\/wordpress\/wp-content\/uploads\/2021\/03\/54\u00b0Almanacco-Ladino_Col-1.mp3?_=18\" \/><a href=\"https:\/\/www.radiopiu.net\/wordpress\/wp-content\/uploads\/2021\/03\/54\u00b0Almanacco-Ladino_Col-1.mp3\">https:\/\/www.radiopiu.net\/wordpress\/wp-content\/uploads\/2021\/03\/54\u00b0Almanacco-Ladino_Col-1.mp3<\/a><\/audio>\n<p>&nbsp;<\/p>\n<p><strong>RACCOLTA COMPLETA\u00a0<\/strong><\/p>\n<blockquote class=\"wp-embedded-content\" data-secret=\"NOhb9p4eWK\"><p><a href=\"https:\/\/www.radiopiu.net\/wordpress\/almanacco-ladino\/\">Almanacco Ladino<\/a><\/p><\/blockquote>\n<p><iframe loading=\"lazy\" class=\"wp-embedded-content\" sandbox=\"allow-scripts\" security=\"restricted\" style=\"position: absolute; clip: rect(1px, 1px, 1px, 1px);\" title=\"&#8220;Almanacco Ladino&#8221; &#8212; Radio Pi\u00f9\" src=\"https:\/\/www.radiopiu.net\/wordpress\/almanacco-ladino\/embed\/#?secret=NOhb9p4eWK\" data-secret=\"NOhb9p4eWK\" width=\"600\" height=\"338\" frameborder=\"0\" marginwidth=\"0\" marginheight=\"0\" scrolling=\"no\"><\/iframe><\/p>\n<p>&nbsp;<\/p>\n<p>&nbsp;<\/p>\n<hr \/>\n<p>&nbsp;<\/p>\n<div>\n<h2><span style=\"color: #ff0000;\">ALLA RADIO<\/span><\/h2>\n<\/div>\n<div>\n<h2><strong><a href=\"https:\/\/www.radiopiu.net\/wordpress\/giornale-radiopiu-17-marzo-2021-direttore-mirko-mezzacasa\/160935989_1607940962727298_4221035489770854642_o\/\" rel=\"attachment wp-att-197386\"><img loading=\"lazy\" decoding=\"async\" class=\"wp-image-197386 alignleft\" src=\"https:\/\/www.radiopiu.net\/wordpress\/wp-content\/uploads\/2021\/03\/160935989_1607940962727298_4221035489770854642_o-207x300.jpg\" alt=\"\" width=\"134\" height=\"194\" srcset=\"https:\/\/www.radiopiu.net\/wordpress\/wp-content\/uploads\/2021\/03\/160935989_1607940962727298_4221035489770854642_o-207x300.jpg 207w, https:\/\/www.radiopiu.net\/wordpress\/wp-content\/uploads\/2021\/03\/160935989_1607940962727298_4221035489770854642_o.jpg 526w\" sizes=\"auto, (max-width: 134px) 100vw, 134px\" \/><\/a>LE\u00a0 PUNTATE di Luisa Alchini di Leggermente Bellunesi, la domenica alle 11, <span style=\"color: #0000ff;\">IL MARTEDI IN PRIMA EDIZIONE\u00a0<\/span> alle 10.30 e alle 19.00<\/strong><\/h2>\n<\/div>\n<div>\n<div dir=\"auto\">La nostalgia di un antico focolare con il suo dolce calore ,rievocata nel libro di Paolo Farinati dal titolo dialettale &#8220;Intorn al fogh\u00e8r&#8221;<\/div>\n<\/div>\n<div dir=\"auto\"><\/div>\n<div dir=\"auto\"><strong>AUDIO<\/strong><\/div>\n<div>\n<audio class=\"wp-audio-shortcode\" id=\"audio-197920-19\" preload=\"none\" style=\"width: 100%;\" controls=\"controls\"><source type=\"audio\/mpeg\" src=\"https:\/\/www.radiopiu.net\/wordpress\/wp-content\/uploads\/2020\/10\/22leggermentepaolofarinati.mp3?_=19\" \/><a href=\"https:\/\/www.radiopiu.net\/wordpress\/wp-content\/uploads\/2020\/10\/22leggermentepaolofarinati.mp3\">https:\/\/www.radiopiu.net\/wordpress\/wp-content\/uploads\/2020\/10\/22leggermentepaolofarinati.mp3<\/a><\/audio>\n<\/div>\n<blockquote>\n<div>\n<h2><strong style=\"font-size: 14px;\"><span style=\"color: #000000;\">RACCOLTA COMPLETA<\/span><\/strong><\/h2>\n<\/div>\n<blockquote class=\"wp-embedded-content\" data-secret=\"W3kJ5GPqmE\"><p><a href=\"https:\/\/www.radiopiu.net\/wordpress\/leggermente-20\/\">LEGGERmente&#8230;Bellunesi<\/a><\/p><\/blockquote>\n<p><iframe loading=\"lazy\" class=\"wp-embedded-content\" sandbox=\"allow-scripts\" security=\"restricted\" style=\"position: absolute; clip: rect(1px, 1px, 1px, 1px);\" title=\"&#8220;LEGGERmente&#8230;Bellunesi&#8221; &#8212; Radio Pi\u00f9\" src=\"https:\/\/www.radiopiu.net\/wordpress\/leggermente-20\/embed\/#?secret=W3kJ5GPqmE\" data-secret=\"W3kJ5GPqmE\" width=\"600\" height=\"338\" frameborder=\"0\" marginwidth=\"0\" marginheight=\"0\" scrolling=\"no\"><\/iframe><\/p>\n<p>&nbsp;<\/p><\/blockquote>\n<hr \/>\n<p>&nbsp;<\/p>\n<h2><span style=\"color: #ff0000;\"><img decoding=\"async\" class=\"alignleft\" src=\"https:\/\/www.radiopiu.net\/wordpress\/wp-content\/uploads\/2021\/03\/th-5.jpg\" \/><\/span><\/h2>\n<h2><\/h2>\n<h2><span style=\"color: #ff0000;\">ALLA RADIO<\/span><\/h2>\n<h2><span style=\"color: #008000;\">ERBE E PIANTE CURATIVE&#8230;IL\u00a0 PROGRAMMA DI PAOLA LANCIATO<\/span><\/h2>\n<p><strong>SETTIMA\u00a0 PUNTATA &#8211; LA CAMOMILLA<\/strong><\/p>\n<audio class=\"wp-audio-shortcode\" id=\"audio-197920-20\" preload=\"none\" style=\"width: 100%;\" controls=\"controls\"><source type=\"audio\/mpeg\" src=\"https:\/\/www.radiopiu.net\/wordpress\/wp-content\/uploads\/2020\/10\/7-La-Camomilla-M.mp3?_=20\" \/><a href=\"https:\/\/www.radiopiu.net\/wordpress\/wp-content\/uploads\/2020\/10\/7-La-Camomilla-M.mp3\">https:\/\/www.radiopiu.net\/wordpress\/wp-content\/uploads\/2020\/10\/7-La-Camomilla-M.mp3<\/a><\/audio>\n<p><strong>LA RACCOLTA COMPLETA<\/strong><\/p>\n<blockquote class=\"wp-embedded-content\" data-secret=\"nvBSGewUde\"><p><a href=\"https:\/\/www.radiopiu.net\/wordpress\/erbe-e-piante-curative\/\">ERBE E PIANTE CURATIVE<\/a><\/p><\/blockquote>\n<p><iframe loading=\"lazy\" class=\"wp-embedded-content\" sandbox=\"allow-scripts\" security=\"restricted\" style=\"position: absolute; clip: rect(1px, 1px, 1px, 1px);\" title=\"&#8220;ERBE E PIANTE CURATIVE&#8221; &#8212; Radio Pi\u00f9\" src=\"https:\/\/www.radiopiu.net\/wordpress\/erbe-e-piante-curative\/embed\/#?secret=nvBSGewUde\" data-secret=\"nvBSGewUde\" width=\"600\" height=\"338\" frameborder=\"0\" marginwidth=\"0\" marginheight=\"0\" scrolling=\"no\"><\/iframe><\/p>\n<p>&nbsp;<\/p>\n<hr \/>\n<p>&nbsp;<\/p>\n<p>&nbsp;<\/p>\n<div class=\"im_message_wrap clearfix\">\n<div class=\"im_content_message_wrap im_message_out\">\n<h2><span style=\"color: #ff0000;\">IN VIVO VERSO 2020-21<\/span><\/h2>\n<p><strong><span style=\"color: #0000ff;\">IN ONDA DAL LUNEDI AL VENERDI ALLE 7.10, 10.10, 18.50\u00a0 \u00a0<\/span><\/strong><\/p>\n<blockquote class=\"wp-embedded-content\" data-secret=\"15b68Xffo8\"><p><a href=\"https:\/\/www.radiopiu.net\/wordpress\/eremo-rosso-di-sara-casal\/\">EREMO ROSSO di  SARA CASAL<\/a><\/p><\/blockquote>\n<p><iframe loading=\"lazy\" class=\"wp-embedded-content\" sandbox=\"allow-scripts\" security=\"restricted\" style=\"position: absolute; clip: rect(1px, 1px, 1px, 1px);\" title=\"&#8220;EREMO ROSSO di  SARA CASAL&#8221; &#8212; Radio Pi\u00f9\" src=\"https:\/\/www.radiopiu.net\/wordpress\/eremo-rosso-di-sara-casal\/embed\/#?secret=15b68Xffo8\" data-secret=\"15b68Xffo8\" width=\"600\" height=\"338\" frameborder=\"0\" marginwidth=\"0\" marginheight=\"0\" scrolling=\"no\"><\/iframe><\/p>\n<h3><span style=\"color: #808000;\">\u00a0<\/span>LA RACCOLTA COMPLETA<\/h3>\n<blockquote class=\"wp-embedded-content\" data-secret=\"AFaycqOCXh\"><p><a href=\"https:\/\/www.radiopiu.net\/wordpress\/in-vivo-verso\/\">In Vivo Verso<\/a><\/p><\/blockquote>\n<p><iframe loading=\"lazy\" class=\"wp-embedded-content\" sandbox=\"allow-scripts\" security=\"restricted\" style=\"position: absolute; clip: rect(1px, 1px, 1px, 1px);\" title=\"&#8220;In Vivo Verso&#8221; &#8212; Radio Pi\u00f9\" src=\"https:\/\/www.radiopiu.net\/wordpress\/in-vivo-verso\/embed\/#?secret=AFaycqOCXh\" data-secret=\"AFaycqOCXh\" width=\"600\" height=\"338\" frameborder=\"0\" marginwidth=\"0\" marginheight=\"0\" scrolling=\"no\"><\/iframe><\/p>\n<p>&nbsp;<\/p>\n<hr \/>\n<p>&nbsp;<\/p>\n<\/div>\n<\/div>\n<h2><span style=\"color: #808000;\">DUE MINUTI UN LIBRO\u00a0 TUTTI I GIORNI ALLA RADIO ALLE 9.30 E ALLE 18. QUINTA STAGIONE\u00a0<\/span><\/h2>\n<blockquote class=\"wp-embedded-content\" data-secret=\"MKyj4uAYsr\"><p><a href=\"https:\/\/www.radiopiu.net\/wordpress\/due-minuti-un-libro\/\">Due minuti un libro<\/a><\/p><\/blockquote>\n<p><iframe loading=\"lazy\" class=\"wp-embedded-content\" sandbox=\"allow-scripts\" security=\"restricted\" style=\"position: absolute; clip: rect(1px, 1px, 1px, 1px);\" title=\"&#8220;Due minuti un libro&#8221; &#8212; Radio Pi\u00f9\" src=\"https:\/\/www.radiopiu.net\/wordpress\/due-minuti-un-libro\/embed\/#?secret=MKyj4uAYsr\" data-secret=\"MKyj4uAYsr\" width=\"600\" height=\"338\" frameborder=\"0\" marginwidth=\"0\" marginheight=\"0\" scrolling=\"no\"><\/iframe><\/p>\n<h3><span style=\"color: #808000;\">\u00a0<\/span>LA RACCOLTA COMPLETA<\/h3>\n<blockquote class=\"wp-embedded-content\" data-secret=\"MKyj4uAYsr\"><p><a href=\"https:\/\/www.radiopiu.net\/wordpress\/due-minuti-un-libro\/\">Due minuti un libro<\/a><\/p><\/blockquote>\n<p><iframe loading=\"lazy\" class=\"wp-embedded-content\" sandbox=\"allow-scripts\" security=\"restricted\" style=\"position: absolute; clip: rect(1px, 1px, 1px, 1px);\" title=\"&#8220;Due minuti un libro&#8221; &#8212; Radio Pi\u00f9\" src=\"https:\/\/www.radiopiu.net\/wordpress\/due-minuti-un-libro\/embed\/#?secret=MKyj4uAYsr\" data-secret=\"MKyj4uAYsr\" width=\"600\" height=\"338\" frameborder=\"0\" marginwidth=\"0\" marginheight=\"0\" scrolling=\"no\"><\/iframe><\/p>\n<p>&nbsp;<\/p>\n<hr \/>\n<p>&nbsp;<\/p>\n<div>\n<p>&nbsp;<\/p>\n<\/div>\n<p>&nbsp;<\/p>\n<hr \/>\n<h2>\u00a0IERI ALLA RADIO, FRANCESCO ZILLIO<\/h2>\n<p><iframe loading=\"lazy\" title=\"SERVIZI DI COMUNICAZIONE MEDIANTE SMART PHONE CON APPLICAZIONI PROFESSIONALI\" width=\"1200\" height=\"675\" src=\"https:\/\/www.youtube.com\/embed\/hZrKOddSq2k?start=7&#038;feature=oembed\" frameborder=\"0\" allow=\"accelerometer; autoplay; clipboard-write; encrypted-media; gyroscope; picture-in-picture\" allowfullscreen><\/iframe><\/p>\n<p>&nbsp;<\/p>\n<h3><strong>LA RACCOLTA COMPLETA\u00a0<\/strong><\/h3>\n<blockquote class=\"wp-embedded-content\" data-secret=\"b3va9ejiVI\"><p><a href=\"https:\/\/www.radiopiu.net\/wordpress\/ep-center-video-gallery\/\">EP CENTER video gallery<\/a><\/p><\/blockquote>\n<p><iframe loading=\"lazy\" class=\"wp-embedded-content\" sandbox=\"allow-scripts\" security=\"restricted\" style=\"position: absolute; clip: rect(1px, 1px, 1px, 1px);\" title=\"&#8220;EP CENTER video gallery&#8221; &#8212; Radio Pi\u00f9\" src=\"https:\/\/www.radiopiu.net\/wordpress\/ep-center-video-gallery\/embed\/#?secret=b3va9ejiVI\" data-secret=\"b3va9ejiVI\" width=\"600\" height=\"338\" frameborder=\"0\" marginwidth=\"0\" marginheight=\"0\" scrolling=\"no\"><\/iframe><\/p>\n<a href=\"https:\/\/www.radiopiu.net\/wordpress\/wp-content\/uploads\/2021\/03\/199x267_GazzJunior_webinar.pdf\" class=\"pdfemb-viewer\" style=\"\" data-width=\"max\" data-height=\"max\" data-toolbar=\"top\" data-toolbar-fixed=\"on\">199x267_GazzJunior_webinar<\/a>\n<p>&nbsp;<\/p>\n<hr \/>\n<div dir=\"auto\">\n<div>\n<h2><span style=\"color: #800080;\"><strong>LA RASSEGNA STAMPA DA L&#8217;AMICO DEL POPOLO\u00a0<\/strong><\/span><\/h2>\n<h3 class=\"kvgmc6g5 cxmmr5t8 oygrvhab hcukyx3x c1et5uql\"><span style=\"color: #0000ff;\"> INFORMAZIONE il canale su TELEGRAM informazione di prima mano e in tempo reale. iscriviti ed aiutaci a farlo conoscere\u00a0<\/span><\/h3>\n<p><strong><a href=\"https:\/\/www.radiopiu.net\/wordpress\/il-comune-si-organizza-per-distribuire-i-buoni-spesa-ok\/federica-zasso\/\" rel=\"attachment wp-att-127029\"><img loading=\"lazy\" decoding=\"async\" class=\" wp-image-127029 alignleft\" src=\"https:\/\/www.radiopiu.net\/wordpress\/wp-content\/uploads\/2020\/04\/FEDERICA-ZASSO-222x300.jpg\" alt=\"\" width=\"124\" height=\"168\" srcset=\"https:\/\/www.radiopiu.net\/wordpress\/wp-content\/uploads\/2020\/04\/FEDERICA-ZASSO-222x300.jpg 222w, https:\/\/www.radiopiu.net\/wordpress\/wp-content\/uploads\/2020\/04\/FEDERICA-ZASSO.jpg 235w\" sizes=\"auto, (max-width: 124px) 100vw, 124px\" \/><\/a>di Gianni Santomaso<\/strong><\/p>\n<p>OSPITE: Federica Zasso<\/p>\n<audio class=\"wp-audio-shortcode\" id=\"audio-197920-21\" preload=\"none\" style=\"width: 100%;\" controls=\"controls\"><source type=\"audio\/mpeg\" src=\"https:\/\/www.radiopiu.net\/wordpress\/wp-content\/uploads\/2021\/03\/RASSEGNA-GIANNI-1.mp3?_=21\" \/><a href=\"https:\/\/www.radiopiu.net\/wordpress\/wp-content\/uploads\/2021\/03\/RASSEGNA-GIANNI-1.mp3\">https:\/\/www.radiopiu.net\/wordpress\/wp-content\/uploads\/2021\/03\/RASSEGNA-GIANNI-1.mp3<\/a><\/audio>\n<p><strong>LA RACCOLTA COMPLETA<\/strong><\/p>\n<blockquote class=\"wp-embedded-content\" data-secret=\"aBzN9EfNrC\"><p><a href=\"https:\/\/www.radiopiu.net\/wordpress\/rassegna-stampa-di-gianni-santomaso\/\">Rassegna stampa da l&#8217;amico del popolo &#8211; di Gianni Santomaso<\/a><\/p><\/blockquote>\n<p><iframe loading=\"lazy\" class=\"wp-embedded-content\" sandbox=\"allow-scripts\" security=\"restricted\" style=\"position: absolute; clip: rect(1px, 1px, 1px, 1px);\" title=\"&#8220;Rassegna stampa da l&#8217;amico del popolo &#8211; di Gianni Santomaso&#8221; &#8212; Radio Pi\u00f9\" src=\"https:\/\/www.radiopiu.net\/wordpress\/rassegna-stampa-di-gianni-santomaso\/embed\/#?secret=aBzN9EfNrC\" data-secret=\"aBzN9EfNrC\" width=\"600\" height=\"338\" frameborder=\"0\" marginwidth=\"0\" marginheight=\"0\" scrolling=\"no\"><\/iframe><\/p>\n<p>&nbsp;<\/p>\n<p>&nbsp;<\/p>\n<hr \/>\n<p>&nbsp;<\/p>\n<blockquote>\n<h3>SALUTE E SOCIETA&#8217; IL LUNEDI ALLE 13.10 E ALLE 20.10, LA DOMENICA ALLE 10.30 A CURA DEL DOTTOR MARCO CARACCIOLO. QUINTA STAGIONE<\/h3>\n<\/blockquote>\n<p><strong><a href=\"https:\/\/www.radiopiu.net\/wordpress\/giornale-radiopiu-16-marzo-2021-direttore-mirko-mezzacasa\/ba741df3-66d4-42a4-992b-1ea24faa47d8\/\" rel=\"attachment wp-att-197176\"><img loading=\"lazy\" decoding=\"async\" class=\"wp-image-197176 alignleft\" src=\"https:\/\/www.radiopiu.net\/wordpress\/wp-content\/uploads\/2021\/03\/ba741df3-66d4-42a4-992b-1ea24faa47d8-300x167.jpg\" alt=\"\" width=\"237\" height=\"132\" srcset=\"https:\/\/www.radiopiu.net\/wordpress\/wp-content\/uploads\/2021\/03\/ba741df3-66d4-42a4-992b-1ea24faa47d8-300x167.jpg 300w, https:\/\/www.radiopiu.net\/wordpress\/wp-content\/uploads\/2021\/03\/ba741df3-66d4-42a4-992b-1ea24faa47d8-768x427.jpg 768w, https:\/\/www.radiopiu.net\/wordpress\/wp-content\/uploads\/2021\/03\/ba741df3-66d4-42a4-992b-1ea24faa47d8.jpg 800w\" sizes=\"auto, (max-width: 237px) 100vw, 237px\" \/><\/a>LA PUNTATA DELLA SETTIMANA <\/strong>Colpisce circa 2 milioni di italiani ma \u00e8 ancora poco conosciuta. La sua diagnosi avviene con difficolt\u00e0 e spesso in ritardo. E\u2019 la fibromialgia, patologia che letteralmente significa dolore nei muscoli. Ad essa \u00e8 dedicato l\u2019instant book realizzato da Aisf-Odv, Associazione italiana Sindrome fibromialgica e scaricabile garatuitamente dal sito www.sindromefibromialgica.it Emilia Vaccaro ne ha parlato con Piercarlo Sarzi Puttini, presidente Aisf-Odv e Professore Ordinario di Reumatologia-Universit\u00e0 di Milano, Laura Bazzichi, Reumatologa dell\u2019AOU Pisana, Giusy Fabio vicepresidente Associazione Italiana Sindrome Fibromialgica<\/p>\n<audio class=\"wp-audio-shortcode\" id=\"audio-197920-22\" preload=\"none\" style=\"width: 100%;\" controls=\"controls\"><source type=\"audio\/mpeg\" src=\"https:\/\/www.radiopiu.net\/wordpress\/wp-content\/uploads\/2021\/03\/salute.mp3?_=22\" \/><a href=\"https:\/\/www.radiopiu.net\/wordpress\/wp-content\/uploads\/2021\/03\/salute.mp3\">https:\/\/www.radiopiu.net\/wordpress\/wp-content\/uploads\/2021\/03\/salute.mp3<\/a><\/audio>\n<h3><strong>LA RACCOLTA COMPLETA\u00a0<\/strong><\/h3>\n<blockquote class=\"wp-embedded-content\" data-secret=\"JMPui2kdNX\"><p><a href=\"https:\/\/www.radiopiu.net\/wordpress\/saluteesocieta\/\">Salute e Societ\u00e0<\/a><\/p><\/blockquote>\n<p><iframe loading=\"lazy\" class=\"wp-embedded-content\" sandbox=\"allow-scripts\" security=\"restricted\" style=\"position: absolute; clip: rect(1px, 1px, 1px, 1px);\" title=\"&#8220;Salute e Societ\u00e0&#8221; &#8212; Radio Pi\u00f9\" src=\"https:\/\/www.radiopiu.net\/wordpress\/saluteesocieta\/embed\/#?secret=JMPui2kdNX\" data-secret=\"JMPui2kdNX\" width=\"600\" height=\"338\" frameborder=\"0\" marginwidth=\"0\" marginheight=\"0\" scrolling=\"no\"><\/iframe><\/p>\n<p>&nbsp;<\/p>\n<\/div>\n<\/div>\n<p>&nbsp;<\/p>\n<hr \/>\n<blockquote>\n<h3><\/h3>\n<h3>CISL, LA VOCE DEI LAVORATORI. IL CONTRATTO NAZIONALE NELLE ASSEMBLEE E IL PREMIO PRUDUZIONE<\/h3>\n<\/blockquote>\n<p><strong>PUNTATA DEL 10 MARZO 2021<\/strong><\/p>\n<p>OSPITI: <strong>RAFFAELE SALVATONI,<\/strong> 50 anni Segretario nazionale della FEMCA CISL. Il numero uno dei tessili CISL bergamaschi\u00a0 ha assunto\u00a0 la responsabilit\u00e0 del settore moda.<strong> PAOLO CHISSALE&#8217;<\/strong> da qualche settimana in pensione, gi\u00e0 RSU Luxottica Agordo.<\/p>\n<p>audio<\/p>\n<audio class=\"wp-audio-shortcode\" id=\"audio-197920-23\" preload=\"none\" style=\"width: 100%;\" controls=\"controls\"><source type=\"audio\/mpeg\" src=\"https:\/\/www.radiopiu.net\/wordpress\/wp-content\/uploads\/2021\/03\/CISL.mp3?_=23\" \/><a href=\"https:\/\/www.radiopiu.net\/wordpress\/wp-content\/uploads\/2021\/03\/CISL.mp3\">https:\/\/www.radiopiu.net\/wordpress\/wp-content\/uploads\/2021\/03\/CISL.mp3<\/a><\/audio>\n<p>&nbsp;<\/p>\n\n\t\t\t<style type='text\/css'>\n\t\t\t\t#gallery-4 {\n\t\t\t\t\tmargin: auto;\n\t\t\t\t}\n\t\t\t\t#gallery-4 .gallery-item {\n\t\t\t\t\tfloat: left;\n\t\t\t\t\tmargin-top: 10px;\n\t\t\t\t\ttext-align: center;\n\t\t\t\t\twidth: 50%;\n\t\t\t\t}\n\t\t\t\t#gallery-4 img {\n\t\t\t\t\tborder: 2px solid #cfcfcf;\n\t\t\t\t}\n\t\t\t\t#gallery-4 .gallery-caption {\n\t\t\t\t\tmargin-left: 0;\n\t\t\t\t}\n\t\t\t\t\/* see gallery_shortcode() in wp-includes\/media.php *\/\n\t\t\t<\/style>\n\t\t<div id='gallery-4' class='dt-gallery-container gallery galleryid-197920 gallery-columns-2 gallery-size-thumbnail'><dl class='gallery-item'>\n\t\t\t\t<dt class='gallery-icon landscape'>\n\t\t\t\t\t<a class=\"rollover rollover-zoom dt-pswp-item\" title=\"th\" data-dt-img-description=\"\" data-large_image_width=\"300\" data-large_image_height=\"300\"href='https:\/\/www.radiopiu.net\/wordpress\/wp-content\/uploads\/2021\/03\/th-7.jpg'><img loading=\"lazy\" decoding=\"async\" width=\"150\" height=\"150\" src=\"https:\/\/www.radiopiu.net\/wordpress\/wp-content\/uploads\/2021\/03\/th-7-150x150.jpg\" class=\"attachment-thumbnail size-thumbnail\" alt=\"\" srcset=\"https:\/\/www.radiopiu.net\/wordpress\/wp-content\/uploads\/2021\/03\/th-7-150x150.jpg 150w, https:\/\/www.radiopiu.net\/wordpress\/wp-content\/uploads\/2021\/03\/th-7.jpg 300w\" sizes=\"auto, (max-width: 150px) 100vw, 150px\" \/><\/a>\n\t\t\t\t<\/dt><\/dl><dl class='gallery-item'>\n\t\t\t\t<dt class='gallery-icon landscape'>\n\t\t\t\t\t<a class=\"rollover rollover-zoom dt-pswp-item\" title=\"PAOLO CHISSALE\" data-dt-img-description=\"\" data-large_image_width=\"275\" data-large_image_height=\"183\"href='https:\/\/www.radiopiu.net\/wordpress\/wp-content\/uploads\/2018\/01\/PAOLO-CHISSALE.jpg'><img loading=\"lazy\" decoding=\"async\" width=\"150\" height=\"150\" src=\"https:\/\/www.radiopiu.net\/wordpress\/wp-content\/uploads\/2018\/01\/PAOLO-CHISSALE-150x150.jpg\" class=\"attachment-thumbnail size-thumbnail\" alt=\"\" \/><\/a>\n\t\t\t\t<\/dt><\/dl><br style=\"clear: both\" \/>\n\t\t\t<\/div>\n\n<p>&nbsp;<\/p>\n<p><a class=\"mejs-horizontal-volume-slider\" role=\"slider\" aria-label=\"Cursore del volume\" aria-valuemin=\"0\" aria-valuemax=\"100\" aria-valuenow=\"100\"><span class=\"mejs-offscreen\">.\u00a0<\/span><\/a><\/p>\n<hr \/>\n<div>\n<h2><span style=\"color: #000080;\"><a class=\"dt-pswp-item\" href=\"https:\/\/www.radiopiu.net\/wordpress\/wp-content\/uploads\/2020\/10\/pp.jpg\" data-dt-img-description=\"\" data-large_image_width=\"640\" data-large_image_height=\"640\"><img loading=\"lazy\" decoding=\"async\" class=\"wp-image-163678 alignleft\" src=\"https:\/\/www.radiopiu.net\/wordpress\/wp-content\/uploads\/2020\/10\/pp-300x300.jpg\" alt=\"\" width=\"106\" height=\"106\" srcset=\"https:\/\/www.radiopiu.net\/wordpress\/wp-content\/uploads\/2020\/10\/pp-300x300.jpg 300w, https:\/\/www.radiopiu.net\/wordpress\/wp-content\/uploads\/2020\/10\/pp-150x150.jpg 150w, https:\/\/www.radiopiu.net\/wordpress\/wp-content\/uploads\/2020\/10\/pp-125x125.jpg 125w, https:\/\/www.radiopiu.net\/wordpress\/wp-content\/uploads\/2020\/10\/pp-200x200.jpg 200w, https:\/\/www.radiopiu.net\/wordpress\/wp-content\/uploads\/2020\/10\/pp-80x80.jpg 80w, https:\/\/www.radiopiu.net\/wordpress\/wp-content\/uploads\/2020\/10\/pp-480x480.jpg 480w, https:\/\/www.radiopiu.net\/wordpress\/wp-content\/uploads\/2020\/10\/pp.jpg 640w\" sizes=\"auto, (max-width: 106px) 100vw, 106px\" \/><\/a><\/span><\/h2>\n<h2><span style=\"color: #000080;\">DON CESARE, IL PENSIERO DEL GIORNO. ALLA RADIO ALLE 7 DEL MATTINO E ALLE 19.30 DELLA SERA.\u00a0\u00a0<\/span><\/h2>\n<\/div>\n<p>&nbsp;<\/p>\n<p>&nbsp;<\/p>\n<p>&nbsp;<\/p>\n<p>&nbsp;<\/p>\n<p>&nbsp;<\/p>\n<hr \/>\n<p>&nbsp;<\/p>\n<p>&nbsp;<\/p>\n<blockquote>\n<h3 class=\"kvgmc6g5 cxmmr5t8 oygrvhab hcukyx3x c1et5uql\"><span style=\"color: #0000ff;\">INFORMAZIONE il canale su TELEGRAM informazione di prima mano e in tempo reale. iscriviti ed aiutaci a farlo conoscere\u00a0<\/span><\/h3>\n<\/blockquote>\n<h2><img loading=\"lazy\" decoding=\"async\" class=\"alignleft\" src=\"https:\/\/www.radiopiu.net\/wordpress\/wp-content\/uploads\/2021\/03\/narr.jpg\" width=\"158\" height=\"105\" \/>007 IN CONDOTTA CON LA PROF. MARIA ROSA SALMAZO IL LUNEDI ALLE 10,30 E ALLE 19.00 LA DOMENICA ALLE 8 DEL MATTINO. NONA STAGIONE<\/h2>\n<p><span style=\"color: #ff0000;\"><strong>PUNTATA DEL 15 MARZO 2021<\/strong><\/span><\/p>\n<audio class=\"wp-audio-shortcode\" id=\"audio-197920-24\" preload=\"none\" style=\"width: 100%;\" controls=\"controls\"><source type=\"audio\/mpeg\" src=\"https:\/\/www.radiopiu.net\/wordpress\/wp-content\/uploads\/2021\/03\/007-15-marzo.mp3?_=24\" \/><a href=\"https:\/\/www.radiopiu.net\/wordpress\/wp-content\/uploads\/2021\/03\/007-15-marzo.mp3\">https:\/\/www.radiopiu.net\/wordpress\/wp-content\/uploads\/2021\/03\/007-15-marzo.mp3<\/a><\/audio>\n<p>&nbsp;<\/p>\n<h2>LA RACCOLTA COMPLETA<\/h2>\n<blockquote class=\"wp-embedded-content\" data-secret=\"z6jRAAdDoN\"><p><a href=\"https:\/\/www.radiopiu.net\/wordpress\/007incondotta-9\/\">007 in condotta<\/a><\/p><\/blockquote>\n<p><iframe loading=\"lazy\" class=\"wp-embedded-content\" sandbox=\"allow-scripts\" security=\"restricted\" style=\"position: absolute; clip: rect(1px, 1px, 1px, 1px);\" title=\"&#8220;007 in condotta&#8221; &#8212; Radio Pi\u00f9\" src=\"https:\/\/www.radiopiu.net\/wordpress\/007incondotta-9\/embed\/#?secret=z6jRAAdDoN\" data-secret=\"z6jRAAdDoN\" width=\"600\" height=\"338\" frameborder=\"0\" marginwidth=\"0\" marginheight=\"0\" scrolling=\"no\"><\/iframe><\/p>\n<blockquote><p>&nbsp;<\/p>\n<p>&nbsp;<\/p><\/blockquote>\n<hr \/>\n<p>&nbsp;<\/p>\n<p>&nbsp;<\/p>\n<div>\n<h2><span style=\"color: #33cccc;\">I RACCONTI DI PAOLO SOPPELSA il lunedi alle 9.30 e 18.30<\/span><\/h2>\n<blockquote class=\"wp-embedded-content\" data-secret=\"vYb7wLHPRG\"><p><a href=\"https:\/\/www.radiopiu.net\/wordpress\/i-racconti-di-paolo-soppelsa-sessantaseiesima-puntata\/\">I RACCONTI DI PAOLO SOPPELSA SESSANTASEIESIMA PUNTATA<\/a><\/p><\/blockquote>\n<p><iframe loading=\"lazy\" class=\"wp-embedded-content\" sandbox=\"allow-scripts\" security=\"restricted\" style=\"position: absolute; clip: rect(1px, 1px, 1px, 1px);\" title=\"&#8220;I RACCONTI DI PAOLO SOPPELSA SESSANTASEIESIMA PUNTATA&#8221; &#8212; Radio Pi\u00f9\" src=\"https:\/\/www.radiopiu.net\/wordpress\/i-racconti-di-paolo-soppelsa-sessantaseiesima-puntata\/embed\/#?secret=vYb7wLHPRG\" data-secret=\"vYb7wLHPRG\" width=\"600\" height=\"338\" frameborder=\"0\" marginwidth=\"0\" marginheight=\"0\" scrolling=\"no\"><\/iframe><\/p>\n<h3 class=\"kvgmc6g5 cxmmr5t8 oygrvhab hcukyx3x c1et5uql\"><span style=\"color: #0000ff;\">INFORMAZIONE il canale su TELEGRAM informazione di prima mano e in tempo reale. iscriviti ed aiutaci a farlo conoscere\u00a0<\/span><\/h3>\n<h2><span style=\"color: #33cccc;\"><strong>RACCOLTA COMPLETA<\/strong><\/span><\/h2>\n<blockquote class=\"wp-embedded-content\" data-secret=\"4hyN0XjSDU\"><p><a href=\"https:\/\/www.radiopiu.net\/wordpress\/i-racconti-di-paolo-soppelsa\/\">I racconti di Paolo Soppelsa<\/a><\/p><\/blockquote>\n<p><iframe loading=\"lazy\" class=\"wp-embedded-content\" sandbox=\"allow-scripts\" security=\"restricted\" style=\"position: absolute; clip: rect(1px, 1px, 1px, 1px);\" title=\"&#8220;I racconti di Paolo Soppelsa&#8221; &#8212; Radio Pi\u00f9\" src=\"https:\/\/www.radiopiu.net\/wordpress\/i-racconti-di-paolo-soppelsa\/embed\/#?secret=4hyN0XjSDU\" data-secret=\"4hyN0XjSDU\" width=\"600\" height=\"338\" frameborder=\"0\" marginwidth=\"0\" marginheight=\"0\" scrolling=\"no\"><\/iframe><\/p>\n<\/div>\n<p>&nbsp;<\/p>\n<p>&nbsp;<\/p>\n<hr \/>\n<p>&nbsp;<\/p>\n<div>\n<p>&nbsp;<\/p>\n<blockquote>\n<h2><a href=\"https:\/\/www.radiopiu.net\/wordpress\/speciale-solidarieta-veneto\/solidarieta-veneto-3\/\" rel=\"attachment wp-att-134366\"><img loading=\"lazy\" decoding=\"async\" class=\"wp-image-134366 alignleft\" src=\"https:\/\/www.radiopiu.net\/wordpress\/wp-content\/uploads\/2020\/05\/solidariet\u00e0-veneto-300x210.jpg\" alt=\"\" width=\"102\" height=\"71\" srcset=\"https:\/\/www.radiopiu.net\/wordpress\/wp-content\/uploads\/2020\/05\/solidariet\u00e0-veneto-300x210.jpg 300w, https:\/\/www.radiopiu.net\/wordpress\/wp-content\/uploads\/2020\/05\/solidariet\u00e0-veneto-1024x717.jpg 1024w, https:\/\/www.radiopiu.net\/wordpress\/wp-content\/uploads\/2020\/05\/solidariet\u00e0-veneto-768x538.jpg 768w, https:\/\/www.radiopiu.net\/wordpress\/wp-content\/uploads\/2020\/05\/solidariet\u00e0-veneto.jpg 1373w\" sizes=\"auto, (max-width: 102px) 100vw, 102px\" \/><\/a>SOLIDARIETA&#8217; VENETO FONDO PENSIONE, IN ONDA IL PRIMO VENERDI DEL MESE ALLE 10.30 E ALLE 19.00 QUINTA STAGIONE<\/h2>\n<\/blockquote>\n<p><strong>AUDIO MARZO 2021<\/strong><\/p>\n<audio class=\"wp-audio-shortcode\" id=\"audio-197920-25\" preload=\"none\" style=\"width: 100%;\" controls=\"controls\"><source type=\"audio\/mpeg\" src=\"https:\/\/www.radiopiu.net\/wordpress\/wp-content\/uploads\/2021\/03\/solidarieta-veneto-marzo.mp3?_=25\" \/><a href=\"https:\/\/www.radiopiu.net\/wordpress\/wp-content\/uploads\/2021\/03\/solidarieta-veneto-marzo.mp3\">https:\/\/www.radiopiu.net\/wordpress\/wp-content\/uploads\/2021\/03\/solidarieta-veneto-marzo.mp3<\/a><\/audio>\n<p>&nbsp;<\/p>\n<blockquote>\n<h2>RACCOLTA COMPLETA<\/h2>\n<\/blockquote>\n<blockquote class=\"wp-embedded-content\" data-secret=\"wvi2SVYVXd\"><p><a href=\"https:\/\/www.radiopiu.net\/wordpress\/solidarieta-veneto\/\">Solidariet\u00e0 Veneto<\/a><\/p><\/blockquote>\n<p><iframe loading=\"lazy\" class=\"wp-embedded-content\" sandbox=\"allow-scripts\" security=\"restricted\" style=\"position: absolute; clip: rect(1px, 1px, 1px, 1px);\" title=\"&#8220;Solidariet\u00e0 Veneto&#8221; &#8212; Radio Pi\u00f9\" src=\"https:\/\/www.radiopiu.net\/wordpress\/solidarieta-veneto\/embed\/#?secret=wvi2SVYVXd\" data-secret=\"wvi2SVYVXd\" width=\"600\" height=\"338\" frameborder=\"0\" marginwidth=\"0\" marginheight=\"0\" scrolling=\"no\"><\/iframe><\/p>\n<p>&nbsp;<\/p>\n<hr \/>\n<\/div>\n<p>&nbsp;<\/p>\n<blockquote><p>&nbsp;<\/p><\/blockquote>\n<div>\n<h2><span style=\"color: #ff0000;\">ALLA RADIO<\/span><\/h2>\n<\/div>\n<div>\n<h2><strong>LE\u00a0 PUNTATE di Luisa Alchini di Leggermente Bellunesi, la domenica alle 11, <span style=\"color: #0000ff;\">IL MARTEDI IN PRIMA EDIZIONE\u00a0<\/span> alle 10.30 e alle 19.00<\/strong><\/h2>\n<\/div>\n<div>\n<p><strong><a href=\"https:\/\/www.radiopiu.net\/wordpress\/legger-mente-bellunesi-02-marzo-2021\/156828176_1598288807025847_358448174778964781_o\/\" rel=\"attachment wp-att-194538\"><img loading=\"lazy\" decoding=\"async\" class=\" wp-image-194538 alignleft\" src=\"https:\/\/www.radiopiu.net\/wordpress\/wp-content\/uploads\/2021\/03\/156828176_1598288807025847_358448174778964781_o-206x300.jpg\" alt=\"\" width=\"86\" height=\"125\" srcset=\"https:\/\/www.radiopiu.net\/wordpress\/wp-content\/uploads\/2021\/03\/156828176_1598288807025847_358448174778964781_o-206x300.jpg 206w, https:\/\/www.radiopiu.net\/wordpress\/wp-content\/uploads\/2021\/03\/156828176_1598288807025847_358448174778964781_o.jpg 685w\" sizes=\"auto, (max-width: 86px) 100vw, 86px\" \/><\/a><\/strong><\/p>\n<\/div>\n<div>\n<h3>La gloriosa carriera del perito minerario Gianni Rivis raccontata nel libro di ricordi.<\/h3>\n<p>&nbsp;<\/p>\n<\/div>\n<h2><\/h2>\n<audio class=\"wp-audio-shortcode\" id=\"audio-197920-26\" preload=\"none\" style=\"width: 100%;\" controls=\"controls\"><source type=\"audio\/mpeg\" src=\"https:\/\/www.radiopiu.net\/wordpress\/wp-content\/uploads\/2021\/03\/20leggermentegiannirivis2021.mp3?_=26\" \/><a href=\"https:\/\/www.radiopiu.net\/wordpress\/wp-content\/uploads\/2021\/03\/20leggermentegiannirivis2021.mp3\">https:\/\/www.radiopiu.net\/wordpress\/wp-content\/uploads\/2021\/03\/20leggermentegiannirivis2021.mp3<\/a><\/audio>\n<blockquote>\n<div>\n<h2><strong style=\"font-size: 14px;\"><span style=\"color: #000000;\">RACCOLTA COMPLETA<\/span><\/strong><\/h2>\n<\/div>\n<blockquote class=\"wp-embedded-content\" data-secret=\"W3kJ5GPqmE\"><p><a href=\"https:\/\/www.radiopiu.net\/wordpress\/leggermente-20\/\">LEGGERmente&#8230;Bellunesi<\/a><\/p><\/blockquote>\n<p><iframe loading=\"lazy\" class=\"wp-embedded-content\" sandbox=\"allow-scripts\" security=\"restricted\" style=\"position: absolute; clip: rect(1px, 1px, 1px, 1px);\" title=\"&#8220;LEGGERmente&#8230;Bellunesi&#8221; &#8212; Radio Pi\u00f9\" src=\"https:\/\/www.radiopiu.net\/wordpress\/leggermente-20\/embed\/#?secret=W3kJ5GPqmE\" data-secret=\"W3kJ5GPqmE\" width=\"600\" height=\"338\" frameborder=\"0\" marginwidth=\"0\" marginheight=\"0\" scrolling=\"no\"><\/iframe><\/p>\n<p>&nbsp;<\/p><\/blockquote>\n<h2><\/h2>\n<h3><\/h3>\n<div dir=\"auto\">\n<hr \/>\n<p>&nbsp;<\/p>\n<div>\n<p class=\"photoswipe-wrapper\"><a class=\"dt-pswp-item pspw-wrap-ready\" href=\"https:\/\/i0.wp.com\/www.radiopiu.net\/wordpress\/wp-content\/uploads\/2018\/09\/viabilita.jpeg?ssl=1\" data-dt-img-description=\"\" data-large_image_width=\"800\" data-large_image_height=\"100\"><img loading=\"lazy\" decoding=\"async\" class=\"aligncenter wp-image-61954 size-full\" src=\"https:\/\/i0.wp.com\/www.radiopiu.net\/wordpress\/wp-content\/uploads\/2018\/09\/viabilita.jpeg?resize=800%2C100&amp;ssl=1\" sizes=\"auto, (max-width: 800px) 100vw, 800px\" srcset=\"https:\/\/i0.wp.com\/www.radiopiu.net\/wordpress\/wp-content\/uploads\/2018\/09\/viabilita.jpeg?w=800&amp;ssl=1 800w, https:\/\/i0.wp.com\/www.radiopiu.net\/wordpress\/wp-content\/uploads\/2018\/09\/viabilita.jpeg?resize=300%2C38&amp;ssl=1 300w, https:\/\/i0.wp.com\/www.radiopiu.net\/wordpress\/wp-content\/uploads\/2018\/09\/viabilita.jpeg?resize=768%2C96&amp;ssl=1 768w\" alt=\"\" width=\"800\" height=\"100\" \/><\/a><\/p>\n<\/div>\n<p>&nbsp;<\/p>\n<p><strong>SP 473 CROCE<\/strong> <strong>D&#8217;AUNE<\/strong> Dalle 8 alle 18, dal 23 marzo al 30 aprile compresi sabato domenica e festivi, senso unico alternato regolato da impianto semaforico in comune di Sovramonte per sostituzione barriere di sicurezza<\/p>\n<p><strong>SR 48 DELLE DOLOMITI\u00a0<\/strong>Dal 22 marzo al 30 aprile, dalle 7 alle 18 esclusi sabato domenica e festivi, interruzioni alla viabilit\u00e0 della durata massima di 20 minuti e senso unico alternato regolato da impianto semaforico per messa in sicurezza del versante a monte della strada in comune di Livinallongo<\/p>\n<p><strong>SR 203 AGORDINA<\/strong> il 20 e 21 marzo a Colle Santa Lucia in localit\u00e0 Col de Battaia istituzione di senso unico alternato regolato da impianto semaforico per lavori di consolidamento del ciglio stradale<\/p>\n<p><strong>SR 204 BELLUNO MAS<\/strong> dal 22 al 26 marzo in localit\u00e0 Antole istituzione di senso unico alternato regolato da impianto semaforico per messa in sicurezza del ponte<\/p>\n<p><strong>SP 473 CROCE D&#8217;AUNE<\/strong> dal 18 marzo al 15 aprile interdizione totale al traffico in localit\u00e0 Pedavena per ristrutturazione fabbricato. Traffico deviato su Via Trento<\/p>\n<p><strong>SP 473 CROCE D&#8217;AUNE\u00a0<\/strong> dal 18 marzo al 16 aprile, in localit\u00e0 Sarzen, interdizione totale alla viabilit\u00e0 ad eccezione di domeniche e festivi infrasettimanali per lavori di posa canalizzazioni per conto di E-Distribuzione. Transito consentito solo a mezzi pubblici, scolastici e di soccorso<\/p>\n<p><strong>SP 3 VAL IMPERINA\u00a0<\/strong>Dal 20 al 31 marzo, esclusi sabato e domenica, interdizione totale al traffico a fasce orarie tra Forcella Franche e Vallasin per lavori di messa in sicurezza della strada. Le chiusure dalle 8 alle 12:45, dalle 13:45 alle 15:50 e dalle 16:10 alle 17:45<\/p>\n<p><strong>SP 26 DIGOMAN\u00a0<\/strong>dal 22 marzo al 3 aprile interdizione totale al traffico in comune di Rivamonte dalle 8 alle 17, domeniche escluse, per lavori di esbosco schianti Vaia. Negli altri orari senso unico alternato regolato da impianto semaforico.<\/p>\n<p>&nbsp;<\/p>\n<p><strong>203 AGORDINA LIVINALLONGO <\/strong>dal 15 marzo per un mese (inclusi festivi e prefestivi) senso unico in localit\u00e0 Ponte Pignazza<\/p>\n<p><strong>SP 251 DELLA VAL DI ZOLDO E CELLINA<\/strong> Istituzione di senso unico alternato regolato da semaforo nel comune di Val di Zoldo per messa in sicurezza della strada<\/p>\n<p><strong>SP 42 CAVALLERA<\/strong> fino a revoca, chiusura della strada nell&#8217;abitato di Perarolo per attivazione emergenza frana &#8220;Busa del Cristo&#8221;<\/p>\n<p><strong>S.P.2 DELLA VALLE DEL MIS\u00a0<\/strong>Interdizione totale al traffico fino a revoca dal km 14,920 (localit\u00e0 Gona Bassa) al km 20,650 (localit\u00e0 Titele) per cedimento della carreggiata<\/p>\n<p><strong>S.P. 5 DI LAMOSANO<\/strong>\u00a0Interdizione totale fino a revoca per presenza di materiale e alberi in strada.<\/p>\n<p><strong>SP 3 DELLA VAL IMPERINA<\/strong> fino a revoca, senso unico alternato regolato a vista in localit\u00e0 Gona di Conedera di Rivamonte per cedimento della carreggiata stradale<\/p>\n<p><strong>PROVINCIALE 2, VALLE DEL MIS KM 9 -14\u00a0 <\/strong>Fino al 30 MARZO dalle 7.30 alle 17.30, sabato e domenica esclusi, senso unico alternato regolato da movieri o a vista, tratti di 100 metri. Ripristino reti lato strada.<\/p>\n<\/div>\n<p><b>\u00a0<\/b><\/p>\n<p>&nbsp;<\/p>\n<div dir=\"auto\">\n<hr \/>\n<p>&nbsp;<\/p>\n<div>\n<p class=\"photoswipe-wrapper\"><a class=\"dt-pswp-item pspw-wrap-ready\" href=\"https:\/\/i0.wp.com\/www.radiopiu.net\/wordpress\/wp-content\/uploads\/2018\/09\/WhatsApp-Image-2018-09-20-at-16.04.06.jpeg?ssl=1\" data-dt-img-description=\"\" data-large_image_width=\"800\" data-large_image_height=\"100\"><img loading=\"lazy\" decoding=\"async\" class=\"aligncenter wp-image-61378 size-full jetpack-lazy-image jetpack-lazy-image--handled\" src=\"https:\/\/i0.wp.com\/www.radiopiu.net\/wordpress\/wp-content\/uploads\/2018\/09\/WhatsApp-Image-2018-09-20-at-16.04.06.jpeg?resize=800%2C100&amp;ssl=1\" sizes=\"auto, (max-width: 800px) 100vw, 800px\" srcset=\"https:\/\/i0.wp.com\/www.radiopiu.net\/wordpress\/wp-content\/uploads\/2018\/09\/WhatsApp-Image-2018-09-20-at-16.04.06.jpeg?w=800&amp;ssl=1 800w, https:\/\/i0.wp.com\/www.radiopiu.net\/wordpress\/wp-content\/uploads\/2018\/09\/WhatsApp-Image-2018-09-20-at-16.04.06.jpeg?resize=300%2C38&amp;ssl=1 300w, https:\/\/i0.wp.com\/www.radiopiu.net\/wordpress\/wp-content\/uploads\/2018\/09\/WhatsApp-Image-2018-09-20-at-16.04.06.jpeg?resize=768%2C96&amp;ssl=1 768w\" alt=\"\" width=\"800\" height=\"100\" data-lazy-loaded=\"1\" \/><\/a><\/p>\n<\/div>\n<p>&nbsp;<\/p>\n<\/div>\n<p><center><b>Sabato 20<\/b><\/center><b>Tempo atteso: <\/b>Inizialmente tempo variabile\/instabile con tratti di sereno e nuvolosit\u00e0 irregolare, le cui intensit\u00e0 ed estensione potranno variare sensibilmente da un settore all&#8217;altro, senza poter definire con precisione dove e quando? Contesto che dar\u00e0 luogo a debolissimi e sporadici fenomeni, specie sulle Prealpi. Al pomeriggio attenuazione della nuvolosit\u00e0 e miglioramento del tempo con rasserenamenti a partire dalle Dolomiti, in estensione ovunque in serata. Far\u00e0 assai freddo nei fondovalle e prettamente invernale in quota.<br \/>\n<b>Precipitazioni: <\/b>Nella prima parte della giornata probabili debolissime e sporadiche precipitazioni, nevose oltre i 300\/400 m, specie sulle Prealpi centro-occidentale (30\/40%), altrove la probabilit\u00e0 sar\u00e0 minore (10\/20%). Al pomeriggio il rischio diventer\u00e0 assente quasi ovunque o molto residuo sulle Prealpi.<br \/>\n<b>Temperature: <\/b>In lieve calo, salvo stazionariet\u00e0 o lieve aumento delle minime nelle valli. L&#8217;ambiente sar\u00e0 gelido in quota e invernale fino nei fondovalle con valori di 8\/9\u00b0C sotto le medie del periodo e intense gelate notturne. Sono previste punte di 3\/5\u00b0C nei fondovalle prealpini e di -2\/1\u00b0C a 1000\/1200 m. Su Prealpi a 1500 m min -8\u00b0C max -5\u00b0C, a 2000 m min -11\u00b0C max -9\u00b0C. Su Dolomiti a 2000 m min -13\u00b0C max -10\u00b0C, a 3000 m min -20\u00b0C max -19\u00b0C.<br \/>\n<b>Venti: <\/b>Nelle valli deboli di direzione variabile; in quota deboli\/moderati da nord-est a inizio giornata, in rinforzo fino a moderati\/tesi, sempre da nord-est, a 10-25 km\/h a 2000 m e 20-45 km\/h a 3000 m.<\/p>\n<hr \/>\n<p><center><b>Domenica 21<\/b><\/center><b>Tempo atteso: <\/b>Sole, cielo sereno, salvo temporanee nubi medie sulle Dolomiti al mattino. Aria tersa e ottima visibilit\u00e0. Contesto termico ancora freddo e di nuovo ventoso in quota, dove si avvertir\u00e0 un contenuto effetto wind chill. Nelle valli freddo di notte con forti gelate notturne e forte escursione termica diurna grazie al buon soleggiamento e in alcuni casi al Foehn.<br \/>\n<b>Precipitazioni: <\/b>Assenti (0%)<br \/>\n<b>Temperature: <\/b>Minime in ulteriore lieve calo con intense gelate notturne (anche -8\/-12\u00b0C nei settori innevati a 1000\/1400 m); massime in leggera ripresa, pi\u00f9 avvertita in quota. Sono previste punte di 5\/6\u00b0C nei fondovalle prealpini e di 0\/3\u00b0C a 1000\/1200 m. Su Prealpi a 1500 m min -9\u00b0C max -2\u00b0C, a 2000 m min -12\u00b0C max -6\u00b0C. Su Dolomiti a 2000 m min -14\u00b0C max -7\u00b0C, a 3000 m min -21\u00b0C max -17\u00b0C.<br \/>\n<b>Venti: <\/b>Nelle valli deboli a regime di brezza, salvo locali rinforzi notturni su alcuni settori prealpini, anche per episodi di Foehn al pomeriggio\/sera; in quota moderati\/tesi da nord nord-est, in rinforzo fino forti al pomeriggio\/sera, a 10-35 km\/h a 2000 m e 30-75 km\/h a 3000 m.<\/p>\n<hr \/>\n<p><center><b>Lunedi 22<\/b><\/center>Sole, cielo perlopi\u00f9 sereno o poco nuvoloso, aria tersa e ottima visibilit\u00e0 su tutti i settori. Temperature in contenuto rialzo, eccetto le minime in alta quota, dove saranno osservate alla sera. Venti tesi\/forti da nord nord-est in alta quota e sulle dorsali prealpine; moderati nelle valli, con rinforzi per episodi di Foehn.<\/p>\n<hr \/>\n<p><center><b>Martedi 23<\/b><\/center>Sole, cielo sereno, aria tersa e ottima visibilit\u00e0. Temperature in ulteriore aumento a tutte le quote. Venti moderati da nord in quota, a tratti tesi sulle cime pi\u00f9 alte e sulle dorsali prealpine al mattino; deboli\/moderati per brezze nelle valli. Previsore: R.L.Th.<\/p>\n<p>&nbsp;<\/p>\n<hr \/>\n<p>&nbsp;<\/p>\n<p><a href=\"https:\/\/www.radiopiu.net\/wordpress\/giornale-radiopiu-15-settembre-2018-direttore-mirko-mezzacasa\/sport-7\/\" rel=\"attachment wp-att-60761\"><img loading=\"lazy\" decoding=\"async\" class=\"wp-image-60761 size-full aligncenter\" src=\"https:\/\/www.radiopiu.net\/wordpress\/wp-content\/uploads\/2018\/09\/sport.jpg\" alt=\"\" width=\"800\" height=\"100\" srcset=\"https:\/\/www.radiopiu.net\/wordpress\/wp-content\/uploads\/2018\/09\/sport.jpg 800w, https:\/\/www.radiopiu.net\/wordpress\/wp-content\/uploads\/2018\/09\/sport-300x38.jpg 300w, https:\/\/www.radiopiu.net\/wordpress\/wp-content\/uploads\/2018\/09\/sport-768x96.jpg 768w\" sizes=\"auto, (max-width: 800px) 100vw, 800px\" \/><\/a><\/p>\n<p>&nbsp;<\/p>\n<p>&nbsp;<\/p>\n<blockquote>\n<h2><a href=\"https:\/\/www.radiopiu.net\/wordpress\/i-presidenti-delle-squadre-di-seconda-categoria-girone-r-sul-piede-di-guerra-chiedono-un-incontro-urgente-con-lnd-e-ulss\/calcio-2020-2\/\" rel=\"attachment wp-att-162226\"><img loading=\"lazy\" decoding=\"async\" class=\" wp-image-162226 alignleft\" src=\"https:\/\/www.radiopiu.net\/wordpress\/wp-content\/uploads\/2020\/09\/calcio-2020-300x169.jpg\" alt=\"\" width=\"204\" height=\"115\" srcset=\"https:\/\/www.radiopiu.net\/wordpress\/wp-content\/uploads\/2020\/09\/calcio-2020-300x169.jpg 300w, https:\/\/www.radiopiu.net\/wordpress\/wp-content\/uploads\/2020\/09\/calcio-2020-1024x576.jpg 1024w, https:\/\/www.radiopiu.net\/wordpress\/wp-content\/uploads\/2020\/09\/calcio-2020-768x432.jpg 768w, https:\/\/www.radiopiu.net\/wordpress\/wp-content\/uploads\/2020\/09\/calcio-2020-1536x864.jpg 1536w, https:\/\/www.radiopiu.net\/wordpress\/wp-content\/uploads\/2020\/09\/calcio-2020-640x360.jpg 640w, https:\/\/www.radiopiu.net\/wordpress\/wp-content\/uploads\/2020\/09\/calcio-2020.jpg 1920w\" sizes=\"auto, (max-width: 204px) 100vw, 204px\" \/><\/a>UN&#8217;ALTRA ESTATE SENZA I CAMPIONI DEL CALCIO LOCALE<\/h2>\n<\/blockquote>\n<p><strong>DI GIANNI SANTOMASO<\/strong><\/p>\n<audio class=\"wp-audio-shortcode\" id=\"audio-197920-27\" preload=\"none\" style=\"width: 100%;\" controls=\"controls\"><source type=\"audio\/mpeg\" src=\"https:\/\/www.radiopiu.net\/wordpress\/wp-content\/uploads\/2021\/03\/GIANNI-CALCIO.mp3?_=27\" \/><a href=\"https:\/\/www.radiopiu.net\/wordpress\/wp-content\/uploads\/2021\/03\/GIANNI-CALCIO.mp3\">https:\/\/www.radiopiu.net\/wordpress\/wp-content\/uploads\/2021\/03\/GIANNI-CALCIO.mp3<\/a><\/audio>\n<p>&nbsp;<\/p>\n<p>&nbsp;<\/p>\n<p>&nbsp;<\/p>\n<hr \/>\n<p>&nbsp;<\/p>\n<blockquote>\n<h3>QUESTA SERA GARA 3 TRA MERANO ED ALLEGHE, CIVETTE COSTRETTE A VINCERE PER ALLUNGARE LA SERIE ED EVITARE L&#8217;ELIMINAZIONE<\/h3>\n<\/blockquote>\n<p><strong><a href=\"https:\/\/www.radiopiu.net\/wordpress\/il-calendario-ufficiale-dellitalian-hockey-league\/logo-alleghe-hockey\/\" rel=\"attachment wp-att-95699\"><img loading=\"lazy\" decoding=\"async\" class=\"wp-image-95699 alignleft\" src=\"https:\/\/www.radiopiu.net\/wordpress\/wp-content\/uploads\/2019\/08\/logo-alleghe-hockey-300x281.png\" alt=\"\" width=\"151\" height=\"141\" srcset=\"https:\/\/www.radiopiu.net\/wordpress\/wp-content\/uploads\/2019\/08\/logo-alleghe-hockey-300x281.png 300w, https:\/\/www.radiopiu.net\/wordpress\/wp-content\/uploads\/2019\/08\/logo-alleghe-hockey.png 547w\" sizes=\"auto, (max-width: 151px) 100vw, 151px\" \/><\/a>ALLEGHE<\/strong> Si gioca questa sera alle 19:30 gara 3 dei quarti di finale tra Merano ed Alleghe. Gli altoatesini sono in vantaggio per 2 a 0 nella serie e una vittoria dei meranesi vorrebbe dire fine della stagione per le civette. Agordini costretti a vincere per allungare la serie con la speranza di avere ancora qualche possibilit\u00e0 di passare il turno. Cosa non facile contro una corazzata come il Merano, squadra candidata alla conquista del titolo. Radio Piu&#8217; seguir\u00e0 in diretta la partita a partire dalle 19:30 con &#8220;Hockey Al Punto Giusto&#8221;, racconter\u00e0 la partita dalla MeranArena Federico Paganin.<\/p>\n<p><strong>LA PRESENTAZIONE A CURA DI ROBERTO MIANA<\/strong><\/p>\n<audio class=\"wp-audio-shortcode\" id=\"audio-197920-28\" preload=\"none\" style=\"width: 100%;\" controls=\"controls\"><source type=\"audio\/mpeg\" src=\"https:\/\/www.radiopiu.net\/wordpress\/wp-content\/uploads\/2021\/03\/MIANA-QUARTI-GARA-3.mp3?_=28\" \/><a href=\"https:\/\/www.radiopiu.net\/wordpress\/wp-content\/uploads\/2021\/03\/MIANA-QUARTI-GARA-3.mp3\">https:\/\/www.radiopiu.net\/wordpress\/wp-content\/uploads\/2021\/03\/MIANA-QUARTI-GARA-3.mp3<\/a><\/audio>\n<p>&nbsp;<\/p>\n<hr \/>\n<p>&nbsp;<\/p>\n<blockquote>\n<h3>POMARE&#8217; D&#8217;ARGENTO IN VALLE D&#8217;AOSTA E SKI COLLEGE AL QUARTO POSTO<\/h3>\n<\/blockquote>\n<p><strong><img loading=\"lazy\" decoding=\"async\" class=\"alignleft\" src=\"https:\/\/www.radiopiu.net\/wordpress\/wp-content\/uploads\/2021\/03\/pomare-ambra-2020-2021-scaled.jpg\" width=\"191\" height=\"127\" \/>PILA<\/strong> Grande giornata\u00a0 per il comitato Veneto ai Campionati italiani Aspiranti di sci alpino. Nel gigante femminile, infatti, \u00e8 arrivata la medaglia: uno splendido argento, conquistato da Ambra Pomar\u00e8 (foto). La portacolori dello Sci club Cortina ha chiuso al secondo posto, ad appena 5 centesimi dalla vincitrice, Beatrice Sola. Al termine della prima manche Ambra era seconda, a pari merito con Aurora Zavatarelli: staccate di 4 centesimi dalla Sola. La portacolori dello Ski College Veneto di Falcade \u00e8 arrivata quarta, lontana appena 9 centesimi dal podio.<\/p>\n<p><a href=\"https:\/\/www.fis-ski.com\/DB\/general\/event-details.html?sectorcode=AL&amp;eventid=47409&amp;seasoncode=2021\">Qui<\/a> le classifiche. FONTE fisiveneto.com<\/p>\n<p>&nbsp;<\/p>\n<hr \/>\n<blockquote>\n<h3><a href=\"https:\/\/www.radiopiu.net\/wordpress\/giornale-radiopiu-20-marzo-2021-direttore-mirko-mezzacasa\/17309810_400491970306092_336252210194568325_n-4\/\" rel=\"attachment wp-att-198138\"><img loading=\"lazy\" decoding=\"async\" class=\"wp-image-198138 alignleft\" src=\"https:\/\/www.radiopiu.net\/wordpress\/wp-content\/uploads\/2021\/03\/17309810_400491970306092_336252210194568325_n-1-300x300.jpg\" alt=\"\" width=\"131\" height=\"131\" srcset=\"https:\/\/www.radiopiu.net\/wordpress\/wp-content\/uploads\/2021\/03\/17309810_400491970306092_336252210194568325_n-1-300x300.jpg 300w, https:\/\/www.radiopiu.net\/wordpress\/wp-content\/uploads\/2021\/03\/17309810_400491970306092_336252210194568325_n-1-150x150.jpg 150w, https:\/\/www.radiopiu.net\/wordpress\/wp-content\/uploads\/2021\/03\/17309810_400491970306092_336252210194568325_n-1.jpg 647w\" sizes=\"auto, (max-width: 131px) 100vw, 131px\" \/><\/a>LUCIA DALMASSO IN GERMANIA EMANUELE CANAL IN RUSSIA<\/h3>\n<\/blockquote>\n<div class=\"articlePlainText\"><strong>FALCADE<\/strong> L&#8217;agordina dello Ski Team Fassa \u00e8 a Berchtesgaden, in Germania, per una due giorni che prevede oggi lo slalom e domani lo slalom a squadre.\u00a0 Il feltrino Emanuele Canal (Valbelluna Freeski) \u00e8 invece a Krasnoyarsk, in Russia, per i Mondiali juniores di freeski.<\/div>\n<div><\/div>\n<div><\/div>\n","protected":false},"excerpt":{"rendered":"<p>PER RICEVERE QUESTO NOTIZIARIO DIRETTAMENTE SUL TUO CELLULARE ISCRIVITI AL CANALE TELEGRAM \u201cRADIO PIU\u00a0 INFORMAZIONE&#8221;\u00a0 SUPERATI I 3000 ISCRITTI, il CANALE TELEGRAM&#8230; UNISCITI A: RADIO PIU INFORMAZIONE &nbsp; &nbsp; &nbsp; ATTENZIONE: LA NUOVA APP PER IOS-IPHONE di Nicola Vettorello https:\/\/apps.apple.com\/it\/app\/radio-pi%C3%B9-emittente-agordina\/id1515939845 ATTENZIONE: LA NUOVA APP RADIO\u00a0 PER ANDROID di Nicola Vettorello https:\/\/play.google.com\/store\/apps\/details?id=net.radiopiu.iniko &nbsp; &nbsp; IL MESSAGGIO&hellip;<\/p>\n","protected":false},"author":4,"featured_media":198089,"comment_status":"closed","ping_status":"closed","sticky":false,"template":"","format":"standard","meta":{"_monsterinsights_skip_tracking":false,"_monsterinsights_sitenote_active":false,"_monsterinsights_sitenote_note":"","_monsterinsights_sitenote_category":0,"footnotes":""},"categories":[1,86],"tags":[],"class_list":["post-197920","post","type-post","status-publish","format-standard","has-post-thumbnail","hentry","category-senza-categoria","category-gr","category-1","category-86","description-off"],"img_url":"https:\/\/www.radiopiu.net\/wordpress\/wp-content\/uploads\/2021\/03\/60af24c1-b583-4735-b2c2-6abd2d9a202c.jpg","_links":{"self":[{"href":"https:\/\/www.radiopiu.net\/wordpress\/wp-json\/wp\/v2\/posts\/197920","targetHints":{"allow":["GET"]}}],"collection":[{"href":"https:\/\/www.radiopiu.net\/wordpress\/wp-json\/wp\/v2\/posts"}],"about":[{"href":"https:\/\/www.radiopiu.net\/wordpress\/wp-json\/wp\/v2\/types\/post"}],"author":[{"embeddable":true,"href":"https:\/\/www.radiopiu.net\/wordpress\/wp-json\/wp\/v2\/users\/4"}],"replies":[{"embeddable":true,"href":"https:\/\/www.radiopiu.net\/wordpress\/wp-json\/wp\/v2\/comments?post=197920"}],"version-history":[{"count":0,"href":"https:\/\/www.radiopiu.net\/wordpress\/wp-json\/wp\/v2\/posts\/197920\/revisions"}],"wp:featuredmedia":[{"embeddable":true,"href":"https:\/\/www.radiopiu.net\/wordpress\/wp-json\/wp\/v2\/media\/198089"}],"wp:attachment":[{"href":"https:\/\/www.radiopiu.net\/wordpress\/wp-json\/wp\/v2\/media?parent=197920"}],"wp:term":[{"taxonomy":"category","embeddable":true,"href":"https:\/\/www.radiopiu.net\/wordpress\/wp-json\/wp\/v2\/categories?post=197920"},{"taxonomy":"post_tag","embeddable":true,"href":"https:\/\/www.radiopiu.net\/wordpress\/wp-json\/wp\/v2\/tags?post=197920"}],"curies":[{"name":"wp","href":"https:\/\/api.w.org\/{rel}","templated":true}]}}