{"id":197925,"date":"2021-03-19T05:53:23","date_gmt":"2021-03-19T04:53:23","guid":{"rendered":"https:\/\/www.radiopiu.net\/wordpress\/?p=197925"},"modified":"2021-03-19T05:57:26","modified_gmt":"2021-03-19T04:57:26","slug":"selvacadore","status":"publish","type":"post","link":"https:\/\/www.radiopiu.net\/wordpress\/selvacadore\/","title":{"rendered":"DA SELVA DI CADORE &#8220;EMERGENZA COVID, L&#8217;ETA&#8217; DEI RICOVERATI E&#8217; SCESA DI MOLTO, E ARRIVANO IN OSPEDALE IN CONDIZIONI SERIE&#8221;"},"content":{"rendered":"<blockquote>\n<div class=\"page-title-head hgroup\">\n<h3 class=\"entry-title\">L&#8217;ANDAMENTO DEL CONTAGIO NELL&#8217;AGORDINO AUMENTANO LE PERSONE IN QUARANTENA, DA ALLEGHE A ROCCA PIETORE E SELVA DI CADORE<\/h3>\n<p>Paola De Palma, commissario straordinario Prefettura Belluno facente funzioni di sindaco e Giunta a Selva di Cadore: <em>&#8220;Mi riferiscono dal Suem di Treviso che l\u2019et\u00e0 media dei ricoverati \u00e8 scesa di molto, e quasi tutti arrivano in ospedale in condizioni serie, perch\u00e9 hanno una percezione ridotta dei sintomi, \u00a0( difficolt\u00e0 respiratorie) sono gravi , ma non ne viene percepita la gravit\u00e0, cio\u00e8, ad esempio, l\u2019ossigenazione \u00e8 molto bassa, ma la persona non percepisce la difficolt\u00e0 respiratoria&#8221;.<\/em><\/p>\n<\/div>\n<\/blockquote>\n<blockquote>\n<h3><img loading=\"lazy\" decoding=\"async\" class=\"alignleft\" src=\"https:\/\/www.radiopiu.net\/wordpress\/wp-content\/uploads\/2021\/01\/th-3.jpg\" width=\"142\" height=\"149\" \/><\/h3>\n<p>FALCADE 50 positivi\u00a0 (+2) 31 isolamento CANALE D&#8217;AGORDO 13 positivi (+6) 10 isolamento (-1)\u00a0 VALLADA 5 positivi\u00a0 4 isolamento\u00a0 CENCENIGHE 6 positivi 3 isolamento SAN TOMASO 7 positivi\u00a0 (+2) 8 isolamento (+7) LIVINALLONGO 23 positivi (-1) 22 isolamento (+4) ALLEGHE 6 positivi (+1) 37\u00a0 isolamento (+30)\u00a0 AGORDO 15 positivi\u00a0 33 isolamento (+6) TAIBON 8 positivi (-1) 20 isolamento (+5)\u00a0 LA VALLE 1 positivo 8 isolamento RIVAMONTE 3 positivi\u00a0 ) 4 isolamento\u00a0 GOSALDO 1 positivo 1 isolamento\u00a0 ROCCA PIETORE 6 positivi (+1)\u00a0 23 isolamento (+17) COLLE SANTA LUCIA 8 postitivi (+2) 7 isolamento (+5) SELVA DI CADORE 17 positivi\u00a0 31 isolamento (+3)<\/p><\/blockquote>\n","protected":false},"excerpt":{"rendered":"<p>L&#8217;ANDAMENTO DEL CONTAGIO NELL&#8217;AGORDINO AUMENTANO LE PERSONE IN QUARANTENA, DA ALLEGHE A ROCCA PIETORE E SELVA DI CADORE Paola De Palma, commissario straordinario Prefettura Belluno facente funzioni di sindaco e Giunta a Selva di Cadore: &#8220;Mi riferiscono dal Suem di Treviso che l\u2019et\u00e0 media dei ricoverati \u00e8 scesa di molto, e quasi tutti arrivano in&hellip;<\/p>\n","protected":false},"author":4,"featured_media":123875,"comment_status":"closed","ping_status":"closed","sticky":false,"template":"","format":"standard","meta":{"_monsterinsights_skip_tracking":false,"_monsterinsights_sitenote_active":false,"_monsterinsights_sitenote_note":"","_monsterinsights_sitenote_category":0,"footnotes":""},"categories":[51,49],"tags":[],"class_list":["post-197925","post","type-post","status-publish","format-standard","has-post-thumbnail","hentry","category-evidenza-top","category-news-18","category-51","category-49","description-off"],"img_url":"https:\/\/www.radiopiu.net\/wordpress\/wp-content\/uploads\/2020\/03\/TAMPONI-COVID.jpg","_links":{"self":[{"href":"https:\/\/www.radiopiu.net\/wordpress\/wp-json\/wp\/v2\/posts\/197925","targetHints":{"allow":["GET"]}}],"collection":[{"href":"https:\/\/www.radiopiu.net\/wordpress\/wp-json\/wp\/v2\/posts"}],"about":[{"href":"https:\/\/www.radiopiu.net\/wordpress\/wp-json\/wp\/v2\/types\/post"}],"author":[{"embeddable":true,"href":"https:\/\/www.radiopiu.net\/wordpress\/wp-json\/wp\/v2\/users\/4"}],"replies":[{"embeddable":true,"href":"https:\/\/www.radiopiu.net\/wordpress\/wp-json\/wp\/v2\/comments?post=197925"}],"version-history":[{"count":0,"href":"https:\/\/www.radiopiu.net\/wordpress\/wp-json\/wp\/v2\/posts\/197925\/revisions"}],"wp:featuredmedia":[{"embeddable":true,"href":"https:\/\/www.radiopiu.net\/wordpress\/wp-json\/wp\/v2\/media\/123875"}],"wp:attachment":[{"href":"https:\/\/www.radiopiu.net\/wordpress\/wp-json\/wp\/v2\/media?parent=197925"}],"wp:term":[{"taxonomy":"category","embeddable":true,"href":"https:\/\/www.radiopiu.net\/wordpress\/wp-json\/wp\/v2\/categories?post=197925"},{"taxonomy":"post_tag","embeddable":true,"href":"https:\/\/www.radiopiu.net\/wordpress\/wp-json\/wp\/v2\/tags?post=197925"}],"curies":[{"name":"wp","href":"https:\/\/api.w.org\/{rel}","templated":true}]}}