{"id":197927,"date":"2021-03-19T05:54:53","date_gmt":"2021-03-19T04:54:53","guid":{"rendered":"https:\/\/www.radiopiu.net\/wordpress\/?p=197927"},"modified":"2021-03-19T05:57:15","modified_gmt":"2021-03-19T04:57:15","slug":"un-altro-lutto-in-seminario-e-morto-don-elio-larese","status":"publish","type":"post","link":"https:\/\/www.radiopiu.net\/wordpress\/un-altro-lutto-in-seminario-e-morto-don-elio-larese\/","title":{"rendered":"UN ALTRO LUTTO IN SEMINARIO, E&#8217; MORTO DON ELIO LARESE"},"content":{"rendered":"<p><strong><img loading=\"lazy\" decoding=\"async\" class=\"alignleft\" src=\"https:\/\/www.radiopiu.net\/wordpress\/wp-content\/uploads\/2021\/03\/Monsignor-Elio-Larese6-800x662-1.jpg\" width=\"226\" height=\"187\" \/>BELLUNO<\/strong> Un altro lutto colpisce la diocesi e la comunit\u00e0 del Seminario Gregoriano di Belluno. Nella serata di oggi, alle ore 20.30 di gioved\u00ec 18 marzo, si \u00e8 spento mons. Elio Larese, che da alcuni giorni era ricoverato all\u2019ospedale \u201cSan Martino\u201d per gli effetti del Covid. Aveva 73 anni. Figlio di Giuseppe e di Adelina Cattaruzza, era nato ad Auronzo di Cadore il 15 novembre 1947. Apparteneva alla\u00a0<strong>parrocchia di Villapiccola<\/strong>, dove era cresciuto sotto lo sguardo di don Florio De Lotto, parroco dal 1944 al 2004. Dopo il percorso del seminario, don Elio fu ordinato prete in Cattedrale il\u00a0<strong>29 maggio 1971<\/strong>: avrebbe festeggiato quest\u2019anno il suo giubileo presbiterale. Il suo primo breve incarico ministeriale come cappellano lo svolse per pochi mesi a Pieve di Livinallongo. Poi inizi\u00f2 un percorso accademico all\u2019Universit\u00e0 di Padova, dove si laure\u00f2 in lettere classiche con una tesi sul\u00a0<em>Giornalismo cattolico a Belluno all\u2019inizio del \u2018900<\/em>, pubblicata nel 1981. Dal 1972 al 1976 fu vicario cooperatore nella parrocchia della Cattedrale di Belluno; dal 1977 al 1983 fu vice-assistente del settore giovani dell\u2019Azione Cattolica diocesana. Nel 1976 inizi\u00f2 il suo servizio come<strong>\u00a0insegnante\u00a0<\/strong>di lettere presso il Liceo Lollino, di cui poi fu\u00a0<strong>preside<\/strong>\u00a0dal 1997 al 2019. Dal 1982 al 1990 fu vicerettore del Seminario. Fine musicista e cantore, per anni insegn\u00f2 canto sacro e storia della musica nei corsi teologici. Per questa competenza, diresse l\u2019Ufficio diocesano per il canto e la musica sacra dal 2010 al 2017. Nel contempo, insegnava Storia delle religioni presso l\u2019Istituto Superiore di Scienze Religiose.<\/p>\n<p>fonte: www.facebook.com\/chiesadibellunofeltre<\/p>\n","protected":false},"excerpt":{"rendered":"<p>BELLUNO Un altro lutto colpisce la diocesi e la comunit\u00e0 del Seminario Gregoriano di Belluno. Nella serata di oggi, alle ore 20.30 di gioved\u00ec 18 marzo, si \u00e8 spento mons. Elio Larese, che da alcuni giorni era ricoverato all\u2019ospedale \u201cSan Martino\u201d per gli effetti del Covid. Aveva 73 anni. Figlio di Giuseppe e di Adelina&hellip;<\/p>\n","protected":false},"author":4,"featured_media":197928,"comment_status":"closed","ping_status":"closed","sticky":false,"template":"","format":"standard","meta":{"_monsterinsights_skip_tracking":false,"_monsterinsights_sitenote_active":false,"_monsterinsights_sitenote_note":"","_monsterinsights_sitenote_category":0,"footnotes":""},"categories":[51,49],"tags":[],"class_list":["post-197927","post","type-post","status-publish","format-standard","has-post-thumbnail","hentry","category-evidenza-top","category-news-18","category-51","category-49","description-off"],"img_url":"https:\/\/www.radiopiu.net\/wordpress\/wp-content\/uploads\/2021\/03\/Monsignor-Elio-Larese6-800x662-1.jpg","_links":{"self":[{"href":"https:\/\/www.radiopiu.net\/wordpress\/wp-json\/wp\/v2\/posts\/197927","targetHints":{"allow":["GET"]}}],"collection":[{"href":"https:\/\/www.radiopiu.net\/wordpress\/wp-json\/wp\/v2\/posts"}],"about":[{"href":"https:\/\/www.radiopiu.net\/wordpress\/wp-json\/wp\/v2\/types\/post"}],"author":[{"embeddable":true,"href":"https:\/\/www.radiopiu.net\/wordpress\/wp-json\/wp\/v2\/users\/4"}],"replies":[{"embeddable":true,"href":"https:\/\/www.radiopiu.net\/wordpress\/wp-json\/wp\/v2\/comments?post=197927"}],"version-history":[{"count":0,"href":"https:\/\/www.radiopiu.net\/wordpress\/wp-json\/wp\/v2\/posts\/197927\/revisions"}],"wp:featuredmedia":[{"embeddable":true,"href":"https:\/\/www.radiopiu.net\/wordpress\/wp-json\/wp\/v2\/media\/197928"}],"wp:attachment":[{"href":"https:\/\/www.radiopiu.net\/wordpress\/wp-json\/wp\/v2\/media?parent=197927"}],"wp:term":[{"taxonomy":"category","embeddable":true,"href":"https:\/\/www.radiopiu.net\/wordpress\/wp-json\/wp\/v2\/categories?post=197927"},{"taxonomy":"post_tag","embeddable":true,"href":"https:\/\/www.radiopiu.net\/wordpress\/wp-json\/wp\/v2\/tags?post=197927"}],"curies":[{"name":"wp","href":"https:\/\/api.w.org\/{rel}","templated":true}]}}