{"id":197938,"date":"2021-03-19T06:49:27","date_gmt":"2021-03-19T05:49:27","guid":{"rendered":"https:\/\/www.radiopiu.net\/wordpress\/?p=197938"},"modified":"2021-03-19T06:49:27","modified_gmt":"2021-03-19T05:49:27","slug":"caro-papa-tanti-auguri-e-un-pensiero-a-chi-non-ce-piu","status":"publish","type":"post","link":"https:\/\/www.radiopiu.net\/wordpress\/caro-papa-tanti-auguri-e-un-pensiero-a-chi-non-ce-piu\/","title":{"rendered":"CARO PAPA&#8217;&#8230;.TANTI AUGURI E UN PENSIERO A CHI NON C&#8217;E&#8217; PIU&#8217;"},"content":{"rendered":"<p><strong>di JOHN FRANCIS DELLA PIETRA\u00a0<\/strong><\/p>\n<audio class=\"wp-audio-shortcode\" id=\"audio-197938-1\" preload=\"none\" style=\"width: 100%;\" controls=\"controls\"><source type=\"audio\/mpeg\" src=\"https:\/\/www.radiopiu.net\/wordpress\/wp-content\/uploads\/2021\/03\/john.mp3?_=1\" \/><a href=\"https:\/\/www.radiopiu.net\/wordpress\/wp-content\/uploads\/2021\/03\/john.mp3\">https:\/\/www.radiopiu.net\/wordpress\/wp-content\/uploads\/2021\/03\/john.mp3<\/a><\/audio>\n<p>&nbsp;<\/p>\n<p><img loading=\"lazy\" decoding=\"async\" class=\"alignleft\" src=\"https:\/\/www.radiopiu.net\/wordpress\/wp-content\/uploads\/2021\/03\/965517_10203762399207298_1638475001_o.jpg\" width=\"196\" height=\"191\" \/>Rimembro volentieri quanto da bimbo aspettavo questo giorno<br \/>\nM alzavo presto al mattino<br \/>\nPer poterlo vedere e salutare<br \/>\nPrima che andasse al lavoro<br \/>\nPer fargli con gioia<br \/>\nGli auguri di buona festa<br \/>\nPer dargli magari un piccolo dono<br \/>\nFatto con le mie mani<br \/>\nCome tutti i bambini e le bambine<br \/>\nCon il sorriso e gl occhi sgranati<br \/>\nAd osservare quel grande uomo<br \/>\nChe con ammirazione<br \/>\nChiamavo pap\u00e0<br \/>\nDa sempre nei loro geni<br \/>\nV \u00e8 stata v \u00e9 e vi sar\u00e0<br \/>\nLa semplicit\u00e0 la bont\u00e0 e l amore<br \/>\nQualit\u00e0 insostituibili<br \/>\nNel vivere in famiglia<br \/>\nRipenso a tutte le fatiche che hanno fatto<br \/>\nPer generarci crescerci nel modo migliore<br \/>\nUn silente operare<br \/>\nQuello dei padri<br \/>\nA cui spesso poco viene attribuito<br \/>\nSe non oggi nella loro festosa apoteosi<br \/>\nLoro chiedono poco<br \/>\nTalora schivi e pacati<br \/>\nSe non il nostro incondizionato rispetto<br \/>\nQuindi oggi<br \/>\nOvunque essi siano<br \/>\nMa presenza sempiterna<br \/>\nNel nostro cuore<br \/>\nLi ricordiamo e ringraziamo<br \/>\nAuguri pap\u00e0<br \/>\nGrazie di tutto<\/p>\n","protected":false},"excerpt":{"rendered":"<p>di JOHN FRANCIS DELLA PIETRA\u00a0 &nbsp; Rimembro volentieri quanto da bimbo aspettavo questo giorno M alzavo presto al mattino Per poterlo vedere e salutare Prima che andasse al lavoro Per fargli con gioia Gli auguri di buona festa Per dargli magari un piccolo dono Fatto con le mie mani Come tutti i bambini e le&hellip;<\/p>\n","protected":false},"author":4,"featured_media":197939,"comment_status":"closed","ping_status":"closed","sticky":false,"template":"","format":"standard","meta":{"_monsterinsights_skip_tracking":false,"_monsterinsights_sitenote_active":false,"_monsterinsights_sitenote_note":"","_monsterinsights_sitenote_category":0,"footnotes":""},"categories":[49],"tags":[],"class_list":["post-197938","post","type-post","status-publish","format-standard","has-post-thumbnail","hentry","category-news-18","category-49","description-off"],"img_url":"https:\/\/www.radiopiu.net\/wordpress\/wp-content\/uploads\/2021\/03\/965517_10203762399207298_1638475001_o.jpg","_links":{"self":[{"href":"https:\/\/www.radiopiu.net\/wordpress\/wp-json\/wp\/v2\/posts\/197938","targetHints":{"allow":["GET"]}}],"collection":[{"href":"https:\/\/www.radiopiu.net\/wordpress\/wp-json\/wp\/v2\/posts"}],"about":[{"href":"https:\/\/www.radiopiu.net\/wordpress\/wp-json\/wp\/v2\/types\/post"}],"author":[{"embeddable":true,"href":"https:\/\/www.radiopiu.net\/wordpress\/wp-json\/wp\/v2\/users\/4"}],"replies":[{"embeddable":true,"href":"https:\/\/www.radiopiu.net\/wordpress\/wp-json\/wp\/v2\/comments?post=197938"}],"version-history":[{"count":0,"href":"https:\/\/www.radiopiu.net\/wordpress\/wp-json\/wp\/v2\/posts\/197938\/revisions"}],"wp:featuredmedia":[{"embeddable":true,"href":"https:\/\/www.radiopiu.net\/wordpress\/wp-json\/wp\/v2\/media\/197939"}],"wp:attachment":[{"href":"https:\/\/www.radiopiu.net\/wordpress\/wp-json\/wp\/v2\/media?parent=197938"}],"wp:term":[{"taxonomy":"category","embeddable":true,"href":"https:\/\/www.radiopiu.net\/wordpress\/wp-json\/wp\/v2\/categories?post=197938"},{"taxonomy":"post_tag","embeddable":true,"href":"https:\/\/www.radiopiu.net\/wordpress\/wp-json\/wp\/v2\/tags?post=197938"}],"curies":[{"name":"wp","href":"https:\/\/api.w.org\/{rel}","templated":true}]}}