{"id":197947,"date":"2021-03-19T09:41:00","date_gmt":"2021-03-19T08:41:00","guid":{"rendered":"https:\/\/www.radiopiu.net\/wordpress\/?p=197947"},"modified":"2021-03-19T09:41:00","modified_gmt":"2021-03-19T08:41:00","slug":"dillo-a-radio-piu-vaccinatevi-lesortazione-del-medico","status":"publish","type":"post","link":"https:\/\/www.radiopiu.net\/wordpress\/dillo-a-radio-piu-vaccinatevi-lesortazione-del-medico\/","title":{"rendered":"DILLO A RADIO PIU&#8230;. &#8220;VACCINATEVI&#8221;, L&#8217;ESORTAZIONE DEL MEDICO"},"content":{"rendered":"<p><strong><a href=\"https:\/\/www.radiopiu.net\/wordpress\/giornale-radio-piu-13-05-direttore-mirko-mezzacasa\/cesare-dal-bo\/\" rel=\"attachment wp-att-19553\"><img loading=\"lazy\" decoding=\"async\" class=\"size-medium wp-image-19553 alignleft\" src=\"https:\/\/www.radiopiu.net\/wordpress\/wp-content\/uploads\/2016\/05\/cesare-dal-bo-245x300.jpg\" alt=\"\" width=\"245\" height=\"300\" \/><\/a>RADIO PIU&#8217;\u00a0<\/strong>Riceviamo e pubblichiamo alcune considerazioni sulle vaccinazioni del Dottor Cesare Dal Bo<\/p>\n<blockquote><p><em>Le vaccinazioni di mezza Europa rallentano e contemporaneamente salgono i positivi al Covid-19, i decessi e le terapie intensive tornano ad affollarsi col rischio che i sanitari debbano scegliere tra chi inviare alla terapia intensiva e chi no. Per non arrivare a questa drastica necessit\u00e0 ( gi\u00e0 sfiorata nell\u2019ondata del marzo 2020) bisogna assolutamente dar corso alla vaccinazione nei tempi pi\u00f9 rapidi possibili. Le notizie contrastanti su Astra Zeneca hanno provocato un danno immenso sia dal punto di vista pratico che psicologico ridando fiato a illazioni senza senso nei confronti dell\u2019uso dei vaccini. Non ci possiamo permettere di dar corso a certe voci finch\u00e8 non ci siano prove sicure o domani saremo da capo per un altro tipo di vaccino e non possiamo permettercelo. La ripresa sanitaria del nostro paese ma anche quella economica altrettanto importante \u00e8 legata alla vaccinazione di massa che bisogna proseguire (prendiamo atto dei risultati ottenuti in Inghilterra!). Il disastro economico e quello sociale \u00e8 dietro l\u2019angolo anzi \u00e8 gi\u00e0 in atto. Qualsiasi cosa, anche piccola, dia una mano in questo senso \u00e8 esiziale e molto pi\u00f9 dannoso (anche se duole dirlo) di qualche morte sospetta. Questa \u00e8 la cruda realt\u00e0 che non possiamo nasconderci! A fronte di tutto ci\u00f2 quello che, al momento, \u00e8 incontrovertibile \u00e8 che- come ha detto la direttrice esecutiva dell\u2019EMA- non ci sono indicazioni che le vaccinazioni abbiano causato gli eventi collaterali gravi di cui si parla. Infatti il numero di eventi di tromboembolia non \u00e8 pi\u00f9 alto di quanto ci si potesse aspettare\u00bb nella media quotidiana. I casi sotto indagine riguardano infatti trombosi e morti sospette, ma non \u00e8 stato accertato nessun legame di causa ed effetto. Fermare la vaccinazione anche per un giorno significa quindi molti pi\u00f9 morti sicuri e molti pi\u00f9 posti occupati in terapia intensiva per Covid. Se, poi vogliamo fare un confronto tra i vari vaccini usati in Europa, scopriamo che il vaccino AstraZeneca NON \u00e8 quello che effettivamente ha causato pi\u00f9 effetti indesiderati. Dalla banca dati dell&#8217;Agenzia europea del farmaco che raccoglie le sospette reazioni avverse emerge infatti che, secondo i dati aggiornati al 13 marzo scorso, Pfizer \u00e8 quello che in assoluto ha anche il maggior numero di reazioni avverse (di ogni genere, anche blande): ne sono state segnalate 102.100 in totale, quelle di AstraZeneca sono 54.571, quelle di Moderna 5.939. E\u2019 pur vero che il rapporto tra dosi somministrate e reazioni avverse \u00e8 pi\u00f9 alto nel caso di AstraZeneca, ma si tratta di qualche decimale insignificante: lo 0,37 per AstraZeneca, lo 0,24 per cento per Pfizer e lo 0,16 nel caso di Moderna. Quindi, come sempre, tutti i farmaci, compresi i vaccini possono dare delle reazioni avverse che, nella stragrande maggioranza dei casi, si limitano reazioni blande, assolutamente trascurabili. Se ognuno di noi leggesse il \u201cbugiardino\u201d di qualsiasi farmaco rischierebbe di non assumerne nessuno! Quello che conta \u00e8 il rapporto rischio-beneficio e nel caso dei vaccini comunemente usati, compresi quelli anti COVID, non c\u2019\u00e8 dubbio che fare il vaccino convenga e convenga a tutti. Quindi vaccinatevi!<\/em><\/p>\n<p><em>Dr. Cesare Dal Bo<\/em><\/p><\/blockquote>\n","protected":false},"excerpt":{"rendered":"<p>RADIO PIU&#8217;\u00a0Riceviamo e pubblichiamo alcune considerazioni sulle vaccinazioni del Dottor Cesare Dal Bo Le vaccinazioni di mezza Europa rallentano e contemporaneamente salgono i positivi al Covid-19, i decessi e le terapie intensive tornano ad affollarsi col rischio che i sanitari debbano scegliere tra chi inviare alla terapia intensiva e chi no. Per non arrivare a&hellip;<\/p>\n","protected":false},"author":4,"featured_media":196946,"comment_status":"closed","ping_status":"closed","sticky":false,"template":"","format":"standard","meta":{"_monsterinsights_skip_tracking":false,"_monsterinsights_sitenote_active":false,"_monsterinsights_sitenote_note":"","_monsterinsights_sitenote_category":0,"footnotes":""},"categories":[51,49],"tags":[],"class_list":["post-197947","post","type-post","status-publish","format-standard","has-post-thumbnail","hentry","category-evidenza-top","category-news-18","category-51","category-49","description-off"],"img_url":"https:\/\/www.radiopiu.net\/wordpress\/wp-content\/uploads\/2021\/03\/VACCINO.jpg","_links":{"self":[{"href":"https:\/\/www.radiopiu.net\/wordpress\/wp-json\/wp\/v2\/posts\/197947","targetHints":{"allow":["GET"]}}],"collection":[{"href":"https:\/\/www.radiopiu.net\/wordpress\/wp-json\/wp\/v2\/posts"}],"about":[{"href":"https:\/\/www.radiopiu.net\/wordpress\/wp-json\/wp\/v2\/types\/post"}],"author":[{"embeddable":true,"href":"https:\/\/www.radiopiu.net\/wordpress\/wp-json\/wp\/v2\/users\/4"}],"replies":[{"embeddable":true,"href":"https:\/\/www.radiopiu.net\/wordpress\/wp-json\/wp\/v2\/comments?post=197947"}],"version-history":[{"count":0,"href":"https:\/\/www.radiopiu.net\/wordpress\/wp-json\/wp\/v2\/posts\/197947\/revisions"}],"wp:featuredmedia":[{"embeddable":true,"href":"https:\/\/www.radiopiu.net\/wordpress\/wp-json\/wp\/v2\/media\/196946"}],"wp:attachment":[{"href":"https:\/\/www.radiopiu.net\/wordpress\/wp-json\/wp\/v2\/media?parent=197947"}],"wp:term":[{"taxonomy":"category","embeddable":true,"href":"https:\/\/www.radiopiu.net\/wordpress\/wp-json\/wp\/v2\/categories?post=197947"},{"taxonomy":"post_tag","embeddable":true,"href":"https:\/\/www.radiopiu.net\/wordpress\/wp-json\/wp\/v2\/tags?post=197947"}],"curies":[{"name":"wp","href":"https:\/\/api.w.org\/{rel}","templated":true}]}}