{"id":197971,"date":"2021-03-19T12:25:35","date_gmt":"2021-03-19T11:25:35","guid":{"rendered":"https:\/\/www.radiopiu.net\/wordpress\/?p=197971"},"modified":"2021-03-19T13:52:02","modified_gmt":"2021-03-19T12:52:02","slug":"da-marghera-la-conferenza-stampa-di-luca-zaia","status":"publish","type":"post","link":"https:\/\/www.radiopiu.net\/wordpress\/da-marghera-la-conferenza-stampa-di-luca-zaia\/","title":{"rendered":"&#8220;VEDO LA LUCE DOPO UN CATASTROFICO DICEMBRE&#8221;, LA DOTTORESSA EVELINA TACCONELLI ALLA CONFERENZA STAMPA DI MARGHERA"},"content":{"rendered":"<blockquote>\n<h1><strong style=\"font-size: 14px;\">VENEZIA<\/strong><span style=\"font-size: 14px; font-weight: normal;\">\u00a0Consueto appuntamento con la conferenza stampa di Luca Zaia dalla sede della Protezione Civile a Marghera.<\/span><\/h1>\n<\/blockquote>\n<p><strong>I NUMERI\u00a0<\/strong>TAMPONI MOLECOLARI 4329452\u00a0 TAMPONI RAPIDI\u00a0 \u00a03623695\u00a0 \u00a0 POSITIVI IERI +1917,\u00a0 \u00a0INCIDENZA POSITIVI\u00a0 4,33% TAMPONI\u00a0 \u00a0 POSITIVI DA INIZIO EPIDEMIA\u00a0 362925\u00a0 POSITIVI ATTUALI 37613\u00a0 RICOVERI\u00a0 1829 (+8)\u00a0 IN AREA NON CRITICA\u00a0 1610\u00a0 \u00a0(+0) IN TERAPIA INTENSIVA 219\u00a0 (+8)\u00a0 ALTRI PAZIENTI NON COVID in terapia intensiva 284 DECESSI 10318 (+23) DIMESSI<\/p>\n<p>&nbsp;<\/p>\n<h2>LEGGI LA CONFERENZA STAMPA<\/h2>\n<p>Il nostro Rt \u00e8 a 1,25, un timido calo ma si confermano i dati. Le terapie intensive sono al 19% di riempimento e l&#8217;area non critica del 21% contro lo sbarramento del 40%. Non sappiamo quale sia il livello di circolamento del virus. Con la dottoressa Tacconelli abbiamo capito che abbiamo una marcia in pi\u00f9. <strong>MEDICI DI BASE\u00a0<\/strong> Da domani iniziano a vaccinare<strong>. SECONDE CASE<\/strong> Non sono d&#8217;accordo con quei colleghi che\u00a0 pensano che i turisti siano un problema, in ogni caso stiamo valutando, non una ma 20 mila volte perch\u00e9 \u00e8 sacro chi ha scelto il Veneto per farsi la casa, perch\u00e9 ama il Veneto. Siamo la regione pi\u00f9 turistica d&#8217;Italia. Non abbiamo deciso nulla. <strong>QUANDO MI VACCINERO?<\/strong> Quando toccher\u00e0 a me.<strong>\u00a0RISTORI<\/strong> Ieri incontro con il Ministro Daniele Franco, si \u00e8 parlato di un decreto di 32 miliardi di euro pi\u00f9 un asse sul lavoro con aiuto ai lavoratori, una parte dedicata al turismo invernale da negoziare con le Regioni, che siano riconosciute le attivit\u00e0 meno visibili come i maestri di sci. Poi sulla salute si \u00e8 parlato di 1 miliardo di euro per gli enti locali e un altro per le Regioni per far fronte alle spese sostenute prima del 20 aprile. Si \u00e8 parlato di sostegni alle diverse attivit\u00e0. Nel complesso l&#8217;intervento vale piu&#8217; di tutti quelli fatti fino ad oggi. Aiuti alle imprese sulla differenza del fatturato dello scorso anno. Tutte cose dette a voce \u00e8 fondamentale che prendano corpo. Il Ministro ha garantito che dal decreto al bonifico passeranno 7-10 giorni per concludersi in due mesi, i codici Ateco non ci sono pi\u00f9. Si parla di 3 milioni di imprese.<\/p>\n<blockquote>\n<h3><strong>LA DOTTORESSA EVELINA TACCONELLI ULS 9 VERONA, rientrata dalla Germania per poter lavorare in Italia.<em> &#8220;E&#8217; tutto temporaneo, poi tutto torner\u00e0 nella norma&#8221;<\/em><\/strong><\/h3>\n<\/blockquote>\n<p><strong><span style=\"color: #0000ff;\">PRIMI PAZIENTI\u00a0 CURATI CON GLI ANTICORPI MONO CLONALI:<\/span><\/strong> <em>sono stati due uomini di Verona di 55 e 65 anni, sintomatici per il covid, entrambi positivi, prima infusione di un&#8217;ora senza effetti collaterali, nemmeno i minori. Nessun altro effetto e dopo 2 ore sono tornati a casa. Ricontattati stanno bene &#8211; sono passate 48 ore &#8211;\u00a0 e non hanno avuto effetti collaterali. I farmaci sono arrivati martedi alle 12.30 e alle 13.30 \u00e8 stato somministrato al primo paziente.\u00a0<\/em><\/p>\n<p><strong>MONOCLONALI<\/strong> Si parla di anticorpi monoclonali. L&#8217;Italia e la Germania sono gli unici che hanno iniziato ad usare questo trattamento. Con questi anticorpi possiamo trattare i pazienti che hanno acquisito il covid e si da al paziente un&#8217;enorme possibilit\u00e0 di non finire in ospedale, purch\u00e9 si riesca \u00a0a farli nei primi 4 giorni. A Verona ci siamo organizzati subito per trattare i pazienti con i monoclonali. Il paziente chiama il medico di medicina generale e si chiude la cartella in quattro settimane comunicando il risultato ad Aifa. Speriamo di fare altrettanto in tutta la Regione. Guardiamo fuori dall&#8217;Italia ma l&#8217;Italia \u00e8 uno dei sistemi migliori, in America le possibilit\u00e0 che diamo noi sono impossibili. Che il farmaco venga somministrato a tutti al di l\u00e0 del reddito economico. Le prime consegne ci permetteranno di trattare tutti i pazienti che he hanno bisogno. Saremo la prima Regione in Italia a fare questa attivit\u00e0 grazie ad un importante lavoro preparatorio nelle precedenti 3 settimane. Tra questa consegna e la prossima saremo in grado di coprire tutte le necessit\u00e0 della Regione circa 150 somministrazioni a settimana divisi per le Ulss del Veneto per dare le stesse possibilit\u00e0 a tutti. Ora dobbiamo fare partire la macchina. Per il momento ce la facciamo e vogliamo anche fare ricerca . Su 100 pazienti sintomatici i ricoveri sono il 5 -7%. Nei pazienti con pi\u00f9 di 80 anni la percentuale sale al 25%. <strong>VACCINI<\/strong> E&#8217; un tema che mi sta particolarmente a cuore perch\u00e8 il controllo del covid passa attraverso pi\u00f9 tessere come un mosaico e tutte devono essere perfette. La vaccinazione sta andando velocemente, forse la prima indicazione doveva essere donne con pi\u00f9 di 75\u00a0 e uomini oltre i 65 che sono quelli pi\u00f9 a rischio di finire in ospedale. I soggetti nelle Rsa sono stati vaccinati rapidamente, ci sono meno soggetti a rischio che vanno verso la malattia ed \u00e8 un grande aiuto per gli ospedali. Se ognuno di noi fa la sua parte e i cittadini rispettano le regole potremo con l&#8217;estate chiudere quasi completamente il covid. Il prossimo anno ci sar\u00e0 qualche post covid, ma 4 casi in un reparto di malattie infettive non sono un problema. Se guardiamo chi sta meglio di noi, guariamo alla Cina che non ha pi\u00f9 casi per una regolamentazione del distanziamento sociale a livelli molto pi\u00f9 alti dei paesi europei, poi ci sono gli anticorpi monoclonali, le terapia esperimentali, le vaccinazione&#8230; significa riaprire le attivit\u00e0 e le scuole. Questo \u00e8 il mio messaggio d&#8217;ottimismo. <strong>PER ORA POCHE DOSE DI VACCINO<\/strong>\u00a0In Veneto 200 dosi sulle 4.000 consegnate all&#8217;Italia.Una prima consegna di un solo tipo, Aifa ci ha avvertito che a fine mese avremo una consegna importante da 30mila fiale del secondo monoclonale. Per ora \u00e8 un problema di contrattazione tra Aifa e le case Farmaceutiche, che io sappia sono accordi tra di loro senza coinvolgimento delle Regioni. <strong>CONTRO INDICAZIONI\u00a0<\/strong> Unica contro indicazione l&#8217;allergia, o se ha valori di saccarosio e alcuni amino acidi, abbiamo una lista di 6-7 eccipienti, controlliamo prima di fare il farmaco. <strong>RICERCA SPERIMENTALE<\/strong> richiesta da Aifa non ha ancora selezionato il capofila per l&#8217;Italia ma \u00e8 questione di pochi giorni. In ogni caso che siamo noi o altri, faremo parte del gruppo di ricercatori che utilizza i farmaci monoclonali, il Veneto ha i centri di ricerca pi\u00f9 importanti per l&#8217;Italia per il covid. Stiamo analizzando gli effetti collaterali, qualit\u00e0 della vita, produzione di anticorpi nell&#8217;ambito di un progetto finanziato con 21 milioni dalla comunit\u00e0 europea &#8220;Orchestra&#8221; (pi\u00f9 altri 8 milioni) e stiamo cercando di migliorare le terapie per il covid.<strong> NUMERI PER VERONA\u00a0<\/strong> 15 somministrazione in prima giornata, siamo attrezzati per arrivare fino a 20 al giorno sette giorni su sette.<strong> ANTI DOLORIFICI<\/strong> E&#8217; vero che \u00e8 stato consigliato, la mia opinione? Non mi stupisce possa essere utile, per alcuni dei vaccini consigliati nel 20% dei casi cefalea, dolori muscolari&#8230; \u00e8 chiaro che l&#8217;antipiretico aiuta. Non mi stupisce ci possa essere il beneficio per il pazienti. Se lo consiglierei? La risposta \u00e8 no. Ovviamente suggerirei al paziente che prenderlo per diminuire il dolore ma non come preventivo. <strong>CHI HA DIRITTO AL MONOCLONALE<\/strong>\u00a0 La prima selezione la faranno i medici di base e\u00a0 delle UscaI pazienti che ne hanno diritto: pi\u00f9 di 12 anni con almeno un sintomo, anche la semplice stanchezza, che hanno patologie importanti. Non la persona sana.\u00a0 <strong>QUANTE POSTAZIONI?<\/strong> Ci siamo organizzati su due sale di somministrazione, 8 poltrone, in 9 ore facciamo 20 somministrazioni. <span style=\"color: #0000ff;\"><strong>OTTIMISMO<\/strong> <\/span>Impariamo da quanto \u00e8 successo perch\u00e9 abbiamo costruito molto: nelle Rsa, nella microbiologia, malattie infettive. Abbiamo creato strutture, migliorato il lavoro con i medici di medicina generale. E&#8217; un lavoro che non deve andare perso, una base per migliorare la nostra sanit\u00e0 e i nostri anziani. Purtroppo non potremo tornare indietro con i decessi, ma che serva per dire abbiamo imparato tanto e non saremo pi\u00f9 in situazioni del genere, faremo i piani epidemici. <strong>QUALE IL VACCINO MIGLIORE\u00a0<\/strong>L&#8217;approccio puo&#8217; essere solo uno, o si crede nelle procedure effettuate fino ad oggi in Europa e questo vale per qualsiasi farmaco cefalea compresa guarita con la molecola nuova che magari ha contro indicazioni, o si crede e io ci credo ciecamente perch\u00e9 \u00e8 il mio lavoro e conosco la seriet\u00e0 dei miei colleghi, non avrei problemi domani il vaccinoa A B o C se non si crede allora smetto anche di lavorare.<\/p>\n<p>&nbsp;<\/p>\n<p>https:\/\/www.facebook.com\/zaiaufficiale\/videos\/185973196408765<\/p>\n","protected":false},"excerpt":{"rendered":"<p>VENEZIA\u00a0Consueto appuntamento con la conferenza stampa di Luca Zaia dalla sede della Protezione Civile a Marghera. I NUMERI\u00a0TAMPONI MOLECOLARI 4329452\u00a0 TAMPONI RAPIDI\u00a0 \u00a03623695\u00a0 \u00a0 POSITIVI IERI +1917,\u00a0 \u00a0INCIDENZA POSITIVI\u00a0 4,33% TAMPONI\u00a0 \u00a0 POSITIVI DA INIZIO EPIDEMIA\u00a0 362925\u00a0 POSITIVI ATTUALI 37613\u00a0 RICOVERI\u00a0 1829 (+8)\u00a0 IN AREA NON CRITICA\u00a0 1610\u00a0 \u00a0(+0) IN TERAPIA INTENSIVA 219\u00a0 (+8)\u00a0 ALTRI&hellip;<\/p>\n","protected":false},"author":4,"featured_media":175303,"comment_status":"closed","ping_status":"closed","sticky":false,"template":"","format":"standard","meta":{"_monsterinsights_skip_tracking":false,"_monsterinsights_sitenote_active":false,"_monsterinsights_sitenote_note":"","_monsterinsights_sitenote_category":0,"footnotes":""},"categories":[51,49],"tags":[],"class_list":["post-197971","post","type-post","status-publish","format-standard","has-post-thumbnail","hentry","category-evidenza-top","category-news-18","category-51","category-49","description-off"],"img_url":"https:\/\/www.radiopiu.net\/wordpress\/wp-content\/uploads\/2020\/11\/ZAIA-MASCHERINA-e1616680380412.png","_links":{"self":[{"href":"https:\/\/www.radiopiu.net\/wordpress\/wp-json\/wp\/v2\/posts\/197971","targetHints":{"allow":["GET"]}}],"collection":[{"href":"https:\/\/www.radiopiu.net\/wordpress\/wp-json\/wp\/v2\/posts"}],"about":[{"href":"https:\/\/www.radiopiu.net\/wordpress\/wp-json\/wp\/v2\/types\/post"}],"author":[{"embeddable":true,"href":"https:\/\/www.radiopiu.net\/wordpress\/wp-json\/wp\/v2\/users\/4"}],"replies":[{"embeddable":true,"href":"https:\/\/www.radiopiu.net\/wordpress\/wp-json\/wp\/v2\/comments?post=197971"}],"version-history":[{"count":0,"href":"https:\/\/www.radiopiu.net\/wordpress\/wp-json\/wp\/v2\/posts\/197971\/revisions"}],"wp:featuredmedia":[{"embeddable":true,"href":"https:\/\/www.radiopiu.net\/wordpress\/wp-json\/wp\/v2\/media\/175303"}],"wp:attachment":[{"href":"https:\/\/www.radiopiu.net\/wordpress\/wp-json\/wp\/v2\/media?parent=197971"}],"wp:term":[{"taxonomy":"category","embeddable":true,"href":"https:\/\/www.radiopiu.net\/wordpress\/wp-json\/wp\/v2\/categories?post=197971"},{"taxonomy":"post_tag","embeddable":true,"href":"https:\/\/www.radiopiu.net\/wordpress\/wp-json\/wp\/v2\/tags?post=197971"}],"curies":[{"name":"wp","href":"https:\/\/api.w.org\/{rel}","templated":true}]}}