{"id":198006,"date":"2021-03-20T06:59:04","date_gmt":"2021-03-20T05:59:04","guid":{"rendered":"https:\/\/www.radiopiu.net\/wordpress\/?p=198006"},"modified":"2021-03-20T06:59:34","modified_gmt":"2021-03-20T05:59:34","slug":"seconde-case-zaia-non-sono-daccordo-con-i-colleghi-che-pensano-che-i-turisti-siano-un-problema","status":"publish","type":"post","link":"https:\/\/www.radiopiu.net\/wordpress\/seconde-case-zaia-non-sono-daccordo-con-i-colleghi-che-pensano-che-i-turisti-siano-un-problema\/","title":{"rendered":"SECONDE CASE, ZAIA &#8220;NON SONO D&#8217;ACCORDO CON I COLLEGHI CHE PENSANO CHE I TURISTI SIANO UN PROBLEMA&#8221;"},"content":{"rendered":"<blockquote><p>l presidente Zaia sta valutando con la direzione Prevenzione di vietare l&#8217;accesso alle seconde case a chi proviene da fuori regione, cio\u00e8 &#8211; eventulamente &#8211; spostamenti verso le seconde case\u00a0 solo per i veneti in Veneto.<em> &#8220;Per noi gli ospiti sono sacri, ma c&#8217;\u00e8 una valutazione sanitaria in corso&#8221;<\/em> ha detto Zaia<\/p><\/blockquote>\n<p>&nbsp;<\/p>\n<blockquote><p><strong><img loading=\"lazy\" decoding=\"async\" class=\"alignleft\" src=\"https:\/\/www.radiopiu.net\/wordpress\/wp-content\/uploads\/2020\/11\/zaia.png\" width=\"225\" height=\"124\" \/>SECONDE CASE <\/strong>Diversamente dal Trentino Alto Adige, Valle d&#8217;Aosta e Sardegna la Regione Veneto non ha ancora pensato ad un&#8217;ordinanza per stoppare gli spostamenti verso le seconde case. Ci sono stati alcuni sindaci che hanno chiesto al Presidente della Regione di firmare un&#8217;ordinanza per chiudere i confini. Nell&#8217;Agordino si \u00e8 espresso a favore dell&#8217;ordinanza il sindaco di Livinallongo Leandro Grones, altri sindaci della Valle del Biois e Valle del Cordevole potrebbero unirsi nell&#8217;iniziativa gi\u00e0 nelle prossime ore.\u00a0 Luca Zaia oggi in conferenza stampa pungolato sull&#8217;argomento ha risposto: <strong><em>&#8220;<\/em><\/strong><em>Non sono d&#8217;accordo con quei colleghi che\u00a0 pensano che i turisti siano un problema, in ogni caso stiamo valutando, non una ma 20 mila volte perch\u00e9 \u00e8 sacro chi ha scelto il Veneto per farsi la casa, perch\u00e9 ama il Veneto. Siamo la regione pi\u00f9 turistica d&#8217;Italia. Non abbiamo deciso nulla&#8221;.<\/em><\/p><\/blockquote>\n<p><span style=\"color: #ff0000;\">dalla conferenza stampa di oggi<\/span><\/p>\n<audio class=\"wp-audio-shortcode\" id=\"audio-198006-1\" preload=\"none\" style=\"width: 100%;\" controls=\"controls\"><source type=\"audio\/mpeg\" src=\"https:\/\/www.radiopiu.net\/wordpress\/wp-content\/uploads\/2021\/03\/zaia-frontier.mp3?_=1\" \/><a href=\"https:\/\/www.radiopiu.net\/wordpress\/wp-content\/uploads\/2021\/03\/zaia-frontier.mp3\">https:\/\/www.radiopiu.net\/wordpress\/wp-content\/uploads\/2021\/03\/zaia-frontier.mp3<\/a><\/audio>\n","protected":false},"excerpt":{"rendered":"<p>l presidente Zaia sta valutando con la direzione Prevenzione di vietare l&#8217;accesso alle seconde case a chi proviene da fuori regione, cio\u00e8 &#8211; eventulamente &#8211; spostamenti verso le seconde case\u00a0 solo per i veneti in Veneto. &#8220;Per noi gli ospiti sono sacri, ma c&#8217;\u00e8 una valutazione sanitaria in corso&#8221; ha detto Zaia &nbsp; SECONDE CASE&hellip;<\/p>\n","protected":false},"author":4,"featured_media":172638,"comment_status":"closed","ping_status":"closed","sticky":false,"template":"","format":"standard","meta":{"_monsterinsights_skip_tracking":false,"_monsterinsights_sitenote_active":false,"_monsterinsights_sitenote_note":"","_monsterinsights_sitenote_category":0,"footnotes":""},"categories":[1,104],"tags":[],"class_list":["post-198006","post","type-post","status-publish","format-standard","has-post-thumbnail","hentry","category-senza-categoria","category-evidenza_3","category-1","category-104","description-off"],"img_url":"https:\/\/www.radiopiu.net\/wordpress\/wp-content\/uploads\/2020\/11\/zaia.png","_links":{"self":[{"href":"https:\/\/www.radiopiu.net\/wordpress\/wp-json\/wp\/v2\/posts\/198006","targetHints":{"allow":["GET"]}}],"collection":[{"href":"https:\/\/www.radiopiu.net\/wordpress\/wp-json\/wp\/v2\/posts"}],"about":[{"href":"https:\/\/www.radiopiu.net\/wordpress\/wp-json\/wp\/v2\/types\/post"}],"author":[{"embeddable":true,"href":"https:\/\/www.radiopiu.net\/wordpress\/wp-json\/wp\/v2\/users\/4"}],"replies":[{"embeddable":true,"href":"https:\/\/www.radiopiu.net\/wordpress\/wp-json\/wp\/v2\/comments?post=198006"}],"version-history":[{"count":0,"href":"https:\/\/www.radiopiu.net\/wordpress\/wp-json\/wp\/v2\/posts\/198006\/revisions"}],"wp:featuredmedia":[{"embeddable":true,"href":"https:\/\/www.radiopiu.net\/wordpress\/wp-json\/wp\/v2\/media\/172638"}],"wp:attachment":[{"href":"https:\/\/www.radiopiu.net\/wordpress\/wp-json\/wp\/v2\/media?parent=198006"}],"wp:term":[{"taxonomy":"category","embeddable":true,"href":"https:\/\/www.radiopiu.net\/wordpress\/wp-json\/wp\/v2\/categories?post=198006"},{"taxonomy":"post_tag","embeddable":true,"href":"https:\/\/www.radiopiu.net\/wordpress\/wp-json\/wp\/v2\/tags?post=198006"}],"curies":[{"name":"wp","href":"https:\/\/api.w.org\/{rel}","templated":true}]}}