{"id":198048,"date":"2021-03-19T16:12:19","date_gmt":"2021-03-19T15:12:19","guid":{"rendered":"https:\/\/www.radiopiu.net\/wordpress\/?p=198048"},"modified":"2021-03-20T06:10:39","modified_gmt":"2021-03-20T05:10:39","slug":"da-voltago-no-alla-chiusura-della-caserma-di-gosaldo","status":"publish","type":"post","link":"https:\/\/www.radiopiu.net\/wordpress\/da-voltago-no-alla-chiusura-della-caserma-di-gosaldo\/","title":{"rendered":"DA VOLTAGO &#8220;NO ALLA CHIUSURA DELLA CASERMA DI GOSALDO&#8221;"},"content":{"rendered":"<p><strong>VOLTAGO<\/strong> Anche da Voltago una precisa presa di posizione contro la ventilata chiusura della Caserma dei Carabinieri\u00a0 a Gosaldo, Comune di Confine (Agordino, Provincia, Regione). Gli uomini dell&#8217;Arma sono benvisti e benvoluti anche nel vicino Comune di Voltago, lo sottolinea il candidato a sindaco Giuseppe Schena che appoggia l&#8217;iniziativa del collega di Gosaldo Stefano Da Zanche fermo sulla posizione che la caserma non s&#8217;ha da chiudere.<\/p>\n<p>&nbsp;<\/p>\n<p><strong>IL MESSAGGIO DI GIUSEPPE SCHENA<\/strong><\/p>\n<blockquote><p><em><a href=\"https:\/\/www.radiopiu.net\/wordpress\/un-san-valentino-carico-di-cuori-in-agordino-grazie-a-nicola-tancon\/francesca-della-lucia-e-giuseppe-schena-futuri-candidati-sindaci-a-voltago-2\/\" rel=\"attachment wp-att-191403\"><img loading=\"lazy\" decoding=\"async\" class=\" wp-image-191403 alignleft\" src=\"https:\/\/www.radiopiu.net\/wordpress\/wp-content\/uploads\/2021\/02\/Francesca-Della-Lucia-e-Giuseppe-Schena-futuri-candidati-sindaci-a-Voltago-2-225x300.jpeg\" alt=\"\" width=\"168\" height=\"224\" srcset=\"https:\/\/www.radiopiu.net\/wordpress\/wp-content\/uploads\/2021\/02\/Francesca-Della-Lucia-e-Giuseppe-Schena-futuri-candidati-sindaci-a-Voltago-2-225x300.jpeg 225w, https:\/\/www.radiopiu.net\/wordpress\/wp-content\/uploads\/2021\/02\/Francesca-Della-Lucia-e-Giuseppe-Schena-futuri-candidati-sindaci-a-Voltago-2.jpeg 768w\" sizes=\"auto, (max-width: 168px) 100vw, 168px\" \/><\/a>&#8221; Avere la garanzia di una caserma sul territorio,non pu\u00f2 che essereauspicabile,soprattutto in ottica futura di ripartenza e rivalutazione della montagna. Pochi giorni fa leggevamo sulla stampa locale un articolo riguardante lo spopolamento della nostra provincia di Belluno, fatta eccezione per alcune localit\u00e0 del Cadore, in particolare nel nostro comune di Voltago siamo 833 anime (dato al 30\/11\/2020) sul territorio abbiamo servizi fortunatamente alimentari, edicole, pizzerie, ristorante, albergo, macelleria,rifugio, oltre che partite iva di soggetti privati che hanno investito sul territorio comunale stabilendo qui la ditta. La presenza degli uomini dell&#8217; Arma \u00e8 fondamentale, oltre che per questi,anche per tutti i cittadini che qui ci abitano. Rispetto ad altre realt\u00e0, siamo un&#8217; isola felice,ma forse, questo \u00e8 anche merito delle nostre forze dell&#8217; ordine che v<\/em><em>ediamo transitare lungo la S.P 347. Chiudere la Caserma di Gosaldo dunque,sarebbe una grave perdita oltre che un regresso del nostro meraviglioso territorio, parliamo spesso di spopolamento della montagna, di carenza di servizi, ma se non &#8220;lottiamo&#8221; per mantenere quelli presenti,non siamo coerenti con le nostre idee. Comprendiamo la rimodulazione dell&#8217; Arma ed i conseguenti tagli,ma vogliamo far sentire la nostra piccola voce,Mia e della mia squadra a sostegno della \u201cbattaglia\u201d dell&#8217; amministrazione comunale di Gosaldo, guidata da Da Zanche per fare in modo di lasciare attiva la caserma, sulla quale la stessa amministrazione ha fatto degli stanziamenti migliorativi (ammodernamenti etc.) Una sua chiusura sarebbe un&#8217; ulteriore duro colpo per la nostra vallata. Viviamo anche noi,come il resto del mondo il triste e difficile momento della pandemia da oltre un anno,non siamo immuni,tuttavia non vogliamo dimenticare un fatto ad essa antecedente,a sua volta molto grave: La tristemente nota \u201cVaia 2018\u201d i giorni successivi,con gli alberi caduti,le strade lesionate da fango,detriti e cedimenti, il buio totale una volta fatta sera, il vedere quel lampeggiante blu dei nostri carabinieri, <\/em><em>dei VVF volontari di Gosaldo e della nostra Nostra Protezione civile era 1per noi di Voltago e Frassen\u00e9 sicurezza e conforto. Il motto dell&#8217; Arma \u00e8 \u201c nei Secoli Fedele\u201d; noi con la massima umilt\u00e0,chiediamo che nei secoli permanga \u201cl&#8217; un&#8217; po&#8217; nostra caserma\u201d. Gi\u00e0 anni fa, abbiamo dovuto assistere impotenti alla chiusura della caserma di Frassen\u00e9, da quel momento i carabinieri di Gosaldo sono diventati il nostro riferimento, non vorremmo dover riassistere nuovamente al <\/em><em>chiudersi definitivo di un&#8217; ulteriore porta.\u00a0<\/em><\/p>\n<p><em>foto Giuseppe Schena con Francesca Della Lucia, candidati a sindaco alle prossime elezioni<\/em><\/p><\/blockquote>\n","protected":false},"excerpt":{"rendered":"<p>VOLTAGO Anche da Voltago una precisa presa di posizione contro la ventilata chiusura della Caserma dei Carabinieri\u00a0 a Gosaldo, Comune di Confine (Agordino, Provincia, Regione). Gli uomini dell&#8217;Arma sono benvisti e benvoluti anche nel vicino Comune di Voltago, lo sottolinea il candidato a sindaco Giuseppe Schena che appoggia l&#8217;iniziativa del collega di Gosaldo Stefano Da&hellip;<\/p>\n","protected":false},"author":4,"featured_media":198050,"comment_status":"closed","ping_status":"closed","sticky":false,"template":"","format":"standard","meta":{"_monsterinsights_skip_tracking":false,"_monsterinsights_sitenote_active":false,"_monsterinsights_sitenote_note":"","_monsterinsights_sitenote_category":0,"footnotes":""},"categories":[104,49],"tags":[],"class_list":["post-198048","post","type-post","status-publish","format-standard","has-post-thumbnail","hentry","category-evidenza_3","category-news-18","category-104","category-49","description-off"],"img_url":"https:\/\/www.radiopiu.net\/wordpress\/wp-content\/uploads\/2021\/03\/ec98c68a-2a07-40da-91a7-c87aba9fae15.jpg","_links":{"self":[{"href":"https:\/\/www.radiopiu.net\/wordpress\/wp-json\/wp\/v2\/posts\/198048","targetHints":{"allow":["GET"]}}],"collection":[{"href":"https:\/\/www.radiopiu.net\/wordpress\/wp-json\/wp\/v2\/posts"}],"about":[{"href":"https:\/\/www.radiopiu.net\/wordpress\/wp-json\/wp\/v2\/types\/post"}],"author":[{"embeddable":true,"href":"https:\/\/www.radiopiu.net\/wordpress\/wp-json\/wp\/v2\/users\/4"}],"replies":[{"embeddable":true,"href":"https:\/\/www.radiopiu.net\/wordpress\/wp-json\/wp\/v2\/comments?post=198048"}],"version-history":[{"count":0,"href":"https:\/\/www.radiopiu.net\/wordpress\/wp-json\/wp\/v2\/posts\/198048\/revisions"}],"wp:featuredmedia":[{"embeddable":true,"href":"https:\/\/www.radiopiu.net\/wordpress\/wp-json\/wp\/v2\/media\/198050"}],"wp:attachment":[{"href":"https:\/\/www.radiopiu.net\/wordpress\/wp-json\/wp\/v2\/media?parent=198048"}],"wp:term":[{"taxonomy":"category","embeddable":true,"href":"https:\/\/www.radiopiu.net\/wordpress\/wp-json\/wp\/v2\/categories?post=198048"},{"taxonomy":"post_tag","embeddable":true,"href":"https:\/\/www.radiopiu.net\/wordpress\/wp-json\/wp\/v2\/tags?post=198048"}],"curies":[{"name":"wp","href":"https:\/\/api.w.org\/{rel}","templated":true}]}}