{"id":198104,"date":"2021-03-19T20:03:45","date_gmt":"2021-03-19T19:03:45","guid":{"rendered":"https:\/\/www.radiopiu.net\/wordpress\/?p=198104"},"modified":"2021-03-19T20:30:32","modified_gmt":"2021-03-19T19:30:32","slug":"acc-continuita-allo-stabilimento-di-mel-con-il-decreto-sostegni","status":"publish","type":"post","link":"https:\/\/www.radiopiu.net\/wordpress\/acc-continuita-allo-stabilimento-di-mel-con-il-decreto-sostegni\/","title":{"rendered":"ACC, CONTINUITA&#8217; ALLO STABILIMENTO DI MEL CON IL DECRETO SOSTEGNI"},"content":{"rendered":"<p><strong> <a href=\"https:\/\/www.radiopiu.net\/wordpress\/acc-consegna-i-compressori-gesto-simbolico-dai-grandi-significati\/1788513d-a18d-4a23-a888-177b433181c6\/\" rel=\"attachment wp-att-197662\"><img loading=\"lazy\" decoding=\"async\" class=\"size-medium wp-image-197662 alignleft\" src=\"https:\/\/www.radiopiu.net\/wordpress\/wp-content\/uploads\/2021\/03\/1788513d-a18d-4a23-a888-177b433181c6-300x225.jpg\" alt=\"\" width=\"300\" height=\"225\" srcset=\"https:\/\/www.radiopiu.net\/wordpress\/wp-content\/uploads\/2021\/03\/1788513d-a18d-4a23-a888-177b433181c6-300x225.jpg 300w, https:\/\/www.radiopiu.net\/wordpress\/wp-content\/uploads\/2021\/03\/1788513d-a18d-4a23-a888-177b433181c6-1024x768.jpg 1024w, https:\/\/www.radiopiu.net\/wordpress\/wp-content\/uploads\/2021\/03\/1788513d-a18d-4a23-a888-177b433181c6-768x576.jpg 768w, https:\/\/www.radiopiu.net\/wordpress\/wp-content\/uploads\/2021\/03\/1788513d-a18d-4a23-a888-177b433181c6-1536x1152.jpg 1536w, https:\/\/www.radiopiu.net\/wordpress\/wp-content\/uploads\/2021\/03\/1788513d-a18d-4a23-a888-177b433181c6.jpg 2048w\" sizes=\"auto, (max-width: 300px) 100vw, 300px\" \/><\/a>BORGO VALBELLUNA<\/strong>\u00a0<em> \u201cGrazie a un importante provvedimento contenuto all\u2019interno del Decreto Sostegni, lo stabilimento ACC di Mel pu\u00f2 continuare a guardare al futuro e proseguire nel proprio percorso verso la nascita di Italcomp. \u00c8 infatti prevista un\u2019ulteriore modalit\u00e0 operativa di finanziamento basata sulla diretta concessione di prestiti alle aziende con 250 o pi\u00f9 dipendenti e un fatturato superiore a 50 milioni di euro o un bilancio superiore ai 43 milioni. Sar\u00e0 quindi creato un fondo che, in connessione con l\u2019attuale situazione di emergenza legata al Covid, assicura alle imprese una continuit\u00e0 operativa grazie alla concessione di prestiti. Si tratta di finanziamenti agevolati, rimborsabili entro 5 anni. In particolare, il fondo pu\u00f2 concedere finanziamenti anche alle imprese in amministrazione straordinaria, come nel caso di ACC: l\u2019aiuto serve ad assicurare la concessione di prestito diretto alla gestione corrente, alla riattivazione e al completamento di impianti, immobili e attrezzature ma anche per le altre misure indicate nel programma presentato\u201d. <\/em>Lo afferma Federico D\u2019Inc\u00e0, Ministro per i Rapporti con il Parlamento, in seguito alla norma contenuta all\u2019interno del Decreto Sostegni varato dal Consiglio dei Ministri.<em> \u201cQuesta norma \u2013 prosegue D\u2019Inc\u00e0 \u2013 permette quindi di superare il momento di difficolt\u00e0 attraversato dall\u2019azienda e si propone come alternativa al sistema bancario. Mi ritengo molto soddisfatto per questo risultato che rappresenta un\u2019importante risposta da parte del Governo allo stabilimento di Mel. In queste settimane mi sono costantemente interfacciato con il Ministro dello Sviluppo Economico Giancarlo Giorgetti e con il Ministro dell\u2019Economia Daniele Franco che ringrazio per l\u2019attenzione e l\u2019intenso lavoro svolto. Sono rimasto in contatto costante anche con il Commissario Maurizio Castro, con gli amministratori del territorio, oltre all\u2019unit\u00e0 di crisi del Mise e la Sottosegretaria Alessandra Todde, da sempre attiva nella nascita del progetto Italcomp\u201d.<\/em><\/p>\n<blockquote><p><em>Vorrei esprimere la mia vicinanza ai dipendenti e il mio personale ringraziamento per la loro continua dedizione nei confronti dello stabilimento: un insieme di professionalit\u00e0 e di competenze che meritano di essere valorizzate nell\u2019intero progetto legato al polo del compressore\u00a0<\/em><\/p><\/blockquote>\n<p>&nbsp;<\/p>\n<hr \/>\n<blockquote>\n<h3><\/h3>\n<h3>DARIO BOND: BENE CON LO SBLOCCO DEI PRESTITI, AVANTI CON IL PROGETTO ITALCOMP<\/h3>\n<p>DICHIARAZIONE DEL DEPUTATO<\/p><\/blockquote>\n<p><em><span style=\"font-size: large;\">\u00abIl lavoro portato avanti negli ultimi mesi dal commissario Castro e l\u2019impegno dei lavoratori non potevano cadere nel vuoto. Era impensabile che un\u2019azienda come Acc, storica e riconosciuta a livello mondiale, terminasse cos\u00ec la sua vita produttiva. Ora grazie al Decreto Sostegni potr\u00e0 continuare a lavorare. Ma non c\u2019\u00e8 tempo da perdere: bisogna tracciare subito il cronoprogramma per arrivare alla realizzazione del polo italiano dei compressori. E non bisogna perdere di vista neanche l\u2019altra questione spinosa della Valbelluna, vale a dire la crisi di Ideal Standard, dove lavorano circa 400 operai. Per questo chiedo al ministro Giorgetti un impegno attivo a ricevere al ministero sindacati e Rsu.\u00a0 Sarebbe una beffa che i lavoratori, dopo anni di sacrifici in busta paga per finanziare il nuovo forno, si ritrovassero senza lavoro\u00bb.<\/span><\/em><\/p>\n","protected":false},"excerpt":{"rendered":"<p>BORGO VALBELLUNA\u00a0 \u201cGrazie a un importante provvedimento contenuto all\u2019interno del Decreto Sostegni, lo stabilimento ACC di Mel pu\u00f2 continuare a guardare al futuro e proseguire nel proprio percorso verso la nascita di Italcomp. \u00c8 infatti prevista un\u2019ulteriore modalit\u00e0 operativa di finanziamento basata sulla diretta concessione di prestiti alle aziende con 250 o pi\u00f9 dipendenti e&hellip;<\/p>\n","protected":false},"author":4,"featured_media":197659,"comment_status":"closed","ping_status":"closed","sticky":false,"template":"","format":"standard","meta":{"_monsterinsights_skip_tracking":false,"_monsterinsights_sitenote_active":false,"_monsterinsights_sitenote_note":"","_monsterinsights_sitenote_category":0,"footnotes":""},"categories":[51,49],"tags":[],"class_list":["post-198104","post","type-post","status-publish","format-standard","has-post-thumbnail","hentry","category-evidenza-top","category-news-18","category-51","category-49","description-off"],"img_url":"https:\/\/www.radiopiu.net\/wordpress\/wp-content\/uploads\/2021\/03\/51a35ab2-57fb-46af-bc0b-7073c5d0389b.jpg","_links":{"self":[{"href":"https:\/\/www.radiopiu.net\/wordpress\/wp-json\/wp\/v2\/posts\/198104","targetHints":{"allow":["GET"]}}],"collection":[{"href":"https:\/\/www.radiopiu.net\/wordpress\/wp-json\/wp\/v2\/posts"}],"about":[{"href":"https:\/\/www.radiopiu.net\/wordpress\/wp-json\/wp\/v2\/types\/post"}],"author":[{"embeddable":true,"href":"https:\/\/www.radiopiu.net\/wordpress\/wp-json\/wp\/v2\/users\/4"}],"replies":[{"embeddable":true,"href":"https:\/\/www.radiopiu.net\/wordpress\/wp-json\/wp\/v2\/comments?post=198104"}],"version-history":[{"count":0,"href":"https:\/\/www.radiopiu.net\/wordpress\/wp-json\/wp\/v2\/posts\/198104\/revisions"}],"wp:featuredmedia":[{"embeddable":true,"href":"https:\/\/www.radiopiu.net\/wordpress\/wp-json\/wp\/v2\/media\/197659"}],"wp:attachment":[{"href":"https:\/\/www.radiopiu.net\/wordpress\/wp-json\/wp\/v2\/media?parent=198104"}],"wp:term":[{"taxonomy":"category","embeddable":true,"href":"https:\/\/www.radiopiu.net\/wordpress\/wp-json\/wp\/v2\/categories?post=198104"},{"taxonomy":"post_tag","embeddable":true,"href":"https:\/\/www.radiopiu.net\/wordpress\/wp-json\/wp\/v2\/tags?post=198104"}],"curies":[{"name":"wp","href":"https:\/\/api.w.org\/{rel}","templated":true}]}}