{"id":198121,"date":"2021-03-21T07:09:50","date_gmt":"2021-03-21T06:09:50","guid":{"rendered":"https:\/\/www.radiopiu.net\/wordpress\/?p=198121"},"modified":"2021-03-22T05:43:25","modified_gmt":"2021-03-22T04:43:25","slug":"giornale-radiopiu-21-marzo-2021-direttore-mirko-mezzacasa","status":"publish","type":"post","link":"https:\/\/www.radiopiu.net\/wordpress\/giornale-radiopiu-21-marzo-2021-direttore-mirko-mezzacasa\/","title":{"rendered":"GIORNALE RADIOPIU 21 MARZO 2021 DIRETTORE MIRKO MEZZACASA"},"content":{"rendered":"<h3><a href=\"https:\/\/www.radiopiu.net\/wordpress\/giornale-radiopiu-24-gennaio-2021-direttore-mirko-mezzacasa\/141433770_171616291414874_2957460898102012198_n\/\" rel=\"attachment wp-att-186566\"><img loading=\"lazy\" decoding=\"async\" class=\"wp-image-186566 alignleft\" src=\"https:\/\/www.radiopiu.net\/wordpress\/wp-content\/uploads\/2021\/01\/141433770_171616291414874_2957460898102012198_n-300x300.jpg\" alt=\"\" width=\"144\" height=\"144\" srcset=\"https:\/\/www.radiopiu.net\/wordpress\/wp-content\/uploads\/2021\/01\/141433770_171616291414874_2957460898102012198_n-300x300.jpg 300w, https:\/\/www.radiopiu.net\/wordpress\/wp-content\/uploads\/2021\/01\/141433770_171616291414874_2957460898102012198_n-150x150.jpg 150w, https:\/\/www.radiopiu.net\/wordpress\/wp-content\/uploads\/2021\/01\/141433770_171616291414874_2957460898102012198_n-768x768.jpg 768w, https:\/\/www.radiopiu.net\/wordpress\/wp-content\/uploads\/2021\/01\/141433770_171616291414874_2957460898102012198_n.jpg 800w\" sizes=\"auto, (max-width: 144px) 100vw, 144px\" \/><\/a><\/h3>\n<h3>PER<strong> RICEVERE QUESTO NOTIZIARIO DIRETTAMENTE SUL TUO CELLULARE ISCRIVITI AL CANALE TELEGRAM <\/strong><strong>\u201cRADIO PIU\u00a0 INFORMAZIONE&#8221;\u00a0<\/strong><\/h3>\n<h3>SUPERATI I 3000 ISCRITTI, il CANALE TELEGRAM&#8230; UNISCITI A: RADIO PIU INFORMAZIONE<\/h3>\n<p>&nbsp;<\/p>\n<p>&nbsp;<\/p>\n<p>&nbsp;<\/p>\n<p><em><a href=\"https:\/\/www.radiopiu.net\/wordpress\/giornale-radiopiu-24-gennaio-2021-direttore-mirko-mezzacasa\/79216601_126817312416448_708980208774483089_n\/\" rel=\"attachment wp-att-186567\"><img loading=\"lazy\" decoding=\"async\" class=\"size-medium wp-image-186567 alignright\" src=\"https:\/\/www.radiopiu.net\/wordpress\/wp-content\/uploads\/2021\/01\/79216601_126817312416448_708980208774483089_n-300x114.jpg\" alt=\"\" width=\"300\" height=\"114\" srcset=\"https:\/\/www.radiopiu.net\/wordpress\/wp-content\/uploads\/2021\/01\/79216601_126817312416448_708980208774483089_n-300x114.jpg 300w, https:\/\/www.radiopiu.net\/wordpress\/wp-content\/uploads\/2021\/01\/79216601_126817312416448_708980208774483089_n-768x292.jpg 768w, https:\/\/www.radiopiu.net\/wordpress\/wp-content\/uploads\/2021\/01\/79216601_126817312416448_708980208774483089_n.jpg 820w\" sizes=\"auto, (max-width: 300px) 100vw, 300px\" \/><\/a><span style=\"color: #ff0000;\">ATTENZIONE: LA NUOVA APP PER IOS-IPHONE di Nicola Vettorello <\/span><\/em><a href=\"https:\/\/apps.apple.com\/it\/app\/radio-pi%C3%B9-emittente-agordina\/id1515939845\">https:\/\/apps.apple.com\/it\/app\/radio-pi%C3%B9-emittente-agordina\/id1515939845<\/a><\/p>\n<p><em style=\"color: #ff0000;\">ATTENZIONE: LA NUOVA APP RADIO\u00a0 PER ANDROID di Nicola Vettorello<\/em><\/p>\n<p><a href=\"https:\/\/play.google.com\/store\/apps\/details?id=net.radiopiu.iniko\" target=\"_blank\" rel=\"noopener noreferrer\">https:\/\/play.google.com\/store\/apps\/details?id=net.radiopiu.iniko<\/a><\/p>\n<p>&nbsp;<\/p>\n<hr \/>\n<p>&nbsp;<\/p>\n<h1><span style=\"color: #ff0000;\">GRAZIE ALLEGHE\u00a0<\/span><\/h1>\n<p><a href=\"https:\/\/www.radiopiu.net\/wordpress\/giornale-radiopiu-21-marzo-2021-direttore-mirko-mezzacasa\/safe_image-19\/\" rel=\"attachment wp-att-198283\"><img loading=\"lazy\" decoding=\"async\" class=\"wp-image-198283 size-full aligncenter\" src=\"https:\/\/www.radiopiu.net\/wordpress\/wp-content\/uploads\/2021\/03\/safe_image-1.jpg\" alt=\"\" width=\"500\" height=\"260\" srcset=\"https:\/\/www.radiopiu.net\/wordpress\/wp-content\/uploads\/2021\/03\/safe_image-1.jpg 500w, https:\/\/www.radiopiu.net\/wordpress\/wp-content\/uploads\/2021\/03\/safe_image-1-300x156.jpg 300w\" sizes=\"auto, (max-width: 500px) 100vw, 500px\" \/><\/a><\/p>\n<p>Grazie Alleghe che ci fai piangere abbracciati ancora, citando Venditti. Abbracciati certo, ho visto due congiunti ascoltare la radio, davanti alla televisione, con le sciarpe biancorosse, la birra, la maglia dell&#8217;Alleghe, il poster di Villach e loro&#8230; abbracciati. Grazie ad una societ\u00e0 che da un anno resiste anche contro il covid, che ci ha creduto, che \u00e8 andata fino in fondo. Non sono in tanti, ma fanno tanto. Grazie ai giovani che hanno fatto dell&#8217;hockey il loro stile di vita, li guardo&#8230; e torno indietro di 37 anni,\u00a0 a quei giovani, che sono quelli di oggi in tempi diversi. Grazie a Marco Gaz che ci ha fatto vivere l&#8217;hockey alla radio, alle voci di Stefano Orsingher, Federico Paganin, Roberto Miana che ci hanno accompagnato nelle serate invernali. A Matteo Reolom e Karen per le informazioni e l&#8217;aggiornamento di un sito internet sempre pi\u00f9 visitato dal resto del mondo, passione ed entusiasmo per portare la novit\u00e0 con Riccardo\u00a0 della dinastia dei Riva, quella dei fotografi alla Gianfranco, Ilario, Diego Riva, un <em>brand<\/em>. E come sempre Forza Civette e&#8230;. Forza Siro, dai vecchia roccia che a settembre si riparte&#8230; voce in gola.<\/p>\n<p>mirko mezzacasa<\/p>\n<p>&nbsp;<\/p>\n<hr \/>\n<p>&nbsp;<\/p>\n<blockquote>\n<h1 style=\"text-align: center;\">VENETO IN ROSSO<\/h1>\n<h3>Il Veneto si colora di rosso, scuole chiuse. Stop agli spostamenti se non per inderogabili motivi.<\/h3>\n<\/blockquote>\n<p><a href=\"https:\/\/www.radiopiu.net\/wordpress\/veneto-in-rosso-il-bianco-sardegna-lontano-lo-dice-lincide-rt\/schermata-2021-03-12-alle-17-08-55\/\" rel=\"attachment wp-att-196720\"><img loading=\"lazy\" decoding=\"async\" class=\"alignnone wp-image-196720 size-full\" src=\"https:\/\/www.radiopiu.net\/wordpress\/wp-content\/uploads\/2021\/03\/Schermata-2021-03-12-alle-17.08.55.png\" alt=\"\" width=\"1934\" height=\"340\" srcset=\"https:\/\/www.radiopiu.net\/wordpress\/wp-content\/uploads\/2021\/03\/Schermata-2021-03-12-alle-17.08.55.png 1934w, https:\/\/www.radiopiu.net\/wordpress\/wp-content\/uploads\/2021\/03\/Schermata-2021-03-12-alle-17.08.55-300x53.png 300w, https:\/\/www.radiopiu.net\/wordpress\/wp-content\/uploads\/2021\/03\/Schermata-2021-03-12-alle-17.08.55-1024x180.png 1024w, https:\/\/www.radiopiu.net\/wordpress\/wp-content\/uploads\/2021\/03\/Schermata-2021-03-12-alle-17.08.55-768x135.png 768w, https:\/\/www.radiopiu.net\/wordpress\/wp-content\/uploads\/2021\/03\/Schermata-2021-03-12-alle-17.08.55-1536x270.png 1536w\" sizes=\"auto, (max-width: 1934px) 100vw, 1934px\" \/><\/a><\/p>\n<p><strong>PER GLI SPOSTAMENTI OBBLIGO DI AUTOCERTIFICAZIONE CHE PUOI <a href=\"https:\/\/www.radiopiu.net\/wordpress\/veneto-in-rosso-il-bianco-sardegna-lontano-lo-dice-lincide-rt\/dpcm-autocertificazione-gennaio-2021\/\">SCARICARE QUI<\/a><\/strong><\/p>\n<p>&nbsp;<\/p>\n<p>&nbsp;<\/p>\n<hr \/>\n<p>&nbsp;<\/p>\n<p><strong><a href=\"https:\/\/www.radiopiu.net\/wordpress\/acqua-di-nuovo-potabile-a-gosaldo\/bicchiere-acqua\/\" rel=\"attachment wp-att-197762\"><img loading=\"lazy\" decoding=\"async\" class=\"size-medium wp-image-197762 alignleft\" src=\"https:\/\/www.radiopiu.net\/wordpress\/wp-content\/uploads\/2021\/03\/BICCHIERE-ACQUA-300x200.jpg\" alt=\"\" width=\"300\" height=\"200\" srcset=\"https:\/\/www.radiopiu.net\/wordpress\/wp-content\/uploads\/2021\/03\/BICCHIERE-ACQUA-300x200.jpg 300w, https:\/\/www.radiopiu.net\/wordpress\/wp-content\/uploads\/2021\/03\/BICCHIERE-ACQUA-1024x683.jpg 1024w, https:\/\/www.radiopiu.net\/wordpress\/wp-content\/uploads\/2021\/03\/BICCHIERE-ACQUA-768x512.jpg 768w, https:\/\/www.radiopiu.net\/wordpress\/wp-content\/uploads\/2021\/03\/BICCHIERE-ACQUA-1536x1024.jpg 1536w, https:\/\/www.radiopiu.net\/wordpress\/wp-content\/uploads\/2021\/03\/BICCHIERE-ACQUA.jpg 1920w\" sizes=\"auto, (max-width: 300px) 100vw, 300px\" \/><\/a> <\/strong><\/p>\n<p><strong>\u00a0<\/strong><\/p>\n<p><strong>\u00a0<\/strong><\/p>\n<p><strong>Gestione Servizi Pubblici informa che a GOSALDO nelle localit\u00e0 RENON, LAGON, DELUBI e SABE, l&#8217;acqua erogata dall&#8217;acquedotto \u00e8 di nuovo potabile e pu\u00f2 essere usata, quindi, per scopi alimentari. \u00a0<\/strong><\/p>\n<p>&nbsp;<\/p>\n<p>&nbsp;<\/p>\n<p>&nbsp;<\/p>\n<p>&nbsp;<\/p>\n<hr \/>\n<p>&nbsp;<\/p>\n<blockquote class=\"wp-embedded-content\" data-secret=\"o7H1AzMHWk\"><p><a href=\"https:\/\/www.radiopiu.net\/wordpress\/il-bollettino-neve-al-suolo-20-marzo-2021\/\">IL BOLLETTINO NEVE AL SUOLO &#8211; 20 MARZO 2021<\/a><\/p><\/blockquote>\n<p><iframe loading=\"lazy\" class=\"wp-embedded-content\" sandbox=\"allow-scripts\" security=\"restricted\" style=\"position: absolute; clip: rect(1px, 1px, 1px, 1px);\" title=\"&#8220;IL BOLLETTINO NEVE AL SUOLO &#8211; 20 MARZO 2021&#8221; &#8212; Radio Pi\u00f9\" src=\"https:\/\/www.radiopiu.net\/wordpress\/il-bollettino-neve-al-suolo-20-marzo-2021\/embed\/#?secret=o7H1AzMHWk\" data-secret=\"o7H1AzMHWk\" width=\"600\" height=\"338\" frameborder=\"0\" marginwidth=\"0\" marginheight=\"0\" scrolling=\"no\"><\/iframe><\/p>\n<p>&nbsp;<\/p>\n<hr \/>\n<p>&nbsp;<\/p>\n<blockquote>\n<h3>NON SI REGISTRANO DECESSI COVID IN ULSS 1 DOLOMITI. 94 I NUOVI POSITIVI IN PROVINCIA<\/h3>\n<\/blockquote>\n<p><strong>BELLUNO <\/strong><span style=\"color: #000000;\"><span style=\"font-size: medium;\"><span lang=\"it-IT\">Nelle ultime 24 ore non sono stati registrati decessi covid. Sono 94 i nuovi positivi in Ulss\u00a0 Dolomiti, 1340 le persone attualmente positive.<\/span><\/span><\/span><\/p>\n<p align=\"JUSTIFY\"><span style=\"font-size: medium;\"><b>Ricoveri <\/b><\/span><\/p>\n<p align=\"JUSTIFY\"><span style=\"font-size: medium;\"><i>(dato alle ore 17.00 fonte: Azienda Zero)<\/i><\/span><\/p>\n<p align=\"JUSTIFY\"><span style=\"font-size: medium;\">Le persone attualmente POSITIVE ricoverate negli ospedali dell\u2019Ulss Dolomiti sono<\/span>:<\/p>\n<table border=\"1\" width=\"652\" frame=\"HSIDES\" rules=\"GROUPS\" cellspacing=\"0\" cellpadding=\"7\">\n<tbody>\n<tr valign=\"TOP\">\n<td width=\"203\"><\/td>\n<td width=\"203\">\n<p align=\"JUSTIFY\"><span style=\"color: #365f91;\"><span style=\"font-size: medium;\"><b>Area NON CRITICA<\/b><\/span><\/span><\/p>\n<\/td>\n<td width=\"203\">\n<p align=\"JUSTIFY\"><span style=\"color: #365f91;\"><span style=\"font-size: medium;\"><b>Terapia Intensiva<\/b><\/span><\/span><\/p>\n<\/td>\n<\/tr>\n<\/tbody>\n<tbody>\n<tr valign=\"TOP\">\n<td bgcolor=\"#d3dfee\" width=\"203\">\n<p align=\"JUSTIFY\"><span style=\"color: #365f91;\"><span style=\"font-size: medium;\"><b>Ospedale di Belluno <\/b><\/span><\/span><\/p>\n<\/td>\n<td bgcolor=\"#d3dfee\" width=\"203\">\n<p align=\"CENTER\"><span style=\"color: #365f91;\"><span style=\"font-size: medium;\"><span lang=\"it-IT\">40<\/span><\/span><\/span><\/p>\n<\/td>\n<td bgcolor=\"#d3dfee\" width=\"203\">\n<p lang=\"it-IT\" align=\"CENTER\"><span style=\"color: #365f91;\"><span style=\"font-size: medium;\">4<\/span><\/span><\/p>\n<\/td>\n<\/tr>\n<tr valign=\"TOP\">\n<td bgcolor=\"#d3dfee\" width=\"203\">\n<p align=\"JUSTIFY\"><span style=\"color: #365f91;\"><span style=\"font-size: medium;\"><b>Ospedale di Feltre<\/b><\/span><\/span><\/p>\n<\/td>\n<td bgcolor=\"#d3dfee\" width=\"203\">\n<p lang=\"it-IT\" align=\"CENTER\"><span style=\"color: #365f91;\"><span style=\"font-size: medium;\">19<\/span><\/span><\/p>\n<\/td>\n<td bgcolor=\"#d3dfee\" width=\"203\">\n<p lang=\"it-IT\" align=\"CENTER\"><span style=\"color: #365f91;\"><span style=\"font-size: medium;\">2<\/span><\/span><\/p>\n<\/td>\n<\/tr>\n<\/tbody>\n<\/table>\n<p align=\"JUSTIFY\"><span style=\"font-size: medium;\">Le persone attualmente POSITIVE <\/span>ricoverate in Ospedale di Comunit\u00e0 sono:<\/p>\n<table border=\"1\" width=\"652\" frame=\"HSIDES\" rules=\"ROWS\" cellspacing=\"0\" cellpadding=\"7\">\n<tbody>\n<tr valign=\"TOP\">\n<td width=\"312\"><\/td>\n<td width=\"312\">\n<p align=\"JUSTIFY\"><span style=\"color: #76923c;\"><span style=\"font-size: medium;\"><b>pazienti attualmente positivi<\/b><\/span><\/span><\/p>\n<\/td>\n<\/tr>\n<tr valign=\"TOP\">\n<td bgcolor=\"#e6eed5\" width=\"312\">\n<p align=\"JUSTIFY\"><span style=\"color: #76923c;\"><span style=\"font-size: medium;\"><b>Ospedale di Comunit\u00e0 di BELLUNO<\/b><\/span><\/span><\/p>\n<\/td>\n<td bgcolor=\"#e6eed5\" width=\"312\">\n<p align=\"CENTER\"><span style=\"color: #76923c;\"><span style=\"font-size: medium;\"><span lang=\"it-IT\">14<\/span><\/span><\/span><\/p>\n<\/td>\n<\/tr>\n<tr valign=\"TOP\">\n<td bgcolor=\"#e6eed5\" width=\"312\">\n<p align=\"JUSTIFY\"><span style=\"color: #76923c;\"><span style=\"font-size: medium;\"><b>Ospedale di Comunit\u00e0 di FELTRE<\/b><\/span><\/span><\/p>\n<\/td>\n<td bgcolor=\"#e6eed5\" width=\"312\">\n<p lang=\"it-IT\" align=\"CENTER\"><span style=\"color: #76923c;\"><span style=\"font-size: medium;\">1<\/span><\/span><\/p>\n<\/td>\n<\/tr>\n<\/tbody>\n<\/table>\n<p>&nbsp;<\/p>\n<p>&nbsp;<\/p>\n<blockquote>\n<h3>SI FA MALE AD UN GINOCCHIO DURANTE LA TRANSCAVALLO, ELITRASPORTATA A BELLUNO<\/h3>\n<\/blockquote>\n<p><strong><a href=\"https:\/\/www.radiopiu.net\/wordpress\/grave-giovane-scialpinista-caduta-in-palantina\/salt_20210304_134815_951\/\" rel=\"attachment wp-att-195089\"><img loading=\"lazy\" decoding=\"async\" class=\" wp-image-195089 alignleft\" src=\"https:\/\/www.radiopiu.net\/wordpress\/wp-content\/uploads\/2021\/03\/salt_20210304_134815_951-300x225.jpg\" alt=\"\" width=\"165\" height=\"124\" srcset=\"https:\/\/www.radiopiu.net\/wordpress\/wp-content\/uploads\/2021\/03\/salt_20210304_134815_951-300x225.jpg 300w, https:\/\/www.radiopiu.net\/wordpress\/wp-content\/uploads\/2021\/03\/salt_20210304_134815_951-1024x768.jpg 1024w, https:\/\/www.radiopiu.net\/wordpress\/wp-content\/uploads\/2021\/03\/salt_20210304_134815_951-768x576.jpg 768w, https:\/\/www.radiopiu.net\/wordpress\/wp-content\/uploads\/2021\/03\/salt_20210304_134815_951-1536x1152.jpg 1536w, https:\/\/www.radiopiu.net\/wordpress\/wp-content\/uploads\/2021\/03\/salt_20210304_134815_951-2048x1536.jpg 2048w\" sizes=\"auto, (max-width: 165px) 100vw, 165px\" \/><\/a>CHIES D&#8217;ALPAGO<\/strong> Attorno a mezzogiorno e mezza l&#8217;elicottero del Suem di Pieve di Cadore \u00e8 decollato in direzione Valbona sotto il Monte Guslon, per una scialpinista che aveva riportato un probabile trauma al ginocchio e non era pi\u00f9 in grado di scendere autonomamente. Assistita dai soccorritori presenti lungo il percorso della Transcavallo, F.B., 43 anni, di Chies d&#8217;Alpago (BL), \u00e8 stata recuperata a 1.700 metri di quota dal tecnico di elisoccorso, calato con un verricello di 20 metri, per essere trasportata all&#8217;ospedale di Belluno.<\/p>\n<p>&nbsp;<\/p>\n<p>&nbsp;<\/p>\n<hr \/>\n<p>&nbsp;<\/p>\n<blockquote>\n<h3>RECUPERATO DAL SOCCORSO ALPINO SCIALPINISTA SUL CRISTALLO<\/h3>\n<\/blockquote>\n<p><strong><a href=\"https:\/\/www.radiopiu.net\/wordpress\/incrodati-sulla-civetta-soccorsi-stamane-alle-4-30-due-alpinisti-bloccati-sullantelao-chiamano-la-compagna-anziche-il-118\/salt_20200810_175813_090_resized\/\" rel=\"attachment wp-att-154485\"><img loading=\"lazy\" decoding=\"async\" class=\" wp-image-154485 alignleft\" src=\"https:\/\/www.radiopiu.net\/wordpress\/wp-content\/uploads\/2020\/08\/salt_20200810_175813_090_resized-300x225.jpg\" alt=\"\" width=\"161\" height=\"121\" srcset=\"https:\/\/www.radiopiu.net\/wordpress\/wp-content\/uploads\/2020\/08\/salt_20200810_175813_090_resized-300x225.jpg 300w, https:\/\/www.radiopiu.net\/wordpress\/wp-content\/uploads\/2020\/08\/salt_20200810_175813_090_resized-1024x768.jpg 1024w, https:\/\/www.radiopiu.net\/wordpress\/wp-content\/uploads\/2020\/08\/salt_20200810_175813_090_resized-768x576.jpg 768w, https:\/\/www.radiopiu.net\/wordpress\/wp-content\/uploads\/2020\/08\/salt_20200810_175813_090_resized.jpg 1182w\" sizes=\"auto, (max-width: 161px) 100vw, 161px\" \/><\/a>CORTINA\u00a0<\/strong>Alle 13.45 circa l&#8217;elicottero del Suem di Pieve di Cadore \u00e8 volato sul Cristallo, per uno scialpinista che, mentre stava scendendo con due compagni lungo il Forame di Dentro, aveva messo un piede in una fessura tra neve e roccia, riportando un possibile trauma alla gamba. Individuato grazie alle coordinate il punto in cui si trovava, con un verricello di 50 metri \u00e8 stato sbarcato il tecnico di elisoccorso, che ha recuperato nella stessa modalit\u00e0 Z.D.A., 56 anni, di Verona, accompagnato poi all&#8217;ospedale di Cortina.<\/p>\n<p>&nbsp;<\/p>\n<p>&nbsp;<\/p>\n<hr \/>\n<p>&nbsp;<\/p>\n<blockquote>\n<h3>SBATTE LA TESTA E RIMANE A TERRA. INTERVIENE IL SOCCORSO ALPINO<\/h3>\n<\/blockquote>\n<p><strong><a class=\"dt-pswp-item\" href=\"https:\/\/www.radiopiu.net\/wordpress\/wp-content\/uploads\/2018\/08\/soccorsoalpino.jpg\" data-dt-img-description=\"\" data-large_image_width=\"1200\" data-large_image_height=\"1200\"><img loading=\"lazy\" decoding=\"async\" class=\" wp-image-59164 alignleft\" src=\"https:\/\/www.radiopiu.net\/wordpress\/wp-content\/uploads\/2018\/08\/soccorsoalpino-300x300.jpg\" alt=\"\" width=\"143\" height=\"143\" srcset=\"https:\/\/www.radiopiu.net\/wordpress\/wp-content\/uploads\/2018\/08\/soccorsoalpino-300x300.jpg 300w, https:\/\/www.radiopiu.net\/wordpress\/wp-content\/uploads\/2018\/08\/soccorsoalpino-150x150.jpg 150w, https:\/\/www.radiopiu.net\/wordpress\/wp-content\/uploads\/2018\/08\/soccorsoalpino-768x768.jpg 768w, https:\/\/www.radiopiu.net\/wordpress\/wp-content\/uploads\/2018\/08\/soccorsoalpino-1024x1024.jpg 1024w, https:\/\/www.radiopiu.net\/wordpress\/wp-content\/uploads\/2018\/08\/soccorsoalpino.jpg 1200w\" sizes=\"auto, (max-width: 143px) 100vw, 143px\" \/><\/a>PIEVE DI CADORE\u00a0<\/strong>Alle 17.45 circa, il Soccorso alpino di Pieve di Cadore \u00e8 stato allertato dalla Centrale del Suem per intervenire in supporto all&#8217;ambulanza, per un uomo scivolato sul sentiero ghiacciato del Roccolo. L&#8217;uomo, che aveva sbattuto la testa ed era stato visto a terra da una passante, \u00e8 stato subito raggiunto dal personale sanitario dell&#8217;ambulanza, aiutato a mettersi in piedi e a incamminarsi verso l&#8217;ambulanza poi partita in direzione dell&#8217;ospedale per gli accertamenti del caso.<\/p>\n<p>&nbsp;<\/p>\n<p>&nbsp;<\/p>\n<p>&nbsp;<\/p>\n<hr \/>\n<p>&nbsp;<\/p>\n<blockquote>\n<h3>AIUTI PER LA MONTAGNA, CHI CI CREDE E CHI NO. LO SFOGO DELL&#8217;IMPRENDITORE<\/h3>\n<\/blockquote>\n<p><strong>REDAZIONE<\/strong> Dopo le notizie in arrivo da Roma in tema ristori abbiamo voluto sentire alcuni pareri<\/p>\n<p>..<\/p>\n<p><strong>SERGIO PRA, ALBERGATORE E PRESIDENTE ALLEGHE FUNIVIE<\/strong><\/p>\n<audio class=\"wp-audio-shortcode\" id=\"audio-198121-1\" preload=\"none\" style=\"width: 100%;\" controls=\"controls\"><source type=\"audio\/mpeg\" src=\"https:\/\/www.radiopiu.net\/wordpress\/wp-content\/uploads\/2021\/03\/SERGIO.mp3?_=1\" \/><a href=\"https:\/\/www.radiopiu.net\/wordpress\/wp-content\/uploads\/2021\/03\/SERGIO.mp3\">https:\/\/www.radiopiu.net\/wordpress\/wp-content\/uploads\/2021\/03\/SERGIO.mp3<\/a><\/audio>\n<p>&nbsp;<\/p>\n<p><strong>RENZO MINELLA DIRETTORE MARKETING SAN PELLEGRINO E PRES. REG. ANEF<\/strong><\/p>\n<audio class=\"wp-audio-shortcode\" id=\"audio-198121-2\" preload=\"none\" style=\"width: 100%;\" controls=\"controls\"><source type=\"audio\/mpeg\" src=\"https:\/\/www.radiopiu.net\/wordpress\/wp-content\/uploads\/2021\/03\/RENZO.mp3?_=2\" \/><a href=\"https:\/\/www.radiopiu.net\/wordpress\/wp-content\/uploads\/2021\/03\/RENZO.mp3\">https:\/\/www.radiopiu.net\/wordpress\/wp-content\/uploads\/2021\/03\/RENZO.mp3<\/a><\/audio>\n<p>&nbsp;<\/p>\n<p><strong>LUCIA FARENZENA PRESIDENTE OP. TURISTICI ROCCA PIETORE MARMOLADA<\/strong><\/p>\n<audio class=\"wp-audio-shortcode\" id=\"audio-198121-3\" preload=\"none\" style=\"width: 100%;\" controls=\"controls\"><source type=\"audio\/mpeg\" src=\"https:\/\/www.radiopiu.net\/wordpress\/wp-content\/uploads\/2021\/03\/LUCIA.mp3?_=3\" \/><a href=\"https:\/\/www.radiopiu.net\/wordpress\/wp-content\/uploads\/2021\/03\/LUCIA.mp3\">https:\/\/www.radiopiu.net\/wordpress\/wp-content\/uploads\/2021\/03\/LUCIA.mp3<\/a><\/audio>\n<p>&nbsp;<\/p>\n<p><strong>MANUEL DE BIASIO, COMMERCIANTE A CAPRILE<\/strong><\/p>\n<audio class=\"wp-audio-shortcode\" id=\"audio-198121-4\" preload=\"none\" style=\"width: 100%;\" controls=\"controls\"><source type=\"audio\/mpeg\" src=\"https:\/\/www.radiopiu.net\/wordpress\/wp-content\/uploads\/2021\/03\/MANUEL-DE-BIASIO.mp3?_=4\" \/><a href=\"https:\/\/www.radiopiu.net\/wordpress\/wp-content\/uploads\/2021\/03\/MANUEL-DE-BIASIO.mp3\">https:\/\/www.radiopiu.net\/wordpress\/wp-content\/uploads\/2021\/03\/MANUEL-DE-BIASIO.mp3<\/a><\/audio>\n<p>&nbsp;<\/p>\n<p>&nbsp;<\/p>\n<hr \/>\n<p>&nbsp;<\/p>\n<blockquote>\n<h3>DECRETO SOSTEGNI. BERTON: \u201cORA LA VERA PARTITA SI GIOCA SULLA RAPIDIT\u00c0 DEI PAGAMENTI E SULLA PROGRAMMAZIONE DELLA RIPARTENZA, IN MONTAGNA PI\u00d9 CHE ALTROVE\u201d<\/h3>\n<\/blockquote>\n<p><strong><a href=\"https:\/\/www.radiopiu.net\/wordpress\/giornale-radiopiu-14-gennaio-2020-direttore-mirko-mezzacasa\/lorraine_berton-2\/\" rel=\"attachment wp-att-112912\"><img loading=\"lazy\" decoding=\"async\" class=\"size-medium wp-image-112912 alignleft\" src=\"https:\/\/www.radiopiu.net\/wordpress\/wp-content\/uploads\/2020\/01\/Lorraine_Berton-300x300.jpg\" alt=\"\" width=\"300\" height=\"300\" srcset=\"https:\/\/www.radiopiu.net\/wordpress\/wp-content\/uploads\/2020\/01\/Lorraine_Berton-300x300.jpg 300w, https:\/\/www.radiopiu.net\/wordpress\/wp-content\/uploads\/2020\/01\/Lorraine_Berton-150x150.jpg 150w, https:\/\/www.radiopiu.net\/wordpress\/wp-content\/uploads\/2020\/01\/Lorraine_Berton.jpg 767w\" sizes=\"auto, (max-width: 300px) 100vw, 300px\" \/><\/a>BELLUNO <\/strong>\u201c<em>Ora la vera partita si gioca sulla rapidit\u00e0 dei pagamenti e sulla programmazione della ripartenza. Per ritornare a guardare al futuro serve che questo provvedimento sia efficace e veloce, anzi velocissimo, nella sua applicazione. Non c\u2019\u00e8 altro tempo da perdere<\/em>\u201d. Cos\u00ec Lorraine Berton, presidente di Confindustria Belluno Dolomiti, commenta il via libera del Consiglio dei Ministri al Decreto sostegni. \u201c<em>Mi riservo di approfondire il testo e le sue implicazioni, ma ci sono dei passi in avanti rispetto al passato, come aver eliminato il riferimento ai Codici Ateco ancorando l\u2019indennizzo al calo dal fatturato. Era la prima mossa da fare per rendere il sistema pi\u00f9 equo evitando dannose \u2013 e ancora pi\u00f9 controproducenti &#8211; guerre fra poveri<\/em>\u201d. \u201c<em>Positivo<\/em>\u201d, sottolinea Berton, \u201c<em>anche il focus dedicato alla montagna e al turismo invernale con il via libera ai 700 milioni di euro per la filiera dello sci alle prese con una stagione mai iniziata, ma anche qui\u201d, sottolinea il presidente di Confindustria, \u201ca fare la differenza sar\u00e0 la capacit\u00e0 di fare veloci: le imprese hanno bisogno di liquidit\u00e0 immediata e non possono aspettare altri mesi per avere un supporto economico concreto<\/em>\u201d. Per Berton quindi \u201c<em>bisogna liberare subito le risorse<\/em>\u201d, in particolare per la montagna: \u201c<em>Sono rassicurata dalle parole del premier Mario Draghi ma nutro molti dubbi sulla capacit\u00e0 del nostro sistema burocratico a fare presto. Serve quindi uno sforzo doppio per accelerare i tempi e dare agli operatori l\u2019ossigeno necessario per guardare alla stagione estiva<\/em>\u201d. Pi\u00f9 in generale, dice Berton, \u201c<em>occorre programmare il futuro<\/em>\u201d. \u201c<em>L\u2019evoluzione della pandemia ci fa navigare nell\u2019incertezza, ma non possiamo farci trascinare. Servono punti fermi, come la garanzia di una campagna vaccinale estesa, capillare e cadenzata in tutti i territori<\/em>\u201d. \u201c<em>Gli industriali anche bellunesi, come gi\u00e0 annunciato nei giorni scorsi, sono pronti a fare la loro parte mettendo a disposizione fabbriche e capacit\u00e0<\/em>\u201d, rimarca Berton. \u201c<em>Da ultimo, ogni nostra energia deve essere concentrata sul ritorno a scuola in presenza e sul recupero \u2013 in termini didattici e relazionali \u2013 di tutto il tempo perso. Una scuola di qualit\u00e0 \u00e8 la base di ogni ripartenza. Solo se ripartono le competenze e l\u2019energia vitale che le supporta, riparte l\u2019economia<\/em>\u201d, conclude Berton.<\/p>\n<p>&nbsp;<\/p>\n<p>&nbsp;<\/p>\n<hr \/>\n<p>&nbsp;<\/p>\n<blockquote>\n<h3 class=\"p1\"><span class=\"s1\">DECRETO SOSTEGNI, CONFARTIGIANATO TIRA UN SOSPIRO DI SOLLIEVO<\/span><\/h3>\n<\/blockquote>\n<p class=\"p1\"><span class=\"s1\"><strong><a href=\"https:\/\/www.radiopiu.net\/wordpress\/la-presidente-di-confartigianato-claudia-scarzanella-parla-delle-sfide-territoriali-per-lanno-che-verra\/claudia-scarzanella-confartigianato\/\" rel=\"attachment wp-att-182277\"><img loading=\"lazy\" decoding=\"async\" class=\"size-medium wp-image-182277 alignleft\" src=\"https:\/\/www.radiopiu.net\/wordpress\/wp-content\/uploads\/2020\/12\/CLAUDIA-SCARZANELLA-CONFARTIGIANATO-300x236.png\" alt=\"\" width=\"300\" height=\"236\" srcset=\"https:\/\/www.radiopiu.net\/wordpress\/wp-content\/uploads\/2020\/12\/CLAUDIA-SCARZANELLA-CONFARTIGIANATO-300x236.png 300w, https:\/\/www.radiopiu.net\/wordpress\/wp-content\/uploads\/2020\/12\/CLAUDIA-SCARZANELLA-CONFARTIGIANATO-1024x804.png 1024w, https:\/\/www.radiopiu.net\/wordpress\/wp-content\/uploads\/2020\/12\/CLAUDIA-SCARZANELLA-CONFARTIGIANATO-768x603.png 768w, https:\/\/www.radiopiu.net\/wordpress\/wp-content\/uploads\/2020\/12\/CLAUDIA-SCARZANELLA-CONFARTIGIANATO.png 1042w\" sizes=\"auto, (max-width: 300px) 100vw, 300px\" \/><\/a>BELLUNO<\/strong> Confartigianato Belluno plaude al Decreto Sostegni, che nelle ultime ore ha ricevuto il via libera da parte del Governo. Apprezzato soprattutto il metodo utilizzato, che allarga la platea delle imprese e soprattutto del mondo artigiano coinvolto dalle misure di beneficio. In particolare piacciono il superamento dei codici Ateco e l\u2019introduzione di meccanismi di calcolo pi\u00f9 equi, con coefficienti premianti per le pmi.\u00a0 <\/span><span class=\"s1\">\u00ab<em>Gli aiuti saranno compresi tra un minime di 1.000 euro per le persone fisiche, 2.000 euro per le persone giuridiche e un massimo di 150.000 euro per beneficiario &#8211; spiega il direttore di Confartigianato Belluno, Michele Basso -. I contributi andranno alle imprese che nel 2020 hanno perso almeno il 30% del fatturato medio mensile rispetto al 2019, quindi calcolati su una percentuale del calo, indipendentemente dal codice Ateco dell\u2019attivit\u00e0<\/em>\u00bb. <\/span><span class=\"s1\">\u00ab<em>Misure decisamente valide &#8211; aggiunge la presidente, Claudia Scarzanella -. Adesso per\u00f2 \u00e8 necessario che l\u2019erogazione dei contributi sia rapida, perch\u00e9 le imprese sono in grande difficolt\u00e0. E non nascondiamo che andrebbe incrementata la quantit\u00e0 di risorse da destinare agli imprenditori, in particolare per i settori pi\u00f9 colpiti, dalla moda al legno-arredo fino alla filiera del turismo, particolarmente importante per il territorio bellunese. Purtroppo, le restrizioni che si sommano a quelle gi\u00e0 pagate nei mesi scorsi, e destinate ad accompagnarci fino a Pasqua, rischiano di essere un\u2019altra mazzata per la grande maggioranza delle attivit\u00e0, tale da rendere insufficienti i ristori e gli aiuti. Rimane valido quello che diciamo da tempo: non si tratta di chiedere assistenzialismo, ma solo quella boccata di ossigeno che ci permette di andare avanti in un momento particolarmente difficile. La nostra volont\u00e0 rimane quella di lavorare, perch\u00e9 \u00e8 la cosa che gli artigiani sanno fare meglio. In questo senso, ben vengano le rassicurazioni del premier Draghi sull\u2019intensificazione della campagna vaccinale, perch\u00e9 \u00e8 lo strumento che ci permetter\u00e0 di tornare presto alla normale vita quotidiana e professionale. Nel frattempo, ci auguriamo che questo periodo di crisi possa diventare l\u2019occasione per una profonda e rivoluzionaria azione su fiscalit\u00e0, tassazione e burocrazia, in grado di rimettere il Paese al passo con i tempi<\/em>\u00bb.<\/span><\/p>\n<p>&nbsp;<\/p>\n<p>&nbsp;<\/p>\n<hr \/>\n<p>&nbsp;<\/p>\n<blockquote>\n<h3>LEGA: PAOLO SAVIANE E MIRCO BADOLE SUL DL SOSTEGNI<\/h3>\n<\/blockquote>\n<p><strong><a href=\"https:\/\/www.radiopiu.net\/wordpress\/giornale-radiopiu-21-marzo-2021-direttore-mirko-mezzacasa\/lega-salvini\/\" rel=\"attachment wp-att-198269\"><img loading=\"lazy\" decoding=\"async\" class=\" wp-image-198269 alignleft\" src=\"https:\/\/www.radiopiu.net\/wordpress\/wp-content\/uploads\/2021\/03\/LEGA-SALVINI.png\" alt=\"\" width=\"157\" height=\"157\" srcset=\"https:\/\/www.radiopiu.net\/wordpress\/wp-content\/uploads\/2021\/03\/LEGA-SALVINI.png 262w, https:\/\/www.radiopiu.net\/wordpress\/wp-content\/uploads\/2021\/03\/LEGA-SALVINI-150x150.png 150w\" sizes=\"auto, (max-width: 157px) 100vw, 157px\" \/><\/a>BELLUNO<\/strong> Aiuti al settore turistico della montagna e la risoluzione della via Crucis dell\u2019Acc. Nel Decreto Sostegni ci sono risposte concrete per il Bellunese. \u201c<em>Dal decreto Sostegni ci attendiamo una ripartenza per il Bellunese e per le sue terre alte, la Lega ha fatto la sua parte e ha dato un\u2019accelerata all\u2019iter \u2013 spiegano il senatore Paolo Saviane e il parlamentare Mirco Badole -. Il testo potra\u0300 comunque ancora essere migliorato in sede di conversione nelle due Camere del Parlamento. Questo e\u0300 un risultato di tutti i rappresentanti bellunesi a Roma, dai ministri e dai parlamentari<\/em>\u201d. \u201c<em>Queste sono buone notizie, cosi\u0300 come la sospensione del canone Rai richiestaci da Federalberghi ed effettivamente accolta nel Decreto \u2013 spiegano ancora i due rappresentanti della Lega a Roma -. Sostenere le categorie in questo momento e\u0300 fondamentale per dare speranza e impulso all\u2019economia. Usciamo da dodici mesi difficili, dobbiamo sostenere con tutti i mezzi la ripartenza e non lasciare indietro nessuno<\/em>\u201d. Nemmeno i lavoratori dello stabilimento Acc di Borgo Valbelluna. Anche per loro il testo discusso in queste settimane nei palazzi romani contiene buone notizie e questo anche grazie al Ministro Giorgetti. \u201c<em>Il sito produttivo rientra pienamente nei criteri richiesti alle aziende da sostenere \u2013 spiegano ancora -, e\u0300 importante dare un segnale e una risposta concreta a famiglie da settimane con il fiato sospeso. Comprendiamo appieno lo scetticismo dei sindacati, che da 11 mesi sentono annunci sulla risoluzione della vertenza. Il Ministro Giorgetti ha preso a cuore il futuro delle aziende in difficolta\u0300 e per l\u2019Acc si aprono buone prospettive<\/em>\u201d. Il fondo previsto nel Decreto Sostegni prevede infatti prestiti alle aziende dai 250 dipendenti in su e criteri come fatturato superiore a 50 milioni di euro o, in alternativa, un bilancio che superi i 43 milioni.<\/p>\n<div class=\"page\" title=\"Page 1\">\n<div class=\"layoutArea\">\n<div class=\"column\">\n<div class=\"page\" title=\"Page 1\">\n<div class=\"layoutArea\">\n<div class=\"column\">\n<p>&nbsp;<\/p>\n<p>&nbsp;<\/p>\n<hr \/>\n<p>&nbsp;<\/p>\n<\/div>\n<\/div>\n<\/div>\n<\/div>\n<\/div>\n<\/div>\n<blockquote>\n<h3 class=\"p1\"><span class=\"s1\">DECRETO SOSTEGNI, BOND (FI): \u00abBENE L\u2019ATTENZIONE PER IL TURISMO INVERNALE, MA I 700 MILIONI NON BASTANO\u00bb<\/span><\/h3>\n<\/blockquote>\n<p class=\"p1\"><span class=\"s1\"><strong><a href=\"https:\/\/www.radiopiu.net\/wordpress\/dario-bond-e-il-bando-sul-direttore-della-fondazione-unesco\/dario-bond-12\/\" rel=\"attachment wp-att-191054\"><img loading=\"lazy\" decoding=\"async\" class=\"size-medium wp-image-191054 alignleft\" src=\"https:\/\/www.radiopiu.net\/wordpress\/wp-content\/uploads\/2021\/02\/DARIO-BOND-300x138.jpg\" alt=\"\" width=\"300\" height=\"138\" srcset=\"https:\/\/www.radiopiu.net\/wordpress\/wp-content\/uploads\/2021\/02\/DARIO-BOND-300x138.jpg 300w, https:\/\/www.radiopiu.net\/wordpress\/wp-content\/uploads\/2021\/02\/DARIO-BOND-1024x472.jpg 1024w, https:\/\/www.radiopiu.net\/wordpress\/wp-content\/uploads\/2021\/02\/DARIO-BOND-768x354.jpg 768w, https:\/\/www.radiopiu.net\/wordpress\/wp-content\/uploads\/2021\/02\/DARIO-BOND-1536x708.jpg 1536w, https:\/\/www.radiopiu.net\/wordpress\/wp-content\/uploads\/2021\/02\/DARIO-BOND.jpg 1600w\" sizes=\"auto, (max-width: 300px) 100vw, 300px\" \/><\/a>ROMA<\/strong> \u00ab<em>Bisogna studiare qualche sistema diverso per dare davvero una mano alla filiera del turismo invernale nella sua interezza. Altrimenti il settore della ricettivit\u00e0 rischia il tracollo dopo una stagione come quella che abbiamo vissuto<\/em>\u00bb. \u00c8 quanto afferma il deputato di Forza Italia Dario Bond, all\u2019indomani del via libera al Decreto Sostegni, che prevede un fondo da 700 milioni di euro a sostegno del settore sci. <\/span><span class=\"s1\">\u00ab<em>Un fondo che al 70% \u00e8 destinato agli impianti di risalita, mentre per tutto il resto &#8211; dagli alberghi ai ristoranti, passando per i maestri di sci &#8211; c\u2019\u00e8 solamente il 30%. Significa che 490 milioni andranno ai gestori delle ski aree, e agli albergatori e alle altre attivit\u00e0 resteranno solo 210 milioni, una cifra insufficiente, se facciamo due calcoli. Siamo di fronte alla crisi del turismo pi\u00f9 grande mai vissuta; ci sono realt\u00e0 che devono fare i conti con passivit\u00e0 spaventose. Se vogliamo che il prossimo anno, passato il Covid, ci sia ancora una stagione invernale, bisogna fare qualcosa di pi\u00f9. Perch\u00e9 \u00e8 vero che lo sci vive sugli impianti di risalita, ma \u00e8 altrettanto vero che le ski aree hanno bisogno di un settore ricettivo attorno<\/em>\u00bb. <\/span><span class=\"s1\">\u00ab<em>Credo sia fondamentale agire subito, a sostegno di attivit\u00e0 vitali per la montagna, dove lavorano migliaia di persone in Veneto e che danno reddito a moltissime famiglie &#8211; prosegue Dario Bond -. O si aumenta il fondo messo a disposizione, innalzandolo dagli attuali 700 milioni di euro. Oppure si aprano contributi specifici sugli investimenti futuri degli alberghi e del settore ricettivit\u00e0. Penso ad esempio a quote del 40% a fondo perduto su investimenti di riqualificazione, sforando il de minimis a livello europe<\/em>o\u00bb.<\/span><\/p>\n<p>&nbsp;<\/p>\n<p>&nbsp;<\/p>\n<hr \/>\n<p>&nbsp;<\/p>\n<blockquote>\n<h3>AL CAMPIONATO MONDIALE DEL PESTO AL MORTAIO SILVANO SAVIO PREMIATO PER L&#8217;ORIGINALITA&#8217;. MENZIONE ANCHE PER LIA DE BIASIO<\/h3>\n<\/blockquote>\n<p><strong>AGORDO<\/strong><\/p>\n<p>di Gianni Santomaso<\/p>\n<audio class=\"wp-audio-shortcode\" id=\"audio-198121-5\" preload=\"none\" style=\"width: 100%;\" controls=\"controls\"><source type=\"audio\/mpeg\" src=\"https:\/\/www.radiopiu.net\/wordpress\/wp-content\/uploads\/2021\/03\/GIANNI-CAMPIONATO-PESTO.mp3?_=5\" \/><a href=\"https:\/\/www.radiopiu.net\/wordpress\/wp-content\/uploads\/2021\/03\/GIANNI-CAMPIONATO-PESTO.mp3\">https:\/\/www.radiopiu.net\/wordpress\/wp-content\/uploads\/2021\/03\/GIANNI-CAMPIONATO-PESTO.mp3<\/a><\/audio>\n<p>&nbsp;<\/p>\n<p><strong>I DUE PARTECIPANTI<\/strong><\/p>\n\n\t\t\t<style type='text\/css'>\n\t\t\t\t#gallery-1 {\n\t\t\t\t\tmargin: auto;\n\t\t\t\t}\n\t\t\t\t#gallery-1 .gallery-item {\n\t\t\t\t\tfloat: left;\n\t\t\t\t\tmargin-top: 10px;\n\t\t\t\t\ttext-align: center;\n\t\t\t\t\twidth: 50%;\n\t\t\t\t}\n\t\t\t\t#gallery-1 img {\n\t\t\t\t\tborder: 2px solid #cfcfcf;\n\t\t\t\t}\n\t\t\t\t#gallery-1 .gallery-caption {\n\t\t\t\t\tmargin-left: 0;\n\t\t\t\t}\n\t\t\t\t\/* see gallery_shortcode() in wp-includes\/media.php *\/\n\t\t\t<\/style>\n\t\t<div id='gallery-1' class='dt-gallery-container gallery galleryid-198121 gallery-columns-2 gallery-size-medium'><dl class='gallery-item'>\n\t\t\t\t<dt class='gallery-icon landscape'>\n\t\t\t\t\t<a class=\"rollover rollover-zoom dt-pswp-item\" title=\"20210225_110210_005\" data-dt-img-description=\"\" data-large_image_width=\"2560\" data-large_image_height=\"1244\"href='https:\/\/www.radiopiu.net\/wordpress\/wp-content\/uploads\/2021\/03\/20210225_110210_005-scaled.jpg'><img loading=\"lazy\" decoding=\"async\" width=\"300\" height=\"146\" src=\"https:\/\/www.radiopiu.net\/wordpress\/wp-content\/uploads\/2021\/03\/20210225_110210_005-300x146.jpg\" class=\"attachment-medium size-medium\" alt=\"\" srcset=\"https:\/\/www.radiopiu.net\/wordpress\/wp-content\/uploads\/2021\/03\/20210225_110210_005-300x146.jpg 300w, https:\/\/www.radiopiu.net\/wordpress\/wp-content\/uploads\/2021\/03\/20210225_110210_005-1024x498.jpg 1024w, https:\/\/www.radiopiu.net\/wordpress\/wp-content\/uploads\/2021\/03\/20210225_110210_005-768x373.jpg 768w, https:\/\/www.radiopiu.net\/wordpress\/wp-content\/uploads\/2021\/03\/20210225_110210_005-1536x747.jpg 1536w, https:\/\/www.radiopiu.net\/wordpress\/wp-content\/uploads\/2021\/03\/20210225_110210_005-2048x996.jpg 2048w\" sizes=\"auto, (max-width: 300px) 100vw, 300px\" \/><\/a>\n\t\t\t\t<\/dt><\/dl><dl class='gallery-item'>\n\t\t\t\t<dt class='gallery-icon portrait'>\n\t\t\t\t\t<a class=\"rollover rollover-zoom dt-pswp-item\" title=\"1b1b38f7-7c26-4e56-a96b-60768c78d0f2\" data-dt-img-description=\"\" data-large_image_width=\"1200\" data-large_image_height=\"1600\"href='https:\/\/www.radiopiu.net\/wordpress\/wp-content\/uploads\/2021\/03\/1b1b38f7-7c26-4e56-a96b-60768c78d0f2.jpg'><img loading=\"lazy\" decoding=\"async\" width=\"225\" height=\"300\" src=\"https:\/\/www.radiopiu.net\/wordpress\/wp-content\/uploads\/2021\/03\/1b1b38f7-7c26-4e56-a96b-60768c78d0f2-225x300.jpg\" class=\"attachment-medium size-medium\" alt=\"\" aria-describedby=\"gallery-1-198235\" srcset=\"https:\/\/www.radiopiu.net\/wordpress\/wp-content\/uploads\/2021\/03\/1b1b38f7-7c26-4e56-a96b-60768c78d0f2-225x300.jpg 225w, https:\/\/www.radiopiu.net\/wordpress\/wp-content\/uploads\/2021\/03\/1b1b38f7-7c26-4e56-a96b-60768c78d0f2-768x1024.jpg 768w, https:\/\/www.radiopiu.net\/wordpress\/wp-content\/uploads\/2021\/03\/1b1b38f7-7c26-4e56-a96b-60768c78d0f2-1152x1536.jpg 1152w, https:\/\/www.radiopiu.net\/wordpress\/wp-content\/uploads\/2021\/03\/1b1b38f7-7c26-4e56-a96b-60768c78d0f2.jpg 1200w\" sizes=\"auto, (max-width: 225px) 100vw, 225px\" \/><\/a>\n\t\t\t\t<\/dt>\n\t\t\t\t\t<dd class='wp-caption-text gallery-caption' id='gallery-1-198235'>\n\t\t\t\t\tLIA DE BIASIO\n\t\t\t\t\t<\/dd><\/dl><br style=\"clear: both\" \/>\n\t\t\t<\/div>\n\n<p>&nbsp;<\/p>\n<p>&nbsp;<\/p>\n<p><strong>IL VIDEO DI SILVANO SAVIO<\/strong><\/p>\n<div style=\"width: 800px;\" class=\"wp-video\"><video class=\"wp-video-shortcode\" id=\"video-198121-1\" width=\"800\" height=\"480\" preload=\"metadata\" controls=\"controls\"><source type=\"video\/mp4\" src=\"https:\/\/www.radiopiu.net\/wordpress\/wp-content\/uploads\/2021\/03\/SILVANO-SAVIO-PESTO.mp4?_=1\" \/><a href=\"https:\/\/www.radiopiu.net\/wordpress\/wp-content\/uploads\/2021\/03\/SILVANO-SAVIO-PESTO.mp4\">https:\/\/www.radiopiu.net\/wordpress\/wp-content\/uploads\/2021\/03\/SILVANO-SAVIO-PESTO.mp4<\/a><\/video><\/div>\n<p>&nbsp;<\/p>\n<p><strong>IL VIDEO DI LIA DE BIASIO<\/strong><\/p>\n<div style=\"width: 1200px;\" class=\"wp-video\"><video class=\"wp-video-shortcode\" id=\"video-198121-2\" width=\"1200\" height=\"675\" preload=\"metadata\" controls=\"controls\"><source type=\"video\/mp4\" src=\"https:\/\/www.radiopiu.net\/wordpress\/wp-content\/uploads\/2021\/03\/LIA-DE-BIASIO-PESTO.mp4?_=2\" \/><a href=\"https:\/\/www.radiopiu.net\/wordpress\/wp-content\/uploads\/2021\/03\/LIA-DE-BIASIO-PESTO.mp4\">https:\/\/www.radiopiu.net\/wordpress\/wp-content\/uploads\/2021\/03\/LIA-DE-BIASIO-PESTO.mp4<\/a><\/video><\/div>\n<p>&nbsp;<\/p>\n<p><strong>IL MOMENTO DELLA PREMIAZIONE IN CUI VENGONO MENZIONATI I DUE AGORDINI<\/strong><\/p>\n<div style=\"width: 1200px;\" class=\"wp-video\"><video class=\"wp-video-shortcode\" id=\"video-198121-3\" width=\"1200\" height=\"673\" preload=\"metadata\" controls=\"controls\"><source type=\"video\/mp4\" src=\"https:\/\/www.radiopiu.net\/wordpress\/wp-content\/uploads\/2021\/03\/Mondiali-Pesto-Riconoscimento-a-Silvano-Savio-OK.mp4?_=3\" \/><a href=\"https:\/\/www.radiopiu.net\/wordpress\/wp-content\/uploads\/2021\/03\/Mondiali-Pesto-Riconoscimento-a-Silvano-Savio-OK.mp4\">https:\/\/www.radiopiu.net\/wordpress\/wp-content\/uploads\/2021\/03\/Mondiali-Pesto-Riconoscimento-a-Silvano-Savio-OK.mp4<\/a><\/video><\/div>\n<p>&nbsp;<\/p>\n<p>&nbsp;<\/p>\n<p>&nbsp;<\/p>\n<hr \/>\n<p>&nbsp;<\/p>\n<p>&nbsp;<\/p>\n<blockquote>\n<h1>QUANDO IL CIVETTA CHIAMA LA PRIMAVERA<\/h1>\n<\/blockquote>\n<p><strong>di Claudio e Simone Pra<\/strong><\/p>\n<p><strong>ALLEGHE<\/strong> Per il secondo anno consecutivo l&#8217;inizio della primavera coincide con un lockdown.\u00a0 Ieri, alle10.37,\u00a0 l&#8217;equinozio di primavera, istante che segna il passaggio alla buona stagione ed alla rinascita della natura dopo un inverno molto duro. I fori equinoziali del Civetta, come di consueto, hanno segnalato il momento, facendo filtrare il Sole, donando un momento altamente suggestivo. A sorpresa i raggi sono filtrati anche dal foro pi\u00f9 piccolo, quello che regala l&#8217;effetto pi\u00f9 spettacolare, che solitamente in questo periodo \u00e8 intasato dalla neve. Speriamo sia un buon auspicio di rinascita, non solo della natura&#8230; Buona primavera!<\/p>\n<p>&nbsp;<\/p>\n\n\t\t\t<style type='text\/css'>\n\t\t\t\t#gallery-2 {\n\t\t\t\t\tmargin: auto;\n\t\t\t\t}\n\t\t\t\t#gallery-2 .gallery-item {\n\t\t\t\t\tfloat: left;\n\t\t\t\t\tmargin-top: 10px;\n\t\t\t\t\ttext-align: center;\n\t\t\t\t\twidth: 33%;\n\t\t\t\t}\n\t\t\t\t#gallery-2 img {\n\t\t\t\t\tborder: 2px solid #cfcfcf;\n\t\t\t\t}\n\t\t\t\t#gallery-2 .gallery-caption {\n\t\t\t\t\tmargin-left: 0;\n\t\t\t\t}\n\t\t\t\t\/* see gallery_shortcode() in wp-includes\/media.php *\/\n\t\t\t<\/style>\n\t\t<div id='gallery-2' class='dt-gallery-container gallery galleryid-198121 gallery-columns-3 gallery-size-medium'><dl class='gallery-item'>\n\t\t\t\t<dt class='gallery-icon landscape'>\n\t\t\t\t\t<a class=\"rollover\" href='https:\/\/www.radiopiu.net\/wordpress\/quando-il-civetta-chiama-la-primavera\/6bf76d08-a95b-488c-9bd9-2a8a8de3b003\/'><img loading=\"lazy\" decoding=\"async\" width=\"300\" height=\"179\" src=\"https:\/\/www.radiopiu.net\/wordpress\/wp-content\/uploads\/2021\/03\/6bf76d08-a95b-488c-9bd9-2a8a8de3b003-300x179.jpg\" class=\"attachment-medium size-medium\" alt=\"\" srcset=\"https:\/\/www.radiopiu.net\/wordpress\/wp-content\/uploads\/2021\/03\/6bf76d08-a95b-488c-9bd9-2a8a8de3b003-300x179.jpg 300w, https:\/\/www.radiopiu.net\/wordpress\/wp-content\/uploads\/2021\/03\/6bf76d08-a95b-488c-9bd9-2a8a8de3b003-1024x612.jpg 1024w, https:\/\/www.radiopiu.net\/wordpress\/wp-content\/uploads\/2021\/03\/6bf76d08-a95b-488c-9bd9-2a8a8de3b003-768x459.jpg 768w, https:\/\/www.radiopiu.net\/wordpress\/wp-content\/uploads\/2021\/03\/6bf76d08-a95b-488c-9bd9-2a8a8de3b003.jpg 1378w\" sizes=\"auto, (max-width: 300px) 100vw, 300px\" \/><\/a>\n\t\t\t\t<\/dt><\/dl><dl class='gallery-item'>\n\t\t\t\t<dt class='gallery-icon portrait'>\n\t\t\t\t\t<a class=\"rollover\" href='https:\/\/www.radiopiu.net\/wordpress\/quando-il-civetta-chiama-la-primavera\/8ce5595f-0cd8-48b2-b9a4-55de8b340973\/'><img loading=\"lazy\" decoding=\"async\" width=\"300\" height=\"300\" src=\"https:\/\/www.radiopiu.net\/wordpress\/wp-content\/uploads\/2021\/03\/8ce5595f-0cd8-48b2-b9a4-55de8b340973-300x300.jpg\" class=\"attachment-medium size-medium\" alt=\"\" srcset=\"https:\/\/www.radiopiu.net\/wordpress\/wp-content\/uploads\/2021\/03\/8ce5595f-0cd8-48b2-b9a4-55de8b340973-300x300.jpg 300w, https:\/\/www.radiopiu.net\/wordpress\/wp-content\/uploads\/2021\/03\/8ce5595f-0cd8-48b2-b9a4-55de8b340973-1024x1024.jpg 1024w, https:\/\/www.radiopiu.net\/wordpress\/wp-content\/uploads\/2021\/03\/8ce5595f-0cd8-48b2-b9a4-55de8b340973-150x150.jpg 150w, https:\/\/www.radiopiu.net\/wordpress\/wp-content\/uploads\/2021\/03\/8ce5595f-0cd8-48b2-b9a4-55de8b340973-768x768.jpg 768w, https:\/\/www.radiopiu.net\/wordpress\/wp-content\/uploads\/2021\/03\/8ce5595f-0cd8-48b2-b9a4-55de8b340973-1536x1536.jpg 1536w, https:\/\/www.radiopiu.net\/wordpress\/wp-content\/uploads\/2021\/03\/8ce5595f-0cd8-48b2-b9a4-55de8b340973.jpg 1599w\" sizes=\"auto, (max-width: 300px) 100vw, 300px\" \/><\/a>\n\t\t\t\t<\/dt><\/dl><dl class='gallery-item'>\n\t\t\t\t<dt class='gallery-icon landscape'>\n\t\t\t\t\t<a class=\"rollover\" href='https:\/\/www.radiopiu.net\/wordpress\/quando-il-civetta-chiama-la-primavera\/3bcceb23-7660-4f30-be37-2cd388c8685c\/'><img loading=\"lazy\" decoding=\"async\" width=\"300\" height=\"168\" src=\"https:\/\/www.radiopiu.net\/wordpress\/wp-content\/uploads\/2021\/03\/3bcceb23-7660-4f30-be37-2cd388c8685c-300x168.jpg\" class=\"attachment-medium size-medium\" alt=\"\" srcset=\"https:\/\/www.radiopiu.net\/wordpress\/wp-content\/uploads\/2021\/03\/3bcceb23-7660-4f30-be37-2cd388c8685c-300x168.jpg 300w, https:\/\/www.radiopiu.net\/wordpress\/wp-content\/uploads\/2021\/03\/3bcceb23-7660-4f30-be37-2cd388c8685c-1024x575.jpg 1024w, https:\/\/www.radiopiu.net\/wordpress\/wp-content\/uploads\/2021\/03\/3bcceb23-7660-4f30-be37-2cd388c8685c-768x431.jpg 768w, https:\/\/www.radiopiu.net\/wordpress\/wp-content\/uploads\/2021\/03\/3bcceb23-7660-4f30-be37-2cd388c8685c-1536x862.jpg 1536w, https:\/\/www.radiopiu.net\/wordpress\/wp-content\/uploads\/2021\/03\/3bcceb23-7660-4f30-be37-2cd388c8685c.jpg 1600w\" sizes=\"auto, (max-width: 300px) 100vw, 300px\" \/><\/a>\n\t\t\t\t<\/dt><\/dl><br style=\"clear: both\" \/>\n\t\t\t<\/div>\n\n<p>&nbsp;<\/p>\n<div style=\"width: 1200px;\" class=\"wp-video\"><video class=\"wp-video-shortcode\" id=\"video-198121-4\" width=\"1200\" height=\"675\" preload=\"metadata\" controls=\"controls\"><source type=\"video\/mp4\" src=\"https:\/\/www.radiopiu.net\/wordpress\/wp-content\/uploads\/2021\/03\/WhatsApp-Video-2021-03-19-at-17.12.43.mp4?_=4\" \/><a href=\"https:\/\/www.radiopiu.net\/wordpress\/wp-content\/uploads\/2021\/03\/WhatsApp-Video-2021-03-19-at-17.12.43.mp4\">https:\/\/www.radiopiu.net\/wordpress\/wp-content\/uploads\/2021\/03\/WhatsApp-Video-2021-03-19-at-17.12.43.mp4<\/a><\/video><\/div>\n<p>&nbsp;<\/p>\n<p>&nbsp;<\/p>\n<hr \/>\n<p>&nbsp;<\/p>\n<blockquote class=\"wp-embedded-content\" data-secret=\"7RFXlJ7b3L\"><p><a href=\"https:\/\/www.radiopiu.net\/wordpress\/aggmar20\/\">CORONAVIRUS: AGGIORNAMENTO NAZIONALE 20 MARZO 2021<\/a><\/p><\/blockquote>\n<p><iframe loading=\"lazy\" class=\"wp-embedded-content\" sandbox=\"allow-scripts\" security=\"restricted\" style=\"position: absolute; clip: rect(1px, 1px, 1px, 1px);\" title=\"&#8220;CORONAVIRUS: AGGIORNAMENTO NAZIONALE 20 MARZO 2021&#8221; &#8212; Radio Pi\u00f9\" src=\"https:\/\/www.radiopiu.net\/wordpress\/aggmar20\/embed\/#?secret=7RFXlJ7b3L\" data-secret=\"7RFXlJ7b3L\" width=\"600\" height=\"338\" frameborder=\"0\" marginwidth=\"0\" marginheight=\"0\" scrolling=\"no\"><\/iframe><\/p>\n<p>&nbsp;<\/p>\n<hr \/>\n<p>&nbsp;<\/p>\n<blockquote class=\"wp-embedded-content\" data-secret=\"hetDBcskBi\"><p><a href=\"https:\/\/www.radiopiu.net\/wordpress\/quasi-2500-positivi-in-piu-in-veneto-nelle-ultime-24-ore-terapie-intensive-in-crescita-21-decessi-a-belluno-94-nuove-positivita\/\">QUASI 2500 POSITIVI IN PIU&#8217; IN VENETO NELLE ULTIME 24 ORE. TERAPIE INTENSIVE IN CRESCITA, 21 DECESSI. A BELLUNO 94 NUOVE POSITIVITA&#8217;<\/a><\/p><\/blockquote>\n<p><iframe loading=\"lazy\" class=\"wp-embedded-content\" sandbox=\"allow-scripts\" security=\"restricted\" style=\"position: absolute; clip: rect(1px, 1px, 1px, 1px);\" title=\"&#8220;QUASI 2500 POSITIVI IN PIU&#8217; IN VENETO NELLE ULTIME 24 ORE. TERAPIE INTENSIVE IN CRESCITA, 21 DECESSI. A BELLUNO 94 NUOVE POSITIVITA&#8217;&#8221; &#8212; Radio Pi\u00f9\" src=\"https:\/\/www.radiopiu.net\/wordpress\/quasi-2500-positivi-in-piu-in-veneto-nelle-ultime-24-ore-terapie-intensive-in-crescita-21-decessi-a-belluno-94-nuove-positivita\/embed\/#?secret=hetDBcskBi\" data-secret=\"hetDBcskBi\" width=\"600\" height=\"338\" frameborder=\"0\" marginwidth=\"0\" marginheight=\"0\" scrolling=\"no\"><\/iframe><\/p>\n<p>&nbsp;<\/p>\n<hr \/>\n<p>&nbsp;<\/p>\n<blockquote>\n<h3>I GRAFICI DI TIZIANO DE COL<\/h3>\n<\/blockquote>\n\n\t\t\t<style type='text\/css'>\n\t\t\t\t#gallery-3 {\n\t\t\t\t\tmargin: auto;\n\t\t\t\t}\n\t\t\t\t#gallery-3 .gallery-item {\n\t\t\t\t\tfloat: left;\n\t\t\t\t\tmargin-top: 10px;\n\t\t\t\t\ttext-align: center;\n\t\t\t\t\twidth: 20%;\n\t\t\t\t}\n\t\t\t\t#gallery-3 img {\n\t\t\t\t\tborder: 2px solid #cfcfcf;\n\t\t\t\t}\n\t\t\t\t#gallery-3 .gallery-caption {\n\t\t\t\t\tmargin-left: 0;\n\t\t\t\t}\n\t\t\t\t\/* see gallery_shortcode() in wp-includes\/media.php *\/\n\t\t\t<\/style>\n\t\t<div id='gallery-3' class='dt-gallery-container gallery galleryid-198121 gallery-columns-5 gallery-size-medium'><dl class='gallery-item'>\n\t\t\t\t<dt class='gallery-icon landscape'>\n\t\t\t\t\t<a class=\"rollover rollover-zoom dt-pswp-item\" title=\"2cdfa935-f76e-4c3d-b828-b7a619cf50b4\" data-dt-img-description=\"\" data-large_image_width=\"587\" data-large_image_height=\"350\"href='https:\/\/www.radiopiu.net\/wordpress\/wp-content\/uploads\/2021\/03\/2cdfa935-f76e-4c3d-b828-b7a619cf50b4.jpg'><img loading=\"lazy\" decoding=\"async\" width=\"300\" height=\"179\" src=\"https:\/\/www.radiopiu.net\/wordpress\/wp-content\/uploads\/2021\/03\/2cdfa935-f76e-4c3d-b828-b7a619cf50b4-300x179.jpg\" class=\"attachment-medium size-medium\" alt=\"\" srcset=\"https:\/\/www.radiopiu.net\/wordpress\/wp-content\/uploads\/2021\/03\/2cdfa935-f76e-4c3d-b828-b7a619cf50b4-300x179.jpg 300w, https:\/\/www.radiopiu.net\/wordpress\/wp-content\/uploads\/2021\/03\/2cdfa935-f76e-4c3d-b828-b7a619cf50b4.jpg 587w\" sizes=\"auto, (max-width: 300px) 100vw, 300px\" \/><\/a>\n\t\t\t\t<\/dt><\/dl><dl class='gallery-item'>\n\t\t\t\t<dt class='gallery-icon landscape'>\n\t\t\t\t\t<a class=\"rollover rollover-zoom dt-pswp-item\" title=\"70397169-d05a-4710-8d76-6ccf084714fa\" data-dt-img-description=\"\" data-large_image_width=\"614\" data-large_image_height=\"356\"href='https:\/\/www.radiopiu.net\/wordpress\/wp-content\/uploads\/2021\/03\/70397169-d05a-4710-8d76-6ccf084714fa.jpg'><img loading=\"lazy\" decoding=\"async\" width=\"300\" height=\"174\" src=\"https:\/\/www.radiopiu.net\/wordpress\/wp-content\/uploads\/2021\/03\/70397169-d05a-4710-8d76-6ccf084714fa-300x174.jpg\" class=\"attachment-medium size-medium\" alt=\"\" srcset=\"https:\/\/www.radiopiu.net\/wordpress\/wp-content\/uploads\/2021\/03\/70397169-d05a-4710-8d76-6ccf084714fa-300x174.jpg 300w, https:\/\/www.radiopiu.net\/wordpress\/wp-content\/uploads\/2021\/03\/70397169-d05a-4710-8d76-6ccf084714fa.jpg 614w\" sizes=\"auto, (max-width: 300px) 100vw, 300px\" \/><\/a>\n\t\t\t\t<\/dt><\/dl><dl class='gallery-item'>\n\t\t\t\t<dt class='gallery-icon landscape'>\n\t\t\t\t\t<a class=\"rollover rollover-zoom dt-pswp-item\" title=\"3b567be7-636a-41d3-87e4-33c7b1019329\" data-dt-img-description=\"\" data-large_image_width=\"608\" data-large_image_height=\"354\"href='https:\/\/www.radiopiu.net\/wordpress\/wp-content\/uploads\/2021\/03\/3b567be7-636a-41d3-87e4-33c7b1019329.jpg'><img loading=\"lazy\" decoding=\"async\" width=\"300\" height=\"175\" src=\"https:\/\/www.radiopiu.net\/wordpress\/wp-content\/uploads\/2021\/03\/3b567be7-636a-41d3-87e4-33c7b1019329-300x175.jpg\" class=\"attachment-medium size-medium\" alt=\"\" srcset=\"https:\/\/www.radiopiu.net\/wordpress\/wp-content\/uploads\/2021\/03\/3b567be7-636a-41d3-87e4-33c7b1019329-300x175.jpg 300w, https:\/\/www.radiopiu.net\/wordpress\/wp-content\/uploads\/2021\/03\/3b567be7-636a-41d3-87e4-33c7b1019329.jpg 608w\" sizes=\"auto, (max-width: 300px) 100vw, 300px\" \/><\/a>\n\t\t\t\t<\/dt><\/dl><dl class='gallery-item'>\n\t\t\t\t<dt class='gallery-icon landscape'>\n\t\t\t\t\t<a class=\"rollover rollover-zoom dt-pswp-item\" title=\"a23fd5b7-da18-4a83-826b-95d52d8e7903\" data-dt-img-description=\"\" data-large_image_width=\"608\" data-large_image_height=\"353\"href='https:\/\/www.radiopiu.net\/wordpress\/wp-content\/uploads\/2021\/03\/a23fd5b7-da18-4a83-826b-95d52d8e7903.jpg'><img loading=\"lazy\" decoding=\"async\" width=\"300\" height=\"174\" src=\"https:\/\/www.radiopiu.net\/wordpress\/wp-content\/uploads\/2021\/03\/a23fd5b7-da18-4a83-826b-95d52d8e7903-300x174.jpg\" class=\"attachment-medium size-medium\" alt=\"\" srcset=\"https:\/\/www.radiopiu.net\/wordpress\/wp-content\/uploads\/2021\/03\/a23fd5b7-da18-4a83-826b-95d52d8e7903-300x174.jpg 300w, https:\/\/www.radiopiu.net\/wordpress\/wp-content\/uploads\/2021\/03\/a23fd5b7-da18-4a83-826b-95d52d8e7903.jpg 608w\" sizes=\"auto, (max-width: 300px) 100vw, 300px\" \/><\/a>\n\t\t\t\t<\/dt><\/dl><dl class='gallery-item'>\n\t\t\t\t<dt class='gallery-icon landscape'>\n\t\t\t\t\t<a class=\"rollover rollover-zoom dt-pswp-item\" title=\"765696da-d71a-4626-9871-5586b7891a59\" data-dt-img-description=\"\" data-large_image_width=\"600\" data-large_image_height=\"353\"href='https:\/\/www.radiopiu.net\/wordpress\/wp-content\/uploads\/2021\/03\/765696da-d71a-4626-9871-5586b7891a59.jpg'><img loading=\"lazy\" decoding=\"async\" width=\"300\" height=\"177\" src=\"https:\/\/www.radiopiu.net\/wordpress\/wp-content\/uploads\/2021\/03\/765696da-d71a-4626-9871-5586b7891a59-300x177.jpg\" class=\"attachment-medium size-medium\" alt=\"\" srcset=\"https:\/\/www.radiopiu.net\/wordpress\/wp-content\/uploads\/2021\/03\/765696da-d71a-4626-9871-5586b7891a59-300x177.jpg 300w, https:\/\/www.radiopiu.net\/wordpress\/wp-content\/uploads\/2021\/03\/765696da-d71a-4626-9871-5586b7891a59.jpg 600w\" sizes=\"auto, (max-width: 300px) 100vw, 300px\" \/><\/a>\n\t\t\t\t<\/dt><\/dl><br style=\"clear: both\" \/>\n\t\t\t<\/div>\n\n<p>&nbsp;<\/p>\n<hr \/>\n<p>&nbsp;<\/p>\n<blockquote>\n<h3>CAMPAGNA VACCINALE ANTI COVID ULSS 1 DOLOMITI: GLI APPUNTAMENTI DEI PROSSIMI GIORNI<\/h3>\n<\/blockquote>\n<p><strong><a href=\"https:\/\/www.radiopiu.net\/wordpress\/giornale-radio-piu-22-02-2018-direttore-mirko-mezzacasa\/vaccino-influenza\/\" rel=\"attachment wp-att-13129\"><img loading=\"lazy\" decoding=\"async\" class=\"size-medium wp-image-13129 alignleft\" src=\"https:\/\/www.radiopiu.net\/wordpress\/wp-content\/uploads\/2015\/11\/vaccino-influenza-300x206.jpg\" alt=\"\" width=\"300\" height=\"206\" \/><\/a>BELLUNO <\/strong>Continua spedita la campagna vaccinale anti-Covid in Ulss Dolomiti, con il proseguimento delle seconde dosi, la somministrazione delle prime dosi agli over 80 e l\u2019organizzazione dell\u2019offerta vaccinale per i 75-79enni affidata alla Medicina di Famiglia. Luned\u00ec 22 marzo, su proposta dell\u2019Ulss, \u00e8 stata organizzata dall\u2019Unione Montana del Comelico e dai Medici di Medicina Generale del territorio una seduta vaccinale riservata a persone tra 75 e 79 anni con vaccino AstraZeneca ad accesso libero dalle 14.00 alle 18.00 nella sede degli Alpini, in via Udine, a Santo Stefano. Sono state programmate 100 somministrazioni, con possibilit\u00e0 di estensione in caso di grande afflusso. Gli 80 posti disponibili per oggi per la vaccinazione, sempre\u00a0 con Astrazeneca e sempre per la fascia 75-79 anni al drive in di Agordo, con operativit\u00e0 della medicina di famiglia, sono stati subito prenotati: alle 9 di ieri mattina l\u2019agenda a disposizione sul sito Ulss era gi\u00e0 completa. Nei prossimi giorni, a seguito di nuove forniture di vaccino AstraZeneca (attualmente sono disponibili numeri limitati di dosi), sar\u00e0 programmata l\u2019offerta vaccinale completa a queste classi di et\u00e0, sempre con l\u2019impegno dei Medici di Medicina Generale, come previsto dalle linee guida regionali. Ieri sono state somministrate a Belluno oltre 750 seconde dosi di vaccino Pfizer ai nati nel 1941 e 170 dosi, sempre di vaccino Pfizer, a persone con pi\u00f9 di 80 anni prenotate online per la seduta drive in di Tai di Cadore. Rimane attivo sul sito aziendale il sistema di prenotazione online per le persone con pi\u00f9 di 80 anni di tutto il territorio, con sedute vaccinali dedicate in 5 punti erogativi: Belluno ospedale, Alpago Pauldi, Feltre ex Marangoni, Tai di Cadore Piazzale Dolomiti, Agordo Tamonich. Il programma completo della campagna vaccinale per i prossimi due giorni \u00e8 quindi il seguente: <strong>OGGI <\/strong><strong>Drive in BELLUNO <\/strong>classe 1941:\u00a0 720 seconde dosi <strong>Drive in AGORDO <\/strong>75-79 anni: 80 prime dosi con Medicina di Famiglia over 80: 200 prime dosi <strong>Drive in FELTRE <\/strong>over 80: 200 prime dosi. <strong>DOMANI <\/strong><strong>Drive in BELLUNO <\/strong>over 80: 200 prime dosi <strong>Ospedale Belluno <\/strong>estremamente vulnerabili: 130 prime dosi <strong>COMELICO <\/strong>75-79enni:\u00a0 100 prime dosi con Medicina di famiglia. L\u2019Ulss Dolomiti, d\u2019intesa con la Prefettura di Belluno, ha programmato i recuperi vaccinali a favore di operatori di servizi essenziali non vaccinati per sospensione del vaccino AstraZeneca nei giorni 18 e 19 marzo. Queste persone saranno vaccinate con chiamata diretta nelle sedute del 22, 23, 24, 25, 26 e 29 marzo prossimi. Riprogrammata anche l\u2019immunizzazione non eseguita al personale della scuola del Cadore e dell\u2019Agordino (sedute sospese del 17 e 18 marzo) con recupero il 24 e 25 marzo.<\/p>\n<p>&nbsp;<\/p>\n<p>&nbsp;<\/p>\n<hr \/>\n<p>&nbsp;<\/p>\n<blockquote class=\"wp-embedded-content\" data-secret=\"yPNRqtTNEC\"><p><a href=\"https:\/\/www.radiopiu.net\/wordpress\/10-consigli-per-migliorare-il-sonno-ai-tempi-del-covid\/\">10 CONSIGLI PER MIGLIORARE IL SONNO AI TEMPI DEL COVID<\/a><\/p><\/blockquote>\n<p><iframe loading=\"lazy\" class=\"wp-embedded-content\" sandbox=\"allow-scripts\" security=\"restricted\" style=\"position: absolute; clip: rect(1px, 1px, 1px, 1px);\" title=\"&#8220;10 CONSIGLI PER MIGLIORARE IL SONNO AI TEMPI DEL COVID&#8221; &#8212; Radio Pi\u00f9\" src=\"https:\/\/www.radiopiu.net\/wordpress\/10-consigli-per-migliorare-il-sonno-ai-tempi-del-covid\/embed\/#?secret=yPNRqtTNEC\" data-secret=\"yPNRqtTNEC\" width=\"600\" height=\"338\" frameborder=\"0\" marginwidth=\"0\" marginheight=\"0\" scrolling=\"no\"><\/iframe><\/p>\n<p>&nbsp;<\/p>\n<hr \/>\n<p>&nbsp;<\/p>\n<blockquote>\n<h3><strong>COVID. IN VENETO 3.873 CHIAMATE IN UN ANNO AL SERVIZIO DI ASSISTENZA PSICOLOGICA 800334343 DELLA REGIONE<\/strong><\/h3>\n<\/blockquote>\n<p><strong>VENEZIA <\/strong>Dal 19 marzo 2020 il Servizio di assistenza psicologica inOltre, che opera attraverso il numero verde 800334343 ed \u00e8 stato istituito dalla Regione Veneto nel 2012, ha gestito 3.873 colloqui psicologici telefonici, cio\u00e8 il 32,7% delle 11.850 chiamate totali pervenute dal giugno 2012, da quando fu attivato il servizio. Le donne sono il 57%, gli uomini il 43%. Sono questi i numeri di un aspetto non secondario della pandemia da Covid-19, che da oltre un anno, in Veneto come nel resto d\u2019Italia, sta causando migliaia e migliaia di malati e decessi, ma anche gravi risvolti psicologici legati alle paure, le incertezze, le difficolt\u00e0 economiche che stanno interessando una larghissima fascia di popolazione, colpita o no dal virus. Il Report di un anno di \u201cpandemia\u201d, visto da questa delicata angolazione, \u00e8 stato realizzato dalla dottoressa Emilia Laugelli, psicologa all\u2019ospedale di Santorso e direttrice del progetto.<\/p>\n<p>&nbsp;<\/p>\n<p>&nbsp;<\/p>\n<hr \/>\n<p>&nbsp;<\/p>\n<blockquote>\n<h3>CENTRI PER L\u2019AFFIDO: AL VIA IL CORSO PER DIVENTARE GENITORI AFFIDATARI<\/h3>\n<\/blockquote>\n<p><strong><a href=\"https:\/\/www.radiopiu.net\/wordpress\/giornale-radiopiu-21-marzo-2021-direttore-mirko-mezzacasa\/volantino-corso-formazione-affido-feltre-2021-2\/\" rel=\"attachment wp-att-198185\"><img loading=\"lazy\" decoding=\"async\" class=\"size-medium wp-image-198185 alignleft\" src=\"https:\/\/www.radiopiu.net\/wordpress\/wp-content\/uploads\/2021\/03\/volantino-corso-formazione-affido-feltre-2021-2-212x300.jpg\" alt=\"\" width=\"212\" height=\"300\" srcset=\"https:\/\/www.radiopiu.net\/wordpress\/wp-content\/uploads\/2021\/03\/volantino-corso-formazione-affido-feltre-2021-2-212x300.jpg 212w, https:\/\/www.radiopiu.net\/wordpress\/wp-content\/uploads\/2021\/03\/volantino-corso-formazione-affido-feltre-2021-2-724x1024.jpg 724w, https:\/\/www.radiopiu.net\/wordpress\/wp-content\/uploads\/2021\/03\/volantino-corso-formazione-affido-feltre-2021-2-768x1086.jpg 768w, https:\/\/www.radiopiu.net\/wordpress\/wp-content\/uploads\/2021\/03\/volantino-corso-formazione-affido-feltre-2021-2-1086x1536.jpg 1086w, https:\/\/www.radiopiu.net\/wordpress\/wp-content\/uploads\/2021\/03\/volantino-corso-formazione-affido-feltre-2021-2.jpg 1240w\" sizes=\"auto, (max-width: 212px) 100vw, 212px\" \/><\/a>BELLUNO <\/strong>I Centri per l&#8217;Affido e la Solidariet\u00e0 Familiare (CASF) dell&#8217;ULSS n\u00b0 1 Dolomiti \u2013 \u00e8quipe di Belluno e Feltre \u2013 organizzano un corso informativo e formativo parte on-line e parte in presenza, in piccoli gruppi, sul tema dell&#8217;affido familiare, con l&#8217;auspicio che questa modalit\u00e0 possa coinvolgere pi\u00f9 facilmente un sempre maggior numero di persone da ogni parte della Provincia. Il corso \u00e8 rivolto a famiglie, coppie e persone singole che desiderano avvicinarsi alla realt\u00e0 dell&#8217;affido familiare. Questo tema ricopre un ruolo importante anche nel territorio bellunese, considerata la necessit\u00e0 di avere famiglie disponibili ad accogliere nella propria casa bambini che stanno vivendo difficili situazioni familiari e mancano temporaneamente delle attenzioni e delle cure di cui hanno bisogno per crescere. Diventare genitori affidatari rappresenta cos\u00ec una forma di cittadinanza attiva. L&#8217;accoglienza pu\u00f2 avere forme e durata diverse: si va dalle poche ore al giorno a quella residenziale, in cui il bambino pu\u00f2 trascorrere qualche giorno o l&#8217;intera settimana presso la famiglia affidataria, mantenendo comunque i contatti con i propri genitori attraverso visite o rientri regolari in famiglia. Nel 2020 sono stati 62 i bambini\/adolescenti accolti in affido familiare nella nostra Provincia, di cui 52 in modalit\u00e0 residenziale, 1 a tempo parziale, e 9 in affido diurno. Di questi, 13 sono affidi intrafamiliari e 49 eterofamiliari. Accogliere un bambino in affido \u00e8 un&#8217;esperienza arricchente, da affrontare in modo consapevole, con l&#8217;accompagnamento degli operatori del CASF che si occupano nello specifico di conoscere le famiglie che danno la loro disponibilit\u00e0, individuare quale situazione di affido pu\u00f2 meglio abbinarsi alle caratteristiche e possibilit\u00e0 di chi accoglie ed accompagnare la famiglia affidataria lungo tutta l&#8217;esperienza. Il corso si terr\u00e0 in modalit\u00e0 online\u00a0 attraverso un Gmeet: GIOVED\u00cc 8 APRILE 17.30-19.30, GIOVED\u00cc 15 APRILE 20.30-22.00. Per sabato 17 aprile, sar\u00e0 valutata la possibilit\u00e0 di una lezione in presenza nella sede del consultorio di Feltre, in via Marconi. Per iscriversi contattare entro il 06 aprile 2021: CASF DI FELTRE Tel. 0439\/883170 \u2013 Email:\u00a0<a href=\"mailto:centroaffido.fe@aulss1.veneto.it\">centroaffido.fe@aulss1.veneto.it<\/a>\u00a0 CASF DI BELLUNO Tel. 0437\/514975 \u2013 Email: <a href=\"mailto:centroaffido.bl@aulss1.veneto.it\">centroaffido.bl@aulss1.veneto.it<\/a><\/p>\n<p>&nbsp;<\/p>\n<p>&nbsp;<\/p>\n<hr \/>\n<p>&nbsp;<\/p>\n<blockquote>\n<h3>CHIES D\u2019ALPAGO PROTEGGE LE CASE DALLA FRANA CON IL COFINANZIAMENTO DELLA PROVINCIA: IN DIRITTURA D\u2019ARRIVO IL CANTIERE IN LOCALIT\u00c0 LE RIVE<\/h3>\n<\/blockquote>\n<p><strong>BELLUNO <\/strong>Quasi 400 metri di muraglione per proteggere le case dalla frana. In localit\u00e0 Le Rive, a Chies d\u2019Alpago, proseguono a ritmo serrato i lavori di sistemazione di un dissesto storico, che qualche mese fa \u00e8 tornato a muoversi in maniera pesante. Con l\u2019alluvione del 5-6 dicembre, infatti, una colata di fango e massi ha invaso la zona, bloccando via Tarcogna (a Lamosano) e lasciando isolate tutte le abitazioni limitrofe. \u00ab<em>Con la collaborazione della Provincia e grazie ai fondi commissariali per Vaia, abbiamo avviato il primo stralcio di un\u2019opera di mitigazione che servir\u00e0 a evitare grosse colate che dovessero verificarsi in futuro\u00bb spiega il sindaco di Chies d\u2019Alpago, Gianluca Dal Borgo, che nei giorni scorsi ha accompagnato il consigliere provinciale delegato alla difesa del suolo Massimo Bortoluzzi in un sopralluogo al cantiere. \u00abNel giro di poche settimane potremo concludere l\u2019operazione<\/em>\u00bb. I lavori hanno riguardato la pulizia del versante di frana, che insiste proprio su via Tarcogna, a ridosso delle abitazioni. \u00c8 in fase di costruzione un muraglione di gabbionate lungo circa 400 metri, che servir\u00e0 a contenere eventuali nuove colate. In fondo, \u00e8 stato realizzato un vascone, con viabilit\u00e0 di servizio per lo svuotamento. A completare il tutto, il drenaggio delle acque superficiali, in modo da separare la colata liquida da quella solida ed evitare l\u2019erosione del terreno. Un\u2019operazione &#8211; solo per il primo stralcio &#8211; da quasi 500mila euro, di cui 300mila da fondi Vaia e 188mila dalla Provincia. \u00ab<em>La collaborazione tra enti ha prodotto un risultato eccellente &#8211; commenta il consigliere provinciale Bortoluzzi -. L\u2019obiettivo \u00e8 quello di risolvere le criticit\u00e0. E non sono poche quelle con cui il territorio deve fare i conti, soprattutto dopo Vaia e a seguito dell\u2019ultimo episodio meteo di dicembre<\/em>\u00bb.<\/p>\n\n\t\t\t<style type='text\/css'>\n\t\t\t\t#gallery-4 {\n\t\t\t\t\tmargin: auto;\n\t\t\t\t}\n\t\t\t\t#gallery-4 .gallery-item {\n\t\t\t\t\tfloat: left;\n\t\t\t\t\tmargin-top: 10px;\n\t\t\t\t\ttext-align: center;\n\t\t\t\t\twidth: 20%;\n\t\t\t\t}\n\t\t\t\t#gallery-4 img {\n\t\t\t\t\tborder: 2px solid #cfcfcf;\n\t\t\t\t}\n\t\t\t\t#gallery-4 .gallery-caption {\n\t\t\t\t\tmargin-left: 0;\n\t\t\t\t}\n\t\t\t\t\/* see gallery_shortcode() in wp-includes\/media.php *\/\n\t\t\t<\/style>\n\t\t<div id='gallery-4' class='dt-gallery-container gallery galleryid-198121 gallery-columns-5 gallery-size-medium'><dl class='gallery-item'>\n\t\t\t\t<dt class='gallery-icon landscape'>\n\t\t\t\t\t<a class=\"rollover rollover-zoom dt-pswp-item\" title=\"IMG_9284\" data-dt-img-description=\"\" data-large_image_width=\"2016\" data-large_image_height=\"1512\"href='https:\/\/www.radiopiu.net\/wordpress\/wp-content\/uploads\/2021\/03\/IMG_9284.jpg'><img loading=\"lazy\" decoding=\"async\" width=\"300\" height=\"225\" src=\"https:\/\/www.radiopiu.net\/wordpress\/wp-content\/uploads\/2021\/03\/IMG_9284-300x225.jpg\" class=\"attachment-medium size-medium\" alt=\"\" srcset=\"https:\/\/www.radiopiu.net\/wordpress\/wp-content\/uploads\/2021\/03\/IMG_9284-300x225.jpg 300w, https:\/\/www.radiopiu.net\/wordpress\/wp-content\/uploads\/2021\/03\/IMG_9284-1024x768.jpg 1024w, https:\/\/www.radiopiu.net\/wordpress\/wp-content\/uploads\/2021\/03\/IMG_9284-768x576.jpg 768w, https:\/\/www.radiopiu.net\/wordpress\/wp-content\/uploads\/2021\/03\/IMG_9284-1536x1152.jpg 1536w, https:\/\/www.radiopiu.net\/wordpress\/wp-content\/uploads\/2021\/03\/IMG_9284.jpg 2016w\" sizes=\"auto, (max-width: 300px) 100vw, 300px\" \/><\/a>\n\t\t\t\t<\/dt><\/dl><dl class='gallery-item'>\n\t\t\t\t<dt class='gallery-icon landscape'>\n\t\t\t\t\t<a class=\"rollover rollover-zoom dt-pswp-item\" title=\"IMG_9288\" data-dt-img-description=\"\" data-large_image_width=\"2016\" data-large_image_height=\"1512\"href='https:\/\/www.radiopiu.net\/wordpress\/wp-content\/uploads\/2021\/03\/IMG_9288.jpg'><img loading=\"lazy\" decoding=\"async\" width=\"300\" height=\"225\" src=\"https:\/\/www.radiopiu.net\/wordpress\/wp-content\/uploads\/2021\/03\/IMG_9288-300x225.jpg\" class=\"attachment-medium size-medium\" alt=\"\" srcset=\"https:\/\/www.radiopiu.net\/wordpress\/wp-content\/uploads\/2021\/03\/IMG_9288-300x225.jpg 300w, https:\/\/www.radiopiu.net\/wordpress\/wp-content\/uploads\/2021\/03\/IMG_9288-1024x768.jpg 1024w, https:\/\/www.radiopiu.net\/wordpress\/wp-content\/uploads\/2021\/03\/IMG_9288-768x576.jpg 768w, https:\/\/www.radiopiu.net\/wordpress\/wp-content\/uploads\/2021\/03\/IMG_9288-1536x1152.jpg 1536w, https:\/\/www.radiopiu.net\/wordpress\/wp-content\/uploads\/2021\/03\/IMG_9288.jpg 2016w\" sizes=\"auto, (max-width: 300px) 100vw, 300px\" \/><\/a>\n\t\t\t\t<\/dt><\/dl><dl class='gallery-item'>\n\t\t\t\t<dt class='gallery-icon landscape'>\n\t\t\t\t\t<a class=\"rollover rollover-zoom dt-pswp-item\" title=\"IMG_9290\" data-dt-img-description=\"\" data-large_image_width=\"2016\" data-large_image_height=\"1512\"href='https:\/\/www.radiopiu.net\/wordpress\/wp-content\/uploads\/2021\/03\/IMG_9290.jpg'><img loading=\"lazy\" decoding=\"async\" width=\"300\" height=\"225\" src=\"https:\/\/www.radiopiu.net\/wordpress\/wp-content\/uploads\/2021\/03\/IMG_9290-300x225.jpg\" class=\"attachment-medium size-medium\" alt=\"\" srcset=\"https:\/\/www.radiopiu.net\/wordpress\/wp-content\/uploads\/2021\/03\/IMG_9290-300x225.jpg 300w, https:\/\/www.radiopiu.net\/wordpress\/wp-content\/uploads\/2021\/03\/IMG_9290-1024x768.jpg 1024w, https:\/\/www.radiopiu.net\/wordpress\/wp-content\/uploads\/2021\/03\/IMG_9290-768x576.jpg 768w, https:\/\/www.radiopiu.net\/wordpress\/wp-content\/uploads\/2021\/03\/IMG_9290-1536x1152.jpg 1536w, https:\/\/www.radiopiu.net\/wordpress\/wp-content\/uploads\/2021\/03\/IMG_9290.jpg 2016w\" sizes=\"auto, (max-width: 300px) 100vw, 300px\" \/><\/a>\n\t\t\t\t<\/dt><\/dl><dl class='gallery-item'>\n\t\t\t\t<dt class='gallery-icon landscape'>\n\t\t\t\t\t<a class=\"rollover rollover-zoom dt-pswp-item\" title=\"IMG_9296\" data-dt-img-description=\"\" data-large_image_width=\"2016\" data-large_image_height=\"1512\"href='https:\/\/www.radiopiu.net\/wordpress\/wp-content\/uploads\/2021\/03\/IMG_9296.jpg'><img loading=\"lazy\" decoding=\"async\" width=\"300\" height=\"225\" src=\"https:\/\/www.radiopiu.net\/wordpress\/wp-content\/uploads\/2021\/03\/IMG_9296-300x225.jpg\" class=\"attachment-medium size-medium\" alt=\"\" srcset=\"https:\/\/www.radiopiu.net\/wordpress\/wp-content\/uploads\/2021\/03\/IMG_9296-300x225.jpg 300w, https:\/\/www.radiopiu.net\/wordpress\/wp-content\/uploads\/2021\/03\/IMG_9296-1024x768.jpg 1024w, https:\/\/www.radiopiu.net\/wordpress\/wp-content\/uploads\/2021\/03\/IMG_9296-768x576.jpg 768w, https:\/\/www.radiopiu.net\/wordpress\/wp-content\/uploads\/2021\/03\/IMG_9296-1536x1152.jpg 1536w, https:\/\/www.radiopiu.net\/wordpress\/wp-content\/uploads\/2021\/03\/IMG_9296.jpg 2016w\" sizes=\"auto, (max-width: 300px) 100vw, 300px\" \/><\/a>\n\t\t\t\t<\/dt><\/dl><dl class='gallery-item'>\n\t\t\t\t<dt class='gallery-icon landscape'>\n\t\t\t\t\t<a class=\"rollover rollover-zoom dt-pswp-item\" title=\"IMG_9297\" data-dt-img-description=\"\" data-large_image_width=\"2016\" data-large_image_height=\"1512\"href='https:\/\/www.radiopiu.net\/wordpress\/wp-content\/uploads\/2021\/03\/IMG_9297.jpg'><img loading=\"lazy\" decoding=\"async\" width=\"300\" height=\"225\" src=\"https:\/\/www.radiopiu.net\/wordpress\/wp-content\/uploads\/2021\/03\/IMG_9297-300x225.jpg\" class=\"attachment-medium size-medium\" alt=\"\" srcset=\"https:\/\/www.radiopiu.net\/wordpress\/wp-content\/uploads\/2021\/03\/IMG_9297-300x225.jpg 300w, https:\/\/www.radiopiu.net\/wordpress\/wp-content\/uploads\/2021\/03\/IMG_9297-1024x768.jpg 1024w, https:\/\/www.radiopiu.net\/wordpress\/wp-content\/uploads\/2021\/03\/IMG_9297-768x576.jpg 768w, https:\/\/www.radiopiu.net\/wordpress\/wp-content\/uploads\/2021\/03\/IMG_9297-1536x1152.jpg 1536w, https:\/\/www.radiopiu.net\/wordpress\/wp-content\/uploads\/2021\/03\/IMG_9297.jpg 2016w\" sizes=\"auto, (max-width: 300px) 100vw, 300px\" \/><\/a>\n\t\t\t\t<\/dt><\/dl><br style=\"clear: both\" \/>\n\t\t\t<\/div>\n\n<p>&nbsp;<\/p>\n<hr \/>\n<p>&nbsp;<\/p>\n<blockquote>\n<h3>SALVATAGGIO ACC e SVILUPPO ITALCOMP. INCONTRO AL MISE PER RAPIDA APPLICAZIONE DL SOSTEGNI<\/h3>\n<\/blockquote>\n<p><strong><a href=\"https:\/\/www.radiopiu.net\/wordpress\/il-ritorno-al-lavoro-dei-licenzati-dai-cinesi\/acc-mel\/\" rel=\"attachment wp-att-145345\"><img loading=\"lazy\" decoding=\"async\" class=\"size-medium wp-image-145345 alignleft\" src=\"https:\/\/www.radiopiu.net\/wordpress\/wp-content\/uploads\/2020\/06\/ACC-MEL-300x300.png\" alt=\"\" width=\"300\" height=\"300\" srcset=\"https:\/\/www.radiopiu.net\/wordpress\/wp-content\/uploads\/2020\/06\/ACC-MEL-300x300.png 300w, https:\/\/www.radiopiu.net\/wordpress\/wp-content\/uploads\/2020\/06\/ACC-MEL-150x150.png 150w, https:\/\/www.radiopiu.net\/wordpress\/wp-content\/uploads\/2020\/06\/ACC-MEL-768x768.png 768w, https:\/\/www.radiopiu.net\/wordpress\/wp-content\/uploads\/2020\/06\/ACC-MEL.png 796w\" sizes=\"auto, (max-width: 300px) 100vw, 300px\" \/><\/a>VENEZIA <\/strong>&#8220;<em>Prendiamo atto positivamente che, nel DL Sostegni, il Governo ha inteso inserire elementi di novit\u00e0 finalizzati al possibile supporto finanziario di ACC e quindi, pi\u00f9 in generale, al sostegno dell&#8217;obiettivo industriale di costituzione del polo nazionale del compressore ITALCOMP<\/em>\u201d. Questo il commento a caldo degli Assessori regionali Elena Donazzan (Veneto) e Elena Chiorino (Piemonte), dopo aver appreso che nel nuovo Decreto sostegni \u00e8 stata posta giusta attenzione allo stabilimento di Mel con aiuti concreti. \u201c<em>Ora pi\u00f9 che mai, &#8211; hanno aggiunto &#8211; \u00e8 necessario un rapido incontro con il Ministero dello Sviluppo Economico per l&#8217;approfondimento tecnico della piena applicabilit\u00e0 della misura al caso di ACC, anche e soprattutto in relazione alle tempistiche. L&#8217;impegno comune delle Istituzioni e delle varie Parti coinvolte dev&#8217;essere ora, infatti, orientato a concretizzare rapidamente ogni azione utile per il salvataggio della realt\u00e0 produttiva veneta e lo sviluppo del progetto ITALCOMP<\/em>\u201d.<\/p>\n<p>&nbsp;<\/p>\n<blockquote>\n<h3>CGIL-CISL-UIL ACCOLGONO POSITIVAMENTE IL DL SOPRATTUTTO PER L&#8217;ACC DI MEL<\/h3>\n<\/blockquote>\n<p><strong><a href=\"https:\/\/www.radiopiu.net\/wordpress\/comunicato-unitario-delle-sigle-sindacali-per-le-misure-di-protezione-dei-lavoratori-nei-posti-di-lavoro\/sindacati\/\" rel=\"attachment wp-att-121809\"><img loading=\"lazy\" decoding=\"async\" class=\"size-medium wp-image-121809 alignright\" src=\"https:\/\/www.radiopiu.net\/wordpress\/wp-content\/uploads\/2020\/03\/SINDACATI-300x300.jpg\" alt=\"\" width=\"300\" height=\"300\" srcset=\"https:\/\/www.radiopiu.net\/wordpress\/wp-content\/uploads\/2020\/03\/SINDACATI-300x300.jpg 300w, https:\/\/www.radiopiu.net\/wordpress\/wp-content\/uploads\/2020\/03\/SINDACATI-1024x1024.jpg 1024w, https:\/\/www.radiopiu.net\/wordpress\/wp-content\/uploads\/2020\/03\/SINDACATI-150x150.jpg 150w, https:\/\/www.radiopiu.net\/wordpress\/wp-content\/uploads\/2020\/03\/SINDACATI-768x768.jpg 768w, https:\/\/www.radiopiu.net\/wordpress\/wp-content\/uploads\/2020\/03\/SINDACATI-1536x1536.jpg 1536w, https:\/\/www.radiopiu.net\/wordpress\/wp-content\/uploads\/2020\/03\/SINDACATI.jpg 2048w\" sizes=\"auto, (max-width: 300px) 100vw, 300px\" \/><\/a>BELLUNO<\/strong> Con un comunicato congiunto CGIL, CISL e UIL si dicono soddisfatte del nuovo decreto legge che dar\u00e0 rilancio anche a l&#8217;ACC di Mel in previsione della nascita di Italcomp.<\/p>\n<p>&nbsp;<\/p>\n<div class=\"page\" title=\"Page 1\">\n<div class=\"section\">\n<div class=\"layoutArea\">\n<div class=\"column\">\n<blockquote><p><em>Le segreterie provinciali di Fim-Fiom-Uilm di Belluno accolgono positivamente l\u2019inserimento nel nuovo Decreto sostegni di strumenti nuovi e utili, finalizzati al supporto finanziario di Acc, indispensabili per sostenere e sviluppare la costituzione del polo italiano del compressore Italcomp. Come abbiamo piu\u0300 volte rimarcato il problema, ora piu\u0300 che mai, risiede nei tempi, se si vuole salvare Acc per consentire la nascita di Italcomp serve urgentemente un supporto finanziario esterno per non correre il rischio di vanificare il lavoro fatto fino ad oggi. Ribadiamo quindi l\u2019urgenza e la necessita\u0300 della convocazione di un tavolo presso il Ministero dello Sviluppo Economico tra tutte le parti coinvolte, sociali e istituzionali per concordare e definire le azioni da attuare al fine di concretizzare rapidamente il salvataggio di Acc e lo sviluppo del progetto Italcomp. Ci attendiamo quindi una rapida convocazione da parte del ministro Giorgetti per definire in ogni sua parte il progetto, necessario alla salvaguardia occupazionale di oltre 700 lavoratrici e lavoratori e alla politica industriale del paese.\u00a0<\/em><\/p>\n<p>&nbsp;<\/p><\/blockquote>\n<p>&nbsp;<\/p>\n<p>&nbsp;<\/p>\n<hr \/>\n<p>&nbsp;<\/p>\n<\/div>\n<\/div>\n<\/div>\n<\/div>\n<blockquote>\n<h3>IMPRESE ED ENERGIA. AL VIA OLTRE 22 MILIONI DI EURO PER IMPRESE ED EFFICIENTAMENTO ENERGETICO. L\u2019ECONOMIA E L\u2019AMBIENTE SONO DUE PRIORITA\u2019 ASSOLUTE PER LO SVILUPPO DEL TERRITORIO<\/h3>\n<\/blockquote>\n<p><strong><a href=\"https:\/\/www.radiopiu.net\/wordpress\/quasi-9-pmi-su-10-non-hanno-chiesto-prestiti-avvalendosi-del-fondo-di-garanzia\/vista-frontale-dei-soldi-della-holding-della-persona_23-2148547912\/\" rel=\"attachment wp-att-146655\"><img loading=\"lazy\" decoding=\"async\" class=\"size-medium wp-image-146655 alignleft\" src=\"https:\/\/www.radiopiu.net\/wordpress\/wp-content\/uploads\/2020\/06\/vista-frontale-dei-soldi-della-holding-della-persona_23-2148547912-300x225.jpg\" alt=\"\" width=\"300\" height=\"225\" srcset=\"https:\/\/www.radiopiu.net\/wordpress\/wp-content\/uploads\/2020\/06\/vista-frontale-dei-soldi-della-holding-della-persona_23-2148547912-300x225.jpg 300w, https:\/\/www.radiopiu.net\/wordpress\/wp-content\/uploads\/2020\/06\/vista-frontale-dei-soldi-della-holding-della-persona_23-2148547912.jpg 626w\" sizes=\"auto, (max-width: 300px) 100vw, 300px\" \/><\/a>VENEZIA<\/strong> La Giunta regionale del Veneto d\u00e0 il via a importanti finanziamenti relativi a due bandi pubblicati nei mesi scorsi, uno per i contributi a supporto delle micro e piccole imprese colpite dall\u2019emergenza epidemiologica da Covid-19 nei settori commercio, somministrazione e servizi alla persona, l\u2019altro per l\u2019efficientamento energetico degli edifici pubblici. I 5 milioni di euro per le imprese si vanno cos\u00ec ad aggiungere agli oltre 20 milioni di euro stanziati al momento dell\u2019approvazione del bando (Dgr 783, giugno 2020) e che hanno consentito il finanziamento di circa 8.000 imprese venete. Ora, grazie a queste ulteriori disponibilit\u00e0, sar\u00e0 possibile procedere al finanziamento di altre 2.000 imprese, le quali hanno gi\u00e0 ricevuto o riceveranno nei prossimi giorni, mediante PEC, comunicazione della loro ammissibilit\u00e0 al finanziamento. Contestualmente al via libera di questi ulteriori ristori alle imprese venete, la Giunta regionale si \u00e8 preoccupata di approvare lo stanziamento di un ulteriore finanziamento per dare avvio a fondamentali interventi di efficientamento energetico di edifici pubblici che, per carenza di fondi, non era stato possibile finanziare con gli stanziamenti originalmente previsti dai bandi emessi nel 2019. Nello specifico si tratta di uno stanziamento di ulteriori 2 milioni e 560mila euro, in aggiunta ai 10 milioni iniziali, che consentir\u00e0 di finanziare tutti gli interventi di miglioramento energetico di edifici di edilizia residenziale pubblica (ERP) presentati da parte delle Aziende territoriali ATER del Veneto. Infine, per quanto riguarda il bando per l\u2019efficientamento energetico di edifici pubblici, riservato ai Comuni, sono stati aggiunti 14 milioni 653mila euro ai 25 milioni inizialmente stanziati, che consentiranno ai Comuni beneficiari il miglioramento di scuole, palestre, municipi, centri culturali e altri edifici pubblici fortemente energivori, con significativi vantaggi in termini di diminuzione di costi e di migliore accessibilit\u00e0 e fruizione da parte delle comunit\u00e0 locali.<\/p>\n<p>&nbsp;<\/p>\n<p>&nbsp;<\/p>\n<hr \/>\n<p>&nbsp;<\/p>\n<blockquote>\n<h3>IL PNRR NON \u00c8 UN ELENCO DELLA SPESA. UNCEM PRESENTA IL DOSSIER CON LA STRATEGIA PER UNIRE I TERRITORI E RAFFORZARE LA COESIONE NEL PIANO DI RIPRESA E RESILIENZA<\/h3>\n<\/blockquote>\n<p><strong><a href=\"https:\/\/www.radiopiu.net\/wordpress\/giornale-radiopiu-06-novembre-2020-direttore-mirko-mezzacasa\/logouncem_no_scritta-wdtr\/\" rel=\"attachment wp-att-170846\"><img loading=\"lazy\" decoding=\"async\" class=\"size-medium wp-image-170846 alignleft\" src=\"https:\/\/www.radiopiu.net\/wordpress\/wp-content\/uploads\/2020\/11\/logoUNCEM_no_scritta-wdtr-300x300.jpg\" alt=\"\" width=\"300\" height=\"300\" srcset=\"https:\/\/www.radiopiu.net\/wordpress\/wp-content\/uploads\/2020\/11\/logoUNCEM_no_scritta-wdtr-300x300.jpg 300w, https:\/\/www.radiopiu.net\/wordpress\/wp-content\/uploads\/2020\/11\/logoUNCEM_no_scritta-wdtr-150x150.jpg 150w, https:\/\/www.radiopiu.net\/wordpress\/wp-content\/uploads\/2020\/11\/logoUNCEM_no_scritta-wdtr.jpg 640w\" sizes=\"auto, (max-width: 300px) 100vw, 300px\" \/><\/a>ROMA<\/strong> &#8220;Non \u00e8 un elenco della spesa&#8221;. \u00c8 questo il titolo del dossier di Uncem, presentato stamani dall&#8217;Unione nazionale dei Comuni, delle Comunit\u00e0 e degli Enti montani, che riunisce in 180 pagine le proposte per rendere i territori e le Montagne pi\u00f9 green, sostenibili e intelligenti, grazie al Next Generation EU e alle risorse della nuova Programmazione comunitaria. Un documento in perfetta sintonia con i Piani, gi\u00e0 varati, di Francia e Spagna, che dedicano 5 e 10 miliardi dei loro quadri finanziari ai territori e alle aree montane, per contrastare abbandono e spopolamento. Uncem nel documento sottolinea al Governo, al Parlamento, agli Eurodeputati le urgenze nate anche dal lavoro svolto negli Stati generali della Montagna, avviati nel luglio 2019 a Roma e proseguiti sino a luglio 2020 in diverse tappe di incontro e dialogo con i territori e tutti gli stakeholder, pubblici e privati. Si uniscono le sfide emerse con la pandemia, che si sommano a quelle della crisi economica e climatica. Strategia delle green communities, cura e manutenzione dei territori, Strategia per la Montagna e le aree interne, filiere agricole e forestali, borghi vivi e turismo, digitalizzazione, riforme e riorganizzazione, scuole e formazione, trasporti e infrastrutture, sanit\u00e0 e assistenza sono le dieci azioni chiave proposte da Uncem.<\/p>\n<p>&nbsp;<\/p>\n<p>&nbsp;<\/p>\n<hr \/>\n<p>&nbsp;<\/p>\n<blockquote>\n<h3>GLI ALPINI DI ALLEGHE APRONO UN CONTO CORRENTE PER AIUTARE GUERRINO BELLENZIER<\/h3>\n<\/blockquote>\n<p><strong><a href=\"https:\/\/www.radiopiu.net\/wordpress\/gli-alpini-di-alleghe-aprono-un-conto-corrente-per-aiutare-guerrino-bellenzier\/alpini-alleghe\/\" rel=\"attachment wp-att-198175\"><img loading=\"lazy\" decoding=\"async\" class=\"size-medium wp-image-198175 alignleft\" src=\"https:\/\/www.radiopiu.net\/wordpress\/wp-content\/uploads\/2021\/03\/ALPINI-ALLEGHE-300x138.png\" alt=\"\" width=\"300\" height=\"138\" srcset=\"https:\/\/www.radiopiu.net\/wordpress\/wp-content\/uploads\/2021\/03\/ALPINI-ALLEGHE-300x138.png 300w, https:\/\/www.radiopiu.net\/wordpress\/wp-content\/uploads\/2021\/03\/ALPINI-ALLEGHE-768x353.png 768w, https:\/\/www.radiopiu.net\/wordpress\/wp-content\/uploads\/2021\/03\/ALPINI-ALLEGHE.png 778w\" sizes=\"auto, (max-width: 300px) 100vw, 300px\" \/><\/a>ALLEGHE<\/strong> Nella notte del 12 marzo. l&#8217;abitazione di Guerrino Bellenzier (piu conosciuto come Tobia) \u00e8 stata interessata da un incendio che ha causate notevoli danni alla struttura della casa. Tobia e persona da sempre presente e disponibile per la comunit\u00e0 Alleghese nella quale ha ricoperto le cariche di consigliere ed assessore comunale. E&#8217; stato anche consigliere e capogruppo degli Alpini di Alleghe, nonch\u00e8 fondatore, insieme a Siro De Biasio, del Coro Alpino &#8220;Monte Civetta&#8221;. Attualmente e ancora attivissimo vice capogruppo ed e per questo motive che i suoi amici alpini hanno ritenuto di attivarsi ed essere vicini a Tobia, aprendo presso Cortinabanca &#8211; sede di Alleghe &#8211; un conto corrente sul quale raccogliere contributi per quanti volessero aderire a questa iniziativa. Le coordinate bancarie del conto intestate a Gruppo Ana Alleghe sottoscrizione per &#8220;&#8221;Tobia&#8221;&#8221; danni da incendio sono le seguenti:&#8221; IT 21 C 08511 61001 000000041707 L&#8217;attuale Capogruppo Cristian De Toni, anche a nome di tutto ii Consiglio del Gruppo ANA Alleghe, ringrazia quanti vorranno condividere l&#8217;iniziativa.<\/p>\n<p>&nbsp;<\/p>\n<p>&nbsp;<\/p>\n<hr \/>\n<p>&nbsp;<\/p>\n<blockquote>\n<h3>AIPD, LONTANI MA \u201cCONNESSI\u201d. UNA GIORNATA MONDIALE LUNGA UN ANNO<\/h3>\n<\/blockquote>\n<p><b><a href=\"https:\/\/www.radiopiu.net\/wordpress\/giornale-radiopiu-21-marzo-2021-direttore-mirko-mezzacasa\/giornata-sindrome-down\/\" rel=\"attachment wp-att-198267\"><img loading=\"lazy\" decoding=\"async\" class=\"size-medium wp-image-198267 alignleft\" src=\"https:\/\/www.radiopiu.net\/wordpress\/wp-content\/uploads\/2021\/03\/GIORNATA-SINDROME-DOWN-300x171.png\" alt=\"\" width=\"300\" height=\"171\" srcset=\"https:\/\/www.radiopiu.net\/wordpress\/wp-content\/uploads\/2021\/03\/GIORNATA-SINDROME-DOWN-300x171.png 300w, https:\/\/www.radiopiu.net\/wordpress\/wp-content\/uploads\/2021\/03\/GIORNATA-SINDROME-DOWN-768x439.png 768w, https:\/\/www.radiopiu.net\/wordpress\/wp-content\/uploads\/2021\/03\/GIORNATA-SINDROME-DOWN.png 840w\" sizes=\"auto, (max-width: 300px) 100vw, 300px\" \/><\/a>ROMA <\/b>#Connect. \u00c8 lo slogan e l&#8217;invito della Giornata Mondiale della Sindrome di Down 2021, che si celebra il 21 marzo. Perch\u00e9 connettersi non \u00e8 facile, con la pandemia che ci ha fisicamente allontanati, nascondendo i sorrisi. Gli occhi per\u00f2 sono rimasti scoperti e hanno imparato a sorridere. Per questo, AIPD ha scelto, per la ricorrenza di quest&#8217;anno, di provare a raccontare la \u201cconnessione\u201d e la relazione attraverso la semplicit\u00e0 degli sguardi, da cui tutto ha inizio. Lo far\u00e0 attraverso un video, innanzitutto: pi\u00f9 che uno spot informativo, un\u2019esperienza emotiva e immersiva, che in 4 minuti si pone l&#8217;ambizione di mettere lo spettatore al centro di una relazione umana, facendolo assistere alla nascita di una nuova \u201cconnessione\u201d. Perch\u00e9 proprio la connessione \u00e8 la condizione e il fondamento dell&#8217;inclusione e della partecipazione delle persone con sindrome di Down alla vita della comunit\u00e0: se la connessione si interrompe, il processo viene meno. \u00c8 il pericolo e la preoccupazione che AIPD, attraverso le sue 55 sezioni, ha vissuto nell&#8217;ultimo anno: le sedi chiuse, le attivit\u00e0 sospese e poi reinventate, proprio attraverso quella \u201cconnessione\u201d nuova che ha preso forma di videochiamate, videoconferenze, condivisioni online. Dal 21 marzo 2020 al 21 marzo 2021 \u00e8 trascorso non un anno, ma una rivoluzione, in cui ci siamo reinventati, riformati, ritrovati: ri-connessi, appunto, per far s\u00ec che il filo che ci univa non si spezzasse, ma piuttosto si rafforzasse: gli sguardi scambiati attraverso i monitor hanno insegnato a tutti noi ad essere vicini anche da lontano. Senza smettere di sognare il giorno in cui si potr\u00e0 tornare ad abbracciarsi. Il contest solidale. Per dar forma e gambe a questo sogno, c&#8217;\u00e8 bisogno di aiuto e di sostegno. Per questo, AIPD lancia, insieme alla campagna di comunicazione, anche un contest solidale: attraverso la piattaforma Wishraiser, sar\u00e0 possibile destinare una donazione ad una specifica sezione AIPD delle 55 presenti sul territorio nazionale, partecipando cos\u00ec all&#8217;estrazione di un grande premio finale, e all\u2019assegnazione di numerosi reward per i donatori pi\u00f9 generosi. Tutti le esperienze in palio sono in ambito travel proprio a simboleggiare\u00a0 la voglia di ricominciare a viaggiare, a scoprire, a connettersi.<\/p>\n<p>&nbsp;<\/p>\n<p>&nbsp;<\/p>\n<hr \/>\n<p>&nbsp;<\/p>\n<blockquote>\n<h3>VENERDI&#8217; IL CONSIGLIO COMUNALE A ROCCA PIETORE<\/h3>\n<\/blockquote>\n<p><strong>ROCCA PIETORE<\/strong> Il Sindaco di Rocca Pietore Andrea De Bernardin ha convocato il consiglio comunale per venerd\u00ec alle 14 presso la sala &#8220;El Teaz&#8221;. Sono 17 i punti da discutere tra cui l&#8217;approvazione del DUP, il canone unico di concessione del suolo pubblico e di esposizione pubblicitaria e la gestione associata del servizio tributi e della riscossione coattiva delle entrate comunali. Saranno ben 10 le interrogazioni della minoranza su vari temi che comprendono tutto il comune di Rocca Pietore. Il consiglio comunale sar\u00e0 trasmesso sui canali facebook, telegram, youtube di Radio Pi\u00f9. Martedi sera dalle 20.30 integralmente sulle frequenze Fm<\/p>\n<p>&nbsp;<\/p>\n<p>&nbsp;<\/p>\n<hr \/>\n<p>&nbsp;<\/p>\n<blockquote>\n<h3>AL VIA IL NUOVO CORSO FORMATIVO SULL\u2019AMMINISTRAZIONE DI SOSTEGNO<\/h3>\n<\/blockquote>\n<p><strong>BELLUNO <\/strong>Un nuovo corso online di formazione sull\u2019amministrazione di sostegno. Si tratta di un aggiornamento per\u00a0 gli amministratori e i responsabili dei servizi sociosanitari e degli operatori. Approfondimento, operativit\u00e0 concreta e criticit\u00e0 proposte: questi i temi che si andranno ad affrontare in sessione pomeridiana (dalle 14.30 alle 18.30) per quattro venerd\u00ec. S\u2019inizia il 9 aprile con il modulo giuridico-procedurale per proseguire il 16 (modulo giuridico-esperienziale -progetto di cura), il 23 (modulo sociale\u00a0 e socio sanitario) e il 30 (modulo operativo e psicologico). Il corso \u00e8 proposto da Comitato d\u2019Intesa di Belluno con la collaborazione di Csv Belluno Treviso, Tribunale di Belluno, Ulss 1 Dolomiti, Conferenza dei sindaci di Belluno e Feltre, Ordine professionale degli assistenti sociali.<\/p>\n<p>&nbsp;<\/p>\n<p>&nbsp;<\/p>\n<hr \/>\n<p>&nbsp;<\/p>\n<blockquote>\n<h3>LAVORI DI ASFALTATURA IN VIA NASSA A FELTRE<\/h3>\n<\/blockquote>\n<p><strong>FELTRE <\/strong>Fino al 2 aprile lavori in corso in via Nassa a Feltre dove sono previsti degli interventi straordinari di asfaltatura. Dalle 8 alle 18 sar\u00e0 vietato il transito a tutti i veicoli, cicli e motocicli. Il passaggio sar\u00e0 consentito solo ed esclusivamente ai residenti nei tratti non soggetti ai lavori. Sar\u00e0 garantito il transito pedonale in sicurezza.<\/p>\n<p>&nbsp;<\/p>\n<p>&nbsp;<\/p>\n<hr \/>\n<p>&nbsp;<\/p>\n<blockquote>\n<h3>LA GUARDIA DI FINANZA APRE IL CONCORSO PER 66 ALLIEVI UFFICIALI E 10 TENENTI<\/h3>\n<\/blockquote>\n<p><strong><a href=\"https:\/\/www.radiopiu.net\/wordpress\/vendono-una-centrale-idroelettrica-eludendo-il-fisco\/guardia-di-finanza-auto_full1\/\" rel=\"attachment wp-att-5016\"><img loading=\"lazy\" decoding=\"async\" class=\"size-medium wp-image-5016 alignleft\" src=\"https:\/\/www.radiopiu.net\/wordpress\/wp-content\/uploads\/2015\/05\/guardia-di-finanza-auto_full1-300x224.jpg\" alt=\"\" width=\"300\" height=\"224\" \/><\/a>BELLUNO<\/strong> La Guardia di Finanza \u00e8 alla ricerca di allievi ufficiali. \u00c8 partito in questi giorni il concorso pubblico, per titoli ed esami, per l&#8217;ammissione di 66 allievi ufficiali del ruolo normale, comparto ordinario e aeronavale, all&#8217;Accademia della Guardia di Finanza per l&#8217;anno accademico 2021-2022. I candidati devono aver compiuto i 17 anni di et\u00e0 alla data del 1 gennaio 2021, devono essere in possesso di un diploma di istruzione secondaria di secondo grado che consenta l&#8217;iscrizione a corsi di laurea o che lo conseguano nell&#8217;anno scolastico 2020\/21. La domanda di partecipazione al concorso dovr\u00e0 essere compilata tramite procedura telematica all&#8217;indirizzo concorsi.gdf.gov.it e dovr\u00e0 essere effettuata entro le 12 del 8 aprile 2021. Per altre informazioni sul concorso basta accedere al sito del concorso.<\/p>\n<p>&nbsp;<\/p>\n<p>&nbsp;<\/p>\n<hr \/>\n<p>&nbsp;<\/p>\n<blockquote>\n<h1 align=\"JUSTIFY\">\u201c<span style=\"font-family: Times New Roman, serif;\"><span style=\"font-size: medium;\"><b>La Piave: storie di uomini, acqua e legno\u201d &#8211; Secondo appuntamento: Codissago, Museo degli zattieri<\/b><\/span><\/span><\/h1>\n<\/blockquote>\n<p align=\"JUSTIFY\"><span style=\"font-family: Times New Roman, serif;\"><span style=\"font-size: medium;\"><a href=\"https:\/\/www.radiopiu.net\/wordpress\/giornale-radiopiu-17-marzo-2021-direttore-mirko-mezzacasa\/scansione0328_jpg\/\" rel=\"attachment wp-att-197466\"><img loading=\"lazy\" decoding=\"async\" class=\" wp-image-197466 alignleft\" src=\"https:\/\/www.radiopiu.net\/wordpress\/wp-content\/uploads\/2021\/03\/Scansione0328_jpg-300x206.jpg\" alt=\"\" width=\"237\" height=\"163\" srcset=\"https:\/\/www.radiopiu.net\/wordpress\/wp-content\/uploads\/2021\/03\/Scansione0328_jpg-300x206.jpg 300w, https:\/\/www.radiopiu.net\/wordpress\/wp-content\/uploads\/2021\/03\/Scansione0328_jpg-768x527.jpg 768w, https:\/\/www.radiopiu.net\/wordpress\/wp-content\/uploads\/2021\/03\/Scansione0328_jpg.jpg 1024w\" sizes=\"auto, (max-width: 237px) 100vw, 237px\" \/><\/a><strong>BELLUNO<\/strong> Nonostante la zona rossa, la delegazione bellunese del Fondo Ambiente Italiano continua a condurre virtualmente il pubblico attraverso il percorso delle zattere lungo la Piave, in tutta sicurezza. <\/span><\/span><span style=\"font-family: Times New Roman, serif;\"><span style=\"font-size: medium;\">Gli organizzatori sono riusciti a effettuare le riprese all\u2019interno del <\/span><\/span><span style=\"font-family: Times New Roman, serif;\"><span style=\"font-size: medium;\"><i>Museo degli zattieri del Piave<\/i><\/span><\/span><span style=\"font-family: Times New Roman, serif;\"><span style=\"font-size: medium;\"> a Codissago prima delle nuove restrizioni. Ecco che marted\u00ec 23 marzo alle 18.30 Arnaldo Olivier, Castaldo della \u201cFameja dei Zater e Menad\u00e0s del Piave\u201d, condurr\u00e0 gli spettatori nella visita online.<\/span><\/span><span style=\"font-family: Times New Roman, serif;\"><span style=\"font-size: medium;\">\u00a0<\/span><\/span><span style=\"font-family: Times New Roman, serif;\"><span style=\"font-size: medium;\">L&#8217;incontro si svolger\u00e0 sulla piattaforma Zoom\u00a0 \u00e8 necessario prenotarsi obbligatoriamente sul sito <a href=\"https:\/\/faiprenotazioni.fondoambiente.it\/\">https:\/\/faiprenotazioni.fondoambiente.it\/<\/a>\u00a0<\/span><\/span><\/p>\n<p>&nbsp;<\/p>\n<hr \/>\n<p>&nbsp;<\/p>\n<blockquote>\n<h3>LA LAVORAZIONE DELL\u2019OCCHIALE AL CENTRO DEL NUOVO CORSO GRATUITO PROMOSSO DA CERTOTTICA<\/h3>\n<\/blockquote>\n<p><strong><a href=\"https:\/\/www.radiopiu.net\/wordpress\/giornale-radiopiu-12-marzo-2021-direttore-mirko-mezzacasa\/corso-lavorazioni\/\" rel=\"attachment wp-att-196448\"><img loading=\"lazy\" decoding=\"async\" class=\"wp-image-196448 alignleft\" src=\"https:\/\/www.radiopiu.net\/wordpress\/wp-content\/uploads\/2021\/03\/corso-lavorazioni-300x211.jpg\" alt=\"\" width=\"164\" height=\"115\" srcset=\"https:\/\/www.radiopiu.net\/wordpress\/wp-content\/uploads\/2021\/03\/corso-lavorazioni-300x211.jpg 300w, https:\/\/www.radiopiu.net\/wordpress\/wp-content\/uploads\/2021\/03\/corso-lavorazioni-1024x722.jpg 1024w, https:\/\/www.radiopiu.net\/wordpress\/wp-content\/uploads\/2021\/03\/corso-lavorazioni-768x541.jpg 768w, https:\/\/www.radiopiu.net\/wordpress\/wp-content\/uploads\/2021\/03\/corso-lavorazioni-1536x1083.jpg 1536w, https:\/\/www.radiopiu.net\/wordpress\/wp-content\/uploads\/2021\/03\/corso-lavorazioni-2048x1444.jpg 2048w\" sizes=\"auto, (max-width: 164px) 100vw, 164px\" \/><\/a>LONGARONE<\/strong> Nuova esperienza lavorativa\u00a0 in partenza a fine mese a Certottica\u00a0 per\u00a0 9 disoccupati. L\u2019obiettivo \u00e8 quello di formare l\u2019\u201cAddetto alle lavorazioni per il settore occhialeria\u201d, un profilo che va incontro alle esigenze concrete manifestate dalle aziende, grazie a 200 ore di formazione specialistica in aula, 8 ore di orientamento al ruolo (individuale e di gruppo), 16 ore di visita di studio e ben 320 ore di tirocinio nelle realt\u00e0 del Distretto. Le selezioni sono fissate per il 25 marzo e l\u2019inizio del corso per il 31. Gli interessati\u00a0 consultino\u00a0 il sito www.certottica.it per approfondire tutti i dettagli o a contattare l\u2019Area Formazione di Certottica (formazione@certottica.it, 0437 573157).<\/p>\n<p>&nbsp;<\/p>\n<p>&nbsp;<\/p>\n<hr \/>\n<p>&nbsp;<\/p>\n<blockquote>\n<h3>&#8220;VOCI DI DONNA&#8221; DOMANI ALLE 20 IN DIRETTA YOUTUBE<\/h3>\n<\/blockquote>\n<p><strong><a href=\"https:\/\/www.radiopiu.net\/wordpress\/giornale-radiopiu-21-marzo-2021-direttore-mirko-mezzacasa\/schermata-2021-03-20-alle-15-08-09\/\" rel=\"attachment wp-att-198214\"><img loading=\"lazy\" decoding=\"async\" class=\"size-medium wp-image-198214 alignleft\" src=\"https:\/\/www.radiopiu.net\/wordpress\/wp-content\/uploads\/2021\/03\/Schermata-2021-03-20-alle-15.08.09-274x300.png\" alt=\"\" width=\"274\" height=\"300\" srcset=\"https:\/\/www.radiopiu.net\/wordpress\/wp-content\/uploads\/2021\/03\/Schermata-2021-03-20-alle-15.08.09-274x300.png 274w, https:\/\/www.radiopiu.net\/wordpress\/wp-content\/uploads\/2021\/03\/Schermata-2021-03-20-alle-15.08.09-934x1024.png 934w, https:\/\/www.radiopiu.net\/wordpress\/wp-content\/uploads\/2021\/03\/Schermata-2021-03-20-alle-15.08.09-768x842.png 768w, https:\/\/www.radiopiu.net\/wordpress\/wp-content\/uploads\/2021\/03\/Schermata-2021-03-20-alle-15.08.09-1400x1536.png 1400w, https:\/\/www.radiopiu.net\/wordpress\/wp-content\/uploads\/2021\/03\/Schermata-2021-03-20-alle-15.08.09.png 1446w\" sizes=\"auto, (max-width: 274px) 100vw, 274px\" \/><\/a>PONTE NELLE ALPI <\/strong><span style=\"color: #000000; font-family: Helvetica;\">\u201cLa Convenzione di Istanbul\u201d sar\u00e0 al centro del secondo appuntamento legato alla rassegna \u201cVoci di donna\u201d: promosso da Comune di Ponte nelle Alpi, insieme alla Commissione Diritti civili e Politiche di genere e alla Biblioteca civica, il ciclo di incontri ha lo scopo di promuovere un\u2019analisi del fenomeno della violenza sulle donne e sui minori. E di favorire la conoscenza rispetto agli strumenti disponibili per prevenire e contrastare tali fenomeni.\u00a0 <\/span><span style=\"color: #000000; font-family: Helvetica;\">In questo senso, si inserisce in maniera perfetta la Convenzione di Istanbul: il primo strumento internazionale che riconosce la violenza contro le donne e domestica come violazione dei diritti umani. A parlarne in maniera approfondita sar\u00e0 una relatrice d\u2019eccezione come Paola Di Nicola Travaglini, giudice del Tribunale di Roma. E non mancher\u00e0 l\u2019intervento di Sabrina Dassi\u00e8, consigliera comunale alle Pari opportunit\u00e0.\u00a0 <\/span><span style=\"color: #000000; font-family: Helvetica;\">La serata \u00e8 in calendario domani, alle ore 20, e potr\u00e0 essere seguita in diretta streaming sul canale YouTube del Comune di Ponte nelle Alpi<\/span><\/p>\n<p>&nbsp;<\/p>\n<p>&nbsp;<\/p>\n<hr \/>\n<p>&nbsp;<\/p>\n<blockquote>\n<h3>FOSSALI CON LA SUA ARTE SALE SULLA TOUR EIFFEL<\/h3>\n<\/blockquote>\n<p><strong>PONTE NELLE ALPI<\/strong> <span style=\"font-family: Times New Roman, serif;\"><span style=\"font-size: medium;\">Il bar pasticceria \u201cLa Tour Eiffel\u201d di Ponte nelle Alpi \u201csfida\u201d i nuovi restringimenti ed ancora una volta ospita nei suoi locali un evento artistico. Ovviamente lo fa nell\u2019osservanza del contenimento dell\u2019emergenza Covid-19. <\/span><\/span><span style=\"font-family: Times New Roman, serif;\"><span style=\"font-size: medium;\">Dal 13 marzo e sino al 17 aprile sar\u00e0 allestita la mostra \u201cRetr\u00f2: immagini fotografiche in bianco e nero\u201d con gli scatti proposti da Beniamino Fossali. <\/span><\/span><span style=\"font-family: Times New Roman, serif;\"><span style=\"font-size: medium;\">L\u2019iniziativa \u00e8 del Circolo Fotografico Bellunese \u201cMario De Biasi\u201d che annovera lo stesso Fossali tra i suoi associati e che affida alla suggestione ed al fascino del bianco e nero i soggetti \u201ccatturati\u201d dal suo obiettivo.\u00a0<\/span><\/span><\/p>\n<p>&nbsp;<\/p>\n<hr \/>\n<p>&nbsp;<\/p>\n<blockquote>\n<h3>\u201cTUTTO \u00c8 POZZIBILE!\u201d CON GLI AMBASCIATORI DELL\u2019ACQUA IL 21 MARZO<\/h3>\n<\/blockquote>\n<p><strong><a href=\"https:\/\/www.radiopiu.net\/wordpress\/giornale-radiopiu-20-marzo-2021-direttore-mirko-mezzacasa\/6b2cdcb5-95d3-468d-8ea6-809aaa2ec9c6\/\" rel=\"attachment wp-att-197994\"><img loading=\"lazy\" decoding=\"async\" class=\"size-medium wp-image-197994 alignleft\" src=\"https:\/\/www.radiopiu.net\/wordpress\/wp-content\/uploads\/2021\/03\/6b2cdcb5-95d3-468d-8ea6-809aaa2ec9c6-300x200.jpg\" alt=\"\" width=\"300\" height=\"200\" srcset=\"https:\/\/www.radiopiu.net\/wordpress\/wp-content\/uploads\/2021\/03\/6b2cdcb5-95d3-468d-8ea6-809aaa2ec9c6-300x200.jpg 300w, https:\/\/www.radiopiu.net\/wordpress\/wp-content\/uploads\/2021\/03\/6b2cdcb5-95d3-468d-8ea6-809aaa2ec9c6-1024x682.jpg 1024w, https:\/\/www.radiopiu.net\/wordpress\/wp-content\/uploads\/2021\/03\/6b2cdcb5-95d3-468d-8ea6-809aaa2ec9c6-768x512.jpg 768w, https:\/\/www.radiopiu.net\/wordpress\/wp-content\/uploads\/2021\/03\/6b2cdcb5-95d3-468d-8ea6-809aaa2ec9c6-1536x1023.jpg 1536w, https:\/\/www.radiopiu.net\/wordpress\/wp-content\/uploads\/2021\/03\/6b2cdcb5-95d3-468d-8ea6-809aaa2ec9c6.jpg 1600w\" sizes=\"auto, (max-width: 300px) 100vw, 300px\" \/><\/a>BELLUNO <\/strong>A causa dell\u2019emergenza sanitaria non sar\u00e0 possibile organizzare in presenza la grande festa dei bambini Ambasciatori dell\u2019Acqua 2021, prevista per il pomeriggio di oggi in occasione della giornata mondiale dell\u2019acqua, che si celebra in tutto il mondo il giorno successivo. Ma le associazioni promotrici dell\u2019iniziativa, Insieme si pu\u00f2 e Pomi d\u2019Ottone, non si sono perse d\u2019animo ed hanno preparato il grande evento online &#8220;Tutto \u00e8 poZZibile!&#8221;, che si svolger\u00e0 sul canale YouTube degli Ambasciatori dell&#8217;Acqua alle ore 17 di domenica 21 marzo. Un momento straordinario, ideato e realizzato proprio per i bambini Ambasciatori dell&#8217;Acqua di quest\u2019anno: ci saranno collegamenti da diversi angoli del mondo, musica, teatro e tante testimonianze che racconteranno l\u2019importanza dell\u2019oro blu, l\u2019acqua, la risorsa pi\u00f9 fragile e preziosa del pianeta. Gli Ambasciatori dell\u2019Acqua sono bambini che, aderendo all\u2019iniziativa, si stanno impegnando ad utilizzare in maniera responsabile l\u2019acqua, a diffondere tra amici e parenti il messaggio dell\u2019importanza dell\u2019uso corretto di questo elemento e, affinch\u00e9 nessuno venga lasciato indietro, stanno anche pensando ai loro coetanei meno fortunati, risparmiando qualche soldino nel pozzo-salvadanaio dedicato per contribuire alla costruzione di un nuovo pozzo di acqua pulita e sicura per gli studenti e l\u2019intera comunit\u00e0 di Kiyoola, in Uganda.<\/p>\n<p>&nbsp;<\/p>\n<p>&nbsp;<\/p>\n<hr \/>\n<p>&nbsp;<\/p>\n<blockquote>\n<h2>DA DOMANI IL NUOVO PROGRAMMA DI CLAUDIO PRA<\/h2>\n<p><strong>AUDIO<\/strong><\/p><\/blockquote>\n<audio class=\"wp-audio-shortcode\" id=\"audio-198121-6\" preload=\"none\" style=\"width: 100%;\" controls=\"controls\"><source type=\"audio\/mpeg\" src=\"https:\/\/www.radiopiu.net\/wordpress\/wp-content\/uploads\/2021\/03\/0-presentazione-trasmissione.mp3?_=6\" \/><a href=\"https:\/\/www.radiopiu.net\/wordpress\/wp-content\/uploads\/2021\/03\/0-presentazione-trasmissione.mp3\">https:\/\/www.radiopiu.net\/wordpress\/wp-content\/uploads\/2021\/03\/0-presentazione-trasmissione.mp3<\/a><\/audio>\n<p>&nbsp;<\/p>\n<p align=\"JUSTIFY\"><span style=\"font-family: Times New Roman, serif;\"><span style=\"font-size: medium;\"><a href=\"https:\/\/www.radiopiu.net\/wordpress\/giornale-radiopiu-19-marzo-2021-direttore-mirko-mezzacasa\/logo-programma\/\" rel=\"attachment wp-att-197683\"><img loading=\"lazy\" decoding=\"async\" class=\" wp-image-197683 alignleft\" src=\"https:\/\/www.radiopiu.net\/wordpress\/wp-content\/uploads\/2021\/03\/LOGO-PROGRAMMA-300x256.jpg\" alt=\"\" width=\"255\" height=\"218\" srcset=\"https:\/\/www.radiopiu.net\/wordpress\/wp-content\/uploads\/2021\/03\/LOGO-PROGRAMMA-300x256.jpg 300w, https:\/\/www.radiopiu.net\/wordpress\/wp-content\/uploads\/2021\/03\/LOGO-PROGRAMMA-1024x873.jpg 1024w, https:\/\/www.radiopiu.net\/wordpress\/wp-content\/uploads\/2021\/03\/LOGO-PROGRAMMA-768x654.jpg 768w, https:\/\/www.radiopiu.net\/wordpress\/wp-content\/uploads\/2021\/03\/LOGO-PROGRAMMA-1536x1309.jpg 1536w, https:\/\/www.radiopiu.net\/wordpress\/wp-content\/uploads\/2021\/03\/LOGO-PROGRAMMA-2048x1745.jpg 2048w\" sizes=\"auto, (max-width: 255px) 100vw, 255px\" \/><\/a>Dopo oltre due decenni di amore per il cielo stellato sento l\u2019esigenza di raccontare la mia esperienza che, sia ben chiaro, non si \u00e8 chiusa, ma continua e continuer\u00e0 finch\u00e9 il sacro fuoco arder\u00e0 dentro me. Lo faccio in una pubblicazione, dalla quale ho estratto i racconti per creare anche una trasmissione radiofonica a puntate, in onda su Radio Pi\u00f9. Fu la primavera del 1998 ad aprirmi le porte di una nuova passione, trasformatasi subito in qualcosa di pi\u00f9. L\u2019osservazione della volta stellata non \u00e8 infatti solo un hobby, \u00e8 qualcosa di molto pi\u00f9 intimo, direi spirituale, soprattutto, almeno per me, se condotta sotto cieli bui montani. E proprio le montagne, apparentemente ininfluenti, sono state invece capaci di creare contesti da sogno. Un mix incredibile, cielo stellato e montagne meravigliose quali sono le Dolomiti, che danno vita a scenari da fiaba che sono diventati il mio indispensabile mondo, un mondo sospeso tra cielo e terra. Nei racconti uso un linguaggio piuttosto semplice, comprensibile anche ai non appassionati, e sono convinto che le esperienze narrate possano essere apprezzate da tutti. Molte sono state pubblicate sulla rivista astronomica Coelum, per la quale mi onoro di scrivere da tanti anni. <\/span><\/span>\u201c<span style=\"font-family: 'Times New Roman', serif;\"><span style=\"font-size: medium;\">Io ne ho viste cose che voi non potreste immaginarvi\u201d, racconti, testimonianze, esperienze di un astrofilo sognatore, da luned\u00ec 22 marzo, tutti i giorni, dal luned\u00ec al venerd\u00ec, alle 8.45 ed in replica alle 19.45.<\/span><\/span><\/p>\n<p><a name=\"Bookmark\"><\/a> <span style=\"color: #000000;\"><span style=\"font-family: Calibri, serif;\"><span style=\"font-size: small;\"><span style=\"font-family: Times New Roman, serif;\"><span style=\"font-size: medium;\"><b>Sommario <\/b><\/span><\/span><\/span><\/span><\/span><span style=\"color: #000000;\"><span style=\"font-family: Calibri, serif;\"><span style=\"font-size: small;\"><span style=\"font-family: Times New Roman, serif;\"><span style=\"font-size: medium;\">22\/3 Puntata 1: La chiave di volta <\/span><\/span><\/span><\/span><\/span><span style=\"font-size: medium; font-family: 'Times New Roman', serif; color: #000000;\">23\/3 Puntata 2: La notte in pieno giorno <\/span><span style=\"color: #000000;\"><span style=\"font-family: Calibri, serif;\"><span style=\"font-size: small;\"><span style=\"font-family: Times New Roman, serif;\"><span style=\"font-size: medium;\">24\/3 Puntata 3: Verso l\u2019infinito e oltre <\/span><\/span><\/span><\/span><\/span><span style=\"font-size: medium; font-family: 'Times New Roman', serif; color: #000000;\">25\/3 Puntata 4: Associazione Astrofili Agordini <\/span><span style=\"color: #000000;\"><span style=\"font-family: Calibri, serif;\"><span style=\"font-size: small;\"><span style=\"font-family: Times New Roman, serif;\"><span style=\"font-size: medium;\">26\/3 Puntata 5: Scalatori del cielo <\/span><\/span><\/span><\/span><\/span><span style=\"font-size: medium; font-family: 'Times New Roman', serif; color: #000000;\">29\/3 Puntata 6: C\u2019era una volta il cielo <\/span><span style=\"color: #000000;\"><span style=\"font-family: Calibri, serif;\"><span style=\"font-size: small;\"><span style=\"font-family: Times New Roman, serif;\"><span style=\"font-size: medium;\">30\/3 Puntata 7: Testimoni di un evento <\/span><\/span><\/span><\/span><\/span><span style=\"font-size: medium; font-family: 'Times New Roman', serif; color: #000000;\">31\/3 Puntata 8: Cento insignificanti puntini luminosi <\/span><span style=\"color: #000000;\"><span style=\"font-family: Calibri, serif;\"><span style=\"font-size: small;\"><span style=\"font-family: Times New Roman, serif;\"><span style=\"font-size: medium;\">1\/4 Puntata 9: Le stelle alla radio <\/span><\/span><\/span><\/span><\/span><span style=\"font-size: medium; font-family: 'Times New Roman', serif; color: #000000;\">2\/4 Puntata 10: La maratona del cielo <\/span><span style=\"color: #000000;\"><span style=\"font-family: Calibri, serif;\"><span style=\"font-size: small;\"><span style=\"font-family: Times New Roman, serif;\"><span style=\"font-size: medium;\">5\/4 Puntata 11: Astrofili <\/span><\/span><\/span><\/span><\/span><span style=\"font-size: medium; font-family: 'Times New Roman', serif; color: #000000;\">6\/4 Puntata 12: Caccia alla Luna invisibile <\/span><span style=\"color: #000000;\"><span style=\"font-family: Calibri, serif;\"><span style=\"font-size: small;\"><span style=\"font-family: Times New Roman, serif;\"><span style=\"font-size: medium;\">7\/4 Puntata 13: I globulari della Grande Galassia di Andromeda <\/span><\/span><\/span><\/span><\/span><span style=\"font-size: medium; font-family: 'Times New Roman', serif; color: #000000;\">8\/4 Puntata 14: I fantasmi del cielo <\/span><span style=\"color: #000000;\"><span style=\"font-family: Calibri, serif;\"><span style=\"font-size: small;\"><span style=\"font-family: Times New Roman, serif;\"><span style=\"font-size: medium;\">9\/4 Puntata 15: Come&#8230;te non c\u2019\u00e8 nessuno <\/span><\/span><\/span><\/span><\/span><span style=\"font-size: medium; font-family: 'Times New Roman', serif; color: #000000;\">12\/4 Puntata 16: Stelle artificiali <\/span><span style=\"color: #000000;\"><span style=\"font-family: Calibri, serif;\"><span style=\"font-size: small;\"><span style=\"font-family: Times New Roman, serif;\"><span style=\"font-size: medium;\">13\/4 Puntata 17: Altri mondi <\/span><\/span><\/span><\/span><\/span><span style=\"font-size: medium; font-family: 'Times New Roman', serif; color: #000000;\">14\/4 Puntata 18: La Luna nel cuore <\/span><span style=\"color: #000000;\"><span style=\"font-family: Calibri, serif;\"><span style=\"font-size: small;\"><span style=\"font-family: Times New Roman, serif;\"><span style=\"font-size: medium;\">15\/4 Puntata 19: L\u2019altro modo di osservare il cielo <\/span><\/span><\/span><\/span><\/span><span style=\"font-size: medium; font-family: 'Times New Roman', serif; color: #000000;\">16\/4 Puntata 20: Un sogno con la coda <\/span><span style=\"color: #000000;\"><span style=\"font-family: Calibri, serif;\"><span style=\"font-size: small;\"><span style=\"font-family: Times New Roman, serif;\"><span style=\"font-size: medium;\">19\/4 Puntata 21: Uno Scorpione tra le Dolomiti <\/span><\/span><\/span><\/span><\/span><span style=\"font-size: medium; font-family: 'Times New Roman', serif; color: #000000;\">20\/4 Puntata 22: Osservazioni indimenticabili<\/span><\/p>\n<p>&nbsp;<\/p>\n<p>&nbsp;<\/p>\n<hr \/>\n<p>&nbsp;<\/p>\n<h2><span style=\"color: #ff0000;\"><a href=\"https:\/\/www.radiopiu.net\/wordpress\/giornale-radiopiu-05-gennaio-2021-direttore-mirko-mezzacasa\/133200401_100838761953611_1258544160541445132_o-2\/\" rel=\"attachment wp-att-183078\"><img loading=\"lazy\" decoding=\"async\" class=\" wp-image-183078 alignleft\" src=\"https:\/\/www.radiopiu.net\/wordpress\/wp-content\/uploads\/2021\/01\/133200401_100838761953611_1258544160541445132_o-1-300x157.jpg\" alt=\"\" width=\"192\" height=\"101\" srcset=\"https:\/\/www.radiopiu.net\/wordpress\/wp-content\/uploads\/2021\/01\/133200401_100838761953611_1258544160541445132_o-1-300x157.jpg 300w, https:\/\/www.radiopiu.net\/wordpress\/wp-content\/uploads\/2021\/01\/133200401_100838761953611_1258544160541445132_o-1.jpg 526w\" sizes=\"auto, (max-width: 192px) 100vw, 192px\" \/><\/a>GOCCE DI FILOSOFIA, CON CHIARA CAU, CON LISA DE LUCA. <\/span><\/h2>\n<h2><span style=\"color: #ff0000;\">TUTTI I GIORNI DAL LUNEDI AL VENERDI ALLE 6.55 E ALLE 18.55<\/span><\/h2>\n<p>&nbsp;<\/p>\n<h3>LA RACCOLTA COMPLETA<\/h3>\n<blockquote class=\"wp-embedded-content\" data-secret=\"KTxqWP0HzL\"><p><a href=\"https:\/\/www.radiopiu.net\/wordpress\/gocce-filosofia\/\">Gocce di filosofia<\/a><\/p><\/blockquote>\n<p><iframe loading=\"lazy\" class=\"wp-embedded-content\" sandbox=\"allow-scripts\" security=\"restricted\" style=\"position: absolute; clip: rect(1px, 1px, 1px, 1px);\" title=\"&#8220;Gocce di filosofia&#8221; &#8212; Radio Pi\u00f9\" src=\"https:\/\/www.radiopiu.net\/wordpress\/gocce-filosofia\/embed\/#?secret=KTxqWP0HzL\" data-secret=\"KTxqWP0HzL\" width=\"600\" height=\"338\" frameborder=\"0\" marginwidth=\"0\" marginheight=\"0\" scrolling=\"no\"><\/iframe><\/p>\n<h2><\/h2>\n<p>&nbsp;<\/p>\n<hr \/>\n<p>&nbsp;<\/p>\n<blockquote>\n<h2>FANTASTICHE DOLOMITI, NUOVA STAGIONE. APPUNTAMENTO QUINDICINALE IL GIOVEDI ALLE 10.30 E 19.00<\/h2>\n<\/blockquote>\n<h2><span style=\"color: #ff0000;\">LA UNDICESIMA PUNTATA dell&#8217;11marzo2021<\/span><\/h2>\n<p><strong><a href=\"https:\/\/www.radiopiu.net\/wordpress\/raccolta-completa\/121869645_648442942701436_4748562330148520081_n-2\/\" rel=\"attachment wp-att-196402\"><img loading=\"lazy\" decoding=\"async\" class=\"wp-image-196402 alignleft\" src=\"https:\/\/www.radiopiu.net\/wordpress\/wp-content\/uploads\/2021\/02\/121869645_648442942701436_4748562330148520081_n-1-300x169.jpg\" alt=\"\" width=\"160\" height=\"90\" srcset=\"https:\/\/www.radiopiu.net\/wordpress\/wp-content\/uploads\/2021\/02\/121869645_648442942701436_4748562330148520081_n-1-300x169.jpg 300w, https:\/\/www.radiopiu.net\/wordpress\/wp-content\/uploads\/2021\/02\/121869645_648442942701436_4748562330148520081_n-1-1024x576.jpg 1024w, https:\/\/www.radiopiu.net\/wordpress\/wp-content\/uploads\/2021\/02\/121869645_648442942701436_4748562330148520081_n-1-768x432.jpg 768w, https:\/\/www.radiopiu.net\/wordpress\/wp-content\/uploads\/2021\/02\/121869645_648442942701436_4748562330148520081_n-1-1536x864.jpg 1536w, https:\/\/www.radiopiu.net\/wordpress\/wp-content\/uploads\/2021\/02\/121869645_648442942701436_4748562330148520081_n-1.jpg 1707w\" sizes=\"auto, (max-width: 160px) 100vw, 160px\" \/><\/a>OSPITE IL PRESIDENTE CLAUDIO CANOVA, due giovani veterinari Michele e Maria investono nell&#8217;attivit\u00e0 sostenibile, l&#8217;allevamento delle trote a Piz di Sospirolo<\/strong><\/p>\n<audio class=\"wp-audio-shortcode\" id=\"audio-198121-7\" preload=\"none\" style=\"width: 100%;\" controls=\"controls\"><source type=\"audio\/mpeg\" src=\"https:\/\/www.radiopiu.net\/wordpress\/wp-content\/uploads\/2021\/03\/fantastiche-dolomiti-11-mazo.mp3?_=7\" \/><a href=\"https:\/\/www.radiopiu.net\/wordpress\/wp-content\/uploads\/2021\/03\/fantastiche-dolomiti-11-mazo.mp3\">https:\/\/www.radiopiu.net\/wordpress\/wp-content\/uploads\/2021\/03\/fantastiche-dolomiti-11-mazo.mp3<\/a><\/audio>\n<p>&nbsp;<\/p>\n<h3>LA RACCOLTA COMPLETA<\/h3>\n<p>https:\/\/www.radiopiu.net\/wordpress\/raccolta-completa\/<\/p>\n<p>&nbsp;<\/p>\n<p>&nbsp;<\/p>\n<p>&nbsp;<\/p>\n<p>&nbsp;<\/p>\n<hr \/>\n<h2><span style=\"color: #ff0000;\">ALLA RADIO<\/span><\/h2>\n<blockquote><p><strong>CONOSCIAMO I CORI DELLA PROVINCIA, IL CORO CTG DI BELLUNO<\/strong><\/p><\/blockquote>\n<div style=\"width: 640px;\" class=\"wp-video\"><video class=\"wp-video-shortcode\" id=\"video-198121-5\" width=\"640\" height=\"360\" preload=\"metadata\" controls=\"controls\"><source type=\"video\/mp4\" src=\"https:\/\/www.radiopiu.net\/wordpress\/wp-content\/uploads\/2021\/03\/coro-ctg-belluno.mp4?_=5\" \/><a href=\"https:\/\/www.radiopiu.net\/wordpress\/wp-content\/uploads\/2021\/03\/coro-ctg-belluno.mp4\">https:\/\/www.radiopiu.net\/wordpress\/wp-content\/uploads\/2021\/03\/coro-ctg-belluno.mp4<\/a><\/video><\/div>\n<h1>LA RACCOLTA COMPLETA<\/h1>\n<p>&nbsp;<\/p>\n<blockquote class=\"wp-embedded-content\" data-secret=\"HFdMmlxMAa\"><p><a href=\"https:\/\/www.radiopiu.net\/wordpress\/la-corale-di-limana-presenta-liniziativa-solidale-pasquale\/\">LA CORALE DI LIMANA PRESENTA L&#8217;INIZIATIVA SOLIDALE PASQUALE<\/a><\/p><\/blockquote>\n<p><iframe loading=\"lazy\" class=\"wp-embedded-content\" sandbox=\"allow-scripts\" security=\"restricted\" style=\"position: absolute; clip: rect(1px, 1px, 1px, 1px);\" title=\"&#8220;LA CORALE DI LIMANA PRESENTA L&#8217;INIZIATIVA SOLIDALE PASQUALE&#8221; &#8212; Radio Pi\u00f9\" src=\"https:\/\/www.radiopiu.net\/wordpress\/la-corale-di-limana-presenta-liniziativa-solidale-pasquale\/embed\/#?secret=HFdMmlxMAa\" data-secret=\"HFdMmlxMAa\" width=\"600\" height=\"338\" frameborder=\"0\" marginwidth=\"0\" marginheight=\"0\" scrolling=\"no\"><\/iframe><\/p>\n<p>&nbsp;<\/p>\n<hr \/>\n<p>&nbsp;<\/p>\n<p>&nbsp;<\/p>\n<h2><strong><span style=\"color: #ff0000;\">IERI ALLA RADIO<\/span><\/strong><\/h2>\n<div data-offset-key=\"5n5nl-0-0\">\n<h3>Per ricevere gli aggiornamenti in tempo reale delle notizie pubblicate alla radio e sul sito di radio pi\u00f9 iscriviti al gruppo RADIO PIU INFORMAZIONE su Telegram.\u00a0\u00a0<a href=\"https:\/\/t.me\/radiopiu\">clicca qui<\/a><\/h3>\n<p><strong><a class=\"dt-pswp-item\" href=\"https:\/\/www.radiopiu.net\/wordpress\/wp-content\/uploads\/2020\/01\/logo-csa.jpg\" data-dt-img-description=\"\" data-large_image_width=\"1167\" data-large_image_height=\"574\"><img loading=\"lazy\" decoding=\"async\" class=\"alignnone size-medium wp-image-113364\" src=\"https:\/\/www.radiopiu.net\/wordpress\/wp-content\/uploads\/2020\/01\/logo-csa-300x148.jpg\" alt=\"\" width=\"300\" height=\"148\" srcset=\"https:\/\/www.radiopiu.net\/wordpress\/wp-content\/uploads\/2020\/01\/logo-csa-300x148.jpg 300w, https:\/\/www.radiopiu.net\/wordpress\/wp-content\/uploads\/2020\/01\/logo-csa-1024x504.jpg 1024w, https:\/\/www.radiopiu.net\/wordpress\/wp-content\/uploads\/2020\/01\/logo-csa-768x378.jpg 768w, https:\/\/www.radiopiu.net\/wordpress\/wp-content\/uploads\/2020\/01\/logo-csa.jpg 1167w\" sizes=\"auto, (max-width: 300px) 100vw, 300px\" \/><\/a>AGORDO<\/strong> Appuntamento mensile (primo venerdi del mese) con lo speciale condotto da Claudio Fontanive, in studio Fabrizio Campedel e Paolo Chissal\u00e8.<\/p>\n<\/div>\n<audio class=\"wp-audio-shortcode\" id=\"audio-198121-8\" preload=\"none\" style=\"width: 100%;\" controls=\"controls\"><source type=\"audio\/mpeg\" src=\"https:\/\/www.radiopiu.net\/wordpress\/wp-content\/uploads\/2021\/03\/ca-sol-lux-marzo.mp3?_=8\" \/><a href=\"https:\/\/www.radiopiu.net\/wordpress\/wp-content\/uploads\/2021\/03\/ca-sol-lux-marzo.mp3\">https:\/\/www.radiopiu.net\/wordpress\/wp-content\/uploads\/2021\/03\/ca-sol-lux-marzo.mp3<\/a><\/audio>\n<blockquote>\n<h2>RACCOLTA COMPLETA<\/h2>\n<\/blockquote>\n<blockquote class=\"wp-embedded-content\" data-secret=\"0dghyVZQqm\"><p><a href=\"https:\/\/www.radiopiu.net\/wordpress\/cassa-solidarieta-luxottica-puntata-del-16-ottobre-2020\/\">CASSA SOLIDARIET\u00c0 LUXOTTICA &#8211; PUNTATA DEL 20 NOVEMBRE 2020<\/a><\/p><\/blockquote>\n<p><iframe loading=\"lazy\" class=\"wp-embedded-content\" sandbox=\"allow-scripts\" security=\"restricted\" style=\"position: absolute; clip: rect(1px, 1px, 1px, 1px);\" title=\"&#8220;CASSA SOLIDARIET\u00c0 LUXOTTICA &#8211; PUNTATA DEL 20 NOVEMBRE 2020&#8221; &#8212; Radio Pi\u00f9\" src=\"https:\/\/www.radiopiu.net\/wordpress\/cassa-solidarieta-luxottica-puntata-del-16-ottobre-2020\/embed\/#?secret=0dghyVZQqm\" data-secret=\"0dghyVZQqm\" width=\"600\" height=\"338\" frameborder=\"0\" marginwidth=\"0\" marginheight=\"0\" scrolling=\"no\"><\/iframe><\/p>\n<div><\/div>\n<p>&nbsp;<\/p>\n<p>&nbsp;<\/p>\n<p>&nbsp;<\/p>\n<p>&nbsp;<\/p>\n<hr \/>\n<blockquote>\n<h3><a href=\"https:\/\/www.radiopiu.net\/wordpress\/giornale-radiopiu-06-febbraio-2019-direttore-mirko-mezzacasa\/logo_spi-cgil-800x445\/\" rel=\"attachment wp-att-75538\"><img loading=\"lazy\" decoding=\"async\" class=\"wp-image-75538 alignleft\" src=\"https:\/\/www.radiopiu.net\/wordpress\/wp-content\/uploads\/2019\/02\/Logo_Spi-CGIL-800x445-300x167.jpg\" alt=\"\" width=\"210\" height=\"117\" srcset=\"https:\/\/www.radiopiu.net\/wordpress\/wp-content\/uploads\/2019\/02\/Logo_Spi-CGIL-800x445-300x167.jpg 300w, https:\/\/www.radiopiu.net\/wordpress\/wp-content\/uploads\/2019\/02\/Logo_Spi-CGIL-800x445-768x427.jpg 768w, https:\/\/www.radiopiu.net\/wordpress\/wp-content\/uploads\/2019\/02\/Logo_Spi-CGIL-800x445.jpg 800w\" sizes=\"auto, (max-width: 210px) 100vw, 210px\" \/><\/a>ALLA RADIO, APPUNTAMENTO QUINDICINALE CON SPI-CGIL BELLUNO, IN STUDIO MARIA RITA GENTILIN<\/h3>\n<\/blockquote>\n<p><strong>di Claudio Fontanive\u00a0<\/strong><\/p>\n<p>&nbsp;<\/p>\n<p><span style=\"color: #ff0000;\"><strong>PUNTATA DEL 18 MARZO 2021<\/strong><\/span><\/p>\n<audio class=\"wp-audio-shortcode\" id=\"audio-198121-9\" preload=\"none\" style=\"width: 100%;\" controls=\"controls\"><source type=\"audio\/mpeg\" src=\"https:\/\/www.radiopiu.net\/wordpress\/wp-content\/uploads\/2021\/03\/spi-cigl-18-marzo.mp3?_=9\" \/><a href=\"https:\/\/www.radiopiu.net\/wordpress\/wp-content\/uploads\/2021\/03\/spi-cigl-18-marzo.mp3\">https:\/\/www.radiopiu.net\/wordpress\/wp-content\/uploads\/2021\/03\/spi-cigl-18-marzo.mp3<\/a><\/audio>\n<p>&nbsp;<\/p>\n<p>&nbsp;<\/p>\n<hr \/>\n<p>&nbsp;<\/p>\n<div class=\"wp-media-wrapper wp-audio\">\n<div id=\"mep_0\" class=\"mejs-container mejs-container-keyboard-inactive wp-audio-shortcode mejs-audio\" tabindex=\"0\" role=\"application\" aria-label=\"Audio Player\">\n<div class=\"mejs-inner\">\n<div class=\"mejs-controls\">\n<div class=\"mejs-horizontal-volume-total\">\n<div><\/div>\n<\/div>\n<\/div>\n<div><strong><span style=\"color: #ff0000;\">MUSLA, IL NUOVO PROGRAMMA<\/span><\/strong><\/div>\n<\/div>\n<\/div>\n<\/div>\n<div class=\"details\">\n<h1 class=\"filename\">Pontada-3-Le-tipologie-de-Ladin<\/h1>\n<\/div>\n<audio class=\"wp-audio-shortcode\" id=\"audio-198121-10\" preload=\"none\" style=\"width: 100%;\" controls=\"controls\"><source type=\"audio\/mpeg\" src=\"https:\/\/www.radiopiu.net\/wordpress\/wp-content\/uploads\/2021\/03\/Pontada-3-Le-tipologie-de-LADIN.mp3?_=10\" \/><a href=\"https:\/\/www.radiopiu.net\/wordpress\/wp-content\/uploads\/2021\/03\/Pontada-3-Le-tipologie-de-LADIN.mp3\">https:\/\/www.radiopiu.net\/wordpress\/wp-content\/uploads\/2021\/03\/Pontada-3-Le-tipologie-de-LADIN.mp3<\/a><\/audio>\n<blockquote>\n<h2>LA RACCOLTA COMPLETA<\/h2>\n<\/blockquote>\n<blockquote class=\"wp-embedded-content\" data-secret=\"NX5d0c5Lzw\"><p><a href=\"https:\/\/www.radiopiu.net\/wordpress\/agora-agordina-la-nosta-piaza\/\">AGORA&#8217; AGORDINA&#8230; LA NOSTA PIAZA LADINA.  pagina in aggiornamento continuo<\/a><\/p><\/blockquote>\n<p><iframe loading=\"lazy\" class=\"wp-embedded-content\" sandbox=\"allow-scripts\" security=\"restricted\" style=\"position: absolute; clip: rect(1px, 1px, 1px, 1px);\" title=\"&#8220;AGORA&#8217; AGORDINA&#8230; LA NOSTA PIAZA LADINA.  pagina in aggiornamento continuo&#8221; &#8212; Radio Pi\u00f9\" src=\"https:\/\/www.radiopiu.net\/wordpress\/agora-agordina-la-nosta-piaza\/embed\/#?secret=NX5d0c5Lzw\" data-secret=\"NX5d0c5Lzw\" width=\"600\" height=\"338\" frameborder=\"0\" marginwidth=\"0\" marginheight=\"0\" scrolling=\"no\"><\/iframe><\/p>\n<p>&nbsp;<\/p>\n<hr \/>\n<p>&nbsp;<\/p>\n<blockquote>\n<h3><a href=\"https:\/\/www.radiopiu.net\/wordpress\/almanacco-ladino-puntata-5-2020\/sn\/\" rel=\"attachment wp-att-180931\"><img loading=\"lazy\" decoding=\"async\" class=\"wp-image-180931 alignleft\" src=\"https:\/\/www.radiopiu.net\/wordpress\/wp-content\/uploads\/2020\/12\/sn-300x194.jpg\" alt=\"\" width=\"181\" height=\"117\" srcset=\"https:\/\/www.radiopiu.net\/wordpress\/wp-content\/uploads\/2020\/12\/sn-300x194.jpg 300w, https:\/\/www.radiopiu.net\/wordpress\/wp-content\/uploads\/2020\/12\/sn.jpg 626w\" sizes=\"auto, (max-width: 181px) 100vw, 181px\" \/><\/a>L&#8217;ALMANACCO LADINO CON L&#8217;ISTITUT CESA DE JAN QUINDICINALE APPUNTAMENTO. LA DOMENICA ALLE 9 IL LUNEDI ALLE 8.35 IL MARTEDI ALLE 12.35 IL MERCOLEDI ALLE 18.35. SECONDA STAGIONE.<\/h3>\n<p><strong>LA PUNTATA DELLA SETTIMANA<\/strong><\/p><\/blockquote>\n<audio class=\"wp-audio-shortcode\" id=\"audio-198121-11\" preload=\"none\" style=\"width: 100%;\" controls=\"controls\"><source type=\"audio\/mpeg\" src=\"https:\/\/www.radiopiu.net\/wordpress\/wp-content\/uploads\/2021\/03\/54\u00b0Almanacco-Ladino_Col-1.mp3?_=11\" \/><a href=\"https:\/\/www.radiopiu.net\/wordpress\/wp-content\/uploads\/2021\/03\/54\u00b0Almanacco-Ladino_Col-1.mp3\">https:\/\/www.radiopiu.net\/wordpress\/wp-content\/uploads\/2021\/03\/54\u00b0Almanacco-Ladino_Col-1.mp3<\/a><\/audio>\n<p>&nbsp;<\/p>\n<p><strong>RACCOLTA COMPLETA\u00a0<\/strong><\/p>\n<blockquote class=\"wp-embedded-content\" data-secret=\"QZ3HyeZpOC\"><p><a href=\"https:\/\/www.radiopiu.net\/wordpress\/almanacco-ladino\/\">Almanacco Ladino<\/a><\/p><\/blockquote>\n<p><iframe loading=\"lazy\" class=\"wp-embedded-content\" sandbox=\"allow-scripts\" security=\"restricted\" style=\"position: absolute; clip: rect(1px, 1px, 1px, 1px);\" title=\"&#8220;Almanacco Ladino&#8221; &#8212; Radio Pi\u00f9\" src=\"https:\/\/www.radiopiu.net\/wordpress\/almanacco-ladino\/embed\/#?secret=QZ3HyeZpOC\" data-secret=\"QZ3HyeZpOC\" width=\"600\" height=\"338\" frameborder=\"0\" marginwidth=\"0\" marginheight=\"0\" scrolling=\"no\"><\/iframe><\/p>\n<p>&nbsp;<\/p>\n<p>&nbsp;<\/p>\n<hr \/>\n<p>&nbsp;<\/p>\n<div>\n<h2><span style=\"color: #ff0000;\">ALLA RADIO<\/span><\/h2>\n<\/div>\n<div>\n<h2><strong><a href=\"https:\/\/www.radiopiu.net\/wordpress\/giornale-radiopiu-17-marzo-2021-direttore-mirko-mezzacasa\/160935989_1607940962727298_4221035489770854642_o\/\" rel=\"attachment wp-att-197386\"><img loading=\"lazy\" decoding=\"async\" class=\"wp-image-197386 alignleft\" src=\"https:\/\/www.radiopiu.net\/wordpress\/wp-content\/uploads\/2021\/03\/160935989_1607940962727298_4221035489770854642_o-207x300.jpg\" alt=\"\" width=\"134\" height=\"194\" srcset=\"https:\/\/www.radiopiu.net\/wordpress\/wp-content\/uploads\/2021\/03\/160935989_1607940962727298_4221035489770854642_o-207x300.jpg 207w, https:\/\/www.radiopiu.net\/wordpress\/wp-content\/uploads\/2021\/03\/160935989_1607940962727298_4221035489770854642_o.jpg 526w\" sizes=\"auto, (max-width: 134px) 100vw, 134px\" \/><\/a>LE\u00a0 PUNTATE di Luisa Alchini di Leggermente Bellunesi, la domenica alle 11, <span style=\"color: #0000ff;\">IL MARTEDI IN PRIMA EDIZIONE\u00a0<\/span> alle 10.30 e alle 19.00<\/strong><\/h2>\n<\/div>\n<div>\n<div dir=\"auto\">La nostalgia di un antico focolare con il suo dolce calore ,rievocata nel libro di Paolo Farinati dal titolo dialettale &#8220;Intorn al fogh\u00e8r&#8221;<\/div>\n<\/div>\n<div dir=\"auto\"><\/div>\n<div dir=\"auto\"><strong>AUDIO<\/strong><\/div>\n<div>\n<audio class=\"wp-audio-shortcode\" id=\"audio-198121-12\" preload=\"none\" style=\"width: 100%;\" controls=\"controls\"><source type=\"audio\/mpeg\" src=\"https:\/\/www.radiopiu.net\/wordpress\/wp-content\/uploads\/2020\/10\/22leggermentepaolofarinati.mp3?_=12\" \/><a href=\"https:\/\/www.radiopiu.net\/wordpress\/wp-content\/uploads\/2020\/10\/22leggermentepaolofarinati.mp3\">https:\/\/www.radiopiu.net\/wordpress\/wp-content\/uploads\/2020\/10\/22leggermentepaolofarinati.mp3<\/a><\/audio>\n<\/div>\n<blockquote>\n<div>\n<h2><strong style=\"font-size: 14px;\"><span style=\"color: #000000;\">RACCOLTA COMPLETA<\/span><\/strong><\/h2>\n<\/div>\n<blockquote class=\"wp-embedded-content\" data-secret=\"046VirK81w\"><p><a href=\"https:\/\/www.radiopiu.net\/wordpress\/leggermente-20\/\">LEGGERmente&#8230;Bellunesi<\/a><\/p><\/blockquote>\n<p><iframe loading=\"lazy\" class=\"wp-embedded-content\" sandbox=\"allow-scripts\" security=\"restricted\" style=\"position: absolute; clip: rect(1px, 1px, 1px, 1px);\" title=\"&#8220;LEGGERmente&#8230;Bellunesi&#8221; &#8212; Radio Pi\u00f9\" src=\"https:\/\/www.radiopiu.net\/wordpress\/leggermente-20\/embed\/#?secret=046VirK81w\" data-secret=\"046VirK81w\" width=\"600\" height=\"338\" frameborder=\"0\" marginwidth=\"0\" marginheight=\"0\" scrolling=\"no\"><\/iframe><\/p>\n<p>&nbsp;<\/p><\/blockquote>\n<hr \/>\n<p>&nbsp;<\/p>\n<h2><span style=\"color: #ff0000;\"><img decoding=\"async\" class=\"alignleft\" src=\"https:\/\/www.radiopiu.net\/wordpress\/wp-content\/uploads\/2021\/03\/th-5.jpg\" \/><\/span><\/h2>\n<h2><\/h2>\n<h2><span style=\"color: #ff0000;\">ALLA RADIO<\/span><\/h2>\n<h2><span style=\"color: #008000;\">ERBE E PIANTE CURATIVE&#8230;IL\u00a0 PROGRAMMA DI PAOLA LANCIATO<\/span><\/h2>\n<p><strong>SETTIMA\u00a0 PUNTATA &#8211; LA CAMOMILLA<\/strong><\/p>\n<audio class=\"wp-audio-shortcode\" id=\"audio-198121-13\" preload=\"none\" style=\"width: 100%;\" controls=\"controls\"><source type=\"audio\/mpeg\" src=\"https:\/\/www.radiopiu.net\/wordpress\/wp-content\/uploads\/2020\/10\/7-La-Camomilla-M.mp3?_=13\" \/><a href=\"https:\/\/www.radiopiu.net\/wordpress\/wp-content\/uploads\/2020\/10\/7-La-Camomilla-M.mp3\">https:\/\/www.radiopiu.net\/wordpress\/wp-content\/uploads\/2020\/10\/7-La-Camomilla-M.mp3<\/a><\/audio>\n<p><strong>LA RACCOLTA COMPLETA<\/strong><\/p>\n<blockquote class=\"wp-embedded-content\" data-secret=\"KvP2nQojr2\"><p><a href=\"https:\/\/www.radiopiu.net\/wordpress\/erbe-e-piante-curative\/\">ERBE E PIANTE CURATIVE<\/a><\/p><\/blockquote>\n<p><iframe loading=\"lazy\" class=\"wp-embedded-content\" sandbox=\"allow-scripts\" security=\"restricted\" style=\"position: absolute; clip: rect(1px, 1px, 1px, 1px);\" title=\"&#8220;ERBE E PIANTE CURATIVE&#8221; &#8212; Radio Pi\u00f9\" src=\"https:\/\/www.radiopiu.net\/wordpress\/erbe-e-piante-curative\/embed\/#?secret=KvP2nQojr2\" data-secret=\"KvP2nQojr2\" width=\"600\" height=\"338\" frameborder=\"0\" marginwidth=\"0\" marginheight=\"0\" scrolling=\"no\"><\/iframe><\/p>\n<p>&nbsp;<\/p>\n<hr \/>\n<p>&nbsp;<\/p>\n<p>&nbsp;<\/p>\n<div class=\"im_message_wrap clearfix\">\n<div class=\"im_content_message_wrap im_message_out\">\n<h2><span style=\"color: #ff0000;\">IN VIVO VERSO 2020-21<\/span><\/h2>\n<p><strong><span style=\"color: #0000ff;\">IN ONDA DAL LUNEDI AL VENERDI ALLE 7.10, 10.10, 18.50\u00a0 \u00a0<\/span><\/strong><\/p>\n<h3><span style=\"color: #808000;\">\u00a0<\/span>LA RACCOLTA COMPLETA<\/h3>\n<blockquote class=\"wp-embedded-content\" data-secret=\"NbhwrRAMt3\"><p><a href=\"https:\/\/www.radiopiu.net\/wordpress\/in-vivo-verso\/\">In Vivo Verso<\/a><\/p><\/blockquote>\n<p><iframe loading=\"lazy\" class=\"wp-embedded-content\" sandbox=\"allow-scripts\" security=\"restricted\" style=\"position: absolute; clip: rect(1px, 1px, 1px, 1px);\" title=\"&#8220;In Vivo Verso&#8221; &#8212; Radio Pi\u00f9\" src=\"https:\/\/www.radiopiu.net\/wordpress\/in-vivo-verso\/embed\/#?secret=NbhwrRAMt3\" data-secret=\"NbhwrRAMt3\" width=\"600\" height=\"338\" frameborder=\"0\" marginwidth=\"0\" marginheight=\"0\" scrolling=\"no\"><\/iframe><\/p>\n<p>&nbsp;<\/p>\n<hr \/>\n<p>&nbsp;<\/p>\n<\/div>\n<\/div>\n<h2><span style=\"color: #808000;\">DUE MINUTI UN LIBRO\u00a0 TUTTI I GIORNI ALLA RADIO ALLE 9.30 E ALLE 18. QUINTA STAGIONE\u00a0<\/span><\/h2>\n<blockquote class=\"wp-embedded-content\" data-secret=\"Qecd5DveO9\"><p><a href=\"https:\/\/www.radiopiu.net\/wordpress\/il-quaderno-dellamore-perduto\/\">IL QUADERNO DELL&#8217;AMORE PERDUTO<\/a><\/p><\/blockquote>\n<p><iframe loading=\"lazy\" class=\"wp-embedded-content\" sandbox=\"allow-scripts\" security=\"restricted\" style=\"position: absolute; clip: rect(1px, 1px, 1px, 1px);\" title=\"&#8220;IL QUADERNO DELL&#8217;AMORE PERDUTO&#8221; &#8212; Radio Pi\u00f9\" src=\"https:\/\/www.radiopiu.net\/wordpress\/il-quaderno-dellamore-perduto\/embed\/#?secret=Qecd5DveO9\" data-secret=\"Qecd5DveO9\" width=\"600\" height=\"338\" frameborder=\"0\" marginwidth=\"0\" marginheight=\"0\" scrolling=\"no\"><\/iframe><\/p>\n<p>&nbsp;<\/p>\n<h3><span style=\"color: #808000;\">\u00a0<\/span>LA RACCOLTA COMPLETA<\/h3>\n<blockquote class=\"wp-embedded-content\" data-secret=\"Fy26TbWOmX\"><p><a href=\"https:\/\/www.radiopiu.net\/wordpress\/due-minuti-un-libro\/\">Due minuti un libro<\/a><\/p><\/blockquote>\n<p><iframe loading=\"lazy\" class=\"wp-embedded-content\" sandbox=\"allow-scripts\" security=\"restricted\" style=\"position: absolute; clip: rect(1px, 1px, 1px, 1px);\" title=\"&#8220;Due minuti un libro&#8221; &#8212; Radio Pi\u00f9\" src=\"https:\/\/www.radiopiu.net\/wordpress\/due-minuti-un-libro\/embed\/#?secret=Fy26TbWOmX\" data-secret=\"Fy26TbWOmX\" width=\"600\" height=\"338\" frameborder=\"0\" marginwidth=\"0\" marginheight=\"0\" scrolling=\"no\"><\/iframe><\/p>\n<p>&nbsp;<\/p>\n<p>&nbsp;<\/p>\n<hr \/>\n<h2>\u00a0IERI ALLA RADIO, FRANCESCO ZILLIO<\/h2>\n<p><iframe loading=\"lazy\" title=\"SERVIZI DI COMUNICAZIONE MEDIANTE SMART PHONE CON APPLICAZIONI PROFESSIONALI\" width=\"1200\" height=\"675\" src=\"https:\/\/www.youtube.com\/embed\/hZrKOddSq2k?start=7&#038;feature=oembed\" frameborder=\"0\" allow=\"accelerometer; autoplay; clipboard-write; encrypted-media; gyroscope; picture-in-picture\" allowfullscreen><\/iframe><\/p>\n<p>&nbsp;<\/p>\n<h3><strong>LA RACCOLTA COMPLETA\u00a0<\/strong><\/h3>\n<blockquote class=\"wp-embedded-content\" data-secret=\"wZ3ZGpvTXg\"><p><a href=\"https:\/\/www.radiopiu.net\/wordpress\/ep-center-video-gallery\/\">EP CENTER video gallery<\/a><\/p><\/blockquote>\n<p><iframe loading=\"lazy\" class=\"wp-embedded-content\" sandbox=\"allow-scripts\" security=\"restricted\" style=\"position: absolute; clip: rect(1px, 1px, 1px, 1px);\" title=\"&#8220;EP CENTER video gallery&#8221; &#8212; Radio Pi\u00f9\" src=\"https:\/\/www.radiopiu.net\/wordpress\/ep-center-video-gallery\/embed\/#?secret=wZ3ZGpvTXg\" data-secret=\"wZ3ZGpvTXg\" width=\"600\" height=\"338\" frameborder=\"0\" marginwidth=\"0\" marginheight=\"0\" scrolling=\"no\"><\/iframe><\/p>\n<a href=\"https:\/\/www.radiopiu.net\/wordpress\/wp-content\/uploads\/2021\/03\/199x267_GazzJunior_webinar.pdf\" class=\"pdfemb-viewer\" style=\"\" data-width=\"max\" data-height=\"max\" data-toolbar=\"top\" data-toolbar-fixed=\"on\">199x267_GazzJunior_webinar<\/a>\n<p>&nbsp;<\/p>\n<hr \/>\n<div dir=\"auto\">\n<div>\n<h2><span style=\"color: #800080;\"><strong>LA RASSEGNA STAMPA DA L&#8217;AMICO DEL POPOLO\u00a0<\/strong><\/span><\/h2>\n<h3 class=\"kvgmc6g5 cxmmr5t8 oygrvhab hcukyx3x c1et5uql\"><span style=\"color: #0000ff;\"> INFORMAZIONE il canale su TELEGRAM informazione di prima mano e in tempo reale. iscriviti ed aiutaci a farlo conoscere\u00a0<\/span><\/h3>\n<p><strong><a href=\"https:\/\/www.radiopiu.net\/wordpress\/la-rassegna-stampa-da-lamico-del-popolo-20-marzo-2021\/51228051_10218915123975947_5721189105933484032_o\/\" rel=\"attachment wp-att-198250\"><img loading=\"lazy\" decoding=\"async\" class=\"size-medium wp-image-198250 alignleft\" src=\"https:\/\/www.radiopiu.net\/wordpress\/wp-content\/uploads\/2021\/03\/51228051_10218915123975947_5721189105933484032_o-300x300.jpg\" alt=\"\" width=\"300\" height=\"300\" srcset=\"https:\/\/www.radiopiu.net\/wordpress\/wp-content\/uploads\/2021\/03\/51228051_10218915123975947_5721189105933484032_o-300x300.jpg 300w, https:\/\/www.radiopiu.net\/wordpress\/wp-content\/uploads\/2021\/03\/51228051_10218915123975947_5721189105933484032_o-1024x1024.jpg 1024w, https:\/\/www.radiopiu.net\/wordpress\/wp-content\/uploads\/2021\/03\/51228051_10218915123975947_5721189105933484032_o-150x150.jpg 150w, https:\/\/www.radiopiu.net\/wordpress\/wp-content\/uploads\/2021\/03\/51228051_10218915123975947_5721189105933484032_o-768x768.jpg 768w, https:\/\/www.radiopiu.net\/wordpress\/wp-content\/uploads\/2021\/03\/51228051_10218915123975947_5721189105933484032_o.jpg 1066w\" sizes=\"auto, (max-width: 300px) 100vw, 300px\" \/><\/a>di Gianni Santomaso<\/strong><\/p>\n<p>OSPITE: Mirko Mezzacasa<\/p>\n<audio class=\"wp-audio-shortcode\" id=\"audio-198121-14\" preload=\"none\" style=\"width: 100%;\" controls=\"controls\"><source type=\"audio\/mpeg\" src=\"https:\/\/www.radiopiu.net\/wordpress\/wp-content\/uploads\/2020\/10\/RASSEGNA-GIANNI-7.mp3?_=14\" \/><a href=\"https:\/\/www.radiopiu.net\/wordpress\/wp-content\/uploads\/2020\/10\/RASSEGNA-GIANNI-7.mp3\">https:\/\/www.radiopiu.net\/wordpress\/wp-content\/uploads\/2020\/10\/RASSEGNA-GIANNI-7.mp3<\/a><\/audio>\n<p>&nbsp;<\/p>\n<p><strong>LA RACCOLTA COMPLETA<\/strong><\/p>\n<blockquote class=\"wp-embedded-content\" data-secret=\"8sdnjUh5wC\"><p><a href=\"https:\/\/www.radiopiu.net\/wordpress\/rassegna-stampa-di-gianni-santomaso\/\">Rassegna stampa da l&#8217;amico del popolo &#8211; di Gianni Santomaso<\/a><\/p><\/blockquote>\n<p><iframe loading=\"lazy\" class=\"wp-embedded-content\" sandbox=\"allow-scripts\" security=\"restricted\" style=\"position: absolute; clip: rect(1px, 1px, 1px, 1px);\" title=\"&#8220;Rassegna stampa da l&#8217;amico del popolo &#8211; di Gianni Santomaso&#8221; &#8212; Radio Pi\u00f9\" src=\"https:\/\/www.radiopiu.net\/wordpress\/rassegna-stampa-di-gianni-santomaso\/embed\/#?secret=8sdnjUh5wC\" data-secret=\"8sdnjUh5wC\" width=\"600\" height=\"338\" frameborder=\"0\" marginwidth=\"0\" marginheight=\"0\" scrolling=\"no\"><\/iframe><\/p>\n<p>&nbsp;<\/p>\n<p>&nbsp;<\/p>\n<hr \/>\n<p>&nbsp;<\/p>\n<blockquote>\n<h3>SALUTE E SOCIETA&#8217; IL LUNEDI ALLE 13.10 E ALLE 20.10, LA DOMENICA ALLE 10.30 A CURA DEL DOTTOR MARCO CARACCIOLO. QUINTA STAGIONE<\/h3>\n<\/blockquote>\n<p><strong><a href=\"https:\/\/www.radiopiu.net\/wordpress\/giornale-radiopiu-16-marzo-2021-direttore-mirko-mezzacasa\/ba741df3-66d4-42a4-992b-1ea24faa47d8\/\" rel=\"attachment wp-att-197176\"><img loading=\"lazy\" decoding=\"async\" class=\"wp-image-197176 alignleft\" src=\"https:\/\/www.radiopiu.net\/wordpress\/wp-content\/uploads\/2021\/03\/ba741df3-66d4-42a4-992b-1ea24faa47d8-300x167.jpg\" alt=\"\" width=\"237\" height=\"132\" srcset=\"https:\/\/www.radiopiu.net\/wordpress\/wp-content\/uploads\/2021\/03\/ba741df3-66d4-42a4-992b-1ea24faa47d8-300x167.jpg 300w, https:\/\/www.radiopiu.net\/wordpress\/wp-content\/uploads\/2021\/03\/ba741df3-66d4-42a4-992b-1ea24faa47d8-768x427.jpg 768w, https:\/\/www.radiopiu.net\/wordpress\/wp-content\/uploads\/2021\/03\/ba741df3-66d4-42a4-992b-1ea24faa47d8.jpg 800w\" sizes=\"auto, (max-width: 237px) 100vw, 237px\" \/><\/a>LA PUNTATA DELLA SETTIMANA <\/strong>Colpisce circa 2 milioni di italiani ma \u00e8 ancora poco conosciuta. La sua diagnosi avviene con difficolt\u00e0 e spesso in ritardo. E\u2019 la fibromialgia, patologia che letteralmente significa dolore nei muscoli. Ad essa \u00e8 dedicato l\u2019instant book realizzato da Aisf-Odv, Associazione italiana Sindrome fibromialgica e scaricabile garatuitamente dal sito www.sindromefibromialgica.it Emilia Vaccaro ne ha parlato con Piercarlo Sarzi Puttini, presidente Aisf-Odv e Professore Ordinario di Reumatologia-Universit\u00e0 di Milano, Laura Bazzichi, Reumatologa dell\u2019AOU Pisana, Giusy Fabio vicepresidente Associazione Italiana Sindrome Fibromialgica<\/p>\n<audio class=\"wp-audio-shortcode\" id=\"audio-198121-15\" preload=\"none\" style=\"width: 100%;\" controls=\"controls\"><source type=\"audio\/mpeg\" src=\"https:\/\/www.radiopiu.net\/wordpress\/wp-content\/uploads\/2021\/03\/salute.mp3?_=15\" \/><a href=\"https:\/\/www.radiopiu.net\/wordpress\/wp-content\/uploads\/2021\/03\/salute.mp3\">https:\/\/www.radiopiu.net\/wordpress\/wp-content\/uploads\/2021\/03\/salute.mp3<\/a><\/audio>\n<h3><strong>LA RACCOLTA COMPLETA\u00a0<\/strong><\/h3>\n<blockquote class=\"wp-embedded-content\" data-secret=\"q1tbtnM22C\"><p><a href=\"https:\/\/www.radiopiu.net\/wordpress\/saluteesocieta\/\">Salute e Societ\u00e0<\/a><\/p><\/blockquote>\n<p><iframe loading=\"lazy\" class=\"wp-embedded-content\" sandbox=\"allow-scripts\" security=\"restricted\" style=\"position: absolute; clip: rect(1px, 1px, 1px, 1px);\" title=\"&#8220;Salute e Societ\u00e0&#8221; &#8212; Radio Pi\u00f9\" src=\"https:\/\/www.radiopiu.net\/wordpress\/saluteesocieta\/embed\/#?secret=q1tbtnM22C\" data-secret=\"q1tbtnM22C\" width=\"600\" height=\"338\" frameborder=\"0\" marginwidth=\"0\" marginheight=\"0\" scrolling=\"no\"><\/iframe><\/p>\n<p>&nbsp;<\/p>\n<\/div>\n<\/div>\n<p>&nbsp;<\/p>\n<hr \/>\n<blockquote>\n<h3><\/h3>\n<h3>CISL, LA VOCE DEI LAVORATORI. IL CONTRATTO NAZIONALE NELLE ASSEMBLEE E IL PREMIO PRUDUZIONE<\/h3>\n<\/blockquote>\n<p><strong>PUNTATA DEL 10 MARZO 2021<\/strong><\/p>\n<p>OSPITI: <strong>RAFFAELE SALVATONI,<\/strong> 50 anni Segretario nazionale della FEMCA CISL. Il numero uno dei tessili CISL bergamaschi\u00a0 ha assunto\u00a0 la responsabilit\u00e0 del settore moda.<strong> PAOLO CHISSALE&#8217;<\/strong> da qualche settimana in pensione, gi\u00e0 RSU Luxottica Agordo.<\/p>\n<p>audio<\/p>\n<audio class=\"wp-audio-shortcode\" id=\"audio-198121-16\" preload=\"none\" style=\"width: 100%;\" controls=\"controls\"><source type=\"audio\/mpeg\" src=\"https:\/\/www.radiopiu.net\/wordpress\/wp-content\/uploads\/2021\/03\/CISL.mp3?_=16\" \/><a href=\"https:\/\/www.radiopiu.net\/wordpress\/wp-content\/uploads\/2021\/03\/CISL.mp3\">https:\/\/www.radiopiu.net\/wordpress\/wp-content\/uploads\/2021\/03\/CISL.mp3<\/a><\/audio>\n<p>&nbsp;<\/p>\n\n\t\t\t<style type='text\/css'>\n\t\t\t\t#gallery-5 {\n\t\t\t\t\tmargin: auto;\n\t\t\t\t}\n\t\t\t\t#gallery-5 .gallery-item {\n\t\t\t\t\tfloat: left;\n\t\t\t\t\tmargin-top: 10px;\n\t\t\t\t\ttext-align: center;\n\t\t\t\t\twidth: 50%;\n\t\t\t\t}\n\t\t\t\t#gallery-5 img {\n\t\t\t\t\tborder: 2px solid #cfcfcf;\n\t\t\t\t}\n\t\t\t\t#gallery-5 .gallery-caption {\n\t\t\t\t\tmargin-left: 0;\n\t\t\t\t}\n\t\t\t\t\/* see gallery_shortcode() in wp-includes\/media.php *\/\n\t\t\t<\/style>\n\t\t<div id='gallery-5' class='dt-gallery-container gallery galleryid-198121 gallery-columns-2 gallery-size-thumbnail'><dl class='gallery-item'>\n\t\t\t\t<dt class='gallery-icon landscape'>\n\t\t\t\t\t<a class=\"rollover rollover-zoom dt-pswp-item\" title=\"th\" data-dt-img-description=\"\" data-large_image_width=\"300\" data-large_image_height=\"300\"href='https:\/\/www.radiopiu.net\/wordpress\/wp-content\/uploads\/2021\/03\/th-7.jpg'><img loading=\"lazy\" decoding=\"async\" width=\"150\" height=\"150\" src=\"https:\/\/www.radiopiu.net\/wordpress\/wp-content\/uploads\/2021\/03\/th-7-150x150.jpg\" class=\"attachment-thumbnail size-thumbnail\" alt=\"\" srcset=\"https:\/\/www.radiopiu.net\/wordpress\/wp-content\/uploads\/2021\/03\/th-7-150x150.jpg 150w, https:\/\/www.radiopiu.net\/wordpress\/wp-content\/uploads\/2021\/03\/th-7.jpg 300w\" sizes=\"auto, (max-width: 150px) 100vw, 150px\" \/><\/a>\n\t\t\t\t<\/dt><\/dl><dl class='gallery-item'>\n\t\t\t\t<dt class='gallery-icon landscape'>\n\t\t\t\t\t<a class=\"rollover rollover-zoom dt-pswp-item\" title=\"PAOLO CHISSALE\" data-dt-img-description=\"\" data-large_image_width=\"275\" data-large_image_height=\"183\"href='https:\/\/www.radiopiu.net\/wordpress\/wp-content\/uploads\/2018\/01\/PAOLO-CHISSALE.jpg'><img loading=\"lazy\" decoding=\"async\" width=\"150\" height=\"150\" src=\"https:\/\/www.radiopiu.net\/wordpress\/wp-content\/uploads\/2018\/01\/PAOLO-CHISSALE-150x150.jpg\" class=\"attachment-thumbnail size-thumbnail\" alt=\"\" \/><\/a>\n\t\t\t\t<\/dt><\/dl><br style=\"clear: both\" \/>\n\t\t\t<\/div>\n\n<p>&nbsp;<\/p>\n<p><a class=\"mejs-horizontal-volume-slider\" role=\"slider\" aria-label=\"Cursore del volume\" aria-valuemin=\"0\" aria-valuemax=\"100\" aria-valuenow=\"100\"><span class=\"mejs-offscreen\">.\u00a0<\/span><\/a><\/p>\n<hr \/>\n<div>\n<h2><span style=\"color: #000080;\"><a class=\"dt-pswp-item\" href=\"https:\/\/www.radiopiu.net\/wordpress\/wp-content\/uploads\/2020\/10\/pp.jpg\" data-dt-img-description=\"\" data-large_image_width=\"640\" data-large_image_height=\"640\"><img loading=\"lazy\" decoding=\"async\" class=\"wp-image-163678 alignleft\" src=\"https:\/\/www.radiopiu.net\/wordpress\/wp-content\/uploads\/2020\/10\/pp-300x300.jpg\" alt=\"\" width=\"106\" height=\"106\" srcset=\"https:\/\/www.radiopiu.net\/wordpress\/wp-content\/uploads\/2020\/10\/pp-300x300.jpg 300w, https:\/\/www.radiopiu.net\/wordpress\/wp-content\/uploads\/2020\/10\/pp-150x150.jpg 150w, https:\/\/www.radiopiu.net\/wordpress\/wp-content\/uploads\/2020\/10\/pp-125x125.jpg 125w, https:\/\/www.radiopiu.net\/wordpress\/wp-content\/uploads\/2020\/10\/pp-200x200.jpg 200w, https:\/\/www.radiopiu.net\/wordpress\/wp-content\/uploads\/2020\/10\/pp-80x80.jpg 80w, https:\/\/www.radiopiu.net\/wordpress\/wp-content\/uploads\/2020\/10\/pp-480x480.jpg 480w, https:\/\/www.radiopiu.net\/wordpress\/wp-content\/uploads\/2020\/10\/pp.jpg 640w\" sizes=\"auto, (max-width: 106px) 100vw, 106px\" \/><\/a><\/span><\/h2>\n<h2><span style=\"color: #000080;\">DON CESARE, IL PENSIERO DEL GIORNO. ALLA RADIO ALLE 7 DEL MATTINO E ALLE 19.30 DELLA SERA.\u00a0\u00a0<\/span><\/h2>\n<\/div>\n<p>&nbsp;<\/p>\n<p>&nbsp;<\/p>\n<p>&nbsp;<\/p>\n<audio class=\"wp-audio-shortcode\" id=\"audio-198121-17\" preload=\"none\" style=\"width: 100%;\" controls=\"controls\"><source type=\"audio\/mpeg\" src=\"https:\/\/www.radiopiu.net\/wordpress\/wp-content\/uploads\/2021\/03\/CESARE-14.mp3?_=17\" \/><a href=\"https:\/\/www.radiopiu.net\/wordpress\/wp-content\/uploads\/2021\/03\/CESARE-14.mp3\">https:\/\/www.radiopiu.net\/wordpress\/wp-content\/uploads\/2021\/03\/CESARE-14.mp3<\/a><\/audio>\n<p>&nbsp;<\/p>\n<p>&nbsp;<\/p>\n<hr \/>\n<p>&nbsp;<\/p>\n<h2><a href=\"https:\/\/www.radiopiu.net\/wordpress\/laugurio-di-monsignor-giorgio-lise-agli-agordini\/don-giorgio-lise\/\" rel=\"attachment wp-att-177420\"><img loading=\"lazy\" decoding=\"async\" class=\"size-medium wp-image-177420 alignleft\" src=\"https:\/\/www.radiopiu.net\/wordpress\/wp-content\/uploads\/2020\/12\/DON-GIORGIO-LISE-300x169.jpg\" alt=\"\" width=\"300\" height=\"169\" srcset=\"https:\/\/www.radiopiu.net\/wordpress\/wp-content\/uploads\/2020\/12\/DON-GIORGIO-LISE-300x169.jpg 300w, https:\/\/www.radiopiu.net\/wordpress\/wp-content\/uploads\/2020\/12\/DON-GIORGIO-LISE-1024x577.jpg 1024w, https:\/\/www.radiopiu.net\/wordpress\/wp-content\/uploads\/2020\/12\/DON-GIORGIO-LISE-768x432.jpg 768w, https:\/\/www.radiopiu.net\/wordpress\/wp-content\/uploads\/2020\/12\/DON-GIORGIO-LISE-1536x865.jpg 1536w, https:\/\/www.radiopiu.net\/wordpress\/wp-content\/uploads\/2020\/12\/DON-GIORGIO-LISE.jpg 1600w\" sizes=\"auto, (max-width: 300px) 100vw, 300px\" \/><\/a><span style=\"color: #993366;\">DUE MINUTI PER TE&#8230;CON DON GIORGIO LISE<\/span><\/h2>\n<audio class=\"wp-audio-shortcode\" id=\"audio-198121-18\" preload=\"none\" style=\"width: 100%;\" controls=\"controls\"><source type=\"audio\/mpeg\" src=\"https:\/\/www.radiopiu.net\/wordpress\/wp-content\/uploads\/2021\/03\/DON-GIORGIO-2.mp3?_=18\" \/><a href=\"https:\/\/www.radiopiu.net\/wordpress\/wp-content\/uploads\/2021\/03\/DON-GIORGIO-2.mp3\">https:\/\/www.radiopiu.net\/wordpress\/wp-content\/uploads\/2021\/03\/DON-GIORGIO-2.mp3<\/a><\/audio>\n<p>&nbsp;<\/p>\n<hr \/>\n<p>&nbsp;<\/p>\n<blockquote>\n<h3 class=\"kvgmc6g5 cxmmr5t8 oygrvhab hcukyx3x c1et5uql\"><span style=\"color: #0000ff;\">INFORMAZIONE il canale su TELEGRAM informazione di prima mano e in tempo reale. iscriviti ed aiutaci a farlo conoscere\u00a0<\/span><\/h3>\n<\/blockquote>\n<h2><img loading=\"lazy\" decoding=\"async\" class=\"alignleft\" src=\"https:\/\/www.radiopiu.net\/wordpress\/wp-content\/uploads\/2021\/03\/narr.jpg\" width=\"158\" height=\"105\" \/>007 IN CONDOTTA CON LA PROF. MARIA ROSA SALMAZO IL LUNEDI ALLE 10,30 E ALLE 19.00 LA DOMENICA ALLE 8 DEL MATTINO. NONA STAGIONE<\/h2>\n<p><span style=\"color: #ff0000;\"><strong>PUNTATA DEL 15 MARZO 2021<\/strong><\/span><\/p>\n<audio class=\"wp-audio-shortcode\" id=\"audio-198121-19\" preload=\"none\" style=\"width: 100%;\" controls=\"controls\"><source type=\"audio\/mpeg\" src=\"https:\/\/www.radiopiu.net\/wordpress\/wp-content\/uploads\/2021\/03\/007-15-marzo.mp3?_=19\" \/><a href=\"https:\/\/www.radiopiu.net\/wordpress\/wp-content\/uploads\/2021\/03\/007-15-marzo.mp3\">https:\/\/www.radiopiu.net\/wordpress\/wp-content\/uploads\/2021\/03\/007-15-marzo.mp3<\/a><\/audio>\n<p>&nbsp;<\/p>\n<h2>LA RACCOLTA COMPLETA<\/h2>\n<blockquote class=\"wp-embedded-content\" data-secret=\"g1GGEBedMY\"><p><a href=\"https:\/\/www.radiopiu.net\/wordpress\/007incondotta-9\/\">007 in condotta<\/a><\/p><\/blockquote>\n<p><iframe loading=\"lazy\" class=\"wp-embedded-content\" sandbox=\"allow-scripts\" security=\"restricted\" style=\"position: absolute; clip: rect(1px, 1px, 1px, 1px);\" title=\"&#8220;007 in condotta&#8221; &#8212; Radio Pi\u00f9\" src=\"https:\/\/www.radiopiu.net\/wordpress\/007incondotta-9\/embed\/#?secret=g1GGEBedMY\" data-secret=\"g1GGEBedMY\" width=\"600\" height=\"338\" frameborder=\"0\" marginwidth=\"0\" marginheight=\"0\" scrolling=\"no\"><\/iframe><\/p>\n<blockquote><p>&nbsp;<\/p>\n<p>&nbsp;<\/p><\/blockquote>\n<hr \/>\n<p>&nbsp;<\/p>\n<p>&nbsp;<\/p>\n<div>\n<h2><span style=\"color: #33cccc;\">I RACCONTI DI PAOLO SOPPELSA il lunedi alle 9.30 e 18.30<\/span><\/h2>\n<blockquote class=\"wp-embedded-content\" data-secret=\"MZbbaLCJcD\"><p><a href=\"https:\/\/www.radiopiu.net\/wordpress\/i-racconti-di-paolo-soppelsa-sessantaseiesima-puntata\/\">I RACCONTI DI PAOLO SOPPELSA SESSANTASEIESIMA PUNTATA<\/a><\/p><\/blockquote>\n<p><iframe loading=\"lazy\" class=\"wp-embedded-content\" sandbox=\"allow-scripts\" security=\"restricted\" style=\"position: absolute; clip: rect(1px, 1px, 1px, 1px);\" title=\"&#8220;I RACCONTI DI PAOLO SOPPELSA SESSANTASEIESIMA PUNTATA&#8221; &#8212; Radio Pi\u00f9\" src=\"https:\/\/www.radiopiu.net\/wordpress\/i-racconti-di-paolo-soppelsa-sessantaseiesima-puntata\/embed\/#?secret=MZbbaLCJcD\" data-secret=\"MZbbaLCJcD\" width=\"600\" height=\"338\" frameborder=\"0\" marginwidth=\"0\" marginheight=\"0\" scrolling=\"no\"><\/iframe><\/p>\n<h3 class=\"kvgmc6g5 cxmmr5t8 oygrvhab hcukyx3x c1et5uql\"><span style=\"color: #0000ff;\">INFORMAZIONE il canale su TELEGRAM informazione di prima mano e in tempo reale. iscriviti ed aiutaci a farlo conoscere\u00a0<\/span><\/h3>\n<h2><span style=\"color: #33cccc;\"><strong>RACCOLTA COMPLETA<\/strong><\/span><\/h2>\n<blockquote class=\"wp-embedded-content\" data-secret=\"YEkKTloT7C\"><p><a href=\"https:\/\/www.radiopiu.net\/wordpress\/i-racconti-di-paolo-soppelsa\/\">I racconti di Paolo Soppelsa<\/a><\/p><\/blockquote>\n<p><iframe loading=\"lazy\" class=\"wp-embedded-content\" sandbox=\"allow-scripts\" security=\"restricted\" style=\"position: absolute; clip: rect(1px, 1px, 1px, 1px);\" title=\"&#8220;I racconti di Paolo Soppelsa&#8221; &#8212; Radio Pi\u00f9\" src=\"https:\/\/www.radiopiu.net\/wordpress\/i-racconti-di-paolo-soppelsa\/embed\/#?secret=YEkKTloT7C\" data-secret=\"YEkKTloT7C\" width=\"600\" height=\"338\" frameborder=\"0\" marginwidth=\"0\" marginheight=\"0\" scrolling=\"no\"><\/iframe><\/p>\n<\/div>\n<p>&nbsp;<\/p>\n<p>&nbsp;<\/p>\n<hr \/>\n<p>&nbsp;<\/p>\n<div>\n<p>&nbsp;<\/p>\n<blockquote>\n<h2><a href=\"https:\/\/www.radiopiu.net\/wordpress\/speciale-solidarieta-veneto\/solidarieta-veneto-3\/\" rel=\"attachment wp-att-134366\"><img loading=\"lazy\" decoding=\"async\" class=\"wp-image-134366 alignleft\" src=\"https:\/\/www.radiopiu.net\/wordpress\/wp-content\/uploads\/2020\/05\/solidariet\u00e0-veneto-300x210.jpg\" alt=\"\" width=\"102\" height=\"71\" srcset=\"https:\/\/www.radiopiu.net\/wordpress\/wp-content\/uploads\/2020\/05\/solidariet\u00e0-veneto-300x210.jpg 300w, https:\/\/www.radiopiu.net\/wordpress\/wp-content\/uploads\/2020\/05\/solidariet\u00e0-veneto-1024x717.jpg 1024w, https:\/\/www.radiopiu.net\/wordpress\/wp-content\/uploads\/2020\/05\/solidariet\u00e0-veneto-768x538.jpg 768w, https:\/\/www.radiopiu.net\/wordpress\/wp-content\/uploads\/2020\/05\/solidariet\u00e0-veneto.jpg 1373w\" sizes=\"auto, (max-width: 102px) 100vw, 102px\" \/><\/a>SOLIDARIETA&#8217; VENETO FONDO PENSIONE, IN ONDA IL PRIMO VENERDI DEL MESE ALLE 10.30 E ALLE 19.00 QUINTA STAGIONE<\/h2>\n<\/blockquote>\n<p><strong>AUDIO MARZO 2021<\/strong><\/p>\n<audio class=\"wp-audio-shortcode\" id=\"audio-198121-20\" preload=\"none\" style=\"width: 100%;\" controls=\"controls\"><source type=\"audio\/mpeg\" src=\"https:\/\/www.radiopiu.net\/wordpress\/wp-content\/uploads\/2021\/03\/solidarieta-veneto-marzo.mp3?_=20\" \/><a href=\"https:\/\/www.radiopiu.net\/wordpress\/wp-content\/uploads\/2021\/03\/solidarieta-veneto-marzo.mp3\">https:\/\/www.radiopiu.net\/wordpress\/wp-content\/uploads\/2021\/03\/solidarieta-veneto-marzo.mp3<\/a><\/audio>\n<p>&nbsp;<\/p>\n<blockquote>\n<h2>RACCOLTA COMPLETA<\/h2>\n<\/blockquote>\n<blockquote class=\"wp-embedded-content\" data-secret=\"BW36IqMyog\"><p><a href=\"https:\/\/www.radiopiu.net\/wordpress\/solidarieta-veneto\/\">Solidariet\u00e0 Veneto<\/a><\/p><\/blockquote>\n<p><iframe loading=\"lazy\" class=\"wp-embedded-content\" sandbox=\"allow-scripts\" security=\"restricted\" style=\"position: absolute; clip: rect(1px, 1px, 1px, 1px);\" title=\"&#8220;Solidariet\u00e0 Veneto&#8221; &#8212; Radio Pi\u00f9\" src=\"https:\/\/www.radiopiu.net\/wordpress\/solidarieta-veneto\/embed\/#?secret=BW36IqMyog\" data-secret=\"BW36IqMyog\" width=\"600\" height=\"338\" frameborder=\"0\" marginwidth=\"0\" marginheight=\"0\" scrolling=\"no\"><\/iframe><\/p>\n<p>&nbsp;<\/p>\n<hr \/>\n<\/div>\n<p>&nbsp;<\/p>\n<blockquote><p>&nbsp;<\/p><\/blockquote>\n<div>\n<h2><span style=\"color: #ff0000;\">ALLA RADIO<\/span><\/h2>\n<\/div>\n<div>\n<h2><strong>LE\u00a0 PUNTATE di Luisa Alchini di Leggermente Bellunesi, la domenica alle 11, <span style=\"color: #0000ff;\">IL MARTEDI IN PRIMA EDIZIONE\u00a0<\/span> alle 10.30 e alle 19.00<\/strong><\/h2>\n<\/div>\n<div>\n<p><strong><a href=\"https:\/\/www.radiopiu.net\/wordpress\/legger-mente-bellunesi-02-marzo-2021\/156828176_1598288807025847_358448174778964781_o\/\" rel=\"attachment wp-att-194538\"><img loading=\"lazy\" decoding=\"async\" class=\" wp-image-194538 alignleft\" src=\"https:\/\/www.radiopiu.net\/wordpress\/wp-content\/uploads\/2021\/03\/156828176_1598288807025847_358448174778964781_o-206x300.jpg\" alt=\"\" width=\"86\" height=\"125\" srcset=\"https:\/\/www.radiopiu.net\/wordpress\/wp-content\/uploads\/2021\/03\/156828176_1598288807025847_358448174778964781_o-206x300.jpg 206w, https:\/\/www.radiopiu.net\/wordpress\/wp-content\/uploads\/2021\/03\/156828176_1598288807025847_358448174778964781_o.jpg 685w\" sizes=\"auto, (max-width: 86px) 100vw, 86px\" \/><\/a><\/strong><\/p>\n<\/div>\n<div>\n<h3>La gloriosa carriera del perito minerario Gianni Rivis raccontata nel libro di ricordi.<\/h3>\n<p>&nbsp;<\/p>\n<\/div>\n<h2><\/h2>\n<audio class=\"wp-audio-shortcode\" id=\"audio-198121-21\" preload=\"none\" style=\"width: 100%;\" controls=\"controls\"><source type=\"audio\/mpeg\" src=\"https:\/\/www.radiopiu.net\/wordpress\/wp-content\/uploads\/2021\/03\/20leggermentegiannirivis2021.mp3?_=21\" \/><a href=\"https:\/\/www.radiopiu.net\/wordpress\/wp-content\/uploads\/2021\/03\/20leggermentegiannirivis2021.mp3\">https:\/\/www.radiopiu.net\/wordpress\/wp-content\/uploads\/2021\/03\/20leggermentegiannirivis2021.mp3<\/a><\/audio>\n<blockquote>\n<div>\n<h2><strong style=\"font-size: 14px;\"><span style=\"color: #000000;\">RACCOLTA COMPLETA<\/span><\/strong><\/h2>\n<\/div>\n<blockquote class=\"wp-embedded-content\" data-secret=\"046VirK81w\"><p><a href=\"https:\/\/www.radiopiu.net\/wordpress\/leggermente-20\/\">LEGGERmente&#8230;Bellunesi<\/a><\/p><\/blockquote>\n<p><iframe loading=\"lazy\" class=\"wp-embedded-content\" sandbox=\"allow-scripts\" security=\"restricted\" style=\"position: absolute; clip: rect(1px, 1px, 1px, 1px);\" title=\"&#8220;LEGGERmente&#8230;Bellunesi&#8221; &#8212; Radio Pi\u00f9\" src=\"https:\/\/www.radiopiu.net\/wordpress\/leggermente-20\/embed\/#?secret=046VirK81w\" data-secret=\"046VirK81w\" width=\"600\" height=\"338\" frameborder=\"0\" marginwidth=\"0\" marginheight=\"0\" scrolling=\"no\"><\/iframe><\/p>\n<p>&nbsp;<\/p><\/blockquote>\n<h2><\/h2>\n<h3><\/h3>\n<div dir=\"auto\">\n<hr \/>\n<p>&nbsp;<\/p>\n<div>\n<p class=\"photoswipe-wrapper\"><a class=\"dt-pswp-item pspw-wrap-ready\" href=\"https:\/\/i0.wp.com\/www.radiopiu.net\/wordpress\/wp-content\/uploads\/2018\/09\/viabilita.jpeg?ssl=1\" data-dt-img-description=\"\" data-large_image_width=\"800\" data-large_image_height=\"100\"><img loading=\"lazy\" decoding=\"async\" class=\"aligncenter wp-image-61954 size-full\" src=\"https:\/\/i0.wp.com\/www.radiopiu.net\/wordpress\/wp-content\/uploads\/2018\/09\/viabilita.jpeg?resize=800%2C100&amp;ssl=1\" sizes=\"auto, (max-width: 800px) 100vw, 800px\" srcset=\"https:\/\/i0.wp.com\/www.radiopiu.net\/wordpress\/wp-content\/uploads\/2018\/09\/viabilita.jpeg?w=800&amp;ssl=1 800w, https:\/\/i0.wp.com\/www.radiopiu.net\/wordpress\/wp-content\/uploads\/2018\/09\/viabilita.jpeg?resize=300%2C38&amp;ssl=1 300w, https:\/\/i0.wp.com\/www.radiopiu.net\/wordpress\/wp-content\/uploads\/2018\/09\/viabilita.jpeg?resize=768%2C96&amp;ssl=1 768w\" alt=\"\" width=\"800\" height=\"100\" \/><\/a><\/p>\n<\/div>\n<p>&nbsp;<\/p>\n<p><strong>SP 473 CROCE<\/strong> <strong>D&#8217;AUNE<\/strong> Dalle 8 alle 18, dal 23 marzo al 30 aprile compresi sabato domenica e festivi, senso unico alternato regolato da impianto semaforico in comune di Sovramonte per sostituzione barriere di sicurezza<\/p>\n<p><strong>SR 48 DELLE DOLOMITI\u00a0<\/strong>Dal 22 marzo al 30 aprile, dalle 7 alle 18 esclusi sabato domenica e festivi, interruzioni alla viabilit\u00e0 della durata massima di 20 minuti e senso unico alternato regolato da impianto semaforico per messa in sicurezza del versante a monte della strada in comune di Livinallongo<\/p>\n<p><strong>SR 203 AGORDINA<\/strong> il 20 e 21 marzo a Colle Santa Lucia in localit\u00e0 Col de Battaia istituzione di senso unico alternato regolato da impianto semaforico per lavori di consolidamento del ciglio stradale<\/p>\n<p><strong>SR 204 BELLUNO MAS<\/strong> dal 22 al 26 marzo in localit\u00e0 Antole istituzione di senso unico alternato regolato da impianto semaforico per messa in sicurezza del ponte<\/p>\n<p><strong>SP 473 CROCE D&#8217;AUNE<\/strong> dal 18 marzo al 15 aprile interdizione totale al traffico in localit\u00e0 Pedavena per ristrutturazione fabbricato. Traffico deviato su Via Trento<\/p>\n<p><strong>SP 473 CROCE D&#8217;AUNE\u00a0<\/strong> dal 18 marzo al 16 aprile, in localit\u00e0 Sarzen, interdizione totale alla viabilit\u00e0 ad eccezione di domeniche e festivi infrasettimanali per lavori di posa canalizzazioni per conto di E-Distribuzione. Transito consentito solo a mezzi pubblici, scolastici e di soccorso<\/p>\n<p><strong>SP 3 VAL IMPERINA\u00a0<\/strong>Dal 20 al 31 marzo, esclusi sabato e domenica, interdizione totale al traffico a fasce orarie tra Forcella Franche e Vallasin per lavori di messa in sicurezza della strada. Le chiusure dalle 8 alle 12:45, dalle 13:45 alle 15:50 e dalle 16:10 alle 17:45<\/p>\n<p><strong>SP 26 DIGOMAN\u00a0<\/strong>dal 22 marzo al 3 aprile interdizione totale al traffico in comune di Rivamonte dalle 8 alle 17, domeniche escluse, per lavori di esbosco schianti Vaia. Negli altri orari senso unico alternato regolato da impianto semaforico.<\/p>\n<p>&nbsp;<\/p>\n<p><strong>203 AGORDINA LIVINALLONGO <\/strong>dal 15 marzo per un mese (inclusi festivi e prefestivi) senso unico in localit\u00e0 Ponte Pignazza<\/p>\n<p><strong>SP 251 DELLA VAL DI ZOLDO E CELLINA<\/strong> Istituzione di senso unico alternato regolato da semaforo nel comune di Val di Zoldo per messa in sicurezza della strada<\/p>\n<p><strong>SP 42 CAVALLERA<\/strong> fino a revoca, chiusura della strada nell&#8217;abitato di Perarolo per attivazione emergenza frana &#8220;Busa del Cristo&#8221;<\/p>\n<p><strong>S.P.2 DELLA VALLE DEL MIS\u00a0<\/strong>Interdizione totale al traffico fino a revoca dal km 14,920 (localit\u00e0 Gona Bassa) al km 20,650 (localit\u00e0 Titele) per cedimento della carreggiata<\/p>\n<p><strong>S.P. 5 DI LAMOSANO<\/strong>\u00a0Interdizione totale fino a revoca per presenza di materiale e alberi in strada.<\/p>\n<p><strong>SP 3 DELLA VAL IMPERINA<\/strong> fino a revoca, senso unico alternato regolato a vista in localit\u00e0 Gona di Conedera di Rivamonte per cedimento della carreggiata stradale<\/p>\n<p><strong>PROVINCIALE 2, VALLE DEL MIS KM 9 -14\u00a0 <\/strong>Fino al 30 MARZO dalle 7.30 alle 17.30, sabato e domenica esclusi, senso unico alternato regolato da movieri o a vista, tratti di 100 metri. Ripristino reti lato strada.<\/p>\n<\/div>\n<p><b>\u00a0<\/b><\/p>\n<p>&nbsp;<\/p>\n<div dir=\"auto\">\n<hr \/>\n<p>&nbsp;<\/p>\n<div>\n<p class=\"photoswipe-wrapper\"><a class=\"dt-pswp-item pspw-wrap-ready\" href=\"https:\/\/i0.wp.com\/www.radiopiu.net\/wordpress\/wp-content\/uploads\/2018\/09\/WhatsApp-Image-2018-09-20-at-16.04.06.jpeg?ssl=1\" data-dt-img-description=\"\" data-large_image_width=\"800\" data-large_image_height=\"100\"><img loading=\"lazy\" decoding=\"async\" class=\"aligncenter wp-image-61378 size-full jetpack-lazy-image jetpack-lazy-image--handled\" src=\"https:\/\/i0.wp.com\/www.radiopiu.net\/wordpress\/wp-content\/uploads\/2018\/09\/WhatsApp-Image-2018-09-20-at-16.04.06.jpeg?resize=800%2C100&amp;ssl=1\" sizes=\"auto, (max-width: 800px) 100vw, 800px\" srcset=\"https:\/\/i0.wp.com\/www.radiopiu.net\/wordpress\/wp-content\/uploads\/2018\/09\/WhatsApp-Image-2018-09-20-at-16.04.06.jpeg?w=800&amp;ssl=1 800w, https:\/\/i0.wp.com\/www.radiopiu.net\/wordpress\/wp-content\/uploads\/2018\/09\/WhatsApp-Image-2018-09-20-at-16.04.06.jpeg?resize=300%2C38&amp;ssl=1 300w, https:\/\/i0.wp.com\/www.radiopiu.net\/wordpress\/wp-content\/uploads\/2018\/09\/WhatsApp-Image-2018-09-20-at-16.04.06.jpeg?resize=768%2C96&amp;ssl=1 768w\" alt=\"\" width=\"800\" height=\"100\" data-lazy-loaded=\"1\" \/><\/a><\/p>\n<\/div>\n<p>&nbsp;<\/p>\n<\/div>\n<p><center><b>Domenica 21<\/b><\/center><b>Tempo atteso: <\/b>Giornata soleggiata ma alquanto fredda per la stagione, soprattutto in quota, dove sar\u00e0 anche ventosa. Il cielo sar\u00e0 sereno o poco nuvoloso, salvo qualche nube in pi\u00f9 sulle Dolomiti.<br \/>\n<b>Precipitazioni: <\/b>Assenti (0%)<br \/>\n<b>Temperature: <\/b>Minime in ulteriore calo, con nuove intense gelate notturne; massime in leggero aumento, pi\u00f9 avvertito in quota, dove per\u00f2 il vento far\u00e0 aumentare molto la sensazione di freddo (wind chill attorno a -25 a 3000 m). Su Prealpi a 1500 m min -8\u00b0C max -1\u00b0C, a 2000 m min -11\u00b0C max -4\u00b0C. Su Dolomiti a 2000 m min -13\u00b0C max -3\u00b0C, a 3000 m min -15\u00b0C max -10\u00b0C.<br \/>\n<b>Venti: <\/b>Nelle valli deboli o moderati a regime di brezza, salvo rinforzi per Foehn al pomeriggio\/sera; in quota tesi o forti da nord nord-est, a tratti anche molto forti sulle cime pi\u00f9 alte, 20-40 km\/h a 2000 m, 40-80 km\/h a 3000 m, con raffiche anche attorno a 100 km\/h<\/p>\n<hr \/>\n<p><center><b>Lunedi 22<\/b><\/center><b>Tempo atteso: <\/b>Altra giornata soleggiata ma ancora fredda e ventosa in quota. Il cielo sar\u00e0 sereno o al pi\u00f9 poco nuvoloso.<br \/>\n<b>Precipitazioni: <\/b>Assenti (0%)<br \/>\n<b>Temperature: <\/b>Minime in aumento, massime in aumento sulle Prealpi, stazionarie o in lieve calo sulle Dolomiti, con valori ovunque ancora inferiori alla norma. Su Prealpi a 1500 m min -4\u00b0C max 0\u00b0C, a 2000 m min -8\u00b0C max -5\u00b0C. Su Dolomiti a 2000 m min -9\u00b0C max -5\u00b0C, a 3000 m min -15\u00b0C max -12\u00b0C.<br \/>\n<b>Venti: <\/b>Nelle valli deboli\/moderati, con probabili raffiche di Foehn, localmente forti al mattino, in quota ancora tesi o forti da nord nord-est, anche molto forti sulle cime, ma in graduale attenuazione nel pomeriggio-sera, 20-40 km\/h a 2000 m, 60-80 km\/h a 3000 m, con raffiche attorno a 100 km\/h<\/p>\n<hr \/>\n<p><center><b>Martedi 23<\/b><\/center>Tempo sempre bello ma ancora piuttosto freddo per la stagione, seppur meno ventoso in quota. Cielo in prevalenza sereno salvo una possibile velatura a met\u00e0 giornata. Temperature senza grosse variazioni, eccetto per una diminuzione nelle minime in quota. Venti in montagna moderati o tesi da nord nord-est-<\/p>\n<hr \/>\n<p><center><b>Mercoledi 24<\/b><\/center>Giornata splendida e decisamente pi\u00f9 mite dei giorni precedenti, con cielo totalmente sereno. Temperature in aumento, su valori rientrati quasi nella norma. Venti in quota deboli o moderati da nord, a tratti ancora tesi a 3000 m Previsore: B.R.<\/p>\n<p>&nbsp;<\/p>\n<hr \/>\n<p>&nbsp;<\/p>\n<p><a href=\"https:\/\/www.radiopiu.net\/wordpress\/giornale-radiopiu-15-settembre-2018-direttore-mirko-mezzacasa\/sport-7\/\" rel=\"attachment wp-att-60761\"><img loading=\"lazy\" decoding=\"async\" class=\"wp-image-60761 size-full aligncenter\" src=\"https:\/\/www.radiopiu.net\/wordpress\/wp-content\/uploads\/2018\/09\/sport.jpg\" alt=\"\" width=\"800\" height=\"100\" srcset=\"https:\/\/www.radiopiu.net\/wordpress\/wp-content\/uploads\/2018\/09\/sport.jpg 800w, https:\/\/www.radiopiu.net\/wordpress\/wp-content\/uploads\/2018\/09\/sport-300x38.jpg 300w, https:\/\/www.radiopiu.net\/wordpress\/wp-content\/uploads\/2018\/09\/sport-768x96.jpg 768w\" sizes=\"auto, (max-width: 800px) 100vw, 800px\" \/><\/a><\/p>\n<p>&nbsp;<\/p>\n<blockquote>\n<h3>ALLEGHE ELIMINATO AI PLAYOFF DAL MERANO. LA SERIE DEI QUARTI DI FINALE TERMINA 3 A 0<\/h3>\n<\/blockquote>\n<p class=\"p1\"><strong><a href=\"https:\/\/www.radiopiu.net\/wordpress\/il-calendario-ufficiale-dellitalian-hockey-league\/logo-alleghe-hockey\/\" rel=\"attachment wp-att-95699\"><img loading=\"lazy\" decoding=\"async\" class=\"size-medium wp-image-95699 alignright\" src=\"https:\/\/www.radiopiu.net\/wordpress\/wp-content\/uploads\/2019\/08\/logo-alleghe-hockey-300x281.png\" alt=\"\" width=\"300\" height=\"281\" srcset=\"https:\/\/www.radiopiu.net\/wordpress\/wp-content\/uploads\/2019\/08\/logo-alleghe-hockey-300x281.png 300w, https:\/\/www.radiopiu.net\/wordpress\/wp-content\/uploads\/2019\/08\/logo-alleghe-hockey.png 547w\" sizes=\"auto, (max-width: 300px) 100vw, 300px\" \/><\/a>MERANO &#8211; ALLEGHE 2-0<\/strong><\/p>\n<p class=\"p1\">PARZIALI: 0-0, 2-0, 0-0<\/p>\n<p class=\"p1\">GOL: st. 7\u201912\u201d Platzer, 13\u201903\u201d O. Ahlstroem.<\/p>\n<p class=\"p1\"><strong>MERANO<\/strong> Si chiude la stagione dell\u2019Alleghe con un secco 3 a 0 del Merano nella serie valida per i quarti di finale di IHL. Dopo una stagione spezzatino a causa del Covid-19, gli agordini escono a testa alta contro gli altoatesini. Un finale di stagione con tante pedine mancanti, giocatori che avrebbero fatto la differenza in queste occasioni, ma con una formazione che ha fatto vedere delle belle cose conquistando i playoff giocandoseli a viso aperto contro una corazzata come quella meranese. Gli altoatesini vanno in semifinale dopo una partita giocata abbastanza bene con un Alleghe che ha tenuto bene per 30\u2019. Primi minuti di gara senza grosse occasioni per le due compagini. Il primo tiro in porta della serata \u00e8 delle civette ma la conclusione di De Toni viene bloccata. La prima vera occasione arriva ancora da De Toni che colpisce in pieno la traversa su assist di Kiviranta. Il match si anima e le squadre non se le mandano a dire. Scola fa gli straordinari per salvare il risultato. Agordini agguerriti che cercano di sbloccare la partita in tutte le maniere. Il Merano sembra attendere il momento giusto ma la prima frazione termina a reti inviolate. Nel secondo tempo gli altoatesini alzano il ritmo del gioco e per un attimo l\u2019Alleghe ha subito le incursioni avversarie. I meranesi riescono a sbloccare la partita a pochi minuti dal giro di boa della sfida. A siglare il vantaggio ci pensa Platzer a deviare sotto porta un tiro dalla linea blu di Pfoestl. Non si arrendono le civette che provano a colpire con l\u2019uomo in pi\u00f9 ma le conclusioni non sono precise. Il Merano raddoppia poco dopo quando Oscar Ahlstroem cogli un assist d\u2019oro dal fratello Victor per battere Scola. Agordini in difficolt\u00e0 che accusano il colpo della seconda marcatura avversaria. Terzo drittel con il Merano che gioca con il tempo cercando di evitare che i biancorossi si avvicinino alla porta. Alleghe che supera egregiamente due penalit\u00e0 ma i meranesi inizia a spingere per chiudere la sfida. Gli uomini di Matikainen sembrano senza concentrazione e sbagliano tanti dischi nonostante la squadra si trovi in attacco. Terza frazione che si chiude a reti inviolate e il Merano strappa il pass per le semifinali contro la vincente tra Varese e Appiano.<\/p>\n<p>&nbsp;<\/p>\n<p>&nbsp;<\/p>\n<hr \/>\n<p>&nbsp;<\/p>\n<blockquote>\n<h3 class=\"p1\"><span class=\"s1\">IL CENTRO SPORTIVO ESERCITO CON MATTEO EYDALLIN E MICHELE BOSCACCI VINCE LA 38^ TRANSCAVALLO<\/span><\/h3>\n<\/blockquote>\n<p class=\"p1\"><span class=\"s1\"><a href=\"https:\/\/www.radiopiu.net\/wordpress\/giornale-radiopiu-21-marzo-2021-direttore-mirko-mezzacasa\/transcavallo-2021\/\" rel=\"attachment wp-att-198237\"><img loading=\"lazy\" decoding=\"async\" class=\"size-medium wp-image-198237 alignleft\" src=\"https:\/\/www.radiopiu.net\/wordpress\/wp-content\/uploads\/2021\/03\/TRANSCAVALLO-2021-300x200.jpg\" alt=\"\" width=\"300\" height=\"200\" srcset=\"https:\/\/www.radiopiu.net\/wordpress\/wp-content\/uploads\/2021\/03\/TRANSCAVALLO-2021-300x200.jpg 300w, https:\/\/www.radiopiu.net\/wordpress\/wp-content\/uploads\/2021\/03\/TRANSCAVALLO-2021-1024x683.jpg 1024w, https:\/\/www.radiopiu.net\/wordpress\/wp-content\/uploads\/2021\/03\/TRANSCAVALLO-2021-768x512.jpg 768w, https:\/\/www.radiopiu.net\/wordpress\/wp-content\/uploads\/2021\/03\/TRANSCAVALLO-2021.jpg 1280w\" sizes=\"auto, (max-width: 300px) 100vw, 300px\" \/><\/a>Matteo Eydallin e Michele Boscacci con sulle nevi a confine dell\u2019Alpago e del Piancavallo questa mattina hanno vinto la 38^ edizione della Transcavallo. <\/span><span class=\"s1\">Un\u2019edizione epica quella della Transcavallo Long Distance Team 7.0 per sottolineare i 7.000 metri di dislivello totale con le 7 vette raggiunte un p\u00f2 distribuite tra Veneto e Friuli. La Transcavallo 2021 che assegnava punti per la Grande Course \u00e8 stato un viaggio, un percorso entusiasmante e faticoso che rimarr\u00e0 nei ricordi dei concorrenti.\u00a0<\/span><span class=\"s1\">Subito dopo la partenza data a Malga Cate (Chies d\u2019Alpago) Matteo Eydallin e Michele Boscacci hanno preso il comando della gara e salendo verso il monte Guslon hanno dimostrato a tutti gli avversari le loro intenzioni per vincere la gara. <\/span><span class=\"s1\">Matteo Eydallin e Michele Boscacci per tutta la durata della gara hanno mantenuto la prima posizione. Nella spettacolare salita del Canalino del Podest\u00e0 i due battistrada hanno fatto il ritmo per la conquista del Monte Guslon. Nelle nevi di Piancavallo i due hanno amministrato il vantaggio cercando ogni tanto di godere del panorama che spaziava dalle Dolomiti al mare Adriatico, <\/span><span class=\"s1\">Eydallin-Boscacci hanno fermato il cronometro in 3:36\u201951\u2019\u2019 mentre alle loro spalle si sono classificati con il tempo di 3:46\u201919\u2019\u2019 William Boffelli e Jakob Herrmann. In terza posizione si classificano Julien Michelon e Yoann Sert.\u00a0 <\/span><span class=\"s1\">In campo femminile Bianca Balzarini e Corinna Ghirardi hanno vinto la Transcavallo con il tempo di 4:51\u201958\u2019\u2019 alle loro spalle Cecilia De Filippo e Martina De Silvestro. In terza posizione si sono classificate Federica Osler con Dimitra Theocharis. <\/span><span class=\"s1\">Purtroppo questa edizione \u00e8 stata caratterizzata dai presidi antiCovid proprio per questo motivo e per dimostrare ancora una volta la resilienza delle \u201cgenti di montagna\u201d il Comitato Organizzatore, presieduto a Diego Svalduz, ha voluto disegnare un tracciato dove la forza, la tecnica e la resistenza alla fatica sono stato messi a dura prova. Val Salatis, Monte Guslon, Monte Cornor, Monte Tremol, creste aeree, ripidi canali e discese funamboliche, sono stati gli ingredienti principali di una gara d\u2019altri tempi. <\/span><span class=\"s1\">Il percorso disegnato \u00e8 stato lungo, molto lungo, i chilometri percorsi sono stati circa 32, mai banali, con un dislivello positivo di 3.520mt spalmati nella salita di ben sette cime, alcune delle quali sono stati affrontati a piedi, con i ramponi calzati e con gli sci nello zaino. <\/span><span class=\"s1\">Nella gara individuale vince il fortissimo atleta austriaco Paul Verbnjack con il tempo di 1:30\u201908\u2019\u2019 in seconda posizione si classifica Claudio Muller mentre in terza c\u2019\u00e8 Peter Leiter. In campo femminile vince l&#8217;austriaca Stephanie Kroll con il tempo di 1:47\u201922\u2019\u2019. In seconda e terza posizione si classificano Erica Turi e Claudia Titolo. <\/span><span class=\"s1\">Venerd\u00ec sera gli organizzatori per accompagnare la Transcavallo hanno voluto riportare sulle nevi del Guslon la tradizionale fiaccolata che qualche anno fa era una vera e propria festa che anticipava l\u2019evento sportivo. Una fiaccolata particolare con una sola persona che ha acceso le altre fiaccole disposte a forma di cuore proprio sui pendii del Monte Guslon.<\/span><\/p>\n","protected":false},"excerpt":{"rendered":"<p>PER RICEVERE QUESTO NOTIZIARIO DIRETTAMENTE SUL TUO CELLULARE ISCRIVITI AL CANALE TELEGRAM \u201cRADIO PIU\u00a0 INFORMAZIONE&#8221;\u00a0 SUPERATI I 3000 ISCRITTI, il CANALE TELEGRAM&#8230; UNISCITI A: RADIO PIU INFORMAZIONE &nbsp; &nbsp; &nbsp; ATTENZIONE: LA NUOVA APP PER IOS-IPHONE di Nicola Vettorello https:\/\/apps.apple.com\/it\/app\/radio-pi%C3%B9-emittente-agordina\/id1515939845 ATTENZIONE: LA NUOVA APP RADIO\u00a0 PER ANDROID di Nicola Vettorello https:\/\/play.google.com\/store\/apps\/details?id=net.radiopiu.iniko &nbsp; &nbsp; GRAZIE ALLEGHE\u00a0&hellip;<\/p>\n","protected":false},"author":4,"featured_media":198283,"comment_status":"closed","ping_status":"closed","sticky":false,"template":"","format":"standard","meta":{"_monsterinsights_skip_tracking":false,"_monsterinsights_sitenote_active":false,"_monsterinsights_sitenote_note":"","_monsterinsights_sitenote_category":0,"footnotes":""},"categories":[1,86,49],"tags":[],"class_list":["post-198121","post","type-post","status-publish","format-standard","has-post-thumbnail","hentry","category-senza-categoria","category-gr","category-news-18","category-1","category-86","category-49","description-off"],"img_url":"https:\/\/www.radiopiu.net\/wordpress\/wp-content\/uploads\/2021\/03\/safe_image-1.jpg","_links":{"self":[{"href":"https:\/\/www.radiopiu.net\/wordpress\/wp-json\/wp\/v2\/posts\/198121","targetHints":{"allow":["GET"]}}],"collection":[{"href":"https:\/\/www.radiopiu.net\/wordpress\/wp-json\/wp\/v2\/posts"}],"about":[{"href":"https:\/\/www.radiopiu.net\/wordpress\/wp-json\/wp\/v2\/types\/post"}],"author":[{"embeddable":true,"href":"https:\/\/www.radiopiu.net\/wordpress\/wp-json\/wp\/v2\/users\/4"}],"replies":[{"embeddable":true,"href":"https:\/\/www.radiopiu.net\/wordpress\/wp-json\/wp\/v2\/comments?post=198121"}],"version-history":[{"count":0,"href":"https:\/\/www.radiopiu.net\/wordpress\/wp-json\/wp\/v2\/posts\/198121\/revisions"}],"wp:featuredmedia":[{"embeddable":true,"href":"https:\/\/www.radiopiu.net\/wordpress\/wp-json\/wp\/v2\/media\/198283"}],"wp:attachment":[{"href":"https:\/\/www.radiopiu.net\/wordpress\/wp-json\/wp\/v2\/media?parent=198121"}],"wp:term":[{"taxonomy":"category","embeddable":true,"href":"https:\/\/www.radiopiu.net\/wordpress\/wp-json\/wp\/v2\/categories?post=198121"},{"taxonomy":"post_tag","embeddable":true,"href":"https:\/\/www.radiopiu.net\/wordpress\/wp-json\/wp\/v2\/tags?post=198121"}],"curies":[{"name":"wp","href":"https:\/\/api.w.org\/{rel}","templated":true}]}}