{"id":198123,"date":"2021-03-20T05:18:10","date_gmt":"2021-03-20T04:18:10","guid":{"rendered":"https:\/\/www.radiopiu.net\/wordpress\/?p=198123"},"modified":"2021-03-20T06:05:42","modified_gmt":"2021-03-20T05:05:42","slug":"al-sindaco-per-lallarmane-situazione-in-territorio-fodom","status":"publish","type":"post","link":"https:\/\/www.radiopiu.net\/wordpress\/al-sindaco-per-lallarmane-situazione-in-territorio-fodom\/","title":{"rendered":"COVID 19, INTERPELLANZA AL SINDACO PER L&#8217;ALLARMANTE SITUAZIONE IN TERRITORIO FODOM"},"content":{"rendered":"<p>&nbsp;<\/p>\n<blockquote><p><em>I consiglieri d&#8217;opposizione denunciano alcuni episodi e minacciano: &#8220;nel caso si continui a perseverare sulla stessa linea, saremo costretti a segnalare gli specifici casi nelle sedi opportune, e ciascuno sar\u00e0 chiamato a rispondere delle proprie responsabilit\u00e0&#8221;.\u00a0<\/em><\/p><\/blockquote>\n<p><strong><img loading=\"lazy\" decoding=\"async\" class=\"alignleft\" src=\"https:\/\/www.radiopiu.net\/wordpress\/wp-content\/uploads\/2021\/03\/arabba-con-in-fondo-il.jpg\" width=\"248\" height=\"186\" \/>LIVINALLONGO<\/strong> I consiglieri di minoranza Daniela Templari, Silvia De Dorigo Del Monego e Claudio Sorarui hanno scritto al sindaco e all&#8217;amministrazione comunale tutta, preoccupati per la situazione pandemica allarmante anche in territorio di Livinallongo dove insiste anche l&#8217;importante casa di riposo Villa San Giuseppe<em> &#8220;dove si \u00e8 l&#8217;assoluta necessit\u00e0 di tutelare le categorie pi\u00f9 a rischio&#8221;<\/em>, dice la minoranza. Nell&#8217;interpellanza, prima di arrivare al nocciolo della questione viene sottolineata\u00a0 la vocazione economica della valle e la necessit\u00e0 di mantenere integra l&#8217;immagine turistica. Quindi la denuncia:<em> &#8220;Alla minoranza sono stati segnalati comportamenti non rispettosi delle disposizioni nazionali vigenti quali quarantena, utilizzo della mascherina e distanziamento interpersonale tenuti da persone residenti. Inoltre: la cattiva condotta di alcuni membri della maggioranza, pi\u00f9 volte avvistati senza mascherina nel territorio comunale. A febbraio inoltre si \u00e8 tenuta una festa con dj\u00a0 in un pubblico esercizio, notizia ormai di pubblico dominio, per cui vi \u00e8 la testimonianza della presenza di persone provenienti da regione e\/o province di colore arancione o rosso. Ci sono poi le ripetute feste avvenute in case private nel mese di febbraio 2021. Infine notata \u00a0la presenza di un consigliere di maggioranza sprovvisto di mascherina per l\u2019intera durata della riunione della Commissione Elettorale del 28 agosto scorso&#8221;,. <\/em>I consiglieri di minoranza chiedono: <em>&#8220;Di giustificare e\u00a0 rimediare alla cattiva condotta, <\/em><em>\u00a0se siano stati presi provvedimenti disciplinari nei confronti di chi ha trasgredito le regole,\u00a0 e che vengano assolutamente aumentati i controlli sul territorio da parte delle autorit\u00e0 competenti&#8221;<\/em><\/p>\n","protected":false},"excerpt":{"rendered":"<p>&nbsp; I consiglieri d&#8217;opposizione denunciano alcuni episodi e minacciano: &#8220;nel caso si continui a perseverare sulla stessa linea, saremo costretti a segnalare gli specifici casi nelle sedi opportune, e ciascuno sar\u00e0 chiamato a rispondere delle proprie responsabilit\u00e0&#8221;.\u00a0 LIVINALLONGO I consiglieri di minoranza Daniela Templari, Silvia De Dorigo Del Monego e Claudio Sorarui hanno scritto al&hellip;<\/p>\n","protected":false},"author":4,"featured_media":198124,"comment_status":"closed","ping_status":"closed","sticky":false,"template":"","format":"standard","meta":{"_monsterinsights_skip_tracking":false,"_monsterinsights_sitenote_active":false,"_monsterinsights_sitenote_note":"","_monsterinsights_sitenote_category":0,"footnotes":""},"categories":[51,49],"tags":[],"class_list":["post-198123","post","type-post","status-publish","format-standard","has-post-thumbnail","hentry","category-evidenza-top","category-news-18","category-51","category-49","description-off"],"img_url":"https:\/\/www.radiopiu.net\/wordpress\/wp-content\/uploads\/2021\/03\/arabba-con-in-fondo-il.jpg","_links":{"self":[{"href":"https:\/\/www.radiopiu.net\/wordpress\/wp-json\/wp\/v2\/posts\/198123","targetHints":{"allow":["GET"]}}],"collection":[{"href":"https:\/\/www.radiopiu.net\/wordpress\/wp-json\/wp\/v2\/posts"}],"about":[{"href":"https:\/\/www.radiopiu.net\/wordpress\/wp-json\/wp\/v2\/types\/post"}],"author":[{"embeddable":true,"href":"https:\/\/www.radiopiu.net\/wordpress\/wp-json\/wp\/v2\/users\/4"}],"replies":[{"embeddable":true,"href":"https:\/\/www.radiopiu.net\/wordpress\/wp-json\/wp\/v2\/comments?post=198123"}],"version-history":[{"count":0,"href":"https:\/\/www.radiopiu.net\/wordpress\/wp-json\/wp\/v2\/posts\/198123\/revisions"}],"wp:featuredmedia":[{"embeddable":true,"href":"https:\/\/www.radiopiu.net\/wordpress\/wp-json\/wp\/v2\/media\/198124"}],"wp:attachment":[{"href":"https:\/\/www.radiopiu.net\/wordpress\/wp-json\/wp\/v2\/media?parent=198123"}],"wp:term":[{"taxonomy":"category","embeddable":true,"href":"https:\/\/www.radiopiu.net\/wordpress\/wp-json\/wp\/v2\/categories?post=198123"},{"taxonomy":"post_tag","embeddable":true,"href":"https:\/\/www.radiopiu.net\/wordpress\/wp-json\/wp\/v2\/tags?post=198123"}],"curies":[{"name":"wp","href":"https:\/\/api.w.org\/{rel}","templated":true}]}}