{"id":198266,"date":"2021-03-22T05:36:10","date_gmt":"2021-03-22T04:36:10","guid":{"rendered":"https:\/\/www.radiopiu.net\/wordpress\/?p=198266"},"modified":"2021-03-22T09:51:57","modified_gmt":"2021-03-22T08:51:57","slug":"giornale-radiopiu-22-marzo-2021-direttore-mirko-mezzacasa","status":"publish","type":"post","link":"https:\/\/www.radiopiu.net\/wordpress\/giornale-radiopiu-22-marzo-2021-direttore-mirko-mezzacasa\/","title":{"rendered":"GIORNALE RADIOPIU 22 MARZO 2021 DIRETTORE MIRKO MEZZACASA"},"content":{"rendered":"<h3><a href=\"https:\/\/www.radiopiu.net\/wordpress\/giornale-radiopiu-24-gennaio-2021-direttore-mirko-mezzacasa\/141433770_171616291414874_2957460898102012198_n\/\" rel=\"attachment wp-att-186566\"><img loading=\"lazy\" decoding=\"async\" class=\"wp-image-186566 alignleft\" src=\"https:\/\/www.radiopiu.net\/wordpress\/wp-content\/uploads\/2021\/01\/141433770_171616291414874_2957460898102012198_n-300x300.jpg\" alt=\"\" width=\"144\" height=\"144\" srcset=\"https:\/\/www.radiopiu.net\/wordpress\/wp-content\/uploads\/2021\/01\/141433770_171616291414874_2957460898102012198_n-300x300.jpg 300w, https:\/\/www.radiopiu.net\/wordpress\/wp-content\/uploads\/2021\/01\/141433770_171616291414874_2957460898102012198_n-150x150.jpg 150w, https:\/\/www.radiopiu.net\/wordpress\/wp-content\/uploads\/2021\/01\/141433770_171616291414874_2957460898102012198_n-768x768.jpg 768w, https:\/\/www.radiopiu.net\/wordpress\/wp-content\/uploads\/2021\/01\/141433770_171616291414874_2957460898102012198_n.jpg 800w\" sizes=\"auto, (max-width: 144px) 100vw, 144px\" \/><\/a><\/h3>\n<h3>PER<strong> RICEVERE QUESTO NOTIZIARIO DIRETTAMENTE SUL TUO CELLULARE ISCRIVITI AL CANALE TELEGRAM <\/strong><strong>\u201cRADIO PIU\u00a0 INFORMAZIONE&#8221;\u00a0<\/strong><\/h3>\n<h3>SUPERATI I 3000 ISCRITTI, il CANALE TELEGRAM&#8230; UNISCITI A: RADIO PIU INFORMAZIONE<\/h3>\n<p>&nbsp;<\/p>\n<p>&nbsp;<\/p>\n<p>&nbsp;<\/p>\n<p><em><a href=\"https:\/\/www.radiopiu.net\/wordpress\/giornale-radiopiu-24-gennaio-2021-direttore-mirko-mezzacasa\/79216601_126817312416448_708980208774483089_n\/\" rel=\"attachment wp-att-186567\"><img loading=\"lazy\" decoding=\"async\" class=\"size-medium wp-image-186567 alignright\" src=\"https:\/\/www.radiopiu.net\/wordpress\/wp-content\/uploads\/2021\/01\/79216601_126817312416448_708980208774483089_n-300x114.jpg\" alt=\"\" width=\"300\" height=\"114\" srcset=\"https:\/\/www.radiopiu.net\/wordpress\/wp-content\/uploads\/2021\/01\/79216601_126817312416448_708980208774483089_n-300x114.jpg 300w, https:\/\/www.radiopiu.net\/wordpress\/wp-content\/uploads\/2021\/01\/79216601_126817312416448_708980208774483089_n-768x292.jpg 768w, https:\/\/www.radiopiu.net\/wordpress\/wp-content\/uploads\/2021\/01\/79216601_126817312416448_708980208774483089_n.jpg 820w\" sizes=\"auto, (max-width: 300px) 100vw, 300px\" \/><\/a><span style=\"color: #ff0000;\">ATTENZIONE: LA NUOVA APP PER IOS-IPHONE di Nicola Vettorello <\/span><\/em><a href=\"https:\/\/apps.apple.com\/it\/app\/radio-pi%C3%B9-emittente-agordina\/id1515939845\">https:\/\/apps.apple.com\/it\/app\/radio-pi%C3%B9-emittente-agordina\/id1515939845<\/a><\/p>\n<p><em style=\"color: #ff0000;\">ATTENZIONE: LA NUOVA APP RADIO\u00a0 PER ANDROID di Nicola Vettorello<\/em><\/p>\n<p><a href=\"https:\/\/play.google.com\/store\/apps\/details?id=net.radiopiu.iniko\" target=\"_blank\" rel=\"noopener noreferrer\">https:\/\/play.google.com\/store\/apps\/details?id=net.radiopiu.iniko<\/a><\/p>\n<p>&nbsp;<\/p>\n<hr \/>\n<p>&nbsp;<\/p>\n<p><strong>NOVITA&#8217; ALLA RADIO<\/strong><\/p>\n<p><a href=\"https:\/\/www.radiopiu.net\/wordpress\/giornale-radiopiu-22-marzo-2021-direttore-mirko-mezzacasa\/969ce1dd-d928-4c65-a6cd-f25f4b49c95a\/\" rel=\"attachment wp-att-198457\"><img loading=\"lazy\" decoding=\"async\" class=\"size-medium wp-image-198457 alignleft\" src=\"https:\/\/www.radiopiu.net\/wordpress\/wp-content\/uploads\/2021\/03\/969ce1dd-d928-4c65-a6cd-f25f4b49c95a-300x200.jpg\" alt=\"\" width=\"300\" height=\"200\" srcset=\"https:\/\/www.radiopiu.net\/wordpress\/wp-content\/uploads\/2021\/03\/969ce1dd-d928-4c65-a6cd-f25f4b49c95a-300x200.jpg 300w, https:\/\/www.radiopiu.net\/wordpress\/wp-content\/uploads\/2021\/03\/969ce1dd-d928-4c65-a6cd-f25f4b49c95a-1024x682.jpg 1024w, https:\/\/www.radiopiu.net\/wordpress\/wp-content\/uploads\/2021\/03\/969ce1dd-d928-4c65-a6cd-f25f4b49c95a-768x511.jpg 768w, https:\/\/www.radiopiu.net\/wordpress\/wp-content\/uploads\/2021\/03\/969ce1dd-d928-4c65-a6cd-f25f4b49c95a-1536x1022.jpg 1536w, https:\/\/www.radiopiu.net\/wordpress\/wp-content\/uploads\/2021\/03\/969ce1dd-d928-4c65-a6cd-f25f4b49c95a.jpg 1600w\" sizes=\"auto, (max-width: 300px) 100vw, 300px\" \/><\/a><\/p>\n<p>&nbsp;<\/p>\n<p>&nbsp;<\/p>\n<h3>IO NE HO VISTE COSE CHE VOI NON POTRESTE IMMAGINARVI un programma di Claudio Pra prima puntata: La chiave di volta Oggi alle 8.45 ed in replica alle 19.45 su Radio Pi\u00f9<\/h3>\n<blockquote>\n<h2>DA OGGI IL NUOVO PROGRAMMA DI CLAUDIO PRA<\/h2>\n<h2><strong>AUDIO<\/strong><\/h2>\n<\/blockquote>\n<audio class=\"wp-audio-shortcode\" id=\"audio-198266-1\" preload=\"none\" style=\"width: 100%;\" controls=\"controls\"><source type=\"audio\/mpeg\" src=\"https:\/\/www.radiopiu.net\/wordpress\/wp-content\/uploads\/2021\/03\/0-presentazione-trasmissione.mp3?_=1\" \/><a href=\"https:\/\/www.radiopiu.net\/wordpress\/wp-content\/uploads\/2021\/03\/0-presentazione-trasmissione.mp3\">https:\/\/www.radiopiu.net\/wordpress\/wp-content\/uploads\/2021\/03\/0-presentazione-trasmissione.mp3<\/a><\/audio>\n<p>&nbsp;<\/p>\n<p>&nbsp;<\/p>\n<p>&nbsp;<\/p>\n<hr \/>\n<p>&nbsp;<\/p>\n<blockquote>\n<h1 style=\"text-align: center;\">VENETO IN ROSSO<\/h1>\n<h3>Il Veneto si colora di rosso, scuole chiuse. Stop agli spostamenti se non per inderogabili motivi.<\/h3>\n<\/blockquote>\n<p><a href=\"https:\/\/www.radiopiu.net\/wordpress\/veneto-in-rosso-il-bianco-sardegna-lontano-lo-dice-lincide-rt\/schermata-2021-03-12-alle-17-08-55\/\" rel=\"attachment wp-att-196720\"><img loading=\"lazy\" decoding=\"async\" class=\"alignnone wp-image-196720 size-full\" src=\"https:\/\/www.radiopiu.net\/wordpress\/wp-content\/uploads\/2021\/03\/Schermata-2021-03-12-alle-17.08.55.png\" alt=\"\" width=\"1934\" height=\"340\" srcset=\"https:\/\/www.radiopiu.net\/wordpress\/wp-content\/uploads\/2021\/03\/Schermata-2021-03-12-alle-17.08.55.png 1934w, https:\/\/www.radiopiu.net\/wordpress\/wp-content\/uploads\/2021\/03\/Schermata-2021-03-12-alle-17.08.55-300x53.png 300w, https:\/\/www.radiopiu.net\/wordpress\/wp-content\/uploads\/2021\/03\/Schermata-2021-03-12-alle-17.08.55-1024x180.png 1024w, https:\/\/www.radiopiu.net\/wordpress\/wp-content\/uploads\/2021\/03\/Schermata-2021-03-12-alle-17.08.55-768x135.png 768w, https:\/\/www.radiopiu.net\/wordpress\/wp-content\/uploads\/2021\/03\/Schermata-2021-03-12-alle-17.08.55-1536x270.png 1536w\" sizes=\"auto, (max-width: 1934px) 100vw, 1934px\" \/><\/a><\/p>\n<p><strong>PER GLI SPOSTAMENTI OBBLIGO DI AUTOCERTIFICAZIONE CHE PUOI <a href=\"https:\/\/www.radiopiu.net\/wordpress\/veneto-in-rosso-il-bianco-sardegna-lontano-lo-dice-lincide-rt\/dpcm-autocertificazione-gennaio-2021\/\">SCARICARE QUI<\/a><\/strong><\/p>\n<p>&nbsp;<\/p>\n<p>&nbsp;<\/p>\n<hr \/>\n<p>&nbsp;<\/p>\n<p><strong>SP 3 VAL IMPERINA\u00a0<\/strong>Dal 20 al 31 marzo, esclusi sabato e domenica, interdizione totale al traffico a fasce orarie tra Forcella Franche e Vallasin per lavori di messa in sicurezza della strada. Le chiusure dalle 8 alle 12:45, dalle 13:45 alle 15:50 e dalle 16:10 alle 17:45<\/p>\n<p><strong>SP 26 DIGOMAN\u00a0<\/strong>dal 22 marzo al 3 aprile interdizione totale al traffico in comune di Rivamonte dalle 8 alle 17, domeniche escluse, per lavori di esbosco schianti Vaia. Negli altri orari senso unico alternato regolato da impianto semaforico.<\/p>\n<p>&nbsp;<\/p>\n<p>&nbsp;<\/p>\n<hr \/>\n<p>&nbsp;<\/p>\n<p><strong><a href=\"https:\/\/www.radiopiu.net\/wordpress\/acqua-di-nuovo-potabile-a-gosaldo\/bicchiere-acqua\/\" rel=\"attachment wp-att-197762\"><img loading=\"lazy\" decoding=\"async\" class=\"size-medium wp-image-197762 alignleft\" src=\"https:\/\/www.radiopiu.net\/wordpress\/wp-content\/uploads\/2021\/03\/BICCHIERE-ACQUA-300x200.jpg\" alt=\"\" width=\"300\" height=\"200\" srcset=\"https:\/\/www.radiopiu.net\/wordpress\/wp-content\/uploads\/2021\/03\/BICCHIERE-ACQUA-300x200.jpg 300w, https:\/\/www.radiopiu.net\/wordpress\/wp-content\/uploads\/2021\/03\/BICCHIERE-ACQUA-1024x683.jpg 1024w, https:\/\/www.radiopiu.net\/wordpress\/wp-content\/uploads\/2021\/03\/BICCHIERE-ACQUA-768x512.jpg 768w, https:\/\/www.radiopiu.net\/wordpress\/wp-content\/uploads\/2021\/03\/BICCHIERE-ACQUA-1536x1024.jpg 1536w, https:\/\/www.radiopiu.net\/wordpress\/wp-content\/uploads\/2021\/03\/BICCHIERE-ACQUA.jpg 1920w\" sizes=\"auto, (max-width: 300px) 100vw, 300px\" \/><\/a> <\/strong><\/p>\n<p><strong>\u00a0<\/strong><\/p>\n<p><strong>\u00a0<\/strong><\/p>\n<p><strong>Gestione Servizi Pubblici informa che a GOSALDO nelle localit\u00e0 RENON, LAGON, DELUBI e SABE, l&#8217;acqua erogata dall&#8217;acquedotto \u00e8 di nuovo potabile e pu\u00f2 essere usata, quindi, per scopi alimentari. \u00a0<\/strong><\/p>\n<p>&nbsp;<\/p>\n<p>&nbsp;<\/p>\n<p>&nbsp;<\/p>\n<p>&nbsp;<\/p>\n<hr \/>\n<p>&nbsp;<\/p>\n<blockquote class=\"wp-embedded-content\" data-secret=\"7PRZHKIeQj\"><p><a href=\"https:\/\/www.radiopiu.net\/wordpress\/prima-notte-di-primavera-con-temperature-invernali-i-dati-raccolti-da-arpav-di-arabba\/\">PRIMA NOTTE DI PRIMAVERA CON TEMPERATURE INVERNALI. I DATI RACCOLTI DA ARPAV DI ARABBA<\/a><\/p><\/blockquote>\n<p><iframe loading=\"lazy\" class=\"wp-embedded-content\" sandbox=\"allow-scripts\" security=\"restricted\" style=\"position: absolute; clip: rect(1px, 1px, 1px, 1px);\" title=\"&#8220;PRIMA NOTTE DI PRIMAVERA CON TEMPERATURE INVERNALI. I DATI RACCOLTI DA ARPAV DI ARABBA&#8221; &#8212; Radio Pi\u00f9\" src=\"https:\/\/www.radiopiu.net\/wordpress\/prima-notte-di-primavera-con-temperature-invernali-i-dati-raccolti-da-arpav-di-arabba\/embed\/#?secret=7PRZHKIeQj\" data-secret=\"7PRZHKIeQj\" width=\"600\" height=\"338\" frameborder=\"0\" marginwidth=\"0\" marginheight=\"0\" scrolling=\"no\"><\/iframe><\/p>\n<p>&nbsp;<\/p>\n<hr \/>\n<p>&nbsp;<\/p>\n<blockquote>\n<h3>DUE DECESSI PER COVID A BELLUNO, +47 POSITIVI, 1362 POSITIVI ATTUALI<\/h3>\n<\/blockquote>\n<p><strong>BELLUNO <\/strong><span style=\"color: #000000;\"><span style=\"font-size: medium;\"><span lang=\"it-IT\">Nelle ultime 24 ore sono stati registrati due decessi covid: un uomo di 90 anni ricoverato in Pneumologia Covid a Belluno e un uomo di 86 anni ricoverato in Geriatria a Belluno.<\/span><\/span><\/span><\/p>\n<p align=\"JUSTIFY\"><span style=\"font-size: medium;\"><b>Ricoveri <\/b><\/span><\/p>\n<p align=\"JUSTIFY\"><span style=\"font-size: medium;\"><i>(dato alle ore 17.00 fonte: Azienda Zero)<\/i><\/span><\/p>\n<p align=\"JUSTIFY\"><span style=\"font-size: medium;\">Le persone attualmente POSITIVE ricoverate negli ospedali dell\u2019Ulss Dolomiti sono<\/span>:<\/p>\n<table border=\"1\" width=\"652\" frame=\"HSIDES\" rules=\"GROUPS\" cellspacing=\"0\" cellpadding=\"7\">\n<tbody>\n<tr valign=\"TOP\">\n<td width=\"203\"><\/td>\n<td width=\"203\">\n<p align=\"JUSTIFY\"><span style=\"color: #365f91;\"><span style=\"font-size: medium;\"><b>Area NON CRITICA<\/b><\/span><\/span><\/p>\n<\/td>\n<td width=\"203\">\n<p align=\"JUSTIFY\"><span style=\"color: #365f91;\"><span style=\"font-size: medium;\"><b>Terapia Intensiva<\/b><\/span><\/span><\/p>\n<\/td>\n<\/tr>\n<\/tbody>\n<tbody>\n<tr valign=\"TOP\">\n<td bgcolor=\"#d3dfee\" width=\"203\">\n<p align=\"JUSTIFY\"><span style=\"color: #365f91;\"><span style=\"font-size: medium;\"><b>Ospedale di Belluno <\/b><\/span><\/span><\/p>\n<\/td>\n<td bgcolor=\"#d3dfee\" width=\"203\">\n<p align=\"CENTER\"><span style=\"color: #365f91;\"><span style=\"font-size: medium;\"><span lang=\"it-IT\">40<\/span><\/span><\/span><\/p>\n<\/td>\n<td bgcolor=\"#d3dfee\" width=\"203\">\n<p lang=\"it-IT\" align=\"CENTER\"><span style=\"color: #365f91;\"><span style=\"font-size: medium;\">4<\/span><\/span><\/p>\n<\/td>\n<\/tr>\n<tr valign=\"TOP\">\n<td bgcolor=\"#d3dfee\" width=\"203\">\n<p align=\"JUSTIFY\"><span style=\"color: #365f91;\"><span style=\"font-size: medium;\"><b>Ospedale di Feltre<\/b><\/span><\/span><\/p>\n<\/td>\n<td bgcolor=\"#d3dfee\" width=\"203\">\n<p lang=\"it-IT\" align=\"CENTER\"><span style=\"color: #365f91;\"><span style=\"font-size: medium;\">23 +4<\/span><\/span><\/p>\n<\/td>\n<td bgcolor=\"#d3dfee\" width=\"203\">\n<p lang=\"it-IT\" align=\"CENTER\"><span style=\"color: #365f91;\"><span style=\"font-size: medium;\">3 +1<\/span><\/span><\/p>\n<\/td>\n<\/tr>\n<\/tbody>\n<\/table>\n<p align=\"JUSTIFY\"><span style=\"font-size: medium;\">Le persone attualmente POSITIVE <\/span>ricoverate in Ospedale di Comunit\u00e0 sono:<\/p>\n<table border=\"1\" width=\"652\" frame=\"HSIDES\" rules=\"ROWS\" cellspacing=\"0\" cellpadding=\"7\">\n<tbody>\n<tr valign=\"TOP\">\n<td width=\"312\"><\/td>\n<td width=\"312\">\n<p align=\"JUSTIFY\"><span style=\"color: #76923c;\"><span style=\"font-size: medium;\"><b>pazienti attualmente positivi<\/b><\/span><\/span><\/p>\n<\/td>\n<\/tr>\n<tr valign=\"TOP\">\n<td bgcolor=\"#e6eed5\" width=\"312\">\n<p align=\"JUSTIFY\"><span style=\"color: #76923c;\"><span style=\"font-size: medium;\"><b>Ospedale di Comunit\u00e0 di BELLUNO<\/b><\/span><\/span><\/p>\n<\/td>\n<td bgcolor=\"#e6eed5\" width=\"312\">\n<p align=\"CENTER\"><span style=\"color: #76923c;\"><span style=\"font-size: medium;\"><span lang=\"it-IT\">13 -1<\/span><\/span><\/span><\/p>\n<\/td>\n<\/tr>\n<tr valign=\"TOP\">\n<td bgcolor=\"#e6eed5\" width=\"312\">\n<p align=\"JUSTIFY\"><span style=\"color: #76923c;\"><span style=\"font-size: medium;\"><b>Ospedale di Comunit\u00e0 di FELTRE<\/b><\/span><\/span><\/p>\n<\/td>\n<td bgcolor=\"#e6eed5\" width=\"312\">\n<p lang=\"it-IT\" align=\"CENTER\"><span style=\"color: #76923c;\"><span style=\"font-size: medium;\">1<\/span><\/span><\/p>\n<\/td>\n<\/tr>\n<\/tbody>\n<\/table>\n<p>&nbsp;<\/p>\n<p lang=\"it-IT\"><span style=\"color: #800080;\"><span style=\"font-size: medium;\"><b>CAMPAGNA VACCINALE <\/b><\/span><\/span><span style=\"font-family: Calibri, sans-serif;\"><span style=\"font-size: large;\">Programma per oggi 22 marzo 2021 <\/span><\/span><b style=\"font-size: large; font-family: Calibri, sans-serif;\">Drive in BELLUNO <\/b><span style=\"font-size: large; font-family: Calibri, sans-serif;\">over 8: 20 prime dosi <\/span><b style=\"font-size: large; font-family: Calibri, sans-serif;\">Ospedale Belluno <\/b><span style=\"font-size: large; font-family: Calibri, sans-serif;\">estremamente vulnerabili: 130 prime dosi <\/span><b style=\"font-size: large; font-family: Calibri, sans-serif;\">COMELICO <\/b><span style=\"font-size: large; font-family: Calibri, sans-serif;\">75-79enni: prime dosi con Medici di famiglia<\/span><\/p>\n<p>&nbsp;<\/p>\n<hr \/>\n<p>&nbsp;<\/p>\n<blockquote>\n<h3>IERI LE VACCINAZIONI ASTRAZENECA AD AGORDO DAI 75 AI 79 ANNI<\/h3>\n<\/blockquote>\n<p>DAVIDE<\/p>\n<audio class=\"wp-audio-shortcode\" id=\"audio-198266-2\" preload=\"none\" style=\"width: 100%;\" controls=\"controls\"><source type=\"audio\/mpeg\" src=\"https:\/\/www.radiopiu.net\/wordpress\/wp-content\/uploads\/2021\/03\/davide.mp3?_=2\" \/><a href=\"https:\/\/www.radiopiu.net\/wordpress\/wp-content\/uploads\/2021\/03\/davide.mp3\">https:\/\/www.radiopiu.net\/wordpress\/wp-content\/uploads\/2021\/03\/davide.mp3<\/a><\/audio>\n<p>&nbsp;<\/p>\n<p>&nbsp;<\/p>\n<p><strong>AGORDO<\/strong><\/p>\n<p>di Gianni Santomaso<\/p>\n<audio class=\"wp-audio-shortcode\" id=\"audio-198266-3\" preload=\"none\" style=\"width: 100%;\" controls=\"controls\"><source type=\"audio\/mpeg\" src=\"https:\/\/www.radiopiu.net\/wordpress\/wp-content\/uploads\/2021\/03\/GIANNI-VACCINI-TAMONICH.mp3?_=3\" \/><a href=\"https:\/\/www.radiopiu.net\/wordpress\/wp-content\/uploads\/2021\/03\/GIANNI-VACCINI-TAMONICH.mp3\">https:\/\/www.radiopiu.net\/wordpress\/wp-content\/uploads\/2021\/03\/GIANNI-VACCINI-TAMONICH.mp3<\/a><\/audio>\n<p>&nbsp;<\/p>\n<p><strong>DILLO A RADIO PIU&#8230;<\/strong><\/p>\n<blockquote>\n<h3 style=\"text-align: left;\"><em>Ieri mattina ho accompagnato i miei genitori, entrambi ultraottantenni, a Tamonich di Agordo per la vaccinazione anti-Covid. Un sentito grazie a tutti i volontari della Protezione civile per l&#8217;eccellente organizzazione, ai medici, infermieri e personale della Ulss 1 Dolomiti che con dedizione e premura hanno saputo accogliere i nostri nonni, non dimenticando, malgrado la mascherina, un sorriso con gli occhi per tutti. Grazie per il vostro lavoro!<\/em><\/h3>\n<h3 style=\"text-align: left;\">Lettera Firmata<\/h3>\n<\/blockquote>\n<p>&nbsp;<\/p>\n<p>&nbsp;<\/p>\n<p><strong>LE FOTO DELLA MATTINATA A TAMONICH<\/strong><\/p>\n\n\t\t\t<style type='text\/css'>\n\t\t\t\t#gallery-1 {\n\t\t\t\t\tmargin: auto;\n\t\t\t\t}\n\t\t\t\t#gallery-1 .gallery-item {\n\t\t\t\t\tfloat: left;\n\t\t\t\t\tmargin-top: 10px;\n\t\t\t\t\ttext-align: center;\n\t\t\t\t\twidth: 16%;\n\t\t\t\t}\n\t\t\t\t#gallery-1 img {\n\t\t\t\t\tborder: 2px solid #cfcfcf;\n\t\t\t\t}\n\t\t\t\t#gallery-1 .gallery-caption {\n\t\t\t\t\tmargin-left: 0;\n\t\t\t\t}\n\t\t\t\t\/* see gallery_shortcode() in wp-includes\/media.php *\/\n\t\t\t<\/style>\n\t\t<div id='gallery-1' class='dt-gallery-container gallery galleryid-198266 gallery-columns-6 gallery-size-thumbnail'><dl class='gallery-item'>\n\t\t\t\t<dt class='gallery-icon landscape'>\n\t\t\t\t\t<a class=\"rollover rollover-zoom dt-pswp-item\" title=\"Angelina Vallata\" data-dt-img-description=\"\" data-large_image_width=\"1280\" data-large_image_height=\"720\"href='https:\/\/www.radiopiu.net\/wordpress\/wp-content\/uploads\/2021\/03\/Angelina-Vallata.jpg'><img loading=\"lazy\" decoding=\"async\" width=\"150\" height=\"150\" src=\"https:\/\/www.radiopiu.net\/wordpress\/wp-content\/uploads\/2021\/03\/Angelina-Vallata-150x150.jpg\" class=\"attachment-thumbnail size-thumbnail\" alt=\"\" \/><\/a>\n\t\t\t\t<\/dt><\/dl><dl class='gallery-item'>\n\t\t\t\t<dt class='gallery-icon landscape'>\n\t\t\t\t\t<a class=\"rollover rollover-zoom dt-pswp-item\" title=\"Cesare Marzoli\" data-dt-img-description=\"\" data-large_image_width=\"1280\" data-large_image_height=\"720\"href='https:\/\/www.radiopiu.net\/wordpress\/wp-content\/uploads\/2021\/03\/Cesare-Marzoli.jpg'><img loading=\"lazy\" decoding=\"async\" width=\"150\" height=\"150\" src=\"https:\/\/www.radiopiu.net\/wordpress\/wp-content\/uploads\/2021\/03\/Cesare-Marzoli-150x150.jpg\" class=\"attachment-thumbnail size-thumbnail\" alt=\"\" \/><\/a>\n\t\t\t\t<\/dt><\/dl><dl class='gallery-item'>\n\t\t\t\t<dt class='gallery-icon landscape'>\n\t\t\t\t\t<a class=\"rollover rollover-zoom dt-pswp-item\" title=\"Corrado Chierzi\" data-dt-img-description=\"\" data-large_image_width=\"1280\" data-large_image_height=\"720\"href='https:\/\/www.radiopiu.net\/wordpress\/wp-content\/uploads\/2021\/03\/Corrado-Chierzi.jpg'><img loading=\"lazy\" decoding=\"async\" width=\"150\" height=\"150\" src=\"https:\/\/www.radiopiu.net\/wordpress\/wp-content\/uploads\/2021\/03\/Corrado-Chierzi-150x150.jpg\" class=\"attachment-thumbnail size-thumbnail\" alt=\"\" \/><\/a>\n\t\t\t\t<\/dt><\/dl><dl class='gallery-item'>\n\t\t\t\t<dt class='gallery-icon landscape'>\n\t\t\t\t\t<a class=\"rollover rollover-zoom dt-pswp-item\" title=\"Dante Fiocco\" data-dt-img-description=\"\" data-large_image_width=\"1280\" data-large_image_height=\"720\"href='https:\/\/www.radiopiu.net\/wordpress\/wp-content\/uploads\/2021\/03\/Dante-Fiocco.jpg'><img loading=\"lazy\" decoding=\"async\" width=\"150\" height=\"150\" src=\"https:\/\/www.radiopiu.net\/wordpress\/wp-content\/uploads\/2021\/03\/Dante-Fiocco-150x150.jpg\" class=\"attachment-thumbnail size-thumbnail\" alt=\"\" \/><\/a>\n\t\t\t\t<\/dt><\/dl><dl class='gallery-item'>\n\t\t\t\t<dt class='gallery-icon landscape'>\n\t\t\t\t\t<a class=\"rollover rollover-zoom dt-pswp-item\" title=\"Drive-in\" data-dt-img-description=\"\" data-large_image_width=\"1280\" data-large_image_height=\"720\"href='https:\/\/www.radiopiu.net\/wordpress\/wp-content\/uploads\/2021\/03\/Drive-in.jpg'><img loading=\"lazy\" decoding=\"async\" width=\"150\" height=\"150\" src=\"https:\/\/www.radiopiu.net\/wordpress\/wp-content\/uploads\/2021\/03\/Drive-in-150x150.jpg\" class=\"attachment-thumbnail size-thumbnail\" alt=\"\" \/><\/a>\n\t\t\t\t<\/dt><\/dl><dl class='gallery-item'>\n\t\t\t\t<dt class='gallery-icon landscape'>\n\t\t\t\t\t<a class=\"rollover rollover-zoom dt-pswp-item\" title=\"Fila 1\" data-dt-img-description=\"\" data-large_image_width=\"1280\" data-large_image_height=\"720\"href='https:\/\/www.radiopiu.net\/wordpress\/wp-content\/uploads\/2021\/03\/Fila-1.jpg'><img loading=\"lazy\" decoding=\"async\" width=\"150\" height=\"150\" src=\"https:\/\/www.radiopiu.net\/wordpress\/wp-content\/uploads\/2021\/03\/Fila-1-150x150.jpg\" class=\"attachment-thumbnail size-thumbnail\" alt=\"\" \/><\/a>\n\t\t\t\t<\/dt><\/dl><br style=\"clear: both\" \/><dl class='gallery-item'>\n\t\t\t\t<dt class='gallery-icon landscape'>\n\t\t\t\t\t<a class=\"rollover rollover-zoom dt-pswp-item\" title=\"Fila 2\" data-dt-img-description=\"\" data-large_image_width=\"1280\" data-large_image_height=\"720\"href='https:\/\/www.radiopiu.net\/wordpress\/wp-content\/uploads\/2021\/03\/Fila-2.jpg'><img loading=\"lazy\" decoding=\"async\" width=\"150\" height=\"150\" src=\"https:\/\/www.radiopiu.net\/wordpress\/wp-content\/uploads\/2021\/03\/Fila-2-150x150.jpg\" class=\"attachment-thumbnail size-thumbnail\" alt=\"\" \/><\/a>\n\t\t\t\t<\/dt><\/dl><dl class='gallery-item'>\n\t\t\t\t<dt class='gallery-icon landscape'>\n\t\t\t\t\t<a class=\"rollover rollover-zoom dt-pswp-item\" title=\"Fila 3\" data-dt-img-description=\"\" data-large_image_width=\"1280\" data-large_image_height=\"720\"href='https:\/\/www.radiopiu.net\/wordpress\/wp-content\/uploads\/2021\/03\/Fila-3.jpg'><img loading=\"lazy\" decoding=\"async\" width=\"150\" height=\"150\" src=\"https:\/\/www.radiopiu.net\/wordpress\/wp-content\/uploads\/2021\/03\/Fila-3-150x150.jpg\" class=\"attachment-thumbnail size-thumbnail\" alt=\"\" \/><\/a>\n\t\t\t\t<\/dt><\/dl><dl class='gallery-item'>\n\t\t\t\t<dt class='gallery-icon landscape'>\n\t\t\t\t\t<a class=\"rollover rollover-zoom dt-pswp-item\" title=\"Florindo Cassol e Norina Valcozzena\" data-dt-img-description=\"\" data-large_image_width=\"1280\" data-large_image_height=\"720\"href='https:\/\/www.radiopiu.net\/wordpress\/wp-content\/uploads\/2021\/03\/Florindo-Cassol-e-Norina-Valcozzena.jpg'><img loading=\"lazy\" decoding=\"async\" width=\"150\" height=\"150\" src=\"https:\/\/www.radiopiu.net\/wordpress\/wp-content\/uploads\/2021\/03\/Florindo-Cassol-e-Norina-Valcozzena-150x150.jpg\" class=\"attachment-thumbnail size-thumbnail\" alt=\"\" \/><\/a>\n\t\t\t\t<\/dt><\/dl><dl class='gallery-item'>\n\t\t\t\t<dt class='gallery-icon landscape'>\n\t\t\t\t\t<a class=\"rollover rollover-zoom dt-pswp-item\" title=\"Francesco Lopez\" data-dt-img-description=\"\" data-large_image_width=\"1280\" data-large_image_height=\"720\"href='https:\/\/www.radiopiu.net\/wordpress\/wp-content\/uploads\/2021\/03\/Francesco-Lopez.jpg'><img loading=\"lazy\" decoding=\"async\" width=\"150\" height=\"150\" src=\"https:\/\/www.radiopiu.net\/wordpress\/wp-content\/uploads\/2021\/03\/Francesco-Lopez-150x150.jpg\" class=\"attachment-thumbnail size-thumbnail\" alt=\"\" \/><\/a>\n\t\t\t\t<\/dt><\/dl><dl class='gallery-item'>\n\t\t\t\t<dt class='gallery-icon landscape'>\n\t\t\t\t\t<a class=\"rollover rollover-zoom dt-pswp-item\" title=\"Gabriella Geremetta\" data-dt-img-description=\"\" data-large_image_width=\"1280\" data-large_image_height=\"720\"href='https:\/\/www.radiopiu.net\/wordpress\/wp-content\/uploads\/2021\/03\/Gabriella-Geremetta.jpg'><img loading=\"lazy\" decoding=\"async\" width=\"150\" height=\"150\" src=\"https:\/\/www.radiopiu.net\/wordpress\/wp-content\/uploads\/2021\/03\/Gabriella-Geremetta-150x150.jpg\" class=\"attachment-thumbnail size-thumbnail\" alt=\"\" \/><\/a>\n\t\t\t\t<\/dt><\/dl><dl class='gallery-item'>\n\t\t\t\t<dt class='gallery-icon landscape'>\n\t\t\t\t\t<a class=\"rollover rollover-zoom dt-pswp-item\" title=\"Gabriella Plaisant e Gianni Schena\" data-dt-img-description=\"\" data-large_image_width=\"1280\" data-large_image_height=\"720\"href='https:\/\/www.radiopiu.net\/wordpress\/wp-content\/uploads\/2021\/03\/Gabriella-Plaisant-e-Gianni-Schena.jpg'><img loading=\"lazy\" decoding=\"async\" width=\"150\" height=\"150\" src=\"https:\/\/www.radiopiu.net\/wordpress\/wp-content\/uploads\/2021\/03\/Gabriella-Plaisant-e-Gianni-Schena-150x150.jpg\" class=\"attachment-thumbnail size-thumbnail\" alt=\"\" \/><\/a>\n\t\t\t\t<\/dt><\/dl><br style=\"clear: both\" \/><dl class='gallery-item'>\n\t\t\t\t<dt class='gallery-icon landscape'>\n\t\t\t\t\t<a class=\"rollover rollover-zoom dt-pswp-item\" title=\"Germano Fontanive\" data-dt-img-description=\"\" data-large_image_width=\"1280\" data-large_image_height=\"720\"href='https:\/\/www.radiopiu.net\/wordpress\/wp-content\/uploads\/2021\/03\/Germano-Fontanive.jpg'><img loading=\"lazy\" decoding=\"async\" width=\"150\" height=\"150\" src=\"https:\/\/www.radiopiu.net\/wordpress\/wp-content\/uploads\/2021\/03\/Germano-Fontanive-150x150.jpg\" class=\"attachment-thumbnail size-thumbnail\" alt=\"\" \/><\/a>\n\t\t\t\t<\/dt><\/dl><dl class='gallery-item'>\n\t\t\t\t<dt class='gallery-icon landscape'>\n\t\t\t\t\t<a class=\"rollover rollover-zoom dt-pswp-item\" title=\"Giorgio Dalcolmo\" data-dt-img-description=\"\" data-large_image_width=\"1280\" data-large_image_height=\"720\"href='https:\/\/www.radiopiu.net\/wordpress\/wp-content\/uploads\/2021\/03\/Giorgio-Dalcolmo.jpg'><img loading=\"lazy\" decoding=\"async\" width=\"150\" height=\"150\" src=\"https:\/\/www.radiopiu.net\/wordpress\/wp-content\/uploads\/2021\/03\/Giorgio-Dalcolmo-150x150.jpg\" class=\"attachment-thumbnail size-thumbnail\" alt=\"\" \/><\/a>\n\t\t\t\t<\/dt><\/dl><dl class='gallery-item'>\n\t\t\t\t<dt class='gallery-icon landscape'>\n\t\t\t\t\t<a class=\"rollover rollover-zoom dt-pswp-item\" title=\"Giovanni Fossa\u0300\" data-dt-img-description=\"\" data-large_image_width=\"1280\" data-large_image_height=\"720\"href='https:\/\/www.radiopiu.net\/wordpress\/wp-content\/uploads\/2021\/03\/Giovanni-Fossa\u0300.jpg'><img loading=\"lazy\" decoding=\"async\" width=\"150\" height=\"150\" src=\"https:\/\/www.radiopiu.net\/wordpress\/wp-content\/uploads\/2021\/03\/Giovanni-Fossa\u0300-150x150.jpg\" class=\"attachment-thumbnail size-thumbnail\" alt=\"\" \/><\/a>\n\t\t\t\t<\/dt><\/dl><dl class='gallery-item'>\n\t\t\t\t<dt class='gallery-icon landscape'>\n\t\t\t\t\t<a class=\"rollover rollover-zoom dt-pswp-item\" title=\"Giovanni Magra e Manlio Sito_medici di base agordini\" data-dt-img-description=\"\" data-large_image_width=\"1280\" data-large_image_height=\"720\"href='https:\/\/www.radiopiu.net\/wordpress\/wp-content\/uploads\/2021\/03\/Giovanni-Magra-e-Manlio-Sito_medici-di-base-agordini.jpg'><img loading=\"lazy\" decoding=\"async\" width=\"150\" height=\"150\" src=\"https:\/\/www.radiopiu.net\/wordpress\/wp-content\/uploads\/2021\/03\/Giovanni-Magra-e-Manlio-Sito_medici-di-base-agordini-150x150.jpg\" class=\"attachment-thumbnail size-thumbnail\" alt=\"\" \/><\/a>\n\t\t\t\t<\/dt><\/dl><dl class='gallery-item'>\n\t\t\t\t<dt class='gallery-icon landscape'>\n\t\t\t\t\t<a class=\"rollover rollover-zoom dt-pswp-item\" title=\"Giovanni Mecca\" data-dt-img-description=\"\" data-large_image_width=\"1280\" data-large_image_height=\"720\"href='https:\/\/www.radiopiu.net\/wordpress\/wp-content\/uploads\/2021\/03\/Giovanni-Mecca.jpg'><img loading=\"lazy\" decoding=\"async\" width=\"150\" height=\"150\" src=\"https:\/\/www.radiopiu.net\/wordpress\/wp-content\/uploads\/2021\/03\/Giovanni-Mecca-150x150.jpg\" class=\"attachment-thumbnail size-thumbnail\" alt=\"\" \/><\/a>\n\t\t\t\t<\/dt><\/dl><dl class='gallery-item'>\n\t\t\t\t<dt class='gallery-icon landscape'>\n\t\t\t\t\t<a class=\"rollover rollover-zoom dt-pswp-item\" title=\"Luciana Canzan\" data-dt-img-description=\"\" data-large_image_width=\"1280\" data-large_image_height=\"720\"href='https:\/\/www.radiopiu.net\/wordpress\/wp-content\/uploads\/2021\/03\/Luciana-Canzan.jpg'><img loading=\"lazy\" decoding=\"async\" width=\"150\" height=\"150\" src=\"https:\/\/www.radiopiu.net\/wordpress\/wp-content\/uploads\/2021\/03\/Luciana-Canzan-150x150.jpg\" class=\"attachment-thumbnail size-thumbnail\" alt=\"\" \/><\/a>\n\t\t\t\t<\/dt><\/dl><br style=\"clear: both\" \/><dl class='gallery-item'>\n\t\t\t\t<dt class='gallery-icon landscape'>\n\t\t\t\t\t<a class=\"rollover rollover-zoom dt-pswp-item\" title=\"Marisa Nicora\" data-dt-img-description=\"\" data-large_image_width=\"1280\" data-large_image_height=\"720\"href='https:\/\/www.radiopiu.net\/wordpress\/wp-content\/uploads\/2021\/03\/Marisa-Nicora.jpg'><img loading=\"lazy\" decoding=\"async\" width=\"150\" height=\"150\" src=\"https:\/\/www.radiopiu.net\/wordpress\/wp-content\/uploads\/2021\/03\/Marisa-Nicora-150x150.jpg\" class=\"attachment-thumbnail size-thumbnail\" alt=\"\" \/><\/a>\n\t\t\t\t<\/dt><\/dl><dl class='gallery-item'>\n\t\t\t\t<dt class='gallery-icon landscape'>\n\t\t\t\t\t<a class=\"rollover rollover-zoom dt-pswp-item\" title=\"Niva Paganin\" data-dt-img-description=\"\" data-large_image_width=\"1280\" data-large_image_height=\"720\"href='https:\/\/www.radiopiu.net\/wordpress\/wp-content\/uploads\/2021\/03\/Niva-Paganin.jpg'><img loading=\"lazy\" decoding=\"async\" width=\"150\" height=\"150\" src=\"https:\/\/www.radiopiu.net\/wordpress\/wp-content\/uploads\/2021\/03\/Niva-Paganin-150x150.jpg\" class=\"attachment-thumbnail size-thumbnail\" alt=\"\" \/><\/a>\n\t\t\t\t<\/dt><\/dl><dl class='gallery-item'>\n\t\t\t\t<dt class='gallery-icon landscape'>\n\t\t\t\t\t<a class=\"rollover rollover-zoom dt-pswp-item\" title=\"Vaccinazione 2\" data-dt-img-description=\"\" data-large_image_width=\"1280\" data-large_image_height=\"720\"href='https:\/\/www.radiopiu.net\/wordpress\/wp-content\/uploads\/2021\/03\/Vaccinazione-2.jpg'><img loading=\"lazy\" decoding=\"async\" width=\"150\" height=\"150\" src=\"https:\/\/www.radiopiu.net\/wordpress\/wp-content\/uploads\/2021\/03\/Vaccinazione-2-150x150.jpg\" class=\"attachment-thumbnail size-thumbnail\" alt=\"\" \/><\/a>\n\t\t\t\t<\/dt><\/dl><dl class='gallery-item'>\n\t\t\t\t<dt class='gallery-icon landscape'>\n\t\t\t\t\t<a class=\"rollover rollover-zoom dt-pswp-item\" title=\"Vaccinazione 3\" data-dt-img-description=\"\" data-large_image_width=\"1280\" data-large_image_height=\"720\"href='https:\/\/www.radiopiu.net\/wordpress\/wp-content\/uploads\/2021\/03\/Vaccinazione-3.jpg'><img loading=\"lazy\" decoding=\"async\" width=\"150\" height=\"150\" src=\"https:\/\/www.radiopiu.net\/wordpress\/wp-content\/uploads\/2021\/03\/Vaccinazione-3-150x150.jpg\" class=\"attachment-thumbnail size-thumbnail\" alt=\"\" \/><\/a>\n\t\t\t\t<\/dt><\/dl><dl class='gallery-item'>\n\t\t\t\t<dt class='gallery-icon landscape'>\n\t\t\t\t\t<a class=\"rollover rollover-zoom dt-pswp-item\" title=\"Vaccinazione\" data-dt-img-description=\"\" data-large_image_width=\"1280\" data-large_image_height=\"720\"href='https:\/\/www.radiopiu.net\/wordpress\/wp-content\/uploads\/2021\/03\/Vaccinazione.jpg'><img loading=\"lazy\" decoding=\"async\" width=\"150\" height=\"150\" src=\"https:\/\/www.radiopiu.net\/wordpress\/wp-content\/uploads\/2021\/03\/Vaccinazione-150x150.jpg\" class=\"attachment-thumbnail size-thumbnail\" alt=\"\" \/><\/a>\n\t\t\t\t<\/dt><\/dl><dl class='gallery-item'>\n\t\t\t\t<dt class='gallery-icon landscape'>\n\t\t\t\t\t<a class=\"rollover rollover-zoom dt-pswp-item\" title=\"Consegna anamnesi\" data-dt-img-description=\"\" data-large_image_width=\"1280\" data-large_image_height=\"720\"href='https:\/\/www.radiopiu.net\/wordpress\/wp-content\/uploads\/2021\/03\/Consegna-anamnesi.jpg'><img loading=\"lazy\" decoding=\"async\" width=\"150\" height=\"150\" src=\"https:\/\/www.radiopiu.net\/wordpress\/wp-content\/uploads\/2021\/03\/Consegna-anamnesi-150x150.jpg\" class=\"attachment-thumbnail size-thumbnail\" alt=\"\" \/><\/a>\n\t\t\t\t<\/dt><\/dl><br style=\"clear: both\" \/>\n\t\t\t<\/div>\n\n<p>&nbsp;<\/p>\n<hr \/>\n<p>&nbsp;<\/p>\n<blockquote>\n<h3>VANDALI AL CAMPO DI CALCIO, INGENTI I DANNI<\/h3>\n<\/blockquote>\n<p><strong><a href=\"https:\/\/www.radiopiu.net\/wordpress\/vandali-al-campo-di-calcio-ingenti-i-danni\/attachment\/1408701\/\" rel=\"attachment wp-att-198381\"><img loading=\"lazy\" decoding=\"async\" class=\"size-medium wp-image-198381 alignleft\" src=\"https:\/\/www.radiopiu.net\/wordpress\/wp-content\/uploads\/2021\/03\/1408701-300x169.png\" alt=\"\" width=\"300\" height=\"169\" srcset=\"https:\/\/www.radiopiu.net\/wordpress\/wp-content\/uploads\/2021\/03\/1408701-300x169.png 300w, https:\/\/www.radiopiu.net\/wordpress\/wp-content\/uploads\/2021\/03\/1408701-1024x576.png 1024w, https:\/\/www.radiopiu.net\/wordpress\/wp-content\/uploads\/2021\/03\/1408701-768x432.png 768w, https:\/\/www.radiopiu.net\/wordpress\/wp-content\/uploads\/2021\/03\/1408701.png 1200w\" sizes=\"auto, (max-width: 300px) 100vw, 300px\" \/><\/a>BELLUNO<\/strong> Sono tornati, sempre loro con la stessa passione: arrecare danno, colpire la comunit\u00e0, sfogare i propri istinti contro il bene pubblico, tanto \u00e8 pubblico. A Caleipo hanno danneggiato la struttura della societ\u00e0 Castion. Hanno spaccato tutto quello che era a portato di mani e calci. I danni sono tanti, sempre tanti per associazioni che vivono di volontariato: panchine bruciate, scivolo\u00a0 divelto, vetri rotti e vernice spray ovunque anche sulla casetta.bar in legno. Il consigliere comunale Fabio Rufus Bristot: <em>&#8220;Proprio la scorsa settimana parlavo di video sorveglianza nella zona del Castionese posto che manca ovunque&#8230;&#8221;.\u00a0<\/em>Ieri mattina si \u00e8 accorto dell&#8217;atto di vandalismo Edi Rossa, presidente del Gs Caleipo oltre che del Castion calcio <em>&#8220;I danni sono importanti: hanno spaccato tutto quello che hanno trovato all&#8217;esterno della casetta e hanno anche provato ad entrare forzando la porta e facendo dei buchi nel muro. Poi, non paghi, hanno acceso un fal\u00f2 sotto la tettoia bruciando tavoli e sedie, oltre a spaccare vetri, fare scritte con lo spray, danneggiare lo scivolo per i bambini e il forno esterno. Andr\u00f2 a sporgere denuncia<\/em><\/p>\n<p>FOTO tuttocampo.it<\/p>\n<p>&nbsp;<\/p>\n<hr \/>\n<p>&nbsp;<\/p>\n<blockquote>\n<h3>DALL&#8217;ALPAGO A PADOVA PER METTERSI NEI GUAI<\/h3>\n<\/blockquote>\n<p><strong>ALPAGO<\/strong> Un 38enne dell&#8217;Alpago con diversi precedenti penali anche per droga e Con un foglio di via da Padova firmato dal Questore ieri in piazza dei Frutti nel primo pomeriggio voleva picchiare un fioraio ed ha estratto dalla tasca un coltello. La polizia \u00e8 arrivata in un attimo, hanno fermato l&#8217;uomo. Il trentottenne \u00e8 stato denunciato per porto abusivo d&#8217;armi, minaccia aggravata e anche per non aver rispettato il foglio di via.\u00a0 Prima di andarsene a bordo della volante l&#8217;alpagoto ha minacciato il fioraio promettendo di ritornare a trovarlo una volta libero.<\/p>\n<p>&nbsp;<\/p>\n<hr \/>\n<p>&nbsp;<\/p>\n<blockquote>\n<h3>FELTRE E PEZ IMPROVVISATE FESTE, I CARABINIERI CONTESTANO L&#8217;ASSEMBRAMENTO<\/h3>\n<\/blockquote>\n<p><strong>FELTRE<\/strong> Bevevano birra all&#8217;interno del locale nonostante le restrizioni anti Covid. Multe per sei persone e cinque giorni di chiusura dell&#8217;attivit\u00e0 economica, non un bar ma un autolavaggio. Il provvedimento al &#8220;Beauty car wash&#8221; di via Folli. Un analogo controllo seguito da sanzioni \u00e8 stato effettuato dai carabinieri a Pez di Cesio, dove un gruppo di ragazzi si era ritrovato all&#8217;aperto nei pressi dei magazzini comunali. Gli otto giovani sono stati multati di 280 euro a testa.<\/p>\n<p>&nbsp;<\/p>\n<hr \/>\n<p>&nbsp;<\/p>\n<blockquote>\n<h3>ANDREA DE BERNARDIN &#8220;SECONDE CASE, IO LA PENSO COSI'&#8221;<\/h3>\n<\/blockquote>\n<div style=\"width: 640px;\" class=\"wp-video\"><video class=\"wp-video-shortcode\" id=\"video-198266-1\" width=\"640\" height=\"352\" preload=\"metadata\" controls=\"controls\"><source type=\"video\/mp4\" src=\"https:\/\/www.radiopiu.net\/wordpress\/wp-content\/uploads\/2021\/03\/WhatsApp-Video-2021-03-21-at-19.45.44.mp4?_=1\" \/><a href=\"https:\/\/www.radiopiu.net\/wordpress\/wp-content\/uploads\/2021\/03\/WhatsApp-Video-2021-03-21-at-19.45.44.mp4\">https:\/\/www.radiopiu.net\/wordpress\/wp-content\/uploads\/2021\/03\/WhatsApp-Video-2021-03-21-at-19.45.44.mp4<\/a><\/video><\/div>\n<p>&nbsp;<\/p>\n<p>&nbsp;<\/p>\n<hr \/>\n<p>&nbsp;<\/p>\n<blockquote>\n<h3>LA STAGIONE PARTICOLARE DELLO SCI CLUB VAL BIOIS<\/h3>\n<\/blockquote>\n<h2><img loading=\"lazy\" decoding=\"async\" class=\"alignleft\" src=\"https:\/\/www.radiopiu.net\/wordpress\/wp-content\/uploads\/2020\/02\/download-4.jpg\" width=\"124\" height=\"120\" \/><\/h2>\n<h2>\u00a0ALLA RADIO<\/h2>\n<p><strong>Ospite il Presidente dello Sci Club Val Biois, Matteo Cagnati<\/strong><\/p>\n<audio class=\"wp-audio-shortcode\" id=\"audio-198266-4\" preload=\"none\" style=\"width: 100%;\" controls=\"controls\"><source type=\"audio\/mpeg\" src=\"https:\/\/www.radiopiu.net\/wordpress\/wp-content\/uploads\/2021\/03\/matteo-cagnati.mp3?_=4\" \/><a href=\"https:\/\/www.radiopiu.net\/wordpress\/wp-content\/uploads\/2021\/03\/matteo-cagnati.mp3\">https:\/\/www.radiopiu.net\/wordpress\/wp-content\/uploads\/2021\/03\/matteo-cagnati.mp3<\/a><\/audio>\n<p>&nbsp;<\/p>\n<p>&nbsp;<\/p>\n<p>&nbsp;<\/p>\n<hr \/>\n<p>&nbsp;<\/p>\n<blockquote class=\"wp-embedded-content\" data-secret=\"ibhRkWbUsd\"><p><a href=\"https:\/\/www.radiopiu.net\/wordpress\/aggmar21\/\">CORONAVIRUS: AGGIORNAMENTO NAZIONALE 21 MARZO 2021<\/a><\/p><\/blockquote>\n<p><iframe loading=\"lazy\" class=\"wp-embedded-content\" sandbox=\"allow-scripts\" security=\"restricted\" style=\"position: absolute; clip: rect(1px, 1px, 1px, 1px);\" title=\"&#8220;CORONAVIRUS: AGGIORNAMENTO NAZIONALE 21 MARZO 2021&#8221; &#8212; Radio Pi\u00f9\" src=\"https:\/\/www.radiopiu.net\/wordpress\/aggmar21\/embed\/#?secret=ibhRkWbUsd\" data-secret=\"ibhRkWbUsd\" width=\"600\" height=\"338\" frameborder=\"0\" marginwidth=\"0\" marginheight=\"0\" scrolling=\"no\"><\/iframe><\/p>\n<p>&nbsp;<\/p>\n<hr \/>\n<p>&nbsp;<\/p>\n<blockquote class=\"wp-embedded-content\" data-secret=\"qiy3VG5rFA\"><p><a href=\"https:\/\/www.radiopiu.net\/wordpress\/in-24-ore-1251-nuove-positivita-in-veneto-ricoveri-in-netto-aumento-7-decessi-a-belluno-47-nuovi-positivi\/\">IN 24 ORE 1251 NUOVE POSITIVITA&#8217; IN VENETO.\u00a0RICOVERI IN NETTO AUMENTO, 7 DECESSI. A BELLUNO 47 NUOVI POSITIVI<\/a><\/p><\/blockquote>\n<p><iframe loading=\"lazy\" class=\"wp-embedded-content\" sandbox=\"allow-scripts\" security=\"restricted\" style=\"position: absolute; clip: rect(1px, 1px, 1px, 1px);\" title=\"&#8220;IN 24 ORE 1251 NUOVE POSITIVITA&#8217; IN VENETO.\u00a0RICOVERI IN NETTO AUMENTO, 7 DECESSI. A BELLUNO 47 NUOVI POSITIVI&#8221; &#8212; Radio Pi\u00f9\" src=\"https:\/\/www.radiopiu.net\/wordpress\/in-24-ore-1251-nuove-positivita-in-veneto-ricoveri-in-netto-aumento-7-decessi-a-belluno-47-nuovi-positivi\/embed\/#?secret=qiy3VG5rFA\" data-secret=\"qiy3VG5rFA\" width=\"600\" height=\"338\" frameborder=\"0\" marginwidth=\"0\" marginheight=\"0\" scrolling=\"no\"><\/iframe><\/p>\n<p>&nbsp;<\/p>\n<hr \/>\n<p>&nbsp;<\/p>\n<h3>I GRAFICI DI TIZIANO DE COL<\/h3>\n\n\t\t\t<style type='text\/css'>\n\t\t\t\t#gallery-2 {\n\t\t\t\t\tmargin: auto;\n\t\t\t\t}\n\t\t\t\t#gallery-2 .gallery-item {\n\t\t\t\t\tfloat: left;\n\t\t\t\t\tmargin-top: 10px;\n\t\t\t\t\ttext-align: center;\n\t\t\t\t\twidth: 25%;\n\t\t\t\t}\n\t\t\t\t#gallery-2 img {\n\t\t\t\t\tborder: 2px solid #cfcfcf;\n\t\t\t\t}\n\t\t\t\t#gallery-2 .gallery-caption {\n\t\t\t\t\tmargin-left: 0;\n\t\t\t\t}\n\t\t\t\t\/* see gallery_shortcode() in wp-includes\/media.php *\/\n\t\t\t<\/style>\n\t\t<div id='gallery-2' class='dt-gallery-container gallery galleryid-198266 gallery-columns-4 gallery-size-medium'><dl class='gallery-item'>\n\t\t\t\t<dt class='gallery-icon landscape'>\n\t\t\t\t\t<a class=\"rollover rollover-zoom dt-pswp-item\" title=\"64aa33e7-fb9a-4673-98c7-cb66b7d1184d\" data-dt-img-description=\"\" data-large_image_width=\"590\" data-large_image_height=\"349\"href='https:\/\/www.radiopiu.net\/wordpress\/wp-content\/uploads\/2021\/03\/64aa33e7-fb9a-4673-98c7-cb66b7d1184d.jpg'><img loading=\"lazy\" decoding=\"async\" width=\"300\" height=\"177\" src=\"https:\/\/www.radiopiu.net\/wordpress\/wp-content\/uploads\/2021\/03\/64aa33e7-fb9a-4673-98c7-cb66b7d1184d-300x177.jpg\" class=\"attachment-medium size-medium\" alt=\"\" srcset=\"https:\/\/www.radiopiu.net\/wordpress\/wp-content\/uploads\/2021\/03\/64aa33e7-fb9a-4673-98c7-cb66b7d1184d-300x177.jpg 300w, https:\/\/www.radiopiu.net\/wordpress\/wp-content\/uploads\/2021\/03\/64aa33e7-fb9a-4673-98c7-cb66b7d1184d.jpg 590w\" sizes=\"auto, (max-width: 300px) 100vw, 300px\" \/><\/a>\n\t\t\t\t<\/dt><\/dl><dl class='gallery-item'>\n\t\t\t\t<dt class='gallery-icon landscape'>\n\t\t\t\t\t<a class=\"rollover rollover-zoom dt-pswp-item\" title=\"dc916b81-8938-4d97-904d-acea8f3841ab\" data-dt-img-description=\"\" data-large_image_width=\"612\" data-large_image_height=\"352\"href='https:\/\/www.radiopiu.net\/wordpress\/wp-content\/uploads\/2021\/03\/dc916b81-8938-4d97-904d-acea8f3841ab.jpg'><img loading=\"lazy\" decoding=\"async\" width=\"300\" height=\"173\" src=\"https:\/\/www.radiopiu.net\/wordpress\/wp-content\/uploads\/2021\/03\/dc916b81-8938-4d97-904d-acea8f3841ab-300x173.jpg\" class=\"attachment-medium size-medium\" alt=\"\" srcset=\"https:\/\/www.radiopiu.net\/wordpress\/wp-content\/uploads\/2021\/03\/dc916b81-8938-4d97-904d-acea8f3841ab-300x173.jpg 300w, https:\/\/www.radiopiu.net\/wordpress\/wp-content\/uploads\/2021\/03\/dc916b81-8938-4d97-904d-acea8f3841ab.jpg 612w\" sizes=\"auto, (max-width: 300px) 100vw, 300px\" \/><\/a>\n\t\t\t\t<\/dt><\/dl><dl class='gallery-item'>\n\t\t\t\t<dt class='gallery-icon landscape'>\n\t\t\t\t\t<a class=\"rollover rollover-zoom dt-pswp-item\" title=\"f0647f2d-141a-488e-965a-14d5a0f83d95\" data-dt-img-description=\"\" data-large_image_width=\"596\" data-large_image_height=\"357\"href='https:\/\/www.radiopiu.net\/wordpress\/wp-content\/uploads\/2021\/03\/f0647f2d-141a-488e-965a-14d5a0f83d95.jpg'><img loading=\"lazy\" decoding=\"async\" width=\"300\" height=\"180\" src=\"https:\/\/www.radiopiu.net\/wordpress\/wp-content\/uploads\/2021\/03\/f0647f2d-141a-488e-965a-14d5a0f83d95-300x180.jpg\" class=\"attachment-medium size-medium\" alt=\"\" srcset=\"https:\/\/www.radiopiu.net\/wordpress\/wp-content\/uploads\/2021\/03\/f0647f2d-141a-488e-965a-14d5a0f83d95-300x180.jpg 300w, https:\/\/www.radiopiu.net\/wordpress\/wp-content\/uploads\/2021\/03\/f0647f2d-141a-488e-965a-14d5a0f83d95.jpg 596w\" sizes=\"auto, (max-width: 300px) 100vw, 300px\" \/><\/a>\n\t\t\t\t<\/dt><\/dl><dl class='gallery-item'>\n\t\t\t\t<dt class='gallery-icon landscape'>\n\t\t\t\t\t<a class=\"rollover rollover-zoom dt-pswp-item\" title=\"293645f0-502c-4b47-a63b-bb9e14e96c2f\" data-dt-img-description=\"\" data-large_image_width=\"602\" data-large_image_height=\"357\"href='https:\/\/www.radiopiu.net\/wordpress\/wp-content\/uploads\/2021\/03\/293645f0-502c-4b47-a63b-bb9e14e96c2f.jpg'><img loading=\"lazy\" decoding=\"async\" width=\"300\" height=\"178\" src=\"https:\/\/www.radiopiu.net\/wordpress\/wp-content\/uploads\/2021\/03\/293645f0-502c-4b47-a63b-bb9e14e96c2f-300x178.jpg\" class=\"attachment-medium size-medium\" alt=\"\" srcset=\"https:\/\/www.radiopiu.net\/wordpress\/wp-content\/uploads\/2021\/03\/293645f0-502c-4b47-a63b-bb9e14e96c2f-300x178.jpg 300w, https:\/\/www.radiopiu.net\/wordpress\/wp-content\/uploads\/2021\/03\/293645f0-502c-4b47-a63b-bb9e14e96c2f.jpg 602w\" sizes=\"auto, (max-width: 300px) 100vw, 300px\" \/><\/a>\n\t\t\t\t<\/dt><\/dl><br style=\"clear: both\" \/>\n\t\t\t<\/div>\n\n<p>&nbsp;<\/p>\n<hr \/>\n<p>&nbsp;<\/p>\n<blockquote>\n<h3>CHIES D\u2019ALPAGO PROTEGGE LE CASE DALLA FRANA CON IL COFINANZIAMENTO DELLA PROVINCIA: IN DIRITTURA D\u2019ARRIVO IL CANTIERE IN LOCALIT\u00c0 LE RIVE<\/h3>\n<\/blockquote>\n<p><strong>BELLUNO <\/strong>Quasi 400 metri di muraglione per proteggere le case dalla frana. In localit\u00e0 Le Rive, a Chies d\u2019Alpago, proseguono a ritmo serrato i lavori di sistemazione di un dissesto storico, che qualche mese fa \u00e8 tornato a muoversi in maniera pesante. Con l\u2019alluvione del 5-6 dicembre, infatti, una colata di fango e massi ha invaso la zona, bloccando via Tarcogna (a Lamosano) e lasciando isolate tutte le abitazioni limitrofe. \u00ab<em>Con la collaborazione della Provincia e grazie ai fondi commissariali per Vaia, abbiamo avviato il primo stralcio di un\u2019opera di mitigazione che servir\u00e0 a evitare grosse colate che dovessero verificarsi in futuro\u00bb spiega il sindaco di Chies d\u2019Alpago, Gianluca Dal Borgo, che nei giorni scorsi ha accompagnato il consigliere provinciale delegato alla difesa del suolo Massimo Bortoluzzi in un sopralluogo al cantiere. \u00abNel giro di poche settimane potremo concludere l\u2019operazione<\/em>\u00bb. I lavori hanno riguardato la pulizia del versante di frana, che insiste proprio su via Tarcogna, a ridosso delle abitazioni. \u00c8 in fase di costruzione un muraglione di gabbionate lungo circa 400 metri, che servir\u00e0 a contenere eventuali nuove colate. In fondo, \u00e8 stato realizzato un vascone, con viabilit\u00e0 di servizio per lo svuotamento. A completare il tutto, il drenaggio delle acque superficiali, in modo da separare la colata liquida da quella solida ed evitare l\u2019erosione del terreno. Un\u2019operazione &#8211; solo per il primo stralcio &#8211; da quasi 500mila euro, di cui 300mila da fondi Vaia e 188mila dalla Provincia. \u00ab<em>La collaborazione tra enti ha prodotto un risultato eccellente &#8211; commenta il consigliere provinciale Bortoluzzi -. L\u2019obiettivo \u00e8 quello di risolvere le criticit\u00e0. E non sono poche quelle con cui il territorio deve fare i conti, soprattutto dopo Vaia e a seguito dell\u2019ultimo episodio meteo di dicembre<\/em>\u00bb.<\/p>\n\n\t\t\t<style type='text\/css'>\n\t\t\t\t#gallery-3 {\n\t\t\t\t\tmargin: auto;\n\t\t\t\t}\n\t\t\t\t#gallery-3 .gallery-item {\n\t\t\t\t\tfloat: left;\n\t\t\t\t\tmargin-top: 10px;\n\t\t\t\t\ttext-align: center;\n\t\t\t\t\twidth: 20%;\n\t\t\t\t}\n\t\t\t\t#gallery-3 img {\n\t\t\t\t\tborder: 2px solid #cfcfcf;\n\t\t\t\t}\n\t\t\t\t#gallery-3 .gallery-caption {\n\t\t\t\t\tmargin-left: 0;\n\t\t\t\t}\n\t\t\t\t\/* see gallery_shortcode() in wp-includes\/media.php *\/\n\t\t\t<\/style>\n\t\t<div id='gallery-3' class='dt-gallery-container gallery galleryid-198266 gallery-columns-5 gallery-size-medium'><dl class='gallery-item'>\n\t\t\t\t<dt class='gallery-icon landscape'>\n\t\t\t\t\t<a class=\"rollover rollover-zoom dt-pswp-item\" title=\"IMG_9284\" data-dt-img-description=\"\" data-large_image_width=\"2016\" data-large_image_height=\"1512\"href='https:\/\/www.radiopiu.net\/wordpress\/wp-content\/uploads\/2021\/03\/IMG_9284.jpg'><img loading=\"lazy\" decoding=\"async\" width=\"300\" height=\"225\" src=\"https:\/\/www.radiopiu.net\/wordpress\/wp-content\/uploads\/2021\/03\/IMG_9284-300x225.jpg\" class=\"attachment-medium size-medium\" alt=\"\" srcset=\"https:\/\/www.radiopiu.net\/wordpress\/wp-content\/uploads\/2021\/03\/IMG_9284-300x225.jpg 300w, https:\/\/www.radiopiu.net\/wordpress\/wp-content\/uploads\/2021\/03\/IMG_9284-1024x768.jpg 1024w, https:\/\/www.radiopiu.net\/wordpress\/wp-content\/uploads\/2021\/03\/IMG_9284-768x576.jpg 768w, https:\/\/www.radiopiu.net\/wordpress\/wp-content\/uploads\/2021\/03\/IMG_9284-1536x1152.jpg 1536w, https:\/\/www.radiopiu.net\/wordpress\/wp-content\/uploads\/2021\/03\/IMG_9284.jpg 2016w\" sizes=\"auto, (max-width: 300px) 100vw, 300px\" \/><\/a>\n\t\t\t\t<\/dt><\/dl><dl class='gallery-item'>\n\t\t\t\t<dt class='gallery-icon landscape'>\n\t\t\t\t\t<a class=\"rollover rollover-zoom dt-pswp-item\" title=\"IMG_9288\" data-dt-img-description=\"\" data-large_image_width=\"2016\" data-large_image_height=\"1512\"href='https:\/\/www.radiopiu.net\/wordpress\/wp-content\/uploads\/2021\/03\/IMG_9288.jpg'><img loading=\"lazy\" decoding=\"async\" width=\"300\" height=\"225\" src=\"https:\/\/www.radiopiu.net\/wordpress\/wp-content\/uploads\/2021\/03\/IMG_9288-300x225.jpg\" class=\"attachment-medium size-medium\" alt=\"\" srcset=\"https:\/\/www.radiopiu.net\/wordpress\/wp-content\/uploads\/2021\/03\/IMG_9288-300x225.jpg 300w, https:\/\/www.radiopiu.net\/wordpress\/wp-content\/uploads\/2021\/03\/IMG_9288-1024x768.jpg 1024w, https:\/\/www.radiopiu.net\/wordpress\/wp-content\/uploads\/2021\/03\/IMG_9288-768x576.jpg 768w, https:\/\/www.radiopiu.net\/wordpress\/wp-content\/uploads\/2021\/03\/IMG_9288-1536x1152.jpg 1536w, https:\/\/www.radiopiu.net\/wordpress\/wp-content\/uploads\/2021\/03\/IMG_9288.jpg 2016w\" sizes=\"auto, (max-width: 300px) 100vw, 300px\" \/><\/a>\n\t\t\t\t<\/dt><\/dl><dl class='gallery-item'>\n\t\t\t\t<dt class='gallery-icon landscape'>\n\t\t\t\t\t<a class=\"rollover rollover-zoom dt-pswp-item\" title=\"IMG_9290\" data-dt-img-description=\"\" data-large_image_width=\"2016\" data-large_image_height=\"1512\"href='https:\/\/www.radiopiu.net\/wordpress\/wp-content\/uploads\/2021\/03\/IMG_9290.jpg'><img loading=\"lazy\" decoding=\"async\" width=\"300\" height=\"225\" src=\"https:\/\/www.radiopiu.net\/wordpress\/wp-content\/uploads\/2021\/03\/IMG_9290-300x225.jpg\" class=\"attachment-medium size-medium\" alt=\"\" srcset=\"https:\/\/www.radiopiu.net\/wordpress\/wp-content\/uploads\/2021\/03\/IMG_9290-300x225.jpg 300w, https:\/\/www.radiopiu.net\/wordpress\/wp-content\/uploads\/2021\/03\/IMG_9290-1024x768.jpg 1024w, https:\/\/www.radiopiu.net\/wordpress\/wp-content\/uploads\/2021\/03\/IMG_9290-768x576.jpg 768w, https:\/\/www.radiopiu.net\/wordpress\/wp-content\/uploads\/2021\/03\/IMG_9290-1536x1152.jpg 1536w, https:\/\/www.radiopiu.net\/wordpress\/wp-content\/uploads\/2021\/03\/IMG_9290.jpg 2016w\" sizes=\"auto, (max-width: 300px) 100vw, 300px\" \/><\/a>\n\t\t\t\t<\/dt><\/dl><dl class='gallery-item'>\n\t\t\t\t<dt class='gallery-icon landscape'>\n\t\t\t\t\t<a class=\"rollover rollover-zoom dt-pswp-item\" title=\"IMG_9296\" data-dt-img-description=\"\" data-large_image_width=\"2016\" data-large_image_height=\"1512\"href='https:\/\/www.radiopiu.net\/wordpress\/wp-content\/uploads\/2021\/03\/IMG_9296.jpg'><img loading=\"lazy\" decoding=\"async\" width=\"300\" height=\"225\" src=\"https:\/\/www.radiopiu.net\/wordpress\/wp-content\/uploads\/2021\/03\/IMG_9296-300x225.jpg\" class=\"attachment-medium size-medium\" alt=\"\" srcset=\"https:\/\/www.radiopiu.net\/wordpress\/wp-content\/uploads\/2021\/03\/IMG_9296-300x225.jpg 300w, https:\/\/www.radiopiu.net\/wordpress\/wp-content\/uploads\/2021\/03\/IMG_9296-1024x768.jpg 1024w, https:\/\/www.radiopiu.net\/wordpress\/wp-content\/uploads\/2021\/03\/IMG_9296-768x576.jpg 768w, https:\/\/www.radiopiu.net\/wordpress\/wp-content\/uploads\/2021\/03\/IMG_9296-1536x1152.jpg 1536w, https:\/\/www.radiopiu.net\/wordpress\/wp-content\/uploads\/2021\/03\/IMG_9296.jpg 2016w\" sizes=\"auto, (max-width: 300px) 100vw, 300px\" \/><\/a>\n\t\t\t\t<\/dt><\/dl><dl class='gallery-item'>\n\t\t\t\t<dt class='gallery-icon landscape'>\n\t\t\t\t\t<a class=\"rollover rollover-zoom dt-pswp-item\" title=\"IMG_9297\" data-dt-img-description=\"\" data-large_image_width=\"2016\" data-large_image_height=\"1512\"href='https:\/\/www.radiopiu.net\/wordpress\/wp-content\/uploads\/2021\/03\/IMG_9297.jpg'><img loading=\"lazy\" decoding=\"async\" width=\"300\" height=\"225\" src=\"https:\/\/www.radiopiu.net\/wordpress\/wp-content\/uploads\/2021\/03\/IMG_9297-300x225.jpg\" class=\"attachment-medium size-medium\" alt=\"\" srcset=\"https:\/\/www.radiopiu.net\/wordpress\/wp-content\/uploads\/2021\/03\/IMG_9297-300x225.jpg 300w, https:\/\/www.radiopiu.net\/wordpress\/wp-content\/uploads\/2021\/03\/IMG_9297-1024x768.jpg 1024w, https:\/\/www.radiopiu.net\/wordpress\/wp-content\/uploads\/2021\/03\/IMG_9297-768x576.jpg 768w, https:\/\/www.radiopiu.net\/wordpress\/wp-content\/uploads\/2021\/03\/IMG_9297-1536x1152.jpg 1536w, https:\/\/www.radiopiu.net\/wordpress\/wp-content\/uploads\/2021\/03\/IMG_9297.jpg 2016w\" sizes=\"auto, (max-width: 300px) 100vw, 300px\" \/><\/a>\n\t\t\t\t<\/dt><\/dl><br style=\"clear: both\" \/>\n\t\t\t<\/div>\n\n<p>&nbsp;<\/p>\n<p>&nbsp;<\/p>\n<hr \/>\n<p>&nbsp;<\/p>\n<blockquote>\n<h3>AL CAMPIONATO MONDIALE DEL PESTO AL MORTAIO SILVANO SAVIO PREMIATO PER L&#8217;ORIGINALITA&#8217;. MENZIONE ANCHE PER LIA DE BIASIO<\/h3>\n<\/blockquote>\n<p><strong>AGORDO<\/strong><\/p>\n<p>di Gianni Santomaso<\/p>\n<audio class=\"wp-audio-shortcode\" id=\"audio-198266-5\" preload=\"none\" style=\"width: 100%;\" controls=\"controls\"><source type=\"audio\/mpeg\" src=\"https:\/\/www.radiopiu.net\/wordpress\/wp-content\/uploads\/2021\/03\/GIANNI-CAMPIONATO-PESTO.mp3?_=5\" \/><a href=\"https:\/\/www.radiopiu.net\/wordpress\/wp-content\/uploads\/2021\/03\/GIANNI-CAMPIONATO-PESTO.mp3\">https:\/\/www.radiopiu.net\/wordpress\/wp-content\/uploads\/2021\/03\/GIANNI-CAMPIONATO-PESTO.mp3<\/a><\/audio>\n<p>&nbsp;<\/p>\n<p><strong>I DUE PARTECIPANTI<\/strong><\/p>\n\n\t\t\t<style type='text\/css'>\n\t\t\t\t#gallery-4 {\n\t\t\t\t\tmargin: auto;\n\t\t\t\t}\n\t\t\t\t#gallery-4 .gallery-item {\n\t\t\t\t\tfloat: left;\n\t\t\t\t\tmargin-top: 10px;\n\t\t\t\t\ttext-align: center;\n\t\t\t\t\twidth: 50%;\n\t\t\t\t}\n\t\t\t\t#gallery-4 img {\n\t\t\t\t\tborder: 2px solid #cfcfcf;\n\t\t\t\t}\n\t\t\t\t#gallery-4 .gallery-caption {\n\t\t\t\t\tmargin-left: 0;\n\t\t\t\t}\n\t\t\t\t\/* see gallery_shortcode() in wp-includes\/media.php *\/\n\t\t\t<\/style>\n\t\t<div id='gallery-4' class='dt-gallery-container gallery galleryid-198266 gallery-columns-2 gallery-size-medium'><dl class='gallery-item'>\n\t\t\t\t<dt class='gallery-icon landscape'>\n\t\t\t\t\t<a class=\"rollover rollover-zoom dt-pswp-item\" title=\"20210225_110210_005\" data-dt-img-description=\"\" data-large_image_width=\"2560\" data-large_image_height=\"1244\"href='https:\/\/www.radiopiu.net\/wordpress\/wp-content\/uploads\/2021\/03\/20210225_110210_005-scaled.jpg'><img loading=\"lazy\" decoding=\"async\" width=\"300\" height=\"146\" src=\"https:\/\/www.radiopiu.net\/wordpress\/wp-content\/uploads\/2021\/03\/20210225_110210_005-300x146.jpg\" class=\"attachment-medium size-medium\" alt=\"\" srcset=\"https:\/\/www.radiopiu.net\/wordpress\/wp-content\/uploads\/2021\/03\/20210225_110210_005-300x146.jpg 300w, https:\/\/www.radiopiu.net\/wordpress\/wp-content\/uploads\/2021\/03\/20210225_110210_005-1024x498.jpg 1024w, https:\/\/www.radiopiu.net\/wordpress\/wp-content\/uploads\/2021\/03\/20210225_110210_005-768x373.jpg 768w, https:\/\/www.radiopiu.net\/wordpress\/wp-content\/uploads\/2021\/03\/20210225_110210_005-1536x747.jpg 1536w, https:\/\/www.radiopiu.net\/wordpress\/wp-content\/uploads\/2021\/03\/20210225_110210_005-2048x996.jpg 2048w\" sizes=\"auto, (max-width: 300px) 100vw, 300px\" \/><\/a>\n\t\t\t\t<\/dt><\/dl><dl class='gallery-item'>\n\t\t\t\t<dt class='gallery-icon portrait'>\n\t\t\t\t\t<a class=\"rollover rollover-zoom dt-pswp-item\" title=\"1b1b38f7-7c26-4e56-a96b-60768c78d0f2\" data-dt-img-description=\"\" data-large_image_width=\"1200\" data-large_image_height=\"1600\"href='https:\/\/www.radiopiu.net\/wordpress\/wp-content\/uploads\/2021\/03\/1b1b38f7-7c26-4e56-a96b-60768c78d0f2.jpg'><img loading=\"lazy\" decoding=\"async\" width=\"225\" height=\"300\" src=\"https:\/\/www.radiopiu.net\/wordpress\/wp-content\/uploads\/2021\/03\/1b1b38f7-7c26-4e56-a96b-60768c78d0f2-225x300.jpg\" class=\"attachment-medium size-medium\" alt=\"\" aria-describedby=\"gallery-4-198235\" srcset=\"https:\/\/www.radiopiu.net\/wordpress\/wp-content\/uploads\/2021\/03\/1b1b38f7-7c26-4e56-a96b-60768c78d0f2-225x300.jpg 225w, https:\/\/www.radiopiu.net\/wordpress\/wp-content\/uploads\/2021\/03\/1b1b38f7-7c26-4e56-a96b-60768c78d0f2-768x1024.jpg 768w, https:\/\/www.radiopiu.net\/wordpress\/wp-content\/uploads\/2021\/03\/1b1b38f7-7c26-4e56-a96b-60768c78d0f2-1152x1536.jpg 1152w, https:\/\/www.radiopiu.net\/wordpress\/wp-content\/uploads\/2021\/03\/1b1b38f7-7c26-4e56-a96b-60768c78d0f2.jpg 1200w\" sizes=\"auto, (max-width: 225px) 100vw, 225px\" \/><\/a>\n\t\t\t\t<\/dt>\n\t\t\t\t\t<dd class='wp-caption-text gallery-caption' id='gallery-4-198235'>\n\t\t\t\t\tLIA DE BIASIO\n\t\t\t\t\t<\/dd><\/dl><br style=\"clear: both\" \/>\n\t\t\t<\/div>\n\n<p>&nbsp;<\/p>\n<p>&nbsp;<\/p>\n<p><strong>IL VIDEO DI SILVANO SAVIO<\/strong><\/p>\n<div style=\"width: 800px;\" class=\"wp-video\"><video class=\"wp-video-shortcode\" id=\"video-198266-2\" width=\"800\" height=\"480\" preload=\"metadata\" controls=\"controls\"><source type=\"video\/mp4\" src=\"https:\/\/www.radiopiu.net\/wordpress\/wp-content\/uploads\/2021\/03\/SILVANO-SAVIO-PESTO.mp4?_=2\" \/><a href=\"https:\/\/www.radiopiu.net\/wordpress\/wp-content\/uploads\/2021\/03\/SILVANO-SAVIO-PESTO.mp4\">https:\/\/www.radiopiu.net\/wordpress\/wp-content\/uploads\/2021\/03\/SILVANO-SAVIO-PESTO.mp4<\/a><\/video><\/div>\n<p>&nbsp;<\/p>\n<p><strong>IL VIDEO DI LIA DE BIASIO<\/strong><\/p>\n<div style=\"width: 1200px;\" class=\"wp-video\"><video class=\"wp-video-shortcode\" id=\"video-198266-3\" width=\"1200\" height=\"675\" preload=\"metadata\" controls=\"controls\"><source type=\"video\/mp4\" src=\"https:\/\/www.radiopiu.net\/wordpress\/wp-content\/uploads\/2021\/03\/LIA-DE-BIASIO-PESTO.mp4?_=3\" \/><a href=\"https:\/\/www.radiopiu.net\/wordpress\/wp-content\/uploads\/2021\/03\/LIA-DE-BIASIO-PESTO.mp4\">https:\/\/www.radiopiu.net\/wordpress\/wp-content\/uploads\/2021\/03\/LIA-DE-BIASIO-PESTO.mp4<\/a><\/video><\/div>\n<p>&nbsp;<\/p>\n<p><strong>IL MOMENTO DELLA PREMIAZIONE IN CUI VENGONO MENZIONATI I DUE AGORDINI<\/strong><\/p>\n<div style=\"width: 1200px;\" class=\"wp-video\"><video class=\"wp-video-shortcode\" id=\"video-198266-4\" width=\"1200\" height=\"673\" preload=\"metadata\" controls=\"controls\"><source type=\"video\/mp4\" src=\"https:\/\/www.radiopiu.net\/wordpress\/wp-content\/uploads\/2021\/03\/Mondiali-Pesto-Riconoscimento-a-Silvano-Savio-OK.mp4?_=4\" \/><a href=\"https:\/\/www.radiopiu.net\/wordpress\/wp-content\/uploads\/2021\/03\/Mondiali-Pesto-Riconoscimento-a-Silvano-Savio-OK.mp4\">https:\/\/www.radiopiu.net\/wordpress\/wp-content\/uploads\/2021\/03\/Mondiali-Pesto-Riconoscimento-a-Silvano-Savio-OK.mp4<\/a><\/video><\/div>\n<p>&nbsp;<\/p>\n<hr \/>\n<p>&nbsp;<\/p>\n<blockquote>\n<h3>IL SINDACO DI AGORDO ROBERTO CHISSALE&#8217; SI COMPLIMENTA CON SILVANO SAVIO PER IL RICONOSCIMENTO RICEVUTO AL CAMPIONATO MONDIALE DI PESTO<\/h3>\n<\/blockquote>\n<p><strong><a href=\"https:\/\/www.radiopiu.net\/wordpress\/al-campionato-mondiale-del-pesto-al-mortaio-silvano-savio-premiato-per-loriginalita-menzione-anche-per-lia-de-biasio\/20210225_110210_005\/\" rel=\"attachment wp-att-198234\"><img loading=\"lazy\" decoding=\"async\" class=\"size-medium wp-image-198234 alignleft\" src=\"https:\/\/www.radiopiu.net\/wordpress\/wp-content\/uploads\/2021\/03\/20210225_110210_005-300x146.jpg\" alt=\"\" width=\"300\" height=\"146\" srcset=\"https:\/\/www.radiopiu.net\/wordpress\/wp-content\/uploads\/2021\/03\/20210225_110210_005-300x146.jpg 300w, https:\/\/www.radiopiu.net\/wordpress\/wp-content\/uploads\/2021\/03\/20210225_110210_005-1024x498.jpg 1024w, https:\/\/www.radiopiu.net\/wordpress\/wp-content\/uploads\/2021\/03\/20210225_110210_005-768x373.jpg 768w, https:\/\/www.radiopiu.net\/wordpress\/wp-content\/uploads\/2021\/03\/20210225_110210_005-1536x747.jpg 1536w, https:\/\/www.radiopiu.net\/wordpress\/wp-content\/uploads\/2021\/03\/20210225_110210_005-2048x996.jpg 2048w\" sizes=\"auto, (max-width: 300px) 100vw, 300px\" \/><\/a>AGORDO <\/strong>Il Sindaco Roberto Chissal\u00e9 a nome di tutta l&#8217;Amministrazione Comunale di Agordo si complimenta con il Consigliere Comunale Silvano Savio per il brillante riconoscimento ottenuto in occasione dei campionati mondiali di \u201cpesto alla genovese realizzato a mortaio\u201d recentemente disputatosi a Genova. L&#8217;originale presentazione ha indotto la giuria a conferire per la prima volta un premio speciale pensato e assegnato in virt\u00f9 della particolarit\u00e0 e originalit\u00e0 della realizzazione effettuata a 2500 metri di quota. La citazione per la presentazione di Savio ha portato il nome di Agordo e dell&#8217;agordino alla ribalta di una importante manifestazione culinaria internazionale. Va sicuramente riconosciuto al Consigliere Comunale Silvano Savio aver dato visibilit\u00e0 e pubblicit\u00e0 ad Agordo e all&#8217;agordino, in maniera semplice, fantasiosa e irrituale ricordando che la promozione del nostro meraviglioso territorio passa anche attraverso questo tipo di manifestazioni.<\/p>\n<p>&nbsp;<\/p>\n<p>&nbsp;<\/p>\n<hr \/>\n<p>&nbsp;<\/p>\n<div class=\"page\" title=\"Page 1\">\n<div class=\"layoutArea\">\n<div class=\"column\">\n<blockquote>\n<h3>LE SCUOLE E GLI ALPINI DEL FELTRINO CHIEDONO L\u2019AVVIO DEI LAVORI PER IL PARCO DELLA RIMEMBRANZA<\/h3>\n<\/blockquote>\n<p><strong><a href=\"https:\/\/www.radiopiu.net\/wordpress\/giornale-radiopiu-02-ottobre-2018-direttore-mirko-mezzacasa\/ana-alpini\/\" rel=\"attachment wp-att-62421\"><img loading=\"lazy\" decoding=\"async\" class=\"size-full wp-image-62421 alignleft\" src=\"https:\/\/www.radiopiu.net\/wordpress\/wp-content\/uploads\/2018\/10\/ana-alpini.png\" alt=\"\" width=\"225\" height=\"225\" srcset=\"https:\/\/www.radiopiu.net\/wordpress\/wp-content\/uploads\/2018\/10\/ana-alpini.png 225w, https:\/\/www.radiopiu.net\/wordpress\/wp-content\/uploads\/2018\/10\/ana-alpini-150x150.png 150w\" sizes=\"auto, (max-width: 225px) 100vw, 225px\" \/><\/a>FELTRE<\/strong> All\u2019indomani dell\u2019azione devastante di Vaia sulla citta\u0300 di Feltre, la locale sezione dell\u2019ANA si assunse l\u2019impegno di dedicarsi alla riqualificazione del Parco della Rimembranza, luogo storicamente caro agli alpini. Fu da subito attivata una raccolta di fondi attraverso l\u2019apertura di un conto corrente, dedicato a questo progetto, e la vendita di pandori e panettoni nelle festivita\u0300 natalizie del 2018. I volontari di Protezione civile dell\u2019ANA operarono da subito la messa in sicurezza dell\u2019area e si prodigarono a liberarla da tronchi e ramaglie, mentre il Comune provvide alla sistemazione di alcuni giochi del parco. Da allora nulla e\u0300 cambiato. In questi giorni i genitori e insegnanti di alcune scuole primarie del Comune di Feltre, hanno fatto pervenire alla locale sezione ANA, un consistente contributo in denaro per la riqualificazione del Parco della Rimembranza. A questa operazione hanno partecipato le scuole primarie \u201cOrazio Zasio\u201d di Mugnai, \u201cGiuseppe Mazzini\u201d di Nemeggio, \u201cVittorino da Feltre\u201d di Feltre, \u201cGino Allegri\u201d di Foen e quella di Farra. L\u2019adesione, oltre all\u2019importante significato simbolico, vuole essere un fattivo apporto alla sottoscrizione indetta dall\u2019ANA per il ripristino e la valorizzazione del parco. Gli insegnanti di queste scuole e gli alpini intendono infatti mantenere la memoria del Parco della Rimembranza, sorto per ricordare e tramandare il valore e il sacrificio dei Caduti feltrini, coinvolgendo gli alunni nell\u2019importante opera di riqualificazione. L\u2019iniziativa vuole anche essere un sollecito all\u2019amministrazione comunale, per dare quanto prima l\u2019inizio ai lavori, in considerazione anche del fatto che, oltre alla cifra donata dalle scuole, sono numerosi i cittadini del feltrino che hanno dato dei contributi alla sezione ANA per la riqualificazione del Parco. Al progetto, sin da subito, avevano gia\u0300 dato la loro adesione anche la sezione ANA di Valdagno e il Consiglio Nazionale dell\u2019Associazione Alpini, con un considerevole concorso economico. Ora quindi, all\u2019entusiasmo e alla partecipazione della cittadinanza e delle scuole del feltrino, ci si aspetta una fattiva azione da parte dell\u2019amministrazione comunale per dare un rapido impulso all\u2019attuazione del progetto.<\/p>\n<p>&nbsp;<\/p>\n<p>&nbsp;<\/p>\n<hr \/>\n<p>&nbsp;<\/p>\n<blockquote>\n<h3>LA CONDANNA DELLE DONNE CIGL PER L&#8217;USCITA DELLA TURCHIA DALLA CONVENZIONE DI ISTANBUL<\/h3>\n<\/blockquote>\n<p><strong><a href=\"https:\/\/www.radiopiu.net\/wordpress\/la-cgil-e-fictem-entrano-dicono-la-sua-su-enel-sulla-lunga-vicenda\/cgil-2\/\" rel=\"attachment wp-att-180372\"><img loading=\"lazy\" decoding=\"async\" class=\"size-medium wp-image-180372 alignleft\" src=\"https:\/\/www.radiopiu.net\/wordpress\/wp-content\/uploads\/2020\/12\/CGIL-300x167.jpg\" alt=\"\" width=\"300\" height=\"167\" srcset=\"https:\/\/www.radiopiu.net\/wordpress\/wp-content\/uploads\/2020\/12\/CGIL-300x167.jpg 300w, https:\/\/www.radiopiu.net\/wordpress\/wp-content\/uploads\/2020\/12\/CGIL.jpg 512w\" sizes=\"auto, (max-width: 300px) 100vw, 300px\" \/><\/a>VENEZIA <\/strong>Il Coordinamento regionale Donne Cgil\u00a0 del Veneto condanna fermamente la decisione della Turchia che con un decreto presidenziale ha deciso di uscire dalla Convenzione di Istanbul, che per prima aveva firmato 10 anni fa, adducendo ragioni pretestuose. La violenza contro le donne \u00e8 un problema che ci coinvolge tutte e tutte insieme dobbiamo far sentire la nostra determinazione sul fronte della difesa dei diritti e della dignit\u00e0. Siamo vicine alle migliaia di donne turche che prontamente sono scese in piazza esprimendo con forza la loro rabbia\u00a0 e chiedendo di ritirare subito la decisione. L\u2019uscita dalla Convenzione \u00e8 un altro segno inequivocabile dell\u2019allontanamento della Turchia dall\u2019Europa e per questo che chiediamo proprio all\u2019Unione Europea una presa di posizione ferma e decisa. Non possiamo accettare che le condizioni delle donne e la loro incolumit\u00e0 siano messe in grave pericolo. Quest\u2019anno in Turchia gi\u00e0 74 donne sono state uccise per mano di uomini. Ma anche qui nel nostro Paese non siamo messe bene. E\u2019 un precedente inaccettabile che ci preoccupa fortemente e che apre un fronte ad azioni di altre nazioni europee sovraniste e nemiche delle donne, come la Polonia gi\u00e0 sembra ventilare.<\/p>\n<p><strong>BELLUNO <\/strong>Il Coordinamento donne dello Spi Cgil di Belluno ritiene la Convenzione del Consiglio d&#8217;Europa sulla prevenzione e la lotta alla violenza contro le donne e la violenza domestica un atto determinante \u00a0dei diritti umani, poich\u00e9 si propone di prevenire la violenza stessa e di favorire la protezione delle vittime. Esprimendosi \u00a0contro la violenza domestica riconosce tutte le forme di violenza all\u2019interno delle mura, non solo tra partner. Tale convenzione \u00e8 stata approvata dal Comitato dei Ministri del Consiglio d&#8217;Europa il 7 aprile 2011 ed aperta alla firma l&#8217;11 maggio 2011 a Istanbul. In Italia\u00a0 \u00e8 stata approvata il 19 giugno 2013.<\/p>\n<p>&nbsp;<\/p>\n<p>&nbsp;<\/p>\n<hr \/>\n<p>&nbsp;<\/p>\n<\/div>\n<\/div>\n<\/div>\n<blockquote>\n<h3>\u201cDL SOSTEGNI\u201d A PASSO DI LUMACA: I SOLDI ARRIVERANNO CON 3 MESI E MEZZO DI RITARDO<\/h3>\n<\/blockquote>\n<p><a href=\"https:\/\/www.radiopiu.net\/wordpress\/dl-sostegni-a-passo-di-lumaca-i-soldi-arriveranno-con-3-mesi-e-mezzo-di-ritardo\/lumaca-soldi\/\" rel=\"attachment wp-att-198157\"><img loading=\"lazy\" decoding=\"async\" class=\"size-medium wp-image-198157 alignleft\" src=\"https:\/\/www.radiopiu.net\/wordpress\/wp-content\/uploads\/2021\/03\/lumaca-soldi-300x241.jpeg\" alt=\"\" width=\"300\" height=\"241\" srcset=\"https:\/\/www.radiopiu.net\/wordpress\/wp-content\/uploads\/2021\/03\/lumaca-soldi-300x241.jpeg 300w, https:\/\/www.radiopiu.net\/wordpress\/wp-content\/uploads\/2021\/03\/lumaca-soldi.jpeg 626w\" sizes=\"auto, (max-width: 300px) 100vw, 300px\" \/><\/a>Se non ci saranno nuovi intoppi, le risorse messe a disposizione dal \u201cdecreto Sostegni\u201d arriveranno a imprese e lavoratori autonomi subito dopo Pasqua. In buona sostanza, saranno accreditati sul conto corrente delle attivit\u00e0 interessate almeno 3 mesi e mezzo dopo dalle chiusure imposte nel dicembre scorso dall\u2019allora governo Conte. Pertanto, questi soldi, messi a disposizione dallo scostamento di bilancio del gennaio scorso, giungeranno a \u201cdestinazione\u201d non certo con la tempestivit\u00e0 che la situazione imporrebbe, bens\u00ec a passo di lumaca. E\u2019 evidente che la mancata immediatezza nello stanziamento degli indennizzi costituisce un problema che non \u00e8 stato ancora risolto, fa sapere l\u2019Ufficio studi CGIA. Se dopo un anno dall\u2019inizio della pandemia \u00e8 necessario aspettare ancora cos\u00ec tanto tempo, \u00e8 evidente che la \u201cmacchina\u201d necessita di una messa a punto.<br \/>\nA ruoli invertiti cosa sarebbe successo ? Indubbiamente, le novit\u00e0 sopraggiunte in questi ultimi mesi sono state parecchie e tutte hanno contribuito ad allungare i tempi di erogazione degli aiuti. In sintesi: il Parlamento ha votato lo scostamento di bilancio da 32 miliardi di euro1 il 20 gennaio scorso; la crisi di governo si \u00e8 chiusa verso la seconda met\u00e0 dello scorso mese di febbraio con una nuova maggioranza e la sostituzione del Premier; rispetto ai \u201cdecreti Ristori\u201d approvati nella seconda met\u00e0 del 2020, con questo primo provvedimento economico preso dal Governo Draghi \u00e8 stata modificata la modalit\u00e0 di calcolo degli indennizzi, abbandonando, finalmente, la logica dei codici ATECO. Se, paradossalmente, invertissimo i ruoli, a un\u2019azienda, sarebbe stato possibile saldare le imposte all\u2019erario con almeno 3,5 mesi di ritardo a causa di un litigio fra soci tale da portare alla sostituzione dell\u2019amministratore delegato e senza pagare alcuna sanzione per tardivo versamento? Abbiamo ottime ragioni nel ritenere che, obbiettivamente, ci\u00f2 non sarebbe potuto accadere. Perch\u00e9 i 32 miliardi di scostamento non sono stati inseriti in Finanziaria ? Ricordiamo che lo scostamento di bilancio da 32 miliardi di euro a sostegno di famiglie e imprese \u00e8 stato approvato dal Parlamento il 20 gennaio scorso; praticamente dopo tre settimane dall\u2019approvazione della Legge di Bilancio che, pubblicata in Gazzetta Ufficiale il 31 dicembre scorso, vale 40 miliardi di euro. Un provvedimento, quello dello scostamento, che \u00e8 stato votato all\u2019unanimit\u00e0 da tutti i gruppi parlamentari presenti sia alla Camera che al Senato. Ebbene, la domanda che molti piccoli operatori in difficolt\u00e0 si pongono \u00e8: entro la fine del 2020, nessuno della maggioranza di allora aveva contezza che a seguito delle chiusure imposte in precedenza ci fosse la necessit\u00e0 di includere queste misure di sostegno all\u2019interno della Finanziaria, invece di fare un intervento ad hoc dopo soli 20 giorni ? Ricordiamo che a met\u00e0 gennaio il numero dei contagi era in calo in tutto il Paese e in quelle settimane tutte le regioni stavano riaprendo l\u2019attivit\u00e0 scolastica in presenza. Insomma, eravamo in una fase in cui il Covid aveva allentato la presa. Pertanto, \u00e8 incontestabile che le risorse messe a disposizione con il voto del 20 gennaio siano destinate a compensare i danni provocati dalle chiusure pre-natalizie. Ed ancora: non stiamo parlando di una misura marginale, bens\u00ec di un intervento da 32 miliardi che ammonta all\u201980 per cento della dimensione economica della Legge di Bilancio 2021. Una \u201csvista\u201d che ha colpevolmente allungato i tempi con i quali andremo a sostenere le imprese colpite dal Covid. Sostegni del tutto insufficienti: in arrivo altri 20 miliardi che non basteranno Come abbiamo riportato pi\u00f9 sopra, il ritardo nei tempi di erogazione di queste risorse appaiono del tutto ingiustificabili. Le aziende, soprattutto quelle di piccola e micro dimensione, non possono attendere cos\u00ec a lungo. Il crollo del fatturato e la conseguente mancanza di liquidit\u00e0 subita in questi ultimi mesi stanno infatti spingendo verso il baratro tantissimi operatori economici che rischiano di ricevere i soldi fuori tempo massimo, ovvero, dopo che molti di questi avranno cessato definitivamente la propria attivit\u00e0. E che questi 32 miliardi fossero anche del tutto insufficienti lo si era capito sin dall\u2019inizio. Prova ne sia che, da qualche settimana, negli uffici del Ministero dell\u2019Economia e delle Finanze circolano alcune simulazioni di un possibile nuovo disavanzo di bilancio di almeno 20 miliardi di euro che potrebbe essere approvato dalle due Camere nelle prossime settimane. E\u2019 evidente che anche questo importo appare poca cosa se lo rapportiamo alla dimensione delle perdite subite dalle imprese e da tutto il mondo del lavoro autonomo. Per questo \u00e8 necessario fare un ulteriore sforzo, approvando delle misure di indennizzo che arrivino a toccare almeno i 50 miliardi di euro. I comparti maggiormente in affanno Al netto di ristoranti, bar, alberghi e le attivit\u00e0 che ruotano attorno al settore turistico, in massima parte chiuse a causa delle misure di confinamento in corso, la CGIA elenca i comparti che pi\u00f9 degli altri si trovano in affanno e chiedono un sostegno economico particolare. Essi sono: &#8211; \u201cfieristi\u201d\/ambulanti, in particolar modo quelli con posteggi presso le aree interessate da eventi e stadi; &#8211; attivit\u00e0 culturali e spettacolo (cinema, musei e teatri); &#8211; commercio al dettaglio (in particolar modo abbigliamento e calzature); &#8211; cura della persona (barbieri, parrucchieri e centri estetici); &#8211; eventi (concerti, congressi, matrimoni, cerimonie, etc.); &#8211; sport, tempo libero e intrattenimento: come palestre, piscine, discoteche, feste di paese, parchi divertimento e tematici (incluse le attivit\u00e0 dello spettacolo viaggiante); &#8211; trasporto persone (taxi, autonoleggio con conducente e bus operator). Con parrucchieri chiusi, nelle \u201czone rosse\u201d dilagano gli abusivi. Com\u2019era prevedibile, nelle 11 regioni che attualmente si trovano in \u201czona rossa\u201d, prolifera il lavoro nero e l\u2019abusivismo. Uno dei settori pi\u00f9 colpiti \u00e8 sicuramente il settore del benessere. La chiusura per decreto dei centri estetici, dei barbieri e dei parrucchieri ha dato una grande spinta a chi &#8211; armato di creme, lamette, forbici e con il phon in valigetta &#8211; gira per le case private praticando abusivamente queste attivit\u00e0, violando ogni limitazione alla mobilit\u00e0 e tutte le norme in materia di sicurezza. Oltre a denunciare la mancanza di controlli da parte delle forze dell\u2019ordine, la CGIA segnala che la cosa paradossale di tutta questa vicenda \u00e8 che lo stop imposto alle attivit\u00e0 regolari &#8211; dove tutto era tracciato, si lavorava solo per appuntamento, non c\u2019erano assembramenti e ogni operazione era sottoposta a rigorosi protocolli di igiene introdotti ben prima dell\u2019avvento del Covid \u2013 lascia ora enormi spazi agli abusivi che girano tranquillamente per le abitazioni delle clienti. Una piaga, quella del lavoro nero, che avvicinandosi alle festivit\u00e0 pasquali \u00e8 destinata ad aumentare ulteriormente e rappresenta non solo una concorrenza sleale nei confronti dei professionisti di questo settore, ma anche un grosso rischio per la tutela della salute pubblica.<\/p>\n<p>&nbsp;<\/p>\n<p>&nbsp;<\/p>\n<hr \/>\n<p>&nbsp;<\/p>\n<blockquote>\n<h3>VENERDI&#8217; IL CONSIGLIO COMUNALE A ROCCA PIETORE<\/h3>\n<\/blockquote>\n<p><strong>ROCCA PIETORE<\/strong> Il Sindaco di Rocca Pietore Andrea De Bernardin ha convocato il consiglio comunale per venerd\u00ec alle 14 presso la sala &#8220;El Teaz&#8221;. Sono 17 i punti da discutere tra cui l&#8217;approvazione del DUP, il canone unico di concessione del suolo pubblico e di esposizione pubblicitaria e la gestione associata del servizio tributi e della riscossione coattiva delle entrate comunali. Saranno ben 10 le interrogazioni della minoranza su vari temi che comprendono tutto il comune di Rocca Pietore. Il consiglio comunale sar\u00e0 trasmesso sui canali facebook, telegram, youtube di Radio Pi\u00f9. Martedi sera dalle 20.30 integralmente sulle frequenze Fm<\/p>\n<p>&nbsp;<\/p>\n<p>&nbsp;<\/p>\n<hr \/>\n<p>&nbsp;<\/p>\n<blockquote>\n<h3>AL VIA IL NUOVO CORSO FORMATIVO SULL\u2019AMMINISTRAZIONE DI SOSTEGNO<\/h3>\n<\/blockquote>\n<p><strong>BELLUNO <\/strong>Un nuovo corso online di formazione sull\u2019amministrazione di sostegno. Si tratta di un aggiornamento per\u00a0 gli amministratori e i responsabili dei servizi sociosanitari e degli operatori. Approfondimento, operativit\u00e0 concreta e criticit\u00e0 proposte: questi i temi che si andranno ad affrontare in sessione pomeridiana (dalle 14.30 alle 18.30) per quattro venerd\u00ec. S\u2019inizia il 9 aprile con il modulo giuridico-procedurale per proseguire il 16 (modulo giuridico-esperienziale -progetto di cura), il 23 (modulo sociale\u00a0 e socio sanitario) e il 30 (modulo operativo e psicologico). Il corso \u00e8 proposto da Comitato d\u2019Intesa di Belluno con la collaborazione di Csv Belluno Treviso, Tribunale di Belluno, Ulss 1 Dolomiti, Conferenza dei sindaci di Belluno e Feltre, Ordine professionale degli assistenti sociali.<\/p>\n<p>&nbsp;<\/p>\n<p>&nbsp;<\/p>\n<hr \/>\n<p>&nbsp;<\/p>\n<blockquote>\n<h3>LAVORI DI ASFALTATURA IN VIA NASSA A FELTRE<\/h3>\n<\/blockquote>\n<p><strong>FELTRE <\/strong>Fino al 2 aprile lavori in corso in via Nassa a Feltre dove sono previsti degli interventi straordinari di asfaltatura. Dalle 8 alle 18 sar\u00e0 vietato il transito a tutti i veicoli, cicli e motocicli. Il passaggio sar\u00e0 consentito solo ed esclusivamente ai residenti nei tratti non soggetti ai lavori. Sar\u00e0 garantito il transito pedonale in sicurezza.<\/p>\n<p>&nbsp;<\/p>\n<p>&nbsp;<\/p>\n<hr \/>\n<p>&nbsp;<\/p>\n<blockquote>\n<h3>LA GUARDIA DI FINANZA APRE IL CONCORSO PER 66 ALLIEVI UFFICIALI E 10 TENENTI<\/h3>\n<\/blockquote>\n<p><strong><a href=\"https:\/\/www.radiopiu.net\/wordpress\/vendono-una-centrale-idroelettrica-eludendo-il-fisco\/guardia-di-finanza-auto_full1\/\" rel=\"attachment wp-att-5016\"><img loading=\"lazy\" decoding=\"async\" class=\"size-medium wp-image-5016 alignleft\" src=\"https:\/\/www.radiopiu.net\/wordpress\/wp-content\/uploads\/2015\/05\/guardia-di-finanza-auto_full1-300x224.jpg\" alt=\"\" width=\"300\" height=\"224\" \/><\/a>BELLUNO<\/strong> La Guardia di Finanza \u00e8 alla ricerca di allievi ufficiali. \u00c8 partito in questi giorni il concorso pubblico, per titoli ed esami, per l&#8217;ammissione di 66 allievi ufficiali del ruolo normale, comparto ordinario e aeronavale, all&#8217;Accademia della Guardia di Finanza per l&#8217;anno accademico 2021-2022. I candidati devono aver compiuto i 17 anni di et\u00e0 alla data del 1 gennaio 2021, devono essere in possesso di un diploma di istruzione secondaria di secondo grado che consenta l&#8217;iscrizione a corsi di laurea o che lo conseguano nell&#8217;anno scolastico 2020\/21. La domanda di partecipazione al concorso dovr\u00e0 essere compilata tramite procedura telematica all&#8217;indirizzo concorsi.gdf.gov.it e dovr\u00e0 essere effettuata entro le 12 del 8 aprile 2021. Per altre informazioni sul concorso basta accedere al sito del concorso.<\/p>\n<p>&nbsp;<\/p>\n<p>&nbsp;<\/p>\n<p>&nbsp;<\/p>\n<p>&nbsp;<\/p>\n<hr \/>\n<p>&nbsp;<\/p>\n<blockquote>\n<h1 align=\"JUSTIFY\">\u201c<span style=\"font-family: Times New Roman, serif;\"><span style=\"font-size: medium;\"><b>La Piave: storie di uomini, acqua e legno\u201d &#8211; Secondo appuntamento: Codissago, Museo degli zattieri<\/b><\/span><\/span><\/h1>\n<\/blockquote>\n<p align=\"JUSTIFY\"><span style=\"font-family: Times New Roman, serif;\"><span style=\"font-size: medium;\"><a href=\"https:\/\/www.radiopiu.net\/wordpress\/giornale-radiopiu-17-marzo-2021-direttore-mirko-mezzacasa\/scansione0328_jpg\/\" rel=\"attachment wp-att-197466\"><img loading=\"lazy\" decoding=\"async\" class=\" wp-image-197466 alignleft\" src=\"https:\/\/www.radiopiu.net\/wordpress\/wp-content\/uploads\/2021\/03\/Scansione0328_jpg-300x206.jpg\" alt=\"\" width=\"237\" height=\"163\" srcset=\"https:\/\/www.radiopiu.net\/wordpress\/wp-content\/uploads\/2021\/03\/Scansione0328_jpg-300x206.jpg 300w, https:\/\/www.radiopiu.net\/wordpress\/wp-content\/uploads\/2021\/03\/Scansione0328_jpg-768x527.jpg 768w, https:\/\/www.radiopiu.net\/wordpress\/wp-content\/uploads\/2021\/03\/Scansione0328_jpg.jpg 1024w\" sizes=\"auto, (max-width: 237px) 100vw, 237px\" \/><\/a><strong>BELLUNO<\/strong> Nonostante la zona rossa, la delegazione bellunese del Fondo Ambiente Italiano continua a condurre virtualmente il pubblico attraverso il percorso delle zattere lungo la Piave, in tutta sicurezza. <\/span><\/span><span style=\"font-family: Times New Roman, serif;\"><span style=\"font-size: medium;\">Gli organizzatori sono riusciti a effettuare le riprese all\u2019interno del <\/span><\/span><span style=\"font-family: Times New Roman, serif;\"><span style=\"font-size: medium;\"><i>Museo degli zattieri del Piave<\/i><\/span><\/span><span style=\"font-family: Times New Roman, serif;\"><span style=\"font-size: medium;\"> a Codissago prima delle nuove restrizioni. Ecco che marted\u00ec 23 marzo alle 18.30 Arnaldo Olivier, Castaldo della \u201cFameja dei Zater e Menad\u00e0s del Piave\u201d, condurr\u00e0 gli spettatori nella visita online.<\/span><\/span><span style=\"font-family: Times New Roman, serif;\"><span style=\"font-size: medium;\">\u00a0<\/span><\/span><span style=\"font-family: Times New Roman, serif;\"><span style=\"font-size: medium;\">L&#8217;incontro si svolger\u00e0 sulla piattaforma Zoom\u00a0 \u00e8 necessario prenotarsi obbligatoriamente sul sito <a href=\"https:\/\/faiprenotazioni.fondoambiente.it\/\">https:\/\/faiprenotazioni.fondoambiente.it\/<\/a>\u00a0<\/span><\/span><\/p>\n<p>&nbsp;<\/p>\n<p>&nbsp;<\/p>\n<p>&nbsp;<\/p>\n<p>&nbsp;<\/p>\n<hr \/>\n<p>&nbsp;<\/p>\n<blockquote>\n<h3>LA LAVORAZIONE DELL\u2019OCCHIALE AL CENTRO DEL NUOVO CORSO GRATUITO PROMOSSO DA CERTOTTICA<\/h3>\n<\/blockquote>\n<p><strong><a href=\"https:\/\/www.radiopiu.net\/wordpress\/giornale-radiopiu-12-marzo-2021-direttore-mirko-mezzacasa\/corso-lavorazioni\/\" rel=\"attachment wp-att-196448\"><img loading=\"lazy\" decoding=\"async\" class=\"wp-image-196448 alignleft\" src=\"https:\/\/www.radiopiu.net\/wordpress\/wp-content\/uploads\/2021\/03\/corso-lavorazioni-300x211.jpg\" alt=\"\" width=\"164\" height=\"115\" srcset=\"https:\/\/www.radiopiu.net\/wordpress\/wp-content\/uploads\/2021\/03\/corso-lavorazioni-300x211.jpg 300w, https:\/\/www.radiopiu.net\/wordpress\/wp-content\/uploads\/2021\/03\/corso-lavorazioni-1024x722.jpg 1024w, https:\/\/www.radiopiu.net\/wordpress\/wp-content\/uploads\/2021\/03\/corso-lavorazioni-768x541.jpg 768w, https:\/\/www.radiopiu.net\/wordpress\/wp-content\/uploads\/2021\/03\/corso-lavorazioni-1536x1083.jpg 1536w, https:\/\/www.radiopiu.net\/wordpress\/wp-content\/uploads\/2021\/03\/corso-lavorazioni-2048x1444.jpg 2048w\" sizes=\"auto, (max-width: 164px) 100vw, 164px\" \/><\/a>LONGARONE<\/strong> Nuova esperienza lavorativa\u00a0 in partenza a fine mese a Certottica\u00a0 per\u00a0 9 disoccupati. L\u2019obiettivo \u00e8 quello di formare l\u2019\u201cAddetto alle lavorazioni per il settore occhialeria\u201d, un profilo che va incontro alle esigenze concrete manifestate dalle aziende, grazie a 200 ore di formazione specialistica in aula, 8 ore di orientamento al ruolo (individuale e di gruppo), 16 ore di visita di studio e ben 320 ore di tirocinio nelle realt\u00e0 del Distretto. Le selezioni sono fissate per il 25 marzo e l\u2019inizio del corso per il 31. Gli interessati\u00a0 consultino\u00a0 il sito www.certottica.it per approfondire tutti i dettagli o a contattare l\u2019Area Formazione di Certottica (formazione@certottica.it, 0437 573157).<\/p>\n<p>&nbsp;<\/p>\n<p>&nbsp;<\/p>\n<hr \/>\n<p>&nbsp;<\/p>\n<blockquote>\n<h3>&#8220;VOCI DI DONNA&#8221; OGGI ALLE 20 IN DIRETTA YOUTUBE<\/h3>\n<\/blockquote>\n<p><strong><a href=\"https:\/\/www.radiopiu.net\/wordpress\/giornale-radiopiu-21-marzo-2021-direttore-mirko-mezzacasa\/schermata-2021-03-20-alle-15-08-09\/\" rel=\"attachment wp-att-198214\"><img loading=\"lazy\" decoding=\"async\" class=\"size-medium wp-image-198214 alignleft\" src=\"https:\/\/www.radiopiu.net\/wordpress\/wp-content\/uploads\/2021\/03\/Schermata-2021-03-20-alle-15.08.09-274x300.png\" alt=\"\" width=\"274\" height=\"300\" srcset=\"https:\/\/www.radiopiu.net\/wordpress\/wp-content\/uploads\/2021\/03\/Schermata-2021-03-20-alle-15.08.09-274x300.png 274w, https:\/\/www.radiopiu.net\/wordpress\/wp-content\/uploads\/2021\/03\/Schermata-2021-03-20-alle-15.08.09-934x1024.png 934w, https:\/\/www.radiopiu.net\/wordpress\/wp-content\/uploads\/2021\/03\/Schermata-2021-03-20-alle-15.08.09-768x842.png 768w, https:\/\/www.radiopiu.net\/wordpress\/wp-content\/uploads\/2021\/03\/Schermata-2021-03-20-alle-15.08.09-1400x1536.png 1400w, https:\/\/www.radiopiu.net\/wordpress\/wp-content\/uploads\/2021\/03\/Schermata-2021-03-20-alle-15.08.09.png 1446w\" sizes=\"auto, (max-width: 274px) 100vw, 274px\" \/><\/a>PONTE NELLE ALPI <\/strong><span style=\"color: #000000; font-family: Helvetica;\">\u201cLa Convenzione di Istanbul\u201d sar\u00e0 al centro del secondo appuntamento legato alla rassegna \u201cVoci di donna\u201d: promosso da Comune di Ponte nelle Alpi, insieme alla Commissione Diritti civili e Politiche di genere e alla Biblioteca civica, il ciclo di incontri ha lo scopo di promuovere un\u2019analisi del fenomeno della violenza sulle donne e sui minori. E di favorire la conoscenza rispetto agli strumenti disponibili per prevenire e contrastare tali fenomeni.\u00a0 <\/span><span style=\"color: #000000; font-family: Helvetica;\">In questo senso, si inserisce in maniera perfetta la Convenzione di Istanbul: il primo strumento internazionale che riconosce la violenza contro le donne e domestica come violazione dei diritti umani. A parlarne in maniera approfondita sar\u00e0 una relatrice d\u2019eccezione come Paola Di Nicola Travaglini, giudice del Tribunale di Roma. E non mancher\u00e0 l\u2019intervento di Sabrina Dassi\u00e8, consigliera comunale alle Pari opportunit\u00e0.\u00a0 <\/span><span style=\"color: #000000; font-family: Helvetica;\">La serata \u00e8 in calendario oggi, alle ore 20, e potr\u00e0 essere seguita in diretta streaming sul canale YouTube del Comune di Ponte nelle Alpi<\/span><\/p>\n<p>&nbsp;<\/p>\n<p>&nbsp;<\/p>\n<p>&nbsp;<\/p>\n<p>&nbsp;<\/p>\n<p>&nbsp;<\/p>\n<hr \/>\n<p>&nbsp;<\/p>\n<blockquote>\n<h3>FOSSALI CON LA SUA ARTE SALE SULLA TOUR EIFFEL<\/h3>\n<\/blockquote>\n<p><strong>PONTE NELLE ALPI<\/strong> <span style=\"font-family: Times New Roman, serif;\"><span style=\"font-size: medium;\">Il bar pasticceria \u201cLa Tour Eiffel\u201d di Ponte nelle Alpi \u201csfida\u201d i nuovi restringimenti ed ancora una volta ospita nei suoi locali un evento artistico. Ovviamente lo fa nell\u2019osservanza del contenimento dell\u2019emergenza Covid-19. <\/span><\/span><span style=\"font-family: Times New Roman, serif;\"><span style=\"font-size: medium;\">Dal 13 marzo e sino al 17 aprile sar\u00e0 allestita la mostra \u201cRetr\u00f2: immagini fotografiche in bianco e nero\u201d con gli scatti proposti da Beniamino Fossali. <\/span><\/span><span style=\"font-family: Times New Roman, serif;\"><span style=\"font-size: medium;\">L\u2019iniziativa \u00e8 del Circolo Fotografico Bellunese \u201cMario De Biasi\u201d che annovera lo stesso Fossali tra i suoi associati e che affida alla suggestione ed al fascino del bianco e nero i soggetti \u201ccatturati\u201d dal suo obiettivo.\u00a0<\/span><\/span><\/p>\n<p>&nbsp;<\/p>\n<p>&nbsp;<\/p>\n<hr \/>\n<p>&nbsp;<\/p>\n<blockquote>\n<h3>GLI ALPINI DI ALLEGHE APRONO UN CONTO CORRENTE PER AIUTARE GUERRINO BELLENZIER<\/h3>\n<\/blockquote>\n<p><strong><a href=\"https:\/\/www.radiopiu.net\/wordpress\/gli-alpini-di-alleghe-aprono-un-conto-corrente-per-aiutare-guerrino-bellenzier\/alpini-alleghe\/\" rel=\"attachment wp-att-198175\"><img loading=\"lazy\" decoding=\"async\" class=\"size-medium wp-image-198175 alignleft\" src=\"https:\/\/www.radiopiu.net\/wordpress\/wp-content\/uploads\/2021\/03\/ALPINI-ALLEGHE-300x138.png\" alt=\"\" width=\"300\" height=\"138\" srcset=\"https:\/\/www.radiopiu.net\/wordpress\/wp-content\/uploads\/2021\/03\/ALPINI-ALLEGHE-300x138.png 300w, https:\/\/www.radiopiu.net\/wordpress\/wp-content\/uploads\/2021\/03\/ALPINI-ALLEGHE-768x353.png 768w, https:\/\/www.radiopiu.net\/wordpress\/wp-content\/uploads\/2021\/03\/ALPINI-ALLEGHE.png 778w\" sizes=\"auto, (max-width: 300px) 100vw, 300px\" \/><\/a>ALLEGHE<\/strong> Nella notte del 12 marzo. l&#8217;abitazione di Guerrino Bellenzier (piu conosciuto come Tobia) \u00e8 stata interessata da un incendio che ha causate notevoli danni alla struttura della casa. Tobia e persona da sempre presente e disponibile per la comunit\u00e0 Alleghese nella quale ha ricoperto le cariche di consigliere ed assessore comunale. E&#8217; stato anche consigliere e capogruppo degli Alpini di Alleghe, nonch\u00e8 fondatore, insieme a Siro De Biasio, del Coro Alpino &#8220;Monte Civetta&#8221;. Attualmente e ancora attivissimo vice capogruppo ed e per questo motive che i suoi amici alpini hanno ritenuto di attivarsi ed essere vicini a Tobia, aprendo presso Cortinabanca &#8211; sede di Alleghe &#8211; un conto corrente sul quale raccogliere contributi per quanti volessero aderire a questa iniziativa. Le coordinate bancarie del conto intestate a Gruppo Ana Alleghe sottoscrizione per &#8220;&#8221;Tobia&#8221;&#8221; danni da incendio sono le seguenti:&#8221; IT 21 C 08511 61001 000000041707 L&#8217;attuale Capogruppo Cristian De Toni, anche a nome di tutto ii Consiglio del Gruppo ANA Alleghe, ringrazia quanti vorranno condividere l&#8217;iniziativa.<\/p>\n<p>&nbsp;<\/p>\n<p>&nbsp;<\/p>\n<hr \/>\n<p>&nbsp;<\/p>\n<blockquote>\n<h3>RODOLFO SONEGO: IL SOGGETTISTA E SCENEGGIATORE DI ALBERTO SORDI<\/h3>\n<\/blockquote>\n<p><strong>di Renato Bona<\/strong><\/p>\n<p>Giustamente la stampa, locale e nazionale, ha ricordato il centenario della nascita di Rodolfo Sonego, quello che il compianto maestro Mario De Nale nel suo libro dell\u2019agosto 1978 (tipografia Piave di Belluno): \u201cPersonaggi illustri dell\u2019Alpago e Ponte nelle Alpi\u201d definiva \u201cIl soggettista e sceneggiatore di Sordi\u201d. Ricordato che \u201cFiglio di Umberto e di Olga Roella, nacque a Cavarzano di Belluno il 27 febbraio 1921 (trascorse la giovinezza in quel di Puos d\u2019Alpago ed \u00e9 mancato a Roma il 15 ottobre 2000 \u2013 ndr.), pronipote di Rodolfo Roella, l\u2019inventore del brevetto di marmorino e stucco\u201d, De Nale scriveva: \u201cQuando il padre ottenne il posto alla Fiat, la famiglia si trasfer\u00ec da Puos a Torino, cos\u00ec Rodolfo pot\u00e9 seguire i corsi all\u2019Accademia di Belle Arri di quella citt\u00e0 e cominci\u00f2 a guadagnarsi di che vivere come disegnatore pubblicitario e fumettista di giornali\u201d. Ancora: \u201cLo scoppio della guerra (assunse il nome di battaglia di Benvenuto Cellini e divenne capo della \u201cFratelli Bandiera &#8211; ndr.) lo colse al fior della giovinezza ed egli vi partecip\u00f2, dimostrando un grande amor di Patria e, nel periodo della Resistenza, fu commissario della brigata \u2018Garibaldi\u2019 di Belluno. Ma il fumo sprigionato dal conflitto, gli strepitii delle armi automatiche e l\u2019ombra dell\u2019infausto invasore che l\u2019accompagnava in ogni dove, gli fecero dimenticare i fumetti e risvegliarono altri fermenti del suo spirito che lo indirizzarono in una strada diversa e pi\u00f9 congeniale: naso aquilino, occhi espressivi e dolci, fronte alta e serena, temperamento sempre gioviale e mite costituirono altrettanti elementi positivi i quali consentirono all\u2019alpagese di cimentarsi con successo nella carriera di scenarista cinematografico\u201d. Dopo la guerra, il nostro si trasfer\u00ec a Roma \u201cla citt\u00e0 pi\u00f9 propizia perch\u00e9 la sua vena ad ali spiegate e al passo con i nuovi fermenti sprigionati dallo spirito gli permettesse di sollevarsi verso l\u2019alto, sempre pi\u00f9 in su a scoprire la \u2018moralit\u00e0\u2019, l\u2019\u2018eroismo\u2019, il \u2018costume nazionale\u2019 e l\u2019\u2018estro satirico\u2019 da dare ad un suo personaggio pure da scoprire\u201d. Ed ecco come Mario De Nale descriveva la \u201cscoperta\u201d di Sonego: \u201cQuale ottimista patentato, facilitato anche dalla eccezionale cordialit\u00e0 e dalla voce semplice, cominci\u00f2 a cogliere ogni occasione per aprire un dialogo con la gente per ascoltarne le vicissitudini, sempre pronto a rilevare le note pi\u00f9 significative. Un\u00ec quindi tutte le tessere in uno scintillante ed umano mosaico e, finalmente, scosso da un palpito che esplose di gioia dentro il suo cuore, pot\u00e9 esultare ch\u00e9 la ricerca aveva avuto successo: egli aveva scoperto il suo personaggio in Alberto Sordi il quale sar\u00e0 il grande protagonista della stragrande maggioranza dei suoi film\u201d. Rodolfo Sonego divenne uno dei pi\u00f9 quotati ed ammirati soggettisti e sceneggiatori cinematografici ed i suoi film portarono sulla scena, oltre a Sordi: la Magnani, la Cardinale, Soraya, Tot\u00f2, Monica Vitti, Lattuada, Monicelli, Risi, Lizzani, Zampa, Indovina e Polidori. Una doverosa puntualizzazione di De Nale in conclusione del suo ricordo: \u201cOvviamente, nel suo lavoro gli \u00e8 sempre di valido aiuto la moglie, Allegra Rossignotti, donna affettuosa, sincera, dignitosa, nobile d\u2019aspetto e quindi stimata da quanti la conoscono\u201d. La coppia ha avuto un figlio, Giulio, che all\u2019epoca in cui usc\u00ec \u201cPersonaggi illustri dell\u2019Alpago e Ponte nelle Alpi\u201d (edito dal Centro sociale di educazione permanente di Tambre e dall\u2019Associazione emigranti Bellunesi, col sostegno della Cassa di Risparmio di Verona, Vicenza e Belluno) \u201cera studente in medicina dell\u2019Universit\u00e0 di Roma\u201d. La libera enciclopedia Wikipedia, illustrandone esaustivamente la figura e l\u2019opera ed elencando tutti i suoi lavori, ricorda, fra l\u2019altro, che Rodolfo Sonego: \u201cRealizza la sua prima sceneggiatura per il film di Alberto Lattuada \u2018La Spiaggia\u2019, che segna la fine di un periodo di difficolt\u00e0 economiche; i primi anni romani di Sonego verranno poi anche ripresi nel film \u2018Una vita difficile\u2019 di Dino Risi, la sua sceneggiatura capolavoro (il film \u00e8 stato inserito tra i \u201ccento film italiani da salvare\u201d &#8211; ndr.). Inizia a viaggiare molto tra Australia, America, Germania, Russia, la qual cosa lo porta a scrivere diverse sceneggiature\u201d. Mentre il sito cinematografo.it, definito il personaggio uno dei pi\u00f9 importanti sceneggiatori del nostro cinema, richiama il saggio di Mirco Melanco, docente di Cinema all\u2019Universit\u00e0 di Padova: \u201cL\u2019anticonformismo intelligente di Rodolfo Sonego\u201d, pubblicato nel 2010 dalle Edizioni Fondazione Ente dello Spettacolo, e sottolinea: \u201cSonego \u00e8 stato autore (in solitaria) di almeno due capolavori: \u2018Una vita difficile\u2019 diretto da Dino Risi nel 1961, ritratto semi-autobiografico di un partigiano comunista nell\u2019Italia del dopoguerra, e \u2018Lo scopone scientifico\u2019 commedia del 1972 firmata da Luigi Comencini, che raccontava la lotta di classe attraverso la partita a carte tra una coppia borgatara e una ricchissima americana. Entrambi i film sono interpretati da Alberto Sordi, che lo scelse come sceneggiatore di fiducia sin dal 1954, quando i due si conobbero nella \u2018writing room di \u2018Il seduttore\u2019 di Franco Rosi. Un sodalizio intenso e complesso (anche problematico come si pu\u00f2 leggere in \u2018Il cervello di Alberto Sordi\u2019 il volumone che Tatti Sanguinetti ha dedicato all\u2019opera di Sonego), dal quale sono nati classici come \u2018Il vedovo\u2019 di Risi (1959), \u2018Il diavolo\u2019 di Gian Luigi Poolidoro (1963), Orso d\u2019oro alla Berlinale; ancora: \u2018Detenuto in attesa di giudizio\u2019 di Nanni Loy (1971), \u2018Bello, onesto, emigrato Australia sposerebbe compaesana illibata\u2019 di luigi Zampa (1972). Sempre Melanco: \u201cLa particolare ironia con la quale Sonego ha affrontato la figura dell\u2019italiano medio, di cui Sordi \u00e8 stato l\u2019interprete pi\u00f9 eloquente, \u00e8 frutto anche della fusione di due caratteri antitetici ma compatibili, ha permesso una descrizione coraggiosa e anticonformista della societ\u00e0 italiana prima e dopo il boom economico\u201d. Di Sonego anche le sceneggiature del feroce \u201cLa spiaggia\u201d di Alberto Lattuada (1954), \u2018La ragazza con la pistola\u201d di Mario Monicelli (1968); \u201cUna breve vacanza\u201d di Vittorio De Sica (1973); \u201cMogliamante\u201d di Marco Vicario (1978) \u201cche gli apr\u00ec le porte degli Stati Uniti con Dino De Laurentiis\u201d. Conclusione di Mirco Melanco: \u201c\u2026Attraverso l\u2019opera di Sonego possiamo rivalutare con attenzione il nostro cinema che osservava la realt\u00e0 e verificare il livello al quale oggi si \u00e8 giunti accumulando un debito pubblico forse irrecuperabile sa in termini economici sia in termini etici\u201d.<\/p>\n\n\t\t\t<style type='text\/css'>\n\t\t\t\t#gallery-5 {\n\t\t\t\t\tmargin: auto;\n\t\t\t\t}\n\t\t\t\t#gallery-5 .gallery-item {\n\t\t\t\t\tfloat: left;\n\t\t\t\t\tmargin-top: 10px;\n\t\t\t\t\ttext-align: center;\n\t\t\t\t\twidth: 33%;\n\t\t\t\t}\n\t\t\t\t#gallery-5 img {\n\t\t\t\t\tborder: 2px solid #cfcfcf;\n\t\t\t\t}\n\t\t\t\t#gallery-5 .gallery-caption {\n\t\t\t\t\tmargin-left: 0;\n\t\t\t\t}\n\t\t\t\t\/* see gallery_shortcode() in wp-includes\/media.php *\/\n\t\t\t<\/style>\n\t\t<div id='gallery-5' class='dt-gallery-container gallery galleryid-198266 gallery-columns-3 gallery-size-thumbnail'><dl class='gallery-item'>\n\t\t\t\t<dt class='gallery-icon portrait'>\n\t\t\t\t\t<a class=\"rollover rollover-zoom dt-pswp-item\" title=\"162646552_1319428911772278_1434110380051944422_n\" data-dt-img-description=\"\" data-large_image_width=\"210\" data-large_image_height=\"240\"href='https:\/\/www.radiopiu.net\/wordpress\/wp-content\/uploads\/2021\/03\/162646552_1319428911772278_1434110380051944422_n.jpg'><img loading=\"lazy\" decoding=\"async\" width=\"150\" height=\"150\" src=\"https:\/\/www.radiopiu.net\/wordpress\/wp-content\/uploads\/2021\/03\/162646552_1319428911772278_1434110380051944422_n-150x150.jpg\" class=\"attachment-thumbnail size-thumbnail\" alt=\"\" \/><\/a>\n\t\t\t\t<\/dt><\/dl><dl class='gallery-item'>\n\t\t\t\t<dt class='gallery-icon portrait'>\n\t\t\t\t\t<a class=\"rollover rollover-zoom dt-pswp-item\" title=\"163709139_1742983032550780_2830669345004204204_n\" data-dt-img-description=\"\" data-large_image_width=\"1325\" data-large_image_height=\"1971\"href='https:\/\/www.radiopiu.net\/wordpress\/wp-content\/uploads\/2021\/03\/163709139_1742983032550780_2830669345004204204_n.jpg'><img loading=\"lazy\" decoding=\"async\" width=\"150\" height=\"150\" src=\"https:\/\/www.radiopiu.net\/wordpress\/wp-content\/uploads\/2021\/03\/163709139_1742983032550780_2830669345004204204_n-150x150.jpg\" class=\"attachment-thumbnail size-thumbnail\" alt=\"\" \/><\/a>\n\t\t\t\t<\/dt><\/dl><dl class='gallery-item'>\n\t\t\t\t<dt class='gallery-icon landscape'>\n\t\t\t\t\t<a class=\"rollover rollover-zoom dt-pswp-item\" title=\"163110591_273289424367079_6101252010517848981_n\" data-dt-img-description=\"\" data-large_image_width=\"850\" data-large_image_height=\"590\"href='https:\/\/www.radiopiu.net\/wordpress\/wp-content\/uploads\/2021\/03\/163110591_273289424367079_6101252010517848981_n.jpg'><img loading=\"lazy\" decoding=\"async\" width=\"150\" height=\"150\" src=\"https:\/\/www.radiopiu.net\/wordpress\/wp-content\/uploads\/2021\/03\/163110591_273289424367079_6101252010517848981_n-150x150.jpg\" class=\"attachment-thumbnail size-thumbnail\" alt=\"\" \/><\/a>\n\t\t\t\t<\/dt><\/dl><br style=\"clear: both\" \/><dl class='gallery-item'>\n\t\t\t\t<dt class='gallery-icon portrait'>\n\t\t\t\t\t<a class=\"rollover rollover-zoom dt-pswp-item\" title=\"162977146_298455621799518_2002277764119019691_n\" data-dt-img-description=\"\" data-large_image_width=\"124\" data-large_image_height=\"189\"href='https:\/\/www.radiopiu.net\/wordpress\/wp-content\/uploads\/2021\/03\/162977146_298455621799518_2002277764119019691_n.jpg'><img loading=\"lazy\" decoding=\"async\" width=\"124\" height=\"150\" src=\"https:\/\/www.radiopiu.net\/wordpress\/wp-content\/uploads\/2021\/03\/162977146_298455621799518_2002277764119019691_n-124x150.jpg\" class=\"attachment-thumbnail size-thumbnail\" alt=\"\" \/><\/a>\n\t\t\t\t<\/dt><\/dl><dl class='gallery-item'>\n\t\t\t\t<dt class='gallery-icon portrait'>\n\t\t\t\t\t<a class=\"rollover rollover-zoom dt-pswp-item\" title=\"163478183_3548035761973140_4272705132063057576_n\" data-dt-img-description=\"\" data-large_image_width=\"124\" data-large_image_height=\"189\"href='https:\/\/www.radiopiu.net\/wordpress\/wp-content\/uploads\/2021\/03\/163478183_3548035761973140_4272705132063057576_n.jpg'><img loading=\"lazy\" decoding=\"async\" width=\"124\" height=\"150\" src=\"https:\/\/www.radiopiu.net\/wordpress\/wp-content\/uploads\/2021\/03\/163478183_3548035761973140_4272705132063057576_n-124x150.jpg\" class=\"attachment-thumbnail size-thumbnail\" alt=\"\" \/><\/a>\n\t\t\t\t<\/dt><\/dl><dl class='gallery-item'>\n\t\t\t\t<dt class='gallery-icon portrait'>\n\t\t\t\t\t<a class=\"rollover rollover-zoom dt-pswp-item\" title=\"162723800_4066322293412196_1021202060007596332_n\" data-dt-img-description=\"\" data-large_image_width=\"124\" data-large_image_height=\"189\"href='https:\/\/www.radiopiu.net\/wordpress\/wp-content\/uploads\/2021\/03\/162723800_4066322293412196_1021202060007596332_n.jpg'><img loading=\"lazy\" decoding=\"async\" width=\"124\" height=\"150\" src=\"https:\/\/www.radiopiu.net\/wordpress\/wp-content\/uploads\/2021\/03\/162723800_4066322293412196_1021202060007596332_n-124x150.jpg\" class=\"attachment-thumbnail size-thumbnail\" alt=\"\" \/><\/a>\n\t\t\t\t<\/dt><\/dl><br style=\"clear: both\" \/><dl class='gallery-item'>\n\t\t\t\t<dt class='gallery-icon portrait'>\n\t\t\t\t\t<a class=\"rollover rollover-zoom dt-pswp-item\" title=\"163503562_464896434698866_3906623478976368131_n\" data-dt-img-description=\"\" data-large_image_width=\"500\" data-large_image_height=\"700\"href='https:\/\/www.radiopiu.net\/wordpress\/wp-content\/uploads\/2021\/03\/163503562_464896434698866_3906623478976368131_n.jpg'><img loading=\"lazy\" decoding=\"async\" width=\"150\" height=\"150\" src=\"https:\/\/www.radiopiu.net\/wordpress\/wp-content\/uploads\/2021\/03\/163503562_464896434698866_3906623478976368131_n-150x150.jpg\" class=\"attachment-thumbnail size-thumbnail\" alt=\"\" \/><\/a>\n\t\t\t\t<\/dt><\/dl><dl class='gallery-item'>\n\t\t\t\t<dt class='gallery-icon landscape'>\n\t\t\t\t\t<a class=\"rollover rollover-zoom dt-pswp-item\" title=\"163388343_742117186502625_425683474019644843_n\" data-dt-img-description=\"\" data-large_image_width=\"276\" data-large_image_height=\"183\"href='https:\/\/www.radiopiu.net\/wordpress\/wp-content\/uploads\/2021\/03\/163388343_742117186502625_425683474019644843_n.jpg'><img loading=\"lazy\" decoding=\"async\" width=\"150\" height=\"150\" src=\"https:\/\/www.radiopiu.net\/wordpress\/wp-content\/uploads\/2021\/03\/163388343_742117186502625_425683474019644843_n-150x150.jpg\" class=\"attachment-thumbnail size-thumbnail\" alt=\"\" \/><\/a>\n\t\t\t\t<\/dt><\/dl><dl class='gallery-item'>\n\t\t\t\t<dt class='gallery-icon landscape'>\n\t\t\t\t\t<a class=\"rollover rollover-zoom dt-pswp-item\" title=\"163797373_786645012036957_1102748080979668759_n\" data-dt-img-description=\"\" data-large_image_width=\"1024\" data-large_image_height=\"538\"href='https:\/\/www.radiopiu.net\/wordpress\/wp-content\/uploads\/2021\/03\/163797373_786645012036957_1102748080979668759_n.jpg'><img loading=\"lazy\" decoding=\"async\" width=\"150\" height=\"150\" src=\"https:\/\/www.radiopiu.net\/wordpress\/wp-content\/uploads\/2021\/03\/163797373_786645012036957_1102748080979668759_n-150x150.jpg\" class=\"attachment-thumbnail size-thumbnail\" alt=\"\" \/><\/a>\n\t\t\t\t<\/dt><\/dl><br style=\"clear: both\" \/>\n\t\t\t<\/div>\n\n<p>NELLE FOTO (riproduzione dal libro \u201cPersonaggi illustri dell\u2019Alpago e Ponte nelle Alpi\u201d; sitI. cinematografo.it; wikipedia, corrieredelveneto, padovaoggi): Rodolfo Sonego nell\u2019immagine scelta per il libro di Mario De Nale; il grande scenografo bellunese di origini alpagote con il suo attore preferito: Alberto Sordi; Lea Massari e Sordi interpreti di \u201cUna vita difficile\u201d; copertina del saggio del prof. Mirco Melanco; la locandina del film \u201cLo scopone scientifico\u201d; quella di \u201cUna vita difficile\u201d; e quella del primo film di Sonego: \u201cLa spiaggia\u201d; lo sceneggiatore con il regista Tatti Sanguinetti; il prof. Mirco Melanco.<\/p>\n<p>&nbsp;<\/p>\n<hr \/>\n<p>&nbsp;<\/p>\n<blockquote>\n<h2>E&#8217; PRIMAVERA&#8230;DI JOHN FRANCIS DELLA PIETRA<\/h2>\n<\/blockquote>\n<p>&nbsp;<\/p>\n<p><strong>E&#8217; PRIMAVERA<\/strong><\/p>\n<p><em>di John Francis Della Pietra<\/em><\/p>\n<p><em><strong>AUDIO<\/strong><\/em><\/p>\n<audio class=\"wp-audio-shortcode\" id=\"audio-198266-6\" preload=\"none\" style=\"width: 100%;\" controls=\"controls\"><source type=\"audio\/mpeg\" src=\"https:\/\/www.radiopiu.net\/wordpress\/wp-content\/uploads\/2021\/03\/JOHN-FRANCIS-PRIMAVERA.mp3?_=6\" \/><a href=\"https:\/\/www.radiopiu.net\/wordpress\/wp-content\/uploads\/2021\/03\/JOHN-FRANCIS-PRIMAVERA.mp3\">https:\/\/www.radiopiu.net\/wordpress\/wp-content\/uploads\/2021\/03\/JOHN-FRANCIS-PRIMAVERA.mp3<\/a><\/audio>\n<p>&nbsp;<\/p>\n<p><a href=\"https:\/\/www.radiopiu.net\/wordpress\/e-primavera-di-john-francis-della-pietra\/1d78ca02-ffe3-4ce5-ab24-58c24080f18c\/\" rel=\"attachment wp-att-198300\"><img loading=\"lazy\" decoding=\"async\" class=\"size-medium wp-image-198300 alignright\" src=\"https:\/\/www.radiopiu.net\/wordpress\/wp-content\/uploads\/2021\/03\/1d78ca02-ffe3-4ce5-ab24-58c24080f18c-300x169.jpg\" alt=\"\" width=\"300\" height=\"169\" srcset=\"https:\/\/www.radiopiu.net\/wordpress\/wp-content\/uploads\/2021\/03\/1d78ca02-ffe3-4ce5-ab24-58c24080f18c-300x169.jpg 300w, https:\/\/www.radiopiu.net\/wordpress\/wp-content\/uploads\/2021\/03\/1d78ca02-ffe3-4ce5-ab24-58c24080f18c-1024x576.jpg 1024w, https:\/\/www.radiopiu.net\/wordpress\/wp-content\/uploads\/2021\/03\/1d78ca02-ffe3-4ce5-ab24-58c24080f18c-768x432.jpg 768w, https:\/\/www.radiopiu.net\/wordpress\/wp-content\/uploads\/2021\/03\/1d78ca02-ffe3-4ce5-ab24-58c24080f18c-1536x864.jpg 1536w, https:\/\/www.radiopiu.net\/wordpress\/wp-content\/uploads\/2021\/03\/1d78ca02-ffe3-4ce5-ab24-58c24080f18c.jpg 1599w\" sizes=\"auto, (max-width: 300px) 100vw, 300px\" \/><\/a>L\u00ec all&#8217;ombra nel profondo delle valli<br \/>\nO lass\u00f9 sugl&#8217;alti monti<br \/>\nDomina ancora il nonno inverno<br \/>\nCon la sua canuta neve<br \/>\nMa l\u00e0 sui pendii pi\u00f9 al sole<br \/>\nEsso giunge presto<br \/>\nAl mattino<br \/>\nInondando di luce e calore<br \/>\nLa terra sta uscendo ovunque dal freddo manto<br \/>\nL\u00e0 nei punti pi\u00f9 riparati<br \/>\nSotto a grandi alberi ancor spogli<br \/>\nSull&#8217;affiorar delle loro possenti radici<br \/>\nTimidi violacei fiorellini<br \/>\nSbocciano alla vita<br \/>\nAnnunciano come graziose ancelle<br \/>\nL&#8217;arrivo della loro giovane principessa<br \/>\nCanti di festosi uccellini<br \/>\nRiempiono l azzurro cielo<br \/>\nEd il nostro cuore<br \/>\nSui declivi i noccioli<br \/>\nSi son destati \u00e8 gia colorati di giallo<br \/>\nSulle rive dei rumoreggianti torrenti<br \/>\nAnche i salici han spinto fuori le loro pelose gemme<br \/>\nLe tracce degl&#8217;animali sul terreno<br \/>\nNon sono pi\u00f9 solitarie ma a coppie<br \/>\nPure lass\u00f9 tra le cime d alti abeti<br \/>\nLa stridula voce delle poiane<br \/>\nRichiama il nostro sguardo sul loro nuovo nido<br \/>\nS\u00ec in questa stagione<br \/>\nIn natura<br \/>\nTutto rinascer\u00e0 a nuova vita<br \/>\nRespiro a pieni polmoni<br \/>\nUn po&#8217; della sua tiepida aria<br \/>\nPoi mi sale dal profondo<br \/>\nUn grido di gioia<br \/>\n\u00c8 primavera!<\/p>\n<p>&nbsp;<\/p>\n<p>&nbsp;<\/p>\n<hr \/>\n<p>&nbsp;<\/p>\n<h2><span style=\"color: #ff0000;\"><a href=\"https:\/\/www.radiopiu.net\/wordpress\/giornale-radiopiu-05-gennaio-2021-direttore-mirko-mezzacasa\/133200401_100838761953611_1258544160541445132_o-2\/\" rel=\"attachment wp-att-183078\"><img loading=\"lazy\" decoding=\"async\" class=\" wp-image-183078 alignleft\" src=\"https:\/\/www.radiopiu.net\/wordpress\/wp-content\/uploads\/2021\/01\/133200401_100838761953611_1258544160541445132_o-1-300x157.jpg\" alt=\"\" width=\"192\" height=\"101\" srcset=\"https:\/\/www.radiopiu.net\/wordpress\/wp-content\/uploads\/2021\/01\/133200401_100838761953611_1258544160541445132_o-1-300x157.jpg 300w, https:\/\/www.radiopiu.net\/wordpress\/wp-content\/uploads\/2021\/01\/133200401_100838761953611_1258544160541445132_o-1.jpg 526w\" sizes=\"auto, (max-width: 192px) 100vw, 192px\" \/><\/a>GOCCE DI FILOSOFIA, CON CHIARA CAU, CON LISA DE LUCA. <\/span><\/h2>\n<h2><span style=\"color: #ff0000;\">TUTTI I GIORNI DAL LUNEDI AL VENERDI ALLE 6.55 E ALLE 18.55<\/span><\/h2>\n<p>&nbsp;<\/p>\n<h3>LA RACCOLTA COMPLETA<\/h3>\n<blockquote class=\"wp-embedded-content\" data-secret=\"VIhqQGkinq\"><p><a href=\"https:\/\/www.radiopiu.net\/wordpress\/gocce-filosofia\/\">Gocce di filosofia<\/a><\/p><\/blockquote>\n<p><iframe loading=\"lazy\" class=\"wp-embedded-content\" sandbox=\"allow-scripts\" security=\"restricted\" style=\"position: absolute; clip: rect(1px, 1px, 1px, 1px);\" title=\"&#8220;Gocce di filosofia&#8221; &#8212; Radio Pi\u00f9\" src=\"https:\/\/www.radiopiu.net\/wordpress\/gocce-filosofia\/embed\/#?secret=VIhqQGkinq\" data-secret=\"VIhqQGkinq\" width=\"600\" height=\"338\" frameborder=\"0\" marginwidth=\"0\" marginheight=\"0\" scrolling=\"no\"><\/iframe><\/p>\n<h2><\/h2>\n<p>&nbsp;<\/p>\n<hr \/>\n<p>&nbsp;<\/p>\n<blockquote>\n<h2>FANTASTICHE DOLOMITI, NUOVA STAGIONE. APPUNTAMENTO QUINDICINALE IL GIOVEDI ALLE 10.30 E 19.00<\/h2>\n<\/blockquote>\n<h2><span style=\"color: #ff0000;\">LA UNDICESIMA PUNTATA dell&#8217;11marzo2021<\/span><\/h2>\n<p><strong><a href=\"https:\/\/www.radiopiu.net\/wordpress\/raccolta-completa\/121869645_648442942701436_4748562330148520081_n-2\/\" rel=\"attachment wp-att-196402\"><img loading=\"lazy\" decoding=\"async\" class=\"wp-image-196402 alignleft\" src=\"https:\/\/www.radiopiu.net\/wordpress\/wp-content\/uploads\/2021\/02\/121869645_648442942701436_4748562330148520081_n-1-300x169.jpg\" alt=\"\" width=\"160\" height=\"90\" srcset=\"https:\/\/www.radiopiu.net\/wordpress\/wp-content\/uploads\/2021\/02\/121869645_648442942701436_4748562330148520081_n-1-300x169.jpg 300w, https:\/\/www.radiopiu.net\/wordpress\/wp-content\/uploads\/2021\/02\/121869645_648442942701436_4748562330148520081_n-1-1024x576.jpg 1024w, https:\/\/www.radiopiu.net\/wordpress\/wp-content\/uploads\/2021\/02\/121869645_648442942701436_4748562330148520081_n-1-768x432.jpg 768w, https:\/\/www.radiopiu.net\/wordpress\/wp-content\/uploads\/2021\/02\/121869645_648442942701436_4748562330148520081_n-1-1536x864.jpg 1536w, https:\/\/www.radiopiu.net\/wordpress\/wp-content\/uploads\/2021\/02\/121869645_648442942701436_4748562330148520081_n-1.jpg 1707w\" sizes=\"auto, (max-width: 160px) 100vw, 160px\" \/><\/a>OSPITE IL PRESIDENTE CLAUDIO CANOVA, due giovani veterinari Michele e Maria investono nell&#8217;attivit\u00e0 sostenibile, l&#8217;allevamento delle trote a Piz di Sospirolo<\/strong><\/p>\n<audio class=\"wp-audio-shortcode\" id=\"audio-198266-7\" preload=\"none\" style=\"width: 100%;\" controls=\"controls\"><source type=\"audio\/mpeg\" src=\"https:\/\/www.radiopiu.net\/wordpress\/wp-content\/uploads\/2021\/03\/fantastiche-dolomiti-11-mazo.mp3?_=7\" \/><a href=\"https:\/\/www.radiopiu.net\/wordpress\/wp-content\/uploads\/2021\/03\/fantastiche-dolomiti-11-mazo.mp3\">https:\/\/www.radiopiu.net\/wordpress\/wp-content\/uploads\/2021\/03\/fantastiche-dolomiti-11-mazo.mp3<\/a><\/audio>\n<p>&nbsp;<\/p>\n<h3>LA RACCOLTA COMPLETA<\/h3>\n<p>https:\/\/www.radiopiu.net\/wordpress\/raccolta-completa\/<\/p>\n<p>&nbsp;<\/p>\n<p>&nbsp;<\/p>\n<p>&nbsp;<\/p>\n<p>&nbsp;<\/p>\n<hr \/>\n<h2><span style=\"color: #ff0000;\">ALLA RADIO<\/span><\/h2>\n<blockquote><p><strong>CONOSCIAMO I CORI DELLA PROVINCIA, IL CORO CTG DI BELLUNO<\/strong><\/p><\/blockquote>\n<div style=\"width: 640px;\" class=\"wp-video\"><video class=\"wp-video-shortcode\" id=\"video-198266-5\" width=\"640\" height=\"360\" preload=\"metadata\" controls=\"controls\"><source type=\"video\/mp4\" src=\"https:\/\/www.radiopiu.net\/wordpress\/wp-content\/uploads\/2021\/03\/coro-ctg-belluno.mp4?_=5\" \/><a href=\"https:\/\/www.radiopiu.net\/wordpress\/wp-content\/uploads\/2021\/03\/coro-ctg-belluno.mp4\">https:\/\/www.radiopiu.net\/wordpress\/wp-content\/uploads\/2021\/03\/coro-ctg-belluno.mp4<\/a><\/video><\/div>\n<h1>LA RACCOLTA COMPLETA<\/h1>\n<p>&nbsp;<\/p>\n<blockquote class=\"wp-embedded-content\" data-secret=\"3pDsSbutdD\"><p><a href=\"https:\/\/www.radiopiu.net\/wordpress\/la-corale-di-limana-presenta-liniziativa-solidale-pasquale\/\">LA CORALE DI LIMANA PRESENTA L&#8217;INIZIATIVA SOLIDALE PASQUALE<\/a><\/p><\/blockquote>\n<p><iframe loading=\"lazy\" class=\"wp-embedded-content\" sandbox=\"allow-scripts\" security=\"restricted\" style=\"position: absolute; clip: rect(1px, 1px, 1px, 1px);\" title=\"&#8220;LA CORALE DI LIMANA PRESENTA L&#8217;INIZIATIVA SOLIDALE PASQUALE&#8221; &#8212; Radio Pi\u00f9\" src=\"https:\/\/www.radiopiu.net\/wordpress\/la-corale-di-limana-presenta-liniziativa-solidale-pasquale\/embed\/#?secret=3pDsSbutdD\" data-secret=\"3pDsSbutdD\" width=\"600\" height=\"338\" frameborder=\"0\" marginwidth=\"0\" marginheight=\"0\" scrolling=\"no\"><\/iframe><\/p>\n<p>&nbsp;<\/p>\n<hr \/>\n<p>&nbsp;<\/p>\n<p>&nbsp;<\/p>\n<h2><strong><span style=\"color: #ff0000;\">IERI ALLA RADIO<\/span><\/strong><\/h2>\n<div data-offset-key=\"5n5nl-0-0\">\n<h3>Per ricevere gli aggiornamenti in tempo reale delle notizie pubblicate alla radio e sul sito di radio pi\u00f9 iscriviti al gruppo RADIO PIU INFORMAZIONE su Telegram.\u00a0\u00a0<a href=\"https:\/\/t.me\/radiopiu\">clicca qui<\/a><\/h3>\n<p><strong><a class=\"dt-pswp-item\" href=\"https:\/\/www.radiopiu.net\/wordpress\/wp-content\/uploads\/2020\/01\/logo-csa.jpg\" data-dt-img-description=\"\" data-large_image_width=\"1167\" data-large_image_height=\"574\"><img loading=\"lazy\" decoding=\"async\" class=\"alignnone size-medium wp-image-113364\" src=\"https:\/\/www.radiopiu.net\/wordpress\/wp-content\/uploads\/2020\/01\/logo-csa-300x148.jpg\" alt=\"\" width=\"300\" height=\"148\" srcset=\"https:\/\/www.radiopiu.net\/wordpress\/wp-content\/uploads\/2020\/01\/logo-csa-300x148.jpg 300w, https:\/\/www.radiopiu.net\/wordpress\/wp-content\/uploads\/2020\/01\/logo-csa-1024x504.jpg 1024w, https:\/\/www.radiopiu.net\/wordpress\/wp-content\/uploads\/2020\/01\/logo-csa-768x378.jpg 768w, https:\/\/www.radiopiu.net\/wordpress\/wp-content\/uploads\/2020\/01\/logo-csa.jpg 1167w\" sizes=\"auto, (max-width: 300px) 100vw, 300px\" \/><\/a>AGORDO<\/strong> Appuntamento mensile (primo venerdi del mese) con lo speciale condotto da Claudio Fontanive, in studio Fabrizio Campedel e Paolo Chissal\u00e8.<\/p>\n<\/div>\n<audio class=\"wp-audio-shortcode\" id=\"audio-198266-8\" preload=\"none\" style=\"width: 100%;\" controls=\"controls\"><source type=\"audio\/mpeg\" src=\"https:\/\/www.radiopiu.net\/wordpress\/wp-content\/uploads\/2021\/03\/ca-sol-lux-marzo.mp3?_=8\" \/><a href=\"https:\/\/www.radiopiu.net\/wordpress\/wp-content\/uploads\/2021\/03\/ca-sol-lux-marzo.mp3\">https:\/\/www.radiopiu.net\/wordpress\/wp-content\/uploads\/2021\/03\/ca-sol-lux-marzo.mp3<\/a><\/audio>\n<blockquote>\n<h2>RACCOLTA COMPLETA<\/h2>\n<\/blockquote>\n<blockquote class=\"wp-embedded-content\" data-secret=\"DgXQQ1VSLE\"><p><a href=\"https:\/\/www.radiopiu.net\/wordpress\/cassa-solidarieta-luxottica-puntata-del-16-ottobre-2020\/\">CASSA SOLIDARIET\u00c0 LUXOTTICA &#8211; PUNTATA DEL 20 NOVEMBRE 2020<\/a><\/p><\/blockquote>\n<p><iframe loading=\"lazy\" class=\"wp-embedded-content\" sandbox=\"allow-scripts\" security=\"restricted\" style=\"position: absolute; clip: rect(1px, 1px, 1px, 1px);\" title=\"&#8220;CASSA SOLIDARIET\u00c0 LUXOTTICA &#8211; PUNTATA DEL 20 NOVEMBRE 2020&#8221; &#8212; Radio Pi\u00f9\" src=\"https:\/\/www.radiopiu.net\/wordpress\/cassa-solidarieta-luxottica-puntata-del-16-ottobre-2020\/embed\/#?secret=DgXQQ1VSLE\" data-secret=\"DgXQQ1VSLE\" width=\"600\" height=\"338\" frameborder=\"0\" marginwidth=\"0\" marginheight=\"0\" scrolling=\"no\"><\/iframe><\/p>\n<div><\/div>\n<p>&nbsp;<\/p>\n<p>&nbsp;<\/p>\n<p>&nbsp;<\/p>\n<p>&nbsp;<\/p>\n<hr \/>\n<blockquote>\n<h3><a href=\"https:\/\/www.radiopiu.net\/wordpress\/giornale-radiopiu-06-febbraio-2019-direttore-mirko-mezzacasa\/logo_spi-cgil-800x445\/\" rel=\"attachment wp-att-75538\"><img loading=\"lazy\" decoding=\"async\" class=\"wp-image-75538 alignleft\" src=\"https:\/\/www.radiopiu.net\/wordpress\/wp-content\/uploads\/2019\/02\/Logo_Spi-CGIL-800x445-300x167.jpg\" alt=\"\" width=\"210\" height=\"117\" srcset=\"https:\/\/www.radiopiu.net\/wordpress\/wp-content\/uploads\/2019\/02\/Logo_Spi-CGIL-800x445-300x167.jpg 300w, https:\/\/www.radiopiu.net\/wordpress\/wp-content\/uploads\/2019\/02\/Logo_Spi-CGIL-800x445-768x427.jpg 768w, https:\/\/www.radiopiu.net\/wordpress\/wp-content\/uploads\/2019\/02\/Logo_Spi-CGIL-800x445.jpg 800w\" sizes=\"auto, (max-width: 210px) 100vw, 210px\" \/><\/a>ALLA RADIO, APPUNTAMENTO QUINDICINALE CON SPI-CGIL BELLUNO, IN STUDIO MARIA RITA GENTILIN<\/h3>\n<\/blockquote>\n<p><strong>di Claudio Fontanive\u00a0<\/strong><\/p>\n<p>&nbsp;<\/p>\n<p><span style=\"color: #ff0000;\"><strong>PUNTATA DEL 18 MARZO 2021<\/strong><\/span><\/p>\n<audio class=\"wp-audio-shortcode\" id=\"audio-198266-9\" preload=\"none\" style=\"width: 100%;\" controls=\"controls\"><source type=\"audio\/mpeg\" src=\"https:\/\/www.radiopiu.net\/wordpress\/wp-content\/uploads\/2021\/03\/spi-cigl-18-marzo.mp3?_=9\" \/><a href=\"https:\/\/www.radiopiu.net\/wordpress\/wp-content\/uploads\/2021\/03\/spi-cigl-18-marzo.mp3\">https:\/\/www.radiopiu.net\/wordpress\/wp-content\/uploads\/2021\/03\/spi-cigl-18-marzo.mp3<\/a><\/audio>\n<p>&nbsp;<\/p>\n<p>&nbsp;<\/p>\n<hr \/>\n<p>&nbsp;<\/p>\n<div class=\"wp-media-wrapper wp-audio\">\n<div id=\"mep_0\" class=\"mejs-container mejs-container-keyboard-inactive wp-audio-shortcode mejs-audio\" tabindex=\"0\" role=\"application\" aria-label=\"Audio Player\">\n<div class=\"mejs-inner\">\n<div class=\"mejs-controls\">\n<div class=\"mejs-horizontal-volume-total\">\n<div><\/div>\n<\/div>\n<\/div>\n<div><strong><span style=\"color: #ff0000;\">MUSLA, IL NUOVO PROGRAMMA<\/span><\/strong><\/div>\n<\/div>\n<\/div>\n<\/div>\n<div class=\"details\">\n<h1 class=\"filename\">Pontada-3-Le-tipologie-de-Ladin<\/h1>\n<\/div>\n<audio class=\"wp-audio-shortcode\" id=\"audio-198266-10\" preload=\"none\" style=\"width: 100%;\" controls=\"controls\"><source type=\"audio\/mpeg\" src=\"https:\/\/www.radiopiu.net\/wordpress\/wp-content\/uploads\/2021\/03\/Pontada-3-Le-tipologie-de-LADIN.mp3?_=10\" \/><a href=\"https:\/\/www.radiopiu.net\/wordpress\/wp-content\/uploads\/2021\/03\/Pontada-3-Le-tipologie-de-LADIN.mp3\">https:\/\/www.radiopiu.net\/wordpress\/wp-content\/uploads\/2021\/03\/Pontada-3-Le-tipologie-de-LADIN.mp3<\/a><\/audio>\n<blockquote>\n<h2>LA RACCOLTA COMPLETA<\/h2>\n<\/blockquote>\n<blockquote class=\"wp-embedded-content\" data-secret=\"Ze6H0dn8Yv\"><p><a href=\"https:\/\/www.radiopiu.net\/wordpress\/agora-agordina-la-nosta-piaza\/\">AGORA&#8217; AGORDINA&#8230; LA NOSTA PIAZA LADINA.  pagina in aggiornamento continuo<\/a><\/p><\/blockquote>\n<p><iframe loading=\"lazy\" class=\"wp-embedded-content\" sandbox=\"allow-scripts\" security=\"restricted\" style=\"position: absolute; clip: rect(1px, 1px, 1px, 1px);\" title=\"&#8220;AGORA&#8217; AGORDINA&#8230; LA NOSTA PIAZA LADINA.  pagina in aggiornamento continuo&#8221; &#8212; Radio Pi\u00f9\" src=\"https:\/\/www.radiopiu.net\/wordpress\/agora-agordina-la-nosta-piaza\/embed\/#?secret=Ze6H0dn8Yv\" data-secret=\"Ze6H0dn8Yv\" width=\"600\" height=\"338\" frameborder=\"0\" marginwidth=\"0\" marginheight=\"0\" scrolling=\"no\"><\/iframe><\/p>\n<p>&nbsp;<\/p>\n<hr \/>\n<p>&nbsp;<\/p>\n<blockquote>\n<h3><a href=\"https:\/\/www.radiopiu.net\/wordpress\/almanacco-ladino-puntata-5-2020\/sn\/\" rel=\"attachment wp-att-180931\"><img loading=\"lazy\" decoding=\"async\" class=\"wp-image-180931 alignleft\" src=\"https:\/\/www.radiopiu.net\/wordpress\/wp-content\/uploads\/2020\/12\/sn-300x194.jpg\" alt=\"\" width=\"181\" height=\"117\" srcset=\"https:\/\/www.radiopiu.net\/wordpress\/wp-content\/uploads\/2020\/12\/sn-300x194.jpg 300w, https:\/\/www.radiopiu.net\/wordpress\/wp-content\/uploads\/2020\/12\/sn.jpg 626w\" sizes=\"auto, (max-width: 181px) 100vw, 181px\" \/><\/a>L&#8217;ALMANACCO LADINO CON L&#8217;ISTITUT CESA DE JAN QUINDICINALE APPUNTAMENTO. LA DOMENICA ALLE 9 IL LUNEDI ALLE 8.35 IL MARTEDI ALLE 12.35 IL MERCOLEDI ALLE 18.35. SECONDA STAGIONE.<\/h3>\n<p><strong>LA PUNTATA DELLA SETTIMANA<\/strong><\/p><\/blockquote>\n<audio class=\"wp-audio-shortcode\" id=\"audio-198266-11\" preload=\"none\" style=\"width: 100%;\" controls=\"controls\"><source type=\"audio\/mpeg\" src=\"https:\/\/www.radiopiu.net\/wordpress\/wp-content\/uploads\/2021\/03\/54\u00b0Almanacco-Ladino_Col-1.mp3?_=11\" \/><a href=\"https:\/\/www.radiopiu.net\/wordpress\/wp-content\/uploads\/2021\/03\/54\u00b0Almanacco-Ladino_Col-1.mp3\">https:\/\/www.radiopiu.net\/wordpress\/wp-content\/uploads\/2021\/03\/54\u00b0Almanacco-Ladino_Col-1.mp3<\/a><\/audio>\n<p>&nbsp;<\/p>\n<p><strong>RACCOLTA COMPLETA\u00a0<\/strong><\/p>\n<blockquote class=\"wp-embedded-content\" data-secret=\"guLOqqXxhH\"><p><a href=\"https:\/\/www.radiopiu.net\/wordpress\/almanacco-ladino\/\">Almanacco Ladino<\/a><\/p><\/blockquote>\n<p><iframe loading=\"lazy\" class=\"wp-embedded-content\" sandbox=\"allow-scripts\" security=\"restricted\" style=\"position: absolute; clip: rect(1px, 1px, 1px, 1px);\" title=\"&#8220;Almanacco Ladino&#8221; &#8212; Radio Pi\u00f9\" src=\"https:\/\/www.radiopiu.net\/wordpress\/almanacco-ladino\/embed\/#?secret=guLOqqXxhH\" data-secret=\"guLOqqXxhH\" width=\"600\" height=\"338\" frameborder=\"0\" marginwidth=\"0\" marginheight=\"0\" scrolling=\"no\"><\/iframe><\/p>\n<p>&nbsp;<\/p>\n<p>&nbsp;<\/p>\n<hr \/>\n<p>&nbsp;<\/p>\n<div>\n<h2><span style=\"color: #ff0000;\">ALLA RADIO<\/span><\/h2>\n<\/div>\n<div>\n<h2><strong><a href=\"https:\/\/www.radiopiu.net\/wordpress\/giornale-radiopiu-17-marzo-2021-direttore-mirko-mezzacasa\/160935989_1607940962727298_4221035489770854642_o\/\" rel=\"attachment wp-att-197386\"><img loading=\"lazy\" decoding=\"async\" class=\"wp-image-197386 alignleft\" src=\"https:\/\/www.radiopiu.net\/wordpress\/wp-content\/uploads\/2021\/03\/160935989_1607940962727298_4221035489770854642_o-207x300.jpg\" alt=\"\" width=\"134\" height=\"194\" srcset=\"https:\/\/www.radiopiu.net\/wordpress\/wp-content\/uploads\/2021\/03\/160935989_1607940962727298_4221035489770854642_o-207x300.jpg 207w, https:\/\/www.radiopiu.net\/wordpress\/wp-content\/uploads\/2021\/03\/160935989_1607940962727298_4221035489770854642_o.jpg 526w\" sizes=\"auto, (max-width: 134px) 100vw, 134px\" \/><\/a>LE\u00a0 PUNTATE di Luisa Alchini di Leggermente Bellunesi, la domenica alle 11, <span style=\"color: #0000ff;\">IL MARTEDI IN PRIMA EDIZIONE\u00a0<\/span> alle 10.30 e alle 19.00<\/strong><\/h2>\n<\/div>\n<div>\n<div dir=\"auto\">La nostalgia di un antico focolare con il suo dolce calore ,rievocata nel libro di Paolo Farinati dal titolo dialettale &#8220;Intorn al fogh\u00e8r&#8221;<\/div>\n<\/div>\n<div dir=\"auto\"><\/div>\n<div dir=\"auto\"><strong>AUDIO<\/strong><\/div>\n<div>\n<audio class=\"wp-audio-shortcode\" id=\"audio-198266-12\" preload=\"none\" style=\"width: 100%;\" controls=\"controls\"><source type=\"audio\/mpeg\" src=\"https:\/\/www.radiopiu.net\/wordpress\/wp-content\/uploads\/2020\/10\/22leggermentepaolofarinati.mp3?_=12\" \/><a href=\"https:\/\/www.radiopiu.net\/wordpress\/wp-content\/uploads\/2020\/10\/22leggermentepaolofarinati.mp3\">https:\/\/www.radiopiu.net\/wordpress\/wp-content\/uploads\/2020\/10\/22leggermentepaolofarinati.mp3<\/a><\/audio>\n<\/div>\n<blockquote>\n<div>\n<h2><strong style=\"font-size: 14px;\"><span style=\"color: #000000;\">RACCOLTA COMPLETA<\/span><\/strong><\/h2>\n<\/div>\n<blockquote class=\"wp-embedded-content\" data-secret=\"2UKN5ED6UL\"><p><a href=\"https:\/\/www.radiopiu.net\/wordpress\/leggermente-20\/\">LEGGERmente&#8230;Bellunesi<\/a><\/p><\/blockquote>\n<p><iframe loading=\"lazy\" class=\"wp-embedded-content\" sandbox=\"allow-scripts\" security=\"restricted\" style=\"position: absolute; clip: rect(1px, 1px, 1px, 1px);\" title=\"&#8220;LEGGERmente&#8230;Bellunesi&#8221; &#8212; Radio Pi\u00f9\" src=\"https:\/\/www.radiopiu.net\/wordpress\/leggermente-20\/embed\/#?secret=2UKN5ED6UL\" data-secret=\"2UKN5ED6UL\" width=\"600\" height=\"338\" frameborder=\"0\" marginwidth=\"0\" marginheight=\"0\" scrolling=\"no\"><\/iframe><\/p>\n<p>&nbsp;<\/p><\/blockquote>\n<hr \/>\n<p>&nbsp;<\/p>\n<h2><span style=\"color: #ff0000;\"><img decoding=\"async\" class=\"alignleft\" src=\"https:\/\/www.radiopiu.net\/wordpress\/wp-content\/uploads\/2021\/03\/th-5.jpg\" \/><\/span><\/h2>\n<h2><\/h2>\n<h2><span style=\"color: #ff0000;\">ALLA RADIO<\/span><\/h2>\n<h2><span style=\"color: #008000;\">ERBE E PIANTE CURATIVE&#8230;IL\u00a0 PROGRAMMA DI PAOLA LANCIATO<\/span><\/h2>\n<p><strong>SETTIMA\u00a0 PUNTATA &#8211; LA CAMOMILLA<\/strong><\/p>\n<audio class=\"wp-audio-shortcode\" id=\"audio-198266-13\" preload=\"none\" style=\"width: 100%;\" controls=\"controls\"><source type=\"audio\/mpeg\" src=\"https:\/\/www.radiopiu.net\/wordpress\/wp-content\/uploads\/2020\/10\/7-La-Camomilla-M.mp3?_=13\" \/><a href=\"https:\/\/www.radiopiu.net\/wordpress\/wp-content\/uploads\/2020\/10\/7-La-Camomilla-M.mp3\">https:\/\/www.radiopiu.net\/wordpress\/wp-content\/uploads\/2020\/10\/7-La-Camomilla-M.mp3<\/a><\/audio>\n<p><strong>LA RACCOLTA COMPLETA<\/strong><\/p>\n<blockquote class=\"wp-embedded-content\" data-secret=\"qTe4Lw9gA6\"><p><a href=\"https:\/\/www.radiopiu.net\/wordpress\/erbe-e-piante-curative\/\">ERBE E PIANTE CURATIVE<\/a><\/p><\/blockquote>\n<p><iframe loading=\"lazy\" class=\"wp-embedded-content\" sandbox=\"allow-scripts\" security=\"restricted\" style=\"position: absolute; clip: rect(1px, 1px, 1px, 1px);\" title=\"&#8220;ERBE E PIANTE CURATIVE&#8221; &#8212; Radio Pi\u00f9\" src=\"https:\/\/www.radiopiu.net\/wordpress\/erbe-e-piante-curative\/embed\/#?secret=qTe4Lw9gA6\" data-secret=\"qTe4Lw9gA6\" width=\"600\" height=\"338\" frameborder=\"0\" marginwidth=\"0\" marginheight=\"0\" scrolling=\"no\"><\/iframe><\/p>\n<p>&nbsp;<\/p>\n<hr \/>\n<p>&nbsp;<\/p>\n<p>&nbsp;<\/p>\n<div class=\"im_message_wrap clearfix\">\n<div class=\"im_content_message_wrap im_message_out\">\n<h2><span style=\"color: #ff0000;\">IN VIVO VERSO 2020-21<\/span><\/h2>\n<p><strong><span style=\"color: #0000ff;\">IN ONDA DAL LUNEDI AL VENERDI ALLE 7.10, 10.10, 18.50\u00a0 \u00a0<\/span><\/strong><\/p>\n<blockquote class=\"wp-embedded-content\" data-secret=\"NizGfqIv9Z\"><p><a href=\"https:\/\/www.radiopiu.net\/wordpress\/ventun-marzo-di-lorena-brandolese\/\">VENTUN MARZO di LORENA BRANDOLESE<\/a><\/p><\/blockquote>\n<p><iframe loading=\"lazy\" class=\"wp-embedded-content\" sandbox=\"allow-scripts\" security=\"restricted\" style=\"position: absolute; clip: rect(1px, 1px, 1px, 1px);\" title=\"&#8220;VENTUN MARZO di LORENA BRANDOLESE&#8221; &#8212; Radio Pi\u00f9\" src=\"https:\/\/www.radiopiu.net\/wordpress\/ventun-marzo-di-lorena-brandolese\/embed\/#?secret=NizGfqIv9Z\" data-secret=\"NizGfqIv9Z\" width=\"600\" height=\"338\" frameborder=\"0\" marginwidth=\"0\" marginheight=\"0\" scrolling=\"no\"><\/iframe><\/p>\n<h3><span style=\"color: #808000;\">\u00a0<\/span>LA RACCOLTA COMPLETA<\/h3>\n<blockquote class=\"wp-embedded-content\" data-secret=\"CgORsI80WY\"><p><a href=\"https:\/\/www.radiopiu.net\/wordpress\/in-vivo-verso\/\">In Vivo Verso<\/a><\/p><\/blockquote>\n<p><iframe loading=\"lazy\" class=\"wp-embedded-content\" sandbox=\"allow-scripts\" security=\"restricted\" style=\"position: absolute; clip: rect(1px, 1px, 1px, 1px);\" title=\"&#8220;In Vivo Verso&#8221; &#8212; Radio Pi\u00f9\" src=\"https:\/\/www.radiopiu.net\/wordpress\/in-vivo-verso\/embed\/#?secret=CgORsI80WY\" data-secret=\"CgORsI80WY\" width=\"600\" height=\"338\" frameborder=\"0\" marginwidth=\"0\" marginheight=\"0\" scrolling=\"no\"><\/iframe><\/p>\n<p>&nbsp;<\/p>\n<hr \/>\n<p>&nbsp;<\/p>\n<\/div>\n<\/div>\n<h2><span style=\"color: #808000;\">DUE MINUTI UN LIBRO\u00a0 TUTTI I GIORNI ALLA RADIO ALLE 9.30 E ALLE 18. QUINTA STAGIONE\u00a0<\/span><\/h2>\n<h3><span style=\"color: #808000;\">\u00a0<\/span>LA RACCOLTA COMPLETA<\/h3>\n<blockquote class=\"wp-embedded-content\" data-secret=\"SJl83qNr6F\"><p><a href=\"https:\/\/www.radiopiu.net\/wordpress\/due-minuti-un-libro\/\">Due minuti un libro<\/a><\/p><\/blockquote>\n<p><iframe loading=\"lazy\" class=\"wp-embedded-content\" sandbox=\"allow-scripts\" security=\"restricted\" style=\"position: absolute; clip: rect(1px, 1px, 1px, 1px);\" title=\"&#8220;Due minuti un libro&#8221; &#8212; Radio Pi\u00f9\" src=\"https:\/\/www.radiopiu.net\/wordpress\/due-minuti-un-libro\/embed\/#?secret=SJl83qNr6F\" data-secret=\"SJl83qNr6F\" width=\"600\" height=\"338\" frameborder=\"0\" marginwidth=\"0\" marginheight=\"0\" scrolling=\"no\"><\/iframe><\/p>\n<p>&nbsp;<\/p>\n<p>&nbsp;<\/p>\n<hr \/>\n<h2>\u00a0IERI ALLA RADIO, FRANCESCO ZILLIO<\/h2>\n<p><iframe loading=\"lazy\" title=\"SERVIZI DI COMUNICAZIONE MEDIANTE SMART PHONE CON APPLICAZIONI PROFESSIONALI\" width=\"1200\" height=\"675\" src=\"https:\/\/www.youtube.com\/embed\/hZrKOddSq2k?start=7&#038;feature=oembed\" frameborder=\"0\" allow=\"accelerometer; autoplay; clipboard-write; encrypted-media; gyroscope; picture-in-picture\" allowfullscreen><\/iframe><\/p>\n<p>&nbsp;<\/p>\n<h3><strong>LA RACCOLTA COMPLETA\u00a0<\/strong><\/h3>\n<blockquote class=\"wp-embedded-content\" data-secret=\"cQBWn37NKk\"><p><a href=\"https:\/\/www.radiopiu.net\/wordpress\/ep-center-video-gallery\/\">EP CENTER video gallery<\/a><\/p><\/blockquote>\n<p><iframe loading=\"lazy\" class=\"wp-embedded-content\" sandbox=\"allow-scripts\" security=\"restricted\" style=\"position: absolute; clip: rect(1px, 1px, 1px, 1px);\" title=\"&#8220;EP CENTER video gallery&#8221; &#8212; Radio Pi\u00f9\" src=\"https:\/\/www.radiopiu.net\/wordpress\/ep-center-video-gallery\/embed\/#?secret=cQBWn37NKk\" data-secret=\"cQBWn37NKk\" width=\"600\" height=\"338\" frameborder=\"0\" marginwidth=\"0\" marginheight=\"0\" scrolling=\"no\"><\/iframe><\/p>\n<a href=\"https:\/\/www.radiopiu.net\/wordpress\/wp-content\/uploads\/2021\/03\/199x267_GazzJunior_webinar.pdf\" class=\"pdfemb-viewer\" style=\"\" data-width=\"max\" data-height=\"max\" data-toolbar=\"top\" data-toolbar-fixed=\"on\">199x267_GazzJunior_webinar<\/a>\n<p>&nbsp;<\/p>\n<hr \/>\n<div dir=\"auto\">\n<div>\n<h2><span style=\"color: #800080;\"><strong>LA RASSEGNA STAMPA DA L&#8217;AMICO DEL POPOLO\u00a0<\/strong><\/span><\/h2>\n<h3 class=\"kvgmc6g5 cxmmr5t8 oygrvhab hcukyx3x c1et5uql\"><span style=\"color: #0000ff;\"> INFORMAZIONE il canale su TELEGRAM informazione di prima mano e in tempo reale. iscriviti ed aiutaci a farlo conoscere\u00a0<\/span><\/h3>\n<p><strong><a href=\"https:\/\/www.radiopiu.net\/wordpress\/la-rassegna-stampa-da-lamico-del-popolo-20-marzo-2021\/51228051_10218915123975947_5721189105933484032_o\/\" rel=\"attachment wp-att-198250\"><img loading=\"lazy\" decoding=\"async\" class=\"size-medium wp-image-198250 alignleft\" src=\"https:\/\/www.radiopiu.net\/wordpress\/wp-content\/uploads\/2021\/03\/51228051_10218915123975947_5721189105933484032_o-300x300.jpg\" alt=\"\" width=\"300\" height=\"300\" srcset=\"https:\/\/www.radiopiu.net\/wordpress\/wp-content\/uploads\/2021\/03\/51228051_10218915123975947_5721189105933484032_o-300x300.jpg 300w, https:\/\/www.radiopiu.net\/wordpress\/wp-content\/uploads\/2021\/03\/51228051_10218915123975947_5721189105933484032_o-1024x1024.jpg 1024w, https:\/\/www.radiopiu.net\/wordpress\/wp-content\/uploads\/2021\/03\/51228051_10218915123975947_5721189105933484032_o-150x150.jpg 150w, https:\/\/www.radiopiu.net\/wordpress\/wp-content\/uploads\/2021\/03\/51228051_10218915123975947_5721189105933484032_o-768x768.jpg 768w, https:\/\/www.radiopiu.net\/wordpress\/wp-content\/uploads\/2021\/03\/51228051_10218915123975947_5721189105933484032_o.jpg 1066w\" sizes=\"auto, (max-width: 300px) 100vw, 300px\" \/><\/a>di Gianni Santomaso<\/strong><\/p>\n<p>OSPITE: Mirko Mezzacasa<\/p>\n<audio class=\"wp-audio-shortcode\" id=\"audio-198266-14\" preload=\"none\" style=\"width: 100%;\" controls=\"controls\"><source type=\"audio\/mpeg\" src=\"https:\/\/www.radiopiu.net\/wordpress\/wp-content\/uploads\/2020\/10\/RASSEGNA-GIANNI-7.mp3?_=14\" \/><a href=\"https:\/\/www.radiopiu.net\/wordpress\/wp-content\/uploads\/2020\/10\/RASSEGNA-GIANNI-7.mp3\">https:\/\/www.radiopiu.net\/wordpress\/wp-content\/uploads\/2020\/10\/RASSEGNA-GIANNI-7.mp3<\/a><\/audio>\n<p>&nbsp;<\/p>\n<p><strong>LA RACCOLTA COMPLETA<\/strong><\/p>\n<blockquote class=\"wp-embedded-content\" data-secret=\"7vOKNqPaoK\"><p><a href=\"https:\/\/www.radiopiu.net\/wordpress\/rassegna-stampa-di-gianni-santomaso\/\">Rassegna stampa da l&#8217;amico del popolo &#8211; di Gianni Santomaso<\/a><\/p><\/blockquote>\n<p><iframe loading=\"lazy\" class=\"wp-embedded-content\" sandbox=\"allow-scripts\" security=\"restricted\" style=\"position: absolute; clip: rect(1px, 1px, 1px, 1px);\" title=\"&#8220;Rassegna stampa da l&#8217;amico del popolo &#8211; di Gianni Santomaso&#8221; &#8212; Radio Pi\u00f9\" src=\"https:\/\/www.radiopiu.net\/wordpress\/rassegna-stampa-di-gianni-santomaso\/embed\/#?secret=7vOKNqPaoK\" data-secret=\"7vOKNqPaoK\" width=\"600\" height=\"338\" frameborder=\"0\" marginwidth=\"0\" marginheight=\"0\" scrolling=\"no\"><\/iframe><\/p>\n<p>&nbsp;<\/p>\n<p>&nbsp;<\/p>\n<hr \/>\n<p>&nbsp;<\/p>\n<blockquote>\n<h3>SALUTE E SOCIETA&#8217; IL LUNEDI ALLE 13.10 E ALLE 20.10, LA DOMENICA ALLE 10.30 A CURA DEL DOTTOR MARCO CARACCIOLO. QUINTA STAGIONE<\/h3>\n<\/blockquote>\n<p><strong><a href=\"https:\/\/www.radiopiu.net\/wordpress\/giornale-radiopiu-16-marzo-2021-direttore-mirko-mezzacasa\/ba741df3-66d4-42a4-992b-1ea24faa47d8\/\" rel=\"attachment wp-att-197176\"><img loading=\"lazy\" decoding=\"async\" class=\"wp-image-197176 alignleft\" src=\"https:\/\/www.radiopiu.net\/wordpress\/wp-content\/uploads\/2021\/03\/ba741df3-66d4-42a4-992b-1ea24faa47d8-300x167.jpg\" alt=\"\" width=\"237\" height=\"132\" srcset=\"https:\/\/www.radiopiu.net\/wordpress\/wp-content\/uploads\/2021\/03\/ba741df3-66d4-42a4-992b-1ea24faa47d8-300x167.jpg 300w, https:\/\/www.radiopiu.net\/wordpress\/wp-content\/uploads\/2021\/03\/ba741df3-66d4-42a4-992b-1ea24faa47d8-768x427.jpg 768w, https:\/\/www.radiopiu.net\/wordpress\/wp-content\/uploads\/2021\/03\/ba741df3-66d4-42a4-992b-1ea24faa47d8.jpg 800w\" sizes=\"auto, (max-width: 237px) 100vw, 237px\" \/><\/a>LA PUNTATA DELLA SETTIMANA <\/strong>Colpisce circa 2 milioni di italiani ma \u00e8 ancora poco conosciuta. La sua diagnosi avviene con difficolt\u00e0 e spesso in ritardo. E\u2019 la fibromialgia, patologia che letteralmente significa dolore nei muscoli. Ad essa \u00e8 dedicato l\u2019instant book realizzato da Aisf-Odv, Associazione italiana Sindrome fibromialgica e scaricabile garatuitamente dal sito www.sindromefibromialgica.it Emilia Vaccaro ne ha parlato con Piercarlo Sarzi Puttini, presidente Aisf-Odv e Professore Ordinario di Reumatologia-Universit\u00e0 di Milano, Laura Bazzichi, Reumatologa dell\u2019AOU Pisana, Giusy Fabio vicepresidente Associazione Italiana Sindrome Fibromialgica<\/p>\n<audio class=\"wp-audio-shortcode\" id=\"audio-198266-15\" preload=\"none\" style=\"width: 100%;\" controls=\"controls\"><source type=\"audio\/mpeg\" src=\"https:\/\/www.radiopiu.net\/wordpress\/wp-content\/uploads\/2021\/03\/salute.mp3?_=15\" \/><a href=\"https:\/\/www.radiopiu.net\/wordpress\/wp-content\/uploads\/2021\/03\/salute.mp3\">https:\/\/www.radiopiu.net\/wordpress\/wp-content\/uploads\/2021\/03\/salute.mp3<\/a><\/audio>\n<h3><strong>LA RACCOLTA COMPLETA\u00a0<\/strong><\/h3>\n<blockquote class=\"wp-embedded-content\" data-secret=\"G69fk0LJak\"><p><a href=\"https:\/\/www.radiopiu.net\/wordpress\/saluteesocieta\/\">Salute e Societ\u00e0<\/a><\/p><\/blockquote>\n<p><iframe loading=\"lazy\" class=\"wp-embedded-content\" sandbox=\"allow-scripts\" security=\"restricted\" style=\"position: absolute; clip: rect(1px, 1px, 1px, 1px);\" title=\"&#8220;Salute e Societ\u00e0&#8221; &#8212; Radio Pi\u00f9\" src=\"https:\/\/www.radiopiu.net\/wordpress\/saluteesocieta\/embed\/#?secret=G69fk0LJak\" data-secret=\"G69fk0LJak\" width=\"600\" height=\"338\" frameborder=\"0\" marginwidth=\"0\" marginheight=\"0\" scrolling=\"no\"><\/iframe><\/p>\n<p>&nbsp;<\/p>\n<\/div>\n<\/div>\n<p>&nbsp;<\/p>\n<hr \/>\n<blockquote>\n<h3><\/h3>\n<h3>CISL, LA VOCE DEI LAVORATORI. IL CONTRATTO NAZIONALE NELLE ASSEMBLEE E IL PREMIO PRUDUZIONE<\/h3>\n<\/blockquote>\n<p><strong>PUNTATA DEL 10 MARZO 2021<\/strong><\/p>\n<p>OSPITI: <strong>RAFFAELE SALVATONI,<\/strong> 50 anni Segretario nazionale della FEMCA CISL. Il numero uno dei tessili CISL bergamaschi\u00a0 ha assunto\u00a0 la responsabilit\u00e0 del settore moda.<strong> PAOLO CHISSALE&#8217;<\/strong> da qualche settimana in pensione, gi\u00e0 RSU Luxottica Agordo.<\/p>\n<p>audio<\/p>\n<audio class=\"wp-audio-shortcode\" id=\"audio-198266-16\" preload=\"none\" style=\"width: 100%;\" controls=\"controls\"><source type=\"audio\/mpeg\" src=\"https:\/\/www.radiopiu.net\/wordpress\/wp-content\/uploads\/2021\/03\/CISL.mp3?_=16\" \/><a href=\"https:\/\/www.radiopiu.net\/wordpress\/wp-content\/uploads\/2021\/03\/CISL.mp3\">https:\/\/www.radiopiu.net\/wordpress\/wp-content\/uploads\/2021\/03\/CISL.mp3<\/a><\/audio>\n<p>&nbsp;<\/p>\n\n\t\t\t<style type='text\/css'>\n\t\t\t\t#gallery-6 {\n\t\t\t\t\tmargin: auto;\n\t\t\t\t}\n\t\t\t\t#gallery-6 .gallery-item {\n\t\t\t\t\tfloat: left;\n\t\t\t\t\tmargin-top: 10px;\n\t\t\t\t\ttext-align: center;\n\t\t\t\t\twidth: 50%;\n\t\t\t\t}\n\t\t\t\t#gallery-6 img {\n\t\t\t\t\tborder: 2px solid #cfcfcf;\n\t\t\t\t}\n\t\t\t\t#gallery-6 .gallery-caption {\n\t\t\t\t\tmargin-left: 0;\n\t\t\t\t}\n\t\t\t\t\/* see gallery_shortcode() in wp-includes\/media.php *\/\n\t\t\t<\/style>\n\t\t<div id='gallery-6' class='dt-gallery-container gallery galleryid-198266 gallery-columns-2 gallery-size-thumbnail'><dl class='gallery-item'>\n\t\t\t\t<dt class='gallery-icon landscape'>\n\t\t\t\t\t<a class=\"rollover rollover-zoom dt-pswp-item\" title=\"th\" data-dt-img-description=\"\" data-large_image_width=\"300\" data-large_image_height=\"300\"href='https:\/\/www.radiopiu.net\/wordpress\/wp-content\/uploads\/2021\/03\/th-7.jpg'><img loading=\"lazy\" decoding=\"async\" width=\"150\" height=\"150\" src=\"https:\/\/www.radiopiu.net\/wordpress\/wp-content\/uploads\/2021\/03\/th-7-150x150.jpg\" class=\"attachment-thumbnail size-thumbnail\" alt=\"\" srcset=\"https:\/\/www.radiopiu.net\/wordpress\/wp-content\/uploads\/2021\/03\/th-7-150x150.jpg 150w, https:\/\/www.radiopiu.net\/wordpress\/wp-content\/uploads\/2021\/03\/th-7.jpg 300w\" sizes=\"auto, (max-width: 150px) 100vw, 150px\" \/><\/a>\n\t\t\t\t<\/dt><\/dl><dl class='gallery-item'>\n\t\t\t\t<dt class='gallery-icon landscape'>\n\t\t\t\t\t<a class=\"rollover rollover-zoom dt-pswp-item\" title=\"PAOLO CHISSALE\" data-dt-img-description=\"\" data-large_image_width=\"275\" data-large_image_height=\"183\"href='https:\/\/www.radiopiu.net\/wordpress\/wp-content\/uploads\/2018\/01\/PAOLO-CHISSALE.jpg'><img loading=\"lazy\" decoding=\"async\" width=\"150\" height=\"150\" src=\"https:\/\/www.radiopiu.net\/wordpress\/wp-content\/uploads\/2018\/01\/PAOLO-CHISSALE-150x150.jpg\" class=\"attachment-thumbnail size-thumbnail\" alt=\"\" \/><\/a>\n\t\t\t\t<\/dt><\/dl><br style=\"clear: both\" \/>\n\t\t\t<\/div>\n\n<p>&nbsp;<\/p>\n<p><a class=\"mejs-horizontal-volume-slider\" role=\"slider\" aria-label=\"Cursore del volume\" aria-valuemin=\"0\" aria-valuemax=\"100\" aria-valuenow=\"100\"><span class=\"mejs-offscreen\">.\u00a0<\/span><\/a><\/p>\n<hr \/>\n<div>\n<h2><span style=\"color: #000080;\"><a class=\"dt-pswp-item\" href=\"https:\/\/www.radiopiu.net\/wordpress\/wp-content\/uploads\/2020\/10\/pp.jpg\" data-dt-img-description=\"\" data-large_image_width=\"640\" data-large_image_height=\"640\"><img loading=\"lazy\" decoding=\"async\" class=\"wp-image-163678 alignleft\" src=\"https:\/\/www.radiopiu.net\/wordpress\/wp-content\/uploads\/2020\/10\/pp-300x300.jpg\" alt=\"\" width=\"106\" height=\"106\" srcset=\"https:\/\/www.radiopiu.net\/wordpress\/wp-content\/uploads\/2020\/10\/pp-300x300.jpg 300w, https:\/\/www.radiopiu.net\/wordpress\/wp-content\/uploads\/2020\/10\/pp-150x150.jpg 150w, https:\/\/www.radiopiu.net\/wordpress\/wp-content\/uploads\/2020\/10\/pp-125x125.jpg 125w, https:\/\/www.radiopiu.net\/wordpress\/wp-content\/uploads\/2020\/10\/pp-200x200.jpg 200w, https:\/\/www.radiopiu.net\/wordpress\/wp-content\/uploads\/2020\/10\/pp-80x80.jpg 80w, https:\/\/www.radiopiu.net\/wordpress\/wp-content\/uploads\/2020\/10\/pp-480x480.jpg 480w, https:\/\/www.radiopiu.net\/wordpress\/wp-content\/uploads\/2020\/10\/pp.jpg 640w\" sizes=\"auto, (max-width: 106px) 100vw, 106px\" \/><\/a><\/span><\/h2>\n<h2><span style=\"color: #000080;\">DON CESARE, IL PENSIERO DEL GIORNO. ALLA RADIO ALLE 7 DEL MATTINO E ALLE 19.30 DELLA SERA.\u00a0\u00a0<\/span><\/h2>\n<\/div>\n<p>&nbsp;<\/p>\n<p>&nbsp;<\/p>\n<p>&nbsp;<\/p>\n<audio class=\"wp-audio-shortcode\" id=\"audio-198266-17\" preload=\"none\" style=\"width: 100%;\" controls=\"controls\"><source type=\"audio\/mpeg\" src=\"https:\/\/www.radiopiu.net\/wordpress\/wp-content\/uploads\/2021\/03\/CESARE-15.mp3?_=17\" \/><a href=\"https:\/\/www.radiopiu.net\/wordpress\/wp-content\/uploads\/2021\/03\/CESARE-15.mp3\">https:\/\/www.radiopiu.net\/wordpress\/wp-content\/uploads\/2021\/03\/CESARE-15.mp3<\/a><\/audio>\n<p>&nbsp;<\/p>\n<p>&nbsp;<\/p>\n<hr \/>\n<p>&nbsp;<\/p>\n<blockquote>\n<h3 class=\"kvgmc6g5 cxmmr5t8 oygrvhab hcukyx3x c1et5uql\"><span style=\"color: #0000ff;\">INFORMAZIONE il canale su TELEGRAM informazione di prima mano e in tempo reale. iscriviti ed aiutaci a farlo conoscere\u00a0<\/span><\/h3>\n<\/blockquote>\n<h2><img loading=\"lazy\" decoding=\"async\" class=\"alignleft\" src=\"https:\/\/www.radiopiu.net\/wordpress\/wp-content\/uploads\/2021\/03\/narr.jpg\" width=\"158\" height=\"105\" \/>007 IN CONDOTTA CON LA PROF. MARIA ROSA SALMAZO IL LUNEDI ALLE 10,30 E ALLE 19.00 LA DOMENICA ALLE 8 DEL MATTINO. NONA STAGIONE<\/h2>\n<p><span style=\"color: #ff0000;\"><strong>PUNTATA DEL 15 MARZO 2021<\/strong><\/span><\/p>\n<audio class=\"wp-audio-shortcode\" id=\"audio-198266-18\" preload=\"none\" style=\"width: 100%;\" controls=\"controls\"><source type=\"audio\/mpeg\" src=\"https:\/\/www.radiopiu.net\/wordpress\/wp-content\/uploads\/2021\/03\/007-15-marzo.mp3?_=18\" \/><a href=\"https:\/\/www.radiopiu.net\/wordpress\/wp-content\/uploads\/2021\/03\/007-15-marzo.mp3\">https:\/\/www.radiopiu.net\/wordpress\/wp-content\/uploads\/2021\/03\/007-15-marzo.mp3<\/a><\/audio>\n<p>&nbsp;<\/p>\n<h2>LA RACCOLTA COMPLETA<\/h2>\n<blockquote class=\"wp-embedded-content\" data-secret=\"e9YN40EDsd\"><p><a href=\"https:\/\/www.radiopiu.net\/wordpress\/007incondotta-9\/\">007 in condotta<\/a><\/p><\/blockquote>\n<p><iframe loading=\"lazy\" class=\"wp-embedded-content\" sandbox=\"allow-scripts\" security=\"restricted\" style=\"position: absolute; clip: rect(1px, 1px, 1px, 1px);\" title=\"&#8220;007 in condotta&#8221; &#8212; Radio Pi\u00f9\" src=\"https:\/\/www.radiopiu.net\/wordpress\/007incondotta-9\/embed\/#?secret=e9YN40EDsd\" data-secret=\"e9YN40EDsd\" width=\"600\" height=\"338\" frameborder=\"0\" marginwidth=\"0\" marginheight=\"0\" scrolling=\"no\"><\/iframe><\/p>\n<blockquote><p>&nbsp;<\/p>\n<p>&nbsp;<\/p><\/blockquote>\n<hr \/>\n<p>&nbsp;<\/p>\n<p>&nbsp;<\/p>\n<div>\n<h2><span style=\"color: #33cccc;\">I RACCONTI DI PAOLO SOPPELSA il lunedi alle 9.30 e 18.30<\/span><\/h2>\n<blockquote class=\"wp-embedded-content\" data-secret=\"Kh9YabTlEG\"><p><a href=\"https:\/\/www.radiopiu.net\/wordpress\/i-racconti-di-paolo-soppelsa-sessantaseiesima-puntata\/\">I RACCONTI DI PAOLO SOPPELSA SESSANTASEIESIMA PUNTATA<\/a><\/p><\/blockquote>\n<p><iframe loading=\"lazy\" class=\"wp-embedded-content\" sandbox=\"allow-scripts\" security=\"restricted\" style=\"position: absolute; clip: rect(1px, 1px, 1px, 1px);\" title=\"&#8220;I RACCONTI DI PAOLO SOPPELSA SESSANTASEIESIMA PUNTATA&#8221; &#8212; Radio Pi\u00f9\" src=\"https:\/\/www.radiopiu.net\/wordpress\/i-racconti-di-paolo-soppelsa-sessantaseiesima-puntata\/embed\/#?secret=Kh9YabTlEG\" data-secret=\"Kh9YabTlEG\" width=\"600\" height=\"338\" frameborder=\"0\" marginwidth=\"0\" marginheight=\"0\" scrolling=\"no\"><\/iframe><\/p>\n<h3 class=\"kvgmc6g5 cxmmr5t8 oygrvhab hcukyx3x c1et5uql\"><span style=\"color: #0000ff;\">INFORMAZIONE il canale su TELEGRAM informazione di prima mano e in tempo reale. iscriviti ed aiutaci a farlo conoscere\u00a0<\/span><\/h3>\n<h2><span style=\"color: #33cccc;\"><strong>RACCOLTA COMPLETA<\/strong><\/span><\/h2>\n<blockquote class=\"wp-embedded-content\" data-secret=\"Ku7LdgdRuF\"><p><a href=\"https:\/\/www.radiopiu.net\/wordpress\/i-racconti-di-paolo-soppelsa\/\">I racconti di Paolo Soppelsa<\/a><\/p><\/blockquote>\n<p><iframe loading=\"lazy\" class=\"wp-embedded-content\" sandbox=\"allow-scripts\" security=\"restricted\" style=\"position: absolute; clip: rect(1px, 1px, 1px, 1px);\" title=\"&#8220;I racconti di Paolo Soppelsa&#8221; &#8212; Radio Pi\u00f9\" src=\"https:\/\/www.radiopiu.net\/wordpress\/i-racconti-di-paolo-soppelsa\/embed\/#?secret=Ku7LdgdRuF\" data-secret=\"Ku7LdgdRuF\" width=\"600\" height=\"338\" frameborder=\"0\" marginwidth=\"0\" marginheight=\"0\" scrolling=\"no\"><\/iframe><\/p>\n<\/div>\n<p>&nbsp;<\/p>\n<p>&nbsp;<\/p>\n<hr \/>\n<p>&nbsp;<\/p>\n<div>\n<p>&nbsp;<\/p>\n<blockquote>\n<h2><a href=\"https:\/\/www.radiopiu.net\/wordpress\/speciale-solidarieta-veneto\/solidarieta-veneto-3\/\" rel=\"attachment wp-att-134366\"><img loading=\"lazy\" decoding=\"async\" class=\"wp-image-134366 alignleft\" src=\"https:\/\/www.radiopiu.net\/wordpress\/wp-content\/uploads\/2020\/05\/solidariet\u00e0-veneto-300x210.jpg\" alt=\"\" width=\"102\" height=\"71\" srcset=\"https:\/\/www.radiopiu.net\/wordpress\/wp-content\/uploads\/2020\/05\/solidariet\u00e0-veneto-300x210.jpg 300w, https:\/\/www.radiopiu.net\/wordpress\/wp-content\/uploads\/2020\/05\/solidariet\u00e0-veneto-1024x717.jpg 1024w, https:\/\/www.radiopiu.net\/wordpress\/wp-content\/uploads\/2020\/05\/solidariet\u00e0-veneto-768x538.jpg 768w, https:\/\/www.radiopiu.net\/wordpress\/wp-content\/uploads\/2020\/05\/solidariet\u00e0-veneto.jpg 1373w\" sizes=\"auto, (max-width: 102px) 100vw, 102px\" \/><\/a>SOLIDARIETA&#8217; VENETO FONDO PENSIONE, IN ONDA IL PRIMO VENERDI DEL MESE ALLE 10.30 E ALLE 19.00 QUINTA STAGIONE<\/h2>\n<\/blockquote>\n<p><strong>AUDIO MARZO 2021<\/strong><\/p>\n<audio class=\"wp-audio-shortcode\" id=\"audio-198266-19\" preload=\"none\" style=\"width: 100%;\" controls=\"controls\"><source type=\"audio\/mpeg\" src=\"https:\/\/www.radiopiu.net\/wordpress\/wp-content\/uploads\/2021\/03\/solidarieta-veneto-marzo.mp3?_=19\" \/><a href=\"https:\/\/www.radiopiu.net\/wordpress\/wp-content\/uploads\/2021\/03\/solidarieta-veneto-marzo.mp3\">https:\/\/www.radiopiu.net\/wordpress\/wp-content\/uploads\/2021\/03\/solidarieta-veneto-marzo.mp3<\/a><\/audio>\n<p>&nbsp;<\/p>\n<blockquote>\n<h2>RACCOLTA COMPLETA<\/h2>\n<\/blockquote>\n<blockquote class=\"wp-embedded-content\" data-secret=\"grm7zWiIxx\"><p><a href=\"https:\/\/www.radiopiu.net\/wordpress\/solidarieta-veneto\/\">Solidariet\u00e0 Veneto<\/a><\/p><\/blockquote>\n<p><iframe loading=\"lazy\" class=\"wp-embedded-content\" sandbox=\"allow-scripts\" security=\"restricted\" style=\"position: absolute; clip: rect(1px, 1px, 1px, 1px);\" title=\"&#8220;Solidariet\u00e0 Veneto&#8221; &#8212; Radio Pi\u00f9\" src=\"https:\/\/www.radiopiu.net\/wordpress\/solidarieta-veneto\/embed\/#?secret=grm7zWiIxx\" data-secret=\"grm7zWiIxx\" width=\"600\" height=\"338\" frameborder=\"0\" marginwidth=\"0\" marginheight=\"0\" scrolling=\"no\"><\/iframe><\/p>\n<p>&nbsp;<\/p>\n<hr \/>\n<\/div>\n<p>&nbsp;<\/p>\n<blockquote><p>&nbsp;<\/p><\/blockquote>\n<div>\n<h2><span style=\"color: #ff0000;\">ALLA RADIO<\/span><\/h2>\n<\/div>\n<div>\n<h2><strong>LE\u00a0 PUNTATE di Luisa Alchini di Leggermente Bellunesi, la domenica alle 11, <span style=\"color: #0000ff;\">IL MARTEDI IN PRIMA EDIZIONE\u00a0<\/span> alle 10.30 e alle 19.00<\/strong><\/h2>\n<\/div>\n<div>\n<p><strong><a href=\"https:\/\/www.radiopiu.net\/wordpress\/legger-mente-bellunesi-02-marzo-2021\/156828176_1598288807025847_358448174778964781_o\/\" rel=\"attachment wp-att-194538\"><img loading=\"lazy\" decoding=\"async\" class=\" wp-image-194538 alignleft\" src=\"https:\/\/www.radiopiu.net\/wordpress\/wp-content\/uploads\/2021\/03\/156828176_1598288807025847_358448174778964781_o-206x300.jpg\" alt=\"\" width=\"86\" height=\"125\" srcset=\"https:\/\/www.radiopiu.net\/wordpress\/wp-content\/uploads\/2021\/03\/156828176_1598288807025847_358448174778964781_o-206x300.jpg 206w, https:\/\/www.radiopiu.net\/wordpress\/wp-content\/uploads\/2021\/03\/156828176_1598288807025847_358448174778964781_o.jpg 685w\" sizes=\"auto, (max-width: 86px) 100vw, 86px\" \/><\/a><\/strong><\/p>\n<\/div>\n<div>\n<h3>La gloriosa carriera del perito minerario Gianni Rivis raccontata nel libro di ricordi.<\/h3>\n<p>&nbsp;<\/p>\n<\/div>\n<h2><\/h2>\n<audio class=\"wp-audio-shortcode\" id=\"audio-198266-20\" preload=\"none\" style=\"width: 100%;\" controls=\"controls\"><source type=\"audio\/mpeg\" src=\"https:\/\/www.radiopiu.net\/wordpress\/wp-content\/uploads\/2021\/03\/20leggermentegiannirivis2021.mp3?_=20\" \/><a href=\"https:\/\/www.radiopiu.net\/wordpress\/wp-content\/uploads\/2021\/03\/20leggermentegiannirivis2021.mp3\">https:\/\/www.radiopiu.net\/wordpress\/wp-content\/uploads\/2021\/03\/20leggermentegiannirivis2021.mp3<\/a><\/audio>\n<blockquote>\n<div>\n<h2><strong style=\"font-size: 14px;\"><span style=\"color: #000000;\">RACCOLTA COMPLETA<\/span><\/strong><\/h2>\n<\/div>\n<blockquote class=\"wp-embedded-content\" data-secret=\"2UKN5ED6UL\"><p><a href=\"https:\/\/www.radiopiu.net\/wordpress\/leggermente-20\/\">LEGGERmente&#8230;Bellunesi<\/a><\/p><\/blockquote>\n<p><iframe loading=\"lazy\" class=\"wp-embedded-content\" sandbox=\"allow-scripts\" security=\"restricted\" style=\"position: absolute; clip: rect(1px, 1px, 1px, 1px);\" title=\"&#8220;LEGGERmente&#8230;Bellunesi&#8221; &#8212; Radio Pi\u00f9\" src=\"https:\/\/www.radiopiu.net\/wordpress\/leggermente-20\/embed\/#?secret=2UKN5ED6UL\" data-secret=\"2UKN5ED6UL\" width=\"600\" height=\"338\" frameborder=\"0\" marginwidth=\"0\" marginheight=\"0\" scrolling=\"no\"><\/iframe><\/p>\n<p>&nbsp;<\/p><\/blockquote>\n<h2><\/h2>\n<h3><\/h3>\n<div dir=\"auto\">\n<hr \/>\n<p>&nbsp;<\/p>\n<div>\n<p class=\"photoswipe-wrapper\"><a class=\"dt-pswp-item pspw-wrap-ready\" href=\"https:\/\/i0.wp.com\/www.radiopiu.net\/wordpress\/wp-content\/uploads\/2018\/09\/viabilita.jpeg?ssl=1\" data-dt-img-description=\"\" data-large_image_width=\"800\" data-large_image_height=\"100\"><img loading=\"lazy\" decoding=\"async\" class=\"aligncenter wp-image-61954 size-full\" src=\"https:\/\/i0.wp.com\/www.radiopiu.net\/wordpress\/wp-content\/uploads\/2018\/09\/viabilita.jpeg?resize=800%2C100&amp;ssl=1\" sizes=\"auto, (max-width: 800px) 100vw, 800px\" srcset=\"https:\/\/i0.wp.com\/www.radiopiu.net\/wordpress\/wp-content\/uploads\/2018\/09\/viabilita.jpeg?w=800&amp;ssl=1 800w, https:\/\/i0.wp.com\/www.radiopiu.net\/wordpress\/wp-content\/uploads\/2018\/09\/viabilita.jpeg?resize=300%2C38&amp;ssl=1 300w, https:\/\/i0.wp.com\/www.radiopiu.net\/wordpress\/wp-content\/uploads\/2018\/09\/viabilita.jpeg?resize=768%2C96&amp;ssl=1 768w\" alt=\"\" width=\"800\" height=\"100\" \/><\/a><\/p>\n<\/div>\n<p>&nbsp;<\/p>\n<p><strong>SP 473 CROCE<\/strong> <strong>D&#8217;AUNE<\/strong> Dalle 8 alle 18, dal 23 marzo al 30 aprile compresi sabato domenica e festivi, senso unico alternato regolato da impianto semaforico in comune di Sovramonte per sostituzione barriere di sicurezza<\/p>\n<p><strong>SR 48 DELLE DOLOMITI\u00a0<\/strong>Dal 22 marzo al 30 aprile, dalle 7 alle 18 esclusi sabato domenica e festivi, interruzioni alla viabilit\u00e0 della durata massima di 20 minuti e senso unico alternato regolato da impianto semaforico per messa in sicurezza del versante a monte della strada in comune di Livinallongo<\/p>\n<p><strong>SR 204 BELLUNO MAS<\/strong> dal 22 al 26 marzo in localit\u00e0 Antole istituzione di senso unico alternato regolato da impianto semaforico per messa in sicurezza del ponte<\/p>\n<p><strong>SP 473 CROCE D&#8217;AUNE<\/strong> dal 18 marzo al 15 aprile interdizione totale al traffico in localit\u00e0 Pedavena per ristrutturazione fabbricato. Traffico deviato su Via Trento<\/p>\n<p><strong>SP 473 CROCE D&#8217;AUNE\u00a0<\/strong> dal 18 marzo al 16 aprile, in localit\u00e0 Sarzen, interdizione totale alla viabilit\u00e0 ad eccezione di domeniche e festivi infrasettimanali per lavori di posa canalizzazioni per conto di E-Distribuzione. Transito consentito solo a mezzi pubblici, scolastici e di soccorso<\/p>\n<p><strong>SP 3 VAL IMPERINA\u00a0<\/strong>Dal 20 al 31 marzo, esclusi sabato e domenica, interdizione totale al traffico a fasce orarie tra Forcella Franche e Vallasin per lavori di messa in sicurezza della strada. Le chiusure dalle 8 alle 12:45, dalle 13:45 alle 15:50 e dalle 16:10 alle 17:45<\/p>\n<p><strong>SP 26 DIGOMAN\u00a0<\/strong>dal 22 marzo al 3 aprile interdizione totale al traffico in comune di Rivamonte dalle 8 alle 17, domeniche escluse, per lavori di esbosco schianti Vaia. Negli altri orari senso unico alternato regolato da impianto semaforico.<\/p>\n<p><strong>203 AGORDINA LIVINALLONGO <\/strong>dal 15 marzo per un mese (inclusi festivi e prefestivi) senso unico in localit\u00e0 Ponte Pignazza<\/p>\n<p><strong>SP 251 DELLA VAL DI ZOLDO E CELLINA<\/strong> Istituzione di senso unico alternato regolato da semaforo nel comune di Val di Zoldo per messa in sicurezza della strada<\/p>\n<p><strong>SP 42 CAVALLERA<\/strong> fino a revoca, chiusura della strada nell&#8217;abitato di Perarolo per attivazione emergenza frana &#8220;Busa del Cristo&#8221;<\/p>\n<p><strong>S.P.2 DELLA VALLE DEL MIS\u00a0<\/strong>Interdizione totale al traffico fino a revoca dal km 14,920 (localit\u00e0 Gona Bassa) al km 20,650 (localit\u00e0 Titele) per cedimento della carreggiata<\/p>\n<p><strong>S.P. 5 DI LAMOSANO<\/strong>\u00a0Interdizione totale fino a revoca per presenza di materiale e alberi in strada.<\/p>\n<p><strong>SP 3 DELLA VAL IMPERINA<\/strong> fino a revoca, senso unico alternato regolato a vista in localit\u00e0 Gona di Conedera di Rivamonte per cedimento della carreggiata stradale<\/p>\n<p><strong>PROVINCIALE 2, VALLE DEL MIS KM 9 -14\u00a0 <\/strong>Fino al 30 MARZO dalle 7.30 alle 17.30, sabato e domenica esclusi, senso unico alternato regolato da movieri o a vista, tratti di 100 metri. Ripristino reti lato strada.<\/p>\n<\/div>\n<p><b>\u00a0<\/b><\/p>\n<p>&nbsp;<\/p>\n<div dir=\"auto\">\n<hr \/>\n<p>&nbsp;<\/p>\n<div>\n<p class=\"photoswipe-wrapper\"><a class=\"dt-pswp-item pspw-wrap-ready\" href=\"https:\/\/i0.wp.com\/www.radiopiu.net\/wordpress\/wp-content\/uploads\/2018\/09\/WhatsApp-Image-2018-09-20-at-16.04.06.jpeg?ssl=1\" data-dt-img-description=\"\" data-large_image_width=\"800\" data-large_image_height=\"100\"><img loading=\"lazy\" decoding=\"async\" class=\"aligncenter wp-image-61378 size-full jetpack-lazy-image jetpack-lazy-image--handled\" src=\"https:\/\/i0.wp.com\/www.radiopiu.net\/wordpress\/wp-content\/uploads\/2018\/09\/WhatsApp-Image-2018-09-20-at-16.04.06.jpeg?resize=800%2C100&amp;ssl=1\" sizes=\"auto, (max-width: 800px) 100vw, 800px\" srcset=\"https:\/\/i0.wp.com\/www.radiopiu.net\/wordpress\/wp-content\/uploads\/2018\/09\/WhatsApp-Image-2018-09-20-at-16.04.06.jpeg?w=800&amp;ssl=1 800w, https:\/\/i0.wp.com\/www.radiopiu.net\/wordpress\/wp-content\/uploads\/2018\/09\/WhatsApp-Image-2018-09-20-at-16.04.06.jpeg?resize=300%2C38&amp;ssl=1 300w, https:\/\/i0.wp.com\/www.radiopiu.net\/wordpress\/wp-content\/uploads\/2018\/09\/WhatsApp-Image-2018-09-20-at-16.04.06.jpeg?resize=768%2C96&amp;ssl=1 768w\" alt=\"\" width=\"800\" height=\"100\" data-lazy-loaded=\"1\" \/><\/a><\/p>\n<\/div>\n<p>&nbsp;<\/p>\n<\/div>\n<p><center><b>Lunedi 22<\/b><\/center><b>Tempo atteso: <\/b>Giornata soleggiata e meno fredda rispetto a domenica, ma ancora ventosa in quota. Cielo sereno o parzialmente velato, salvo qualche addensamento sulle creste di confine con l&#8217;Alto Adige e con l&#8217;Austria.<br \/>\n<b>Precipitazioni: <\/b>Assenti (0%)<br \/>\n<b>Temperature: <\/b>In aumento, tranne le massime in quota sulle Dolomiti, dove rimarranno stazionarie, con valori ovunque ancora inferiori alla norma. In alta montagna la sensazione di freddo sar\u00e0 accentuata dal vento (a 3000 m wind chill fra -25 e -30). Su Prealpi a 1500 m min -4\u00b0C max 1\u00b0C, a 2000 m min -7\u00b0C max -4\u00b0C. Su Dolomiti a 2000 m min -10\u00b0C max -7\u00b0C, a 3000 m min -14\u00b0C max -12\u00b0C.<br \/>\n<b>Venti: <\/b>Nelle valli deboli\/moderati, con probabili raffiche di Foehn, localmente forti al mattino sulle Dolomiti; in quota ancora tesi o forti da nord, a tratti anche molto forti sulle cime dolomitiche, ma in graduale attenuazione nel pomeriggio-sera, 20-40 km\/h a 2000 m, 50-80 km\/h a 3000 m, con raffiche attorno a 100 km\/h<\/p>\n<hr \/>\n<p><center><b>Martedi 23<\/b><\/center><b>Tempo atteso: <\/b>In prevalenza soleggiato e ancora un po&#8217; freddo, ma meno ventoso in quota. Cielo generalmente sereno o poco nuvoloso, salvo annuvolamenti medio-alti pi\u00f9 estesi nel pomeriggio e in serata sulle zona occidentali.<br \/>\n<b>Precipitazioni: <\/b>Assenti (0%)<br \/>\n<b>Temperature: <\/b>Senza grosse variazioni, salvo aumentare le massime in quota sulle Dolomiti. Valori ancora inferiori alla norma. Su Prealpi a 1500 m min -5\u00b0C max 0\u00b0C, a 2000 m min -8\u00b0C max -2\u00b0C. Su Dolomiti a 2000 m min -12\u00b0C max 1\u00b0C, a 3000 m min -12\u00b0C max -9\u00b0C.<br \/>\n<b>Venti: <\/b>Nelle valli deboli o moderati per brezze, in quota moderati o tesi settentrionali, 5-20 km\/h a 2000 m, 20-30 km\/h a 3000 m<\/p>\n<hr \/>\n<p><center><b>Mercoledi 24<\/b><\/center>Giornata splendida e pi\u00f9 mite, anche se ancora un po&#8217; ventilato sulle cime. Cielo totalmente sereno, se si escludono piccoli cumuli sopra le montagne prealpine nelle ore pi\u00f9 calde. Temperature in aumento, pi\u00f9 apprezzabile nei valori massimi, che rientreranno nelle medie stagionali. Venti in quota moderati o tesi da nord.<\/p>\n<hr \/>\n<p><center><b>Giovedi 25<\/b><\/center>Al mattino sereno, poi da met\u00e0 giornata arriveranno diffuse nubi alte da ovest e nel pomeriggio il cielo sar\u00e0 velato, prima di un rasserenamento in serata. Temperature minime in aumento, massime stazionarie. Venti in quota settentrionali, inizialmente deboli\/moderati, in successiva ulteriore attenuazione in giornata. Previsore: B.R.<\/p>\n<p>&nbsp;<\/p>\n<hr \/>\n<p>&nbsp;<\/p>\n<p><a href=\"https:\/\/www.radiopiu.net\/wordpress\/giornale-radiopiu-15-settembre-2018-direttore-mirko-mezzacasa\/sport-7\/\" rel=\"attachment wp-att-60761\"><img loading=\"lazy\" decoding=\"async\" class=\"wp-image-60761 size-full aligncenter\" src=\"https:\/\/www.radiopiu.net\/wordpress\/wp-content\/uploads\/2018\/09\/sport.jpg\" alt=\"\" width=\"800\" height=\"100\" srcset=\"https:\/\/www.radiopiu.net\/wordpress\/wp-content\/uploads\/2018\/09\/sport.jpg 800w, https:\/\/www.radiopiu.net\/wordpress\/wp-content\/uploads\/2018\/09\/sport-300x38.jpg 300w, https:\/\/www.radiopiu.net\/wordpress\/wp-content\/uploads\/2018\/09\/sport-768x96.jpg 768w\" sizes=\"auto, (max-width: 800px) 100vw, 800px\" \/><\/a><\/p>\n<p>&nbsp;<\/p>\n<blockquote>\n<h3>BUONA LA PRIMA PER DENIS MEZZACASA ALLA CRONOSCALATA DEL COSTO. BUONE LE PRESTAZIONI ANCHE DEGLIA ALTRI BELLUNESI<\/h3>\n<\/blockquote>\n<p><strong><a href=\"https:\/\/www.radiopiu.net\/wordpress\/buona-la-prima-per-denis-mezzacasa-alla-cronoscalata-del-costo-buone-le-prestazioni-anche-deglia-altri-bellunesi\/dsc_0479_00476bis\/\" rel=\"attachment wp-att-198375\"><img loading=\"lazy\" decoding=\"async\" class=\"size-medium wp-image-198375 alignleft\" src=\"https:\/\/www.radiopiu.net\/wordpress\/wp-content\/uploads\/2021\/03\/DSC_0479_00476bis-300x194.jpg\" alt=\"\" width=\"300\" height=\"194\" srcset=\"https:\/\/www.radiopiu.net\/wordpress\/wp-content\/uploads\/2021\/03\/DSC_0479_00476bis-300x194.jpg 300w, https:\/\/www.radiopiu.net\/wordpress\/wp-content\/uploads\/2021\/03\/DSC_0479_00476bis-1024x664.jpg 1024w, https:\/\/www.radiopiu.net\/wordpress\/wp-content\/uploads\/2021\/03\/DSC_0479_00476bis-768x498.jpg 768w, https:\/\/www.radiopiu.net\/wordpress\/wp-content\/uploads\/2021\/03\/DSC_0479_00476bis-1536x996.jpg 1536w, https:\/\/www.radiopiu.net\/wordpress\/wp-content\/uploads\/2021\/03\/DSC_0479_00476bis-2048x1328.jpg 2048w\" sizes=\"auto, (max-width: 300px) 100vw, 300px\" \/><\/a>di Roberto Bona<\/strong><\/p>\n<audio class=\"wp-audio-shortcode\" id=\"audio-198266-21\" preload=\"none\" style=\"width: 100%;\" controls=\"controls\"><source type=\"audio\/mpeg\" src=\"https:\/\/www.radiopiu.net\/wordpress\/wp-content\/uploads\/2021\/03\/ROBERTO-BONA-MEZZACASA-SALITA-COSTO.mp3?_=21\" \/><a href=\"https:\/\/www.radiopiu.net\/wordpress\/wp-content\/uploads\/2021\/03\/ROBERTO-BONA-MEZZACASA-SALITA-COSTO.mp3\">https:\/\/www.radiopiu.net\/wordpress\/wp-content\/uploads\/2021\/03\/ROBERTO-BONA-MEZZACASA-SALITA-COSTO.mp3<\/a><\/audio>\n<p>&nbsp;<\/p>\n<p>&nbsp;<\/p>\n<hr \/>\n<blockquote>\n<h3><\/h3>\n<h3>ALLEGHE ELIMINATO AI PLAYOFF DAL MERANO. LA SERIE DEI QUARTI DI FINALE TERMINA 3 A 0<\/h3>\n<\/blockquote>\n<p class=\"p1\"><strong><a href=\"https:\/\/www.radiopiu.net\/wordpress\/il-calendario-ufficiale-dellitalian-hockey-league\/logo-alleghe-hockey\/\" rel=\"attachment wp-att-95699\"><img loading=\"lazy\" decoding=\"async\" class=\"size-medium wp-image-95699 alignright\" src=\"https:\/\/www.radiopiu.net\/wordpress\/wp-content\/uploads\/2019\/08\/logo-alleghe-hockey-300x281.png\" alt=\"\" width=\"300\" height=\"281\" srcset=\"https:\/\/www.radiopiu.net\/wordpress\/wp-content\/uploads\/2019\/08\/logo-alleghe-hockey-300x281.png 300w, https:\/\/www.radiopiu.net\/wordpress\/wp-content\/uploads\/2019\/08\/logo-alleghe-hockey.png 547w\" sizes=\"auto, (max-width: 300px) 100vw, 300px\" \/><\/a>MERANO &#8211; ALLEGHE 2-0<\/strong><\/p>\n<p class=\"p1\">PARZIALI: 0-0, 2-0, 0-0<\/p>\n<p class=\"p1\">GOL: st. 7\u201912\u201d Platzer, 13\u201903\u201d O. Ahlstroem.<\/p>\n<p class=\"p1\"><strong>MERANO<\/strong> Si chiude la stagione dell\u2019Alleghe con un secco 3 a 0 del Merano nella serie valida per i quarti di finale di IHL. Dopo una stagione spezzatino a causa del Covid-19, gli agordini escono a testa alta contro gli altoatesini. Un finale di stagione con tante pedine mancanti, giocatori che avrebbero fatto la differenza in queste occasioni, ma con una formazione che ha fatto vedere delle belle cose conquistando i playoff giocandoseli a viso aperto contro una corazzata come quella meranese. Gli altoatesini vanno in semifinale dopo una partita giocata abbastanza bene con un Alleghe che ha tenuto bene per 30\u2019. Primi minuti di gara senza grosse occasioni per le due compagini. Il primo tiro in porta della serata \u00e8 delle civette ma la conclusione di De Toni viene bloccata. La prima vera occasione arriva ancora da De Toni che colpisce in pieno la traversa su assist di Kiviranta. Il match si anima e le squadre non se le mandano a dire. Scola fa gli straordinari per salvare il risultato. Agordini agguerriti che cercano di sbloccare la partita in tutte le maniere. Il Merano sembra attendere il momento giusto ma la prima frazione termina a reti inviolate. Nel secondo tempo gli altoatesini alzano il ritmo del gioco e per un attimo l\u2019Alleghe ha subito le incursioni avversarie. I meranesi riescono a sbloccare la partita a pochi minuti dal giro di boa della sfida. A siglare il vantaggio ci pensa Platzer a deviare sotto porta un tiro dalla linea blu di Pfoestl. Non si arrendono le civette che provano a colpire con l\u2019uomo in pi\u00f9 ma le conclusioni non sono precise. Il Merano raddoppia poco dopo quando Oscar Ahlstroem cogli un assist d\u2019oro dal fratello Victor per battere Scola. Agordini in difficolt\u00e0 che accusano il colpo della seconda marcatura avversaria. Terzo drittel con il Merano che gioca con il tempo cercando di evitare che i biancorossi si avvicinino alla porta. Alleghe che supera egregiamente due penalit\u00e0 ma i meranesi inizia a spingere per chiudere la sfida. Gli uomini di Matikainen sembrano senza concentrazione e sbagliano tanti dischi nonostante la squadra si trovi in attacco. Terza frazione che si chiude a reti inviolate e il Merano strappa il pass per le semifinali contro la vincente tra Varese e Appiano.<\/p>\n<p>&nbsp;<\/p>\n<hr \/>\n<p>&nbsp;<\/p>\n<blockquote>\n<h3>GRAZIE ALLEGHE!!!<\/h3>\n<\/blockquote>\n<p><a href=\"https:\/\/www.radiopiu.net\/wordpress\/alleghe-hockey-confermati-manuel-da-tos-nicola-soppelsa-e-david-malaj\/alleghe-hockey-gruppo\/\" rel=\"attachment wp-att-156065\"><img loading=\"lazy\" decoding=\"async\" class=\"size-medium wp-image-156065 alignleft\" src=\"https:\/\/www.radiopiu.net\/wordpress\/wp-content\/uploads\/2020\/08\/ALLEGHE-HOCKEY-GRUPPO-300x200.jpg\" alt=\"\" width=\"300\" height=\"200\" srcset=\"https:\/\/www.radiopiu.net\/wordpress\/wp-content\/uploads\/2020\/08\/ALLEGHE-HOCKEY-GRUPPO-300x200.jpg 300w, https:\/\/www.radiopiu.net\/wordpress\/wp-content\/uploads\/2020\/08\/ALLEGHE-HOCKEY-GRUPPO-1024x681.jpg 1024w, https:\/\/www.radiopiu.net\/wordpress\/wp-content\/uploads\/2020\/08\/ALLEGHE-HOCKEY-GRUPPO-768x511.jpg 768w, https:\/\/www.radiopiu.net\/wordpress\/wp-content\/uploads\/2020\/08\/ALLEGHE-HOCKEY-GRUPPO-1536x1022.jpg 1536w, https:\/\/www.radiopiu.net\/wordpress\/wp-content\/uploads\/2020\/08\/ALLEGHE-HOCKEY-GRUPPO-2048x1363.jpg 2048w\" sizes=\"auto, (max-width: 300px) 100vw, 300px\" \/><\/a>Grazie Alleghe che ci fai piangere abbracciati ancora, citando Venditti. Abbracciati certo, ho visto due congiunti ascoltare la radio, davanti alla televisione, con le sciarpe biancorosse, la birra, la maglia dell&#8217;Alleghe, il poster di Villach e loro&#8230; abbracciati. Grazie ad una societ\u00e0 che da un anno resiste anche contro il covid, che ci ha creduto, che \u00e8 andata fino in fondo. Non sono in tanti, ma fanno tanto. Grazie ai giovani che hanno fatto dell&#8217;hockey il loro stile di vita, li guardo&#8230; e torno indietro di 37 anni,\u00a0 a quei giovani, che sono quelli di oggi in tempi diversi. Grazie a Marco Gaz che ci ha fatto vivere l&#8217;hockey alla radio, alle voci di Stefano Orsingher, Federico Paganin, Roberto Miana che ci hanno accompagnato nelle serate invernali. A Matteo Reolon e Karen per le informazioni e l&#8217;aggiornamento di un sito internet sempre pi\u00f9 visitato dal resto del mondo, passione ed entusiasmo per portare la novit\u00e0 con Riccardo della dinastia dei Riva, quella dei fotografi alla Gianfranco, Ilario, Diego Riva, un <em>brand<\/em>. E come sempre Forza Civette e&#8230;. Forza Siro, dai vecchia roccia che a settembre si riparte&#8230; voce in gola.<\/p>\n<p>Mirko Mezzacasa<\/p>\n<p>&nbsp;<\/p>\n<p>&nbsp;<\/p>\n<hr \/>\n<p>&nbsp;<\/p>\n<blockquote>\n<h3>IL COVID FERMA PER L\u2019ENNESIMA VOLTA L\u2019HOCKEY GIOVANILE<\/h3>\n<\/blockquote>\n<p><strong><a href=\"https:\/\/www.radiopiu.net\/wordpress\/giornale-radiopiu-22-marzo-2021-direttore-mirko-mezzacasa\/hockey-giovanile\/\" rel=\"attachment wp-att-198307\"><img loading=\"lazy\" decoding=\"async\" class=\"size-medium wp-image-198307 alignleft\" src=\"https:\/\/www.radiopiu.net\/wordpress\/wp-content\/uploads\/2021\/03\/hockey-giovanile-300x227.jpg\" alt=\"\" width=\"300\" height=\"227\" srcset=\"https:\/\/www.radiopiu.net\/wordpress\/wp-content\/uploads\/2021\/03\/hockey-giovanile-300x227.jpg 300w, https:\/\/www.radiopiu.net\/wordpress\/wp-content\/uploads\/2021\/03\/hockey-giovanile-1024x774.jpg 1024w, https:\/\/www.radiopiu.net\/wordpress\/wp-content\/uploads\/2021\/03\/hockey-giovanile-768x581.jpg 768w, https:\/\/www.radiopiu.net\/wordpress\/wp-content\/uploads\/2021\/03\/hockey-giovanile.jpg 1280w\" sizes=\"auto, (max-width: 300px) 100vw, 300px\" \/><\/a>ALLEGHE<\/strong> Il settore giovanile dell\u2019Alleghe Hockey \u00e8 di nuovo fermo. A congelare tutto \u00e8 stata la federazione che dopo le ultime decisioni del Governo ha optato per fermare tutti i campionati giovanili. Tutto fermo, dalla Under 19 alla Under 13, di sicuro fino al 7 aprile poi si vedr\u00e0. Manca poco alla fine della stagione e per fortuna le squadre sono riuscite a terminare la stagione regolare e, in alcuni casi, cominciare i playoff. Il Fassa\/Alleghe under 19 aveva terminato la scorsa settimana la stagione regolare piazzandosi al sesto posto in classifica. La squadra Under 17, che non si \u00e8 qualificata per la fase finale del campionato, la scorsa settimana aveva strappato il pass per le semifinali di Coppa Italia vincendo 2 a 0 la serie con il Fiemme. Ora \u00e8 in attesa di giocare le partite di semifinale contro il Real Torino. L\u2019unica formazione ad aver gi\u00e0 terminato la stagione \u00e8 l\u2019Under 15 che non era riuscita a qualificarsi per la fase finale. I giovani Under 13 sono ancora in gioco sia in campionato che in Coppa Italia. Dopo aver vinto il girone Alto Adige Est, l\u2019Alta Badia\/Alleghe sta aspettando di giocare la fase finale del campionato. In coppa invece ha vinto la settimana scorsa i quarti di finale ma \u00e8 in attesa di conoscere l\u2019avversario della semifinale. Insomma, 3 squadre su 4 devono ancora completare la stagione giovanile ma questo stop mette ancora pi\u00f9 in difficolt\u00e0 le giovani civette che ad oggi non sanno con precisione se i campionati verranno terminati o se le decisioni della federazione saranno altre. Bisogna aspettare il 7 aprile per capire il destino di questa stagione travagliata.<\/p>\n<p>&nbsp;<\/p>\n<p>&nbsp;<\/p>\n<hr \/>\n<p>&nbsp;<\/p>\n<p>&nbsp;<\/p>\n","protected":false},"excerpt":{"rendered":"<p>PER RICEVERE QUESTO NOTIZIARIO DIRETTAMENTE SUL TUO CELLULARE ISCRIVITI AL CANALE TELEGRAM \u201cRADIO PIU\u00a0 INFORMAZIONE&#8221;\u00a0 SUPERATI I 3000 ISCRITTI, il CANALE TELEGRAM&#8230; UNISCITI A: RADIO PIU INFORMAZIONE &nbsp; &nbsp; &nbsp; ATTENZIONE: LA NUOVA APP PER IOS-IPHONE di Nicola Vettorello https:\/\/apps.apple.com\/it\/app\/radio-pi%C3%B9-emittente-agordina\/id1515939845 ATTENZIONE: LA NUOVA APP RADIO\u00a0 PER ANDROID di Nicola Vettorello https:\/\/play.google.com\/store\/apps\/details?id=net.radiopiu.iniko &nbsp; &nbsp; NOVITA&#8217; ALLA&hellip;<\/p>\n","protected":false},"author":4,"featured_media":198346,"comment_status":"closed","ping_status":"closed","sticky":false,"template":"","format":"standard","meta":{"_monsterinsights_skip_tracking":false,"_monsterinsights_sitenote_active":false,"_monsterinsights_sitenote_note":"","_monsterinsights_sitenote_category":0,"footnotes":""},"categories":[1,51,86,49],"tags":[],"class_list":["post-198266","post","type-post","status-publish","format-standard","has-post-thumbnail","hentry","category-senza-categoria","category-evidenza-top","category-gr","category-news-18","category-1","category-51","category-86","category-49","description-off"],"img_url":"https:\/\/www.radiopiu.net\/wordpress\/wp-content\/uploads\/2021\/03\/Consegna-anamnesi.jpg","_links":{"self":[{"href":"https:\/\/www.radiopiu.net\/wordpress\/wp-json\/wp\/v2\/posts\/198266","targetHints":{"allow":["GET"]}}],"collection":[{"href":"https:\/\/www.radiopiu.net\/wordpress\/wp-json\/wp\/v2\/posts"}],"about":[{"href":"https:\/\/www.radiopiu.net\/wordpress\/wp-json\/wp\/v2\/types\/post"}],"author":[{"embeddable":true,"href":"https:\/\/www.radiopiu.net\/wordpress\/wp-json\/wp\/v2\/users\/4"}],"replies":[{"embeddable":true,"href":"https:\/\/www.radiopiu.net\/wordpress\/wp-json\/wp\/v2\/comments?post=198266"}],"version-history":[{"count":0,"href":"https:\/\/www.radiopiu.net\/wordpress\/wp-json\/wp\/v2\/posts\/198266\/revisions"}],"wp:featuredmedia":[{"embeddable":true,"href":"https:\/\/www.radiopiu.net\/wordpress\/wp-json\/wp\/v2\/media\/198346"}],"wp:attachment":[{"href":"https:\/\/www.radiopiu.net\/wordpress\/wp-json\/wp\/v2\/media?parent=198266"}],"wp:term":[{"taxonomy":"category","embeddable":true,"href":"https:\/\/www.radiopiu.net\/wordpress\/wp-json\/wp\/v2\/categories?post=198266"},{"taxonomy":"post_tag","embeddable":true,"href":"https:\/\/www.radiopiu.net\/wordpress\/wp-json\/wp\/v2\/tags?post=198266"}],"curies":[{"name":"wp","href":"https:\/\/api.w.org\/{rel}","templated":true}]}}