{"id":198298,"date":"2021-03-21T12:00:17","date_gmt":"2021-03-21T11:00:17","guid":{"rendered":"https:\/\/www.radiopiu.net\/wordpress\/?p=198298"},"modified":"2021-03-21T09:59:54","modified_gmt":"2021-03-21T08:59:54","slug":"e-primavera-di-john-francis-della-pietra","status":"publish","type":"post","link":"https:\/\/www.radiopiu.net\/wordpress\/e-primavera-di-john-francis-della-pietra\/","title":{"rendered":"E&#8217; PRIMAVERA&#8230;DI JOHN FRANCIS DELLA PIETRA"},"content":{"rendered":"<p><strong>E&#8217; PRIMAVERA<\/strong><\/p>\n<p><em>di John Francis Della Pietra<\/em><\/p>\n<p><em><strong>AUDIO<\/strong><\/em><\/p>\n<audio class=\"wp-audio-shortcode\" id=\"audio-198298-1\" preload=\"none\" style=\"width: 100%;\" controls=\"controls\"><source type=\"audio\/mpeg\" src=\"https:\/\/www.radiopiu.net\/wordpress\/wp-content\/uploads\/2021\/03\/JOHN-FRANCIS-PRIMAVERA.mp3?_=1\" \/><a href=\"https:\/\/www.radiopiu.net\/wordpress\/wp-content\/uploads\/2021\/03\/JOHN-FRANCIS-PRIMAVERA.mp3\">https:\/\/www.radiopiu.net\/wordpress\/wp-content\/uploads\/2021\/03\/JOHN-FRANCIS-PRIMAVERA.mp3<\/a><\/audio>\n<p>&nbsp;<\/p>\n<p><a href=\"https:\/\/www.radiopiu.net\/wordpress\/?attachment_id=198300\" rel=\"attachment wp-att-198300\"><img loading=\"lazy\" decoding=\"async\" class=\"size-medium wp-image-198300 alignright\" src=\"https:\/\/www.radiopiu.net\/wordpress\/wp-content\/uploads\/2021\/03\/1d78ca02-ffe3-4ce5-ab24-58c24080f18c-300x169.jpg\" alt=\"\" width=\"300\" height=\"169\" srcset=\"https:\/\/www.radiopiu.net\/wordpress\/wp-content\/uploads\/2021\/03\/1d78ca02-ffe3-4ce5-ab24-58c24080f18c-300x169.jpg 300w, https:\/\/www.radiopiu.net\/wordpress\/wp-content\/uploads\/2021\/03\/1d78ca02-ffe3-4ce5-ab24-58c24080f18c-1024x576.jpg 1024w, https:\/\/www.radiopiu.net\/wordpress\/wp-content\/uploads\/2021\/03\/1d78ca02-ffe3-4ce5-ab24-58c24080f18c-768x432.jpg 768w, https:\/\/www.radiopiu.net\/wordpress\/wp-content\/uploads\/2021\/03\/1d78ca02-ffe3-4ce5-ab24-58c24080f18c-1536x864.jpg 1536w, https:\/\/www.radiopiu.net\/wordpress\/wp-content\/uploads\/2021\/03\/1d78ca02-ffe3-4ce5-ab24-58c24080f18c.jpg 1599w\" sizes=\"auto, (max-width: 300px) 100vw, 300px\" \/><\/a>L\u00ec all&#8217;ombra nel profondo delle valli<br \/>\nO lass\u00f9 sugl&#8217;alti monti<br \/>\nDomina ancora il nonno inverno<br \/>\nCon la sua canuta neve<br \/>\nMa l\u00e0 sui pendii pi\u00f9 al sole<br \/>\nEsso giunge presto<br \/>\nAl mattino<br \/>\nInondando di luce e calore<br \/>\nLa terra sta uscendo ovunque dal freddo manto<br \/>\nL\u00e0 nei punti pi\u00f9 riparati<br \/>\nSotto a grandi alberi ancor spogli<br \/>\nSull&#8217;affiorar delle loro possenti radici<br \/>\nTimidi violacei fiorellini<br \/>\nSbocciano alla vita<br \/>\nAnnunciano come graziose ancelle<br \/>\nL&#8217;arrivo della loro giovane principessa<br \/>\nCanti di festosi uccellini<br \/>\nRiempiono l azzurro cielo<br \/>\nEd il nostro cuore<br \/>\nSui declivi i noccioli<br \/>\nSi son destati \u00e8 gia colorati di giallo<br \/>\nSulle rive dei rumoreggianti torrenti<br \/>\nAnche i salici han spinto fuori le loro pelose gemme<br \/>\nLe tracce degl&#8217;animali sul terreno<br \/>\nNon sono pi\u00f9 solitarie ma a coppie<br \/>\nPure lass\u00f9 tra le cime d alti abeti<br \/>\nLa stridula voce delle poiane<br \/>\nRichiama il nostro sguardo sul loro nuovo nido<br \/>\nS\u00ec in questa stagione<br \/>\nIn natura<br \/>\nTutto rinascer\u00e0 a nuova vita<br \/>\nRespiro a pieni polmoni<br \/>\nUn po&#8217; della sua tiepida aria<br \/>\nPoi mi sale dal profondo<br \/>\nUn grido di gioia<br \/>\n\u00c8 primavera!<\/p>\n","protected":false},"excerpt":{"rendered":"<p>E&#8217; PRIMAVERA di John Francis Della Pietra AUDIO &nbsp; L\u00ec all&#8217;ombra nel profondo delle valli O lass\u00f9 sugl&#8217;alti monti Domina ancora il nonno inverno Con la sua canuta neve Ma l\u00e0 sui pendii pi\u00f9 al sole Esso giunge presto Al mattino Inondando di luce e calore La terra sta uscendo ovunque dal freddo manto L\u00e0&hellip;<\/p>\n","protected":false},"author":4,"featured_media":198300,"comment_status":"closed","ping_status":"closed","sticky":false,"template":"","format":"standard","meta":{"_monsterinsights_skip_tracking":false,"_monsterinsights_sitenote_active":false,"_monsterinsights_sitenote_note":"","_monsterinsights_sitenote_category":0,"footnotes":""},"categories":[49],"tags":[],"class_list":["post-198298","post","type-post","status-publish","format-standard","has-post-thumbnail","hentry","category-news-18","category-49","description-off"],"img_url":"https:\/\/www.radiopiu.net\/wordpress\/wp-content\/uploads\/2021\/03\/1d78ca02-ffe3-4ce5-ab24-58c24080f18c.jpg","_links":{"self":[{"href":"https:\/\/www.radiopiu.net\/wordpress\/wp-json\/wp\/v2\/posts\/198298","targetHints":{"allow":["GET"]}}],"collection":[{"href":"https:\/\/www.radiopiu.net\/wordpress\/wp-json\/wp\/v2\/posts"}],"about":[{"href":"https:\/\/www.radiopiu.net\/wordpress\/wp-json\/wp\/v2\/types\/post"}],"author":[{"embeddable":true,"href":"https:\/\/www.radiopiu.net\/wordpress\/wp-json\/wp\/v2\/users\/4"}],"replies":[{"embeddable":true,"href":"https:\/\/www.radiopiu.net\/wordpress\/wp-json\/wp\/v2\/comments?post=198298"}],"version-history":[{"count":0,"href":"https:\/\/www.radiopiu.net\/wordpress\/wp-json\/wp\/v2\/posts\/198298\/revisions"}],"wp:featuredmedia":[{"embeddable":true,"href":"https:\/\/www.radiopiu.net\/wordpress\/wp-json\/wp\/v2\/media\/198300"}],"wp:attachment":[{"href":"https:\/\/www.radiopiu.net\/wordpress\/wp-json\/wp\/v2\/media?parent=198298"}],"wp:term":[{"taxonomy":"category","embeddable":true,"href":"https:\/\/www.radiopiu.net\/wordpress\/wp-json\/wp\/v2\/categories?post=198298"},{"taxonomy":"post_tag","embeddable":true,"href":"https:\/\/www.radiopiu.net\/wordpress\/wp-json\/wp\/v2\/tags?post=198298"}],"curies":[{"name":"wp","href":"https:\/\/api.w.org\/{rel}","templated":true}]}}