{"id":198447,"date":"2021-03-23T06:00:14","date_gmt":"2021-03-23T05:00:14","guid":{"rendered":"https:\/\/www.radiopiu.net\/wordpress\/?p=198447"},"modified":"2021-03-23T08:54:07","modified_gmt":"2021-03-23T07:54:07","slug":"giornale-radiopiu-23-marzo-2021-direttore-mirko-mezzacasa","status":"publish","type":"post","link":"https:\/\/www.radiopiu.net\/wordpress\/giornale-radiopiu-23-marzo-2021-direttore-mirko-mezzacasa\/","title":{"rendered":"GIORNALE RADIOPIU 23 MARZO 2021 DIRETTORE MIRKO MEZZACASA"},"content":{"rendered":"<h3><a href=\"https:\/\/www.radiopiu.net\/wordpress\/giornale-radiopiu-24-gennaio-2021-direttore-mirko-mezzacasa\/141433770_171616291414874_2957460898102012198_n\/\" rel=\"attachment wp-att-186566\"><img loading=\"lazy\" decoding=\"async\" class=\"wp-image-186566 alignleft\" src=\"https:\/\/www.radiopiu.net\/wordpress\/wp-content\/uploads\/2021\/01\/141433770_171616291414874_2957460898102012198_n-300x300.jpg\" alt=\"\" width=\"144\" height=\"144\" srcset=\"https:\/\/www.radiopiu.net\/wordpress\/wp-content\/uploads\/2021\/01\/141433770_171616291414874_2957460898102012198_n-300x300.jpg 300w, https:\/\/www.radiopiu.net\/wordpress\/wp-content\/uploads\/2021\/01\/141433770_171616291414874_2957460898102012198_n-150x150.jpg 150w, https:\/\/www.radiopiu.net\/wordpress\/wp-content\/uploads\/2021\/01\/141433770_171616291414874_2957460898102012198_n-768x768.jpg 768w, https:\/\/www.radiopiu.net\/wordpress\/wp-content\/uploads\/2021\/01\/141433770_171616291414874_2957460898102012198_n.jpg 800w\" sizes=\"auto, (max-width: 144px) 100vw, 144px\" \/><\/a><\/h3>\n<h3>PER<strong> RICEVERE QUESTO NOTIZIARIO DIRETTAMENTE SUL TUO CELLULARE ISCRIVITI AL CANALE TELEGRAM <\/strong><strong>\u201cRADIO PIU\u00a0 INFORMAZIONE&#8221;\u00a0<\/strong><\/h3>\n<h3>SUPERATI I 3000 ISCRITTI, il CANALE TELEGRAM&#8230; UNISCITI A: RADIO PIU INFORMAZIONE<\/h3>\n<p>&nbsp;<\/p>\n<p>&nbsp;<\/p>\n<blockquote>\n<h3>EFFETTI DEL LOCKDOWN&#8230; I DELFINI IN PIAZZA SAN MARCO<\/h3>\n<\/blockquote>\n<p>un video ormai diventato virale, segnalato da Pierantonio Zanchetta<\/p>\n<div style=\"width: 848px;\" class=\"wp-video\"><video class=\"wp-video-shortcode\" id=\"video-198447-1\" width=\"848\" height=\"480\" preload=\"metadata\" controls=\"controls\"><source type=\"video\/mp4\" src=\"https:\/\/www.radiopiu.net\/wordpress\/wp-content\/uploads\/2021\/03\/WhatsApp-Video-2021-03-22-at-11.18.35.mp4?_=1\" \/><a href=\"https:\/\/www.radiopiu.net\/wordpress\/wp-content\/uploads\/2021\/03\/WhatsApp-Video-2021-03-22-at-11.18.35.mp4\">https:\/\/www.radiopiu.net\/wordpress\/wp-content\/uploads\/2021\/03\/WhatsApp-Video-2021-03-22-at-11.18.35.mp4<\/a><\/video><\/div>\n<p><em><a href=\"https:\/\/www.radiopiu.net\/wordpress\/giornale-radiopiu-24-gennaio-2021-direttore-mirko-mezzacasa\/79216601_126817312416448_708980208774483089_n\/\" rel=\"attachment wp-att-186567\"><img loading=\"lazy\" decoding=\"async\" class=\"size-medium wp-image-186567 alignright\" src=\"https:\/\/www.radiopiu.net\/wordpress\/wp-content\/uploads\/2021\/01\/79216601_126817312416448_708980208774483089_n-300x114.jpg\" alt=\"\" width=\"300\" height=\"114\" srcset=\"https:\/\/www.radiopiu.net\/wordpress\/wp-content\/uploads\/2021\/01\/79216601_126817312416448_708980208774483089_n-300x114.jpg 300w, https:\/\/www.radiopiu.net\/wordpress\/wp-content\/uploads\/2021\/01\/79216601_126817312416448_708980208774483089_n-768x292.jpg 768w, https:\/\/www.radiopiu.net\/wordpress\/wp-content\/uploads\/2021\/01\/79216601_126817312416448_708980208774483089_n.jpg 820w\" sizes=\"auto, (max-width: 300px) 100vw, 300px\" \/><\/a><span style=\"color: #ff0000;\">ATTENZIONE: LA NUOVA APP PER IOS-IPHONE di Nicola Vettorello <\/span><\/em><a href=\"https:\/\/apps.apple.com\/it\/app\/radio-pi%C3%B9-emittente-agordina\/id1515939845\">https:\/\/apps.apple.com\/it\/app\/radio-pi%C3%B9-emittente-agordina\/id1515939845<\/a><\/p>\n<p><em style=\"color: #ff0000;\">ATTENZIONE: LA NUOVA APP RADIO\u00a0 PER ANDROID di Nicola Vettorello<\/em><\/p>\n<p><a href=\"https:\/\/play.google.com\/store\/apps\/details?id=net.radiopiu.iniko\" target=\"_blank\" rel=\"noopener noreferrer\">https:\/\/play.google.com\/store\/apps\/details?id=net.radiopiu.iniko<\/a><\/p>\n<h2 style=\"text-align: center;\"><\/h2>\n<hr \/>\n<blockquote>\n<h2><\/h2>\n<h2>I DECESSI, COMUNE PER COMUNE DEGLI ULTIMI CINQUE ANNI DI FABIO DA ROLT<\/h2>\n<\/blockquote>\n<p style=\"text-align: left;\"><strong><img decoding=\"async\" class=\"alignleft\" src=\"https:\/\/www.radiopiu.net\/wordpress\/wp-content\/uploads\/2021\/03\/5b9adcbe-590b-4417-bded-2faa8bd80380.jpg\" \/>BELLUNO<\/strong>\u00a0 Fabio Da Rolt sulla sua pagina internet ha aggiornato il grafico sui decessi per comune fino a dicembre 2020 e aggiunto la mappa tratta dal Post col focus sulla provincia di Belluno<\/p>\n<p>Decessi per comune, dal mese di gennaio 2015 al mese di maggio 2020<\/p>\n<h1><span style=\"color: #0000ff;\"><strong><a style=\"color: #0000ff;\" href=\"https:\/\/sites.google.com\/view\/coronavirusbelluno\/homepage\/decessi\">CLICCA QUI<\/a><\/strong><\/span><\/h1>\n<p>&nbsp;<\/p>\n<p>&nbsp;<\/p>\n<hr \/>\n<p>&nbsp;<\/p>\n<blockquote>\n<h1 style=\"text-align: center;\">VENETO IN ROSSO<\/h1>\n<h3>Il Veneto si colora di rosso, scuole chiuse. Stop agli spostamenti se non per inderogabili motivi.<\/h3>\n<\/blockquote>\n<p><a href=\"https:\/\/www.radiopiu.net\/wordpress\/veneto-in-rosso-il-bianco-sardegna-lontano-lo-dice-lincide-rt\/schermata-2021-03-12-alle-17-08-55\/\" rel=\"attachment wp-att-196720\"><img loading=\"lazy\" decoding=\"async\" class=\"alignnone wp-image-196720 size-full\" src=\"https:\/\/www.radiopiu.net\/wordpress\/wp-content\/uploads\/2021\/03\/Schermata-2021-03-12-alle-17.08.55.png\" alt=\"\" width=\"1934\" height=\"340\" srcset=\"https:\/\/www.radiopiu.net\/wordpress\/wp-content\/uploads\/2021\/03\/Schermata-2021-03-12-alle-17.08.55.png 1934w, https:\/\/www.radiopiu.net\/wordpress\/wp-content\/uploads\/2021\/03\/Schermata-2021-03-12-alle-17.08.55-300x53.png 300w, https:\/\/www.radiopiu.net\/wordpress\/wp-content\/uploads\/2021\/03\/Schermata-2021-03-12-alle-17.08.55-1024x180.png 1024w, https:\/\/www.radiopiu.net\/wordpress\/wp-content\/uploads\/2021\/03\/Schermata-2021-03-12-alle-17.08.55-768x135.png 768w, https:\/\/www.radiopiu.net\/wordpress\/wp-content\/uploads\/2021\/03\/Schermata-2021-03-12-alle-17.08.55-1536x270.png 1536w\" sizes=\"auto, (max-width: 1934px) 100vw, 1934px\" \/><\/a><\/p>\n<p><strong>PER GLI SPOSTAMENTI OBBLIGO DI AUTOCERTIFICAZIONE CHE PUOI <a href=\"https:\/\/www.radiopiu.net\/wordpress\/veneto-in-rosso-il-bianco-sardegna-lontano-lo-dice-lincide-rt\/dpcm-autocertificazione-gennaio-2021\/\">SCARICARE QUI<\/a><\/strong><\/p>\n<p>&nbsp;<\/p>\n<p>&nbsp;<\/p>\n<hr \/>\n<p>&nbsp;<\/p>\n<p><strong>SP 3 VAL IMPERINA\u00a0<\/strong>Dal 20 al 31 marzo, esclusi sabato e domenica, interdizione totale al traffico a fasce orarie tra Forcella Franche e Vallasin per lavori di messa in sicurezza della strada. Le chiusure dalle 8 alle 12:45, dalle 13:45 alle 15:50 e dalle 16:10 alle 17:45<\/p>\n<p><strong>SP 26 DIGOMAN\u00a0<\/strong>dal 22 marzo al 3 aprile interdizione totale al traffico in comune di Rivamonte dalle 8 alle 17, domeniche escluse, per lavori di esbosco schianti Vaia. Negli altri orari senso unico alternato regolato da impianto semaforico.<\/p>\n<p>&nbsp;<\/p>\n<blockquote>\n<h3><span style=\"color: #ff0000;\">SIRENE A SOSPIROLO&#8230; MA SARA&#8217; SOLO UN&#8217;ESERCITAZIONE<\/span><\/h3>\n<\/blockquote>\n<div class=\"addthis_sharing_toolbox\" data-url=\"https:\/\/sfoglio.corrierealpi.gelocal.it\/share_article.php?article_id=8362278\" data-title=\"\u00abRagazzi multati a Peztutti con la mascherinaa mangiare cioccolata\u00bbOggi le prove d'allarmesu Mis e ...\"><\/div>\n<div class=\"articlePlainText\"><strong>SOSPIROLO<\/strong> Oggi, tra le 10 e le 12, verranno effettuate alcune prove dell&#8217;impianto di allarme predisposto dall&#8217;Enel lungo i torrenti Mis e Cordevole, a valle della diga di Santa Giuliana, e che in particolare interessano alcune localit\u00e0 dei comuni di Sospirolo ma anche Sedico e Santa Giustina.<\/div>\n<div><\/div>\n<p>&nbsp;<\/p>\n<hr \/>\n<p>&nbsp;<\/p>\n<blockquote>\n<h3>ATTUALMENTE POSITIVI IN VENETO: 39415. VENERDI LA NUOVA RICLASSIFICAZIONE DELLE REGIONI<\/h3>\n<\/blockquote>\n<p><a href=\"https:\/\/www.radiopiu.net\/wordpress\/giornale-radiopiu-23-marzo-2021-direttore-mirko-mezzacasa\/e761816f-e425-47d4-b82b-286cad275ade\/\" rel=\"attachment wp-att-198685\"><img loading=\"lazy\" decoding=\"async\" class=\"size-medium wp-image-198685 alignright\" src=\"https:\/\/www.radiopiu.net\/wordpress\/wp-content\/uploads\/2021\/03\/e761816f-e425-47d4-b82b-286cad275ade-225x300.jpg\" alt=\"\" width=\"225\" height=\"300\" srcset=\"https:\/\/www.radiopiu.net\/wordpress\/wp-content\/uploads\/2021\/03\/e761816f-e425-47d4-b82b-286cad275ade-225x300.jpg 225w, https:\/\/www.radiopiu.net\/wordpress\/wp-content\/uploads\/2021\/03\/e761816f-e425-47d4-b82b-286cad275ade-768x1023.jpg 768w, https:\/\/www.radiopiu.net\/wordpress\/wp-content\/uploads\/2021\/03\/e761816f-e425-47d4-b82b-286cad275ade-1153x1536.jpg 1153w, https:\/\/www.radiopiu.net\/wordpress\/wp-content\/uploads\/2021\/03\/e761816f-e425-47d4-b82b-286cad275ade.jpg 1200w\" sizes=\"auto, (max-width: 225px) 100vw, 225px\" \/><\/a>Spinta alla vaccinazione, l&#8217;esercito sta per scendere in strada con un milione di dosi Pfizer da inoculare, nelle Ulss dalla prossima settimana solo prenotazioni on line se necessario con l&#8217;aiuto di Comuni e Farmacie. Non saranno pi\u00f9 inviate le lettere anche se gli over 80 saranno comunque contattati. Il Veneto spera ancora di poter rientrare dalla prossima settimana in zona arancione, venerdi la riclassificazione mentre i ricoveri stanno raggiungendo i livelli di un anno fa. Ieri in Veneto 8 milioni di tamponi eseguiti dall&#8217;inizio della pandemia, domenica 16.281 tamponi, trovati 981 positivi, incidenza\u00a0 6,02%. Il 31 marzo 2020 negli ospedali veneti c&#8217;erano 2.068 pazienti affetti da Covid, ieri mattina\u00a0 1.958. Terapie intensive, A marzo di un anno fai erano occupati 356 posti letto covid,\u00a0 ieri\u00a0 244.\u00a0 Sempre ieri altri 56 ricoveri nelle are non critiche e 7 nelle terapie intensive, mentre l&#8217;elenco dei morti si allunga:\u00a0 22 decessi per complessive 10.372 vittime.<\/p>\n<blockquote>\n<h3>COVID: DUE PERSONE DECEDUTE IN ULSS 1 DOLOMITI. I NUOVI POSITIVI SONO 38 E 87 I PAZIENTI RICOVERATI NEGLI OSPEDALI BELLUNESI<\/h3>\n<\/blockquote>\n<p><strong>BELLUNO <\/strong>Nelle ultime 24 ore\u00a0 sono deceduti: un uomo di 82 anni ricoverato in Pneumologia covid a Belluno, una donna di 90 anni deceduta in pneumologia Covid a Feltre. Sono 38 i nuovi positivi in Ulss 1 Dolomiti, 1375 le persone attualmente positive in provincia di Belluno.<\/p>\n<p><strong>Ricoveri \u00a0\u00a0\u00a0\u00a0\u00a0\u00a0\u00a0\u00a0\u00a0\u00a0\u00a0\u00a0\u00a0\u00a0\u00a0\u00a0\u00a0\u00a0\u00a0\u00a0\u00a0\u00a0\u00a0\u00a0\u00a0\u00a0\u00a0\u00a0\u00a0\u00a0\u00a0\u00a0\u00a0 <\/strong><\/p>\n<p><em>(dato alle ore 17.00 fonte: Azienda Zero)<\/em><\/p>\n<p>Le persone attualmente POSITIVE ricoverate negli ospedali dell\u2019Ulss Dolomiti sono:<\/p>\n<table>\n<tbody>\n<tr>\n<td width=\"217\"><strong>\u00a0<\/strong><\/td>\n<td width=\"217\"><strong>Area NON CRITICA<\/strong><\/td>\n<td width=\"217\"><strong>Terapia Intensiva<\/strong><\/td>\n<\/tr>\n<tr>\n<td width=\"217\"><strong>Ospedale di Belluno <\/strong><\/td>\n<td width=\"217\">42<\/td>\n<td width=\"217\">4<\/td>\n<\/tr>\n<tr>\n<td width=\"217\"><strong>Ospedale di Feltre<\/strong><\/td>\n<td width=\"217\">24<\/td>\n<td width=\"217\">3<\/td>\n<\/tr>\n<\/tbody>\n<\/table>\n<p>&nbsp;<\/p>\n<p>Le persone attualmente POSITIVE ricoverate in Ospedale di Comunit\u00e0 sono:<\/p>\n<table>\n<tbody>\n<tr>\n<td width=\"326\"><strong>\u00a0<\/strong><\/td>\n<td width=\"326\"><strong>pazienti attualmente positivi<\/strong><\/td>\n<\/tr>\n<tr>\n<td width=\"326\"><strong>Ospedale di Comunit\u00e0 di BELLUNO<\/strong><\/td>\n<td width=\"326\">13<\/td>\n<\/tr>\n<tr>\n<td width=\"326\"><strong>Ospedale di Comunit\u00e0 di FELTRE<\/strong><\/td>\n<td width=\"326\">1<\/td>\n<\/tr>\n<\/tbody>\n<\/table>\n<p>&nbsp;<\/p>\n<blockquote>\n<h3>Si \u00e8 conclusa la seduta vaccinale in Comelico organizzata\u00a0 ieri pomeriggio con l&#8217;esecuzione di 212 dosi di vaccino<\/h3>\n<\/blockquote>\n<hr \/>\n<p>&nbsp;<\/p>\n<h2>L&#8217;ANDAMENTO DEL CONTAGIO NELL&#8217;AGORDINO, NELLA PARTE ALTA COME IN COMELICO A NOVEMBRE QUANDO SCATTARONO IMMEDIATE CHIUSURE<\/h2>\n<p><a href=\"https:\/\/www.radiopiu.net\/wordpress\/giornale-radiopiu-23-marzo-2021-direttore-mirko-mezzacasa\/3db89055-ecbe-43e4-acb2-be6ee94c1da3\/\" rel=\"attachment wp-att-198558\"><img loading=\"lazy\" decoding=\"async\" class=\"size-medium wp-image-198558 alignright\" src=\"https:\/\/www.radiopiu.net\/wordpress\/wp-content\/uploads\/2021\/03\/3db89055-ecbe-43e4-acb2-be6ee94c1da3-300x167.jpg\" alt=\"\" width=\"300\" height=\"167\" srcset=\"https:\/\/www.radiopiu.net\/wordpress\/wp-content\/uploads\/2021\/03\/3db89055-ecbe-43e4-acb2-be6ee94c1da3-300x167.jpg 300w, https:\/\/www.radiopiu.net\/wordpress\/wp-content\/uploads\/2021\/03\/3db89055-ecbe-43e4-acb2-be6ee94c1da3.jpg 598w\" sizes=\"auto, (max-width: 300px) 100vw, 300px\" \/><\/a>Agordino, come in Comelico a novembre quando scattorono pesanti restrizioni localizzate. Infatti il contagio sta interessando la parte alta della vallata, da Passo Staulanza a Passo San Pellegrino passando per Canale d&#8217;Agordo e la Valle di Gares. Falcade la fa da padrone, ha superato i 50 contagi, non va meglio n\u00e8 a Selva di Cadore, n\u00e8 in territorio Fodom. Ad Alleghe s&#8217;impenna tanto il numero dei contagi che delle persone in quarantena, stessa situazione nella vicina Rocca Pietore. Numeri in aumento, anche se non certo come lo scorso autunno ad Agordo e Conca Agordina<\/p>\n<p><strong>AGGIORNAMENTO AL 23 MARZO, ORE 5<\/strong><\/p>\n<p>&nbsp;<\/p>\n<p><a href=\"https:\/\/www.radiopiu.net\/wordpress\/giornale-radiopiu-23-marzo-2021-direttore-mirko-mezzacasa\/b338d52f-9796-4055-8eb4-cd7dfc884bf8\/\" rel=\"attachment wp-att-198559\"><img loading=\"lazy\" decoding=\"async\" class=\" wp-image-198559 alignleft\" src=\"https:\/\/www.radiopiu.net\/wordpress\/wp-content\/uploads\/2021\/03\/b338d52f-9796-4055-8eb4-cd7dfc884bf8-300x180.jpg\" alt=\"\" width=\"247\" height=\"148\" srcset=\"https:\/\/www.radiopiu.net\/wordpress\/wp-content\/uploads\/2021\/03\/b338d52f-9796-4055-8eb4-cd7dfc884bf8-300x180.jpg 300w, https:\/\/www.radiopiu.net\/wordpress\/wp-content\/uploads\/2021\/03\/b338d52f-9796-4055-8eb4-cd7dfc884bf8.jpg 596w\" sizes=\"auto, (max-width: 247px) 100vw, 247px\" \/><\/a>FALCADE 51 positivi\u00a0 (+3) 26 isolamento (-5) CANALE D&#8217;AGORDO 13 positivi (+5) 10\u00a0 isolamento\u00a0 (-4) VALLADA 2 positivi (-3)\u00a0 2 isolamento (-2)\u00a0 CENCENIGHE 8 (+2) positivi 8 isolamento (+5) SAN TOMASO 7 positivi (+2)\u00a0 8 isolamento (+7) LIVINALLONGO 23\u00a0 positivi (-1) 29 isolamento (+11) ALLEGHE 12 positivi (+4) 58 isolamento (+12) AGORDO 18 positivi (-1)\u00a0 25 isolamento (-7) TAIBON 10 positivi (+1) 17 isolamento (+2)\u00a0 LA VALLE 1 positivo 8 isolamento RIVAMONTE 3 positivi 4 isolamento\u00a0 GOSALDO 1 positivo 1 isolamento\u00a0 ROCCA PIETORE 11 positivi (+6) 32 isolamento (+1) COLLE SANTA LUCIA 6 positivi 2 isolamento (+1) SELVA DI CADORE 20 positivi (+3)\u00a0 31 isolamento (+3)<\/p>\n<div class=\"nc684nl6\"><\/div>\n<p>&nbsp;<\/p>\n<p>&nbsp;<\/p>\n<p>&nbsp;<\/p>\n<hr \/>\n<p>&nbsp;<\/p>\n<blockquote class=\"wp-embedded-content\" data-secret=\"FdOLVbFkvr\"><p><a href=\"https:\/\/www.radiopiu.net\/wordpress\/il-punto-settimanale-della-ulss-1-dolomiti-sul-covid-in-provincia\/\">IL PUNTO SETTIMANALE DELLA ULSS 1 DOLOMITI SUL COVID IN PROVINCIA<\/a><\/p><\/blockquote>\n<p><iframe loading=\"lazy\" class=\"wp-embedded-content\" sandbox=\"allow-scripts\" security=\"restricted\" style=\"position: absolute; clip: rect(1px, 1px, 1px, 1px);\" title=\"&#8220;IL PUNTO SETTIMANALE DELLA ULSS 1 DOLOMITI SUL COVID IN PROVINCIA&#8221; &#8212; Radio Pi\u00f9\" src=\"https:\/\/www.radiopiu.net\/wordpress\/il-punto-settimanale-della-ulss-1-dolomiti-sul-covid-in-provincia\/embed\/#?secret=FdOLVbFkvr\" data-secret=\"FdOLVbFkvr\" width=\"600\" height=\"338\" frameborder=\"0\" marginwidth=\"0\" marginheight=\"0\" scrolling=\"no\"><\/iframe><\/p>\n<p>&nbsp;<\/p>\n<hr \/>\n<p>&nbsp;<\/p>\n<blockquote>\n<h3>BRUCIA IL TIR SULLE STRADE DEL CADORE, AUTISTA IN OSPEDALE<\/h3>\n<\/blockquote>\n<ul>\n<li><strong>VODO DI CADORE<\/strong> Ieri sera alle 19 i vigili del fuoco sono intervenuti lungo la SS 51 al km 83 nel comune di Vodo di Cadore per l\u2019incendio di un autocarro: ricoverato l\u2019autista per aver inalato del fumo. I pompieri intervenuti con tre squadra da Belluno e con i volontari di Valle di Cadore, hanno spento il rogo del camion completamente avvolto dalle fiamme, che trasportava lastre di marmo. L\u2019autista nelle prime fasi dell\u2019incendio ha respirato del fumo e dopo l\u2019assistenza sul posto del personale del SUEM \u00e8 stato portato in ospedale per ulteriori accertamenti. Le cause dell&#8217;incendio di probabile natura elettromeccanica sono al vaglio delle squadre intervenute.<\/li>\n<\/ul>\n\n\t\t\t<style type='text\/css'>\n\t\t\t\t#gallery-1 {\n\t\t\t\t\tmargin: auto;\n\t\t\t\t}\n\t\t\t\t#gallery-1 .gallery-item {\n\t\t\t\t\tfloat: left;\n\t\t\t\t\tmargin-top: 10px;\n\t\t\t\t\ttext-align: center;\n\t\t\t\t\twidth: 50%;\n\t\t\t\t}\n\t\t\t\t#gallery-1 img {\n\t\t\t\t\tborder: 2px solid #cfcfcf;\n\t\t\t\t}\n\t\t\t\t#gallery-1 .gallery-caption {\n\t\t\t\t\tmargin-left: 0;\n\t\t\t\t}\n\t\t\t\t\/* see gallery_shortcode() in wp-includes\/media.php *\/\n\t\t\t<\/style>\n\t\t<div id='gallery-1' class='dt-gallery-container gallery galleryid-198447 gallery-columns-2 gallery-size-medium'><dl class='gallery-item'>\n\t\t\t\t<dt class='gallery-icon landscape'>\n\t\t\t\t\t<a class=\"rollover rollover-zoom dt-pswp-item\" title=\"0b98454d-a006-4266-9c2b-3aabf8b50b7b\" data-dt-img-description=\"\" data-large_image_width=\"1280\" data-large_image_height=\"834\"href='https:\/\/www.radiopiu.net\/wordpress\/wp-content\/uploads\/2021\/03\/0b98454d-a006-4266-9c2b-3aabf8b50b7b.jpg'><img loading=\"lazy\" decoding=\"async\" width=\"300\" height=\"195\" src=\"https:\/\/www.radiopiu.net\/wordpress\/wp-content\/uploads\/2021\/03\/0b98454d-a006-4266-9c2b-3aabf8b50b7b-300x195.jpg\" class=\"attachment-medium size-medium\" alt=\"\" srcset=\"https:\/\/www.radiopiu.net\/wordpress\/wp-content\/uploads\/2021\/03\/0b98454d-a006-4266-9c2b-3aabf8b50b7b-300x195.jpg 300w, https:\/\/www.radiopiu.net\/wordpress\/wp-content\/uploads\/2021\/03\/0b98454d-a006-4266-9c2b-3aabf8b50b7b-1024x667.jpg 1024w, https:\/\/www.radiopiu.net\/wordpress\/wp-content\/uploads\/2021\/03\/0b98454d-a006-4266-9c2b-3aabf8b50b7b-768x500.jpg 768w, https:\/\/www.radiopiu.net\/wordpress\/wp-content\/uploads\/2021\/03\/0b98454d-a006-4266-9c2b-3aabf8b50b7b.jpg 1280w\" sizes=\"auto, (max-width: 300px) 100vw, 300px\" \/><\/a>\n\t\t\t\t<\/dt><\/dl><dl class='gallery-item'>\n\t\t\t\t<dt class='gallery-icon landscape'>\n\t\t\t\t\t<a class=\"rollover rollover-zoom dt-pswp-item\" title=\"833e5ea1-3c86-4571-8856-5ed78a2bc63d\" data-dt-img-description=\"\" data-large_image_width=\"1280\" data-large_image_height=\"834\"href='https:\/\/www.radiopiu.net\/wordpress\/wp-content\/uploads\/2021\/03\/833e5ea1-3c86-4571-8856-5ed78a2bc63d.jpg'><img loading=\"lazy\" decoding=\"async\" width=\"300\" height=\"195\" src=\"https:\/\/www.radiopiu.net\/wordpress\/wp-content\/uploads\/2021\/03\/833e5ea1-3c86-4571-8856-5ed78a2bc63d-300x195.jpg\" class=\"attachment-medium size-medium\" alt=\"\" srcset=\"https:\/\/www.radiopiu.net\/wordpress\/wp-content\/uploads\/2021\/03\/833e5ea1-3c86-4571-8856-5ed78a2bc63d-300x195.jpg 300w, https:\/\/www.radiopiu.net\/wordpress\/wp-content\/uploads\/2021\/03\/833e5ea1-3c86-4571-8856-5ed78a2bc63d-1024x667.jpg 1024w, https:\/\/www.radiopiu.net\/wordpress\/wp-content\/uploads\/2021\/03\/833e5ea1-3c86-4571-8856-5ed78a2bc63d-768x500.jpg 768w, https:\/\/www.radiopiu.net\/wordpress\/wp-content\/uploads\/2021\/03\/833e5ea1-3c86-4571-8856-5ed78a2bc63d.jpg 1280w\" sizes=\"auto, (max-width: 300px) 100vw, 300px\" \/><\/a>\n\t\t\t\t<\/dt><\/dl><br style=\"clear: both\" \/>\n\t\t\t<\/div>\n\n<p>&nbsp;<\/p>\n<p>&nbsp;<\/p>\n<hr \/>\n<blockquote>\n<h3><\/h3>\n<h3>NEL 2020 SONO AUMENTATI DEL 16% GLI INTERVENTI DEL SOCCORSO ALPINO RISPETTO AL 2019, IL PUNTO NELLA CONFERENZA STAMPA<\/h3>\n<\/blockquote>\n<p><strong><a href=\"https:\/\/www.radiopiu.net\/wordpress\/nel-2019-sono-stati-908-gli-interventi-del-soccorso-alpino-e-speleologico-in-calo-del-4-32\/salt_20190919_162526_609\/\" rel=\"attachment wp-att-129120\"><img loading=\"lazy\" decoding=\"async\" class=\"size-medium wp-image-129120 alignleft\" src=\"https:\/\/www.radiopiu.net\/wordpress\/wp-content\/uploads\/2020\/04\/salt_20190919_162526_609-300x168.jpg\" alt=\"\" width=\"300\" height=\"168\" srcset=\"https:\/\/www.radiopiu.net\/wordpress\/wp-content\/uploads\/2020\/04\/salt_20190919_162526_609-300x168.jpg 300w, https:\/\/www.radiopiu.net\/wordpress\/wp-content\/uploads\/2020\/04\/salt_20190919_162526_609-1024x572.jpg 1024w, https:\/\/www.radiopiu.net\/wordpress\/wp-content\/uploads\/2020\/04\/salt_20190919_162526_609-768x429.jpg 768w, https:\/\/www.radiopiu.net\/wordpress\/wp-content\/uploads\/2020\/04\/salt_20190919_162526_609.jpg 1240w\" sizes=\"auto, (max-width: 300px) 100vw, 300px\" \/><\/a>BELLUNO<\/strong><\/p>\n<p>di Moreno Gioli<\/p>\n<audio class=\"wp-audio-shortcode\" id=\"audio-198447-1\" preload=\"none\" style=\"width: 100%;\" controls=\"controls\"><source type=\"audio\/mpeg\" src=\"https:\/\/www.radiopiu.net\/wordpress\/wp-content\/uploads\/2021\/03\/GIOLI-SOCCORSO-ALPINO.mp3?_=1\" \/><a href=\"https:\/\/www.radiopiu.net\/wordpress\/wp-content\/uploads\/2021\/03\/GIOLI-SOCCORSO-ALPINO.mp3\">https:\/\/www.radiopiu.net\/wordpress\/wp-content\/uploads\/2021\/03\/GIOLI-SOCCORSO-ALPINO.mp3<\/a><\/audio>\n<p>&nbsp;<\/p>\n<hr \/>\n<p>&nbsp;<\/p>\n<blockquote>\n<h3>IL VACCINO A TUTELA DEL LAVORATORE E IL GIUDICE RIGETTA IL RICORSO DEI NON VACCINATI E MESSI IN FERIE<\/h3>\n<\/blockquote>\n<p><strong><a href=\"https:\/\/www.radiopiu.net\/wordpress\/il-vaccino-a-tutela-del-lavoratore-e-il-giudice-rigetta-il-ricorso-dei-non-vaccinati-e-messi-in-ferie\/3fd4cede-18c9-4421-a5a3-3f662babf19e\/\" rel=\"attachment wp-att-198629\"><img loading=\"lazy\" decoding=\"async\" class=\"size-medium wp-image-198629 alignright\" src=\"https:\/\/www.radiopiu.net\/wordpress\/wp-content\/uploads\/2021\/03\/3fd4cede-18c9-4421-a5a3-3f662babf19e-200x300.jpg\" alt=\"\" width=\"200\" height=\"300\" srcset=\"https:\/\/www.radiopiu.net\/wordpress\/wp-content\/uploads\/2021\/03\/3fd4cede-18c9-4421-a5a3-3f662babf19e-200x300.jpg 200w, https:\/\/www.radiopiu.net\/wordpress\/wp-content\/uploads\/2021\/03\/3fd4cede-18c9-4421-a5a3-3f662babf19e-682x1024.jpg 682w, https:\/\/www.radiopiu.net\/wordpress\/wp-content\/uploads\/2021\/03\/3fd4cede-18c9-4421-a5a3-3f662babf19e-768x1153.jpg 768w, https:\/\/www.radiopiu.net\/wordpress\/wp-content\/uploads\/2021\/03\/3fd4cede-18c9-4421-a5a3-3f662babf19e-1023x1536.jpg 1023w, https:\/\/www.radiopiu.net\/wordpress\/wp-content\/uploads\/2021\/03\/3fd4cede-18c9-4421-a5a3-3f662babf19e.jpg 1066w\" sizes=\"auto, (max-width: 200px) 100vw, 200px\" \/><\/a>BELLUNO<\/strong> Il Giudice del lavoro del Tribunale di Belluno ha rigettato il ricorso di 10 operatori socio assistenziali depositato contro Sersa (Servizi Sociali Assistenziali) e Sedico Servizi. Otto gli operatori in forza a Sersa, e due a Sedico Servizi. Questa la loro richiesta al giudice &#8220;Dichiarare la loro libert\u00e0 nello scegliere di vaccinarsi o meno, senza ripercussione sui rapporti di lavoro&#8221;. Sersa aveva\u00a0 disposto due settimane di ferie per gli operatori\u00a0 ancora non vaccinati.<em> &#8220;Questo anche per prendere tempo &#8211; spiega l&#8217;amministratore unico\u00a0 di Sersa Paolo Santesso &#8211; con la speranza dell&#8217;emanazione di una norma nazionale, ma anche auspicando che il periodo di riflessione potesse portare ad una consapevolezza diversa sviluppata dagli operatori&#8221;.\u00a0<\/em><\/p>\n<p><strong>L&#8217;AMMINISTRATORE UNICO di SERSA PAOLO SANTESSO<\/strong><\/p>\n<audio class=\"wp-audio-shortcode\" id=\"audio-198447-2\" preload=\"none\" style=\"width: 100%;\" controls=\"controls\"><source type=\"audio\/mpeg\" src=\"https:\/\/www.radiopiu.net\/wordpress\/wp-content\/uploads\/2021\/03\/SANTESSO1.mp3?_=2\" \/><a href=\"https:\/\/www.radiopiu.net\/wordpress\/wp-content\/uploads\/2021\/03\/SANTESSO1.mp3\">https:\/\/www.radiopiu.net\/wordpress\/wp-content\/uploads\/2021\/03\/SANTESSO1.mp3<\/a><\/audio>\n<p>&nbsp;<\/p>\n<p>&nbsp;<\/p>\n<p><a href=\"https:\/\/www.radiopiu.net\/wordpress\/il-vaccino-a-tutela-del-lavoratore-e-il-giudice-rigetta-il-ricorso-dei-non-vaccinati-e-messi-in-ferie\/fc3ff9c0-d86c-4260-89fd-3f21b5bab3bf\/\" rel=\"attachment wp-att-198630\"><img loading=\"lazy\" decoding=\"async\" class=\" wp-image-198630 alignleft\" src=\"https:\/\/www.radiopiu.net\/wordpress\/wp-content\/uploads\/2021\/03\/fc3ff9c0-d86c-4260-89fd-3f21b5bab3bf-300x199.jpg\" alt=\"\" width=\"235\" height=\"156\" srcset=\"https:\/\/www.radiopiu.net\/wordpress\/wp-content\/uploads\/2021\/03\/fc3ff9c0-d86c-4260-89fd-3f21b5bab3bf-300x199.jpg 300w, https:\/\/www.radiopiu.net\/wordpress\/wp-content\/uploads\/2021\/03\/fc3ff9c0-d86c-4260-89fd-3f21b5bab3bf-1024x680.jpg 1024w, https:\/\/www.radiopiu.net\/wordpress\/wp-content\/uploads\/2021\/03\/fc3ff9c0-d86c-4260-89fd-3f21b5bab3bf-768x510.jpg 768w, https:\/\/www.radiopiu.net\/wordpress\/wp-content\/uploads\/2021\/03\/fc3ff9c0-d86c-4260-89fd-3f21b5bab3bf-1536x1020.jpg 1536w, https:\/\/www.radiopiu.net\/wordpress\/wp-content\/uploads\/2021\/03\/fc3ff9c0-d86c-4260-89fd-3f21b5bab3bf.jpg 1600w\" sizes=\"auto, (max-width: 235px) 100vw, 235px\" \/><\/a>Per Santesso \u00e8 il primo passo nel riconoscere come il vaccino anti covid sia, anche per la legge italiana, uno strumento indispensabile per i datori di lavoro per contrastare l&#8221;epidemia. Il principio richiamato dal Giudice lo si ritrova dall&#8217;articolo 2087 del codice civile che impone al datore di lavoro di attuare tutte le misure a tutela della salute del dipendente.<\/p>\n<p><strong>PAOLO SANTESSO<\/strong><\/p>\n<audio class=\"wp-audio-shortcode\" id=\"audio-198447-3\" preload=\"none\" style=\"width: 100%;\" controls=\"controls\"><source type=\"audio\/mpeg\" src=\"https:\/\/www.radiopiu.net\/wordpress\/wp-content\/uploads\/2021\/03\/SANTAESSO2.mp3?_=3\" \/><a href=\"https:\/\/www.radiopiu.net\/wordpress\/wp-content\/uploads\/2021\/03\/SANTAESSO2.mp3\">https:\/\/www.radiopiu.net\/wordpress\/wp-content\/uploads\/2021\/03\/SANTAESSO2.mp3<\/a><\/audio>\n<p>&nbsp;<\/p>\n<p>&nbsp;<\/p>\n<hr \/>\n<p>&nbsp;<\/p>\n<blockquote>\n<h3>DALLE SANZIONI IL COMUNE PREVEDE DI INCASSARE 30MILA EURO<\/h3>\n<\/blockquote>\n<p><strong><a href=\"https:\/\/www.radiopiu.net\/wordpress\/giornale-radiopiu-12-marzo-2021-direttore-mirko-mezzacasa\/th-65\/\" rel=\"attachment wp-att-196559\"><img loading=\"lazy\" decoding=\"async\" class=\" wp-image-196559 alignleft\" src=\"https:\/\/www.radiopiu.net\/wordpress\/wp-content\/uploads\/2021\/03\/th-8.jpg\" alt=\"\" width=\"206\" height=\"136\" \/><\/a>BORGO VALBELLUNA<\/strong><\/p>\n<p><strong>DAMIANO TORMEN<\/strong><\/p>\n<audio class=\"wp-audio-shortcode\" id=\"audio-198447-4\" preload=\"none\" style=\"width: 100%;\" controls=\"controls\"><source type=\"audio\/mpeg\" src=\"https:\/\/www.radiopiu.net\/wordpress\/wp-content\/uploads\/2021\/03\/damiano-borgo.mp3?_=4\" \/><a href=\"https:\/\/www.radiopiu.net\/wordpress\/wp-content\/uploads\/2021\/03\/damiano-borgo.mp3\">https:\/\/www.radiopiu.net\/wordpress\/wp-content\/uploads\/2021\/03\/damiano-borgo.mp3<\/a><\/audio>\n<p>&nbsp;<\/p>\n<p><strong>\u00a0<\/strong><\/p>\n<hr \/>\n<p>&nbsp;<\/p>\n<h2><span style=\"color: #ff0000;\">DILLO A RADIO PIU&#8230;.<\/span><\/h2>\n<p><strong>A proposito dei vaccini di domenica ad Agordo-Tamonich<\/strong><\/p>\n<blockquote><p><em>Volevo segnalare una considerazione, sto leggendo sul sito tanti apprezzamenti per la giornata di vaccinazione a Tamonich di ieri, io invece ti segnalo purtroppo questo fatto, di cui spero l&#8217;ulss mi risponda ho scritto anche all&#8217;URP della stessa ULSS. Mia madre nata nel 1937 residente in Agordo ieri non \u00e8 stata convocata, mentre tutte le persone di sua conoscenza di Agordo del 1937 erano a Tamonich per la vaccinazione. Da pi\u00f9 giorni cercavo di contattare l&#8217;ufficio vaccinazioni con mail e telefonate ma chi gli ha sentiti?<br \/>\n<\/em><strong>lettera firmata<\/strong><\/p><\/blockquote>\n<p>&nbsp;<\/p>\n<p><strong>A proposito delle affermazioni di ieri di Lucia Farenzena<\/strong><\/p>\n<blockquote>\n<p style=\"text-align: left;\"><em>Volevo dire alla Signora Lucia Farenzena che le regole valgono per tutti ,\u201dautoctoni \u201ccome li chiama lei e non; ma mi chiedo cosa vengono a fare i proprietari di seconde case ora visto che dobbiamo stare a casa .Che c\u2019entra Il turismo? Purtroppo ci si pu\u00f2 muovere solo per ragioni di salute e lavoro .Quando sar\u00e0 il momento i turisti saranno bene accetti .<\/em><\/p>\n<p><strong>Caterina De Biasio Caterina <\/strong><\/p><\/blockquote>\n<p>&nbsp;<\/p>\n<p>\u200b<\/p>\n<hr \/>\n<p>&nbsp;<\/p>\n<blockquote>\n<h3>ESERCIZIO APERTO E SCATTA LA CHIUSURA, MULTATO ANCHE IL CLIENTE<\/h3>\n<\/blockquote>\n<p><strong><a href=\"https:\/\/www.radiopiu.net\/wordpress\/esercizio-aperto-e-scatta-la-chiusura-multato-anche-il-cliente\/7355b22c-69e2-4220-b6b4-3f5f9f91f6cb\/\" rel=\"attachment wp-att-198598\"><img loading=\"lazy\" decoding=\"async\" class=\" wp-image-198598 alignleft\" src=\"https:\/\/www.radiopiu.net\/wordpress\/wp-content\/uploads\/2021\/03\/7355b22c-69e2-4220-b6b4-3f5f9f91f6cb-300x225.jpg\" alt=\"\" width=\"167\" height=\"125\" srcset=\"https:\/\/www.radiopiu.net\/wordpress\/wp-content\/uploads\/2021\/03\/7355b22c-69e2-4220-b6b4-3f5f9f91f6cb-300x225.jpg 300w, https:\/\/www.radiopiu.net\/wordpress\/wp-content\/uploads\/2021\/03\/7355b22c-69e2-4220-b6b4-3f5f9f91f6cb.jpg 320w\" sizes=\"auto, (max-width: 167px) 100vw, 167px\" \/><\/a>BELLUNO<\/strong> Cinque giorni di chiusura per il ristorante &#8220;Il PIacere&#8221; di via Mezzaterra e relativa sanzione pecuniaria di 400 euro. A scrivere il verbale i militari del Norm, Radiomobile del comando bellunese dei Carabinieri. I militari hanno accertato\u00a0 che era aperto al pubblico nonostante le note restrizioni che valgono per tutti. I militari hanno rintracciato anche un trentenne che usciva dall&#8217;esercizio commerciale in stato di ebbrezza e privo di mascherina, anche per lui \u00e8 scattata a sanzione.<\/p>\n<p><strong>CESIOMAGGIORE<\/strong>\u00a0 Ragazzi multati a Pez,\u00a0 in cerchio\u00a0 a mangiare un uovo di Pasqua. I loro genitori dovranno pagare 280 euro a testa per quel party di sabato pomeriggio tra otto ragazzi, tra i quali uno solo maggiorenne. I Carabinieri sono intervenuti in seguito alla chiamata di un cittadino<\/p>\n<p>&nbsp;<\/p>\n<hr \/>\n<p>&nbsp;<\/p>\n<blockquote>\n<h3>USCITA DI STRADA AUTONOMA, ANZIANO IN OSPEDALE<\/h3>\n<\/blockquote>\n<p><strong>VIGO DI CADORE<\/strong> Un&#8217;uscita di strada molto probabilmente in seguito a malore per\u00a0 M.D.S., 79 anni, di Vigo ricoverato all&#8217;ospedale di Pieve per accertamenti non\u00a0 in gravi condizioni. L&#8217;anziano era alla guida della Golf in direzione di Laggio quando\u00a0 ha perso il controllo e l&#8217;auto ha battuto prima sul lato destro della strada, poi ha finito la corsa contro un muretto di recinzione di una abitazione.<\/p>\n<p>&nbsp;<\/p>\n<hr \/>\n<p>&nbsp;<\/p>\n<blockquote>\n<h3>NEL CONSIGLIO COMUNALE DI TAIBON SI E&#8217; PARLATO DEL MEDICO DI BASE E DELLA FARMACIA COMUNALE<\/h3>\n<\/blockquote>\n<p><strong><a href=\"https:\/\/www.radiopiu.net\/wordpress\/giornale-radiopiu-03-maggio-2019-direttore-mirko-mezzacasa\/download-524\/\" rel=\"attachment wp-att-84368\"><img loading=\"lazy\" decoding=\"async\" class=\"size-full wp-image-84368 alignleft\" src=\"https:\/\/www.radiopiu.net\/wordpress\/wp-content\/uploads\/2019\/05\/download-1.jpg\" alt=\"\" width=\"259\" height=\"194\" \/><\/a>TAIBON<\/strong><\/p>\n<p>di Gianni Santomaso<\/p>\n<audio class=\"wp-audio-shortcode\" id=\"audio-198447-5\" preload=\"none\" style=\"width: 100%;\" controls=\"controls\"><source type=\"audio\/mpeg\" src=\"https:\/\/www.radiopiu.net\/wordpress\/wp-content\/uploads\/2021\/03\/GIANNI-CONSIGLIO-TAIBON-MEDICO.mp3?_=5\" \/><a href=\"https:\/\/www.radiopiu.net\/wordpress\/wp-content\/uploads\/2021\/03\/GIANNI-CONSIGLIO-TAIBON-MEDICO.mp3\">https:\/\/www.radiopiu.net\/wordpress\/wp-content\/uploads\/2021\/03\/GIANNI-CONSIGLIO-TAIBON-MEDICO.mp3<\/a><\/audio>\n<p>&nbsp;<\/p>\n<p><span style=\"color: #ff0000;\"><strong><a class=\"dt-pswp-item\" href=\"https:\/\/www.radiopiu.net\/wordpress\/wp-content\/uploads\/2021\/03\/images-1.jpg\" data-dt-img-description=\"\" data-large_image_width=\"327\" data-large_image_height=\"154\"><img loading=\"lazy\" decoding=\"async\" class=\"wp-image-198722 alignleft\" src=\"https:\/\/www.radiopiu.net\/wordpress\/wp-content\/uploads\/2021\/03\/images-1-300x141.jpg\" alt=\"\" width=\"234\" height=\"110\" srcset=\"https:\/\/www.radiopiu.net\/wordpress\/wp-content\/uploads\/2021\/03\/images-1-300x141.jpg 300w, https:\/\/www.radiopiu.net\/wordpress\/wp-content\/uploads\/2021\/03\/images-1.jpg 327w\" sizes=\"auto, (max-width: 234px) 100vw, 234px\" \/><\/a>DAL NOTIZIARIO DELLE 9.30 DEL 23 MARZO<\/strong><\/span><\/p>\n<p>FOTO ARCHIVIO Claudio Paganin con Loretta Ben (sindaco nei giorni della nascita della Farmacia comunale) e Donella Masoch. Foto scattata a Radio Pi\u00f9 nel decimo compleanno della Farmacia Comunale<\/p>\n<audio class=\"wp-audio-shortcode\" id=\"audio-198447-6\" preload=\"none\" style=\"width: 100%;\" controls=\"controls\"><source type=\"audio\/mpeg\" src=\"https:\/\/www.radiopiu.net\/wordpress\/wp-content\/uploads\/2021\/03\/SPECIALE-FARMACIA-TAIBON.mp3?_=6\" \/><a href=\"https:\/\/www.radiopiu.net\/wordpress\/wp-content\/uploads\/2021\/03\/SPECIALE-FARMACIA-TAIBON.mp3\">https:\/\/www.radiopiu.net\/wordpress\/wp-content\/uploads\/2021\/03\/SPECIALE-FARMACIA-TAIBON.mp3<\/a><\/audio>\n<p>&nbsp;<\/p>\n<blockquote>\n<h3>IL CONSIGLIO COMUNALE DI TAIBON, DIRETTA RADIO PIU<\/h3>\n<\/blockquote>\n<p><iframe loading=\"lazy\" title=\"CONSIGLIO COMUNALE DI TAIBON AGORDINO, DIRETTA\" width=\"1200\" height=\"675\" src=\"https:\/\/www.youtube.com\/embed\/ZhpiNCEqZGI?feature=oembed\" frameborder=\"0\" allow=\"accelerometer; autoplay; clipboard-write; encrypted-media; gyroscope; picture-in-picture\" allowfullscreen><\/iframe><\/p>\n<p>&nbsp;<\/p>\n<p>&nbsp;<\/p>\n<p>&nbsp;<\/p>\n<hr \/>\n<p>&nbsp;<\/p>\n<blockquote class=\"wp-embedded-content\" data-secret=\"y4ZUomTRbl\"><p><a href=\"https:\/\/www.radiopiu.net\/wordpress\/aggmar22\/\">CORONAVIRUS: AGGIORNAMENTO NAZIONALE 22 MARZO 2021<\/a><\/p><\/blockquote>\n<p><iframe loading=\"lazy\" class=\"wp-embedded-content\" sandbox=\"allow-scripts\" security=\"restricted\" style=\"position: absolute; clip: rect(1px, 1px, 1px, 1px);\" title=\"&#8220;CORONAVIRUS: AGGIORNAMENTO NAZIONALE 22 MARZO 2021&#8221; &#8212; Radio Pi\u00f9\" src=\"https:\/\/www.radiopiu.net\/wordpress\/aggmar22\/embed\/#?secret=y4ZUomTRbl\" data-secret=\"y4ZUomTRbl\" width=\"600\" height=\"338\" frameborder=\"0\" marginwidth=\"0\" marginheight=\"0\" scrolling=\"no\"><\/iframe><\/p>\n<p>&nbsp;<\/p>\n<hr \/>\n<p>&nbsp;<\/p>\n<blockquote class=\"wp-embedded-content\" data-secret=\"qMiM8ulJWP\"><p><a href=\"https:\/\/www.radiopiu.net\/wordpress\/in-24-ore-1367-nuovi-positivi-in-veneto-continua-laumento-dei-ricoveri-56-in-area-non-critica-e-7-in-terapia-intensiva-22-decessi-a-belluno-sono-38-i-nuovi-positivi\/\">IN 24 ORE 1367 NUOVI POSITIVI IN VENETO. CONTINUA L&#8217;AUMENTO DEI RICOVERI (+56 IN AREA NON CRITICA E +7 IN TERAPIA INTENSIVA), 22 DECESSI. A BELLUNO SONO 38 I NUOVI POSITIVI<\/a><\/p><\/blockquote>\n<p><iframe loading=\"lazy\" class=\"wp-embedded-content\" sandbox=\"allow-scripts\" security=\"restricted\" style=\"position: absolute; clip: rect(1px, 1px, 1px, 1px);\" title=\"&#8220;IN 24 ORE 1367 NUOVI POSITIVI IN VENETO. CONTINUA L&#8217;AUMENTO DEI RICOVERI (+56 IN AREA NON CRITICA E +7 IN TERAPIA INTENSIVA), 22 DECESSI. A BELLUNO SONO 38 I NUOVI POSITIVI&#8221; &#8212; Radio Pi\u00f9\" src=\"https:\/\/www.radiopiu.net\/wordpress\/in-24-ore-1367-nuovi-positivi-in-veneto-continua-laumento-dei-ricoveri-56-in-area-non-critica-e-7-in-terapia-intensiva-22-decessi-a-belluno-sono-38-i-nuovi-positivi\/embed\/#?secret=qMiM8ulJWP\" data-secret=\"qMiM8ulJWP\" width=\"600\" height=\"338\" frameborder=\"0\" marginwidth=\"0\" marginheight=\"0\" scrolling=\"no\"><\/iframe><\/p>\n<p>&nbsp;<\/p>\n<hr \/>\n<p>&nbsp;<\/p>\n<blockquote>\n<h3>I GRAFICI DI TIZIANO DE COL<\/h3>\n<\/blockquote>\n\n\t\t\t<style type='text\/css'>\n\t\t\t\t#gallery-2 {\n\t\t\t\t\tmargin: auto;\n\t\t\t\t}\n\t\t\t\t#gallery-2 .gallery-item {\n\t\t\t\t\tfloat: left;\n\t\t\t\t\tmargin-top: 10px;\n\t\t\t\t\ttext-align: center;\n\t\t\t\t\twidth: 20%;\n\t\t\t\t}\n\t\t\t\t#gallery-2 img {\n\t\t\t\t\tborder: 2px solid #cfcfcf;\n\t\t\t\t}\n\t\t\t\t#gallery-2 .gallery-caption {\n\t\t\t\t\tmargin-left: 0;\n\t\t\t\t}\n\t\t\t\t\/* see gallery_shortcode() in wp-includes\/media.php *\/\n\t\t\t<\/style>\n\t\t<div id='gallery-2' class='dt-gallery-container gallery galleryid-198447 gallery-columns-5 gallery-size-medium'><dl class='gallery-item'>\n\t\t\t\t<dt class='gallery-icon landscape'>\n\t\t\t\t\t<a class=\"rollover rollover-zoom dt-pswp-item\" title=\"95066dcc-4e97-45c5-a7b3-83a8c4615d60\" data-dt-img-description=\"\" data-large_image_width=\"593\" data-large_image_height=\"351\"href='https:\/\/www.radiopiu.net\/wordpress\/wp-content\/uploads\/2021\/03\/95066dcc-4e97-45c5-a7b3-83a8c4615d60.jpg'><img loading=\"lazy\" decoding=\"async\" width=\"300\" height=\"178\" src=\"https:\/\/www.radiopiu.net\/wordpress\/wp-content\/uploads\/2021\/03\/95066dcc-4e97-45c5-a7b3-83a8c4615d60-300x178.jpg\" class=\"attachment-medium size-medium\" alt=\"\" srcset=\"https:\/\/www.radiopiu.net\/wordpress\/wp-content\/uploads\/2021\/03\/95066dcc-4e97-45c5-a7b3-83a8c4615d60-300x178.jpg 300w, https:\/\/www.radiopiu.net\/wordpress\/wp-content\/uploads\/2021\/03\/95066dcc-4e97-45c5-a7b3-83a8c4615d60.jpg 593w\" sizes=\"auto, (max-width: 300px) 100vw, 300px\" \/><\/a>\n\t\t\t\t<\/dt><\/dl><dl class='gallery-item'>\n\t\t\t\t<dt class='gallery-icon landscape'>\n\t\t\t\t\t<a class=\"rollover rollover-zoom dt-pswp-item\" title=\"c0529862-835b-4e5c-830f-11da5b256f8a\" data-dt-img-description=\"\" data-large_image_width=\"612\" data-large_image_height=\"356\"href='https:\/\/www.radiopiu.net\/wordpress\/wp-content\/uploads\/2021\/03\/c0529862-835b-4e5c-830f-11da5b256f8a.jpg'><img loading=\"lazy\" decoding=\"async\" width=\"300\" height=\"175\" src=\"https:\/\/www.radiopiu.net\/wordpress\/wp-content\/uploads\/2021\/03\/c0529862-835b-4e5c-830f-11da5b256f8a-300x175.jpg\" class=\"attachment-medium size-medium\" alt=\"\" srcset=\"https:\/\/www.radiopiu.net\/wordpress\/wp-content\/uploads\/2021\/03\/c0529862-835b-4e5c-830f-11da5b256f8a-300x175.jpg 300w, https:\/\/www.radiopiu.net\/wordpress\/wp-content\/uploads\/2021\/03\/c0529862-835b-4e5c-830f-11da5b256f8a.jpg 612w\" sizes=\"auto, (max-width: 300px) 100vw, 300px\" \/><\/a>\n\t\t\t\t<\/dt><\/dl><dl class='gallery-item'>\n\t\t\t\t<dt class='gallery-icon landscape'>\n\t\t\t\t\t<a class=\"rollover rollover-zoom dt-pswp-item\" title=\"6ad53f37-3fe2-4ea9-a088-1105a2bdc4a0\" data-dt-img-description=\"\" data-large_image_width=\"608\" data-large_image_height=\"352\"href='https:\/\/www.radiopiu.net\/wordpress\/wp-content\/uploads\/2021\/03\/6ad53f37-3fe2-4ea9-a088-1105a2bdc4a0.jpg'><img loading=\"lazy\" decoding=\"async\" width=\"300\" height=\"174\" src=\"https:\/\/www.radiopiu.net\/wordpress\/wp-content\/uploads\/2021\/03\/6ad53f37-3fe2-4ea9-a088-1105a2bdc4a0-300x174.jpg\" class=\"attachment-medium size-medium\" alt=\"\" srcset=\"https:\/\/www.radiopiu.net\/wordpress\/wp-content\/uploads\/2021\/03\/6ad53f37-3fe2-4ea9-a088-1105a2bdc4a0-300x174.jpg 300w, https:\/\/www.radiopiu.net\/wordpress\/wp-content\/uploads\/2021\/03\/6ad53f37-3fe2-4ea9-a088-1105a2bdc4a0.jpg 608w\" sizes=\"auto, (max-width: 300px) 100vw, 300px\" \/><\/a>\n\t\t\t\t<\/dt><\/dl><dl class='gallery-item'>\n\t\t\t\t<dt class='gallery-icon landscape'>\n\t\t\t\t\t<a class=\"rollover rollover-zoom dt-pswp-item\" title=\"eea7c7a9-f69f-4ac8-867c-24da7330fa6e\" data-dt-img-description=\"\" data-large_image_width=\"600\" data-large_image_height=\"359\"href='https:\/\/www.radiopiu.net\/wordpress\/wp-content\/uploads\/2021\/03\/eea7c7a9-f69f-4ac8-867c-24da7330fa6e.jpg'><img loading=\"lazy\" decoding=\"async\" width=\"300\" height=\"180\" src=\"https:\/\/www.radiopiu.net\/wordpress\/wp-content\/uploads\/2021\/03\/eea7c7a9-f69f-4ac8-867c-24da7330fa6e-300x180.jpg\" class=\"attachment-medium size-medium\" alt=\"\" srcset=\"https:\/\/www.radiopiu.net\/wordpress\/wp-content\/uploads\/2021\/03\/eea7c7a9-f69f-4ac8-867c-24da7330fa6e-300x180.jpg 300w, https:\/\/www.radiopiu.net\/wordpress\/wp-content\/uploads\/2021\/03\/eea7c7a9-f69f-4ac8-867c-24da7330fa6e.jpg 600w\" sizes=\"auto, (max-width: 300px) 100vw, 300px\" \/><\/a>\n\t\t\t\t<\/dt><\/dl><dl class='gallery-item'>\n\t\t\t\t<dt class='gallery-icon landscape'>\n\t\t\t\t\t<a class=\"rollover rollover-zoom dt-pswp-item\" title=\"9a379c0e-99f8-4d1a-997c-ed9c0dbc86c0\" data-dt-img-description=\"\" data-large_image_width=\"608\" data-large_image_height=\"353\"href='https:\/\/www.radiopiu.net\/wordpress\/wp-content\/uploads\/2021\/03\/9a379c0e-99f8-4d1a-997c-ed9c0dbc86c0.jpg'><img loading=\"lazy\" decoding=\"async\" width=\"300\" height=\"174\" src=\"https:\/\/www.radiopiu.net\/wordpress\/wp-content\/uploads\/2021\/03\/9a379c0e-99f8-4d1a-997c-ed9c0dbc86c0-300x174.jpg\" class=\"attachment-medium size-medium\" alt=\"\" srcset=\"https:\/\/www.radiopiu.net\/wordpress\/wp-content\/uploads\/2021\/03\/9a379c0e-99f8-4d1a-997c-ed9c0dbc86c0-300x174.jpg 300w, https:\/\/www.radiopiu.net\/wordpress\/wp-content\/uploads\/2021\/03\/9a379c0e-99f8-4d1a-997c-ed9c0dbc86c0.jpg 608w\" sizes=\"auto, (max-width: 300px) 100vw, 300px\" \/><\/a>\n\t\t\t\t<\/dt><\/dl><br style=\"clear: both\" \/>\n\t\t\t<\/div>\n\n<p>&nbsp;<\/p>\n<hr \/>\n<p>&nbsp;<\/p>\n<blockquote>\n<h2>LE ALTRE CAMBIANO COLORE, IL VENETO RIMANE IN &#8220;ROSSO&#8221; LA MARCIA VERSO PASQUA AL TEMPO DEI VACCINI<\/h2>\n<h3>LEGGI IN TEMPO REALE LA CONFERENZA STAMPA DI LUCA ZAIA\u200b<\/h3>\n<\/blockquote>\n<p>In cura domiciliare oltre 39mila pazienti positivi, met\u00e0 sono asintomatici, circa 20mila \u00e8 sintomatica e il 5% -7% circa finisce in ospedale (2.000). Come riferito nel fine settimana dalla dottoressa Evelina Tacconelli della Ulss di Verona:\u00a0 le terapie con i monoclonal stanno prendendo quota, \u00e8 una terapia che funziona. Adesso arriver\u00e0 un nuovo monoclonale della Roche che sar\u00e0 ancora pi\u00f9 performante <span style=\"color: #ff0000;\"><strong>SITUAZIONE\u00a0<\/strong> <\/span>Per tornare in zona arancione L&#8217;Rt deve scendere sotto l&#8217;1, ora \u00e8 1,25. I contagi devono tornare sotto quota 250 per 100 mila abitanti. Da lunedi comunque tutta Italia sar\u00e0 arancione e rossa e nel fine settimana di Pasqua tutte le Regioni saranno rosse. Sperando che poi si torni alla normalit\u00e0 e si chiuda questa parentesi. <strong>VACCINI<\/strong> Stiamo spingendo per chiudere entro aprile tutto gli over 80, ce ne restano ancora 255mila, nel frattempo abbiamo vaccinato le categorie essenziali. Sugli insegnanti il problema \u00e8 la disdetta, l&#8217;abbandono, rafforzeremo i &#8220;riservisti&#8221; . Abbiamo\u00a0 92.879 dosi\u00a0 di astrazeneca, Pfizer se non arriva la consegna siamo\u00a0 quasi a zero, abbiamo ancora 16.224 dosi, considerate che nell&#8217;ultima settimana abbiamo spinto con le somministrazioni, di Moderna abbiamo 12.363. Questa settimana dovremmo avere 131.370 vaccini in arrivo in Veneto. Da met\u00e0 aprile avremo un vaccino con una sola dose, Johnson&amp;Johnon. Il software per prenotare online velocemente il vaccino\u00a0dovrebbe essere operativo a breve<strong> PRENOTAZIONI E PROBLEMI<\/strong> Ci scusiamo con chi ha riscontrato disservizi, ma la mole di vaccinazioni \u00e8 importante, circa 4 milioni di veneti. Se qualcuno pensa che questo sia un percorso netto di qui all&#8217;ultimo vaccino, io gli direi di non puntare un soldo, anche perch\u00e9 abbiamo a che fare con un sali e scendi di arrivo delle dosi. <strong>CHI NON SI PRESENTA\u00a0<\/strong> Per questo abbiamo fatto le liste dei riservisti. Adesso c&#8217;\u00e8 una nuova tendenza di presentarsi ai centri vaccinali a fine giornata e c&#8217;\u00e8 qualcuno che riesce anche a farsi vaccinare, ma non \u00e8 un requisito per avere un diritto. Quindi attenzione chi lo fa, lo fa a proprio rischio e pericolo. <strong>VACCINI AZIENDALI<\/strong> Per i parenti solo gli over 60 per aggredire questo target. Abbiamo dato indicazione anche agli ospedali\u00a0 di vaccinare\u00a0 tutti gli over 60 dimessi. <strong>COLLABORAZIONE CON I MEDICI DI BASE<\/strong> Strategica perch\u00e8 conoscono i loro pazienti. <strong>SI STANNO MOLTIPLICANDO MEDICI E INFERMIERI NO VAX HANNO ANCHE UN NUMERO VERDE<\/strong> C&#8217;\u00e8 poco da restare spiazzati, il vaccino \u00e8 volontario. Si stanno organizzando perch\u00e8? Per non farlo fare agli altri? Chi vuole farselo se lo fa gli altri facciano a meno. La legge \u00e8 chiara non c&#8217;\u00e8 obbligatoriet\u00e0 di vaccino. E&#8217; chiaro che una persona non vaccinata che lavora alle terapie intensive immagino possa anche infettarsi. <strong>MANIFESTAZIONI PER LA CHIUSURA DELLA SCUOLA<\/strong> Chiudere la scuola \u00e8 una sconfitta. I genitori in difficolt\u00e0 vanno compresi. Quando la Regione poteva chiudere tutte le scuole ci siamo sempre fermati alle scuole superiori. Poi il legislatore ha decido diversamente con i 250 contagi ogni 100 mila abitanti che chiude tutte le scuole di ogni ordine e grado. Non \u00e8 una scelta veneta ma nazionale.Non si vuol capire che la chiusura della scuola avviene per legge, \u00e8 una competenza nazionale. Quindi noi le scuole non le possiamo riaprire, la possibilit\u00e0 di discrezionalit\u00e0 \u00e8 stata tolta.<\/p>\n<p>&nbsp;<\/p>\n<p><a href=\"https:\/\/www.facebook.com\/zaiaufficiale\/videos\/281053133461175\">https:\/\/www.facebook.com\/zaiaufficiale\/videos\/281053133461175<\/a><\/p>\n<p>&nbsp;<\/p>\n<hr \/>\n<p>&nbsp;<\/p>\n<blockquote>\n<h3>CAMPAGNA VACCINALE ANTI COVID: GLI APPUNTAMENTI DEI PROSSIMI GIORNI<\/h3>\n<\/blockquote>\n<p><strong><a href=\"https:\/\/www.radiopiu.net\/wordpress\/giornale-radiopiu-15-marzo-2021-direttore-mirko-mezzacasa\/vaccino-2\/\" rel=\"attachment wp-att-196946\"><img loading=\"lazy\" decoding=\"async\" class=\"size-medium wp-image-196946 alignleft\" src=\"https:\/\/www.radiopiu.net\/wordpress\/wp-content\/uploads\/2021\/03\/VACCINO-300x169.jpg\" alt=\"\" width=\"300\" height=\"169\" srcset=\"https:\/\/www.radiopiu.net\/wordpress\/wp-content\/uploads\/2021\/03\/VACCINO-300x169.jpg 300w, https:\/\/www.radiopiu.net\/wordpress\/wp-content\/uploads\/2021\/03\/VACCINO-1024x576.jpg 1024w, https:\/\/www.radiopiu.net\/wordpress\/wp-content\/uploads\/2021\/03\/VACCINO-768x432.jpg 768w, https:\/\/www.radiopiu.net\/wordpress\/wp-content\/uploads\/2021\/03\/VACCINO.jpg 1280w\" sizes=\"auto, (max-width: 300px) 100vw, 300px\" \/><\/a>BELLUNO <\/strong>La campagna vaccinale \u00e8 proseguita anche oggi con l\u2019impegno principale in Comelico per la seduta vaccinale tata organizzata dall\u2019Unione Montana del Comelico e dai Medici di Medicina Generale del territorio riservata a persone tra 75 e 79 anni con vaccino AstraZeneca ad accesso libero dalle 14.00 alle 18.00 nella sede degli Alpini, in via Udine, a Santo Stefano. I flussi e l\u2019organizzazione sono stati curati grazie delle amministrazioni comunali , dagli Alpini e Protezione Civile. L\u2019Ulss dolomiti sta definendo accordi organizzativi di dettaglio con i medici di famiglia per l\u2019offerta su tutto il territorio del vaccino AstraZeneca alle persone di et\u00e0 compresa tra i 70 e i 79 anni. In particolare, saranno attivi, nei prossimi giorni,\u00a0 i Medici di Medicina Generale della Medicina di gruppo di Cavarzano e, a seguire, i medici di famiglia Longarone &#8211; Zoldo. Nel Feltrino l\u2019Ulss Dolomiti attiver\u00e0, per marted\u00ec 23 marzo, una seduta straordinaria per la fascia d\u2019et\u00e0 70-79 anni, con vaccino Astrazeneca, prenotabile online dal sito www.aulss1.veneto.it. La seduta si terr\u00e0 al drive in dell\u2019ex Marangoni dalle 14.00 alle 19.00. <strong>Vaccinazioni a domicilio: <\/strong>Sono in fase di presa in carico ed esecuzione le circa 400 richieste di vaccinazione a domicilio di persone con difficolt\u00e0 nella mobilit\u00e0, grazie all\u2019operativit\u00e0 di 6 medici della Protezione Civile, di alcuni medici USCA e dei Medicina di famiglia. <strong>Servizi essenziali: <\/strong>Prosegue la vaccinazione degli operatori dei servizi essenziali (Forze dell\u2019ordine, Polizia locale, etc) convocati d\u2019intesa con al Prefettura in 6 sedute dedicate fino al 29 marzo. La seduta odierna si \u00e8 svolta con regolarit\u00e0 senza significative assenze. Il 24 e il 25 marzo a Tai e ad Agordo si continuer\u00e0 l\u2019offerta vaccinale a favore del personale della scuola. <strong>Il programma vaccinale per la giornata di domani \u00e8 il seguente:\u00a0<\/strong><strong>Ospedale BELLUNO <\/strong>estremamente vulnerabili<strong>: <\/strong>50 dosi, <strong>Drive in Belluno <\/strong>over 80: 200 (prenotabili online www.aulss1.veneto.it)\u00a0 e servizi essenziali: 250 dosi <strong>Ospedale Feltre <\/strong>estremamente vulnerabili: 100 dosi <strong>RSA Feltrino<\/strong>: 160 dosi <strong>Drive in Feltre <\/strong>70-79 anni: 500 dosi prenotabili online www.aulss1.veneto.it<\/p>\n<h3 dir=\"auto\"><span style=\"color: #ff0000;\">Le persone tra 70 e 79 anni possono PRENOTARE sul sito <a style=\"color: #ff0000;\" title=\"http:\/\/www.aulss1.veneto.it\" href=\"http:\/\/www.aulss1.veneto.it\/\" target=\"_blank\" rel=\"noopener\">www.aulss1.veneto.it<\/a> la somministrazione del vaccino AstraZeneca per OGGI *23 marzo 2021* al drive in ex Marangoni di *Feltre* dalle 14.00 alle 19.00. Sono disponibili 500 dosi di vaccino *AstraZeneca* che saranno somministrate, dopo l&#8217;anamnesi. Portare con s\u00e9: carta d&#8217;identit\u00e0 (per verificare anno di nascita e residenza), tessera sanitaria, scheda anamnestica (da scaricare dal sito <a style=\"color: #ff0000;\" href=\"http:\/\/www.aulss1.veneto.it\/\" target=\"_blank\" rel=\"noopener\">www.aulss1.veneto.it<\/a>). Presentarsi in auto. La vaccinazione sar\u00e0 eseguita nella parte alta del braccio (muscolo deltoide): \u00e8 consigliato indossare un abbigliamento comodo che consenta di scoprire la sede di iniezione. Dopo la somministrazione \u00e8 necessario aspettare almeno 15 minuti.<\/span><\/h3>\n<p>&nbsp;<\/p>\n<p>&nbsp;<\/p>\n<hr \/>\n<p>&nbsp;<\/p>\n<blockquote>\n<h3>PIU\u2019 INFORMAZIONE SU PIANO VACCINAZIONI, I CITTADINI HANNO NECESSITA\u2019 DI GARANZIA E CERTEZZE<\/h3>\n<\/blockquote>\n<p><strong>LA DICHIARAZIONE DI DARIO BOND<\/strong><\/p>\n<blockquote><p><em>\u201cTutti gli italiani vedono, e giustamente, nel vaccino l\u2019\u00e0ncora di salvezza per uscire da questa pandemia. Il Governo si sta muovendo per accelerare il piano vaccinazioni, affinch\u00e9 tutti possano avere la somministrazione in tempi brevi. Ma in molti mi scrivono chiedendomi quando arriver\u00e0 il loro turno. Occorre dare ai cittadini informazioni dettagliate e una comunicazione che li tranquillizzi sull\u2019organizzazione e sulle tempistiche delle vaccinazioni. Tempi certi e snelli, regole chiare, uniformit\u00e0 sul territorio nazionale, organizzazione efficiente e garanzia di arrivare alla copertura di almeno l\u201980% della popolazione entro settembre. E\u2019 questo ci\u00f2 di cui gli italiani hanno bisogno: sapere se e quando saranno vaccinati, quali sono le categorie fragili, quali gli ordini di priorit\u00e0 in base alla categoria di appartenenza, quando ci sar\u00e0 il loro turno. Rafforzare la comunicazione in tal senso, renderla efficace e trasparente, e far sapere ai cittadini quando potranno tornare a vivere, per gli italiani significa gi\u00e0 ricominciare a vivere\u201d.<\/em><\/p><\/blockquote>\n<p>&nbsp;<\/p>\n<hr \/>\n<h3><\/h3>\n<blockquote>\n<h3>LE OPERE PER CONTENERE LA PIENA CENTENARIA<\/h3>\n<\/blockquote>\n<p><strong>CORTINA\u00a0<\/strong> \u00a0Sono ripresi a pieno ritmo i lavori\u00a0 di adeguamento delle opere idrauliche sul torrente Boite tra l&#8217;abitato di Sopiazes e la Polveriera. <em>\u201cSi tratta di un intervento che abbiamo finanziato lo scorso anno, per un importo complessivo di tre milioni di euro \u2013 spiega l\u2019assessore al Dissesto Idrogeologico Gianpaolo Bottacin &#8211; e che sta seguendo la nostra struttura regionale del Genio Civile di Belluno\u201d. <\/em>Le opere in corso di realizzazione consistono nell&#8217;abbassamento del fondo dell\u2019alveo e nel rifacimento ed innalzamento dei muri di entrambe le sponde, al fine di contenere la piena centenaria con un adeguato franco di sicurezza, sulla base di una specifica modellazione idraulica. Per il rifacimento dei muri spondali si \u00e8 reso necessario realizzare un&#8217;opera di sostegno dei fronti di scavo con una paratia di micropali, alcuni dei quali inclinati con funzione di ancoraggio. <em>\u201cL\u2019obiettivo \u00e8 portare a termine questo primo stralcio di valle, il pi\u00f9 delicato &#8211; conclude Bottacin -, nell\u2019ambito di una progettazione complessiva che consentir\u00e0 nel tempo di mettere in sicurezza l\u2019intero tratto del Boite, attraversando zone fortemente antropizzate e ricche di servizi, le cui difese spondali, soprattutto a causa di Vaia ma anche degli eventi atmosferici successivi, avevano subito ingenti danni\u201d. <\/em>Condizioni climatiche e imprevisti permettendo, l\u2019intervento \u00e8 previsto venga ultimato entro l\u2019autunno.<\/p>\n\n\t\t\t<style type='text\/css'>\n\t\t\t\t#gallery-3 {\n\t\t\t\t\tmargin: auto;\n\t\t\t\t}\n\t\t\t\t#gallery-3 .gallery-item {\n\t\t\t\t\tfloat: left;\n\t\t\t\t\tmargin-top: 10px;\n\t\t\t\t\ttext-align: center;\n\t\t\t\t\twidth: 50%;\n\t\t\t\t}\n\t\t\t\t#gallery-3 img {\n\t\t\t\t\tborder: 2px solid #cfcfcf;\n\t\t\t\t}\n\t\t\t\t#gallery-3 .gallery-caption {\n\t\t\t\t\tmargin-left: 0;\n\t\t\t\t}\n\t\t\t\t\/* see gallery_shortcode() in wp-includes\/media.php *\/\n\t\t\t<\/style>\n\t\t<div id='gallery-3' class='dt-gallery-container gallery galleryid-198447 gallery-columns-2 gallery-size-medium'><dl class='gallery-item'>\n\t\t\t\t<dt class='gallery-icon landscape'>\n\t\t\t\t\t<a class=\"rollover rollover-zoom dt-pswp-item\" title=\"c6ffaa90-5200-49a5-8308-20eb47e2604a\" data-dt-img-description=\"\" data-large_image_width=\"2016\" data-large_image_height=\"1512\"href='https:\/\/www.radiopiu.net\/wordpress\/wp-content\/uploads\/2021\/03\/c6ffaa90-5200-49a5-8308-20eb47e2604a.jpg'><img loading=\"lazy\" decoding=\"async\" width=\"300\" height=\"225\" src=\"https:\/\/www.radiopiu.net\/wordpress\/wp-content\/uploads\/2021\/03\/c6ffaa90-5200-49a5-8308-20eb47e2604a-300x225.jpg\" class=\"attachment-medium size-medium\" alt=\"\" srcset=\"https:\/\/www.radiopiu.net\/wordpress\/wp-content\/uploads\/2021\/03\/c6ffaa90-5200-49a5-8308-20eb47e2604a-300x225.jpg 300w, https:\/\/www.radiopiu.net\/wordpress\/wp-content\/uploads\/2021\/03\/c6ffaa90-5200-49a5-8308-20eb47e2604a-1024x768.jpg 1024w, https:\/\/www.radiopiu.net\/wordpress\/wp-content\/uploads\/2021\/03\/c6ffaa90-5200-49a5-8308-20eb47e2604a-768x576.jpg 768w, https:\/\/www.radiopiu.net\/wordpress\/wp-content\/uploads\/2021\/03\/c6ffaa90-5200-49a5-8308-20eb47e2604a-1536x1152.jpg 1536w, https:\/\/www.radiopiu.net\/wordpress\/wp-content\/uploads\/2021\/03\/c6ffaa90-5200-49a5-8308-20eb47e2604a.jpg 2016w\" sizes=\"auto, (max-width: 300px) 100vw, 300px\" \/><\/a>\n\t\t\t\t<\/dt><\/dl><dl class='gallery-item'>\n\t\t\t\t<dt class='gallery-icon portrait'>\n\t\t\t\t\t<a class=\"rollover rollover-zoom dt-pswp-item\" title=\"43655bad-07f7-49b7-86fc-b16a23871473\" data-dt-img-description=\"\" data-large_image_width=\"1512\" data-large_image_height=\"2016\"href='https:\/\/www.radiopiu.net\/wordpress\/wp-content\/uploads\/2021\/03\/43655bad-07f7-49b7-86fc-b16a23871473.jpg'><img loading=\"lazy\" decoding=\"async\" width=\"225\" height=\"300\" src=\"https:\/\/www.radiopiu.net\/wordpress\/wp-content\/uploads\/2021\/03\/43655bad-07f7-49b7-86fc-b16a23871473-225x300.jpg\" class=\"attachment-medium size-medium\" alt=\"\" srcset=\"https:\/\/www.radiopiu.net\/wordpress\/wp-content\/uploads\/2021\/03\/43655bad-07f7-49b7-86fc-b16a23871473-225x300.jpg 225w, https:\/\/www.radiopiu.net\/wordpress\/wp-content\/uploads\/2021\/03\/43655bad-07f7-49b7-86fc-b16a23871473-768x1024.jpg 768w, https:\/\/www.radiopiu.net\/wordpress\/wp-content\/uploads\/2021\/03\/43655bad-07f7-49b7-86fc-b16a23871473-1152x1536.jpg 1152w, https:\/\/www.radiopiu.net\/wordpress\/wp-content\/uploads\/2021\/03\/43655bad-07f7-49b7-86fc-b16a23871473.jpg 1512w\" sizes=\"auto, (max-width: 225px) 100vw, 225px\" \/><\/a>\n\t\t\t\t<\/dt><\/dl><br style=\"clear: both\" \/><dl class='gallery-item'>\n\t\t\t\t<dt class='gallery-icon landscape'>\n\t\t\t\t\t<a class=\"rollover rollover-zoom dt-pswp-item\" title=\"d209db92-e5b6-4cbb-81f3-66c761db179a\" data-dt-img-description=\"\" data-large_image_width=\"2016\" data-large_image_height=\"1512\"href='https:\/\/www.radiopiu.net\/wordpress\/wp-content\/uploads\/2021\/03\/d209db92-e5b6-4cbb-81f3-66c761db179a.jpg'><img loading=\"lazy\" decoding=\"async\" width=\"300\" height=\"225\" src=\"https:\/\/www.radiopiu.net\/wordpress\/wp-content\/uploads\/2021\/03\/d209db92-e5b6-4cbb-81f3-66c761db179a-300x225.jpg\" class=\"attachment-medium size-medium\" alt=\"\" srcset=\"https:\/\/www.radiopiu.net\/wordpress\/wp-content\/uploads\/2021\/03\/d209db92-e5b6-4cbb-81f3-66c761db179a-300x225.jpg 300w, https:\/\/www.radiopiu.net\/wordpress\/wp-content\/uploads\/2021\/03\/d209db92-e5b6-4cbb-81f3-66c761db179a-1024x768.jpg 1024w, https:\/\/www.radiopiu.net\/wordpress\/wp-content\/uploads\/2021\/03\/d209db92-e5b6-4cbb-81f3-66c761db179a-768x576.jpg 768w, https:\/\/www.radiopiu.net\/wordpress\/wp-content\/uploads\/2021\/03\/d209db92-e5b6-4cbb-81f3-66c761db179a-1536x1152.jpg 1536w, https:\/\/www.radiopiu.net\/wordpress\/wp-content\/uploads\/2021\/03\/d209db92-e5b6-4cbb-81f3-66c761db179a.jpg 2016w\" sizes=\"auto, (max-width: 300px) 100vw, 300px\" \/><\/a>\n\t\t\t\t<\/dt><\/dl><dl class='gallery-item'>\n\t\t\t\t<dt class='gallery-icon landscape'>\n\t\t\t\t\t<a class=\"rollover rollover-zoom dt-pswp-item\" title=\"cccbfca3-622f-4e77-9c3f-29af2227a184\" data-dt-img-description=\"\" data-large_image_width=\"2048\" data-large_image_height=\"979\"href='https:\/\/www.radiopiu.net\/wordpress\/wp-content\/uploads\/2021\/03\/cccbfca3-622f-4e77-9c3f-29af2227a184.jpg'><img loading=\"lazy\" decoding=\"async\" width=\"300\" height=\"143\" src=\"https:\/\/www.radiopiu.net\/wordpress\/wp-content\/uploads\/2021\/03\/cccbfca3-622f-4e77-9c3f-29af2227a184-300x143.jpg\" class=\"attachment-medium size-medium\" alt=\"\" srcset=\"https:\/\/www.radiopiu.net\/wordpress\/wp-content\/uploads\/2021\/03\/cccbfca3-622f-4e77-9c3f-29af2227a184-300x143.jpg 300w, https:\/\/www.radiopiu.net\/wordpress\/wp-content\/uploads\/2021\/03\/cccbfca3-622f-4e77-9c3f-29af2227a184-1024x490.jpg 1024w, https:\/\/www.radiopiu.net\/wordpress\/wp-content\/uploads\/2021\/03\/cccbfca3-622f-4e77-9c3f-29af2227a184-768x367.jpg 768w, https:\/\/www.radiopiu.net\/wordpress\/wp-content\/uploads\/2021\/03\/cccbfca3-622f-4e77-9c3f-29af2227a184-1536x734.jpg 1536w, https:\/\/www.radiopiu.net\/wordpress\/wp-content\/uploads\/2021\/03\/cccbfca3-622f-4e77-9c3f-29af2227a184.jpg 2048w\" sizes=\"auto, (max-width: 300px) 100vw, 300px\" \/><\/a>\n\t\t\t\t<\/dt><\/dl><br style=\"clear: both\" \/>\n\t\t\t<\/div>\n\n<p>&nbsp;<\/p>\n<p>&nbsp;<\/p>\n<hr \/>\n<p>&nbsp;<\/p>\n<blockquote>\n<h3>RINATURALIZZAZIONE DEL SUOLO. CORAZZARI: \u201cLA REGIONE VENETO PASSA AI FATTI E VALORIZZA IL TERRITORIO CONTRASTANDO LA CEMENTIFICAZIONE CON IL \u201cCER\u201d E SPECIFICI CONTRIBUTI AI COMUNI\u201d<\/h3>\n<\/blockquote>\n<p><strong><a href=\"https:\/\/www.radiopiu.net\/wordpress\/giornale-radiopiu-21-maggio-2020-direttore-mirko-mezzacasa\/cristiano-corazzari\/\" rel=\"attachment wp-att-139133\"><img loading=\"lazy\" decoding=\"async\" class=\"size-medium wp-image-139133 alignleft\" src=\"https:\/\/www.radiopiu.net\/wordpress\/wp-content\/uploads\/2020\/05\/CRISTIANO-CORAZZARI-300x300.jpg\" alt=\"\" width=\"300\" height=\"300\" srcset=\"https:\/\/www.radiopiu.net\/wordpress\/wp-content\/uploads\/2020\/05\/CRISTIANO-CORAZZARI-300x300.jpg 300w, https:\/\/www.radiopiu.net\/wordpress\/wp-content\/uploads\/2020\/05\/CRISTIANO-CORAZZARI-150x150.jpg 150w, https:\/\/www.radiopiu.net\/wordpress\/wp-content\/uploads\/2020\/05\/CRISTIANO-CORAZZARI.jpg 400w\" sizes=\"auto, (max-width: 300px) 100vw, 300px\" \/><\/a>VENEZIA <\/strong>La Giunta regionale, in data 16 marzo 2021, ha approvato la Delibera n. 301\/2021 che prevede l\u2019assegnazione di contributi ai Comuni affinch\u00e9 adottino varianti agli strumenti urbanistici di adeguamento per favorire la rinaturalizzazione e contrastare cos\u00ec la cementificazione e la depauperazione del paesaggio veneto. \u201c<em>Il riferimento \u00e8 la Legge regionale la n.14 dell\u2019aprile 2019 \u2018VENETO 2050\u2019 che punta sulla riqualificazione urbana e la rinaturalizzazione del territorio promuovendo una serie di azioni finalizzate a migliorare la qualit\u00e0 della vita delle persone all\u2019interno delle citt\u00e0 e al riordino urbano grazie alla realizzazione di interventi mirati alla coesione sociale, alla tutela delle disabilit\u00e0, alla qualit\u00e0 architettonica, alla sostenibilit\u00e0 ed efficienza ambientale con particolare attenzione all\u2019economia circolare e alla bioedilizia, alla valorizzazione del paesaggio, alla rinaturalizzazione del territorio veneto e al preferibile utilizzo agricolo del suolo, alla implementazione delle centralit\u00e0 urbane, nonch\u00e9 alla sicurezza delle aree dichiarate di pericolosit\u00e0 idraulica o idrogeologica. Questa legge, quindi, ha tra i suoi obiettivi quello di ridurre il consumo del suolo sensibilizzando gli enti locali grazie allo strumento dei cosiddetti Crediti Edilizi da Rinaturalizzazione (CER)<\/em>\u201d. L\u2019Assessore regionale al Territorio Cristiano Corazzari ha spiegato cos\u00ec l\u2019approvazione in Giunta regionale dei contributi rivolti a 563 Comuni affinch\u00e9 quantifichino i CER e stabiliscano le aree interessanti da valorizzare con la demolizione dei manufatti che sono ritenuti inidonei nel territorio e contestualmente provvedendo a dare avvio ad una rinaturalizzazione e valorizzazione del suolo. Il contributo regionale complessivo previsto \u00e8 di 200mila euro, cos\u00ec suddiviso: 120mila euro rivolto ai Comuni con meno di 5mila abitanti e 80mila euro per i Comuni con pari o pi\u00f9 di 5mila abitanti. Per poter accedere al contributo \u00e8 necessario che ciascun Comune interessato presenti domanda con le modalit\u00e0 ed i tempi previsti dal Bando che sar\u00e0 pubblicato nel Bur regionale.<\/p>\n<p>&nbsp;<\/p>\n<p>&nbsp;<\/p>\n<hr \/>\n<p>&nbsp;<\/p>\n<blockquote>\n<h3>IMPORTANZA DELL&#8217;ACQUA NELL&#8217;ALIMENTAZIONE, COME E QUANTO BERE<\/h3>\n<\/blockquote>\n<p>\u200b<a href=\"https:\/\/www.radiopiu.net\/wordpress\/aggiornamenti-organizzativi-ulss-1-dolomiti-del-9-marzo-2020-la-situazione-dei-servizi-rimane-invariata\/ulss-1-dolomiti-logo\/\" rel=\"attachment wp-att-121256\"><img loading=\"lazy\" decoding=\"async\" class=\"size-full wp-image-121256 alignleft\" src=\"https:\/\/www.radiopiu.net\/wordpress\/wp-content\/uploads\/2020\/03\/ULSS-1-DOLOMITI-LOGO.jpg\" alt=\"\" width=\"298\" height=\"219\" \/><\/a><strong>BELLUNO <\/strong>L\u2019acqua \u00e8 il principale costituente del corpo umano ed \u00e8 coinvolta in quasi tutte le sue funzioni.\u00a0 L\u2019organismo umano in condizioni normali regola le perdite idriche, dovute a sudorazione, respirazione, escrezione, determinando la sensazione di sete; tuttavia alcuni individui, soprattutto bambini e anziani, hanno una ridotta percezione della sete che pu\u00f2 portare a disidratazione con compromissione delle funzioni fisiche e cognitive. Si hanno effetti sulla termoregolazione, crampi, astenia, irritabilit\u00e0 e incremento di rischio di molte patologie, in primo luogo danni renali. Anche la vita lavorativa pu\u00f2 portare a ignorare la sensazione di sete, fino a non percepirla pi\u00f9. E\u2019 importante quindi avere sempre a disposizione dell\u2019acqua. Il normale fabbisogno di acqua aggiunta \u00e8 di almeno 1 litro \/1 e mezzo al giorno, se abbinato ad una dieta sana ricca di frutta e verdura, naturalmente buone fornitrici di liquidi oltre che di fibre. I liquidi insieme alle fibre, contenute anche negli alimenti integrali, mantengono un buon funzionamento intestinale e sono il necessario nutrimento per il microbiota (flora batterica), un vero e proprio organo che regola tutti gli altri distretti corporei. Il fabbisogno aumenta all\u2019aumentare dell\u2019attivit\u00e0 fisica, della temperatura esterna, in caso di febbre, vomito e diarrea. L\u2019acqua inoltre apporta anche quantit\u00e0 apprezzabili di sali minerali, idrata la pelle, depura l\u2019organismo dalle scorie, soprattutto in caso di diete con eccesso di proteine. I nostri acquedotti forniscono acqua di ottima qualit\u00e0 e palatabilit\u00e0, quindi non \u00e8 affatto necessario bere l\u2019acqua in bottiglia, cosa che porta dei benefici anche all\u2019ambiente. E\u2019 possibile inoltre addizionarla di bollicine coi gasatori domestici.<\/p>\n<p>&nbsp;<\/p>\n<p>&nbsp;<\/p>\n<hr \/>\n<p>&nbsp;<\/p>\n<blockquote>\n<h3 class=\"p1\"><span class=\"s1\">SETTORE MODA FORTEMENTE PENALIZZATO DALLA NUOVA \u201cZONA ROSSA\u201d: L\u2019ALLARME DI CONFARTIGIANATO BELLUNO<\/span><\/h3>\n<\/blockquote>\n<p class=\"p1\"><span class=\"s1\"><strong><a href=\"https:\/\/www.radiopiu.net\/wordpress\/giornale-radiopiu-15-02-2017-direttore-mirko-mezzacasa\/confartigianato-imprese-belluno\/\" rel=\"attachment wp-att-28523\"><img loading=\"lazy\" decoding=\"async\" class=\"size-full wp-image-28523 alignleft\" src=\"https:\/\/www.radiopiu.net\/wordpress\/wp-content\/uploads\/2017\/02\/confartigianato-imprese-belluno.jpg\" alt=\"\" width=\"170\" height=\"79\" \/><\/a>BELLUNO<\/strong> Sono pochissimi i settori dell\u2019artigianato che non risentano della \u201czona rossa\u201d e degli effetti delle nuove restrizioni anti-Covid. Tra i pi\u00f9 penalizzati c\u2019\u00e8 la moda, tradizionalmente a traino femminile. E proprio le donne rientrano nella categoria di lavoratori in difficolt\u00e0 per la chiusura delle scuole. \u00abNon tutti hanno la possibilit\u00e0 di avere i nonni a portata di mano. E chi resta a casa a seguire i figli piccoli alle prese con la didattica a distanza?\u00bb si chiede Marisa Zabot, titolare di Otto B srl e presidente del mestiere abbigliamento di Confartigianato Belluno. \u00abOvviamente le donne. Per le mamme-lavoratrici \u00e8 un problema non da poco. E di riflesso diventa un problema anche per le imprese. Da parte nostra stiamo cercando in tutti i modi di dare una mano, per agevolare la conciliazione tra lavoro e impegno a casa. Ma la situazione \u00e8 estremamente complessa\u00bb. <\/span><span class=\"s1\">Non sono poche le donne impiegate nel settore, che in Veneto conta circa 6mila imprese artigiane: quasi 14mila lavoratrici, il 75% dell\u2019intera forza lavoro delle aziende della filiera moda e abbigliamento. \u00abA Belluno i numeri sono in proporzione, ma ci sono anche aziende dove la componente femminile supera di gran lunga il 75% &#8211; continua Zabot -. Nella mia, ad esempio, ho 15 dipendenti, tutte donne. E la didattica a distanza sta mettendo in seria difficolt\u00e0 l\u2019intero processo produttivo, proprio perch\u00e9 alcune hanno figli piccoli e non possono lasciarli a casa da soli. Al momento sopperiamo con un rallentamento della produzione e recupereremo non appena sar\u00e0 possibile, consapevoli che la priorit\u00e0 \u00e8 la salute collettiva\u00bb. <\/span><span class=\"s1\">La presidente Zabot analizza anche il momento sul fronte lavorativo: \u00abTutti registrano difficolt\u00e0, legate soprattutto alla chiusura del commercio al dettaglio e alla concorrenza agguerrita delle vendite online. Si salva chi ha la possibilit\u00e0 di lavorare come terzista per grandi gruppi, attivi soprattutto sul mercato internazionale, dove ricominciano a pedalare i Paesi che hanno spinto forte su campagne vaccinali di massa. Speriamo si esca presto da questa situazione. Quello che vogliamo \u00e8 poter lavorare e tornare alla normalit\u00e0\u00bb.<\/span><\/p>\n<p>&nbsp;<\/p>\n<p>&nbsp;<\/p>\n<hr \/>\n<p>&nbsp;<\/p>\n<blockquote>\n<h3>SUPERBONUS, VENETO PRIMA REGIONE PER RICHIESTE DI INTERVENTO AMMESSE<\/h3>\n<\/blockquote>\n<p><strong><a href=\"https:\/\/www.radiopiu.net\/wordpress\/giornale-radiopiu-13-febbraio-2021-direttore-mirko-mezzacasa\/dinca-5\/\" rel=\"attachment wp-att-190918\"><img loading=\"lazy\" decoding=\"async\" class=\"wp-image-190918 alignleft\" src=\"https:\/\/www.radiopiu.net\/wordpress\/wp-content\/uploads\/2021\/02\/dinca-300x300.jpg\" alt=\"\" width=\"147\" height=\"147\" srcset=\"https:\/\/www.radiopiu.net\/wordpress\/wp-content\/uploads\/2021\/02\/dinca-300x300.jpg 300w, https:\/\/www.radiopiu.net\/wordpress\/wp-content\/uploads\/2021\/02\/dinca-1024x1024.jpg 1024w, https:\/\/www.radiopiu.net\/wordpress\/wp-content\/uploads\/2021\/02\/dinca-150x150.jpg 150w, https:\/\/www.radiopiu.net\/wordpress\/wp-content\/uploads\/2021\/02\/dinca-768x767.jpg 768w, https:\/\/www.radiopiu.net\/wordpress\/wp-content\/uploads\/2021\/02\/dinca.jpg 1080w\" sizes=\"auto, (max-width: 147px) 100vw, 147px\" \/><\/a>ROMA <\/strong>\u201cCon 853 pratiche valide, il Veneto \u00e8 la prima regione in Italia per numero di richieste del Superbonus 110%, seguita dalla Lombardia (833) e dall\u2019Emilia Romagna (596), mentre \u00e8 la seconda dietro la Lombardia, per l\u2019ammontare degli importi. Una misura che sta dando risultati molto soddisfacenti e che riguarda in particolare edifici condominiali, unifamiliari e unit\u00e0 immobiliari indipendenti\u201d. Lo dichiara in una nota il Ministro per i Rapporti con il Parlamento Federico D\u2019Inc\u00e0 commentando i dati dati Enea, l\u2019Agenzia nazionale per le nuove tecnologie, l&#8217;energia e lo sviluppo economico sostenibile, sul Superbonus al 110%.<\/p>\n<p>&nbsp;<\/p>\n<p>&nbsp;<\/p>\n<hr \/>\n<p>&nbsp;<\/p>\n<blockquote>\n<h3>L&#8217;EQUINOZIO DI SIMONE PRA DIVENTA VIRALE SUI SOCIAL<\/h3>\n<\/blockquote>\n<p><strong><a href=\"https:\/\/www.radiopiu.net\/wordpress\/quando-il-civetta-chiama-la-primavera\/3bcceb23-7660-4f30-be37-2cd388c8685c\/\" rel=\"attachment wp-att-198096\"><img loading=\"lazy\" decoding=\"async\" class=\"size-medium wp-image-198096 alignleft\" src=\"https:\/\/www.radiopiu.net\/wordpress\/wp-content\/uploads\/2021\/03\/3bcceb23-7660-4f30-be37-2cd388c8685c-300x168.jpg\" alt=\"\" width=\"300\" height=\"168\" srcset=\"https:\/\/www.radiopiu.net\/wordpress\/wp-content\/uploads\/2021\/03\/3bcceb23-7660-4f30-be37-2cd388c8685c-300x168.jpg 300w, https:\/\/www.radiopiu.net\/wordpress\/wp-content\/uploads\/2021\/03\/3bcceb23-7660-4f30-be37-2cd388c8685c-1024x575.jpg 1024w, https:\/\/www.radiopiu.net\/wordpress\/wp-content\/uploads\/2021\/03\/3bcceb23-7660-4f30-be37-2cd388c8685c-768x431.jpg 768w, https:\/\/www.radiopiu.net\/wordpress\/wp-content\/uploads\/2021\/03\/3bcceb23-7660-4f30-be37-2cd388c8685c-1536x862.jpg 1536w, https:\/\/www.radiopiu.net\/wordpress\/wp-content\/uploads\/2021\/03\/3bcceb23-7660-4f30-be37-2cd388c8685c.jpg 1600w\" sizes=\"auto, (max-width: 300px) 100vw, 300px\" \/><\/a>ALLEGHE<\/strong><\/p>\n<p>di Gianni Santomaso<\/p>\n<audio class=\"wp-audio-shortcode\" id=\"audio-198447-7\" preload=\"none\" style=\"width: 100%;\" controls=\"controls\"><source type=\"audio\/mpeg\" src=\"https:\/\/www.radiopiu.net\/wordpress\/wp-content\/uploads\/2021\/03\/GIANNI-EQUINOZIO-SIMONE-PRA.mp3?_=7\" \/><a href=\"https:\/\/www.radiopiu.net\/wordpress\/wp-content\/uploads\/2021\/03\/GIANNI-EQUINOZIO-SIMONE-PRA.mp3\">https:\/\/www.radiopiu.net\/wordpress\/wp-content\/uploads\/2021\/03\/GIANNI-EQUINOZIO-SIMONE-PRA.mp3<\/a><\/audio>\n<p>&nbsp;<\/p>\n<p><strong>IERI ALLA RADIO DI SIMONE E CLAUDIO PRA<\/strong><\/p>\n<p><strong>di Claudio e Simone Pra<\/strong><\/p>\n<p><strong>ALLEGHE<\/strong> Per il secondo anno consecutivo l&#8217;inizio della primavera coincide con un lockdown. ieri alle10.37 l&#8217;equinozio di primavera, istante che segna il passaggio alla buona stagione ed alla rinascita della natura dopo un inverno molto duro. I fori equinoziali del Civetta, come di consueto, hanno segnalato il momento, facendo filtrare il Sole, donando un momento altamente suggestivo. A sorpresa i raggi sono filtrati anche dal foro pi\u00f9 piccolo, quello che regala l&#8217;effetto pi\u00f9 spettacolare, che solitamente in questo periodo \u00e8 intasato dalla neve. Speriamo sia un buon auspicio di rinascita, non solo della natura&#8230; Buona primavera!<\/p>\n<p>&nbsp;<\/p>\n\n\t\t\t<style type='text\/css'>\n\t\t\t\t#gallery-4 {\n\t\t\t\t\tmargin: auto;\n\t\t\t\t}\n\t\t\t\t#gallery-4 .gallery-item {\n\t\t\t\t\tfloat: left;\n\t\t\t\t\tmargin-top: 10px;\n\t\t\t\t\ttext-align: center;\n\t\t\t\t\twidth: 33%;\n\t\t\t\t}\n\t\t\t\t#gallery-4 img {\n\t\t\t\t\tborder: 2px solid #cfcfcf;\n\t\t\t\t}\n\t\t\t\t#gallery-4 .gallery-caption {\n\t\t\t\t\tmargin-left: 0;\n\t\t\t\t}\n\t\t\t\t\/* see gallery_shortcode() in wp-includes\/media.php *\/\n\t\t\t<\/style>\n\t\t<div id='gallery-4' class='dt-gallery-container gallery galleryid-198447 gallery-columns-3 gallery-size-medium'><dl class='gallery-item'>\n\t\t\t\t<dt class='gallery-icon landscape'>\n\t\t\t\t\t<a class=\"rollover\" href='https:\/\/www.radiopiu.net\/wordpress\/quando-il-civetta-chiama-la-primavera\/6bf76d08-a95b-488c-9bd9-2a8a8de3b003\/'><img loading=\"lazy\" decoding=\"async\" width=\"300\" height=\"179\" src=\"https:\/\/www.radiopiu.net\/wordpress\/wp-content\/uploads\/2021\/03\/6bf76d08-a95b-488c-9bd9-2a8a8de3b003-300x179.jpg\" class=\"attachment-medium size-medium\" alt=\"\" srcset=\"https:\/\/www.radiopiu.net\/wordpress\/wp-content\/uploads\/2021\/03\/6bf76d08-a95b-488c-9bd9-2a8a8de3b003-300x179.jpg 300w, https:\/\/www.radiopiu.net\/wordpress\/wp-content\/uploads\/2021\/03\/6bf76d08-a95b-488c-9bd9-2a8a8de3b003-1024x612.jpg 1024w, https:\/\/www.radiopiu.net\/wordpress\/wp-content\/uploads\/2021\/03\/6bf76d08-a95b-488c-9bd9-2a8a8de3b003-768x459.jpg 768w, https:\/\/www.radiopiu.net\/wordpress\/wp-content\/uploads\/2021\/03\/6bf76d08-a95b-488c-9bd9-2a8a8de3b003.jpg 1378w\" sizes=\"auto, (max-width: 300px) 100vw, 300px\" \/><\/a>\n\t\t\t\t<\/dt><\/dl><dl class='gallery-item'>\n\t\t\t\t<dt class='gallery-icon portrait'>\n\t\t\t\t\t<a class=\"rollover\" href='https:\/\/www.radiopiu.net\/wordpress\/quando-il-civetta-chiama-la-primavera\/8ce5595f-0cd8-48b2-b9a4-55de8b340973\/'><img loading=\"lazy\" decoding=\"async\" width=\"300\" height=\"300\" src=\"https:\/\/www.radiopiu.net\/wordpress\/wp-content\/uploads\/2021\/03\/8ce5595f-0cd8-48b2-b9a4-55de8b340973-300x300.jpg\" class=\"attachment-medium size-medium\" alt=\"\" srcset=\"https:\/\/www.radiopiu.net\/wordpress\/wp-content\/uploads\/2021\/03\/8ce5595f-0cd8-48b2-b9a4-55de8b340973-300x300.jpg 300w, https:\/\/www.radiopiu.net\/wordpress\/wp-content\/uploads\/2021\/03\/8ce5595f-0cd8-48b2-b9a4-55de8b340973-1024x1024.jpg 1024w, https:\/\/www.radiopiu.net\/wordpress\/wp-content\/uploads\/2021\/03\/8ce5595f-0cd8-48b2-b9a4-55de8b340973-150x150.jpg 150w, https:\/\/www.radiopiu.net\/wordpress\/wp-content\/uploads\/2021\/03\/8ce5595f-0cd8-48b2-b9a4-55de8b340973-768x768.jpg 768w, https:\/\/www.radiopiu.net\/wordpress\/wp-content\/uploads\/2021\/03\/8ce5595f-0cd8-48b2-b9a4-55de8b340973-1536x1536.jpg 1536w, https:\/\/www.radiopiu.net\/wordpress\/wp-content\/uploads\/2021\/03\/8ce5595f-0cd8-48b2-b9a4-55de8b340973.jpg 1599w\" sizes=\"auto, (max-width: 300px) 100vw, 300px\" \/><\/a>\n\t\t\t\t<\/dt><\/dl><dl class='gallery-item'>\n\t\t\t\t<dt class='gallery-icon landscape'>\n\t\t\t\t\t<a class=\"rollover\" href='https:\/\/www.radiopiu.net\/wordpress\/quando-il-civetta-chiama-la-primavera\/3bcceb23-7660-4f30-be37-2cd388c8685c\/'><img loading=\"lazy\" decoding=\"async\" width=\"300\" height=\"168\" src=\"https:\/\/www.radiopiu.net\/wordpress\/wp-content\/uploads\/2021\/03\/3bcceb23-7660-4f30-be37-2cd388c8685c-300x168.jpg\" class=\"attachment-medium size-medium\" alt=\"\" srcset=\"https:\/\/www.radiopiu.net\/wordpress\/wp-content\/uploads\/2021\/03\/3bcceb23-7660-4f30-be37-2cd388c8685c-300x168.jpg 300w, https:\/\/www.radiopiu.net\/wordpress\/wp-content\/uploads\/2021\/03\/3bcceb23-7660-4f30-be37-2cd388c8685c-1024x575.jpg 1024w, https:\/\/www.radiopiu.net\/wordpress\/wp-content\/uploads\/2021\/03\/3bcceb23-7660-4f30-be37-2cd388c8685c-768x431.jpg 768w, https:\/\/www.radiopiu.net\/wordpress\/wp-content\/uploads\/2021\/03\/3bcceb23-7660-4f30-be37-2cd388c8685c-1536x862.jpg 1536w, https:\/\/www.radiopiu.net\/wordpress\/wp-content\/uploads\/2021\/03\/3bcceb23-7660-4f30-be37-2cd388c8685c.jpg 1600w\" sizes=\"auto, (max-width: 300px) 100vw, 300px\" \/><\/a>\n\t\t\t\t<\/dt><\/dl><br style=\"clear: both\" \/>\n\t\t\t<\/div>\n\n<p>&nbsp;<\/p>\n<div style=\"width: 1200px;\" class=\"wp-video\"><video class=\"wp-video-shortcode\" id=\"video-198447-2\" width=\"1200\" height=\"675\" preload=\"metadata\" controls=\"controls\"><source type=\"video\/mp4\" src=\"https:\/\/www.radiopiu.net\/wordpress\/wp-content\/uploads\/2021\/03\/WhatsApp-Video-2021-03-19-at-17.12.43.mp4?_=2\" \/><a href=\"https:\/\/www.radiopiu.net\/wordpress\/wp-content\/uploads\/2021\/03\/WhatsApp-Video-2021-03-19-at-17.12.43.mp4\">https:\/\/www.radiopiu.net\/wordpress\/wp-content\/uploads\/2021\/03\/WhatsApp-Video-2021-03-19-at-17.12.43.mp4<\/a><\/video><\/div>\n<p>&nbsp;<\/p>\n<p>&nbsp;<\/p>\n<hr \/>\n<p>&nbsp;<\/p>\n<blockquote>\n<h3>VENERDI&#8217; IL CONSIGLIO COMUNALE A ROCCA PIETORE<\/h3>\n<\/blockquote>\n<p><strong>ROCCA PIETORE<\/strong> Il Sindaco di Rocca Pietore Andrea De Bernardin ha convocato il consiglio comunale per venerd\u00ec alle 14 presso la sala &#8220;El Teaz&#8221;. Sono 17 i punti da discutere tra cui l&#8217;approvazione del DUP, il canone unico di concessione del suolo pubblico e di esposizione pubblicitaria e la gestione associata del servizio tributi e della riscossione coattiva delle entrate comunali. Saranno ben 10 le interrogazioni della minoranza su vari temi che comprendono tutto il comune di Rocca Pietore. Il consiglio comunale sar\u00e0 trasmesso sui canali facebook, telegram, youtube di Radio Pi\u00f9. Martedi sera dalle 20.30 integralmente sulle frequenze Fm<\/p>\n<p>&nbsp;<\/p>\n<p>&nbsp;<\/p>\n<hr \/>\n<p>&nbsp;<\/p>\n<blockquote>\n<h3>AL VIA IL NUOVO CORSO FORMATIVO SULL\u2019AMMINISTRAZIONE DI SOSTEGNO<\/h3>\n<\/blockquote>\n<p><strong>BELLUNO <\/strong>Un nuovo corso online di formazione sull\u2019amministrazione di sostegno. Si tratta di un aggiornamento per\u00a0 gli amministratori e i responsabili dei servizi sociosanitari e degli operatori. Approfondimento, operativit\u00e0 concreta e criticit\u00e0 proposte: questi i temi che si andranno ad affrontare in sessione pomeridiana (dalle 14.30 alle 18.30) per quattro venerd\u00ec. S\u2019inizia il 9 aprile con il modulo giuridico-procedurale per proseguire il 16 (modulo giuridico-esperienziale -progetto di cura), il 23 (modulo sociale\u00a0 e socio sanitario) e il 30 (modulo operativo e psicologico). Il corso \u00e8 proposto da Comitato d\u2019Intesa di Belluno con la collaborazione di Csv Belluno Treviso, Tribunale di Belluno, Ulss 1 Dolomiti, Conferenza dei sindaci di Belluno e Feltre, Ordine professionale degli assistenti sociali.<\/p>\n<p>&nbsp;<\/p>\n<p>&nbsp;<\/p>\n<hr \/>\n<p>&nbsp;<\/p>\n<blockquote>\n<h3>LAVORI DI ASFALTATURA IN VIA NASSA A FELTRE<\/h3>\n<\/blockquote>\n<p><strong>FELTRE <\/strong>Fino al 2 aprile lavori in corso in via Nassa a Feltre dove sono previsti degli interventi straordinari di asfaltatura. Dalle 8 alle 18 sar\u00e0 vietato il transito a tutti i veicoli, cicli e motocicli. Il passaggio sar\u00e0 consentito solo ed esclusivamente ai residenti nei tratti non soggetti ai lavori. Sar\u00e0 garantito il transito pedonale in sicurezza.<\/p>\n<p>&nbsp;<\/p>\n<p>&nbsp;<\/p>\n<hr \/>\n<p>&nbsp;<\/p>\n<blockquote>\n<h3>LA GUARDIA DI FINANZA APRE IL CONCORSO PER 66 ALLIEVI UFFICIALI E 10 TENENTI<\/h3>\n<\/blockquote>\n<p><strong><a href=\"https:\/\/www.radiopiu.net\/wordpress\/vendono-una-centrale-idroelettrica-eludendo-il-fisco\/guardia-di-finanza-auto_full1\/\" rel=\"attachment wp-att-5016\"><img loading=\"lazy\" decoding=\"async\" class=\"size-medium wp-image-5016 alignleft\" src=\"https:\/\/www.radiopiu.net\/wordpress\/wp-content\/uploads\/2015\/05\/guardia-di-finanza-auto_full1-300x224.jpg\" alt=\"\" width=\"300\" height=\"224\" \/><\/a>BELLUNO<\/strong> La Guardia di Finanza \u00e8 alla ricerca di allievi ufficiali. \u00c8 partito in questi giorni il concorso pubblico, per titoli ed esami, per l&#8217;ammissione di 66 allievi ufficiali del ruolo normale, comparto ordinario e aeronavale, all&#8217;Accademia della Guardia di Finanza per l&#8217;anno accademico 2021-2022. I candidati devono aver compiuto i 17 anni di et\u00e0 alla data del 1 gennaio 2021, devono essere in possesso di un diploma di istruzione secondaria di secondo grado che consenta l&#8217;iscrizione a corsi di laurea o che lo conseguano nell&#8217;anno scolastico 2020\/21. La domanda di partecipazione al concorso dovr\u00e0 essere compilata tramite procedura telematica all&#8217;indirizzo concorsi.gdf.gov.it e dovr\u00e0 essere effettuata entro le 12 del 8 aprile 2021. Per altre informazioni sul concorso basta accedere al sito del concorso.<\/p>\n<p>&nbsp;<\/p>\n<p>&nbsp;<\/p>\n<p>&nbsp;<\/p>\n<p>&nbsp;<\/p>\n<hr \/>\n<p>&nbsp;<\/p>\n<p>&nbsp;<\/p>\n<blockquote>\n<h3>GLI ALPINI DI ALLEGHE APRONO UN CONTO CORRENTE PER AIUTARE GUERRINO BELLENZIER<\/h3>\n<\/blockquote>\n<p><strong><a href=\"https:\/\/www.radiopiu.net\/wordpress\/gli-alpini-di-alleghe-aprono-un-conto-corrente-per-aiutare-guerrino-bellenzier\/alpini-alleghe\/\" rel=\"attachment wp-att-198175\"><img loading=\"lazy\" decoding=\"async\" class=\"size-medium wp-image-198175 alignleft\" src=\"https:\/\/www.radiopiu.net\/wordpress\/wp-content\/uploads\/2021\/03\/ALPINI-ALLEGHE-300x138.png\" alt=\"\" width=\"300\" height=\"138\" srcset=\"https:\/\/www.radiopiu.net\/wordpress\/wp-content\/uploads\/2021\/03\/ALPINI-ALLEGHE-300x138.png 300w, https:\/\/www.radiopiu.net\/wordpress\/wp-content\/uploads\/2021\/03\/ALPINI-ALLEGHE-768x353.png 768w, https:\/\/www.radiopiu.net\/wordpress\/wp-content\/uploads\/2021\/03\/ALPINI-ALLEGHE.png 778w\" sizes=\"auto, (max-width: 300px) 100vw, 300px\" \/><\/a>ALLEGHE<\/strong> Nella notte del 12 marzo. l&#8217;abitazione di Guerrino Bellenzier (piu conosciuto come Tobia) \u00e8 stata interessata da un incendio che ha causate notevoli danni alla struttura della casa. Tobia e persona da sempre presente e disponibile per la comunit\u00e0 Alleghese nella quale ha ricoperto le cariche di consigliere ed assessore comunale. E&#8217; stato anche consigliere e capogruppo degli Alpini di Alleghe, nonch\u00e8 fondatore, insieme a Siro De Biasio, del Coro Alpino &#8220;Monte Civetta&#8221;. Attualmente e ancora attivissimo vice capogruppo ed e per questo motive che i suoi amici alpini hanno ritenuto di attivarsi ed essere vicini a Tobia, aprendo presso Cortinabanca &#8211; sede di Alleghe &#8211; un conto corrente sul quale raccogliere contributi per quanti volessero aderire a questa iniziativa. Le coordinate bancarie del conto intestate a Gruppo Ana Alleghe sottoscrizione per &#8220;&#8221;Tobia&#8221;&#8221; danni da incendio sono le seguenti:&#8221; IT 21 C 08511 61001 000000041707 L&#8217;attuale Capogruppo Cristian De Toni, anche a nome di tutto ii Consiglio del Gruppo ANA Alleghe, ringrazia quanti vorranno condividere l&#8217;iniziativa.<\/p>\n<p>&nbsp;<\/p>\n<p>&nbsp;<\/p>\n<hr \/>\n<p>&nbsp;<\/p>\n<blockquote>\n<h3>IL RITORNO AD AGORDO DI SILVANO&#8230; CON IL PESTO GENOVESE<\/h3>\n<\/blockquote>\n<p><strong>AUDIO<\/strong><\/p>\n<audio class=\"wp-audio-shortcode\" id=\"audio-198447-8\" preload=\"none\" style=\"width: 100%;\" controls=\"controls\"><source type=\"audio\/mpeg\" src=\"https:\/\/www.radiopiu.net\/wordpress\/wp-content\/uploads\/2021\/03\/SAVIO.mp3?_=8\" \/><a href=\"https:\/\/www.radiopiu.net\/wordpress\/wp-content\/uploads\/2021\/03\/SAVIO.mp3\">https:\/\/www.radiopiu.net\/wordpress\/wp-content\/uploads\/2021\/03\/SAVIO.mp3<\/a><\/audio>\n<p>&nbsp;<\/p>\n<p><strong>AGORDO<\/strong> Silvano Savio \u00e8 tornato ad Agordo dopo il successo ottenuto a Genova al concorso mondiale sul pesto. Ecco il suo <img loading=\"lazy\" decoding=\"async\" class=\"alignleft\" src=\"https:\/\/www.radiopiu.net\/wordpress\/wp-content\/uploads\/2021\/03\/20210225_110210_005-scaled.jpg\" width=\"237\" height=\"115\" \/>primo pensiero.<\/p>\n<blockquote><p><em>&#8220;Voglio ringraziare Roberto, Sindaco del mio Paese, che a nome di tutto il Consiglio Comunale di Agordo, del quale mi onoro esserne parte, ha apprezzato il mio successo mediatico di questi giorni.\u00a0 \u00a0A Genova Roberto Panizza organizzatore dell\u2019evento ci ha definiti dei matti ed io rafforzo il tono con una citazione, \u201cquando c\u2019\u00e8 passione, non riesci a capire i confini tra malattia e amore\u201d. Amore per la nostra terra, per le nostre tradizioni, che passano attraverso le cose pi\u00f9 semplici e spontanee, che solo con gesti di sana follia possiamo lanciare in una chiara visione verso il futuro, nostro e dei nostri figli.\u00a0 \u00a0L\u2019imprenditoria delle nostre terre non sarebbe potuta succedere senza questi presupposti, ne sono profondamente convinto.\u00a0 Quella che definiamo crisi e che ci avvolge drammaticamente di questi tempi non \u00e8 altro che paura! Ed \u00e8 quella che deve scomparire dal nostro pensare.\u00a0 Viviamo in un territorio che definirlo meraviglioso \u00e8 riduttivo, dobbiamo farlo conoscere e Noi vivere di questo. I vari siti Unesco dei quali la nostra Nazione \u00e8 la pi\u00f9 ricca in assoluto devono dialogare tra loro e formare una matassa inestricabile dove tiri un filo e tutto si rincorre.\u00a0 \u00a0Con riconoscenza, \u00a0 \u00a0 Silvano Savio\u00a0<\/em><\/p><\/blockquote>\n<p><strong>IL VIDEO<\/strong><\/p>\n<div style=\"width: 640px;\" class=\"wp-video\"><video class=\"wp-video-shortcode\" id=\"video-198447-3\" width=\"640\" height=\"480\" preload=\"metadata\" controls=\"controls\"><source type=\"video\/mp4\" src=\"https:\/\/www.radiopiu.net\/wordpress\/wp-content\/uploads\/2021\/03\/WhatsApp-Video-2021-03-22-at-13.15.51.mp4?_=3\" \/><a href=\"https:\/\/www.radiopiu.net\/wordpress\/wp-content\/uploads\/2021\/03\/WhatsApp-Video-2021-03-22-at-13.15.51.mp4\">https:\/\/www.radiopiu.net\/wordpress\/wp-content\/uploads\/2021\/03\/WhatsApp-Video-2021-03-22-at-13.15.51.mp4<\/a><\/video><\/div>\n<p>&nbsp;<\/p>\n<p><strong>DAL CORRIERE DELLE ALPI GIANNI SANTOMASO<\/strong><\/p>\n<audio class=\"wp-audio-shortcode\" id=\"audio-198447-9\" preload=\"none\" style=\"width: 100%;\" controls=\"controls\"><source type=\"audio\/mpeg\" src=\"https:\/\/www.radiopiu.net\/wordpress\/wp-content\/uploads\/2021\/03\/GIANNI-BRAVO-SILVANO-SAVIO.mp3?_=9\" \/><a href=\"https:\/\/www.radiopiu.net\/wordpress\/wp-content\/uploads\/2021\/03\/GIANNI-BRAVO-SILVANO-SAVIO.mp3\">https:\/\/www.radiopiu.net\/wordpress\/wp-content\/uploads\/2021\/03\/GIANNI-BRAVO-SILVANO-SAVIO.mp3<\/a><\/audio>\n<p>&nbsp;<\/p>\n<hr \/>\n<p>&nbsp;<\/p>\n<blockquote>\n<h3>L&#8217;ESPERIENZA DELLA PROVINCIA DI BELLUNO NELLA TESI DI CLAUDIA SOPPELSA<\/h3>\n<\/blockquote>\n<p><em>Il governo della montagna e la riforma Delrio<\/em><\/p>\n<p><a href=\"https:\/\/www.radiopiu.net\/wordpress\/giornale-radiopiu-23-marzo-2021-direttore-mirko-mezzacasa\/161705108_2996263393928666_6287168353625339677_o\/\" rel=\"attachment wp-att-198550\"><img loading=\"lazy\" decoding=\"async\" class=\" wp-image-198550 alignleft\" src=\"https:\/\/www.radiopiu.net\/wordpress\/wp-content\/uploads\/2021\/03\/161705108_2996263393928666_6287168353625339677_o-e1616417805919-300x225.jpg\" alt=\"\" width=\"204\" height=\"153\" srcset=\"https:\/\/www.radiopiu.net\/wordpress\/wp-content\/uploads\/2021\/03\/161705108_2996263393928666_6287168353625339677_o-e1616417805919-300x225.jpg 300w, https:\/\/www.radiopiu.net\/wordpress\/wp-content\/uploads\/2021\/03\/161705108_2996263393928666_6287168353625339677_o-e1616417805919-1024x768.jpg 1024w, https:\/\/www.radiopiu.net\/wordpress\/wp-content\/uploads\/2021\/03\/161705108_2996263393928666_6287168353625339677_o-e1616417805919-768x576.jpg 768w, https:\/\/www.radiopiu.net\/wordpress\/wp-content\/uploads\/2021\/03\/161705108_2996263393928666_6287168353625339677_o-e1616417805919-1536x1152.jpg 1536w, https:\/\/www.radiopiu.net\/wordpress\/wp-content\/uploads\/2021\/03\/161705108_2996263393928666_6287168353625339677_o-e1616417805919.jpg 1600w\" sizes=\"auto, (max-width: 204px) 100vw, 204px\" \/><\/a><strong>ALLEGHE\u00a0<\/strong> L&#8217;Agordina Claudia Soppelsa, fondatrice del gruppo &#8220;DDolomiti-Custodi del Territorio&#8221; ha completato una tesi di ricerca in Giurisprudenza presso l&#8217;Universit\u00e0 degli Studi di Trento. La trattazione analizza il dettato Costituzionale in materia di tutela dei territori montani, gli interventi di perequazione posti in essere dal legislatore ordinario negli ultimi 70 anni, la portata della riforma Delrio per le Province interamente montane di Belluno, Sondrio e Verbano-Cusio Ossola e le prospettive future per il ri-disegno delle zone montane nel panorama nazionale. Il lavoro risulta particolarmente interessante perch\u00e8 accompagnato da una serie di interviste alle istituzioni: a Michele De Pascale (presidente UPI nazionale), \u00a0Marco Bussone (presidente UNCEM nazionale), \u00a0Roberto Padrin (Presidente della Provincia di Belluno), a Federico d&#8217;Inc\u00e0 (Ministro per i rapporti con il parlamento e le riforme costituzionali), \u00a0Gianpaolo Bottacin (assessore Regione Veneto per la protezione civile e specificit\u00e0 provincia di Belluno), \u00a0Mario Conte (presidente ANCI Veneto). La tesi verr\u00e0 inviata ad alcune riviste scientifiche giuridiche per la pubblicazione.<\/p>\n<p>&nbsp;<\/p>\n<p>&nbsp;<\/p>\n<p>&nbsp;<\/p>\n<hr \/>\n<p>&nbsp;<\/p>\n<blockquote>\n<h3>PROGETTO &#8220;FUOR DE LA PROFONDA NOTTE&#8221;<\/h3>\n<\/blockquote>\n<p><strong>BELLUNO<\/strong> &#8220;Fuor Dalla Profonda Notte&#8221; \u00e8 un progetto della Fondazione Teatri delle Dolomiti, realizzato con il sostegno di InLAB, finalizzato a dare un segnale positivo alla cittadinanza per la rinascita della comunit\u00e0 bellunese attraverso i luoghi pi\u00f9 significativi della cultura. Un segnale di speranza nell\u2019attesa di un ritorno alla normalit\u00e0. Il primo video \u00e8 stato reso pubblico, mediante social (instagram, youtube, facebook) il 21 marzo primo giorno di primavera. Gli altri video verranno pubblicizzati con una cadenza di circa 7-10 giorni con comunicazione attraverso i social e la newsletter della Fondazione. Vari artisti bellunesi hanno partecipato gratuitamente ai tre video di nuova realizzazione attraverso poesie, canzoni, musica. Sono: Antonio Andrich, Paola Bettiol, Mattia Andrich, Valentina De March, Alice de Toni, Nicola Della Colletta, Stefania Pillon, Paolo Mecca. Nel progetto \u00e8 stato inserito anche un video realizzato al Bembo con performance di danza di Laura Zago e Giorgio Tollot e con musica della violoncellista Laura Bisceglia. I video sono stati realizzati dal videomaker Federico Bon<\/p>\n<p><strong>PRIMO VIDEO &#8211; ASSENZA<\/strong><\/p>\n<p><iframe loading=\"lazy\" title=\"ASSENZA - FUOR DE LA PROFONDA NOTTE\" width=\"1200\" height=\"675\" src=\"https:\/\/www.youtube.com\/embed\/jaWhld8QNtY?feature=oembed\" frameborder=\"0\" allow=\"accelerometer; autoplay; clipboard-write; encrypted-media; gyroscope; picture-in-picture\" allowfullscreen><\/iframe><\/p>\n<p>&nbsp;<\/p>\n<p>&nbsp;<\/p>\n<hr \/>\n<p>&nbsp;<\/p>\n<blockquote>\n<h3>FIORI SULLA ROCCIA, IL DOCUFILM DEDICATO ALLE DONNE<\/h3>\n<\/blockquote>\n<p><em>L\u2019ultima fatica di Laboratorio Inquadrati con sette protagoniste bellunesi<\/em><\/p>\n<p><strong><a href=\"https:\/\/www.radiopiu.net\/wordpress\/giornale-radiopiu-23-marzo-2021-direttore-mirko-mezzacasa\/banner-fiori2-finale-copia-2\/\" rel=\"attachment wp-att-198549\"><img loading=\"lazy\" decoding=\"async\" class=\"size-medium wp-image-198549 alignleft\" src=\"https:\/\/www.radiopiu.net\/wordpress\/wp-content\/uploads\/2021\/03\/BANNER-FIORI2-finale-copia-2-300x180.jpg\" alt=\"\" width=\"300\" height=\"180\" srcset=\"https:\/\/www.radiopiu.net\/wordpress\/wp-content\/uploads\/2021\/03\/BANNER-FIORI2-finale-copia-2-300x180.jpg 300w, https:\/\/www.radiopiu.net\/wordpress\/wp-content\/uploads\/2021\/03\/BANNER-FIORI2-finale-copia-2-1024x614.jpg 1024w, https:\/\/www.radiopiu.net\/wordpress\/wp-content\/uploads\/2021\/03\/BANNER-FIORI2-finale-copia-2-768x461.jpg 768w, https:\/\/www.radiopiu.net\/wordpress\/wp-content\/uploads\/2021\/03\/BANNER-FIORI2-finale-copia-2-1536x922.jpg 1536w, https:\/\/www.radiopiu.net\/wordpress\/wp-content\/uploads\/2021\/03\/BANNER-FIORI2-finale-copia-2-2048x1229.jpg 2048w\" sizes=\"auto, (max-width: 300px) 100vw, 300px\" \/><\/a>BELLUNO<\/strong>\u00a0 Sar\u00e0 presentato in streaming marted\u00ec 30 marzo alle 18 \u201cFiori sulla roccia\u201d, il nuovo docufilm a cura\u00a0 del Laboratorio Inquadrati del Csv Belluno Treviso. Nato da un\u2019idea di Assia Belhadj, mediatrice culturale, il video ha come obiettivo la sensibilizzazione all&#8217;importanza dell&#8217;inclusione della figura femminile nelle sfere sociale, culturale, lavorativa, con approfondimenti riguardanti sia il territorio della provincia di Belluno sia quello nazionale. Esso si avvale anche della collaborazione di Movimento delle donne mussulmane d\u2019Italia, progetto Aisha sezione di Belluno, Comitato d&#8217;Intesa di Belluno. Le protagoniste sono tutte originarie della provincia di Belluno, o qui impegnate professionalmente, come Assia Belhadj, attivista per i diritti umani. Accanto a lei, Francesca De Biasi, responsabile del Fondo Welfare della Provincia di Belluno, Carine Bikie, gi\u00e0 segretaria dell&#8217;Associazione Camerunensi bellunesi, Daniela Perco, antropologa, suor Marianna Scinardi, educatrice, Alessia Solagna, ospite del Centro diurno \u201cLa Birola\u201d. Special guest: Clio Zammatteo, in arte Clio Make up. Per assistere alla diretta il link sar\u00e0 disponibile a partire dalla home page di www.csvbelluno.it<\/p>\n<p>&nbsp;<\/p>\n<hr \/>\n<p>&nbsp;<\/p>\n<blockquote>\n<h3>E&#8217; TERMINATO IL CORSO PER OPERATORI SOCCORSO PISTE DELLA CROCE ROSSA<\/h3>\n<\/blockquote>\n<p><strong><a href=\"https:\/\/www.radiopiu.net\/wordpress\/giornale-radiopiu-23-marzo-2021-direttore-mirko-mezzacasa\/operatori-soccorso-piste-1\/\" rel=\"attachment wp-att-198643\"><img loading=\"lazy\" decoding=\"async\" class=\"size-medium wp-image-198643 alignleft\" src=\"https:\/\/www.radiopiu.net\/wordpress\/wp-content\/uploads\/2021\/03\/operatori-soccorso-piste-1-300x200.jpeg\" alt=\"\" width=\"300\" height=\"200\" srcset=\"https:\/\/www.radiopiu.net\/wordpress\/wp-content\/uploads\/2021\/03\/operatori-soccorso-piste-1-300x200.jpeg 300w, https:\/\/www.radiopiu.net\/wordpress\/wp-content\/uploads\/2021\/03\/operatori-soccorso-piste-1-1024x683.jpeg 1024w, https:\/\/www.radiopiu.net\/wordpress\/wp-content\/uploads\/2021\/03\/operatori-soccorso-piste-1-768x512.jpeg 768w, https:\/\/www.radiopiu.net\/wordpress\/wp-content\/uploads\/2021\/03\/operatori-soccorso-piste-1.jpeg 1296w\" sizes=\"auto, (max-width: 300px) 100vw, 300px\" \/><\/a>FELTRE<\/strong> Si e\u0300 chiuso domenica 21 marzo il primo corso per Operatori soccorso piste da sci organizzato dal Comitato regionale del Veneto della Croce rossa italiana. Un traguardo storico perche\u0301 si tratta della prima squadra abilitata in regione, precorritrice di una realta\u0300 che punta alla crescita. Domenica sul Monte Avena, dove si sono tenute le numerose giornate di corso, anche il presidente regionale della Cri, Francesco Bosa: \u00abQuesto corso e\u0300 andato benissimo, ma e\u0300 solo un avvio perche\u0301 l\u2019obiettivo e\u0300 arrivare al 2026 con una squadra di soccorritori Cri forte, in vista proprio delle Olimpiadi: dobbiamo essere presenti\u00bb. Non si ferma a questo l\u2019opera di collegamento fra la Croce rossa del Veneto e Cortina d\u2019Ampezzo sede dei Giochi: \u00abStiamo preparando degli appuntamenti, per esempio un bike tour, che permetteranno di essere presenti in maniera importante sul territorio Ampezzano\u00bb. Arrivano anche delle precisazioni: \u00abCon la creazione di queste squadre di soccorritori non vogliamo di certo interferire con il lavoro di altre realta\u0300 gia\u0300 presenti, non e\u0300 questo il senso delle cose, a noi mancava questo tipo di servizio e ora lo abbiamo. Ripeto pero\u0300, si tratta solo dell\u2019inizio\u00bb. Sono 15 i soccorritori che si sono qualificati al termine del corso organizzato dalla Cri regionale con la collaborazione del Comitato di Feltre. A supervisionare le attivita\u0300, la volontaria Chiara Feltrin, direttrice del corso: \u00abGli impianti del Monte Avena si sono prestati benissimo alle nostre attivita\u0300, un valido aiuto per ricreare le varie situazioni necessarie per fornire i giusti insegnamenti. Fra sabato e domenica i corsisti hanno effettuato l\u2019esame scritto, la pratica e l\u2019orale e hanno ottenuto l\u2019idoneita\u0300. La parte pratica e\u0300 stata quella piu\u0300 corposa: abbiamo usato dei manichini e operato nella casistica del trauma cranico, delle fratture agli arti e dell\u2019arresto cardiaco\u00bb. Feltrin conclude: \u00abPer noi tutti e\u0300 stata una sfida organizzare e portare a termine un corso in pieno allarme Covid. Grazie ai tamponi e a tutti i dispositivi di sicurezza ci siamo riusciti\u00bb. Per iscrizioni e informazioni sui corsi e su tutti i servizi offerti dalla Croce rossa italiana di Feltre e\u0300 sufficiente recarsi nella sede CRI, situata al terzo piano all&#8217;ex Casa di cura Villabruna Bellati di Feltre in viale Marconi 7, il lunedi\u0300 e il giovedi\u0300 dalle 18 alle 21. Oppure utilizzando i seguenti contatti:Indirizzo e-mail feltre@cri.it. Telefono 0439-81711. Fax 0439-883138. Cellulare 328-0781457.<\/p>\n<p>&nbsp;<\/p>\n<p>&nbsp;<\/p>\n<hr \/>\n<p>&nbsp;<\/p>\n<blockquote>\n<h3>ANCHE A VALLADA IL PLOGGING DAY &#8211; PLASTIC FREE WALK<\/h3>\n<\/blockquote>\n<p><strong>VALLADA AGORDINA <\/strong>Domenica 21 marzo 2021 si \u00e8 svolto il 1\u00b0 Plogging Day &#8211; Plastic Free Walk in tutta Italia grazie a Plastic Free Odv Onlus, associazione di volontariato nata il 29 luglio 2019 con l&#8217;obiettivo di informare e sensibilizzare pi\u00f9 persone possibili sulla pericolosit\u00e0 della plastica, in particolare quella monouso. Tra i diversi progetti di Plastic Free troviamo anche il Plastic Free Walk che ha organizzato il 1\u00b0 Plogging Day svoltosi appunto questa domenica. La pratica del plogging combina l&#8217;attivit\u00e0 sportiva e la raccolta di rifiuti. Per lo pi\u00f9 si svolge in gruppo ma, dovuto alla particolarit\u00e0 della situazione che stiamo vivendo, oggi molti ploggers sono usciti di casa da soli, ognuno con il proprio &#8220;pettorale&#8221;, e hanno macinato chilometri raccogliendo moltissima immondizia. Anche a Vallada Agordina un piccolo gruppo di volontari, capitanato da Sonia Andrich, socia dell&#8217;associazione, ha partecipato all&#8217;iniziativa e si \u00e8 adoperato per ripulire pi\u00f9 chilometri possibili all&#8217;interno del comune. Dopo 8 km di camminata sono stati riempiti 3 sacchi, di cui uno \u00e8 stato trovato abbandonato nel bosco pieno di pannolini usati. Tra mozziconi, bottiglie di vetro e di plastica, polistirolo, si \u00e8 riusciti a raccogliere un bel bottino. Se volete sapere di pi\u00f9 riguardo l&#8217;associazione e magari entrare a fare parte della numerosa famiglia Green potete visitare il sito web Plastic Free Onlus.it o contattare Sonia Andrich su Facebook o Instagram<\/p>\n\n\t\t\t<style type='text\/css'>\n\t\t\t\t#gallery-5 {\n\t\t\t\t\tmargin: auto;\n\t\t\t\t}\n\t\t\t\t#gallery-5 .gallery-item {\n\t\t\t\t\tfloat: left;\n\t\t\t\t\tmargin-top: 10px;\n\t\t\t\t\ttext-align: center;\n\t\t\t\t\twidth: 25%;\n\t\t\t\t}\n\t\t\t\t#gallery-5 img {\n\t\t\t\t\tborder: 2px solid #cfcfcf;\n\t\t\t\t}\n\t\t\t\t#gallery-5 .gallery-caption {\n\t\t\t\t\tmargin-left: 0;\n\t\t\t\t}\n\t\t\t\t\/* see gallery_shortcode() in wp-includes\/media.php *\/\n\t\t\t<\/style>\n\t\t<div id='gallery-5' class='dt-gallery-container gallery galleryid-198447 gallery-columns-4 gallery-size-thumbnail'><dl class='gallery-item'>\n\t\t\t\t<dt class='gallery-icon landscape'>\n\t\t\t\t\t<a class=\"rollover rollover-zoom dt-pswp-item\" title=\"IMG_20210321_174201\" data-dt-img-description=\"\" data-large_image_width=\"2560\" data-large_image_height=\"1920\"href='https:\/\/www.radiopiu.net\/wordpress\/wp-content\/uploads\/2021\/03\/IMG_20210321_174201-scaled.jpg'><img loading=\"lazy\" decoding=\"async\" width=\"150\" height=\"150\" src=\"https:\/\/www.radiopiu.net\/wordpress\/wp-content\/uploads\/2021\/03\/IMG_20210321_174201-150x150.jpg\" class=\"attachment-thumbnail size-thumbnail\" alt=\"\" \/><\/a>\n\t\t\t\t<\/dt><\/dl><dl class='gallery-item'>\n\t\t\t\t<dt class='gallery-icon landscape'>\n\t\t\t\t\t<a class=\"rollover rollover-zoom dt-pswp-item\" title=\"IMG_20210321_183304\" data-dt-img-description=\"\" data-large_image_width=\"988\" data-large_image_height=\"725\"href='https:\/\/www.radiopiu.net\/wordpress\/wp-content\/uploads\/2021\/03\/IMG_20210321_183304.png'><img loading=\"lazy\" decoding=\"async\" width=\"150\" height=\"150\" src=\"https:\/\/www.radiopiu.net\/wordpress\/wp-content\/uploads\/2021\/03\/IMG_20210321_183304-150x150.png\" class=\"attachment-thumbnail size-thumbnail\" alt=\"\" \/><\/a>\n\t\t\t\t<\/dt><\/dl><dl class='gallery-item'>\n\t\t\t\t<dt class='gallery-icon landscape'>\n\t\t\t\t\t<a class=\"rollover rollover-zoom dt-pswp-item\" title=\"IMG_20210321_134535\" data-dt-img-description=\"\" data-large_image_width=\"2560\" data-large_image_height=\"1920\"href='https:\/\/www.radiopiu.net\/wordpress\/wp-content\/uploads\/2021\/03\/IMG_20210321_134535-scaled.jpg'><img loading=\"lazy\" decoding=\"async\" width=\"150\" height=\"150\" src=\"https:\/\/www.radiopiu.net\/wordpress\/wp-content\/uploads\/2021\/03\/IMG_20210321_134535-150x150.jpg\" class=\"attachment-thumbnail size-thumbnail\" alt=\"\" \/><\/a>\n\t\t\t\t<\/dt><\/dl><dl class='gallery-item'>\n\t\t\t\t<dt class='gallery-icon portrait'>\n\t\t\t\t\t<a class=\"rollover rollover-zoom dt-pswp-item\" title=\"IMG_20210321_134618\" data-dt-img-description=\"\" data-large_image_width=\"1920\" data-large_image_height=\"2560\"href='https:\/\/www.radiopiu.net\/wordpress\/wp-content\/uploads\/2021\/03\/IMG_20210321_134618-scaled.jpg'><img loading=\"lazy\" decoding=\"async\" width=\"150\" height=\"150\" src=\"https:\/\/www.radiopiu.net\/wordpress\/wp-content\/uploads\/2021\/03\/IMG_20210321_134618-150x150.jpg\" class=\"attachment-thumbnail size-thumbnail\" alt=\"\" \/><\/a>\n\t\t\t\t<\/dt><\/dl><br style=\"clear: both\" \/>\n\t\t\t<\/div>\n\n<p>&nbsp;<\/p>\n<hr \/>\n<p>&nbsp;<\/p>\n<blockquote>\n<h3>20-21 MARZO 2021 IN VENETO: INIZIO DELLA PRIMAVERA ASTRONOMICA CON TEMPO VARIABILE E FREDDO PER IL PERIODO<\/h3>\n<\/blockquote>\n<p><strong><a href=\"https:\/\/www.radiopiu.net\/wordpress\/giornale-radiopiu-23-marzo-2021-direttore-mirko-mezzacasa\/photo-2021-02-09-16-45-37-1\/\" rel=\"attachment wp-att-198621\"><img loading=\"lazy\" decoding=\"async\" class=\"size-medium wp-image-198621 alignleft\" src=\"https:\/\/www.radiopiu.net\/wordpress\/wp-content\/uploads\/2021\/03\/PHOTO-2021-02-09-16-45-37-1-300x225.jpg\" alt=\"\" width=\"300\" height=\"225\" srcset=\"https:\/\/www.radiopiu.net\/wordpress\/wp-content\/uploads\/2021\/03\/PHOTO-2021-02-09-16-45-37-1-300x225.jpg 300w, https:\/\/www.radiopiu.net\/wordpress\/wp-content\/uploads\/2021\/03\/PHOTO-2021-02-09-16-45-37-1-1024x768.jpg 1024w, https:\/\/www.radiopiu.net\/wordpress\/wp-content\/uploads\/2021\/03\/PHOTO-2021-02-09-16-45-37-1-768x576.jpg 768w, https:\/\/www.radiopiu.net\/wordpress\/wp-content\/uploads\/2021\/03\/PHOTO-2021-02-09-16-45-37-1-1536x1152.jpg 1536w, https:\/\/www.radiopiu.net\/wordpress\/wp-content\/uploads\/2021\/03\/PHOTO-2021-02-09-16-45-37-1.jpg 1600w\" sizes=\"auto, (max-width: 300px) 100vw, 300px\" \/><\/a>PADOVA <\/strong>Quest&#8217;anno la primavera astronomica \u00e8 cominciata sabato 20 marzo 2021, giornata che \u00e8 stata caratterizzata da tempo variabile, a tratti instabile, piuttosto fresco e ventoso. Sulla regione infatti hanno insistito correnti fredde dai quadranti settentrionali in quota e da quelli nord-orientali al suolo che hanno favorito lo sviluppo di nuvolosit\u00e0 cumuliforme gi\u00e0 nel corso della mattinata, dapprima sulle zone montane poi anche in pianura. Si sono registrate anche delle modeste precipitazioni sparse che a tratti hanno assunto carattere di neve fino a quote molto basse, localmente anche pianeggianti. Le temperature del fine settimana appena trascorso sono risultate ben sotto la media del periodo sia nelle minime che nelle massime con valori diffusamente sotto zero anche in pianura durante le ore pi\u00f9 fredde. Sia domenica 21 che al mattino di luned\u00ec 21 le temperature minime hanno fatto registrare valori record in molte stazioni di pianura, mai registrati prima dalla rete di stazioni ARPAV (attive dal 1992) nella terza decade di marzo: a Galzignano (PD) -5.9\u00b0C, a Colognola ai Colli (VR) -6.5\u00b0C, a Mogliano Veneto (TV) -3.3\u00b0C, a Montegalda (VI) -3.0\u00b0C, a Vazzola (TV) -4.5\u00b0C, a Villadose (RO) -3.4\u00b0C. Anche in montagna si sono raggiunte in queste ultime giornate temperature particolarmente rigide con punte minime di -10\/-13\u00b0C in alcune valli dolomitiche nonch\u00e9 in alcuni altopiani e cime prealpine (fino a una minima estrema di -19\u00b0C nella piana di Enego-Marcesina &#8211; VI), -15\/-17\u00b0C in quota tra i 1500 e i 2000 m circa sulle Dolomiti. In diversi casi, sia in pianura che in montagna bisogna risalire agli anni 1993 o 1998 per ritrovare una fine di marzo con temperature cos\u00ec basse. Nel corso della settimana il tempo rimarr\u00e0 in prevalenza stabile per l\u2019espansione verso est di un\u2019area anticiclonica di origine atlantica che favorir\u00e0 anche un graduale aumento delle temperature.<\/p>\n<p>&nbsp;<\/p>\n<p>&nbsp;<\/p>\n<hr \/>\n<p>&nbsp;<\/p>\n<blockquote>\n<h2>IERI ALLA RADIO&#8230; LA ZANZEGA AD AGORDO, IL 25 IN TELEVISIONE<\/h2>\n<\/blockquote>\n<p><strong><a href=\"https:\/\/www.radiopiu.net\/wordpress\/le-telecamere-di-antenna-tre-alla-scoperta-di-agordo\/5aefd6fb-35ba-4880-b93c-ff5b9d4debbb\/\" rel=\"attachment wp-att-197730\"><img loading=\"lazy\" decoding=\"async\" class=\" wp-image-197730 alignleft\" src=\"https:\/\/www.radiopiu.net\/wordpress\/wp-content\/uploads\/2021\/03\/5aefd6fb-35ba-4880-b93c-ff5b9d4debbb-300x225.jpg\" alt=\"\" width=\"156\" height=\"117\" srcset=\"https:\/\/www.radiopiu.net\/wordpress\/wp-content\/uploads\/2021\/03\/5aefd6fb-35ba-4880-b93c-ff5b9d4debbb-300x225.jpg 300w, https:\/\/www.radiopiu.net\/wordpress\/wp-content\/uploads\/2021\/03\/5aefd6fb-35ba-4880-b93c-ff5b9d4debbb-1024x768.jpg 1024w, https:\/\/www.radiopiu.net\/wordpress\/wp-content\/uploads\/2021\/03\/5aefd6fb-35ba-4880-b93c-ff5b9d4debbb-768x576.jpg 768w, https:\/\/www.radiopiu.net\/wordpress\/wp-content\/uploads\/2021\/03\/5aefd6fb-35ba-4880-b93c-ff5b9d4debbb-1536x1152.jpg 1536w, https:\/\/www.radiopiu.net\/wordpress\/wp-content\/uploads\/2021\/03\/5aefd6fb-35ba-4880-b93c-ff5b9d4debbb.jpg 1600w\" sizes=\"auto, (max-width: 156px) 100vw, 156px\" \/><\/a>AGORDO <\/strong>Ad Agordo e nelle vicine miniere di Valle Imperina le riprese televisive del programma &#8220;La Zanzega&#8221; condotto da Daniele Marcassa in onda su Antenna Tre. In due giorni la troupe dedicher\u00e0 la sua attenzione al capoluogo Agordino cercando scorci e panorami suggestivi per la puntata che andr\u00e0 in onda gioved\u00ec 25 marzo alle 21.15 e in replica domenica 28 marzo alle 16.50.<\/p>\n<p><strong>di CLAUDIO FONTANIVE<\/strong><\/p>\n<p>&nbsp;<\/p>\n<audio class=\"wp-audio-shortcode\" id=\"audio-198447-10\" preload=\"none\" style=\"width: 100%;\" controls=\"controls\"><source type=\"audio\/mpeg\" src=\"https:\/\/www.radiopiu.net\/wordpress\/wp-content\/uploads\/2021\/03\/zanzega-scade-25-marzo.mp3?_=10\" \/><a href=\"https:\/\/www.radiopiu.net\/wordpress\/wp-content\/uploads\/2021\/03\/zanzega-scade-25-marzo.mp3\">https:\/\/www.radiopiu.net\/wordpress\/wp-content\/uploads\/2021\/03\/zanzega-scade-25-marzo.mp3<\/a><\/audio>\n<p>&nbsp;<\/p>\n<p>&nbsp;<\/p>\n<hr \/>\n<p>&nbsp;<\/p>\n<blockquote>\n<h3>IO NE HO VISTE COSE CHE VOI NON POTRESTE IMMAGINARVI<\/h3>\n<\/blockquote>\n<p>un programma di Claudio Pra, dal lunedi al venerdi \u00a0alle 8.45 ed in replica alle 19.45.<\/p>\n<p><strong><span style=\"font-family: Times New Roman, serif;\"><span style=\"font-size: medium;\"><a href=\"https:\/\/www.radiopiu.net\/wordpress\/da-lunedi-il-nuovo-programma-di-claudio-pra\/41ee0f8e-fc70-4224-870f-c32beeeef768\/\" rel=\"attachment wp-att-198506\"><img loading=\"lazy\" decoding=\"async\" class=\"wp-image-198506 alignleft\" src=\"https:\/\/www.radiopiu.net\/wordpress\/wp-content\/uploads\/2021\/03\/41ee0f8e-fc70-4224-870f-c32beeeef768-300x200.jpg\" alt=\"\" width=\"134\" height=\"89\" srcset=\"https:\/\/www.radiopiu.net\/wordpress\/wp-content\/uploads\/2021\/03\/41ee0f8e-fc70-4224-870f-c32beeeef768-300x200.jpg 300w, https:\/\/www.radiopiu.net\/wordpress\/wp-content\/uploads\/2021\/03\/41ee0f8e-fc70-4224-870f-c32beeeef768-1024x682.jpg 1024w, https:\/\/www.radiopiu.net\/wordpress\/wp-content\/uploads\/2021\/03\/41ee0f8e-fc70-4224-870f-c32beeeef768-768x511.jpg 768w, https:\/\/www.radiopiu.net\/wordpress\/wp-content\/uploads\/2021\/03\/41ee0f8e-fc70-4224-870f-c32beeeef768-1536x1022.jpg 1536w, https:\/\/www.radiopiu.net\/wordpress\/wp-content\/uploads\/2021\/03\/41ee0f8e-fc70-4224-870f-c32beeeef768.jpg 1600w\" sizes=\"auto, (max-width: 134px) 100vw, 134px\" \/><\/a><\/span><\/span>prima puntata: La chiave di volta<\/strong><\/p>\n<p>&nbsp;<\/p>\n<p>&nbsp;<\/p>\n<audio class=\"wp-audio-shortcode\" id=\"audio-198447-11\" preload=\"none\" style=\"width: 100%;\" controls=\"controls\"><source type=\"audio\/mpeg\" src=\"https:\/\/www.radiopiu.net\/wordpress\/wp-content\/uploads\/2021\/03\/claudiolunedi-1.mp3?_=11\" \/><a href=\"https:\/\/www.radiopiu.net\/wordpress\/wp-content\/uploads\/2021\/03\/claudiolunedi-1.mp3\">https:\/\/www.radiopiu.net\/wordpress\/wp-content\/uploads\/2021\/03\/claudiolunedi-1.mp3<\/a><\/audio>\n<h2><\/h2>\n<p><strong><span style=\"color: #0000ff;\">OGGI LA SECONDA PUNTATA<\/span><\/strong><\/p>\n<p><strong><span style=\"color: #0000ff;\">&#8220;La notte in pieno giorno&#8221;<\/span><\/strong><\/p>\n<p><a href=\"https:\/\/www.radiopiu.net\/wordpress\/giornale-radiopiu-23-marzo-2021-direttore-mirko-mezzacasa\/9e886e23-31ab-4d95-b8c1-bf6babd091fc\/\" rel=\"attachment wp-att-198695\"><img loading=\"lazy\" decoding=\"async\" class=\"alignnone size-medium wp-image-198695\" src=\"https:\/\/www.radiopiu.net\/wordpress\/wp-content\/uploads\/2021\/03\/9e886e23-31ab-4d95-b8c1-bf6babd091fc-300x234.jpg\" alt=\"\" width=\"300\" height=\"234\" srcset=\"https:\/\/www.radiopiu.net\/wordpress\/wp-content\/uploads\/2021\/03\/9e886e23-31ab-4d95-b8c1-bf6babd091fc-300x234.jpg 300w, https:\/\/www.radiopiu.net\/wordpress\/wp-content\/uploads\/2021\/03\/9e886e23-31ab-4d95-b8c1-bf6babd091fc-1024x797.jpg 1024w, https:\/\/www.radiopiu.net\/wordpress\/wp-content\/uploads\/2021\/03\/9e886e23-31ab-4d95-b8c1-bf6babd091fc-768x598.jpg 768w, https:\/\/www.radiopiu.net\/wordpress\/wp-content\/uploads\/2021\/03\/9e886e23-31ab-4d95-b8c1-bf6babd091fc.jpg 1070w\" sizes=\"auto, (max-width: 300px) 100vw, 300px\" \/><\/a><\/p>\n<p>&nbsp;<\/p>\n<h2><span style=\"color: #000000;\"><strong>LA RACCOLTA COMPLETA<\/strong><\/span><\/h2>\n<blockquote class=\"wp-embedded-content\" data-secret=\"g176JHArP5\"><p><a href=\"https:\/\/www.radiopiu.net\/wordpress\/da-lunedi-il-nuovo-programma-di-claudio-pra\/\">IO NE HO VISTE COSE CHE VOI NON POTRESTE IMMAGINARVI<\/a><\/p><\/blockquote>\n<p><iframe loading=\"lazy\" class=\"wp-embedded-content\" sandbox=\"allow-scripts\" security=\"restricted\" style=\"position: absolute; clip: rect(1px, 1px, 1px, 1px);\" title=\"&#8220;IO NE HO VISTE COSE CHE VOI NON POTRESTE IMMAGINARVI&#8221; &#8212; Radio Pi\u00f9\" src=\"https:\/\/www.radiopiu.net\/wordpress\/da-lunedi-il-nuovo-programma-di-claudio-pra\/embed\/#?secret=g176JHArP5\" data-secret=\"g176JHArP5\" width=\"600\" height=\"338\" frameborder=\"0\" marginwidth=\"0\" marginheight=\"0\" scrolling=\"no\"><\/iframe><\/p>\n<p>&nbsp;<\/p>\n<hr \/>\n<p>&nbsp;<\/p>\n<p>&nbsp;<\/p>\n<blockquote>\n<h2>CON GLI AUGURI A PINA FORNERA IL GRAZIE DI RADIO PIU&#8217; A LUCA ZAIA<\/h2>\n<\/blockquote>\n<p><strong>VENEZIA<\/strong> Oggi in conferenza stampa il Presidente del Veneto Luca Zaia ha fatto gli auguri a Giuseppina Dell&#8217;Olivo detta &#8220;Pina Fornera&#8221; di Alleghe. Ha anche fatto delle considerazioni su Radio Pi\u00f9 e ringraziamo il Presidente per le belle parole.<\/p>\n<p><strong>GLI AUGURI DI LUCA ZAIA<\/strong><\/p>\n<audio class=\"wp-audio-shortcode\" id=\"audio-198447-12\" preload=\"none\" style=\"width: 100%;\" controls=\"controls\"><source type=\"audio\/mpeg\" src=\"https:\/\/www.radiopiu.net\/wordpress\/wp-content\/uploads\/2021\/03\/ZAIA-PINA-FORNERA-RADIO-PIU.mp3?_=12\" \/><a href=\"https:\/\/www.radiopiu.net\/wordpress\/wp-content\/uploads\/2021\/03\/ZAIA-PINA-FORNERA-RADIO-PIU.mp3\">https:\/\/www.radiopiu.net\/wordpress\/wp-content\/uploads\/2021\/03\/ZAIA-PINA-FORNERA-RADIO-PIU.mp3<\/a><\/audio>\n<p>&nbsp;<\/p>\n<p>&nbsp;<\/p>\n<p>&nbsp;<\/p>\n<p>&nbsp;<\/p>\n<hr \/>\n<p>&nbsp;<\/p>\n<blockquote>\n<h3>UN RICORDO DALL\u2019AGORDINO\u201d PIACEVOLE LIBRO DI CARTOLINE<\/h3>\n<\/blockquote>\n<p><strong>\u00a0di RENATO BONA<\/strong><\/p>\n<div dir=\"auto\">\n<p>\u201cMentre ricercavo e raccoglievo tutto quanto potesse essere utile per ricostruire le passate vicende delle valli del Biois e del Cordevole, e salivo le sconnesse e buie scale di polverose soffitte per esaminare carte ingiallite, disegni e foto sbiadite, e conversavo con i pi\u00f9 anziani per ascoltare le loro vicende, episodi di guerra e di emigrazione, correvo spesso con la mente ai tempi della scuola quando, ragazzo, \u00e8 nata in me la vocazione di scrutare nel passato per comprendere meglio il presente\u201d. Esordisce cos\u00ec Bepi Pellegrinon, un caro vecchio amico, autore di \u201cUn ricordo dall\u2019Agordino\u201d con vecchie cartoline della vallata, del quale, nel 1982, oltre ad essere editore (Nuovi Sentieri) \u00e8 stato anche autore di testo e commento (il piacevole volume ha registrato la collaborazione di: Eronda Graphic Design Belluno, Fotoselezione Monticelli Padova, litografia della trevigiana Antiga di Crocetta del Montello). E aggiunge: \u201cSe mi sono avviato verso questo tipo di cultura lo devo ad un educatore, di stampo antico, oggi quasi del tutto desueto, il Maestro Egisto Da Rif. Appassionato cultore degli usi e costumi locali, fino a quando ha insegnato, ha reso partecipi i propri alunni delle sue conoscenze e li ha invitati ad approfondire lo studio della materia\u201d. In segno di riconoscenza &#8211; spiega \u2013 dedico a lui questo mio lavoro che illustra l\u2019Agordino dagli inizi di questo secolo, diverso per molti lati da quello attuale, ma uguale nella capacit\u00e0, laboriosit\u00e0 e tenacia della sua gente\u201d. Una puntualizzazione: le cartoline riprodotte provengono dalla raccolta dell\u2019autore e da quelle di Rinaldo Andrich, Cleto Gnech, Emilio Pollazzon, Gea Ronchi, Flora Rossi e Loris Santomaso. Le immagini che presentiamo in questa occasione sono, salvo specifica diversa indicazione, di Breveglieri. Dopo quella di copertina la prima proposta fotografica \u00e8 quella della cartolina accompagnata dalla dicitura: \u201cLa Stanga \u00e8 un po\u2019 la porta dell\u2019Agordino. Ancora prima della costruzione della locanda (avvenuta nel 1865, stando ad una data incisa sopra la caratteristica \u2018caminaza\u2019) qui gli animali pagavano il pedaggio. Ma i non pi\u00f9 giovani conservano ancora grato ricordo di Rosina e Maria Zanella, per decenni conduttrici e \u2018vestali\u2019 del locale, abili dispensatrici di succulente cene a base di cacciagione, ammannite e condite con buona cera\u201d. Si prosegue con La Stanga, con la dicitura: \u201cMentre si svolgono le operazioni di \u201cdogana\u201d e la gente si ristora vicino al fuoco scoppiettante del \u2018lar\u00ecn\u2019, il conduttore della diligenza e una giovane posano in primo piano. Grazie al fotografo c\u2019\u00e8 la possibilit\u00e0 che nasca un idillio\u2026\u201d. Seguono le due immagini con diciture: \u201cLa selvaggia Val di Piero sbocca nel canale del Cordevole nelle vicinanze della Stanga. Un sentiero fra alte ed impervie pareti di roccia conduce fino a una superba cascata, tanto celebrata nel secolo scorso, dal momento che anche il principe Amedeo di Savoia volle ammirarla\u201d; e: \u201cMa tutta la vallata nel tratto Peron-Le Miniere \u00e8 un susseguirsi di ripide bastionate rocciose che si restringono talvolta quasi a mo\u2019 di forra, dalle quali, prima di consentire l\u2019approvvigionamento idrico della Val Belluna, precipitavano spumeggianti cascate\u201d. Ancora: \u201cAl Ponte della Muda s\u2019imbocca la gola di Cast\u00e8i. Il manufatto, che permette di attraversare il Cordevole, sormontava il torrente con due arcate di pietra. Progettato dall\u2019ing. Angelo Sommariva e costruito nel 1865, aveva resistito (fra pochi dell\u2019intera vallata) alle \u2018brentane\u2019 del 1882, ma nulla pot\u00e9 contro la furia degli elementi naturali scatenatisi il 4 novembre 1966\u201d; \u201cDove la Pissa precipita nel Cordevole col suo velo d\u2019acqua che sgorga da un foro della roccia, la gola dei Cast\u00e8i si restringe a tal punto da acconsentire appena il percorso al torrente. Molti visitatori della zona che nel secolo addietro percorrevano la vallata, giunti a questo punto s\u2019interrogavano se era conveniente proseguire o se non fosse invece pi\u00f9 consigliabile e salutare ritornare sui propri passi\u201d; \u201cLungo la Riva (salita) dei Cast\u00e8i , diligenza, Carrozze postali e viandanti percorrono la strada verso Agordo. Un viaggio a Belluno rappresentava, almeno ai tempi dei nostri nonni, un avvenimento eccezionale e non privo di seri pericoli, tanto che molti, prima di accingervisi, stendevano le disposizioni testamentarie\u201d. Altro argomento (con foto Ed. Sorelle Pinon): \u201cLa pratica della caccia nell\u2019Agordino \u00e8 forse antica quanto la presenza dell\u2019uomo. E ci\u00f2 significa anche padronanza assoluta del territorio. Solo i cacciatori (e i bracconieri) conoscevano infatti tutte le balze, le cenge, gli anfratti, i passaggi (i \u2018viaz\u2019), le poste della montagna, sulla quale rincorrevano la selvaggina e principalmente il camoscio. Saranno proprio i cacciatori le prime guide dei turisti ed alpinisti che conquistarono le Dolomiti agordine. Fra questi, degni allora di una cartolina, Giuseppe, Severino ed Andrea Da Roit, di La Valle\u201d. Ancora viabilit\u00e0: \u201cPunto obbligato sulla via che conduce ad Agordo \u00e8 il Ponte dei Cast\u00e8i. Qui gli agordini, sia nel 1848 che nel 1945, tennero fieramente testa ai \u2018tod\u00e9sch\u2019 che tentavano di occupare il territorio o di aprirsi un varco verso il nord, anche se oggi l\u2019iscrizione che ricorda \u2018l\u2019unanime plebiscito\u2019 per l\u2019unione dell\u2019Agordino all\u2019Italia nel 1866 fa riflettere un po\u2019\u201d; \u201cLa strada continua verso Agordo dirimpetto al Sass de San Martin. In basso, prima che lo sfruttamento idroelettrico impoverisse i torrenti delle nostre montagne, il Cordevole spumeggiava gonfio d\u2019acqua e permetteva ancora la \u2018menada\u2019, cio\u00e8 la fluitazione del legname. La fauna ittica era assai copiosa: trote, anguille e ghiozzi. Qualcuno ricorda ancora qualche bell\u2019esemplare di \u2018lodra\u2019 (lontra)\u201d. Presenza femminile (autore ignoto): \u201cBisognava porre in evidenza la gerla, il rastrello, la falce, le mucche al pascolo, l\u2019erba da tagliare. Le donne stanno ad indicare che anche il gentil sesso, e soprattutto quello, partecipava alle operazioni\u201d. Segue: \u201cEccoci alle Miniere. Siamo nel 1901. Gli stabilimenti per la procedura fucinale dei minerali sono in piena attivit\u00e0, grazie anche all\u2019impulso dato dal concessionario Magno Magni, un industriale vicentini che sar\u00e0 poi eletto deputato. Nel corso dell\u2019anno si producono circa quindicimila tonnellate di minerale, con 219 lavoratori impegnati, Le condizioni di lavoro non sono per\u00f2 delle migliori: lo storico sciopero di tre mesi nel 1911 \u00e8 alle porte\u201d. Immagine al femminile: \u201cIn tempi di jeans e minigonne, potr\u00e0 forse far sorridere il \u2018pesante\u2019 abbigliamento di una valligiana agordina di tanti anni fa. E pensare che il vestito \u2018da festa\u2019, confezionato da mani sapienti, doveva durare una vita intera, per essere poi donato, ancor in buone condizioni, alle figlie o alle nipoti. Tutto l\u2019opposto di quanto avviene ai nostri giorni, abituati come siamo a rincorrere le frivolezze della moda\u201d. Ancora ponti: \u201cA Pont\u2019Alt che \u00e8 frazione di Rivamonte, poco discosto dalla strada per Agordo, l\u2019 \u2018Om Selv\u00e0rech\u2019 scendeva tutti gli anni dal bosco il 25 d\u2019aprile per inaugurare il ballo all\u2019aperto. La cartolina del ponte, pezzo forte dell\u2019iconografia agordina, reca una firma illustre con la scusante \u2018non potuto prima\u2019: quella di Roberto Paganini, ingegnere ferroviario, deputato al Parlamento, tecnico di valore che cerc\u00f2 altrove lo spazio economico di cui l\u2019Agordino era allora privo; ultima immagine (G. Modiano e C.) proposta in questo servizio: \u201cDal ponte, secondo le indicazioni delle guide turistiche dell\u2019epoca (fornite dal Brentari, dal Feruglio e da altri), si apre improvvisamente inattesa la vasta e bella conca di Agordo, circondata da verdi colline fin su ai 2000 metri e dalla sovrastante pittorica, eccelsa addentellatura bianca della sua dolomia \u201d.<\/p>\n\n\t\t\t<style type='text\/css'>\n\t\t\t\t#gallery-6 {\n\t\t\t\t\tmargin: auto;\n\t\t\t\t}\n\t\t\t\t#gallery-6 .gallery-item {\n\t\t\t\t\tfloat: left;\n\t\t\t\t\tmargin-top: 10px;\n\t\t\t\t\ttext-align: center;\n\t\t\t\t\twidth: 25%;\n\t\t\t\t}\n\t\t\t\t#gallery-6 img {\n\t\t\t\t\tborder: 2px solid #cfcfcf;\n\t\t\t\t}\n\t\t\t\t#gallery-6 .gallery-caption {\n\t\t\t\t\tmargin-left: 0;\n\t\t\t\t}\n\t\t\t\t\/* see gallery_shortcode() in wp-includes\/media.php *\/\n\t\t\t<\/style>\n\t\t<div id='gallery-6' class='dt-gallery-container gallery galleryid-198447 gallery-columns-4 gallery-size-thumbnail'><dl class='gallery-item'>\n\t\t\t\t<dt class='gallery-icon landscape'>\n\t\t\t\t\t<a class=\"rollover rollover-zoom dt-pswp-item\" title=\"164297438_926221284789677_7254164444870953239_n\" data-dt-img-description=\"\" data-large_image_width=\"240\" data-large_image_height=\"202\"href='https:\/\/www.radiopiu.net\/wordpress\/wp-content\/uploads\/2021\/03\/164297438_926221284789677_7254164444870953239_n.jpg'><img loading=\"lazy\" decoding=\"async\" width=\"150\" height=\"150\" src=\"https:\/\/www.radiopiu.net\/wordpress\/wp-content\/uploads\/2021\/03\/164297438_926221284789677_7254164444870953239_n-150x150.jpg\" class=\"attachment-thumbnail size-thumbnail\" alt=\"\" \/><\/a>\n\t\t\t\t<\/dt><\/dl><dl class='gallery-item'>\n\t\t\t\t<dt class='gallery-icon landscape'>\n\t\t\t\t\t<a class=\"rollover rollover-zoom dt-pswp-item\" title=\"164243136_906738876845976_7684652399935763415_n\" data-dt-img-description=\"\" data-large_image_width=\"315\" data-large_image_height=\"206\"href='https:\/\/www.radiopiu.net\/wordpress\/wp-content\/uploads\/2021\/03\/164243136_906738876845976_7684652399935763415_n.jpg'><img loading=\"lazy\" decoding=\"async\" width=\"150\" height=\"150\" src=\"https:\/\/www.radiopiu.net\/wordpress\/wp-content\/uploads\/2021\/03\/164243136_906738876845976_7684652399935763415_n-150x150.jpg\" class=\"attachment-thumbnail size-thumbnail\" alt=\"\" \/><\/a>\n\t\t\t\t<\/dt><\/dl><dl class='gallery-item'>\n\t\t\t\t<dt class='gallery-icon portrait'>\n\t\t\t\t\t<a class=\"rollover rollover-zoom dt-pswp-item\" title=\"163973018_1101171453683113_1827727765409442220_n\" data-dt-img-description=\"\" data-large_image_width=\"151\" data-large_image_height=\"240\"href='https:\/\/www.radiopiu.net\/wordpress\/wp-content\/uploads\/2021\/03\/163973018_1101171453683113_1827727765409442220_n.jpg'><img loading=\"lazy\" decoding=\"async\" width=\"150\" height=\"150\" src=\"https:\/\/www.radiopiu.net\/wordpress\/wp-content\/uploads\/2021\/03\/163973018_1101171453683113_1827727765409442220_n-150x150.jpg\" class=\"attachment-thumbnail size-thumbnail\" alt=\"\" \/><\/a>\n\t\t\t\t<\/dt><\/dl><dl class='gallery-item'>\n\t\t\t\t<dt class='gallery-icon landscape'>\n\t\t\t\t\t<a class=\"rollover rollover-zoom dt-pswp-item\" title=\"163646197_1235389500196867_4368593291901650841_n\" data-dt-img-description=\"\" data-large_image_width=\"321\" data-large_image_height=\"206\"href='https:\/\/www.radiopiu.net\/wordpress\/wp-content\/uploads\/2021\/03\/163646197_1235389500196867_4368593291901650841_n.jpg'><img loading=\"lazy\" decoding=\"async\" width=\"150\" height=\"150\" src=\"https:\/\/www.radiopiu.net\/wordpress\/wp-content\/uploads\/2021\/03\/163646197_1235389500196867_4368593291901650841_n-150x150.jpg\" class=\"attachment-thumbnail size-thumbnail\" alt=\"\" \/><\/a>\n\t\t\t\t<\/dt><\/dl><br style=\"clear: both\" \/><dl class='gallery-item'>\n\t\t\t\t<dt class='gallery-icon landscape'>\n\t\t\t\t\t<a class=\"rollover rollover-zoom dt-pswp-item\" title=\"164161840_762910584649805_876059442269964947_n\" data-dt-img-description=\"\" data-large_image_width=\"333\" data-large_image_height=\"206\"href='https:\/\/www.radiopiu.net\/wordpress\/wp-content\/uploads\/2021\/03\/164161840_762910584649805_876059442269964947_n.jpg'><img loading=\"lazy\" decoding=\"async\" width=\"150\" height=\"150\" src=\"https:\/\/www.radiopiu.net\/wordpress\/wp-content\/uploads\/2021\/03\/164161840_762910584649805_876059442269964947_n-150x150.jpg\" class=\"attachment-thumbnail size-thumbnail\" alt=\"\" \/><\/a>\n\t\t\t\t<\/dt><\/dl><dl class='gallery-item'>\n\t\t\t\t<dt class='gallery-icon landscape'>\n\t\t\t\t\t<a class=\"rollover rollover-zoom dt-pswp-item\" title=\"164459899_272283367634006_1646563457289137864_n\" data-dt-img-description=\"\" data-large_image_width=\"320\" data-large_image_height=\"203\"href='https:\/\/www.radiopiu.net\/wordpress\/wp-content\/uploads\/2021\/03\/164459899_272283367634006_1646563457289137864_n.jpg'><img loading=\"lazy\" decoding=\"async\" width=\"150\" height=\"150\" src=\"https:\/\/www.radiopiu.net\/wordpress\/wp-content\/uploads\/2021\/03\/164459899_272283367634006_1646563457289137864_n-150x150.jpg\" class=\"attachment-thumbnail size-thumbnail\" alt=\"\" \/><\/a>\n\t\t\t\t<\/dt><\/dl><dl class='gallery-item'>\n\t\t\t\t<dt class='gallery-icon landscape'>\n\t\t\t\t\t<a class=\"rollover rollover-zoom dt-pswp-item\" title=\"163977154_776671262976774_8631685520008293549_n\" data-dt-img-description=\"\" data-large_image_width=\"308\" data-large_image_height=\"206\"href='https:\/\/www.radiopiu.net\/wordpress\/wp-content\/uploads\/2021\/03\/163977154_776671262976774_8631685520008293549_n.jpg'><img loading=\"lazy\" decoding=\"async\" width=\"150\" height=\"150\" src=\"https:\/\/www.radiopiu.net\/wordpress\/wp-content\/uploads\/2021\/03\/163977154_776671262976774_8631685520008293549_n-150x150.jpg\" class=\"attachment-thumbnail size-thumbnail\" alt=\"\" \/><\/a>\n\t\t\t\t<\/dt><\/dl><dl class='gallery-item'>\n\t\t\t\t<dt class='gallery-icon landscape'>\n\t\t\t\t\t<a class=\"rollover rollover-zoom dt-pswp-item\" title=\"164106443_251706670000157_6486357455595920907_n\" data-dt-img-description=\"\" data-large_image_width=\"335\" data-large_image_height=\"206\"href='https:\/\/www.radiopiu.net\/wordpress\/wp-content\/uploads\/2021\/03\/164106443_251706670000157_6486357455595920907_n.jpg'><img loading=\"lazy\" decoding=\"async\" width=\"150\" height=\"150\" src=\"https:\/\/www.radiopiu.net\/wordpress\/wp-content\/uploads\/2021\/03\/164106443_251706670000157_6486357455595920907_n-150x150.jpg\" class=\"attachment-thumbnail size-thumbnail\" alt=\"\" \/><\/a>\n\t\t\t\t<\/dt><\/dl><br style=\"clear: both\" \/><dl class='gallery-item'>\n\t\t\t\t<dt class='gallery-icon landscape'>\n\t\t\t\t\t<a class=\"rollover rollover-zoom dt-pswp-item\" title=\"164234181_1090703731441129_4589962357737810161_n\" data-dt-img-description=\"\" data-large_image_width=\"214\" data-large_image_height=\"206\"href='https:\/\/www.radiopiu.net\/wordpress\/wp-content\/uploads\/2021\/03\/164234181_1090703731441129_4589962357737810161_n.jpg'><img loading=\"lazy\" decoding=\"async\" width=\"150\" height=\"150\" src=\"https:\/\/www.radiopiu.net\/wordpress\/wp-content\/uploads\/2021\/03\/164234181_1090703731441129_4589962357737810161_n-150x150.jpg\" class=\"attachment-thumbnail size-thumbnail\" alt=\"\" \/><\/a>\n\t\t\t\t<\/dt><\/dl><dl class='gallery-item'>\n\t\t\t\t<dt class='gallery-icon portrait'>\n\t\t\t\t\t<a class=\"rollover rollover-zoom dt-pswp-item\" title=\"163909169_1137940266635224_3034517281319997907_n\" data-dt-img-description=\"\" data-large_image_width=\"158\" data-large_image_height=\"240\"href='https:\/\/www.radiopiu.net\/wordpress\/wp-content\/uploads\/2021\/03\/163909169_1137940266635224_3034517281319997907_n.jpg'><img loading=\"lazy\" decoding=\"async\" width=\"150\" height=\"150\" src=\"https:\/\/www.radiopiu.net\/wordpress\/wp-content\/uploads\/2021\/03\/163909169_1137940266635224_3034517281319997907_n-150x150.jpg\" class=\"attachment-thumbnail size-thumbnail\" alt=\"\" \/><\/a>\n\t\t\t\t<\/dt><\/dl><dl class='gallery-item'>\n\t\t\t\t<dt class='gallery-icon portrait'>\n\t\t\t\t\t<a class=\"rollover rollover-zoom dt-pswp-item\" title=\"163781020_142700724416005_7218553073852141697_n\" data-dt-img-description=\"\" data-large_image_width=\"153\" data-large_image_height=\"240\"href='https:\/\/www.radiopiu.net\/wordpress\/wp-content\/uploads\/2021\/03\/163781020_142700724416005_7218553073852141697_n.jpg'><img loading=\"lazy\" decoding=\"async\" width=\"150\" height=\"150\" src=\"https:\/\/www.radiopiu.net\/wordpress\/wp-content\/uploads\/2021\/03\/163781020_142700724416005_7218553073852141697_n-150x150.jpg\" class=\"attachment-thumbnail size-thumbnail\" alt=\"\" \/><\/a>\n\t\t\t\t<\/dt><\/dl><dl class='gallery-item'>\n\t\t\t\t<dt class='gallery-icon portrait'>\n\t\t\t\t\t<a class=\"rollover rollover-zoom dt-pswp-item\" title=\"162965469_1520084438330885_2968776476731346064_n\" data-dt-img-description=\"\" data-large_image_width=\"148\" data-large_image_height=\"225\"href='https:\/\/www.radiopiu.net\/wordpress\/wp-content\/uploads\/2021\/03\/162965469_1520084438330885_2968776476731346064_n.jpg'><img loading=\"lazy\" decoding=\"async\" width=\"148\" height=\"150\" src=\"https:\/\/www.radiopiu.net\/wordpress\/wp-content\/uploads\/2021\/03\/162965469_1520084438330885_2968776476731346064_n-148x150.jpg\" class=\"attachment-thumbnail size-thumbnail\" alt=\"\" \/><\/a>\n\t\t\t\t<\/dt><\/dl><br style=\"clear: both\" \/><dl class='gallery-item'>\n\t\t\t\t<dt class='gallery-icon portrait'>\n\t\t\t\t\t<a class=\"rollover rollover-zoom dt-pswp-item\" title=\"164039683_259086312546344_4449100026889486518_n\" data-dt-img-description=\"\" data-large_image_width=\"155\" data-large_image_height=\"240\"href='https:\/\/www.radiopiu.net\/wordpress\/wp-content\/uploads\/2021\/03\/164039683_259086312546344_4449100026889486518_n.jpg'><img loading=\"lazy\" decoding=\"async\" width=\"150\" height=\"150\" src=\"https:\/\/www.radiopiu.net\/wordpress\/wp-content\/uploads\/2021\/03\/164039683_259086312546344_4449100026889486518_n-150x150.jpg\" class=\"attachment-thumbnail size-thumbnail\" alt=\"\" \/><\/a>\n\t\t\t\t<\/dt><\/dl><dl class='gallery-item'>\n\t\t\t\t<dt class='gallery-icon landscape'>\n\t\t\t\t\t<a class=\"rollover rollover-zoom dt-pswp-item\" title=\"162714188_535489177432674_7520784355628399256_n\" data-dt-img-description=\"\" data-large_image_width=\"322\" data-large_image_height=\"206\"href='https:\/\/www.radiopiu.net\/wordpress\/wp-content\/uploads\/2021\/03\/162714188_535489177432674_7520784355628399256_n.jpg'><img loading=\"lazy\" decoding=\"async\" width=\"150\" height=\"150\" src=\"https:\/\/www.radiopiu.net\/wordpress\/wp-content\/uploads\/2021\/03\/162714188_535489177432674_7520784355628399256_n-150x150.jpg\" class=\"attachment-thumbnail size-thumbnail\" alt=\"\" \/><\/a>\n\t\t\t\t<\/dt><\/dl><dl class='gallery-item'>\n\t\t\t\t<dt class='gallery-icon portrait'>\n\t\t\t\t\t<a class=\"rollover rollover-zoom dt-pswp-item\" title=\"163860061_815862855678665_8579514086537664014_n\" data-dt-img-description=\"\" data-large_image_width=\"154\" data-large_image_height=\"240\"href='https:\/\/www.radiopiu.net\/wordpress\/wp-content\/uploads\/2021\/03\/163860061_815862855678665_8579514086537664014_n.jpg'><img loading=\"lazy\" decoding=\"async\" width=\"150\" height=\"150\" src=\"https:\/\/www.radiopiu.net\/wordpress\/wp-content\/uploads\/2021\/03\/163860061_815862855678665_8579514086537664014_n-150x150.jpg\" class=\"attachment-thumbnail size-thumbnail\" alt=\"\" \/><\/a>\n\t\t\t\t<\/dt><\/dl><dl class='gallery-item'>\n\t\t\t\t<dt class='gallery-icon portrait'>\n\t\t\t\t\t<a class=\"rollover rollover-zoom dt-pswp-item\" title=\"163383530_897581941040750_6623191133926652843_n\" data-dt-img-description=\"\" data-large_image_width=\"151\" data-large_image_height=\"240\"href='https:\/\/www.radiopiu.net\/wordpress\/wp-content\/uploads\/2021\/03\/163383530_897581941040750_6623191133926652843_n.jpg'><img loading=\"lazy\" decoding=\"async\" width=\"150\" height=\"150\" src=\"https:\/\/www.radiopiu.net\/wordpress\/wp-content\/uploads\/2021\/03\/163383530_897581941040750_6623191133926652843_n-150x150.jpg\" class=\"attachment-thumbnail size-thumbnail\" alt=\"\" \/><\/a>\n\t\t\t\t<\/dt><\/dl><br style=\"clear: both\" \/>\n\t\t\t<\/div>\n\n<p>&nbsp;<\/p>\n<p>&nbsp;<\/p>\n<p>&nbsp;<\/p>\n<hr \/>\n<div class=\"im_message_wrap clearfix\">\n<div class=\"im_content_message_wrap im_message_out\">\n<h2><\/h2>\n<h2><span style=\"color: #ff0000;\">IN VIVO VERSO 2020-21<\/span><\/h2>\n<p><strong><span style=\"color: #0000ff;\">IN ONDA DAL LUNEDI AL VENERDI ALLE 7.10, 10.10, 18.50\u00a0 <\/span><\/strong><\/p>\n<blockquote class=\"wp-embedded-content\" data-secret=\"78w94IRphh\"><p><a href=\"https:\/\/www.radiopiu.net\/wordpress\/terzo-occhio-di-deborah-zerovnik\/\">TERZO OCCHIO DI DEBORAH ZEROVNIK<\/a><\/p><\/blockquote>\n<p><iframe loading=\"lazy\" class=\"wp-embedded-content\" sandbox=\"allow-scripts\" security=\"restricted\" style=\"position: absolute; clip: rect(1px, 1px, 1px, 1px);\" title=\"&#8220;TERZO OCCHIO DI DEBORAH ZEROVNIK&#8221; &#8212; Radio Pi\u00f9\" src=\"https:\/\/www.radiopiu.net\/wordpress\/terzo-occhio-di-deborah-zerovnik\/embed\/#?secret=78w94IRphh\" data-secret=\"78w94IRphh\" width=\"600\" height=\"338\" frameborder=\"0\" marginwidth=\"0\" marginheight=\"0\" scrolling=\"no\"><\/iframe><\/p>\n<h3>LA RACCOLTA COMPLETA<\/h3>\n<blockquote class=\"wp-embedded-content\" data-secret=\"o5NqwhteEc\"><p><a href=\"https:\/\/www.radiopiu.net\/wordpress\/in-vivo-verso\/\">In Vivo Verso<\/a><\/p><\/blockquote>\n<p><iframe loading=\"lazy\" class=\"wp-embedded-content\" sandbox=\"allow-scripts\" security=\"restricted\" style=\"position: absolute; clip: rect(1px, 1px, 1px, 1px);\" title=\"&#8220;In Vivo Verso&#8221; &#8212; Radio Pi\u00f9\" src=\"https:\/\/www.radiopiu.net\/wordpress\/in-vivo-verso\/embed\/#?secret=o5NqwhteEc\" data-secret=\"o5NqwhteEc\" width=\"600\" height=\"338\" frameborder=\"0\" marginwidth=\"0\" marginheight=\"0\" scrolling=\"no\"><\/iframe><\/p>\n<p>&nbsp;<\/p>\n<\/div>\n<\/div>\n<hr \/>\n<blockquote>\n<h3><\/h3>\n<h3>SALUTE E SOCIETA&#8217; IL LUNEDI ALLE 13.10 E ALLE 20.10, LA DOMENICA ALLE 10.30 A CURA DEL DOTTOR MARCO CARACCIOLO. QUINTA STAGIONE<\/h3>\n<\/blockquote>\n<p><strong>LA PUNTATA DELLA SETTIMANA\u00a0 <\/strong>La sindrome delle apnee ostruttive \u00e8 caratterizzata da pause nella respirazione durante il sonno, dovute all\u2019ostruzione parziale o totale delle prime vie aeree. Non c\u2019\u00e8 solo il russamento, per chi soffre di apnee ostruttive del sonno c\u2019\u00e8 anche il problema della eccessiva sonnolenza, difficolt\u00e0 a concentrarsi e a memorizzare e altro ancora. Ne abbiamo parlato con Andrea Romigi, neurologo del centro per la cura dei disturbi del sonno, Istituto neurologico mediterraneo Neuromed di Pozzilli, in provincia di Isernia.<\/p>\n<h3><strong>LA RACCOLTA COMPLETA\u00a0<\/strong><\/h3>\n<p>&nbsp;<\/p>\n<\/div>\n<blockquote class=\"wp-embedded-content\" data-secret=\"L8daJ1oEFU\"><p><a href=\"https:\/\/www.radiopiu.net\/wordpress\/saluteesocieta\/\">Salute e Societ\u00e0<\/a><\/p><\/blockquote>\n<p><iframe loading=\"lazy\" class=\"wp-embedded-content\" sandbox=\"allow-scripts\" security=\"restricted\" style=\"position: absolute; clip: rect(1px, 1px, 1px, 1px);\" title=\"&#8220;Salute e Societ\u00e0&#8221; &#8212; Radio Pi\u00f9\" src=\"https:\/\/www.radiopiu.net\/wordpress\/saluteesocieta\/embed\/#?secret=L8daJ1oEFU\" data-secret=\"L8daJ1oEFU\" width=\"600\" height=\"338\" frameborder=\"0\" marginwidth=\"0\" marginheight=\"0\" scrolling=\"no\"><\/iframe><\/p>\n<p>&nbsp;<\/p>\n<blockquote>\n<h3 class=\"kvgmc6g5 cxmmr5t8 oygrvhab hcukyx3x c1et5uql\"><span style=\"color: #0000ff;\">INFORMAZIONE il canale su TELEGRAM informazione di prima mano e in tempo reale. iscriviti ed aiutaci a farlo conoscere\u00a0<\/span><\/h3>\n<\/blockquote>\n<h2><img loading=\"lazy\" decoding=\"async\" class=\"alignleft\" src=\"https:\/\/www.radiopiu.net\/wordpress\/wp-content\/uploads\/2021\/03\/narr.jpg\" width=\"158\" height=\"105\" \/>007 IN CONDOTTA CON LA PROF. MARIA ROSA SALMAZO IL LUNEDI ALLE 10,30 E ALLE 19.00 LA DOMENICA ALLE 8 DEL MATTINO. NONA STAGIONE<\/h2>\n<p><span style=\"color: #ff0000;\"><strong>PUNTATA DEL 22 MARZO 2021<\/strong><\/span><\/p>\n<p>&nbsp;<\/p>\n<audio class=\"wp-audio-shortcode\" id=\"audio-198447-13\" preload=\"none\" style=\"width: 100%;\" controls=\"controls\"><source type=\"audio\/mpeg\" src=\"https:\/\/www.radiopiu.net\/wordpress\/wp-content\/uploads\/2021\/03\/007-22-marzo.mp3?_=13\" \/><a href=\"https:\/\/www.radiopiu.net\/wordpress\/wp-content\/uploads\/2021\/03\/007-22-marzo.mp3\">https:\/\/www.radiopiu.net\/wordpress\/wp-content\/uploads\/2021\/03\/007-22-marzo.mp3<\/a><\/audio>\n<h2>LA RACCOLTA COMPLETA<\/h2>\n<blockquote class=\"wp-embedded-content\" data-secret=\"I74c4U49ba\"><p><a href=\"https:\/\/www.radiopiu.net\/wordpress\/007incondotta-9\/\">007 in condotta<\/a><\/p><\/blockquote>\n<p><iframe loading=\"lazy\" class=\"wp-embedded-content\" sandbox=\"allow-scripts\" security=\"restricted\" style=\"position: absolute; clip: rect(1px, 1px, 1px, 1px);\" title=\"&#8220;007 in condotta&#8221; &#8212; Radio Pi\u00f9\" src=\"https:\/\/www.radiopiu.net\/wordpress\/007incondotta-9\/embed\/#?secret=I74c4U49ba\" data-secret=\"I74c4U49ba\" width=\"600\" height=\"338\" frameborder=\"0\" marginwidth=\"0\" marginheight=\"0\" scrolling=\"no\"><\/iframe><\/p>\n<blockquote><p>&nbsp;<\/p>\n<p>&nbsp;<\/p><\/blockquote>\n<hr \/>\n<p>&nbsp;<\/p>\n<p>&nbsp;<\/p>\n<div>\n<h2><span style=\"color: #33cccc;\">I RACCONTI DI PAOLO SOPPELSA il lunedi alle 9.30 e 18.30<\/span><\/h2>\n<p><strong>STORIE DI VITA: LA PATENTE<\/strong><\/p>\n<p><em><strong>AUDIO 22 MARZO 2021<\/strong><\/em><\/p>\n<audio class=\"wp-audio-shortcode\" id=\"audio-198447-14\" preload=\"none\" style=\"width: 100%;\" controls=\"controls\"><source type=\"audio\/mpeg\" src=\"https:\/\/www.radiopiu.net\/wordpress\/wp-content\/uploads\/2021\/03\/PAOLO-SOPPELSA-LA-PATENTE.mp3?_=14\" \/><a href=\"https:\/\/www.radiopiu.net\/wordpress\/wp-content\/uploads\/2021\/03\/PAOLO-SOPPELSA-LA-PATENTE.mp3\">https:\/\/www.radiopiu.net\/wordpress\/wp-content\/uploads\/2021\/03\/PAOLO-SOPPELSA-LA-PATENTE.mp3<\/a><\/audio>\n<p>&nbsp;<\/p>\n<p><a href=\"https:\/\/www.radiopiu.net\/wordpress\/i-racconti-di-paolo-soppelsa-sessantasettesima-puntata\/4b14ea47-0125-4ca7-b540-2653f56d5ef5\/\" rel=\"attachment wp-att-198355\"><img loading=\"lazy\" decoding=\"async\" class=\"size-medium wp-image-198355 alignleft\" src=\"https:\/\/www.radiopiu.net\/wordpress\/wp-content\/uploads\/2021\/03\/4b14ea47-0125-4ca7-b540-2653f56d5ef5-254x300.jpg\" alt=\"\" width=\"254\" height=\"300\" srcset=\"https:\/\/www.radiopiu.net\/wordpress\/wp-content\/uploads\/2021\/03\/4b14ea47-0125-4ca7-b540-2653f56d5ef5-254x300.jpg 254w, https:\/\/www.radiopiu.net\/wordpress\/wp-content\/uploads\/2021\/03\/4b14ea47-0125-4ca7-b540-2653f56d5ef5.jpg 722w\" sizes=\"auto, (max-width: 254px) 100vw, 254px\" \/><\/a>La citt\u00e0 di Belluno, quel giorno dell&#8217;antivigilia di Natale del 1995, si svegli\u00f2 ricoperta da una trentina di centimetri di neve. Una bella nevicata che peraltro continu\u00f2 insistente fino al pomeriggio, cos\u00ec a fine evento i centimetri furono quasi cinquanta. Belluno era immersa in un&#8217;atmosfera magica ed io dovevo fare l&#8217;esame pratico della patente. Arrivai alla scuola guida di Via Cavour un p\u00f2 dubbioso sul da farsi. Chiss\u00e0, forse avrebbero rimandato tutto, o forse no, ma se si fosse svolto di certo sarebbe stato un esame un p\u00f2 &#8220;sui generis&#8221;. Trovai il mitico Franco, la Punto giallo limone e una decina di visi perplessi. Franco invece era tranquillo. La perplessit\u00e0 si tramut\u00f2 ben presto in terrore quando Franco annunci\u00f2 solennemente l&#8217;identit\u00e0 dell&#8217;esaminatore. Che per l&#8217;occasione era una esaminatrice, tale signora Maria, a cui occorreva aggiungere il rassicurante appellativo di &#8220;la sanguinaria&#8221;. Terribili leggende urbane aleggiavano nel mondo delle autoscuole: bocciature senza appello per un&#8217;incertezza durante il cambio delle marce. Oppure una manovra senza guardare il fatidico specchietto. Cose cos\u00ec, apparentemente futili, ma intanto la sognata patente rimaneva nelle sue mani. E, forse, sarebbe stata conquistata il mese successivo. Forse. Pochi minuti dopo &#8220;la sanguinaria&#8221; arriv\u00f2 in autoscuola accolta da un gelido silenzio. Qualcuno nel frattempo, pensando alla potente nevicata in corso ed alla &#8220;sanguinaria&#8221;, prefer\u00ec abdicare rimandando l&#8217;esame a tempi migliori. E per un momento pensai che forse sarebbe stata la decisione pi\u00f9 saggia vista la situazione in corso. Svolsi l&#8217;esame per secondo, salendo al volante della Punto giallo limone nel piazzale della pizzeria di Marisiga, al margine sud della piccola citt\u00e0. Mi sedetti al volante e, cercando di mascherare la tensione, misi in scena la manfrina della regolazione sedile\/ specchietti e poi diedi vita alla Punto giallo fastidio. Un comando perentorio giunse dal sedile posteriore: &#8220;Esca dal piazzale e percorra Viale Europa&#8221;. Uscii con cautela dal piazzale, feci un prima-seconda-terza e poi basta marce che non era il caso. Nevicava a dirotto, Franco era una sfinge e la &#8220;sanguinaria&#8221; leggeva il Corriere della Sera. A 30 km\/h il rettilineo non finiva pi\u00f9, per\u00f2 ero relativamente tranquillo perch\u00e9 Franco, prima di partire, mi aveva confidato che &#8220;oggi niente parcheggi&#8221;. Non sono mai stato un mago dei parcheggi ed ero felice di quel &#8220;niente parcheggi&#8221; causa nevicata in corso. Dopo circa tre minuti, intravidi nella tormenta il semaforo della Cerva, dove oggi c&#8217;\u00e8 una rotatoria. Era verde e mi venne quasi da bestemmiare. Mentre mi avvicinavo guardando spesso gli specchietti a caso perch\u00e9 faceva &#8220;seriet\u00e0&#8221;, pregavo che rimanesse verde oppure venisse rosso subito. Ed invece non accadeva nulla. A pochi metri dall&#8217;incrocio ecco il maledetto semaforo che giocava il suo perfido scherzo: divenne giallo come la Punto giallo limone. Fu questione di un attimo: se frenavo, come da prassi, con la neve che c&#8217;era in strada mi sarei fermato in mezzo all&#8217;incrocio. Cos\u00ec decisi di giocarmi il tutto per tutto ed accelerai deciso per sgombrare il crocevia. Un rivolo di sudore mi percorse la schiena. Attendevo rassegnato il &#8220;accosti l&#8217;esame \u00e8 finito torni il mese prossimo&#8221;. Ed invece, da dietro il Corriere della Sera, la voce severa della &#8220;Sanguinaria si fece viva con un severo &#8220;&#8230;se era asciutto la bocciavo, ma vista la situazione ha intrapreso un&#8217;azione corretta. Alla fine del ponte svolti a sinistra\u2026&#8221;. Ci si dava educatamente del &#8220;lei&#8221;, e risposi con un fantozziano &#8220;la ringrazio&#8221;. Mancava solo il &#8220;come \u00e8 umana lei&#8221;. A Cavarzano, in zona Casa di Riposo Maria Gaggia Lante, inversione di marcia. La temibile inversione ad &#8220;U&#8221; da compiere alla perfezione. Per un attimo immaginai di farla con un colpo di freno a mano, che pi\u00f9 o meno avevo un p\u00f2 idea di come fare, ma era decisamente meglio evitare. Dodicimilaseicentoquaratadue sguardi agli specchietti, manovre compiute con finta scioltezza e Franco seduto di fianco impassibile e silenzioso. Non tocc\u00f2 mai i pedali dei doppi comandi il mitico Franco. Giunti di fronte al cimitero di Cusighe da dietro il giornale arriv\u00f2 un perentorio &#8220;&#8230;accosti e si metta in sosta nella piazzola\u2026&#8221;. Ecco, \u00e8 finita pensai. Niente patente a Natale. Tirai il freno a mano e rimasi impalato con la prima inserita e la frizione premuta. La &#8220;sanguinaria&#8221; si alter\u00f2 non poco e con voce grave disse &#8220;&#8230;le ho detto di mettersi in sosta\u2026&#8221;. Franco mi guard\u00f2 e menomale che riuscii a capire. Spensi tutto, tirai ancor di pi\u00f9 il freno a mano e, se l&#8217;avessi avuto a portata di mano, avrei pure messo un cuneo sotto le ruote. Dopo qualche secondo vidi la tanto agognata patente rosa e la penna per firmarla. &#8220;&#8230;firmi e buona giornata. Franco, avanti un&#8217;altro\u2026&#8221;. Scesi felice ed un p\u00f2 stordito dalla Punto giallo limone e salii di corsa sull&#8217;altra Punto che ci seguiva e feci un altro giro per una Belluno sempre pi\u00f9 innevata. Giorgio mi disse &#8220;&#8230;bravo, oggi non era facile\u2026&#8221;. Gli risposi che il mio terrore erano i parcheggi e che alla fine ero stato pure fortunato a trovare neve quella mattina di quasi Natale. Fu un bel regalo la patente rosa: mi attendeva la Panda 750 CL bianca come la neve che cadeva&#8221; a straze&#8221; con le gomme chiodate ed annessi esperimenti di guida sulla neve in un inverno che di neve ne vide un bel p\u00f2. E Maria &#8220;la sanguinaria&#8221;, alla fine, era una esaminatrice davvero in gamba. Precisa, gelida e puntigliosa ma che sapeva, da dietro il suo Corriere della Sera, capire alla perfezione le varie situazioni e giudicare in modo equo e giusto. Arriv\u00f2 cos\u00ec la tanto desiderata patente quel 23 dicembre di venticinque anni fa. E fu un bellissimo Natale.<\/p>\n<h3 class=\"kvgmc6g5 cxmmr5t8 oygrvhab hcukyx3x c1et5uql\"><span style=\"color: #0000ff;\">INFORMAZIONE il canale su TELEGRAM informazione di prima mano e in tempo reale. iscriviti ed aiutaci a farlo conoscere\u00a0<\/span><\/h3>\n<h2><span style=\"color: #33cccc;\"><strong>RACCOLTA COMPLETA<\/strong><\/span><\/h2>\n<blockquote class=\"wp-embedded-content\" data-secret=\"x1BUfUUoEI\"><p><a href=\"https:\/\/www.radiopiu.net\/wordpress\/i-racconti-di-paolo-soppelsa\/\">I racconti di Paolo Soppelsa<\/a><\/p><\/blockquote>\n<p><iframe loading=\"lazy\" class=\"wp-embedded-content\" sandbox=\"allow-scripts\" security=\"restricted\" style=\"position: absolute; clip: rect(1px, 1px, 1px, 1px);\" title=\"&#8220;I racconti di Paolo Soppelsa&#8221; &#8212; Radio Pi\u00f9\" src=\"https:\/\/www.radiopiu.net\/wordpress\/i-racconti-di-paolo-soppelsa\/embed\/#?secret=x1BUfUUoEI\" data-secret=\"x1BUfUUoEI\" width=\"600\" height=\"338\" frameborder=\"0\" marginwidth=\"0\" marginheight=\"0\" scrolling=\"no\"><\/iframe><\/p>\n<\/div>\n<h2><span style=\"color: #ff0000;\">\u00a0<\/span><\/h2>\n<hr \/>\n<h2><\/h2>\n<h2><span style=\"color: #ff0000;\">ALLA RADIO<\/span><\/h2>\n<blockquote><p><strong>CONOSCIAMO I CORI DELLA PROVINCIA,\u00a0 NOVA CANTICA LUCIANO BORIN<\/strong><\/p><\/blockquote>\n<div style=\"width: 640px;\" class=\"wp-video\"><video class=\"wp-video-shortcode\" id=\"video-198447-4\" width=\"640\" height=\"360\" preload=\"metadata\" controls=\"controls\"><source type=\"video\/mp4\" src=\"https:\/\/www.radiopiu.net\/wordpress\/wp-content\/uploads\/2021\/03\/Luciano-Borin-direttore-artistico-della-Nova-Cantica.mp4?_=4\" \/><a href=\"https:\/\/www.radiopiu.net\/wordpress\/wp-content\/uploads\/2021\/03\/Luciano-Borin-direttore-artistico-della-Nova-Cantica.mp4\">https:\/\/www.radiopiu.net\/wordpress\/wp-content\/uploads\/2021\/03\/Luciano-Borin-direttore-artistico-della-Nova-Cantica.mp4<\/a><\/video><\/div>\n<h1>LA RACCOLTA COMPLETA<\/h1>\n<p>&nbsp;<\/p>\n<blockquote class=\"wp-embedded-content\" data-secret=\"1RWFqx0gIz\"><p><a href=\"https:\/\/www.radiopiu.net\/wordpress\/la-corale-di-limana-presenta-liniziativa-solidale-pasquale\/\">LA CORALE DI LIMANA PRESENTA L&#8217;INIZIATIVA SOLIDALE PASQUALE<\/a><\/p><\/blockquote>\n<p><iframe loading=\"lazy\" class=\"wp-embedded-content\" sandbox=\"allow-scripts\" security=\"restricted\" style=\"position: absolute; clip: rect(1px, 1px, 1px, 1px);\" title=\"&#8220;LA CORALE DI LIMANA PRESENTA L&#8217;INIZIATIVA SOLIDALE PASQUALE&#8221; &#8212; Radio Pi\u00f9\" src=\"https:\/\/www.radiopiu.net\/wordpress\/la-corale-di-limana-presenta-liniziativa-solidale-pasquale\/embed\/#?secret=1RWFqx0gIz\" data-secret=\"1RWFqx0gIz\" width=\"600\" height=\"338\" frameborder=\"0\" marginwidth=\"0\" marginheight=\"0\" scrolling=\"no\"><\/iframe><\/p>\n<p>&nbsp;<\/p>\n<p>&nbsp;<\/p>\n<p>&nbsp;<\/p>\n<hr \/>\n<p>&nbsp;<\/p>\n<h2><span style=\"color: #ff0000;\"><a href=\"https:\/\/www.radiopiu.net\/wordpress\/giornale-radiopiu-05-gennaio-2021-direttore-mirko-mezzacasa\/133200401_100838761953611_1258544160541445132_o-2\/\" rel=\"attachment wp-att-183078\"><img loading=\"lazy\" decoding=\"async\" class=\" wp-image-183078 alignleft\" src=\"https:\/\/www.radiopiu.net\/wordpress\/wp-content\/uploads\/2021\/01\/133200401_100838761953611_1258544160541445132_o-1-300x157.jpg\" alt=\"\" width=\"192\" height=\"101\" srcset=\"https:\/\/www.radiopiu.net\/wordpress\/wp-content\/uploads\/2021\/01\/133200401_100838761953611_1258544160541445132_o-1-300x157.jpg 300w, https:\/\/www.radiopiu.net\/wordpress\/wp-content\/uploads\/2021\/01\/133200401_100838761953611_1258544160541445132_o-1.jpg 526w\" sizes=\"auto, (max-width: 192px) 100vw, 192px\" \/><\/a>GOCCE DI FILOSOFIA, CON CHIARA CAU, CON LISA DE LUCA. <\/span><\/h2>\n<h2><span style=\"color: #ff0000;\">TUTTI I GIORNI DAL LUNEDI AL VENERDI ALLE 6.55 E ALLE 18.55<\/span><\/h2>\n<p><strong>PUNTATA 56<\/strong><\/p>\n<audio class=\"wp-audio-shortcode\" id=\"audio-198447-15\" preload=\"none\" style=\"width: 100%;\" controls=\"controls\"><source type=\"audio\/mpeg\" src=\"https:\/\/www.radiopiu.net\/wordpress\/wp-content\/uploads\/2021\/03\/FI1-2.mp3?_=15\" \/><a href=\"https:\/\/www.radiopiu.net\/wordpress\/wp-content\/uploads\/2021\/03\/FI1-2.mp3\">https:\/\/www.radiopiu.net\/wordpress\/wp-content\/uploads\/2021\/03\/FI1-2.mp3<\/a><\/audio>\n<h3>LA RACCOLTA COMPLETA<\/h3>\n<blockquote class=\"wp-embedded-content\" data-secret=\"8ODwDen79c\"><p><a href=\"https:\/\/www.radiopiu.net\/wordpress\/gocce-filosofia\/\">Gocce di filosofia<\/a><\/p><\/blockquote>\n<p><iframe loading=\"lazy\" class=\"wp-embedded-content\" sandbox=\"allow-scripts\" security=\"restricted\" style=\"position: absolute; clip: rect(1px, 1px, 1px, 1px);\" title=\"&#8220;Gocce di filosofia&#8221; &#8212; Radio Pi\u00f9\" src=\"https:\/\/www.radiopiu.net\/wordpress\/gocce-filosofia\/embed\/#?secret=8ODwDen79c\" data-secret=\"8ODwDen79c\" width=\"600\" height=\"338\" frameborder=\"0\" marginwidth=\"0\" marginheight=\"0\" scrolling=\"no\"><\/iframe><\/p>\n<h2><\/h2>\n<p>&nbsp;<\/p>\n<hr \/>\n<p>&nbsp;<\/p>\n<blockquote>\n<h2>FANTASTICHE DOLOMITI, NUOVA STAGIONE. APPUNTAMENTO QUINDICINALE IL GIOVEDI ALLE 10.30 E 19.00<\/h2>\n<\/blockquote>\n<h2><span style=\"color: #ff0000;\">LA UNDICESIMA PUNTATA dell&#8217;11marzo2021<\/span><\/h2>\n<p><strong><a href=\"https:\/\/www.radiopiu.net\/wordpress\/raccolta-completa\/121869645_648442942701436_4748562330148520081_n-2\/\" rel=\"attachment wp-att-196402\"><img loading=\"lazy\" decoding=\"async\" class=\"wp-image-196402 alignleft\" src=\"https:\/\/www.radiopiu.net\/wordpress\/wp-content\/uploads\/2021\/02\/121869645_648442942701436_4748562330148520081_n-1-300x169.jpg\" alt=\"\" width=\"160\" height=\"90\" srcset=\"https:\/\/www.radiopiu.net\/wordpress\/wp-content\/uploads\/2021\/02\/121869645_648442942701436_4748562330148520081_n-1-300x169.jpg 300w, https:\/\/www.radiopiu.net\/wordpress\/wp-content\/uploads\/2021\/02\/121869645_648442942701436_4748562330148520081_n-1-1024x576.jpg 1024w, https:\/\/www.radiopiu.net\/wordpress\/wp-content\/uploads\/2021\/02\/121869645_648442942701436_4748562330148520081_n-1-768x432.jpg 768w, https:\/\/www.radiopiu.net\/wordpress\/wp-content\/uploads\/2021\/02\/121869645_648442942701436_4748562330148520081_n-1-1536x864.jpg 1536w, https:\/\/www.radiopiu.net\/wordpress\/wp-content\/uploads\/2021\/02\/121869645_648442942701436_4748562330148520081_n-1.jpg 1707w\" sizes=\"auto, (max-width: 160px) 100vw, 160px\" \/><\/a>OSPITE IL PRESIDENTE CLAUDIO CANOVA, due giovani veterinari Michele e Maria investono nell&#8217;attivit\u00e0 sostenibile, l&#8217;allevamento delle trote a Piz di Sospirolo<\/strong><\/p>\n<audio class=\"wp-audio-shortcode\" id=\"audio-198447-16\" preload=\"none\" style=\"width: 100%;\" controls=\"controls\"><source type=\"audio\/mpeg\" src=\"https:\/\/www.radiopiu.net\/wordpress\/wp-content\/uploads\/2021\/03\/fantastiche-dolomiti-11-mazo.mp3?_=16\" \/><a href=\"https:\/\/www.radiopiu.net\/wordpress\/wp-content\/uploads\/2021\/03\/fantastiche-dolomiti-11-mazo.mp3\">https:\/\/www.radiopiu.net\/wordpress\/wp-content\/uploads\/2021\/03\/fantastiche-dolomiti-11-mazo.mp3<\/a><\/audio>\n<p>&nbsp;<\/p>\n<h3>LA RACCOLTA COMPLETA<\/h3>\n<p>https:\/\/www.radiopiu.net\/wordpress\/raccolta-completa\/<\/p>\n<p>&nbsp;<\/p>\n<hr \/>\n<p>&nbsp;<\/p>\n<p>&nbsp;<\/p>\n<h2><strong><span style=\"color: #ff0000;\">\u00a0ALLA RADIO<\/span><\/strong><\/h2>\n<div data-offset-key=\"5n5nl-0-0\">\n<h3>Per ricevere gli aggiornamenti in tempo reale delle notizie pubblicate alla radio e sul sito di radio pi\u00f9 iscriviti al gruppo RADIO PIU INFORMAZIONE su Telegram.\u00a0\u00a0<a href=\"https:\/\/t.me\/radiopiu\">clicca qui<\/a><\/h3>\n<p>&nbsp;<\/p>\n<p><strong><a class=\"dt-pswp-item\" href=\"https:\/\/www.radiopiu.net\/wordpress\/wp-content\/uploads\/2020\/01\/logo-csa.jpg\" data-dt-img-description=\"\" data-large_image_width=\"1167\" data-large_image_height=\"574\"><img loading=\"lazy\" decoding=\"async\" class=\"wp-image-113364 alignleft\" src=\"https:\/\/www.radiopiu.net\/wordpress\/wp-content\/uploads\/2020\/01\/logo-csa-300x148.jpg\" alt=\"\" width=\"182\" height=\"90\" srcset=\"https:\/\/www.radiopiu.net\/wordpress\/wp-content\/uploads\/2020\/01\/logo-csa-300x148.jpg 300w, https:\/\/www.radiopiu.net\/wordpress\/wp-content\/uploads\/2020\/01\/logo-csa-1024x504.jpg 1024w, https:\/\/www.radiopiu.net\/wordpress\/wp-content\/uploads\/2020\/01\/logo-csa-768x378.jpg 768w, https:\/\/www.radiopiu.net\/wordpress\/wp-content\/uploads\/2020\/01\/logo-csa.jpg 1167w\" sizes=\"auto, (max-width: 182px) 100vw, 182px\" \/><\/a>AGORDO<\/strong> Appuntamento mensile (primo venerdi del mese) con lo speciale condotto da Claudio<\/p>\n<p>Fontanive, in studio Fabrizio Campedel e Paolo Chissal\u00e8.<\/p>\n<\/div>\n<p>&nbsp;<\/p>\n<p>&nbsp;<\/p>\n<p><strong>PUNTATA DI MARZO<\/strong><\/p>\n<audio class=\"wp-audio-shortcode\" id=\"audio-198447-17\" preload=\"none\" style=\"width: 100%;\" controls=\"controls\"><source type=\"audio\/mpeg\" src=\"https:\/\/www.radiopiu.net\/wordpress\/wp-content\/uploads\/2021\/03\/ca-sol-lux-marzo.mp3?_=17\" \/><a href=\"https:\/\/www.radiopiu.net\/wordpress\/wp-content\/uploads\/2021\/03\/ca-sol-lux-marzo.mp3\">https:\/\/www.radiopiu.net\/wordpress\/wp-content\/uploads\/2021\/03\/ca-sol-lux-marzo.mp3<\/a><\/audio>\n<blockquote>\n<h2>RACCOLTA COMPLETA<\/h2>\n<\/blockquote>\n<blockquote class=\"wp-embedded-content\" data-secret=\"2atd0WEpNq\"><p><a href=\"https:\/\/www.radiopiu.net\/wordpress\/cassa-solidarieta-luxottica-puntata-del-16-ottobre-2020\/\">CASSA SOLIDARIET\u00c0 LUXOTTICA &#8211; PUNTATA DEL 20 NOVEMBRE 2020<\/a><\/p><\/blockquote>\n<p><iframe loading=\"lazy\" class=\"wp-embedded-content\" sandbox=\"allow-scripts\" security=\"restricted\" style=\"position: absolute; clip: rect(1px, 1px, 1px, 1px);\" title=\"&#8220;CASSA SOLIDARIET\u00c0 LUXOTTICA &#8211; PUNTATA DEL 20 NOVEMBRE 2020&#8221; &#8212; Radio Pi\u00f9\" src=\"https:\/\/www.radiopiu.net\/wordpress\/cassa-solidarieta-luxottica-puntata-del-16-ottobre-2020\/embed\/#?secret=2atd0WEpNq\" data-secret=\"2atd0WEpNq\" width=\"600\" height=\"338\" frameborder=\"0\" marginwidth=\"0\" marginheight=\"0\" scrolling=\"no\"><\/iframe><\/p>\n<div><\/div>\n<p>&nbsp;<\/p>\n<p>&nbsp;<\/p>\n<p>&nbsp;<\/p>\n<hr \/>\n<blockquote>\n<h3><a href=\"https:\/\/www.radiopiu.net\/wordpress\/giornale-radiopiu-06-febbraio-2019-direttore-mirko-mezzacasa\/logo_spi-cgil-800x445\/\" rel=\"attachment wp-att-75538\"><img loading=\"lazy\" decoding=\"async\" class=\"wp-image-75538 alignleft\" src=\"https:\/\/www.radiopiu.net\/wordpress\/wp-content\/uploads\/2019\/02\/Logo_Spi-CGIL-800x445-300x167.jpg\" alt=\"\" width=\"210\" height=\"117\" srcset=\"https:\/\/www.radiopiu.net\/wordpress\/wp-content\/uploads\/2019\/02\/Logo_Spi-CGIL-800x445-300x167.jpg 300w, https:\/\/www.radiopiu.net\/wordpress\/wp-content\/uploads\/2019\/02\/Logo_Spi-CGIL-800x445-768x427.jpg 768w, https:\/\/www.radiopiu.net\/wordpress\/wp-content\/uploads\/2019\/02\/Logo_Spi-CGIL-800x445.jpg 800w\" sizes=\"auto, (max-width: 210px) 100vw, 210px\" \/><\/a>ALLA RADIO, APPUNTAMENTO QUINDICINALE CON SPI-CGIL BELLUNO, IN STUDIO MARIA RITA GENTILIN<\/h3>\n<\/blockquote>\n<p><strong>di Claudio Fontanive\u00a0<\/strong><\/p>\n<p>&nbsp;<\/p>\n<p><span style=\"color: #ff0000;\"><strong>PUNTATA DEL 18 MARZO 2021<\/strong><\/span><\/p>\n<audio class=\"wp-audio-shortcode\" id=\"audio-198447-18\" preload=\"none\" style=\"width: 100%;\" controls=\"controls\"><source type=\"audio\/mpeg\" src=\"https:\/\/www.radiopiu.net\/wordpress\/wp-content\/uploads\/2021\/03\/spi-cigl-18-marzo.mp3?_=18\" \/><a href=\"https:\/\/www.radiopiu.net\/wordpress\/wp-content\/uploads\/2021\/03\/spi-cigl-18-marzo.mp3\">https:\/\/www.radiopiu.net\/wordpress\/wp-content\/uploads\/2021\/03\/spi-cigl-18-marzo.mp3<\/a><\/audio>\n<p>&nbsp;<\/p>\n<p>&nbsp;<\/p>\n<hr \/>\n<h1 class=\"filename\"><\/h1>\n<h2><span style=\"color: #ff0000;\">IL NUOVO PROGRAMMA ALLA RADIO\u00a0<\/span><\/h2>\n<p><strong>LA TERZA PUNTATA\u00a0 <em>&#8220;LE TIPOLOGIE DE LADIN&#8221;<\/em><\/strong><\/p>\n<audio class=\"wp-audio-shortcode\" id=\"audio-198447-19\" preload=\"none\" style=\"width: 100%;\" controls=\"controls\"><source type=\"audio\/mpeg\" src=\"https:\/\/www.radiopiu.net\/wordpress\/wp-content\/uploads\/2021\/03\/Pontada-3-Le-tipologie-de-LADIN.mp3?_=19\" \/><a href=\"https:\/\/www.radiopiu.net\/wordpress\/wp-content\/uploads\/2021\/03\/Pontada-3-Le-tipologie-de-LADIN.mp3\">https:\/\/www.radiopiu.net\/wordpress\/wp-content\/uploads\/2021\/03\/Pontada-3-Le-tipologie-de-LADIN.mp3<\/a><\/audio>\n<blockquote>\n<h2>LA RACCOLTA COMPLETA<\/h2>\n<\/blockquote>\n<blockquote class=\"wp-embedded-content\" data-secret=\"8rNXS0Qlip\"><p><a href=\"https:\/\/www.radiopiu.net\/wordpress\/agora-agordina-la-nosta-piaza\/\">AGORA&#8217; AGORDINA&#8230; LA NOSTA PIAZA LADINA.  pagina in aggiornamento continuo<\/a><\/p><\/blockquote>\n<p><iframe loading=\"lazy\" class=\"wp-embedded-content\" sandbox=\"allow-scripts\" security=\"restricted\" style=\"position: absolute; clip: rect(1px, 1px, 1px, 1px);\" title=\"&#8220;AGORA&#8217; AGORDINA&#8230; LA NOSTA PIAZA LADINA.  pagina in aggiornamento continuo&#8221; &#8212; Radio Pi\u00f9\" src=\"https:\/\/www.radiopiu.net\/wordpress\/agora-agordina-la-nosta-piaza\/embed\/#?secret=8rNXS0Qlip\" data-secret=\"8rNXS0Qlip\" width=\"600\" height=\"338\" frameborder=\"0\" marginwidth=\"0\" marginheight=\"0\" scrolling=\"no\"><\/iframe><\/p>\n<p>&nbsp;<\/p>\n<hr \/>\n<p>&nbsp;<\/p>\n<blockquote>\n<h3><a href=\"https:\/\/www.radiopiu.net\/wordpress\/almanacco-ladino-puntata-5-2020\/sn\/\" rel=\"attachment wp-att-180931\"><img loading=\"lazy\" decoding=\"async\" class=\"wp-image-180931 alignleft\" src=\"https:\/\/www.radiopiu.net\/wordpress\/wp-content\/uploads\/2020\/12\/sn-300x194.jpg\" alt=\"\" width=\"181\" height=\"117\" srcset=\"https:\/\/www.radiopiu.net\/wordpress\/wp-content\/uploads\/2020\/12\/sn-300x194.jpg 300w, https:\/\/www.radiopiu.net\/wordpress\/wp-content\/uploads\/2020\/12\/sn.jpg 626w\" sizes=\"auto, (max-width: 181px) 100vw, 181px\" \/><\/a>L&#8217;ALMANACCO LADINO CON L&#8217;ISTITUT CESA DE JAN QUINDICINALE APPUNTAMENTO. LA DOMENICA ALLE 9 IL LUNEDI ALLE 8.35 IL MARTEDI ALLE 12.35 IL MERCOLEDI ALLE 18.35. SECONDA STAGIONE.<\/h3>\n<\/blockquote>\n<p>&nbsp;<\/p>\n<p><strong>RACCOLTA COMPLETA\u00a0<\/strong><\/p>\n<blockquote class=\"wp-embedded-content\" data-secret=\"cWuhixicZ2\"><p><a href=\"https:\/\/www.radiopiu.net\/wordpress\/almanacco-ladino\/\">Almanacco Ladino<\/a><\/p><\/blockquote>\n<p><iframe loading=\"lazy\" class=\"wp-embedded-content\" sandbox=\"allow-scripts\" security=\"restricted\" style=\"position: absolute; clip: rect(1px, 1px, 1px, 1px);\" title=\"&#8220;Almanacco Ladino&#8221; &#8212; Radio Pi\u00f9\" src=\"https:\/\/www.radiopiu.net\/wordpress\/almanacco-ladino\/embed\/#?secret=cWuhixicZ2\" data-secret=\"cWuhixicZ2\" width=\"600\" height=\"338\" frameborder=\"0\" marginwidth=\"0\" marginheight=\"0\" scrolling=\"no\"><\/iframe><\/p>\n<p>&nbsp;<\/p>\n<p>&nbsp;<\/p>\n<hr \/>\n<p>&nbsp;<\/p>\n<div>\n<h2><span style=\"color: #ff0000;\">ALLA RADIO<\/span><\/h2>\n<\/div>\n<div>\n<h2><strong><a href=\"https:\/\/www.radiopiu.net\/wordpress\/giornale-radiopiu-17-marzo-2021-direttore-mirko-mezzacasa\/160935989_1607940962727298_4221035489770854642_o\/\" rel=\"attachment wp-att-197386\"><img loading=\"lazy\" decoding=\"async\" class=\"wp-image-197386 alignleft\" src=\"https:\/\/www.radiopiu.net\/wordpress\/wp-content\/uploads\/2021\/03\/160935989_1607940962727298_4221035489770854642_o-207x300.jpg\" alt=\"\" width=\"134\" height=\"194\" srcset=\"https:\/\/www.radiopiu.net\/wordpress\/wp-content\/uploads\/2021\/03\/160935989_1607940962727298_4221035489770854642_o-207x300.jpg 207w, https:\/\/www.radiopiu.net\/wordpress\/wp-content\/uploads\/2021\/03\/160935989_1607940962727298_4221035489770854642_o.jpg 526w\" sizes=\"auto, (max-width: 134px) 100vw, 134px\" \/><\/a>LE\u00a0 PUNTATE di Luisa Alchini di Leggermente Bellunesi, la domenica alle 11, <span style=\"color: #0000ff;\">IL MARTEDI IN PRIMA EDIZIONE\u00a0<\/span> alle 10.30 e alle 19.00<\/strong><\/h2>\n<\/div>\n<div>\n<div dir=\"auto\">La nostalgia di un antico focolare con il suo dolce calore ,rievocata nel libro di Paolo Farinati dal titolo dialettale &#8220;Intorn al fogh\u00e8r&#8221;<\/div>\n<\/div>\n<div dir=\"auto\"><\/div>\n<div dir=\"auto\"><strong>AUDIO<\/strong><\/div>\n<div>\n<audio class=\"wp-audio-shortcode\" id=\"audio-198447-20\" preload=\"none\" style=\"width: 100%;\" controls=\"controls\"><source type=\"audio\/mpeg\" src=\"https:\/\/www.radiopiu.net\/wordpress\/wp-content\/uploads\/2020\/10\/22leggermentepaolofarinati.mp3?_=20\" \/><a href=\"https:\/\/www.radiopiu.net\/wordpress\/wp-content\/uploads\/2020\/10\/22leggermentepaolofarinati.mp3\">https:\/\/www.radiopiu.net\/wordpress\/wp-content\/uploads\/2020\/10\/22leggermentepaolofarinati.mp3<\/a><\/audio>\n<\/div>\n<blockquote>\n<div>\n<h2><strong style=\"font-size: 14px;\"><span style=\"color: #000000;\">RACCOLTA COMPLETA<\/span><\/strong><\/h2>\n<\/div>\n<blockquote class=\"wp-embedded-content\" data-secret=\"O2cjdISoGe\"><p><a href=\"https:\/\/www.radiopiu.net\/wordpress\/leggermente-20\/\">LEGGERmente&#8230;Bellunesi<\/a><\/p><\/blockquote>\n<p><iframe loading=\"lazy\" class=\"wp-embedded-content\" sandbox=\"allow-scripts\" security=\"restricted\" style=\"position: absolute; clip: rect(1px, 1px, 1px, 1px);\" title=\"&#8220;LEGGERmente&#8230;Bellunesi&#8221; &#8212; Radio Pi\u00f9\" src=\"https:\/\/www.radiopiu.net\/wordpress\/leggermente-20\/embed\/#?secret=O2cjdISoGe\" data-secret=\"O2cjdISoGe\" width=\"600\" height=\"338\" frameborder=\"0\" marginwidth=\"0\" marginheight=\"0\" scrolling=\"no\"><\/iframe><\/p>\n<p>&nbsp;<\/p><\/blockquote>\n<hr \/>\n<p>&nbsp;<\/p>\n<h2><span style=\"color: #ff0000;\"><img decoding=\"async\" class=\"alignleft\" src=\"https:\/\/www.radiopiu.net\/wordpress\/wp-content\/uploads\/2021\/03\/th-5.jpg\" \/><\/span><\/h2>\n<h2><\/h2>\n<h2><span style=\"color: #ff0000;\">ALLA RADIO<\/span><\/h2>\n<h2><span style=\"color: #008000;\">ERBE E PIANTE CURATIVE&#8230;IL\u00a0 PROGRAMMA DI PAOLA LANCIATO<\/span><\/h2>\n<p><strong>SETTIMA\u00a0 PUNTATA &#8211; LA CAMOMILLA<\/strong><\/p>\n<audio class=\"wp-audio-shortcode\" id=\"audio-198447-21\" preload=\"none\" style=\"width: 100%;\" controls=\"controls\"><source type=\"audio\/mpeg\" src=\"https:\/\/www.radiopiu.net\/wordpress\/wp-content\/uploads\/2020\/10\/7-La-Camomilla-M.mp3?_=21\" \/><a href=\"https:\/\/www.radiopiu.net\/wordpress\/wp-content\/uploads\/2020\/10\/7-La-Camomilla-M.mp3\">https:\/\/www.radiopiu.net\/wordpress\/wp-content\/uploads\/2020\/10\/7-La-Camomilla-M.mp3<\/a><\/audio>\n<p><strong>LA RACCOLTA COMPLETA<\/strong><\/p>\n<blockquote class=\"wp-embedded-content\" data-secret=\"bL6rxq5XdG\"><p><a href=\"https:\/\/www.radiopiu.net\/wordpress\/erbe-e-piante-curative\/\">ERBE E PIANTE CURATIVE<\/a><\/p><\/blockquote>\n<p><iframe loading=\"lazy\" class=\"wp-embedded-content\" sandbox=\"allow-scripts\" security=\"restricted\" style=\"position: absolute; clip: rect(1px, 1px, 1px, 1px);\" title=\"&#8220;ERBE E PIANTE CURATIVE&#8221; &#8212; Radio Pi\u00f9\" src=\"https:\/\/www.radiopiu.net\/wordpress\/erbe-e-piante-curative\/embed\/#?secret=bL6rxq5XdG\" data-secret=\"bL6rxq5XdG\" width=\"600\" height=\"338\" frameborder=\"0\" marginwidth=\"0\" marginheight=\"0\" scrolling=\"no\"><\/iframe><\/p>\n<p>&nbsp;<\/p>\n<p>&nbsp;<\/p>\n<div class=\"im_message_wrap clearfix\">\n<div class=\"im_content_message_wrap im_message_out\">\n<hr \/>\n<p>&nbsp;<\/p>\n<\/div>\n<\/div>\n<h2><span style=\"color: #808000;\">DUE MINUTI UN LIBRO\u00a0 TUTTI I GIORNI ALLA RADIO ALLE 9.30 E ALLE 18. QUINTA STAGIONE\u00a0<\/span><\/h2>\n<blockquote class=\"wp-embedded-content\" data-secret=\"LnXeE25AMg\"><p><a href=\"https:\/\/www.radiopiu.net\/wordpress\/piangi-pure\/\">PIANGI PURE<\/a><\/p><\/blockquote>\n<p><iframe loading=\"lazy\" class=\"wp-embedded-content\" sandbox=\"allow-scripts\" security=\"restricted\" style=\"position: absolute; clip: rect(1px, 1px, 1px, 1px);\" title=\"&#8220;PIANGI PURE&#8221; &#8212; Radio Pi\u00f9\" src=\"https:\/\/www.radiopiu.net\/wordpress\/piangi-pure\/embed\/#?secret=LnXeE25AMg\" data-secret=\"LnXeE25AMg\" width=\"600\" height=\"338\" frameborder=\"0\" marginwidth=\"0\" marginheight=\"0\" scrolling=\"no\"><\/iframe><\/p>\n<h3><span style=\"color: #808000;\">\u00a0<\/span>LA RACCOLTA COMPLETA<\/h3>\n<blockquote class=\"wp-embedded-content\" data-secret=\"4KA2xVMt8A\"><p><a href=\"https:\/\/www.radiopiu.net\/wordpress\/due-minuti-un-libro\/\">Due minuti un libro<\/a><\/p><\/blockquote>\n<p><iframe loading=\"lazy\" class=\"wp-embedded-content\" sandbox=\"allow-scripts\" security=\"restricted\" style=\"position: absolute; clip: rect(1px, 1px, 1px, 1px);\" title=\"&#8220;Due minuti un libro&#8221; &#8212; Radio Pi\u00f9\" src=\"https:\/\/www.radiopiu.net\/wordpress\/due-minuti-un-libro\/embed\/#?secret=4KA2xVMt8A\" data-secret=\"4KA2xVMt8A\" width=\"600\" height=\"338\" frameborder=\"0\" marginwidth=\"0\" marginheight=\"0\" scrolling=\"no\"><\/iframe><\/p>\n<p>&nbsp;<\/p>\n<p>&nbsp;<\/p>\n<hr \/>\n<h2>\u00a0IERI ALLA RADIO, FRANCESCO ZILLIO<\/h2>\n<p><iframe loading=\"lazy\" title=\"SERVIZI DI COMUNICAZIONE MEDIANTE SMART PHONE CON APPLICAZIONI PROFESSIONALI\" width=\"1200\" height=\"675\" src=\"https:\/\/www.youtube.com\/embed\/hZrKOddSq2k?start=7&#038;feature=oembed\" frameborder=\"0\" allow=\"accelerometer; autoplay; clipboard-write; encrypted-media; gyroscope; picture-in-picture\" allowfullscreen><\/iframe><\/p>\n<p>&nbsp;<\/p>\n<h3><strong>LA RACCOLTA COMPLETA\u00a0<\/strong><\/h3>\n<blockquote class=\"wp-embedded-content\" data-secret=\"Ows08Vhef4\"><p><a href=\"https:\/\/www.radiopiu.net\/wordpress\/ep-center-video-gallery\/\">EP CENTER video gallery<\/a><\/p><\/blockquote>\n<p><iframe loading=\"lazy\" class=\"wp-embedded-content\" sandbox=\"allow-scripts\" security=\"restricted\" style=\"position: absolute; clip: rect(1px, 1px, 1px, 1px);\" title=\"&#8220;EP CENTER video gallery&#8221; &#8212; Radio Pi\u00f9\" src=\"https:\/\/www.radiopiu.net\/wordpress\/ep-center-video-gallery\/embed\/#?secret=Ows08Vhef4\" data-secret=\"Ows08Vhef4\" width=\"600\" height=\"338\" frameborder=\"0\" marginwidth=\"0\" marginheight=\"0\" scrolling=\"no\"><\/iframe><\/p>\n<p>&nbsp;<\/p>\n<hr \/>\n<div dir=\"auto\">\n<div>\n<h2><span style=\"color: #800080;\"><strong>LA RASSEGNA STAMPA DA L&#8217;AMICO DEL POPOLO\u00a0<\/strong><\/span><\/h2>\n<h3 class=\"kvgmc6g5 cxmmr5t8 oygrvhab hcukyx3x c1et5uql\"><span style=\"color: #0000ff;\"> INFORMAZIONE il canale su TELEGRAM informazione di prima mano e in tempo reale. iscriviti ed aiutaci a farlo conoscere\u00a0<\/span><\/h3>\n<p><strong><a href=\"https:\/\/www.radiopiu.net\/wordpress\/la-rassegna-stampa-da-lamico-del-popolo-20-marzo-2021\/51228051_10218915123975947_5721189105933484032_o\/\" rel=\"attachment wp-att-198250\"><img loading=\"lazy\" decoding=\"async\" class=\" wp-image-198250 alignleft\" src=\"https:\/\/www.radiopiu.net\/wordpress\/wp-content\/uploads\/2021\/03\/51228051_10218915123975947_5721189105933484032_o-300x300.jpg\" alt=\"\" width=\"106\" height=\"106\" srcset=\"https:\/\/www.radiopiu.net\/wordpress\/wp-content\/uploads\/2021\/03\/51228051_10218915123975947_5721189105933484032_o-300x300.jpg 300w, https:\/\/www.radiopiu.net\/wordpress\/wp-content\/uploads\/2021\/03\/51228051_10218915123975947_5721189105933484032_o-1024x1024.jpg 1024w, https:\/\/www.radiopiu.net\/wordpress\/wp-content\/uploads\/2021\/03\/51228051_10218915123975947_5721189105933484032_o-150x150.jpg 150w, https:\/\/www.radiopiu.net\/wordpress\/wp-content\/uploads\/2021\/03\/51228051_10218915123975947_5721189105933484032_o-768x768.jpg 768w, https:\/\/www.radiopiu.net\/wordpress\/wp-content\/uploads\/2021\/03\/51228051_10218915123975947_5721189105933484032_o.jpg 1066w\" sizes=\"auto, (max-width: 106px) 100vw, 106px\" \/><\/a>di Gianni Santomaso<\/strong><\/p>\n<p>OSPITE: Mirko Mezzacasa<\/p>\n<audio class=\"wp-audio-shortcode\" id=\"audio-198447-22\" preload=\"none\" style=\"width: 100%;\" controls=\"controls\"><source type=\"audio\/mpeg\" src=\"https:\/\/www.radiopiu.net\/wordpress\/wp-content\/uploads\/2020\/10\/RASSEGNA-GIANNI-7.mp3?_=22\" \/><a href=\"https:\/\/www.radiopiu.net\/wordpress\/wp-content\/uploads\/2020\/10\/RASSEGNA-GIANNI-7.mp3\">https:\/\/www.radiopiu.net\/wordpress\/wp-content\/uploads\/2020\/10\/RASSEGNA-GIANNI-7.mp3<\/a><\/audio>\n<p>&nbsp;<\/p>\n<p><strong>LA RACCOLTA COMPLETA<\/strong><\/p>\n<blockquote class=\"wp-embedded-content\" data-secret=\"xetxwMEtiM\"><p><a href=\"https:\/\/www.radiopiu.net\/wordpress\/rassegna-stampa-di-gianni-santomaso\/\">Rassegna stampa da l&#8217;amico del popolo &#8211; di Gianni Santomaso<\/a><\/p><\/blockquote>\n<p><iframe loading=\"lazy\" class=\"wp-embedded-content\" sandbox=\"allow-scripts\" security=\"restricted\" style=\"position: absolute; clip: rect(1px, 1px, 1px, 1px);\" title=\"&#8220;Rassegna stampa da l&#8217;amico del popolo &#8211; di Gianni Santomaso&#8221; &#8212; Radio Pi\u00f9\" src=\"https:\/\/www.radiopiu.net\/wordpress\/rassegna-stampa-di-gianni-santomaso\/embed\/#?secret=xetxwMEtiM\" data-secret=\"xetxwMEtiM\" width=\"600\" height=\"338\" frameborder=\"0\" marginwidth=\"0\" marginheight=\"0\" scrolling=\"no\"><\/iframe><\/p>\n<p>&nbsp;<\/p>\n<\/div>\n<\/div>\n<p>&nbsp;<\/p>\n<p><a class=\"mejs-horizontal-volume-slider\" role=\"slider\" aria-label=\"Cursore del volume\" aria-valuemin=\"0\" aria-valuemax=\"100\" aria-valuenow=\"100\"><span class=\"mejs-offscreen\">.\u00a0<\/span><\/a><\/p>\n<hr \/>\n<div>\n<h2><span style=\"color: #000080;\"><a class=\"dt-pswp-item\" href=\"https:\/\/www.radiopiu.net\/wordpress\/wp-content\/uploads\/2020\/10\/pp.jpg\" data-dt-img-description=\"\" data-large_image_width=\"640\" data-large_image_height=\"640\"><img loading=\"lazy\" decoding=\"async\" class=\"wp-image-163678 alignleft\" src=\"https:\/\/www.radiopiu.net\/wordpress\/wp-content\/uploads\/2020\/10\/pp-300x300.jpg\" alt=\"\" width=\"106\" height=\"106\" srcset=\"https:\/\/www.radiopiu.net\/wordpress\/wp-content\/uploads\/2020\/10\/pp-300x300.jpg 300w, https:\/\/www.radiopiu.net\/wordpress\/wp-content\/uploads\/2020\/10\/pp-150x150.jpg 150w, https:\/\/www.radiopiu.net\/wordpress\/wp-content\/uploads\/2020\/10\/pp-125x125.jpg 125w, https:\/\/www.radiopiu.net\/wordpress\/wp-content\/uploads\/2020\/10\/pp-200x200.jpg 200w, https:\/\/www.radiopiu.net\/wordpress\/wp-content\/uploads\/2020\/10\/pp-80x80.jpg 80w, https:\/\/www.radiopiu.net\/wordpress\/wp-content\/uploads\/2020\/10\/pp-480x480.jpg 480w, https:\/\/www.radiopiu.net\/wordpress\/wp-content\/uploads\/2020\/10\/pp.jpg 640w\" sizes=\"auto, (max-width: 106px) 100vw, 106px\" \/><\/a><\/span><\/h2>\n<h2><span style=\"color: #000080;\">DON CESARE, IL PENSIERO DEL GIORNO. ALLA RADIO ALLE 7 DEL MATTINO E ALLE 19.30 DELLA SERA.\u00a0\u00a0<\/span><\/h2>\n<\/div>\n<p>&nbsp;<\/p>\n<p>&nbsp;<\/p>\n<p>&nbsp;<\/p>\n<audio class=\"wp-audio-shortcode\" id=\"audio-198447-23\" preload=\"none\" style=\"width: 100%;\" controls=\"controls\"><source type=\"audio\/mpeg\" src=\"https:\/\/www.radiopiu.net\/wordpress\/wp-content\/uploads\/2021\/03\/cesare-5.mp3?_=23\" \/><a href=\"https:\/\/www.radiopiu.net\/wordpress\/wp-content\/uploads\/2021\/03\/cesare-5.mp3\">https:\/\/www.radiopiu.net\/wordpress\/wp-content\/uploads\/2021\/03\/cesare-5.mp3<\/a><\/audio>\n<p>&nbsp;<\/p>\n<hr \/>\n<p>&nbsp;<\/p>\n<div>\n<p>&nbsp;<\/p>\n<blockquote>\n<h2><a href=\"https:\/\/www.radiopiu.net\/wordpress\/speciale-solidarieta-veneto\/solidarieta-veneto-3\/\" rel=\"attachment wp-att-134366\"><img loading=\"lazy\" decoding=\"async\" class=\"wp-image-134366 alignleft\" src=\"https:\/\/www.radiopiu.net\/wordpress\/wp-content\/uploads\/2020\/05\/solidariet\u00e0-veneto-300x210.jpg\" alt=\"\" width=\"102\" height=\"71\" srcset=\"https:\/\/www.radiopiu.net\/wordpress\/wp-content\/uploads\/2020\/05\/solidariet\u00e0-veneto-300x210.jpg 300w, https:\/\/www.radiopiu.net\/wordpress\/wp-content\/uploads\/2020\/05\/solidariet\u00e0-veneto-1024x717.jpg 1024w, https:\/\/www.radiopiu.net\/wordpress\/wp-content\/uploads\/2020\/05\/solidariet\u00e0-veneto-768x538.jpg 768w, https:\/\/www.radiopiu.net\/wordpress\/wp-content\/uploads\/2020\/05\/solidariet\u00e0-veneto.jpg 1373w\" sizes=\"auto, (max-width: 102px) 100vw, 102px\" \/><\/a>SOLIDARIETA&#8217; VENETO FONDO PENSIONE, IN ONDA IL PRIMO VENERDI DEL MESE ALLE 10.30 E ALLE 19.00 QUINTA STAGIONE<\/h2>\n<\/blockquote>\n<p><strong>AUDIO MARZO 2021<\/strong><\/p>\n<audio class=\"wp-audio-shortcode\" id=\"audio-198447-24\" preload=\"none\" style=\"width: 100%;\" controls=\"controls\"><source type=\"audio\/mpeg\" src=\"https:\/\/www.radiopiu.net\/wordpress\/wp-content\/uploads\/2021\/03\/solidarieta-veneto-marzo.mp3?_=24\" \/><a href=\"https:\/\/www.radiopiu.net\/wordpress\/wp-content\/uploads\/2021\/03\/solidarieta-veneto-marzo.mp3\">https:\/\/www.radiopiu.net\/wordpress\/wp-content\/uploads\/2021\/03\/solidarieta-veneto-marzo.mp3<\/a><\/audio>\n<p>&nbsp;<\/p>\n<blockquote>\n<h2>RACCOLTA COMPLETA<\/h2>\n<\/blockquote>\n<blockquote class=\"wp-embedded-content\" data-secret=\"3RexBs9JOz\"><p><a href=\"https:\/\/www.radiopiu.net\/wordpress\/solidarieta-veneto\/\">Solidariet\u00e0 Veneto<\/a><\/p><\/blockquote>\n<p><iframe loading=\"lazy\" class=\"wp-embedded-content\" sandbox=\"allow-scripts\" security=\"restricted\" style=\"position: absolute; clip: rect(1px, 1px, 1px, 1px);\" title=\"&#8220;Solidariet\u00e0 Veneto&#8221; &#8212; Radio Pi\u00f9\" src=\"https:\/\/www.radiopiu.net\/wordpress\/solidarieta-veneto\/embed\/#?secret=3RexBs9JOz\" data-secret=\"3RexBs9JOz\" width=\"600\" height=\"338\" frameborder=\"0\" marginwidth=\"0\" marginheight=\"0\" scrolling=\"no\"><\/iframe><\/p>\n<p>&nbsp;<\/p>\n<\/div>\n<h3><\/h3>\n<div dir=\"auto\">\n<hr \/>\n<p>&nbsp;<\/p>\n<div>\n<p class=\"photoswipe-wrapper\"><a class=\"dt-pswp-item pspw-wrap-ready\" href=\"https:\/\/i0.wp.com\/www.radiopiu.net\/wordpress\/wp-content\/uploads\/2018\/09\/viabilita.jpeg?ssl=1\" data-dt-img-description=\"\" data-large_image_width=\"800\" data-large_image_height=\"100\"><img loading=\"lazy\" decoding=\"async\" class=\"aligncenter wp-image-61954 size-full\" src=\"https:\/\/i0.wp.com\/www.radiopiu.net\/wordpress\/wp-content\/uploads\/2018\/09\/viabilita.jpeg?resize=800%2C100&amp;ssl=1\" sizes=\"auto, (max-width: 800px) 100vw, 800px\" srcset=\"https:\/\/i0.wp.com\/www.radiopiu.net\/wordpress\/wp-content\/uploads\/2018\/09\/viabilita.jpeg?w=800&amp;ssl=1 800w, https:\/\/i0.wp.com\/www.radiopiu.net\/wordpress\/wp-content\/uploads\/2018\/09\/viabilita.jpeg?resize=300%2C38&amp;ssl=1 300w, https:\/\/i0.wp.com\/www.radiopiu.net\/wordpress\/wp-content\/uploads\/2018\/09\/viabilita.jpeg?resize=768%2C96&amp;ssl=1 768w\" alt=\"\" width=\"800\" height=\"100\" \/><\/a><\/p>\n<\/div>\n<p>&nbsp;<\/p>\n<p><strong>SP 473 CROCE<\/strong> <strong>D&#8217;AUNE<\/strong> Dalle 8 alle 18, dal 23 marzo al 30 aprile compresi sabato domenica e festivi, senso unico alternato regolato da impianto semaforico in comune di Sovramonte per sostituzione barriere di sicurezza<\/p>\n<p><strong>SR 48 DELLE DOLOMITI\u00a0<\/strong>Dal 22 marzo al 30 aprile, dalle 7 alle 18 esclusi sabato domenica e festivi, interruzioni alla viabilit\u00e0 della durata massima di 20 minuti e senso unico alternato regolato da impianto semaforico per messa in sicurezza del versante a monte della strada in comune di Livinallongo<\/p>\n<p><strong>SR 204 BELLUNO MAS<\/strong> dal 22 al 26 marzo in localit\u00e0 Antole istituzione di senso unico alternato regolato da impianto semaforico per messa in sicurezza del ponte<\/p>\n<p><strong>SP 473 CROCE D&#8217;AUNE<\/strong> dal 18 marzo al 15 aprile interdizione totale al traffico in localit\u00e0 Pedavena per ristrutturazione fabbricato. Traffico deviato su Via Trento<\/p>\n<p><strong>SP 473 CROCE D&#8217;AUNE\u00a0<\/strong> dal 18 marzo al 16 aprile, in localit\u00e0 Sarzen, interdizione totale alla viabilit\u00e0 ad eccezione di domeniche e festivi infrasettimanali per lavori di posa canalizzazioni per conto di E-Distribuzione. Transito consentito solo a mezzi pubblici, scolastici e di soccorso<\/p>\n<p><strong>SP 3 VAL IMPERINA\u00a0<\/strong>Dal 20 al 31 marzo, esclusi sabato e domenica, interdizione totale al traffico a fasce orarie tra Forcella Franche e Vallasin per lavori di messa in sicurezza della strada. Le chiusure dalle 8 alle 12:45, dalle 13:45 alle 15:50 e dalle 16:10 alle 17:45<\/p>\n<p><strong>SP 26 DIGOMAN\u00a0<\/strong>dal 22 marzo al 3 aprile interdizione totale al traffico in comune di Rivamonte dalle 8 alle 17, domeniche escluse, per lavori di esbosco schianti Vaia. Negli altri orari senso unico alternato regolato da impianto semaforico.<\/p>\n<p><strong>203 AGORDINA LIVINALLONGO <\/strong>dal 15 marzo per un mese (inclusi festivi e prefestivi) senso unico in localit\u00e0 Ponte Pignazza<\/p>\n<p><strong>SP 251 DELLA VAL DI ZOLDO E CELLINA<\/strong> Istituzione di senso unico alternato regolato da semaforo nel comune di Val di Zoldo per messa in sicurezza della strada<\/p>\n<p><strong>SP 42 CAVALLERA<\/strong> fino a revoca, chiusura della strada nell&#8217;abitato di Perarolo per attivazione emergenza frana &#8220;Busa del Cristo&#8221;<\/p>\n<p><strong>S.P.2 DELLA VALLE DEL MIS\u00a0<\/strong>Interdizione totale al traffico fino a revoca dal km 14,920 (localit\u00e0 Gona Bassa) al km 20,650 (localit\u00e0 Titele) per cedimento della carreggiata<\/p>\n<p><strong>S.P. 5 DI LAMOSANO<\/strong>\u00a0Interdizione totale fino a revoca per presenza di materiale e alberi in strada.<\/p>\n<p><strong>SP 3 DELLA VAL IMPERINA<\/strong> fino a revoca, senso unico alternato regolato a vista in localit\u00e0 Gona di Conedera di Rivamonte per cedimento della carreggiata stradale<\/p>\n<p><strong>PROVINCIALE 2, VALLE DEL MIS KM 9 -14\u00a0 <\/strong>Fino al 30 MARZO dalle 7.30 alle 17.30, sabato e domenica esclusi, senso unico alternato regolato da movieri o a vista, tratti di 100 metri. Ripristino reti lato strada.<\/p>\n<\/div>\n<p><b>\u00a0<\/b><\/p>\n<p>&nbsp;<\/p>\n<div dir=\"auto\">\n<hr \/>\n<p>&nbsp;<\/p>\n<div>\n<p class=\"photoswipe-wrapper\"><a class=\"dt-pswp-item pspw-wrap-ready\" href=\"https:\/\/i0.wp.com\/www.radiopiu.net\/wordpress\/wp-content\/uploads\/2018\/09\/WhatsApp-Image-2018-09-20-at-16.04.06.jpeg?ssl=1\" data-dt-img-description=\"\" data-large_image_width=\"800\" data-large_image_height=\"100\"><img loading=\"lazy\" decoding=\"async\" class=\"aligncenter wp-image-61378 size-full jetpack-lazy-image jetpack-lazy-image--handled\" src=\"https:\/\/i0.wp.com\/www.radiopiu.net\/wordpress\/wp-content\/uploads\/2018\/09\/WhatsApp-Image-2018-09-20-at-16.04.06.jpeg?resize=800%2C100&amp;ssl=1\" sizes=\"auto, (max-width: 800px) 100vw, 800px\" srcset=\"https:\/\/i0.wp.com\/www.radiopiu.net\/wordpress\/wp-content\/uploads\/2018\/09\/WhatsApp-Image-2018-09-20-at-16.04.06.jpeg?w=800&amp;ssl=1 800w, https:\/\/i0.wp.com\/www.radiopiu.net\/wordpress\/wp-content\/uploads\/2018\/09\/WhatsApp-Image-2018-09-20-at-16.04.06.jpeg?resize=300%2C38&amp;ssl=1 300w, https:\/\/i0.wp.com\/www.radiopiu.net\/wordpress\/wp-content\/uploads\/2018\/09\/WhatsApp-Image-2018-09-20-at-16.04.06.jpeg?resize=768%2C96&amp;ssl=1 768w\" alt=\"\" width=\"800\" height=\"100\" data-lazy-loaded=\"1\" \/><\/a><\/p>\n<\/div>\n<p>&nbsp;<\/p>\n<\/div>\n<p><center><b>Martedi 23<\/b><\/center><b>Tempo atteso: <\/b>In prevalenza soleggiato con ciel sereno o poco nuvoloso per il transito di qualche banco di nubi medio-alte al primo mattino e modesti cumuli nelle ore pi\u00f9 calde. Alla sera eventuale maggiore presenza di nubi stratiformi medio-alte su alcuni settori. Atmosfera ancora un po&#8217; fredda di notte, mentre i livelli termici continueranno a risalire di giorno, specie nelle valli.<br \/>\n<b>Precipitazioni: <\/b>Assenti (0%)<br \/>\n<b>Temperature: <\/b>Minime in lieve aumento, salvo locali diminuzione nei settori non pi\u00f9 interessati dal Foehn; massime in generale ripresa a tutte le quote, circa 2\/4\u00b0C in pi\u00f9 rispetto a luned\u00ec. Sono previste punte di 13\/15\u00b0C nei fondovalle prealpini e di 8\/11\u00b0C a 1000\/1200 m. Su Prealpi a 1500 m min -4\u00b0C max 3\u00b0C, a 2000 m min -7\u00b0C max -1\u00b0C. Su Dolomiti a 2000 m min -9\u00b0C max 0\u00b0C, a 3000 m min -12\u00b0C max -8\u00b0C.<br \/>\n<b>Venti: <\/b>Nelle valli deboli\/moderati per brezze, in quota moderati o a tratti tesi settentrionali, 5-15 km\/h a 2000 m, 25-35 km\/h a 3000 m.<\/p>\n<hr \/>\n<p><center><b>Mercoledi 24<\/b><\/center><b>Tempo atteso: <\/b>Giornata splendida, ben soleggiata con cielo sereno, aria tersa e ottima visibilit\u00e0 ovunque, salvo modesti cumuli sulle vette prealpine durante le ore pi\u00f9 calde. Il contesto termico torner\u00e0 a essere primaverile nelle valli, con forte escursione termica diurna; in quota il freddo, del tutto relativo rispetto ai giorni scorsi, sar\u00e0 sempre pi\u00f9 confinato alle quote pi\u00f9 alte.<br \/>\n<b>Precipitazioni: <\/b>Assenti (0%).<br \/>\n<b>Temperature: <\/b>In generale aumento a tutte le quote, anche se le gelate notturne saranno ancora presenti fino nei fondovalle. Sono previste punte di 15\/17\u00b0C nei fondovalle prealpini e di 10\/13\u00b0C a 1000\/1200 m. Su Prealpi a 1500 m min 1\u00b0C max 6\u00b0C, a 2000 m min -1\u00b0C max 2\u00b0C. Su Dolomiti a 2000 m min -4\u00b0C max 3\u00b0C, a 3000 m min -8\u00b0C max -5\u00b0C.<br \/>\n<b>Venti: <\/b>Nelle valli deboli o moderati per brezze, in quota deboli\/moderati settentrionali, a tratti tesi sui 3000 m, ma tendenti ad attenuarsi 5-10 km\/h a 2000 m, 20-30 km\/h a 3000 m.<\/p>\n<hr \/>\n<p><center><b>Giovedi 25<\/b><\/center>Al mattino sereno ovunque, da met\u00e0 giornata in poi arriveranno nubi alte da ovest e nel pomeriggio il cielo risulter\u00e0 temporaneamente velato ovunque, prima che torni a rasserenarsi ovunque in serata. Temperature in aumento, salvo stazionariet\u00e0 delle massime nelle valli. Venti in quota deboli\/moderati settentrionali, in attenuazione con il passare delle ore, deboli moderati per brezze nelle valli.<\/p>\n<hr \/>\n<p><center><b>Venerdi 26<\/b><\/center>Al mattino sole e cielo sereno. Al pomeriggio aumento della nuvolosit\u00e0, anche per stratocumuli via via pi\u00f9 estesi tanto che il cielo risulter\u00e0 molto nuvoloso o coperto da met\u00e0 pomeriggio in poi. Temperature minime in aumento e massime in leggera flessione. Venti deboli o moderati a regime di brezza nelle valli; deboli\/moderati dai quadranti occidentali in quota, in leggero rinforzo a fine giornata. Previsore: R.L.Th.<\/p>\n<p>&nbsp;<\/p>\n<p>&nbsp;<\/p>\n<p><a href=\"https:\/\/www.radiopiu.net\/wordpress\/giornale-radiopiu-15-settembre-2018-direttore-mirko-mezzacasa\/sport-7\/\" rel=\"attachment wp-att-60761\"><img loading=\"lazy\" decoding=\"async\" class=\"wp-image-60761 size-full aligncenter\" src=\"https:\/\/www.radiopiu.net\/wordpress\/wp-content\/uploads\/2018\/09\/sport.jpg\" alt=\"\" width=\"800\" height=\"100\" srcset=\"https:\/\/www.radiopiu.net\/wordpress\/wp-content\/uploads\/2018\/09\/sport.jpg 800w, https:\/\/www.radiopiu.net\/wordpress\/wp-content\/uploads\/2018\/09\/sport-300x38.jpg 300w, https:\/\/www.radiopiu.net\/wordpress\/wp-content\/uploads\/2018\/09\/sport-768x96.jpg 768w\" sizes=\"auto, (max-width: 800px) 100vw, 800px\" \/><\/a><\/p>\n<p>&nbsp;<\/p>\n<blockquote>\n<h3>MARTINA VALMASSOI STABILISCE IL RECORD MONDIALE DELLE 24 ORE DI SALITA CON GLI SCI D&#8217;ALPINISMO<\/h3>\n<\/blockquote>\n<p><a href=\"https:\/\/www.radiopiu.net\/wordpress\/giornale-radiopiu-23-marzo-2021-direttore-mirko-mezzacasa\/8707baa8-87ec-4ea3-a9b0-aee8a63cfa20\/\" rel=\"attachment wp-att-198674\"><img loading=\"lazy\" decoding=\"async\" class=\" wp-image-198674 alignleft\" src=\"https:\/\/www.radiopiu.net\/wordpress\/wp-content\/uploads\/2021\/03\/8707baa8-87ec-4ea3-a9b0-aee8a63cfa20-201x300.jpg\" alt=\"\" width=\"90\" height=\"134\" srcset=\"https:\/\/www.radiopiu.net\/wordpress\/wp-content\/uploads\/2021\/03\/8707baa8-87ec-4ea3-a9b0-aee8a63cfa20-201x300.jpg 201w, https:\/\/www.radiopiu.net\/wordpress\/wp-content\/uploads\/2021\/03\/8707baa8-87ec-4ea3-a9b0-aee8a63cfa20-687x1024.jpg 687w, https:\/\/www.radiopiu.net\/wordpress\/wp-content\/uploads\/2021\/03\/8707baa8-87ec-4ea3-a9b0-aee8a63cfa20-768x1144.jpg 768w, https:\/\/www.radiopiu.net\/wordpress\/wp-content\/uploads\/2021\/03\/8707baa8-87ec-4ea3-a9b0-aee8a63cfa20-1031x1536.jpg 1031w, https:\/\/www.radiopiu.net\/wordpress\/wp-content\/uploads\/2021\/03\/8707baa8-87ec-4ea3-a9b0-aee8a63cfa20.jpg 1074w\" sizes=\"auto, (max-width: 90px) 100vw, 90px\" \/><\/a>Grande giornata quella di ieri per Martina Valmassoi che ha stabilito il nuovo record mondiale delle 24 ore di salita con gli sci d\u2019alpinismo con 17745 metri di dislivello. &#8220;<em>Credo che questo sia di gran lunga il mio risultato pi\u00f9 orgoglioso nella carriera di atleta &#8211; dice Martina &#8211; Ma un ringraziamento speciale va alle persone che erano l\u00ec a sostenermi e a farmi il tifo ha significato il mondo, per la valle in cui vivo, il Cadore, il posto migliore del mondo che con le sue montagne e i suoi panorami mi ha regalato Superpoteri oggi. Agli sponsor che mi hanno sostenuto. A chi ha sempre creduto in me. E alla mia testa, il potere della volont\u00e0 pu\u00f2 portarti lontano<\/em>&#8220;.<\/p>\n<p>&nbsp;<\/p>\n<p>&nbsp;<\/p>\n<hr \/>\n<p>&nbsp;<\/p>\n<blockquote>\n<h2 style=\"text-align: left;\">36\u00b0 RALLY BELLUNESE POSTICIPATO A MAGGIO, SCELTA PONDERATA<\/h2>\n<\/blockquote>\n<p><strong><a href=\"https:\/\/www.radiopiu.net\/wordpress\/giornale-radiopiu-23-marzo-2021-direttore-mirko-mezzacasa\/bellunesedolomitiposticipati-1\/\" rel=\"attachment wp-att-198513\"><img loading=\"lazy\" decoding=\"async\" class=\"size-medium wp-image-198513 alignleft\" src=\"https:\/\/www.radiopiu.net\/wordpress\/wp-content\/uploads\/2021\/03\/BelluneseDolomitiPosticipati-1-300x199.jpg\" alt=\"\" width=\"300\" height=\"199\" srcset=\"https:\/\/www.radiopiu.net\/wordpress\/wp-content\/uploads\/2021\/03\/BelluneseDolomitiPosticipati-1-300x199.jpg 300w, https:\/\/www.radiopiu.net\/wordpress\/wp-content\/uploads\/2021\/03\/BelluneseDolomitiPosticipati-1-1024x680.jpg 1024w, https:\/\/www.radiopiu.net\/wordpress\/wp-content\/uploads\/2021\/03\/BelluneseDolomitiPosticipati-1-768x510.jpg 768w, https:\/\/www.radiopiu.net\/wordpress\/wp-content\/uploads\/2021\/03\/BelluneseDolomitiPosticipati-1-1536x1020.jpg 1536w, https:\/\/www.radiopiu.net\/wordpress\/wp-content\/uploads\/2021\/03\/BelluneseDolomitiPosticipati-1.jpg 2048w\" sizes=\"auto, (max-width: 300px) 100vw, 300px\" \/><\/a> <\/strong><\/p>\n<p><strong>\u00a0<\/strong><\/p>\n<p><strong>BELLUNO<\/strong><\/p>\n<p><strong>di ROBERTO BONA\u00a0<\/strong><\/p>\n<audio class=\"wp-audio-shortcode\" id=\"audio-198447-25\" preload=\"none\" style=\"width: 100%;\" controls=\"controls\"><source type=\"audio\/mpeg\" src=\"https:\/\/www.radiopiu.net\/wordpress\/wp-content\/uploads\/2021\/03\/roberto-bona.mp3?_=25\" \/><a href=\"https:\/\/www.radiopiu.net\/wordpress\/wp-content\/uploads\/2021\/03\/roberto-bona.mp3\">https:\/\/www.radiopiu.net\/wordpress\/wp-content\/uploads\/2021\/03\/roberto-bona.mp3<\/a><\/audio>\n<p>&nbsp;<\/p>\n<hr \/>\n<p>&nbsp;<\/p>\n<blockquote>\n<h3>PRECISAZIONI DAL CENTRO SPORTIVO ITALIANO<\/h3>\n<\/blockquote>\n<p><strong>Allenamenti in zone rosse<\/strong> sono consentiti nelle zone rosse\u00a0 per gli atleti agonisti \u201cche devono partecipare a competizioni ed eventi di preminente interesse nazionale <strong>\u00a0Chiarimenti sull\u2019attivit\u00e0 ciclistica <\/strong>\u00a0in zona rossa, gli atleti CSI possono partecipare a gare ciclistiche organizzate esclusivamente dalla FCI, aperte agli Enti di Promozione Sportiva. <strong>Chiarimenti sugli allenamenti in generale<\/strong> la sospensione degli allenamenti &#8220;tradizionali&#8221; in zona rossa non prevede anche la sospensione degli allenamenti individuali\u00a0 cio\u00e8 per quelli praticati dagli stessi atleti e promossi dalle loro Societ\u00e0 sportive e la copertura assicurativa resta attiva.<\/p>\n<p>&nbsp;<\/p>\n<hr \/>\n<blockquote>\n<h3><\/h3>\n<h3>UN ALTRO RINVIO PER IL CROSS DELLA RIPARTENZA<\/h3>\n<\/blockquote>\n<p><strong>FELTE<\/strong> Rinvio a data da destinarsi del Cross della Ripartenza\u00a0 programmato per domenica 28 marzo. In zona rossa non \u00e8 consentita l\u2019organizzazione di e la partecipazione a eventi.<\/p>\n<p>&nbsp;<\/p>\n","protected":false},"excerpt":{"rendered":"<p>PER RICEVERE QUESTO NOTIZIARIO DIRETTAMENTE SUL TUO CELLULARE ISCRIVITI AL CANALE TELEGRAM \u201cRADIO PIU\u00a0 INFORMAZIONE&#8221;\u00a0 SUPERATI I 3000 ISCRITTI, il CANALE TELEGRAM&#8230; UNISCITI A: RADIO PIU INFORMAZIONE &nbsp; &nbsp; EFFETTI DEL LOCKDOWN&#8230; I DELFINI IN PIAZZA SAN MARCO un video ormai diventato virale, segnalato da Pierantonio Zanchetta ATTENZIONE: LA NUOVA APP PER IOS-IPHONE di Nicola&hellip;<\/p>\n","protected":false},"author":4,"featured_media":198613,"comment_status":"closed","ping_status":"closed","sticky":false,"template":"","format":"standard","meta":{"_monsterinsights_skip_tracking":false,"_monsterinsights_sitenote_active":false,"_monsterinsights_sitenote_note":"","_monsterinsights_sitenote_category":0,"footnotes":""},"categories":[1,51,86,49],"tags":[],"class_list":["post-198447","post","type-post","status-publish","format-standard","has-post-thumbnail","hentry","category-senza-categoria","category-evidenza-top","category-gr","category-news-18","category-1","category-51","category-86","category-49","description-off"],"img_url":"https:\/\/www.radiopiu.net\/wordpress\/wp-content\/uploads\/2021\/03\/3.jpg","_links":{"self":[{"href":"https:\/\/www.radiopiu.net\/wordpress\/wp-json\/wp\/v2\/posts\/198447","targetHints":{"allow":["GET"]}}],"collection":[{"href":"https:\/\/www.radiopiu.net\/wordpress\/wp-json\/wp\/v2\/posts"}],"about":[{"href":"https:\/\/www.radiopiu.net\/wordpress\/wp-json\/wp\/v2\/types\/post"}],"author":[{"embeddable":true,"href":"https:\/\/www.radiopiu.net\/wordpress\/wp-json\/wp\/v2\/users\/4"}],"replies":[{"embeddable":true,"href":"https:\/\/www.radiopiu.net\/wordpress\/wp-json\/wp\/v2\/comments?post=198447"}],"version-history":[{"count":0,"href":"https:\/\/www.radiopiu.net\/wordpress\/wp-json\/wp\/v2\/posts\/198447\/revisions"}],"wp:featuredmedia":[{"embeddable":true,"href":"https:\/\/www.radiopiu.net\/wordpress\/wp-json\/wp\/v2\/media\/198613"}],"wp:attachment":[{"href":"https:\/\/www.radiopiu.net\/wordpress\/wp-json\/wp\/v2\/media?parent=198447"}],"wp:term":[{"taxonomy":"category","embeddable":true,"href":"https:\/\/www.radiopiu.net\/wordpress\/wp-json\/wp\/v2\/categories?post=198447"},{"taxonomy":"post_tag","embeddable":true,"href":"https:\/\/www.radiopiu.net\/wordpress\/wp-json\/wp\/v2\/tags?post=198447"}],"curies":[{"name":"wp","href":"https:\/\/api.w.org\/{rel}","templated":true}]}}