{"id":198678,"date":"2021-03-24T06:00:18","date_gmt":"2021-03-24T05:00:18","guid":{"rendered":"https:\/\/www.radiopiu.net\/wordpress\/?p=198678"},"modified":"2021-03-24T08:29:13","modified_gmt":"2021-03-24T07:29:13","slug":"giornale-radiopiu-24-marzo-2021-direttore-mirko-mezzacasa","status":"publish","type":"post","link":"https:\/\/www.radiopiu.net\/wordpress\/giornale-radiopiu-24-marzo-2021-direttore-mirko-mezzacasa\/","title":{"rendered":"GIORNALE RADIOPIU 24 MARZO 2021 DIRETTORE MIRKO MEZZACASA"},"content":{"rendered":"<h3><a href=\"https:\/\/www.radiopiu.net\/wordpress\/giornale-radiopiu-24-gennaio-2021-direttore-mirko-mezzacasa\/141433770_171616291414874_2957460898102012198_n\/\" rel=\"attachment wp-att-186566\"><img loading=\"lazy\" decoding=\"async\" class=\"wp-image-186566 alignleft\" src=\"https:\/\/www.radiopiu.net\/wordpress\/wp-content\/uploads\/2021\/01\/141433770_171616291414874_2957460898102012198_n-300x300.jpg\" alt=\"\" width=\"144\" height=\"144\" srcset=\"https:\/\/www.radiopiu.net\/wordpress\/wp-content\/uploads\/2021\/01\/141433770_171616291414874_2957460898102012198_n-300x300.jpg 300w, https:\/\/www.radiopiu.net\/wordpress\/wp-content\/uploads\/2021\/01\/141433770_171616291414874_2957460898102012198_n-150x150.jpg 150w, https:\/\/www.radiopiu.net\/wordpress\/wp-content\/uploads\/2021\/01\/141433770_171616291414874_2957460898102012198_n-768x768.jpg 768w, https:\/\/www.radiopiu.net\/wordpress\/wp-content\/uploads\/2021\/01\/141433770_171616291414874_2957460898102012198_n.jpg 800w\" sizes=\"auto, (max-width: 144px) 100vw, 144px\" \/><\/a><\/h3>\n<h3>PER<strong> RICEVERE QUESTO NOTIZIARIO DIRETTAMENTE SUL TUO CELLULARE ISCRIVITI AL CANALE TELEGRAM <\/strong><strong>\u201cRADIO PIU\u00a0 INFORMAZIONE&#8221;\u00a0<\/strong><\/h3>\n<h3>SUPERATI I 3000 ISCRITTI, il CANALE TELEGRAM&#8230; UNISCITI A: RADIO PIU INFORMAZIONE<\/h3>\n<p>&nbsp;<\/p>\n<hr \/>\n<div class=\"kvgmc6g5 cxmmr5t8 oygrvhab hcukyx3x c1et5uql ii04i59q\">\n<div dir=\"auto\"><\/div>\n<div dir=\"auto\"><strong><a href=\"https:\/\/www.radiopiu.net\/wordpress\/giornale-radiopiu-24-marzo-2021-direttore-mirko-mezzacasa\/17ad5a02-2e64-49ae-9b65-43b4956ae5e2\/\" rel=\"attachment wp-att-198931\"><img loading=\"lazy\" decoding=\"async\" class=\"wp-image-198931 alignleft\" src=\"https:\/\/www.radiopiu.net\/wordpress\/wp-content\/uploads\/2021\/03\/17ad5a02-2e64-49ae-9b65-43b4956ae5e2-300x192.jpg\" alt=\"\" width=\"155\" height=\"99\" srcset=\"https:\/\/www.radiopiu.net\/wordpress\/wp-content\/uploads\/2021\/03\/17ad5a02-2e64-49ae-9b65-43b4956ae5e2-300x192.jpg 300w, https:\/\/www.radiopiu.net\/wordpress\/wp-content\/uploads\/2021\/03\/17ad5a02-2e64-49ae-9b65-43b4956ae5e2-1024x657.jpg 1024w, https:\/\/www.radiopiu.net\/wordpress\/wp-content\/uploads\/2021\/03\/17ad5a02-2e64-49ae-9b65-43b4956ae5e2-768x492.jpg 768w, https:\/\/www.radiopiu.net\/wordpress\/wp-content\/uploads\/2021\/03\/17ad5a02-2e64-49ae-9b65-43b4956ae5e2-1536x985.jpg 1536w, https:\/\/www.radiopiu.net\/wordpress\/wp-content\/uploads\/2021\/03\/17ad5a02-2e64-49ae-9b65-43b4956ae5e2.jpg 1600w\" sizes=\"auto, (max-width: 155px) 100vw, 155px\" \/><\/a>OGGI ALLA RADIO&#8230;.<\/strong><\/div>\n<div dir=\"auto\"><span style=\"color: #ff0000;\">ALLE 8.45<\/span> IO NE HO VISTE COSE CHE VOI NON POTRESTE IMMAGINARVI un programma di Pra Claudio terza puntata: verso l&#8217;infinito e oltre <span style=\"color: #ff00ff;\">ALLE 9.00<\/span> QUARTA PUNTATA MUSLA &#8211; Moviment de Union e Standardisazion Linguistica del Agordin\u00a0 <span style=\"color: #0000ff;\">ALLE 10.30<\/span> EP CENTER&#8230; CON FRANCESCO ZILLIO<\/div>\n<\/div>\n<div class=\"o9v6fnle cxmmr5t8 oygrvhab hcukyx3x c1et5uql ii04i59q\">\n<div dir=\"auto\">\n<div><\/div>\n<\/div>\n<\/div>\n<div>\n<hr \/>\n<\/div>\n<p>&nbsp;<\/p>\n<p><em><a href=\"https:\/\/www.radiopiu.net\/wordpress\/giornale-radiopiu-24-gennaio-2021-direttore-mirko-mezzacasa\/79216601_126817312416448_708980208774483089_n\/\" rel=\"attachment wp-att-186567\"><img loading=\"lazy\" decoding=\"async\" class=\"size-medium wp-image-186567 alignright\" src=\"https:\/\/www.radiopiu.net\/wordpress\/wp-content\/uploads\/2021\/01\/79216601_126817312416448_708980208774483089_n-300x114.jpg\" alt=\"\" width=\"300\" height=\"114\" srcset=\"https:\/\/www.radiopiu.net\/wordpress\/wp-content\/uploads\/2021\/01\/79216601_126817312416448_708980208774483089_n-300x114.jpg 300w, https:\/\/www.radiopiu.net\/wordpress\/wp-content\/uploads\/2021\/01\/79216601_126817312416448_708980208774483089_n-768x292.jpg 768w, https:\/\/www.radiopiu.net\/wordpress\/wp-content\/uploads\/2021\/01\/79216601_126817312416448_708980208774483089_n.jpg 820w\" sizes=\"auto, (max-width: 300px) 100vw, 300px\" \/><\/a><span style=\"color: #ff0000;\">ATTENZIONE: LA NUOVA APP PER IOS-IPHONE di Nicola Vettorello <\/span><\/em><a href=\"https:\/\/apps.apple.com\/it\/app\/radio-pi%C3%B9-emittente-agordina\/id1515939845\">https:\/\/apps.apple.com\/it\/app\/radio-pi%C3%B9-emittente-agordina\/id1515939845<\/a><\/p>\n<p><em style=\"color: #ff0000;\">ATTENZIONE: LA NUOVA APP RADIO\u00a0 PER ANDROID di Nicola Vettorello<\/em><\/p>\n<p><a href=\"https:\/\/play.google.com\/store\/apps\/details?id=net.radiopiu.iniko\" target=\"_blank\" rel=\"noopener noreferrer\">https:\/\/play.google.com\/store\/apps\/details?id=net.radiopiu.iniko<\/a><\/p>\n<h2 style=\"text-align: center;\"><\/h2>\n<hr \/>\n<p>&nbsp;<\/p>\n<h2><span style=\"color: #ff0000;\">LA CURIOSITA&#8217;<\/span><\/h2>\n<p><strong>IERI SERA NEI CIELI SOPRA SOSPIROLO<\/strong><\/p>\n<p><strong>SOSPIROLO<\/strong> Questi tre scatti ier alle 19.15\u00a0 sopra Sospirolo. Aerei nel cielo e strani fumogeni verso il basso.<\/p>\n\n\t\t\t<style type='text\/css'>\n\t\t\t\t#gallery-1 {\n\t\t\t\t\tmargin: auto;\n\t\t\t\t}\n\t\t\t\t#gallery-1 .gallery-item {\n\t\t\t\t\tfloat: left;\n\t\t\t\t\tmargin-top: 10px;\n\t\t\t\t\ttext-align: center;\n\t\t\t\t\twidth: 33%;\n\t\t\t\t}\n\t\t\t\t#gallery-1 img {\n\t\t\t\t\tborder: 2px solid #cfcfcf;\n\t\t\t\t}\n\t\t\t\t#gallery-1 .gallery-caption {\n\t\t\t\t\tmargin-left: 0;\n\t\t\t\t}\n\t\t\t\t\/* see gallery_shortcode() in wp-includes\/media.php *\/\n\t\t\t<\/style>\n\t\t<div id='gallery-1' class='dt-gallery-container gallery galleryid-198678 gallery-columns-3 gallery-size-medium'><dl class='gallery-item'>\n\t\t\t\t<dt class='gallery-icon portrait'>\n\t\t\t\t\t<a class=\"rollover rollover-zoom dt-pswp-item\" title=\"d00dc051-30d7-4d52-bf83-ccaf4e559bde\" data-dt-img-description=\"\" data-large_image_width=\"757\" data-large_image_height=\"1600\"href='https:\/\/www.radiopiu.net\/wordpress\/wp-content\/uploads\/2021\/03\/d00dc051-30d7-4d52-bf83-ccaf4e559bde.jpg'><img loading=\"lazy\" decoding=\"async\" width=\"142\" height=\"300\" src=\"https:\/\/www.radiopiu.net\/wordpress\/wp-content\/uploads\/2021\/03\/d00dc051-30d7-4d52-bf83-ccaf4e559bde-142x300.jpg\" class=\"attachment-medium size-medium\" alt=\"\" srcset=\"https:\/\/www.radiopiu.net\/wordpress\/wp-content\/uploads\/2021\/03\/d00dc051-30d7-4d52-bf83-ccaf4e559bde-142x300.jpg 142w, https:\/\/www.radiopiu.net\/wordpress\/wp-content\/uploads\/2021\/03\/d00dc051-30d7-4d52-bf83-ccaf4e559bde-484x1024.jpg 484w, https:\/\/www.radiopiu.net\/wordpress\/wp-content\/uploads\/2021\/03\/d00dc051-30d7-4d52-bf83-ccaf4e559bde-727x1536.jpg 727w, https:\/\/www.radiopiu.net\/wordpress\/wp-content\/uploads\/2021\/03\/d00dc051-30d7-4d52-bf83-ccaf4e559bde.jpg 757w\" sizes=\"auto, (max-width: 142px) 100vw, 142px\" \/><\/a>\n\t\t\t\t<\/dt><\/dl><dl class='gallery-item'>\n\t\t\t\t<dt class='gallery-icon portrait'>\n\t\t\t\t\t<a class=\"rollover rollover-zoom dt-pswp-item\" title=\"b2205869-0ca1-40dc-805d-6cdfc194d141\" data-dt-img-description=\"\" data-large_image_width=\"484\" data-large_image_height=\"1024\"href='https:\/\/www.radiopiu.net\/wordpress\/wp-content\/uploads\/2021\/03\/b2205869-0ca1-40dc-805d-6cdfc194d141.jpg'><img loading=\"lazy\" decoding=\"async\" width=\"142\" height=\"300\" src=\"https:\/\/www.radiopiu.net\/wordpress\/wp-content\/uploads\/2021\/03\/b2205869-0ca1-40dc-805d-6cdfc194d141-142x300.jpg\" class=\"attachment-medium size-medium\" alt=\"\" srcset=\"https:\/\/www.radiopiu.net\/wordpress\/wp-content\/uploads\/2021\/03\/b2205869-0ca1-40dc-805d-6cdfc194d141-142x300.jpg 142w, https:\/\/www.radiopiu.net\/wordpress\/wp-content\/uploads\/2021\/03\/b2205869-0ca1-40dc-805d-6cdfc194d141.jpg 484w\" sizes=\"auto, (max-width: 142px) 100vw, 142px\" \/><\/a>\n\t\t\t\t<\/dt><\/dl><dl class='gallery-item'>\n\t\t\t\t<dt class='gallery-icon portrait'>\n\t\t\t\t\t<a class=\"rollover rollover-zoom dt-pswp-item\" title=\"9af49806-f36e-4b93-8b30-278e96781c0c\" data-dt-img-description=\"\" data-large_image_width=\"484\" data-large_image_height=\"1024\"href='https:\/\/www.radiopiu.net\/wordpress\/wp-content\/uploads\/2021\/03\/9af49806-f36e-4b93-8b30-278e96781c0c.jpg'><img loading=\"lazy\" decoding=\"async\" width=\"142\" height=\"300\" src=\"https:\/\/www.radiopiu.net\/wordpress\/wp-content\/uploads\/2021\/03\/9af49806-f36e-4b93-8b30-278e96781c0c-142x300.jpg\" class=\"attachment-medium size-medium\" alt=\"\" srcset=\"https:\/\/www.radiopiu.net\/wordpress\/wp-content\/uploads\/2021\/03\/9af49806-f36e-4b93-8b30-278e96781c0c-142x300.jpg 142w, https:\/\/www.radiopiu.net\/wordpress\/wp-content\/uploads\/2021\/03\/9af49806-f36e-4b93-8b30-278e96781c0c.jpg 484w\" sizes=\"auto, (max-width: 142px) 100vw, 142px\" \/><\/a>\n\t\t\t\t<\/dt><\/dl><br style=\"clear: both\" \/>\n\t\t\t<\/div>\n\n<p>&nbsp;<\/p>\n<p>&nbsp;<\/p>\n<p>&nbsp;<\/p>\n<hr \/>\n<p>&nbsp;<\/p>\n<blockquote>\n<h1 style=\"text-align: center;\">VENETO IN ROSSO<\/h1>\n<h3>Il Veneto si colora di rosso, scuole chiuse. Stop agli spostamenti se non per inderogabili motivi.<\/h3>\n<\/blockquote>\n<p><a href=\"https:\/\/www.radiopiu.net\/wordpress\/veneto-in-rosso-il-bianco-sardegna-lontano-lo-dice-lincide-rt\/schermata-2021-03-12-alle-17-08-55\/\" rel=\"attachment wp-att-196720\"><img loading=\"lazy\" decoding=\"async\" class=\"alignnone wp-image-196720 size-full\" src=\"https:\/\/www.radiopiu.net\/wordpress\/wp-content\/uploads\/2021\/03\/Schermata-2021-03-12-alle-17.08.55.png\" alt=\"\" width=\"1934\" height=\"340\" srcset=\"https:\/\/www.radiopiu.net\/wordpress\/wp-content\/uploads\/2021\/03\/Schermata-2021-03-12-alle-17.08.55.png 1934w, https:\/\/www.radiopiu.net\/wordpress\/wp-content\/uploads\/2021\/03\/Schermata-2021-03-12-alle-17.08.55-300x53.png 300w, https:\/\/www.radiopiu.net\/wordpress\/wp-content\/uploads\/2021\/03\/Schermata-2021-03-12-alle-17.08.55-1024x180.png 1024w, https:\/\/www.radiopiu.net\/wordpress\/wp-content\/uploads\/2021\/03\/Schermata-2021-03-12-alle-17.08.55-768x135.png 768w, https:\/\/www.radiopiu.net\/wordpress\/wp-content\/uploads\/2021\/03\/Schermata-2021-03-12-alle-17.08.55-1536x270.png 1536w\" sizes=\"auto, (max-width: 1934px) 100vw, 1934px\" \/><\/a><\/p>\n<p><strong>PER GLI SPOSTAMENTI OBBLIGO DI AUTOCERTIFICAZIONE CHE PUOI <a href=\"https:\/\/www.radiopiu.net\/wordpress\/veneto-in-rosso-il-bianco-sardegna-lontano-lo-dice-lincide-rt\/dpcm-autocertificazione-gennaio-2021\/\">SCARICARE QUI<\/a><\/strong><\/p>\n<p>&nbsp;<\/p>\n<p>&nbsp;<\/p>\n<hr \/>\n<p>&nbsp;<\/p>\n<p><strong>SP 3 VAL IMPERINA\u00a0<\/strong>Dal 20 al 31 marzo, esclusi sabato e domenica, interdizione totale al traffico a fasce orarie tra Forcella Franche e Vallasin per lavori di messa in sicurezza della strada. Le chiusure dalle 8 alle 12:45, dalle 13:45 alle 15:50 e dalle 16:10 alle 17:45<\/p>\n<p><strong>SP 3 VAL IMPERINA <\/strong>Dal 24 marzo al 23 aprile (esclusi festivi e prefestivi) interruzioni alla viabilit\u00e0, durata massima 15 minuti (senso unico alternato in altri orari) in prossimit\u00e0 di Gosaldo, Km 13.440<\/p>\n<p><strong>SP 2 VALLE DEL MIS<\/strong> Dal 25 marzo al 9 aprile (sabato e domenica compresi) senso unico alternato al km 23.460 in prossimit\u00e0 di Gosaldo<\/p>\n<p><strong>SP 26 DIGOMAN\u00a0<\/strong>dal 22 marzo al 3 aprile interdizione totale al traffico in comune di Rivamonte dalle 8 alle 17, domeniche escluse, per lavori di esbosco schianti Vaia. Negli altri orari senso unico alternato regolato da impianto semaforico.<\/p>\n<p>&nbsp;<\/p>\n<hr \/>\n<p>&nbsp;<\/p>\n<blockquote><p><em>Le terapie intensive sono sotto pressione, solo ieri i in Italia 551 decessi (105.879 da inizio pandemia), 18.765 casi di positivit\u00e0 (oltre 3 milioni e 400 mila dallo scorso anno). Il tasso di positivit\u00e0 ieri si \u00e8 attestato al 5,6%. La terza ondata in Veneto: 203786 il totale delle persone vaccinate (doppia dose) fino ad oggi somministrati in totale (soprattutto prima dose) 604mila vaccini, solo lunedi 4906 seconde dosi e da oggi con le scorte a disposizione saranno inoculate 25mila fiale al giorno. Negli ospedali, ieri erano occupati 546 posti letto di terapia intensiva su 600 attualmente disponibili (260 pazienti Covid e 286 non Covid).<\/em><\/p><\/blockquote>\n<h3>DUE DECESSI COVID IN ULSS 1 DOLOMITI, 70 NUOVI POSITIVI. IN CALO LE PERSONE ATTUALMENTE POSITIVE MA IN CRESCITA I RICOVERI<\/h3>\n<p><strong>BELLUNO <\/strong>Nelle ultime 24 ore\u00a0 sono stati registrati due decessi covid: un uomo di 77 anni ricoverato in Rianimazione Covid a Belluno e un uomo di 68 anni ricoverato in Pneumologia a Belluno. Nell&#8217;ultima giornata si sono registrate 70 nuove positivit\u00e0, attualmente in provincia di Belluno sono 1331 le persone positive al Covid-19.<\/p>\n<p><strong>Ricoveri \u00a0\u00a0\u00a0\u00a0\u00a0\u00a0\u00a0\u00a0\u00a0\u00a0\u00a0\u00a0\u00a0\u00a0\u00a0\u00a0\u00a0\u00a0\u00a0\u00a0\u00a0\u00a0\u00a0\u00a0\u00a0\u00a0\u00a0\u00a0\u00a0\u00a0\u00a0\u00a0\u00a0 <\/strong><\/p>\n<p><em>(dato alle ore 17.00 fonte: Azienda Zero)<\/em><\/p>\n<p>Le persone attualmente POSITIVE ricoverate negli ospedali dell\u2019Ulss Dolomiti sono:<\/p>\n<table>\n<tbody>\n<tr>\n<td width=\"217\"><strong>\u00a0<\/strong><\/td>\n<td width=\"217\"><strong>Area NON CRITICA<\/strong><\/td>\n<td width=\"217\"><strong>Terapia Intensiva<\/strong><\/td>\n<\/tr>\n<tr>\n<td width=\"217\"><strong>Ospedale di Belluno <\/strong><\/td>\n<td width=\"217\">43<\/td>\n<td width=\"217\">6<\/td>\n<\/tr>\n<tr>\n<td width=\"217\"><strong>Ospedale di Feltre<\/strong><\/td>\n<td width=\"217\">25<\/td>\n<td width=\"217\">3<\/td>\n<\/tr>\n<\/tbody>\n<\/table>\n<p>&nbsp;<\/p>\n<p>Le persone attualmente POSITIVE ricoverate in Ospedale di Comunit\u00e0 sono:<\/p>\n<table>\n<tbody>\n<tr>\n<td width=\"326\"><strong>\u00a0<\/strong><\/td>\n<td width=\"326\"><strong>pazienti attualmente positivi<\/strong><\/td>\n<\/tr>\n<tr>\n<td width=\"326\"><strong>Ospedale di Comunit\u00e0 di BELLUNO<\/strong><\/td>\n<td width=\"326\">10<\/td>\n<\/tr>\n<tr>\n<td width=\"326\"><strong>Ospedale di Comunit\u00e0 di FELTRE<\/strong><\/td>\n<td width=\"326\">1<\/td>\n<\/tr>\n<\/tbody>\n<\/table>\n<p>&nbsp;<\/p>\n<hr \/>\n<p>&nbsp;<\/p>\n<p><strong>AGGIORNAMENTO AL 24 MARZO, ORE 5<\/strong><\/p>\n<p>&nbsp;<\/p>\n<p><a href=\"https:\/\/www.radiopiu.net\/wordpress\/giornale-radiopiu-23-marzo-2021-direttore-mirko-mezzacasa\/b338d52f-9796-4055-8eb4-cd7dfc884bf8\/\" rel=\"attachment wp-att-198559\"><img loading=\"lazy\" decoding=\"async\" class=\" wp-image-198559 alignleft\" src=\"https:\/\/www.radiopiu.net\/wordpress\/wp-content\/uploads\/2021\/03\/b338d52f-9796-4055-8eb4-cd7dfc884bf8-300x180.jpg\" alt=\"\" width=\"247\" height=\"148\" srcset=\"https:\/\/www.radiopiu.net\/wordpress\/wp-content\/uploads\/2021\/03\/b338d52f-9796-4055-8eb4-cd7dfc884bf8-300x180.jpg 300w, https:\/\/www.radiopiu.net\/wordpress\/wp-content\/uploads\/2021\/03\/b338d52f-9796-4055-8eb4-cd7dfc884bf8.jpg 596w\" sizes=\"auto, (max-width: 247px) 100vw, 247px\" \/><\/a><strong>FALCADE<\/strong> 50 positivi\u00a0 (-1) 27 isolamento (+1) <strong>CANALE D&#8217;AGORDO<\/strong> 15 positivi (+2) 8\u00a0 isolamento\u00a0 (-2) VALLADA 2 positivi (-3)\u00a0 2 isolamento (-2)\u00a0 <strong>CENCENIGHE<\/strong> 8 (+2) positivi 8 isolamento (+5) <strong>SAN TOMASO<\/strong> 7 positivi (+2)\u00a0 8 isolamento (+7) <strong>LIVINALLONGO<\/strong> 23\u00a0 positivi (-1) 29 isolamento (+11) <strong>ALLEGHE<\/strong> 12 positivi (+4) 58 isolamento (+12) <strong>AGORDO<\/strong> 18 positivi\u00a0 \u00a015 isolamento (-10) <strong>TAIBON<\/strong> 8 positivi (-2) 13 isolamento (-4)\u00a0 LA VALLE 1 positivo 8 isolamento RIVAMONTE 3 positivi 4 isolamento\u00a0 <strong>GOSALDO<\/strong> 7 positivo (+6) 4 isolamento (+3)\u00a0 <strong>ROCCA PIETORE<\/strong> 17 positivi (+6) 29 isolamento (-3) <strong>COLLE SANTA<\/strong> LUCIA 8 positivi (+2) 10\u00a0 isolamento (+8) <strong>SELVA DI CADORE<\/strong> 21 positivi (+1)\u00a0 28 isolamento (-3)<\/p>\n<div class=\"nc684nl6\"><\/div>\n<p>&nbsp;<\/p>\n<p>&nbsp;<\/p>\n<p>&nbsp;<\/p>\n<hr \/>\n<blockquote>\n<h3><\/h3>\n<h3>&#8220;NO VAX&#8221; LA GIURISPRUDENZA PRENDE FORMA DOPO LA SENTENZA BELLUNESE<\/h3>\n<\/blockquote>\n<p><strong>BELLUNO<\/strong> La recente sentenza del Tribunale di Belluno \u00a0che l\u2019imprenditore pu\u00f2 adottare le misure che ritiene pi\u00f9 congrue.\u00a0Per Andrea Fiocco della FP CGIL la sentenza segna un primo punto di chiarezza sul tema complesso.<\/p>\n<p><strong>ANDREA FIOCCO, FUNZIONE PUBBLICA CGIL<\/strong><\/p>\n<audio class=\"wp-audio-shortcode\" id=\"audio-198678-1\" preload=\"none\" style=\"width: 100%;\" controls=\"controls\"><source type=\"audio\/mpeg\" src=\"https:\/\/www.radiopiu.net\/wordpress\/wp-content\/uploads\/2021\/03\/sentenza-no-vax.mp3?_=1\" \/><a href=\"https:\/\/www.radiopiu.net\/wordpress\/wp-content\/uploads\/2021\/03\/sentenza-no-vax.mp3\">https:\/\/www.radiopiu.net\/wordpress\/wp-content\/uploads\/2021\/03\/sentenza-no-vax.mp3<\/a><\/audio>\n<p>&nbsp;<\/p>\n<p><strong>IERI ALLA RADIO\u00a0<\/strong><\/p>\n<blockquote class=\"wp-embedded-content\" data-secret=\"WutJlUcI6U\"><p><a href=\"https:\/\/www.radiopiu.net\/wordpress\/il-vaccino-a-tutela-del-lavoratore-e-il-giudice-rigetta-il-ricorso-dei-non-vaccinati-e-messi-in-ferie\/\">IL VACCINO A TUTELA DEL LAVORATORE E IL GIUDICE RIGETTA IL RICORSO DEI NON VACCINATI E MESSI IN FERIE<\/a><\/p><\/blockquote>\n<p><iframe loading=\"lazy\" class=\"wp-embedded-content\" sandbox=\"allow-scripts\" security=\"restricted\" style=\"position: absolute; clip: rect(1px, 1px, 1px, 1px);\" title=\"&#8220;IL VACCINO A TUTELA DEL LAVORATORE E IL GIUDICE RIGETTA IL RICORSO DEI NON VACCINATI E MESSI IN FERIE&#8221; &#8212; Radio Pi\u00f9\" src=\"https:\/\/www.radiopiu.net\/wordpress\/il-vaccino-a-tutela-del-lavoratore-e-il-giudice-rigetta-il-ricorso-dei-non-vaccinati-e-messi-in-ferie\/embed\/#?secret=WutJlUcI6U\" data-secret=\"WutJlUcI6U\" width=\"600\" height=\"338\" frameborder=\"0\" marginwidth=\"0\" marginheight=\"0\" scrolling=\"no\"><\/iframe><\/p>\n<p><strong>NOTIZIARIO 4 FEBBRAIO 2021<\/strong><\/p>\n<blockquote class=\"wp-embedded-content\" data-secret=\"kbY4jgVtBW\"><p><a href=\"https:\/\/www.radiopiu.net\/wordpress\/sette-operatori-della-gaggia-lante-rifiutano-il-vaccino\/\">SETTE OPERATORI DELLA GAGGIA LANTE RIFIUTANO IL VACCINO<\/a><\/p><\/blockquote>\n<p><iframe loading=\"lazy\" class=\"wp-embedded-content\" sandbox=\"allow-scripts\" security=\"restricted\" style=\"position: absolute; clip: rect(1px, 1px, 1px, 1px);\" title=\"&#8220;SETTE OPERATORI DELLA GAGGIA LANTE RIFIUTANO IL VACCINO&#8221; &#8212; Radio Pi\u00f9\" src=\"https:\/\/www.radiopiu.net\/wordpress\/sette-operatori-della-gaggia-lante-rifiutano-il-vaccino\/embed\/#?secret=kbY4jgVtBW\" data-secret=\"kbY4jgVtBW\" width=\"600\" height=\"338\" frameborder=\"0\" marginwidth=\"0\" marginheight=\"0\" scrolling=\"no\"><\/iframe><\/p>\n<p>&nbsp;<\/p>\n<p>&nbsp;<\/p>\n<p>&nbsp;<\/p>\n<hr \/>\n<h3><strong>ANCHE VALLADA\u00a0 L&#8217;AUTOVELOX? <em style=\"font-size: 14px; font-weight: normal;\">E&#8217; UNA DELLE IPOTESI PER UN PERICOLOSO TRATTO DI STRADA<\/em><\/strong><\/h3>\n<blockquote><p><strong><a href=\"https:\/\/www.radiopiu.net\/wordpress\/con-linizio-della-scuola-piu-sicurezza-sulle-strade-di-cencenighe\/autovelox-1\/\" rel=\"attachment wp-att-159887\"><img loading=\"lazy\" decoding=\"async\" class=\"wp-image-159887 alignleft\" src=\"https:\/\/www.radiopiu.net\/wordpress\/wp-content\/uploads\/2020\/09\/autovelox-1-300x171.jpg\" alt=\"\" width=\"167\" height=\"95\" srcset=\"https:\/\/www.radiopiu.net\/wordpress\/wp-content\/uploads\/2020\/09\/autovelox-1-300x171.jpg 300w, https:\/\/www.radiopiu.net\/wordpress\/wp-content\/uploads\/2020\/09\/autovelox-1-1024x584.jpg 1024w, https:\/\/www.radiopiu.net\/wordpress\/wp-content\/uploads\/2020\/09\/autovelox-1-768x438.jpg 768w, https:\/\/www.radiopiu.net\/wordpress\/wp-content\/uploads\/2020\/09\/autovelox-1-640x365.jpg 640w, https:\/\/www.radiopiu.net\/wordpress\/wp-content\/uploads\/2020\/09\/autovelox-1.jpg 1217w\" sizes=\"auto, (max-width: 167px) 100vw, 167px\" \/><\/a>VALLADA<\/strong> Un altro autovelox potrebbe aggiungersi\u00a0 a quelli posizionati sul territorio comunale di Falcade, quindi sempre lungo la provinciale 346 del San Pellegrino. Il nuovo rilevatore di velocit\u00e0\u00a0 potrebbe essere collocato tra la galleria delle Anime e Celat, tratto di strada pericoloso con l&#8217;ulteriore insidia degli animali selvatici in passeggiata, non ogni tanto: sempre. Da tempo\u00a0 sono allo studio del Comune e di Veneto Strade possibili soluzioni che potrebbero in qualche modo migliorare la sicurezza per chi si muove verso la Valle del Biois\u00a0 e tra \u00a0le ipotesi\u00a0 anche l&#8217;istallazione di un autovelox.<\/p>\n<p>&nbsp;<\/p><\/blockquote>\n<p>&nbsp;<\/p>\n<hr \/>\n<p>&nbsp;<\/p>\n<blockquote>\n<h3>SI RIBALTA L&#8217;ESCAVATORE, GIOVANE IN GRAVI CONDIZIONI<\/h3>\n<\/blockquote>\n<p><strong><a href=\"https:\/\/www.radiopiu.net\/wordpress\/pedavenainciden\/4a1c598d-c262-440e-88dd-ba24d749347d\/\" rel=\"attachment wp-att-198871\"><img loading=\"lazy\" decoding=\"async\" class=\"size-medium wp-image-198871 alignleft\" src=\"https:\/\/www.radiopiu.net\/wordpress\/wp-content\/uploads\/2021\/03\/4a1c598d-c262-440e-88dd-ba24d749347d-300x225.jpg\" alt=\"\" width=\"300\" height=\"225\" srcset=\"https:\/\/www.radiopiu.net\/wordpress\/wp-content\/uploads\/2021\/03\/4a1c598d-c262-440e-88dd-ba24d749347d-300x225.jpg 300w, https:\/\/www.radiopiu.net\/wordpress\/wp-content\/uploads\/2021\/03\/4a1c598d-c262-440e-88dd-ba24d749347d-1024x768.jpg 1024w, https:\/\/www.radiopiu.net\/wordpress\/wp-content\/uploads\/2021\/03\/4a1c598d-c262-440e-88dd-ba24d749347d-768x576.jpg 768w, https:\/\/www.radiopiu.net\/wordpress\/wp-content\/uploads\/2021\/03\/4a1c598d-c262-440e-88dd-ba24d749347d.jpg 1280w\" sizes=\"auto, (max-width: 300px) 100vw, 300px\" \/><\/a>PEDAVENA<\/strong> Incidente durante i lavori di esbosco in via Venezia. Gabriel De Carli, ventenne del luogo, \u00e8 rimasto schiacciato sotto il proprio escavatore. Il mezzo si \u00e8 ribaltato in prossimit\u00e0 di un fosso nel bosco di propriet\u00e0 del ragazzo che non era solo ed\u00a0 \u00e8 stato elitrasportato a Treviso in gravi condizioni. Sul posto i sanitari del Suem, Vigili del Fuoco e i Carabinieri\u00a0 che si occupano delle indagini. Prima dell\u2019arrivo dei soccorsi il padre di Gabriel De Carli, con un\u2019altra persona \u00e8 riuscito facendo leva\u00a0 con un palo a muovere leggermente il mezzo, quel poco ma sufficiente per poter sfilare il giovane. Il personale sanitario del SUEM ha stabilizzato il ragazzo. I vigili del fuoco hanno messo in sicurezza il mezzo. Le operazioni di soccorso sono terminate dopo circa un\u2019ora.<\/p>\n<p>&nbsp;<\/p>\n<p>&nbsp;<\/p>\n<hr \/>\n<p>&nbsp;<\/p>\n<blockquote>\n<h3>ACC E IDEAL STANDARD ASSIEME CON LE RICHIESTE A PROVINCIA E REGIONE<\/h3>\n<\/blockquote>\n<blockquote><p><em>&#8220;Chiediamo a tutti i sindaci della Provincia di Belluno, al Presidente della Provincia e alla Regione Veneto, di sostenere le richieste di intervento che le organizzazioni sindacali stanno chiedendo al MISE, e di convocare in tempi solerti un Tavolo Provinciale sulle crisi, in cui invitare il Presidente della Regione <img loading=\"lazy\" decoding=\"async\" class=\"alignleft\" src=\"https:\/\/www.radiopiu.net\/wordpress\/wp-content\/uploads\/2020\/03\/SINDACATI-300x300.jpg\" width=\"140\" height=\"140\" \/>Veneto per avere\/cercare impegni chiari sullo sviluppo del settore industriale nel territorio bellunese&#8221;.\u00a0<\/em><\/p><\/blockquote>\n<p><strong>BORGO VALBELLUNA<\/strong> Le crisi di ACC ITALIA srl e di IDEAL STANDARD SRL sono fonte di notevole preoccupazione per i lavoratori e le loro famiglie, per il Comune di Borgo Valbelluna, in cui sono localizzati entrambi gli stabilimenti, e per l\u2019intero tessuto industriale della Provincia di Belluno. L\u2019insieme degli occupati raggiunge le 800 unit\u00e0, senza conteggiare le pesanti ricadute nell\u2019indotto. L\u2019evoluzione della crisi ACC ITALIA \u00e8 monitorata dal Comitato costituito presso il Comune di Borgo Valbelluna. Ad oggi non ci sono risposte sullo stato di difficolt\u00e0 di entrambe le aziende. CGIL-CISL-UIL pongono al territorio Bellunese, alla stessa Regione Veneto un interrogativo e impegno fondamentale: Per ACC ITALIA e IDEAL STANDARD si sostengano le proposte gi\u00e0 messe in campo e si individui una politica specifica per salvare settori produttivi importantissimi per l\u2019economia e per il lavoro del territorio. La Regione espliciti quali siano le linee di politica industriale che vuole attuare, in particolare per il territorio bellunese, per arginare la marginalizzazione economica e industriale della provincia e ridare slancio e prospettiva a questo settore. Queste aziende hanno bisogno di trovare sbocchi nei mercati e nelle filiere europee e internazionale, diversamente si rischia di rimanere distanti dalle linee di investimento e dalle strategie nell\u2019industria.<\/p>\n<p>&nbsp;<\/p>\n<hr \/>\n<p>&nbsp;<\/p>\n<blockquote>\n<h3>ACC MEL: LE SIGLE SINDACALI CHIEDONO UN INCONTRO URGENTE CON IL MINISTRO GIORGETTI<\/h3>\n<\/blockquote>\n<p><strong><a href=\"https:\/\/www.radiopiu.net\/wordpress\/il-ritorno-al-lavoro-dei-licenzati-dai-cinesi\/acc-mel\/\" rel=\"attachment wp-att-145345\"><img loading=\"lazy\" decoding=\"async\" class=\"size-medium wp-image-145345 alignleft\" src=\"https:\/\/www.radiopiu.net\/wordpress\/wp-content\/uploads\/2020\/06\/ACC-MEL-300x300.png\" alt=\"\" width=\"300\" height=\"300\" srcset=\"https:\/\/www.radiopiu.net\/wordpress\/wp-content\/uploads\/2020\/06\/ACC-MEL-300x300.png 300w, https:\/\/www.radiopiu.net\/wordpress\/wp-content\/uploads\/2020\/06\/ACC-MEL-150x150.png 150w, https:\/\/www.radiopiu.net\/wordpress\/wp-content\/uploads\/2020\/06\/ACC-MEL-768x768.png 768w, https:\/\/www.radiopiu.net\/wordpress\/wp-content\/uploads\/2020\/06\/ACC-MEL.png 796w\" sizes=\"auto, (max-width: 300px) 100vw, 300px\" \/><\/a>BORGO VALBELLUNA<\/strong> Fim, Fiom e Uilm di Belluno hanno scritto al Ministro dello sviluppo economico Giancarlo Giorgetti per chiedere un incontro urgente su l&#8217;ACC di Mel.<\/p>\n<p><strong>LA LETTERA<\/strong><\/p>\n<div class=\"page\" title=\"Page 1\">\n<div class=\"layoutArea\">\n<div class=\"column\">\n<blockquote><p>Le segreterie provinciali di Fim-Fiom-Uilm di Belluno insieme a tutte le lavoratrici e i lavoratori della Acc Wanbao in amministrazione straordinaria si rivolgono a Lei per ribadire ancora una volta l\u2019urgenza e la necessita\u0300 di un incontro con tutte le parti coinvolte, sociali e istituzionali per una verifica in merito alla piena applicazione dei nuovi strumenti di supporto finanziario contenuti nel decreto sostegno in favore di Acc e piu\u0300 in generale utili all\u2019obbiettivo industriale di costituzione del polo italiano del compressore Italcomp. Da oltre un anno le lavoratrici e i lavoratori e piu\u0300 in generale tutta la comunita\u0300 bellunese attendono una positiva soluzione alla vertenza, avendo avuto piu\u0300 volte ampie rassicurazioni dalle istituzioni nazionali. A tutte\/i noi e\u0300 chiaro che i tempi di applicazione della nuova norma non sono compatibili con la grave crisi di liquidita\u0300 della nostra Acc, tanto che le retribuzioni per il mese di Marzo rischiano di essere decurtate in modo sensibile. Ci appelliamo quindi a lei Sig. ministro, perche\u0301 l\u2019impegno e la dedizione al lavoro dimostrati fino ad oggi non siano traditi e si tramutino in rabbia e disperazione con le inevitabili drammatiche conseguenze.<\/p><\/blockquote>\n<p>&nbsp;<\/p>\n<p>&nbsp;<\/p>\n<hr \/>\n<p>&nbsp;<\/p>\n<\/div>\n<\/div>\n<\/div>\n<blockquote>\n<h3>ACC, D&#8217;INCA&#8217;: &#8220;IL GOVERNO C&#8217;E&#8217;, LE BANCHE FACCIANO UN PASSO IN AVANTI&#8221;<\/h3>\n<\/blockquote>\n<p><strong><a href=\"https:\/\/www.radiopiu.net\/wordpress\/giornale-radiopiu-13-febbraio-2021-direttore-mirko-mezzacasa\/dinca-5\/\" rel=\"attachment wp-att-190918\"><img loading=\"lazy\" decoding=\"async\" class=\"size-medium wp-image-190918 alignleft\" src=\"https:\/\/www.radiopiu.net\/wordpress\/wp-content\/uploads\/2021\/02\/dinca-300x300.jpg\" alt=\"\" width=\"300\" height=\"300\" srcset=\"https:\/\/www.radiopiu.net\/wordpress\/wp-content\/uploads\/2021\/02\/dinca-300x300.jpg 300w, https:\/\/www.radiopiu.net\/wordpress\/wp-content\/uploads\/2021\/02\/dinca-1024x1024.jpg 1024w, https:\/\/www.radiopiu.net\/wordpress\/wp-content\/uploads\/2021\/02\/dinca-150x150.jpg 150w, https:\/\/www.radiopiu.net\/wordpress\/wp-content\/uploads\/2021\/02\/dinca-768x767.jpg 768w, https:\/\/www.radiopiu.net\/wordpress\/wp-content\/uploads\/2021\/02\/dinca.jpg 1080w\" sizes=\"auto, (max-width: 300px) 100vw, 300px\" \/><\/a>ROMA <\/strong>\u201c<em>Il Governo ha confermato il proprio impegno nei confronti dello stabilimento ACC di Borgo Valbelluna e ha dimostrato, tramite il decreto Sostegni, di credere fortemente nel progetto Italcomp: adesso \u00e8 importante che gli istituti di credito intervengano per dare continuit\u00e0 all\u2019azienda di Mel e per portare alla luce il nuovo polo del compressore che segner\u00e0 un importante rilancio industriale coinvolgendo anche la Ex Embraco di Riva di Chieri<\/em>\u201d. Lo afferma Federico D\u2019Inc\u00e0, Ministro per i Rapporti con il Parlamento, lanciando un appello agli istituti di credito e ribadendo l\u2019intervento del Governo per il sostegno alle imprese contenuto nell\u2019ultimo Decreto Sostegni. \u201c<em>Ho parlato nuovamente con il Ministro dello Sviluppo Economico Giorgetti \u2013 prosegue D\u2019Inc\u00e0 \u2013 e con lui abbiamo convenuto sull\u2019importanza di un intervento da parte degli istituti bancari: un\u2019azione che dia fiducia all\u2019intero progetto e che segua la dimostrazione data dallo Stato nei confronti del nostro territorio e dell\u2019intero Paese. Ricordo che il provvedimento prevede un\u2019ulteriore modalit\u00e0 operativa di finanziamento con una diretta concessione di prestiti anche alle aziende in amministrazione straordinaria, grazie a un fondo complessivo di 200 milioni di euro<\/em>\u201d. Il Ministro D\u2019Inc\u00e0 ricorda che &#8220;<em>il nostro territorio, nel corso degli anni, ha saputo contribuire notevolmente nei confronti degli istituti economici grazie all\u2019attenzione e ai sacrifici di moltissimi risparmiatori e, allo stesso tempo, ha sofferto anche le conseguenze legate al crack di due importanti banche popolari: \u00e8 il momento che questa fiducia sia ripagata, credendo in un concreto progetto industriale su cui lo Stato ha sempre dimostrato estrema attenzione<\/em>\u201d.<\/p>\n<p>&nbsp;<\/p>\n<h3><b>IDEAL STANDARD, D\u2019INCA\u2019: TAVOLO AL MISE IL PROSSIMO 30 MARZO <\/b><\/h3>\n<p><strong>ROMA<\/strong> \u201c<em>Il prossimo 30 marzo alle 15 si terr\u00e0 al Mise un tavolo su Ideal Standard alla presenza dei vertici dell\u2019azienda, dei sindacati e della Regione Veneto. Un importante risultato arrivato dopo giorni in cui ho promosso continuamente la necessit\u00e0 di un incontro per un tavolo tecnico al Ministero dello Sviluppo Economico per coinvolgere immediatamente tutte le parti interessate. Seguo da tempo questa crisi con estrema vicinanza: il sito si trova nel mio stesso Comune, ne conosco l\u2019importanza e comprendo le preoccupazioni dei 470 lavoratori con cui mi sono confrontato nel tempo, vivendo il territorio giorno per giorno. Lo stabilimento di Trichiana, unico sito produttivo in Italia, vanta una tradizione notevole nel settore della ceramica grazie anche alla professionalit\u00e0 dei propri dipendenti che, come nel caso dell\u2019ACC, hanno sempre dimostrato un\u2019estrema dedizione al proprio lavoro. Il Governo, con la convocazione di questo tavolo, dimostra di voler comprendere in maniera precisa le intenzioni della propriet\u00e0 sul futuro dell\u2019azienda. Servono immediate certezze sulla salvaguardia della continuit\u00e0 produttiva e occupazionale<\/em>\u201d: lo dichiara in una nota il Ministro per i Rapporti con il Parlamento Federico D\u2019Inc\u00e0.<\/p>\n<p>&nbsp;<\/p>\n<p>&nbsp;<\/p>\n<hr \/>\n<p>&nbsp;<\/p>\n<blockquote>\n<h1>LA STORIA DI ANNA, HA COMMOSSO E DATO SFOGO ALLE STORIE DI INEFFICIENZA DEL SISTEMA SANITARIO PUBBLICO<\/h1>\n<\/blockquote>\n<h3>LE PERSONE CHE SOFFRONO PER DIRITTI NON SEMPRE RICONOSCIUTI<\/h3>\n<p><strong><a href=\"https:\/\/www.radiopiu.net\/wordpress\/quando-i-bambini\/bambin-i\/\" rel=\"attachment wp-att-143165\"><img loading=\"lazy\" decoding=\"async\" class=\"size-medium wp-image-143165 alignleft\" src=\"https:\/\/www.radiopiu.net\/wordpress\/wp-content\/uploads\/2020\/06\/BAMBIN-I-300x200.jpg\" alt=\"\" width=\"300\" height=\"200\" srcset=\"https:\/\/www.radiopiu.net\/wordpress\/wp-content\/uploads\/2020\/06\/BAMBIN-I-300x200.jpg 300w, https:\/\/www.radiopiu.net\/wordpress\/wp-content\/uploads\/2020\/06\/BAMBIN-I-768x512.jpg 768w, https:\/\/www.radiopiu.net\/wordpress\/wp-content\/uploads\/2020\/06\/BAMBIN-I.jpg 960w\" sizes=\"auto, (max-width: 300px) 100vw, 300px\" \/><\/a>AGORDO<\/strong><\/p>\n<p>di Gianni Santomaso<\/p>\n<audio class=\"wp-audio-shortcode\" id=\"audio-198678-2\" preload=\"none\" style=\"width: 100%;\" controls=\"controls\"><source type=\"audio\/mpeg\" src=\"https:\/\/www.radiopiu.net\/wordpress\/wp-content\/uploads\/2021\/03\/GIANNI-LE-PERSONE-CHE-SOFFRONO-PER-DIRITTI-NON-SEMPRE-RICONOSCIUTI.mp3?_=2\" \/><a href=\"https:\/\/www.radiopiu.net\/wordpress\/wp-content\/uploads\/2021\/03\/GIANNI-LE-PERSONE-CHE-SOFFRONO-PER-DIRITTI-NON-SEMPRE-RICONOSCIUTI.mp3\">https:\/\/www.radiopiu.net\/wordpress\/wp-content\/uploads\/2021\/03\/GIANNI-LE-PERSONE-CHE-SOFFRONO-PER-DIRITTI-NON-SEMPRE-RICONOSCIUTI.mp3<\/a><\/audio>\n<p>&nbsp;<\/p>\n<h3>IN BALIA DI SE STESSI REALTA&#8217; NASCOSTE E SCONOSCIUTE<\/h3>\n<p><strong><a href=\"https:\/\/www.radiopiu.net\/wordpress\/lunedi-riapre-lasilo-girotondo-di-cencenighe\/mani-bambini\/\" rel=\"attachment wp-att-164891\"><img loading=\"lazy\" decoding=\"async\" class=\"size-medium wp-image-164891 alignleft\" src=\"https:\/\/www.radiopiu.net\/wordpress\/wp-content\/uploads\/2020\/10\/mani-bambini-300x200.jpg\" alt=\"\" width=\"300\" height=\"200\" srcset=\"https:\/\/www.radiopiu.net\/wordpress\/wp-content\/uploads\/2020\/10\/mani-bambini-300x200.jpg 300w, https:\/\/www.radiopiu.net\/wordpress\/wp-content\/uploads\/2020\/10\/mani-bambini-1024x683.jpg 1024w, https:\/\/www.radiopiu.net\/wordpress\/wp-content\/uploads\/2020\/10\/mani-bambini-768x512.jpg 768w, https:\/\/www.radiopiu.net\/wordpress\/wp-content\/uploads\/2020\/10\/mani-bambini-1536x1024.jpg 1536w, https:\/\/www.radiopiu.net\/wordpress\/wp-content\/uploads\/2020\/10\/mani-bambini.jpg 1920w\" sizes=\"auto, (max-width: 300px) 100vw, 300px\" \/><\/a>AGORDO<\/strong><\/p>\n<p>di Gianni Santomaso<\/p>\n<audio class=\"wp-audio-shortcode\" id=\"audio-198678-3\" preload=\"none\" style=\"width: 100%;\" controls=\"controls\"><source type=\"audio\/mpeg\" src=\"https:\/\/www.radiopiu.net\/wordpress\/wp-content\/uploads\/2021\/03\/GIANNI-IN-BALIA-DI-SE-STESSI-REALTA-NASCOSTE-E-SCONOSCIUTE.mp3?_=3\" \/><a href=\"https:\/\/www.radiopiu.net\/wordpress\/wp-content\/uploads\/2021\/03\/GIANNI-IN-BALIA-DI-SE-STESSI-REALTA-NASCOSTE-E-SCONOSCIUTE.mp3\">https:\/\/www.radiopiu.net\/wordpress\/wp-content\/uploads\/2021\/03\/GIANNI-IN-BALIA-DI-SE-STESSI-REALTA-NASCOSTE-E-SCONOSCIUTE.mp3<\/a><\/audio>\n<p>&nbsp;<\/p>\n<p>&nbsp;<\/p>\n<hr \/>\n<p>&nbsp;<\/p>\n<blockquote>\n<h3>QUEL NUMERO PER CHIEDERE CHIARIMENTI CHE SUONA LIBERO&#8230;OPPURE OCCUPATO<\/h3>\n<\/blockquote>\n<p><strong><a href=\"https:\/\/www.radiopiu.net\/wordpress\/quel-numero-per-chiedere-chiarimenti-che-suona-libero-oppure-occupato\/headphones-24540_960_720\/\" rel=\"attachment wp-att-198796\"><img loading=\"lazy\" decoding=\"async\" class=\" wp-image-198796 alignleft\" src=\"https:\/\/www.radiopiu.net\/wordpress\/wp-content\/uploads\/2021\/03\/headphones-24540_960_720-262x300.png\" alt=\"\" width=\"151\" height=\"173\" srcset=\"https:\/\/www.radiopiu.net\/wordpress\/wp-content\/uploads\/2021\/03\/headphones-24540_960_720-262x300.png 262w, https:\/\/www.radiopiu.net\/wordpress\/wp-content\/uploads\/2021\/03\/headphones-24540_960_720.png 628w\" sizes=\"auto, (max-width: 151px) 100vw, 151px\" \/><\/a>ROCCA PIETORE<\/strong> Centossessantadue telefonate <em>&#8220;Le ho contate quando mi sono resa conto che i tentativi andavano sempre a vuoto&#8221;. <\/em>Una dietro l&#8217;altra, a distanza di tre giorni, mai una risposta.<em> &#8220;Il telefono o suonava a vuoto, oppure occupato, mai una risposta n\u00e8 a me n\u00e8 a mia sorella&#8221;<\/em>. Inizia da qui il racconto di Alba, uno sfogo che non vuole puntare il dito contro nessuno in questo periodo di emergenza ma richiamare l&#8217;attenzione della Direzione Sanitaria che magari non \u00e8 al corrente di questa problematica.<em> &#8220;Cos\u00ec almeno se capita anche ad altri sono preparati&#8221;.<\/em> Detto dello sfogo veniamo alla vicenda. Alba abita a Digonera ed \u00e8 fortunata, pu\u00f2 ancora abbracciare il suo pap\u00e0 di 98 anni che vuole farsi il vaccino. <em>&#8220;Siamo stati convocati regolarmente &#8211; racconta la figlia &#8211; ma mio padre non \u00e8 in grado di spostarsi deambulando in autonomia. Per questo sulla lettera \u00e8 riportato un numero da chiamare in caso di problematiche come le nostre&#8221;.<\/em> Qui inizia l&#8217;odissea, tre giorni di telefonate in attesa di una risposta mai arrivata, poi la rassegnazione.<em> &#8220;Fortunatamente ci ha pensato il medico di famiglia, che ha inviato un mail e mi ha assicurato che a breve pap\u00e0 sar\u00e0 vaccinato&#8221;.\u00a0<\/em><\/p>\n<p>&nbsp;<\/p>\n<p>&nbsp;<\/p>\n<p>&nbsp;<\/p>\n<hr \/>\n<p>&nbsp;<\/p>\n<blockquote>\n<h3>PASSI AVANTI DI LUXOTTICA NELL&#8217;ACQUISTO DI GRAND VISION<\/h3>\n<\/blockquote>\n<p><strong><a href=\"https:\/\/www.radiopiu.net\/wordpress\/essilor-luxottica-continua-la-via-legale-sul-caso-grandvision\/essilor-grandvision\/\" rel=\"attachment wp-att-159137\"><img loading=\"lazy\" decoding=\"async\" class=\"size-medium wp-image-159137 alignleft\" src=\"https:\/\/www.radiopiu.net\/wordpress\/wp-content\/uploads\/2020\/09\/ESSILOR-GRANDVISION-300x300.jpg\" alt=\"\" width=\"300\" height=\"300\" srcset=\"https:\/\/www.radiopiu.net\/wordpress\/wp-content\/uploads\/2020\/09\/ESSILOR-GRANDVISION-300x300.jpg 300w, https:\/\/www.radiopiu.net\/wordpress\/wp-content\/uploads\/2020\/09\/ESSILOR-GRANDVISION.jpg 1024w, https:\/\/www.radiopiu.net\/wordpress\/wp-content\/uploads\/2020\/09\/ESSILOR-GRANDVISION-150x150.jpg 150w, https:\/\/www.radiopiu.net\/wordpress\/wp-content\/uploads\/2020\/09\/ESSILOR-GRANDVISION-768x768.jpg 768w, https:\/\/www.radiopiu.net\/wordpress\/wp-content\/uploads\/2020\/09\/ESSILOR-GRANDVISION-125x125.jpg 125w, https:\/\/www.radiopiu.net\/wordpress\/wp-content\/uploads\/2020\/09\/ESSILOR-GRANDVISION-200x200.jpg 200w, https:\/\/www.radiopiu.net\/wordpress\/wp-content\/uploads\/2020\/09\/ESSILOR-GRANDVISION-80x80.jpg 80w, https:\/\/www.radiopiu.net\/wordpress\/wp-content\/uploads\/2020\/09\/ESSILOR-GRANDVISION-480x480.jpg 480w\" sizes=\"auto, (max-width: 300px) 100vw, 300px\" \/><\/a>CHARENTON-LE-PONT (FRANCIA) <\/strong>EssilorLuxottica conferma che la Commissione Europea ha autorizzato l&#8217;acquisizione di GrandVision dopo una lunga e approfondita analisi, in parte rallentata dagli effetti della pandemia da COVID-19. L\u2019autorizzazione dell\u2019operazione \u00e8 condizionata alla cessione di un totale di circa 350 punti vendita tra Belgio, Olanda e Italia come riportato qui di seguito: In Belgio, verr\u00e0 ceduta la catena GrandOptical composta da 35 punti vendita, senza il relativo marchio. L&#8217;acquirente beneficer\u00e0 di una licenza per l\u2019uso del marchio GrandOptical per il periodo necessario per il rebranding della catena con un marchio di titolarit\u00e0 dell\u2019acquirente; In Italia, un totale di 174 punti vendita che comprende l&#8217;intera catena VistaS\u00ec di EssilorLuxottica congiuntamente a 72 punti vendita a insegna \u201cGrandVision by\u201d. Il brand VistaS\u00ec sar\u00e0 oggetto di cessione e i punti vendita \u201cGrandVision by\u201d saranno oggetto di rebranding a marchio VistaS\u00ec o a diverso marchio di titolarit\u00e0 dell&#8217;acquirente; In Olanda, 142 punti vendita della catena EyeWish, congiuntamente al relativo marchio. I restanti punti vendita della catena EyeWish che rimarranno in capo a EssilorLuxottica saranno a loro volta oggetto di rebranding. La finalizzazione dell\u2019operazione dipende dall\u2019approvazione delle autorit\u00e0 antitrust in Cile e Turchia ed \u00e8 soggetta all\u2019esito dei procedimenti giudiziali pendenti.<\/p>\n<p>&nbsp;<\/p>\n<p>&nbsp;<\/p>\n<hr \/>\n<p>&nbsp;<\/p>\n<blockquote>\n<h3>COLONNA DI FUMO SOTTO ALLE PALE DI SAN LUCANO<\/h3>\n<\/blockquote>\n<p><strong>TAIBON<\/strong>\u00a0 Nel tardo pomeriggio di ieri una colonna di fumo si \u00e8 alzata dal bosco sopra Villanova. Sul posto con l&#8217;agente di Polizia Locale Gilberto Fossen c&#8217;erano i vigili del fuoco di Agordo. Il fumo si \u00e8 alzato sopra le ultime abitazioni, un centinaio di metri sopra la strada comunale. Il fuoco alle pendici delle Pale di San Lucano \u00e8 sempre un campanello d&#8217;allarme, soprattutto dopo l&#8217;incendio del 2018 alla vigilia di Vaia. I vigili del fuoco di Agordo, permanenti e volontari di Agordo e Gosaldo, sono saliti nel bosco e hanno subito circoscritto e spento le fiamme evitando si propagassero verso l&#8217;alto. Sconosciute le cause dell&#8217;incendio iniziato tra scarti di lamiere e sterpaglia. Nel giro di un&#8217;ora dall&#8217;allarme l&#8217;emergenza \u00e8 rientrata, sono poi proseguite le operazioni di bonifica e controllo di eventuali ulteriori focolai.<\/p>\n<p><a href=\"https:\/\/www.radiopiu.net\/wordpress\/colonna-di-fumo-sotto-alle-pale-di-san-lucano\/c0ca4e05-cb62-4fbd-9a28-93109836c4ce\/\" rel=\"attachment wp-att-198851\"><img loading=\"lazy\" decoding=\"async\" class=\"alignnone wp-image-198851 size-full\" src=\"https:\/\/www.radiopiu.net\/wordpress\/wp-content\/uploads\/2021\/03\/c0ca4e05-cb62-4fbd-9a28-93109836c4ce.jpg\" alt=\"\" width=\"2000\" height=\"1500\" srcset=\"https:\/\/www.radiopiu.net\/wordpress\/wp-content\/uploads\/2021\/03\/c0ca4e05-cb62-4fbd-9a28-93109836c4ce.jpg 2000w, https:\/\/www.radiopiu.net\/wordpress\/wp-content\/uploads\/2021\/03\/c0ca4e05-cb62-4fbd-9a28-93109836c4ce-300x225.jpg 300w, https:\/\/www.radiopiu.net\/wordpress\/wp-content\/uploads\/2021\/03\/c0ca4e05-cb62-4fbd-9a28-93109836c4ce-1024x768.jpg 1024w, https:\/\/www.radiopiu.net\/wordpress\/wp-content\/uploads\/2021\/03\/c0ca4e05-cb62-4fbd-9a28-93109836c4ce-768x576.jpg 768w, https:\/\/www.radiopiu.net\/wordpress\/wp-content\/uploads\/2021\/03\/c0ca4e05-cb62-4fbd-9a28-93109836c4ce-1536x1152.jpg 1536w\" sizes=\"auto, (max-width: 2000px) 100vw, 2000px\" \/><\/a><\/p>\n<p>&nbsp;<\/p>\n<hr \/>\n<p>&nbsp;<\/p>\n<blockquote class=\"wp-embedded-content\" data-secret=\"kRIM51bCem\"><p><a href=\"https:\/\/www.radiopiu.net\/wordpress\/aggmar23\/\">CORONAVIRUS: AGGIORNAMENTO NAZIONALE 23 MARZO 2021<\/a><\/p><\/blockquote>\n<p><iframe loading=\"lazy\" class=\"wp-embedded-content\" sandbox=\"allow-scripts\" security=\"restricted\" style=\"position: absolute; clip: rect(1px, 1px, 1px, 1px);\" title=\"&#8220;CORONAVIRUS: AGGIORNAMENTO NAZIONALE 23 MARZO 2021&#8221; &#8212; Radio Pi\u00f9\" src=\"https:\/\/www.radiopiu.net\/wordpress\/aggmar23\/embed\/#?secret=kRIM51bCem\" data-secret=\"kRIM51bCem\" width=\"600\" height=\"338\" frameborder=\"0\" marginwidth=\"0\" marginheight=\"0\" scrolling=\"no\"><\/iframe><\/p>\n<p>&nbsp;<\/p>\n<hr \/>\n<p>&nbsp;<\/p>\n<blockquote class=\"wp-embedded-content\" data-secret=\"ckTBV0eVrX\"><p><a href=\"https:\/\/www.radiopiu.net\/wordpress\/superate-le-370-mila-positivita-da-inizio-pandemia-sono-1801-i-nuovi-positivi-in-veneto-delle-ultime-24-ore-ma-mancano-i-dati-di-treviso-forte-incremento-dei-ricoveri-57-decessi\/\">SUPERATE LE 370 MILA POSITIVITA&#8217; DA INIZIO PANDEMIA. SONO 1801 I NUOVI POSITIVI IN VENETO DELLE ULTIME 24 ORE MA MANCANO I DATI DI TREVISO. FORTE INCREMENTO DEI RICOVERI, 57 DECESSI<\/a><\/p><\/blockquote>\n<p><iframe loading=\"lazy\" class=\"wp-embedded-content\" sandbox=\"allow-scripts\" security=\"restricted\" style=\"position: absolute; clip: rect(1px, 1px, 1px, 1px);\" title=\"&#8220;SUPERATE LE 370 MILA POSITIVITA&#8217; DA INIZIO PANDEMIA. SONO 1801 I NUOVI POSITIVI IN VENETO DELLE ULTIME 24 ORE MA MANCANO I DATI DI TREVISO. FORTE INCREMENTO DEI RICOVERI, 57 DECESSI&#8221; &#8212; Radio Pi\u00f9\" src=\"https:\/\/www.radiopiu.net\/wordpress\/superate-le-370-mila-positivita-da-inizio-pandemia-sono-1801-i-nuovi-positivi-in-veneto-delle-ultime-24-ore-ma-mancano-i-dati-di-treviso-forte-incremento-dei-ricoveri-57-decessi\/embed\/#?secret=ckTBV0eVrX\" data-secret=\"ckTBV0eVrX\" width=\"600\" height=\"338\" frameborder=\"0\" marginwidth=\"0\" marginheight=\"0\" scrolling=\"no\"><\/iframe><\/p>\n<p>&nbsp;<\/p>\n<hr \/>\n<p>&nbsp;<\/p>\n<blockquote>\n<h3>I GRAFICI DI TIZIANO DE COL<\/h3>\n<\/blockquote>\n\n\t\t\t<style type='text\/css'>\n\t\t\t\t#gallery-2 {\n\t\t\t\t\tmargin: auto;\n\t\t\t\t}\n\t\t\t\t#gallery-2 .gallery-item {\n\t\t\t\t\tfloat: left;\n\t\t\t\t\tmargin-top: 10px;\n\t\t\t\t\ttext-align: center;\n\t\t\t\t\twidth: 20%;\n\t\t\t\t}\n\t\t\t\t#gallery-2 img {\n\t\t\t\t\tborder: 2px solid #cfcfcf;\n\t\t\t\t}\n\t\t\t\t#gallery-2 .gallery-caption {\n\t\t\t\t\tmargin-left: 0;\n\t\t\t\t}\n\t\t\t\t\/* see gallery_shortcode() in wp-includes\/media.php *\/\n\t\t\t<\/style>\n\t\t<div id='gallery-2' class='dt-gallery-container gallery galleryid-198678 gallery-columns-5 gallery-size-medium'><dl class='gallery-item'>\n\t\t\t\t<dt class='gallery-icon landscape'>\n\t\t\t\t\t<a class=\"rollover rollover-zoom dt-pswp-item\" title=\"9911ece7-ff0d-416a-8636-44e5d8254d26\" data-dt-img-description=\"\" data-large_image_width=\"595\" data-large_image_height=\"353\"href='https:\/\/www.radiopiu.net\/wordpress\/wp-content\/uploads\/2021\/03\/9911ece7-ff0d-416a-8636-44e5d8254d26.jpg'><img loading=\"lazy\" decoding=\"async\" width=\"300\" height=\"178\" src=\"https:\/\/www.radiopiu.net\/wordpress\/wp-content\/uploads\/2021\/03\/9911ece7-ff0d-416a-8636-44e5d8254d26-300x178.jpg\" class=\"attachment-medium size-medium\" alt=\"\" srcset=\"https:\/\/www.radiopiu.net\/wordpress\/wp-content\/uploads\/2021\/03\/9911ece7-ff0d-416a-8636-44e5d8254d26-300x178.jpg 300w, https:\/\/www.radiopiu.net\/wordpress\/wp-content\/uploads\/2021\/03\/9911ece7-ff0d-416a-8636-44e5d8254d26.jpg 595w\" sizes=\"auto, (max-width: 300px) 100vw, 300px\" \/><\/a>\n\t\t\t\t<\/dt><\/dl><dl class='gallery-item'>\n\t\t\t\t<dt class='gallery-icon landscape'>\n\t\t\t\t\t<a class=\"rollover rollover-zoom dt-pswp-item\" title=\"56a9d1cd-12a9-4dca-8b47-3d754bee8618\" data-dt-img-description=\"\" data-large_image_width=\"614\" data-large_image_height=\"353\"href='https:\/\/www.radiopiu.net\/wordpress\/wp-content\/uploads\/2021\/03\/56a9d1cd-12a9-4dca-8b47-3d754bee8618.jpg'><img loading=\"lazy\" decoding=\"async\" width=\"300\" height=\"172\" src=\"https:\/\/www.radiopiu.net\/wordpress\/wp-content\/uploads\/2021\/03\/56a9d1cd-12a9-4dca-8b47-3d754bee8618-300x172.jpg\" class=\"attachment-medium size-medium\" alt=\"\" srcset=\"https:\/\/www.radiopiu.net\/wordpress\/wp-content\/uploads\/2021\/03\/56a9d1cd-12a9-4dca-8b47-3d754bee8618-300x172.jpg 300w, https:\/\/www.radiopiu.net\/wordpress\/wp-content\/uploads\/2021\/03\/56a9d1cd-12a9-4dca-8b47-3d754bee8618.jpg 614w\" sizes=\"auto, (max-width: 300px) 100vw, 300px\" \/><\/a>\n\t\t\t\t<\/dt><\/dl><dl class='gallery-item'>\n\t\t\t\t<dt class='gallery-icon landscape'>\n\t\t\t\t\t<a class=\"rollover rollover-zoom dt-pswp-item\" title=\"3a1ae04c-f19e-4877-9830-ccf90cc03693\" data-dt-img-description=\"\" data-large_image_width=\"608\" data-large_image_height=\"352\"href='https:\/\/www.radiopiu.net\/wordpress\/wp-content\/uploads\/2021\/03\/3a1ae04c-f19e-4877-9830-ccf90cc03693.jpg'><img loading=\"lazy\" decoding=\"async\" width=\"300\" height=\"174\" src=\"https:\/\/www.radiopiu.net\/wordpress\/wp-content\/uploads\/2021\/03\/3a1ae04c-f19e-4877-9830-ccf90cc03693-300x174.jpg\" class=\"attachment-medium size-medium\" alt=\"\" srcset=\"https:\/\/www.radiopiu.net\/wordpress\/wp-content\/uploads\/2021\/03\/3a1ae04c-f19e-4877-9830-ccf90cc03693-300x174.jpg 300w, https:\/\/www.radiopiu.net\/wordpress\/wp-content\/uploads\/2021\/03\/3a1ae04c-f19e-4877-9830-ccf90cc03693.jpg 608w\" sizes=\"auto, (max-width: 300px) 100vw, 300px\" \/><\/a>\n\t\t\t\t<\/dt><\/dl><dl class='gallery-item'>\n\t\t\t\t<dt class='gallery-icon landscape'>\n\t\t\t\t\t<a class=\"rollover rollover-zoom dt-pswp-item\" title=\"93584324-6f99-476b-bcca-47539c91b271\" data-dt-img-description=\"\" data-large_image_width=\"614\" data-large_image_height=\"354\"href='https:\/\/www.radiopiu.net\/wordpress\/wp-content\/uploads\/2021\/03\/93584324-6f99-476b-bcca-47539c91b271.jpg'><img loading=\"lazy\" decoding=\"async\" width=\"300\" height=\"173\" src=\"https:\/\/www.radiopiu.net\/wordpress\/wp-content\/uploads\/2021\/03\/93584324-6f99-476b-bcca-47539c91b271-300x173.jpg\" class=\"attachment-medium size-medium\" alt=\"\" srcset=\"https:\/\/www.radiopiu.net\/wordpress\/wp-content\/uploads\/2021\/03\/93584324-6f99-476b-bcca-47539c91b271-300x173.jpg 300w, https:\/\/www.radiopiu.net\/wordpress\/wp-content\/uploads\/2021\/03\/93584324-6f99-476b-bcca-47539c91b271.jpg 614w\" sizes=\"auto, (max-width: 300px) 100vw, 300px\" \/><\/a>\n\t\t\t\t<\/dt><\/dl><dl class='gallery-item'>\n\t\t\t\t<dt class='gallery-icon landscape'>\n\t\t\t\t\t<a class=\"rollover rollover-zoom dt-pswp-item\" title=\"faef79f0-0fea-4b9a-b67c-0ceb940a0861\" data-dt-img-description=\"\" data-large_image_width=\"600\" data-large_image_height=\"356\"href='https:\/\/www.radiopiu.net\/wordpress\/wp-content\/uploads\/2021\/03\/faef79f0-0fea-4b9a-b67c-0ceb940a0861.jpg'><img loading=\"lazy\" decoding=\"async\" width=\"300\" height=\"178\" src=\"https:\/\/www.radiopiu.net\/wordpress\/wp-content\/uploads\/2021\/03\/faef79f0-0fea-4b9a-b67c-0ceb940a0861-300x178.jpg\" class=\"attachment-medium size-medium\" alt=\"\" srcset=\"https:\/\/www.radiopiu.net\/wordpress\/wp-content\/uploads\/2021\/03\/faef79f0-0fea-4b9a-b67c-0ceb940a0861-300x178.jpg 300w, https:\/\/www.radiopiu.net\/wordpress\/wp-content\/uploads\/2021\/03\/faef79f0-0fea-4b9a-b67c-0ceb940a0861.jpg 600w\" sizes=\"auto, (max-width: 300px) 100vw, 300px\" \/><\/a>\n\t\t\t\t<\/dt><\/dl><br style=\"clear: both\" \/>\n\t\t\t<\/div>\n\n<p>&nbsp;<\/p>\n<hr \/>\n<p>&nbsp;<\/p>\n<blockquote>\n<h3>VENERDI IL VENETO CAMBIA COLORE? INTANTO LA CAMPAGNA VACCINALE PROSEGUE A SPRON BATTUTO<\/h3>\n<\/blockquote>\n<blockquote>\n<h2>LEGGI LA CONFERENZA STAMPA DI MANUELA LANZARIN<\/h2>\n<p><em>Immunit\u00e0 di gregge? Siamo lontani. Abbiamo 58 punti vaccinali\u00a0 e un piano per fare 50mila vaccini al giorno. <\/em><span style=\"color: #ff0000;\">Scuola, e se lunedi il veneto \u00e8 arancione?\u00a0<\/span><em>Ne abbiamo parlato, stiamo cercando di predisporre linee guida per i possibili scenari.<\/em><\/p><\/blockquote>\n<p><strong>SITUAZIONE VACCINI<\/strong> Stamane serie di riunioni per capire come muoverci con i nuovi arrivi dei vaccini. Ci \u00e8 stato confermato che sono arrivate 83mila dosi di Pfizer (del milione annunciato a livello nazionale). La campagna sta andando avanti, ieri 17mila dosi di vaccino, aumentate rispetto ai giorni precedenti. 12308 prime dosi, 4906 seconde dosi che portano il totale a 640456 totale dosi somministrate, le persone che hanno completato il ciclo (due dosi) sono 203789. Le aziende si stanno organizzando per un importante secondo trimestre da aprile in poi compreso J&amp;Johnson, si stanno organizzando anche i medici di medicina generale. I medici sono andati anche nei punti vaccinali della Ulss come ad Agordo con il drive-in. Ci stiamo confrontando con odontoiatri e specialisti interni, stiamo lavorando per capire la loro disponibilit\u00e0. Siamo pi\u00f9 avanti con gli specializzandi di Padova e Verona che sono disponibili ad attivarsi nella vaccinazione, soprattutto nel fine settimana. I farmarcisti li incontro domani sia per potenziare i sistemi di prenotazione e per il loro coinvolgimento nella campagna vaccinale come da accordi nazionali.\u00a0 <strong>DOPO TRE MESI 200MILA PERSONE VACCINATE, DI QUESTO PASSO&#8230;<\/strong>Concordo che la famosa immunit\u00e0 di gregge \u00e8 lontana ma tutto dipende dal numero di vaccini che ci vengono inviati. Quindi \u00e8 chiaro che dipende all&#8217;approviggionamento. Noi abbiamo una programmazione da 50mila vaccini al giorno e non sono conteggiati i medici di medicina generale, poi ci sono le aziende per la vaccinazione al loro interno e famigliari over 60. Cos\u00ec potremo aumentare i ritmi. Recuperiamo, stiamo recuperando, non lasceremo indietro nessuno su questo voglio rassicurare i cittadini del Veneto. <strong>SCUOLA E GESTIONE DELLA RIPARTENZA SE LUNEDI TORNA IN ARANCIONE FINO AL FINE SETTIMANA PASQUALE <\/strong>Stiamo cercando di predisporre le linee per possibili scenari e per essere pronti. Valuteremo dal punto di vista epidemiologico e in base ai criteri da adottare, tutto dipende dagli scenari. <strong>INDICE RT<\/strong> Per ora non abbiamo nessun dato, vediamo giovedi.<\/p>\n<h2>DOTTOR PAOLO ROSI coordinatore Comitato di Crisi Emergenza Covid.<\/h2>\n<p><em>Non vediamo grandi differenze rispetto alla seconda ondata, c&#8217;\u00e8 una crescita comunque preoccupante anche se meno in salita. In terapia intensiva si sono ridotti gli ultra 80enni, e questo \u00e8 conseguenza della vaccinazione, in aumento\u00a0 la fascia tra 60 e 69 anni (37%).\u00a0Se\u00a0 non cambia il trend a fine mese avremo 300 pazienti circa ricoverati in terapia intensiva rischiando di sfondare anche il muro dei 400<\/em><\/p>\n<p>Nuovi ingressi negli ospedali, a febbraio dai 5 ai 9 ricoveri al giorno in terapia intensiva, oggi \u00e8 stabile attorno ai 20 ingressi al giorno anche con picchi di 26. Vuol dire che la media dei nuovi ingressi supera quella di quelli che escono dalla terapia intensiva e la curva sale anche se non con costanza, ma lineare.\u00a0 Se la situazione non cambia arriviamo a fine mese con 310 pazienti in terapia intensiva. Questo ha richiesto di aumentare i posti letto operativi, oltre 600, negli ospedali covid pieno regime attivit\u00e0 solo covid, ma s&#8217;inizia a ridurre anche negli altri ospedali per liberare il personale.<br \/>\nAbbiamo analizzato i numeri, suddivisione per fasce d&#8217;et\u00e0 omogenea con riduzione importante degli ultra ottantenni (dimezzati attorno al 2,5%) ed \u00e8 la conseguenza della vaccinazione. Aumentata la fascia 60-69 anni (37%). Il 15% tra i 50 e i 59 e un 7% sotto i cinquant&#8217;anni. Sono aumentati i sessantenni in terapia intensiva (l&#8217;11% dei ricoveri ordinari). Percentuale ricoverati in terapia intensiva sul totale di positivi 0,58% (1 su 200). Solo il 30% arriva da casa e finisce direttamente in terapia intensiva, il 30% entra nei primi tre giorni di ricovero, l&#8217;85% entra nella prima settimana. Non ci sono grandi differenze rispetto alla seconda ondata sugli ingressi in terapia intensiva, se non il fatto che la crescita sia un po&#8217; meno in salita <strong>PREVEDETE AUMENTI FINO A 310 PAZIENTI IN TERAPIA INTENSIVA<\/strong> Quando caleranno i positivi caler\u00e0 anche la curva. Finch\u00e9 crescono con questi ritmo aumentano gli ingressi in terapia intensiva, previsioni al 30 marzo: se si continua con questi numeri andremo anche a 400. Non posso andare oltre a quello che si ricava dai numeri, perch\u00e9 altro non sono che opinioni personali.<\/p>\n<blockquote>\n<h2>DOTTO LUCIANO FLOR<\/h2>\n<\/blockquote>\n<p>Alle 11 \u00e8 arrivata la fornitura di Pfizer, domani entriamo in azione con le seconde e prime dosi. Vogliamo arrivare alla prossima fornitura vaccinando il maggior numero di persone possibile con i 3 vaccini disponibili. Abbiamo vaccini fino a martedi prossimo. Se non arrivano sono a rischio di richiami che faremo nei giorni successivi. Siamo partiti con 6000 dosi di vaccino Pfizer. Abbiamo usato un po&#8217; pi\u00f9 di moderna arrivato con un giorno di ritardo, molti destinati ai richiami, pazienti fragili e ottantenni. Ci teniamo una scorta perch\u00e9 Moderna non \u00e8 famosa per la puntualit\u00e0. Per questa settimana non sono previste consegne di Astrazeneca, consumeremo quelle in casa tenendo comunque una scorta. Cercheremo di fare vaccinazioni anche il sabato e alla domenica. Dal primo aprile avremo un unico sistema uguale per tutti per la prenotazione del vaccino.\u00a0Avremo la stessa piattaforma per tutta la Regione, qui sar\u00e0 possibile prenotare l&#8217;appuntamento. Immaginiamo che chi si prenota si presenti,\u00a0 con il sistema lettere non \u00e8 stato cos\u00ec. Trovo imbarazzante e vergognoso che le persone che si possono vaccinare rifiutino il vaccino mentre ne abbiamo migliaia che ogni giorno ci chiedono di essere vaccinate. Dobbiamo convocare 600 persone in pi\u00f9 nel punto vaccinale perch\u00e9 non sappiamo se quelli convocati arriveranno,\u00a0 il livello di mancata adesione \u00e8 calato. Di AstraZeneca abbiamo somministrato decine di migliaia di dosi senza riscontrare problemi.<\/p>\n<p><a href=\"https:\/\/www.facebook.com\/zaiaufficiale\/videos\/726778188005543\">https:\/\/www.facebook.com\/zaiaufficiale\/videos\/726778188005543<\/a><\/p>\n<p>&nbsp;<\/p>\n<hr \/>\n<p>&nbsp;<\/p>\n<blockquote>\n<h3>COVID. LA SITUAZIONE DEI RICOVERI NELLE TERAPIE INTENSIVE DEL VENETO<\/h3>\n<\/blockquote>\n<p><strong>VENEZIA<\/strong> Le tabelle sulla situazione dei ricoveri nelle terapie intensive del Veneto.<\/p>\n<p><strong>I GRAFICI DELLA REGIONE (4 pagine)<\/strong><\/p>\n<a href=\"https:\/\/www.radiopiu.net\/wordpress\/wp-content\/uploads\/2021\/03\/grafici-TI-23-MARZO.pdf\" class=\"pdfemb-viewer\" style=\"\" data-width=\"max\" data-height=\"max\" data-toolbar=\"top\" data-toolbar-fixed=\"on\">grafici TI 23 MARZO<\/a>\n<p>&nbsp;<\/p>\n<p>&nbsp;<\/p>\n<hr \/>\n<p>&nbsp;<\/p>\n<blockquote>\n<h3>MONOCLONALI: PRONTI PER LA SOMMINISTRAZIONE IN ULSS 1 DOLOMITI<\/h3>\n<\/blockquote>\n<p><strong><a href=\"https:\/\/www.radiopiu.net\/wordpress\/monoclonali-pronti-per-la-somministrazione-in-ulss-1-dolomiti\/ulss-1-2\/\" rel=\"attachment wp-att-198838\"><img loading=\"lazy\" decoding=\"async\" class=\"size-medium wp-image-198838 alignleft\" src=\"https:\/\/www.radiopiu.net\/wordpress\/wp-content\/uploads\/2021\/03\/ULSS-1-300x158.jpg\" alt=\"\" width=\"300\" height=\"158\" srcset=\"https:\/\/www.radiopiu.net\/wordpress\/wp-content\/uploads\/2021\/03\/ULSS-1-300x158.jpg 300w, https:\/\/www.radiopiu.net\/wordpress\/wp-content\/uploads\/2021\/03\/ULSS-1-768x404.jpg 768w, https:\/\/www.radiopiu.net\/wordpress\/wp-content\/uploads\/2021\/03\/ULSS-1.jpg 776w\" sizes=\"auto, (max-width: 300px) 100vw, 300px\" \/><\/a>BELLUNO <\/strong>E\u2019 stato definito il percorso aziendale per la somministrazione dei monoclonali per curare il Covid anche in Ulss Dolomiti. I monoclonali sono anticorpi IgG1 che neutralizzano la proteina spike di SARS-CoV-2, impedendone il legame con il recettore ACE2, prevenendo cos\u00ec il successivo ingresso virale nelle cellule umane e di conseguenza la replicazione virale. Non hanno ancora ricevuto l\u2019approvazione dall\u2019Agenzia Europea per i Medicinali (EMA), in Italia ne \u00e8 stata autorizzata la temporanea distribuzione per il trattamento precoce della infezione da COVID-19, con Decreto del Ministero della Salute L\u2019Unit\u00e0 operativa di Malattie Infettive ha attivato una mail ad hoc, attiva 7 giorni su 7, a cui i medici di Famiglia, le USCA, Le Centrali Operative Territoriali possono inviare la richiesta di valutazione infettivologa urgenza per candidare il paziente in cura all\u2019uso dei monoclonali. In Ulss Dolomiti sono disponibili al momento 7 dosi che saranno somministrate in Ospedale nei casi indicati dalle linee guida, altre dosi sono disponibili nella farmacia dell\u2019Azienda Ospedaliera di Padova ed altre arriveranno nei prossimi giorni da AIFA<\/p>\n<p>&nbsp;<\/p>\n<p>&nbsp;<\/p>\n<hr \/>\n<p>&nbsp;<\/p>\n<blockquote>\n<h3>L\u2019ULSS DOLOMITI POTENZIA L\u2019OFFERTA VACCINALE PER OVER 80 E PER LE PERSONE DAI 70 AI 79 ANNI<\/h3>\n<\/blockquote>\n<p><strong><a href=\"https:\/\/www.radiopiu.net\/wordpress\/come-si-e-preparata-la-ulss-1-dolomiti-per-il-v-day\/vaccino-covid\/\" rel=\"attachment wp-att-181587\"><img loading=\"lazy\" decoding=\"async\" class=\"size-medium wp-image-181587 alignleft\" src=\"https:\/\/www.radiopiu.net\/wordpress\/wp-content\/uploads\/2020\/12\/VACCINO-COVID-300x212.jpg\" alt=\"\" width=\"300\" height=\"212\" srcset=\"https:\/\/www.radiopiu.net\/wordpress\/wp-content\/uploads\/2020\/12\/VACCINO-COVID-300x212.jpg 300w, https:\/\/www.radiopiu.net\/wordpress\/wp-content\/uploads\/2020\/12\/VACCINO-COVID-1024x724.jpg 1024w, https:\/\/www.radiopiu.net\/wordpress\/wp-content\/uploads\/2020\/12\/VACCINO-COVID-768x543.jpg 768w, https:\/\/www.radiopiu.net\/wordpress\/wp-content\/uploads\/2020\/12\/VACCINO-COVID-1536x1086.jpg 1536w, https:\/\/www.radiopiu.net\/wordpress\/wp-content\/uploads\/2020\/12\/VACCINO-COVID.jpg 1920w\" sizes=\"auto, (max-width: 300px) 100vw, 300px\" \/><\/a>BELLUNO <\/strong>Alla luce di maggiori disponibilit\u00e0 di vaccino Astrazeneca e di forniture regolari di vaccino Pfizer l\u2019Ulss Dolomiti ha potenziato per questa settimana l\u2019offerta vaccinale sia per le persone con pi\u00f9 di 80 anni (vaccino Pfizer), sia per le persone tra 70 e 79 anni (vaccino Astrazeneca). Le persone <em>over 80<\/em> hanno attualmente disponibili le seguenti sedute vaccinali drive in alle quali prenotarsi online su www.aulss1.veneto.it: Belluno ospedale: sabato 27 marzo, mercoled\u00ec 31 marzo, Alpago Paludi: domenica 28 marzo, Feltre ex Marangoni: gioved\u00ec 25 marzo, venerd\u00ec 26 marzo, luned\u00ec 29 marzo, marted\u00ec 30 marzo, Tai di Cadore: luned\u00ec 29 marzo, marted\u00ec 30 marzo, Agordo Tamonich: gioved\u00ec 25 marzo, marted\u00ec 30 marzo, mercoled\u00ec 31 marzo. Le persone tra 70 e 79 anni hanno disponibili le seguenti sedute vaccinali drive in alle quali prenotarsi online su <a href=\"http:\/\/www.aulss1.veneto.it\/\">www.aulss1.veneto.it<\/a>:, Belluno ospedale: sabato 27 marzo, Feltre ex Marangoni: sabato 27 marzo, domenica 28 marzo, Tai di Cadore: domenica 28 marzo, Agordo Tamonich: sabato 27 marzo. Sempre a favore delle persone tra 70 e 79 anni sono disponibili alcune sedute vaccinali ambulatoriali\u00a0 presso gli ospedali di Pieve di Cadore e di Agordo (piano terra), sempre prenotabili online sul sito <a href=\"http:\/\/www.aulss1.veneto.it\/\">www.aulss1.veneto.it <\/a>A fianco di quanto sopra numerosi medici di Medicina generale stanno organizzando l\u2019offerta vaccinale a favore dei propri assistiti ultra settantenni. Pi\u00f9 in dettaglio, per quanto riguarda la settimana corrente, gioved\u00ec la Medicina di gruppo di Cavarzano e altri due professionisti del Bellunese svolgeranno importanti sedute vaccinali con il modello organizzativo gi\u00e0 sperimentato alcuni mesi fa (chiamata diretta degli assistiti). Parallele sedute si effettueranno nel fine settimana nell\u2019area Longarone Zoldo sempre con chiamata diretta degli assistiti interessati.<strong>\u200b<br \/>\n<\/strong><\/p>\n<p>&nbsp;<\/p>\n<p>&nbsp;<\/p>\n<p>&nbsp;<\/p>\n<p>&nbsp;<\/p>\n<hr \/>\n<p>&nbsp;<\/p>\n<blockquote>\n<h3>BASTA CON LA DIDATTICA A DISTANZA &#8220;STA ROVINANDO LA NUOVA GENERAZIONE&#8221;<\/h3>\n<\/blockquote>\n<p><span style=\"color: #ff0000;\"><strong>L&#8217;ORDINE DEL GIORNO<\/strong><\/span><\/p>\n<p><strong><a href=\"https:\/\/www.radiopiu.net\/wordpress\/basta-con-la-didattica-a-distanza-sta-rovinando-la-nuova-generazione\/adda\/\" rel=\"attachment wp-att-198731\"><img loading=\"lazy\" decoding=\"async\" class=\"wp-image-198731 alignleft\" src=\"https:\/\/www.radiopiu.net\/wordpress\/wp-content\/uploads\/2021\/03\/Adda-300x265.jpg\" alt=\"\" width=\"182\" height=\"161\" srcset=\"https:\/\/www.radiopiu.net\/wordpress\/wp-content\/uploads\/2021\/03\/Adda-300x265.jpg 300w, https:\/\/www.radiopiu.net\/wordpress\/wp-content\/uploads\/2021\/03\/Adda-768x677.jpg 768w, https:\/\/www.radiopiu.net\/wordpress\/wp-content\/uploads\/2021\/03\/Adda.jpg 898w\" sizes=\"auto, (max-width: 182px) 100vw, 182px\" \/><\/a>BELLUNO<\/strong> <em>&#8220;Che il sindaco Jacopo Massaro e la Giunta del capoluogo si impegnino per rendere possibile a breve la ripresa delle lezioni in classe con tutte le cautele igienico-sanitarie necessarie, eventualmente d\u2019intesa con l\u2019Ufficio Scolastico Territoriale&#8221;. <\/em>A chiederlo con un ordine del girno e l&#8217;invito di inoltrare la presa di posizione alla Provincia, Regione e Governo romano\u00a0 i consiglieri comunali\u00a0 Raffaele Addamiano (foto a sinistra)\u00a0 \u00a0e Andrea Stella (Obiettivo Belluno-Fratelli d&#8217;Italia).<\/p>\n<blockquote><p><em>\u201cQuello che dobbiamo tutelare \u00e8 la salute mentale dei ragazzi.\u201d &#8211; A.A., mamma di due figli. \u201cI miei figli piangono ogni giorno perch\u00e9 gli manca la vita sociale.\u201d &#8211; S.D.M., mamma di quattro figli. \u201cLa scuola chiusa \u00e8 un danno al Paese.\u201d &#8211; G.D.V., pap\u00e0 di tre figli&#8221;.<\/em><\/p><\/blockquote>\n<p><a href=\"https:\/\/www.radiopiu.net\/wordpress\/basta-con-la-didattica-a-distanza-sta-rovinando-la-nuova-generazione\/andrea-stella_edited\/\" rel=\"attachment wp-att-198733\"><img loading=\"lazy\" decoding=\"async\" class=\" wp-image-198733 alignright\" src=\"https:\/\/www.radiopiu.net\/wordpress\/wp-content\/uploads\/2021\/03\/Andrea-Stella_edited-300x225.jpg\" alt=\"\" width=\"201\" height=\"151\" srcset=\"https:\/\/www.radiopiu.net\/wordpress\/wp-content\/uploads\/2021\/03\/Andrea-Stella_edited-300x225.jpg 300w, https:\/\/www.radiopiu.net\/wordpress\/wp-content\/uploads\/2021\/03\/Andrea-Stella_edited-768x576.jpg 768w, https:\/\/www.radiopiu.net\/wordpress\/wp-content\/uploads\/2021\/03\/Andrea-Stella_edited.jpg 800w\" sizes=\"auto, (max-width: 201px) 100vw, 201px\" \/><\/a>Secondo i due consiglieri comunali le attuali chiusure con didattica a distanza incidono negativamente sulla psiche e sul fisico degli studenti privati di un&#8217; esperienza formativa come la vita in classe ricordando che l\u2019OMS ha definito la salute come <em>\u201cbenessere psico-fisico dei bambini\/ragazzi e delle loro famiglie\u201d<\/em> e non solo come mera assenza di malattia. Addamiano e Stella ricordano anche le manifestazioni del fine settimana in 23 citt\u00e0 italiane<em>. &#8220;E sono \u00a0in procinto di essere replicate nei giorni a venire per chiedere\u00a0 al Governo centrale sia la fine della cosiddetta didattica a distanza&#8221; <\/em>puntualizzano i consiglieri. Eppure secondo\u00a0 la ricerca condotta dallo IEO di Milano la scuola \u00e8 e resta uno dei luoghi pi\u00f9 sicuri rispetto alla possibilit\u00e0 di contagio: tra ottobre e novembre del 2020, nel corso della seconda ondata epidemica, infatti, il tasso di positivit\u00e0 delle allieve e degli allievi \u00e8 risultato inferiore all\u20191% rispetto al numero complessivo di tamponi effettuati su di loro e, con particolare riferimento al Veneto, alla data del 4 marzo c.a., su 95.068 insegnanti e personale amministrativo sono risultati positivi circa 200 soggetti e sui circa 598.000 studenti solo 968 hanno manifestato i sintomi virali in questione. Auspicando la riapertura in sicurezza delle scuole di ogni ordine e grado (priorit\u00e0 assoluta per l\u2019Italia) anche al fine di evitare la dispersione scolastica, Addamiano e Stella (<em>foto sopra bellunopress.it<\/em>) concludono: <em>&#8220;La didattica digitale, pur utile nella prima fase emergenziale della pandemia, non pu\u00f2 in alcun modo sostituire l\u2019insegnamento tradizionale e, anzi, essa ha avuto come effetti collaterali pregiudizievoli quelli di aumentare i disturbi alimentari, di disincentivare la pratica sportiva tra i ragazzi e di acuire il malessere psicologico manifestatosi nelle pericolose forme dell\u2019ansia, del disturbo del sonno, dell\u2019apatia, della demotivazione, delle fobie, della solitudine, della depressione e delle dipendenza dal pc e\/o da internet<\/em>&#8221;<\/p>\n<p>&nbsp;<\/p>\n<p>&nbsp;<\/p>\n<hr \/>\n<p>&nbsp;<\/p>\n<blockquote>\n<h3>BANDA ULTRALARGA. D&#8217;INCA&#8217;: &#8220;CONTINUARE IL LAVORO SUL VENETO&#8221;<\/h3>\n<\/blockquote>\n<p><strong><a href=\"https:\/\/www.radiopiu.net\/wordpress\/fibraottica\/fibra\/\" rel=\"attachment wp-att-135540\"><img loading=\"lazy\" decoding=\"async\" class=\"size-medium wp-image-135540 alignleft\" src=\"https:\/\/www.radiopiu.net\/wordpress\/wp-content\/uploads\/2020\/05\/FIBRA-300x169.jpg\" alt=\"\" width=\"300\" height=\"169\" srcset=\"https:\/\/www.radiopiu.net\/wordpress\/wp-content\/uploads\/2020\/05\/FIBRA-300x169.jpg 300w, https:\/\/www.radiopiu.net\/wordpress\/wp-content\/uploads\/2020\/05\/FIBRA-1024x576.jpg 1024w, https:\/\/www.radiopiu.net\/wordpress\/wp-content\/uploads\/2020\/05\/FIBRA-768x432.jpg 768w, https:\/\/www.radiopiu.net\/wordpress\/wp-content\/uploads\/2020\/05\/FIBRA-1536x864.jpg 1536w, https:\/\/www.radiopiu.net\/wordpress\/wp-content\/uploads\/2020\/05\/FIBRA.jpg 1920w\" sizes=\"auto, (max-width: 300px) 100vw, 300px\" \/><\/a>ROMA<\/strong> \u201c<em>Il Veneto deve continuare il percorso di intervento sulla banda ultra larga per potere affrontare adeguatamente le sfide del futuro e restituire servizi adeguati alle nostre comunit\u00e0. Per questo motivo non possiamo permettere rallentamenti ed \u00e8 opportuno continuare a lavorare in stretta sinergia con gli operatori coinvolti<\/em>\u201d. Lo dichiara Federico D\u2019Inc\u00e0, Ministro per i Rapporti con il Parlamento, in occasione dell\u2019incontro che si \u00e8 tenuto oggi sulla situazione della banda ultra larga in Veneto, assieme ai vertici di Infratel, al Presidente della Provincia di Belluno Roberto Padrin e all\u2019onorevole Roger De Menech. \u201c<em>Attualmente, su 453 Comuni del Veneto rientranti nel piano in modalit\u00e0 Ftth (Fiber to the home), 143 sono ancora in progettazione esecutiva: circa 100 sono previsti per l\u2019anno 2021 cos\u00ec da completare la progettazione esecutiva nel corso del 2022 per gli ultimi comuni. Da un punto di vista dell\u2019esecuzione, invece, 308 sono gli ordini dati per costruzione a \u2018Open fiber\u2019 in modalit\u00e0 Ftth e di questi 204 sono in lavorazione, 104 sono terminati e si attende nell\u2019anno 2021 il completamento dei lavori in ulteriori 150 comuni, di cui 22 nella provincia di Belluno \u2013 prosegue il Ministro D\u2019Inc\u00e0, che aggiunge -: tra le criticit\u00e0 emerse, oltre a un rallentamento nella progettazione, c\u2019\u00e8 il problema dell\u2019accesso alla manodopera, con la difficolt\u00e0 a reperire aziende disponibili a lavori stradali. Una questione, per\u00f2, sotto l\u2019attenzione di Infratel che ha informato di avere sollecitato il concessionario ad ampliare le aziende impegnate nei lavori<\/em>\u201d. Per quanto riguarda la situazione del bellunese: \u201c<em>In tema di interventi \u2013 prosegue il Ministro D\u2019Inc\u00e0 \u2013 ci \u00e8 stato comunicato che sono 11 i comuni collaudati e, secondo le stime del concessionario, si prevede di arrivare a 33 nel 2021. Inoltre, le opere di scavo si realizzeranno nell\u2019estate di quest\u2019anno per permettere ai gestori delle strade di effettuare i ripristini, anticipando le attivit\u00e0 previste nel 2022. Questo grazie al confronto che ho fortemente voluto tra Veneto strade e Infratel<\/em>&#8220;.<\/p>\n<p>&nbsp;<\/p>\n<p>&nbsp;<\/p>\n<hr \/>\n<p>&nbsp;<\/p>\n<blockquote>\n<h3>CONFCOMMERCIO \/ FEDERALBERGHI BELLUNO SU RISTORI E FONDO MONTAGNA: \u00abBUON PUNTO DI PARTENZA MA C&#8217;\u00c8 MOLTO DA AFFINARE\u00bb<\/h3>\n<\/blockquote>\n<p align=\"left\"><strong><a href=\"https:\/\/www.radiopiu.net\/wordpress\/giornale-radiopiu-06-febbraio-2019-direttore-mirko-mezzacasa-2\/confcommercio\/\" rel=\"attachment wp-att-75615\"><img loading=\"lazy\" decoding=\"async\" class=\"size-medium wp-image-75615 alignleft\" src=\"https:\/\/www.radiopiu.net\/wordpress\/wp-content\/uploads\/2019\/02\/CONFCOMMERCIO-300x300.jpg\" alt=\"\" width=\"300\" height=\"300\" srcset=\"https:\/\/www.radiopiu.net\/wordpress\/wp-content\/uploads\/2019\/02\/CONFCOMMERCIO-300x300.jpg 300w, https:\/\/www.radiopiu.net\/wordpress\/wp-content\/uploads\/2019\/02\/CONFCOMMERCIO-150x150.jpg 150w, https:\/\/www.radiopiu.net\/wordpress\/wp-content\/uploads\/2019\/02\/CONFCOMMERCIO.jpg 400w\" sizes=\"auto, (max-width: 300px) 100vw, 300px\" \/><\/a>BELLUNO <\/strong>Confcommercio e Federalberghi Belluno stanno in questi giorni approfondendo i contenuti del tanto atteso Decreto Sostegni, provvedimento da considerarsi per vari aspetti e principi positivo ma che necessita senz&#8217;altro di adeguamenti. \u00ab<em>Ci siamo riservati alcuni giorni per studiare a fondo il Decreto Sostegni\u00bb, afferma il Direttore Luca Dal Poz \u00abcos\u00ec da poterne meglio comprendere l&#8217;impatto che lo stesso potr\u00e0 avere sulla nostra economia e per poter sensibilizzare i nostri rappresentanti politici, regionali e nazionali, sugli aspetti sui quali, a nostro avviso, sar\u00e0 fondamentale intervenire tanto in sede di conversione in legge quanto di definizione del decreto ministeriale per il fondo montagna<\/em>\u00bb. \u00ab<em>Innanzitutto<\/em>\u00bb, continua Dal Poz \u00ab<em>confidando nell&#8217;iter parlamentare, speriamo ad esempio di poter intervenire su alcuni dettagli del contributo a fondo perduto sul calcolo del quale mancano riferimenti al primo bimestre del 2021; tutti sappiamo quanto le imprese turistiche e commerciali, sia di vallata che di montagna, abbiano sofferto in questo primo scorcio d&#8217;anno. Perdite enormi se parametrate allo stesso bimestre 2020. Su questo fronte per\u00f2 non c&#8217;\u00e8 traccia che i ristori vadano calcolati anche su questo inizio 2021. Insisteremo ancora sulla soglia di perdita di fatturato per ora fissata al 30%; in tal senso proponiamo ai nostri parlamentari e ministri bellunesi di reintrodurre la deroga che, prevista dal Decreto Rilancio di giugno scorso, consentiva di superare il vincolo suddetto in quanto tutta la provincia si trovava in regime emergenziale per le conseguenze di Vaia. Non mancheremo di sollecitare che il Canone RAI 2021 venga annullato del tutto e non scontato di un solo 30%<\/em>\u00bb. L&#8217;associazione provinciale del commercio e del turismo sta ricevendo molti spunti e stimoli dalla base associativa e la dirigenza e gli uffici si stanno confrontando assiduamente con il territorio e con i rappresentanti delle categorie. \u00ab<em>C&#8217;\u00e8 poi il tema del \u201cFondo Montagna\u201d previsto dall&#8217;articolo 2\u00bb, afferma Dal Poz \u00abe non possiamo che apprezzare il fatto che in un Decreto di tale rilevanza vi sia un capitolo a se&#8217; per l&#8217;economia dei comprensori sciistici le cui imprese di filiera sono state colpite duramente a marzo 2020 ed ancor pi\u00f9 nella stagione invernale 20\/21. Su questo fronte evidenziamo alcune criticit\u00e0 che, secondo noi, vanno approfondite e risolte: cosa si intende per comprensorio sciistico? Rientreranno solo i comuni dotati impianti con esclusione di contesti territoriali di appoggio fondamentale sotto il profilo della ricettivit\u00e0 e dei servizi commerciali come, solo per citarne alcuni, Borca, S. Stefano di Cadore, Canale d&#8217;Agordo? Tra i comuni classificati dall&#8217;articolo 2 mancano Belluno e Pedavena che per\u00f2 hanno impiantistica da sci e ricettivit\u00e0, commercio e servizi funzionali alla stessa. Riteniamo poi che il parametro delle presenze turistiche per la distribuzione delle risorse sia squilibrata e per noi penalizzante rispetto ad altri territori (che godono inoltre di condizioni speciali) e non vorremmo che la bassa incidenza di ricettivit\u00e0 professionale si traduca in risorse scarse. Infine, neppure sull&#8217;articolo 2 troviamo traccia di un calcolo dei ristori da parametrare sulla stagione invernale che, in condizioni ordinarie, starebbe andando a gonfie vele<\/em>\u00bb.<b><i><\/i><\/b><\/p>\n<hr \/>\n<blockquote>\n<h3>ESENZIONE DAL PAGAMENTO E RIMBORSO DELLE RETTE DELL&#8217;ASILO NIDO<\/h3>\n<\/blockquote>\n<p><strong><a href=\"https:\/\/www.radiopiu.net\/wordpress\/esenzione-dal-pagamento-e-rimborso-delle-rette-dellasilo-nido\/asilo-nido-il-maggiociondolo-1\/\" rel=\"attachment wp-att-198736\"><img loading=\"lazy\" decoding=\"async\" class=\" wp-image-198736 alignleft\" src=\"https:\/\/www.radiopiu.net\/wordpress\/wp-content\/uploads\/2021\/03\/Asilo-nido-Il-Maggiociondolo-1-300x169.jpg\" alt=\"\" width=\"238\" height=\"134\" srcset=\"https:\/\/www.radiopiu.net\/wordpress\/wp-content\/uploads\/2021\/03\/Asilo-nido-Il-Maggiociondolo-1-300x169.jpg 300w, https:\/\/www.radiopiu.net\/wordpress\/wp-content\/uploads\/2021\/03\/Asilo-nido-Il-Maggiociondolo-1-1024x576.jpg 1024w, https:\/\/www.radiopiu.net\/wordpress\/wp-content\/uploads\/2021\/03\/Asilo-nido-Il-Maggiociondolo-1-768x432.jpg 768w, https:\/\/www.radiopiu.net\/wordpress\/wp-content\/uploads\/2021\/03\/Asilo-nido-Il-Maggiociondolo-1.jpg 1080w\" sizes=\"auto, (max-width: 238px) 100vw, 238px\" \/><\/a>FELTRE<\/strong> Vista la situazione di difficolt\u00e0 che si protrae oramai da diversi mesi e riguarda molto spesso, nello specifico, proprio le famiglie con bambini piccoli, l\u2019Amministrazione comunale ha deciso di approvare l\u2019esenzione del pagamento della retta relativa ai giorni dal 15 al 31 marzo 2021 ed eventualmente dei successivi periodi di sospensione che si dovessero verificare in futuro a seguito delle restrizioni dovute alle misure sanitarie. Il regolamento dell&#8217;Asilo Nido Comunale <em>\u201cIl Maggiociondolo\u201d<\/em> prevede rette di frequenza composte da una quota fissa proporzionata all&#8217;Isee e da una quota variabile subordinata alla frequenza. I genitori dei bambini che frequentano l\u2019asilo nido \u201cIl Maggiociondolo\u201d non dovranno avanzare nessuna richiesta: gli uffici comunali provvederanno in autonomia all\u2019esenzione dal pagamento della quota prevista per il periodo citato, nonch\u00e9 all&#8217;eventuale rimborso per coloro che gi\u00e0 avessero provveduto al pagamento dell&#8217;intera retta del mese di marzo.<\/p>\n<p><strong>L&#8217;ASSESSORE ALL&#8217;ISTRUZIONE DEL COMUNE DI FELTRE ALESSANDRO DEL BIANCO<\/strong><\/p>\n<audio class=\"wp-audio-shortcode\" id=\"audio-198678-4\" preload=\"none\" style=\"width: 100%;\" controls=\"controls\"><source type=\"audio\/mpeg\" src=\"https:\/\/www.radiopiu.net\/wordpress\/wp-content\/uploads\/2021\/03\/DEL-BIANCO-ESENZIONE-ASILI.mp3?_=4\" \/><a href=\"https:\/\/www.radiopiu.net\/wordpress\/wp-content\/uploads\/2021\/03\/DEL-BIANCO-ESENZIONE-ASILI.mp3\">https:\/\/www.radiopiu.net\/wordpress\/wp-content\/uploads\/2021\/03\/DEL-BIANCO-ESENZIONE-ASILI.mp3<\/a><\/audio>\n<p>&nbsp;<\/p>\n<hr \/>\n<p>&nbsp;<\/p>\n<blockquote>\n<h3 class=\"p1\"><span class=\"s1\">NUOVE AULE ALL\u2019ISTITUTO CALVI E AL LICEO RENIER: INIZIATI I LAVORI PER L\u2019INSTALLAZIONE DEI MODULI PREFABBRICATI <\/span><\/h3>\n<\/blockquote>\n<p class=\"p1\"><span class=\"s1\"><strong><a href=\"https:\/\/www.radiopiu.net\/wordpress\/giornale-radiopiu-21-maggio-2019-direttore-mirko-mezzacasa\/olympus-digital-camera-182\/\" rel=\"attachment wp-att-86054\"><img loading=\"lazy\" decoding=\"async\" class=\"size-medium wp-image-86054 alignleft\" src=\"https:\/\/www.radiopiu.net\/wordpress\/wp-content\/uploads\/2019\/05\/esterno_sud-300x186.jpg\" alt=\"\" width=\"300\" height=\"186\" srcset=\"https:\/\/www.radiopiu.net\/wordpress\/wp-content\/uploads\/2019\/05\/esterno_sud-300x186.jpg 300w, https:\/\/www.radiopiu.net\/wordpress\/wp-content\/uploads\/2019\/05\/esterno_sud-768x476.jpg 768w, https:\/\/www.radiopiu.net\/wordpress\/wp-content\/uploads\/2019\/05\/esterno_sud.jpg 807w\" sizes=\"auto, (max-width: 300px) 100vw, 300px\" \/><\/a>BELLUNO <\/strong>Dopo le aule nuove al liceo Galilei, sono arrivo anche nuovi spazi per il Calvi e il Renier. La Provincia ha acquistato alcuni moduli prefabbricati e in questi giorni sono cominciati i lavori di installazione, nel piazzale dell\u2019istituto Calvi, a Mier. La gettata di cemento per la platea su cui verranno posizionati i container \u00e8 questione di pochi giorni. Poi verranno realizzati gli allacci ai sottoservizi. Entro maggio l\u2019operazione sar\u00e0 completata. <\/span><span class=\"s1\">I moduli garantiranno cinque aule nuove, pi\u00f9 un blocco servizi e una portineria. Tre aule a servizio del Calvi, le restanti due per il Renier. \u00ab<em>Spazi che serviranno per la didattica in tempo di Covid, visto che le misure di sicurezza anti-contagio richiedono pi\u00f9 aule &#8211; spiega la consigliera provinciale delegata all\u2019edilizia scolastica, Serenella Bogana -. Tutti ci auguriamo che l\u2019emergenza passi presto, ma l\u2019organizzazione degli spazi impone un ragionamento di opportunit\u00e0 per cui i nuovi moduli saranno utilissimi anche una volta che il Covid sar\u00e0 archiviato. Serviranno infatti a supporto dei due istituti quando cominceranno i lavori alla palestra del Calvi, dove abbiamo gi\u00e0 predisposto l\u2019adeguamento sismico e l\u2019antincendio. Ricordo che le due scuole di Mier avevano gi\u00e0 sollevato problemi di spazi negli anni scorsi, problemi a cui abbiamo ovviato con l\u2019affitto di alcuni moduli. L\u2019acquisto \u00e8 pi\u00f9 funzionale, perch\u00e9 va a risolvere in via definitiva la questione<\/em>\u00bb. <\/span><span class=\"s1\">Per i lavori di acquisto e installazione dei nuovi container la Provincia ha investito 502mila euro. \u00ab<em>Una cifra importante &#8211; conclude la consigliera Bogana -. Ma gli impegni assunti negli ultimi anni testimoniano che abbiamo sempre messo tra le priorit\u00e0 la sicurezza e il decoro degli istituti scolastici, a beneficio degli studenti e degli insegnanti<\/em>\u00bb.<\/span><\/p>\n<p>&nbsp;<\/p>\n<p>&nbsp;<\/p>\n<hr \/>\n<p>&nbsp;<\/p>\n<blockquote>\n<h3><strong>BOLLO AUTO. REGIONE APPROVA NUOVA CONVENZIONE CON LE AGENZIE. <\/strong><\/h3>\n<\/blockquote>\n<p><strong><a href=\"https:\/\/www.radiopiu.net\/wordpress\/giornale-radio-piu-23-11-direttore-mirko-mezzacasa-2\/441-bolloauto\/\" rel=\"attachment wp-att-25518\"><img loading=\"lazy\" decoding=\"async\" class=\"wp-image-25518 alignleft\" src=\"https:\/\/www.radiopiu.net\/wordpress\/wp-content\/uploads\/2016\/11\/441-bolloauto-300x217.jpg\" alt=\"\" width=\"144\" height=\"104\" \/><\/a>VENEZIA\u00a0<\/strong> La Giunta regionale ha approvato il nuovo piano di collaborazione che vedr\u00e0 le Agenzie di pratiche automobilistiche ancora al fianco della Regione nella consulenza e nella riscossione del bollo auto. La nuova convenzione regoler\u00e0 i rapporti con le APA fino al 31 dicembre 2021 e sar\u00e0 tacitamente prorogata di anno in anno, in assenza di revoca o recesso espressi della Regione. Per raggiungere l\u2019accordo sulla nuova forma di collaborazione la Regione si \u00e8 impegnata a fornire gratuitamente, a ogni Agenzia di Pratiche Auto che aderir\u00e0 alla convenzione, l\u2019accesso vigilato al proprio database, costruito, mantenuto e gestito esclusivamente dalle strutture regionali con propri finanziamenti. Tutte le Agenzie di consulenza automobilistica potranno aderire alla convenzione approvata dalla Giunta regionale compilando e presentando i moduli di adesione alla Direzione Finanza e Tributi.<\/p>\n<p>&nbsp;<\/p>\n<p>&nbsp;<\/p>\n<hr \/>\n<p>&nbsp;<\/p>\n<blockquote>\n<h3>INIZIATI I LAVORI IN VALLE DEL MIS SULLA PROVINCIALE<\/h3>\n<\/blockquote>\n<h3><img loading=\"lazy\" decoding=\"async\" class=\"alignleft\" src=\"https:\/\/www.radiopiu.net\/wordpress\/wp-content\/uploads\/2021\/03\/d1cefc45-a8f4-432d-b66b-ba03ea140813.jpg\" width=\"194\" height=\"92\" \/><\/h3>\n<p>&nbsp;<\/p>\n<p><strong>SOSPIROLO<\/strong> Finalmente sono iniziati&#8230;\u00a0 ieri hanno preso il via ai lavori sulla Strada del Mis finanziati dalla Provincia, in opera con Veneto Strade. La rotabile per Rivamonte-Gosaldo-Agordino-Primiero \u00e8 chiusa da inizio dicembre<\/p>\n<p>&nbsp;<\/p>\n<blockquote class=\"wp-embedded-content\" data-secret=\"VY1luYnqOd\"><p><a href=\"https:\/\/www.radiopiu.net\/wordpress\/sp-3-valle-imperina-il-consigliere-provinciale-fabio-luchetta-immediatamente-la-somma-urgenza\/\">SP 3 VALLE IMPERINA, IL CONSIGLIERE PROVINCIALE FABIO LUCHETTA &#8220;IMMEDIATAMENTE LA SOMMA URGENZA&#8221;<\/a><\/p><\/blockquote>\n<p><iframe loading=\"lazy\" class=\"wp-embedded-content\" sandbox=\"allow-scripts\" security=\"restricted\" style=\"position: absolute; clip: rect(1px, 1px, 1px, 1px);\" title=\"&#8220;SP 3 VALLE IMPERINA, IL CONSIGLIERE PROVINCIALE FABIO LUCHETTA &#8220;IMMEDIATAMENTE LA SOMMA URGENZA&#8221;&#8221; &#8212; Radio Pi\u00f9\" src=\"https:\/\/www.radiopiu.net\/wordpress\/sp-3-valle-imperina-il-consigliere-provinciale-fabio-luchetta-immediatamente-la-somma-urgenza\/embed\/#?secret=VY1luYnqOd\" data-secret=\"VY1luYnqOd\" width=\"600\" height=\"338\" frameborder=\"0\" marginwidth=\"0\" marginheight=\"0\" scrolling=\"no\"><\/iframe><\/p>\n<p>&nbsp;<\/p>\n<hr \/>\n<p>&nbsp;<\/p>\n<blockquote>\n<h3>APPROVATO ODG PER ATTUARE ULTERIORI SOSTEGNI AD ASSOCIAZIONI E SOCIET\u00c0 SPORTIVE<\/h3>\n<\/blockquote>\n<p><strong><a href=\"https:\/\/www.radiopiu.net\/wordpress\/speciale-feltre-fondi-di-confine-e-biblioteche-dal-gr-pomeriggio-di-radio-piu\/roger_de_menech_daticamera\/\" rel=\"attachment wp-att-49599\"><img loading=\"lazy\" decoding=\"async\" class=\"size-full wp-image-49599 alignleft\" src=\"https:\/\/www.radiopiu.net\/wordpress\/wp-content\/uploads\/2018\/05\/Roger_De_Menech_daticamera.jpg\" alt=\"\" width=\"165\" height=\"228\" \/><\/a>ROMA <\/strong>Il governo dovr\u00e0 impegnarsi a promuovere con il primo provvedimento utile ulteriori interventi di sostegno al mondo dell\u2019associazionismo sportivo. Lo prevede l\u2019ordine del giorno approvato questa mattina alla Camera su proposta di un gruppo di deputati del PD, tra cui Andrea Rossi (primo firmatario) e Roger De Menech. \u00ab<em>Le associazioni sportive sono tra i settori imprenditoriali del Paese con riconosciuta funzione sociale e occupazionale\u00bb, ricorda De Menech.\u00a0<\/em><\/p>\n<p><strong>IL DEPUTATO DEL PD ROGER DE MENECH<\/strong><\/p>\n<audio class=\"wp-audio-shortcode\" id=\"audio-198678-5\" preload=\"none\" style=\"width: 100%;\" controls=\"controls\"><source type=\"audio\/mpeg\" src=\"https:\/\/www.radiopiu.net\/wordpress\/wp-content\/uploads\/2021\/03\/DE-MENECH-ODG-SPORT.mp3?_=5\" \/><a href=\"https:\/\/www.radiopiu.net\/wordpress\/wp-content\/uploads\/2021\/03\/DE-MENECH-ODG-SPORT.mp3\">https:\/\/www.radiopiu.net\/wordpress\/wp-content\/uploads\/2021\/03\/DE-MENECH-ODG-SPORT.mp3<\/a><\/audio>\n<p>&nbsp;<\/p>\n<hr \/>\n<p>&nbsp;<\/p>\n<blockquote>\n<h3>DILLO A RADIO PIU&#8217;&#8230; IL RISPETTO DELLE REGOLE<\/h3>\n<\/blockquote>\n<p><strong><img loading=\"lazy\" decoding=\"async\" class=\"alignleft\" src=\"https:\/\/www.radiopiu.net\/wordpress\/wp-content\/uploads\/2021\/03\/cam18-2-scaled.jpg\" width=\"249\" height=\"141\" \/>Ci scrive D.L.<\/strong> <em>Veneto in zona rossa. La gente continua a morire ed ammalarsi. Dov&#8217;\u00e8 il rispetto per quelli che le regole invece le rispettano veramente?\u00a0<\/em><\/p>\n<p><strong>INOLTRE RICEVIAMO DOPO LA PUBBLICAZIONE DI QUESTO ARTICOLO<\/strong> : <em>In merito alla lettera e alle foto proposte da Radio Pi\u00f9 la considerazione di uno che per Covid ha portato a casa la sua pelle per un pelo. A tanta gente basterebbe qualche giorno ( non 20 come ho fatto io) in un reparto\u00a0 Covid o di terapia intensiva di un qualsiasi ospedale per comportarsi in tutt\u2019altra maniera. Certa gente non si rende conto degli enormi rischi che corrono. Comunque&#8230; tanti auguri a tutti.<\/em> Rodolfo Pellegrinon<\/p>\n<p>&nbsp;<\/p>\n<hr \/>\n<p>&nbsp;<\/p>\n<blockquote>\n<h3>CONTRIBUTI PER LO SCI E LA NEVE NEL DL SOSTEGNO, UNCEM: EVITARE SPEREQUAZIONI TRA GRANDI E PICCOLE STAZIONI. RISTORI A TUTTE LE IMPRESE DEI TERRITORI MONTANI<\/h3>\n<\/blockquote>\n<p><strong><a href=\"https:\/\/www.radiopiu.net\/wordpress\/giornale-radiopiu-06-novembre-2020-direttore-mirko-mezzacasa\/logouncem_no_scritta-wdtr\/\" rel=\"attachment wp-att-170846\"><img loading=\"lazy\" decoding=\"async\" class=\"size-medium wp-image-170846 alignleft\" src=\"https:\/\/www.radiopiu.net\/wordpress\/wp-content\/uploads\/2020\/11\/logoUNCEM_no_scritta-wdtr-300x300.jpg\" alt=\"\" width=\"300\" height=\"300\" srcset=\"https:\/\/www.radiopiu.net\/wordpress\/wp-content\/uploads\/2020\/11\/logoUNCEM_no_scritta-wdtr-300x300.jpg 300w, https:\/\/www.radiopiu.net\/wordpress\/wp-content\/uploads\/2020\/11\/logoUNCEM_no_scritta-wdtr-150x150.jpg 150w, https:\/\/www.radiopiu.net\/wordpress\/wp-content\/uploads\/2020\/11\/logoUNCEM_no_scritta-wdtr.jpg 640w\" sizes=\"auto, (max-width: 300px) 100vw, 300px\" \/><\/a>ROMA<\/strong> &#8220;<em>L&#8217;articolo 2 del Decreto Sostegno approvato dal Consiglio dei Ministri venerdi scorso \u00e8 importante per la montagna perch\u00e9 prevede 700milioni per le imprese che gestiscono impianti di risalita e che hanno subito enormi perdite a causa della mancata apertura. Oltre a dare ristoro alle imprese dell&#8217;indotto. Occorre per\u00f2 evitare che, per come \u00e8 scritto ora l&#8217;articolo, si creino sperequazioni tra piccole e grandi stazioni. Le prime potrebbero ricevere quantit\u00e0 esigue di risorse se rester\u00e0 il parametro legato alle presenze, dunque alle notti dormite nelle strutture ricettive. Con il Governo e il Parlamento abbiamo avviato un dialogo per correggere la norma nella conversione parlamentare del decreto che anticipa poi il decreto attuativo. Occorre agire bene e in tempi certi per dare adeguati ristori a tutte le imprese e le professioni dei territori montani, senza penalizzare stazioni sciistiche pi\u00f9 piccole e Comuni ove non vi sono impianti di risalita, che comunque hanno sofferto molto per i mancati flussi turistici di questo inverno<\/em>&#8220;. Lo affermano Roberto Colombero, Presidente Uncem Piemonte, e Marco Bussone, Presidente nazionale Uncem.<\/p>\n<p>&nbsp;<\/p>\n<p>&nbsp;<\/p>\n<hr \/>\n<p>&nbsp;<\/p>\n<blockquote>\n<h3>AMPLIAMENTO DEI PLATEATICI: OPERAZIONE PI\u00d9 FACILE ANCHE PER TUTTO IL 2021<\/h3>\n<\/blockquote>\n<p><strong><a href=\"https:\/\/www.radiopiu.net\/wordpress\/resto-a-casa-e-ci-sentiamo-in-tre-settimane-piu-di-1000-chiamate\/piazza-martiri-belluno\/\" rel=\"attachment wp-att-130647\"><img loading=\"lazy\" decoding=\"async\" class=\"size-medium wp-image-130647 alignleft\" src=\"https:\/\/www.radiopiu.net\/wordpress\/wp-content\/uploads\/2020\/04\/PIAZZA-MARTIRI-BELLUNO-300x212.jpg\" alt=\"\" width=\"300\" height=\"212\" srcset=\"https:\/\/www.radiopiu.net\/wordpress\/wp-content\/uploads\/2020\/04\/PIAZZA-MARTIRI-BELLUNO-300x212.jpg 300w, https:\/\/www.radiopiu.net\/wordpress\/wp-content\/uploads\/2020\/04\/PIAZZA-MARTIRI-BELLUNO.jpg 550w\" sizes=\"auto, (max-width: 300px) 100vw, 300px\" \/><\/a>BELLUNO <\/strong>La Giunta Comunale ha approvato l&#8217;atto di indirizzo che, sulla scia di quanto gi\u00e0 fatto lo scorso anno, ridurr\u00e0 anche per tutto il 2021 il carico di pratiche amministrative per i gestori di locali pubblici che vorranno ampliare i plateatici dei propri esercizi. Le indicazioni ricalcano quelle adottate lo scorso anno: per le occupazioni costituite da arredi non saldamente ancorati a terra, non occorreranno autorizzazioni urbanistiche o edilizie; le richieste dovranno essere corredate da una planimetria in cui devono essere evidenziati gli arredi che si vogliono installare e gli spazi che si intendono occupare, evidenziando le superfici necessarie per garantire il rispetto del distanziamento. Le domande saranno accolte compatibilmente con la disponibilit\u00e0 di spazi e anche con l\u2019eventuale possibilit\u00e0 di sottrarli temporaneamente alle aree di sosta, purch\u00e9 non si tratti di spazi \u201criservati alla sosta di persone con ridotta capacit\u00e0 motoria, o di aree antistanti le vetrine di altri esercenti su sede fissa, o di aree solitamente occupate da associazioni o esposizioni. La decisione di riproporre anche per il 2021 l&#8217;iniziativa si basa anche sulla risposta ottenuta dagli esercenti: nel corso dello scorso anno sono state infatti una ventina le richieste di ampliamento raccolte e autorizzate da Palazzo Rosso, che hanno interessato non solo il centro storico, ma anche alcune frazioni.<\/p>\n<p>&nbsp;<\/p>\n<p>&nbsp;<\/p>\n<hr \/>\n<p>&nbsp;<\/p>\n<blockquote>\n<h3>VENERDI&#8217; IL CONSIGLIO COMUNALE A ROCCA PIETORE<\/h3>\n<\/blockquote>\n<p><strong>ROCCA PIETORE<\/strong> Il Sindaco di Rocca Pietore Andrea De Bernardin ha convocato il consiglio comunale per venerd\u00ec alle 14 presso la sala &#8220;El Teaz&#8221;. Sono 17 i punti da discutere tra cui l&#8217;approvazione del DUP, il canone unico di concessione del suolo pubblico e di esposizione pubblicitaria e la gestione associata del servizio tributi e della riscossione coattiva delle entrate comunali. Saranno ben 10 le interrogazioni della minoranza su vari temi che comprendono tutto il comune di Rocca Pietore. Il consiglio comunale sar\u00e0 trasmesso sui canali facebook, telegram, youtube di Radio Pi\u00f9. Martedi sera dalle 20.30 integralmente sulle frequenze Fm<\/p>\n<p>&nbsp;<\/p>\n<p>&nbsp;<\/p>\n<hr \/>\n<p>&nbsp;<\/p>\n<blockquote>\n<h3>NEL CONSIGLIO COMUNALE DI GOSALDO SI PARLA DELLA CASERMA DEI CARABINIERI<\/h3>\n<\/blockquote>\n<p><strong>GOSALDO<\/strong> Il sindaco di Gosaldo Stefano Da Zanche ha convocato per venerd\u00ec alle 18 il consiglio comunale in via telematica. Il tema della discussione sar\u00e0 la chiusura della caserma dei Carabinieri.<\/p>\n<p>&nbsp;<\/p>\n<p>&nbsp;<\/p>\n<hr \/>\n<p>&nbsp;<\/p>\n<blockquote>\n<h3>\u00a0IL COMUNE PRESENTA IL DUP<\/h3>\n<\/blockquote>\n<p><strong>CANALE D&#8217;AGORDO\u00a0<\/strong> Lunedi alle 20.05 consiglio comunale a porte chiuse (in diretta sui canali, facebook. istagram e youtube di Radio Pi\u00f9). Il sindaco Flavio Colcergnan firma l&#8217;ordine del giorno con 7 punti in discussione: prelievo dal fondi di riserva, approvazione documento unico di programmazione, verifica aree fabbricabili, addizionale comunale conferma aliquota per il triennio, Imu conferma aliquote e detrazioni per il 2021 e regolamento per la disciplina del canone patrimoniale di concessione, autorizzazione, esposizione pubblicitaria.<\/p>\n<p>&nbsp;<\/p>\n<hr \/>\n<p>&nbsp;<\/p>\n<blockquote>\n<h3>AL VIA IL NUOVO CORSO FORMATIVO SULL\u2019AMMINISTRAZIONE DI SOSTEGNO<\/h3>\n<\/blockquote>\n<p><strong>BELLUNO <\/strong>Un nuovo corso online di formazione sull\u2019amministrazione di sostegno. Si tratta di un aggiornamento per\u00a0 gli amministratori e i responsabili dei servizi sociosanitari e degli operatori. Approfondimento, operativit\u00e0 concreta e criticit\u00e0 proposte: questi i temi che si andranno ad affrontare in sessione pomeridiana (dalle 14.30 alle 18.30) per quattro venerd\u00ec. S\u2019inizia il 9 aprile con il modulo giuridico-procedurale per proseguire il 16 (modulo giuridico-esperienziale -progetto di cura), il 23 (modulo sociale\u00a0 e socio sanitario) e il 30 (modulo operativo e psicologico). Il corso \u00e8 proposto da Comitato d\u2019Intesa di Belluno con la collaborazione di Csv Belluno Treviso, Tribunale di Belluno, Ulss 1 Dolomiti, Conferenza dei sindaci di Belluno e Feltre, Ordine professionale degli assistenti sociali.<\/p>\n<p>&nbsp;<\/p>\n<p>&nbsp;<\/p>\n<hr \/>\n<p>&nbsp;<\/p>\n<blockquote>\n<h3>LA MONGOLFIERA DI GIORGIA, ECCO IL NUOVO BANDO<\/h3>\n<\/blockquote>\n<blockquote><p><em>una lodevole abitudine quella dell\u2019associazione di presentare ogni anno, con l\u2019occasione, un nuovo bando rivolto agli adolescenti tra i 13 ed i 24 anni in condizioni di disabilit\u00e0 certificata che hanno bisogno di un po&#8217; di sollievo. <\/em><\/p><\/blockquote>\n<p style=\"text-align: left;\"><strong><a href=\"https:\/\/www.radiopiu.net\/wordpress\/la-mongolfiera-di-giorgia-ecco-il-nuovo-bando\/giorgia-praloran-5\/\" rel=\"attachment wp-att-198740\"><img loading=\"lazy\" decoding=\"async\" class=\" wp-image-198740 alignleft\" src=\"https:\/\/www.radiopiu.net\/wordpress\/wp-content\/uploads\/2021\/03\/Giorgia-Praloran-300x201.jpg\" alt=\"\" width=\"193\" height=\"129\" srcset=\"https:\/\/www.radiopiu.net\/wordpress\/wp-content\/uploads\/2021\/03\/Giorgia-Praloran-300x201.jpg 300w, https:\/\/www.radiopiu.net\/wordpress\/wp-content\/uploads\/2021\/03\/Giorgia-Praloran-1024x685.jpg 1024w, https:\/\/www.radiopiu.net\/wordpress\/wp-content\/uploads\/2021\/03\/Giorgia-Praloran-768x514.jpg 768w, https:\/\/www.radiopiu.net\/wordpress\/wp-content\/uploads\/2021\/03\/Giorgia-Praloran-1536x1028.jpg 1536w, https:\/\/www.radiopiu.net\/wordpress\/wp-content\/uploads\/2021\/03\/Giorgia-Praloran.jpg 1600w\" sizes=\"auto, (max-width: 193px) 100vw, 193px\" \/><\/a>BELLUNO<\/strong>\u00a0 Da venerd\u00ec sar\u00e0 possibile prendere parte al nuovo bando solidale dell\u2019associazione \u201cLa mongolfiera di Giorgia\u201d. La data\u00a0 coincide con il ventiquattresimo compleanno di Giorgia Praloran, giovane purtroppo scomparsa nel 2016 a causa di una malattia aggressiva. Come di consueto, l\u2019associazione si propone di sostenere progetti e iniziative finalizzate a favorire il miglioramento della qualit\u00e0 di vita dei giovani. Possono presentare domanda soggetti, residenti in Veneto o seguiti da strutture pubbliche sanitarie del Veneto, con disabilit\u00e0 anche temporanee, legalmente certificate, tra i 13 e i 24 anni. L\u2019associazione potr\u00e0 anche erogare fondi a soggetti beneficiari direttamente segnalati ufficialmente dall\u2019Ulss di competenza. Le domande dovranno essere presentate tra il 26 marzo e il 25 maggio 2021, con l\u2019invio del modulo scaricabile da www.lamongolfieradigiorgia.it o richiedibile all\u2019e-mail lamongolfieradigiorgia@gmail.com; l\u2019associazione si riserva di prorogare i termini di scadenza in relazione all\u2019andamento dell\u2019emergenza sanitaria e alle eventuali disposizioni governative in merito.<\/p>\n<p>&nbsp;<\/p>\n<hr \/>\n<p>&nbsp;<\/p>\n<blockquote>\n<h3>DA OGGI LAVORI IN CENTRO A TAIBON<\/h3>\n<\/blockquote>\n<p><strong>TAIBON<\/strong> Si informa che per consentire i lavori di allacciamento all&#8217;infrastruttura della fibra, \u00e8 prevista l\u2019istituzione del divieto di transito a tutti i veicoli, lungo la strada comunale da Piazzale 4 novembre 1918 &#8211; intersezione con via Foch, via P. Nenni e via A. Brustolon fino all\u2019intersezione con via della Chiesa, da oggi a venerd\u00ec, dalle 8 alle 18.<\/p>\n<p>&nbsp;<\/p>\n<p>&nbsp;<\/p>\n<hr \/>\n<p>&nbsp;<\/p>\n<blockquote>\n<h3>LAVORI DI ASFALTATURA IN VIA NASSA A FELTRE<\/h3>\n<\/blockquote>\n<p><strong>FELTRE <\/strong>Fino al 2 aprile lavori in corso in via Nassa a Feltre dove sono previsti degli interventi straordinari di asfaltatura. Dalle 8 alle 18 sar\u00e0 vietato il transito a tutti i veicoli, cicli e motocicli. Il passaggio sar\u00e0 consentito solo ed esclusivamente ai residenti nei tratti non soggetti ai lavori. Sar\u00e0 garantito il transito pedonale in sicurezza.<\/p>\n<p>&nbsp;<\/p>\n<p>&nbsp;<\/p>\n<hr \/>\n<p>&nbsp;<\/p>\n<blockquote>\n<h3>LA GUARDIA DI FINANZA APRE IL CONCORSO PER 66 ALLIEVI UFFICIALI E 10 TENENTI<\/h3>\n<\/blockquote>\n<p><strong><a href=\"https:\/\/www.radiopiu.net\/wordpress\/vendono-una-centrale-idroelettrica-eludendo-il-fisco\/guardia-di-finanza-auto_full1\/\" rel=\"attachment wp-att-5016\"><img loading=\"lazy\" decoding=\"async\" class=\"size-medium wp-image-5016 alignleft\" src=\"https:\/\/www.radiopiu.net\/wordpress\/wp-content\/uploads\/2015\/05\/guardia-di-finanza-auto_full1-300x224.jpg\" alt=\"\" width=\"300\" height=\"224\" \/><\/a>BELLUNO<\/strong> La Guardia di Finanza \u00e8 alla ricerca di allievi ufficiali. \u00c8 partito in questi giorni il concorso pubblico, per titoli ed esami, per l&#8217;ammissione di 66 allievi ufficiali del ruolo normale, comparto ordinario e aeronavale, all&#8217;Accademia della Guardia di Finanza per l&#8217;anno accademico 2021-2022. I candidati devono aver compiuto i 17 anni di et\u00e0 alla data del 1 gennaio 2021, devono essere in possesso di un diploma di istruzione secondaria di secondo grado che consenta l&#8217;iscrizione a corsi di laurea o che lo conseguano nell&#8217;anno scolastico 2020\/21. La domanda di partecipazione al concorso dovr\u00e0 essere compilata tramite procedura telematica all&#8217;indirizzo concorsi.gdf.gov.it e dovr\u00e0 essere effettuata entro le 12 del 8 aprile 2021. Per altre informazioni sul concorso basta accedere al sito del concorso.<\/p>\n<p>Sempre la Guardia di Finanza sta reclutando 3 allievi finanzieri del contingente ordinario, selezione riservata al coniuge e ai figli superstiti, nonch\u00e8 ai fratelli o alle sorelle del personale delle Forze di Polizia, deceduto o reso pemanentemente invalido per causa di servizio.<\/p>\n<p>&nbsp;<\/p>\n<p>&nbsp;<\/p>\n<hr \/>\n<p>&nbsp;<\/p>\n<blockquote>\n<h3>GLI ALPINI DI ALLEGHE APRONO UN CONTO CORRENTE PER AIUTARE GUERRINO BELLENZIER<\/h3>\n<\/blockquote>\n<p><strong><a href=\"https:\/\/www.radiopiu.net\/wordpress\/gli-alpini-di-alleghe-aprono-un-conto-corrente-per-aiutare-guerrino-bellenzier\/alpini-alleghe\/\" rel=\"attachment wp-att-198175\"><img loading=\"lazy\" decoding=\"async\" class=\"size-medium wp-image-198175 alignleft\" src=\"https:\/\/www.radiopiu.net\/wordpress\/wp-content\/uploads\/2021\/03\/ALPINI-ALLEGHE-300x138.png\" alt=\"\" width=\"300\" height=\"138\" srcset=\"https:\/\/www.radiopiu.net\/wordpress\/wp-content\/uploads\/2021\/03\/ALPINI-ALLEGHE-300x138.png 300w, https:\/\/www.radiopiu.net\/wordpress\/wp-content\/uploads\/2021\/03\/ALPINI-ALLEGHE-768x353.png 768w, https:\/\/www.radiopiu.net\/wordpress\/wp-content\/uploads\/2021\/03\/ALPINI-ALLEGHE.png 778w\" sizes=\"auto, (max-width: 300px) 100vw, 300px\" \/><\/a>ALLEGHE<\/strong> Nella notte del 12 marzo. l&#8217;abitazione di Guerrino Bellenzier (piu conosciuto come Tobia) \u00e8 stata interessata da un incendio che ha causate notevoli danni alla struttura della casa. Tobia e persona da sempre presente e disponibile per la comunit\u00e0 Alleghese nella quale ha ricoperto le cariche di consigliere ed assessore comunale. E&#8217; stato anche consigliere e capogruppo degli Alpini di Alleghe, nonch\u00e8 fondatore, insieme a Siro De Biasio, del Coro Alpino &#8220;Monte Civetta&#8221;. Attualmente e ancora attivissimo vice capogruppo ed e per questo motive che i suoi amici alpini hanno ritenuto di attivarsi ed essere vicini a Tobia, aprendo presso Cortinabanca &#8211; sede di Alleghe &#8211; un conto corrente sul quale raccogliere contributi per quanti volessero aderire a questa iniziativa. Le coordinate bancarie del conto intestate a Gruppo Ana Alleghe sottoscrizione per &#8220;&#8221;Tobia&#8221;&#8221; danni da incendio sono le seguenti:&#8221; IT 21 C 08511 61001 000000041707 L&#8217;attuale Capogruppo Cristian De Toni, anche a nome di tutto ii Consiglio del Gruppo ANA Alleghe, ringrazia quanti vorranno condividere l&#8217;iniziativa.<\/p>\n<p>&nbsp;<\/p>\n<p>&nbsp;<\/p>\n<hr \/>\n<p>&nbsp;<\/p>\n<div class=\"page-title-head hgroup\">\n<blockquote>\n<h3 class=\"entry-title\">DALLO SCAFFALE DI MASSIMO MAN KARTING TORMEN<\/h3>\n<\/blockquote>\n<p><strong>VOLTAGO<\/strong> E dallo scaffale&#8230; spunta la fotografia.\u00a0Finale internazionale Championkart del 2011 dove il &#8220;mio&#8221; team Agordino Karting schierava da sinistra Marco Tormen ,Leonardo Peretti ,Luca Tormen Vincitore cat. senior,Simone Selle vincitore cat. Junior,Andrea Selle,Nicolo Zin e il nostro grande amico Gigi corazza<\/p>\n<p><a href=\"https:\/\/www.radiopiu.net\/wordpress\/dallo-scaffale-di-massimo-man-karting-tormen\/agordino-karting\/\" rel=\"attachment wp-att-198877\"><img loading=\"lazy\" decoding=\"async\" class=\"alignnone wp-image-198877 size-full\" src=\"https:\/\/www.radiopiu.net\/wordpress\/wp-content\/uploads\/2021\/03\/Agordino-Karting.jpg\" alt=\"\" width=\"2364\" height=\"1460\" srcset=\"https:\/\/www.radiopiu.net\/wordpress\/wp-content\/uploads\/2021\/03\/Agordino-Karting.jpg 2364w, https:\/\/www.radiopiu.net\/wordpress\/wp-content\/uploads\/2021\/03\/Agordino-Karting-300x185.jpg 300w, https:\/\/www.radiopiu.net\/wordpress\/wp-content\/uploads\/2021\/03\/Agordino-Karting-1024x632.jpg 1024w, https:\/\/www.radiopiu.net\/wordpress\/wp-content\/uploads\/2021\/03\/Agordino-Karting-768x474.jpg 768w, https:\/\/www.radiopiu.net\/wordpress\/wp-content\/uploads\/2021\/03\/Agordino-Karting-1536x949.jpg 1536w, https:\/\/www.radiopiu.net\/wordpress\/wp-content\/uploads\/2021\/03\/Agordino-Karting-2048x1265.jpg 2048w\" sizes=\"auto, (max-width: 2364px) 100vw, 2364px\" \/><\/a><\/p>\n<p>&nbsp;<\/p>\n<\/div>\n<div class=\"page-title-breadcrumbs\"><\/div>\n<p>&nbsp;<\/p>\n<hr \/>\n<p>&nbsp;<\/p>\n<blockquote>\n<h3>\u201cVIVA VITTORIA TRE CIME DI LAVAREDO\u201d<\/h3>\n<\/blockquote>\n<p><strong>Di Renato Bona<\/strong><\/p>\n<p>Invito a realizzare quadrati 50&#215;50 a maglia, ferri o uncinetto, di lana o cotone o filato per ricavarne una enorme coperta da stendere ai piedi dei monti auronzani Il parroco di San Giovanni Bosco di Belluno, don Claudio Zamperin ha annunciato domenica, in chiusura della messa celebrata da don Vinicio Greggio, la sua personale adesione al progetto \u201cViva Vittoria\u201d, nato nel 2015 con l\u2019associazione prima costituita a Brescia, che si propone di sensibilizzare l\u2019opinione pubblica sul problema della violenza sulle donne. Ed ha sinteticamente esposto l\u2019iniziativa che, per quanto riguarda la realt\u00e0 provinciale bellunese, il prossimo 4 settembre culminer\u00e0 con la stesura di un\u2019enorme coperta composta da coperte formate da quadrati 50&#215;50 che le volontarie, ma anche i signori uomini, si spera numerosi, realizzeranno per \u201cun\u2019opera che coprir\u00e0 l\u2019area ai piedi delle Tre Cime di Lavaredo ad Auronzo di Cadore. Ci sono gi\u00e0 svariate adesioni in provincia di Belluno a \u201cViva Vittoria\u201d che \u00e8 opera relazionale condivisa \u201cche vuole unire tutta la provincia nel dire appunto no fermo alla violenza sulle donne: Belluno Donna, Coop.Blhyster, Onda Rosa Aps, Fidapa Belluno, Comitato Gocce di Sole Onlus, Ass. Jabar, Koin\u00e8-linguaggi comuni, Papiria, Ass.TILT dis-carica solidale, Il Tasso, Non una di meno Belluno, Donne come noi-Women like us, Ass.volontariato Tutti in Campo, Sez.Cai Auronzo, Auser Lentiai-Borgo Valbelluna, Pro loco Tiziano Pieve di Cadore, Gruppo folkloristico Drio le P\u00e8che -Lamon, Pro Loco Valle di Cadore, Il Fil\u00f2 del Castel di Seren del Grappa, Commissione Diritti Civili e Politiche di Genere-Comune di Ponte nelle Alpi, Comune di Comelico Superiore, Ass.Arte Fibre Dolomiti, Spazio Amico Noi Ci Siamo di Limana. Gruppo Ferri Girotondo di Galleria Maraga- BL. E l\u2019elenco \u00e8 destinato ad allungarsi. Intanto ad iniziativa di aderenti convinti \u00e8 stato realizzato e distribuito ai fedeli della parrocchia salesiana un volantino illustrativo che invita a confezionare (con tanto di firma sul retro) i quadrati in lana o cotone fino al 20 agosto quando saranno raccolti, cuciti sino a formare una serie di coperte da esporre appunto ai piedi delle Tre Cime il 4 settembre. Viene annunciato che \u201ca fine giornata, chi vorr\u00e0 potr\u00e0 portarsi a casa una coperta facendo una donazione ed il ricavato andr\u00e0 direttamente a donne vittime di violenza fisica e-o psicologica, seguite da Belluno donna (Centro antiviolenza Belluno), coop. Blhyster di Sedico e Onda Rossa dell\u2019Alpago\u201d. Sar\u00e0 \u2013 si legge ancora \u2013 \u201cUna piccola \u2018dote\u2019 simbolica per una nuova vita. Tesseremo fili di lana ma anche relazioni. Si pu\u00f2 aderire singolarmente o lavorando in gruppo (naturalmente con le precauzioni che conosciamo\u201d. E chi non sa lavorare ai ferri, pu\u00f2 aderire promuovendo l\u2019iniziativa o rendendosi disponibile per altri compiti: basta contattare gli organizzatori tramite la pagina facebook Viva Vittoria Tre Cime di Lavaredo. Insieme possiamo fare la differenza e sentirci uniti da un filo comune. Il filo rosso che unir\u00e0 i quadrati ed \u00e8 simbolo del no alla violenza di genere. L\u2019appello si conclude cos\u00ec: \u201cIn un momento di isolamento forzato come quello che stiamo vivendo pu\u00f2 essere una buona opportunit\u00e0 per sentirsi meno soli e sicuramente utili\u201d. Chi fosse interessato ad ulteriori informazioni potr\u00e0 rivolgersi allo stesso don Claudio, nella parrocchia salesiana di Piazza San Giovanni Bosco. All\u2019indomani dell\u2019annuale Festa della donna, l\u20198 marzo scorso, il sito \u201cnewsinquota.it\u201d precisava che le Tre Cime sono la diciottesima location ad accogliere l\u2019idea di Viva Vittoria e che a portare tra le Dolomiti il progetto \u00e8 l\u2019associazione Up \u2013 I sogni fuori del cassetto che ha coinvolto diverse associazioni della provincia: sono gi\u00e0 oltre venti\u201d. Ancora: \u201cGi\u00e0 individuati due centri di raccolta: a Belluno e ad Auronzo. L\u00ec arriveranno i vari quadrati che poi verranno assemblati con un filo rosso, simbolo della lotta alla violenza di genere\u201d. Il ricavato dalla vendita delle singole coperte sar\u00e0 devoluto a tre sodalizi impegnati da sempre in quello che \u00e8 definito \u201caiuto in rosa\u201d: Belluno Donna e Cooperativa Blhyster (si occupa del reinserimenti delle donne che hanno subito violenza) e Onda Rossa, rete che supporta le donne ed \u00e8 stata costituita con l\u2019egida dell\u2019ospedale \u201cSan Martino\u201d di Belluno. La presidentessa dell\u2019associazione bresciana Cristina Begni ha affermato che: \u201cE\u2019 un grande onore annoverare le Tre Cime di Lavaredo come diciottesimo luogo del progetto \u2018Viva Vittoria\u2019 perch\u00e9 non credo ci sia posto migliore per raccontare la coralit\u00e0 di questo progetto che coinvolte non solo le donne ma anche gli uomini giovani e meno giovani\u201d.<\/p>\n\n\t\t\t<style type='text\/css'>\n\t\t\t\t#gallery-3 {\n\t\t\t\t\tmargin: auto;\n\t\t\t\t}\n\t\t\t\t#gallery-3 .gallery-item {\n\t\t\t\t\tfloat: left;\n\t\t\t\t\tmargin-top: 10px;\n\t\t\t\t\ttext-align: center;\n\t\t\t\t\twidth: 25%;\n\t\t\t\t}\n\t\t\t\t#gallery-3 img {\n\t\t\t\t\tborder: 2px solid #cfcfcf;\n\t\t\t\t}\n\t\t\t\t#gallery-3 .gallery-caption {\n\t\t\t\t\tmargin-left: 0;\n\t\t\t\t}\n\t\t\t\t\/* see gallery_shortcode() in wp-includes\/media.php *\/\n\t\t\t<\/style>\n\t\t<div id='gallery-3' class='dt-gallery-container gallery galleryid-198678 gallery-columns-4 gallery-size-thumbnail'><dl class='gallery-item'>\n\t\t\t\t<dt class='gallery-icon landscape'>\n\t\t\t\t\t<a class=\"rollover rollover-zoom dt-pswp-item\" title=\"164072755_1059333584546639_4282793497471383278_n\" data-dt-img-description=\"\" data-large_image_width=\"225\" data-large_image_height=\"225\"href='https:\/\/www.radiopiu.net\/wordpress\/wp-content\/uploads\/2021\/03\/164072755_1059333584546639_4282793497471383278_n.jpg'><img loading=\"lazy\" decoding=\"async\" width=\"150\" height=\"150\" src=\"https:\/\/www.radiopiu.net\/wordpress\/wp-content\/uploads\/2021\/03\/164072755_1059333584546639_4282793497471383278_n-150x150.jpg\" class=\"attachment-thumbnail size-thumbnail\" alt=\"\" srcset=\"https:\/\/www.radiopiu.net\/wordpress\/wp-content\/uploads\/2021\/03\/164072755_1059333584546639_4282793497471383278_n-150x150.jpg 150w, https:\/\/www.radiopiu.net\/wordpress\/wp-content\/uploads\/2021\/03\/164072755_1059333584546639_4282793497471383278_n.jpg 225w\" sizes=\"auto, (max-width: 150px) 100vw, 150px\" \/><\/a>\n\t\t\t\t<\/dt><\/dl><dl class='gallery-item'>\n\t\t\t\t<dt class='gallery-icon landscape'>\n\t\t\t\t\t<a class=\"rollover rollover-zoom dt-pswp-item\" title=\"164058081_119492333430881_1498326540660572149_n\" data-dt-img-description=\"\" data-large_image_width=\"259\" data-large_image_height=\"194\"href='https:\/\/www.radiopiu.net\/wordpress\/wp-content\/uploads\/2021\/03\/164058081_119492333430881_1498326540660572149_n.jpg'><img loading=\"lazy\" decoding=\"async\" width=\"150\" height=\"150\" src=\"https:\/\/www.radiopiu.net\/wordpress\/wp-content\/uploads\/2021\/03\/164058081_119492333430881_1498326540660572149_n-150x150.jpg\" class=\"attachment-thumbnail size-thumbnail\" alt=\"\" \/><\/a>\n\t\t\t\t<\/dt><\/dl><dl class='gallery-item'>\n\t\t\t\t<dt class='gallery-icon landscape'>\n\t\t\t\t\t<a class=\"rollover rollover-zoom dt-pswp-item\" title=\"163930751_169792268202850_7027031853789622117_n\" data-dt-img-description=\"\" data-large_image_width=\"748\" data-large_image_height=\"421\"href='https:\/\/www.radiopiu.net\/wordpress\/wp-content\/uploads\/2021\/03\/163930751_169792268202850_7027031853789622117_n.jpg'><img loading=\"lazy\" decoding=\"async\" width=\"150\" height=\"150\" src=\"https:\/\/www.radiopiu.net\/wordpress\/wp-content\/uploads\/2021\/03\/163930751_169792268202850_7027031853789622117_n-150x150.jpg\" class=\"attachment-thumbnail size-thumbnail\" alt=\"\" \/><\/a>\n\t\t\t\t<\/dt><\/dl><dl class='gallery-item'>\n\t\t\t\t<dt class='gallery-icon landscape'>\n\t\t\t\t\t<a class=\"rollover rollover-zoom dt-pswp-item\" title=\"164169909_177006530777806_8077201387683551206_n\" data-dt-img-description=\"\" data-large_image_width=\"150\" data-large_image_height=\"150\"href='https:\/\/www.radiopiu.net\/wordpress\/wp-content\/uploads\/2021\/03\/164169909_177006530777806_8077201387683551206_n.jpg'><img loading=\"lazy\" decoding=\"async\" width=\"150\" height=\"150\" src=\"https:\/\/www.radiopiu.net\/wordpress\/wp-content\/uploads\/2021\/03\/164169909_177006530777806_8077201387683551206_n-150x150.jpg\" class=\"attachment-thumbnail size-thumbnail\" alt=\"\" \/><\/a>\n\t\t\t\t<\/dt><\/dl><br style=\"clear: both\" \/><dl class='gallery-item'>\n\t\t\t\t<dt class='gallery-icon landscape'>\n\t\t\t\t\t<a class=\"rollover rollover-zoom dt-pswp-item\" title=\"163850203_2999658973597999_1342757531506139435_n\" data-dt-img-description=\"\" data-large_image_width=\"768\" data-large_image_height=\"768\"href='https:\/\/www.radiopiu.net\/wordpress\/wp-content\/uploads\/2021\/03\/163850203_2999658973597999_1342757531506139435_n.jpg'><img loading=\"lazy\" decoding=\"async\" width=\"150\" height=\"150\" src=\"https:\/\/www.radiopiu.net\/wordpress\/wp-content\/uploads\/2021\/03\/163850203_2999658973597999_1342757531506139435_n-150x150.jpg\" class=\"attachment-thumbnail size-thumbnail\" alt=\"\" srcset=\"https:\/\/www.radiopiu.net\/wordpress\/wp-content\/uploads\/2021\/03\/163850203_2999658973597999_1342757531506139435_n-150x150.jpg 150w, https:\/\/www.radiopiu.net\/wordpress\/wp-content\/uploads\/2021\/03\/163850203_2999658973597999_1342757531506139435_n-300x300.jpg 300w, https:\/\/www.radiopiu.net\/wordpress\/wp-content\/uploads\/2021\/03\/163850203_2999658973597999_1342757531506139435_n.jpg 768w\" sizes=\"auto, (max-width: 150px) 100vw, 150px\" \/><\/a>\n\t\t\t\t<\/dt><\/dl><dl class='gallery-item'>\n\t\t\t\t<dt class='gallery-icon landscape'>\n\t\t\t\t\t<a class=\"rollover rollover-zoom dt-pswp-item\" title=\"164797229_441144543766311_1727351349601927115_n\" data-dt-img-description=\"\" data-large_image_width=\"2560\" data-large_image_height=\"2163\"href='https:\/\/www.radiopiu.net\/wordpress\/wp-content\/uploads\/2021\/03\/164797229_441144543766311_1727351349601927115_n-scaled.jpg'><img loading=\"lazy\" decoding=\"async\" width=\"150\" height=\"150\" src=\"https:\/\/www.radiopiu.net\/wordpress\/wp-content\/uploads\/2021\/03\/164797229_441144543766311_1727351349601927115_n-150x150.jpg\" class=\"attachment-thumbnail size-thumbnail\" alt=\"\" \/><\/a>\n\t\t\t\t<\/dt><\/dl><dl class='gallery-item'>\n\t\t\t\t<dt class='gallery-icon landscape'>\n\t\t\t\t\t<a class=\"rollover rollover-zoom dt-pswp-item\" title=\"164825395_554620502119877_1276112328238830538_n\" data-dt-img-description=\"\" data-large_image_width=\"700\" data-large_image_height=\"455\"href='https:\/\/www.radiopiu.net\/wordpress\/wp-content\/uploads\/2021\/03\/164825395_554620502119877_1276112328238830538_n.jpg'><img loading=\"lazy\" decoding=\"async\" width=\"150\" height=\"150\" src=\"https:\/\/www.radiopiu.net\/wordpress\/wp-content\/uploads\/2021\/03\/164825395_554620502119877_1276112328238830538_n-150x150.jpg\" class=\"attachment-thumbnail size-thumbnail\" alt=\"\" \/><\/a>\n\t\t\t\t<\/dt><\/dl><dl class='gallery-item'>\n\t\t\t\t<dt class='gallery-icon landscape'>\n\t\t\t\t\t<a class=\"rollover rollover-zoom dt-pswp-item\" title=\"163973428_962097524327624_577306398548289192_n\" data-dt-img-description=\"\" data-large_image_width=\"700\" data-large_image_height=\"465\"href='https:\/\/www.radiopiu.net\/wordpress\/wp-content\/uploads\/2021\/03\/163973428_962097524327624_577306398548289192_n.jpg'><img loading=\"lazy\" decoding=\"async\" width=\"150\" height=\"150\" src=\"https:\/\/www.radiopiu.net\/wordpress\/wp-content\/uploads\/2021\/03\/163973428_962097524327624_577306398548289192_n-150x150.jpg\" class=\"attachment-thumbnail size-thumbnail\" alt=\"\" \/><\/a>\n\t\t\t\t<\/dt><\/dl><br style=\"clear: both\" \/>\n\t\t\t<\/div>\n\n<p>NELLE FOTO (siti: filopercreare, linkedin, L\u2019Eco di Bergamo, Renato Bona, Wikipedia): il logo del volantino che annuncia la giornata di Auronzo di Cadore per il no alla violenza sulle donne; immagine delle Tre Cime di Lavaredo; il parroco di San Giovanni Bosco di Belluno, don Claudio Zamperin; Cristina Begni (terza da sinistra con alcune collaboratrici) che presiede l\u2019associazione nata per prima a Brescia; signore al lavoro; quadrati gi\u00e0 pronti.<\/p>\n<p>&nbsp;<\/p>\n<p>&nbsp;<\/p>\n<hr \/>\n<p>&nbsp;<\/p>\n<h2><span style=\"color: #ff0000;\">IERI ALLA RADIO<\/span><\/h2>\n<h2><strong><a href=\"https:\/\/www.radiopiu.net\/wordpress\/marco-prian-di-mito-sport-e-il-nuovo-reparto-dedicato-al-running\/e8d55c4f-b0e1-4d5a-a4b8-fbfb77f6309c\/\" rel=\"attachment wp-att-198822\"><img loading=\"lazy\" decoding=\"async\" class=\"size-medium wp-image-198822 alignleft\" src=\"https:\/\/www.radiopiu.net\/wordpress\/wp-content\/uploads\/2021\/03\/e8d55c4f-b0e1-4d5a-a4b8-fbfb77f6309c-300x225.jpg\" alt=\"\" width=\"300\" height=\"225\" srcset=\"https:\/\/www.radiopiu.net\/wordpress\/wp-content\/uploads\/2021\/03\/e8d55c4f-b0e1-4d5a-a4b8-fbfb77f6309c-300x225.jpg 300w, https:\/\/www.radiopiu.net\/wordpress\/wp-content\/uploads\/2021\/03\/e8d55c4f-b0e1-4d5a-a4b8-fbfb77f6309c-1024x768.jpg 1024w, https:\/\/www.radiopiu.net\/wordpress\/wp-content\/uploads\/2021\/03\/e8d55c4f-b0e1-4d5a-a4b8-fbfb77f6309c-768x576.jpg 768w, https:\/\/www.radiopiu.net\/wordpress\/wp-content\/uploads\/2021\/03\/e8d55c4f-b0e1-4d5a-a4b8-fbfb77f6309c-1536x1152.jpg 1536w, https:\/\/www.radiopiu.net\/wordpress\/wp-content\/uploads\/2021\/03\/e8d55c4f-b0e1-4d5a-a4b8-fbfb77f6309c.jpg 2048w\" sizes=\"auto, (max-width: 300px) 100vw, 300px\" \/><\/a><\/strong><span style=\"color: #800080;\">MARCO PRIAN DI MITO SPORT E IL NUOVO REPARTO DEDICATO AL RUNNING<\/span><\/h2>\n<p><strong>di Claudio Fontanive<\/strong><\/p>\n<p>&nbsp;<\/p>\n<audio class=\"wp-audio-shortcode\" id=\"audio-198678-6\" preload=\"none\" style=\"width: 100%;\" controls=\"controls\"><source type=\"audio\/mpeg\" src=\"https:\/\/www.radiopiu.net\/wordpress\/wp-content\/uploads\/2021\/03\/marco-prian-mito-sport.mp3?_=6\" \/><a href=\"https:\/\/www.radiopiu.net\/wordpress\/wp-content\/uploads\/2021\/03\/marco-prian-mito-sport.mp3\">https:\/\/www.radiopiu.net\/wordpress\/wp-content\/uploads\/2021\/03\/marco-prian-mito-sport.mp3<\/a><\/audio>\n<p>&nbsp;<\/p>\n<hr \/>\n<p>&nbsp;<\/p>\n<p>&nbsp;<\/p>\n<blockquote>\n<h3>IO NE HO VISTE COSE CHE VOI NON POTRESTE IMMAGINARVI<\/h3>\n<\/blockquote>\n<p>un programma di Claudio Pra, dal lunedi al venerdi \u00a0alle 8.45 ed in replica alle 19.45.<\/p>\n<p><strong><span style=\"font-family: Times New Roman, serif;\"><span style=\"font-size: medium;\"><a href=\"https:\/\/www.radiopiu.net\/wordpress\/da-lunedi-il-nuovo-programma-di-claudio-pra\/41ee0f8e-fc70-4224-870f-c32beeeef768\/\" rel=\"attachment wp-att-198506\"><img loading=\"lazy\" decoding=\"async\" class=\"wp-image-198506 alignleft\" src=\"https:\/\/www.radiopiu.net\/wordpress\/wp-content\/uploads\/2021\/03\/41ee0f8e-fc70-4224-870f-c32beeeef768-300x200.jpg\" alt=\"\" width=\"134\" height=\"89\" srcset=\"https:\/\/www.radiopiu.net\/wordpress\/wp-content\/uploads\/2021\/03\/41ee0f8e-fc70-4224-870f-c32beeeef768-300x200.jpg 300w, https:\/\/www.radiopiu.net\/wordpress\/wp-content\/uploads\/2021\/03\/41ee0f8e-fc70-4224-870f-c32beeeef768-1024x682.jpg 1024w, https:\/\/www.radiopiu.net\/wordpress\/wp-content\/uploads\/2021\/03\/41ee0f8e-fc70-4224-870f-c32beeeef768-768x511.jpg 768w, https:\/\/www.radiopiu.net\/wordpress\/wp-content\/uploads\/2021\/03\/41ee0f8e-fc70-4224-870f-c32beeeef768-1536x1022.jpg 1536w, https:\/\/www.radiopiu.net\/wordpress\/wp-content\/uploads\/2021\/03\/41ee0f8e-fc70-4224-870f-c32beeeef768.jpg 1600w\" sizes=\"auto, (max-width: 134px) 100vw, 134px\" \/><\/a><\/span><\/span>seconda puntata\u00a0 La notte in pieno giorno<\/strong><\/p>\n<p>&nbsp;<\/p>\n<p>&nbsp;<\/p>\n<p>&nbsp;<\/p>\n<audio class=\"wp-audio-shortcode\" id=\"audio-198678-7\" preload=\"none\" style=\"width: 100%;\" controls=\"controls\"><source type=\"audio\/mpeg\" src=\"https:\/\/www.radiopiu.net\/wordpress\/wp-content\/uploads\/2021\/03\/claudiomartedi.mp3?_=7\" \/><a href=\"https:\/\/www.radiopiu.net\/wordpress\/wp-content\/uploads\/2021\/03\/claudiomartedi.mp3\">https:\/\/www.radiopiu.net\/wordpress\/wp-content\/uploads\/2021\/03\/claudiomartedi.mp3<\/a><\/audio>\n<h2><span style=\"color: #000000;\"><strong>LA RACCOLTA COMPLETA<\/strong><\/span><\/h2>\n<blockquote class=\"wp-embedded-content\" data-secret=\"gyh6hw2lxW\"><p><a href=\"https:\/\/www.radiopiu.net\/wordpress\/da-lunedi-il-nuovo-programma-di-claudio-pra\/\">IO NE HO VISTE COSE CHE VOI NON POTRESTE IMMAGINARVI<\/a><\/p><\/blockquote>\n<p><iframe loading=\"lazy\" class=\"wp-embedded-content\" sandbox=\"allow-scripts\" security=\"restricted\" style=\"position: absolute; clip: rect(1px, 1px, 1px, 1px);\" title=\"&#8220;IO NE HO VISTE COSE CHE VOI NON POTRESTE IMMAGINARVI&#8221; &#8212; Radio Pi\u00f9\" src=\"https:\/\/www.radiopiu.net\/wordpress\/da-lunedi-il-nuovo-programma-di-claudio-pra\/embed\/#?secret=gyh6hw2lxW\" data-secret=\"gyh6hw2lxW\" width=\"600\" height=\"338\" frameborder=\"0\" marginwidth=\"0\" marginheight=\"0\" scrolling=\"no\"><\/iframe><\/p>\n<p>&nbsp;<\/p>\n<p>&nbsp;<\/p>\n<hr \/>\n<p>&nbsp;<\/p>\n<div>\n<h2><span style=\"color: #ff0000;\"><a href=\"https:\/\/www.radiopiu.net\/wordpress\/giornale-radiopiu-23-marzo-2021-direttore-mirko-mezzacasa\/163625106_1613062172215177_529416456249383073_n\/\" rel=\"attachment wp-att-198706\"><img loading=\"lazy\" decoding=\"async\" class=\"wp-image-198706 alignleft\" src=\"https:\/\/www.radiopiu.net\/wordpress\/wp-content\/uploads\/2021\/03\/163625106_1613062172215177_529416456249383073_n-300x200.jpg\" alt=\"\" width=\"147\" height=\"98\" srcset=\"https:\/\/www.radiopiu.net\/wordpress\/wp-content\/uploads\/2021\/03\/163625106_1613062172215177_529416456249383073_n-300x200.jpg 300w, https:\/\/www.radiopiu.net\/wordpress\/wp-content\/uploads\/2021\/03\/163625106_1613062172215177_529416456249383073_n.jpg 750w\" sizes=\"auto, (max-width: 147px) 100vw, 147px\" \/><\/a>ALLA RADIO<\/span><\/h2>\n<\/div>\n<div>\n<h2><strong>LE\u00a0 PUNTATE di Luisa Alchini di Leggermente Bellunesi, la domenica alle 11, <span style=\"color: #0000ff;\">IL MARTEDI IN PRIMA EDIZIONE\u00a0<\/span> alle 10.30 e alle 19.00<\/strong><\/h2>\n<\/div>\n<p><strong>PUNTATA DEL 23 MARZO 2021<\/strong><\/p>\n<audio class=\"wp-audio-shortcode\" id=\"audio-198678-8\" preload=\"none\" style=\"width: 100%;\" controls=\"controls\"><source type=\"audio\/mpeg\" src=\"https:\/\/www.radiopiu.net\/wordpress\/wp-content\/uploads\/2021\/03\/23leggermentealidapaiola.mp3?_=8\" \/><a href=\"https:\/\/www.radiopiu.net\/wordpress\/wp-content\/uploads\/2021\/03\/23leggermentealidapaiola.mp3\">https:\/\/www.radiopiu.net\/wordpress\/wp-content\/uploads\/2021\/03\/23leggermentealidapaiola.mp3<\/a><\/audio>\n<p><strong><span style=\"color: #000000;\">RACCOLTA COMPLETA<\/span><\/strong><\/p>\n<div>\n<blockquote class=\"wp-embedded-content\" data-secret=\"g8cRbYNzyE\"><p><a href=\"https:\/\/www.radiopiu.net\/wordpress\/leggermente-20\/\">LEGGERmente&#8230;Bellunesi<\/a><\/p><\/blockquote>\n<p><iframe loading=\"lazy\" class=\"wp-embedded-content\" sandbox=\"allow-scripts\" security=\"restricted\" style=\"position: absolute; clip: rect(1px, 1px, 1px, 1px);\" title=\"&#8220;LEGGERmente&#8230;Bellunesi&#8221; &#8212; Radio Pi\u00f9\" src=\"https:\/\/www.radiopiu.net\/wordpress\/leggermente-20\/embed\/#?secret=g8cRbYNzyE\" data-secret=\"g8cRbYNzyE\" width=\"600\" height=\"338\" frameborder=\"0\" marginwidth=\"0\" marginheight=\"0\" scrolling=\"no\"><\/iframe><\/p>\n<\/div>\n<hr \/>\n<p>&nbsp;<\/p>\n<h2><span style=\"color: #ff0000;\">ALLA RADIO<\/span><\/h2>\n<h2><span style=\"color: #008000;\"><a href=\"https:\/\/www.radiopiu.net\/wordpress\/giornale-radiopiu-24-marzo-2021-direttore-mirko-mezzacasa\/th-71\/\" rel=\"attachment wp-att-198746\"><img loading=\"lazy\" decoding=\"async\" class=\"wp-image-198746 alignleft\" src=\"https:\/\/www.radiopiu.net\/wordpress\/wp-content\/uploads\/2021\/03\/th-14.jpg\" alt=\"\" width=\"151\" height=\"113\" \/><\/a>ERBE E PIANTE CURATIVE&#8230;IL\u00a0 PROGRAMMA DI PAOLA LANCIATO<\/span><\/h2>\n<p><strong>OTTAVA PUNTATA\u00a0<\/strong><\/p>\n<audio class=\"wp-audio-shortcode\" id=\"audio-198678-9\" preload=\"none\" style=\"width: 100%;\" controls=\"controls\"><source type=\"audio\/mpeg\" src=\"https:\/\/www.radiopiu.net\/wordpress\/wp-content\/uploads\/2021\/03\/8-La-Valeriana-M.mp3?_=9\" \/><a href=\"https:\/\/www.radiopiu.net\/wordpress\/wp-content\/uploads\/2021\/03\/8-La-Valeriana-M.mp3\">https:\/\/www.radiopiu.net\/wordpress\/wp-content\/uploads\/2021\/03\/8-La-Valeriana-M.mp3<\/a><\/audio>\n<p><strong>LA RACCOLTA COMPLETA<\/strong><\/p>\n<blockquote class=\"wp-embedded-content\" data-secret=\"8wJrZCoONH\"><p><a href=\"https:\/\/www.radiopiu.net\/wordpress\/erbe-e-piante-curative\/\">ERBE E PIANTE CURATIVE<\/a><\/p><\/blockquote>\n<p><iframe loading=\"lazy\" class=\"wp-embedded-content\" sandbox=\"allow-scripts\" security=\"restricted\" style=\"position: absolute; clip: rect(1px, 1px, 1px, 1px);\" title=\"&#8220;ERBE E PIANTE CURATIVE&#8221; &#8212; Radio Pi\u00f9\" src=\"https:\/\/www.radiopiu.net\/wordpress\/erbe-e-piante-curative\/embed\/#?secret=8wJrZCoONH\" data-secret=\"8wJrZCoONH\" width=\"600\" height=\"338\" frameborder=\"0\" marginwidth=\"0\" marginheight=\"0\" scrolling=\"no\"><\/iframe><\/p>\n<p>&nbsp;<\/p>\n<p>&nbsp;<\/p>\n<div class=\"im_message_wrap clearfix\">\n<div class=\"im_content_message_wrap im_message_out\">\n<hr \/>\n<p>&nbsp;<\/p>\n<\/div>\n<\/div>\n<h2><span style=\"color: #808000;\">DUE MINUTI UN LIBRO\u00a0 TUTTI I GIORNI ALLA RADIO ALLE 9.30 E ALLE 18. QUINTA STAGIONE\u00a0<\/span><\/h2>\n<blockquote class=\"wp-embedded-content\" data-secret=\"hKPwLIJVWK\"><p><a href=\"https:\/\/www.radiopiu.net\/wordpress\/il-sapore-della-ruggine\/\">IL SAPORE DELLA RUGGINE<\/a><\/p><\/blockquote>\n<p><iframe loading=\"lazy\" class=\"wp-embedded-content\" sandbox=\"allow-scripts\" security=\"restricted\" style=\"position: absolute; clip: rect(1px, 1px, 1px, 1px);\" title=\"&#8220;IL SAPORE DELLA RUGGINE&#8221; &#8212; Radio Pi\u00f9\" src=\"https:\/\/www.radiopiu.net\/wordpress\/il-sapore-della-ruggine\/embed\/#?secret=hKPwLIJVWK\" data-secret=\"hKPwLIJVWK\" width=\"600\" height=\"338\" frameborder=\"0\" marginwidth=\"0\" marginheight=\"0\" scrolling=\"no\"><\/iframe><\/p>\n<h3><span style=\"color: #808000;\">\u00a0<\/span>LA RACCOLTA COMPLETA<\/h3>\n<blockquote class=\"wp-embedded-content\" data-secret=\"7qZCzpEYER\"><p><a href=\"https:\/\/www.radiopiu.net\/wordpress\/due-minuti-un-libro\/\">Due minuti un libro<\/a><\/p><\/blockquote>\n<p><iframe loading=\"lazy\" class=\"wp-embedded-content\" sandbox=\"allow-scripts\" security=\"restricted\" style=\"position: absolute; clip: rect(1px, 1px, 1px, 1px);\" title=\"&#8220;Due minuti un libro&#8221; &#8212; Radio Pi\u00f9\" src=\"https:\/\/www.radiopiu.net\/wordpress\/due-minuti-un-libro\/embed\/#?secret=7qZCzpEYER\" data-secret=\"7qZCzpEYER\" width=\"600\" height=\"338\" frameborder=\"0\" marginwidth=\"0\" marginheight=\"0\" scrolling=\"no\"><\/iframe><\/p>\n<p>&nbsp;<\/p>\n<p>&nbsp;<\/p>\n<hr \/>\n<p>&nbsp;<\/p>\n<div dir=\"auto\">\n<div class=\"im_message_wrap clearfix\">\n<div class=\"im_content_message_wrap im_message_out\">\n<h2><span style=\"color: #ff0000;\">IN VIVO VERSO 2020-21<\/span><\/h2>\n<p><strong><span style=\"color: #0000ff;\">IN ONDA DAL LUNEDI AL VENERDI ALLE 7.10, 10.10, 18.50\u00a0 \u00a0<\/span><\/strong><\/p>\n<blockquote class=\"wp-embedded-content\" data-secret=\"Olu9o6Hd4R\"><p><a href=\"https:\/\/www.radiopiu.net\/wordpress\/unico-amor-di-renato-mosena\/\">UNICO AMOR di RENATO MOSENA<\/a><\/p><\/blockquote>\n<p><iframe loading=\"lazy\" class=\"wp-embedded-content\" sandbox=\"allow-scripts\" security=\"restricted\" style=\"position: absolute; clip: rect(1px, 1px, 1px, 1px);\" title=\"&#8220;UNICO AMOR di RENATO MOSENA&#8221; &#8212; Radio Pi\u00f9\" src=\"https:\/\/www.radiopiu.net\/wordpress\/unico-amor-di-renato-mosena\/embed\/#?secret=Olu9o6Hd4R\" data-secret=\"Olu9o6Hd4R\" width=\"600\" height=\"338\" frameborder=\"0\" marginwidth=\"0\" marginheight=\"0\" scrolling=\"no\"><\/iframe><\/p>\n<h3>LA RACCOLTA COMPLETA<\/h3>\n<blockquote class=\"wp-embedded-content\" data-secret=\"Dv71oQvDRI\"><p><a href=\"https:\/\/www.radiopiu.net\/wordpress\/in-vivo-verso\/\">In Vivo Verso<\/a><\/p><\/blockquote>\n<p><iframe loading=\"lazy\" class=\"wp-embedded-content\" sandbox=\"allow-scripts\" security=\"restricted\" style=\"position: absolute; clip: rect(1px, 1px, 1px, 1px);\" title=\"&#8220;In Vivo Verso&#8221; &#8212; Radio Pi\u00f9\" src=\"https:\/\/www.radiopiu.net\/wordpress\/in-vivo-verso\/embed\/#?secret=Dv71oQvDRI\" data-secret=\"Dv71oQvDRI\" width=\"600\" height=\"338\" frameborder=\"0\" marginwidth=\"0\" marginheight=\"0\" scrolling=\"no\"><\/iframe><\/p>\n<p>&nbsp;<\/p>\n<\/div>\n<\/div>\n<hr \/>\n<blockquote>\n<h3><\/h3>\n<h3>SALUTE E SOCIETA&#8217; IL LUNEDI ALLE 13.10 E ALLE 20.10, LA DOMENICA ALLE 10.30 A CURA DEL DOTTOR MARCO CARACCIOLO. QUINTA STAGIONE<\/h3>\n<\/blockquote>\n<p><strong>LA PUNTATA DELLA SETTIMANA\u00a0 <\/strong>La sindrome delle apnee ostruttive \u00e8 caratterizzata da pause nella respirazione durante il sonno, dovute all\u2019ostruzione parziale o totale delle prime vie aeree. Non c\u2019\u00e8 solo il russamento, per chi soffre di apnee ostruttive del sonno c\u2019\u00e8 anche il problema della eccessiva sonnolenza, difficolt\u00e0 a concentrarsi e a memorizzare e altro ancora. Ne abbiamo parlato con Andrea Romigi, neurologo del centro per la cura dei disturbi del sonno, Istituto neurologico mediterraneo Neuromed di Pozzilli, in provincia di Isernia.<\/p>\n<h3><strong>LA RACCOLTA COMPLETA\u00a0<\/strong><\/h3>\n<p>&nbsp;<\/p>\n<\/div>\n<blockquote class=\"wp-embedded-content\" data-secret=\"tfk6YlmOsw\"><p><a href=\"https:\/\/www.radiopiu.net\/wordpress\/saluteesocieta\/\">Salute e Societ\u00e0<\/a><\/p><\/blockquote>\n<p><iframe loading=\"lazy\" class=\"wp-embedded-content\" sandbox=\"allow-scripts\" security=\"restricted\" style=\"position: absolute; clip: rect(1px, 1px, 1px, 1px);\" title=\"&#8220;Salute e Societ\u00e0&#8221; &#8212; Radio Pi\u00f9\" src=\"https:\/\/www.radiopiu.net\/wordpress\/saluteesocieta\/embed\/#?secret=tfk6YlmOsw\" data-secret=\"tfk6YlmOsw\" width=\"600\" height=\"338\" frameborder=\"0\" marginwidth=\"0\" marginheight=\"0\" scrolling=\"no\"><\/iframe><\/p>\n<p>&nbsp;<\/p>\n<blockquote>\n<h3 class=\"kvgmc6g5 cxmmr5t8 oygrvhab hcukyx3x c1et5uql\"><span style=\"color: #0000ff;\">INFORMAZIONE il canale su TELEGRAM informazione di prima mano e in tempo reale. iscriviti ed aiutaci a farlo conoscere\u00a0<\/span><\/h3>\n<\/blockquote>\n<h2><img loading=\"lazy\" decoding=\"async\" class=\"alignleft\" src=\"https:\/\/www.radiopiu.net\/wordpress\/wp-content\/uploads\/2021\/03\/narr.jpg\" width=\"158\" height=\"105\" \/>007 IN CONDOTTA CON LA PROF. MARIA ROSA SALMAZO IL LUNEDI ALLE 10,30 E ALLE 19.00 LA DOMENICA ALLE 8 DEL MATTINO. NONA STAGIONE<\/h2>\n<p><span style=\"color: #ff0000;\"><strong>PUNTATA DEL 22 MARZO 2021<\/strong><\/span><\/p>\n<audio class=\"wp-audio-shortcode\" id=\"audio-198678-10\" preload=\"none\" style=\"width: 100%;\" controls=\"controls\"><source type=\"audio\/mpeg\" src=\"https:\/\/www.radiopiu.net\/wordpress\/wp-content\/uploads\/2021\/03\/007-22-marzo.mp3?_=10\" \/><a href=\"https:\/\/www.radiopiu.net\/wordpress\/wp-content\/uploads\/2021\/03\/007-22-marzo.mp3\">https:\/\/www.radiopiu.net\/wordpress\/wp-content\/uploads\/2021\/03\/007-22-marzo.mp3<\/a><\/audio>\n<h2>LA RACCOLTA COMPLETA<\/h2>\n<blockquote class=\"wp-embedded-content\" data-secret=\"qvOAacANDn\"><p><a href=\"https:\/\/www.radiopiu.net\/wordpress\/007incondotta-9\/\">007 in condotta<\/a><\/p><\/blockquote>\n<p><iframe loading=\"lazy\" class=\"wp-embedded-content\" sandbox=\"allow-scripts\" security=\"restricted\" style=\"position: absolute; clip: rect(1px, 1px, 1px, 1px);\" title=\"&#8220;007 in condotta&#8221; &#8212; Radio Pi\u00f9\" src=\"https:\/\/www.radiopiu.net\/wordpress\/007incondotta-9\/embed\/#?secret=qvOAacANDn\" data-secret=\"qvOAacANDn\" width=\"600\" height=\"338\" frameborder=\"0\" marginwidth=\"0\" marginheight=\"0\" scrolling=\"no\"><\/iframe><\/p>\n<blockquote><p>&nbsp;<\/p>\n<p>&nbsp;<\/p><\/blockquote>\n<hr \/>\n<p>&nbsp;<\/p>\n<p>&nbsp;<\/p>\n<div>\n<h2><span style=\"color: #33cccc;\">I RACCONTI DI PAOLO SOPPELSA il lunedi alle 9.30 e 18.30<\/span><\/h2>\n<blockquote class=\"wp-embedded-content\" data-secret=\"3avB6b0USE\"><p><a href=\"https:\/\/www.radiopiu.net\/wordpress\/i-racconti-di-paolo-soppelsa-sessantasettesima-puntata\/\">I RACCONTI DI PAOLO SOPPELSA SESSANTASETTESIMA PUNTATA<\/a><\/p><\/blockquote>\n<p><iframe loading=\"lazy\" class=\"wp-embedded-content\" sandbox=\"allow-scripts\" security=\"restricted\" style=\"position: absolute; clip: rect(1px, 1px, 1px, 1px);\" title=\"&#8220;I RACCONTI DI PAOLO SOPPELSA SESSANTASETTESIMA PUNTATA&#8221; &#8212; Radio Pi\u00f9\" src=\"https:\/\/www.radiopiu.net\/wordpress\/i-racconti-di-paolo-soppelsa-sessantasettesima-puntata\/embed\/#?secret=3avB6b0USE\" data-secret=\"3avB6b0USE\" width=\"600\" height=\"338\" frameborder=\"0\" marginwidth=\"0\" marginheight=\"0\" scrolling=\"no\"><\/iframe><\/p>\n<h3 class=\"kvgmc6g5 cxmmr5t8 oygrvhab hcukyx3x c1et5uql\"><span style=\"color: #0000ff;\">INFORMAZIONE il canale su TELEGRAM informazione di prima mano e in tempo reale. iscriviti ed aiutaci a farlo conoscere\u00a0<\/span><\/h3>\n<h2><span style=\"color: #33cccc;\"><strong>RACCOLTA COMPLETA<\/strong><\/span><\/h2>\n<blockquote class=\"wp-embedded-content\" data-secret=\"1TopIMkap6\"><p><a href=\"https:\/\/www.radiopiu.net\/wordpress\/i-racconti-di-paolo-soppelsa\/\">I racconti di Paolo Soppelsa<\/a><\/p><\/blockquote>\n<p><iframe loading=\"lazy\" class=\"wp-embedded-content\" sandbox=\"allow-scripts\" security=\"restricted\" style=\"position: absolute; clip: rect(1px, 1px, 1px, 1px);\" title=\"&#8220;I racconti di Paolo Soppelsa&#8221; &#8212; Radio Pi\u00f9\" src=\"https:\/\/www.radiopiu.net\/wordpress\/i-racconti-di-paolo-soppelsa\/embed\/#?secret=1TopIMkap6\" data-secret=\"1TopIMkap6\" width=\"600\" height=\"338\" frameborder=\"0\" marginwidth=\"0\" marginheight=\"0\" scrolling=\"no\"><\/iframe><\/p>\n<\/div>\n<h2><span style=\"color: #ff0000;\">\u00a0<\/span><\/h2>\n<hr \/>\n<h2><\/h2>\n<h2><span style=\"color: #ff0000;\">ALLA RADIO<\/span><\/h2>\n<blockquote><p><strong>CONOSCIAMO I CORI DELLA PROVINCIA,\u00a0 NOVA CANTICA LUCIANO BORIN<\/strong><\/p><\/blockquote>\n<div style=\"width: 640px;\" class=\"wp-video\"><video class=\"wp-video-shortcode\" id=\"video-198678-1\" width=\"640\" height=\"360\" preload=\"metadata\" controls=\"controls\"><source type=\"video\/mp4\" src=\"https:\/\/www.radiopiu.net\/wordpress\/wp-content\/uploads\/2021\/03\/Luciano-Borin-direttore-artistico-della-Nova-Cantica.mp4?_=1\" \/><a href=\"https:\/\/www.radiopiu.net\/wordpress\/wp-content\/uploads\/2021\/03\/Luciano-Borin-direttore-artistico-della-Nova-Cantica.mp4\">https:\/\/www.radiopiu.net\/wordpress\/wp-content\/uploads\/2021\/03\/Luciano-Borin-direttore-artistico-della-Nova-Cantica.mp4<\/a><\/video><\/div>\n<h1>LA RACCOLTA COMPLETA<\/h1>\n<p>&nbsp;<\/p>\n<blockquote class=\"wp-embedded-content\" data-secret=\"v7Hzi6rwzT\"><p><a href=\"https:\/\/www.radiopiu.net\/wordpress\/la-corale-di-limana-presenta-liniziativa-solidale-pasquale\/\">LA CORALE DI LIMANA PRESENTA L&#8217;INIZIATIVA SOLIDALE PASQUALE<\/a><\/p><\/blockquote>\n<p><iframe loading=\"lazy\" class=\"wp-embedded-content\" sandbox=\"allow-scripts\" security=\"restricted\" style=\"position: absolute; clip: rect(1px, 1px, 1px, 1px);\" title=\"&#8220;LA CORALE DI LIMANA PRESENTA L&#8217;INIZIATIVA SOLIDALE PASQUALE&#8221; &#8212; Radio Pi\u00f9\" src=\"https:\/\/www.radiopiu.net\/wordpress\/la-corale-di-limana-presenta-liniziativa-solidale-pasquale\/embed\/#?secret=v7Hzi6rwzT\" data-secret=\"v7Hzi6rwzT\" width=\"600\" height=\"338\" frameborder=\"0\" marginwidth=\"0\" marginheight=\"0\" scrolling=\"no\"><\/iframe><\/p>\n<p>&nbsp;<\/p>\n<p>&nbsp;<\/p>\n<p>&nbsp;<\/p>\n<hr \/>\n<p>&nbsp;<\/p>\n<h2><span style=\"color: #ff0000;\"><a href=\"https:\/\/www.radiopiu.net\/wordpress\/giornale-radiopiu-05-gennaio-2021-direttore-mirko-mezzacasa\/133200401_100838761953611_1258544160541445132_o-2\/\" rel=\"attachment wp-att-183078\"><img loading=\"lazy\" decoding=\"async\" class=\" wp-image-183078 alignleft\" src=\"https:\/\/www.radiopiu.net\/wordpress\/wp-content\/uploads\/2021\/01\/133200401_100838761953611_1258544160541445132_o-1-300x157.jpg\" alt=\"\" width=\"192\" height=\"101\" srcset=\"https:\/\/www.radiopiu.net\/wordpress\/wp-content\/uploads\/2021\/01\/133200401_100838761953611_1258544160541445132_o-1-300x157.jpg 300w, https:\/\/www.radiopiu.net\/wordpress\/wp-content\/uploads\/2021\/01\/133200401_100838761953611_1258544160541445132_o-1.jpg 526w\" sizes=\"auto, (max-width: 192px) 100vw, 192px\" \/><\/a>GOCCE DI FILOSOFIA, CON CHIARA CAU, CON LISA DE LUCA. <\/span><\/h2>\n<h2><span style=\"color: #ff0000;\">TUTTI I GIORNI DAL LUNEDI AL VENERDI ALLE 6.55 E ALLE 18.55<\/span><\/h2>\n<p><strong>PUNTATA 57<\/strong><\/p>\n<audio class=\"wp-audio-shortcode\" id=\"audio-198678-11\" preload=\"none\" style=\"width: 100%;\" controls=\"controls\"><source type=\"audio\/mpeg\" src=\"https:\/\/www.radiopiu.net\/wordpress\/wp-content\/uploads\/2021\/03\/FI2-2.mp3?_=11\" \/><a href=\"https:\/\/www.radiopiu.net\/wordpress\/wp-content\/uploads\/2021\/03\/FI2-2.mp3\">https:\/\/www.radiopiu.net\/wordpress\/wp-content\/uploads\/2021\/03\/FI2-2.mp3<\/a><\/audio>\n<h3>LA RACCOLTA COMPLETA<\/h3>\n<blockquote class=\"wp-embedded-content\" data-secret=\"wj5cLiJnfv\"><p><a href=\"https:\/\/www.radiopiu.net\/wordpress\/gocce-filosofia\/\">Gocce di filosofia<\/a><\/p><\/blockquote>\n<p><iframe loading=\"lazy\" class=\"wp-embedded-content\" sandbox=\"allow-scripts\" security=\"restricted\" style=\"position: absolute; clip: rect(1px, 1px, 1px, 1px);\" title=\"&#8220;Gocce di filosofia&#8221; &#8212; Radio Pi\u00f9\" src=\"https:\/\/www.radiopiu.net\/wordpress\/gocce-filosofia\/embed\/#?secret=wj5cLiJnfv\" data-secret=\"wj5cLiJnfv\" width=\"600\" height=\"338\" frameborder=\"0\" marginwidth=\"0\" marginheight=\"0\" scrolling=\"no\"><\/iframe><\/p>\n<h2><\/h2>\n<p>&nbsp;<\/p>\n<hr \/>\n<p>&nbsp;<\/p>\n<blockquote>\n<h2>FANTASTICHE DOLOMITI, NUOVA STAGIONE. APPUNTAMENTO QUINDICINALE IL GIOVEDI ALLE 10.30 E 19.00<\/h2>\n<\/blockquote>\n<h2><span style=\"color: #ff0000;\">LA UNDICESIMA PUNTATA dell&#8217;11marzo2021<\/span><\/h2>\n<p><strong><a href=\"https:\/\/www.radiopiu.net\/wordpress\/raccolta-completa\/121869645_648442942701436_4748562330148520081_n-2\/\" rel=\"attachment wp-att-196402\"><img loading=\"lazy\" decoding=\"async\" class=\"wp-image-196402 alignleft\" src=\"https:\/\/www.radiopiu.net\/wordpress\/wp-content\/uploads\/2021\/02\/121869645_648442942701436_4748562330148520081_n-1-300x169.jpg\" alt=\"\" width=\"160\" height=\"90\" srcset=\"https:\/\/www.radiopiu.net\/wordpress\/wp-content\/uploads\/2021\/02\/121869645_648442942701436_4748562330148520081_n-1-300x169.jpg 300w, https:\/\/www.radiopiu.net\/wordpress\/wp-content\/uploads\/2021\/02\/121869645_648442942701436_4748562330148520081_n-1-1024x576.jpg 1024w, https:\/\/www.radiopiu.net\/wordpress\/wp-content\/uploads\/2021\/02\/121869645_648442942701436_4748562330148520081_n-1-768x432.jpg 768w, https:\/\/www.radiopiu.net\/wordpress\/wp-content\/uploads\/2021\/02\/121869645_648442942701436_4748562330148520081_n-1-1536x864.jpg 1536w, https:\/\/www.radiopiu.net\/wordpress\/wp-content\/uploads\/2021\/02\/121869645_648442942701436_4748562330148520081_n-1.jpg 1707w\" sizes=\"auto, (max-width: 160px) 100vw, 160px\" \/><\/a>OSPITE IL PRESIDENTE CLAUDIO CANOVA, due giovani veterinari Michele e Maria investono nell&#8217;attivit\u00e0 sostenibile, l&#8217;allevamento delle trote a Piz di Sospirolo<\/strong><\/p>\n<audio class=\"wp-audio-shortcode\" id=\"audio-198678-12\" preload=\"none\" style=\"width: 100%;\" controls=\"controls\"><source type=\"audio\/mpeg\" src=\"https:\/\/www.radiopiu.net\/wordpress\/wp-content\/uploads\/2021\/03\/fantastiche-dolomiti-11-mazo.mp3?_=12\" \/><a href=\"https:\/\/www.radiopiu.net\/wordpress\/wp-content\/uploads\/2021\/03\/fantastiche-dolomiti-11-mazo.mp3\">https:\/\/www.radiopiu.net\/wordpress\/wp-content\/uploads\/2021\/03\/fantastiche-dolomiti-11-mazo.mp3<\/a><\/audio>\n<p>&nbsp;<\/p>\n<h3>LA RACCOLTA COMPLETA<\/h3>\n<p>https:\/\/www.radiopiu.net\/wordpress\/raccolta-completa\/<\/p>\n<p>&nbsp;<\/p>\n<hr \/>\n<p>&nbsp;<\/p>\n<p>&nbsp;<\/p>\n<h2><strong><span style=\"color: #ff0000;\">\u00a0ALLA RADIO<\/span><\/strong><\/h2>\n<div data-offset-key=\"5n5nl-0-0\">\n<h3>Per ricevere gli aggiornamenti in tempo reale delle notizie pubblicate alla radio e sul sito di radio pi\u00f9 iscriviti al gruppo RADIO PIU INFORMAZIONE su Telegram.\u00a0\u00a0<a href=\"https:\/\/t.me\/radiopiu\">clicca qui<\/a><\/h3>\n<p>&nbsp;<\/p>\n<p><strong><a class=\"dt-pswp-item\" href=\"https:\/\/www.radiopiu.net\/wordpress\/wp-content\/uploads\/2020\/01\/logo-csa.jpg\" data-dt-img-description=\"\" data-large_image_width=\"1167\" data-large_image_height=\"574\"><img loading=\"lazy\" decoding=\"async\" class=\"wp-image-113364 alignleft\" src=\"https:\/\/www.radiopiu.net\/wordpress\/wp-content\/uploads\/2020\/01\/logo-csa-300x148.jpg\" alt=\"\" width=\"182\" height=\"90\" srcset=\"https:\/\/www.radiopiu.net\/wordpress\/wp-content\/uploads\/2020\/01\/logo-csa-300x148.jpg 300w, https:\/\/www.radiopiu.net\/wordpress\/wp-content\/uploads\/2020\/01\/logo-csa-1024x504.jpg 1024w, https:\/\/www.radiopiu.net\/wordpress\/wp-content\/uploads\/2020\/01\/logo-csa-768x378.jpg 768w, https:\/\/www.radiopiu.net\/wordpress\/wp-content\/uploads\/2020\/01\/logo-csa.jpg 1167w\" sizes=\"auto, (max-width: 182px) 100vw, 182px\" \/><\/a>AGORDO<\/strong> Appuntamento mensile (primo venerdi del mese) con lo speciale condotto da Claudio<\/p>\n<p>Fontanive, in studio Fabrizio Campedel e Paolo Chissal\u00e8.<\/p>\n<\/div>\n<p><strong>PUNTATA DI MARZO<\/strong><\/p>\n<audio class=\"wp-audio-shortcode\" id=\"audio-198678-13\" preload=\"none\" style=\"width: 100%;\" controls=\"controls\"><source type=\"audio\/mpeg\" src=\"https:\/\/www.radiopiu.net\/wordpress\/wp-content\/uploads\/2021\/03\/ca-sol-lux-marzo.mp3?_=13\" \/><a href=\"https:\/\/www.radiopiu.net\/wordpress\/wp-content\/uploads\/2021\/03\/ca-sol-lux-marzo.mp3\">https:\/\/www.radiopiu.net\/wordpress\/wp-content\/uploads\/2021\/03\/ca-sol-lux-marzo.mp3<\/a><\/audio>\n<blockquote>\n<h2>RACCOLTA COMPLETA<\/h2>\n<\/blockquote>\n<blockquote class=\"wp-embedded-content\" data-secret=\"obxndg3tMx\"><p><a href=\"https:\/\/www.radiopiu.net\/wordpress\/cassa-solidarieta-luxottica-puntata-del-16-ottobre-2020\/\">CASSA SOLIDARIET\u00c0 LUXOTTICA &#8211; PUNTATA DEL 20 NOVEMBRE 2020<\/a><\/p><\/blockquote>\n<p><iframe loading=\"lazy\" class=\"wp-embedded-content\" sandbox=\"allow-scripts\" security=\"restricted\" style=\"position: absolute; clip: rect(1px, 1px, 1px, 1px);\" title=\"&#8220;CASSA SOLIDARIET\u00c0 LUXOTTICA &#8211; PUNTATA DEL 20 NOVEMBRE 2020&#8221; &#8212; Radio Pi\u00f9\" src=\"https:\/\/www.radiopiu.net\/wordpress\/cassa-solidarieta-luxottica-puntata-del-16-ottobre-2020\/embed\/#?secret=obxndg3tMx\" data-secret=\"obxndg3tMx\" width=\"600\" height=\"338\" frameborder=\"0\" marginwidth=\"0\" marginheight=\"0\" scrolling=\"no\"><\/iframe><\/p>\n<div><\/div>\n<p>&nbsp;<\/p>\n<p>&nbsp;<\/p>\n<p>&nbsp;<\/p>\n<hr \/>\n<blockquote>\n<h3><a href=\"https:\/\/www.radiopiu.net\/wordpress\/giornale-radiopiu-06-febbraio-2019-direttore-mirko-mezzacasa\/logo_spi-cgil-800x445\/\" rel=\"attachment wp-att-75538\"><img loading=\"lazy\" decoding=\"async\" class=\"wp-image-75538 alignleft\" src=\"https:\/\/www.radiopiu.net\/wordpress\/wp-content\/uploads\/2019\/02\/Logo_Spi-CGIL-800x445-300x167.jpg\" alt=\"\" width=\"210\" height=\"117\" srcset=\"https:\/\/www.radiopiu.net\/wordpress\/wp-content\/uploads\/2019\/02\/Logo_Spi-CGIL-800x445-300x167.jpg 300w, https:\/\/www.radiopiu.net\/wordpress\/wp-content\/uploads\/2019\/02\/Logo_Spi-CGIL-800x445-768x427.jpg 768w, https:\/\/www.radiopiu.net\/wordpress\/wp-content\/uploads\/2019\/02\/Logo_Spi-CGIL-800x445.jpg 800w\" sizes=\"auto, (max-width: 210px) 100vw, 210px\" \/><\/a>ALLA RADIO, APPUNTAMENTO QUINDICINALE CON SPI-CGIL BELLUNO, IN STUDIO MARIA RITA GENTILIN<\/h3>\n<\/blockquote>\n<p><strong>di Claudio Fontanive\u00a0<\/strong><\/p>\n<p><span style=\"color: #ff0000;\"><strong>PUNTATA DEL 18 MARZO 2021<\/strong><\/span><\/p>\n<audio class=\"wp-audio-shortcode\" id=\"audio-198678-14\" preload=\"none\" style=\"width: 100%;\" controls=\"controls\"><source type=\"audio\/mpeg\" src=\"https:\/\/www.radiopiu.net\/wordpress\/wp-content\/uploads\/2021\/03\/spi-cigl-18-marzo.mp3?_=14\" \/><a href=\"https:\/\/www.radiopiu.net\/wordpress\/wp-content\/uploads\/2021\/03\/spi-cigl-18-marzo.mp3\">https:\/\/www.radiopiu.net\/wordpress\/wp-content\/uploads\/2021\/03\/spi-cigl-18-marzo.mp3<\/a><\/audio>\n<p>&nbsp;<\/p>\n<p>&nbsp;<\/p>\n<hr \/>\n<h1 class=\"filename\"><\/h1>\n<h2><span style=\"color: #ff0000;\">IL NUOVO PROGRAMMA ALLA RADIO\u00a0<\/span><\/h2>\n<p><strong>LA TERZA PUNTATA\u00a0 <em>&#8220;LE TIPOLOGIE DE LADIN&#8221;<\/em><\/strong><\/p>\n<audio class=\"wp-audio-shortcode\" id=\"audio-198678-15\" preload=\"none\" style=\"width: 100%;\" controls=\"controls\"><source type=\"audio\/mpeg\" src=\"https:\/\/www.radiopiu.net\/wordpress\/wp-content\/uploads\/2021\/03\/Pontada-3-Le-tipologie-de-LADIN.mp3?_=15\" \/><a href=\"https:\/\/www.radiopiu.net\/wordpress\/wp-content\/uploads\/2021\/03\/Pontada-3-Le-tipologie-de-LADIN.mp3\">https:\/\/www.radiopiu.net\/wordpress\/wp-content\/uploads\/2021\/03\/Pontada-3-Le-tipologie-de-LADIN.mp3<\/a><\/audio>\n<blockquote>\n<h2>LA RACCOLTA COMPLETA<\/h2>\n<\/blockquote>\n<blockquote class=\"wp-embedded-content\" data-secret=\"WNYj3oMLOX\"><p><a href=\"https:\/\/www.radiopiu.net\/wordpress\/agora-agordina-la-nosta-piaza\/\">AGORA&#8217; AGORDINA&#8230; LA NOSTA PIAZA LADINA.  pagina in aggiornamento continuo<\/a><\/p><\/blockquote>\n<p><iframe loading=\"lazy\" class=\"wp-embedded-content\" sandbox=\"allow-scripts\" security=\"restricted\" style=\"position: absolute; clip: rect(1px, 1px, 1px, 1px);\" title=\"&#8220;AGORA&#8217; AGORDINA&#8230; LA NOSTA PIAZA LADINA.  pagina in aggiornamento continuo&#8221; &#8212; Radio Pi\u00f9\" src=\"https:\/\/www.radiopiu.net\/wordpress\/agora-agordina-la-nosta-piaza\/embed\/#?secret=WNYj3oMLOX\" data-secret=\"WNYj3oMLOX\" width=\"600\" height=\"338\" frameborder=\"0\" marginwidth=\"0\" marginheight=\"0\" scrolling=\"no\"><\/iframe><\/p>\n<p>&nbsp;<\/p>\n<hr \/>\n<p>&nbsp;<\/p>\n<blockquote>\n<h3><a href=\"https:\/\/www.radiopiu.net\/wordpress\/almanacco-ladino-puntata-5-2020\/sn\/\" rel=\"attachment wp-att-180931\"><img loading=\"lazy\" decoding=\"async\" class=\"wp-image-180931 alignleft\" src=\"https:\/\/www.radiopiu.net\/wordpress\/wp-content\/uploads\/2020\/12\/sn-300x194.jpg\" alt=\"\" width=\"181\" height=\"117\" srcset=\"https:\/\/www.radiopiu.net\/wordpress\/wp-content\/uploads\/2020\/12\/sn-300x194.jpg 300w, https:\/\/www.radiopiu.net\/wordpress\/wp-content\/uploads\/2020\/12\/sn.jpg 626w\" sizes=\"auto, (max-width: 181px) 100vw, 181px\" \/><\/a>L&#8217;ALMANACCO LADINO CON L&#8217;ISTITUT CESA DE JAN QUINDICINALE APPUNTAMENTO. LA DOMENICA ALLE 9 IL LUNEDI ALLE 8.35 IL MARTEDI ALLE 12.35 IL MERCOLEDI ALLE 18.35. SECONDA STAGIONE.<\/h3>\n<\/blockquote>\n<p>&nbsp;<\/p>\n<p><strong>RACCOLTA COMPLETA\u00a0<\/strong><\/p>\n<blockquote class=\"wp-embedded-content\" data-secret=\"nv6HUJjL6P\"><p><a href=\"https:\/\/www.radiopiu.net\/wordpress\/almanacco-ladino\/\">Almanacco Ladino<\/a><\/p><\/blockquote>\n<p><iframe loading=\"lazy\" class=\"wp-embedded-content\" sandbox=\"allow-scripts\" security=\"restricted\" style=\"position: absolute; clip: rect(1px, 1px, 1px, 1px);\" title=\"&#8220;Almanacco Ladino&#8221; &#8212; Radio Pi\u00f9\" src=\"https:\/\/www.radiopiu.net\/wordpress\/almanacco-ladino\/embed\/#?secret=nv6HUJjL6P\" data-secret=\"nv6HUJjL6P\" width=\"600\" height=\"338\" frameborder=\"0\" marginwidth=\"0\" marginheight=\"0\" scrolling=\"no\"><\/iframe><\/p>\n<p>&nbsp;<\/p>\n<hr \/>\n<h2>\u00a0IERI ALLA RADIO, FRANCESCO ZILLIO<\/h2>\n<p><iframe loading=\"lazy\" title=\"SERVIZI DI COMUNICAZIONE MEDIANTE SMART PHONE CON APPLICAZIONI PROFESSIONALI\" width=\"1200\" height=\"675\" src=\"https:\/\/www.youtube.com\/embed\/hZrKOddSq2k?start=7&#038;feature=oembed\" frameborder=\"0\" allow=\"accelerometer; autoplay; clipboard-write; encrypted-media; gyroscope; picture-in-picture\" allowfullscreen><\/iframe><\/p>\n<p>&nbsp;<\/p>\n<h3><strong>LA RACCOLTA COMPLETA\u00a0<\/strong><\/h3>\n<blockquote class=\"wp-embedded-content\" data-secret=\"tZuPFReHHm\"><p><a href=\"https:\/\/www.radiopiu.net\/wordpress\/ep-center-video-gallery\/\">EP CENTER video gallery<\/a><\/p><\/blockquote>\n<p><iframe loading=\"lazy\" class=\"wp-embedded-content\" sandbox=\"allow-scripts\" security=\"restricted\" style=\"position: absolute; clip: rect(1px, 1px, 1px, 1px);\" title=\"&#8220;EP CENTER video gallery&#8221; &#8212; Radio Pi\u00f9\" src=\"https:\/\/www.radiopiu.net\/wordpress\/ep-center-video-gallery\/embed\/#?secret=tZuPFReHHm\" data-secret=\"tZuPFReHHm\" width=\"600\" height=\"338\" frameborder=\"0\" marginwidth=\"0\" marginheight=\"0\" scrolling=\"no\"><\/iframe><\/p>\n<p>&nbsp;<\/p>\n<hr \/>\n<div dir=\"auto\">\n<div>\n<h2><span style=\"color: #800080;\"><strong>LA RASSEGNA STAMPA DA L&#8217;AMICO DEL POPOLO\u00a0<\/strong><\/span><\/h2>\n<h3 class=\"kvgmc6g5 cxmmr5t8 oygrvhab hcukyx3x c1et5uql\"><span style=\"color: #0000ff;\"> INFORMAZIONE il canale su TELEGRAM informazione di prima mano e in tempo reale. iscriviti ed aiutaci a farlo conoscere\u00a0<\/span><\/h3>\n<p><strong><a href=\"https:\/\/www.radiopiu.net\/wordpress\/la-rassegna-stampa-da-lamico-del-popolo-20-marzo-2021\/51228051_10218915123975947_5721189105933484032_o\/\" rel=\"attachment wp-att-198250\"><img loading=\"lazy\" decoding=\"async\" class=\" wp-image-198250 alignleft\" src=\"https:\/\/www.radiopiu.net\/wordpress\/wp-content\/uploads\/2021\/03\/51228051_10218915123975947_5721189105933484032_o-300x300.jpg\" alt=\"\" width=\"106\" height=\"106\" srcset=\"https:\/\/www.radiopiu.net\/wordpress\/wp-content\/uploads\/2021\/03\/51228051_10218915123975947_5721189105933484032_o-300x300.jpg 300w, https:\/\/www.radiopiu.net\/wordpress\/wp-content\/uploads\/2021\/03\/51228051_10218915123975947_5721189105933484032_o-1024x1024.jpg 1024w, https:\/\/www.radiopiu.net\/wordpress\/wp-content\/uploads\/2021\/03\/51228051_10218915123975947_5721189105933484032_o-150x150.jpg 150w, https:\/\/www.radiopiu.net\/wordpress\/wp-content\/uploads\/2021\/03\/51228051_10218915123975947_5721189105933484032_o-768x768.jpg 768w, https:\/\/www.radiopiu.net\/wordpress\/wp-content\/uploads\/2021\/03\/51228051_10218915123975947_5721189105933484032_o.jpg 1066w\" sizes=\"auto, (max-width: 106px) 100vw, 106px\" \/><\/a>di Gianni Santomaso<\/strong><\/p>\n<p>OSPITE: Mirko Mezzacasa<\/p>\n<audio class=\"wp-audio-shortcode\" id=\"audio-198678-16\" preload=\"none\" style=\"width: 100%;\" controls=\"controls\"><source type=\"audio\/mpeg\" src=\"https:\/\/www.radiopiu.net\/wordpress\/wp-content\/uploads\/2020\/10\/RASSEGNA-GIANNI-7.mp3?_=16\" \/><a href=\"https:\/\/www.radiopiu.net\/wordpress\/wp-content\/uploads\/2020\/10\/RASSEGNA-GIANNI-7.mp3\">https:\/\/www.radiopiu.net\/wordpress\/wp-content\/uploads\/2020\/10\/RASSEGNA-GIANNI-7.mp3<\/a><\/audio>\n<p>&nbsp;<\/p>\n<p><strong>LA RACCOLTA COMPLETA<\/strong><\/p>\n<blockquote class=\"wp-embedded-content\" data-secret=\"1JzCvqYZ3s\"><p><a href=\"https:\/\/www.radiopiu.net\/wordpress\/rassegna-stampa-di-gianni-santomaso\/\">Rassegna stampa da l&#8217;amico del popolo &#8211; di Gianni Santomaso<\/a><\/p><\/blockquote>\n<p><iframe loading=\"lazy\" class=\"wp-embedded-content\" sandbox=\"allow-scripts\" security=\"restricted\" style=\"position: absolute; clip: rect(1px, 1px, 1px, 1px);\" title=\"&#8220;Rassegna stampa da l&#8217;amico del popolo &#8211; di Gianni Santomaso&#8221; &#8212; Radio Pi\u00f9\" src=\"https:\/\/www.radiopiu.net\/wordpress\/rassegna-stampa-di-gianni-santomaso\/embed\/#?secret=1JzCvqYZ3s\" data-secret=\"1JzCvqYZ3s\" width=\"600\" height=\"338\" frameborder=\"0\" marginwidth=\"0\" marginheight=\"0\" scrolling=\"no\"><\/iframe><\/p>\n<p>&nbsp;<\/p>\n<\/div>\n<\/div>\n<p>&nbsp;<\/p>\n<p><a class=\"mejs-horizontal-volume-slider\" role=\"slider\" aria-label=\"Cursore del volume\" aria-valuemin=\"0\" aria-valuemax=\"100\" aria-valuenow=\"100\"><span class=\"mejs-offscreen\">.\u00a0<\/span><\/a><\/p>\n<hr \/>\n<div>\n<h2><span style=\"color: #000080;\"><a class=\"dt-pswp-item\" href=\"https:\/\/www.radiopiu.net\/wordpress\/wp-content\/uploads\/2020\/10\/pp.jpg\" data-dt-img-description=\"\" data-large_image_width=\"640\" data-large_image_height=\"640\"><img loading=\"lazy\" decoding=\"async\" class=\"wp-image-163678 alignleft\" src=\"https:\/\/www.radiopiu.net\/wordpress\/wp-content\/uploads\/2020\/10\/pp-300x300.jpg\" alt=\"\" width=\"106\" height=\"106\" srcset=\"https:\/\/www.radiopiu.net\/wordpress\/wp-content\/uploads\/2020\/10\/pp-300x300.jpg 300w, https:\/\/www.radiopiu.net\/wordpress\/wp-content\/uploads\/2020\/10\/pp-150x150.jpg 150w, https:\/\/www.radiopiu.net\/wordpress\/wp-content\/uploads\/2020\/10\/pp-125x125.jpg 125w, https:\/\/www.radiopiu.net\/wordpress\/wp-content\/uploads\/2020\/10\/pp-200x200.jpg 200w, https:\/\/www.radiopiu.net\/wordpress\/wp-content\/uploads\/2020\/10\/pp-80x80.jpg 80w, https:\/\/www.radiopiu.net\/wordpress\/wp-content\/uploads\/2020\/10\/pp-480x480.jpg 480w, https:\/\/www.radiopiu.net\/wordpress\/wp-content\/uploads\/2020\/10\/pp.jpg 640w\" sizes=\"auto, (max-width: 106px) 100vw, 106px\" \/><\/a><\/span><\/h2>\n<h2><span style=\"color: #000080;\">DON CESARE, IL PENSIERO DEL GIORNO. ALLA RADIO ALLE 7 DEL MATTINO E ALLE 19.30 DELLA SERA.\u00a0\u00a0<\/span><\/h2>\n<\/div>\n<p>&nbsp;<\/p>\n<audio class=\"wp-audio-shortcode\" id=\"audio-198678-17\" preload=\"none\" style=\"width: 100%;\" controls=\"controls\"><source type=\"audio\/mpeg\" src=\"https:\/\/www.radiopiu.net\/wordpress\/wp-content\/uploads\/2021\/03\/CESARE-16.mp3?_=17\" \/><a href=\"https:\/\/www.radiopiu.net\/wordpress\/wp-content\/uploads\/2021\/03\/CESARE-16.mp3\">https:\/\/www.radiopiu.net\/wordpress\/wp-content\/uploads\/2021\/03\/CESARE-16.mp3<\/a><\/audio>\n<p>&nbsp;<\/p>\n<p>&nbsp;<\/p>\n<p>&nbsp;<\/p>\n<hr \/>\n<p>&nbsp;<\/p>\n<div>\n<p>&nbsp;<\/p>\n<blockquote>\n<h2><a href=\"https:\/\/www.radiopiu.net\/wordpress\/speciale-solidarieta-veneto\/solidarieta-veneto-3\/\" rel=\"attachment wp-att-134366\"><img loading=\"lazy\" decoding=\"async\" class=\"wp-image-134366 alignleft\" src=\"https:\/\/www.radiopiu.net\/wordpress\/wp-content\/uploads\/2020\/05\/solidariet\u00e0-veneto-300x210.jpg\" alt=\"\" width=\"102\" height=\"71\" srcset=\"https:\/\/www.radiopiu.net\/wordpress\/wp-content\/uploads\/2020\/05\/solidariet\u00e0-veneto-300x210.jpg 300w, https:\/\/www.radiopiu.net\/wordpress\/wp-content\/uploads\/2020\/05\/solidariet\u00e0-veneto-1024x717.jpg 1024w, https:\/\/www.radiopiu.net\/wordpress\/wp-content\/uploads\/2020\/05\/solidariet\u00e0-veneto-768x538.jpg 768w, https:\/\/www.radiopiu.net\/wordpress\/wp-content\/uploads\/2020\/05\/solidariet\u00e0-veneto.jpg 1373w\" sizes=\"auto, (max-width: 102px) 100vw, 102px\" \/><\/a>SOLIDARIETA&#8217; VENETO FONDO PENSIONE, IN ONDA IL PRIMO VENERDI DEL MESE ALLE 10.30 E ALLE 19.00 QUINTA STAGIONE<\/h2>\n<\/blockquote>\n<p><strong>AUDIO MARZO 2021<\/strong><\/p>\n<audio class=\"wp-audio-shortcode\" id=\"audio-198678-18\" preload=\"none\" style=\"width: 100%;\" controls=\"controls\"><source type=\"audio\/mpeg\" src=\"https:\/\/www.radiopiu.net\/wordpress\/wp-content\/uploads\/2021\/03\/solidarieta-veneto-marzo.mp3?_=18\" \/><a href=\"https:\/\/www.radiopiu.net\/wordpress\/wp-content\/uploads\/2021\/03\/solidarieta-veneto-marzo.mp3\">https:\/\/www.radiopiu.net\/wordpress\/wp-content\/uploads\/2021\/03\/solidarieta-veneto-marzo.mp3<\/a><\/audio>\n<p>&nbsp;<\/p>\n<blockquote>\n<h2>RACCOLTA COMPLETA<\/h2>\n<\/blockquote>\n<blockquote class=\"wp-embedded-content\" data-secret=\"TuzoUyRwr2\"><p><a href=\"https:\/\/www.radiopiu.net\/wordpress\/solidarieta-veneto\/\">Solidariet\u00e0 Veneto<\/a><\/p><\/blockquote>\n<p><iframe loading=\"lazy\" class=\"wp-embedded-content\" sandbox=\"allow-scripts\" security=\"restricted\" style=\"position: absolute; clip: rect(1px, 1px, 1px, 1px);\" title=\"&#8220;Solidariet\u00e0 Veneto&#8221; &#8212; Radio Pi\u00f9\" src=\"https:\/\/www.radiopiu.net\/wordpress\/solidarieta-veneto\/embed\/#?secret=TuzoUyRwr2\" data-secret=\"TuzoUyRwr2\" width=\"600\" height=\"338\" frameborder=\"0\" marginwidth=\"0\" marginheight=\"0\" scrolling=\"no\"><\/iframe><\/p>\n<p>&nbsp;<\/p>\n<\/div>\n<h3><\/h3>\n<div dir=\"auto\">\n<hr \/>\n<p>&nbsp;<\/p>\n<div>\n<p class=\"photoswipe-wrapper\"><a class=\"dt-pswp-item pspw-wrap-ready\" href=\"https:\/\/i0.wp.com\/www.radiopiu.net\/wordpress\/wp-content\/uploads\/2018\/09\/viabilita.jpeg?ssl=1\" data-dt-img-description=\"\" data-large_image_width=\"800\" data-large_image_height=\"100\"><img loading=\"lazy\" decoding=\"async\" class=\"aligncenter wp-image-61954 size-full\" src=\"https:\/\/i0.wp.com\/www.radiopiu.net\/wordpress\/wp-content\/uploads\/2018\/09\/viabilita.jpeg?resize=800%2C100&amp;ssl=1\" sizes=\"auto, (max-width: 800px) 100vw, 800px\" srcset=\"https:\/\/i0.wp.com\/www.radiopiu.net\/wordpress\/wp-content\/uploads\/2018\/09\/viabilita.jpeg?w=800&amp;ssl=1 800w, https:\/\/i0.wp.com\/www.radiopiu.net\/wordpress\/wp-content\/uploads\/2018\/09\/viabilita.jpeg?resize=300%2C38&amp;ssl=1 300w, https:\/\/i0.wp.com\/www.radiopiu.net\/wordpress\/wp-content\/uploads\/2018\/09\/viabilita.jpeg?resize=768%2C96&amp;ssl=1 768w\" alt=\"\" width=\"800\" height=\"100\" \/><\/a><\/p>\n<\/div>\n<p>&nbsp;<\/p>\n<p><strong>SP 473 CROCE<\/strong> <strong>D&#8217;AUNE<\/strong> Dalle 8 alle 18, dal 23 marzo al 30 aprile compresi sabato domenica e festivi, senso unico alternato regolato da impianto semaforico in comune di Sovramonte per sostituzione barriere di sicurezza<\/p>\n<p><strong>SR 48 DELLE DOLOMITI\u00a0<\/strong>Dal 22 marzo al 30 aprile, dalle 7 alle 18 esclusi sabato domenica e festivi, interruzioni alla viabilit\u00e0 della durata massima di 20 minuti e senso unico alternato regolato da impianto semaforico per messa in sicurezza del versante a monte della strada in comune di Livinallongo<\/p>\n<p><strong>SR 204 BELLUNO MAS<\/strong> dal 22 al 26 marzo in localit\u00e0 Antole istituzione di senso unico alternato regolato da impianto semaforico per messa in sicurezza del ponte<\/p>\n<p><strong>SP 473 CROCE D&#8217;AUNE<\/strong> dal 18 marzo al 15 aprile interdizione totale al traffico in localit\u00e0 Pedavena per ristrutturazione fabbricato. Traffico deviato su Via Trento<\/p>\n<p><strong>SP 473 CROCE D&#8217;AUNE\u00a0<\/strong> dal 18 marzo al 16 aprile, in localit\u00e0 Sarzen, interdizione totale alla viabilit\u00e0 ad eccezione di domeniche e festivi infrasettimanali per lavori di posa canalizzazioni per conto di E-Distribuzione. Transito consentito solo a mezzi pubblici, scolastici e di soccorso<\/p>\n<p><strong>SP 3 VAL IMPERINA\u00a0<\/strong>Dal 20 al 31 marzo, esclusi sabato e domenica, interdizione totale al traffico a fasce orarie tra Forcella Franche e Vallasin per lavori di messa in sicurezza della strada. Le chiusure dalle 8 alle 12:45, dalle 13:45 alle 15:50 e dalle 16:10 alle 17:45<\/p>\n<p><strong>SP 26 DIGOMAN\u00a0<\/strong>dal 22 marzo al 3 aprile interdizione totale al traffico in comune di Rivamonte dalle 8 alle 17, domeniche escluse, per lavori di esbosco schianti Vaia. Negli altri orari senso unico alternato regolato da impianto semaforico.<\/p>\n<p><strong>203 AGORDINA LIVINALLONGO <\/strong>dal 15 marzo per un mese (inclusi festivi e prefestivi) senso unico in localit\u00e0 Ponte Pignazza<\/p>\n<p><strong>SP 251 DELLA VAL DI ZOLDO E CELLINA<\/strong> Istituzione di senso unico alternato regolato da semaforo nel comune di Val di Zoldo per messa in sicurezza della strada<\/p>\n<p><strong>SP 42 CAVALLERA<\/strong> fino a revoca, chiusura della strada nell&#8217;abitato di Perarolo per attivazione emergenza frana &#8220;Busa del Cristo&#8221;<\/p>\n<p><strong>S.P.2 DELLA VALLE DEL MIS\u00a0<\/strong>Interdizione totale al traffico fino a revoca dal km 14,920 (localit\u00e0 Gona Bassa) al km 20,650 (localit\u00e0 Titele) per cedimento della carreggiata<\/p>\n<p><strong>S.P. 5 DI LAMOSANO<\/strong>\u00a0Interdizione totale fino a revoca per presenza di materiale e alberi in strada.<\/p>\n<p><strong>SP 3 DELLA VAL IMPERINA<\/strong> fino a revoca, senso unico alternato regolato a vista in localit\u00e0 Gona di Conedera di Rivamonte per cedimento della carreggiata stradale<\/p>\n<p><strong>PROVINCIALE 2, VALLE DEL MIS KM 9 -14\u00a0 <\/strong>Fino al 30 MARZO dalle 7.30 alle 17.30, sabato e domenica esclusi, senso unico alternato regolato da movieri o a vista, tratti di 100 metri. Ripristino reti lato strada.<\/p>\n<\/div>\n<p><b>\u00a0<\/b><\/p>\n<p>&nbsp;<\/p>\n<div dir=\"auto\">\n<hr \/>\n<p>&nbsp;<\/p>\n<div>\n<p class=\"photoswipe-wrapper\"><a class=\"dt-pswp-item pspw-wrap-ready\" href=\"https:\/\/i0.wp.com\/www.radiopiu.net\/wordpress\/wp-content\/uploads\/2018\/09\/WhatsApp-Image-2018-09-20-at-16.04.06.jpeg?ssl=1\" data-dt-img-description=\"\" data-large_image_width=\"800\" data-large_image_height=\"100\"><img loading=\"lazy\" decoding=\"async\" class=\"aligncenter wp-image-61378 size-full jetpack-lazy-image jetpack-lazy-image--handled\" src=\"https:\/\/i0.wp.com\/www.radiopiu.net\/wordpress\/wp-content\/uploads\/2018\/09\/WhatsApp-Image-2018-09-20-at-16.04.06.jpeg?resize=800%2C100&amp;ssl=1\" sizes=\"auto, (max-width: 800px) 100vw, 800px\" srcset=\"https:\/\/i0.wp.com\/www.radiopiu.net\/wordpress\/wp-content\/uploads\/2018\/09\/WhatsApp-Image-2018-09-20-at-16.04.06.jpeg?w=800&amp;ssl=1 800w, https:\/\/i0.wp.com\/www.radiopiu.net\/wordpress\/wp-content\/uploads\/2018\/09\/WhatsApp-Image-2018-09-20-at-16.04.06.jpeg?resize=300%2C38&amp;ssl=1 300w, https:\/\/i0.wp.com\/www.radiopiu.net\/wordpress\/wp-content\/uploads\/2018\/09\/WhatsApp-Image-2018-09-20-at-16.04.06.jpeg?resize=768%2C96&amp;ssl=1 768w\" alt=\"\" width=\"800\" height=\"100\" data-lazy-loaded=\"1\" \/><\/a><\/p>\n<\/div>\n<p>&nbsp;<\/p>\n<\/div>\n<p><center><b>Mercoledi 24<\/b><\/center><b>Tempo atteso: <\/b>Giornata splendida, ben soleggiata con cielo sereno, aria tersa e ottima visibilit\u00e0 ovunque, salvo modesti cumuli sulle vette prealpine durante le ore pi\u00f9 calde. Il contesto termico torner\u00e0 a essere pi\u00f9 mite nelle valli, con forte escursione termica diurna; in quota il freddo, del tutto relativo rispetto ai giorni scorsi, sar\u00e0 sempre pi\u00f9 confinato alle quote pi\u00f9 alte.<br \/>\n<b>Precipitazioni: <\/b>Assenti (0%).<br \/>\n<b>Temperature: <\/b>In generale aumento a tutte le quote, anche se le gelate notturne saranno ancora presenti fino nei fondovalle. Sono previste punte di 16\/18\u00b0C nei fondovalle prealpini e di 10\/13\u00b0C a 1000\/1200 m. Su Prealpi a 1500 m min 1\u00b0C max 6\u00b0C, a 2000 m min -1\u00b0C max 2\u00b0C. Su Dolomiti a 2000 m min -3\u00b0C max 3\u00b0C, a 3000 m min -8\u00b0C max -5\u00b0C.<br \/>\n<b>Venti: <\/b>Nelle valli deboli o moderati per brezze, in quota deboli\/moderati settentrionali, ancora tesi sui 3000 m, ma tendenti ad attenuarsi a fine giornata, 5-15 km\/h a 2000 m, 20-35 km\/h a 3000 m.<\/p>\n<hr \/>\n<p><center><b>Giovedi 25<\/b><\/center><b>Tempo atteso: <\/b>Al mattino sole e cielo sereno, da met\u00e0 giornata in poi arriveranno nubi alte da ovest e nel pomeriggio il cielo risulter\u00e0 temporaneamente velato ovunque, prima che torni a rasserenarsi ovunque in serata. La mitezza diurma si accentuer\u00e0 lievemente nelle valli, nonostante il soleggiamento pomeridiano sia minore rispetto a mercoled\u00ec.<br \/>\n<b>Precipitazioni: <\/b>Assenti (0%).<br \/>\n<b>Temperature: <\/b>In generale ulteriore lieve aumento con accenno di contesto diurno quasi primaverile nei fondovalle prealpini. Su Prealpi a 1500 m min 2\u00b0C max 7\u00b0C, a 2000 m min 0\u00b0C max 4\u00b0C. Su Dolomiti a 2000 m min -1\u00b0C max 4\u00b0C, a 3000 m min -6\u00b0C max -4\u00b0C.<br \/>\n<b>Venti: <\/b>Nelle valli deboli o moderati per brezze, in quota deboli\/moderati da nord nord-ovest, tendenti a diventare molto deboli nel pomeriggio\/sera, a 5-10 km\/h a 2000 m, 10-15 km\/h a 3000 m.<\/p>\n<hr \/>\n<p><center><b>Venerdi 26<\/b><\/center>Al mattino sole e cielo sereno. Al pomeriggio riduzione del soleggiamento, dapprima per il formarsi di stratocumuli a ridosso dei rilievi, poi anche per nubi medio-alte verso sera, quando il cielo risulter\u00e0 assai nuvoloso o coperto. Temperature minime in aumento e massime in leggera flessione. Venti deboli o moderati a regime di brezza nelle valli; deboli\/moderati dai quadranti occidentali in quota, in leggero rinforzo a fine giornata.<\/p>\n<hr \/>\n<p><center><b>Sabato 27<\/b><\/center>Cielo molto nuvoloso\/coperto con qualche schiarita. Il rischio di deboli precipitazioni sparse sar\u00e0 presente, specie al pomeriggio, con un po&#8217; di neve oltre i 1800\/1900 m. Temperature in lieve flessione, salvo rialzo delle minime nelle valli. Venti deboli o moderati a regime di brezza nelle valli; deboli\/moderati dai quadranti occidentali in quota, in rotazione da nord-ovest a fine giornata. Previsore: R.L.Th.<\/p>\n<p>&nbsp;<\/p>\n<p>&nbsp;<\/p>\n<p>&nbsp;<\/p>\n<p>&nbsp;<\/p>\n","protected":false},"excerpt":{"rendered":"<p>PER RICEVERE QUESTO NOTIZIARIO DIRETTAMENTE SUL TUO CELLULARE ISCRIVITI AL CANALE TELEGRAM \u201cRADIO PIU\u00a0 INFORMAZIONE&#8221;\u00a0 SUPERATI I 3000 ISCRITTI, il CANALE TELEGRAM&#8230; UNISCITI A: RADIO PIU INFORMAZIONE &nbsp; OGGI ALLA RADIO&#8230;. ALLE 8.45 IO NE HO VISTE COSE CHE VOI NON POTRESTE IMMAGINARVI un programma di Pra Claudio terza puntata: verso l&#8217;infinito e oltre ALLE&hellip;<\/p>\n","protected":false},"author":4,"featured_media":198871,"comment_status":"closed","ping_status":"closed","sticky":false,"template":"","format":"standard","meta":{"_monsterinsights_skip_tracking":false,"_monsterinsights_sitenote_active":false,"_monsterinsights_sitenote_note":"","_monsterinsights_sitenote_category":0,"footnotes":""},"categories":[1,51,86],"tags":[],"class_list":["post-198678","post","type-post","status-publish","format-standard","has-post-thumbnail","hentry","category-senza-categoria","category-evidenza-top","category-gr","category-1","category-51","category-86","description-off"],"img_url":"https:\/\/www.radiopiu.net\/wordpress\/wp-content\/uploads\/2021\/03\/4a1c598d-c262-440e-88dd-ba24d749347d.jpg","_links":{"self":[{"href":"https:\/\/www.radiopiu.net\/wordpress\/wp-json\/wp\/v2\/posts\/198678","targetHints":{"allow":["GET"]}}],"collection":[{"href":"https:\/\/www.radiopiu.net\/wordpress\/wp-json\/wp\/v2\/posts"}],"about":[{"href":"https:\/\/www.radiopiu.net\/wordpress\/wp-json\/wp\/v2\/types\/post"}],"author":[{"embeddable":true,"href":"https:\/\/www.radiopiu.net\/wordpress\/wp-json\/wp\/v2\/users\/4"}],"replies":[{"embeddable":true,"href":"https:\/\/www.radiopiu.net\/wordpress\/wp-json\/wp\/v2\/comments?post=198678"}],"version-history":[{"count":0,"href":"https:\/\/www.radiopiu.net\/wordpress\/wp-json\/wp\/v2\/posts\/198678\/revisions"}],"wp:featuredmedia":[{"embeddable":true,"href":"https:\/\/www.radiopiu.net\/wordpress\/wp-json\/wp\/v2\/media\/198871"}],"wp:attachment":[{"href":"https:\/\/www.radiopiu.net\/wordpress\/wp-json\/wp\/v2\/media?parent=198678"}],"wp:term":[{"taxonomy":"category","embeddable":true,"href":"https:\/\/www.radiopiu.net\/wordpress\/wp-json\/wp\/v2\/categories?post=198678"},{"taxonomy":"post_tag","embeddable":true,"href":"https:\/\/www.radiopiu.net\/wordpress\/wp-json\/wp\/v2\/tags?post=198678"}],"curies":[{"name":"wp","href":"https:\/\/api.w.org\/{rel}","templated":true}]}}