{"id":198704,"date":"2021-03-23T06:19:21","date_gmt":"2021-03-23T05:19:21","guid":{"rendered":"https:\/\/www.radiopiu.net\/wordpress\/?p=198704"},"modified":"2021-03-23T06:19:21","modified_gmt":"2021-03-23T05:19:21","slug":"anche-a-vallada-il-plogging-day-plastic-free-walk","status":"publish","type":"post","link":"https:\/\/www.radiopiu.net\/wordpress\/anche-a-vallada-il-plogging-day-plastic-free-walk\/","title":{"rendered":"ANCHE A VALLADA IL PLOGGING DAY &#8211; PLASTIC FREE WALK"},"content":{"rendered":"<blockquote>\n<h3><\/h3>\n<\/blockquote>\n<p><strong>VALLADA AGORDINA <\/strong>Domenica 21 marzo 2021 si \u00e8 svolto il 1\u00b0 Plogging Day &#8211; Plastic Free Walk in tutta Italia grazie a Plastic Free Odv Onlus, associazione di volontariato nata il 29 luglio 2019 con l&#8217;obiettivo di informare e sensibilizzare pi\u00f9 persone possibili sulla pericolosit\u00e0 della plastica, in particolare quella monouso. Tra i diversi progetti di Plastic Free troviamo anche il Plastic Free Walk che ha organizzato il 1\u00b0 Plogging Day svoltosi appunto questa domenica. La pratica del plogging combina l&#8217;attivit\u00e0 sportiva e la raccolta di rifiuti. Per lo pi\u00f9 si svolge in gruppo ma, dovuto alla particolarit\u00e0 della situazione che stiamo vivendo, oggi molti ploggers sono usciti di casa da soli, ognuno con il proprio &#8220;pettorale&#8221;, e hanno macinato chilometri raccogliendo moltissima immondizia. Anche a Vallada Agordina un piccolo gruppo di volontari, capitanato da Sonia Andrich, socia dell&#8217;associazione, ha partecipato all&#8217;iniziativa e si \u00e8 adoperato per ripulire pi\u00f9 chilometri possibili all&#8217;interno del comune. Dopo 8 km di camminata sono stati riempiti 3 sacchi, di cui uno \u00e8 stato trovato abbandonato nel bosco pieno di pannolini usati. Tra mozziconi, bottiglie di vetro e di plastica, polistirolo, si \u00e8 riusciti a raccogliere un bel bottino. Se volete sapere di pi\u00f9 riguardo l&#8217;associazione e magari entrare a fare parte della numerosa famiglia Green potete visitare il sito web Plastic Free Onlus.it o contattare Sonia Andrich su Facebook o Instagram<\/p>\n\n\t\t\t<style type='text\/css'>\n\t\t\t\t#gallery-1 {\n\t\t\t\t\tmargin: auto;\n\t\t\t\t}\n\t\t\t\t#gallery-1 .gallery-item {\n\t\t\t\t\tfloat: left;\n\t\t\t\t\tmargin-top: 10px;\n\t\t\t\t\ttext-align: center;\n\t\t\t\t\twidth: 25%;\n\t\t\t\t}\n\t\t\t\t#gallery-1 img {\n\t\t\t\t\tborder: 2px solid #cfcfcf;\n\t\t\t\t}\n\t\t\t\t#gallery-1 .gallery-caption {\n\t\t\t\t\tmargin-left: 0;\n\t\t\t\t}\n\t\t\t\t\/* see gallery_shortcode() in wp-includes\/media.php *\/\n\t\t\t<\/style>\n\t\t<div id='gallery-1' class='dt-gallery-container gallery galleryid-198704 gallery-columns-4 gallery-size-thumbnail'><dl class='gallery-item'>\n\t\t\t\t<dt class='gallery-icon landscape'>\n\t\t\t\t\t<a class=\"rollover rollover-zoom dt-pswp-item\" title=\"IMG_20210321_174201\" data-dt-img-description=\"\" data-large_image_width=\"2560\" data-large_image_height=\"1920\"href='https:\/\/www.radiopiu.net\/wordpress\/wp-content\/uploads\/2021\/03\/IMG_20210321_174201-scaled.jpg'><img loading=\"lazy\" decoding=\"async\" width=\"150\" height=\"150\" src=\"https:\/\/www.radiopiu.net\/wordpress\/wp-content\/uploads\/2021\/03\/IMG_20210321_174201-150x150.jpg\" class=\"attachment-thumbnail size-thumbnail\" alt=\"\" \/><\/a>\n\t\t\t\t<\/dt><\/dl><dl class='gallery-item'>\n\t\t\t\t<dt class='gallery-icon landscape'>\n\t\t\t\t\t<a class=\"rollover rollover-zoom dt-pswp-item\" title=\"IMG_20210321_183304\" data-dt-img-description=\"\" data-large_image_width=\"988\" data-large_image_height=\"725\"href='https:\/\/www.radiopiu.net\/wordpress\/wp-content\/uploads\/2021\/03\/IMG_20210321_183304.png'><img loading=\"lazy\" decoding=\"async\" width=\"150\" height=\"150\" src=\"https:\/\/www.radiopiu.net\/wordpress\/wp-content\/uploads\/2021\/03\/IMG_20210321_183304-150x150.png\" class=\"attachment-thumbnail size-thumbnail\" alt=\"\" \/><\/a>\n\t\t\t\t<\/dt><\/dl><dl class='gallery-item'>\n\t\t\t\t<dt class='gallery-icon landscape'>\n\t\t\t\t\t<a class=\"rollover rollover-zoom dt-pswp-item\" title=\"IMG_20210321_134535\" data-dt-img-description=\"\" data-large_image_width=\"2560\" data-large_image_height=\"1920\"href='https:\/\/www.radiopiu.net\/wordpress\/wp-content\/uploads\/2021\/03\/IMG_20210321_134535-scaled.jpg'><img loading=\"lazy\" decoding=\"async\" width=\"150\" height=\"150\" src=\"https:\/\/www.radiopiu.net\/wordpress\/wp-content\/uploads\/2021\/03\/IMG_20210321_134535-150x150.jpg\" class=\"attachment-thumbnail size-thumbnail\" alt=\"\" \/><\/a>\n\t\t\t\t<\/dt><\/dl><dl class='gallery-item'>\n\t\t\t\t<dt class='gallery-icon portrait'>\n\t\t\t\t\t<a class=\"rollover rollover-zoom dt-pswp-item\" title=\"IMG_20210321_134618\" data-dt-img-description=\"\" data-large_image_width=\"1920\" data-large_image_height=\"2560\"href='https:\/\/www.radiopiu.net\/wordpress\/wp-content\/uploads\/2021\/03\/IMG_20210321_134618-scaled.jpg'><img loading=\"lazy\" decoding=\"async\" width=\"150\" height=\"150\" src=\"https:\/\/www.radiopiu.net\/wordpress\/wp-content\/uploads\/2021\/03\/IMG_20210321_134618-150x150.jpg\" class=\"attachment-thumbnail size-thumbnail\" alt=\"\" \/><\/a>\n\t\t\t\t<\/dt><\/dl><br style=\"clear: both\" \/>\n\t\t\t<\/div>\n\n<p>&nbsp;<\/p>\n","protected":false},"excerpt":{"rendered":"<p>VALLADA AGORDINA Domenica 21 marzo 2021 si \u00e8 svolto il 1\u00b0 Plogging Day &#8211; Plastic Free Walk in tutta Italia grazie a Plastic Free Odv Onlus, associazione di volontariato nata il 29 luglio 2019 con l&#8217;obiettivo di informare e sensibilizzare pi\u00f9 persone possibili sulla pericolosit\u00e0 della plastica, in particolare quella monouso. Tra i diversi progetti&hellip;<\/p>\n","protected":false},"author":4,"featured_media":198604,"comment_status":"closed","ping_status":"closed","sticky":false,"template":"","format":"standard","meta":{"_monsterinsights_skip_tracking":false,"_monsterinsights_sitenote_active":false,"_monsterinsights_sitenote_note":"","_monsterinsights_sitenote_category":0,"footnotes":""},"categories":[49],"tags":[],"class_list":["post-198704","post","type-post","status-publish","format-standard","has-post-thumbnail","hentry","category-news-18","category-49","description-off"],"img_url":"https:\/\/www.radiopiu.net\/wordpress\/wp-content\/uploads\/2021\/03\/IMG_20210321_183304.png","_links":{"self":[{"href":"https:\/\/www.radiopiu.net\/wordpress\/wp-json\/wp\/v2\/posts\/198704","targetHints":{"allow":["GET"]}}],"collection":[{"href":"https:\/\/www.radiopiu.net\/wordpress\/wp-json\/wp\/v2\/posts"}],"about":[{"href":"https:\/\/www.radiopiu.net\/wordpress\/wp-json\/wp\/v2\/types\/post"}],"author":[{"embeddable":true,"href":"https:\/\/www.radiopiu.net\/wordpress\/wp-json\/wp\/v2\/users\/4"}],"replies":[{"embeddable":true,"href":"https:\/\/www.radiopiu.net\/wordpress\/wp-json\/wp\/v2\/comments?post=198704"}],"version-history":[{"count":0,"href":"https:\/\/www.radiopiu.net\/wordpress\/wp-json\/wp\/v2\/posts\/198704\/revisions"}],"wp:featuredmedia":[{"embeddable":true,"href":"https:\/\/www.radiopiu.net\/wordpress\/wp-json\/wp\/v2\/media\/198604"}],"wp:attachment":[{"href":"https:\/\/www.radiopiu.net\/wordpress\/wp-json\/wp\/v2\/media?parent=198704"}],"wp:term":[{"taxonomy":"category","embeddable":true,"href":"https:\/\/www.radiopiu.net\/wordpress\/wp-json\/wp\/v2\/categories?post=198704"},{"taxonomy":"post_tag","embeddable":true,"href":"https:\/\/www.radiopiu.net\/wordpress\/wp-json\/wp\/v2\/tags?post=198704"}],"curies":[{"name":"wp","href":"https:\/\/api.w.org\/{rel}","templated":true}]}}