{"id":198750,"date":"2021-03-23T12:20:27","date_gmt":"2021-03-23T11:20:27","guid":{"rendered":"https:\/\/www.radiopiu.net\/wordpress\/?p=198750"},"modified":"2021-03-23T13:42:21","modified_gmt":"2021-03-23T12:42:21","slug":"venerdi-il-veneto-cambia-colore-intanto-la-campagna-vaccinale-prosegue-a-spron-battuto","status":"publish","type":"post","link":"https:\/\/www.radiopiu.net\/wordpress\/venerdi-il-veneto-cambia-colore-intanto-la-campagna-vaccinale-prosegue-a-spron-battuto\/","title":{"rendered":"VENERDI IL VENETO CAMBIA COLORE? INTANTO LA CAMPAGNA VACCINALE PROSEGUE A SPRON BATTUTO"},"content":{"rendered":"<p><strong>VENEZIA<\/strong> Da Marghera la conferenza stampa dell&#8217;assessore alla sanita\u00e0 Manuela Lanzarin<\/p>\n<p><strong>I NUMERI <\/strong>TAMPONI MOLECOLARI 4399013 (+18mila) TAMPONI RAPIDI 3697935 (+25mila) TAMPONI IERI 43375\u00a0 POSTIVI IERI +1966 INCIDENZA POSITIVI\/TAMPONI 4,53% (in diminuzione) POSITIVI DA INIZIO EPIDEMIA 369502 POSITIVI ATTUALI 39083 RICOVERI 2013 (+55) IN AREA NON CRITICA 1753 (+39)\u00a0 IN TERAPIA INTENSIVA 260 (+16) IN TERAPIA NON COVID 286 DECESSI 10414 (+53) DIMESSI 17362 (+106)<\/p>\n<blockquote>\n<h2>LEGGI LA CONFERENZA STAMPA DI MANUELA LANZARIN<\/h2>\n<p><em>Immunit\u00e0 di gregge? Siamo lontani. Abbiamo 58 punti vaccinali\u00a0 e un piano per fare 50mila vaccini al giorno. <\/em><span style=\"color: #ff0000;\">Scuola, e se lunedi il veneto \u00e8 arancione?\u00a0<\/span><em>Ne abbiamo parlato, stiamo cercando di predisporre linee guida per i possibili scenari.<\/em><\/p><\/blockquote>\n<p><strong>SITUAZIONE VACCINI<\/strong> Stamane serie di riunioni per capire come muoverci con i nuovi arrivi dei vaccini. Ci \u00e8 stato confermato che sono arrivate 83mila dosi di Pfizer (del milione annunciato a livello nazionale). La campagna sta andando avanti, ieri 17mila dosi di vaccino, aumentate rispetto ai giorni precedenti. 12308 prime dosi, 4906 seconde dosi che portano il totale a 640456 totale dosi somministrate, le persone che hanno completato il ciclo (due dosi) sono 203789. Le aziende si stanno organizzando per un importante secondo trimestre da aprile in poi compreso J&amp;Johnson, si stanno organizzando anche i medici di medicina generale. I medici sono andati anche nei punti vaccinali della Ulss come ad Agordo con il drive-in. Ci stiamo confrontando con odontoiatri e specialisti interni, stiamo lavorando per capire la loro disponibilit\u00e0. Siamo pi\u00f9 avanti con gli specializzandi di Padova e Verona che sono disponibili ad attivarsi nella vaccinazione, soprattutto nel fine settimana. I farmarcisti li incontro domani sia per potenziare i sistemi di prenotazione e per il loro coinvolgimento nella campagna vaccinale come da accordi nazionali.\u00a0 <strong>DOPO TRE MESI 200MILA PERSONE VACCINATE, DI QUESTO PASSO&#8230;<\/strong>Concordo che la famosa immunit\u00e0 di gregge \u00e8 lontana ma tutto dipende dal numero di vaccini che ci vengono inviati. Quindi \u00e8 chiaro che dipende all&#8217;approviggionamento. Noi abbiamo una programmazione da 50mila vaccini al giorno e non sono conteggiati i medici di medicina generale, poi ci sono le aziende per la vaccinazione al loro interno e famigliari over 60. Cos\u00ec potremo aumentare i ritmi. Recuperiamo, stiamo recuperando, non lasceremo indietro nessuno su questo voglio rassicurare i cittadini del Veneto. <strong>SCUOLA E GESTIONE DELLA RIPARTENZA SE LUNEDI TORNA IN ARANCIONE FINO AL FINE SETTIMANA PASQUALE <\/strong>Stiamo cercando di predisporre le linee per possibili scenari e per essere pronti. Valuteremo dal punto di vista epidemiologico e in base ai criteri da adottare, tutto dipende dagli scenari. <strong>INDICE RT<\/strong> Per ora non abbiamo nessun dato, vediamo giovedi.<\/p>\n<h2>DOTTOR PAOLO ROSI coordinatore Comitato di Crisi Emergenza Covid.<\/h2>\n<p><em>Non vediamo grandi differenze rispetto alla seconda ondata, c&#8217;\u00e8 una crescita comunque preoccupante anche se meno in salita. In terapia intensiva si sono ridotti gli ultra 80enni, e questo \u00e8 conseguenza della vaccinazione, in aumento\u00a0 la fascia tra 60 e 69 anni (37%).\u00a0Se\u00a0 non cambia il trend a fine mese avremo 300 pazienti circa ricoverati in terapia intensiva rischiando di sfondare anche il muro dei 400<\/em><\/p>\n<p>Nuovi ingressi negli ospedali, a febbraio dai 5 ai 9 ricoveri al giorno in terapia intensiva, oggi \u00e8 stabile attorno ai 20 ingressi al giorno anche con picchi di 26. Vuol dire che la media dei nuovi ingressi supera quella di quelli che escono dalla terapia intensiva e la curva sale anche se non con costanza, ma lineare.\u00a0 Se la situazione non cambia arriviamo a fine mese con 310 pazienti in terapia intensiva. Questo ha richiesto di aumentare i posti letto operativi, oltre 600, negli ospedali covid pieno regime attivit\u00e0 solo covid, ma s&#8217;inizia a ridurre anche negli altri ospedali per liberare il personale.<br \/>\nAbbiamo analizzato i numeri, suddivisione per fasce d&#8217;et\u00e0 omogenea con riduzione importante degli ultra ottantenni (dimezzati attorno al 2,5%) ed \u00e8 la conseguenza della vaccinazione. Aumentata la fascia 60-69 anni (37%). Il 15% tra i 50 e i 59 e un 7% sotto i cinquant&#8217;anni. Sono aumentati i sessantenni in terapia intensiva (l&#8217;11% dei ricoveri ordinari). Percentuale ricoverati in terapia intensiva sul totale di positivi 0,58% (1 su 200). Solo il 30% arriva da casa e finisce direttamente in terapia intensiva, il 30% entra nei primi tre giorni di ricovero, l&#8217;85% entra nella prima settimana. Non ci sono grandi differenze rispetto alla seconda ondata sugli ingressi in terapia intensiva, se non il fatto che la crescita sia un po&#8217; meno in salita <strong>PREVEDETE AUMENTI FINO A 310 PAZIENTI IN TERAPIA INTENSIVA<\/strong> Quando caleranno i positivi caler\u00e0 anche la curva. Finch\u00e9 crescono con questi ritmo aumentano gli ingressi in terapia intensiva, previsioni al 30 marzo: se si continua con questi numeri andremo anche a 400. Non posso andare oltre a quello che si ricava dai numeri, perch\u00e9 altro non sono che opinioni personali.<\/p>\n<blockquote>\n<h2>DOTTO LUCIANO FLOR<\/h2>\n<\/blockquote>\n<p>Alle 11 \u00e8 arrivata la fornitura di Pfizer, domani entriamo in azione con le seconde e prime dosi. Vogliamo arrivare alla prossima fornitura vaccinando il maggior numero di persone possibile con i 3 vaccini disponibili. Abbiamo vaccini fino a martedi prossimo. Se non arrivano sono a rischio di richiami che faremo nei giorni successivi. Siamo partiti con 6000 dosi di vaccino Pfizer. Abbiamo usato un po&#8217; pi\u00f9 di moderna arrivato con un giorno di ritardo, molti destinati ai richiami, pazienti fragili e ottantenni. Ci teniamo una scorta perch\u00e9 Moderna non \u00e8 famosa per la puntualit\u00e0. Per questa settimana non sono previste consegne di Astrazeneca, consumeremo quelle in casa tenendo comunque una scorta. Cercheremo di fare vaccinazioni anche il sabato e alla domenica. Dal primo aprile avremo un unico sistema uguale per tutti per la prenotazione del vaccino.\u00a0Avremo la stessa piattaforma per tutta la Regione, qui sar\u00e0 possibile prenotare l&#8217;appuntamento. Immaginiamo che chi si prenota si presenti,\u00a0 con il sistema lettere non \u00e8 stato cos\u00ec. Trovo imbarazzante e vergognoso che le persone che si possono vaccinare rifiutino il vaccino mentre ne abbiamo migliaia che ogni giorno ci chiedono di essere vaccinate. Dobbiamo convocare 600 persone in pi\u00f9 nel punto vaccinale perch\u00e9 non sappiamo se quelli convocati arriveranno,\u00a0 il livello di mancata adesione \u00e8 calato. Di AstraZeneca abbiamo somministrato decine di migliaia di dosi senza riscontrare problemi.<\/p>\n<p><a href=\"https:\/\/www.facebook.com\/zaiaufficiale\/videos\/726778188005543\">https:\/\/www.facebook.com\/zaiaufficiale\/videos\/726778188005543<\/a><\/p>\n","protected":false},"excerpt":{"rendered":"<p>VENEZIA Da Marghera la conferenza stampa dell&#8217;assessore alla sanita\u00e0 Manuela Lanzarin I NUMERI TAMPONI MOLECOLARI 4399013 (+18mila) TAMPONI RAPIDI 3697935 (+25mila) TAMPONI IERI 43375\u00a0 POSTIVI IERI +1966 INCIDENZA POSITIVI\/TAMPONI 4,53% (in diminuzione) POSITIVI DA INIZIO EPIDEMIA 369502 POSITIVI ATTUALI 39083 RICOVERI 2013 (+55) IN AREA NON CRITICA 1753 (+39)\u00a0 IN TERAPIA INTENSIVA 260 (+16) IN&hellip;<\/p>\n","protected":false},"author":4,"featured_media":115615,"comment_status":"closed","ping_status":"closed","sticky":false,"template":"","format":"standard","meta":{"_monsterinsights_skip_tracking":false,"_monsterinsights_sitenote_active":false,"_monsterinsights_sitenote_note":"","_monsterinsights_sitenote_category":0,"footnotes":""},"categories":[51,49],"tags":[],"class_list":["post-198750","post","type-post","status-publish","format-standard","has-post-thumbnail","hentry","category-evidenza-top","category-news-18","category-51","category-49","description-off"],"img_url":"https:\/\/www.radiopiu.net\/wordpress\/wp-content\/uploads\/2020\/02\/01-02-2020-MARGINE-ASSESSORE-LANZARIN-mov-image.jpg","_links":{"self":[{"href":"https:\/\/www.radiopiu.net\/wordpress\/wp-json\/wp\/v2\/posts\/198750","targetHints":{"allow":["GET"]}}],"collection":[{"href":"https:\/\/www.radiopiu.net\/wordpress\/wp-json\/wp\/v2\/posts"}],"about":[{"href":"https:\/\/www.radiopiu.net\/wordpress\/wp-json\/wp\/v2\/types\/post"}],"author":[{"embeddable":true,"href":"https:\/\/www.radiopiu.net\/wordpress\/wp-json\/wp\/v2\/users\/4"}],"replies":[{"embeddable":true,"href":"https:\/\/www.radiopiu.net\/wordpress\/wp-json\/wp\/v2\/comments?post=198750"}],"version-history":[{"count":0,"href":"https:\/\/www.radiopiu.net\/wordpress\/wp-json\/wp\/v2\/posts\/198750\/revisions"}],"wp:featuredmedia":[{"embeddable":true,"href":"https:\/\/www.radiopiu.net\/wordpress\/wp-json\/wp\/v2\/media\/115615"}],"wp:attachment":[{"href":"https:\/\/www.radiopiu.net\/wordpress\/wp-json\/wp\/v2\/media?parent=198750"}],"wp:term":[{"taxonomy":"category","embeddable":true,"href":"https:\/\/www.radiopiu.net\/wordpress\/wp-json\/wp\/v2\/categories?post=198750"},{"taxonomy":"post_tag","embeddable":true,"href":"https:\/\/www.radiopiu.net\/wordpress\/wp-json\/wp\/v2\/tags?post=198750"}],"curies":[{"name":"wp","href":"https:\/\/api.w.org\/{rel}","templated":true}]}}