{"id":198902,"date":"2021-03-25T06:00:00","date_gmt":"2021-03-25T05:00:00","guid":{"rendered":"https:\/\/www.radiopiu.net\/wordpress\/?p=198902"},"modified":"2021-03-25T10:02:35","modified_gmt":"2021-03-25T09:02:35","slug":"giornale-radiopiu-25-marzo-2021-direttore-mirko-mezzacasa","status":"publish","type":"post","link":"https:\/\/www.radiopiu.net\/wordpress\/giornale-radiopiu-25-marzo-2021-direttore-mirko-mezzacasa\/","title":{"rendered":"GIORNALE RADIOPIU 25 MARZO 2021 DIRETTORE MIRKO MEZZACASA"},"content":{"rendered":"<h3><a href=\"https:\/\/www.radiopiu.net\/wordpress\/giornale-radiopiu-24-gennaio-2021-direttore-mirko-mezzacasa\/141433770_171616291414874_2957460898102012198_n\/\" rel=\"attachment wp-att-186566\"><img loading=\"lazy\" decoding=\"async\" class=\"wp-image-186566 alignleft\" src=\"https:\/\/www.radiopiu.net\/wordpress\/wp-content\/uploads\/2021\/01\/141433770_171616291414874_2957460898102012198_n-300x300.jpg\" alt=\"\" width=\"144\" height=\"144\" srcset=\"https:\/\/www.radiopiu.net\/wordpress\/wp-content\/uploads\/2021\/01\/141433770_171616291414874_2957460898102012198_n-300x300.jpg 300w, https:\/\/www.radiopiu.net\/wordpress\/wp-content\/uploads\/2021\/01\/141433770_171616291414874_2957460898102012198_n-150x150.jpg 150w, https:\/\/www.radiopiu.net\/wordpress\/wp-content\/uploads\/2021\/01\/141433770_171616291414874_2957460898102012198_n-768x768.jpg 768w, https:\/\/www.radiopiu.net\/wordpress\/wp-content\/uploads\/2021\/01\/141433770_171616291414874_2957460898102012198_n.jpg 800w\" sizes=\"auto, (max-width: 144px) 100vw, 144px\" \/><\/a><\/h3>\n<h3>PER<strong> RICEVERE QUESTO NOTIZIARIO DIRETTAMENTE SUL TUO CELLULARE ISCRIVITI AL CANALE TELEGRAM <\/strong><strong>\u201cRADIO PIU\u00a0 INFORMAZIONE&#8221;\u00a0<\/strong><\/h3>\n<h3>SUPERATI I 3000 ISCRITTI, il CANALE TELEGRAM&#8230; UNISCITI A: RADIO PIU INFORMAZIONE<\/h3>\n<p>&nbsp;<\/p>\n<p>&nbsp;<\/p>\n<p>&nbsp;<\/p>\n<p><em><a href=\"https:\/\/www.radiopiu.net\/wordpress\/giornale-radiopiu-24-gennaio-2021-direttore-mirko-mezzacasa\/79216601_126817312416448_708980208774483089_n\/\" rel=\"attachment wp-att-186567\"><img loading=\"lazy\" decoding=\"async\" class=\"size-medium wp-image-186567 alignright\" src=\"https:\/\/www.radiopiu.net\/wordpress\/wp-content\/uploads\/2021\/01\/79216601_126817312416448_708980208774483089_n-300x114.jpg\" alt=\"\" width=\"300\" height=\"114\" srcset=\"https:\/\/www.radiopiu.net\/wordpress\/wp-content\/uploads\/2021\/01\/79216601_126817312416448_708980208774483089_n-300x114.jpg 300w, https:\/\/www.radiopiu.net\/wordpress\/wp-content\/uploads\/2021\/01\/79216601_126817312416448_708980208774483089_n-768x292.jpg 768w, https:\/\/www.radiopiu.net\/wordpress\/wp-content\/uploads\/2021\/01\/79216601_126817312416448_708980208774483089_n.jpg 820w\" sizes=\"auto, (max-width: 300px) 100vw, 300px\" \/><\/a><span style=\"color: #ff0000;\">ATTENZIONE: LA NUOVA APP PER IOS-IPHONE di Nicola Vettorello <\/span><\/em><a href=\"https:\/\/apps.apple.com\/it\/app\/radio-pi%C3%B9-emittente-agordina\/id1515939845\">https:\/\/apps.apple.com\/it\/app\/radio-pi%C3%B9-emittente-agordina\/id1515939845<\/a><\/p>\n<p><em style=\"color: #ff0000;\">ATTENZIONE: LA NUOVA APP RADIO\u00a0 PER ANDROID di Nicola Vettorello<\/em><\/p>\n<p><a href=\"https:\/\/play.google.com\/store\/apps\/details?id=net.radiopiu.iniko\" target=\"_blank\" rel=\"noopener noreferrer\">https:\/\/play.google.com\/store\/apps\/details?id=net.radiopiu.iniko<\/a><\/p>\n<h2 style=\"text-align: center;\"><\/h2>\n<hr \/>\n<p>&nbsp;<\/p>\n<h2 style=\"text-align: center;\">QUESTA SERA SU ANTENNA TRE ALLE 21:15 &#8220;LA ZANZEGA&#8221;<\/h2>\n<div style=\"width: 1200px;\" class=\"wp-video\"><video class=\"wp-video-shortcode\" id=\"video-198902-1\" width=\"1200\" height=\"675\" preload=\"metadata\" controls=\"controls\"><source type=\"video\/mp4\" src=\"https:\/\/www.radiopiu.net\/wordpress\/wp-content\/uploads\/2021\/03\/LA-ZANZEGA-AGORDINO.mp4?_=1\" \/><a href=\"https:\/\/www.radiopiu.net\/wordpress\/wp-content\/uploads\/2021\/03\/LA-ZANZEGA-AGORDINO.mp4\">https:\/\/www.radiopiu.net\/wordpress\/wp-content\/uploads\/2021\/03\/LA-ZANZEGA-AGORDINO.mp4<\/a><\/video><\/div>\n<h3>L&#8217;INTERVISTA DI RADIO PIU&#8217;<\/h3>\n<p><strong><a href=\"https:\/\/www.radiopiu.net\/wordpress\/le-telecamere-di-antenna-tre-alla-scoperta-di-agordo\/5aefd6fb-35ba-4880-b93c-ff5b9d4debbb\/\" rel=\"attachment wp-att-197730\"><img loading=\"lazy\" decoding=\"async\" class=\" wp-image-197730 alignleft\" src=\"https:\/\/www.radiopiu.net\/wordpress\/wp-content\/uploads\/2021\/03\/5aefd6fb-35ba-4880-b93c-ff5b9d4debbb-300x225.jpg\" alt=\"\" width=\"156\" height=\"117\" srcset=\"https:\/\/www.radiopiu.net\/wordpress\/wp-content\/uploads\/2021\/03\/5aefd6fb-35ba-4880-b93c-ff5b9d4debbb-300x225.jpg 300w, https:\/\/www.radiopiu.net\/wordpress\/wp-content\/uploads\/2021\/03\/5aefd6fb-35ba-4880-b93c-ff5b9d4debbb-1024x768.jpg 1024w, https:\/\/www.radiopiu.net\/wordpress\/wp-content\/uploads\/2021\/03\/5aefd6fb-35ba-4880-b93c-ff5b9d4debbb-768x576.jpg 768w, https:\/\/www.radiopiu.net\/wordpress\/wp-content\/uploads\/2021\/03\/5aefd6fb-35ba-4880-b93c-ff5b9d4debbb-1536x1152.jpg 1536w, https:\/\/www.radiopiu.net\/wordpress\/wp-content\/uploads\/2021\/03\/5aefd6fb-35ba-4880-b93c-ff5b9d4debbb.jpg 1600w\" sizes=\"auto, (max-width: 156px) 100vw, 156px\" \/><\/a>AGORDO <\/strong>Ad Agordo e nelle vicine miniere di Valle Imperina le riprese televisive del programma &#8220;La Zanzega&#8221; condotto da Daniele Marcassa in onda su Antenna Tre. In due giorni la troupe ha dedicato\u00a0 la sua attenzione al capoluogo Agordino cercando scorci e panorami suggestivi per la puntata che andr\u00e0 in onda oggi alle 21.15 e in replica domenica 28 marzo alle 16.50.<\/p>\n<p><strong>di Claudio Fontanive<\/strong><\/p>\n<audio class=\"wp-audio-shortcode\" id=\"audio-198902-1\" preload=\"none\" style=\"width: 100%;\" controls=\"controls\"><source type=\"audio\/mpeg\" src=\"https:\/\/www.radiopiu.net\/wordpress\/wp-content\/uploads\/2021\/03\/zanzega-scade-25-marzo.mp3?_=1\" \/><a href=\"https:\/\/www.radiopiu.net\/wordpress\/wp-content\/uploads\/2021\/03\/zanzega-scade-25-marzo.mp3\">https:\/\/www.radiopiu.net\/wordpress\/wp-content\/uploads\/2021\/03\/zanzega-scade-25-marzo.mp3<\/a><\/audio>\n<p>&nbsp;<\/p>\n<p>&nbsp;<\/p>\n<hr \/>\n<p>&nbsp;<\/p>\n<blockquote>\n<h1 style=\"text-align: center;\">VENETO IN ROSSO<\/h1>\n<h3>Il Veneto si colora di rosso, scuole chiuse. Stop agli spostamenti se non per inderogabili motivi.<\/h3>\n<\/blockquote>\n<p><a href=\"https:\/\/www.radiopiu.net\/wordpress\/veneto-in-rosso-il-bianco-sardegna-lontano-lo-dice-lincide-rt\/schermata-2021-03-12-alle-17-08-55\/\" rel=\"attachment wp-att-196720\"><img loading=\"lazy\" decoding=\"async\" class=\"alignnone wp-image-196720 size-full\" src=\"https:\/\/www.radiopiu.net\/wordpress\/wp-content\/uploads\/2021\/03\/Schermata-2021-03-12-alle-17.08.55.png\" alt=\"\" width=\"1934\" height=\"340\" srcset=\"https:\/\/www.radiopiu.net\/wordpress\/wp-content\/uploads\/2021\/03\/Schermata-2021-03-12-alle-17.08.55.png 1934w, https:\/\/www.radiopiu.net\/wordpress\/wp-content\/uploads\/2021\/03\/Schermata-2021-03-12-alle-17.08.55-300x53.png 300w, https:\/\/www.radiopiu.net\/wordpress\/wp-content\/uploads\/2021\/03\/Schermata-2021-03-12-alle-17.08.55-1024x180.png 1024w, https:\/\/www.radiopiu.net\/wordpress\/wp-content\/uploads\/2021\/03\/Schermata-2021-03-12-alle-17.08.55-768x135.png 768w, https:\/\/www.radiopiu.net\/wordpress\/wp-content\/uploads\/2021\/03\/Schermata-2021-03-12-alle-17.08.55-1536x270.png 1536w\" sizes=\"auto, (max-width: 1934px) 100vw, 1934px\" \/><\/a><\/p>\n<p><strong>PER GLI SPOSTAMENTI OBBLIGO DI AUTOCERTIFICAZIONE CHE PUOI <a href=\"https:\/\/www.radiopiu.net\/wordpress\/veneto-in-rosso-il-bianco-sardegna-lontano-lo-dice-lincide-rt\/dpcm-autocertificazione-gennaio-2021\/\">SCARICARE QUI<\/a><\/strong><\/p>\n<p>&nbsp;<\/p>\n<hr \/>\n<blockquote>\n<h3>L&#8217;ONDA DEL CONTAGIO SULLE RIVE DEL LAGO E NELLA VICINA ROCCA PIETORE<\/h3>\n<\/blockquote>\n<p><strong>AGGIORNAMENTO AL 25 MARZO, ORE 5<\/strong><\/p>\n<p>Ad Alleghe e Rocca Pietore nelle ultime 24 ore i dati non sono confortanti, 5 positivi in pi\u00f9 ad Alleghe ed altrettanti a Rocca Pietore e pi\u00f9 di 50 persone in isolamento fiduciario nei due Comuni. In Alto Cordevole contagi in aumento anche a Livinallongo, situazione stabile a Colle Santa Lucia e Selva di Cadore e anche\u00a0 in Valle del Biois con il record di contagi a Falcade (50). Nella Conca Agordina La Valle e Rivamonte contano 1 solo positivo.<\/p>\n<p><strong>FALCADE<\/strong> 50 positivi\u00a0 () 26 isolamento (-1) <strong>CANALE D&#8217;AGORDO<\/strong> 15 positivi () 10\u00a0 isolamento\u00a0 (+2) <strong>VALLADA<\/strong>\u00a0 4\u00a0 positivi (+2)\u00a0 10 isolamento (+2)\u00a0 <strong>CENCENIGHE<\/strong> 9 (+1) positivi 11 isolamento (+3) <strong>SAN TOMASO<\/strong> 9 positivi (+2)\u00a0 3 isolamento (-5) <strong>LIVINALLONGO<\/strong> 27\u00a0 positivi (+4) 30 isolamento (+11) <strong>ALLEGHE<\/strong> 22 positivi (+10) 53 isolamento (-5) <strong>AGORDO<\/strong> 19 positivi (+2)\u00a0 17 isolamento (+2) <strong>TAIBON<\/strong> 7 positivi (-1) 12 isolamento (-1)\u00a0<strong> LA VALLE<\/strong> 1 positivo 7 isolamento (-1)<strong> RIVAMONTE<\/strong> 1 positivi (-2) 0 isolamento\u00a0 <strong>GOSALDO<\/strong> 7 positivi (+6) 4 isolamento (+3)\u00a0 <strong>ROCCA PIETORE<\/strong> 22 positivi (+5) 38 isolamento (+11) <strong>COLLE SANTA LUCIA<\/strong> 8 positivi\u00a0 (+2) 10 isolamento (+8)<strong> SELVA DI CADORE<\/strong> 19 positivi (-1)\u00a0 27 isolamento (-4)<\/p>\n<p>&nbsp;<\/p>\n<p>I GRAFICI DI TIZIANO DE COL<\/p>\n\n\t\t\t<style type='text\/css'>\n\t\t\t\t#gallery-1 {\n\t\t\t\t\tmargin: auto;\n\t\t\t\t}\n\t\t\t\t#gallery-1 .gallery-item {\n\t\t\t\t\tfloat: left;\n\t\t\t\t\tmargin-top: 10px;\n\t\t\t\t\ttext-align: center;\n\t\t\t\t\twidth: 50%;\n\t\t\t\t}\n\t\t\t\t#gallery-1 img {\n\t\t\t\t\tborder: 2px solid #cfcfcf;\n\t\t\t\t}\n\t\t\t\t#gallery-1 .gallery-caption {\n\t\t\t\t\tmargin-left: 0;\n\t\t\t\t}\n\t\t\t\t\/* see gallery_shortcode() in wp-includes\/media.php *\/\n\t\t\t<\/style>\n\t\t<div id='gallery-1' class='dt-gallery-container gallery galleryid-198902 gallery-columns-2 gallery-size-medium'><dl class='gallery-item'>\n\t\t\t\t<dt class='gallery-icon landscape'>\n\t\t\t\t\t<a class=\"rollover rollover-zoom dt-pswp-item\" title=\"7e2270a5-e5a4-416b-b1c4-126bf9cf1fd3\" data-dt-img-description=\"\" data-large_image_width=\"600\" data-large_image_height=\"361\"href='https:\/\/www.radiopiu.net\/wordpress\/wp-content\/uploads\/2021\/03\/7e2270a5-e5a4-416b-b1c4-126bf9cf1fd3.jpg'><img loading=\"lazy\" decoding=\"async\" width=\"300\" height=\"181\" src=\"https:\/\/www.radiopiu.net\/wordpress\/wp-content\/uploads\/2021\/03\/7e2270a5-e5a4-416b-b1c4-126bf9cf1fd3-300x181.jpg\" class=\"attachment-medium size-medium\" alt=\"\" srcset=\"https:\/\/www.radiopiu.net\/wordpress\/wp-content\/uploads\/2021\/03\/7e2270a5-e5a4-416b-b1c4-126bf9cf1fd3-300x181.jpg 300w, https:\/\/www.radiopiu.net\/wordpress\/wp-content\/uploads\/2021\/03\/7e2270a5-e5a4-416b-b1c4-126bf9cf1fd3.jpg 600w\" sizes=\"auto, (max-width: 300px) 100vw, 300px\" \/><\/a>\n\t\t\t\t<\/dt><\/dl><dl class='gallery-item'>\n\t\t\t\t<dt class='gallery-icon landscape'>\n\t\t\t\t\t<a class=\"rollover rollover-zoom dt-pswp-item\" title=\"33546369-2da0-4187-ab78-dd3b0c43414e\" data-dt-img-description=\"\" data-large_image_width=\"592\" data-large_image_height=\"356\"href='https:\/\/www.radiopiu.net\/wordpress\/wp-content\/uploads\/2021\/03\/33546369-2da0-4187-ab78-dd3b0c43414e.jpg'><img loading=\"lazy\" decoding=\"async\" width=\"300\" height=\"180\" src=\"https:\/\/www.radiopiu.net\/wordpress\/wp-content\/uploads\/2021\/03\/33546369-2da0-4187-ab78-dd3b0c43414e-300x180.jpg\" class=\"attachment-medium size-medium\" alt=\"\" srcset=\"https:\/\/www.radiopiu.net\/wordpress\/wp-content\/uploads\/2021\/03\/33546369-2da0-4187-ab78-dd3b0c43414e-300x180.jpg 300w, https:\/\/www.radiopiu.net\/wordpress\/wp-content\/uploads\/2021\/03\/33546369-2da0-4187-ab78-dd3b0c43414e.jpg 592w\" sizes=\"auto, (max-width: 300px) 100vw, 300px\" \/><\/a>\n\t\t\t\t<\/dt><\/dl><br style=\"clear: both\" \/>\n\t\t\t<\/div>\n\n<p>&nbsp;<\/p>\n<p>&nbsp;<\/p>\n<p>&nbsp;<\/p>\n<hr \/>\n<p>&nbsp;<\/p>\n<p>&nbsp;<\/p>\n<p><strong>SP 3 VAL IMPERINA <\/strong>Fino al 30 aprile (sabato e domenica esclusi) interdizione alla viabilit\u00e0 per lavori di esbosco schianti a fasce orari. Chiusure: dalle 8 alle 9.45; dalle 10 alle 12; dalle 13.45 alle 15.50; dalle 16.10 alle 17.30. Nei periodi non interessati dalla chiusura senso unico alternato con movieri.<\/p>\n<p><img loading=\"lazy\" decoding=\"async\" class=\"wp-image-198719 alignleft\" src=\"https:\/\/www.radiopiu.net\/wordpress\/wp-content\/uploads\/2021\/03\/d1cefc45-a8f4-432d-b66b-ba03ea140813-300x142.jpg\" alt=\"\" width=\"188\" height=\"89\" srcset=\"https:\/\/www.radiopiu.net\/wordpress\/wp-content\/uploads\/2021\/03\/d1cefc45-a8f4-432d-b66b-ba03ea140813-300x142.jpg 300w, https:\/\/www.radiopiu.net\/wordpress\/wp-content\/uploads\/2021\/03\/d1cefc45-a8f4-432d-b66b-ba03ea140813-1024x485.jpg 1024w, https:\/\/www.radiopiu.net\/wordpress\/wp-content\/uploads\/2021\/03\/d1cefc45-a8f4-432d-b66b-ba03ea140813-768x364.jpg 768w, https:\/\/www.radiopiu.net\/wordpress\/wp-content\/uploads\/2021\/03\/d1cefc45-a8f4-432d-b66b-ba03ea140813-1536x728.jpg 1536w, https:\/\/www.radiopiu.net\/wordpress\/wp-content\/uploads\/2021\/03\/d1cefc45-a8f4-432d-b66b-ba03ea140813.jpg 1599w\" sizes=\"auto, (max-width: 188px) 100vw, 188px\" \/><\/p>\n<p>&nbsp;<\/p>\n<p><strong>SP 2 VALLE DEL MIS<\/strong> Dal 25 marzo al 9 aprile (sabato e domenica compresi) senso unico alternato al km 23.460 in prossimit\u00e0 di Gosaldo<\/p>\n<p><strong>SP 26 DIGOMAN\u00a0<\/strong>dal 22 marzo al 3 aprile interdizione totale al traffico in comune di Rivamonte dalle 8 alle 17, domeniche escluse, per lavori di esbosco schianti Vaia. Negli altri orari senso unico alternato regolato da impianto semaforico.<\/p>\n<p>&nbsp;<\/p>\n<hr \/>\n<p>&nbsp;<\/p>\n<h3><a href=\"https:\/\/www.radiopiu.net\/wordpress\/giornale-radiopiu-09-agosto-2018-direttore-mirko-mezzacasa\/acqua\/\" rel=\"attachment wp-att-57052\"><img loading=\"lazy\" decoding=\"async\" class=\" wp-image-57052 alignleft\" src=\"https:\/\/www.radiopiu.net\/wordpress\/wp-content\/uploads\/2018\/08\/ACQUA-300x180.jpeg\" alt=\"\" width=\"172\" height=\"104\" srcset=\"https:\/\/www.radiopiu.net\/wordpress\/wp-content\/uploads\/2018\/08\/ACQUA-300x180.jpeg 300w, https:\/\/www.radiopiu.net\/wordpress\/wp-content\/uploads\/2018\/08\/ACQUA-768x461.jpeg 768w, https:\/\/www.radiopiu.net\/wordpress\/wp-content\/uploads\/2018\/08\/ACQUA-1024x614.jpeg 1024w, https:\/\/www.radiopiu.net\/wordpress\/wp-content\/uploads\/2018\/08\/ACQUA.jpeg 1280w\" sizes=\"auto, (max-width: 172px) 100vw, 172px\" \/><\/a>Gestione Servizi Pubblici informa che a COLLE SANTA LUCIA in LOCALITA&#8217; RUCAVA&#8217;, l&#8217;acqua erogata dall&#8217;acquedotto non \u00e8 potabile e pu\u00f2 essere usata per scopi alimentari SOLO PREVIA bollitura.<\/h3>\n<p>&nbsp;<\/p>\n<p>&nbsp;<\/p>\n<hr \/>\n<p>&nbsp;<\/p>\n<blockquote>\n<h2>\u00a0DOMANI SCIOPERO DELLA SCUOLA E DELLA DAD<\/h2>\n<\/blockquote>\n<p><strong>BELLUNO<\/strong> Iniziativa di manifestazione autorizzata di &#8220;PRIORITA&#8217; ALLA SCUOLA&#8221;. Lo \u00a0sciopero della DAD dei docenti \u00e8\u00a0 convocato dai COBAS e sostenuto da CNPS in tutta Italia. \u00a0APPELLO AI GENITORI: Chiudiamo tutti i nostri dispositivi, non lasciamo che i nostri figli e le nostre figlie rimangano connesse. Rifiutiamoci di collaborare. E scendiamo in piazza. Ritrovo a Belluno, in piazza dei Martiri, sul Liston, alle\u00a0 10. La manifestazione terminer\u00e0 alle ore 11.<em> &#8220;Da un anno per studenti e studentesse la scuola \u00e8 diventata uno schermo da cui si pretende che una voce distorta possa fare lezione. E nei piani per il futuro questa forma di insegnamento diventer\u00e0 sempre pi\u00f9 stabile. \u00a0Questa casa non \u00e8 una scuola&#8221; <\/em>dicono i promotori aggiungendo <em>&#8220;Bianco, Rosso o Arancione: scuole aperte in ogni regione.<\/em><br \/>\n<em>Non solo domani, non solo il 7 Aprile. Anche a Settembre 2021&#8243;.<\/em><br \/>\nQuesta forma d\u2019insegnamento sta entrando nelle maglie della scuola e buona parte dei soldi del Recovery Fund dedicati alla scuola serviranno a stabilizzare la Dad nella scuola..<em> &#8220;Quanto abbiamo visto nell\u2019ultimo anno non sar\u00e0 un\u2019eccezione&#8221;.<\/em><\/p>\n\n\t\t\t<style type='text\/css'>\n\t\t\t\t#gallery-2 {\n\t\t\t\t\tmargin: auto;\n\t\t\t\t}\n\t\t\t\t#gallery-2 .gallery-item {\n\t\t\t\t\tfloat: left;\n\t\t\t\t\tmargin-top: 10px;\n\t\t\t\t\ttext-align: center;\n\t\t\t\t\twidth: 50%;\n\t\t\t\t}\n\t\t\t\t#gallery-2 img {\n\t\t\t\t\tborder: 2px solid #cfcfcf;\n\t\t\t\t}\n\t\t\t\t#gallery-2 .gallery-caption {\n\t\t\t\t\tmargin-left: 0;\n\t\t\t\t}\n\t\t\t\t\/* see gallery_shortcode() in wp-includes\/media.php *\/\n\t\t\t<\/style>\n\t\t<div id='gallery-2' class='dt-gallery-container gallery galleryid-198902 gallery-columns-2 gallery-size-medium'><dl class='gallery-item'>\n\t\t\t\t<dt class='gallery-icon portrait'>\n\t\t\t\t\t<a class=\"rollover rollover-zoom dt-pswp-item\" title=\"164402092_299871461475241_6683333841803444608_n\" data-dt-img-description=\"\" data-large_image_width=\"432\" data-large_image_height=\"606\"href='https:\/\/www.radiopiu.net\/wordpress\/wp-content\/uploads\/2021\/03\/164402092_299871461475241_6683333841803444608_n.jpg'><img loading=\"lazy\" decoding=\"async\" width=\"214\" height=\"300\" src=\"https:\/\/www.radiopiu.net\/wordpress\/wp-content\/uploads\/2021\/03\/164402092_299871461475241_6683333841803444608_n-214x300.jpg\" class=\"attachment-medium size-medium\" alt=\"\" srcset=\"https:\/\/www.radiopiu.net\/wordpress\/wp-content\/uploads\/2021\/03\/164402092_299871461475241_6683333841803444608_n-214x300.jpg 214w, https:\/\/www.radiopiu.net\/wordpress\/wp-content\/uploads\/2021\/03\/164402092_299871461475241_6683333841803444608_n.jpg 432w\" sizes=\"auto, (max-width: 214px) 100vw, 214px\" \/><\/a>\n\t\t\t\t<\/dt><\/dl><dl class='gallery-item'>\n\t\t\t\t<dt class='gallery-icon portrait'>\n\t\t\t\t\t<a class=\"rollover rollover-zoom dt-pswp-item\" title=\"164529967_3902711686462731_4740554650892747271_n\" data-dt-img-description=\"\" data-large_image_width=\"480\" data-large_image_height=\"960\"href='https:\/\/www.radiopiu.net\/wordpress\/wp-content\/uploads\/2021\/03\/164529967_3902711686462731_4740554650892747271_n.jpg'><img loading=\"lazy\" decoding=\"async\" width=\"150\" height=\"300\" src=\"https:\/\/www.radiopiu.net\/wordpress\/wp-content\/uploads\/2021\/03\/164529967_3902711686462731_4740554650892747271_n-150x300.jpg\" class=\"attachment-medium size-medium\" alt=\"\" srcset=\"https:\/\/www.radiopiu.net\/wordpress\/wp-content\/uploads\/2021\/03\/164529967_3902711686462731_4740554650892747271_n-150x300.jpg 150w, https:\/\/www.radiopiu.net\/wordpress\/wp-content\/uploads\/2021\/03\/164529967_3902711686462731_4740554650892747271_n.jpg 480w\" sizes=\"auto, (max-width: 150px) 100vw, 150px\" \/><\/a>\n\t\t\t\t<\/dt><\/dl><br style=\"clear: both\" \/>\n\t\t\t<\/div>\n\n<p>&nbsp;<\/p>\n<p>&nbsp;<\/p>\n<hr \/>\n<blockquote>\n<h3>LA BELLA NOTIZIA, MIGLIORANO LE CONDIZIONI DI GABRIEL<\/h3>\n<\/blockquote>\n<p><strong><a href=\"https:\/\/www.radiopiu.net\/wordpress\/pedavenainciden\/4a1c598d-c262-440e-88dd-ba24d749347d\/\" rel=\"attachment wp-att-198871\"><img loading=\"lazy\" decoding=\"async\" class=\" wp-image-198871 alignleft\" src=\"https:\/\/www.radiopiu.net\/wordpress\/wp-content\/uploads\/2021\/03\/4a1c598d-c262-440e-88dd-ba24d749347d-300x225.jpg\" alt=\"\" width=\"199\" height=\"149\" srcset=\"https:\/\/www.radiopiu.net\/wordpress\/wp-content\/uploads\/2021\/03\/4a1c598d-c262-440e-88dd-ba24d749347d-300x225.jpg 300w, https:\/\/www.radiopiu.net\/wordpress\/wp-content\/uploads\/2021\/03\/4a1c598d-c262-440e-88dd-ba24d749347d-1024x768.jpg 1024w, https:\/\/www.radiopiu.net\/wordpress\/wp-content\/uploads\/2021\/03\/4a1c598d-c262-440e-88dd-ba24d749347d-768x576.jpg 768w, https:\/\/www.radiopiu.net\/wordpress\/wp-content\/uploads\/2021\/03\/4a1c598d-c262-440e-88dd-ba24d749347d.jpg 1280w\" sizes=\"auto, (max-width: 199px) 100vw, 199px\" \/><\/a>FELTRE<\/strong> Molto meglio rispetto a 24 ore prima, in miglioramento le condizioni di Gabriel De Carli anche se la prognosi rimane riservata. Il giovane, 20 anni, stava lavorando su un piccolo scavatore che ribaltandosi in prossimit\u00e0 di un fosso lo ha travolto e schiacciato in via Venezia Secca a Facen. Il pap\u00e0 Renato con lo zio sono riusciti in attesa dell&#8217;arrivo dei soccorsi a fare leva con un palo, alzare il mezzo e liberare il giovane poi elitrasportato a Treviso.<\/p>\n<p>&nbsp;<\/p>\n<p>&nbsp;<\/p>\n<hr \/>\n<blockquote>\n<h3><\/h3>\n<h3>DA SABATO IL NUOVO PIANO DI SANITA&#8217; PUBBLICA CON RIDUZIONE GRADUALE DELLE PRESTAZIONI. OLTRE 2000 PERSONE RICOVERATE IN OSPEDALE PER COVID MENTRE IL VENETO SI APPROSSIMA ALLA ZONA ARANCIONE, DOMANI IL VERDETTO DEL CTS.<\/h3>\n<\/blockquote>\n<p>Domani \u00e8 il giorno del verdetto. Veneto in arancione fino alla vigilia di Pasqua per poi tornare rosso come nel resto d&#8217;Italia? Perch\u00e9 no. <em>&#8220;Non \u00e8 improbabile, fosse anche solo per tre giorni riaprono pure le scuole, non sar\u00f2 io a bloccare il ritorno in classe&#8221;<\/em> ha dichiarato ieri Luca Zaia. Ieri intanto la statistica ha contato altri\u00a0 2.204 nuovi casi di Covid-19,\u00a0 da inizio pandemia\u00a0 372.234. Nelle ultime 24 ore 30 decessi, totale delle vittime\u00a0 10.459. I positivi attuali sono 38.754. Negli ospedali ieri 16 nuovi ricoveri in area non critica (1.816); nelle terapie intensive si registrano altri 9 ingressi (270). Infine incidenza tamponi-positivi al\u00a0 4,3%.\u00a0 Dal\u00a0 fine settimana sar\u00e0 applicato il piano di sanit\u00e0 pubblica che prevede alcune restrizioni di attivit\u00e0 sanitarie e ospedaliere. Non \u00e8 lo scenario di marzo dello scorso con\u00a0 60 pazienti in meno nelle terapie intensive.<\/p>\n<blockquote>\n<h3>UN DECESSO COVID IN ULSS 1 DOLOMITI, 92 NUOVI POSITIVI E RICOVERI IN LIEVE CALO<\/h3>\n<\/blockquote>\n<p><strong>BELLUNO <\/strong>Nelle ultime 24 ore \u00e8 stato registrato un decesso covid di una donna di 86 anni ricoverata in Pneumologia a Belluno. Le nuove positivit\u00e0 sono 92, in provincia 1301 gli attualmente positivi<\/p>\n<p><strong>Ricoveri \u00a0\u00a0\u00a0\u00a0\u00a0\u00a0\u00a0\u00a0\u00a0\u00a0\u00a0\u00a0\u00a0\u00a0\u00a0\u00a0\u00a0\u00a0\u00a0\u00a0\u00a0\u00a0\u00a0\u00a0\u00a0\u00a0\u00a0\u00a0\u00a0\u00a0\u00a0\u00a0\u00a0 <\/strong><\/p>\n<p><em>(dato alle ore 17.00 fonte: Azienda Zero)<\/em><\/p>\n<p>Le persone attualmente POSITIVE ricoverate negli ospedali dell\u2019Ulss Dolomiti sono:<\/p>\n<table>\n<tbody>\n<tr>\n<td width=\"217\"><strong>\u00a0<\/strong><\/td>\n<td width=\"217\"><strong>Area NON CRITICA<\/strong><\/td>\n<td width=\"217\"><strong>Terapia Intensiva<\/strong><\/td>\n<\/tr>\n<tr>\n<td width=\"217\"><strong>Ospedale di Belluno <\/strong><\/td>\n<td width=\"217\">39<\/td>\n<td width=\"217\">5<\/td>\n<\/tr>\n<tr>\n<td width=\"217\"><strong>Ospedale di Feltre<\/strong><\/td>\n<td width=\"217\">22<\/td>\n<td width=\"217\">3<\/td>\n<\/tr>\n<\/tbody>\n<\/table>\n<p>&nbsp;<\/p>\n<p>Le persone attualmente POSITIVE ricoverate in Ospedale di Comunit\u00e0 sono:<\/p>\n<table>\n<tbody>\n<tr>\n<td width=\"326\"><strong>\u00a0<\/strong><\/td>\n<td width=\"326\"><strong>pazienti attualmente positivi<\/strong><\/td>\n<\/tr>\n<tr>\n<td width=\"326\"><strong>Ospedale di Comunit\u00e0 di BELLUNO<\/strong><\/td>\n<td width=\"326\">10<\/td>\n<\/tr>\n<tr>\n<td width=\"326\"><strong>Ospedale di Comunit\u00e0 di FELTRE<\/strong><\/td>\n<td width=\"326\">4<\/td>\n<\/tr>\n<\/tbody>\n<\/table>\n<p>&nbsp;<\/p>\n<p>Sono state attivate <strong>ulteriori date<\/strong>, prenotabili online, dal sito <a href=\"http:\/\/www.aulss1.veneto.it\/\">www.aulss1.veneto.it<\/a>\u00a0 <strong>per le persone con pi\u00f9 di ottanta anni <\/strong>per anticipare l\u2019appuntamento dato con lettera. Inoltre, \u00e8 prenotabile online\u00a0 la vaccinazione per le persone con <strong>78 e 79 anni <\/strong>con vaccino Astrazeneca a Paludi il <strong>28 marzo<\/strong>. I Medici di Medicina Generale, ed in particolare alcune Medicine di Gruppo, si sono attivati per la vaccinazione dei loro assistiti tra 75 e 79 anni con chiamata diretta. Oggi \u00e8 in programma la vaccinazione organizzata dalla Medicina di Gruppo di Cavarzano, su modello della precedente sperimentazione. Sabato 27 marzo, vaccineranno i medici di famiglia di Longarone (chiamata diretta da parte del Comune e vaccinazioni in Fiera) e di Zoldo ( chiamata diretta dei medici). Sabato e domenica saranno operativi per le vaccinazione anche i medici di Borgovalbelluna e Alano, nei giorni a seguire i medici di Belluno-Limana, Centro Cadore e Cadore con modalit\u00e0 a chiamata diretta diffuse dalle singole medicine di gruppo.<\/p>\n<p>&nbsp;<\/p>\n<p>&nbsp;<\/p>\n<hr \/>\n<p>&nbsp;<\/p>\n<blockquote>\n<h3>ZAIA SUI NO VAX: &#8220;LA SENTENZA DI BELLUNO VA RISPETTATA COME TUTTE LE SENTENZE&#8221;<\/h3>\n<p><em>Se uno non vuole toccare le armi non pu\u00f2 fare la guardia, questo dice tutto anche su chi lavora nella sanit\u00e0 e non vuole fare i vaccini<\/em><\/p><\/blockquote>\n<p><img decoding=\"async\" class=\"alignleft\" src=\"https:\/\/www.radiopiu.net\/wordpress\/wp-content\/uploads\/2021\/03\/th-16.jpg\" \/><strong>VENEZIA <\/strong>Ieri\u00a0 il presidente della Regione pungolato dai giornalisti \u00e8 intervenuto sul tema dei no vax alla luce di quanto sentenziato dal Tribunale di Belluno<\/p>\n<p><strong>LA SENTENZA DEL TRIBUNALE DI BELLUNO, LA PRIMA IN ITALIA<\/strong> Penso che il vaccino sia volontario e deve essere prerogativa di civilt\u00e0 <strong>SULL&#8217;OBBLIGO DI VACCINO<\/strong> La vedrei diversa, chi\u00a0 vuole lavorare nelle RSA (le sentenze si rispettano) sa a cosa va incontro.<\/p>\n<p><strong>AUDIO LUCA ZAIA<\/strong><\/p>\n<audio class=\"wp-audio-shortcode\" id=\"audio-198902-2\" preload=\"none\" style=\"width: 100%;\" controls=\"controls\"><source type=\"audio\/mpeg\" src=\"https:\/\/www.radiopiu.net\/wordpress\/wp-content\/uploads\/2021\/03\/ZAIA.mp3?_=2\" \/><a href=\"https:\/\/www.radiopiu.net\/wordpress\/wp-content\/uploads\/2021\/03\/ZAIA.mp3\">https:\/\/www.radiopiu.net\/wordpress\/wp-content\/uploads\/2021\/03\/ZAIA.mp3<\/a><\/audio>\n<p>&nbsp;<\/p>\n<p>&nbsp;<\/p>\n<p>&nbsp;<\/p>\n<hr \/>\n<p>&nbsp;<\/p>\n<blockquote>\n<h3>A TAIBON SI FARA&#8217; LA ROTONDA DI STRAPONT, A CENCENIGHE BOCCIATA IN CENTRO PAESE<\/h3>\n<\/blockquote>\n<p><strong>TAIBON \/ CENCENIGHE\u00a0<\/strong><\/p>\n<p>di Gianni Santomaso<\/p>\n<audio class=\"wp-audio-shortcode\" id=\"audio-198902-3\" preload=\"none\" style=\"width: 100%;\" controls=\"controls\"><source type=\"audio\/mpeg\" src=\"https:\/\/www.radiopiu.net\/wordpress\/wp-content\/uploads\/2021\/03\/GIANNI-ROTONDA-STRAPONT.mp3?_=3\" \/><a href=\"https:\/\/www.radiopiu.net\/wordpress\/wp-content\/uploads\/2021\/03\/GIANNI-ROTONDA-STRAPONT.mp3\">https:\/\/www.radiopiu.net\/wordpress\/wp-content\/uploads\/2021\/03\/GIANNI-ROTONDA-STRAPONT.mp3<\/a><\/audio>\n<p>&nbsp;<\/p>\n\n\t\t\t<style type='text\/css'>\n\t\t\t\t#gallery-3 {\n\t\t\t\t\tmargin: auto;\n\t\t\t\t}\n\t\t\t\t#gallery-3 .gallery-item {\n\t\t\t\t\tfloat: left;\n\t\t\t\t\tmargin-top: 10px;\n\t\t\t\t\ttext-align: center;\n\t\t\t\t\twidth: 33%;\n\t\t\t\t}\n\t\t\t\t#gallery-3 img {\n\t\t\t\t\tborder: 2px solid #cfcfcf;\n\t\t\t\t}\n\t\t\t\t#gallery-3 .gallery-caption {\n\t\t\t\t\tmargin-left: 0;\n\t\t\t\t}\n\t\t\t\t\/* see gallery_shortcode() in wp-includes\/media.php *\/\n\t\t\t<\/style>\n\t\t<div id='gallery-3' class='dt-gallery-container gallery galleryid-198902 gallery-columns-3 gallery-size-medium'><dl class='gallery-item'>\n\t\t\t\t<dt class='gallery-icon landscape'>\n\t\t\t\t\t<a class=\"rollover rollover-zoom dt-pswp-item\" title=\"c8a5f548-e8b7-4ec8-aec5-03d1ebcdcef4\" data-dt-img-description=\"\" data-large_image_width=\"1024\" data-large_image_height=\"768\"href='https:\/\/www.radiopiu.net\/wordpress\/wp-content\/uploads\/2021\/03\/c8a5f548-e8b7-4ec8-aec5-03d1ebcdcef4.jpg'><img loading=\"lazy\" decoding=\"async\" width=\"300\" height=\"225\" src=\"https:\/\/www.radiopiu.net\/wordpress\/wp-content\/uploads\/2021\/03\/c8a5f548-e8b7-4ec8-aec5-03d1ebcdcef4-300x225.jpg\" class=\"attachment-medium size-medium\" alt=\"\" srcset=\"https:\/\/www.radiopiu.net\/wordpress\/wp-content\/uploads\/2021\/03\/c8a5f548-e8b7-4ec8-aec5-03d1ebcdcef4-300x225.jpg 300w, https:\/\/www.radiopiu.net\/wordpress\/wp-content\/uploads\/2021\/03\/c8a5f548-e8b7-4ec8-aec5-03d1ebcdcef4-768x576.jpg 768w, https:\/\/www.radiopiu.net\/wordpress\/wp-content\/uploads\/2021\/03\/c8a5f548-e8b7-4ec8-aec5-03d1ebcdcef4.jpg 1024w\" sizes=\"auto, (max-width: 300px) 100vw, 300px\" \/><\/a>\n\t\t\t\t<\/dt><\/dl><dl class='gallery-item'>\n\t\t\t\t<dt class='gallery-icon landscape'>\n\t\t\t\t\t<a class=\"rollover rollover-zoom dt-pswp-item\" title=\"dbe840fd-79f2-4220-bc43-777b6ac4fa8c\" data-dt-img-description=\"\" data-large_image_width=\"1024\" data-large_image_height=\"768\"href='https:\/\/www.radiopiu.net\/wordpress\/wp-content\/uploads\/2021\/03\/dbe840fd-79f2-4220-bc43-777b6ac4fa8c.jpg'><img loading=\"lazy\" decoding=\"async\" width=\"300\" height=\"225\" src=\"https:\/\/www.radiopiu.net\/wordpress\/wp-content\/uploads\/2021\/03\/dbe840fd-79f2-4220-bc43-777b6ac4fa8c-300x225.jpg\" class=\"attachment-medium size-medium\" alt=\"\" srcset=\"https:\/\/www.radiopiu.net\/wordpress\/wp-content\/uploads\/2021\/03\/dbe840fd-79f2-4220-bc43-777b6ac4fa8c-300x225.jpg 300w, https:\/\/www.radiopiu.net\/wordpress\/wp-content\/uploads\/2021\/03\/dbe840fd-79f2-4220-bc43-777b6ac4fa8c-768x576.jpg 768w, https:\/\/www.radiopiu.net\/wordpress\/wp-content\/uploads\/2021\/03\/dbe840fd-79f2-4220-bc43-777b6ac4fa8c.jpg 1024w\" sizes=\"auto, (max-width: 300px) 100vw, 300px\" \/><\/a>\n\t\t\t\t<\/dt><\/dl><dl class='gallery-item'>\n\t\t\t\t<dt class='gallery-icon landscape'>\n\t\t\t\t\t<a class=\"rollover rollover-zoom dt-pswp-item\" title=\"54b5df0f-9afe-44ff-bc12-a0c649f0c0c0\" data-dt-img-description=\"\" data-large_image_width=\"1024\" data-large_image_height=\"768\"href='https:\/\/www.radiopiu.net\/wordpress\/wp-content\/uploads\/2021\/03\/54b5df0f-9afe-44ff-bc12-a0c649f0c0c0.jpg'><img loading=\"lazy\" decoding=\"async\" width=\"300\" height=\"225\" src=\"https:\/\/www.radiopiu.net\/wordpress\/wp-content\/uploads\/2021\/03\/54b5df0f-9afe-44ff-bc12-a0c649f0c0c0-300x225.jpg\" class=\"attachment-medium size-medium\" alt=\"\" srcset=\"https:\/\/www.radiopiu.net\/wordpress\/wp-content\/uploads\/2021\/03\/54b5df0f-9afe-44ff-bc12-a0c649f0c0c0-300x225.jpg 300w, https:\/\/www.radiopiu.net\/wordpress\/wp-content\/uploads\/2021\/03\/54b5df0f-9afe-44ff-bc12-a0c649f0c0c0-768x576.jpg 768w, https:\/\/www.radiopiu.net\/wordpress\/wp-content\/uploads\/2021\/03\/54b5df0f-9afe-44ff-bc12-a0c649f0c0c0.jpg 1024w\" sizes=\"auto, (max-width: 300px) 100vw, 300px\" \/><\/a>\n\t\t\t\t<\/dt><\/dl><br style=\"clear: both\" \/>\n\t\t\t<\/div>\n\n<p>&nbsp;<\/p>\n<hr \/>\n<p>&nbsp;<\/p>\n<blockquote>\n<h3>TRE REPARTI DELLO STABILIMENTO LUXOTTICA DI AGORDO NON LAVORERANNO IL 2 APRILE<\/h3>\n<\/blockquote>\n<p><strong><a href=\"https:\/\/www.radiopiu.net\/wordpress\/luxottica-sospensione-di-tutte-le-attivita-italiane-del-gruppo\/novita-luxottica\/\" rel=\"attachment wp-att-124025\"><img loading=\"lazy\" decoding=\"async\" class=\" wp-image-124025 alignleft\" src=\"https:\/\/www.radiopiu.net\/wordpress\/wp-content\/uploads\/2020\/03\/NOVITA-LUXOTTICA-300x169.jpg\" alt=\"\" width=\"217\" height=\"122\" srcset=\"https:\/\/www.radiopiu.net\/wordpress\/wp-content\/uploads\/2020\/03\/NOVITA-LUXOTTICA-300x169.jpg 300w, https:\/\/www.radiopiu.net\/wordpress\/wp-content\/uploads\/2020\/03\/NOVITA-LUXOTTICA-1024x576.jpg 1024w, https:\/\/www.radiopiu.net\/wordpress\/wp-content\/uploads\/2020\/03\/NOVITA-LUXOTTICA-768x432.jpg 768w, https:\/\/www.radiopiu.net\/wordpress\/wp-content\/uploads\/2020\/03\/NOVITA-LUXOTTICA-1536x864.jpg 1536w, https:\/\/www.radiopiu.net\/wordpress\/wp-content\/uploads\/2020\/03\/NOVITA-LUXOTTICA.jpg 1600w\" sizes=\"auto, (max-width: 217px) 100vw, 217px\" \/><\/a>AGORDO\u00a0<\/strong>Nelle ultime ore la RSU dello stabilimento Luxottica di Agordo e la dirigenza si sono incontrate per inserire una giornata di flessibilit\u00e0 negativa che riguarda i reparti finitura metallo, confezionamento e ricambi. Le maestranze che lavorano in questi reparti non saranno chiamate al lavoro venerd\u00ec 2 aprile dopo la decisione presa in comune accordo tra sindacati e dirigenza Luxottica.<\/p>\n<p>&nbsp;<\/p>\n<p>&nbsp;<\/p>\n<p>&nbsp;<\/p>\n<hr \/>\n<p>&nbsp;<\/p>\n<blockquote>\n<h3>DOMANI IN CASO DI SCIOPERO DEI TRASPORTI, DISAGI PER I LAVORATORI LUXOTTICA<\/h3>\n<\/blockquote>\n<p><strong><a href=\"https:\/\/www.radiopiu.net\/wordpress\/rinnovo-abbonamenti-anno-scolastico-2018-2019-dolomiti-bus\/dolomitibus-3\/\" rel=\"attachment wp-att-59158\"><img loading=\"lazy\" decoding=\"async\" class=\"wp-image-59158 alignleft\" src=\"https:\/\/www.radiopiu.net\/wordpress\/wp-content\/uploads\/2018\/08\/dolomitibus-300x200.jpeg\" alt=\"\" width=\"168\" height=\"112\" srcset=\"https:\/\/www.radiopiu.net\/wordpress\/wp-content\/uploads\/2018\/08\/dolomitibus-300x200.jpeg 300w, https:\/\/www.radiopiu.net\/wordpress\/wp-content\/uploads\/2018\/08\/dolomitibus.jpeg 621w\" sizes=\"auto, (max-width: 168px) 100vw, 168px\" \/><\/a>AGORDO<\/strong>\u00a0 Domani salvo\u00a0 revoche, sciopero dei trasporti. Le fasce orarie garantite sono limitate e la grande maggioranza degli utenti Luxottica si trover\u00e0 a non avere garantita l&#8217;andata oppure il rientro o entrambi, compresi i turnisti notturni. <em>&#8220;Poich\u00e9 le limitazioni covid sul numero di persone trasportabili in auto andranno ad aumentare ulteriormente il numero di veicoli utilizzati &#8211; anticipano i delegati Uiltec-Uil della Luxottica di Agordo &#8211;\u00a0 sar\u00e0 una giornata impegnativa per code e parcheggi. Ricordiamo che al cambio turno mattina \/ pomeriggio la sbarra di ingresso in Luxottica viene normalmente aperta alle 13.50 quindi chi intende parcheggiare all&#8217;interno dovrebbe arrivare dalle 13.50 in poi per non bloccare il traffico mentre attende l&#8217;apertura&#8221;.<\/em><\/p>\n\n\t\t\t<style type='text\/css'>\n\t\t\t\t#gallery-4 {\n\t\t\t\t\tmargin: auto;\n\t\t\t\t}\n\t\t\t\t#gallery-4 .gallery-item {\n\t\t\t\t\tfloat: left;\n\t\t\t\t\tmargin-top: 10px;\n\t\t\t\t\ttext-align: center;\n\t\t\t\t\twidth: 50%;\n\t\t\t\t}\n\t\t\t\t#gallery-4 img {\n\t\t\t\t\tborder: 2px solid #cfcfcf;\n\t\t\t\t}\n\t\t\t\t#gallery-4 .gallery-caption {\n\t\t\t\t\tmargin-left: 0;\n\t\t\t\t}\n\t\t\t\t\/* see gallery_shortcode() in wp-includes\/media.php *\/\n\t\t\t<\/style>\n\t\t<div id='gallery-4' class='dt-gallery-container gallery galleryid-198902 gallery-columns-2 gallery-size-medium'><dl class='gallery-item'>\n\t\t\t\t<dt class='gallery-icon portrait'>\n\t\t\t\t\t<a class=\"rollover rollover-zoom dt-pswp-item\" title=\"00348218-f8b0-45e3-a894-c7bae76b0114\" data-dt-img-description=\"\" data-large_image_width=\"720\" data-large_image_height=\"1019\"href='https:\/\/www.radiopiu.net\/wordpress\/wp-content\/uploads\/2021\/03\/00348218-f8b0-45e3-a894-c7bae76b0114.jpg'><img loading=\"lazy\" decoding=\"async\" width=\"212\" height=\"300\" src=\"https:\/\/www.radiopiu.net\/wordpress\/wp-content\/uploads\/2021\/03\/00348218-f8b0-45e3-a894-c7bae76b0114-212x300.jpg\" class=\"attachment-medium size-medium\" alt=\"\" srcset=\"https:\/\/www.radiopiu.net\/wordpress\/wp-content\/uploads\/2021\/03\/00348218-f8b0-45e3-a894-c7bae76b0114-212x300.jpg 212w, https:\/\/www.radiopiu.net\/wordpress\/wp-content\/uploads\/2021\/03\/00348218-f8b0-45e3-a894-c7bae76b0114.jpg 720w\" sizes=\"auto, (max-width: 212px) 100vw, 212px\" \/><\/a>\n\t\t\t\t<\/dt><\/dl><dl class='gallery-item'>\n\t\t\t\t<dt class='gallery-icon portrait'>\n\t\t\t\t\t<a class=\"rollover rollover-zoom dt-pswp-item\" title=\"379ed41e-3064-4e2c-8f06-71998c78a2de\" data-dt-img-description=\"\" data-large_image_width=\"643\" data-large_image_height=\"934\"href='https:\/\/www.radiopiu.net\/wordpress\/wp-content\/uploads\/2021\/03\/379ed41e-3064-4e2c-8f06-71998c78a2de.jpg'><img loading=\"lazy\" decoding=\"async\" width=\"207\" height=\"300\" src=\"https:\/\/www.radiopiu.net\/wordpress\/wp-content\/uploads\/2021\/03\/379ed41e-3064-4e2c-8f06-71998c78a2de-207x300.jpg\" class=\"attachment-medium size-medium\" alt=\"\" srcset=\"https:\/\/www.radiopiu.net\/wordpress\/wp-content\/uploads\/2021\/03\/379ed41e-3064-4e2c-8f06-71998c78a2de-207x300.jpg 207w, https:\/\/www.radiopiu.net\/wordpress\/wp-content\/uploads\/2021\/03\/379ed41e-3064-4e2c-8f06-71998c78a2de.jpg 643w\" sizes=\"auto, (max-width: 207px) 100vw, 207px\" \/><\/a>\n\t\t\t\t<\/dt><\/dl><br style=\"clear: both\" \/>\n\t\t\t<\/div>\n\n<p>&nbsp;<\/p>\n<hr \/>\n<p>&nbsp;<\/p>\n<p>&nbsp;<\/p>\n<blockquote>\n<h3>ACC: RIECCO LE PREOCCUPAZIONI &#8220;EUTANASIA DI UN SITO PRODUTTIVO&#8221;<\/h3>\n<\/blockquote>\n<p><strong><img loading=\"lazy\" decoding=\"async\" class=\"alignleft\" src=\"https:\/\/www.radiopiu.net\/wordpress\/wp-content\/uploads\/2021\/02\/FIOM-CGIL.png\" width=\"162\" height=\"49\" \/>BORGO VALBELLUNA\u00a0<\/strong> La Fiom Cgil di Belluno apprende con preoccupazione\u00a0 delle\u00a0 prossime convocazioni dei tavoli di crisi industriali presso il ministero dello sviluppo economico. Sono interessate:\u00a0 Corneliani, Bekaert, Ilva, Ideal Standart. E\u00a0 la vertenza di Acc Wanbao? Se lo chiedono i sindacalisti della Cgil poich\u00e9 non \u00e8\u00a0 nota una possibile data di convocazione. <em>&#8220;Abbiamo pi\u00f9 volte e in pi\u00f9 riprese rimarcato la drammatica situazione riguardante Acc &#8211; dice la Fiom Cgil-\u00a0 per la quale se non arriveranno ad ore soluzioni di sostegno finanziario \u00e8 imminente il collasso produttivo con conseguenze irrimediabili. <\/em><em>Quindi per il Mise oggi deve essere urgente e prioritario la convocazione di un tavolo su Acc con la presenza di tutte le parti coinvolte anche degli istituti bancari, ai quali qualcuno si appella con sterili <a href=\"https:\/\/www.radiopiu.net\/wordpress\/acc-consegna-i-compressori-gesto-simbolico-dai-grandi-significati\/78ebdc32-6394-49a6-8282-40a4a229b080\/\" rel=\"attachment wp-att-197660\"><img loading=\"lazy\" decoding=\"async\" class=\"size-medium wp-image-197660 alignright\" src=\"https:\/\/www.radiopiu.net\/wordpress\/wp-content\/uploads\/2021\/03\/78ebdc32-6394-49a6-8282-40a4a229b080-300x225.jpg\" alt=\"\" width=\"300\" height=\"225\" srcset=\"https:\/\/www.radiopiu.net\/wordpress\/wp-content\/uploads\/2021\/03\/78ebdc32-6394-49a6-8282-40a4a229b080-300x225.jpg 300w, https:\/\/www.radiopiu.net\/wordpress\/wp-content\/uploads\/2021\/03\/78ebdc32-6394-49a6-8282-40a4a229b080-1024x768.jpg 1024w, https:\/\/www.radiopiu.net\/wordpress\/wp-content\/uploads\/2021\/03\/78ebdc32-6394-49a6-8282-40a4a229b080-768x576.jpg 768w, https:\/\/www.radiopiu.net\/wordpress\/wp-content\/uploads\/2021\/03\/78ebdc32-6394-49a6-8282-40a4a229b080-1536x1152.jpg 1536w, https:\/\/www.radiopiu.net\/wordpress\/wp-content\/uploads\/2021\/03\/78ebdc32-6394-49a6-8282-40a4a229b080.jpg 2048w\" sizes=\"auto, (max-width: 300px) 100vw, 300px\" \/><\/a>comunicati. Per decidere e concordare gli urgenti interventi per garantire la continuit\u00e0 produttiva di Acc e il conseguente pi\u00f9 ampio piano di politica industriale con il progetto Italcomp anche e soprattutto alla luce dei nuovi provvedimenti contenuti nel Decreto Sostegno&#8221;.\u00a0<\/em>Da parte sindacale aleggia un dubbio in merito ai comportamenti del Ministro Giorgetti e del suo vice Todde <em>&#8220;Ci dicano se ci stanno prendendo in giro oppure se ci vogliono con i loro silenzi e le loro insopportabili inerzie, cui ci hanno abituato, lentamente<\/em> uccidere&#8221; I lavoratori temono il taglio delle retribuzioni e si appellano alle istituzioni per una rapidissima convocazione del tavolo <em>&#8220;Se ci\u00f2 non avverr\u00e0 .- &#8211; conclude la nota della Cgil &#8211; statene certi, reagiremo di conseguenza e non dimenticheremo&#8221;<\/em><\/p>\n<p>&nbsp;<\/p>\n<hr \/>\n<p>&nbsp;<\/p>\n<blockquote>\n<h3>\u00a0ANAS: APERTA AL TRAFFICO LA NUOVA VARIANTE DI VITTORIO VENETO, IN PROVINCIA DI TREVISO<\/h3>\n<\/blockquote>\n<p><strong>TREVISO<\/strong> Anas (Gruppo FS Italiane) ha aperto oggi al traffico la nuova variante di Vittorio Veneto (Tangenziale Est), in provincia di Treviso. La nuova opera, del valore complessivo di circa 65 milioni di euro, rientra nell\u2019ambito degli interventi del primo Stralcio del nuovo tracciato \u201cLa Sega- Rindola\u201d per il pi\u00f9 ampio progetto di collegamento \u201cLa Sega-Ospedale\u201d. <strong>Zaia: <\/strong><em>\u201cDa oggi, il primo lotto della tangenziale di Vittorio Veneto \u00e8 una realt\u00e0 che i cittadini, sia residenti che turisti, potranno toccare con mano. In Veneto, per infrastrutture e trasporti, siamo proiettati nel futuro, non solo con l\u2019immaginazione, per tecnologia sempre pi\u00f9 all\u2019avanguardia e una mobilit\u00e0 pi\u00f9 green\u201d <\/em>La variante, lunga 2,05 km, attraversa in galleria la dorsale di Serravalle e si sviluppa sulla sinistra del fiume Meschio. E\u2019 costituita da un tratto principale delimitato da 2 rotatorie denominate \u201cla Sega\u201d e \u201cRindola\u201d, aventi un diametro di circa 45 metri, ed un ramo di collegamento sud denominato \u201cVittorio Veneto centro\u201d che termina con la rotatoria su via Carso. I lavori di realizzazione della Variante proseguiranno con gli interventi previsti nel 2\u00b0 Stralcio Rindola-Savassa il cui progetto \u00e8 in fase di avvio.<\/p>\n\n\t\t\t<style type='text\/css'>\n\t\t\t\t#gallery-5 {\n\t\t\t\t\tmargin: auto;\n\t\t\t\t}\n\t\t\t\t#gallery-5 .gallery-item {\n\t\t\t\t\tfloat: left;\n\t\t\t\t\tmargin-top: 10px;\n\t\t\t\t\ttext-align: center;\n\t\t\t\t\twidth: 25%;\n\t\t\t\t}\n\t\t\t\t#gallery-5 img {\n\t\t\t\t\tborder: 2px solid #cfcfcf;\n\t\t\t\t}\n\t\t\t\t#gallery-5 .gallery-caption {\n\t\t\t\t\tmargin-left: 0;\n\t\t\t\t}\n\t\t\t\t\/* see gallery_shortcode() in wp-includes\/media.php *\/\n\t\t\t<\/style>\n\t\t<div id='gallery-5' class='dt-gallery-container gallery galleryid-198902 gallery-columns-4 gallery-size-thumbnail'><dl class='gallery-item'>\n\t\t\t\t<dt class='gallery-icon landscape'>\n\t\t\t\t\t<a class=\"rollover rollover-zoom dt-pswp-item\" title=\"0515-2021 - Variante di Vittorio Veneto (1)\" data-dt-img-description=\"\" data-large_image_width=\"1767\" data-large_image_height=\"994\"href='https:\/\/www.radiopiu.net\/wordpress\/wp-content\/uploads\/2021\/03\/0515-2021-Variante-di-Vittorio-Veneto-1.jpg'><img loading=\"lazy\" decoding=\"async\" width=\"150\" height=\"150\" src=\"https:\/\/www.radiopiu.net\/wordpress\/wp-content\/uploads\/2021\/03\/0515-2021-Variante-di-Vittorio-Veneto-1-150x150.jpg\" class=\"attachment-thumbnail size-thumbnail\" alt=\"\" \/><\/a>\n\t\t\t\t<\/dt><\/dl><dl class='gallery-item'>\n\t\t\t\t<dt class='gallery-icon landscape'>\n\t\t\t\t\t<a class=\"rollover rollover-zoom dt-pswp-item\" title=\"0515-2021 - Variante di Vittorio Veneto_1\" data-dt-img-description=\"\" data-large_image_width=\"1737\" data-large_image_height=\"976\"href='https:\/\/www.radiopiu.net\/wordpress\/wp-content\/uploads\/2021\/03\/0515-2021-Variante-di-Vittorio-Veneto_1.jpg'><img loading=\"lazy\" decoding=\"async\" width=\"150\" height=\"150\" src=\"https:\/\/www.radiopiu.net\/wordpress\/wp-content\/uploads\/2021\/03\/0515-2021-Variante-di-Vittorio-Veneto_1-150x150.jpg\" class=\"attachment-thumbnail size-thumbnail\" alt=\"\" \/><\/a>\n\t\t\t\t<\/dt><\/dl><dl class='gallery-item'>\n\t\t\t\t<dt class='gallery-icon landscape'>\n\t\t\t\t\t<a class=\"rollover rollover-zoom dt-pswp-item\" title=\"0515-2021- Variante di Vittorio Veneto (2)\" data-dt-img-description=\"\" data-large_image_width=\"1792\" data-large_image_height=\"1009\"href='https:\/\/www.radiopiu.net\/wordpress\/wp-content\/uploads\/2021\/03\/0515-2021-Variante-di-Vittorio-Veneto-2.jpg'><img loading=\"lazy\" decoding=\"async\" width=\"150\" height=\"150\" src=\"https:\/\/www.radiopiu.net\/wordpress\/wp-content\/uploads\/2021\/03\/0515-2021-Variante-di-Vittorio-Veneto-2-150x150.jpg\" class=\"attachment-thumbnail size-thumbnail\" alt=\"\" \/><\/a>\n\t\t\t\t<\/dt><\/dl><dl class='gallery-item'>\n\t\t\t\t<dt class='gallery-icon landscape'>\n\t\t\t\t\t<a class=\"rollover rollover-zoom dt-pswp-item\" title=\"0515-2021 - Variante di Vittorio Veneto - apertura al traffico 2\" data-dt-img-description=\"\" data-large_image_width=\"2048\" data-large_image_height=\"1536\"href='https:\/\/www.radiopiu.net\/wordpress\/wp-content\/uploads\/2021\/03\/0515-2021-Variante-di-Vittorio-Veneto-apertura-al-traffico-2.jpg'><img loading=\"lazy\" decoding=\"async\" width=\"150\" height=\"150\" src=\"https:\/\/www.radiopiu.net\/wordpress\/wp-content\/uploads\/2021\/03\/0515-2021-Variante-di-Vittorio-Veneto-apertura-al-traffico-2-150x150.jpg\" class=\"attachment-thumbnail size-thumbnail\" alt=\"\" \/><\/a>\n\t\t\t\t<\/dt><\/dl><br style=\"clear: both\" \/>\n\t\t\t<\/div>\n\n<p>&nbsp;<\/p>\n<p>&nbsp;<\/p>\n<hr \/>\n<blockquote>\n<h3><\/h3>\n<h3>UN QUESTIONARIO PER UNA RIFLESSIONE COLLETTIVA<\/h3>\n<\/blockquote>\n<p><strong><a href=\"https:\/\/www.radiopiu.net\/wordpress\/giornale-radiopiu-25-marzo-2021-direttore-mirko-mezzacasa\/128251042_1650135675158627_7789016970754638820_n\/\" rel=\"attachment wp-att-198954\"><img loading=\"lazy\" decoding=\"async\" class=\"wp-image-198954 alignleft\" src=\"https:\/\/www.radiopiu.net\/wordpress\/wp-content\/uploads\/2021\/03\/128251042_1650135675158627_7789016970754638820_n-300x300.jpg\" alt=\"\" width=\"122\" height=\"122\" srcset=\"https:\/\/www.radiopiu.net\/wordpress\/wp-content\/uploads\/2021\/03\/128251042_1650135675158627_7789016970754638820_n-300x300.jpg 300w, https:\/\/www.radiopiu.net\/wordpress\/wp-content\/uploads\/2021\/03\/128251042_1650135675158627_7789016970754638820_n-150x150.jpg 150w, https:\/\/www.radiopiu.net\/wordpress\/wp-content\/uploads\/2021\/03\/128251042_1650135675158627_7789016970754638820_n-768x768.jpg 768w, https:\/\/www.radiopiu.net\/wordpress\/wp-content\/uploads\/2021\/03\/128251042_1650135675158627_7789016970754638820_n.jpg 960w\" sizes=\"auto, (max-width: 122px) 100vw, 122px\" \/><\/a>BELLUNO<\/strong> \u00c8 cominciata in tutta la provincia la consultazione della base di iscritti, militanti e simpatizzanti del partito democratico. La segreteria provinciale\u00a0 ha predisposto un questionario da compilare on line con la sintesi di ciascuno dei 20 punti previsti dalla consultazione.\u00a0 <em>\u00abTutti possono partecipare, se lo desiderano anche in forma anonima\u00bb, spiega la segretaria provinciale Monica Lotto. \u00abL\u2019obiettivo \u00e8 avviare una riflessione collettiva per far emergere le proposte di rilancio dell\u2019azione del partito, prendendo in considerazione le idee che provengono dai territori e costruire un\u2019agenda politica capace di fare sintesi e stabilire le priorit\u00e0 per il prossimo futuro\u00bb. <\/em>Il questionario \u00e8 raggiungibile dal collegamento indicato nella pagina Facebook del Pd Belluno.\u00a0 Luned\u00ec sono iniziate le riunioni nei circoli della provincia che termineranno con una assemblea provinciale il 31 marzo che coinvolger\u00e0 tutti i\u00a0 dirigenti bellunesi del PD.<\/p>\n<p>&nbsp;<\/p>\n<p>&nbsp;<\/p>\n<hr \/>\n<blockquote>\n<h3><\/h3>\n<h3>ENEL? &#8220;UN BUON PARTNER PER COLLABORARE, C&#8217;E&#8217; SINTONIA&#8221;<\/h3>\n<\/blockquote>\n<p><strong><a href=\"https:\/\/www.radiopiu.net\/wordpress\/enel-un-buona-partner-per-collaborare-ce-sintonia\/0e71b4c6-5528-420e-aa7e-ebc9b182179f\/\" rel=\"attachment wp-att-199018\"><img loading=\"lazy\" decoding=\"async\" class=\"wp-image-199018 alignleft\" src=\"https:\/\/www.radiopiu.net\/wordpress\/wp-content\/uploads\/2021\/03\/0e71b4c6-5528-420e-aa7e-ebc9b182179f-300x225.jpg\" alt=\"\" width=\"168\" height=\"126\" srcset=\"https:\/\/www.radiopiu.net\/wordpress\/wp-content\/uploads\/2021\/03\/0e71b4c6-5528-420e-aa7e-ebc9b182179f-300x225.jpg 300w, https:\/\/www.radiopiu.net\/wordpress\/wp-content\/uploads\/2021\/03\/0e71b4c6-5528-420e-aa7e-ebc9b182179f-1024x768.jpg 1024w, https:\/\/www.radiopiu.net\/wordpress\/wp-content\/uploads\/2021\/03\/0e71b4c6-5528-420e-aa7e-ebc9b182179f-768x576.jpg 768w, https:\/\/www.radiopiu.net\/wordpress\/wp-content\/uploads\/2021\/03\/0e71b4c6-5528-420e-aa7e-ebc9b182179f-1536x1153.jpg 1536w, https:\/\/www.radiopiu.net\/wordpress\/wp-content\/uploads\/2021\/03\/0e71b4c6-5528-420e-aa7e-ebc9b182179f.jpg 1599w\" sizes=\"auto, (max-width: 168px) 100vw, 168px\" \/><\/a><\/strong><\/p>\n<p><strong>ROCCA PIETORE<\/strong> Allo stesso tavolo in Municipio con il sindaco Andrea De Bernardin\u00a0 \u00a0 l\u2019ingegner Gabriele Zuccon responsabile\u00a0 d\u2019area Belluno-Treviso di Enel Distribuzione con i suoi collaboratori del territorio. In discussione la mole di lavori nel post Vaia e relativi investimenti<\/p>\n<p><strong>IL SINDACO DI ROCCA PIETORE ANDREA DE BERNARDIN<\/strong><strong>\u00a0<\/strong><\/p>\n<audio class=\"wp-audio-shortcode\" id=\"audio-198902-4\" preload=\"none\" style=\"width: 100%;\" controls=\"controls\"><source type=\"audio\/mpeg\" src=\"https:\/\/www.radiopiu.net\/wordpress\/wp-content\/uploads\/2021\/03\/andrea-enel.mp3?_=4\" \/><a href=\"https:\/\/www.radiopiu.net\/wordpress\/wp-content\/uploads\/2021\/03\/andrea-enel.mp3\">https:\/\/www.radiopiu.net\/wordpress\/wp-content\/uploads\/2021\/03\/andrea-enel.mp3<\/a><\/audio>\n<p>&nbsp;<\/p>\n<p>&nbsp;<\/p>\n<hr \/>\n<blockquote>\n<h3><\/h3>\n<blockquote>\n<h3><em>UNA SIEPE LUNGO LA REGIONALE 203, CONTRO GLI INCIDENTI STRADALI CON I SELVATICI? UN ALTRO TENTATIVO MA NON MANCANO I DUBBI MENTRE ALTROVE SI COSTRUISCONO SOVRA E SOTTO PASSAGGI<\/em><\/h3>\n<\/blockquote>\n<p><a href=\"https:\/\/www.radiopiu.net\/wordpress\/dalla-certosa-di-vedana-a-valle-imperina-di-gianni-santomaso\/dig-209\/\" rel=\"attachment wp-att-170152\"><img loading=\"lazy\" decoding=\"async\" class=\"wp-image-170152 alignleft\" src=\"https:\/\/www.radiopiu.net\/wordpress\/wp-content\/uploads\/2020\/11\/11_Candaten-300x169.jpg\" alt=\"\" width=\"197\" height=\"111\" srcset=\"https:\/\/www.radiopiu.net\/wordpress\/wp-content\/uploads\/2020\/11\/11_Candaten-300x169.jpg 300w, https:\/\/www.radiopiu.net\/wordpress\/wp-content\/uploads\/2020\/11\/11_Candaten-1024x578.jpg 1024w, https:\/\/www.radiopiu.net\/wordpress\/wp-content\/uploads\/2020\/11\/11_Candaten-768x434.jpg 768w, https:\/\/www.radiopiu.net\/wordpress\/wp-content\/uploads\/2020\/11\/11_Candaten.jpg 1280w\" sizes=\"auto, (max-width: 197px) 100vw, 197px\" \/><\/a><\/p>\n<p><strong>SEDICO<\/strong> Un nostro ascoltatore ieri transitando per la regionale 203 agordina al rettilneo di Candaten segnala <em>&#8220;Gli operai stavano proseguendo con la piantumazione della siepe a lato strada&#8221;.<\/em> Ipotizziamo non potendo fare altro poich\u00e9 gli addetti ai lavori non hanno ancora comunicato nulla in proposito, che con i soldi dei cittadini venga piantata la verde siepe che nelle mire degli esperti potrebbe impedire&#8230; di vedere in tempo utile i cervi che sbucheranno da essa per attraversare la strada? <em>&#8220;A parte l&#8217;effetto ambientale discutibile\u00a0 forse in una valle chiusa sarebbe meglio vedere il prato che il bosco raso strada, sarebbe utile che gli autori dell&#8217;intervento\u00a0 spiegassero pubblicamente le ragioni che hanno indotto la piantumazione delle siepi e se tali ragioni siano legate alla prevenzione degli incidenti con i cervi&#8221;.<\/em> Dalle parole del cittadino agordino emergono i dubbi circa la bont\u00e0 di tale operazione.<\/p><\/blockquote>\n<p>&nbsp;<\/p>\n<p>&nbsp;<\/p>\n<hr \/>\n<blockquote>\n<h3><\/h3>\n<h3>\u00a0DILLO A RADIO PIU&#8230;. L&#8217;AUTOVELOX DI VALLADA<\/h3>\n<\/blockquote>\n<p><strong>VALLADA<\/strong> Ieri scrivevamo <em>&#8220;Un altro autovelox potrebbe aggiungersi\u00a0 a quelli posizionati sul territorio comunale di Falcade, quindi sempre lungo la provinciale 346 del San Pellegrino. Il nuovo rilevatore di velocit\u00e0\u00a0 potrebbe <strong><a href=\"https:\/\/www.radiopiu.net\/wordpress\/con-linizio-della-scuola-piu-sicurezza-sulle-strade-di-cencenighe\/autovelox-1\/\" rel=\"attachment wp-att-159887\"><img loading=\"lazy\" decoding=\"async\" class=\"wp-image-159887 alignleft\" src=\"https:\/\/www.radiopiu.net\/wordpress\/wp-content\/uploads\/2020\/09\/autovelox-1-300x171.jpg\" alt=\"\" width=\"167\" height=\"95\" srcset=\"https:\/\/www.radiopiu.net\/wordpress\/wp-content\/uploads\/2020\/09\/autovelox-1-300x171.jpg 300w, https:\/\/www.radiopiu.net\/wordpress\/wp-content\/uploads\/2020\/09\/autovelox-1-1024x584.jpg 1024w, https:\/\/www.radiopiu.net\/wordpress\/wp-content\/uploads\/2020\/09\/autovelox-1-768x438.jpg 768w, https:\/\/www.radiopiu.net\/wordpress\/wp-content\/uploads\/2020\/09\/autovelox-1-640x365.jpg 640w, https:\/\/www.radiopiu.net\/wordpress\/wp-content\/uploads\/2020\/09\/autovelox-1.jpg 1217w\" sizes=\"auto, (max-width: 167px) 100vw, 167px\" \/><\/a><\/strong>essere collocato tra la galleria delle Anime e Celat, tratto di strada pericoloso con l&#8217;ulteriore insidia degli animali selvatici&#8230;&#8221;\u00a0<\/em>Sempre ieri abbiamo ricevuto\u00a0 da Rodolfo Pellegrinon di Falcade:<\/p>\n<blockquote><p><em>Leggo da Radio Pi\u00f9 la ventilata ipotesi di installare un ulteriore autovelox sulla statale in localit\u00e0 Celat nel comune di Vallada Agordina.\u00a0 Se lo scopo primario \u00e9 quello della sicurezza stradale per gli automobilisti, ben venga l\u2019autovelox come strumento di prevenzione.\u00a0 Non si dica che pu\u00f2 essere un deterrente per gli animali selvatici che attraversano continuamente la strada. Andare piano o forte l\u2019impatto con le bestie pu\u00f2 sempre avvenire ( per questo problema ci vogliono altre soluzioni a monte della strada)Se poi lo scopo \u00e9 quello di rimpinguare le casse comunali \u00e9 sicuramente da condannare.. Non approvo sicuramente l\u2019autovelox installato dal comune di Canale d\u2019Agordo in localit\u00e0 \u201c La Mora al confine con l\u2019abitato di Caviola in una zona non pericolosa ne per gli automobilisti ne per i pedoni.\u00a0\u00a0<\/em><\/p>\n<p>&nbsp;<\/p>\n<p>&nbsp;<\/p><\/blockquote>\n<p>&nbsp;<\/p>\n<p>&nbsp;<\/p>\n<p>&nbsp;<\/p>\n<hr \/>\n<p>&nbsp;<\/p>\n<p>&nbsp;<\/p>\n<blockquote>\n<h3>DILLO A RADIO PIU&#8217;, LO SFOGO DEL DOTTOR PIANEZZE<\/h3>\n<\/blockquote>\n<blockquote>\n<h2 dir=\"auto\">Il balletto dei metri cubi<\/h2>\n<\/blockquote>\n<p><strong><a href=\"https:\/\/www.radiopiu.net\/wordpress\/giornale-radiopiu-11-gennaio-2021-direttore-mirko-mezzacasa\/alleghe_albori\/\" rel=\"attachment wp-att-184150\"><img loading=\"lazy\" decoding=\"async\" class=\" wp-image-184150 alignleft\" src=\"https:\/\/www.radiopiu.net\/wordpress\/wp-content\/uploads\/2021\/01\/alleghe_albori-300x199.jpg\" alt=\"\" width=\"164\" height=\"109\" srcset=\"https:\/\/www.radiopiu.net\/wordpress\/wp-content\/uploads\/2021\/01\/alleghe_albori-300x199.jpg 300w, https:\/\/www.radiopiu.net\/wordpress\/wp-content\/uploads\/2021\/01\/alleghe_albori.jpg 573w\" sizes=\"auto, (max-width: 164px) 100vw, 164px\" \/><\/a>ALLEGHE<\/strong> Riceviamo e volentieri pubblichiamo la lettera del dottor Graziano Pianezze<\/p>\n<blockquote><p>Dal Corriere delle Alpi, 11 marzo 2019 (Bottacin):<em>\u2026\u2026.&#8221;Per cui i 400 mila metri cubi, anzich\u00e9 essere portati a valle, potrebbero rimanere ad Alleghe, spostandoli a Caprile&#8221; <\/em>Dall\u2019Amico del Popolo, 1 ottobre 2019 (Zaia) &#8220;<em>Dal lago di Alleghe saranno estratti \u202a500.000\u202c metri cubi di detriti; una parte sar\u00e0 riallocata a margine del Cordevole&#8221; <\/em>Dal Gazzettino, 4 marzo 2021 (Bottacin) &#8220;<em>Perr ora siamo poco oltre met\u00e0 opera: dei circa 200mila metri cubi di materiale che dovranno essere asportati, ne sono stati tolti 110mila, con la fine dell&#8217;anno l&#8217;intervento dovrebbe essere ultimato&#8221;. <\/em>Con questo ritmo i lavori termineranno anche prima di fine 2021. Infatti, se da inizio lavori ad oggi sono gi\u00e0 stati tolti 310 mila metri cubi (dei quali 200 mila, o 300 mila se diamo retta a Zaia), cosa ci vuole per far sparire anche gli ultimi 90 mila metri cubi? Danilo Dolci ha scritto: <em>\u201c\u00c8 importante sapere che le parole non muovono le montagne. Il lavoro, l&#8217;impegnativo lavoro muove le montagne\u201d.<\/em><\/p><\/blockquote>\n<p>&nbsp;<\/p>\n<p>&nbsp;<\/p>\n<hr \/>\n<p>&nbsp;<\/p>\n<blockquote>\n<h3>LE PENNE DEL CIGNO INSANGUINATE<\/h3>\n<\/blockquote>\n<p><strong><a href=\"https:\/\/www.radiopiu.net\/wordpress\/le-penne-del-cigno-insanguinate\/4a6af8ea-03e7-4e2a-93e5-7412f813efb2\/\" rel=\"attachment wp-att-198961\"><img loading=\"lazy\" decoding=\"async\" class=\" wp-image-198961 alignleft\" src=\"https:\/\/www.radiopiu.net\/wordpress\/wp-content\/uploads\/2021\/03\/4a6af8ea-03e7-4e2a-93e5-7412f813efb2-300x225.jpg\" alt=\"\" width=\"174\" height=\"130\" srcset=\"https:\/\/www.radiopiu.net\/wordpress\/wp-content\/uploads\/2021\/03\/4a6af8ea-03e7-4e2a-93e5-7412f813efb2-300x225.jpg 300w, https:\/\/www.radiopiu.net\/wordpress\/wp-content\/uploads\/2021\/03\/4a6af8ea-03e7-4e2a-93e5-7412f813efb2-1024x768.jpg 1024w, https:\/\/www.radiopiu.net\/wordpress\/wp-content\/uploads\/2021\/03\/4a6af8ea-03e7-4e2a-93e5-7412f813efb2-768x576.jpg 768w, https:\/\/www.radiopiu.net\/wordpress\/wp-content\/uploads\/2021\/03\/4a6af8ea-03e7-4e2a-93e5-7412f813efb2-1536x1153.jpg 1536w, https:\/\/www.radiopiu.net\/wordpress\/wp-content\/uploads\/2021\/03\/4a6af8ea-03e7-4e2a-93e5-7412f813efb2.jpg 1599w\" sizes=\"auto, (max-width: 174px) 100vw, 174px\" \/><\/a>ALLEGHE\u00a0<\/strong> Gli amanti della passeggiata mattutina in riva al lago si sono trovati difronte un macabro spettacolo. Un cigno sbranato nella notte in localit\u00e0 Vallazza, in prossimit\u00e0 del Parco Giochi e Bar Tobia. Circa l&#8217;animale che per legge di natura ha avuto il sopravvento sono aperte diverse ipotesi&#8230;<\/p>\n<p>&nbsp;<\/p>\n<p>&nbsp;<\/p>\n<p>&nbsp;<\/p>\n<hr \/>\n<p>&nbsp;<\/p>\n<blockquote>\n<h3>PRESENTATO IL PIANO &#8220;DEL SINDACO&#8221; A FELTRE CON LE SCELTE URBANISTICHE DELLA CITTA&#8217;<\/h3>\n<\/blockquote>\n<p><strong><a href=\"https:\/\/www.radiopiu.net\/wordpress\/omaggi-a-feltre-dallalto\/94e3b68b-d386-4f94-8aa8-30105c25932b\/\" rel=\"attachment wp-att-145789\"><img loading=\"lazy\" decoding=\"async\" class=\"size-medium wp-image-145789 alignleft\" src=\"https:\/\/www.radiopiu.net\/wordpress\/wp-content\/uploads\/2020\/06\/94e3b68b-d386-4f94-8aa8-30105c25932b-300x225.jpg\" alt=\"\" width=\"300\" height=\"225\" srcset=\"https:\/\/www.radiopiu.net\/wordpress\/wp-content\/uploads\/2020\/06\/94e3b68b-d386-4f94-8aa8-30105c25932b-300x225.jpg 300w, https:\/\/www.radiopiu.net\/wordpress\/wp-content\/uploads\/2020\/06\/94e3b68b-d386-4f94-8aa8-30105c25932b-768x576.jpg 768w, https:\/\/www.radiopiu.net\/wordpress\/wp-content\/uploads\/2020\/06\/94e3b68b-d386-4f94-8aa8-30105c25932b.jpg 960w\" sizes=\"auto, (max-width: 300px) 100vw, 300px\" \/><\/a>FELTRE<\/strong><\/p>\n<p>di Moreno Gioli<\/p>\n<audio class=\"wp-audio-shortcode\" id=\"audio-198902-5\" preload=\"none\" style=\"width: 100%;\" controls=\"controls\"><source type=\"audio\/mpeg\" src=\"https:\/\/www.radiopiu.net\/wordpress\/wp-content\/uploads\/2021\/03\/GIOLI-PIANO-INTERVENTI-FELTRE.mp3?_=5\" \/><a href=\"https:\/\/www.radiopiu.net\/wordpress\/wp-content\/uploads\/2021\/03\/GIOLI-PIANO-INTERVENTI-FELTRE.mp3\">https:\/\/www.radiopiu.net\/wordpress\/wp-content\/uploads\/2021\/03\/GIOLI-PIANO-INTERVENTI-FELTRE.mp3<\/a><\/audio>\n<p>&nbsp;<\/p>\n<hr \/>\n<p>&nbsp;<\/p>\n<blockquote class=\"wp-embedded-content\" data-secret=\"FfgblpnOHH\"><p><a href=\"https:\/\/www.radiopiu.net\/wordpress\/aggmar24\/\">CORONAVIRUS: AGGIORNAMENTO NAZIONALE 24 MARZO 2021<\/a><\/p><\/blockquote>\n<p><iframe loading=\"lazy\" class=\"wp-embedded-content\" sandbox=\"allow-scripts\" security=\"restricted\" style=\"position: absolute; clip: rect(1px, 1px, 1px, 1px);\" title=\"&#8220;CORONAVIRUS: AGGIORNAMENTO NAZIONALE 24 MARZO 2021&#8221; &#8212; Radio Pi\u00f9\" src=\"https:\/\/www.radiopiu.net\/wordpress\/aggmar24\/embed\/#?secret=FfgblpnOHH\" data-secret=\"FfgblpnOHH\" width=\"600\" height=\"338\" frameborder=\"0\" marginwidth=\"0\" marginheight=\"0\" scrolling=\"no\"><\/iframe><\/p>\n<p>&nbsp;<\/p>\n<hr \/>\n<p>&nbsp;<\/p>\n<blockquote class=\"wp-embedded-content\" data-secret=\"X4d9t9gCdk\"><p><a href=\"https:\/\/www.radiopiu.net\/wordpress\/in-24-ore-2204-nuove-positivita-in-veneto-ricoveri-sempre-in-aumento-30-decessi-a-belluno-92-nuovi-positivi\/\">IN 24 ORE 2204 NUOVE POSITIVITA&#8217; IN VENETO. RICOVERI SEMPRE IN AUMENTO, 30 DECESSI. A BELLUNO 92 NUOVI POSITIVI<\/a><\/p><\/blockquote>\n<p><iframe loading=\"lazy\" class=\"wp-embedded-content\" sandbox=\"allow-scripts\" security=\"restricted\" style=\"position: absolute; clip: rect(1px, 1px, 1px, 1px);\" title=\"&#8220;IN 24 ORE 2204 NUOVE POSITIVITA&#8217; IN VENETO. RICOVERI SEMPRE IN AUMENTO, 30 DECESSI. A BELLUNO 92 NUOVI POSITIVI&#8221; &#8212; Radio Pi\u00f9\" src=\"https:\/\/www.radiopiu.net\/wordpress\/in-24-ore-2204-nuove-positivita-in-veneto-ricoveri-sempre-in-aumento-30-decessi-a-belluno-92-nuovi-positivi\/embed\/#?secret=X4d9t9gCdk\" data-secret=\"X4d9t9gCdk\" width=\"600\" height=\"338\" frameborder=\"0\" marginwidth=\"0\" marginheight=\"0\" scrolling=\"no\"><\/iframe><\/p>\n<p>&nbsp;<\/p>\n<hr \/>\n<p>&nbsp;<\/p>\n<blockquote>\n<h3>I GRAFICI DI TIZIANO DE COL<\/h3>\n<\/blockquote>\n\n\t\t\t<style type='text\/css'>\n\t\t\t\t#gallery-6 {\n\t\t\t\t\tmargin: auto;\n\t\t\t\t}\n\t\t\t\t#gallery-6 .gallery-item {\n\t\t\t\t\tfloat: left;\n\t\t\t\t\tmargin-top: 10px;\n\t\t\t\t\ttext-align: center;\n\t\t\t\t\twidth: 20%;\n\t\t\t\t}\n\t\t\t\t#gallery-6 img {\n\t\t\t\t\tborder: 2px solid #cfcfcf;\n\t\t\t\t}\n\t\t\t\t#gallery-6 .gallery-caption {\n\t\t\t\t\tmargin-left: 0;\n\t\t\t\t}\n\t\t\t\t\/* see gallery_shortcode() in wp-includes\/media.php *\/\n\t\t\t<\/style>\n\t\t<div id='gallery-6' class='dt-gallery-container gallery galleryid-198902 gallery-columns-5 gallery-size-thumbnail'><dl class='gallery-item'>\n\t\t\t\t<dt class='gallery-icon landscape'>\n\t\t\t\t\t<a class=\"rollover rollover-zoom dt-pswp-item\" title=\"9d7918c1-6472-44fb-92c1-2b71043a630f\" data-dt-img-description=\"\" data-large_image_width=\"593\" data-large_image_height=\"351\"href='https:\/\/www.radiopiu.net\/wordpress\/wp-content\/uploads\/2021\/03\/9d7918c1-6472-44fb-92c1-2b71043a630f.jpg'><img loading=\"lazy\" decoding=\"async\" width=\"150\" height=\"150\" src=\"https:\/\/www.radiopiu.net\/wordpress\/wp-content\/uploads\/2021\/03\/9d7918c1-6472-44fb-92c1-2b71043a630f-150x150.jpg\" class=\"attachment-thumbnail size-thumbnail\" alt=\"\" \/><\/a>\n\t\t\t\t<\/dt><\/dl><dl class='gallery-item'>\n\t\t\t\t<dt class='gallery-icon landscape'>\n\t\t\t\t\t<a class=\"rollover rollover-zoom dt-pswp-item\" title=\"9d6ddaf2-75f2-4025-9f33-3b4f4c1a9e4e\" data-dt-img-description=\"\" data-large_image_width=\"598\" data-large_image_height=\"358\"href='https:\/\/www.radiopiu.net\/wordpress\/wp-content\/uploads\/2021\/03\/9d6ddaf2-75f2-4025-9f33-3b4f4c1a9e4e.jpg'><img loading=\"lazy\" decoding=\"async\" width=\"150\" height=\"150\" src=\"https:\/\/www.radiopiu.net\/wordpress\/wp-content\/uploads\/2021\/03\/9d6ddaf2-75f2-4025-9f33-3b4f4c1a9e4e-150x150.jpg\" class=\"attachment-thumbnail size-thumbnail\" alt=\"\" \/><\/a>\n\t\t\t\t<\/dt><\/dl><dl class='gallery-item'>\n\t\t\t\t<dt class='gallery-icon landscape'>\n\t\t\t\t\t<a class=\"rollover rollover-zoom dt-pswp-item\" title=\"345dcf55-a42f-46b8-b70f-cc28d1be4e0c\" data-dt-img-description=\"\" data-large_image_width=\"594\" data-large_image_height=\"353\"href='https:\/\/www.radiopiu.net\/wordpress\/wp-content\/uploads\/2021\/03\/345dcf55-a42f-46b8-b70f-cc28d1be4e0c.jpg'><img loading=\"lazy\" decoding=\"async\" width=\"150\" height=\"150\" src=\"https:\/\/www.radiopiu.net\/wordpress\/wp-content\/uploads\/2021\/03\/345dcf55-a42f-46b8-b70f-cc28d1be4e0c-150x150.jpg\" class=\"attachment-thumbnail size-thumbnail\" alt=\"\" \/><\/a>\n\t\t\t\t<\/dt><\/dl><dl class='gallery-item'>\n\t\t\t\t<dt class='gallery-icon landscape'>\n\t\t\t\t\t<a class=\"rollover rollover-zoom dt-pswp-item\" title=\"000ed7b2-2d1c-4749-9a05-6cb3d8314b54\" data-dt-img-description=\"\" data-large_image_width=\"606\" data-large_image_height=\"352\"href='https:\/\/www.radiopiu.net\/wordpress\/wp-content\/uploads\/2021\/03\/000ed7b2-2d1c-4749-9a05-6cb3d8314b54.jpg'><img loading=\"lazy\" decoding=\"async\" width=\"150\" height=\"150\" src=\"https:\/\/www.radiopiu.net\/wordpress\/wp-content\/uploads\/2021\/03\/000ed7b2-2d1c-4749-9a05-6cb3d8314b54-150x150.jpg\" class=\"attachment-thumbnail size-thumbnail\" alt=\"\" \/><\/a>\n\t\t\t\t<\/dt><\/dl><dl class='gallery-item'>\n\t\t\t\t<dt class='gallery-icon landscape'>\n\t\t\t\t\t<a class=\"rollover rollover-zoom dt-pswp-item\" title=\"0155606f-8a9c-4cbd-90d7-967705121bfb\" data-dt-img-description=\"\" data-large_image_width=\"614\" data-large_image_height=\"353\"href='https:\/\/www.radiopiu.net\/wordpress\/wp-content\/uploads\/2021\/03\/0155606f-8a9c-4cbd-90d7-967705121bfb.jpg'><img loading=\"lazy\" decoding=\"async\" width=\"150\" height=\"150\" src=\"https:\/\/www.radiopiu.net\/wordpress\/wp-content\/uploads\/2021\/03\/0155606f-8a9c-4cbd-90d7-967705121bfb-150x150.jpg\" class=\"attachment-thumbnail size-thumbnail\" alt=\"\" \/><\/a>\n\t\t\t\t<\/dt><\/dl><br style=\"clear: both\" \/>\n\t\t\t<\/div>\n\n<p>&nbsp;<\/p>\n<hr \/>\n<p>&nbsp;<\/p>\n<blockquote>\n<h3>SE VENERDI SAREMO IN ARANCIONE &#8211; NON E&#8217; IMPROBABILE &#8211;\u00a0LA CONFERENZA DI ZAIA DA MARGHERA<\/h3>\n<\/blockquote>\n<blockquote>\n<h2>LEGGI LA CONFERENZA STAMPA DI LUCA ZAIA aggiornamento in tempo reale<\/h2>\n<p><em>Verso una riduzione dell&#8217;attivit\u00e0 ospedaliera, ma garantiremo le attivit\u00e0 essenziali . <\/em><strong>Casi no-vax, sentenza Tribunale di Belluno<\/strong> &#8220;<em>Se uno non vuole toccare le armi non pu\u00f2 fare la guardia, questo dice tutto anche su chi lavora nella sanit\u00e0 e non vuole fare i vaccini&#8221;<\/em><\/p><\/blockquote>\n<p><strong><span style=\"color: #ff0000;\">SE VENERDI SAREMO IN ARANCIONE &#8211; NON E&#8217; IMPROBABILE &#8211; IO SPERO CHE SI POSSA ANCHE RIAPRIRE LE SCUOLE. RESTA IN PIEDI PER LE SUPERIORI E LE ULTIME DUE CLASSI MEDIE IL DATO DEI 250 CONTAGI OGNI 100MILA ABITANTI CHE CI VINCOLA ALLE RESTRIZIONI NAZIONALI. LA SCUOLA NON DIPENDE DA NOI. SE ANDIAMO IN ZONA ARANCIONE LA SCUOLA RIMANE APERTA PER TRE GIORNI, POI CI SARA&#8217; LA ZONA ROSSA PASQUALE<\/span><\/strong><\/p>\n<p><strong>LA SENTENZA DEL TRIBUNALE DI BELLUNO, LA PRIMA IN ITALIA<\/strong> Penso che il vaccino sia volontario e deve essere prerogativa di civilt\u00e0 <strong>SULL&#8217;OBBLIGO DI VACCINO<\/strong> La vedrei diversa, chi\u00a0 vuole lavorare nelle RSA (le sentenze si rispettano) sa a cosa va incontro. <strong>PIANO SANITA&#8217;<\/strong> <strong>PUBBLICA<\/strong> Via al piano di sanit\u00e0 pubblica con il fine settimana, ne risentiranno alcune attivit\u00e0 con l&#8217;apertura degli ospedali covid. Non siamo nello scenario di marzo anche se numericamente \u00e8 simile. <strong>UN ANNO FA<\/strong> A marzo avevamo 2068 ricoverati oggi 2059 (-9), siamo al di sotto di circa 60 unit\u00e0 nelle terapie intensive (267). Con uno sforzo non indifferente cambia la modalit\u00e0 di vaccino. <strong>VACCINAZIONI<\/strong> Domenica in tutti i punti vaccinali della provincia di Treviso saranno vaccinati tutti i nati del 1936. Non andr\u00e0 alla perfezione per\u00f2 se perfezioniamo il modello di chiamare per classi di et\u00e0 permetter\u00e0 di differenziare il modello del servizio. Dai prossimi giorni ci sar\u00e0 un incremento di dosi, oggi 191mila dosi -23000 di astrazeneca, arriveremo giusti alla nuova fornitura. Grazie ai sindaci che si sono attivati per aiutarci nelle prenotazioni. Continuo a vedere le statistiche delle vaccinazioni, ma i numeri andrebbero dati in relazione alla popolazione complessiva. Per la campagna vaccinazione entreranno in funzione\u00a0 anche gli specializzandi,\u00a0 grazie la professor Merigliani. <strong>DRAGHI INVITA A RISPETTARE IL PIANO NAZIONALE<\/strong> Ho sempre avuto buoni rapporti con tutti I Governi. Noi l&#8217;agenda la rispettiamo se abbiamo disponibilit\u00e0 di vaccini. <strong>LA VACCINAZIONE FUNZIONA<\/strong> sono spariti i focolai nelle case di riposo e anche all&#8217;interno degli ospedali. Grazie a tutti coloro che curano i malati\u00a0 e a coloro che stanno vaccinando <strong>MA NON DI SERA<\/strong> Non presentatevi alla sera nei centri vaccinali, perch\u00e9 il nostro modello non funziona cos\u00ec. <strong>PRENOTAZIONI ON LINE<\/strong>\u00a0 Sar\u00e0 ancora pi\u00f9 semplice con pi\u00f9 modalit\u00e0. A breve presenteremo il prodotto \u00e8 molto pi\u00f9 semplice di quello che si pensi. Chi lo usa gi\u00e0 si ritrova un formato iper semplificato. <strong>ARRIVA L&#8217;ESERCITO?<\/strong> Stiamo ancora aspettando i medici. Non so altro. Benvenga tutto quello che arriva sui territori. I militari mi risulta che dai covid pointi vengono spostati ai centri vaccinali<\/p>\n<blockquote>\n<h3><strong>Tabella indicante la media di vaccinazioni al giorno ogni 100.000 abitanti (periodo 8-22 marzo 2021) effettuate in Veneto.<\/strong><\/h3>\n<\/blockquote>\n<a href=\"https:\/\/www.radiopiu.net\/wordpress\/wp-content\/uploads\/2021\/03\/Media-vaccinazioni-al-giorno-ogni-100.000-abitanti-periodo-8-22-marzo-2021.pdf\" class=\"pdfemb-viewer\" style=\"\" data-width=\"max\" data-height=\"max\" data-toolbar=\"top\" data-toolbar-fixed=\"on\">Media vaccinazioni al giorno ogni 100.000 abitanti (periodo 8-22 marzo 2021)<\/a>\n<p><strong>PER EVIDENTI PROBLEMI DI COLLEGAMENTO OGGI LA DIRETTA FACEBOOK E&#8217; PIU&#8217; VOLTE SALTATA, INFINE ANCHE DA VENEZIA LA DECISIONE DI CONDIVIDERE LA DIRETTA DI RETE VENETA<\/strong><\/p>\n<p><a href=\"https:\/\/www.facebook.com\/ReteVeneta\/videos\/3759343817484759\">https:\/\/www.facebook.com\/ReteVeneta\/videos\/3759343817484759<\/a><\/p>\n<blockquote>\n<h3><\/h3>\n<\/blockquote>\n<p>&nbsp;<\/p>\n<hr \/>\n<p>&nbsp;<\/p>\n<blockquote>\n<h3>IL PD CHIEDE CHE FINE HANNO FATTO 150 MILA DOSI DI VACCINO<\/h3>\n<\/blockquote>\n<p><strong><a href=\"https:\/\/www.radiopiu.net\/wordpress\/vaccini-per-gli-anziani-artrite-psoriasica-prodotti-di-tabacco-a-basso-rischio\/dettaglio-del-vaccino-in-laboratorio_78895-1491\/\" rel=\"attachment wp-att-116862\"><img loading=\"lazy\" decoding=\"async\" class=\"size-medium wp-image-116862 alignleft\" src=\"https:\/\/www.radiopiu.net\/wordpress\/wp-content\/uploads\/2020\/02\/dettaglio-del-vaccino-in-laboratorio_78895-1491-300x200.jpg\" alt=\"\" width=\"300\" height=\"200\" srcset=\"https:\/\/www.radiopiu.net\/wordpress\/wp-content\/uploads\/2020\/02\/dettaglio-del-vaccino-in-laboratorio_78895-1491-300x200.jpg 300w, https:\/\/www.radiopiu.net\/wordpress\/wp-content\/uploads\/2020\/02\/dettaglio-del-vaccino-in-laboratorio_78895-1491.jpg 626w\" sizes=\"auto, (max-width: 300px) 100vw, 300px\" \/><\/a>VENEZIA<\/strong> \u201c<em>\u00c8 inaccettabile questo gioco delle tre tavolette di Zaia. Un piegare i numeri che non fa chiarezza e che non corrisponde all\u2019esperienza diretta dei veneti sul funzionamento del piano vaccinale. Dire infatti che il Veneto \u00e8 secondo a livello nazionale per vaccinazioni, prendendo come arco temporale gli ultimi 15 giorni, serve solo a coprire un ritardo evidente, certificato dalle cifre vere e non rielaborate a piacimento. Il presidente legga il report di questa mattina sul sito del Governo e ci dica che fine hanno fatto 150mila dosi di vaccino: su 811mila consegnate, ne sono state somministrate poco meno 662mila, ossia l\u201981,6% del totale, 17esima Regione in Italia. Un accantonamento prudenziale di quasi il 19% \u00e8 indubbiamente eccessivo, soprattutto se consideriamo le attuali necessit\u00e0<\/em>\u201d.\u00a0Ad affermarlo sono il capogruppo del Partito Democratico Veneto Giacomo Possamai insieme alla vicepresidente della commissione Sanit\u00e0 Anna Maria Bigon, alla collega Francesca Zottis e alla vice capogruppo Vanessa Camani, in una nota in cui tornano a chiedere un cambio di passo per quanto riguarda le vaccinazioni.<\/p>\n<p>&nbsp;<\/p>\n<p>&nbsp;<\/p>\n<hr \/>\n<p>&nbsp;<\/p>\n<blockquote>\n<h3>VACCINI. IL VENETO COINVOLGE LE FARMACIE NELLA FASE DI PRENOTAZIONE<\/h3>\n<\/blockquote>\n<p><strong><a href=\"https:\/\/www.radiopiu.net\/wordpress\/lanzarin-risponde-a-pd-sui-fondi-per-belluno-90-milioni-di-investimenti-solo-nel-recente\/lanzarin-11\/\" rel=\"attachment wp-att-194081\"><img loading=\"lazy\" decoding=\"async\" class=\" wp-image-194081 alignleft\" src=\"https:\/\/www.radiopiu.net\/wordpress\/wp-content\/uploads\/2021\/02\/LANZARIN-300x279.png\" alt=\"\" width=\"195\" height=\"181\" srcset=\"https:\/\/www.radiopiu.net\/wordpress\/wp-content\/uploads\/2021\/02\/LANZARIN-300x279.png 300w, https:\/\/www.radiopiu.net\/wordpress\/wp-content\/uploads\/2021\/02\/LANZARIN-1024x951.png 1024w, https:\/\/www.radiopiu.net\/wordpress\/wp-content\/uploads\/2021\/02\/LANZARIN-768x713.png 768w, https:\/\/www.radiopiu.net\/wordpress\/wp-content\/uploads\/2021\/02\/LANZARIN.png 1092w\" sizes=\"auto, (max-width: 195px) 100vw, 195px\" \/><\/a>VENEZIA<\/strong> &#8220;<em>L&#8217;incontro \u00e8 andato bene, coinvolgeremo le farmacie nella fase della prenotazione tramite gli applicativi e invece per la vaccinazione vera e propria aspettiamo il documento nazionale, che \u00e8 in fase di predisposizione, per declinarlo poi a livello regionale<\/em>&#8220;. Cos\u00ec l&#8217;assessore regionale alla Sanit\u00e0 del Veneto, Manuela Lanzarin, commenta alla &#8216;Dire&#8217; l&#8217;incontro di ieri pomeriggio con I rappresentanti delle farmacie, per il coinvolgimento delle farmacie nella campagna di vaccinazione anti Covid. Il coinvolgimento nella fase di prenotazione potr\u00e0 consistere nel supporto nell&#8217;ultilizzo della piattaforma unica che sar\u00e0 attivata dal 1 aprile e anche in una prima anamesi, spiega Lanzarin. &#8220;<em>Penso soprattutto alle farmacie dei paesi, dove si crea un vero e proprio rapporto di fiducia<\/em>&#8220;. (Agenzia DIRE)<\/p>\n<p>&nbsp;<\/p>\n<p>&nbsp;<\/p>\n<hr \/>\n<p>&nbsp;<\/p>\n<blockquote>\n<h3>SCUOLA. IX COMMISSIONE STATO-REGIONI ACCOGLIE PROPOSTA DEL VENETO PER EMENDAMENTO A DECRETO SOSTEGNI A FAVORE DI SCUOLE PARITARIE<\/h3>\n<\/blockquote>\n<p><strong><a href=\"https:\/\/www.radiopiu.net\/wordpress\/giornale-radiopiu-09-marzo-2021-direttore-mirko-mezzacasa\/elena-donazzan\/\" rel=\"attachment wp-att-195881\"><img loading=\"lazy\" decoding=\"async\" class=\" wp-image-195881 alignleft\" src=\"https:\/\/www.radiopiu.net\/wordpress\/wp-content\/uploads\/2021\/03\/ELENA-DONAZZAN-300x272.png\" alt=\"\" width=\"157\" height=\"142\" srcset=\"https:\/\/www.radiopiu.net\/wordpress\/wp-content\/uploads\/2021\/03\/ELENA-DONAZZAN-300x272.png 300w, https:\/\/www.radiopiu.net\/wordpress\/wp-content\/uploads\/2021\/03\/ELENA-DONAZZAN-1024x927.png 1024w, https:\/\/www.radiopiu.net\/wordpress\/wp-content\/uploads\/2021\/03\/ELENA-DONAZZAN-768x695.png 768w, https:\/\/www.radiopiu.net\/wordpress\/wp-content\/uploads\/2021\/03\/ELENA-DONAZZAN.png 1266w\" sizes=\"auto, (max-width: 157px) 100vw, 157px\" \/><\/a>VENEZIA <\/strong>L\u2019Assessore regionale al lavoro Elena Donazzan ha partecipato alla seduta odierna della Nona Commissione in seno alla Conferenza Stato Regioni che ha avuto come temi centrali alcune questioni molto delicate per quanto concerne istruzione, formazione e lavoro. \u201c<em>Ho portato all\u2019attenzione dei colleghi delle altre Regioni il problema del Decreto Sostegni che esclude le scuole paritarie \u2013 spiega l\u2019Assessore Donazzan al termine della riunione &#8211; ci\u00f2 rappresenta una grave mancanza e lacerazione per un settore che \u00e8 per noi unitario e integrato, che non si distingue perch\u00e9 il servizio \u00e8 unico e pubblico.\u00a0 Le scuole paritarie in Veneto rappresentano un\u2019ampia offerta per le famiglie, in particolare per quanto concerne i servizi all\u2019infanzia, e per le famiglie degli studenti pi\u00f9 fragili. Non \u00e8 accettabile che queste scuole siano escluse dai supporti previsti dal nuovo decreto<\/em>\u201d. \u201c<em>Ho chiesto alla IX Commissione di far sentire la propria voce, modificando quel Decreto \u2013 precisa l\u2019Assessore all\u2019Istruzione del Veneto \u2013 e la proposta \u00e8 stata accolta con favore dai colleghi delle altre Regioni che hanno deciso di proporre un emendamento al fine di inserire le scuole paritarie tra le beneficiarie del DL Sostegni<\/em>\u201d. Nell\u2019occasione l\u2019Assessore Donazzan ha inoltre chiesto un incontro con il nuovo ministro del lavoro Orlando alla presenza dei rappresentanti di ANPAL al fine di approfondire la strategia per l\u2019occupazione dei prossimi anni.<\/p>\n<p>&nbsp;<\/p>\n<p>&nbsp;<\/p>\n<hr \/>\n<p>&nbsp;<\/p>\n<blockquote>\n<h3>VENERDI&#8217; IL CONSIGLIO COMUNALE A ROCCA PIETORE<\/h3>\n<\/blockquote>\n<p><strong><a href=\"https:\/\/www.radiopiu.net\/wordpress\/i-magazzini-comunali-si-facciano-altrove-non-a-congiuo-lo-chiede-il-consigliere-diana-iraci-borgia-la-risposta-del-sindaco\/whatsapp-image-2020-08-18-at-08-41-53\/\" rel=\"attachment wp-att-155845\"><img loading=\"lazy\" decoding=\"async\" class=\"wp-image-155845 alignleft\" src=\"https:\/\/www.radiopiu.net\/wordpress\/wp-content\/uploads\/2020\/08\/WhatsApp-Image-2020-08-18-at-08.41.53-300x225.jpeg\" alt=\"\" width=\"155\" height=\"116\" srcset=\"https:\/\/www.radiopiu.net\/wordpress\/wp-content\/uploads\/2020\/08\/WhatsApp-Image-2020-08-18-at-08.41.53-300x225.jpeg 300w, https:\/\/www.radiopiu.net\/wordpress\/wp-content\/uploads\/2020\/08\/WhatsApp-Image-2020-08-18-at-08.41.53-1024x768.jpeg 1024w, https:\/\/www.radiopiu.net\/wordpress\/wp-content\/uploads\/2020\/08\/WhatsApp-Image-2020-08-18-at-08.41.53-768x576.jpeg 768w, https:\/\/www.radiopiu.net\/wordpress\/wp-content\/uploads\/2020\/08\/WhatsApp-Image-2020-08-18-at-08.41.53-1536x1152.jpeg 1536w, https:\/\/www.radiopiu.net\/wordpress\/wp-content\/uploads\/2020\/08\/WhatsApp-Image-2020-08-18-at-08.41.53.jpeg 1600w\" sizes=\"auto, (max-width: 155px) 100vw, 155px\" \/><\/a>ROCCA PIETORE<\/strong> Il Sindaco di Rocca Pietore Andrea De Bernardin ha convocato il consiglio comunale per venerd\u00ec alle 14 presso la sala &#8220;El Teaz&#8221;. Sono 17 i punti da discutere tra cui l&#8217;approvazione del DUP, il canone unico di concessione del suolo pubblico e di esposizione pubblicitaria e la gestione associata del servizio tributi e della riscossione coattiva delle entrate comunali. Saranno ben 10 le interrogazioni della minoranza su vari temi che comprendono tutto il comune di Rocca Pietore. Il consiglio comunale sar\u00e0 trasmesso sui canali facebook, telegram, youtube di Radio Pi\u00f9. Martedi sera dalle 20.30 integralmente sulle frequenze Fm<\/p>\n<p>&nbsp;<\/p>\n<p>&nbsp;<\/p>\n<hr \/>\n<blockquote>\n<h3><\/h3>\n<h3>NEL CONSIGLIO COMUNALE DI GOSALDO SI PARLA DELLA CASERMA DEI CARABINIERI<\/h3>\n<\/blockquote>\n<p><strong><a href=\"https:\/\/www.radiopiu.net\/wordpress\/dopo-10-anni-riecco-il-bancomat-a-gosaldo\/gosaldo-8\/\" rel=\"attachment wp-att-175335\"><img loading=\"lazy\" decoding=\"async\" class=\"wp-image-175335 alignleft\" src=\"https:\/\/www.radiopiu.net\/wordpress\/wp-content\/uploads\/2020\/11\/GOSALDO.jpg\" alt=\"\" width=\"147\" height=\"83\" \/><\/a>GOSALDO<\/strong> Il sindaco di Gosaldo Stefano Da Zanche ha convocato per venerd\u00ec alle 18 il consiglio comunale in via telematica. Il tema della discussione sar\u00e0 la chiusura della caserma dei Carabinieri.<\/p>\n<p>&nbsp;<\/p>\n<p>&nbsp;<\/p>\n<hr \/>\n<p>&nbsp;<\/p>\n<blockquote>\n<h3><a href=\"https:\/\/www.radiopiu.net\/wordpress\/a-san-tomaso-agordino-sempre-e-sempre-con-passione\/3896b908-c2bf-4db3-9ad2-34eb9b634a28\/\" rel=\"attachment wp-att-189911\"><img loading=\"lazy\" decoding=\"async\" class=\" wp-image-189911 alignleft\" src=\"https:\/\/www.radiopiu.net\/wordpress\/wp-content\/uploads\/2021\/02\/3896b908-c2bf-4db3-9ad2-34eb9b634a28-300x139.jpg\" alt=\"\" width=\"151\" height=\"70\" srcset=\"https:\/\/www.radiopiu.net\/wordpress\/wp-content\/uploads\/2021\/02\/3896b908-c2bf-4db3-9ad2-34eb9b634a28-300x139.jpg 300w, https:\/\/www.radiopiu.net\/wordpress\/wp-content\/uploads\/2021\/02\/3896b908-c2bf-4db3-9ad2-34eb9b634a28-1024x473.jpg 1024w, https:\/\/www.radiopiu.net\/wordpress\/wp-content\/uploads\/2021\/02\/3896b908-c2bf-4db3-9ad2-34eb9b634a28-768x355.jpg 768w, https:\/\/www.radiopiu.net\/wordpress\/wp-content\/uploads\/2021\/02\/3896b908-c2bf-4db3-9ad2-34eb9b634a28-1536x709.jpg 1536w, https:\/\/www.radiopiu.net\/wordpress\/wp-content\/uploads\/2021\/02\/3896b908-c2bf-4db3-9ad2-34eb9b634a28.jpg 1600w\" sizes=\"auto, (max-width: 151px) 100vw, 151px\" \/><\/a>IL CONSIGLIO COMUNALE CHIAMATO AD APPROVARE IL BILANCIO<\/h3>\n<\/blockquote>\n<p><strong>SAN TOMASO<\/strong> Lunedi alle 20 consiglio comunale per l&#8217;approvazione del bilancio 2021-23, dello schema del programma triennale lavori pubblici. All&#8217;ordine del giorno anche la verifica delle aree fabbricabili e l&#8217;approvazione del DUP.<\/p>\n<p>&nbsp;<\/p>\n<p>&nbsp;<\/p>\n<hr \/>\n<blockquote>\n<h3><\/h3>\n<h3>\u00a0 UN IMMOBILE IN DONO AD AGORDO<\/h3>\n<p><em>In regalo una porzione di terreno che consentir\u00e0 di ottimizzare i servizi allo stadio Ivano Dorigo. La signora proprietaria dell&#8217;area\u00a0 rimasta vedova da qualche tempo rispetta le volont\u00e0 del marito defunto per dare un contributo allo sviluppo sportivo e sociale della comunit\u00e0.\u00a0<\/em><\/p><\/blockquote>\n<p><a href=\"https:\/\/www.radiopiu.net\/wordpress\/giornale-radiopiu-19-marzo-2021-direttore-mirko-mezzacasa\/fc7c28ec-646b-4c3c-802a-84678fa9b29e\/\" rel=\"attachment wp-att-197761\"><img loading=\"lazy\" decoding=\"async\" class=\"wp-image-197761 alignleft\" src=\"https:\/\/www.radiopiu.net\/wordpress\/wp-content\/uploads\/2021\/03\/fc7c28ec-646b-4c3c-802a-84678fa9b29e-300x225.jpg\" alt=\"\" width=\"196\" height=\"147\" srcset=\"https:\/\/www.radiopiu.net\/wordpress\/wp-content\/uploads\/2021\/03\/fc7c28ec-646b-4c3c-802a-84678fa9b29e-300x225.jpg 300w, https:\/\/www.radiopiu.net\/wordpress\/wp-content\/uploads\/2021\/03\/fc7c28ec-646b-4c3c-802a-84678fa9b29e-768x576.jpg 768w, https:\/\/www.radiopiu.net\/wordpress\/wp-content\/uploads\/2021\/03\/fc7c28ec-646b-4c3c-802a-84678fa9b29e.jpg 1024w\" sizes=\"auto, (max-width: 196px) 100vw, 196px\" \/><\/a><\/p>\n<p><strong>AGORDO<\/strong> Nel consiglio comunale di martedi alle 18 il sindaco Roberto Chissal\u00e8 chieder\u00e0 ai consiglieri se accettano la donazione di un bene immobile (mappale 57). In discussione inoltre le imposte: Imu e Irpef, aliquote e soglie di esenzione. Sar\u00e0 inoltre approvato il Dup e il sar\u00e0 presentata la convenzione per il servizio associato dei contributi. Diretta sui canali di RADIO PIU<\/p>\n<p><strong>\u00a0DI GIANNI SANTOMASO<\/strong><\/p>\n<audio class=\"wp-audio-shortcode\" id=\"audio-198902-6\" preload=\"none\" style=\"width: 100%;\" controls=\"controls\"><source type=\"audio\/mpeg\" src=\"https:\/\/www.radiopiu.net\/wordpress\/wp-content\/uploads\/2021\/03\/GIANNI-CONSIGLIO-AGORDO.mp3?_=6\" \/><a href=\"https:\/\/www.radiopiu.net\/wordpress\/wp-content\/uploads\/2021\/03\/GIANNI-CONSIGLIO-AGORDO.mp3\">https:\/\/www.radiopiu.net\/wordpress\/wp-content\/uploads\/2021\/03\/GIANNI-CONSIGLIO-AGORDO.mp3<\/a><\/audio>\n<p>&nbsp;<\/p>\n<hr \/>\n<blockquote>\n<h3><\/h3>\n<h3>IL COMUNE PRESENTA IL DUP<\/h3>\n<\/blockquote>\n<p><strong><a href=\"https:\/\/www.radiopiu.net\/wordpress\/un-san-valentino-carico-di-cuori-in-agordino-grazie-a-nicola-tancon\/canale-dagordo-4-2\/\" rel=\"attachment wp-att-191343\"><img loading=\"lazy\" decoding=\"async\" class=\"wp-image-191343 alignleft\" src=\"https:\/\/www.radiopiu.net\/wordpress\/wp-content\/uploads\/2021\/02\/Canale-dAgordo-4-300x225.jpeg\" alt=\"\" width=\"203\" height=\"152\" srcset=\"https:\/\/www.radiopiu.net\/wordpress\/wp-content\/uploads\/2021\/02\/Canale-dAgordo-4-300x225.jpeg 300w, https:\/\/www.radiopiu.net\/wordpress\/wp-content\/uploads\/2021\/02\/Canale-dAgordo-4-1024x768.jpeg 1024w, https:\/\/www.radiopiu.net\/wordpress\/wp-content\/uploads\/2021\/02\/Canale-dAgordo-4-768x576.jpeg 768w, https:\/\/www.radiopiu.net\/wordpress\/wp-content\/uploads\/2021\/02\/Canale-dAgordo-4-1536x1152.jpeg 1536w, https:\/\/www.radiopiu.net\/wordpress\/wp-content\/uploads\/2021\/02\/Canale-dAgordo-4.jpeg 2048w\" sizes=\"auto, (max-width: 203px) 100vw, 203px\" \/><\/a>CANALE D&#8217;AGORDO\u00a0<\/strong> Lunedi alle 20.05 consiglio comunale a porte chiuse (in diretta sui canali, facebook. istagram e youtube di Radio Pi\u00f9). Il sindaco Flavio Colcergnan firma l&#8217;ordine del giorno con 7 punti in discussione: prelievo dal fondi di riserva, approvazione documento unico di programmazione, verifica aree fabbricabili, addizionale comunale conferma aliquota per il triennio, Imu conferma aliquote e detrazioni per il 2021 e regolamento per la disciplina del canone patrimoniale di concessione, autorizzazione, esposizione pubblicitaria.<\/p>\n<p>&nbsp;<\/p>\n<hr \/>\n<p>&nbsp;<\/p>\n<blockquote>\n<h3>MERCOLED\u00ec CONSIGLIO COMUNALE A RIVAMONTE<\/h3>\n<\/blockquote>\n<p><strong>RIVAMONTE<\/strong> Il Sindaco di Rivamonte Giovanni Deon ha convocato i consiglieri comunali per mercoled\u00ec alle 18:30 in videoconferenza. Saranno 9 i punti da discutere tra cui la quindicesima variazione al bilancio, le imposte IMU e Irpef, aggiornamento del DUP, il regolamento per l&#8217;istituzione e disciplina del canone unico patrimoniale e l&#8217;approvazione del bilancio 2021\/2023.<\/p>\n<p><strong>\u00a0DI GIANNI SANTOMASO<\/strong><\/p>\n<audio class=\"wp-audio-shortcode\" id=\"audio-198902-7\" preload=\"none\" style=\"width: 100%;\" controls=\"controls\"><source type=\"audio\/mpeg\" src=\"https:\/\/www.radiopiu.net\/wordpress\/wp-content\/uploads\/2021\/03\/GIANNI-CONSIGLI-CANALE-SAN-TOMASO-RIVA.mp3?_=7\" \/><a href=\"https:\/\/www.radiopiu.net\/wordpress\/wp-content\/uploads\/2021\/03\/GIANNI-CONSIGLI-CANALE-SAN-TOMASO-RIVA.mp3\">https:\/\/www.radiopiu.net\/wordpress\/wp-content\/uploads\/2021\/03\/GIANNI-CONSIGLI-CANALE-SAN-TOMASO-RIVA.mp3<\/a><\/audio>\n<p>&nbsp;<\/p>\n<hr \/>\n<p>&nbsp;<\/p>\n<blockquote>\n<h3>IL TESTAMENTO DELLA VECIA POPA DOMENICA MATTINA ALLA RADIO<\/h3>\n<\/blockquote>\n<p><strong><a href=\"https:\/\/www.radiopiu.net\/wordpress\/il-testamento-della-vecia-popa-domenica-mattina-alla-radio\/2ed13d71-035a-4bb8-b58f-a5b058c108d6\/\" rel=\"attachment wp-att-199081\"><img loading=\"lazy\" decoding=\"async\" class=\"size-medium wp-image-199081 alignleft\" src=\"https:\/\/www.radiopiu.net\/wordpress\/wp-content\/uploads\/2021\/03\/2ed13d71-035a-4bb8-b58f-a5b058c108d6-169x300.jpg\" alt=\"\" width=\"169\" height=\"300\" srcset=\"https:\/\/www.radiopiu.net\/wordpress\/wp-content\/uploads\/2021\/03\/2ed13d71-035a-4bb8-b58f-a5b058c108d6-169x300.jpg 169w, https:\/\/www.radiopiu.net\/wordpress\/wp-content\/uploads\/2021\/03\/2ed13d71-035a-4bb8-b58f-a5b058c108d6-576x1024.jpg 576w, https:\/\/www.radiopiu.net\/wordpress\/wp-content\/uploads\/2021\/03\/2ed13d71-035a-4bb8-b58f-a5b058c108d6-768x1366.jpg 768w, https:\/\/www.radiopiu.net\/wordpress\/wp-content\/uploads\/2021\/03\/2ed13d71-035a-4bb8-b58f-a5b058c108d6-864x1536.jpg 864w, https:\/\/www.radiopiu.net\/wordpress\/wp-content\/uploads\/2021\/03\/2ed13d71-035a-4bb8-b58f-a5b058c108d6.jpg 899w\" sizes=\"auto, (max-width: 169px) 100vw, 169px\" \/><\/a>AGORDO<\/strong>\u00a0 Il Comitato Vecia Popa deve arrendersi per il secondo anno. Lo scorso marzo tutto era pronto per la grande festa sul Broi, il covid ha rotto i piani e cos\u00ec anche quest&#8217;anno. Per evitare gli assembramenti la Vecia Popa \u00e8 cancellata dal calendario, in effetti di gente ne richiama davvero tanta, a migliaia negli ultimi anni a premiare l&#8217;impegno del gruppo organizzatore. Ma quest&#8217;anno la vecia della Val di Frela non subir\u00e0 il minaccioso silenzio, piuttosto domenica verr\u00e0 a farci visita in radio, si intratterr\u00e0 con gli ascoltatori e leggera il famosissimo testamento de la vecia <a href=\"https:\/\/www.radiopiu.net\/wordpress\/il-testamento-della-vecia-popa-domenica-mattina-alla-radio\/whatsapp-image-2017-03-26-at-16-25-53-2\/\" rel=\"attachment wp-att-199080\"><img loading=\"lazy\" decoding=\"async\" class=\" wp-image-199080 alignright\" src=\"https:\/\/www.radiopiu.net\/wordpress\/wp-content\/uploads\/2021\/03\/WhatsApp-Image-2017-03-26-at-16.25.53-225x300.jpeg\" alt=\"\" width=\"136\" height=\"181\" srcset=\"https:\/\/www.radiopiu.net\/wordpress\/wp-content\/uploads\/2021\/03\/WhatsApp-Image-2017-03-26-at-16.25.53-225x300.jpeg 225w, https:\/\/www.radiopiu.net\/wordpress\/wp-content\/uploads\/2021\/03\/WhatsApp-Image-2017-03-26-at-16.25.53-768x1024.jpeg 768w, https:\/\/www.radiopiu.net\/wordpress\/wp-content\/uploads\/2021\/03\/WhatsApp-Image-2017-03-26-at-16.25.53-1152x1536.jpeg 1152w, https:\/\/www.radiopiu.net\/wordpress\/wp-content\/uploads\/2021\/03\/WhatsApp-Image-2017-03-26-at-16.25.53.jpeg 1200w\" sizes=\"auto, (max-width: 136px) 100vw, 136px\" \/><\/a>Popa. Domenica alle 10, alla radio e sui canali social di Radio Pi\u00f9.<\/p>\n<blockquote><p><span style=\"color: #ff0000;\"><strong>LA VIDEO TELEFONATA DALLA VAL DI FRELA&#8230;.<\/strong><\/span><\/p><\/blockquote>\n<p>&nbsp;<\/p>\n<p><span style=\"color: #ff0000;\"><strong>audio<\/strong><\/span><\/p>\n<audio class=\"wp-audio-shortcode\" id=\"audio-198902-8\" preload=\"none\" style=\"width: 100%;\" controls=\"controls\"><source type=\"audio\/mpeg\" src=\"https:\/\/www.radiopiu.net\/wordpress\/wp-content\/uploads\/2021\/03\/R9S9F3C.mp3?_=8\" \/><a href=\"https:\/\/www.radiopiu.net\/wordpress\/wp-content\/uploads\/2021\/03\/R9S9F3C.mp3\">https:\/\/www.radiopiu.net\/wordpress\/wp-content\/uploads\/2021\/03\/R9S9F3C.mp3<\/a><\/audio>\n<p><strong>DI GIANNI SANTOMASO<\/strong><\/p>\n<audio class=\"wp-audio-shortcode\" id=\"audio-198902-9\" preload=\"none\" style=\"width: 100%;\" controls=\"controls\"><source type=\"audio\/mpeg\" src=\"https:\/\/www.radiopiu.net\/wordpress\/wp-content\/uploads\/2021\/03\/GIANNI-VECIA-POPA.mp3?_=9\" \/><a href=\"https:\/\/www.radiopiu.net\/wordpress\/wp-content\/uploads\/2021\/03\/GIANNI-VECIA-POPA.mp3\">https:\/\/www.radiopiu.net\/wordpress\/wp-content\/uploads\/2021\/03\/GIANNI-VECIA-POPA.mp3<\/a><\/audio>\n<p>&nbsp;<\/p>\n<hr \/>\n<p>&nbsp;<\/p>\n<blockquote>\n<h3>CONFARTIGIANATO VENETO CHIEDE LA RIAPERTURA DEI SERVIZI ALLA PERSONA CON UNA LETTERA AI DEPUTATI E SENATORI VENETI<\/h3>\n<\/blockquote>\n<p><strong>BELLUNO<\/strong> Il Sistema Confartigianato Imprese Veneto ha chiesto a deputati e senatori eletti in Veneto di favorire la riapertura dei servizi alla persona (acconciatura, estetica, tatuaggio e piercing) con una pronta modifica al <a href=\"https:\/\/www.radiopiu.net\/wordpress\/giornale-radiopiu-25-marzo-2021-direttore-mirko-mezzacasa\/th-74\/\" rel=\"attachment wp-att-199010\"><img loading=\"lazy\" decoding=\"async\" class=\"size-full wp-image-199010 alignleft\" src=\"https:\/\/www.radiopiu.net\/wordpress\/wp-content\/uploads\/2021\/03\/th-17.jpg\" alt=\"\" width=\"251\" height=\"164\" \/><\/a>Dpcm, che reintegri le attivit\u00e0 di acconciatura ed estetica consentendone lo svolgimento nelle zone rosse ed evitando in tal modo il protrarsi della situazione di pericolo per i cittadini fruitori di tali servizi.<\/p>\n<blockquote><p><em>\u00abIl nostro comparto sta subendo una chiusura che non \u00e8 giustificabile &#8211; afferma Ivana Del Pizzol, presidente degli acconciatori di Confartigianato Belluno -. la scelta di imporre la chiusura appare di difficile comprensione dal momento che i locali risultano essere pi\u00f9 che sicuri. La chiusura comporta l\u2019incremento di fenomeni legati all\u2019esercizio abusivo presso il domicilio dei cittadini, con il rischio concreto di aumentare i contatti non protetti in ambienti non sanificati e dunque la diffusione del virus&#8221;.<\/em><\/p><\/blockquote>\n<p>&nbsp;<\/p>\n<p><strong>LA RISPOSTA DI DARIO BOND<\/strong><\/p>\n<p><strong>ROMA <\/strong>\u00ab<em>\u00c8 giusto che parrucchieri e centri benessere possano riaprire le loro attivit\u00e0, anche in zona rossa. Sostengo l\u2019appello di Confartigianato Veneto<\/em>\u00bb. \u00c8 quanto afferma il deputato di Forza Italia Dario Bond, che ha ricevuto come tutti i parlamentari veneti una lettera dalla Federazione artigiani del Veneto, contenente la richiesta di modifica del Dpcm 2 marzo. \u00ab<em>Raccolgo il disagio di una delle tante categorie economiche che stanno affrontando le difficolt\u00e0 legate alle chiusure. Una crisi senza precedenti che rischia di trascinarsi a lungo. Quello che risulta difficile da comprendere \u00e8 come mai a queste attivit\u00e0 fosse concesso tenere aperto anche in zona rossa fino a qualche settimana fa, poi con il Dpcm 2 marzo le regole sono cambiate. Eppure i saloni di bellezza e i negozi di parrucchiere rispettano stringenti protocolli di sicurezza, non hanno assembramenti e in fatto di igiene hanno sempre applicato misure particolari. Da parte mia massimo sostegno per lavorare alla ridefinizione del testo del Dpcm, per reintegrare le attivit\u00e0 del benessere tra quelle che possono rimanere aperte<\/em>\u00bb.<\/p>\n<p>&nbsp;<\/p>\n<p>&nbsp;<\/p>\n<hr \/>\n<blockquote>\n<h3><\/h3>\n<h3>AL VIA IL NUOVO CORSO FORMATIVO SULL\u2019AMMINISTRAZIONE DI SOSTEGNO<\/h3>\n<\/blockquote>\n<p><strong>BELLUNO <\/strong>Un nuovo corso online di formazione sull\u2019amministrazione di sostegno. Si tratta di un aggiornamento per\u00a0 gli amministratori e i responsabili dei servizi sociosanitari e degli operatori. Approfondimento, operativit\u00e0 concreta e criticit\u00e0 proposte: questi i temi che si andranno ad affrontare in sessione pomeridiana (dalle 14.30 alle 18.30) per quattro venerd\u00ec. S\u2019inizia il 9 aprile con il modulo giuridico-procedurale per proseguire il 16 (modulo giuridico-esperienziale -progetto di cura), il 23 (modulo sociale\u00a0 e socio sanitario) e il 30 (modulo operativo e psicologico). Il corso \u00e8 proposto da Comitato d\u2019Intesa di Belluno con la collaborazione di Csv Belluno Treviso, Tribunale di Belluno, Ulss 1 Dolomiti, Conferenza dei sindaci di Belluno e Feltre, Ordine professionale degli assistenti sociali.<\/p>\n<p>&nbsp;<\/p>\n<p>&nbsp;<\/p>\n<hr \/>\n<p>&nbsp;<\/p>\n<blockquote>\n<h3>AL CAMPIONATO MONDIALE DEL PESTO AL MORTAIO ANCHE GABRIELE RIVA CONLA MASCOTTE &#8220;BASIL&#8221;<\/h3>\n<\/blockquote>\n<p><b><a href=\"https:\/\/www.radiopiu.net\/wordpress\/al-campionato-mondiale-del-pesto-al-mortaio-anche-gabriele-riva-conla-mascotte-basil\/basil-gabriele-riva\/\" rel=\"attachment wp-att-199130\"><img loading=\"lazy\" decoding=\"async\" class=\" wp-image-199130 alignleft\" src=\"https:\/\/www.radiopiu.net\/wordpress\/wp-content\/uploads\/2021\/03\/BASIL-GABRIELE-RIVA-280x300.png\" alt=\"\" width=\"165\" height=\"177\" srcset=\"https:\/\/www.radiopiu.net\/wordpress\/wp-content\/uploads\/2021\/03\/BASIL-GABRIELE-RIVA-280x300.png 280w, https:\/\/www.radiopiu.net\/wordpress\/wp-content\/uploads\/2021\/03\/BASIL-GABRIELE-RIVA-956x1024.png 956w, https:\/\/www.radiopiu.net\/wordpress\/wp-content\/uploads\/2021\/03\/BASIL-GABRIELE-RIVA-768x823.png 768w, https:\/\/www.radiopiu.net\/wordpress\/wp-content\/uploads\/2021\/03\/BASIL-GABRIELE-RIVA-1434x1536.png 1434w, https:\/\/www.radiopiu.net\/wordpress\/wp-content\/uploads\/2021\/03\/BASIL-GABRIELE-RIVA.png 1774w\" sizes=\"auto, (max-width: 165px) 100vw, 165px\" \/><\/a>VOLTAGO<\/b> Oltre a Silvano Savio e Lia De Biasio, al Campionato Del Mondo del Pesto al Mortaio ha partecipato anche Gabriele Riva che ha proposto la mascotte della manifestazione, &#8220;Basil&#8221;.<\/p>\n<p><strong>LA PRESENTAZIONE DELLA MASCOTTE DI GABRIELE RIVA<\/strong><\/p>\n<div class=\"page\" title=\"Page 1\">\n<div class=\"layoutArea\">\n<div class=\"column\">\n<blockquote><p><em>Basil (basilico, in inglese) e\u0300 un freschissimo ciuffo di basilico dal carattere tipicamente italiano: solare, simpatico e \u201cpopolare\u201d che dimostra anche nelle espressioni e mimiche facciali. Basil e\u0300 saldamente legato alle sue origini genovesi, liguri, che esibisce con orgoglio mostrando il pestello e il mortaio tradizionali. Basil ha, pero\u0300, anche una forte propensione all\u2019internazionalita\u0300 data dal nome che lo apre all\u2019Europa, al mondo. Basil, infine, ha una dote particolare che lo rende speciale: con la sua \u201cbacchetta magica\u201d (il pestello) riesce a far uscire dal \u201ccilindro incantato\u201d (il mortaio) un vero e proprio prodigio: il pesto.<\/em><\/p><\/blockquote>\n<p>&nbsp;<\/p>\n<p>&nbsp;<\/p>\n<hr \/>\n<p>&nbsp;<\/p>\n<\/div>\n<\/div>\n<\/div>\n<blockquote>\n<h3>LA MONGOLFIERA DI GIORGIA, ECCO IL NUOVO BANDO<\/h3>\n<\/blockquote>\n<blockquote><p><em>una lodevole abitudine quella dell\u2019associazione di presentare ogni anno, con l\u2019occasione, un nuovo bando rivolto agli adolescenti tra i 13 ed i 24 anni in condizioni di disabilit\u00e0 certificata che hanno bisogno di un po&#8217; di sollievo. <\/em><\/p><\/blockquote>\n<p style=\"text-align: left;\"><strong><a href=\"https:\/\/www.radiopiu.net\/wordpress\/la-mongolfiera-di-giorgia-ecco-il-nuovo-bando\/giorgia-praloran-5\/\" rel=\"attachment wp-att-198740\"><img loading=\"lazy\" decoding=\"async\" class=\" wp-image-198740 alignleft\" src=\"https:\/\/www.radiopiu.net\/wordpress\/wp-content\/uploads\/2021\/03\/Giorgia-Praloran-300x201.jpg\" alt=\"\" width=\"193\" height=\"129\" srcset=\"https:\/\/www.radiopiu.net\/wordpress\/wp-content\/uploads\/2021\/03\/Giorgia-Praloran-300x201.jpg 300w, https:\/\/www.radiopiu.net\/wordpress\/wp-content\/uploads\/2021\/03\/Giorgia-Praloran-1024x685.jpg 1024w, https:\/\/www.radiopiu.net\/wordpress\/wp-content\/uploads\/2021\/03\/Giorgia-Praloran-768x514.jpg 768w, https:\/\/www.radiopiu.net\/wordpress\/wp-content\/uploads\/2021\/03\/Giorgia-Praloran-1536x1028.jpg 1536w, https:\/\/www.radiopiu.net\/wordpress\/wp-content\/uploads\/2021\/03\/Giorgia-Praloran.jpg 1600w\" sizes=\"auto, (max-width: 193px) 100vw, 193px\" \/><\/a>BELLUNO<\/strong>\u00a0 Da venerd\u00ec sar\u00e0 possibile prendere parte al nuovo bando solidale dell\u2019associazione \u201cLa mongolfiera di Giorgia\u201d. La data\u00a0 coincide con il ventiquattresimo compleanno di Giorgia Praloran, giovane purtroppo scomparsa nel 2016 a causa di una malattia aggressiva. Le domande dovranno essere presentate tra il 26 marzo e il 25 maggio 2021, con l\u2019invio del modulo scaricabile da www.lamongolfieradigiorgia.it o richiedibile all\u2019e-mail lamongolfieradigiorgia@gmail.com.<\/p>\n<p>&nbsp;<\/p>\n<hr \/>\n<p>&nbsp;<\/p>\n<p>&nbsp;<\/p>\n<blockquote>\n<h3><a href=\"https:\/\/www.radiopiu.net\/wordpress\/cantieri-post-vaia-quattro-interventi-per-2-milioni-100-mila-euro\/download-890\/\" rel=\"attachment wp-att-149713\"><img loading=\"lazy\" decoding=\"async\" class=\"wp-image-149713 alignleft\" src=\"https:\/\/www.radiopiu.net\/wordpress\/wp-content\/uploads\/2020\/07\/download-16.jpg\" alt=\"\" width=\"142\" height=\"80\" \/><\/a>LAVORI IN CENTRO A TAIBON<\/h3>\n<\/blockquote>\n<p><strong>TAIBON<\/strong> Si informa che per consentire i lavori di allacciamento all&#8217;infrastruttura della fibra, \u00e8 prevista l\u2019istituzione del divieto di transito a tutti i veicoli, lungo la strada comunale da Piazzale 4 novembre 1918 &#8211; intersezione con via Foch, via P. Nenni e via A. Brustolon fino all\u2019intersezione con via della Chiesa, fino a venerd\u00ec, dalle 8 alle 18.<\/p>\n<p>&nbsp;<\/p>\n<p>&nbsp;<\/p>\n<hr \/>\n<p>&nbsp;<\/p>\n<p>&nbsp;<\/p>\n<blockquote>\n<h3><a href=\"https:\/\/www.radiopiu.net\/wordpress\/castello-illuminato-nel-segno-della-prevenzione-del-tumore-al-seno\/castello\/\" rel=\"attachment wp-att-167850\"><img loading=\"lazy\" decoding=\"async\" class=\"wp-image-167850 alignleft\" src=\"https:\/\/www.radiopiu.net\/wordpress\/wp-content\/uploads\/2020\/10\/Castello-300x187.jpg\" alt=\"\" width=\"176\" height=\"110\" srcset=\"https:\/\/www.radiopiu.net\/wordpress\/wp-content\/uploads\/2020\/10\/Castello-300x187.jpg 300w, https:\/\/www.radiopiu.net\/wordpress\/wp-content\/uploads\/2020\/10\/Castello-1024x639.jpg 1024w, https:\/\/www.radiopiu.net\/wordpress\/wp-content\/uploads\/2020\/10\/Castello-768x479.jpg 768w, https:\/\/www.radiopiu.net\/wordpress\/wp-content\/uploads\/2020\/10\/Castello-1536x958.jpg 1536w, https:\/\/www.radiopiu.net\/wordpress\/wp-content\/uploads\/2020\/10\/Castello.jpg 1892w\" sizes=\"auto, (max-width: 176px) 100vw, 176px\" \/><\/a>LAVORI DI ASFALTATURA IN VIA NASSA A FELTRE<\/h3>\n<\/blockquote>\n<p><strong>FELTRE <\/strong>Fino al 2 aprile lavori in corso in via Nassa a Feltre dove sono previsti degli interventi straordinari di asfaltatura. Dalle 8 alle 18 sar\u00e0 vietato il transito a tutti i veicoli, cicli e motocicli. Il passaggio sar\u00e0 consentito solo ed esclusivamente ai residenti nei tratti non soggetti ai lavori. Sar\u00e0 garantito il transito pedonale in sicurezza.<\/p>\n<p>&nbsp;<\/p>\n<p>&nbsp;<\/p>\n<hr \/>\n<p>&nbsp;<\/p>\n<blockquote>\n<h3>LA GUARDIA DI FINANZA APRE IL CONCORSO PER 66 ALLIEVI UFFICIALI E 10 TENENTI<\/h3>\n<\/blockquote>\n<p><strong><a href=\"https:\/\/www.radiopiu.net\/wordpress\/vendono-una-centrale-idroelettrica-eludendo-il-fisco\/guardia-di-finanza-auto_full1\/\" rel=\"attachment wp-att-5016\"><img loading=\"lazy\" decoding=\"async\" class=\" wp-image-5016 alignleft\" src=\"https:\/\/www.radiopiu.net\/wordpress\/wp-content\/uploads\/2015\/05\/guardia-di-finanza-auto_full1-300x224.jpg\" alt=\"\" width=\"130\" height=\"97\" \/><\/a>BELLUNO<\/strong> La Guardia di Finanza \u00e8 alla ricerca di allievi ufficiali. \u00c8 partito in questi giorni il concorso pubblico, per titoli ed esami, per l&#8217;ammissione di 66 allievi ufficiali del ruolo normale, comparto ordinario e aeronavale, all&#8217;Accademia della Guardia di Finanza per l&#8217;anno accademico 2021-2022. I candidati devono aver compiuto i 17 anni di et\u00e0 alla data del 1 gennaio 2021, devono essere in possesso di un diploma di istruzione secondaria di secondo grado che consenta l&#8217;iscrizione a corsi di laurea o che lo conseguano nell&#8217;anno scolastico 2020\/21. La domanda di partecipazione al concorso dovr\u00e0 essere compilata tramite procedura telematica all&#8217;indirizzo concorsi.gdf.gov.it e dovr\u00e0 essere effettuata entro le 12 del 8 aprile 2021. Per altre informazioni sul concorso basta accedere al sito del concorso.<\/p>\n<blockquote><p>Sempre la Guardia di Finanza sta reclutando 3 allievi finanzieri del contingente ordinario, selezione riservata al coniuge e ai figli superstiti, nonch\u00e8 ai fratelli o alle sorelle del personale delle Forze di Polizia, deceduto o reso pemanentemente invalido per causa di servizio.<\/p><\/blockquote>\n<p>&nbsp;<\/p>\n<p>&nbsp;<\/p>\n<hr \/>\n<p>&nbsp;<\/p>\n<blockquote>\n<h3>GLI ALPINI DI ALLEGHE APRONO UN CONTO CORRENTE PER AIUTARE GUERRINO BELLENZIER<\/h3>\n<\/blockquote>\n<p><strong><a href=\"https:\/\/www.radiopiu.net\/wordpress\/gli-alpini-di-alleghe-aprono-un-conto-corrente-per-aiutare-guerrino-bellenzier\/alpini-alleghe\/\" rel=\"attachment wp-att-198175\"><img loading=\"lazy\" decoding=\"async\" class=\"size-medium wp-image-198175 alignleft\" src=\"https:\/\/www.radiopiu.net\/wordpress\/wp-content\/uploads\/2021\/03\/ALPINI-ALLEGHE-300x138.png\" alt=\"\" width=\"300\" height=\"138\" srcset=\"https:\/\/www.radiopiu.net\/wordpress\/wp-content\/uploads\/2021\/03\/ALPINI-ALLEGHE-300x138.png 300w, https:\/\/www.radiopiu.net\/wordpress\/wp-content\/uploads\/2021\/03\/ALPINI-ALLEGHE-768x353.png 768w, https:\/\/www.radiopiu.net\/wordpress\/wp-content\/uploads\/2021\/03\/ALPINI-ALLEGHE.png 778w\" sizes=\"auto, (max-width: 300px) 100vw, 300px\" \/><\/a>ALLEGHE<\/strong> Nella notte del 12 marzo. l&#8217;abitazione di Guerrino Bellenzier (piu conosciuto come Tobia) \u00e8 stata interessata da un incendio che ha causate notevoli danni alla struttura della casa. Tobia e persona da sempre presente e disponibile per la comunit\u00e0 Alleghese nella quale ha ricoperto le cariche di consigliere ed assessore comunale. E&#8217; stato anche consigliere e capogruppo degli Alpini di Alleghe, nonch\u00e8 fondatore, insieme a Siro De Biasio, del Coro Alpino &#8220;Monte Civetta&#8221;. Attualmente e ancora attivissimo vice capogruppo ed e per questo motive che i suoi amici alpini hanno ritenuto di attivarsi ed essere vicini a Tobia, aprendo presso Cortinabanca &#8211; sede di Alleghe &#8211; un conto corrente sul quale raccogliere contributi per quanti volessero aderire a questa iniziativa. Le coordinate bancarie del conto intestate a Gruppo Ana Alleghe sottoscrizione per &#8220;&#8221;Tobia&#8221;&#8221; danni da incendio sono le seguenti:&#8221; IT 21 C 08511 61001 000000041707 L&#8217;attuale Capogruppo Cristian De Toni, anche a nome di tutto ii Consiglio del Gruppo ANA Alleghe, ringrazia quanti vorranno condividere l&#8217;iniziativa.<\/p>\n<p>&nbsp;<\/p>\n<hr \/>\n<p>&nbsp;<\/p>\n<blockquote>\n<h3>FARFALLE DELLE ALPI ORIENTALI<\/h3>\n<\/blockquote>\n<p><strong><a href=\"https:\/\/www.radiopiu.net\/wordpress\/a-settembre-si-conclude-il-programma-al-parco-con-mamma-e-papa-il-calendario-delle-escursioni-guidate-nel-parco-nazionale-dolomiti-bellunesi\/logo-parco\/\" rel=\"attachment wp-att-59193\"><img loading=\"lazy\" decoding=\"async\" class=\" wp-image-59193 alignleft\" src=\"https:\/\/www.radiopiu.net\/wordpress\/wp-content\/uploads\/2018\/08\/logo-parco.png\" alt=\"\" width=\"186\" height=\"88\" \/><\/a>FELTRE <\/strong>Il Parco Nazionale Dolomiti Bellunesi e il Dipartimento di Biologia dell\u2019Universit\u00e0 di Padova organizzano il corso: Farfalle delle Alpi Orientali. Conoscere e identificare le specie collinari e montane del Nord-Est Italia. Il corso \u00e8 rivolto a studenti universitari e laureati in discipline naturalistiche; a tecnici e professionisti che si occupano di gestione ambientale; insegnanti e guide naturalistiche, ma \u00e8 aperto anche a tutti gli appassionati di natura. Il corso si svolger\u00e0 in modalit\u00e0 a distanza in quattro incontri. I relatori saranno il professor Lucio Bonato, Zoologo presso l\u2019Universit\u00e0 di Padova; la professoressa Simona Bonelli. Zoologa presso l\u2019Universit\u00e0 di Torino ed Enrico Vettorazzo, tecnico presso il Parco Nazionale Dolomiti Bellunesi. Il corso \u00e8 gratuito, ma sar\u00e0 limitato a un massimo di 40 partecipanti. La richiesta di partecipazione va compilata on-line entro il 10 aprile, per informazioni: <a href=\"http:\/\/www.dolomitipark.it\">www.dolomitipark.it<\/a><\/p>\n<p>&nbsp;<\/p>\n<p>&nbsp;<\/p>\n<hr \/>\n<p>&nbsp;<\/p>\n<blockquote class=\"wp-embedded-content\" data-secret=\"ml7OlFcrxY\"><p><a href=\"https:\/\/www.radiopiu.net\/wordpress\/con-i-vigili-del-fuoco-di-agordo-foto\/\">CON I VIGILI DEL FUOCO DI AGORDO &#8211; foto<\/a><\/p><\/blockquote>\n<p><iframe loading=\"lazy\" class=\"wp-embedded-content\" sandbox=\"allow-scripts\" security=\"restricted\" style=\"position: absolute; clip: rect(1px, 1px, 1px, 1px);\" title=\"&#8220;CON I VIGILI DEL FUOCO DI AGORDO &#8211; foto&#8221; &#8212; Radio Pi\u00f9\" src=\"https:\/\/www.radiopiu.net\/wordpress\/con-i-vigili-del-fuoco-di-agordo-foto\/embed\/#?secret=ml7OlFcrxY\" data-secret=\"ml7OlFcrxY\" width=\"600\" height=\"338\" frameborder=\"0\" marginwidth=\"0\" marginheight=\"0\" scrolling=\"no\"><\/iframe><\/p>\n<p>&nbsp;<\/p>\n<hr \/>\n<p>&nbsp;<\/p>\n<blockquote>\n<h3>CADORE: SALUTI E BACI AL BROMURO<\/h3>\n<\/blockquote>\n<p><strong>di Renato Bona<\/strong><\/p>\n<p>\u201cErano tempi quelli dell\u2019esordio di Giacomo e Cesare Riva (nel mondo della fotografia, in particolare a Calalzo di Cadore &#8211; ndr.) in cui non esistevano produzioni in serie di materiali sensibili per la fotografia. Toccava costruirseli; e forse in questo, pi\u00f9 che non nello stesso fotografare, consistevano il lustro e l\u2019orgoglio della ditta\u201d. Quanto precede, firmato dallo scomparso giornalista Fiorello Zangrando, cadorino di Perarolo, (mio primo capo redazione a Il Gazzettino &#8211; ndr.) lo si pu\u00f2 leggere sotto il titolo: \u201cDal Cadore, saluti e baci al bromuro\u201d nell\u2019ottimo\u201dUn saluto dal Cadore\u201d, libro di \u201cVecchie cartoline della raccolta Benito Pagnussat\u201d, edito nel 1981 da Nuovi Sentieri di Bepi Pellegrinon (stampa Arti grafiche Tamari di Bologna). Il giornalista &#8211; che nella prima parte rendeva doveroso omaggio ai Riva fotografi cadorini &#8211; precisava che la carta sensibile, su cui la stampa si eseguiva mediante la luce solare, era cosparsa di uno strato di albumina. Le lastre di vetro, pel negasti ovo, erano spalmate d\u2019una emulsione al collodio, ma ben presto apparve preferibile sostituirvi il bromuro d\u2019argenti. Ricavavano questo metallo da vecchie monete e da altri oggetti comperati per poco dalla gente del paese\u201d. Quindi riferiva che \u201cNel laboratorio dietro la piazza, sopra un improvvisato crogiolo, lo fondevano e lo colavano sulle lastre. Addetta alla fusione (vera custode del fuoco, come una vestale) era la moglie di Giacomo, Caterina\u201d. Onore al merito della donna! Ogni soggetto per i Riva era da immortalare e dunque non si specializzarono in un genere ma ripresero ritratti e paesaggi, avvenimenti e scenette anche se a dire il vero pare proprio che preferissero soggetti di caccia e di montagna. Come che sia, Zangrando teneva a sottolineare che \u201cIn ogni settore eccelsero\u201d E aggiungeva: \u201cNel paesaggio \u00e8 rimasta celebre una veduta di Calalzo, eseguita intorno al \u201970, equilibrata come un quadro, perfetta e pure morbidissima nel contrasto dei toni. Ma molte altre vedute composero i Riva in tutto il Cadore &#8211; le chiese e i c\u00ecdoli, i campi e le carrozze &#8211; in Carnia e nello Zoldano dove si recavano ogni due-tre anni, a turno, su richiesta di rivenditori e clienti\u201d. Tra le composizioni di scena vanno certo ricordate alcune immagini che furono presentate in una esposizione internazionale in quel di Torino: \u201cquella col calzolaio seduto davanti al deschetto coi suoi allievi, quella del falegname che pialla, quella della mamma che prepara il figlioletto per il sonno notturno\u201d. Giacomo e Cesare Riva furono autori pure di numerosissimi e apprezzati ritratti e gruppi e va detto che ogni estate \u201cerano numerosi i villeggianti, anche francesi e inglesi e tedeschi, che scendevano da Pieve, da Cortina e da Auronzo a Calalzo per farsi ritrarre \u2018in sentoree pose\u2019 formato cartoncino\u201d. In proposito merita una citazione particolare quello che nel 1892 ebbe a soggetto Giosu\u00e8 Carducci, ospite del Cadore nell\u2019occasione in cui compose la famosissima ode: \u201cL\u2019opera \u00e8 esemplare dello stile e della bravura di Giacomo e Cesare Riva: al centro dell\u2019immagine \u00e8 il cisposo poeta, alla sua destra sono Giacomo De Carlo con suo nipotino, nonch\u00e9 il professore Salomone Morpurgo, bibliotecario alla Riccardiana di Firenze. In alto si nota il ritratto di Michele Barbi, insigne cultore di studi danteschi, con accanto il professore Albino Zenatti. La fotografia, se risente una tendenza alquanto decorativa appare tuttavia rimarchevole per la plastica composizione e per un certo gusto di caratterizzazione. L\u2019atmosfera boschereccia e montanina \u00e8 suggerita bene anche dalla scenografia precisa e dal fondale con le Marmarole ed altre cime cadorine, opera egregia del calaltino Giovanni De Zardo, pittore di qualche merito\u201d.<\/p>\n\n\t\t\t<style type='text\/css'>\n\t\t\t\t#gallery-7 {\n\t\t\t\t\tmargin: auto;\n\t\t\t\t}\n\t\t\t\t#gallery-7 .gallery-item {\n\t\t\t\t\tfloat: left;\n\t\t\t\t\tmargin-top: 10px;\n\t\t\t\t\ttext-align: center;\n\t\t\t\t\twidth: 12%;\n\t\t\t\t}\n\t\t\t\t#gallery-7 img {\n\t\t\t\t\tborder: 2px solid #cfcfcf;\n\t\t\t\t}\n\t\t\t\t#gallery-7 .gallery-caption {\n\t\t\t\t\tmargin-left: 0;\n\t\t\t\t}\n\t\t\t\t\/* see gallery_shortcode() in wp-includes\/media.php *\/\n\t\t\t<\/style>\n\t\t<div id='gallery-7' class='dt-gallery-container gallery galleryid-198902 gallery-columns-8 gallery-size-thumbnail'><dl class='gallery-item'>\n\t\t\t\t<dt class='gallery-icon portrait'>\n\t\t\t\t\t<a class=\"rollover rollover-zoom dt-pswp-item\" title=\"164239083_1102148623587154_5834213338574962025_n\" data-dt-img-description=\"\" data-large_image_width=\"1716\" data-large_image_height=\"2560\"href='https:\/\/www.radiopiu.net\/wordpress\/wp-content\/uploads\/2021\/03\/164239083_1102148623587154_5834213338574962025_n-scaled.jpg'><img loading=\"lazy\" decoding=\"async\" width=\"150\" height=\"150\" src=\"https:\/\/www.radiopiu.net\/wordpress\/wp-content\/uploads\/2021\/03\/164239083_1102148623587154_5834213338574962025_n-150x150.jpg\" class=\"attachment-thumbnail size-thumbnail\" alt=\"\" \/><\/a>\n\t\t\t\t<\/dt><\/dl><dl class='gallery-item'>\n\t\t\t\t<dt class='gallery-icon landscape'>\n\t\t\t\t\t<a class=\"rollover rollover-zoom dt-pswp-item\" title=\"165073540_1159689851138871_2781611079190676300_n\" data-dt-img-description=\"\" data-large_image_width=\"2560\" data-large_image_height=\"1462\"href='https:\/\/www.radiopiu.net\/wordpress\/wp-content\/uploads\/2021\/03\/165073540_1159689851138871_2781611079190676300_n-scaled.jpg'><img loading=\"lazy\" decoding=\"async\" width=\"150\" height=\"150\" src=\"https:\/\/www.radiopiu.net\/wordpress\/wp-content\/uploads\/2021\/03\/165073540_1159689851138871_2781611079190676300_n-150x150.jpg\" class=\"attachment-thumbnail size-thumbnail\" alt=\"\" \/><\/a>\n\t\t\t\t<\/dt><\/dl><dl class='gallery-item'>\n\t\t\t\t<dt class='gallery-icon landscape'>\n\t\t\t\t\t<a class=\"rollover rollover-zoom dt-pswp-item\" title=\"164626756_129242612423180_5139730293285327712_n\" data-dt-img-description=\"\" data-large_image_width=\"2560\" data-large_image_height=\"1562\"href='https:\/\/www.radiopiu.net\/wordpress\/wp-content\/uploads\/2021\/03\/164626756_129242612423180_5139730293285327712_n-scaled.jpg'><img loading=\"lazy\" decoding=\"async\" width=\"150\" height=\"150\" src=\"https:\/\/www.radiopiu.net\/wordpress\/wp-content\/uploads\/2021\/03\/164626756_129242612423180_5139730293285327712_n-150x150.jpg\" class=\"attachment-thumbnail size-thumbnail\" alt=\"\" \/><\/a>\n\t\t\t\t<\/dt><\/dl><dl class='gallery-item'>\n\t\t\t\t<dt class='gallery-icon landscape'>\n\t\t\t\t\t<a class=\"rollover rollover-zoom dt-pswp-item\" title=\"164642257_130614599009883_5138203517891937338_n\" data-dt-img-description=\"\" data-large_image_width=\"2560\" data-large_image_height=\"1604\"href='https:\/\/www.radiopiu.net\/wordpress\/wp-content\/uploads\/2021\/03\/164642257_130614599009883_5138203517891937338_n-scaled.jpg'><img loading=\"lazy\" decoding=\"async\" width=\"150\" height=\"150\" src=\"https:\/\/www.radiopiu.net\/wordpress\/wp-content\/uploads\/2021\/03\/164642257_130614599009883_5138203517891937338_n-150x150.jpg\" class=\"attachment-thumbnail size-thumbnail\" alt=\"\" \/><\/a>\n\t\t\t\t<\/dt><\/dl><dl class='gallery-item'>\n\t\t\t\t<dt class='gallery-icon landscape'>\n\t\t\t\t\t<a class=\"rollover rollover-zoom dt-pswp-item\" title=\"164345221_145097490845512_7527553974961960181_n\" data-dt-img-description=\"\" data-large_image_width=\"2560\" data-large_image_height=\"1634\"href='https:\/\/www.radiopiu.net\/wordpress\/wp-content\/uploads\/2021\/03\/164345221_145097490845512_7527553974961960181_n-scaled.jpg'><img loading=\"lazy\" decoding=\"async\" width=\"150\" height=\"150\" src=\"https:\/\/www.radiopiu.net\/wordpress\/wp-content\/uploads\/2021\/03\/164345221_145097490845512_7527553974961960181_n-150x150.jpg\" class=\"attachment-thumbnail size-thumbnail\" alt=\"\" \/><\/a>\n\t\t\t\t<\/dt><\/dl><dl class='gallery-item'>\n\t\t\t\t<dt class='gallery-icon landscape'>\n\t\t\t\t\t<a class=\"rollover rollover-zoom dt-pswp-item\" title=\"164467799_196348938587562_2589774925438520762_n\" data-dt-img-description=\"\" data-large_image_width=\"2560\" data-large_image_height=\"1778\"href='https:\/\/www.radiopiu.net\/wordpress\/wp-content\/uploads\/2021\/03\/164467799_196348938587562_2589774925438520762_n-scaled.jpg'><img loading=\"lazy\" decoding=\"async\" width=\"150\" height=\"150\" src=\"https:\/\/www.radiopiu.net\/wordpress\/wp-content\/uploads\/2021\/03\/164467799_196348938587562_2589774925438520762_n-150x150.jpg\" class=\"attachment-thumbnail size-thumbnail\" alt=\"\" \/><\/a>\n\t\t\t\t<\/dt><\/dl><dl class='gallery-item'>\n\t\t\t\t<dt class='gallery-icon portrait'>\n\t\t\t\t\t<a class=\"rollover rollover-zoom dt-pswp-item\" title=\"164629444_246851640468018_6608371780825522730_n\" data-dt-img-description=\"\" data-large_image_width=\"1378\" data-large_image_height=\"2240\"href='https:\/\/www.radiopiu.net\/wordpress\/wp-content\/uploads\/2021\/03\/164629444_246851640468018_6608371780825522730_n.jpg'><img loading=\"lazy\" decoding=\"async\" width=\"150\" height=\"150\" src=\"https:\/\/www.radiopiu.net\/wordpress\/wp-content\/uploads\/2021\/03\/164629444_246851640468018_6608371780825522730_n-150x150.jpg\" class=\"attachment-thumbnail size-thumbnail\" alt=\"\" \/><\/a>\n\t\t\t\t<\/dt><\/dl><dl class='gallery-item'>\n\t\t\t\t<dt class='gallery-icon landscape'>\n\t\t\t\t\t<a class=\"rollover rollover-zoom dt-pswp-item\" title=\"164498122_2828615737411788_4279435552524494497_n\" data-dt-img-description=\"\" data-large_image_width=\"2560\" data-large_image_height=\"1605\"href='https:\/\/www.radiopiu.net\/wordpress\/wp-content\/uploads\/2021\/03\/164498122_2828615737411788_4279435552524494497_n-scaled.jpg'><img loading=\"lazy\" decoding=\"async\" width=\"150\" height=\"150\" src=\"https:\/\/www.radiopiu.net\/wordpress\/wp-content\/uploads\/2021\/03\/164498122_2828615737411788_4279435552524494497_n-150x150.jpg\" class=\"attachment-thumbnail size-thumbnail\" alt=\"\" \/><\/a>\n\t\t\t\t<\/dt><\/dl><br style=\"clear: both\" \/><dl class='gallery-item'>\n\t\t\t\t<dt class='gallery-icon landscape'>\n\t\t\t\t\t<a class=\"rollover rollover-zoom dt-pswp-item\" title=\"165065911_3514615768764351_3751560834176500546_n\" data-dt-img-description=\"\" data-large_image_width=\"2560\" data-large_image_height=\"1539\"href='https:\/\/www.radiopiu.net\/wordpress\/wp-content\/uploads\/2021\/03\/165065911_3514615768764351_3751560834176500546_n-scaled.jpg'><img loading=\"lazy\" decoding=\"async\" width=\"150\" height=\"150\" src=\"https:\/\/www.radiopiu.net\/wordpress\/wp-content\/uploads\/2021\/03\/165065911_3514615768764351_3751560834176500546_n-150x150.jpg\" class=\"attachment-thumbnail size-thumbnail\" alt=\"\" \/><\/a>\n\t\t\t\t<\/dt><\/dl><dl class='gallery-item'>\n\t\t\t\t<dt class='gallery-icon landscape'>\n\t\t\t\t\t<a class=\"rollover rollover-zoom dt-pswp-item\" title=\"164493877_435012057757314_3885219561818193859_n\" data-dt-img-description=\"\" data-large_image_width=\"2560\" data-large_image_height=\"1734\"href='https:\/\/www.radiopiu.net\/wordpress\/wp-content\/uploads\/2021\/03\/164493877_435012057757314_3885219561818193859_n-scaled.jpg'><img loading=\"lazy\" decoding=\"async\" width=\"150\" height=\"150\" src=\"https:\/\/www.radiopiu.net\/wordpress\/wp-content\/uploads\/2021\/03\/164493877_435012057757314_3885219561818193859_n-150x150.jpg\" class=\"attachment-thumbnail size-thumbnail\" alt=\"\" \/><\/a>\n\t\t\t\t<\/dt><\/dl><dl class='gallery-item'>\n\t\t\t\t<dt class='gallery-icon landscape'>\n\t\t\t\t\t<a class=\"rollover rollover-zoom dt-pswp-item\" title=\"164965241_468283524518568_2367410967120195269_n\" data-dt-img-description=\"\" data-large_image_width=\"2560\" data-large_image_height=\"1571\"href='https:\/\/www.radiopiu.net\/wordpress\/wp-content\/uploads\/2021\/03\/164965241_468283524518568_2367410967120195269_n-scaled.jpg'><img loading=\"lazy\" decoding=\"async\" width=\"150\" height=\"150\" src=\"https:\/\/www.radiopiu.net\/wordpress\/wp-content\/uploads\/2021\/03\/164965241_468283524518568_2367410967120195269_n-150x150.jpg\" class=\"attachment-thumbnail size-thumbnail\" alt=\"\" \/><\/a>\n\t\t\t\t<\/dt><\/dl><dl class='gallery-item'>\n\t\t\t\t<dt class='gallery-icon landscape'>\n\t\t\t\t\t<a class=\"rollover rollover-zoom dt-pswp-item\" title=\"165109070_756503018365338_2868820636799551211_n\" data-dt-img-description=\"\" data-large_image_width=\"2560\" data-large_image_height=\"1401\"href='https:\/\/www.radiopiu.net\/wordpress\/wp-content\/uploads\/2021\/03\/165109070_756503018365338_2868820636799551211_n-scaled.jpg'><img loading=\"lazy\" decoding=\"async\" width=\"150\" height=\"150\" src=\"https:\/\/www.radiopiu.net\/wordpress\/wp-content\/uploads\/2021\/03\/165109070_756503018365338_2868820636799551211_n-150x150.jpg\" class=\"attachment-thumbnail size-thumbnail\" alt=\"\" \/><\/a>\n\t\t\t\t<\/dt><\/dl><dl class='gallery-item'>\n\t\t\t\t<dt class='gallery-icon landscape'>\n\t\t\t\t\t<a class=\"rollover rollover-zoom dt-pswp-item\" title=\"165211867_764693720822686_8215734926410840143_n\" data-dt-img-description=\"\" data-large_image_width=\"2560\" data-large_image_height=\"1965\"href='https:\/\/www.radiopiu.net\/wordpress\/wp-content\/uploads\/2021\/03\/165211867_764693720822686_8215734926410840143_n-scaled.jpg'><img loading=\"lazy\" decoding=\"async\" width=\"150\" height=\"150\" src=\"https:\/\/www.radiopiu.net\/wordpress\/wp-content\/uploads\/2021\/03\/165211867_764693720822686_8215734926410840143_n-150x150.jpg\" class=\"attachment-thumbnail size-thumbnail\" alt=\"\" \/><\/a>\n\t\t\t\t<\/dt><\/dl><dl class='gallery-item'>\n\t\t\t\t<dt class='gallery-icon landscape'>\n\t\t\t\t\t<a class=\"rollover rollover-zoom dt-pswp-item\" title=\"164694101_790766038520178_9082211019524255406_n\" data-dt-img-description=\"\" data-large_image_width=\"2560\" data-large_image_height=\"1588\"href='https:\/\/www.radiopiu.net\/wordpress\/wp-content\/uploads\/2021\/03\/164694101_790766038520178_9082211019524255406_n-scaled.jpg'><img loading=\"lazy\" decoding=\"async\" width=\"150\" height=\"150\" src=\"https:\/\/www.radiopiu.net\/wordpress\/wp-content\/uploads\/2021\/03\/164694101_790766038520178_9082211019524255406_n-150x150.jpg\" class=\"attachment-thumbnail size-thumbnail\" alt=\"\" \/><\/a>\n\t\t\t\t<\/dt><\/dl><dl class='gallery-item'>\n\t\t\t\t<dt class='gallery-icon landscape'>\n\t\t\t\t\t<a class=\"rollover rollover-zoom dt-pswp-item\" title=\"164528888_797945191125691_622462736079274479_n\" data-dt-img-description=\"\" data-large_image_width=\"2560\" data-large_image_height=\"1691\"href='https:\/\/www.radiopiu.net\/wordpress\/wp-content\/uploads\/2021\/03\/164528888_797945191125691_622462736079274479_n-scaled.jpg'><img loading=\"lazy\" decoding=\"async\" width=\"150\" height=\"150\" src=\"https:\/\/www.radiopiu.net\/wordpress\/wp-content\/uploads\/2021\/03\/164528888_797945191125691_622462736079274479_n-150x150.jpg\" class=\"attachment-thumbnail size-thumbnail\" alt=\"\" \/><\/a>\n\t\t\t\t<\/dt><\/dl><dl class='gallery-item'>\n\t\t\t\t<dt class='gallery-icon landscape'>\n\t\t\t\t\t<a class=\"rollover rollover-zoom dt-pswp-item\" title=\"164352001_887656025399662_3403812659318296637_n\" data-dt-img-description=\"\" data-large_image_width=\"2560\" data-large_image_height=\"1372\"href='https:\/\/www.radiopiu.net\/wordpress\/wp-content\/uploads\/2021\/03\/164352001_887656025399662_3403812659318296637_n-scaled.jpg'><img loading=\"lazy\" decoding=\"async\" width=\"150\" height=\"150\" src=\"https:\/\/www.radiopiu.net\/wordpress\/wp-content\/uploads\/2021\/03\/164352001_887656025399662_3403812659318296637_n-150x150.jpg\" class=\"attachment-thumbnail size-thumbnail\" alt=\"\" \/><\/a>\n\t\t\t\t<\/dt><\/dl><br style=\"clear: both\" \/>\n\t\t\t<\/div>\n\n<p>NELLE FOTO (riproduzioni dal libro \u201cUn saluto dal Cadore): la neve ha sepolto la piazza di Pieve; raduno in Piazza Tiziano si soci del Touring club; alcuni edifici della piazza pievese; la borgata Arsenale con la vecchia casa natale di Tiziano; ancora Pieve, immortalata di Guido Ciotti; il monumento di Urbano Nono dedicato a Pietro Calvi di Noale; soci del Touring e del Club Alpino italiano; cartolina ricordo del Cadore; un vecchio combattente veterano del 1848; immagine datata dell\u2019albergo \u201cProgresso\u201d; gare di sci a Pozzale; antiche case rustiche in Borgo san Tomaso di Pozzale; Calalzo: paese largamente costruito col legno; e sempre a Calalzo: l\u2019albergo Giacobbi di via Maggiore; l\u2019albergo Marmarole dei fratelli Fanton; fino a Calalzo si arriva da Belluno con la ferrovia a scartamento normale sullo sfondo della stazione il monte Tudaio.<\/p>\n<p>&nbsp;<\/p>\n<p>&nbsp;<\/p>\n<hr \/>\n<p>&nbsp;<\/p>\n<h1 class=\"filename\"><\/h1>\n<h2><span style=\"color: #ff0000;\">dalla nuova generazione&#8230; cultura e tradizione<\/span><\/h2>\n<blockquote>\n<h3><em>PIAZA LADINA ALLA RADIO<\/em><\/h3>\n<\/blockquote>\n<p><strong>LA QUARTA PUNTATA\u00a0 \u00a0&#8220;Ladin Agordin&#8221;<\/strong><\/p>\n<audio class=\"wp-audio-shortcode\" id=\"audio-198902-10\" preload=\"none\" style=\"width: 100%;\" controls=\"controls\"><source type=\"audio\/mpeg\" src=\"https:\/\/www.radiopiu.net\/wordpress\/wp-content\/uploads\/2021\/03\/Pontada-4-L-Ladin-Agordin.mp3?_=10\" \/><a href=\"https:\/\/www.radiopiu.net\/wordpress\/wp-content\/uploads\/2021\/03\/Pontada-4-L-Ladin-Agordin.mp3\">https:\/\/www.radiopiu.net\/wordpress\/wp-content\/uploads\/2021\/03\/Pontada-4-L-Ladin-Agordin.mp3<\/a><\/audio>\n<p>&nbsp;<\/p>\n<blockquote>\n<h2>LA RACCOLTA COMPLETA<\/h2>\n<\/blockquote>\n<blockquote class=\"wp-embedded-content\" data-secret=\"ONdEw0Oo90\"><p><a href=\"https:\/\/www.radiopiu.net\/wordpress\/agora-agordina-la-nosta-piaza\/\">AGORA&#8217; AGORDINA&#8230; LA NOSTA PIAZA LADINA.  pagina in aggiornamento continuo<\/a><\/p><\/blockquote>\n<p><iframe loading=\"lazy\" class=\"wp-embedded-content\" sandbox=\"allow-scripts\" security=\"restricted\" style=\"position: absolute; clip: rect(1px, 1px, 1px, 1px);\" title=\"&#8220;AGORA&#8217; AGORDINA&#8230; LA NOSTA PIAZA LADINA.  pagina in aggiornamento continuo&#8221; &#8212; Radio Pi\u00f9\" src=\"https:\/\/www.radiopiu.net\/wordpress\/agora-agordina-la-nosta-piaza\/embed\/#?secret=ONdEw0Oo90\" data-secret=\"ONdEw0Oo90\" width=\"600\" height=\"338\" frameborder=\"0\" marginwidth=\"0\" marginheight=\"0\" scrolling=\"no\"><\/iframe><\/p>\n<p>&nbsp;<\/p>\n<p>&nbsp;<\/p>\n<hr \/>\n<h2><\/h2>\n<h2>IERI ALLA RADIO, FRANCESCO ZILLIO<\/h2>\n<p><iframe loading=\"lazy\" title=\"COMUNICAZIONI NELL&#039;ERA COVID, SOLUZIONI PROFESSIONALI\" width=\"1200\" height=\"675\" src=\"https:\/\/www.youtube.com\/embed\/BRiOzbaSF_o?feature=oembed\" frameborder=\"0\" allow=\"accelerometer; autoplay; clipboard-write; encrypted-media; gyroscope; picture-in-picture\" allowfullscreen><\/iframe><\/p>\n<h3><strong>LA RACCOLTA COMPLETA\u00a0<\/strong><\/h3>\n<blockquote class=\"wp-embedded-content\" data-secret=\"12vdhO0Myt\"><p><a href=\"https:\/\/www.radiopiu.net\/wordpress\/ep-center-video-gallery\/\">EP CENTER video gallery<\/a><\/p><\/blockquote>\n<p><iframe loading=\"lazy\" class=\"wp-embedded-content\" sandbox=\"allow-scripts\" security=\"restricted\" style=\"position: absolute; clip: rect(1px, 1px, 1px, 1px);\" title=\"&#8220;EP CENTER video gallery&#8221; &#8212; Radio Pi\u00f9\" src=\"https:\/\/www.radiopiu.net\/wordpress\/ep-center-video-gallery\/embed\/#?secret=12vdhO0Myt\" data-secret=\"12vdhO0Myt\" width=\"600\" height=\"338\" frameborder=\"0\" marginwidth=\"0\" marginheight=\"0\" scrolling=\"no\"><\/iframe><\/p>\n<p>&nbsp;<\/p>\n<hr \/>\n<blockquote>\n<h3><\/h3>\n<h3>IO NE HO VISTE COSE CHE VOI NON POTRESTE IMMAGINARVI<\/h3>\n<\/blockquote>\n<p><a href=\"https:\/\/www.radiopiu.net\/wordpress\/giornale-radiopiu-24-marzo-2021-direttore-mirko-mezzacasa\/17ad5a02-2e64-49ae-9b65-43b4956ae5e2\/\" rel=\"attachment wp-att-198931\"><img loading=\"lazy\" decoding=\"async\" class=\"wp-image-198931 alignleft\" src=\"https:\/\/www.radiopiu.net\/wordpress\/wp-content\/uploads\/2021\/03\/17ad5a02-2e64-49ae-9b65-43b4956ae5e2-300x192.jpg\" alt=\"\" width=\"89\" height=\"57\" srcset=\"https:\/\/www.radiopiu.net\/wordpress\/wp-content\/uploads\/2021\/03\/17ad5a02-2e64-49ae-9b65-43b4956ae5e2-300x192.jpg 300w, https:\/\/www.radiopiu.net\/wordpress\/wp-content\/uploads\/2021\/03\/17ad5a02-2e64-49ae-9b65-43b4956ae5e2-1024x657.jpg 1024w, https:\/\/www.radiopiu.net\/wordpress\/wp-content\/uploads\/2021\/03\/17ad5a02-2e64-49ae-9b65-43b4956ae5e2-768x492.jpg 768w, https:\/\/www.radiopiu.net\/wordpress\/wp-content\/uploads\/2021\/03\/17ad5a02-2e64-49ae-9b65-43b4956ae5e2-1536x985.jpg 1536w, https:\/\/www.radiopiu.net\/wordpress\/wp-content\/uploads\/2021\/03\/17ad5a02-2e64-49ae-9b65-43b4956ae5e2.jpg 1600w\" sizes=\"auto, (max-width: 89px) 100vw, 89px\" \/><\/a>un programma di Claudio Pra, dal lunedi al venerdi \u00a0alle 8.45 ed in replica alle 19.45.<\/p>\n<p><strong>Terza puntata\u00a0<span style=\"color: #000000;\"><span style=\"font-family: Calibri, serif;\"><span style=\"font-size: small;\"><span style=\"font-family: Times New Roman, serif;\"><span style=\"font-size: medium;\">Verso l\u2019infinito e oltre<\/span><\/span><\/span><\/span><\/span><\/strong><\/p>\n<audio class=\"wp-audio-shortcode\" id=\"audio-198902-11\" preload=\"none\" style=\"width: 100%;\" controls=\"controls\"><source type=\"audio\/mpeg\" src=\"https:\/\/www.radiopiu.net\/wordpress\/wp-content\/uploads\/2021\/03\/claudiomercoldi.mp3?_=11\" \/><a href=\"https:\/\/www.radiopiu.net\/wordpress\/wp-content\/uploads\/2021\/03\/claudiomercoldi.mp3\">https:\/\/www.radiopiu.net\/wordpress\/wp-content\/uploads\/2021\/03\/claudiomercoldi.mp3<\/a><\/audio>\n<h2><span style=\"color: #000000;\"><strong>LA RACCOLTA COMPLETA<\/strong><\/span><\/h2>\n<p>https:\/\/www.radiopiu.net\/wordpress\/da-lunedi-il-nuovo-programma-di-claudio-pra\/<\/p>\n<p>&nbsp;<\/p>\n<p>&nbsp;<\/p>\n<hr \/>\n<p>&nbsp;<\/p>\n<div>\n<h2><span style=\"color: #ff0000;\"><a href=\"https:\/\/www.radiopiu.net\/wordpress\/giornale-radiopiu-23-marzo-2021-direttore-mirko-mezzacasa\/163625106_1613062172215177_529416456249383073_n\/\" rel=\"attachment wp-att-198706\"><img loading=\"lazy\" decoding=\"async\" class=\"wp-image-198706 alignleft\" src=\"https:\/\/www.radiopiu.net\/wordpress\/wp-content\/uploads\/2021\/03\/163625106_1613062172215177_529416456249383073_n-300x200.jpg\" alt=\"\" width=\"147\" height=\"98\" srcset=\"https:\/\/www.radiopiu.net\/wordpress\/wp-content\/uploads\/2021\/03\/163625106_1613062172215177_529416456249383073_n-300x200.jpg 300w, https:\/\/www.radiopiu.net\/wordpress\/wp-content\/uploads\/2021\/03\/163625106_1613062172215177_529416456249383073_n.jpg 750w\" sizes=\"auto, (max-width: 147px) 100vw, 147px\" \/><\/a>ALLA RADIO<\/span><\/h2>\n<\/div>\n<div>\n<h2><strong>LE\u00a0 PUNTATE di Luisa Alchini di Leggermente Bellunesi, la domenica alle 11, <span style=\"color: #0000ff;\">IL MARTEDI IN PRIMA EDIZIONE\u00a0<\/span> alle 10.30 e alle 19.00<\/strong><\/h2>\n<\/div>\n<p><strong>PUNTATA DEL 23 MARZO 2021<\/strong><\/p>\n<audio class=\"wp-audio-shortcode\" id=\"audio-198902-12\" preload=\"none\" style=\"width: 100%;\" controls=\"controls\"><source type=\"audio\/mpeg\" src=\"https:\/\/www.radiopiu.net\/wordpress\/wp-content\/uploads\/2021\/03\/23leggermentealidapaiola.mp3?_=12\" \/><a href=\"https:\/\/www.radiopiu.net\/wordpress\/wp-content\/uploads\/2021\/03\/23leggermentealidapaiola.mp3\">https:\/\/www.radiopiu.net\/wordpress\/wp-content\/uploads\/2021\/03\/23leggermentealidapaiola.mp3<\/a><\/audio>\n<p><strong><span style=\"color: #000000;\">RACCOLTA COMPLETA<\/span><\/strong><\/p>\n<div>\n<blockquote class=\"wp-embedded-content\" data-secret=\"rCyTCw4dh9\"><p><a href=\"https:\/\/www.radiopiu.net\/wordpress\/leggermente-20\/\">LEGGERmente&#8230;Bellunesi<\/a><\/p><\/blockquote>\n<p><iframe loading=\"lazy\" class=\"wp-embedded-content\" sandbox=\"allow-scripts\" security=\"restricted\" style=\"position: absolute; clip: rect(1px, 1px, 1px, 1px);\" title=\"&#8220;LEGGERmente&#8230;Bellunesi&#8221; &#8212; Radio Pi\u00f9\" src=\"https:\/\/www.radiopiu.net\/wordpress\/leggermente-20\/embed\/#?secret=rCyTCw4dh9\" data-secret=\"rCyTCw4dh9\" width=\"600\" height=\"338\" frameborder=\"0\" marginwidth=\"0\" marginheight=\"0\" scrolling=\"no\"><\/iframe><\/p>\n<\/div>\n<hr \/>\n<p>&nbsp;<\/p>\n<h2><span style=\"color: #ff0000;\">ALLA RADIO<\/span><\/h2>\n<h2><span style=\"color: #008000;\"><a href=\"https:\/\/www.radiopiu.net\/wordpress\/giornale-radiopiu-24-marzo-2021-direttore-mirko-mezzacasa\/th-71\/\" rel=\"attachment wp-att-198746\"><img loading=\"lazy\" decoding=\"async\" class=\"wp-image-198746 alignleft\" src=\"https:\/\/www.radiopiu.net\/wordpress\/wp-content\/uploads\/2021\/03\/th-14.jpg\" alt=\"\" width=\"151\" height=\"113\" \/><\/a>ERBE E PIANTE CURATIVE&#8230;IL\u00a0 PROGRAMMA DI PAOLA LANCIATO<\/span><\/h2>\n<p><strong>OTTAVA PUNTATA\u00a0<\/strong><\/p>\n<audio class=\"wp-audio-shortcode\" id=\"audio-198902-13\" preload=\"none\" style=\"width: 100%;\" controls=\"controls\"><source type=\"audio\/mpeg\" src=\"https:\/\/www.radiopiu.net\/wordpress\/wp-content\/uploads\/2021\/03\/8-La-Valeriana-M.mp3?_=13\" \/><a href=\"https:\/\/www.radiopiu.net\/wordpress\/wp-content\/uploads\/2021\/03\/8-La-Valeriana-M.mp3\">https:\/\/www.radiopiu.net\/wordpress\/wp-content\/uploads\/2021\/03\/8-La-Valeriana-M.mp3<\/a><\/audio>\n<p><strong>LA RACCOLTA COMPLETA<\/strong><\/p>\n<blockquote class=\"wp-embedded-content\" data-secret=\"CDSWguvnTb\"><p><a href=\"https:\/\/www.radiopiu.net\/wordpress\/erbe-e-piante-curative\/\">ERBE E PIANTE CURATIVE<\/a><\/p><\/blockquote>\n<p><iframe loading=\"lazy\" class=\"wp-embedded-content\" sandbox=\"allow-scripts\" security=\"restricted\" style=\"position: absolute; clip: rect(1px, 1px, 1px, 1px);\" title=\"&#8220;ERBE E PIANTE CURATIVE&#8221; &#8212; Radio Pi\u00f9\" src=\"https:\/\/www.radiopiu.net\/wordpress\/erbe-e-piante-curative\/embed\/#?secret=CDSWguvnTb\" data-secret=\"CDSWguvnTb\" width=\"600\" height=\"338\" frameborder=\"0\" marginwidth=\"0\" marginheight=\"0\" scrolling=\"no\"><\/iframe><\/p>\n<p>&nbsp;<\/p>\n<p>&nbsp;<\/p>\n<div class=\"im_message_wrap clearfix\">\n<div class=\"im_content_message_wrap im_message_out\">\n<hr \/>\n<p>&nbsp;<\/p>\n<\/div>\n<\/div>\n<h2><span style=\"color: #808000;\">DUE MINUTI UN LIBRO\u00a0 TUTTI I GIORNI ALLA RADIO ALLE 9.30 E ALLE 18. QUINTA STAGIONE\u00a0<\/span><\/h2>\n<blockquote class=\"wp-embedded-content\" data-secret=\"d2Fr8RIKVg\"><p><a href=\"https:\/\/www.radiopiu.net\/wordpress\/spin\/\">SPIN<\/a><\/p><\/blockquote>\n<p><iframe loading=\"lazy\" class=\"wp-embedded-content\" sandbox=\"allow-scripts\" security=\"restricted\" style=\"position: absolute; clip: rect(1px, 1px, 1px, 1px);\" title=\"&#8220;SPIN&#8221; &#8212; Radio Pi\u00f9\" src=\"https:\/\/www.radiopiu.net\/wordpress\/spin\/embed\/#?secret=d2Fr8RIKVg\" data-secret=\"d2Fr8RIKVg\" width=\"600\" height=\"338\" frameborder=\"0\" marginwidth=\"0\" marginheight=\"0\" scrolling=\"no\"><\/iframe><\/p>\n<h3><span style=\"color: #808000;\">\u00a0<\/span>LA RACCOLTA COMPLETA<\/h3>\n<blockquote class=\"wp-embedded-content\" data-secret=\"7lt1U5UMsp\"><p><a href=\"https:\/\/www.radiopiu.net\/wordpress\/due-minuti-un-libro\/\">Due minuti un libro<\/a><\/p><\/blockquote>\n<p><iframe loading=\"lazy\" class=\"wp-embedded-content\" sandbox=\"allow-scripts\" security=\"restricted\" style=\"position: absolute; clip: rect(1px, 1px, 1px, 1px);\" title=\"&#8220;Due minuti un libro&#8221; &#8212; Radio Pi\u00f9\" src=\"https:\/\/www.radiopiu.net\/wordpress\/due-minuti-un-libro\/embed\/#?secret=7lt1U5UMsp\" data-secret=\"7lt1U5UMsp\" width=\"600\" height=\"338\" frameborder=\"0\" marginwidth=\"0\" marginheight=\"0\" scrolling=\"no\"><\/iframe><\/p>\n<p>&nbsp;<\/p>\n<p>&nbsp;<\/p>\n<hr \/>\n<p>&nbsp;<\/p>\n<div dir=\"auto\">\n<div class=\"im_message_wrap clearfix\">\n<div class=\"im_content_message_wrap im_message_out\">\n<h2><span style=\"color: #ff0000;\">IN VIVO VERSO 2020-21<\/span><\/h2>\n<p><strong><span style=\"color: #0000ff;\">IN ONDA DAL LUNEDI AL VENERDI ALLE 7.10, 10.10, 18.50\u00a0 \u00a0<\/span><\/strong><\/p>\n<blockquote class=\"wp-embedded-content\" data-secret=\"7Cey4UtJ6e\"><p><a href=\"https:\/\/www.radiopiu.net\/wordpress\/svuotami-di-alice-de-toni\/\">SVUOTAMI di ALICE DE TONI<\/a><\/p><\/blockquote>\n<p><iframe loading=\"lazy\" class=\"wp-embedded-content\" sandbox=\"allow-scripts\" security=\"restricted\" style=\"position: absolute; clip: rect(1px, 1px, 1px, 1px);\" title=\"&#8220;SVUOTAMI di ALICE DE TONI&#8221; &#8212; Radio Pi\u00f9\" src=\"https:\/\/www.radiopiu.net\/wordpress\/svuotami-di-alice-de-toni\/embed\/#?secret=7Cey4UtJ6e\" data-secret=\"7Cey4UtJ6e\" width=\"600\" height=\"338\" frameborder=\"0\" marginwidth=\"0\" marginheight=\"0\" scrolling=\"no\"><\/iframe><\/p>\n<h3>LA RACCOLTA COMPLETA<\/h3>\n<blockquote class=\"wp-embedded-content\" data-secret=\"8UAatmmvGt\"><p><a href=\"https:\/\/www.radiopiu.net\/wordpress\/in-vivo-verso\/\">In Vivo Verso<\/a><\/p><\/blockquote>\n<p><iframe loading=\"lazy\" class=\"wp-embedded-content\" sandbox=\"allow-scripts\" security=\"restricted\" style=\"position: absolute; clip: rect(1px, 1px, 1px, 1px);\" title=\"&#8220;In Vivo Verso&#8221; &#8212; Radio Pi\u00f9\" src=\"https:\/\/www.radiopiu.net\/wordpress\/in-vivo-verso\/embed\/#?secret=8UAatmmvGt\" data-secret=\"8UAatmmvGt\" width=\"600\" height=\"338\" frameborder=\"0\" marginwidth=\"0\" marginheight=\"0\" scrolling=\"no\"><\/iframe><\/p>\n<p>&nbsp;<\/p>\n<\/div>\n<\/div>\n<hr \/>\n<blockquote>\n<h3><\/h3>\n<h3>SALUTE E SOCIETA&#8217; IL LUNEDI ALLE 13.10 E ALLE 20.10, LA DOMENICA ALLE 10.30 A CURA DEL DOTTOR MARCO CARACCIOLO. QUINTA <a href=\"https:\/\/www.radiopiu.net\/wordpress\/sindrome-delle-apnee-ostruttive\/apnea\/\" rel=\"attachment wp-att-198500\"><img loading=\"lazy\" decoding=\"async\" class=\" wp-image-198500 alignleft\" src=\"https:\/\/www.radiopiu.net\/wordpress\/wp-content\/uploads\/2021\/03\/apnea-300x200.jpeg\" alt=\"\" width=\"119\" height=\"79\" srcset=\"https:\/\/www.radiopiu.net\/wordpress\/wp-content\/uploads\/2021\/03\/apnea-300x200.jpeg 300w, https:\/\/www.radiopiu.net\/wordpress\/wp-content\/uploads\/2021\/03\/apnea.jpeg 626w\" sizes=\"auto, (max-width: 119px) 100vw, 119px\" \/><\/a>STAGIONE<\/h3>\n<\/blockquote>\n<p><strong>LA PUNTATA DELLA SETTIMANA\u00a0 <\/strong>La sindrome delle apnee ostruttive \u00e8 caratterizzata da pause nella respirazione durante il sonno, dovute all\u2019ostruzione parziale o totale delle prime vie aeree. Non c\u2019\u00e8 solo il russamento, per chi soffre di apnee ostruttive del sonno c\u2019\u00e8 anche il problema della eccessiva sonnolenza, difficolt\u00e0 a concentrarsi e a memorizzare e altro ancora. Ne abbiamo parlato con Andrea Romigi, neurologo del centro per la cura dei disturbi del sonno, Istituto neurologico mediterraneo Neuromed di Pozzilli, in provincia di Isernia.<\/p>\n<h3><strong>LA RACCOLTA COMPLETA\u00a0<\/strong><\/h3>\n<p>&nbsp;<\/p>\n<\/div>\n<blockquote class=\"wp-embedded-content\" data-secret=\"PFpFFdH5jx\"><p><a href=\"https:\/\/www.radiopiu.net\/wordpress\/saluteesocieta\/\">Salute e Societ\u00e0<\/a><\/p><\/blockquote>\n<p><iframe loading=\"lazy\" class=\"wp-embedded-content\" sandbox=\"allow-scripts\" security=\"restricted\" style=\"position: absolute; clip: rect(1px, 1px, 1px, 1px);\" title=\"&#8220;Salute e Societ\u00e0&#8221; &#8212; Radio Pi\u00f9\" src=\"https:\/\/www.radiopiu.net\/wordpress\/saluteesocieta\/embed\/#?secret=PFpFFdH5jx\" data-secret=\"PFpFFdH5jx\" width=\"600\" height=\"338\" frameborder=\"0\" marginwidth=\"0\" marginheight=\"0\" scrolling=\"no\"><\/iframe><\/p>\n<p>&nbsp;<\/p>\n<blockquote>\n<h3 class=\"kvgmc6g5 cxmmr5t8 oygrvhab hcukyx3x c1et5uql\"><span style=\"color: #0000ff;\">INFORMAZIONE il canale su TELEGRAM informazione di prima mano e in tempo reale. iscriviti ed aiutaci a farlo conoscere\u00a0<\/span><\/h3>\n<\/blockquote>\n<h2><img loading=\"lazy\" decoding=\"async\" class=\"alignleft\" src=\"https:\/\/www.radiopiu.net\/wordpress\/wp-content\/uploads\/2021\/03\/narr.jpg\" width=\"158\" height=\"105\" \/>007 IN CONDOTTA CON LA PROF. MARIA ROSA SALMAZO IL LUNEDI ALLE 10,30 E ALLE 19.00 LA DOMENICA ALLE 8 DEL MATTINO. NONA STAGIONE<\/h2>\n<p><span style=\"color: #ff0000;\"><strong>PUNTATA DEL 22 MARZO 2021<\/strong><\/span><\/p>\n<audio class=\"wp-audio-shortcode\" id=\"audio-198902-14\" preload=\"none\" style=\"width: 100%;\" controls=\"controls\"><source type=\"audio\/mpeg\" src=\"https:\/\/www.radiopiu.net\/wordpress\/wp-content\/uploads\/2021\/03\/007-22-marzo.mp3?_=14\" \/><a href=\"https:\/\/www.radiopiu.net\/wordpress\/wp-content\/uploads\/2021\/03\/007-22-marzo.mp3\">https:\/\/www.radiopiu.net\/wordpress\/wp-content\/uploads\/2021\/03\/007-22-marzo.mp3<\/a><\/audio>\n<h2>LA RACCOLTA COMPLETA<\/h2>\n<blockquote class=\"wp-embedded-content\" data-secret=\"HT0QqWNe7R\"><p><a href=\"https:\/\/www.radiopiu.net\/wordpress\/007incondotta-9\/\">007 in condotta<\/a><\/p><\/blockquote>\n<p><iframe loading=\"lazy\" class=\"wp-embedded-content\" sandbox=\"allow-scripts\" security=\"restricted\" style=\"position: absolute; clip: rect(1px, 1px, 1px, 1px);\" title=\"&#8220;007 in condotta&#8221; &#8212; Radio Pi\u00f9\" src=\"https:\/\/www.radiopiu.net\/wordpress\/007incondotta-9\/embed\/#?secret=HT0QqWNe7R\" data-secret=\"HT0QqWNe7R\" width=\"600\" height=\"338\" frameborder=\"0\" marginwidth=\"0\" marginheight=\"0\" scrolling=\"no\"><\/iframe><\/p>\n<blockquote><p>&nbsp;<\/p>\n<p>&nbsp;<\/p><\/blockquote>\n<hr \/>\n<p>&nbsp;<\/p>\n<p>&nbsp;<\/p>\n<div>\n<h2><span style=\"color: #33cccc;\">I RACCONTI DI PAOLO SOPPELSA il lunedi alle 9.30 e 18.30<\/span><\/h2>\n<blockquote class=\"wp-embedded-content\" data-secret=\"Y9jfZg2hUP\"><p><a href=\"https:\/\/www.radiopiu.net\/wordpress\/i-racconti-di-paolo-soppelsa-sessantasettesima-puntata\/\">I RACCONTI DI PAOLO SOPPELSA SESSANTASETTESIMA PUNTATA<\/a><\/p><\/blockquote>\n<p><iframe loading=\"lazy\" class=\"wp-embedded-content\" sandbox=\"allow-scripts\" security=\"restricted\" style=\"position: absolute; clip: rect(1px, 1px, 1px, 1px);\" title=\"&#8220;I RACCONTI DI PAOLO SOPPELSA SESSANTASETTESIMA PUNTATA&#8221; &#8212; Radio Pi\u00f9\" src=\"https:\/\/www.radiopiu.net\/wordpress\/i-racconti-di-paolo-soppelsa-sessantasettesima-puntata\/embed\/#?secret=Y9jfZg2hUP\" data-secret=\"Y9jfZg2hUP\" width=\"600\" height=\"338\" frameborder=\"0\" marginwidth=\"0\" marginheight=\"0\" scrolling=\"no\"><\/iframe><\/p>\n<h3 class=\"kvgmc6g5 cxmmr5t8 oygrvhab hcukyx3x c1et5uql\"><span style=\"color: #0000ff;\">INFORMAZIONE il canale su TELEGRAM informazione di prima mano e in tempo reale. iscriviti ed aiutaci a farlo conoscere\u00a0<\/span><\/h3>\n<h2><span style=\"color: #33cccc;\"><strong>RACCOLTA COMPLETA<\/strong><\/span><\/h2>\n<blockquote class=\"wp-embedded-content\" data-secret=\"cvQPhVMSid\"><p><a href=\"https:\/\/www.radiopiu.net\/wordpress\/i-racconti-di-paolo-soppelsa\/\">I racconti di Paolo Soppelsa<\/a><\/p><\/blockquote>\n<p><iframe loading=\"lazy\" class=\"wp-embedded-content\" sandbox=\"allow-scripts\" security=\"restricted\" style=\"position: absolute; clip: rect(1px, 1px, 1px, 1px);\" title=\"&#8220;I racconti di Paolo Soppelsa&#8221; &#8212; Radio Pi\u00f9\" src=\"https:\/\/www.radiopiu.net\/wordpress\/i-racconti-di-paolo-soppelsa\/embed\/#?secret=cvQPhVMSid\" data-secret=\"cvQPhVMSid\" width=\"600\" height=\"338\" frameborder=\"0\" marginwidth=\"0\" marginheight=\"0\" scrolling=\"no\"><\/iframe><\/p>\n<\/div>\n<h2><span style=\"color: #ff0000;\">\u00a0<\/span><\/h2>\n<hr \/>\n<h2><\/h2>\n<h2><span style=\"color: #ff0000;\">ALLA RADIO<\/span><\/h2>\n<blockquote><p><strong>CONOSCIAMO I CORI DELLA PROVINCIA,\u00a0 NOVA CANTICA LUCIANO BORIN<\/strong><\/p><\/blockquote>\n<div style=\"width: 640px;\" class=\"wp-video\"><video class=\"wp-video-shortcode\" id=\"video-198902-2\" width=\"640\" height=\"360\" preload=\"metadata\" controls=\"controls\"><source type=\"video\/mp4\" src=\"https:\/\/www.radiopiu.net\/wordpress\/wp-content\/uploads\/2021\/03\/Luciano-Borin-direttore-artistico-della-Nova-Cantica.mp4?_=2\" \/><a href=\"https:\/\/www.radiopiu.net\/wordpress\/wp-content\/uploads\/2021\/03\/Luciano-Borin-direttore-artistico-della-Nova-Cantica.mp4\">https:\/\/www.radiopiu.net\/wordpress\/wp-content\/uploads\/2021\/03\/Luciano-Borin-direttore-artistico-della-Nova-Cantica.mp4<\/a><\/video><\/div>\n<h1>LA RACCOLTA COMPLETA<\/h1>\n<blockquote class=\"wp-embedded-content\" data-secret=\"w1mOa2UYOg\"><p><a href=\"https:\/\/www.radiopiu.net\/wordpress\/novacantica\/\">CONOSCIAMO I CORI DEL BELLUNESE  NON PUNTATA &#8220;NOVA CANTICA&#8221;<\/a><\/p><\/blockquote>\n<p><iframe loading=\"lazy\" class=\"wp-embedded-content\" sandbox=\"allow-scripts\" security=\"restricted\" style=\"position: absolute; clip: rect(1px, 1px, 1px, 1px);\" title=\"&#8220;CONOSCIAMO I CORI DEL BELLUNESE  NON PUNTATA &#8220;NOVA CANTICA&#8221;&#8221; &#8212; Radio Pi\u00f9\" src=\"https:\/\/www.radiopiu.net\/wordpress\/novacantica\/embed\/#?secret=w1mOa2UYOg\" data-secret=\"w1mOa2UYOg\" width=\"600\" height=\"338\" frameborder=\"0\" marginwidth=\"0\" marginheight=\"0\" scrolling=\"no\"><\/iframe><\/p>\n<p>&nbsp;<\/p>\n<p>&nbsp;<\/p>\n<p>&nbsp;<\/p>\n<hr \/>\n<p>&nbsp;<\/p>\n<h2><span style=\"color: #ff0000;\"><a href=\"https:\/\/www.radiopiu.net\/wordpress\/giornale-radiopiu-05-gennaio-2021-direttore-mirko-mezzacasa\/133200401_100838761953611_1258544160541445132_o-2\/\" rel=\"attachment wp-att-183078\"><img loading=\"lazy\" decoding=\"async\" class=\" wp-image-183078 alignleft\" src=\"https:\/\/www.radiopiu.net\/wordpress\/wp-content\/uploads\/2021\/01\/133200401_100838761953611_1258544160541445132_o-1-300x157.jpg\" alt=\"\" width=\"192\" height=\"101\" srcset=\"https:\/\/www.radiopiu.net\/wordpress\/wp-content\/uploads\/2021\/01\/133200401_100838761953611_1258544160541445132_o-1-300x157.jpg 300w, https:\/\/www.radiopiu.net\/wordpress\/wp-content\/uploads\/2021\/01\/133200401_100838761953611_1258544160541445132_o-1.jpg 526w\" sizes=\"auto, (max-width: 192px) 100vw, 192px\" \/><\/a>GOCCE DI FILOSOFIA, CON CHIARA CAU, CON LISA DE LUCA. <\/span><\/h2>\n<h2><span style=\"color: #ff0000;\">TUTTI I GIORNI DAL LUNEDI AL VENERDI ALLE 6.55 E ALLE 18.55<\/span><\/h2>\n<p><strong>PUNTATA 58<\/strong><\/p>\n<audio class=\"wp-audio-shortcode\" id=\"audio-198902-15\" preload=\"none\" style=\"width: 100%;\" controls=\"controls\"><source type=\"audio\/mpeg\" src=\"https:\/\/www.radiopiu.net\/wordpress\/wp-content\/uploads\/2021\/03\/FI3-2.mp3?_=15\" \/><a href=\"https:\/\/www.radiopiu.net\/wordpress\/wp-content\/uploads\/2021\/03\/FI3-2.mp3\">https:\/\/www.radiopiu.net\/wordpress\/wp-content\/uploads\/2021\/03\/FI3-2.mp3<\/a><\/audio>\n<h3>LA RACCOLTA COMPLETA<\/h3>\n<blockquote class=\"wp-embedded-content\" data-secret=\"YSWYyEEprU\"><p><a href=\"https:\/\/www.radiopiu.net\/wordpress\/gocce-filosofia\/\">Gocce di filosofia<\/a><\/p><\/blockquote>\n<p><iframe loading=\"lazy\" class=\"wp-embedded-content\" sandbox=\"allow-scripts\" security=\"restricted\" style=\"position: absolute; clip: rect(1px, 1px, 1px, 1px);\" title=\"&#8220;Gocce di filosofia&#8221; &#8212; Radio Pi\u00f9\" src=\"https:\/\/www.radiopiu.net\/wordpress\/gocce-filosofia\/embed\/#?secret=YSWYyEEprU\" data-secret=\"YSWYyEEprU\" width=\"600\" height=\"338\" frameborder=\"0\" marginwidth=\"0\" marginheight=\"0\" scrolling=\"no\"><\/iframe><\/p>\n<p>&nbsp;<\/p>\n<hr \/>\n<p>&nbsp;<\/p>\n<blockquote>\n<h2>FANTASTICHE DOLOMITI, NUOVA STAGIONE. APPUNTAMENTO QUINDICINALE IL GIOVEDI ALLE 10.30 E 19.00<\/h2>\n<\/blockquote>\n<h2><span style=\"color: #ff0000;\">LA UNDICESIMA PUNTATA dell&#8217;11marzo2021<\/span><\/h2>\n<p><strong><a href=\"https:\/\/www.radiopiu.net\/wordpress\/raccolta-completa\/121869645_648442942701436_4748562330148520081_n-2\/\" rel=\"attachment wp-att-196402\"><img loading=\"lazy\" decoding=\"async\" class=\"wp-image-196402 alignleft\" src=\"https:\/\/www.radiopiu.net\/wordpress\/wp-content\/uploads\/2021\/02\/121869645_648442942701436_4748562330148520081_n-1-300x169.jpg\" alt=\"\" width=\"160\" height=\"90\" srcset=\"https:\/\/www.radiopiu.net\/wordpress\/wp-content\/uploads\/2021\/02\/121869645_648442942701436_4748562330148520081_n-1-300x169.jpg 300w, https:\/\/www.radiopiu.net\/wordpress\/wp-content\/uploads\/2021\/02\/121869645_648442942701436_4748562330148520081_n-1-1024x576.jpg 1024w, https:\/\/www.radiopiu.net\/wordpress\/wp-content\/uploads\/2021\/02\/121869645_648442942701436_4748562330148520081_n-1-768x432.jpg 768w, https:\/\/www.radiopiu.net\/wordpress\/wp-content\/uploads\/2021\/02\/121869645_648442942701436_4748562330148520081_n-1-1536x864.jpg 1536w, https:\/\/www.radiopiu.net\/wordpress\/wp-content\/uploads\/2021\/02\/121869645_648442942701436_4748562330148520081_n-1.jpg 1707w\" sizes=\"auto, (max-width: 160px) 100vw, 160px\" \/><\/a>OSPITE IL PRESIDENTE CLAUDIO CANOVA, due giovani veterinari Michele e Maria investono nell&#8217;attivit\u00e0 sostenibile, l&#8217;allevamento delle trote a Piz di Sospirolo<\/strong><\/p>\n<audio class=\"wp-audio-shortcode\" id=\"audio-198902-16\" preload=\"none\" style=\"width: 100%;\" controls=\"controls\"><source type=\"audio\/mpeg\" src=\"https:\/\/www.radiopiu.net\/wordpress\/wp-content\/uploads\/2021\/03\/fantastiche-dolomiti-11-mazo.mp3?_=16\" \/><a href=\"https:\/\/www.radiopiu.net\/wordpress\/wp-content\/uploads\/2021\/03\/fantastiche-dolomiti-11-mazo.mp3\">https:\/\/www.radiopiu.net\/wordpress\/wp-content\/uploads\/2021\/03\/fantastiche-dolomiti-11-mazo.mp3<\/a><\/audio>\n<p>&nbsp;<\/p>\n<h3>LA RACCOLTA COMPLETA<\/h3>\n<p>https:\/\/www.radiopiu.net\/wordpress\/raccolta-completa\/<\/p>\n<p>&nbsp;<\/p>\n<hr \/>\n<p>&nbsp;<\/p>\n<p>&nbsp;<\/p>\n<h2><strong><span style=\"color: #ff0000;\">\u00a0ALLA RADIO<\/span><\/strong><\/h2>\n<div data-offset-key=\"5n5nl-0-0\">\n<h3>Per ricevere gli aggiornamenti in tempo reale delle notizie pubblicate alla radio e sul sito di radio pi\u00f9 iscriviti al gruppo RADIO PIU INFORMAZIONE su Telegram.\u00a0\u00a0<a href=\"https:\/\/t.me\/radiopiu\">clicca qui<\/a><\/h3>\n<p>&nbsp;<\/p>\n<p><strong><a class=\"dt-pswp-item\" href=\"https:\/\/www.radiopiu.net\/wordpress\/wp-content\/uploads\/2020\/01\/logo-csa.jpg\" data-dt-img-description=\"\" data-large_image_width=\"1167\" data-large_image_height=\"574\"><img loading=\"lazy\" decoding=\"async\" class=\"wp-image-113364 alignleft\" src=\"https:\/\/www.radiopiu.net\/wordpress\/wp-content\/uploads\/2020\/01\/logo-csa-300x148.jpg\" alt=\"\" width=\"182\" height=\"90\" srcset=\"https:\/\/www.radiopiu.net\/wordpress\/wp-content\/uploads\/2020\/01\/logo-csa-300x148.jpg 300w, https:\/\/www.radiopiu.net\/wordpress\/wp-content\/uploads\/2020\/01\/logo-csa-1024x504.jpg 1024w, https:\/\/www.radiopiu.net\/wordpress\/wp-content\/uploads\/2020\/01\/logo-csa-768x378.jpg 768w, https:\/\/www.radiopiu.net\/wordpress\/wp-content\/uploads\/2020\/01\/logo-csa.jpg 1167w\" sizes=\"auto, (max-width: 182px) 100vw, 182px\" \/><\/a>AGORDO<\/strong> Appuntamento mensile (primo venerdi del mese) con lo speciale condotto da Claudio<\/p>\n<p>Fontanive, in studio Fabrizio Campedel e Paolo Chissal\u00e8.<\/p>\n<\/div>\n<p><strong>PUNTATA DI MARZO<\/strong><\/p>\n<audio class=\"wp-audio-shortcode\" id=\"audio-198902-17\" preload=\"none\" style=\"width: 100%;\" controls=\"controls\"><source type=\"audio\/mpeg\" src=\"https:\/\/www.radiopiu.net\/wordpress\/wp-content\/uploads\/2021\/03\/ca-sol-lux-marzo.mp3?_=17\" \/><a href=\"https:\/\/www.radiopiu.net\/wordpress\/wp-content\/uploads\/2021\/03\/ca-sol-lux-marzo.mp3\">https:\/\/www.radiopiu.net\/wordpress\/wp-content\/uploads\/2021\/03\/ca-sol-lux-marzo.mp3<\/a><\/audio>\n<blockquote>\n<h2>RACCOLTA COMPLETA<\/h2>\n<\/blockquote>\n<blockquote class=\"wp-embedded-content\" data-secret=\"uO9VMp8aR4\"><p><a href=\"https:\/\/www.radiopiu.net\/wordpress\/cassa-solidarieta-luxottica-puntata-del-16-ottobre-2020\/\">CASSA SOLIDARIET\u00c0 LUXOTTICA &#8211; PUNTATA DEL 20 NOVEMBRE 2020<\/a><\/p><\/blockquote>\n<p><iframe loading=\"lazy\" class=\"wp-embedded-content\" sandbox=\"allow-scripts\" security=\"restricted\" style=\"position: absolute; clip: rect(1px, 1px, 1px, 1px);\" title=\"&#8220;CASSA SOLIDARIET\u00c0 LUXOTTICA &#8211; PUNTATA DEL 20 NOVEMBRE 2020&#8221; &#8212; Radio Pi\u00f9\" src=\"https:\/\/www.radiopiu.net\/wordpress\/cassa-solidarieta-luxottica-puntata-del-16-ottobre-2020\/embed\/#?secret=uO9VMp8aR4\" data-secret=\"uO9VMp8aR4\" width=\"600\" height=\"338\" frameborder=\"0\" marginwidth=\"0\" marginheight=\"0\" scrolling=\"no\"><\/iframe><\/p>\n<div><\/div>\n<p>&nbsp;<\/p>\n<p>&nbsp;<\/p>\n<p>&nbsp;<\/p>\n<hr \/>\n<blockquote>\n<h3><a href=\"https:\/\/www.radiopiu.net\/wordpress\/giornale-radiopiu-06-febbraio-2019-direttore-mirko-mezzacasa\/logo_spi-cgil-800x445\/\" rel=\"attachment wp-att-75538\"><img loading=\"lazy\" decoding=\"async\" class=\"wp-image-75538 alignleft\" src=\"https:\/\/www.radiopiu.net\/wordpress\/wp-content\/uploads\/2019\/02\/Logo_Spi-CGIL-800x445-300x167.jpg\" alt=\"\" width=\"210\" height=\"117\" srcset=\"https:\/\/www.radiopiu.net\/wordpress\/wp-content\/uploads\/2019\/02\/Logo_Spi-CGIL-800x445-300x167.jpg 300w, https:\/\/www.radiopiu.net\/wordpress\/wp-content\/uploads\/2019\/02\/Logo_Spi-CGIL-800x445-768x427.jpg 768w, https:\/\/www.radiopiu.net\/wordpress\/wp-content\/uploads\/2019\/02\/Logo_Spi-CGIL-800x445.jpg 800w\" sizes=\"auto, (max-width: 210px) 100vw, 210px\" \/><\/a>ALLA RADIO, APPUNTAMENTO QUINDICINALE CON SPI-CGIL BELLUNO, IN STUDIO MARIA RITA GENTILIN<\/h3>\n<\/blockquote>\n<p><strong>di Claudio Fontanive\u00a0<\/strong><\/p>\n<p><span style=\"color: #ff0000;\"><strong>PUNTATA DEL 18 MARZO 2021<\/strong><\/span><\/p>\n<audio class=\"wp-audio-shortcode\" id=\"audio-198902-18\" preload=\"none\" style=\"width: 100%;\" controls=\"controls\"><source type=\"audio\/mpeg\" src=\"https:\/\/www.radiopiu.net\/wordpress\/wp-content\/uploads\/2021\/03\/spi-cigl-18-marzo.mp3?_=18\" \/><a href=\"https:\/\/www.radiopiu.net\/wordpress\/wp-content\/uploads\/2021\/03\/spi-cigl-18-marzo.mp3\">https:\/\/www.radiopiu.net\/wordpress\/wp-content\/uploads\/2021\/03\/spi-cigl-18-marzo.mp3<\/a><\/audio>\n<p>&nbsp;<\/p>\n<p>&nbsp;<\/p>\n<hr \/>\n<p>&nbsp;<\/p>\n<blockquote>\n<h3><a href=\"https:\/\/www.radiopiu.net\/wordpress\/almanacco-ladino-puntata-5-2020\/sn\/\" rel=\"attachment wp-att-180931\"><img loading=\"lazy\" decoding=\"async\" class=\"wp-image-180931 alignleft\" src=\"https:\/\/www.radiopiu.net\/wordpress\/wp-content\/uploads\/2020\/12\/sn-300x194.jpg\" alt=\"\" width=\"181\" height=\"117\" srcset=\"https:\/\/www.radiopiu.net\/wordpress\/wp-content\/uploads\/2020\/12\/sn-300x194.jpg 300w, https:\/\/www.radiopiu.net\/wordpress\/wp-content\/uploads\/2020\/12\/sn.jpg 626w\" sizes=\"auto, (max-width: 181px) 100vw, 181px\" \/><\/a>L&#8217;ALMANACCO LADINO CON L&#8217;ISTITUT CESA DE JAN QUINDICINALE APPUNTAMENTO. LA DOMENICA ALLE 9 IL LUNEDI ALLE 8.35 IL MARTEDI ALLE 12.35 IL MERCOLEDI ALLE 18.35. SECONDA STAGIONE.<\/h3>\n<\/blockquote>\n<p><strong>RACCOLTA COMPLETA\u00a0<\/strong><\/p>\n<blockquote class=\"wp-embedded-content\" data-secret=\"3GFkDGnwmR\"><p><a href=\"https:\/\/www.radiopiu.net\/wordpress\/almanacco-ladino\/\">Almanacco Ladino<\/a><\/p><\/blockquote>\n<p><iframe loading=\"lazy\" class=\"wp-embedded-content\" sandbox=\"allow-scripts\" security=\"restricted\" style=\"position: absolute; clip: rect(1px, 1px, 1px, 1px);\" title=\"&#8220;Almanacco Ladino&#8221; &#8212; Radio Pi\u00f9\" src=\"https:\/\/www.radiopiu.net\/wordpress\/almanacco-ladino\/embed\/#?secret=3GFkDGnwmR\" data-secret=\"3GFkDGnwmR\" width=\"600\" height=\"338\" frameborder=\"0\" marginwidth=\"0\" marginheight=\"0\" scrolling=\"no\"><\/iframe><\/p>\n<h2><\/h2>\n<hr \/>\n<div dir=\"auto\">\n<div>\n<h2><span style=\"color: #800080;\"><strong>LA RASSEGNA STAMPA DA L&#8217;AMICO DEL POPOLO\u00a0<\/strong><\/span><\/h2>\n<h3 class=\"kvgmc6g5 cxmmr5t8 oygrvhab hcukyx3x c1et5uql\"><span style=\"color: #0000ff;\"> INFORMAZIONE il canale su TELEGRAM informazione di prima mano e in tempo reale. iscriviti ed aiutaci a farlo conoscere\u00a0<\/span><\/h3>\n<p><strong><a href=\"https:\/\/www.radiopiu.net\/wordpress\/la-rassegna-stampa-da-lamico-del-popolo-20-marzo-2021\/51228051_10218915123975947_5721189105933484032_o\/\" rel=\"attachment wp-att-198250\"><img loading=\"lazy\" decoding=\"async\" class=\" wp-image-198250 alignleft\" src=\"https:\/\/www.radiopiu.net\/wordpress\/wp-content\/uploads\/2021\/03\/51228051_10218915123975947_5721189105933484032_o-300x300.jpg\" alt=\"\" width=\"106\" height=\"106\" srcset=\"https:\/\/www.radiopiu.net\/wordpress\/wp-content\/uploads\/2021\/03\/51228051_10218915123975947_5721189105933484032_o-300x300.jpg 300w, https:\/\/www.radiopiu.net\/wordpress\/wp-content\/uploads\/2021\/03\/51228051_10218915123975947_5721189105933484032_o-1024x1024.jpg 1024w, https:\/\/www.radiopiu.net\/wordpress\/wp-content\/uploads\/2021\/03\/51228051_10218915123975947_5721189105933484032_o-150x150.jpg 150w, https:\/\/www.radiopiu.net\/wordpress\/wp-content\/uploads\/2021\/03\/51228051_10218915123975947_5721189105933484032_o-768x768.jpg 768w, https:\/\/www.radiopiu.net\/wordpress\/wp-content\/uploads\/2021\/03\/51228051_10218915123975947_5721189105933484032_o.jpg 1066w\" sizes=\"auto, (max-width: 106px) 100vw, 106px\" \/><\/a>di Gianni Santomaso<\/strong><\/p>\n<p>OSPITE: Mirko Mezzacasa<\/p>\n<audio class=\"wp-audio-shortcode\" id=\"audio-198902-19\" preload=\"none\" style=\"width: 100%;\" controls=\"controls\"><source type=\"audio\/mpeg\" src=\"https:\/\/www.radiopiu.net\/wordpress\/wp-content\/uploads\/2020\/10\/RASSEGNA-GIANNI-7.mp3?_=19\" \/><a href=\"https:\/\/www.radiopiu.net\/wordpress\/wp-content\/uploads\/2020\/10\/RASSEGNA-GIANNI-7.mp3\">https:\/\/www.radiopiu.net\/wordpress\/wp-content\/uploads\/2020\/10\/RASSEGNA-GIANNI-7.mp3<\/a><\/audio>\n<p>&nbsp;<\/p>\n<p><strong>LA RACCOLTA COMPLETA<\/strong><\/p>\n<blockquote class=\"wp-embedded-content\" data-secret=\"8UhAo0tcnP\"><p><a href=\"https:\/\/www.radiopiu.net\/wordpress\/rassegna-stampa-di-gianni-santomaso\/\">Rassegna stampa da l&#8217;amico del popolo &#8211; di Gianni Santomaso<\/a><\/p><\/blockquote>\n<p><iframe loading=\"lazy\" class=\"wp-embedded-content\" sandbox=\"allow-scripts\" security=\"restricted\" style=\"position: absolute; clip: rect(1px, 1px, 1px, 1px);\" title=\"&#8220;Rassegna stampa da l&#8217;amico del popolo &#8211; di Gianni Santomaso&#8221; &#8212; Radio Pi\u00f9\" src=\"https:\/\/www.radiopiu.net\/wordpress\/rassegna-stampa-di-gianni-santomaso\/embed\/#?secret=8UhAo0tcnP\" data-secret=\"8UhAo0tcnP\" width=\"600\" height=\"338\" frameborder=\"0\" marginwidth=\"0\" marginheight=\"0\" scrolling=\"no\"><\/iframe><\/p>\n<p>&nbsp;<\/p>\n<\/div>\n<\/div>\n<p>&nbsp;<\/p>\n<p><a class=\"mejs-horizontal-volume-slider\" role=\"slider\" aria-label=\"Cursore del volume\" aria-valuemin=\"0\" aria-valuemax=\"100\" aria-valuenow=\"100\"><span class=\"mejs-offscreen\">.\u00a0<\/span><\/a><\/p>\n<hr \/>\n<div>\n<h2><span style=\"color: #000080;\"><a class=\"dt-pswp-item\" href=\"https:\/\/www.radiopiu.net\/wordpress\/wp-content\/uploads\/2020\/10\/pp.jpg\" data-dt-img-description=\"\" data-large_image_width=\"640\" data-large_image_height=\"640\"><img loading=\"lazy\" decoding=\"async\" class=\"wp-image-163678 alignleft\" src=\"https:\/\/www.radiopiu.net\/wordpress\/wp-content\/uploads\/2020\/10\/pp-300x300.jpg\" alt=\"\" width=\"106\" height=\"106\" srcset=\"https:\/\/www.radiopiu.net\/wordpress\/wp-content\/uploads\/2020\/10\/pp-300x300.jpg 300w, https:\/\/www.radiopiu.net\/wordpress\/wp-content\/uploads\/2020\/10\/pp-150x150.jpg 150w, https:\/\/www.radiopiu.net\/wordpress\/wp-content\/uploads\/2020\/10\/pp-125x125.jpg 125w, https:\/\/www.radiopiu.net\/wordpress\/wp-content\/uploads\/2020\/10\/pp-200x200.jpg 200w, https:\/\/www.radiopiu.net\/wordpress\/wp-content\/uploads\/2020\/10\/pp-80x80.jpg 80w, https:\/\/www.radiopiu.net\/wordpress\/wp-content\/uploads\/2020\/10\/pp-480x480.jpg 480w, https:\/\/www.radiopiu.net\/wordpress\/wp-content\/uploads\/2020\/10\/pp.jpg 640w\" sizes=\"auto, (max-width: 106px) 100vw, 106px\" \/><\/a><\/span><\/h2>\n<h2><span style=\"color: #000080;\">DON CESARE, IL PENSIERO DEL GIORNO. ALLA RADIO ALLE 7 DEL MATTINO E ALLE 19.30 DELLA SERA.\u00a0\u00a0<\/span><\/h2>\n<\/div>\n<p>&nbsp;<\/p>\n<audio class=\"wp-audio-shortcode\" id=\"audio-198902-20\" preload=\"none\" style=\"width: 100%;\" controls=\"controls\"><source type=\"audio\/mpeg\" src=\"https:\/\/www.radiopiu.net\/wordpress\/wp-content\/uploads\/2021\/03\/CESARE-17.mp3?_=20\" \/><a href=\"https:\/\/www.radiopiu.net\/wordpress\/wp-content\/uploads\/2021\/03\/CESARE-17.mp3\">https:\/\/www.radiopiu.net\/wordpress\/wp-content\/uploads\/2021\/03\/CESARE-17.mp3<\/a><\/audio>\n<hr \/>\n<p>&nbsp;<\/p>\n<div>\n<p>&nbsp;<\/p>\n<blockquote>\n<h2><a href=\"https:\/\/www.radiopiu.net\/wordpress\/speciale-solidarieta-veneto\/solidarieta-veneto-3\/\" rel=\"attachment wp-att-134366\"><img loading=\"lazy\" decoding=\"async\" class=\"wp-image-134366 alignleft\" src=\"https:\/\/www.radiopiu.net\/wordpress\/wp-content\/uploads\/2020\/05\/solidariet\u00e0-veneto-300x210.jpg\" alt=\"\" width=\"102\" height=\"71\" srcset=\"https:\/\/www.radiopiu.net\/wordpress\/wp-content\/uploads\/2020\/05\/solidariet\u00e0-veneto-300x210.jpg 300w, https:\/\/www.radiopiu.net\/wordpress\/wp-content\/uploads\/2020\/05\/solidariet\u00e0-veneto-1024x717.jpg 1024w, https:\/\/www.radiopiu.net\/wordpress\/wp-content\/uploads\/2020\/05\/solidariet\u00e0-veneto-768x538.jpg 768w, https:\/\/www.radiopiu.net\/wordpress\/wp-content\/uploads\/2020\/05\/solidariet\u00e0-veneto.jpg 1373w\" sizes=\"auto, (max-width: 102px) 100vw, 102px\" \/><\/a>SOLIDARIETA&#8217; VENETO FONDO PENSIONE, IN ONDA IL PRIMO VENERDI DEL MESE ALLE 10.30 E ALLE 19.00 QUINTA STAGIONE<\/h2>\n<\/blockquote>\n<p><strong>AUDIO MARZO 2021<\/strong><\/p>\n<audio class=\"wp-audio-shortcode\" id=\"audio-198902-21\" preload=\"none\" style=\"width: 100%;\" controls=\"controls\"><source type=\"audio\/mpeg\" src=\"https:\/\/www.radiopiu.net\/wordpress\/wp-content\/uploads\/2021\/03\/solidarieta-veneto-marzo.mp3?_=21\" \/><a href=\"https:\/\/www.radiopiu.net\/wordpress\/wp-content\/uploads\/2021\/03\/solidarieta-veneto-marzo.mp3\">https:\/\/www.radiopiu.net\/wordpress\/wp-content\/uploads\/2021\/03\/solidarieta-veneto-marzo.mp3<\/a><\/audio>\n<p>&nbsp;<\/p>\n<blockquote>\n<h2>RACCOLTA COMPLETA<\/h2>\n<\/blockquote>\n<blockquote class=\"wp-embedded-content\" data-secret=\"c8IpxZJp3f\"><p><a href=\"https:\/\/www.radiopiu.net\/wordpress\/solidarieta-veneto\/\">Solidariet\u00e0 Veneto<\/a><\/p><\/blockquote>\n<p><iframe loading=\"lazy\" class=\"wp-embedded-content\" sandbox=\"allow-scripts\" security=\"restricted\" style=\"position: absolute; clip: rect(1px, 1px, 1px, 1px);\" title=\"&#8220;Solidariet\u00e0 Veneto&#8221; &#8212; Radio Pi\u00f9\" src=\"https:\/\/www.radiopiu.net\/wordpress\/solidarieta-veneto\/embed\/#?secret=c8IpxZJp3f\" data-secret=\"c8IpxZJp3f\" width=\"600\" height=\"338\" frameborder=\"0\" marginwidth=\"0\" marginheight=\"0\" scrolling=\"no\"><\/iframe><\/p>\n<p>&nbsp;<\/p>\n<\/div>\n<h3><\/h3>\n<div dir=\"auto\">\n<hr \/>\n<p>&nbsp;<\/p>\n<div>\n<p class=\"photoswipe-wrapper\"><a class=\"dt-pswp-item pspw-wrap-ready\" href=\"https:\/\/i0.wp.com\/www.radiopiu.net\/wordpress\/wp-content\/uploads\/2018\/09\/viabilita.jpeg?ssl=1\" data-dt-img-description=\"\" data-large_image_width=\"800\" data-large_image_height=\"100\"><img loading=\"lazy\" decoding=\"async\" class=\"aligncenter wp-image-61954 size-full\" src=\"https:\/\/i0.wp.com\/www.radiopiu.net\/wordpress\/wp-content\/uploads\/2018\/09\/viabilita.jpeg?resize=800%2C100&amp;ssl=1\" sizes=\"auto, (max-width: 800px) 100vw, 800px\" srcset=\"https:\/\/i0.wp.com\/www.radiopiu.net\/wordpress\/wp-content\/uploads\/2018\/09\/viabilita.jpeg?w=800&amp;ssl=1 800w, https:\/\/i0.wp.com\/www.radiopiu.net\/wordpress\/wp-content\/uploads\/2018\/09\/viabilita.jpeg?resize=300%2C38&amp;ssl=1 300w, https:\/\/i0.wp.com\/www.radiopiu.net\/wordpress\/wp-content\/uploads\/2018\/09\/viabilita.jpeg?resize=768%2C96&amp;ssl=1 768w\" alt=\"\" width=\"800\" height=\"100\" \/><\/a><\/p>\n<\/div>\n<p>&nbsp;<\/p>\n<p><strong>SP 473 CROCE<\/strong> <strong>D&#8217;AUNE<\/strong> Dalle 8 alle 18, dal 23 marzo al 30 aprile compresi sabato domenica e festivi, senso unico alternato regolato da impianto semaforico in comune di Sovramonte per sostituzione barriere di sicurezza<\/p>\n<p><strong>SR 48 DELLE DOLOMITI\u00a0<\/strong>Dal 22 marzo al 30 aprile, dalle 7 alle 18 esclusi sabato domenica e festivi, interruzioni alla viabilit\u00e0 della durata massima di 20 minuti e senso unico alternato regolato da impianto semaforico per messa in sicurezza del versante a monte della strada in comune di Livinallongo<\/p>\n<p><strong>SR 204 BELLUNO MAS<\/strong> dal 22 al 26 marzo in localit\u00e0 Antole istituzione di senso unico alternato regolato da impianto semaforico per messa in sicurezza del ponte<\/p>\n<p><strong>SP 473 CROCE D&#8217;AUNE<\/strong> dal 18 marzo al 15 aprile interdizione totale al traffico in localit\u00e0 Pedavena per ristrutturazione fabbricato. Traffico deviato su Via Trento<\/p>\n<p><strong>SP 473 CROCE D&#8217;AUNE\u00a0<\/strong> dal 18 marzo al 16 aprile, in localit\u00e0 Sarzen, interdizione totale alla viabilit\u00e0 ad eccezione di domeniche e festivi infrasettimanali per lavori di posa canalizzazioni per conto di E-Distribuzione. Transito consentito solo a mezzi pubblici, scolastici e di soccorso<\/p>\n<p><strong>SP 3 VAL IMPERINA\u00a0<\/strong>Dal 20 al 31 marzo, esclusi sabato e domenica, interdizione totale al traffico a fasce orarie tra Forcella Franche e Vallasin per lavori di messa in sicurezza della strada. Le chiusure dalle 8 alle 12:45, dalle 13:45 alle 15:50 e dalle 16:10 alle 17:45<\/p>\n<p><strong>SP 26 DIGOMAN\u00a0<\/strong>dal 22 marzo al 3 aprile interdizione totale al traffico in comune di Rivamonte dalle 8 alle 17, domeniche escluse, per lavori di esbosco schianti Vaia. Negli altri orari senso unico alternato regolato da impianto semaforico.<\/p>\n<p><strong>203 AGORDINA LIVINALLONGO <\/strong>dal 15 marzo per un mese (inclusi festivi e prefestivi) senso unico in localit\u00e0 Ponte Pignazza<\/p>\n<p><strong>SP 251 DELLA VAL DI ZOLDO E CELLINA<\/strong> Istituzione di senso unico alternato regolato da semaforo nel comune di Val di Zoldo per messa in sicurezza della strada<\/p>\n<p><strong>SP 42 CAVALLERA<\/strong> fino a revoca, chiusura della strada nell&#8217;abitato di Perarolo per attivazione emergenza frana &#8220;Busa del Cristo&#8221;<\/p>\n<p><strong>S.P.2 DELLA VALLE DEL MIS\u00a0<\/strong>Interdizione totale al traffico fino a revoca dal km 14,920 (localit\u00e0 Gona Bassa) al km 20,650 (localit\u00e0 Titele) per cedimento della carreggiata<\/p>\n<p><strong>S.P. 5 DI LAMOSANO<\/strong>\u00a0Interdizione totale fino a revoca per presenza di materiale e alberi in strada.<\/p>\n<p><strong>SP 3 DELLA VAL IMPERINA<\/strong> fino a revoca, senso unico alternato regolato a vista in localit\u00e0 Gona di Conedera di Rivamonte per cedimento della carreggiata stradale<\/p>\n<p><strong>PROVINCIALE 2, VALLE DEL MIS KM 9 -14\u00a0 <\/strong>Fino al 30 MARZO dalle 7.30 alle 17.30, sabato e domenica esclusi, senso unico alternato regolato da movieri o a vista, tratti di 100 metri. Ripristino reti lato strada.<\/p>\n<\/div>\n<p><b>\u00a0<\/b><\/p>\n<p>&nbsp;<\/p>\n<div dir=\"auto\">\n<hr \/>\n<p>&nbsp;<\/p>\n<div>\n<p class=\"photoswipe-wrapper\"><a class=\"dt-pswp-item pspw-wrap-ready\" href=\"https:\/\/i0.wp.com\/www.radiopiu.net\/wordpress\/wp-content\/uploads\/2018\/09\/WhatsApp-Image-2018-09-20-at-16.04.06.jpeg?ssl=1\" data-dt-img-description=\"\" data-large_image_width=\"800\" data-large_image_height=\"100\"><img loading=\"lazy\" decoding=\"async\" class=\"aligncenter wp-image-61378 size-full jetpack-lazy-image jetpack-lazy-image--handled\" src=\"https:\/\/i0.wp.com\/www.radiopiu.net\/wordpress\/wp-content\/uploads\/2018\/09\/WhatsApp-Image-2018-09-20-at-16.04.06.jpeg?resize=800%2C100&amp;ssl=1\" sizes=\"auto, (max-width: 800px) 100vw, 800px\" srcset=\"https:\/\/i0.wp.com\/www.radiopiu.net\/wordpress\/wp-content\/uploads\/2018\/09\/WhatsApp-Image-2018-09-20-at-16.04.06.jpeg?w=800&amp;ssl=1 800w, https:\/\/i0.wp.com\/www.radiopiu.net\/wordpress\/wp-content\/uploads\/2018\/09\/WhatsApp-Image-2018-09-20-at-16.04.06.jpeg?resize=300%2C38&amp;ssl=1 300w, https:\/\/i0.wp.com\/www.radiopiu.net\/wordpress\/wp-content\/uploads\/2018\/09\/WhatsApp-Image-2018-09-20-at-16.04.06.jpeg?resize=768%2C96&amp;ssl=1 768w\" alt=\"\" width=\"800\" height=\"100\" data-lazy-loaded=\"1\" \/><\/a><\/p>\n<\/div>\n<p>&nbsp;<\/p>\n<\/div>\n<p><center><b>Giovedi 25<\/b><\/center><b>Tempo atteso: <\/b>Al mattino sole e cielo sereno, da met\u00e0 giornata in poi arriveranno nubi alte da ovest e nel pomeriggio il cielo risulter\u00e0 velato ovunque, prima che torni a rasserenarsi ovunque in serata. La mitezza diurna si accentuer\u00e0 lievemente nelle valli, nonostante il minore soleggiamento pomeridiano rispetto a mercoled\u00ec.<br \/>\n<b>Precipitazioni: <\/b>Assenti (0%).<br \/>\n<b>Temperature: <\/b>In generale ulteriore lieve aumento con gelate notturne assai meno intense e probabile inversione termica nei fondovalle. Maggiore accenno primaverile diurno nei fondovalle prealpini. Sono previste punte di 17\/18\u00b0C nei fondovalle prealpini e di 11\/14\u00b0C a 1000\/1200 m. Su Prealpi a 1500 m min 3\u00b0C max 7\u00b0C, a 2000 m min 0\u00b0C max 4\u00b0C. Su Dolomiti a 2000 m min -1\u00b0C max 4\u00b0C, a 3000 m min -6\u00b0C max -4\u00b0C.<br \/>\n<b>Venti: <\/b>Nelle valli deboli o moderati per brezze, in quota deboli\/moderati da nord nord-ovest, tendenti a diventare molto deboli nel pomeriggio\/sera, a 5-10 km\/h a 2000 m e 5-20 km\/h a 3000 m.<\/p>\n<hr \/>\n<p><center><b>Venerdi 26<\/b><\/center><b>Tempo atteso: <\/b>Al mattino sole e cielo sereno. Al pomeriggio riduzione del soleggiamento, dapprima per il formarsi di stratocumuli e di addensamenti a ridosso dei rilievi, poi anche per nubi medio-alte verso sera, quando il cielo risulter\u00e0 assai nuvoloso. Nelle valli si potr\u00e0 avvertire il parziale deficit di sole nel minore riscaldamento diurno, anche se non ovunque.<br \/>\n<b>Precipitazioni: <\/b>Assenti fino al primo pomeriggio (0%), poi non escluso del tutto qualche piovasco sulle Prealpi confinanti con il Trentino e sulle Dolomiti occidentali (10\/20%), nevoso oltre i 1800\/1900 m.<br \/>\n<b>Temperature: <\/b>Minime in aumento nelle valli e in calo in quota; massime in leggera flessione, anche se in alcune valli potranno non subire variazioni di rilievo. Sono previste punte di 15\/17\u00b0C nei fondovalle prealpini e di 9\/12\u00b0C a 1000\/1200 m. Su Prealpi a 1500 m min 2\u00b0C max 5\u00b0C, a 2000 m min 0\u00b0C max 2\u00b0C. Su Dolomiti a 2000 m min -1\u00b0C max 2\u00b0C, a 3000 m min -8\u00b0C max -7\u00b0C.<br \/>\n<b>Venti: <\/b>Deboli o moderati a regime di brezza nelle valli; deboli da sud-ovest, in lieve rinforzo fino a moderati al pomeriggio\/sera, a 5-10 km\/h a 2000 m e 5-15 km\/h a 3000 m.<\/p>\n<hr \/>\n<p><center><b>Sabato 27<\/b><\/center>Cielo molto nuvoloso\/coperto con qualche schiarita. Il rischio di deboli o debolissime precipitazioni sparse sar\u00e0 presente, specie al pomeriggio, con un po&#8217; di neve oltre i 1600\/1800 m. Temperature in lieve flessione, salvo rialzo delle minime nelle valli. Venti deboli o moderati a regime di brezza nelle valli; deboli\/moderati dai quadranti occidentali in quota, in rotazione da nord-ovest a fine giornata.<\/p>\n<hr \/>\n<p><center><b>Domenica 28<\/b><\/center>Nuvoloso con residui piovaschi, nevosi oltre i 1500\/1800 m tra la notte e il primo pomeriggio. In seguito variabilit\u00e0 con lenta attenuazione della nuvolosit\u00e0 e schiarite, prima di ampi rasserenamenti serali. Temperature in lieve rialzo, eccetto stazionariet\u00e0 delle massime nelle valli. Venti deboli o moderati a regime di brezza nelle valli; deboli\/moderati da nord-ovest in quota. Previsore: R.L.Th.<\/p>\n<p>&nbsp;<\/p>\n<hr \/>\n<p>&nbsp;<\/p>\n<p><a href=\"https:\/\/www.radiopiu.net\/wordpress\/giornale-radiopiu-15-settembre-2018-direttore-mirko-mezzacasa\/sport-7\/\" rel=\"attachment wp-att-60761\"><img loading=\"lazy\" decoding=\"async\" class=\"wp-image-60761 size-full aligncenter\" src=\"https:\/\/www.radiopiu.net\/wordpress\/wp-content\/uploads\/2018\/09\/sport.jpg\" alt=\"\" width=\"800\" height=\"100\" srcset=\"https:\/\/www.radiopiu.net\/wordpress\/wp-content\/uploads\/2018\/09\/sport.jpg 800w, https:\/\/www.radiopiu.net\/wordpress\/wp-content\/uploads\/2018\/09\/sport-300x38.jpg 300w, https:\/\/www.radiopiu.net\/wordpress\/wp-content\/uploads\/2018\/09\/sport-768x96.jpg 768w\" sizes=\"auto, (max-width: 800px) 100vw, 800px\" \/><\/a><\/p>\n<p>&nbsp;<\/p>\n<blockquote>\n<h3>LA FIGC HA DECISO DI SOSPENDERE DEFINITIVAMENTE I CAMPIONATI DILETTANTISTICI PROVINCIALI E REGIONALI<\/h3>\n<\/blockquote>\n<p><strong><a href=\"https:\/\/www.radiopiu.net\/wordpress\/iniziano-i-campionati-per-lagordina-parla-cosmo-forcella\/cosmo-forcella-2\/\" rel=\"attachment wp-att-98244\"><img loading=\"lazy\" decoding=\"async\" class=\" wp-image-98244 alignleft\" src=\"https:\/\/www.radiopiu.net\/wordpress\/wp-content\/uploads\/2019\/09\/COSMO-FORCELLA-225x300.jpeg\" alt=\"\" width=\"164\" height=\"219\" srcset=\"https:\/\/www.radiopiu.net\/wordpress\/wp-content\/uploads\/2019\/09\/COSMO-FORCELLA-225x300.jpeg 225w, https:\/\/www.radiopiu.net\/wordpress\/wp-content\/uploads\/2019\/09\/COSMO-FORCELLA-768x1024.jpeg 768w, https:\/\/www.radiopiu.net\/wordpress\/wp-content\/uploads\/2019\/09\/COSMO-FORCELLA.jpeg 1200w\" sizes=\"auto, (max-width: 164px) 100vw, 164px\" \/><\/a>AGORDO<\/strong> Per il secondo anno consecutivo i campionati dilettantistici della provincia e a livello regionale non verranno conclusi. A deciderlo la Federazione Italiana Giuoco Calcio che nella serata di marted\u00ec ha diramato un comunicato alla Lega Nazionale Dilettanti mettendo fine alla stagione 2020\/21 di tutti i campionati fino alla Promozione. Si giocheranno solo le categorie dall&#8217;Eccellenza in su mentre gli altri campionati sono stati definitivamente congelati con il rispettivo annullamento delle classifiche. Finiscono dunque tutti i campionati in cui l&#8217;Agordina Calcio era iscritta, dalla prima squadra alle giovanili. Ai microfoni di Radio Pi\u00f9 Cosmo Forcella, Presidente dell&#8217;Agordina, tira le sue conclusioni.<\/p>\n<audio class=\"wp-audio-shortcode\" id=\"audio-198902-22\" preload=\"none\" style=\"width: 100%;\" controls=\"controls\"><source type=\"audio\/mpeg\" src=\"https:\/\/www.radiopiu.net\/wordpress\/wp-content\/uploads\/2021\/03\/COSMO-STOP-CAMPIONATI.mp3?_=22\" \/><a href=\"https:\/\/www.radiopiu.net\/wordpress\/wp-content\/uploads\/2021\/03\/COSMO-STOP-CAMPIONATI.mp3\">https:\/\/www.radiopiu.net\/wordpress\/wp-content\/uploads\/2021\/03\/COSMO-STOP-CAMPIONATI.mp3<\/a><\/audio>\n<p>&nbsp;<\/p>\n<hr \/>\n<p>&nbsp;<\/p>\n<blockquote>\n<h3>ARGENTO PER CAMILLA VANNI<\/h3>\n<\/blockquote>\n<div class=\"entry-meta\"><img loading=\"lazy\" decoding=\"async\" class=\"alignleft\" src=\"https:\/\/www.radiopiu.net\/wordpress\/wp-content\/uploads\/2021\/03\/Camilla-Vanni-per-sito29.12.2019-1024x682-1.jpg\" width=\"213\" height=\"142\" \/>La terza giornata dei Campionati italiani Children (under 16 e under 14) di sci alpino regala una medaglia alla rappresentativa regionale. Si tratta dello splendido argento conquistato da Camilla Vanni (foto), seconda nel superG vinto da Laura Colturi. Molto brave sono state anche Arianna De Martin Topranin, dello Sci club Cortina, che ha chiuso la propria prova in 9. posizione, e Lisa Stona, dello Sci club Gallio, che \u00e8 giunta 17.ma. In campo maschile, dove si \u00e8 imposto il trentino Sebastiano Zorzi, Edoardo Baldo (Sci club Cortina) ha ottenuto il 18.mo posto. <a href=\"http:\/\/sci.ficr.it\/live\/index.php?c=1001&amp;curManche=1&amp;anno=2021\">Qui<\/a>\u00a0le classifiche.<\/div>\n<div>fonte fisiveneto.com<\/div>\n","protected":false},"excerpt":{"rendered":"<p>PER RICEVERE QUESTO NOTIZIARIO DIRETTAMENTE SUL TUO CELLULARE ISCRIVITI AL CANALE TELEGRAM \u201cRADIO PIU\u00a0 INFORMAZIONE&#8221;\u00a0 SUPERATI I 3000 ISCRITTI, il CANALE TELEGRAM&#8230; UNISCITI A: RADIO PIU INFORMAZIONE &nbsp; &nbsp; &nbsp; ATTENZIONE: LA NUOVA APP PER IOS-IPHONE di Nicola Vettorello https:\/\/apps.apple.com\/it\/app\/radio-pi%C3%B9-emittente-agordina\/id1515939845 ATTENZIONE: LA NUOVA APP RADIO\u00a0 PER ANDROID di Nicola Vettorello https:\/\/play.google.com\/store\/apps\/details?id=net.radiopiu.iniko &nbsp; QUESTA SERA SU&hellip;<\/p>\n","protected":false},"author":4,"featured_media":199041,"comment_status":"closed","ping_status":"closed","sticky":false,"template":"","format":"standard","meta":{"_monsterinsights_skip_tracking":false,"_monsterinsights_sitenote_active":false,"_monsterinsights_sitenote_note":"","_monsterinsights_sitenote_category":0,"footnotes":""},"categories":[1,51,86,49],"tags":[],"class_list":["post-198902","post","type-post","status-publish","format-standard","has-post-thumbnail","hentry","category-senza-categoria","category-evidenza-top","category-gr","category-news-18","category-1","category-51","category-86","category-49","description-off"],"img_url":"https:\/\/www.radiopiu.net\/wordpress\/wp-content\/uploads\/2021\/03\/100_0236-scaled.jpg","_links":{"self":[{"href":"https:\/\/www.radiopiu.net\/wordpress\/wp-json\/wp\/v2\/posts\/198902","targetHints":{"allow":["GET"]}}],"collection":[{"href":"https:\/\/www.radiopiu.net\/wordpress\/wp-json\/wp\/v2\/posts"}],"about":[{"href":"https:\/\/www.radiopiu.net\/wordpress\/wp-json\/wp\/v2\/types\/post"}],"author":[{"embeddable":true,"href":"https:\/\/www.radiopiu.net\/wordpress\/wp-json\/wp\/v2\/users\/4"}],"replies":[{"embeddable":true,"href":"https:\/\/www.radiopiu.net\/wordpress\/wp-json\/wp\/v2\/comments?post=198902"}],"version-history":[{"count":0,"href":"https:\/\/www.radiopiu.net\/wordpress\/wp-json\/wp\/v2\/posts\/198902\/revisions"}],"wp:featuredmedia":[{"embeddable":true,"href":"https:\/\/www.radiopiu.net\/wordpress\/wp-json\/wp\/v2\/media\/199041"}],"wp:attachment":[{"href":"https:\/\/www.radiopiu.net\/wordpress\/wp-json\/wp\/v2\/media?parent=198902"}],"wp:term":[{"taxonomy":"category","embeddable":true,"href":"https:\/\/www.radiopiu.net\/wordpress\/wp-json\/wp\/v2\/categories?post=198902"},{"taxonomy":"post_tag","embeddable":true,"href":"https:\/\/www.radiopiu.net\/wordpress\/wp-json\/wp\/v2\/tags?post=198902"}],"curies":[{"name":"wp","href":"https:\/\/api.w.org\/{rel}","templated":true}]}}