{"id":198957,"date":"2021-03-24T12:25:58","date_gmt":"2021-03-24T11:25:58","guid":{"rendered":"https:\/\/www.radiopiu.net\/wordpress\/?p=198957"},"modified":"2021-03-25T12:27:43","modified_gmt":"2021-03-25T11:27:43","slug":"confff1334","status":"publish","type":"post","link":"https:\/\/www.radiopiu.net\/wordpress\/confff1334\/","title":{"rendered":"SE VENERDI SAREMO IN ARANCIONE &#8211; NON E&#8217; IMPROBABILE &#8211;\u00a0LA CONFERENZA DI ZAIA DA MARGHERA"},"content":{"rendered":"<p><strong>VENEZIA\u00a0<\/strong>Da Marghera il Presidente della Regione Luca Zaia, punto stampa aggiornamento covid 19<\/p>\n<p><strong>I NUMERI<\/strong><\/p>\n<p>TAMPONI MOLECOLARI 452000 TAMPONI RAPIDI 3722000 TAMPONI IERI 47435 POSTIVI IERI +2042 INCIDENZA TAMPONI-POSITIVI 4,3% POSITIVI DA INIZIO EPIDEMIA 371544 POSITIVI ATTUALI 39128 (+90) RICOVERAATI 2059 AREA NON CRITICA 1792 (+39)\u00a0 IN TERAPIA INTENSIVA 267 (+7) IN TERAPIA INTENSIVA NON COVID 287 DECESSI 10442\u00a0 +28\u00a0 DIMESSI 17454 (+92)<\/p>\n<p>&nbsp;<\/p>\n<blockquote>\n<h2>LEGGI LA CONFERENZA STAMPA DI LUCA ZAIA aggiornamento in tempo reale<\/h2>\n<p><em>Verso una riduzione dell&#8217;attivit\u00e0 ospedaliera, ma garantiremo le attivit\u00e0 essenziali . <\/em><strong>Casi no-vax, sentenza Tribunale di Belluno<\/strong> &#8220;<em>Se uno non vuole toccare le armi non pu\u00f2 fare la guardia, questo dice tutto anche su chi lavora nella sanit\u00e0 e non vuole fare i vaccini&#8221;<\/em><\/p><\/blockquote>\n<p><strong><span style=\"color: #ff0000;\">SE VENERDI SAREMO IN ARANCIONE &#8211; NON E&#8217; IMPROBABILE &#8211; IO SPERO CHE SI POSSA ANCHE RIAPRIRE LE SCUOLE. RESTA IN PIEDI PER LE SUPERIORI E LE ULTIME DUE CLASSI MEDIE IL DATO DEI 250 CONTAGI OGNI 100MILA ABITANTI CHE CI VINCOLA ALLE RESTRIZIONI NAZIONALI. LA SCUOLA NON DIPENDE DA NOI. SE ANDIAMO IN ZONA ARANCIONE LA SCUOLA RIMANE APERTA PER TRE GIORNI, POI CI SARA&#8217; LA ZONA ROSSA PASQUALE<\/span><\/strong><\/p>\n<p><strong>LA SENTENZA DEL TRIBUNALE DI BELLUNO, LA PRIMA IN ITALIA<\/strong> Penso che il vaccino sia volontario e deve essere prerogativa di civilt\u00e0 <strong>SULL&#8217;OBBLIGO DI VACCINO<\/strong> La vedrei diversa, chi\u00a0 vuole lavorare nelle RSA (le sentenze si rispettano) sa a cosa va incontro. <strong>PIANO SANITA&#8217;<\/strong> <strong>PUBBLICA<\/strong> Via al piano di sanit\u00e0 pubblica con il fine settimana, ne risentiranno alcune attivit\u00e0 con l&#8217;apertura degli ospedali covid. Non siamo nello scenario di marzo anche se numericamente \u00e8 simile. <strong>UN ANNO FA<\/strong> A marzo avevamo 2068 ricoverati oggi 2059 (-9), siamo al di sotto di circa 60 unit\u00e0 nelle terapie intensive (267). Con uno sforzo non indifferente cambia la modalit\u00e0 di vaccino. <strong>VACCINAZIONI<\/strong> Domenica in tutti i punti vaccinali della provincia di Treviso saranno vaccinati tutti i nati del 1936. Non andr\u00e0 alla perfezione per\u00f2 se perfezioniamo il modello di chiamare per classi di et\u00e0 permetter\u00e0 di differenziare il modello del servizio. Dai prossimi giorni ci sar\u00e0 un incremento di dosi, oggi 191mila dosi -23000 di astrazeneca, arriveremo giusti alla nuova fornitura. Grazie ai sindaci che si sono attivati per aiutarci nelle prenotazioni. Continuo a vedere le statistiche delle vaccinazioni, ma i numeri andrebbero dati in relazione alla popolazione complessiva. Per la campagna vaccinazione entreranno in funzione\u00a0 anche gli specializzandi,\u00a0 grazie la professor Merigliani. <strong>DRAGHI INVITA A RISPETTARE IL PIANO NAZIONALE<\/strong> Ho sempre avuto buoni rapporti con tutti I Governi. Noi l&#8217;agenda la rispettiamo se abbiamo disponibilit\u00e0 di vaccini. <strong>LA VACCINAZIONE FUNZIONA<\/strong> sono spariti i focolai nelle case di riposo e anche all&#8217;interno degli ospedali. Grazie a tutti coloro che curano i malati\u00a0 e a coloro che stanno vaccinando <strong>MA NON DI SERA<\/strong> Non presentatevi alla sera nei centri vaccinali, perch\u00e9 il nostro modello non funziona cos\u00ec. <strong>PRENOTAZIONI ON LINE<\/strong>\u00a0 Sar\u00e0 ancora pi\u00f9 semplice con pi\u00f9 modalit\u00e0. A breve presenteremo il prodotto \u00e8 molto pi\u00f9 semplice di quello che si pensi. Chi lo usa gi\u00e0 si ritrova un formato iper semplificato. <strong>ARRIVA L&#8217;ESERCITO?<\/strong> Stiamo ancora aspettando i medici. Non so altro. Benvenga tutto quello che arriva sui territori. I militari mi risulta che dai covid pointi vengono spostati ai centri vaccinali<\/p>\n<a href=\"https:\/\/www.radiopiu.net\/wordpress\/wp-content\/uploads\/2021\/03\/Media-vaccinazioni-al-giorno-ogni-100.000-abitanti-periodo-8-22-marzo-2021.pdf\" class=\"pdfemb-viewer\" style=\"\" data-width=\"max\" data-height=\"max\" data-toolbar=\"top\" data-toolbar-fixed=\"on\">Media vaccinazioni al giorno ogni 100.000 abitanti (periodo 8-22 marzo 2021)<\/a>\n<p><strong>PER EVIDENTI PROBLEMI DI COLLEGAMENTO OGGI LA DIRETTA FACEBOOK E&#8217; PIU&#8217; VOLTE SALTATA, INFINE ANCHE DA VENEZIA LA DECISIONE DI CONDIVIDERE LA DIRETTA DI RETE VENETA<\/strong><\/p>\n<p><a href=\"https:\/\/www.facebook.com\/ReteVeneta\/videos\/3759343817484759\">https:\/\/www.facebook.com\/ReteVeneta\/videos\/3759343817484759<\/a><\/p>\n<blockquote>\n<h3><\/h3>\n<\/blockquote>\n<p>&nbsp;<\/p>\n","protected":false},"excerpt":{"rendered":"<p>VENEZIA\u00a0Da Marghera il Presidente della Regione Luca Zaia, punto stampa aggiornamento covid 19 I NUMERI TAMPONI MOLECOLARI 452000 TAMPONI RAPIDI 3722000 TAMPONI IERI 47435 POSTIVI IERI +2042 INCIDENZA TAMPONI-POSITIVI 4,3% POSITIVI DA INIZIO EPIDEMIA 371544 POSITIVI ATTUALI 39128 (+90) RICOVERAATI 2059 AREA NON CRITICA 1792 (+39)\u00a0 IN TERAPIA INTENSIVA 267 (+7) IN TERAPIA INTENSIVA NON&hellip;<\/p>\n","protected":false},"author":4,"featured_media":198958,"comment_status":"closed","ping_status":"closed","sticky":false,"template":"","format":"standard","meta":{"_monsterinsights_skip_tracking":false,"_monsterinsights_sitenote_active":false,"_monsterinsights_sitenote_note":"","_monsterinsights_sitenote_category":0,"footnotes":""},"categories":[49],"tags":[],"class_list":["post-198957","post","type-post","status-publish","format-standard","has-post-thumbnail","hentry","category-news-18","category-49","description-off"],"img_url":"https:\/\/www.radiopiu.net\/wordpress\/wp-content\/uploads\/2021\/03\/161577608_1734182190117022_4503996286089719264_n.jpg","_links":{"self":[{"href":"https:\/\/www.radiopiu.net\/wordpress\/wp-json\/wp\/v2\/posts\/198957","targetHints":{"allow":["GET"]}}],"collection":[{"href":"https:\/\/www.radiopiu.net\/wordpress\/wp-json\/wp\/v2\/posts"}],"about":[{"href":"https:\/\/www.radiopiu.net\/wordpress\/wp-json\/wp\/v2\/types\/post"}],"author":[{"embeddable":true,"href":"https:\/\/www.radiopiu.net\/wordpress\/wp-json\/wp\/v2\/users\/4"}],"replies":[{"embeddable":true,"href":"https:\/\/www.radiopiu.net\/wordpress\/wp-json\/wp\/v2\/comments?post=198957"}],"version-history":[{"count":0,"href":"https:\/\/www.radiopiu.net\/wordpress\/wp-json\/wp\/v2\/posts\/198957\/revisions"}],"wp:featuredmedia":[{"embeddable":true,"href":"https:\/\/www.radiopiu.net\/wordpress\/wp-json\/wp\/v2\/media\/198958"}],"wp:attachment":[{"href":"https:\/\/www.radiopiu.net\/wordpress\/wp-json\/wp\/v2\/media?parent=198957"}],"wp:term":[{"taxonomy":"category","embeddable":true,"href":"https:\/\/www.radiopiu.net\/wordpress\/wp-json\/wp\/v2\/categories?post=198957"},{"taxonomy":"post_tag","embeddable":true,"href":"https:\/\/www.radiopiu.net\/wordpress\/wp-json\/wp\/v2\/tags?post=198957"}],"curies":[{"name":"wp","href":"https:\/\/api.w.org\/{rel}","templated":true}]}}