{"id":199133,"date":"2021-03-26T06:00:57","date_gmt":"2021-03-26T05:00:57","guid":{"rendered":"https:\/\/www.radiopiu.net\/wordpress\/?p=199133"},"modified":"2021-03-27T06:04:42","modified_gmt":"2021-03-27T05:04:42","slug":"giornale-radiopiu-26-marzo-2021-direttore-mirko-mezzacasa","status":"publish","type":"post","link":"https:\/\/www.radiopiu.net\/wordpress\/giornale-radiopiu-26-marzo-2021-direttore-mirko-mezzacasa\/","title":{"rendered":"GIORNALE RADIOPIU 26 MARZO 2021 DIRETTORE MIRKO MEZZACASA"},"content":{"rendered":"<h3><a href=\"https:\/\/www.radiopiu.net\/wordpress\/giornale-radiopiu-24-gennaio-2021-direttore-mirko-mezzacasa\/141433770_171616291414874_2957460898102012198_n\/\" rel=\"attachment wp-att-186566\"><img loading=\"lazy\" decoding=\"async\" class=\"wp-image-186566 alignleft\" src=\"https:\/\/www.radiopiu.net\/wordpress\/wp-content\/uploads\/2021\/01\/141433770_171616291414874_2957460898102012198_n-300x300.jpg\" alt=\"\" width=\"144\" height=\"144\" srcset=\"https:\/\/www.radiopiu.net\/wordpress\/wp-content\/uploads\/2021\/01\/141433770_171616291414874_2957460898102012198_n-300x300.jpg 300w, https:\/\/www.radiopiu.net\/wordpress\/wp-content\/uploads\/2021\/01\/141433770_171616291414874_2957460898102012198_n-150x150.jpg 150w, https:\/\/www.radiopiu.net\/wordpress\/wp-content\/uploads\/2021\/01\/141433770_171616291414874_2957460898102012198_n-768x768.jpg 768w, https:\/\/www.radiopiu.net\/wordpress\/wp-content\/uploads\/2021\/01\/141433770_171616291414874_2957460898102012198_n.jpg 800w\" sizes=\"auto, (max-width: 144px) 100vw, 144px\" \/><\/a>PER<strong> RICEVERE QUESTO NOTIZIARIO DIRETTAMENTE SUL TUO CELLULARE ISCRIVITI AL CANALE TELEGRAM <\/strong><strong>\u201cRADIO PIU\u00a0 INFORMAZIONE&#8221;\u00a0<\/strong><\/h3>\n<h3>SUPERATI I 3000 ISCRITTI, il CANALE TELEGRAM&#8230; UNISCITI A: RADIO PIU INFORMAZIONE<\/h3>\n<p>&nbsp;<\/p>\n<hr \/>\n<p>&nbsp;<\/p>\n<p>&nbsp;<\/p>\n<blockquote>\n<h3>IL PRIMO SPETTACOLO DEI BELUMAT A RADIO PIU &#8220;A PAS DA ZINGHEN&#8221;, domani ad un anno dalle lacrime versate per la morte di Gianni Secco.<\/h3>\n<p>&nbsp;<\/p><\/blockquote>\n<p><strong><a href=\"https:\/\/www.radiopiu.net\/wordpress\/giornale-radiopiu-26-marzo-2021-direttore-mirko-mezzacasa\/th-76\/\" rel=\"attachment wp-att-199340\"><img loading=\"lazy\" decoding=\"async\" class=\"wp-image-199340 alignleft\" src=\"https:\/\/www.radiopiu.net\/wordpress\/wp-content\/uploads\/2021\/03\/th-19-300x163.jpg\" alt=\"\" width=\"200\" height=\"109\" srcset=\"https:\/\/www.radiopiu.net\/wordpress\/wp-content\/uploads\/2021\/03\/th-19-300x163.jpg 300w, https:\/\/www.radiopiu.net\/wordpress\/wp-content\/uploads\/2021\/03\/th-19.jpg 343w\" sizes=\"auto, (max-width: 200px) 100vw, 200px\" \/><\/a>ANTEPRIMA: DOMANI ALLE 16, DOMENICA\u00a0 ALLE 20.30 SU RADIO PIU&#8217; IL RICORDO DI GIANNI SECCO AD UN ANNO DALLA SCOMPARSA. DAGLI ARCHIVI DI LORIS SANTOMASO UNO SPETTACOLO UNICO D&#8217;INIZIO ANNI &#8217;70 DEI BELUMAT, CON GIANNI SECCO E GIORGIO FORNASIER. DOCUMENTO ESCLUSIVO, IL PRIMO SPETTACOLO DEI BELUMAT ANCHE CON LA PRESENZA DI ALDO ANTOLE AL CONTRABASSO E LORIS SANTOMASO VOCE FUORI CAMPO.<\/strong><\/p>\n<p>&nbsp;<\/p>\n<p>&nbsp;<\/p>\n<hr \/>\n<p>&nbsp;<\/p>\n<p><em><a href=\"https:\/\/www.radiopiu.net\/wordpress\/giornale-radiopiu-24-gennaio-2021-direttore-mirko-mezzacasa\/79216601_126817312416448_708980208774483089_n\/\" rel=\"attachment wp-att-186567\"><img loading=\"lazy\" decoding=\"async\" class=\"size-medium wp-image-186567 alignright\" src=\"https:\/\/www.radiopiu.net\/wordpress\/wp-content\/uploads\/2021\/01\/79216601_126817312416448_708980208774483089_n-300x114.jpg\" alt=\"\" width=\"300\" height=\"114\" srcset=\"https:\/\/www.radiopiu.net\/wordpress\/wp-content\/uploads\/2021\/01\/79216601_126817312416448_708980208774483089_n-300x114.jpg 300w, https:\/\/www.radiopiu.net\/wordpress\/wp-content\/uploads\/2021\/01\/79216601_126817312416448_708980208774483089_n-768x292.jpg 768w, https:\/\/www.radiopiu.net\/wordpress\/wp-content\/uploads\/2021\/01\/79216601_126817312416448_708980208774483089_n.jpg 820w\" sizes=\"auto, (max-width: 300px) 100vw, 300px\" \/><\/a><span style=\"color: #ff0000;\">ATTENZIONE: LA NUOVA APP PER IOS-IPHONE di Nicola Vettorello <\/span><\/em><a href=\"https:\/\/apps.apple.com\/it\/app\/radio-pi%C3%B9-emittente-agordina\/id1515939845\">https:\/\/apps.apple.com\/it\/app\/radio-pi%C3%B9-emittente-agordina\/id1515939845<\/a><\/p>\n<p><em style=\"color: #ff0000;\">ATTENZIONE: LA NUOVA APP RADIO\u00a0 PER ANDROID di Nicola Vettorello<\/em><\/p>\n<p><a href=\"https:\/\/play.google.com\/store\/apps\/details?id=net.radiopiu.iniko\" target=\"_blank\" rel=\"noopener noreferrer\">https:\/\/play.google.com\/store\/apps\/details?id=net.radiopiu.iniko<\/a><\/p>\n<hr \/>\n<p>&nbsp;<\/p>\n<blockquote>\n<h1 style=\"text-align: center;\">VENETO IN ROSSO<\/h1>\n<h3>Il Veneto si colora di rosso, scuole chiuse. Stop agli spostamenti se non per inderogabili motivi.<\/h3>\n<\/blockquote>\n<p><a href=\"https:\/\/www.radiopiu.net\/wordpress\/veneto-in-rosso-il-bianco-sardegna-lontano-lo-dice-lincide-rt\/schermata-2021-03-12-alle-17-08-55\/\" rel=\"attachment wp-att-196720\"><img loading=\"lazy\" decoding=\"async\" class=\"alignnone wp-image-196720 size-full\" src=\"https:\/\/www.radiopiu.net\/wordpress\/wp-content\/uploads\/2021\/03\/Schermata-2021-03-12-alle-17.08.55.png\" alt=\"\" width=\"1934\" height=\"340\" srcset=\"https:\/\/www.radiopiu.net\/wordpress\/wp-content\/uploads\/2021\/03\/Schermata-2021-03-12-alle-17.08.55.png 1934w, https:\/\/www.radiopiu.net\/wordpress\/wp-content\/uploads\/2021\/03\/Schermata-2021-03-12-alle-17.08.55-300x53.png 300w, https:\/\/www.radiopiu.net\/wordpress\/wp-content\/uploads\/2021\/03\/Schermata-2021-03-12-alle-17.08.55-1024x180.png 1024w, https:\/\/www.radiopiu.net\/wordpress\/wp-content\/uploads\/2021\/03\/Schermata-2021-03-12-alle-17.08.55-768x135.png 768w, https:\/\/www.radiopiu.net\/wordpress\/wp-content\/uploads\/2021\/03\/Schermata-2021-03-12-alle-17.08.55-1536x270.png 1536w\" sizes=\"auto, (max-width: 1934px) 100vw, 1934px\" \/><\/a><\/p>\n<p><strong>PER GLI SPOSTAMENTI OBBLIGO DI AUTOCERTIFICAZIONE CHE PUOI <a href=\"https:\/\/www.radiopiu.net\/wordpress\/veneto-in-rosso-il-bianco-sardegna-lontano-lo-dice-lincide-rt\/dpcm-autocertificazione-gennaio-2021\/\">SCARICARE QUI<\/a><\/strong><\/p>\n<p>&nbsp;<\/p>\n<hr \/>\n<p>&nbsp;<\/p>\n<h2><strong><span style=\"color: #ff9900;\">ARANCIONE? NON E&#8217; ESCLUSO. OGGI GIORNO DI VALUTAZIONE<\/span><\/strong><\/h2>\n<p>Nella regione l&#8217;indice Rt \u00e8 sceso a 1,22 al limite della zona arancione, oggi il Cts decider\u00e0 dove collocare il Veneto da lunedi, nel fine settimana pasquale di nuovo tutta Italia in rosso. Ieri in Veneto: 1880 nuovi casi, 1807 persone ricoverate in area non critica, 275 in terapia intensiva (oltre ai 288 pazienti no covid) e 34 decessi.<\/p>\n<blockquote>\n<h3>CAMPAGNA VACCINI, DOSI SOMMINISTRATE<\/h3>\n<\/blockquote>\n<a href=\"https:\/\/www.radiopiu.net\/wordpress\/wp-content\/uploads\/2021\/03\/Categorie_25.03.2021.pdf\" class=\"pdfemb-viewer\" style=\"\" data-width=\"max\" data-height=\"max\" data-toolbar=\"top\" data-toolbar-fixed=\"on\">Categorie_25.03.2021<\/a>\n<p>&nbsp;<\/p>\n<blockquote>\n<h3>COVID ULSS 1 DOLOMITI: SOMMINISTRATE 35 MILA DOSI IN PROVINCIA, NESSUN DECESSO NELLE ULTIME 24 ORE<\/h3>\n<\/blockquote>\n<p><strong>BELLUNO <\/strong>Nelle ultime 24 ore non sono stati registrati decessi di persone covid positive. Nell&#8217;ultima giornata si sono registrate 80 nuove positivit\u00e0 e le persone attualmente positive in provincia di Belluno sono 1297.<\/p>\n<p><strong>Ricoveri<\/strong><\/p>\n<p><em>(dato alle ore 17.00 fonte: Azienda Zero)<\/em><\/p>\n<p>Le persone attualmente POSITIVE ricoverate negli ospedali dell\u2019Ulss Dolomiti sono:<\/p>\n<table>\n<tbody>\n<tr>\n<td width=\"217\"><strong>\u00a0<\/strong><\/td>\n<td width=\"217\"><strong>Area NON CRITICA<\/strong><\/td>\n<td width=\"217\"><strong>Terapia Intensiva<\/strong><\/td>\n<\/tr>\n<tr>\n<td width=\"217\"><strong>Ospedale di Belluno <\/strong><\/td>\n<td width=\"217\">35<\/td>\n<td width=\"217\">4<\/td>\n<\/tr>\n<tr>\n<td width=\"217\"><strong>Ospedale di Feltre<\/strong><\/td>\n<td width=\"217\">24<\/td>\n<td width=\"217\">4<\/td>\n<\/tr>\n<\/tbody>\n<\/table>\n<p>&nbsp;<\/p>\n<p>Le persone attualmente POSITIVE ricoverate in Ospedale di Comunit\u00e0 sono:<\/p>\n<table>\n<tbody>\n<tr>\n<td width=\"326\"><strong>\u00a0<\/strong><\/td>\n<td width=\"326\"><strong>pazienti attualmente positivi<\/strong><\/td>\n<\/tr>\n<tr>\n<td width=\"326\"><strong>Ospedale di Comunit\u00e0 di BELLUNO<\/strong><\/td>\n<td width=\"326\">10<\/td>\n<\/tr>\n<tr>\n<td width=\"326\"><strong>Ospedale di Comunit\u00e0 di FELTRE<\/strong><\/td>\n<td width=\"326\">4<\/td>\n<\/tr>\n<\/tbody>\n<\/table>\n<p>&nbsp;<\/p>\n<p>L\u2019Ulss Dolomiti taglia oggi il traguardo delle 35 mila dosi di vaccino somministrate. Con almeno una dose di vaccino \u00e8 stato coperto pi\u00f9 del 50% delle persone over 80. Per questa categoria di persone sono aperti ampi spazi di prenotazioni online dal sito <a href=\"http:\/\/www.aulss1.veneto.it\/\">www.aulss1.veneto.it<\/a> in tutti i 5 drive oggi attivi (Belluno, Alpago, Feltre, Tai di Cadore e Agordo) Su specifica indicazione regionale, \u00a0gli accompagnatori conviventi dei soggetti over 80 ed estremamente vulnerabili, con et\u00e0 superiore a 65 anni, potranno richiedere di essere vaccinati contestualmente alla persona accompagnata.<\/p>\n<p>&nbsp;<\/p>\n<p>&nbsp;<\/p>\n<hr \/>\n<p>&nbsp;<\/p>\n<blockquote>\n<h3>IL CONTAGIO NELL&#8217;AGORDINO<\/h3>\n<\/blockquote>\n<p><strong>FALCADE<\/strong> 50 positivi\u00a0 () 26 isolamento (-1) <strong>CANALE D&#8217;AGORDO<\/strong> 15 positivi () 10\u00a0 isolamento\u00a0 (+2) <strong>VALLADA<\/strong>\u00a0 4\u00a0 positivi (+2)\u00a0 10 isolamento (+2)\u00a0 <strong>CENCENIGHE<\/strong> 9 (+1) positivi 11 isolamento (+3) <strong>SAN TOMASO<\/strong> 9 positivi (+2)\u00a0 3 isolamento (-5) <strong>LIVINALLONGO<\/strong> 27\u00a0 positivi (+4) 30 isolamento (+11) <strong>ALLEGHE<\/strong> 22 positivi (+10) 53 isolamento (-5) <strong>AGORDO<\/strong> 19 positivi (+2)\u00a0 17 isolamento (+2) <strong>TAIBON<\/strong> 7 positivi (-1) 12 isolamento (-1)\u00a0<strong> LA VALLE<\/strong> 1 positivo 7 isolamento (-1)<strong> RIVAMONTE<\/strong> 1 positivi (-2) 0 isolamento\u00a0 <strong>GOSALDO<\/strong> 7 positivi (+6) 4 isolamento (+3)\u00a0 <strong>ROCCA PIETORE<\/strong> 22 positivi (+5) 38 isolamento (+11) <strong>COLLE SANTA LUCIA<\/strong> 8 positivi\u00a0 (+2) 10 isolamento (+8)<strong> SELVA DI CADORE<\/strong> 19 positivi (-1)\u00a0 27 isolamento (-4)<\/p>\n<p>&nbsp;<\/p>\n<p>I GRAFICI DI TIZIANO DE COL<\/p>\n\n\t\t\t<style type='text\/css'>\n\t\t\t\t#gallery-1 {\n\t\t\t\t\tmargin: auto;\n\t\t\t\t}\n\t\t\t\t#gallery-1 .gallery-item {\n\t\t\t\t\tfloat: left;\n\t\t\t\t\tmargin-top: 10px;\n\t\t\t\t\ttext-align: center;\n\t\t\t\t\twidth: 50%;\n\t\t\t\t}\n\t\t\t\t#gallery-1 img {\n\t\t\t\t\tborder: 2px solid #cfcfcf;\n\t\t\t\t}\n\t\t\t\t#gallery-1 .gallery-caption {\n\t\t\t\t\tmargin-left: 0;\n\t\t\t\t}\n\t\t\t\t\/* see gallery_shortcode() in wp-includes\/media.php *\/\n\t\t\t<\/style>\n\t\t<div id='gallery-1' class='dt-gallery-container gallery galleryid-199133 gallery-columns-2 gallery-size-medium'><dl class='gallery-item'>\n\t\t\t\t<dt class='gallery-icon landscape'>\n\t\t\t\t\t<a class=\"rollover rollover-zoom dt-pswp-item\" title=\"7e2270a5-e5a4-416b-b1c4-126bf9cf1fd3\" data-dt-img-description=\"\" data-large_image_width=\"600\" data-large_image_height=\"361\"href='https:\/\/www.radiopiu.net\/wordpress\/wp-content\/uploads\/2021\/03\/7e2270a5-e5a4-416b-b1c4-126bf9cf1fd3.jpg'><img loading=\"lazy\" decoding=\"async\" width=\"300\" height=\"181\" src=\"https:\/\/www.radiopiu.net\/wordpress\/wp-content\/uploads\/2021\/03\/7e2270a5-e5a4-416b-b1c4-126bf9cf1fd3-300x181.jpg\" class=\"attachment-medium size-medium\" alt=\"\" srcset=\"https:\/\/www.radiopiu.net\/wordpress\/wp-content\/uploads\/2021\/03\/7e2270a5-e5a4-416b-b1c4-126bf9cf1fd3-300x181.jpg 300w, https:\/\/www.radiopiu.net\/wordpress\/wp-content\/uploads\/2021\/03\/7e2270a5-e5a4-416b-b1c4-126bf9cf1fd3.jpg 600w\" sizes=\"auto, (max-width: 300px) 100vw, 300px\" \/><\/a>\n\t\t\t\t<\/dt><\/dl><dl class='gallery-item'>\n\t\t\t\t<dt class='gallery-icon landscape'>\n\t\t\t\t\t<a class=\"rollover rollover-zoom dt-pswp-item\" title=\"33546369-2da0-4187-ab78-dd3b0c43414e\" data-dt-img-description=\"\" data-large_image_width=\"592\" data-large_image_height=\"356\"href='https:\/\/www.radiopiu.net\/wordpress\/wp-content\/uploads\/2021\/03\/33546369-2da0-4187-ab78-dd3b0c43414e.jpg'><img loading=\"lazy\" decoding=\"async\" width=\"300\" height=\"180\" src=\"https:\/\/www.radiopiu.net\/wordpress\/wp-content\/uploads\/2021\/03\/33546369-2da0-4187-ab78-dd3b0c43414e-300x180.jpg\" class=\"attachment-medium size-medium\" alt=\"\" srcset=\"https:\/\/www.radiopiu.net\/wordpress\/wp-content\/uploads\/2021\/03\/33546369-2da0-4187-ab78-dd3b0c43414e-300x180.jpg 300w, https:\/\/www.radiopiu.net\/wordpress\/wp-content\/uploads\/2021\/03\/33546369-2da0-4187-ab78-dd3b0c43414e.jpg 592w\" sizes=\"auto, (max-width: 300px) 100vw, 300px\" \/><\/a>\n\t\t\t\t<\/dt><\/dl><br style=\"clear: both\" \/>\n\t\t\t<\/div>\n\n<p>&nbsp;<\/p>\n<p>&nbsp;<\/p>\n<hr \/>\n<p>&nbsp;<\/p>\n<p><strong>SP 3 VAL IMPERINA <\/strong>Fino al 30 aprile (sabato e domenica esclusi) interdizione alla viabilit\u00e0 per lavori di esbosco schianti a fasce orari. Chiusure: dalle 8 alle 9.45; dalle 10 alle 12; dalle 13.45 alle 15.50; dalle 16.10 alle 17.30. Nei periodi non interessati dalla chiusura senso unico alternato con movieri.<\/p>\n<p><img loading=\"lazy\" decoding=\"async\" class=\"wp-image-198719 alignleft\" src=\"https:\/\/www.radiopiu.net\/wordpress\/wp-content\/uploads\/2021\/03\/d1cefc45-a8f4-432d-b66b-ba03ea140813-300x142.jpg\" alt=\"\" width=\"188\" height=\"89\" srcset=\"https:\/\/www.radiopiu.net\/wordpress\/wp-content\/uploads\/2021\/03\/d1cefc45-a8f4-432d-b66b-ba03ea140813-300x142.jpg 300w, https:\/\/www.radiopiu.net\/wordpress\/wp-content\/uploads\/2021\/03\/d1cefc45-a8f4-432d-b66b-ba03ea140813-1024x485.jpg 1024w, https:\/\/www.radiopiu.net\/wordpress\/wp-content\/uploads\/2021\/03\/d1cefc45-a8f4-432d-b66b-ba03ea140813-768x364.jpg 768w, https:\/\/www.radiopiu.net\/wordpress\/wp-content\/uploads\/2021\/03\/d1cefc45-a8f4-432d-b66b-ba03ea140813-1536x728.jpg 1536w, https:\/\/www.radiopiu.net\/wordpress\/wp-content\/uploads\/2021\/03\/d1cefc45-a8f4-432d-b66b-ba03ea140813.jpg 1599w\" sizes=\"auto, (max-width: 188px) 100vw, 188px\" \/><\/p>\n<p>&nbsp;<\/p>\n<p><strong>SP 2 VALLE DEL MIS<\/strong> Dal 25 marzo al 9 aprile (sabato e domenica compresi) senso unico alternato al km 23.460 in prossimit\u00e0 di Gosaldo<\/p>\n<p><strong>SP 26 DIGOMAN\u00a0<\/strong>dal 22 marzo al 3 aprile interdizione totale al traffico in comune di Rivamonte dalle 8 alle 17, domeniche escluse, per lavori di esbosco schianti Vaia. Negli altri orari senso unico alternato regolato da impianto semaforico.<\/p>\n<p>&nbsp;<\/p>\n<hr \/>\n<p>&nbsp;<\/p>\n<h3><a href=\"https:\/\/www.radiopiu.net\/wordpress\/giornale-radiopiu-09-agosto-2018-direttore-mirko-mezzacasa\/acqua\/\" rel=\"attachment wp-att-57052\"><img loading=\"lazy\" decoding=\"async\" class=\" wp-image-57052 alignleft\" src=\"https:\/\/www.radiopiu.net\/wordpress\/wp-content\/uploads\/2018\/08\/ACQUA-300x180.jpeg\" alt=\"\" width=\"172\" height=\"104\" srcset=\"https:\/\/www.radiopiu.net\/wordpress\/wp-content\/uploads\/2018\/08\/ACQUA-300x180.jpeg 300w, https:\/\/www.radiopiu.net\/wordpress\/wp-content\/uploads\/2018\/08\/ACQUA-768x461.jpeg 768w, https:\/\/www.radiopiu.net\/wordpress\/wp-content\/uploads\/2018\/08\/ACQUA-1024x614.jpeg 1024w, https:\/\/www.radiopiu.net\/wordpress\/wp-content\/uploads\/2018\/08\/ACQUA.jpeg 1280w\" sizes=\"auto, (max-width: 172px) 100vw, 172px\" \/><\/a>Gestione Servizi Pubblici informa che a COLLE SANTA LUCIA in LOCALITA&#8217; RUCAVA&#8217;, l&#8217;acqua erogata dall&#8217;acquedotto non \u00e8 potabile e pu\u00f2 essere usata per scopi alimentari SOLO PREVIA bollitura.<\/h3>\n<p>&nbsp;<\/p>\n<p>&nbsp;<\/p>\n<hr \/>\n<p>&nbsp;<\/p>\n<p>&nbsp;<\/p>\n<blockquote>\n<h2>DUE\u00a0 LUTTI IN VALLE DEL BIOIS<\/h2>\n<\/blockquote>\n<p><strong><a href=\"https:\/\/www.radiopiu.net\/wordpress\/giornale-radiopiu-26-marzo-2021-direttore-mirko-mezzacasa\/2eae9756-9e2d-43a5-8090-870d5a43aeee\/\" rel=\"attachment wp-att-199335\"><img loading=\"lazy\" decoding=\"async\" class=\"wp-image-199335 alignleft\" src=\"https:\/\/www.radiopiu.net\/wordpress\/wp-content\/uploads\/2021\/03\/2eae9756-9e2d-43a5-8090-870d5a43aeee-219x300.jpg\" alt=\"\" width=\"86\" height=\"118\" srcset=\"https:\/\/www.radiopiu.net\/wordpress\/wp-content\/uploads\/2021\/03\/2eae9756-9e2d-43a5-8090-870d5a43aeee-219x300.jpg 219w, https:\/\/www.radiopiu.net\/wordpress\/wp-content\/uploads\/2021\/03\/2eae9756-9e2d-43a5-8090-870d5a43aeee.jpg 749w\" sizes=\"auto, (max-width: 86px) 100vw, 86px\" \/><\/a>FALCADE<\/strong> E&#8217; morto\u00a0 Enrico Mariano Piccolin,\u00a0 84 anni, \u00a0fu uno dei primi maestri di sci di Falcade, fin da subito nella scuola sci Val Biois Falcade. Lascia la moglie Nella, i figli Massimo, Amelia e Franco. I funerali domani alle 14.30 a Falcade, la famiglia ha ringraziato il personale del reparto dei medicina di Agordo per l&#8217;amore riservato al loro caro<\/p>\n<p><a href=\"https:\/\/www.radiopiu.net\/wordpress\/giornale-radiopiu-26-marzo-2021-direttore-mirko-mezzacasa\/a359e5f0-157e-4eb4-ab25-7da4ec2a1fa4-2\/\" rel=\"attachment wp-att-199334\"><img loading=\"lazy\" decoding=\"async\" class=\"wp-image-199334 alignleft\" src=\"https:\/\/www.radiopiu.net\/wordpress\/wp-content\/uploads\/2021\/03\/a359e5f0-157e-4eb4-ab25-7da4ec2a1fa4-1-210x300.jpg\" alt=\"\" width=\"95\" height=\"136\" srcset=\"https:\/\/www.radiopiu.net\/wordpress\/wp-content\/uploads\/2021\/03\/a359e5f0-157e-4eb4-ab25-7da4ec2a1fa4-1-210x300.jpg 210w, https:\/\/www.radiopiu.net\/wordpress\/wp-content\/uploads\/2021\/03\/a359e5f0-157e-4eb4-ab25-7da4ec2a1fa4-1.jpg 717w\" sizes=\"auto, (max-width: 95px) 100vw, 95px\" \/><\/a><strong>CANALE D&#8217;AGORDO <\/strong>i \u00e8 spento a 92 anni Ovidio Busin di Pisoliva (Canele d&#8217;Agordo), noto fondista degli anni Cinquanta.\u00a0 Lascia la moglie AnnaMaria, i figli Maurizio e Paolo, la nuora Dora, i nipoti Simone, Petra e Martino. I funerali domani alle 14.30 a Caviola, anche in questo caso dalla famiglia un ringraziamento al reparto medicina di Agordo e al dottor Tomaselli<\/p>\n<p>&nbsp;<\/p>\n<p>`<\/p>\n<hr \/>\n<blockquote>\n<h3><\/h3>\n<h3>OGGI LO SCIOPERO DEL TRASPORTO PUBBLICO LOCALE<\/h3>\n<\/blockquote>\n<p><strong><a href=\"https:\/\/www.radiopiu.net\/wordpress\/comunicato-unitario-delle-sigle-sindacali-per-le-misure-di-protezione-dei-lavoratori-nei-posti-di-lavoro\/sindacati\/\" rel=\"attachment wp-att-121809\"><img loading=\"lazy\" decoding=\"async\" class=\"size-medium wp-image-121809 alignleft\" src=\"https:\/\/www.radiopiu.net\/wordpress\/wp-content\/uploads\/2020\/03\/SINDACATI-300x300.jpg\" alt=\"\" width=\"300\" height=\"300\" srcset=\"https:\/\/www.radiopiu.net\/wordpress\/wp-content\/uploads\/2020\/03\/SINDACATI-300x300.jpg 300w, https:\/\/www.radiopiu.net\/wordpress\/wp-content\/uploads\/2020\/03\/SINDACATI-1024x1024.jpg 1024w, https:\/\/www.radiopiu.net\/wordpress\/wp-content\/uploads\/2020\/03\/SINDACATI-150x150.jpg 150w, https:\/\/www.radiopiu.net\/wordpress\/wp-content\/uploads\/2020\/03\/SINDACATI-768x768.jpg 768w, https:\/\/www.radiopiu.net\/wordpress\/wp-content\/uploads\/2020\/03\/SINDACATI-1536x1536.jpg 1536w, https:\/\/www.radiopiu.net\/wordpress\/wp-content\/uploads\/2020\/03\/SINDACATI.jpg 2048w\" sizes=\"auto, (max-width: 300px) 100vw, 300px\" \/><\/a>BELLUNO<\/strong> Giornata impegnativa per i pendolari del trasporto pubblico locale che oggi dovranno fare i conti con lo sciopero di 24 ore indetto dalle sigle sindacali. Cgil, Cisl e Uil, con un comunicato unitario, spiegano le motivazioni dello stop. Saranno 2 le fasce di garanzia del servizio: 5.40-8.09 e 12.10-15.39<\/p>\n<p><strong>\u00a0DALLE SIGLE SINDACALI<\/strong><\/p>\n<blockquote><p><em>Anche in Provincia oggi si fermeranno le corriere e gli autobus, aderendo allo sciopero nazionale del settore del trasporto publico locale. Incroceranno le braccia i 160 autisti e il personale degli uffici, delle officine. Si tratta della seconda azione di sciopero, a distanza di un mese dalla prima, di 4 ore. Scioperiamo convintamente chiedendo il rinnovo del CCNL, scaduto da quasi 4 anni. Durante questa pandemia i lavoratori del trasporto pubblico hanno pagato un prezzo altissimo: prima la cassa integrazione, poi la ripresa del servizio garantendo, in piena emergenza, la mobilit\u00e0 delle persone. Svolgono il proprio lavoro mettendo a rischio la propria stessa incolumit\u00e0 e la sicurezza; lo fanno con passione e professionalit\u00e0, credendo nell\u2019importanza del trasporto pubblico, soprattutto per il nostro territorio. La mobilit\u00e0 per studenti, per pendolari, per cittadini, anziani e turisti \u00e8 un bene prezioso per l\u2019intero territorio, da tutelare prima di tutto il resto. Lo fanno malgrado l\u2019evidente continuo peggioramento delle condizioni di lavoro, con turni sempre pi\u00f9 lunghi e disagiati cui non corrisponde un adeguamento economico. Chiediamo il riconoscimento del lavoro svolto, in termini economici e normativi. Lo chiediamo con urgenza, per restituire la dignit\u00e0 ad un lavoro essenziale, svolto con passione e professionalit\u00e0. Lo chiediamo per dare una risposta urgente al perch\u00e9 in Provincia sia sempre pi\u00f9 difficile \u201ctrovare qualcuno che faccia l\u2019autista\u201d e perch\u00e9 si assista ad un turn over mai visto prima. La pandemia ha fatto emergere con ancora pi\u00f9 urgenza la necessit\u00e0 di una riorganizzazione della mobilit\u00e0 nel suo insieme e di un complessivo ripensamento futuro. In questa discussione il ccnl conferma la sua funzione essenziale, per affrontare, anche a livello locale, le sfide future della mobilit\u00e0 che coinvolgeranno inevitabilmente le nostre citt\u00e0 e il nostro territorio. Gli autoferrotranvieri di Belluno chiedono il sostegno e la solidariet\u00e0 di tutti i cittadini nella loro battaglia: solo una buona occupazione, di qualit\u00e0, riesce a garantire la qualit\u00e0 del servizio e la soddisfazione dei bisogni della collettivit\u00e0.<\/em><\/p><\/blockquote>\n<p>&nbsp;<\/p>\n<blockquote>\n<h3>OGGI IN CASO DI SCIOPERO DEI TRASPORTI, DISAGI PER I LAVORATORI LUXOTTICA<\/h3>\n<\/blockquote>\n<p><strong><a href=\"https:\/\/www.radiopiu.net\/wordpress\/rinnovo-abbonamenti-anno-scolastico-2018-2019-dolomiti-bus\/dolomitibus-3\/\" rel=\"attachment wp-att-59158\"><img loading=\"lazy\" decoding=\"async\" class=\"wp-image-59158 alignleft\" src=\"https:\/\/www.radiopiu.net\/wordpress\/wp-content\/uploads\/2018\/08\/dolomitibus-300x200.jpeg\" alt=\"\" width=\"168\" height=\"112\" srcset=\"https:\/\/www.radiopiu.net\/wordpress\/wp-content\/uploads\/2018\/08\/dolomitibus-300x200.jpeg 300w, https:\/\/www.radiopiu.net\/wordpress\/wp-content\/uploads\/2018\/08\/dolomitibus.jpeg 621w\" sizes=\"auto, (max-width: 168px) 100vw, 168px\" \/><\/a>AGORDO<\/strong>\u00a0 Oggi salvo\u00a0 revoche, sciopero dei trasporti. Le fasce orarie garantite sono limitate e la grande maggioranza degli utenti Luxottica si trover\u00e0 a non avere garantita l&#8217;andata oppure il rientro o entrambi, compresi i turnisti notturni. <em>&#8220;Poich\u00e9 le limitazioni covid sul numero di persone trasportabili in auto andranno ad aumentare ulteriormente il numero di veicoli utilizzati &#8211; anticipano i delegati Uiltec-Uil della Luxottica di Agordo &#8211;\u00a0 sar\u00e0 una giornata impegnativa per code e parcheggi. Ricordiamo che al cambio turno mattina \/ pomeriggio la sbarra di ingresso in Luxottica viene normalmente aperta alle 13.50 quindi chi intende parcheggiare all&#8217;interno dovrebbe arrivare dalle 13.50 in poi per non bloccare il traffico mentre attende l&#8217;apertura&#8221;.<\/em><\/p>\n\n\t\t\t<style type='text\/css'>\n\t\t\t\t#gallery-2 {\n\t\t\t\t\tmargin: auto;\n\t\t\t\t}\n\t\t\t\t#gallery-2 .gallery-item {\n\t\t\t\t\tfloat: left;\n\t\t\t\t\tmargin-top: 10px;\n\t\t\t\t\ttext-align: center;\n\t\t\t\t\twidth: 50%;\n\t\t\t\t}\n\t\t\t\t#gallery-2 img {\n\t\t\t\t\tborder: 2px solid #cfcfcf;\n\t\t\t\t}\n\t\t\t\t#gallery-2 .gallery-caption {\n\t\t\t\t\tmargin-left: 0;\n\t\t\t\t}\n\t\t\t\t\/* see gallery_shortcode() in wp-includes\/media.php *\/\n\t\t\t<\/style>\n\t\t<div id='gallery-2' class='dt-gallery-container gallery galleryid-199133 gallery-columns-2 gallery-size-medium'><dl class='gallery-item'>\n\t\t\t\t<dt class='gallery-icon portrait'>\n\t\t\t\t\t<a class=\"rollover rollover-zoom dt-pswp-item\" title=\"00348218-f8b0-45e3-a894-c7bae76b0114\" data-dt-img-description=\"\" data-large_image_width=\"720\" data-large_image_height=\"1019\"href='https:\/\/www.radiopiu.net\/wordpress\/wp-content\/uploads\/2021\/03\/00348218-f8b0-45e3-a894-c7bae76b0114.jpg'><img loading=\"lazy\" decoding=\"async\" width=\"212\" height=\"300\" src=\"https:\/\/www.radiopiu.net\/wordpress\/wp-content\/uploads\/2021\/03\/00348218-f8b0-45e3-a894-c7bae76b0114-212x300.jpg\" class=\"attachment-medium size-medium\" alt=\"\" srcset=\"https:\/\/www.radiopiu.net\/wordpress\/wp-content\/uploads\/2021\/03\/00348218-f8b0-45e3-a894-c7bae76b0114-212x300.jpg 212w, https:\/\/www.radiopiu.net\/wordpress\/wp-content\/uploads\/2021\/03\/00348218-f8b0-45e3-a894-c7bae76b0114.jpg 720w\" sizes=\"auto, (max-width: 212px) 100vw, 212px\" \/><\/a>\n\t\t\t\t<\/dt><\/dl><dl class='gallery-item'>\n\t\t\t\t<dt class='gallery-icon portrait'>\n\t\t\t\t\t<a class=\"rollover rollover-zoom dt-pswp-item\" title=\"379ed41e-3064-4e2c-8f06-71998c78a2de\" data-dt-img-description=\"\" data-large_image_width=\"643\" data-large_image_height=\"934\"href='https:\/\/www.radiopiu.net\/wordpress\/wp-content\/uploads\/2021\/03\/379ed41e-3064-4e2c-8f06-71998c78a2de.jpg'><img loading=\"lazy\" decoding=\"async\" width=\"207\" height=\"300\" src=\"https:\/\/www.radiopiu.net\/wordpress\/wp-content\/uploads\/2021\/03\/379ed41e-3064-4e2c-8f06-71998c78a2de-207x300.jpg\" class=\"attachment-medium size-medium\" alt=\"\" srcset=\"https:\/\/www.radiopiu.net\/wordpress\/wp-content\/uploads\/2021\/03\/379ed41e-3064-4e2c-8f06-71998c78a2de-207x300.jpg 207w, https:\/\/www.radiopiu.net\/wordpress\/wp-content\/uploads\/2021\/03\/379ed41e-3064-4e2c-8f06-71998c78a2de.jpg 643w\" sizes=\"auto, (max-width: 207px) 100vw, 207px\" \/><\/a>\n\t\t\t\t<\/dt><\/dl><br style=\"clear: both\" \/>\n\t\t\t<\/div>\n\n<p>&nbsp;<\/p>\n<hr \/>\n<p>&nbsp;<\/p>\n<blockquote>\n<h3>VACCINAZIONI LIBERE A PALUDI PER I NATI NEL &#8217;38-&#8217;39<\/h3>\n<\/blockquote>\n<p><span style=\"font-family: Calibri, sans-serif;\"><span style=\"font-size: large;\"><strong><img loading=\"lazy\" decoding=\"async\" class=\"alignleft\" src=\"https:\/\/www.radiopiu.net\/wordpress\/wp-content\/uploads\/2021\/01\/Tamponi-Paludi-1.jpg\" width=\"228\" height=\"128\" \/>BELLUNO <\/strong>Dopo la sperimentazione delle scorse settimane dell\u2019accesso libero, \u00e8 stata attivata un\u2019ulteriore seduta per i nati nel 1938 e 1939 che non sono ancora stati vaccinati ad accesso libero in modalit\u00e0 drive in,\u00a0 oggi dalle 14 alle 18 al punto vaccinale di Alpago Paludi. Si invitano i nati nel 1938 e 1939 non ancora vaccinati nelle seguenti fasce orarie per meglio gestire i flussi: dalle 14 alle 15: nati nei mesi di gennaio, febbraio, marzo;\u00a0 dalle 15 alle 16 nati nei mesi di aprile, maggio, giugno;\u00a0 dalle 16 alle 17 nati nei mesi di luglio, agosto, settembre;\u00a0 dalle 17 alle 18 nati nei mesi di ottobre, novembre, dicembre. Le vaccinazioni saranno eseguite in modalit\u00e0 drive in.<\/span><\/span><\/p>\n<p>&nbsp;<\/p>\n<hr \/>\n<p>&nbsp;<\/p>\n<blockquote>\n<h3>ESSILORLUXOTTICA, ACCORDO PER L&#8217;ACQUISIZIONE DI WALMAN NEGLI STATI UNITI<\/h3>\n<\/blockquote>\n<p><span class=\"s1\"><strong><a href=\"https:\/\/www.radiopiu.net\/wordpress\/dt_gallery\/__trashed\/essilorluxottica-2\/\" rel=\"attachment wp-att-193540\"><img loading=\"lazy\" decoding=\"async\" class=\"size-medium wp-image-193540 alignleft\" src=\"https:\/\/www.radiopiu.net\/wordpress\/wp-content\/uploads\/2021\/02\/ESSILORLUXOTTICA-300x170.png\" alt=\"\" width=\"300\" height=\"170\" srcset=\"https:\/\/www.radiopiu.net\/wordpress\/wp-content\/uploads\/2021\/02\/ESSILORLUXOTTICA-300x170.png 300w, https:\/\/www.radiopiu.net\/wordpress\/wp-content\/uploads\/2021\/02\/ESSILORLUXOTTICA-1024x579.png 1024w, https:\/\/www.radiopiu.net\/wordpress\/wp-content\/uploads\/2021\/02\/ESSILORLUXOTTICA-768x434.png 768w, https:\/\/www.radiopiu.net\/wordpress\/wp-content\/uploads\/2021\/02\/ESSILORLUXOTTICA.png 1320w\" sizes=\"auto, (max-width: 300px) 100vw, 300px\" \/><\/a>CHARENTON-LE-PONT, FRANCIA E MINNEAPOLIS, MINNESOTA USA<\/strong> EssilorLuxottica ha stipulato un accordo per acquisire la rete di laboratori Walman negli Stati Uniti. Walman, che da pi\u00f9 di 100 anni \u00e8 uno dei principali partner nell\u2019ambito della cura della vista a livello locale, beneficer\u00e0 della focalizzazione di EssilorLuxottica sull&#8217;innovazione di prodotto e di servizio per generare nuove opportunit\u00e0 di crescita. Pur rappresentando il pi\u00f9 grande mercato al mondo per il settore dell\u2019ottica, gli Stati Uniti offrono ancora molte opportunit\u00e0 da esplorare. Dalle lenti progressive e antiriflesso, allo sviluppo di soluzioni per la gestione della miopia, sono tante le categorie che richiedono risorse per crescere in un settore competitivo. L&#8217;investimento di EssilorLuxottica in Walman consentir\u00e0 ai clienti di far leva sulle opportunit\u00e0 esistenti e future per contribuire allo sviluppo del mercato. &#8220;<em>Walman \u00e8 un&#8217;azienda che ammiriamo e di cui siamo partner di lunga data: condividiamo la stessa attenzione al cliente e la ricerca continua di standard di servizio sempre pi\u00f9 elevati. Abbiamo altres\u00ec in comune l\u2019esperienza della partecipazione azionaria dei dipendenti, importante elemento di cultura aziendale che ci rende ancora pi\u00f9 vicini. Walman ha maturato una solida reputazione e relazioni di qualit\u00e0 e continueremo a investire sui punti di forza che rendono la societ\u00e0 un partner di riferimento per l\u2019intero settore<\/em>&#8220;, hanno commentato Francesco Milleri e Paul du Saillant, rispettivamente Amministratore Delegato e Vice Amministratore Delegato di EssilorLuxottica. Walman ha una rete di 35 siti negli Stati Uniti tra laboratori di rifinitura di lenti graduate e hub di strumenti ottici e prodotti per la cura della vista. Anche nell\u2019ambito del gruppo EssilorLuxottica, Walman continuer\u00e0 a operare nel mercato con il suo marchio, offrendo ai clienti lo stesso livello di qualit\u00e0 in termini di servizio, prodotto e relazione che si aspettano. &#8220;<em>L&#8217;investimento di EssilorLuxottica in Walman \u00e8 un importante passo avanti per i nostri clienti e dipendenti<\/em>&#8220;, ha affermato Marty Bassett, Presidente e Amministratore Delegato di Walman. \u201c<em>Era giunto il momento per Walman di trovare un partner che la affiancasse per sostenere i suoi futuri successi. Abbiamo scelto EssilorLuxottica perch\u00e9 condividiamo gli stessi valori e perch\u00e9 il Gruppo ha dato gi\u00e0 prova in passato di saper valorizzare collaborazioni con aziende indipendenti con l\u2019obiettivo di accelerarne la crescita e preservarne lo spirito imprenditoriale e la cultura aziendale che sono alla base del loro successo<\/em>&#8220;. L\u2019operazione dovrebbe concludersi nei prossimi mesi ed \u00e8 soggetta all\u2018approvazione delle autorit\u00e0 regolatorie competenti e alle consuete condizioni di mercato.<\/span><\/p>\n<p>&nbsp;<\/p>\n<p>&nbsp;<\/p>\n<hr \/>\n<p>&nbsp;<\/p>\n<h2>RIECCOLA LE LEONESSA DA TASTIERA E DA AULE DI TRIBUNALE<\/h2>\n<blockquote>\n<h3>OGGI SUL CORRIERE DELLE ALPI DI GIGI SOSSO<\/h3>\n<\/blockquote>\n<p><strong>La &#8220;turista&#8221; ritorna all&#8217;attacco \u00abProcesso farsa contro di me\u00bb<\/strong><\/p>\n<p><strong><a href=\"https:\/\/www.radiopiu.net\/wordpress\/i-magazzini-comunali-si-facciano-altrove-non-a-congiuo-lo-chiede-il-consigliere-diana-iraci-borgia-la-risposta-del-sindaco\/whatsapp-image-2020-08-18-at-08-41-53\/\" rel=\"attachment wp-att-155845\"><img loading=\"lazy\" decoding=\"async\" class=\"wp-image-155845 alignleft\" src=\"https:\/\/www.radiopiu.net\/wordpress\/wp-content\/uploads\/2020\/08\/WhatsApp-Image-2020-08-18-at-08.41.53-300x225.jpeg\" alt=\"\" width=\"185\" height=\"139\" srcset=\"https:\/\/www.radiopiu.net\/wordpress\/wp-content\/uploads\/2020\/08\/WhatsApp-Image-2020-08-18-at-08.41.53-300x225.jpeg 300w, https:\/\/www.radiopiu.net\/wordpress\/wp-content\/uploads\/2020\/08\/WhatsApp-Image-2020-08-18-at-08.41.53-1024x768.jpeg 1024w, https:\/\/www.radiopiu.net\/wordpress\/wp-content\/uploads\/2020\/08\/WhatsApp-Image-2020-08-18-at-08.41.53-768x576.jpeg 768w, https:\/\/www.radiopiu.net\/wordpress\/wp-content\/uploads\/2020\/08\/WhatsApp-Image-2020-08-18-at-08.41.53-1536x1152.jpeg 1536w, https:\/\/www.radiopiu.net\/wordpress\/wp-content\/uploads\/2020\/08\/WhatsApp-Image-2020-08-18-at-08.41.53.jpeg 1600w\" sizes=\"auto, (max-width: 185px) 100vw, 185px\" \/><\/a>ROCCA PIETORE<\/strong> La turista colpisce ancora. Persevera su Facebook. Mentre \u00e8 a processo per diffamazione aggravata agli abitanti di Rocca Pietore (\u00ablazzaroni e assistenzialisti\u00bb) e al sindaco di Livinallongo, Leandro Grones (\u00abfalso, ipocrita e pure cerebroleso\u00bb), la bresciana Laura Internicola ha scritto un altro post, nel quale parla di processo farsa e di estorsione legalizzata. Il bersaglio \u00e8 di nuovo Rocca, a proposito del piano di rilancio di Malga Ciapela da cinque milioni di euro; l&#8217;accusa di tentata estorsione \u00e8 per il primo cittadino Andrea De Bernardin. La prossima udienza del procedimento penale \u00e8 stata messa in calendario per il 5 ottobre, \u00abin attesa di sciogliere la riserva circa l&#8217;ammissibilit\u00e0 delle prove sul processo farsa\/estorsione legalizzata contro di me\u00bb, scrive la turista sul suo profilo, \u00abquesta gravissima prova aggiungo agli atti, dopo di che il signor De Bernardin finisce dritto denunciato alla Corte dei Conti, in Commissione Tributaria e se necessario alla Corte europea dei diritti dell&#8217;uomo\u00bb&#8230;&#8230; <span style=\"color: #ff0000;\">l&#8217;articolo completo sul quotidiano in edicola<\/span><\/p>\n<p>&nbsp;<\/p>\n<hr \/>\n<p>&nbsp;<\/p>\n<blockquote>\n<h3>DISINFEZIONE ALLA MOTORIZZAZIONE: CHIUSA, MA POCHI LO SAPEVANO<\/h3>\n<\/blockquote>\n<p><strong><img loading=\"lazy\" decoding=\"async\" class=\"alignleft\" src=\"https:\/\/www.radiopiu.net\/wordpress\/wp-content\/uploads\/2021\/03\/88d93b8f-7cbc-43d1-b127-dece0eefbde4.jpg\" width=\"225\" height=\"169\" \/>BELLUNO<\/strong>\u00a0 Un imprenditore agordino ieri mattina si era organizzato per bene, tre camion e due rimorchi\u00a0 con tre autisti,\u00a0 messi in strada ma non per il cantiere, piuttosto per la sede bellunese della Motorizzazione Civile per il tanto atteso appuntamento con la revisione.<em> &#8220;Attesissimo visti i tempi di covid19 -ci racconta l&#8217;imprenditore &#8211; si va da un rinvio ad un appuntamento, questo era in calendario da un mese e mezzo&#8221;<\/em>. Dopo un mese e mezzo quindi, finalmente, la calata da Agordo con partenza alle sei prima del sorgere del sole per arrivare puntuali a Belluno, 30 chilometri pi\u00f9 gi\u00f9, 60 compreso il ritorno. <em>&#8220;Ci siamo messi in coda molto presto, gi\u00e0 alle 7.30 perch\u00e9 funziona cos\u00ec chi prima arriva, prima se ne va e io avevo fretta di andarmene per portare uomini e mezzi nei cantieri di lavoro&#8221;. <\/em>Probabilmente gli appuntamenti presi dalla Motorizzazione per ieri mattina non erano pochi visto che in un&#8217;ora, tra le 7.30 e le 8.30 si \u00e8 formata una lunga colonna fino alla strada principale, al punto che anche una pattuglia della Polizia\u00a0 Stradale ha controllato cosa stava succedendo pronta ad intervenire in caso di assembramenti che ovviamente non ci sono stati visto che ognuno era ben protetto nel suo mezzo da esaminare. <em>&#8220;Alle 8.30 &#8211; racconta l&#8217;imprenditore agordino &#8211; quando abbiamo visto che i cancelli non si aprivano ci siamo avvicinati scoprendo un piccolo cartello formato A4\u00a0 allacciato al cancello con scritto: uffici chiusi da domani (oggi ndr.) e fino a sabato per operazioni di disinfezione&#8221;<\/em> Le sedute di esame e le operazioni tecniche programmate sono quindi saltate tra l&#8217;ira non solo dell&#8217;imprenditore agordino ma anche di tutti gli altri. <em>&#8220;In tempi di grande tecnologia e visto che lo sapevamo ieri visto che il cartello riporta &#8220;domani&#8221;, ci voleva tanto ad avvisarci con una mail? Una telefonata? Un piccione viaggiatore? E&#8217; mai possibile che noi dobbiamo essere precisi rischiando di\u00a0 perdere giornate intere se non va una lucina o un catarifrangente (come \u00e8 giusto che sia)\u00a0 e la Motorizzazione non riesca ad organizzarsi nel rispetto di chi come loro lavora? Ho perso mezza giornata, ci ho rimesso i soldi per uomini e mezzi scesi a Belluno e ho perso inoltre un&#8217;intera mattina a chiamare un numero di telefono senza ottenere uno straccio di risposta&#8221;.<\/em><\/p>\n<p>&nbsp;<\/p>\n<p>&nbsp;<\/p>\n<hr \/>\n<p>&nbsp;<\/p>\n<blockquote>\n<h3>BIANCA ZOLETTO E IL SOGNO DI TRASFERIRSI A GOSALDO<\/h3>\n<\/blockquote>\n<p><strong>GOSALDO<\/strong><\/p>\n<p>di Gianni Santomaso<\/p>\n<audio class=\"wp-audio-shortcode\" id=\"audio-199133-1\" preload=\"none\" style=\"width: 100%;\" controls=\"controls\"><source type=\"audio\/mpeg\" src=\"https:\/\/www.radiopiu.net\/wordpress\/wp-content\/uploads\/2021\/03\/GIANNI-GOSALDO-GEO-GEO-RAI-3.mp3?_=1\" \/><a href=\"https:\/\/www.radiopiu.net\/wordpress\/wp-content\/uploads\/2021\/03\/GIANNI-GOSALDO-GEO-GEO-RAI-3.mp3\">https:\/\/www.radiopiu.net\/wordpress\/wp-content\/uploads\/2021\/03\/GIANNI-GOSALDO-GEO-GEO-RAI-3.mp3<\/a><\/audio>\n<p>&nbsp;<\/p>\n\n\t\t\t<style type='text\/css'>\n\t\t\t\t#gallery-3 {\n\t\t\t\t\tmargin: auto;\n\t\t\t\t}\n\t\t\t\t#gallery-3 .gallery-item {\n\t\t\t\t\tfloat: left;\n\t\t\t\t\tmargin-top: 10px;\n\t\t\t\t\ttext-align: center;\n\t\t\t\t\twidth: 20%;\n\t\t\t\t}\n\t\t\t\t#gallery-3 img {\n\t\t\t\t\tborder: 2px solid #cfcfcf;\n\t\t\t\t}\n\t\t\t\t#gallery-3 .gallery-caption {\n\t\t\t\t\tmargin-left: 0;\n\t\t\t\t}\n\t\t\t\t\/* see gallery_shortcode() in wp-includes\/media.php *\/\n\t\t\t<\/style>\n\t\t<div id='gallery-3' class='dt-gallery-container gallery galleryid-199133 gallery-columns-5 gallery-size-thumbnail'><dl class='gallery-item'>\n\t\t\t\t<dt class='gallery-icon portrait'>\n\t\t\t\t\t<a class=\"rollover\" href='https:\/\/www.radiopiu.net\/wordpress\/bianca-zoletto-e-il-sogno-di-trasferirsi-a-gosaldo\/img_4176\/'><img loading=\"lazy\" decoding=\"async\" width=\"150\" height=\"150\" src=\"https:\/\/www.radiopiu.net\/wordpress\/wp-content\/uploads\/2021\/03\/IMG_4176-150x150.jpg\" class=\"attachment-thumbnail size-thumbnail\" alt=\"\" \/><\/a>\n\t\t\t\t<\/dt><\/dl><dl class='gallery-item'>\n\t\t\t\t<dt class='gallery-icon landscape'>\n\t\t\t\t\t<a class=\"rollover\" href='https:\/\/www.radiopiu.net\/wordpress\/bianca-zoletto-e-il-sogno-di-trasferirsi-a-gosaldo\/img_6291\/'><img loading=\"lazy\" decoding=\"async\" width=\"150\" height=\"150\" src=\"https:\/\/www.radiopiu.net\/wordpress\/wp-content\/uploads\/2021\/03\/IMG_6291-150x150.jpg\" class=\"attachment-thumbnail size-thumbnail\" alt=\"\" \/><\/a>\n\t\t\t\t<\/dt><\/dl><dl class='gallery-item'>\n\t\t\t\t<dt class='gallery-icon landscape'>\n\t\t\t\t\t<a class=\"rollover\" href='https:\/\/www.radiopiu.net\/wordpress\/bianca-zoletto-e-il-sogno-di-trasferirsi-a-gosaldo\/img_6296\/'><img loading=\"lazy\" decoding=\"async\" width=\"150\" height=\"150\" src=\"https:\/\/www.radiopiu.net\/wordpress\/wp-content\/uploads\/2021\/03\/IMG_6296-150x150.jpg\" class=\"attachment-thumbnail size-thumbnail\" alt=\"\" \/><\/a>\n\t\t\t\t<\/dt><\/dl><dl class='gallery-item'>\n\t\t\t\t<dt class='gallery-icon landscape'>\n\t\t\t\t\t<a class=\"rollover\" href='https:\/\/www.radiopiu.net\/wordpress\/bianca-zoletto-e-il-sogno-di-trasferirsi-a-gosaldo\/img_6349\/'><img loading=\"lazy\" decoding=\"async\" width=\"150\" height=\"150\" src=\"https:\/\/www.radiopiu.net\/wordpress\/wp-content\/uploads\/2021\/03\/IMG_6349-150x150.jpg\" class=\"attachment-thumbnail size-thumbnail\" alt=\"\" \/><\/a>\n\t\t\t\t<\/dt><\/dl><dl class='gallery-item'>\n\t\t\t\t<dt class='gallery-icon landscape'>\n\t\t\t\t\t<a class=\"rollover\" href='https:\/\/www.radiopiu.net\/wordpress\/bianca-zoletto-e-il-sogno-di-trasferirsi-a-gosaldo\/whatsapp-image-2021-03-25-at-19-15-04\/'><img loading=\"lazy\" decoding=\"async\" width=\"150\" height=\"150\" src=\"https:\/\/www.radiopiu.net\/wordpress\/wp-content\/uploads\/2021\/03\/WhatsApp-Image-2021-03-25-at-19.15.04-150x150.jpeg\" class=\"attachment-thumbnail size-thumbnail\" alt=\"\" \/><\/a>\n\t\t\t\t<\/dt><\/dl><br style=\"clear: both\" \/>\n\t\t\t<\/div>\n\n<p>&nbsp;<\/p>\n<hr \/>\n<p>&nbsp;<\/p>\n<blockquote>\n<h3>L&#8217;AZIENDA SPECIALE CONSORTILE AGORDINA CONTINUA A CERCARE OSS<\/h3>\n<\/blockquote>\n<p><strong><a href=\"https:\/\/www.radiopiu.net\/wordpress\/asca-ricerca-personale-infermieristico\/asca-4\/\" rel=\"attachment wp-att-128881\"><img loading=\"lazy\" decoding=\"async\" class=\"wp-image-128881 alignleft\" src=\"https:\/\/www.radiopiu.net\/wordpress\/wp-content\/uploads\/2020\/04\/ASCA-300x165.png\" alt=\"\" width=\"147\" height=\"81\" srcset=\"https:\/\/www.radiopiu.net\/wordpress\/wp-content\/uploads\/2020\/04\/ASCA-300x165.png 300w, https:\/\/www.radiopiu.net\/wordpress\/wp-content\/uploads\/2020\/04\/ASCA-1024x565.png 1024w, https:\/\/www.radiopiu.net\/wordpress\/wp-content\/uploads\/2020\/04\/ASCA-768x424.png 768w, https:\/\/www.radiopiu.net\/wordpress\/wp-content\/uploads\/2020\/04\/ASCA.png 1211w\" sizes=\"auto, (max-width: 147px) 100vw, 147px\" \/><\/a>AGORDO<\/strong> ASCA ha emanato l&#8217;avviso di selezione per l\u2019inserimento a tempo determinato e a tempo pieno e parziale di\u00a0 Operatori Socio Sanitari presso la Residenza Sanitaria Anziani\u00a0 di Agordo. Contratto Uneba, livello 4S, ASCA prevede in aggiunta un superminimo annuo pari a 2.502,39\u00a0 euro lordi annui. Per informazioni \u00e8 possibile rivolgersi agli uffici amministrativi di ASCA, e-mail: amministrazione@servizisocialiasca.it<\/p>\n<p>&nbsp;<\/p>\n<hr \/>\n<p>&nbsp;<\/p>\n<blockquote>\n<h3>QUATTRO NUOVI PARCHEGGI A DISCO ORARIO<\/h3>\n<\/blockquote>\n<p><strong><a href=\"https:\/\/www.radiopiu.net\/wordpress\/giornale-radiopiu-26-marzo-2021-direttore-mirko-mezzacasa\/th-75\/\" rel=\"attachment wp-att-199322\"><img loading=\"lazy\" decoding=\"async\" class=\"wp-image-199322 alignleft\" src=\"https:\/\/www.radiopiu.net\/wordpress\/wp-content\/uploads\/2021\/03\/th-18.jpg\" alt=\"\" width=\"109\" height=\"82\" \/><\/a>PONTE NELLE ALPI\u00a0<\/strong><\/p>\n<p><strong>di DAMIANO TORMEN<\/strong><\/p>\n<audio class=\"wp-audio-shortcode\" id=\"audio-199133-2\" preload=\"none\" style=\"width: 100%;\" controls=\"controls\"><source type=\"audio\/mpeg\" src=\"https:\/\/www.radiopiu.net\/wordpress\/wp-content\/uploads\/2021\/03\/damiano-2.mp3?_=2\" \/><a href=\"https:\/\/www.radiopiu.net\/wordpress\/wp-content\/uploads\/2021\/03\/damiano-2.mp3\">https:\/\/www.radiopiu.net\/wordpress\/wp-content\/uploads\/2021\/03\/damiano-2.mp3<\/a><\/audio>\n<p>&nbsp;<\/p>\n<hr \/>\n<p>&nbsp;<\/p>\n<blockquote>\n<h3>CHIUDE LA TIPOGRAFIA PIAVE<\/h3>\n<\/blockquote>\n<p><strong>BELLUNO<\/strong> Dopo 158 anni la tipografia chiude definitivamente, sar\u00e0 messa in liquidazione dalla Diocesi, licenziati i nove dipendenti. E&#8217; un effetto della crisi dell&#8217;editoria e dell&#8217;avvento della nuova tecnologia. Scrive L&#8217;Amico Del Popolo: <em>&#8220;Malgrado i tentativi di ampliare la tipologia dei propri servizi ora la Tipografia Piave \u00e8 stata messa in liquidazione e quindi nei prossimi mesi chiuder\u00e0 l\u2019attivit\u00e0. In questa fase \u2013 continua il comunicato \u2013 la Direzione della Tipografia si \u00e8 preoccupata innanzitutto dei dipendenti e sta cercando di aiutarli ad inserirsi in altre aziende e, nel contempo, sta studiando alcune proposte da fare alla Diocesi per il proseguo dei servizi agli Uffici pastorali e alle Parrocchie&#8221;.<\/em><\/p>\n<p>&nbsp;<\/p>\n<p>&nbsp;<\/p>\n<hr \/>\n<p>&nbsp;<\/p>\n<blockquote class=\"wp-embedded-content\" data-secret=\"HGLnFAs3lM\"><p><a href=\"https:\/\/www.radiopiu.net\/wordpress\/aggmar25\/\">CORONAVIRUS: AGGIORNAMENTO NAZIONALE 25 MARZO 2021<\/a><\/p><\/blockquote>\n<p><iframe loading=\"lazy\" class=\"wp-embedded-content\" sandbox=\"allow-scripts\" security=\"restricted\" style=\"position: absolute; clip: rect(1px, 1px, 1px, 1px);\" title=\"&#8220;CORONAVIRUS: AGGIORNAMENTO NAZIONALE 25 MARZO 2021&#8221; &#8212; Radio Pi\u00f9\" src=\"https:\/\/www.radiopiu.net\/wordpress\/aggmar25\/embed\/#?secret=HGLnFAs3lM\" data-secret=\"HGLnFAs3lM\" width=\"600\" height=\"338\" frameborder=\"0\" marginwidth=\"0\" marginheight=\"0\" scrolling=\"no\"><\/iframe><\/p>\n<p>&nbsp;<\/p>\n<hr \/>\n<p>&nbsp;<\/p>\n<blockquote class=\"wp-embedded-content\" data-secret=\"xZahbbT6lf\"><p><a href=\"https:\/\/www.radiopiu.net\/wordpress\/sono-1880-le-nuove-positivita-in-veneto-delle-ultime-24-ore-calano-i-ricoveri-in-area-non-critica-ma-aumentano-le-terapie-intensive-34-decessi-a-belluno-80-positivi-in-piu\/\">SONO 1880 LE NUOVE POSITIVITA&#8217; IN VENETO DELLE ULTIME 24 ORE. CALANO I RICOVERI IN AREA NON CRITICA MA AUMENTANO LE TERAPIE INTENSIVE, 34 DECESSI. A BELLUNO 80 POSITIVI IN PIU&#8217;<\/a><\/p><\/blockquote>\n<p><iframe loading=\"lazy\" class=\"wp-embedded-content\" sandbox=\"allow-scripts\" security=\"restricted\" style=\"position: absolute; clip: rect(1px, 1px, 1px, 1px);\" title=\"&#8220;SONO 1880 LE NUOVE POSITIVITA&#8217; IN VENETO DELLE ULTIME 24 ORE. CALANO I RICOVERI IN AREA NON CRITICA MA AUMENTANO LE TERAPIE INTENSIVE, 34 DECESSI. A BELLUNO 80 POSITIVI IN PIU&#8217;&#8221; &#8212; Radio Pi\u00f9\" src=\"https:\/\/www.radiopiu.net\/wordpress\/sono-1880-le-nuove-positivita-in-veneto-delle-ultime-24-ore-calano-i-ricoveri-in-area-non-critica-ma-aumentano-le-terapie-intensive-34-decessi-a-belluno-80-positivi-in-piu\/embed\/#?secret=xZahbbT6lf\" data-secret=\"xZahbbT6lf\" width=\"600\" height=\"338\" frameborder=\"0\" marginwidth=\"0\" marginheight=\"0\" scrolling=\"no\"><\/iframe><\/p>\n<p>&nbsp;<\/p>\n<hr \/>\n<p>&nbsp;<\/p>\n<blockquote>\n<h3>I GRAFICI DI TIZIANO DE COL<\/h3>\n<\/blockquote>\n\n\t\t\t<style type='text\/css'>\n\t\t\t\t#gallery-4 {\n\t\t\t\t\tmargin: auto;\n\t\t\t\t}\n\t\t\t\t#gallery-4 .gallery-item {\n\t\t\t\t\tfloat: left;\n\t\t\t\t\tmargin-top: 10px;\n\t\t\t\t\ttext-align: center;\n\t\t\t\t\twidth: 20%;\n\t\t\t\t}\n\t\t\t\t#gallery-4 img {\n\t\t\t\t\tborder: 2px solid #cfcfcf;\n\t\t\t\t}\n\t\t\t\t#gallery-4 .gallery-caption {\n\t\t\t\t\tmargin-left: 0;\n\t\t\t\t}\n\t\t\t\t\/* see gallery_shortcode() in wp-includes\/media.php *\/\n\t\t\t<\/style>\n\t\t<div id='gallery-4' class='dt-gallery-container gallery galleryid-199133 gallery-columns-5 gallery-size-medium'><dl class='gallery-item'>\n\t\t\t\t<dt class='gallery-icon landscape'>\n\t\t\t\t\t<a class=\"rollover rollover-zoom dt-pswp-item\" title=\"82a49d1d-5eaa-4bdb-89e7-4958860136b5\" data-dt-img-description=\"\" data-large_image_width=\"582\" data-large_image_height=\"354\"href='https:\/\/www.radiopiu.net\/wordpress\/wp-content\/uploads\/2021\/03\/82a49d1d-5eaa-4bdb-89e7-4958860136b5.jpg'><img loading=\"lazy\" decoding=\"async\" width=\"300\" height=\"182\" src=\"https:\/\/www.radiopiu.net\/wordpress\/wp-content\/uploads\/2021\/03\/82a49d1d-5eaa-4bdb-89e7-4958860136b5-300x182.jpg\" class=\"attachment-medium size-medium\" alt=\"\" srcset=\"https:\/\/www.radiopiu.net\/wordpress\/wp-content\/uploads\/2021\/03\/82a49d1d-5eaa-4bdb-89e7-4958860136b5-300x182.jpg 300w, https:\/\/www.radiopiu.net\/wordpress\/wp-content\/uploads\/2021\/03\/82a49d1d-5eaa-4bdb-89e7-4958860136b5.jpg 582w\" sizes=\"auto, (max-width: 300px) 100vw, 300px\" \/><\/a>\n\t\t\t\t<\/dt><\/dl><dl class='gallery-item'>\n\t\t\t\t<dt class='gallery-icon landscape'>\n\t\t\t\t\t<a class=\"rollover rollover-zoom dt-pswp-item\" title=\"0671d8d4-dc23-4b33-8635-0a40965341e5\" data-dt-img-description=\"\" data-large_image_width=\"610\" data-large_image_height=\"353\"href='https:\/\/www.radiopiu.net\/wordpress\/wp-content\/uploads\/2021\/03\/0671d8d4-dc23-4b33-8635-0a40965341e5.jpg'><img loading=\"lazy\" decoding=\"async\" width=\"300\" height=\"174\" src=\"https:\/\/www.radiopiu.net\/wordpress\/wp-content\/uploads\/2021\/03\/0671d8d4-dc23-4b33-8635-0a40965341e5-300x174.jpg\" class=\"attachment-medium size-medium\" alt=\"\" srcset=\"https:\/\/www.radiopiu.net\/wordpress\/wp-content\/uploads\/2021\/03\/0671d8d4-dc23-4b33-8635-0a40965341e5-300x174.jpg 300w, https:\/\/www.radiopiu.net\/wordpress\/wp-content\/uploads\/2021\/03\/0671d8d4-dc23-4b33-8635-0a40965341e5.jpg 610w\" sizes=\"auto, (max-width: 300px) 100vw, 300px\" \/><\/a>\n\t\t\t\t<\/dt><\/dl><dl class='gallery-item'>\n\t\t\t\t<dt class='gallery-icon landscape'>\n\t\t\t\t\t<a class=\"rollover rollover-zoom dt-pswp-item\" title=\"6ac4712f-6d1a-49c2-a399-b542bfe521e0\" data-dt-img-description=\"\" data-large_image_width=\"632\" data-large_image_height=\"353\"href='https:\/\/www.radiopiu.net\/wordpress\/wp-content\/uploads\/2021\/03\/6ac4712f-6d1a-49c2-a399-b542bfe521e0.jpg'><img loading=\"lazy\" decoding=\"async\" width=\"300\" height=\"168\" src=\"https:\/\/www.radiopiu.net\/wordpress\/wp-content\/uploads\/2021\/03\/6ac4712f-6d1a-49c2-a399-b542bfe521e0-300x168.jpg\" class=\"attachment-medium size-medium\" alt=\"\" srcset=\"https:\/\/www.radiopiu.net\/wordpress\/wp-content\/uploads\/2021\/03\/6ac4712f-6d1a-49c2-a399-b542bfe521e0-300x168.jpg 300w, https:\/\/www.radiopiu.net\/wordpress\/wp-content\/uploads\/2021\/03\/6ac4712f-6d1a-49c2-a399-b542bfe521e0.jpg 632w\" sizes=\"auto, (max-width: 300px) 100vw, 300px\" \/><\/a>\n\t\t\t\t<\/dt><\/dl><dl class='gallery-item'>\n\t\t\t\t<dt class='gallery-icon landscape'>\n\t\t\t\t\t<a class=\"rollover rollover-zoom dt-pswp-item\" title=\"6190c115-af43-43e1-b09e-d04c4e29cfa0\" data-dt-img-description=\"\" data-large_image_width=\"602\" data-large_image_height=\"353\"href='https:\/\/www.radiopiu.net\/wordpress\/wp-content\/uploads\/2021\/03\/6190c115-af43-43e1-b09e-d04c4e29cfa0.jpg'><img loading=\"lazy\" decoding=\"async\" width=\"300\" height=\"176\" src=\"https:\/\/www.radiopiu.net\/wordpress\/wp-content\/uploads\/2021\/03\/6190c115-af43-43e1-b09e-d04c4e29cfa0-300x176.jpg\" class=\"attachment-medium size-medium\" alt=\"\" srcset=\"https:\/\/www.radiopiu.net\/wordpress\/wp-content\/uploads\/2021\/03\/6190c115-af43-43e1-b09e-d04c4e29cfa0-300x176.jpg 300w, https:\/\/www.radiopiu.net\/wordpress\/wp-content\/uploads\/2021\/03\/6190c115-af43-43e1-b09e-d04c4e29cfa0.jpg 602w\" sizes=\"auto, (max-width: 300px) 100vw, 300px\" \/><\/a>\n\t\t\t\t<\/dt><\/dl><dl class='gallery-item'>\n\t\t\t\t<dt class='gallery-icon landscape'>\n\t\t\t\t\t<a class=\"rollover rollover-zoom dt-pswp-item\" title=\"f1b2a3d1-395f-4e15-a2c3-4d7e70eec163\" data-dt-img-description=\"\" data-large_image_width=\"596\" data-large_image_height=\"356\"href='https:\/\/www.radiopiu.net\/wordpress\/wp-content\/uploads\/2021\/03\/f1b2a3d1-395f-4e15-a2c3-4d7e70eec163.jpg'><img loading=\"lazy\" decoding=\"async\" width=\"300\" height=\"179\" src=\"https:\/\/www.radiopiu.net\/wordpress\/wp-content\/uploads\/2021\/03\/f1b2a3d1-395f-4e15-a2c3-4d7e70eec163-300x179.jpg\" class=\"attachment-medium size-medium\" alt=\"\" srcset=\"https:\/\/www.radiopiu.net\/wordpress\/wp-content\/uploads\/2021\/03\/f1b2a3d1-395f-4e15-a2c3-4d7e70eec163-300x179.jpg 300w, https:\/\/www.radiopiu.net\/wordpress\/wp-content\/uploads\/2021\/03\/f1b2a3d1-395f-4e15-a2c3-4d7e70eec163.jpg 596w\" sizes=\"auto, (max-width: 300px) 100vw, 300px\" \/><\/a>\n\t\t\t\t<\/dt><\/dl><br style=\"clear: both\" \/>\n\t\t\t<\/div>\n\n<p>&nbsp;<\/p>\n<hr \/>\n<p>&nbsp;<\/p>\n<blockquote>\n<h3>OGGI SI PARLA DI COLORI, OGGI DI VACCINI<\/h3>\n<\/blockquote>\n<blockquote>\n<h2>LEGGI LA CONFERENZA DI LUCA ZAIA<\/h2>\n<p><strong>VERSO LA ZONA ARANCIONE?<\/strong> <span style=\"color: #ff0000;\">Siamo in odore di valutazione abbiamo RT (sotto 1,22)\u00a0 in regressione al limite della zona arancione-rossa. L&#8217;incidenza \u00e8 sempre attorno ai 250 contagi ogni 100mila abitanti. Attendiamo con ansia la nuova classificazione. Sempre in virt\u00f9 di decisioni nazionali sar\u00e0 una settimana di base di zona arancione per tutta Italia fino a venerdi e poi nel fine settimana di Pasqua tutto rosso<\/span><\/p><\/blockquote>\n<p style=\"text-align: left;\"><strong><img loading=\"lazy\" decoding=\"async\" class=\"alignleft\" src=\"https:\/\/www.radiopiu.net\/wordpress\/wp-content\/uploads\/2021\/03\/161577608_1734182190117022_4503996286089719264_n.jpg\" width=\"230\" height=\"129\" \/>LA PROTESTA DEL SETTORE RISTORAZIONE<\/strong> Oggi la protesta di ristoratori e baristi, protesta comprensibile \u00e8 un settore che trascina dietro se l&#8217;intero indotto, a partire dagli occupati, dagli stagionali come successo in montagna che non ha mai iniziato l&#8217;attivit\u00e0 invernale. Stamane su questo incontro con Giorgetti. Il settore della ristorazione rappresenta un settore cruciale non solo economico per la Regione \u00e8 il nostro biglietto da visita della promozione. Non abbiamo ben capito come e quando arriveranno i ristori, la cosa migliore per aiutare questa imprese \u00e8 riaprire le attivit\u00e0 anche perch\u00e9 ognuno si \u00e8 organizzato con le linee guida.<span style=\"color: #ff0000;\">. <span style=\"color: #000000;\"><strong>NUOVO PIANO SANITA&#8217; PUBBLICA\u00a0<\/strong> Oggi viene presentato in Cts cio\u00e8 al Comitato tecnico scientifico della Regione. Previste restrizioni graduali in base alla pressione ospedaliera.\u00a0 <strong>VACCINAZIONI\u00a0<\/strong><\/span><\/span>Nelle ultime 24 ore oltre 22mila persone vaccinate, il numero cresce con non poche difficolt\u00e0 nei 58 punti vaccinali del Veneto. Noi stiamo schierando un po&#8217; tutti anche i 500 associati Andi, stanno partendo anche i medici di base che stimolo a vaccianare il pi\u00f9 possibile i loro assistiti. Stiamo per far scendere in campo i 1300 specializzandi delle Universit\u00e0. Verso met\u00e0 aprile chiudiamo con la fascia over 80, molti a domicilio (100 mila su 400mila). <strong>NUOVA SFIDA-NUOVA FORMULA\u00a0<\/strong> Se c&#8217;\u00e8 un over 80 accompagnato da un over 65 (o dal coniuge) si vaccinano entrambi. Le Ulss gi\u00e0 in gradi di farlo: Veneto orientale, Vicenza Berica, Polesana, Pedementana, Padova Azienda Ospedaliera ed Euganea, Treviso, Belluno Dolomiti, Venezia. Spero vada a regime ho chiesto ai direttori di spingere al massimo la macchina fino a stressarla. Noi abbiamo rispettato le categorie vaccinali in maniera ossessiva. Se qualcuno si \u00e8 comportato male il Governo dovr\u00e0 intervenire ma non \u00e8 il caso del Veneto.<strong> DOMENICA TREVIGIANA\u00a0<\/strong> Il nostro target\u00a0 \u00e8 di chiudere la vaccinazione della fascia degli over 80 entro met\u00e0 aprile.\u00a0 Domenica i nati del 1936 possono andare ai centri vaccinali di Treviso,\u00a0 organizzati per mese di nascita: alle 8 coloro che sono nati a gennio, alle 9 quelli nati a febbraio e via di seguito. <strong>PD PROPONE OBBLIGO DI VACCINAZIONE PER IL PERSONALE SANITARIO<\/strong> Un partito che ha come rappresentante un Ministro della Salute\u00a0 che ha fatto tutte queste norme sulle vaccinazioni con i suoi uomini\u00a0 fa una una mozione in Veneto? Per me la vaccinazione deve rimanere volontaria e un cambio di rotta eventualmente lo decide il Governo. E&#8217; un&#8217;utopia dal punto di vista giuridico pretendere l&#8217;obbligo di vaccino per il personale sanitario. I contratti in essere non prevedono la vaccinazione, i nuovi non lo so e non so nemmeno se potranno obbligare alla vaccinazione. <strong>INCONTRO CON GIORGETTI<\/strong> Era un incontro formale per parlare della situazione economica, sostegni, \u00e8 iniziato alle 12.<strong> IL COMPLEANNO DI VENEZIA<\/strong> (1600) momento di riflessione sul futuro, il nostro futuro guarda all&#8217;autonomia <strong>ANDRA&#8217; ALLA MANIFESTAZIONI DEGLI SPETTACOLI VIAGGIANTI?<\/strong> Non riesco anche pech\u00e9 poi dovrei sempre andare alle manifestazioni. Una delegazione la vedo volentieri sono vicino ai loro problemi.<\/p>\n<p>&nbsp;<\/p>\n<p>https:\/\/www.facebook.com\/ReteVeneta\/videos\/887941122003485<\/p>\n<p>&nbsp;<\/p>\n<p>&nbsp;<\/p>\n<hr \/>\n<p>&nbsp;<\/p>\n<blockquote>\n<h3>IL PARTITO DEMOCRATICO VUOLE L&#8217;OBBLIGO DI VACCINAZIONE PER IL PERSONALE SOCIO SANITARIO, ZAIA: &#8220;UTOPIA&#8221;<\/h3>\n<\/blockquote>\n<p><strong><a href=\"https:\/\/www.radiopiu.net\/wordpress\/il-partito-democratico-vuole-lobbligo-di-vaccinazione-per-il-personale-socio-sanitario-zaia-utopia\/vaccine-5895477_960_720\/\" rel=\"attachment wp-att-199218\"><img loading=\"lazy\" decoding=\"async\" class=\" wp-image-199218 alignleft\" src=\"https:\/\/www.radiopiu.net\/wordpress\/wp-content\/uploads\/2021\/03\/vaccine-5895477_960_720-300x169.jpg\" alt=\"\" width=\"195\" height=\"110\" srcset=\"https:\/\/www.radiopiu.net\/wordpress\/wp-content\/uploads\/2021\/03\/vaccine-5895477_960_720-300x169.jpg 300w, https:\/\/www.radiopiu.net\/wordpress\/wp-content\/uploads\/2021\/03\/vaccine-5895477_960_720-768x432.jpg 768w, https:\/\/www.radiopiu.net\/wordpress\/wp-content\/uploads\/2021\/03\/vaccine-5895477_960_720.jpg 960w\" sizes=\"auto, (max-width: 195px) 100vw, 195px\" \/><\/a>VENEZI<\/strong>A\u00a0 Il Partito Democratico per voce di Anna Maria Bigon, vicepresidente della commissione sanit\u00e0\u00a0 si appella alla Regione chiedendo di agire affinch\u00e9 sia introdotto nella legislazione statale l\u2019obbligo vaccinale per chi opera in contesti sanitari e sociosanitari, pubblici e privati.\u00a0 Con una mozione chiede l\u2019obbligo del vaccino contro il Covid per il personale sanitario e sociosanitario, secondo la Bigon a tutela di\u00a0 malati, anziani e disabili. La Bigon, a conoscenza che si tratta di provvedimenti nazionali, invita comunque\u00a0 la Giunta a promuovere la\u00a0 proposta in sede di Conferenza Stato <a href=\"https:\/\/www.radiopiu.net\/wordpress\/?attachment_id=195997\" rel=\"attachment wp-att-195997\"><img loading=\"lazy\" decoding=\"async\" class=\"wp-image-195997 alignright\" src=\"https:\/\/www.radiopiu.net\/wordpress\/wp-content\/uploads\/2021\/03\/anna-maria-bigon-300x300.jpg\" alt=\"\" width=\"114\" height=\"114\" srcset=\"https:\/\/www.radiopiu.net\/wordpress\/wp-content\/uploads\/2021\/03\/anna-maria-bigon-300x300.jpg 300w, https:\/\/www.radiopiu.net\/wordpress\/wp-content\/uploads\/2021\/03\/anna-maria-bigon-150x150.jpg 150w, https:\/\/www.radiopiu.net\/wordpress\/wp-content\/uploads\/2021\/03\/anna-maria-bigon.jpg 400w\" sizes=\"auto, (max-width: 114px) 100vw, 114px\" \/><\/a>Regioni con il Governo. <em>&#8220;Il ministro D\u2019Inc\u00e0 \u00e8 apparso favorevole &#8211; dice Anna Maria Bigon, prima firmataria della mozione\u00a0 &#8211;\u00a0 dai parlamentari arrivano segnali positivi, chiediamo a Zaia di rafforzare la posizione del Veneto e insistere in tal senso.<\/em> <em>Ci auguriamo di ricevere una condivisione totale in Consiglio. Chi lavora in queste strutture ha come missione proteggere i pazienti; vaccinarsi \u00e8 dunque doveroso sul piano etico e deontologico. Siamo in piena terza ondata&#8221;.\u00a0<\/em>Secondo gli esponenti del Pd\u00a0 il comportamento individuale pu\u00f2 arrecare danni alla salute di altre persone, specialmente <a href=\"https:\/\/www.radiopiu.net\/wordpress\/puntostampa27\/zaia-mascherina-2\/\" rel=\"attachment wp-att-175303\"><img loading=\"lazy\" decoding=\"async\" class=\"wp-image-175303 alignleft\" src=\"https:\/\/www.radiopiu.net\/wordpress\/wp-content\/uploads\/2020\/11\/ZAIA-MASCHERINA-e1616680380412-300x166.png\" alt=\"\" width=\"184\" height=\"102\" srcset=\"https:\/\/www.radiopiu.net\/wordpress\/wp-content\/uploads\/2020\/11\/ZAIA-MASCHERINA-e1616680380412-300x166.png 300w, https:\/\/www.radiopiu.net\/wordpress\/wp-content\/uploads\/2020\/11\/ZAIA-MASCHERINA-e1616680380412-1024x568.png 1024w, https:\/\/www.radiopiu.net\/wordpress\/wp-content\/uploads\/2020\/11\/ZAIA-MASCHERINA-e1616680380412-768x426.png 768w, https:\/\/www.radiopiu.net\/wordpress\/wp-content\/uploads\/2020\/11\/ZAIA-MASCHERINA-e1616680380412.png 1428w\" sizes=\"auto, (max-width: 184px) 100vw, 184px\" \/><\/a>quelle pi\u00f9 fragili e concludono <em>&#8220;Ci vuole l\u2019obbligo vaccinale fissato per legge\u201d.<\/em><\/p>\n<p>Da Marghera sede del punto stampa delle 12.30 da ormai un anno,\u00a0 \u00e8 gi\u00e0 arrivata una prima risposta del Presidente Luca Zaia. <em>&#8220;Utopia di un partito che vanta il Ministro della Salute e ha proposto tutte le norme sulle vaccinazione con gli uomini al Governo&#8221;<\/em><\/p>\n<audio class=\"wp-audio-shortcode\" id=\"audio-199133-3\" preload=\"none\" style=\"width: 100%;\" controls=\"controls\"><source type=\"audio\/mpeg\" src=\"https:\/\/www.radiopiu.net\/wordpress\/wp-content\/uploads\/2021\/03\/ZAIA-VACCINI.mp3?_=3\" \/><a href=\"https:\/\/www.radiopiu.net\/wordpress\/wp-content\/uploads\/2021\/03\/ZAIA-VACCINI.mp3\">https:\/\/www.radiopiu.net\/wordpress\/wp-content\/uploads\/2021\/03\/ZAIA-VACCINI.mp3<\/a><\/audio>\n<p>&nbsp;<\/p>\n<hr \/>\n<p>&nbsp;<\/p>\n<blockquote>\n<h3>XI COMMISSIONE STATO REGIONI INCONTRA MINISTRO GIORGETTI<\/h3>\n<\/blockquote>\n<p><strong><a href=\"https:\/\/www.radiopiu.net\/wordpress\/giornale-radiopiu-26-marzo-2021-direttore-mirko-mezzacasa\/538-2021-marcato-in-xi-commissione-stato-regioni\/\" rel=\"attachment wp-att-199255\"><img loading=\"lazy\" decoding=\"async\" class=\"size-medium wp-image-199255 alignleft\" src=\"https:\/\/www.radiopiu.net\/wordpress\/wp-content\/uploads\/2021\/03\/538-2021-Marcato-in-XI-Commissione-Stato-Regioni-300x263.jpeg\" alt=\"\" width=\"300\" height=\"263\" srcset=\"https:\/\/www.radiopiu.net\/wordpress\/wp-content\/uploads\/2021\/03\/538-2021-Marcato-in-XI-Commissione-Stato-Regioni-300x263.jpeg 300w, https:\/\/www.radiopiu.net\/wordpress\/wp-content\/uploads\/2021\/03\/538-2021-Marcato-in-XI-Commissione-Stato-Regioni-768x674.jpeg 768w, https:\/\/www.radiopiu.net\/wordpress\/wp-content\/uploads\/2021\/03\/538-2021-Marcato-in-XI-Commissione-Stato-Regioni.jpeg 875w\" sizes=\"auto, (max-width: 300px) 100vw, 300px\" \/><\/a>VENEZIA <\/strong>Ieri mattina l\u2019Assessore regionale allo sviluppo economico ed energia Roberto Marcato ha partecipato alla Commissione Attivit\u00e0 Produttive della Conferenza Stato Regioni che ha avuto come ospite il Ministro dello Sviluppo Economico Giancarlo Giorgetti. \u201c<em>E\u2019 stato un incontro che ho personalmente chiesto perch\u00e9 \u00e8 necessario che in questo momento di particolare crisi ci sia un confronto approfondito fra il territorio e il Governo centrale \u2013 precisa Marcato. &#8211; Sono stati toccati tutti i punti salienti della situazione <\/em><em>socioeconomica del momento e abbiamo parlato in particolare dei settori pi\u00f9 in crisi come quelli del turismo, della ristorazione, delle palestre, delle fiere, tutto il mondo dello spettacolo. Temi sui quali c\u2019\u00e8 stato un impegno da parte del Ministro a trovare soluzioni<\/em>\u201d. L\u2019Assessore allo sviluppo economico del Veneto ha evidenziato in particolare alcuni aspetti. \u201c<em>In primo luogo ho chiesto impegno da parte del Governo ed in special modo del Premier Draghi, dato che \u00e8 stato Presidente della BCE, per quanto i vincoli europei in tema di credito \u2013 precisa Roberto Marcato \u2013 si tratta di regole che oggi non consentono di erogare il credito che oggi le imprese si aspettano ed ho evidenziato che le risorse <\/em><em>messe a disposizione dallo Stato nell\u2019ultimo anno, in realt\u00e0 sono <\/em><em>state per lo pi\u00f9 utilizzate per credito sostitutivo che aggiuntivo. \u00c8 <\/em><em>pertanto necessario rivedere questi aspetti per consentire di portare <\/em><em>nuova liquidit\u00e0 alle nostre aziende<\/em>\u201d.<\/p>\n<p>&nbsp;<\/p>\n<p>&nbsp;<\/p>\n<hr \/>\n<p>&nbsp;<\/p>\n<blockquote>\n<h3>ATTIVATI ULTERIORI POSTI PER LA PRENOTAZIONE DEL VACCINO ASTRAZENECA PER LE PERSONE TRA 70 E 79 ANNI<\/h3>\n<\/blockquote>\n<p><strong><a href=\"https:\/\/www.radiopiu.net\/wordpress\/giornale-radio-piu-22-02-2018-direttore-mirko-mezzacasa\/vaccino-influenza\/\" rel=\"attachment wp-att-13129\"><img loading=\"lazy\" decoding=\"async\" class=\" wp-image-13129 alignleft\" src=\"https:\/\/www.radiopiu.net\/wordpress\/wp-content\/uploads\/2015\/11\/vaccino-influenza-300x206.jpg\" alt=\"\" width=\"249\" height=\"171\" \/><\/a>BELLUNO<\/strong> Seduta straordinaria oggi a Paludi di Belluno. Le persone tra 70 e 79 anni possono PRENOTARE sul sito <a href=\"http:\/\/www.aulss1.veneto.it\/\" target=\"_blank\" rel=\"noopener\">www.aulss1.veneto.it<\/a> la somministrazione del vaccino AstraZeneca scegliendo sede e orario disponibile. Portare con s\u00e9: carta d&#8217;identit\u00e0 (per verificare anno di nascita e residenza), tessera sanitaria, scheda anamnestica scaricabile qui: <a href=\"https:\/\/bit.ly\/3tGsWiT\" target=\"_blank\" rel=\"noopener\">https:\/\/bit.ly\/3tGsWiT <\/a>Presentarsi in auto, la vaccinazione sar\u00e0 eseguita nella parte alta del braccio (muscolo deltoide): \u00e8 consigliato indossare un abbigliamento comodo che consenta di scoprire la sede di iniezione. Dopo la somministrazione \u00e8 necessario aspettare almeno 15 minuti.<\/p>\n<p>&nbsp;<\/p>\n<p>&nbsp;<\/p>\n<p>&nbsp;<\/p>\n<hr \/>\n<p>&nbsp;<\/p>\n<blockquote>\n<h3>10 EDIZIONE CONCORSO SCUOLE. CORAZZARI: \u201cOGGI SI CELEBRA LA FESTA DEL POPOLO VENETO E I 1600 ANNI DI VENEZIA GRAZIE AI LAVORI DEGLI STUDENTI VENETI CHE HANNO LO SCOPO DI VALORIZZARE LA STORIA E LA CULTURA VENETA\u201d<\/h3>\n<\/blockquote>\n<p><strong><a href=\"https:\/\/www.radiopiu.net\/wordpress\/giornale-radiopiu-26-marzo-2021-direttore-mirko-mezzacasa\/schermata-2021-03-25-alle-17-27-03\/\" rel=\"attachment wp-att-199249\"><img loading=\"lazy\" decoding=\"async\" class=\"size-medium wp-image-199249 alignleft\" src=\"https:\/\/www.radiopiu.net\/wordpress\/wp-content\/uploads\/2021\/03\/Schermata-2021-03-25-alle-17.27.03-300x120.png\" alt=\"\" width=\"300\" height=\"120\" srcset=\"https:\/\/www.radiopiu.net\/wordpress\/wp-content\/uploads\/2021\/03\/Schermata-2021-03-25-alle-17.27.03-300x120.png 300w, https:\/\/www.radiopiu.net\/wordpress\/wp-content\/uploads\/2021\/03\/Schermata-2021-03-25-alle-17.27.03-768x306.png 768w, https:\/\/www.radiopiu.net\/wordpress\/wp-content\/uploads\/2021\/03\/Schermata-2021-03-25-alle-17.27.03.png 998w\" sizes=\"auto, (max-width: 300px) 100vw, 300px\" \/><\/a>VENEZIA\u00a0 <\/strong>\u201c<em>Quella di Venezia e del Veneto \u00e8 una storia unica e straordinaria che in queste dieci edizioni \u00e8 stata raccontata da migliaia di studenti, con oltre 1000 progetti che ci hanno dimostrato come la ricerca e la valorizzazione della propria identit\u00e0 rappresenti un valore anche per le nuove generazioni.\u00a0 Una risposta entusiastica che rafforza il valore di questo concorso e anche risponde in pieno alle finalit\u00e0 della legge regionale a cui facciamo riferimento: \u201cTutela, valorizzazione e promozione del patrimonio linguistico e culturale veneto\u201d approvata dal Consiglio regionale nel 2007<\/em>\u201d. L\u2019Assessore regionale all\u2019Identit\u00e0 Veneta Cristiano Corazzari ha aperto in questo modo, oggi, gioved\u00ec 25 marzo, l\u2019evento, tenuto online in diretta streaming sui canali Facebook e YouTube, della premiazione del concorso scolastico che ha come obiettivo la valorizzazione del patrimonio storico e culturale veneto. Un progetto promosso dalla Regione Veneto con la collaborazione dell\u2019Unpli Veneto e la partecipazione del Miur attraverso la Direzione generale dell\u2019ufficio scolastico regionale, delle amministrazioni locali e delle scuole. Il tema centrale del concorso, giunto alla decima edizione, \u00e8 quello dell&#8217;identit\u00e0, che gli studenti hanno sviluppato in un percorso di ricerca per riuscire a toccare con mano il patrimonio culturale e linguistico veneto, stimolando il loro senso di appartenenza e l\u2019importanza della valorizzazione delle tradizioni locali. Hanno partecipato alla iniziativa scuole provenienti da varie localit\u00e0 come Belluno, Padova, Rovigo, Treviso, Venezia, Verona, Vicenza e Croazia, e sono stati premiati 27 progetti. Tre sono gli ambiti principali su cui gli studenti si sono messi alla prova: La lingua veneta nelle sue espressioni creative nel teatro, nella musica e nella poesia, Il territorio regionale con il suo patrimonio storico-artistico ed enogastronomico, La valorizzazione del patrimonio immateriale del Veneto, partendo dalle leggende e misteri del proprio territorio e\/o dall\u2019attivit\u00e0 delle Pro Loco. Tra le scuole premiate anche due della provincia di Belluno: Istituto Comprensivo Forno di Zoldo di Val di Zoldo per la ricerca storica ed enogastronomica (premio 600\u20ac) e Scuola dell&#8217;Infanzia &#8220;Don Modesto Sorio&#8221; di Bribano di Sedico per la categoria leggende e misteri (premio 600\u20ac).<\/p>\n<div class=\"page\" title=\"Page 2\">\n<div class=\"layoutArea\">\n<div class=\"column\">\n<p>&nbsp;<\/p>\n<p>&nbsp;<\/p>\n<hr \/>\n<p>&nbsp;<\/p>\n<blockquote>\n<h3>LUTTO IN CADORE PER LA SCOMPARSA DI ANTONIO MONTI<\/h3>\n<\/blockquote>\n<p><strong><a href=\"https:\/\/www.radiopiu.net\/wordpress\/giornale-radiopiu-26-marzo-2021-direttore-mirko-mezzacasa\/monti-2\/\" rel=\"attachment wp-att-199324\"><img loading=\"lazy\" decoding=\"async\" class=\" wp-image-199324 alignleft\" src=\"https:\/\/www.radiopiu.net\/wordpress\/wp-content\/uploads\/2021\/03\/monti-300x169.jpg\" alt=\"\" width=\"215\" height=\"121\" srcset=\"https:\/\/www.radiopiu.net\/wordpress\/wp-content\/uploads\/2021\/03\/monti-300x169.jpg 300w, https:\/\/www.radiopiu.net\/wordpress\/wp-content\/uploads\/2021\/03\/monti-768x432.jpg 768w, https:\/\/www.radiopiu.net\/wordpress\/wp-content\/uploads\/2021\/03\/monti.jpg 856w\" sizes=\"auto, (max-width: 215px) 100vw, 215px\" \/><\/a>BELLUNO\u00a0 <\/strong>\u201c<em>Antonio Monti \u00e8 stato uno degli interpreti pi\u00f9 autentici dell\u2019imprenditoria delle terre alte, non mancher\u00e0 solo ai suoi familiari, amici e collaboratori, ma a un intero territorio. Monti \u00e8 stato un assoluto protagonista dell\u2019epopea del legno del Cadore. Gli dobbiamo molto<\/em>\u201d. Cos\u00ec Lorraine Berton, presidente di Confindustria Belluno Dolomiti, ricorda Antonio Monti, storico imprenditore della Segheria Monti, morto all\u2019et\u00e0 di 86 anni. \u201c<em>Monti \u00e8 stato un vero leader, una voce autorevole e molto ascoltata anche all\u2019interno della nostra Associazione dove nei primi anni Duemila \u00e8 stato presidente della Sezione delle industrie del legno, carica che ha portato avanti con grande dedizione e competenza<\/em>\u201d. \u201c<em>Monti \u00e8 uno degli ultimi grandi capitani d\u2019industria del Bellunese, un uomo che ha saputo fare la differenza per il suo territorio\u201d, rimarca Berton. \u201cHa rappresentato con fierezza quella filiera del legno che nel Bellunese ha dato tanto e che, oggi pi\u00f9 che mai, andrebbe rilanciata con maggiore forza<\/em>\u201d. \u201c<em>Esprimo la mia vicinanza e quella di Confindustria alla moglie Hannelore, al figlio Christian, ai suoi amati nipoti, ai fratelli e alle sorelle. Antonio rester\u00e0 un esempio di integrit\u00e0, di uomo e imprenditore, figlio del Cadore e delle sue amate Dolomiti<\/em>\u201d. I funerali saranno celebrati oggio alle 14,30, nella Chiesa Parrocchiale di Santa Giustina.<\/p>\n<p>&nbsp;<\/p>\n<p>&nbsp;<\/p>\n<hr \/>\n<p>&nbsp;<\/p>\n<\/div>\n<\/div>\n<\/div>\n<blockquote>\n<h3>OGGI\u00a0 CONSIGLIO COMUNALE A ROCCA PIETORE<\/h3>\n<\/blockquote>\n<p><strong><a href=\"https:\/\/www.radiopiu.net\/wordpress\/i-magazzini-comunali-si-facciano-altrove-non-a-congiuo-lo-chiede-il-consigliere-diana-iraci-borgia-la-risposta-del-sindaco\/whatsapp-image-2020-08-18-at-08-41-53\/\" rel=\"attachment wp-att-155845\"><img loading=\"lazy\" decoding=\"async\" class=\"wp-image-155845 alignleft\" src=\"https:\/\/www.radiopiu.net\/wordpress\/wp-content\/uploads\/2020\/08\/WhatsApp-Image-2020-08-18-at-08.41.53-300x225.jpeg\" alt=\"\" width=\"155\" height=\"116\" srcset=\"https:\/\/www.radiopiu.net\/wordpress\/wp-content\/uploads\/2020\/08\/WhatsApp-Image-2020-08-18-at-08.41.53-300x225.jpeg 300w, https:\/\/www.radiopiu.net\/wordpress\/wp-content\/uploads\/2020\/08\/WhatsApp-Image-2020-08-18-at-08.41.53-1024x768.jpeg 1024w, https:\/\/www.radiopiu.net\/wordpress\/wp-content\/uploads\/2020\/08\/WhatsApp-Image-2020-08-18-at-08.41.53-768x576.jpeg 768w, https:\/\/www.radiopiu.net\/wordpress\/wp-content\/uploads\/2020\/08\/WhatsApp-Image-2020-08-18-at-08.41.53-1536x1152.jpeg 1536w, https:\/\/www.radiopiu.net\/wordpress\/wp-content\/uploads\/2020\/08\/WhatsApp-Image-2020-08-18-at-08.41.53.jpeg 1600w\" sizes=\"auto, (max-width: 155px) 100vw, 155px\" \/><\/a>ROCCA PIETORE<\/strong> Il Sindaco di Rocca Pietore Andrea De Bernardin ha convocato il consiglio comunale per\u00a0 oggi\u00a0 alle 14 presso la sala &#8220;El Teaz&#8221;. Sono 17 i punti da discutere tra cui l&#8217;approvazione del DUP, il canone unico di concessione del suolo pubblico e di esposizione pubblicitaria e la gestione associata del servizio tributi e della riscossione coattiva delle entrate comunali. Saranno ben 10 le interrogazioni della minoranza su vari temi che comprendono tutto il comune di Rocca Pietore. Il consiglio comunale sar\u00e0 trasmesso sui canali facebook, telegram, youtube di Radio Pi\u00f9. Martedi sera dalle 20.30 integralmente sulle frequenze Fm<\/p>\n<p>&nbsp;<\/p>\n<p>&nbsp;<\/p>\n<hr \/>\n<blockquote>\n<h3><\/h3>\n<h3>NEL CONSIGLIO COMUNALE DI GOSALDO SI PARLA DELLA CASERMA DEI CARABINIERI<\/h3>\n<\/blockquote>\n<p><strong><a href=\"https:\/\/www.radiopiu.net\/wordpress\/dopo-10-anni-riecco-il-bancomat-a-gosaldo\/gosaldo-8\/\" rel=\"attachment wp-att-175335\"><img loading=\"lazy\" decoding=\"async\" class=\"wp-image-175335 alignleft\" src=\"https:\/\/www.radiopiu.net\/wordpress\/wp-content\/uploads\/2020\/11\/GOSALDO.jpg\" alt=\"\" width=\"147\" height=\"83\" \/><\/a>GOSALDO<\/strong> Il sindaco di Gosaldo Stefano Da Zanche ha convocato per oggi alle 18 il consiglio comunale in via telematica. Il tema della discussione sar\u00e0 la chiusura della caserma dei Carabinieri.<\/p>\n<p>&nbsp;<\/p>\n<p>&nbsp;<\/p>\n<p>&nbsp;<\/p>\n<hr \/>\n<p>&nbsp;<\/p>\n<blockquote>\n<h3><a href=\"https:\/\/www.radiopiu.net\/wordpress\/a-san-tomaso-agordino-sempre-e-sempre-con-passione\/3896b908-c2bf-4db3-9ad2-34eb9b634a28\/\" rel=\"attachment wp-att-189911\"><img loading=\"lazy\" decoding=\"async\" class=\" wp-image-189911 alignleft\" src=\"https:\/\/www.radiopiu.net\/wordpress\/wp-content\/uploads\/2021\/02\/3896b908-c2bf-4db3-9ad2-34eb9b634a28-300x139.jpg\" alt=\"\" width=\"151\" height=\"70\" srcset=\"https:\/\/www.radiopiu.net\/wordpress\/wp-content\/uploads\/2021\/02\/3896b908-c2bf-4db3-9ad2-34eb9b634a28-300x139.jpg 300w, https:\/\/www.radiopiu.net\/wordpress\/wp-content\/uploads\/2021\/02\/3896b908-c2bf-4db3-9ad2-34eb9b634a28-1024x473.jpg 1024w, https:\/\/www.radiopiu.net\/wordpress\/wp-content\/uploads\/2021\/02\/3896b908-c2bf-4db3-9ad2-34eb9b634a28-768x355.jpg 768w, https:\/\/www.radiopiu.net\/wordpress\/wp-content\/uploads\/2021\/02\/3896b908-c2bf-4db3-9ad2-34eb9b634a28-1536x709.jpg 1536w, https:\/\/www.radiopiu.net\/wordpress\/wp-content\/uploads\/2021\/02\/3896b908-c2bf-4db3-9ad2-34eb9b634a28.jpg 1600w\" sizes=\"auto, (max-width: 151px) 100vw, 151px\" \/><\/a>IL CONSIGLIO COMUNALE CHIAMATO AD APPROVARE IL BILANCIO<\/h3>\n<\/blockquote>\n<p><strong>SAN TOMASO<\/strong> Lunedi alle 20 consiglio comunale per l&#8217;approvazione del bilancio 2021-23, dello schema del programma triennale lavori pubblici. All&#8217;ordine del giorno anche la verifica delle aree fabbricabili e l&#8217;approvazione del DUP.<\/p>\n<p>&nbsp;<\/p>\n<p>&nbsp;<\/p>\n<hr \/>\n<blockquote>\n<h3><\/h3>\n<h3>\u00a0 UN IMMOBILE IN DONO AD AGORDO<\/h3>\n<\/blockquote>\n<p><a href=\"https:\/\/www.radiopiu.net\/wordpress\/giornale-radiopiu-19-marzo-2021-direttore-mirko-mezzacasa\/fc7c28ec-646b-4c3c-802a-84678fa9b29e\/\" rel=\"attachment wp-att-197761\"><img loading=\"lazy\" decoding=\"async\" class=\"wp-image-197761 alignleft\" src=\"https:\/\/www.radiopiu.net\/wordpress\/wp-content\/uploads\/2021\/03\/fc7c28ec-646b-4c3c-802a-84678fa9b29e-300x225.jpg\" alt=\"\" width=\"196\" height=\"147\" srcset=\"https:\/\/www.radiopiu.net\/wordpress\/wp-content\/uploads\/2021\/03\/fc7c28ec-646b-4c3c-802a-84678fa9b29e-300x225.jpg 300w, https:\/\/www.radiopiu.net\/wordpress\/wp-content\/uploads\/2021\/03\/fc7c28ec-646b-4c3c-802a-84678fa9b29e-768x576.jpg 768w, https:\/\/www.radiopiu.net\/wordpress\/wp-content\/uploads\/2021\/03\/fc7c28ec-646b-4c3c-802a-84678fa9b29e.jpg 1024w\" sizes=\"auto, (max-width: 196px) 100vw, 196px\" \/><\/a><\/p>\n<p><strong>AGORDO<\/strong> Nel consiglio comunale di martedi alle 18 il sindaco Roberto Chissal\u00e8 chieder\u00e0 ai consiglieri se accettano la donazione di un bene immobile (mappale 57). In discussione inoltre le imposte: Imu e Irpef, aliquote e soglie di esenzione. Sar\u00e0 inoltre approvato il Dup e il sar\u00e0 presentata la convenzione per il servizio associato dei contributi. Diretta sui canali di RADIO PIU<\/p>\n<p><strong>\u00a0DI GIANNI SANTOMASO<\/strong><\/p>\n<audio class=\"wp-audio-shortcode\" id=\"audio-199133-4\" preload=\"none\" style=\"width: 100%;\" controls=\"controls\"><source type=\"audio\/mpeg\" src=\"https:\/\/www.radiopiu.net\/wordpress\/wp-content\/uploads\/2021\/03\/GIANNI-CONSIGLIO-AGORDO.mp3?_=4\" \/><a href=\"https:\/\/www.radiopiu.net\/wordpress\/wp-content\/uploads\/2021\/03\/GIANNI-CONSIGLIO-AGORDO.mp3\">https:\/\/www.radiopiu.net\/wordpress\/wp-content\/uploads\/2021\/03\/GIANNI-CONSIGLIO-AGORDO.mp3<\/a><\/audio>\n<p>&nbsp;<\/p>\n<hr \/>\n<blockquote>\n<h3><\/h3>\n<h3>IL COMUNE PRESENTA IL DUP<\/h3>\n<\/blockquote>\n<p><strong><a href=\"https:\/\/www.radiopiu.net\/wordpress\/un-san-valentino-carico-di-cuori-in-agordino-grazie-a-nicola-tancon\/canale-dagordo-4-2\/\" rel=\"attachment wp-att-191343\"><img loading=\"lazy\" decoding=\"async\" class=\"wp-image-191343 alignleft\" src=\"https:\/\/www.radiopiu.net\/wordpress\/wp-content\/uploads\/2021\/02\/Canale-dAgordo-4-300x225.jpeg\" alt=\"\" width=\"203\" height=\"152\" srcset=\"https:\/\/www.radiopiu.net\/wordpress\/wp-content\/uploads\/2021\/02\/Canale-dAgordo-4-300x225.jpeg 300w, https:\/\/www.radiopiu.net\/wordpress\/wp-content\/uploads\/2021\/02\/Canale-dAgordo-4-1024x768.jpeg 1024w, https:\/\/www.radiopiu.net\/wordpress\/wp-content\/uploads\/2021\/02\/Canale-dAgordo-4-768x576.jpeg 768w, https:\/\/www.radiopiu.net\/wordpress\/wp-content\/uploads\/2021\/02\/Canale-dAgordo-4-1536x1152.jpeg 1536w, https:\/\/www.radiopiu.net\/wordpress\/wp-content\/uploads\/2021\/02\/Canale-dAgordo-4.jpeg 2048w\" sizes=\"auto, (max-width: 203px) 100vw, 203px\" \/><\/a>CANALE D&#8217;AGORDO\u00a0<\/strong> Lunedi alle 20.05 consiglio comunale a porte chiuse (in diretta sui canali, facebook. istagram e youtube di Radio Pi\u00f9). Il sindaco Flavio Colcergnan firma l&#8217;ordine del giorno con 7 punti in discussione: prelievo dal fondi di riserva, approvazione documento unico di programmazione, verifica aree fabbricabili, addizionale comunale conferma aliquota per il triennio, Imu conferma aliquote e detrazioni per il 2021 e regolamento per la disciplina del canone patrimoniale di concessione, autorizzazione, esposizione pubblicitaria.<\/p>\n<p>&nbsp;<\/p>\n<hr \/>\n<p>&nbsp;<\/p>\n<p>&nbsp;<\/p>\n<blockquote>\n<h3>MERCOLED\u00ec CONSIGLIO COMUNALE A RIVAMONTE<\/h3>\n<\/blockquote>\n<p><strong>RIVAMONTE<\/strong> Il Sindaco di Rivamonte Giovanni Deon ha convocato i consiglieri comunali per mercoled\u00ec alle 18:30 in videoconferenza. Saranno 9 i punti da discutere tra cui la quindicesima variazione al bilancio, le imposte IMU e Irpef, aggiornamento del DUP, il regolamento per l&#8217;istituzione e disciplina del canone unico patrimoniale e l&#8217;approvazione del bilancio 2021\/2023.<\/p>\n<p><strong>DI GIANNI SANTOMASO SUI CONSIGLI DI CANALE, SAN TOMASO E RIVAMONTE<\/strong><\/p>\n<audio class=\"wp-audio-shortcode\" id=\"audio-199133-5\" preload=\"none\" style=\"width: 100%;\" controls=\"controls\"><source type=\"audio\/mpeg\" src=\"https:\/\/www.radiopiu.net\/wordpress\/wp-content\/uploads\/2021\/03\/GIANNI-CONSIGLI-CANALE-SAN-TOMASO-RIVA.mp3?_=5\" \/><a href=\"https:\/\/www.radiopiu.net\/wordpress\/wp-content\/uploads\/2021\/03\/GIANNI-CONSIGLI-CANALE-SAN-TOMASO-RIVA.mp3\">https:\/\/www.radiopiu.net\/wordpress\/wp-content\/uploads\/2021\/03\/GIANNI-CONSIGLI-CANALE-SAN-TOMASO-RIVA.mp3<\/a><\/audio>\n<p>&nbsp;<\/p>\n<hr \/>\n<p>&nbsp;<\/p>\n<blockquote>\n<h3>UNA PETIZIONE DA CHI AMA FALCADE E LA VALLE DEL BIOIS<\/h3>\n<\/blockquote>\n<p><strong>FALCADE<\/strong> Non se ne pu\u00f2 pi\u00f9 si legge tra le righe di una petizione lanciata su change.org con un titolo chiaro &#8220;Per chi ama Falcade e la Valle del Biois&#8221;. Tutto nasce da una pagina facebook gestita da un amministratore che ammette tutto, a volte anche pesanti offese e dove il dibattito negli ultimi giorni si \u00e8 acceso sul tema della seconda casa e turisti.<\/p>\n<p><strong>LA PETIZIONE<\/strong><\/p>\n<p><em><strong>&#8220;Per chi non ne pu\u00f2 davvero pi\u00f9 di assistere a continue polemiche. Per chi si impegna, ogni giorno, a costruire qualcosa in questo territorio. Per chi da anni frequenta la valle e la rispetta, per chi l\u2019ha appena conosciuta e vuole ritornarci, per chi sogna di vederla per la prima volta. Per tutte le persone che vogliono prendere le distanze da chi accusa i turisti di essere untori e non condivide chi attacca con pesanti offese i residenti. DA TUTTO QUESTO IO MI DISSOCIO! Non \u00e8 il mio pensiero, non scrivete in mio nome! La valle del Biois \u00e8 una localit\u00e0 turistica in cui da decenni tutti sono i benvenuti, innumerevoli famiglie vivono grazie ad attivit\u00e0 legate all\u2019ospitalit\u00e0. Consci che stiamo vivendo un\u2019epoca drammatica, di proporzioni uniche nella storia, mai come adesso \u00e8 necessaria la prudenza e il rispetto che questo delicato momento richiede.\u00a0<\/strong><\/em><\/p>\n<p><span style=\"color: #0000ff;\"><strong><a style=\"color: #0000ff;\" href=\"https:\/\/www.change.org\/p\/chi-ama-falcade-e-la-valle-del-biois-non-in-mio-nome?signed=true\">CLICCA QUI PER FIRMARE LA PETIZIONE<\/a><\/strong><\/span><\/p>\n<p>&nbsp;<\/p>\n<p>&nbsp;<\/p>\n<hr \/>\n<p>&nbsp;<\/p>\n<blockquote>\n<h3>SOSTEGNI ALLE ATTIVITA\u2019 NEL COMUNE PONTE NELLE ALPI<\/h3>\n<\/blockquote>\n<p><strong><img loading=\"lazy\" decoding=\"async\" class=\"alignleft\" src=\"https:\/\/www.radiopiu.net\/wordpress\/wp-content\/uploads\/2020\/10\/Sede_municipale.jpg\" width=\"218\" height=\"176\" \/>PONTE NELLE ALPI<\/strong> Il gruppo &#8220;X Ponte&#8221;, torna sull&#8217;argomento \u00a0sostegni comunali per commercianti ed artigiani\u00a0 sottolineando\u00a0 che alcun euro fin&#8217;ora \u00e8 stato erogato. La mozione, a sostegno di questa iniziativa era stata discussa a maggio delllo scorso anno trovando un compromesso con l\u2019attuale compagine che amministra il\u00a0 Comune. Al gruppo di Bindella, Levis, De Vettor e al vice presidente commissione attivit\u00e0 produttive Natalino Benko l&#8217;assessore competente avrebbe spiegato che sono state accolte 86 domande, ma purtroppo per vari motivi vi \u00e8 un allungamento delle tempistiche di erogazione dei contributi.<em> &#8220;La solita storia &#8211; dicono i rappresentanti del gruppo &#8211;\u00a0 se non fosse per la tragicit\u00e0 della situazione economica attuale, gioverebbe ricordare che, in precedenti riunioni era stato riferito che le somme sarebbero state corrisposte entro il mese di dicembre, tra l\u2019altro per motivi connessi alle tempistiche contabili. Alle attivit\u00e0 economiche, stante le molteplici incombenze di fine anno, era doverosa l\u2019elargizione nelle tempistiche promesse. Questi ulteriori ritardi, spigateci con i contagi che hanno interessato il personale preposto alle pratiche, evidenziano l\u2019ennesimo scostamento alle esigenze degli operatori<\/em> <em>economici&#8221;. <\/em>L&#8217;intento dell&#8217;iniziativa comunale \u00e8 senz&#8217;altro mantenere la presenza di strutture economiche sul territorio. <em>&#8220;E\u2019 necessario &#8211; sottolinea la nota di\u00a0 X Ponte &#8211;\u00a0 dare risposte tempestive alla cittadinanza, a prescindere dalle difficolt\u00e0 temporanee ostative. Questo periodo \u00e8 anche un banco di prova per testare l\u2019efficacia dell\u2019 amministrazione&#8221;<\/em><\/p>\n<p>&nbsp;<\/p>\n<p>&nbsp;<\/p>\n<hr \/>\n<blockquote>\n<h3><\/h3>\n<h3>VERSO LA CONCLUSIONE IL PROGETTO &#8220;SISTEMA SALVA GENTE&#8221;<\/h3>\n<\/blockquote>\n<p><strong> <a href=\"https:\/\/www.radiopiu.net\/wordpress\/giornale-radiopiu-26-marzo-2021-direttore-mirko-mezzacasa\/ripristino-di-un-ponte-realizzato-nel-comune-di-valle-di-cadore-1\/\" rel=\"attachment wp-att-199176\"><img loading=\"lazy\" decoding=\"async\" class=\" wp-image-199176 alignleft\" src=\"https:\/\/www.radiopiu.net\/wordpress\/wp-content\/uploads\/2021\/03\/Ripristino-di-un-ponte-realizzato-nel-Comune-di-Valle-di-Cadore-1-225x300.jpeg\" alt=\"\" width=\"168\" height=\"224\" srcset=\"https:\/\/www.radiopiu.net\/wordpress\/wp-content\/uploads\/2021\/03\/Ripristino-di-un-ponte-realizzato-nel-Comune-di-Valle-di-Cadore-1-225x300.jpeg 225w, https:\/\/www.radiopiu.net\/wordpress\/wp-content\/uploads\/2021\/03\/Ripristino-di-un-ponte-realizzato-nel-Comune-di-Valle-di-Cadore-1-768x1024.jpeg 768w, https:\/\/www.radiopiu.net\/wordpress\/wp-content\/uploads\/2021\/03\/Ripristino-di-un-ponte-realizzato-nel-Comune-di-Valle-di-Cadore-1-1152x1536.jpeg 1152w, https:\/\/www.radiopiu.net\/wordpress\/wp-content\/uploads\/2021\/03\/Ripristino-di-un-ponte-realizzato-nel-Comune-di-Valle-di-Cadore-1.jpeg 1200w\" sizes=\"auto, (max-width: 168px) 100vw, 168px\" \/><\/a>CADORE <\/strong>Un progetto\u00a0 costruito per attivare azioni a contrasto della povert\u00e0, con l\u2019intento di dare risposte ai bisogni registrati nel territorio, arrivando a definire diversi tipi di povert\u00e0 e quindi diverse misure. Si sta avviando a conclusione il progetto \u201cSistema Salva-gente\u201d, avviato nel 2019 dalla Cadore societ\u00e0 cooperativa sociale. Il 2020 e questi primi mesi del 2021 hanno visto svolgersi le attivit\u00e0 del secondo anno di progetto.Per dare risposta ai vari tipi di emergenza e di necessit\u00e0 della popolazione, il progetto \u201cSistema Salva-gente\u201d si \u00e8 articolato in quattro differenti misure: povert\u00e0 lavorativa per 5 soggetti disoccupati; povert\u00e0 economica con 90 interventi a sostegno delle famiglie per oltre 12.000 euro; povert\u00e0 domestica,\u00a0 interventi per 24.000 euro; povert\u00e0 sociale anche se in questi mesi di pandemia, questa azione ha trovato difficolt\u00e0 di attuazione. <em>\u201cQuesta prima esperienza di progetto territoriale di contrasto alla povert\u00e0 \u2013 dice la presidente Alessandra Buzzo \u2013 ci lascia in dote una cabina di regia capace di intercettare in futuro nuove esigenze. La nostra speranza poi \u00e8 che alcune delle misure promosse all\u2019interno del progetto e rivelatesi particolarmente utili per i cittadini possano essere convertite in azioni strutturali\u201d.<\/em><\/p>\n<p>&nbsp;<\/p>\n<hr \/>\n<p>&nbsp;<\/p>\n<p>&nbsp;<\/p>\n<blockquote>\n<h3>BIBLIOTECA DI LIMANA: TANTE LETTURE E SPETTACOLI AI TEMPI DEL COVID<\/h3>\n<p><em>Attendendo il ritorno alla normalit\u00e0 l&#8217;Assessorato alla Cultura e la Biblioteca stanno facendo di tutto per portare nelle case degli utenti un pizzico di magia e leggerezza, sia ai pi\u00f9 piccoli che ai pi\u00f9 grandi, in questo difficile momento&#8230;<\/em><\/p><\/blockquote>\n<p><strong>LIMANA<\/strong> Periodo molto intenso di attivit\u00e0 culturali organizzate dalla Biblioteca Comunale e relativo Ufficio Cultura. Con la rassegna \u201cSottoCoperta\u201d, organizzata dal Coordinamento Leggere per Leggere, dall\u2019Associazione Maga Camaja RCM e dall\u2019Armadio delle storie a colori,\u00a0Sono stati proposti 7 incontri tra ferbbraio e marzo. Cinque gli appuntamenti per i bambini a partire dai 4 anni in su, che hanno visto la partecipazione di lettori professionisti.\u00a0 Due gli incontri dedicati agli adulti in occasione dell\u20198 marzo, con lo spettacolo \u201cIl corpo che parla\u201d con la compagnia \u201cLa luna al guinzaglio\u201d di Trieste, ed il secondo, proposto come conclusione della rassegna, con un concerto dal titolo \u201cLa citt\u00e0 della gioia\u201d, con la cantante Erika Boschero e il fisarmonicista Sergio Marchesini<\/p>\n<p>&nbsp;<\/p>\n<p>&nbsp;<\/p>\n<hr \/>\n<h3><\/h3>\n<blockquote>\n<h2>CAMMINANDO PER SENTIERI SOPRA LA REGIONALE 203 AGORDINA<\/h2>\n<\/blockquote>\n<p><strong>AGORDO<\/strong> Segnalazione importante,\u00a0 sopra la centrale dell&#8217;Enel si incontra un sentiero verso Taibon. Un larice \u00e8 caduto finendo direttamente sopra i cavi (foto)<\/p>\n\n\t\t\t<style type='text\/css'>\n\t\t\t\t#gallery-5 {\n\t\t\t\t\tmargin: auto;\n\t\t\t\t}\n\t\t\t\t#gallery-5 .gallery-item {\n\t\t\t\t\tfloat: left;\n\t\t\t\t\tmargin-top: 10px;\n\t\t\t\t\ttext-align: center;\n\t\t\t\t\twidth: 33%;\n\t\t\t\t}\n\t\t\t\t#gallery-5 img {\n\t\t\t\t\tborder: 2px solid #cfcfcf;\n\t\t\t\t}\n\t\t\t\t#gallery-5 .gallery-caption {\n\t\t\t\t\tmargin-left: 0;\n\t\t\t\t}\n\t\t\t\t\/* see gallery_shortcode() in wp-includes\/media.php *\/\n\t\t\t<\/style>\n\t\t<div id='gallery-5' class='dt-gallery-container gallery galleryid-199133 gallery-columns-3 gallery-size-thumbnail'><dl class='gallery-item'>\n\t\t\t\t<dt class='gallery-icon landscape'>\n\t\t\t\t\t<a class=\"rollover rollover-zoom dt-pswp-item\" title=\"64bf0437-4175-4f08-820c-a582e354c0e6\" data-dt-img-description=\"\" data-large_image_width=\"1600\" data-large_image_height=\"900\"href='https:\/\/www.radiopiu.net\/wordpress\/wp-content\/uploads\/2021\/03\/64bf0437-4175-4f08-820c-a582e354c0e6.jpg'><img loading=\"lazy\" decoding=\"async\" width=\"150\" height=\"150\" src=\"https:\/\/www.radiopiu.net\/wordpress\/wp-content\/uploads\/2021\/03\/64bf0437-4175-4f08-820c-a582e354c0e6-150x150.jpg\" class=\"attachment-thumbnail size-thumbnail\" alt=\"\" \/><\/a>\n\t\t\t\t<\/dt><\/dl><dl class='gallery-item'>\n\t\t\t\t<dt class='gallery-icon landscape'>\n\t\t\t\t\t<a class=\"rollover rollover-zoom dt-pswp-item\" title=\"f25fc823-bbd8-450b-9146-3dc2bad919c5\" data-dt-img-description=\"\" data-large_image_width=\"1600\" data-large_image_height=\"900\"href='https:\/\/www.radiopiu.net\/wordpress\/wp-content\/uploads\/2021\/03\/f25fc823-bbd8-450b-9146-3dc2bad919c5.jpg'><img loading=\"lazy\" decoding=\"async\" width=\"150\" height=\"150\" src=\"https:\/\/www.radiopiu.net\/wordpress\/wp-content\/uploads\/2021\/03\/f25fc823-bbd8-450b-9146-3dc2bad919c5-150x150.jpg\" class=\"attachment-thumbnail size-thumbnail\" alt=\"\" \/><\/a>\n\t\t\t\t<\/dt><\/dl><dl class='gallery-item'>\n\t\t\t\t<dt class='gallery-icon landscape'>\n\t\t\t\t\t<a class=\"rollover rollover-zoom dt-pswp-item\" title=\"1ed0a542-8969-45b8-b151-3659ab530262\" data-dt-img-description=\"\" data-large_image_width=\"1600\" data-large_image_height=\"900\"href='https:\/\/www.radiopiu.net\/wordpress\/wp-content\/uploads\/2021\/03\/1ed0a542-8969-45b8-b151-3659ab530262.jpg'><img loading=\"lazy\" decoding=\"async\" width=\"150\" height=\"150\" src=\"https:\/\/www.radiopiu.net\/wordpress\/wp-content\/uploads\/2021\/03\/1ed0a542-8969-45b8-b151-3659ab530262-150x150.jpg\" class=\"attachment-thumbnail size-thumbnail\" alt=\"\" \/><\/a>\n\t\t\t\t<\/dt><\/dl><br style=\"clear: both\" \/>\n\t\t\t<\/div>\n\n<p>Poco sopra la centrale, invece, in mezzo al bosco il cavo della linea \u00e8 ad altezza di ginocchio prima di risalire verso il palo, nuovo di zecca, installato con la costruzione del grande muraglione a difesa dell&#8217;abitato di Bries (video)<\/p>\n<p>&nbsp;<\/p>\n<p><iframe loading=\"lazy\" title=\"WhatsApp Video 2021 03 23 at 16 00 30\" width=\"1200\" height=\"675\" src=\"https:\/\/www.youtube.com\/embed\/kcvyX1WB7ho?feature=oembed\" frameborder=\"0\" allow=\"accelerometer; autoplay; clipboard-write; encrypted-media; gyroscope; picture-in-picture\" allowfullscreen><\/iframe><\/p>\n<p>&nbsp;<\/p>\n<p>&nbsp;<\/p>\n<hr \/>\n<blockquote>\n<h3><\/h3>\n<h3>IL TESTAMENTO DELLA VECIA POPA DOMENICA MATTINA ALLA RADIO<\/h3>\n<\/blockquote>\n<p><strong><a href=\"https:\/\/www.radiopiu.net\/wordpress\/il-testamento-della-vecia-popa-domenica-mattina-alla-radio\/2ed13d71-035a-4bb8-b58f-a5b058c108d6\/\" rel=\"attachment wp-att-199081\"><img loading=\"lazy\" decoding=\"async\" class=\"size-medium wp-image-199081 alignleft\" src=\"https:\/\/www.radiopiu.net\/wordpress\/wp-content\/uploads\/2021\/03\/2ed13d71-035a-4bb8-b58f-a5b058c108d6-169x300.jpg\" alt=\"\" width=\"169\" height=\"300\" srcset=\"https:\/\/www.radiopiu.net\/wordpress\/wp-content\/uploads\/2021\/03\/2ed13d71-035a-4bb8-b58f-a5b058c108d6-169x300.jpg 169w, https:\/\/www.radiopiu.net\/wordpress\/wp-content\/uploads\/2021\/03\/2ed13d71-035a-4bb8-b58f-a5b058c108d6-576x1024.jpg 576w, https:\/\/www.radiopiu.net\/wordpress\/wp-content\/uploads\/2021\/03\/2ed13d71-035a-4bb8-b58f-a5b058c108d6-768x1366.jpg 768w, https:\/\/www.radiopiu.net\/wordpress\/wp-content\/uploads\/2021\/03\/2ed13d71-035a-4bb8-b58f-a5b058c108d6-864x1536.jpg 864w, https:\/\/www.radiopiu.net\/wordpress\/wp-content\/uploads\/2021\/03\/2ed13d71-035a-4bb8-b58f-a5b058c108d6.jpg 899w\" sizes=\"auto, (max-width: 169px) 100vw, 169px\" \/><\/a>AGORDO<\/strong>\u00a0 Il Comitato Vecia Popa deve arrendersi per il secondo anno. Lo scorso marzo tutto era pronto per la grande festa sul Broi, il covid ha rotto i piani e cos\u00ec anche quest&#8217;anno. Per evitare gli assembramenti la Vecia Popa \u00e8 cancellata dal calendario, in effetti di gente ne richiama davvero tanta, a migliaia negli ultimi anni a premiare l&#8217;impegno del gruppo organizzatore. Ma quest&#8217;anno la vecia della Val di Frela non subir\u00e0 il minaccioso silenzio, piuttosto domenica verr\u00e0 a farci visita in radio, si intratterr\u00e0 con gli ascoltatori e leggera il famosissimo testamento de la vecia <a href=\"https:\/\/www.radiopiu.net\/wordpress\/il-testamento-della-vecia-popa-domenica-mattina-alla-radio\/whatsapp-image-2017-03-26-at-16-25-53-2\/\" rel=\"attachment wp-att-199080\"><img loading=\"lazy\" decoding=\"async\" class=\" wp-image-199080 alignright\" src=\"https:\/\/www.radiopiu.net\/wordpress\/wp-content\/uploads\/2021\/03\/WhatsApp-Image-2017-03-26-at-16.25.53-225x300.jpeg\" alt=\"\" width=\"136\" height=\"181\" srcset=\"https:\/\/www.radiopiu.net\/wordpress\/wp-content\/uploads\/2021\/03\/WhatsApp-Image-2017-03-26-at-16.25.53-225x300.jpeg 225w, https:\/\/www.radiopiu.net\/wordpress\/wp-content\/uploads\/2021\/03\/WhatsApp-Image-2017-03-26-at-16.25.53-768x1024.jpeg 768w, https:\/\/www.radiopiu.net\/wordpress\/wp-content\/uploads\/2021\/03\/WhatsApp-Image-2017-03-26-at-16.25.53-1152x1536.jpeg 1152w, https:\/\/www.radiopiu.net\/wordpress\/wp-content\/uploads\/2021\/03\/WhatsApp-Image-2017-03-26-at-16.25.53.jpeg 1200w\" sizes=\"auto, (max-width: 136px) 100vw, 136px\" \/><\/a>Popa. Domenica alle 10, alla radio e sui canali social di Radio Pi\u00f9.<\/p>\n<blockquote><p><span style=\"color: #ff0000;\"><strong>LA VIDEO TELEFONATA DALLA VAL DI FRELA&#8230;.<\/strong><\/span><\/p><\/blockquote>\n<p>&nbsp;<\/p>\n<p><span style=\"color: #ff0000;\"><strong>audio<\/strong><\/span><\/p>\n<audio class=\"wp-audio-shortcode\" id=\"audio-199133-6\" preload=\"none\" style=\"width: 100%;\" controls=\"controls\"><source type=\"audio\/mpeg\" src=\"https:\/\/www.radiopiu.net\/wordpress\/wp-content\/uploads\/2021\/03\/R9S9F3C.mp3?_=6\" \/><a href=\"https:\/\/www.radiopiu.net\/wordpress\/wp-content\/uploads\/2021\/03\/R9S9F3C.mp3\">https:\/\/www.radiopiu.net\/wordpress\/wp-content\/uploads\/2021\/03\/R9S9F3C.mp3<\/a><\/audio>\n<p><strong>DAL CORRIERE DELLE ALPI IL SERVIZIO DI GIANNI SANTOMASO<\/strong><\/p>\n<audio class=\"wp-audio-shortcode\" id=\"audio-199133-7\" preload=\"none\" style=\"width: 100%;\" controls=\"controls\"><source type=\"audio\/mpeg\" src=\"https:\/\/www.radiopiu.net\/wordpress\/wp-content\/uploads\/2021\/03\/GIANNI-VECIA-POPA.mp3?_=7\" \/><a href=\"https:\/\/www.radiopiu.net\/wordpress\/wp-content\/uploads\/2021\/03\/GIANNI-VECIA-POPA.mp3\">https:\/\/www.radiopiu.net\/wordpress\/wp-content\/uploads\/2021\/03\/GIANNI-VECIA-POPA.mp3<\/a><\/audio>\n<p>&nbsp;<\/p>\n<hr \/>\n<p>&nbsp;<\/p>\n<blockquote>\n<h3>PRESENTATO IL CORTOMETRAGGIO AMBIENTATO IN PROVINCIA DI BELLUNO DAL TITOLO &#8220;NEVE&#8221;<\/h3>\n<\/blockquote>\n<p><strong><a href=\"https:\/\/www.radiopiu.net\/wordpress\/giornale-radiopiu-26-marzo-2021-direttore-mirko-mezzacasa\/_dsc2916\/\" rel=\"attachment wp-att-199230\"><img loading=\"lazy\" decoding=\"async\" class=\"size-medium wp-image-199230 alignleft\" src=\"https:\/\/www.radiopiu.net\/wordpress\/wp-content\/uploads\/2021\/03\/DSC2916-300x200.jpg\" alt=\"\" width=\"300\" height=\"200\" srcset=\"https:\/\/www.radiopiu.net\/wordpress\/wp-content\/uploads\/2021\/03\/DSC2916-300x200.jpg 300w, https:\/\/www.radiopiu.net\/wordpress\/wp-content\/uploads\/2021\/03\/DSC2916-1024x683.jpg 1024w, https:\/\/www.radiopiu.net\/wordpress\/wp-content\/uploads\/2021\/03\/DSC2916-768x512.jpg 768w, https:\/\/www.radiopiu.net\/wordpress\/wp-content\/uploads\/2021\/03\/DSC2916-1536x1025.jpg 1536w, https:\/\/www.radiopiu.net\/wordpress\/wp-content\/uploads\/2021\/03\/DSC2916-2048x1366.jpg 2048w\" sizes=\"auto, (max-width: 300px) 100vw, 300px\" \/><\/a>BELLUNO<\/strong> \u00c8 stato presentato ieri mattina il cortometraggio &#8220;Neve&#8221;, interamente ambientato in provincia di Belluno e nel Comelico nello specifico. Viviana Ferrario, professore di geografia presso l&#8217;Universit\u00e0 di Venezia e presidente della Fondazione Comelico Dolomiti ha presentato cos\u00ec l&#8217;iniziativa. &#8221; La Fondazione Comelico Dolomiti, da molti anni \u00e8 attiva sul territorio con iniziative di carattere culturale. In questi ultimi cinque anni le abbiamo impresso un pi\u00f9 spiccato carattere operativo, partecipando a diversi progetti di ricerca e di cooperazione anche internazionali, nella prospettiva di valorizzare il territorio del Comelico, anche in collaborazione con le realt\u00e0 confinanti. Tra i compiti statutari della Fondazione c\u2019\u00e8 quello di sostenere e sviluppare la creativit\u00e0 e la ricerca letteraria, artistica e scientifica. \u00c8 cos\u00ec che quando, attraverso Francesca Dell\u2019Amore, mi ha contattato Alessia Buiatti, ho colto immediatamente l\u2019interesse di questa iniziativa per il Comelico e per la Fondazione. Il film si chiude infatti su da noi in Comelico, alla chiesa di San Leonardo di Casamazzagno, uno dei luoghi pi\u00f9 suggestivi, un vero e proprio balcone sulla nostra bellissima valle&#8221;<\/p>\n<p><strong>di\u00a0 MORENO GIOLI<\/strong><\/p>\n<audio class=\"wp-audio-shortcode\" id=\"audio-199133-8\" preload=\"none\" style=\"width: 100%;\" controls=\"controls\"><source type=\"audio\/mpeg\" src=\"https:\/\/www.radiopiu.net\/wordpress\/wp-content\/uploads\/2021\/03\/gioli-alessia.mp3?_=8\" \/><a href=\"https:\/\/www.radiopiu.net\/wordpress\/wp-content\/uploads\/2021\/03\/gioli-alessia.mp3\">https:\/\/www.radiopiu.net\/wordpress\/wp-content\/uploads\/2021\/03\/gioli-alessia.mp3<\/a><\/audio>\n<a href=\"https:\/\/www.radiopiu.net\/wordpress\/wp-content\/uploads\/2021\/03\/Neve-_-cortometraggio-in-pellicola.pdf\" class=\"pdfemb-viewer\" style=\"\" data-width=\"max\" data-height=\"max\" data-toolbar=\"top\" data-toolbar-fixed=\"on\">Neve _ cortometraggio in pellicola<\/a>\n<p>&nbsp;<\/p>\n<p>&nbsp;<\/p>\n<hr \/>\n<p>&nbsp;<\/p>\n<blockquote>\n<h3>AL VIA IL NUOVO CORSO FORMATIVO SULL\u2019AMMINISTRAZIONE DI SOSTEGNO<\/h3>\n<\/blockquote>\n<p><strong>BELLUNO <\/strong>Un nuovo corso online di formazione sull\u2019amministrazione di sostegno. Si tratta di un aggiornamento per\u00a0 gli amministratori e i responsabili dei servizi sociosanitari e degli operatori. Approfondimento, operativit\u00e0 concreta e criticit\u00e0 proposte: questi i temi che si andranno ad affrontare in sessione pomeridiana (dalle 14.30 alle 18.30) per quattro venerd\u00ec. S\u2019inizia il 9 aprile con il modulo giuridico-procedurale per proseguire il 16 (modulo giuridico-esperienziale -progetto di cura), il 23 (modulo sociale\u00a0 e socio sanitario) e il 30 (modulo operativo e psicologico). Il corso \u00e8 proposto da Comitato d\u2019Intesa di Belluno con la collaborazione di Csv Belluno Treviso, Tribunale di Belluno, Ulss 1 Dolomiti, Conferenza dei sindaci di Belluno e Feltre, Ordine professionale degli assistenti sociali.<\/p>\n<p>&nbsp;<\/p>\n<p>&nbsp;<\/p>\n<hr \/>\n<p>&nbsp;<\/p>\n<blockquote>\n<h3>LA MONGOLFIERA DI GIORGIA, ECCO IL NUOVO BANDO<\/h3>\n<\/blockquote>\n<blockquote><p><em>una lodevole abitudine quella dell\u2019associazione di presentare ogni anno, con l\u2019occasione, un nuovo bando rivolto agli adolescenti tra i 13 ed i 24 anni in condizioni di disabilit\u00e0 certificata che hanno bisogno di un po&#8217; di sollievo. <\/em><\/p><\/blockquote>\n<p style=\"text-align: left;\"><strong><a href=\"https:\/\/www.radiopiu.net\/wordpress\/la-mongolfiera-di-giorgia-ecco-il-nuovo-bando\/giorgia-praloran-5\/\" rel=\"attachment wp-att-198740\"><img loading=\"lazy\" decoding=\"async\" class=\" wp-image-198740 alignleft\" src=\"https:\/\/www.radiopiu.net\/wordpress\/wp-content\/uploads\/2021\/03\/Giorgia-Praloran-300x201.jpg\" alt=\"\" width=\"193\" height=\"129\" srcset=\"https:\/\/www.radiopiu.net\/wordpress\/wp-content\/uploads\/2021\/03\/Giorgia-Praloran-300x201.jpg 300w, https:\/\/www.radiopiu.net\/wordpress\/wp-content\/uploads\/2021\/03\/Giorgia-Praloran-1024x685.jpg 1024w, https:\/\/www.radiopiu.net\/wordpress\/wp-content\/uploads\/2021\/03\/Giorgia-Praloran-768x514.jpg 768w, https:\/\/www.radiopiu.net\/wordpress\/wp-content\/uploads\/2021\/03\/Giorgia-Praloran-1536x1028.jpg 1536w, https:\/\/www.radiopiu.net\/wordpress\/wp-content\/uploads\/2021\/03\/Giorgia-Praloran.jpg 1600w\" sizes=\"auto, (max-width: 193px) 100vw, 193px\" \/><\/a>BELLUNO<\/strong>\u00a0 Da venerd\u00ec sar\u00e0 possibile prendere parte al nuovo bando solidale dell\u2019associazione \u201cLa mongolfiera di Giorgia\u201d. La data\u00a0 coincide con il ventiquattresimo compleanno di Giorgia Praloran, giovane purtroppo scomparsa nel 2016 a causa di una malattia aggressiva. Le domande dovranno essere presentate tra il 26 marzo e il 25 maggio 2021, con l\u2019invio del modulo scaricabile da www.lamongolfieradigiorgia.it o richiedibile all\u2019e-mail lamongolfieradigiorgia@gmail.com.<\/p>\n<p>&nbsp;<\/p>\n<hr \/>\n<p>&nbsp;<\/p>\n<p>&nbsp;<\/p>\n<blockquote>\n<h3><a href=\"https:\/\/www.radiopiu.net\/wordpress\/cantieri-post-vaia-quattro-interventi-per-2-milioni-100-mila-euro\/download-890\/\" rel=\"attachment wp-att-149713\"><img loading=\"lazy\" decoding=\"async\" class=\"wp-image-149713 alignleft\" src=\"https:\/\/www.radiopiu.net\/wordpress\/wp-content\/uploads\/2020\/07\/download-16.jpg\" alt=\"\" width=\"142\" height=\"80\" \/><\/a>LAVORI IN CENTRO A TAIBON<\/h3>\n<\/blockquote>\n<p><strong>TAIBON<\/strong> Si informa che per consentire i lavori di allacciamento all&#8217;infrastruttura della fibra, \u00e8 prevista l\u2019istituzione del divieto di transito a tutti i veicoli, lungo la strada comunale da Piazzale 4 novembre 1918 &#8211; intersezione con via Foch, via P. Nenni e via A. Brustolon fino all\u2019intersezione con via della Chiesa, fino a venerd\u00ec, dalle 8 alle 18.<\/p>\n<p>&nbsp;<\/p>\n<p>&nbsp;<\/p>\n<hr \/>\n<p>&nbsp;<\/p>\n<p>&nbsp;<\/p>\n<blockquote>\n<h3><a href=\"https:\/\/www.radiopiu.net\/wordpress\/castello-illuminato-nel-segno-della-prevenzione-del-tumore-al-seno\/castello\/\" rel=\"attachment wp-att-167850\"><img loading=\"lazy\" decoding=\"async\" class=\"wp-image-167850 alignleft\" src=\"https:\/\/www.radiopiu.net\/wordpress\/wp-content\/uploads\/2020\/10\/Castello-300x187.jpg\" alt=\"\" width=\"176\" height=\"110\" srcset=\"https:\/\/www.radiopiu.net\/wordpress\/wp-content\/uploads\/2020\/10\/Castello-300x187.jpg 300w, https:\/\/www.radiopiu.net\/wordpress\/wp-content\/uploads\/2020\/10\/Castello-1024x639.jpg 1024w, https:\/\/www.radiopiu.net\/wordpress\/wp-content\/uploads\/2020\/10\/Castello-768x479.jpg 768w, https:\/\/www.radiopiu.net\/wordpress\/wp-content\/uploads\/2020\/10\/Castello-1536x958.jpg 1536w, https:\/\/www.radiopiu.net\/wordpress\/wp-content\/uploads\/2020\/10\/Castello.jpg 1892w\" sizes=\"auto, (max-width: 176px) 100vw, 176px\" \/><\/a>LAVORI DI ASFALTATURA IN VIA NASSA A FELTRE<\/h3>\n<\/blockquote>\n<p><strong>FELTRE <\/strong>Fino al 2 aprile lavori in corso in via Nassa a Feltre dove sono previsti degli interventi straordinari di asfaltatura. Dalle 8 alle 18 sar\u00e0 vietato il transito a tutti i veicoli, cicli e motocicli. Il passaggio sar\u00e0 consentito solo ed esclusivamente ai residenti nei tratti non soggetti ai lavori. Sar\u00e0 garantito il transito pedonale in sicurezza.<\/p>\n<p>&nbsp;<\/p>\n<p>&nbsp;<\/p>\n<hr \/>\n<p>&nbsp;<\/p>\n<blockquote>\n<h3>LA GUARDIA DI FINANZA APRE IL CONCORSO PER 66 ALLIEVI UFFICIALI E 10 TENENTI<\/h3>\n<\/blockquote>\n<p><strong><a href=\"https:\/\/www.radiopiu.net\/wordpress\/vendono-una-centrale-idroelettrica-eludendo-il-fisco\/guardia-di-finanza-auto_full1\/\" rel=\"attachment wp-att-5016\"><img loading=\"lazy\" decoding=\"async\" class=\" wp-image-5016 alignleft\" src=\"https:\/\/www.radiopiu.net\/wordpress\/wp-content\/uploads\/2015\/05\/guardia-di-finanza-auto_full1-300x224.jpg\" alt=\"\" width=\"130\" height=\"97\" \/><\/a>BELLUNO<\/strong> La Guardia di Finanza \u00e8 alla ricerca di allievi ufficiali. \u00c8 partito in questi giorni il concorso pubblico, per titoli ed esami, per l&#8217;ammissione di 66 allievi ufficiali del ruolo normale, comparto ordinario e aeronavale, all&#8217;Accademia della Guardia di Finanza per l&#8217;anno accademico 2021-2022. I candidati devono aver compiuto i 17 anni di et\u00e0 alla data del 1 gennaio 2021, devono essere in possesso di un diploma di istruzione secondaria di secondo grado che consenta l&#8217;iscrizione a corsi di laurea o che lo conseguano nell&#8217;anno scolastico 2020\/21. La domanda di partecipazione al concorso dovr\u00e0 essere compilata tramite procedura telematica all&#8217;indirizzo concorsi.gdf.gov.it e dovr\u00e0 essere effettuata entro le 12 del 8 aprile 2021. Per altre informazioni sul concorso basta accedere al sito del concorso.<\/p>\n<blockquote><p>Sempre la Guardia di Finanza sta reclutando 3 allievi finanzieri del contingente ordinario, selezione riservata al coniuge e ai figli superstiti, nonch\u00e8 ai fratelli o alle sorelle del personale delle Forze di Polizia, deceduto o reso pemanentemente invalido per causa di servizio.<\/p><\/blockquote>\n<p>&nbsp;<\/p>\n<p>&nbsp;<\/p>\n<hr \/>\n<p>&nbsp;<\/p>\n<blockquote>\n<h3>GLI ALPINI DI ALLEGHE APRONO UN CONTO CORRENTE PER AIUTARE GUERRINO BELLENZIER<\/h3>\n<\/blockquote>\n<p><strong><a href=\"https:\/\/www.radiopiu.net\/wordpress\/gli-alpini-di-alleghe-aprono-un-conto-corrente-per-aiutare-guerrino-bellenzier\/alpini-alleghe\/\" rel=\"attachment wp-att-198175\"><img loading=\"lazy\" decoding=\"async\" class=\"size-medium wp-image-198175 alignleft\" src=\"https:\/\/www.radiopiu.net\/wordpress\/wp-content\/uploads\/2021\/03\/ALPINI-ALLEGHE-300x138.png\" alt=\"\" width=\"300\" height=\"138\" srcset=\"https:\/\/www.radiopiu.net\/wordpress\/wp-content\/uploads\/2021\/03\/ALPINI-ALLEGHE-300x138.png 300w, https:\/\/www.radiopiu.net\/wordpress\/wp-content\/uploads\/2021\/03\/ALPINI-ALLEGHE-768x353.png 768w, https:\/\/www.radiopiu.net\/wordpress\/wp-content\/uploads\/2021\/03\/ALPINI-ALLEGHE.png 778w\" sizes=\"auto, (max-width: 300px) 100vw, 300px\" \/><\/a>ALLEGHE<\/strong> Nella notte del 12 marzo. l&#8217;abitazione di Guerrino Bellenzier (piu conosciuto come Tobia) \u00e8 stata interessata da un incendio che ha causate notevoli danni alla struttura della casa. Tobia e persona da sempre presente e disponibile per la comunit\u00e0 Alleghese nella quale ha ricoperto le cariche di consigliere ed assessore comunale. E&#8217; stato anche consigliere e capogruppo degli Alpini di Alleghe, nonch\u00e8 fondatore, insieme a Siro De Biasio, del Coro Alpino &#8220;Monte Civetta&#8221;. Attualmente e ancora attivissimo vice capogruppo ed e per questo motive che i suoi amici alpini hanno ritenuto di attivarsi ed essere vicini a Tobia, aprendo presso Cortinabanca &#8211; sede di Alleghe &#8211; un conto corrente sul quale raccogliere contributi per quanti volessero aderire a questa iniziativa. Le coordinate bancarie del conto intestate a Gruppo Ana Alleghe sottoscrizione per &#8220;&#8221;Tobia&#8221;&#8221; danni da incendio sono le seguenti:&#8221; IT 21 C 08511 61001 000000041707 L&#8217;attuale Capogruppo Cristian De Toni, anche a nome di tutto ii Consiglio del Gruppo ANA Alleghe, ringrazia quanti vorranno condividere l&#8217;iniziativa.<\/p>\n<p>&nbsp;<\/p>\n<hr \/>\n<p>&nbsp;<\/p>\n<blockquote>\n<h3>FARFALLE DELLE ALPI ORIENTALI<\/h3>\n<\/blockquote>\n<p><strong><a href=\"https:\/\/www.radiopiu.net\/wordpress\/a-settembre-si-conclude-il-programma-al-parco-con-mamma-e-papa-il-calendario-delle-escursioni-guidate-nel-parco-nazionale-dolomiti-bellunesi\/logo-parco\/\" rel=\"attachment wp-att-59193\"><img loading=\"lazy\" decoding=\"async\" class=\" wp-image-59193 alignleft\" src=\"https:\/\/www.radiopiu.net\/wordpress\/wp-content\/uploads\/2018\/08\/logo-parco.png\" alt=\"\" width=\"186\" height=\"88\" \/><\/a>FELTRE <\/strong>Il Parco Nazionale Dolomiti Bellunesi e il Dipartimento di Biologia dell\u2019Universit\u00e0 di Padova organizzano il corso: Farfalle delle Alpi Orientali. Conoscere e identificare le specie collinari e montane del Nord-Est Italia. Il corso \u00e8 rivolto a studenti universitari e laureati in discipline naturalistiche; a tecnici e professionisti che si occupano di gestione ambientale; insegnanti e guide naturalistiche, ma \u00e8 aperto anche a tutti gli appassionati di natura. Il corso si svolger\u00e0 in modalit\u00e0 a distanza in quattro incontri. I relatori saranno il professor Lucio Bonato, Zoologo presso l\u2019Universit\u00e0 di Padova; la professoressa Simona Bonelli. Zoologa presso l\u2019Universit\u00e0 di Torino ed Enrico Vettorazzo, tecnico presso il Parco Nazionale Dolomiti Bellunesi. Il corso \u00e8 gratuito, ma sar\u00e0 limitato a un massimo di 40 partecipanti. La richiesta di partecipazione va compilata on-line entro il 10 aprile, per informazioni: <a href=\"http:\/\/www.dolomitipark.it\">www.dolomitipark.it<\/a><\/p>\n<p>&nbsp;<\/p>\n<p>&nbsp;<\/p>\n<hr \/>\n<p>&nbsp;<\/p>\n<p>&nbsp;<\/p>\n<p><strong><a href=\"https:\/\/www.radiopiu.net\/wordpress\/giornale-radiopiu-26-marzo-2021-direttore-mirko-mezzacasa\/164241798_10165770093930500_8429364585250604693_o\/\" rel=\"attachment wp-att-199342\"><img loading=\"lazy\" decoding=\"async\" class=\"wp-image-199342 alignleft\" src=\"https:\/\/www.radiopiu.net\/wordpress\/wp-content\/uploads\/2021\/03\/164241798_10165770093930500_8429364585250604693_o-258x300.jpg\" alt=\"\" width=\"140\" height=\"163\" srcset=\"https:\/\/www.radiopiu.net\/wordpress\/wp-content\/uploads\/2021\/03\/164241798_10165770093930500_8429364585250604693_o-258x300.jpg 258w, https:\/\/www.radiopiu.net\/wordpress\/wp-content\/uploads\/2021\/03\/164241798_10165770093930500_8429364585250604693_o.jpg 515w\" sizes=\"auto, (max-width: 140px) 100vw, 140px\" \/><\/a>DALLA PAGINA FACEBOOK DOLOMITICI<\/strong><\/p>\n<div dir=\"auto\">CENTO ANNI! CENTO!<\/div>\n<div dir=\"auto\">Cento anni fa nasceva Lea. Ieri, cento anni dopo, la festeggiamo tutti con affetto grande . Cento anni e non sentirli. Cento anni e trovarla sempre sorridente. Cento di questi giorni ancora, nonna Lea in foto con la nipote Marta Farina.<\/div>\n<p>&nbsp;<\/p>\n<p>&nbsp;<\/p>\n<p>&nbsp;<\/p>\n<hr \/>\n<p>&nbsp;<\/p>\n<blockquote>\n<h3>LA \u201cCIVILTA\u2019 AGRICOLA AGORDINA APPUNTI ETNOGRAFICI LINGUISTICI\u201d<\/h3>\n<\/blockquote>\n<p><strong>di Renato Bona<\/strong><\/p>\n<p>Il 31 dicembre del 2010 Gianni Santomaso annunciava su Il Corriere delle Alpi la scomparsa nell\u2019ospedale di Agordo di Giovan Battista Rossi \u201cultima fiamma della tradizione linguistica agordina riconosciuta a livello internazionale\u201d. \u201cTita\u201d era nativo di San Tomaso Agordino e si era laureato a Padova specializzandosi in glottologia. Nel suo curriculum: collaboratore esterno del Centro nazionale ricerche a dialettologia di Padova e dell\u2019Atlante storico linguistico etnografico del Friuli che era diretto dal fraterno amico e glottologo Giovan Battista Pellegrini; ancora: membro della Societ\u00e0 italiana di glottologia; per anni preside della media di Cencenighe nonch\u00e9 sindaco negli anni \u201960. Proprio Rossi, e proprio con presentazione del suo amico-collega Pellegrini, ha realizzato nel 1982 (editore Bepi Pellegrino, fondatore dell\u2019editrice Nuovi Sentieri, altro autentico grande personaggio della cultura agordina e non solo: accademico del Cai, storico dell\u2019alpinismo dolomitico, autore di numerose opere letterarie che gli sono valse importanti riconoscimenti) il ponderoso volume (sulle 400 pagine; fotografie di: Franco Colleselli (Agordo), Livio Comina (Voltago Agordino), Foto Lazzarini (Cencenighe Agordino), Arturo Olivo (Belluno), Giacomo Pagani (Padova), Donato Soppelsa (Cencenighe Agordino); disegni di Franco Colleselli e Giuseppe Grava; coordinamento grafico: Eronda graphic design studio; fotoriproduzioni Monticelli di Padova; stampa tipografia Piave di Belluno)) sotto gli auspici dell\u2019Istituto di glottologia e fonetica dell\u2019Universit\u00e0 di Padova e con contributo della Regione Veneto \u201cCivilt\u00e0 agricola agordina\u201d con appunti etnografico-linguistici\u201d, che ha voluto dedicare al figlio Romeo. Dopo presentazione e premessa, il volume si articola nei capitoli seguenti: La casa; Fontane, ancone, capitelli; Fienile, stalla, animali domestici; Alpeggio; Lavorazione del latte; Apicoltura; Agricoltura; Il mulino ad acqua; Lavorazione della canapa, del lino e della lana; Lavorazione del legno; Mestieri; Mezzi di potatura e di trasporto; Misure; Abbigliamento. Nella prefazione, Giovan Battista Pellegrini scrive fra l\u2019altro: \u201cQuest\u2019opera di un amico carissimo fin dalla primissima nostra giovinezza, non pu\u00f2 non richiamarmi alla memoria quei duri tempi del 1943-45; ricordi (cui accomuno un altro sodale, Riccardo Chenet; a lui devo molto della mia esperienza dialettale) di frequenti sparatorie, di rappresaglie, di fughe repentine, di rischi che ora non posso nemmeno immaginare &#8211; dai quali sono fortunatamente uscito illeso &#8211; quando anch\u2019io, avido di sempre migliori conoscenze, mi arrampicavo sui ripidi pendii delle nostre amene vallate che in questo volume sono indagate, ma con ben pi\u00f9 maturo approfondimento\u201d. E proseguiva: \u201cNel presentare questo magnifico volume ai Bellunesi e ancor pi\u00f9 al mondo degli studiosi (che mi auguro il pi\u00f9 vasto possibile) il mio primo sentimento \u00e8 quello di una inesprimibile soddisfazione. Vedo infatti realizzata un\u2019opera che rappresenta da sola un autentico capolavoro &#8211; cui seguir\u00e0 un poderoso dizionario dialettale dell\u2019Agordino centrale e meridionale &#8211; e che io mi auguravo da tempo di poter finalmente ammirare nella sua completa realizzazione (portata a compimento anche per il benemerito impegno dell\u2019Editore). Da tanto tempo (da oltre un ventennio, sia pure saltuariamente) l\u2019Autore, il Prof. Giovanni Battista (Tita) Rossi, ex preside della scuola media statale di Cencenighe (Belluno), vi lavorava dopo aver raccolti imponenti materiali in tanti paesi del Medio e Basso Cordevole, ai quali si aggiungono varie schede che si riferiscono anche alla sezione settentrionale (senza escludere del tutto il Livinallongo). Tale ricerca costituisce inoltre un fondamentale supporto ad una integrale rilevazione dialettologica delle parlate agordine ed in generale dell\u2019area bellunese e cadorina ladina e ladino-veneta. Essa rappresenta infatti una introduzione generale descrittiva nel settore della demologia e soprattutto dell\u2019ergologia con una puntuale rassegna delle vecchie tradizioni, delle usanze, dei modi di dire ed in particolare delle \u2018Sachen\u2019 che sono qui raccolte ed illustrate con una dovizia veramente straordinaria. L\u2019apparato iconografico, costituito dalle eccellenti foto, talvolta scattate, con felici inquadramenti, dal medesimo Autore, \u00e8 pi\u00f9 che esauriente ed esso potr\u00e0 essere riutilizzato, o per lo meno richiamato, anche in una serie di dizionari dialettali della nostra regione bellunese che abbiamo da tempo programmato\u2026\u201d. Concludendo, il glottologo dava atto all\u2019amico Rossi di aver \u201cprofuso nel volume che ho qui il piacere di illustrare nelle sue caratteristiche e per i suoi innumerevoli pregi, tutte le sue migliori energie e le sue esperienze che gli derivano da una pluridecennale familiarit\u00e0 e consuetudine con eccellenti informatori tra i quali soprattutto insegnanti elementari (anche per esperienze personali mi piace ricordare in particolare le maestre Maria Soppelsa, Albertina Bogo e Maria Alchini)\u2026. Gli alti meriti acquisiti da G. B. Rossi saranno adeguatamente riconosciuti non soltanto in sede locale, agordina e bellunese, ma certamente anche nel mondo degli studiosi specialisti di etnografia e di dialettologia\u201d.<\/p>\n\n\t\t\t<style type='text\/css'>\n\t\t\t\t#gallery-6 {\n\t\t\t\t\tmargin: auto;\n\t\t\t\t}\n\t\t\t\t#gallery-6 .gallery-item {\n\t\t\t\t\tfloat: left;\n\t\t\t\t\tmargin-top: 10px;\n\t\t\t\t\ttext-align: center;\n\t\t\t\t\twidth: 20%;\n\t\t\t\t}\n\t\t\t\t#gallery-6 img {\n\t\t\t\t\tborder: 2px solid #cfcfcf;\n\t\t\t\t}\n\t\t\t\t#gallery-6 .gallery-caption {\n\t\t\t\t\tmargin-left: 0;\n\t\t\t\t}\n\t\t\t\t\/* see gallery_shortcode() in wp-includes\/media.php *\/\n\t\t\t<\/style>\n\t\t<div id='gallery-6' class='dt-gallery-container gallery galleryid-199133 gallery-columns-5 gallery-size-thumbnail'><dl class='gallery-item'>\n\t\t\t\t<dt class='gallery-icon portrait'>\n\t\t\t\t\t<a class=\"rollover rollover-zoom dt-pswp-item\" title=\"165237992_1177906919316059_3047866101883012558_n\" data-dt-img-description=\"\" data-large_image_width=\"2260\" data-large_image_height=\"2371\"href='https:\/\/www.radiopiu.net\/wordpress\/wp-content\/uploads\/2021\/03\/165237992_1177906919316059_3047866101883012558_n.jpg'><img loading=\"lazy\" decoding=\"async\" width=\"150\" height=\"150\" src=\"https:\/\/www.radiopiu.net\/wordpress\/wp-content\/uploads\/2021\/03\/165237992_1177906919316059_3047866101883012558_n-150x150.jpg\" class=\"attachment-thumbnail size-thumbnail\" alt=\"\" \/><\/a>\n\t\t\t\t<\/dt><\/dl><dl class='gallery-item'>\n\t\t\t\t<dt class='gallery-icon landscape'>\n\t\t\t\t\t<a class=\"rollover rollover-zoom dt-pswp-item\" title=\"164966268_1210956509338774_8074270038277153849_n\" data-dt-img-description=\"\" data-large_image_width=\"2560\" data-large_image_height=\"1400\"href='https:\/\/www.radiopiu.net\/wordpress\/wp-content\/uploads\/2021\/03\/164966268_1210956509338774_8074270038277153849_n-scaled.jpg'><img loading=\"lazy\" decoding=\"async\" width=\"150\" height=\"150\" src=\"https:\/\/www.radiopiu.net\/wordpress\/wp-content\/uploads\/2021\/03\/164966268_1210956509338774_8074270038277153849_n-150x150.jpg\" class=\"attachment-thumbnail size-thumbnail\" alt=\"\" \/><\/a>\n\t\t\t\t<\/dt><\/dl><dl class='gallery-item'>\n\t\t\t\t<dt class='gallery-icon landscape'>\n\t\t\t\t\t<a class=\"rollover rollover-zoom dt-pswp-item\" title=\"164792565_127793225956027_7961898521974817871_n\" data-dt-img-description=\"\" data-large_image_width=\"2560\" data-large_image_height=\"1599\"href='https:\/\/www.radiopiu.net\/wordpress\/wp-content\/uploads\/2021\/03\/164792565_127793225956027_7961898521974817871_n-scaled.jpg'><img loading=\"lazy\" decoding=\"async\" width=\"150\" height=\"150\" src=\"https:\/\/www.radiopiu.net\/wordpress\/wp-content\/uploads\/2021\/03\/164792565_127793225956027_7961898521974817871_n-150x150.jpg\" class=\"attachment-thumbnail size-thumbnail\" alt=\"\" \/><\/a>\n\t\t\t\t<\/dt><\/dl><dl class='gallery-item'>\n\t\t\t\t<dt class='gallery-icon portrait'>\n\t\t\t\t\t<a class=\"rollover rollover-zoom dt-pswp-item\" title=\"165361911_151735070157898_1715760952389226964_n\" data-dt-img-description=\"\" data-large_image_width=\"171\" data-large_image_height=\"294\"href='https:\/\/www.radiopiu.net\/wordpress\/wp-content\/uploads\/2021\/03\/165361911_151735070157898_1715760952389226964_n.jpg'><img loading=\"lazy\" decoding=\"async\" width=\"150\" height=\"150\" src=\"https:\/\/www.radiopiu.net\/wordpress\/wp-content\/uploads\/2021\/03\/165361911_151735070157898_1715760952389226964_n-150x150.jpg\" class=\"attachment-thumbnail size-thumbnail\" alt=\"\" \/><\/a>\n\t\t\t\t<\/dt><\/dl><dl class='gallery-item'>\n\t\t\t\t<dt class='gallery-icon portrait'>\n\t\t\t\t\t<a class=\"rollover rollover-zoom dt-pswp-item\" title=\"164747740_177969664009115_6663463891847021554_n\" data-dt-img-description=\"\" data-large_image_width=\"2090\" data-large_image_height=\"2192\"href='https:\/\/www.radiopiu.net\/wordpress\/wp-content\/uploads\/2021\/03\/164747740_177969664009115_6663463891847021554_n.jpg'><img loading=\"lazy\" decoding=\"async\" width=\"150\" height=\"150\" src=\"https:\/\/www.radiopiu.net\/wordpress\/wp-content\/uploads\/2021\/03\/164747740_177969664009115_6663463891847021554_n-150x150.jpg\" class=\"attachment-thumbnail size-thumbnail\" alt=\"\" \/><\/a>\n\t\t\t\t<\/dt><\/dl><br style=\"clear: both\" \/><dl class='gallery-item'>\n\t\t\t\t<dt class='gallery-icon landscape'>\n\t\t\t\t\t<a class=\"rollover rollover-zoom dt-pswp-item\" title=\"164787383_197214298490545_4187170949190672483_n\" data-dt-img-description=\"\" data-large_image_width=\"2560\" data-large_image_height=\"1731\"href='https:\/\/www.radiopiu.net\/wordpress\/wp-content\/uploads\/2021\/03\/164787383_197214298490545_4187170949190672483_n-scaled.jpg'><img loading=\"lazy\" decoding=\"async\" width=\"150\" height=\"150\" src=\"https:\/\/www.radiopiu.net\/wordpress\/wp-content\/uploads\/2021\/03\/164787383_197214298490545_4187170949190672483_n-150x150.jpg\" class=\"attachment-thumbnail size-thumbnail\" alt=\"\" \/><\/a>\n\t\t\t\t<\/dt><\/dl><dl class='gallery-item'>\n\t\t\t\t<dt class='gallery-icon landscape'>\n\t\t\t\t\t<a class=\"rollover rollover-zoom dt-pswp-item\" title=\"164747740_251105516723640_8651749526858094328_n\" data-dt-img-description=\"\" data-large_image_width=\"2560\" data-large_image_height=\"2127\"href='https:\/\/www.radiopiu.net\/wordpress\/wp-content\/uploads\/2021\/03\/164747740_251105516723640_8651749526858094328_n-scaled.jpg'><img loading=\"lazy\" decoding=\"async\" width=\"150\" height=\"150\" src=\"https:\/\/www.radiopiu.net\/wordpress\/wp-content\/uploads\/2021\/03\/164747740_251105516723640_8651749526858094328_n-150x150.jpg\" class=\"attachment-thumbnail size-thumbnail\" alt=\"\" \/><\/a>\n\t\t\t\t<\/dt><\/dl><dl class='gallery-item'>\n\t\t\t\t<dt class='gallery-icon portrait'>\n\t\t\t\t\t<a class=\"rollover rollover-zoom dt-pswp-item\" title=\"164909247_253885323060536_8794939284279303758_n\" data-dt-img-description=\"\" data-large_image_width=\"2517\" data-large_image_height=\"2560\"href='https:\/\/www.radiopiu.net\/wordpress\/wp-content\/uploads\/2021\/03\/164909247_253885323060536_8794939284279303758_n-scaled.jpg'><img loading=\"lazy\" decoding=\"async\" width=\"150\" height=\"150\" src=\"https:\/\/www.radiopiu.net\/wordpress\/wp-content\/uploads\/2021\/03\/164909247_253885323060536_8794939284279303758_n-150x150.jpg\" class=\"attachment-thumbnail size-thumbnail\" alt=\"\" \/><\/a>\n\t\t\t\t<\/dt><\/dl><dl class='gallery-item'>\n\t\t\t\t<dt class='gallery-icon landscape'>\n\t\t\t\t\t<a class=\"rollover rollover-zoom dt-pswp-item\" title=\"164787421_2933716020247764_4135396403270603498_n\" data-dt-img-description=\"\" data-large_image_width=\"300\" data-large_image_height=\"168\"href='https:\/\/www.radiopiu.net\/wordpress\/wp-content\/uploads\/2021\/03\/164787421_2933716020247764_4135396403270603498_n.jpg'><img loading=\"lazy\" decoding=\"async\" width=\"150\" height=\"150\" src=\"https:\/\/www.radiopiu.net\/wordpress\/wp-content\/uploads\/2021\/03\/164787421_2933716020247764_4135396403270603498_n-150x150.jpg\" class=\"attachment-thumbnail size-thumbnail\" alt=\"\" \/><\/a>\n\t\t\t\t<\/dt><\/dl><dl class='gallery-item'>\n\t\t\t\t<dt class='gallery-icon landscape'>\n\t\t\t\t\t<a class=\"rollover rollover-zoom dt-pswp-item\" title=\"165235684_3693758490661976_1635459562925395963_n\" data-dt-img-description=\"\" data-large_image_width=\"2560\" data-large_image_height=\"1722\"href='https:\/\/www.radiopiu.net\/wordpress\/wp-content\/uploads\/2021\/03\/165235684_3693758490661976_1635459562925395963_n-scaled.jpg'><img loading=\"lazy\" decoding=\"async\" width=\"150\" height=\"150\" src=\"https:\/\/www.radiopiu.net\/wordpress\/wp-content\/uploads\/2021\/03\/165235684_3693758490661976_1635459562925395963_n-150x150.jpg\" class=\"attachment-thumbnail size-thumbnail\" alt=\"\" \/><\/a>\n\t\t\t\t<\/dt><\/dl><br style=\"clear: both\" \/><dl class='gallery-item'>\n\t\t\t\t<dt class='gallery-icon landscape'>\n\t\t\t\t\t<a class=\"rollover rollover-zoom dt-pswp-item\" title=\"164792573_451889152533149_4383236830458654513_n\" data-dt-img-description=\"\" data-large_image_width=\"2560\" data-large_image_height=\"1379\"href='https:\/\/www.radiopiu.net\/wordpress\/wp-content\/uploads\/2021\/03\/164792573_451889152533149_4383236830458654513_n-scaled.jpg'><img loading=\"lazy\" decoding=\"async\" width=\"150\" height=\"150\" src=\"https:\/\/www.radiopiu.net\/wordpress\/wp-content\/uploads\/2021\/03\/164792573_451889152533149_4383236830458654513_n-150x150.jpg\" class=\"attachment-thumbnail size-thumbnail\" alt=\"\" \/><\/a>\n\t\t\t\t<\/dt><\/dl><dl class='gallery-item'>\n\t\t\t\t<dt class='gallery-icon landscape'>\n\t\t\t\t\t<a class=\"rollover rollover-zoom dt-pswp-item\" title=\"164822615_494773921930399_7491570188276841490_n\" data-dt-img-description=\"\" data-large_image_width=\"2560\" data-large_image_height=\"1590\"href='https:\/\/www.radiopiu.net\/wordpress\/wp-content\/uploads\/2021\/03\/164822615_494773921930399_7491570188276841490_n-scaled.jpg'><img loading=\"lazy\" decoding=\"async\" width=\"150\" height=\"150\" src=\"https:\/\/www.radiopiu.net\/wordpress\/wp-content\/uploads\/2021\/03\/164822615_494773921930399_7491570188276841490_n-150x150.jpg\" class=\"attachment-thumbnail size-thumbnail\" alt=\"\" \/><\/a>\n\t\t\t\t<\/dt><\/dl><dl class='gallery-item'>\n\t\t\t\t<dt class='gallery-icon landscape'>\n\t\t\t\t\t<a class=\"rollover rollover-zoom dt-pswp-item\" title=\"164802180_713620295970294_8119072831574939132_n\" data-dt-img-description=\"\" data-large_image_width=\"2560\" data-large_image_height=\"2118\"href='https:\/\/www.radiopiu.net\/wordpress\/wp-content\/uploads\/2021\/03\/164802180_713620295970294_8119072831574939132_n-scaled.jpg'><img loading=\"lazy\" decoding=\"async\" width=\"150\" height=\"150\" src=\"https:\/\/www.radiopiu.net\/wordpress\/wp-content\/uploads\/2021\/03\/164802180_713620295970294_8119072831574939132_n-150x150.jpg\" class=\"attachment-thumbnail size-thumbnail\" alt=\"\" \/><\/a>\n\t\t\t\t<\/dt><\/dl><dl class='gallery-item'>\n\t\t\t\t<dt class='gallery-icon portrait'>\n\t\t\t\t\t<a class=\"rollover rollover-zoom dt-pswp-item\" title=\"164687203_751239478881366_6574348290480988014_n\" data-dt-img-description=\"\" data-large_image_width=\"1482\" data-large_image_height=\"2560\"href='https:\/\/www.radiopiu.net\/wordpress\/wp-content\/uploads\/2021\/03\/164687203_751239478881366_6574348290480988014_n-scaled.jpg'><img loading=\"lazy\" decoding=\"async\" width=\"150\" height=\"150\" src=\"https:\/\/www.radiopiu.net\/wordpress\/wp-content\/uploads\/2021\/03\/164687203_751239478881366_6574348290480988014_n-150x150.jpg\" class=\"attachment-thumbnail size-thumbnail\" alt=\"\" \/><\/a>\n\t\t\t\t<\/dt><\/dl><dl class='gallery-item'>\n\t\t\t\t<dt class='gallery-icon portrait'>\n\t\t\t\t\t<a class=\"rollover rollover-zoom dt-pswp-item\" title=\"165399741_765257104120386_9213495747381105583_n\" data-dt-img-description=\"\" data-large_image_width=\"89\" data-large_image_height=\"122\"href='https:\/\/www.radiopiu.net\/wordpress\/wp-content\/uploads\/2021\/03\/165399741_765257104120386_9213495747381105583_n.jpg'><img loading=\"lazy\" decoding=\"async\" width=\"89\" height=\"122\" src=\"https:\/\/www.radiopiu.net\/wordpress\/wp-content\/uploads\/2021\/03\/165399741_765257104120386_9213495747381105583_n.jpg\" class=\"attachment-thumbnail size-thumbnail\" alt=\"\" \/><\/a>\n\t\t\t\t<\/dt><\/dl><br style=\"clear: both\" \/>\n\t\t\t<\/div>\n\n<p>NELLE FOTO (Wikipedia, Corriere delle Alpi e riproduzioni dal libro \u201cCivilt\u00e0 agricola agordina\u201d): la copertina del preziosissimo volume; l\u2019autore, prof. Giovan Battista Rossi: l\u2019editore Bepi Pellegrinon; il noto glottologo G.B. Pellegrini; case rustiche antiche; focolare e sullo sfondo finestra cieca adibita a scaffale; scaldaletto noto anche come m\u00f3nega; il forn\u00e8l; la \u201cbr\u00e9nta\u201d, fontana quadrangolare di legno; stalla con fienile; recinto interno della stalla; la cas\u00e9ra; grande apiario; aratro ad un\u2019ala con coltello e carrello; si lavora la gramola.<\/p>\n<p>&nbsp;<\/p>\n<p>&nbsp;<\/p>\n<hr \/>\n<p>&nbsp;<\/p>\n<blockquote>\n<h3><\/h3>\n<h3>IO NE HO VISTE COSE CHE VOI NON POTRESTE IMMAGINARVI<\/h3>\n<\/blockquote>\n<p><a href=\"https:\/\/www.radiopiu.net\/wordpress\/giornale-radiopiu-25-marzo-2021-direttore-mirko-mezzacasa\/164837973_263541458744032_1380878886935561178_n\/\" rel=\"attachment wp-att-199166\"><img loading=\"lazy\" decoding=\"async\" class=\" wp-image-199166 alignleft\" src=\"https:\/\/www.radiopiu.net\/wordpress\/wp-content\/uploads\/2021\/03\/164837973_263541458744032_1380878886935561178_n-300x195.jpg\" alt=\"\" width=\"125\" height=\"81\" srcset=\"https:\/\/www.radiopiu.net\/wordpress\/wp-content\/uploads\/2021\/03\/164837973_263541458744032_1380878886935561178_n-300x195.jpg 300w, https:\/\/www.radiopiu.net\/wordpress\/wp-content\/uploads\/2021\/03\/164837973_263541458744032_1380878886935561178_n.jpg 610w\" sizes=\"auto, (max-width: 125px) 100vw, 125px\" \/><\/a>un programma di Claudio Pra, dal lunedi al venerdi \u00a0alle 8.45 ed in replica alle 19.45.<\/p>\n<p><b>Quarta puntata, Associazione Astrofili Agordini<\/b><\/p>\n<audio class=\"wp-audio-shortcode\" id=\"audio-199133-9\" preload=\"none\" style=\"width: 100%;\" controls=\"controls\"><source type=\"audio\/mpeg\" src=\"https:\/\/www.radiopiu.net\/wordpress\/wp-content\/uploads\/2021\/03\/claudiogiovdi.mp3?_=9\" \/><a href=\"https:\/\/www.radiopiu.net\/wordpress\/wp-content\/uploads\/2021\/03\/claudiogiovdi.mp3\">https:\/\/www.radiopiu.net\/wordpress\/wp-content\/uploads\/2021\/03\/claudiogiovdi.mp3<\/a><\/audio>\n<h2><span style=\"color: #000000;\"><strong>LA RACCOLTA COMPLETA<\/strong><\/span><\/h2>\n<blockquote class=\"wp-embedded-content\" data-secret=\"XSX2Giyfvy\"><p><a href=\"https:\/\/www.radiopiu.net\/wordpress\/programma2\/\">IO NE HO VISTE COSE CHE VOI NON POTRESTE IMMAGINARVI<\/a><\/p><\/blockquote>\n<p><iframe loading=\"lazy\" class=\"wp-embedded-content\" sandbox=\"allow-scripts\" security=\"restricted\" style=\"position: absolute; clip: rect(1px, 1px, 1px, 1px);\" title=\"&#8220;IO NE HO VISTE COSE CHE VOI NON POTRESTE IMMAGINARVI&#8221; &#8212; Radio Pi\u00f9\" src=\"https:\/\/www.radiopiu.net\/wordpress\/programma2\/embed\/#?secret=XSX2Giyfvy\" data-secret=\"XSX2Giyfvy\" width=\"600\" height=\"338\" frameborder=\"0\" marginwidth=\"0\" marginheight=\"0\" scrolling=\"no\"><\/iframe><\/p>\n<p>&nbsp;<\/p>\n<hr \/>\n<p>&nbsp;<\/p>\n<p>&nbsp;<\/p>\n<h1><span style=\"color: #ff0000;\"><strong>IN VIVO VERSO 2020-21<\/strong><\/span><\/h1>\n<blockquote><p><span style=\"color: #ff0000;\"><strong>IN ONDA DAL LUNEDI AL VENERDI ALLE 7.10, 10.10, 18.50\u00a0 \u00a0<\/strong><\/span><\/p><\/blockquote>\n<blockquote class=\"wp-embedded-content\" data-secret=\"YxxdCwjDvN\"><p><a href=\"https:\/\/www.radiopiu.net\/wordpress\/eco-di-emy-franceschini\/\">ECO di EMY FRANCESCHINI<\/a><\/p><\/blockquote>\n<p><iframe loading=\"lazy\" class=\"wp-embedded-content\" sandbox=\"allow-scripts\" security=\"restricted\" style=\"position: absolute; clip: rect(1px, 1px, 1px, 1px);\" title=\"&#8220;ECO di EMY FRANCESCHINI&#8221; &#8212; Radio Pi\u00f9\" src=\"https:\/\/www.radiopiu.net\/wordpress\/eco-di-emy-franceschini\/embed\/#?secret=YxxdCwjDvN\" data-secret=\"YxxdCwjDvN\" width=\"600\" height=\"338\" frameborder=\"0\" marginwidth=\"0\" marginheight=\"0\" scrolling=\"no\"><\/iframe><\/p>\n<p>LA RACCOLTA COMPLETA<\/p>\n<blockquote class=\"wp-embedded-content\" data-secret=\"4b0YMLNoTZ\"><p><a href=\"https:\/\/www.radiopiu.net\/wordpress\/in-vivo-verso\/\">In Vivo Verso<\/a><\/p><\/blockquote>\n<p><iframe loading=\"lazy\" class=\"wp-embedded-content\" sandbox=\"allow-scripts\" security=\"restricted\" style=\"position: absolute; clip: rect(1px, 1px, 1px, 1px);\" title=\"&#8220;In Vivo Verso&#8221; &#8212; Radio Pi\u00f9\" src=\"https:\/\/www.radiopiu.net\/wordpress\/in-vivo-verso\/embed\/#?secret=4b0YMLNoTZ\" data-secret=\"4b0YMLNoTZ\" width=\"600\" height=\"338\" frameborder=\"0\" marginwidth=\"0\" marginheight=\"0\" scrolling=\"no\"><\/iframe><\/p>\n<p>&nbsp;<\/p>\n<p>&nbsp;<\/p>\n<hr \/>\n<h2><\/h2>\n<h2><span style=\"color: #ff0000;\">dalla nuova generazione&#8230; cultura e tradizione<\/span><\/h2>\n<blockquote>\n<h3><em>PIAZA LADINA ALLA RADIO<\/em><\/h3>\n<\/blockquote>\n<p><strong>LA QUARTA PUNTATA\u00a0 \u00a0&#8220;Ladin Agordin&#8221;<\/strong><\/p>\n<audio class=\"wp-audio-shortcode\" id=\"audio-199133-10\" preload=\"none\" style=\"width: 100%;\" controls=\"controls\"><source type=\"audio\/mpeg\" src=\"https:\/\/www.radiopiu.net\/wordpress\/wp-content\/uploads\/2021\/03\/Pontada-4-L-Ladin-Agordin.mp3?_=10\" \/><a href=\"https:\/\/www.radiopiu.net\/wordpress\/wp-content\/uploads\/2021\/03\/Pontada-4-L-Ladin-Agordin.mp3\">https:\/\/www.radiopiu.net\/wordpress\/wp-content\/uploads\/2021\/03\/Pontada-4-L-Ladin-Agordin.mp3<\/a><\/audio>\n<p>&nbsp;<\/p>\n<blockquote>\n<h2>LA RACCOLTA COMPLETA<\/h2>\n<\/blockquote>\n<blockquote class=\"wp-embedded-content\" data-secret=\"iVXktNuvxc\"><p><a href=\"https:\/\/www.radiopiu.net\/wordpress\/agora-agordina-la-nosta-piaza\/\">AGORA&#8217; AGORDINA&#8230; LA NOSTA PIAZA LADINA.  pagina in aggiornamento continuo<\/a><\/p><\/blockquote>\n<p><iframe loading=\"lazy\" class=\"wp-embedded-content\" sandbox=\"allow-scripts\" security=\"restricted\" style=\"position: absolute; clip: rect(1px, 1px, 1px, 1px);\" title=\"&#8220;AGORA&#8217; AGORDINA&#8230; LA NOSTA PIAZA LADINA.  pagina in aggiornamento continuo&#8221; &#8212; Radio Pi\u00f9\" src=\"https:\/\/www.radiopiu.net\/wordpress\/agora-agordina-la-nosta-piaza\/embed\/#?secret=iVXktNuvxc\" data-secret=\"iVXktNuvxc\" width=\"600\" height=\"338\" frameborder=\"0\" marginwidth=\"0\" marginheight=\"0\" scrolling=\"no\"><\/iframe><\/p>\n<p>&nbsp;<\/p>\n<p>&nbsp;<\/p>\n<p>&nbsp;<\/p>\n<hr \/>\n<div>\n<h2><span style=\"color: #000080;\"><a class=\"dt-pswp-item\" href=\"https:\/\/www.radiopiu.net\/wordpress\/wp-content\/uploads\/2020\/10\/pp.jpg\" data-dt-img-description=\"\" data-large_image_width=\"640\" data-large_image_height=\"640\"><img loading=\"lazy\" decoding=\"async\" class=\"wp-image-163678 alignleft\" src=\"https:\/\/www.radiopiu.net\/wordpress\/wp-content\/uploads\/2020\/10\/pp-300x300.jpg\" alt=\"\" width=\"106\" height=\"106\" srcset=\"https:\/\/www.radiopiu.net\/wordpress\/wp-content\/uploads\/2020\/10\/pp-300x300.jpg 300w, https:\/\/www.radiopiu.net\/wordpress\/wp-content\/uploads\/2020\/10\/pp-150x150.jpg 150w, https:\/\/www.radiopiu.net\/wordpress\/wp-content\/uploads\/2020\/10\/pp-125x125.jpg 125w, https:\/\/www.radiopiu.net\/wordpress\/wp-content\/uploads\/2020\/10\/pp-200x200.jpg 200w, https:\/\/www.radiopiu.net\/wordpress\/wp-content\/uploads\/2020\/10\/pp-80x80.jpg 80w, https:\/\/www.radiopiu.net\/wordpress\/wp-content\/uploads\/2020\/10\/pp-480x480.jpg 480w, https:\/\/www.radiopiu.net\/wordpress\/wp-content\/uploads\/2020\/10\/pp.jpg 640w\" sizes=\"auto, (max-width: 106px) 100vw, 106px\" \/><\/a><\/span><\/h2>\n<h2><span style=\"color: #000080;\">DON CESARE, IL PENSIERO DEL GIORNO. ALLA RADIO ALLE 7 DEL MATTINO E ALLE 19.30 DELLA SERA.\u00a0\u00a0<\/span><\/h2>\n<\/div>\n<p>&nbsp;<\/p>\n<audio class=\"wp-audio-shortcode\" id=\"audio-199133-11\" preload=\"none\" style=\"width: 100%;\" controls=\"controls\"><source type=\"audio\/mpeg\" src=\"https:\/\/www.radiopiu.net\/wordpress\/wp-content\/uploads\/2021\/03\/cesare-6.mp3?_=11\" \/><a href=\"https:\/\/www.radiopiu.net\/wordpress\/wp-content\/uploads\/2021\/03\/cesare-6.mp3\">https:\/\/www.radiopiu.net\/wordpress\/wp-content\/uploads\/2021\/03\/cesare-6.mp3<\/a><\/audio>\n<p>&nbsp;<\/p>\n<hr \/>\n<p>&nbsp;<\/p>\n<p>&nbsp;<\/p>\n<h2><\/h2>\n<h2>SPECIALE EP CENTER<\/h2>\n<p><iframe loading=\"lazy\" title=\"COMUNICAZIONI NELL&#039;ERA COVID, SOLUZIONI PROFESSIONALI\" width=\"1200\" height=\"675\" src=\"https:\/\/www.youtube.com\/embed\/BRiOzbaSF_o?feature=oembed\" frameborder=\"0\" allow=\"accelerometer; autoplay; clipboard-write; encrypted-media; gyroscope; picture-in-picture\" allowfullscreen><\/iframe><\/p>\n<h3><strong>LA RACCOLTA COMPLETA\u00a0<\/strong><\/h3>\n<blockquote class=\"wp-embedded-content\" data-secret=\"4p4vNIglGA\"><p><a href=\"https:\/\/www.radiopiu.net\/wordpress\/ep-center-video-gallery\/\">EP CENTER video gallery<\/a><\/p><\/blockquote>\n<p><iframe loading=\"lazy\" class=\"wp-embedded-content\" sandbox=\"allow-scripts\" security=\"restricted\" style=\"position: absolute; clip: rect(1px, 1px, 1px, 1px);\" title=\"&#8220;EP CENTER video gallery&#8221; &#8212; Radio Pi\u00f9\" src=\"https:\/\/www.radiopiu.net\/wordpress\/ep-center-video-gallery\/embed\/#?secret=4p4vNIglGA\" data-secret=\"4p4vNIglGA\" width=\"600\" height=\"338\" frameborder=\"0\" marginwidth=\"0\" marginheight=\"0\" scrolling=\"no\"><\/iframe><\/p>\n<p>&nbsp;<\/p>\n<p>&nbsp;<\/p>\n<hr \/>\n<p>&nbsp;<\/p>\n<div>\n<h2><span style=\"color: #ff0000;\"><a href=\"https:\/\/www.radiopiu.net\/wordpress\/giornale-radiopiu-23-marzo-2021-direttore-mirko-mezzacasa\/163625106_1613062172215177_529416456249383073_n\/\" rel=\"attachment wp-att-198706\"><img loading=\"lazy\" decoding=\"async\" class=\"wp-image-198706 alignleft\" src=\"https:\/\/www.radiopiu.net\/wordpress\/wp-content\/uploads\/2021\/03\/163625106_1613062172215177_529416456249383073_n-300x200.jpg\" alt=\"\" width=\"147\" height=\"98\" srcset=\"https:\/\/www.radiopiu.net\/wordpress\/wp-content\/uploads\/2021\/03\/163625106_1613062172215177_529416456249383073_n-300x200.jpg 300w, https:\/\/www.radiopiu.net\/wordpress\/wp-content\/uploads\/2021\/03\/163625106_1613062172215177_529416456249383073_n.jpg 750w\" sizes=\"auto, (max-width: 147px) 100vw, 147px\" \/><\/a>ALLA RADIO<\/span><\/h2>\n<\/div>\n<div>\n<h2><strong>LE\u00a0 PUNTATE di Luisa Alchini di Leggermente Bellunesi, la domenica alle 11, <span style=\"color: #0000ff;\">IL MARTEDI IN PRIMA EDIZIONE\u00a0<\/span> alle 10.30 e alle 19.00<\/strong><\/h2>\n<\/div>\n<p><strong>PUNTATA DEL 23 MARZO 2021<\/strong><\/p>\n<audio class=\"wp-audio-shortcode\" id=\"audio-199133-12\" preload=\"none\" style=\"width: 100%;\" controls=\"controls\"><source type=\"audio\/mpeg\" src=\"https:\/\/www.radiopiu.net\/wordpress\/wp-content\/uploads\/2021\/03\/23leggermentealidapaiola.mp3?_=12\" \/><a href=\"https:\/\/www.radiopiu.net\/wordpress\/wp-content\/uploads\/2021\/03\/23leggermentealidapaiola.mp3\">https:\/\/www.radiopiu.net\/wordpress\/wp-content\/uploads\/2021\/03\/23leggermentealidapaiola.mp3<\/a><\/audio>\n<p><strong><span style=\"color: #000000;\">RACCOLTA COMPLETA<\/span><\/strong><\/p>\n<div>\n<blockquote class=\"wp-embedded-content\" data-secret=\"yGyqv2na1p\"><p><a href=\"https:\/\/www.radiopiu.net\/wordpress\/leggermente-20\/\">LEGGERmente&#8230;Bellunesi<\/a><\/p><\/blockquote>\n<p><iframe loading=\"lazy\" class=\"wp-embedded-content\" sandbox=\"allow-scripts\" security=\"restricted\" style=\"position: absolute; clip: rect(1px, 1px, 1px, 1px);\" title=\"&#8220;LEGGERmente&#8230;Bellunesi&#8221; &#8212; Radio Pi\u00f9\" src=\"https:\/\/www.radiopiu.net\/wordpress\/leggermente-20\/embed\/#?secret=yGyqv2na1p\" data-secret=\"yGyqv2na1p\" width=\"600\" height=\"338\" frameborder=\"0\" marginwidth=\"0\" marginheight=\"0\" scrolling=\"no\"><\/iframe><\/p>\n<\/div>\n<hr \/>\n<p>&nbsp;<\/p>\n<h2><span style=\"color: #ff0000;\">ALLA RADIO<\/span><\/h2>\n<h2><span style=\"color: #008000;\"><a href=\"https:\/\/www.radiopiu.net\/wordpress\/giornale-radiopiu-24-marzo-2021-direttore-mirko-mezzacasa\/th-71\/\" rel=\"attachment wp-att-198746\"><img loading=\"lazy\" decoding=\"async\" class=\"wp-image-198746 alignleft\" src=\"https:\/\/www.radiopiu.net\/wordpress\/wp-content\/uploads\/2021\/03\/th-14.jpg\" alt=\"\" width=\"151\" height=\"113\" \/><\/a>ERBE E PIANTE CURATIVE&#8230;IL\u00a0 PROGRAMMA DI PAOLA LANCIATO<\/span><\/h2>\n<p><strong>OTTAVA PUNTATA\u00a0<\/strong><\/p>\n<audio class=\"wp-audio-shortcode\" id=\"audio-199133-13\" preload=\"none\" style=\"width: 100%;\" controls=\"controls\"><source type=\"audio\/mpeg\" src=\"https:\/\/www.radiopiu.net\/wordpress\/wp-content\/uploads\/2021\/03\/8-La-Valeriana-M.mp3?_=13\" \/><a href=\"https:\/\/www.radiopiu.net\/wordpress\/wp-content\/uploads\/2021\/03\/8-La-Valeriana-M.mp3\">https:\/\/www.radiopiu.net\/wordpress\/wp-content\/uploads\/2021\/03\/8-La-Valeriana-M.mp3<\/a><\/audio>\n<p><strong>LA RACCOLTA COMPLETA<\/strong><\/p>\n<blockquote class=\"wp-embedded-content\" data-secret=\"zlbDGOPoya\"><p><a href=\"https:\/\/www.radiopiu.net\/wordpress\/erbe-e-piante-curative\/\">ERBE E PIANTE CURATIVE<\/a><\/p><\/blockquote>\n<p><iframe loading=\"lazy\" class=\"wp-embedded-content\" sandbox=\"allow-scripts\" security=\"restricted\" style=\"position: absolute; clip: rect(1px, 1px, 1px, 1px);\" title=\"&#8220;ERBE E PIANTE CURATIVE&#8221; &#8212; Radio Pi\u00f9\" src=\"https:\/\/www.radiopiu.net\/wordpress\/erbe-e-piante-curative\/embed\/#?secret=zlbDGOPoya\" data-secret=\"zlbDGOPoya\" width=\"600\" height=\"338\" frameborder=\"0\" marginwidth=\"0\" marginheight=\"0\" scrolling=\"no\"><\/iframe><\/p>\n<p>&nbsp;<\/p>\n<p>&nbsp;<\/p>\n<div class=\"im_message_wrap clearfix\">\n<div class=\"im_content_message_wrap im_message_out\">\n<hr \/>\n<p>&nbsp;<\/p>\n<\/div>\n<\/div>\n<h2><span style=\"color: #808000;\">DUE MINUTI UN LIBRO\u00a0 TUTTI I GIORNI ALLA RADIO ALLE 9.30 E ALLE 18. QUINTA STAGIONE\u00a0<\/span><\/h2>\n<blockquote class=\"wp-embedded-content\" data-secret=\"fyRuJ8L01l\"><p><a href=\"https:\/\/www.radiopiu.net\/wordpress\/il-ballo-delle-pazze\/\">IL BALLO DELLE PAZZE<\/a><\/p><\/blockquote>\n<p><iframe loading=\"lazy\" class=\"wp-embedded-content\" sandbox=\"allow-scripts\" security=\"restricted\" style=\"position: absolute; clip: rect(1px, 1px, 1px, 1px);\" title=\"&#8220;IL BALLO DELLE PAZZE&#8221; &#8212; Radio Pi\u00f9\" src=\"https:\/\/www.radiopiu.net\/wordpress\/il-ballo-delle-pazze\/embed\/#?secret=fyRuJ8L01l\" data-secret=\"fyRuJ8L01l\" width=\"600\" height=\"338\" frameborder=\"0\" marginwidth=\"0\" marginheight=\"0\" scrolling=\"no\"><\/iframe><\/p>\n<h3><span style=\"color: #808000;\">\u00a0<\/span>LA RACCOLTA COMPLETA<\/h3>\n<blockquote class=\"wp-embedded-content\" data-secret=\"3a6COxnyTE\"><p><a href=\"https:\/\/www.radiopiu.net\/wordpress\/due-minuti-un-libro\/\">Due minuti un libro<\/a><\/p><\/blockquote>\n<p><iframe loading=\"lazy\" class=\"wp-embedded-content\" sandbox=\"allow-scripts\" security=\"restricted\" style=\"position: absolute; clip: rect(1px, 1px, 1px, 1px);\" title=\"&#8220;Due minuti un libro&#8221; &#8212; Radio Pi\u00f9\" src=\"https:\/\/www.radiopiu.net\/wordpress\/due-minuti-un-libro\/embed\/#?secret=3a6COxnyTE\" data-secret=\"3a6COxnyTE\" width=\"600\" height=\"338\" frameborder=\"0\" marginwidth=\"0\" marginheight=\"0\" scrolling=\"no\"><\/iframe><\/p>\n<p>&nbsp;<\/p>\n<p>&nbsp;<\/p>\n<hr \/>\n<div dir=\"auto\">\n<blockquote>\n<h3><\/h3>\n<h3>SALUTE E SOCIETA&#8217; IL LUNEDI ALLE 13.10 E ALLE 20.10, LA DOMENICA ALLE 10.30 A CURA DEL DOTTOR MARCO CARACCIOLO. QUINTA <a href=\"https:\/\/www.radiopiu.net\/wordpress\/sindrome-delle-apnee-ostruttive\/apnea\/\" rel=\"attachment wp-att-198500\"><img loading=\"lazy\" decoding=\"async\" class=\" wp-image-198500 alignleft\" src=\"https:\/\/www.radiopiu.net\/wordpress\/wp-content\/uploads\/2021\/03\/apnea-300x200.jpeg\" alt=\"\" width=\"119\" height=\"79\" srcset=\"https:\/\/www.radiopiu.net\/wordpress\/wp-content\/uploads\/2021\/03\/apnea-300x200.jpeg 300w, https:\/\/www.radiopiu.net\/wordpress\/wp-content\/uploads\/2021\/03\/apnea.jpeg 626w\" sizes=\"auto, (max-width: 119px) 100vw, 119px\" \/><\/a>STAGIONE<\/h3>\n<\/blockquote>\n<p><strong>LA PUNTATA DELLA SETTIMANA\u00a0 <\/strong>La sindrome delle apnee ostruttive \u00e8 caratterizzata da pause nella respirazione durante il sonno, dovute all\u2019ostruzione parziale o totale delle prime vie aeree. Non c\u2019\u00e8 solo il russamento, per chi soffre di apnee ostruttive del sonno c\u2019\u00e8 anche il problema della eccessiva sonnolenza, difficolt\u00e0 a concentrarsi e a memorizzare e altro ancora. Ne abbiamo parlato con Andrea Romigi, neurologo del centro per la cura dei disturbi del sonno, Istituto neurologico mediterraneo Neuromed di Pozzilli, in provincia di Isernia.<\/p>\n<h3><strong>LA RACCOLTA COMPLETA\u00a0<\/strong><\/h3>\n<p>&nbsp;<\/p>\n<\/div>\n<blockquote class=\"wp-embedded-content\" data-secret=\"8sxnd4mQOZ\"><p><a href=\"https:\/\/www.radiopiu.net\/wordpress\/saluteesocieta\/\">Salute e Societ\u00e0<\/a><\/p><\/blockquote>\n<p><iframe loading=\"lazy\" class=\"wp-embedded-content\" sandbox=\"allow-scripts\" security=\"restricted\" style=\"position: absolute; clip: rect(1px, 1px, 1px, 1px);\" title=\"&#8220;Salute e Societ\u00e0&#8221; &#8212; Radio Pi\u00f9\" src=\"https:\/\/www.radiopiu.net\/wordpress\/saluteesocieta\/embed\/#?secret=8sxnd4mQOZ\" data-secret=\"8sxnd4mQOZ\" width=\"600\" height=\"338\" frameborder=\"0\" marginwidth=\"0\" marginheight=\"0\" scrolling=\"no\"><\/iframe><\/p>\n<hr \/>\n<p>&nbsp;<\/p>\n<blockquote>\n<h3 class=\"kvgmc6g5 cxmmr5t8 oygrvhab hcukyx3x c1et5uql\"><span style=\"color: #0000ff;\">INFORMAZIONE il canale su TELEGRAM informazione di prima mano e in tempo reale. iscriviti ed aiutaci a farlo conoscere\u00a0<\/span><\/h3>\n<\/blockquote>\n<h2><img loading=\"lazy\" decoding=\"async\" class=\"alignleft\" src=\"https:\/\/www.radiopiu.net\/wordpress\/wp-content\/uploads\/2021\/03\/narr.jpg\" width=\"158\" height=\"105\" \/>007 IN CONDOTTA CON LA PROF. MARIA ROSA SALMAZO IL LUNEDI ALLE 10,30 E ALLE 19.00 LA DOMENICA ALLE 8 DEL MATTINO. NONA STAGIONE<\/h2>\n<p><span style=\"color: #ff0000;\"><strong>PUNTATA DEL 22 MARZO 2021<\/strong><\/span><\/p>\n<audio class=\"wp-audio-shortcode\" id=\"audio-199133-14\" preload=\"none\" style=\"width: 100%;\" controls=\"controls\"><source type=\"audio\/mpeg\" src=\"https:\/\/www.radiopiu.net\/wordpress\/wp-content\/uploads\/2021\/03\/007-22-marzo.mp3?_=14\" \/><a href=\"https:\/\/www.radiopiu.net\/wordpress\/wp-content\/uploads\/2021\/03\/007-22-marzo.mp3\">https:\/\/www.radiopiu.net\/wordpress\/wp-content\/uploads\/2021\/03\/007-22-marzo.mp3<\/a><\/audio>\n<h2>LA RACCOLTA COMPLETA<\/h2>\n<blockquote class=\"wp-embedded-content\" data-secret=\"SkoULEHmGV\"><p><a href=\"https:\/\/www.radiopiu.net\/wordpress\/007incondotta-9\/\">007 in condotta<\/a><\/p><\/blockquote>\n<p><iframe loading=\"lazy\" class=\"wp-embedded-content\" sandbox=\"allow-scripts\" security=\"restricted\" style=\"position: absolute; clip: rect(1px, 1px, 1px, 1px);\" title=\"&#8220;007 in condotta&#8221; &#8212; Radio Pi\u00f9\" src=\"https:\/\/www.radiopiu.net\/wordpress\/007incondotta-9\/embed\/#?secret=SkoULEHmGV\" data-secret=\"SkoULEHmGV\" width=\"600\" height=\"338\" frameborder=\"0\" marginwidth=\"0\" marginheight=\"0\" scrolling=\"no\"><\/iframe><\/p>\n<blockquote><p>&nbsp;<\/p>\n<p>&nbsp;<\/p><\/blockquote>\n<hr \/>\n<p>&nbsp;<\/p>\n<p>&nbsp;<\/p>\n<div>\n<h2><span style=\"color: #33cccc;\">I RACCONTI DI PAOLO SOPPELSA il lunedi alle 9.30 e 18.30<\/span><\/h2>\n<blockquote class=\"wp-embedded-content\" data-secret=\"jmc82m92Lc\"><p><a href=\"https:\/\/www.radiopiu.net\/wordpress\/i-racconti-di-paolo-soppelsa-sessantasettesima-puntata\/\">I RACCONTI DI PAOLO SOPPELSA SESSANTASETTESIMA PUNTATA<\/a><\/p><\/blockquote>\n<p><iframe loading=\"lazy\" class=\"wp-embedded-content\" sandbox=\"allow-scripts\" security=\"restricted\" style=\"position: absolute; clip: rect(1px, 1px, 1px, 1px);\" title=\"&#8220;I RACCONTI DI PAOLO SOPPELSA SESSANTASETTESIMA PUNTATA&#8221; &#8212; Radio Pi\u00f9\" src=\"https:\/\/www.radiopiu.net\/wordpress\/i-racconti-di-paolo-soppelsa-sessantasettesima-puntata\/embed\/#?secret=jmc82m92Lc\" data-secret=\"jmc82m92Lc\" width=\"600\" height=\"338\" frameborder=\"0\" marginwidth=\"0\" marginheight=\"0\" scrolling=\"no\"><\/iframe><\/p>\n<h3 class=\"kvgmc6g5 cxmmr5t8 oygrvhab hcukyx3x c1et5uql\"><span style=\"color: #0000ff;\">INFORMAZIONE il canale su TELEGRAM informazione di prima mano e in tempo reale. iscriviti ed aiutaci a farlo conoscere\u00a0<\/span><\/h3>\n<h2><span style=\"color: #33cccc;\"><strong>RACCOLTA COMPLETA<\/strong><\/span><\/h2>\n<blockquote class=\"wp-embedded-content\" data-secret=\"M2fiWFEAYv\"><p><a href=\"https:\/\/www.radiopiu.net\/wordpress\/i-racconti-di-paolo-soppelsa\/\">I racconti di Paolo Soppelsa<\/a><\/p><\/blockquote>\n<p><iframe loading=\"lazy\" class=\"wp-embedded-content\" sandbox=\"allow-scripts\" security=\"restricted\" style=\"position: absolute; clip: rect(1px, 1px, 1px, 1px);\" title=\"&#8220;I racconti di Paolo Soppelsa&#8221; &#8212; Radio Pi\u00f9\" src=\"https:\/\/www.radiopiu.net\/wordpress\/i-racconti-di-paolo-soppelsa\/embed\/#?secret=M2fiWFEAYv\" data-secret=\"M2fiWFEAYv\" width=\"600\" height=\"338\" frameborder=\"0\" marginwidth=\"0\" marginheight=\"0\" scrolling=\"no\"><\/iframe><\/p>\n<\/div>\n<h2><span style=\"color: #ff0000;\">\u00a0<\/span><\/h2>\n<hr \/>\n<h2><\/h2>\n<h2><span style=\"color: #ff0000;\">ALLA RADIO<\/span><\/h2>\n<blockquote><p><strong>CONOSCIAMO I CORI DELLA PROVINCIA,\u00a0 NOVA CANTICA LUCIANO BORIN<\/strong><\/p><\/blockquote>\n<div style=\"width: 640px;\" class=\"wp-video\"><video class=\"wp-video-shortcode\" id=\"video-199133-1\" width=\"640\" height=\"360\" preload=\"metadata\" controls=\"controls\"><source type=\"video\/mp4\" src=\"https:\/\/www.radiopiu.net\/wordpress\/wp-content\/uploads\/2021\/03\/Luciano-Borin-direttore-artistico-della-Nova-Cantica.mp4?_=1\" \/><a href=\"https:\/\/www.radiopiu.net\/wordpress\/wp-content\/uploads\/2021\/03\/Luciano-Borin-direttore-artistico-della-Nova-Cantica.mp4\">https:\/\/www.radiopiu.net\/wordpress\/wp-content\/uploads\/2021\/03\/Luciano-Borin-direttore-artistico-della-Nova-Cantica.mp4<\/a><\/video><\/div>\n<h1>LA RACCOLTA COMPLETA<\/h1>\n<blockquote class=\"wp-embedded-content\" data-secret=\"IixUcIgyd8\"><p><a href=\"https:\/\/www.radiopiu.net\/wordpress\/novacantica\/\">CONOSCIAMO I CORI DEL BELLUNESE  NON PUNTATA &#8220;NOVA CANTICA&#8221;<\/a><\/p><\/blockquote>\n<p><iframe loading=\"lazy\" class=\"wp-embedded-content\" sandbox=\"allow-scripts\" security=\"restricted\" style=\"position: absolute; clip: rect(1px, 1px, 1px, 1px);\" title=\"&#8220;CONOSCIAMO I CORI DEL BELLUNESE  NON PUNTATA &#8220;NOVA CANTICA&#8221;&#8221; &#8212; Radio Pi\u00f9\" src=\"https:\/\/www.radiopiu.net\/wordpress\/novacantica\/embed\/#?secret=IixUcIgyd8\" data-secret=\"IixUcIgyd8\" width=\"600\" height=\"338\" frameborder=\"0\" marginwidth=\"0\" marginheight=\"0\" scrolling=\"no\"><\/iframe><\/p>\n<p>&nbsp;<\/p>\n<p>&nbsp;<\/p>\n<p>&nbsp;<\/p>\n<hr \/>\n<p>&nbsp;<\/p>\n<h2><span style=\"color: #ff0000;\"><a href=\"https:\/\/www.radiopiu.net\/wordpress\/giornale-radiopiu-05-gennaio-2021-direttore-mirko-mezzacasa\/133200401_100838761953611_1258544160541445132_o-2\/\" rel=\"attachment wp-att-183078\"><img loading=\"lazy\" decoding=\"async\" class=\" wp-image-183078 alignleft\" src=\"https:\/\/www.radiopiu.net\/wordpress\/wp-content\/uploads\/2021\/01\/133200401_100838761953611_1258544160541445132_o-1-300x157.jpg\" alt=\"\" width=\"192\" height=\"101\" srcset=\"https:\/\/www.radiopiu.net\/wordpress\/wp-content\/uploads\/2021\/01\/133200401_100838761953611_1258544160541445132_o-1-300x157.jpg 300w, https:\/\/www.radiopiu.net\/wordpress\/wp-content\/uploads\/2021\/01\/133200401_100838761953611_1258544160541445132_o-1.jpg 526w\" sizes=\"auto, (max-width: 192px) 100vw, 192px\" \/><\/a>GOCCE DI FILOSOFIA, CON CHIARA CAU, CON LISA DE LUCA. <\/span><\/h2>\n<h2><span style=\"color: #ff0000;\">TUTTI I GIORNI DAL LUNEDI AL VENERDI ALLE 6.55 E ALLE 18.55<\/span><\/h2>\n<p><strong>PUNTATA 59<\/strong><\/p>\n<audio class=\"wp-audio-shortcode\" id=\"audio-199133-15\" preload=\"none\" style=\"width: 100%;\" controls=\"controls\"><source type=\"audio\/mpeg\" src=\"https:\/\/www.radiopiu.net\/wordpress\/wp-content\/uploads\/2021\/03\/FI4-3.mp3?_=15\" \/><a href=\"https:\/\/www.radiopiu.net\/wordpress\/wp-content\/uploads\/2021\/03\/FI4-3.mp3\">https:\/\/www.radiopiu.net\/wordpress\/wp-content\/uploads\/2021\/03\/FI4-3.mp3<\/a><\/audio>\n<p>&nbsp;<\/p>\n<h3>LA RACCOLTA COMPLETA<\/h3>\n<blockquote class=\"wp-embedded-content\" data-secret=\"I5YJujx4TU\"><p><a href=\"https:\/\/www.radiopiu.net\/wordpress\/gocce-filosofia\/\">Gocce di filosofia<\/a><\/p><\/blockquote>\n<p><iframe loading=\"lazy\" class=\"wp-embedded-content\" sandbox=\"allow-scripts\" security=\"restricted\" style=\"position: absolute; clip: rect(1px, 1px, 1px, 1px);\" title=\"&#8220;Gocce di filosofia&#8221; &#8212; Radio Pi\u00f9\" src=\"https:\/\/www.radiopiu.net\/wordpress\/gocce-filosofia\/embed\/#?secret=I5YJujx4TU\" data-secret=\"I5YJujx4TU\" width=\"600\" height=\"338\" frameborder=\"0\" marginwidth=\"0\" marginheight=\"0\" scrolling=\"no\"><\/iframe><\/p>\n<p>&nbsp;<\/p>\n<hr \/>\n<p>&nbsp;<\/p>\n<blockquote>\n<h2>FANTASTICHE DOLOMITI, NUOVA STAGIONE. APPUNTAMENTO QUINDICINALE IL GIOVEDI ALLE 10.30 E 19.00<\/h2>\n<\/blockquote>\n<h2><span style=\"color: #ff0000;\">LA UNDICESIMA PUNTATA dell&#8217;11marzo2021<\/span><\/h2>\n<p><strong><a href=\"https:\/\/www.radiopiu.net\/wordpress\/raccolta-completa\/121869645_648442942701436_4748562330148520081_n-2\/\" rel=\"attachment wp-att-196402\"><img loading=\"lazy\" decoding=\"async\" class=\"wp-image-196402 alignleft\" src=\"https:\/\/www.radiopiu.net\/wordpress\/wp-content\/uploads\/2021\/02\/121869645_648442942701436_4748562330148520081_n-1-300x169.jpg\" alt=\"\" width=\"160\" height=\"90\" srcset=\"https:\/\/www.radiopiu.net\/wordpress\/wp-content\/uploads\/2021\/02\/121869645_648442942701436_4748562330148520081_n-1-300x169.jpg 300w, https:\/\/www.radiopiu.net\/wordpress\/wp-content\/uploads\/2021\/02\/121869645_648442942701436_4748562330148520081_n-1-1024x576.jpg 1024w, https:\/\/www.radiopiu.net\/wordpress\/wp-content\/uploads\/2021\/02\/121869645_648442942701436_4748562330148520081_n-1-768x432.jpg 768w, https:\/\/www.radiopiu.net\/wordpress\/wp-content\/uploads\/2021\/02\/121869645_648442942701436_4748562330148520081_n-1-1536x864.jpg 1536w, https:\/\/www.radiopiu.net\/wordpress\/wp-content\/uploads\/2021\/02\/121869645_648442942701436_4748562330148520081_n-1.jpg 1707w\" sizes=\"auto, (max-width: 160px) 100vw, 160px\" \/><\/a>OSPITE IL PRESIDENTE CLAUDIO CANOVA, due giovani veterinari Michele e Maria investono nell&#8217;attivit\u00e0 sostenibile, l&#8217;allevamento delle trote a Piz di Sospirolo<\/strong><\/p>\n<audio class=\"wp-audio-shortcode\" id=\"audio-199133-16\" preload=\"none\" style=\"width: 100%;\" controls=\"controls\"><source type=\"audio\/mpeg\" src=\"https:\/\/www.radiopiu.net\/wordpress\/wp-content\/uploads\/2021\/03\/fantastiche-dolomiti-11-mazo.mp3?_=16\" \/><a href=\"https:\/\/www.radiopiu.net\/wordpress\/wp-content\/uploads\/2021\/03\/fantastiche-dolomiti-11-mazo.mp3\">https:\/\/www.radiopiu.net\/wordpress\/wp-content\/uploads\/2021\/03\/fantastiche-dolomiti-11-mazo.mp3<\/a><\/audio>\n<p>&nbsp;<\/p>\n<h3>LA RACCOLTA COMPLETA<\/h3>\n<p>https:\/\/www.radiopiu.net\/wordpress\/raccolta-completa\/<\/p>\n<p>&nbsp;<\/p>\n<hr \/>\n<p>&nbsp;<\/p>\n<p>&nbsp;<\/p>\n<h2><strong><span style=\"color: #ff0000;\">\u00a0ALLA RADIO<\/span><\/strong><\/h2>\n<div data-offset-key=\"5n5nl-0-0\">\n<h3>Per ricevere gli aggiornamenti in tempo reale delle notizie pubblicate alla radio e sul sito di radio pi\u00f9 iscriviti al gruppo RADIO PIU INFORMAZIONE su Telegram.\u00a0\u00a0<a href=\"https:\/\/t.me\/radiopiu\">clicca qui<\/a><\/h3>\n<p>&nbsp;<\/p>\n<p><strong><a class=\"dt-pswp-item\" href=\"https:\/\/www.radiopiu.net\/wordpress\/wp-content\/uploads\/2020\/01\/logo-csa.jpg\" data-dt-img-description=\"\" data-large_image_width=\"1167\" data-large_image_height=\"574\"><img loading=\"lazy\" decoding=\"async\" class=\"wp-image-113364 alignleft\" src=\"https:\/\/www.radiopiu.net\/wordpress\/wp-content\/uploads\/2020\/01\/logo-csa-300x148.jpg\" alt=\"\" width=\"182\" height=\"90\" srcset=\"https:\/\/www.radiopiu.net\/wordpress\/wp-content\/uploads\/2020\/01\/logo-csa-300x148.jpg 300w, https:\/\/www.radiopiu.net\/wordpress\/wp-content\/uploads\/2020\/01\/logo-csa-1024x504.jpg 1024w, https:\/\/www.radiopiu.net\/wordpress\/wp-content\/uploads\/2020\/01\/logo-csa-768x378.jpg 768w, https:\/\/www.radiopiu.net\/wordpress\/wp-content\/uploads\/2020\/01\/logo-csa.jpg 1167w\" sizes=\"auto, (max-width: 182px) 100vw, 182px\" \/><\/a>AGORDO<\/strong> Appuntamento mensile (primo venerdi del mese) con lo speciale condotto da Claudio<\/p>\n<p>Fontanive, in studio Fabrizio Campedel e Paolo Chissal\u00e8.<\/p>\n<\/div>\n<p><strong>PUNTATA DI MARZO<\/strong><\/p>\n<audio class=\"wp-audio-shortcode\" id=\"audio-199133-17\" preload=\"none\" style=\"width: 100%;\" controls=\"controls\"><source type=\"audio\/mpeg\" src=\"https:\/\/www.radiopiu.net\/wordpress\/wp-content\/uploads\/2021\/03\/ca-sol-lux-marzo.mp3?_=17\" \/><a href=\"https:\/\/www.radiopiu.net\/wordpress\/wp-content\/uploads\/2021\/03\/ca-sol-lux-marzo.mp3\">https:\/\/www.radiopiu.net\/wordpress\/wp-content\/uploads\/2021\/03\/ca-sol-lux-marzo.mp3<\/a><\/audio>\n<blockquote>\n<h2>RACCOLTA COMPLETA<\/h2>\n<\/blockquote>\n<blockquote class=\"wp-embedded-content\" data-secret=\"f0FW0t6Rk7\"><p><a href=\"https:\/\/www.radiopiu.net\/wordpress\/cassa-solidarieta-luxottica-puntata-del-16-ottobre-2020\/\">CASSA SOLIDARIET\u00c0 LUXOTTICA &#8211; PUNTATA DEL 20 NOVEMBRE 2020<\/a><\/p><\/blockquote>\n<p><iframe loading=\"lazy\" class=\"wp-embedded-content\" sandbox=\"allow-scripts\" security=\"restricted\" style=\"position: absolute; clip: rect(1px, 1px, 1px, 1px);\" title=\"&#8220;CASSA SOLIDARIET\u00c0 LUXOTTICA &#8211; PUNTATA DEL 20 NOVEMBRE 2020&#8221; &#8212; Radio Pi\u00f9\" src=\"https:\/\/www.radiopiu.net\/wordpress\/cassa-solidarieta-luxottica-puntata-del-16-ottobre-2020\/embed\/#?secret=f0FW0t6Rk7\" data-secret=\"f0FW0t6Rk7\" width=\"600\" height=\"338\" frameborder=\"0\" marginwidth=\"0\" marginheight=\"0\" scrolling=\"no\"><\/iframe><\/p>\n<div><\/div>\n<p>&nbsp;<\/p>\n<p>&nbsp;<\/p>\n<p>&nbsp;<\/p>\n<hr \/>\n<blockquote>\n<h3><a href=\"https:\/\/www.radiopiu.net\/wordpress\/giornale-radiopiu-06-febbraio-2019-direttore-mirko-mezzacasa\/logo_spi-cgil-800x445\/\" rel=\"attachment wp-att-75538\"><img loading=\"lazy\" decoding=\"async\" class=\"wp-image-75538 alignleft\" src=\"https:\/\/www.radiopiu.net\/wordpress\/wp-content\/uploads\/2019\/02\/Logo_Spi-CGIL-800x445-300x167.jpg\" alt=\"\" width=\"210\" height=\"117\" srcset=\"https:\/\/www.radiopiu.net\/wordpress\/wp-content\/uploads\/2019\/02\/Logo_Spi-CGIL-800x445-300x167.jpg 300w, https:\/\/www.radiopiu.net\/wordpress\/wp-content\/uploads\/2019\/02\/Logo_Spi-CGIL-800x445-768x427.jpg 768w, https:\/\/www.radiopiu.net\/wordpress\/wp-content\/uploads\/2019\/02\/Logo_Spi-CGIL-800x445.jpg 800w\" sizes=\"auto, (max-width: 210px) 100vw, 210px\" \/><\/a>ALLA RADIO, APPUNTAMENTO QUINDICINALE CON SPI-CGIL BELLUNO, IN STUDIO MARIA RITA GENTILIN<\/h3>\n<\/blockquote>\n<p><strong>di Claudio Fontanive\u00a0<\/strong><\/p>\n<p><span style=\"color: #ff0000;\"><strong>PUNTATA DEL 18 MARZO 2021<\/strong><\/span><\/p>\n<audio class=\"wp-audio-shortcode\" id=\"audio-199133-18\" preload=\"none\" style=\"width: 100%;\" controls=\"controls\"><source type=\"audio\/mpeg\" src=\"https:\/\/www.radiopiu.net\/wordpress\/wp-content\/uploads\/2021\/03\/spi-cigl-18-marzo.mp3?_=18\" \/><a href=\"https:\/\/www.radiopiu.net\/wordpress\/wp-content\/uploads\/2021\/03\/spi-cigl-18-marzo.mp3\">https:\/\/www.radiopiu.net\/wordpress\/wp-content\/uploads\/2021\/03\/spi-cigl-18-marzo.mp3<\/a><\/audio>\n<p>&nbsp;<\/p>\n<p>&nbsp;<\/p>\n<hr \/>\n<p>&nbsp;<\/p>\n<blockquote>\n<h3><a href=\"https:\/\/www.radiopiu.net\/wordpress\/almanacco-ladino-puntata-5-2020\/sn\/\" rel=\"attachment wp-att-180931\"><img loading=\"lazy\" decoding=\"async\" class=\"wp-image-180931 alignleft\" src=\"https:\/\/www.radiopiu.net\/wordpress\/wp-content\/uploads\/2020\/12\/sn-300x194.jpg\" alt=\"\" width=\"181\" height=\"117\" srcset=\"https:\/\/www.radiopiu.net\/wordpress\/wp-content\/uploads\/2020\/12\/sn-300x194.jpg 300w, https:\/\/www.radiopiu.net\/wordpress\/wp-content\/uploads\/2020\/12\/sn.jpg 626w\" sizes=\"auto, (max-width: 181px) 100vw, 181px\" \/><\/a>L&#8217;ALMANACCO LADINO CON L&#8217;ISTITUT CESA DE JAN QUINDICINALE APPUNTAMENTO. LA DOMENICA ALLE 9 IL LUNEDI ALLE 8.35 IL MARTEDI ALLE 12.35 IL MERCOLEDI ALLE 18.35. SECONDA STAGIONE.<\/h3>\n<\/blockquote>\n<p><strong>RACCOLTA COMPLETA\u00a0<\/strong><\/p>\n<blockquote class=\"wp-embedded-content\" data-secret=\"DCWi6HQdov\"><p><a href=\"https:\/\/www.radiopiu.net\/wordpress\/almanacco-ladino\/\">Almanacco Ladino<\/a><\/p><\/blockquote>\n<p><iframe loading=\"lazy\" class=\"wp-embedded-content\" sandbox=\"allow-scripts\" security=\"restricted\" style=\"position: absolute; clip: rect(1px, 1px, 1px, 1px);\" title=\"&#8220;Almanacco Ladino&#8221; &#8212; Radio Pi\u00f9\" src=\"https:\/\/www.radiopiu.net\/wordpress\/almanacco-ladino\/embed\/#?secret=DCWi6HQdov\" data-secret=\"DCWi6HQdov\" width=\"600\" height=\"338\" frameborder=\"0\" marginwidth=\"0\" marginheight=\"0\" scrolling=\"no\"><\/iframe><\/p>\n<h2><\/h2>\n<hr \/>\n<div dir=\"auto\">\n<div>\n<h2><span style=\"color: #800080;\"><strong>LA RASSEGNA STAMPA DA L&#8217;AMICO DEL POPOLO\u00a0<\/strong><\/span><\/h2>\n<h3 class=\"kvgmc6g5 cxmmr5t8 oygrvhab hcukyx3x c1et5uql\"><span style=\"color: #0000ff;\"> INFORMAZIONE il canale su TELEGRAM informazione di prima mano e in tempo reale. iscriviti ed aiutaci a farlo conoscere\u00a0<\/span><\/h3>\n<p><strong><a href=\"https:\/\/www.radiopiu.net\/wordpress\/la-rassegna-stampa-da-lamico-del-popolo-20-marzo-2021\/51228051_10218915123975947_5721189105933484032_o\/\" rel=\"attachment wp-att-198250\"><img loading=\"lazy\" decoding=\"async\" class=\" wp-image-198250 alignleft\" src=\"https:\/\/www.radiopiu.net\/wordpress\/wp-content\/uploads\/2021\/03\/51228051_10218915123975947_5721189105933484032_o-300x300.jpg\" alt=\"\" width=\"106\" height=\"106\" srcset=\"https:\/\/www.radiopiu.net\/wordpress\/wp-content\/uploads\/2021\/03\/51228051_10218915123975947_5721189105933484032_o-300x300.jpg 300w, https:\/\/www.radiopiu.net\/wordpress\/wp-content\/uploads\/2021\/03\/51228051_10218915123975947_5721189105933484032_o-1024x1024.jpg 1024w, https:\/\/www.radiopiu.net\/wordpress\/wp-content\/uploads\/2021\/03\/51228051_10218915123975947_5721189105933484032_o-150x150.jpg 150w, https:\/\/www.radiopiu.net\/wordpress\/wp-content\/uploads\/2021\/03\/51228051_10218915123975947_5721189105933484032_o-768x768.jpg 768w, https:\/\/www.radiopiu.net\/wordpress\/wp-content\/uploads\/2021\/03\/51228051_10218915123975947_5721189105933484032_o.jpg 1066w\" sizes=\"auto, (max-width: 106px) 100vw, 106px\" \/><\/a>di Gianni Santomaso<\/strong><\/p>\n<p>OSPITE: Mirko Mezzacasa<\/p>\n<audio class=\"wp-audio-shortcode\" id=\"audio-199133-19\" preload=\"none\" style=\"width: 100%;\" controls=\"controls\"><source type=\"audio\/mpeg\" src=\"https:\/\/www.radiopiu.net\/wordpress\/wp-content\/uploads\/2020\/10\/RASSEGNA-GIANNI-7.mp3?_=19\" \/><a href=\"https:\/\/www.radiopiu.net\/wordpress\/wp-content\/uploads\/2020\/10\/RASSEGNA-GIANNI-7.mp3\">https:\/\/www.radiopiu.net\/wordpress\/wp-content\/uploads\/2020\/10\/RASSEGNA-GIANNI-7.mp3<\/a><\/audio>\n<p>&nbsp;<\/p>\n<p><strong>LA RACCOLTA COMPLETA<\/strong><\/p>\n<blockquote class=\"wp-embedded-content\" data-secret=\"po1Lgmyuh0\"><p><a href=\"https:\/\/www.radiopiu.net\/wordpress\/rassegna-stampa-di-gianni-santomaso\/\">Rassegna stampa da l&#8217;amico del popolo &#8211; di Gianni Santomaso<\/a><\/p><\/blockquote>\n<p><iframe loading=\"lazy\" class=\"wp-embedded-content\" sandbox=\"allow-scripts\" security=\"restricted\" style=\"position: absolute; clip: rect(1px, 1px, 1px, 1px);\" title=\"&#8220;Rassegna stampa da l&#8217;amico del popolo &#8211; di Gianni Santomaso&#8221; &#8212; Radio Pi\u00f9\" src=\"https:\/\/www.radiopiu.net\/wordpress\/rassegna-stampa-di-gianni-santomaso\/embed\/#?secret=po1Lgmyuh0\" data-secret=\"po1Lgmyuh0\" width=\"600\" height=\"338\" frameborder=\"0\" marginwidth=\"0\" marginheight=\"0\" scrolling=\"no\"><\/iframe><\/p>\n<p>&nbsp;<\/p>\n<\/div>\n<\/div>\n<p><a class=\"mejs-horizontal-volume-slider\" role=\"slider\" aria-label=\"Cursore del volume\" aria-valuemin=\"0\" aria-valuemax=\"100\" aria-valuenow=\"100\"><span class=\"mejs-offscreen\">\u00a0<\/span><\/a><\/p>\n<p>&nbsp;<\/p>\n<hr \/>\n<p>&nbsp;<\/p>\n<div>\n<p>&nbsp;<\/p>\n<blockquote>\n<h2><a href=\"https:\/\/www.radiopiu.net\/wordpress\/speciale-solidarieta-veneto\/solidarieta-veneto-3\/\" rel=\"attachment wp-att-134366\"><img loading=\"lazy\" decoding=\"async\" class=\"wp-image-134366 alignleft\" src=\"https:\/\/www.radiopiu.net\/wordpress\/wp-content\/uploads\/2020\/05\/solidariet\u00e0-veneto-300x210.jpg\" alt=\"\" width=\"102\" height=\"71\" srcset=\"https:\/\/www.radiopiu.net\/wordpress\/wp-content\/uploads\/2020\/05\/solidariet\u00e0-veneto-300x210.jpg 300w, https:\/\/www.radiopiu.net\/wordpress\/wp-content\/uploads\/2020\/05\/solidariet\u00e0-veneto-1024x717.jpg 1024w, https:\/\/www.radiopiu.net\/wordpress\/wp-content\/uploads\/2020\/05\/solidariet\u00e0-veneto-768x538.jpg 768w, https:\/\/www.radiopiu.net\/wordpress\/wp-content\/uploads\/2020\/05\/solidariet\u00e0-veneto.jpg 1373w\" sizes=\"auto, (max-width: 102px) 100vw, 102px\" \/><\/a>SOLIDARIETA&#8217; VENETO FONDO PENSIONE, IN ONDA IL PRIMO VENERDI DEL MESE ALLE 10.30 E ALLE 19.00 QUINTA STAGIONE<\/h2>\n<\/blockquote>\n<p><strong>AUDIO MARZO 2021<\/strong><\/p>\n<audio class=\"wp-audio-shortcode\" id=\"audio-199133-20\" preload=\"none\" style=\"width: 100%;\" controls=\"controls\"><source type=\"audio\/mpeg\" src=\"https:\/\/www.radiopiu.net\/wordpress\/wp-content\/uploads\/2021\/03\/solidarieta-veneto-marzo.mp3?_=20\" \/><a href=\"https:\/\/www.radiopiu.net\/wordpress\/wp-content\/uploads\/2021\/03\/solidarieta-veneto-marzo.mp3\">https:\/\/www.radiopiu.net\/wordpress\/wp-content\/uploads\/2021\/03\/solidarieta-veneto-marzo.mp3<\/a><\/audio>\n<p>&nbsp;<\/p>\n<blockquote>\n<h2>RACCOLTA COMPLETA<\/h2>\n<\/blockquote>\n<blockquote class=\"wp-embedded-content\" data-secret=\"298rYpElVm\"><p><a href=\"https:\/\/www.radiopiu.net\/wordpress\/solidarieta-veneto\/\">Solidariet\u00e0 Veneto<\/a><\/p><\/blockquote>\n<p><iframe loading=\"lazy\" class=\"wp-embedded-content\" sandbox=\"allow-scripts\" security=\"restricted\" style=\"position: absolute; clip: rect(1px, 1px, 1px, 1px);\" title=\"&#8220;Solidariet\u00e0 Veneto&#8221; &#8212; Radio Pi\u00f9\" src=\"https:\/\/www.radiopiu.net\/wordpress\/solidarieta-veneto\/embed\/#?secret=298rYpElVm\" data-secret=\"298rYpElVm\" width=\"600\" height=\"338\" frameborder=\"0\" marginwidth=\"0\" marginheight=\"0\" scrolling=\"no\"><\/iframe><\/p>\n<p>&nbsp;<\/p>\n<\/div>\n<h3><\/h3>\n<div dir=\"auto\">\n<hr \/>\n<p>&nbsp;<\/p>\n<div>\n<p class=\"photoswipe-wrapper\"><a class=\"dt-pswp-item pspw-wrap-ready\" href=\"https:\/\/i0.wp.com\/www.radiopiu.net\/wordpress\/wp-content\/uploads\/2018\/09\/viabilita.jpeg?ssl=1\" data-dt-img-description=\"\" data-large_image_width=\"800\" data-large_image_height=\"100\"><img loading=\"lazy\" decoding=\"async\" class=\"aligncenter wp-image-61954 size-full\" src=\"https:\/\/i0.wp.com\/www.radiopiu.net\/wordpress\/wp-content\/uploads\/2018\/09\/viabilita.jpeg?resize=800%2C100&amp;ssl=1\" sizes=\"auto, (max-width: 800px) 100vw, 800px\" srcset=\"https:\/\/i0.wp.com\/www.radiopiu.net\/wordpress\/wp-content\/uploads\/2018\/09\/viabilita.jpeg?w=800&amp;ssl=1 800w, https:\/\/i0.wp.com\/www.radiopiu.net\/wordpress\/wp-content\/uploads\/2018\/09\/viabilita.jpeg?resize=300%2C38&amp;ssl=1 300w, https:\/\/i0.wp.com\/www.radiopiu.net\/wordpress\/wp-content\/uploads\/2018\/09\/viabilita.jpeg?resize=768%2C96&amp;ssl=1 768w\" alt=\"\" width=\"800\" height=\"100\" \/><\/a><\/p>\n<\/div>\n<p>&nbsp;<\/p>\n<p><strong>SP 473 CROCE<\/strong> <strong>D&#8217;AUNE<\/strong> Dalle 8 alle 18, dal 23 marzo al 30 aprile compresi sabato domenica e festivi, senso unico alternato regolato da impianto semaforico in comune di Sovramonte per sostituzione barriere di sicurezza<\/p>\n<p><strong>SR 48 DELLE DOLOMITI\u00a0<\/strong>Dal 22 marzo al 30 aprile, dalle 7 alle 18 esclusi sabato domenica e festivi, interruzioni alla viabilit\u00e0 della durata massima di 20 minuti e senso unico alternato regolato da impianto semaforico per messa in sicurezza del versante a monte della strada in comune di Livinallongo<\/p>\n<p><strong>SR 204 BELLUNO MAS<\/strong> dal 22 al 26 marzo in localit\u00e0 Antole istituzione di senso unico alternato regolato da impianto semaforico per messa in sicurezza del ponte<\/p>\n<p><strong>SP 473 CROCE D&#8217;AUNE<\/strong> dal 18 marzo al 15 aprile interdizione totale al traffico in localit\u00e0 Pedavena per ristrutturazione fabbricato. Traffico deviato su Via Trento<\/p>\n<p><strong>SP 473 CROCE D&#8217;AUNE\u00a0<\/strong> dal 18 marzo al 16 aprile, in localit\u00e0 Sarzen, interdizione totale alla viabilit\u00e0 ad eccezione di domeniche e festivi infrasettimanali per lavori di posa canalizzazioni per conto di E-Distribuzione. Transito consentito solo a mezzi pubblici, scolastici e di soccorso<\/p>\n<p><strong>SP 3 VAL IMPERINA\u00a0<\/strong>Dal 20 al 31 marzo, esclusi sabato e domenica, interdizione totale al traffico a fasce orarie tra Forcella Franche e Vallasin per lavori di messa in sicurezza della strada. Le chiusure dalle 8 alle 12:45, dalle 13:45 alle 15:50 e dalle 16:10 alle 17:45<\/p>\n<p><strong>SP 26 DIGOMAN\u00a0<\/strong>dal 22 marzo al 3 aprile interdizione totale al traffico in comune di Rivamonte dalle 8 alle 17, domeniche escluse, per lavori di esbosco schianti Vaia. Negli altri orari senso unico alternato regolato da impianto semaforico.<\/p>\n<p><strong>203 AGORDINA LIVINALLONGO <\/strong>dal 15 marzo per un mese (inclusi festivi e prefestivi) senso unico in localit\u00e0 Ponte Pignazza<\/p>\n<p><strong>SP 251 DELLA VAL DI ZOLDO E CELLINA<\/strong> Istituzione di senso unico alternato regolato da semaforo nel comune di Val di Zoldo per messa in sicurezza della strada<\/p>\n<p><strong>SP 42 CAVALLERA<\/strong> fino a revoca, chiusura della strada nell&#8217;abitato di Perarolo per attivazione emergenza frana &#8220;Busa del Cristo&#8221;<\/p>\n<p><strong>S.P.2 DELLA VALLE DEL MIS\u00a0<\/strong>Interdizione totale al traffico fino a revoca dal km 14,920 (localit\u00e0 Gona Bassa) al km 20,650 (localit\u00e0 Titele) per cedimento della carreggiata<\/p>\n<p><strong>S.P. 5 DI LAMOSANO<\/strong>\u00a0Interdizione totale fino a revoca per presenza di materiale e alberi in strada.<\/p>\n<p><strong>SP 3 DELLA VAL IMPERINA<\/strong> fino a revoca, senso unico alternato regolato a vista in localit\u00e0 Gona di Conedera di Rivamonte per cedimento della carreggiata stradale<\/p>\n<p><strong>PROVINCIALE 2, VALLE DEL MIS KM 9 -14\u00a0 <\/strong>Fino al 30 MARZO dalle 7.30 alle 17.30, sabato e domenica esclusi, senso unico alternato regolato da movieri o a vista, tratti di 100 metri. Ripristino reti lato strada.<\/p>\n<\/div>\n<p><b>\u00a0<\/b><\/p>\n<p>&nbsp;<\/p>\n<div dir=\"auto\">\n<hr \/>\n<p>&nbsp;<\/p>\n<div>\n<p class=\"photoswipe-wrapper\"><a class=\"dt-pswp-item pspw-wrap-ready\" href=\"https:\/\/i0.wp.com\/www.radiopiu.net\/wordpress\/wp-content\/uploads\/2018\/09\/WhatsApp-Image-2018-09-20-at-16.04.06.jpeg?ssl=1\" data-dt-img-description=\"\" data-large_image_width=\"800\" data-large_image_height=\"100\"><img loading=\"lazy\" decoding=\"async\" class=\"aligncenter wp-image-61378 size-full jetpack-lazy-image jetpack-lazy-image--handled\" src=\"https:\/\/i0.wp.com\/www.radiopiu.net\/wordpress\/wp-content\/uploads\/2018\/09\/WhatsApp-Image-2018-09-20-at-16.04.06.jpeg?resize=800%2C100&amp;ssl=1\" sizes=\"auto, (max-width: 800px) 100vw, 800px\" srcset=\"https:\/\/i0.wp.com\/www.radiopiu.net\/wordpress\/wp-content\/uploads\/2018\/09\/WhatsApp-Image-2018-09-20-at-16.04.06.jpeg?w=800&amp;ssl=1 800w, https:\/\/i0.wp.com\/www.radiopiu.net\/wordpress\/wp-content\/uploads\/2018\/09\/WhatsApp-Image-2018-09-20-at-16.04.06.jpeg?resize=300%2C38&amp;ssl=1 300w, https:\/\/i0.wp.com\/www.radiopiu.net\/wordpress\/wp-content\/uploads\/2018\/09\/WhatsApp-Image-2018-09-20-at-16.04.06.jpeg?resize=768%2C96&amp;ssl=1 768w\" alt=\"\" width=\"800\" height=\"100\" data-lazy-loaded=\"1\" \/><\/a><\/p>\n<\/div>\n<p>&nbsp;<\/p>\n<\/div>\n<p><center><b>Venerdi 26<\/b><\/center><b>Tempo atteso: <\/b>Al mattino sole e cielo sereno. Al pomeriggio riduzione del soleggiamento, dapprima per il formarsi di stratocumuli e di addensamenti a ridosso dei rilievi, poi anche per nubi medio-alte verso sera, quando la nuvolosit\u00e0 s&#8217;intensificher\u00e0 ulteriormente. Nelle valli il parziale deficit di sole provocher\u00e0 un minore riscaldamento diurno, anche se non ovunque.<br \/>\n<b>Precipitazioni: <\/b>Assenti (0%), anche se non del tutto esclusa qualche goccia sulle Prealpi confinanti con il Trentino e sulle Dolomiti occidentali (10%), assieme a qualche fiocco di neve oltre i 1800\/1900 m.<br \/>\n<b>Temperature: <\/b>Minime in aumento nelle valli e in calo in quota; massime in leggera flessione, anche se in alcune valli potranno non subire variazioni di rilievo. Sono previste punte di 15\/17\u00b0C nei fondovalle prealpini e di 9\/12\u00b0C a 1000\/1200 m. Su Prealpi a 1500 m min 2\u00b0C max 6\u00b0C, a 2000 m min 0\u00b0C max 2\u00b0C. Su Dolomiti a 2000 m min -1\u00b0C max 1\u00b0C, a 3000 m min -7\u00b0C max -6\u00b0C.<br \/>\n<b>Venti: <\/b>Deboli o moderati a regime di brezza nelle valli; deboli da sud-ovest in quota, in lieve rinforzo fino a moderati al pomeriggio\/sera, a 5-10 km\/h a 2000 m e 5-20 km\/h a 3000 m.<\/p>\n<hr \/>\n<p><center><b>Sabato 27<\/b><\/center><b>Tempo atteso: <\/b>Tempo variabile tra la mattinata e il primo pomeriggio con qualche schiarita e nuvolosit\u00e0 irregolare, pi\u00f9 estesa nelle valli e alle quote medie, mentre qualche rasserenamento in pi\u00f9 potr\u00e0 verificarsi in alta quota. Al pomeriggio\/sera ulteriore intensificazione della copertura nuvolosa e rischio di qualche fenomeno sparso. Contesto pi\u00f9 umido con ridotta escursione termica diurna.<br \/>\n<b>Precipitazioni: <\/b>Probabili deboli o debolissime precipitazioni sparse (40\/60%), nevose sopra i 1500\/1800 m, specie tra il pomeriggio e la sera. Gli apporti saranno spesso irrilevanti con 1-2 mm, localmente fino a 4-5 mm, ma saranno eccezioni, con altrettanti cm di neve sui 2000 m.<br \/>\n<b>Temperature: <\/b>In diminuzione, salvo rialzo delle minime nelle valli. Sono previste punte di 11\/13\u00b0C nei fondovalle prealpini e di 6\/8\u00b0C a 1000\/1200 m. Su Prealpi a 1500 m min 1\u00b0C max 3\u00b0C, a 2000 m min -1\u00b0C max 1\u00b0C. Su Dolomiti a 2000 m min -2\u00b0C max 0\u00b0C, a 3000 m min -8\u00b0C max -7\u00b0C.<br \/>\n<b>Venti: <\/b>Deboli di direzione variabile nelle valli; moderati da sud-ovest in quota, nel pomeriggio a tratti tesi sulle vette dolomitiche pi\u00f9 alte, eventuale temporanea rotazione da nord-ovest alla sera, a 10-15 km\/h a 2000 m e 15-35 km\/h a 3000 m.<\/p>\n<hr \/>\n<p><center><b>Domenica 28<\/b><\/center>Cielo ancora molto nuvoloso con residui piovaschi, nevosi oltre i 1500\/1800 m tra la notte e la prima parte del giorno. Nel corso del pomeriggio lenta attenuazione della nuvolosit\u00e0 e schiarite, quest&#8217;ultime pi\u00f9 frequenti verso sera. Temperature pressoch\u00e9 stazionarie rispetto a sabato. Nelle valli venti deboli di direzione variabile; in quota deboli\/moderati da ovest al mattino e da nord-ovest al pomeriggio.<\/p>\n<hr \/>\n<p><center><b>Lunedi 29<\/b><\/center>Residua nuvolosit\u00e0 notturna, in diradamento entro l&#8217;alba sulle Dolomiti, in mattinata sulle Prealpi. Poi giornata ben soleggiata con cielo sereno su tutta la montagna veneta. Se si fa eccezione del calo delle minime nelle valli, le temperature saranno in generale rialzo, in maniera sensibile per quanto riguarda i valori massimi a tutte le quote. le temperature saranno . Venti deboli\/moderati a regime di brezza nelle valli; deboli\/moderati da nord-ovest in quota. Previsore: R.L.Th.<\/p>\n<p>&nbsp;<\/p>\n<hr \/>\n<p>&nbsp;<\/p>\n<p><a href=\"https:\/\/www.radiopiu.net\/wordpress\/giornale-radiopiu-15-settembre-2018-direttore-mirko-mezzacasa\/sport-7\/\" rel=\"attachment wp-att-60761\"><img loading=\"lazy\" decoding=\"async\" class=\"wp-image-60761 size-full aligncenter\" src=\"https:\/\/www.radiopiu.net\/wordpress\/wp-content\/uploads\/2018\/09\/sport.jpg\" alt=\"\" width=\"800\" height=\"100\" srcset=\"https:\/\/www.radiopiu.net\/wordpress\/wp-content\/uploads\/2018\/09\/sport.jpg 800w, https:\/\/www.radiopiu.net\/wordpress\/wp-content\/uploads\/2018\/09\/sport-300x38.jpg 300w, https:\/\/www.radiopiu.net\/wordpress\/wp-content\/uploads\/2018\/09\/sport-768x96.jpg 768w\" sizes=\"auto, (max-width: 800px) 100vw, 800px\" \/><\/a><\/p>\n<p>&nbsp;<\/p>\n<blockquote>\n<h3>IL CAMPIONATO AGORDINO DI CALCIO RINVIATO AL 2022, NE PARLA ANDREA BALDASSI<\/h3>\n<\/blockquote>\n<p class=\"p1\"><b><a href=\"https:\/\/www.radiopiu.net\/wordpress\/oggi-la-terza-giornata-del-campionato-agordino-femminile\/calcio-2019\/\" rel=\"attachment wp-att-88853\"><img loading=\"lazy\" decoding=\"async\" class=\"size-medium wp-image-88853 alignleft\" src=\"https:\/\/www.radiopiu.net\/wordpress\/wp-content\/uploads\/2019\/06\/CALCIO-2019-300x169.jpg\" alt=\"\" width=\"300\" height=\"169\" srcset=\"https:\/\/www.radiopiu.net\/wordpress\/wp-content\/uploads\/2019\/06\/CALCIO-2019-300x169.jpg 300w, https:\/\/www.radiopiu.net\/wordpress\/wp-content\/uploads\/2019\/06\/CALCIO-2019.jpg 624w\" sizes=\"auto, (max-width: 300px) 100vw, 300px\" \/><\/a>AGORDO <\/b>La notizia \u00e8 arrivata nello scorso fine settimana, anche quest\u2019anno il Campionato Agordino di calcio non sar\u00e0 giocato. Il Comitato Calcio Agordino e le squadre della vallata hanno optato per annullare l\u2019edizione 2021, questo anche a causa delle restrizioni in seguito all\u2019emergenza Covid-19. Ne abbiamo parlato con Andrea Baldassi, Coordinatore del Comitato Calcio Agordino.<\/p>\n<audio class=\"wp-audio-shortcode\" id=\"audio-199133-21\" preload=\"none\" style=\"width: 100%;\" controls=\"controls\"><source type=\"audio\/mpeg\" src=\"https:\/\/www.radiopiu.net\/wordpress\/wp-content\/uploads\/2021\/03\/BALDASSI-2021.mp3?_=21\" \/><a href=\"https:\/\/www.radiopiu.net\/wordpress\/wp-content\/uploads\/2021\/03\/BALDASSI-2021.mp3\">https:\/\/www.radiopiu.net\/wordpress\/wp-content\/uploads\/2021\/03\/BALDASSI-2021.mp3<\/a><\/audio>\n<p>&nbsp;<\/p>\n<hr \/>\n<p>&nbsp;<\/p>\n<blockquote>\n<h3>UNA SQUADRA\u00a0 FEMMINILE PER UN HOCKEY SU GHIACCIO D&#8217;ALTO LIVELLO IN\u00a0 VENETO<\/h3>\n<\/blockquote>\n<p><a href=\"https:\/\/www.radiopiu.net\/wordpress\/giornale-radiopiu-26-marzo-2021-direttore-mirko-mezzacasa\/hc-femminile-1024x666\/\" rel=\"attachment wp-att-199326\"><img loading=\"lazy\" decoding=\"async\" class=\" wp-image-199326 alignleft\" src=\"https:\/\/www.radiopiu.net\/wordpress\/wp-content\/uploads\/2021\/03\/hc-femminile-1024x666-1-300x195.jpg\" alt=\"\" width=\"205\" height=\"133\" srcset=\"https:\/\/www.radiopiu.net\/wordpress\/wp-content\/uploads\/2021\/03\/hc-femminile-1024x666-1-300x195.jpg 300w, https:\/\/www.radiopiu.net\/wordpress\/wp-content\/uploads\/2021\/03\/hc-femminile-1024x666-1-768x500.jpg 768w, https:\/\/www.radiopiu.net\/wordpress\/wp-content\/uploads\/2021\/03\/hc-femminile-1024x666-1.jpg 1024w\" sizes=\"auto, (max-width: 205px) 100vw, 205px\" \/><\/a><strong>PADOVA<\/strong> Purtroppo da qualche anno l\u2019Hockey Veneto \u00e8\u00a0 orfano delle valide ed entusiaste\u00a0 squadre femminili, di qui l&#8217;iniziativa della Plebiscito Padova Waves. La Societ\u00e0\u00a0 presenta un progetto che volge a promuovere,\u00a0 in collaborazione con le altre Societ\u00e0 Venete di Hockey,\u00a0 \u00a0la creazione di una squadra dell\u2019Hockey Femminile che possa ottenere il massimo sviluppo possibile a livello tecnico\u00a0 nel nostro territorio e con il grande obbiettivo di far crescere il movimento cercando di portare le nostre atlete\u00a0 alle Olimpiadi di Cortina 2026.<\/p>\n<ul>\n<li>\u00a0l\u2019iniziativa presentata alle Societ\u00e0 Venete<\/li>\n<\/ul>\n<p><a href=\"https:\/\/static.fisg.it\/wp-content\/uploads\/sites\/3\/2021\/03\/23183929\/Presentazione-Progetto.pdf\">Presentazione Progetto<\/a><\/p>\n<p>&nbsp;<\/p>\n<p>&nbsp;<\/p>\n<hr \/>\n<blockquote>\n<h3><\/h3>\n<h3>Record mondiale scialpinistico per Martina Valmassoi. De Carlo: \u201cOrgoglio cadorino\u201d<\/h3>\n<\/blockquote>\n<p><strong>CALALZO <\/strong><em>\u201cUna cadorina sul tetto del mondo: siamo orgogliosi del record mondiale che Martina Valmassoi ha registrato in questi giorni. Solo una leonessa come lei poteva compiere un&#8217;impresa simile: sono doppiamente fiero di questo risultato poi come sindaco di Calalzo di Cadore, viste le origini calaltine di questa grandissima atleta\u201d<\/em>: il senatore e primo cittadino di Calalzo di Cadore Luca De Carlo gioisce cos\u00ec per il record mondiale di dislivello positivo in salita con gli sci da scialpinismo fatto registrare pochi giorni fa dalla 31enne scialpinista cadorina nel comprensorio di Monte Agudo, ad Auronzo. <em>\u201cMartina ha dimostrato ancora una volta lo spirito degli atleti della montagna e delle genti cadorine&#8221; <\/em>conclude De Carlo<\/p>\n","protected":false},"excerpt":{"rendered":"<p>PER RICEVERE QUESTO NOTIZIARIO DIRETTAMENTE SUL TUO CELLULARE ISCRIVITI AL CANALE TELEGRAM \u201cRADIO PIU\u00a0 INFORMAZIONE&#8221;\u00a0 SUPERATI I 3000 ISCRITTI, il CANALE TELEGRAM&#8230; UNISCITI A: RADIO PIU INFORMAZIONE &nbsp; &nbsp; &nbsp; IL PRIMO SPETTACOLO DEI BELUMAT A RADIO PIU &#8220;A PAS DA ZINGHEN&#8221;, domani ad un anno dalle lacrime versate per la morte di Gianni Secco.&hellip;<\/p>\n","protected":false},"author":4,"featured_media":199340,"comment_status":"closed","ping_status":"closed","sticky":false,"template":"","format":"standard","meta":{"_monsterinsights_skip_tracking":false,"_monsterinsights_sitenote_active":false,"_monsterinsights_sitenote_note":"","_monsterinsights_sitenote_category":0,"footnotes":""},"categories":[1,86,49],"tags":[],"class_list":["post-199133","post","type-post","status-publish","format-standard","has-post-thumbnail","hentry","category-senza-categoria","category-gr","category-news-18","category-1","category-86","category-49","description-off"],"img_url":"https:\/\/www.radiopiu.net\/wordpress\/wp-content\/uploads\/2021\/03\/th-19.jpg","_links":{"self":[{"href":"https:\/\/www.radiopiu.net\/wordpress\/wp-json\/wp\/v2\/posts\/199133","targetHints":{"allow":["GET"]}}],"collection":[{"href":"https:\/\/www.radiopiu.net\/wordpress\/wp-json\/wp\/v2\/posts"}],"about":[{"href":"https:\/\/www.radiopiu.net\/wordpress\/wp-json\/wp\/v2\/types\/post"}],"author":[{"embeddable":true,"href":"https:\/\/www.radiopiu.net\/wordpress\/wp-json\/wp\/v2\/users\/4"}],"replies":[{"embeddable":true,"href":"https:\/\/www.radiopiu.net\/wordpress\/wp-json\/wp\/v2\/comments?post=199133"}],"version-history":[{"count":0,"href":"https:\/\/www.radiopiu.net\/wordpress\/wp-json\/wp\/v2\/posts\/199133\/revisions"}],"wp:featuredmedia":[{"embeddable":true,"href":"https:\/\/www.radiopiu.net\/wordpress\/wp-json\/wp\/v2\/media\/199340"}],"wp:attachment":[{"href":"https:\/\/www.radiopiu.net\/wordpress\/wp-json\/wp\/v2\/media?parent=199133"}],"wp:term":[{"taxonomy":"category","embeddable":true,"href":"https:\/\/www.radiopiu.net\/wordpress\/wp-json\/wp\/v2\/categories?post=199133"},{"taxonomy":"post_tag","embeddable":true,"href":"https:\/\/www.radiopiu.net\/wordpress\/wp-json\/wp\/v2\/tags?post=199133"}],"curies":[{"name":"wp","href":"https:\/\/api.w.org\/{rel}","templated":true}]}}