{"id":199186,"date":"2021-03-25T12:25:02","date_gmt":"2021-03-25T11:25:02","guid":{"rendered":"https:\/\/www.radiopiu.net\/wordpress\/?p=199186"},"modified":"2021-03-25T13:31:49","modified_gmt":"2021-03-25T12:31:49","slug":"199186-2","status":"publish","type":"post","link":"https:\/\/www.radiopiu.net\/wordpress\/199186-2\/","title":{"rendered":"DOMANI SI PARLA DI COLORI, OGGI DI VACCINI, DA VENEZIA LUCA ZAIA"},"content":{"rendered":"<p><strong>VENEZIA<\/strong> Consueto appuntamento con il presidente Zaia, punto stampa aggiornamento covid 19<\/p>\n<p><strong>I NUMERI<\/strong><\/p>\n<p>TAMPONI MOLECOLARI 4442885 TAMPONI RAPIDI 3746131 TAMPONI IERI 45633 POSITIVI IERI + 1861 INCIDENZA POSITIVI-TAMPONI 4% POSITIVI DA INIZIO EPIDEMIA 373405 POSITIVI ATTUALI 39183 (20mila asintomatici) RICOVERI 2092 (+33) IN AREA NON CRITICA 1815 (+23) IN TERAPIA INTENSIVA COVID 277 (+10) INTERAPIA INTENSIVA NON COVID 288 DECESSI 10467 (+35) DIMESSI 17538<\/p>\n<blockquote>\n<h2>LEGGI LA CONFERENZA DI LUCA ZAIA<\/h2>\n<p><strong>VERSO LA ZONA ARANCIONE?<\/strong> <span style=\"color: #ff0000;\">Siamo in odore di valutazione abbiamo RT (sotto 1,22)\u00a0 in regressione al limite della zona arancione-rossa. L&#8217;incidenza \u00e8 sempre attorno ai 250 contagi ogni 100mila abitanti. Attendiamo con ansia la nuova classificazione. Sempre in virt\u00f9 di decisioni nazionali sar\u00e0 una settimana di base di zona arancione per tutta Italia fino a venerdi e poi nel fine settimana di Pasqua tutto rosso<\/span><\/p><\/blockquote>\n<p><strong><img decoding=\"async\" class=\"alignleft\" src=\"https:\/\/www.radiopiu.net\/wordpress\/wp-content\/uploads\/2021\/03\/161577608_1734182190117022_4503996286089719264_n.jpg\" \/>LA PROTESTA DEL SETTORE RISTORAZIONE<\/strong> Oggi la protesta di ristoratori e baristi, protesta comprensibile \u00e8 un settore che trascina dietro se l&#8217;intero indotto, a partire dagli occupati, dagli stagionali come successo in montagna che non ha mai iniziato l&#8217;attivit\u00e0 invernale. Stamane su questo incontro con Giorgetti. Il settore della ristorazione rappresenta un settore cruciale non solo economico per la Regione \u00e8 il nostro biglietto da visita della promozione. Non abbiamo ben capito come e quando arriveranno i ristori, la cosa migliore per aiutare questa imprese \u00e8 riaprire le attivit\u00e0 anche perch\u00e9 ognuno si \u00e8 organizzato con le linee guida.<span style=\"color: #ff0000;\">. <span style=\"color: #000000;\"><strong>NUOVO PIANO SANITA&#8217; PUBBLICA\u00a0<\/strong> Oggi viene presentato in Cts cio\u00e8 al Comitato tecnico scientifico della Regione. Previste restrizioni graduali in base alla pressione ospedaliera.\u00a0 <strong>VACCINAZIONI\u00a0<\/strong><\/span><\/span>Nelle ultime 24 ore oltre 22mila persone vaccinate, il numero cresce con non poche difficolt\u00e0 nei 58 punti vaccinali del Veneto. Noi stiamo schierando un po&#8217; tutti anche i 500 associati Andi, stanno partendo anche i medici di base che stimolo a vaccianare il pi\u00f9 possibile i loro assistiti. Stiamo per far scendere in campo i 1300 specializzandi delle Universit\u00e0. Verso met\u00e0 aprile chiudiamo con la fascia over 80, molti a domicilio (100 mila su 400mila). <strong>NUOVA SFIDA-NUOVA FORMULA\u00a0<\/strong> Se c&#8217;\u00e8 un over 80 accompagnato da un over 65 (o dal coniuge) si vaccinano entrambi. Le Ulss gi\u00e0 in gradi di farlo: Veneto orientale, Vicenza Berica, Polesana, Pedementana, Padova Azienda Ospedaliera ed Euganea, Treviso, Belluno Dolomiti, Venezia. Spero vada a regime ho chiesto ai direttori di spingere al massimo la macchina fino a stressarla. Noi abbiamo rispettato le categorie vaccinali in maniera ossessiva. Se qualcuno si \u00e8 comportato male il Governo dovr\u00e0 intervenire ma non \u00e8 il caso del Veneto.<strong> DOMENICA TREVIGIANA\u00a0<\/strong> Il nostro target\u00a0 \u00e8 di chiudere la vaccinazione della fascia degli over 80 entro met\u00e0 aprile.\u00a0 Domenica i nati del 1936 possono andare ai centri vaccinali di Treviso,\u00a0 organizzati per mese di nascita: alle 8 coloro che sono nati a gennio, alle 9 quelli nati a febbraio e via di seguito. <strong>PD PROPONE OBBLIGO DI VACCINAZIONE PER IL PERSONALE SANITARIO<\/strong> Un partito che ha come rappresentante un Ministro della Salute\u00a0 che ha fatto tutte queste norme sulle vaccinazioni con i suoi uomini\u00a0 fa una una mozione in Veneto? Per me la vaccinazione deve rimanere volontaria e un cambio di rotta eventualmente lo decide il Governo. E&#8217; un&#8217;utopia dal punto di vista giuridico pretendere l&#8217;obbligo di vaccino per il personale sanitario. I contratti in essere non prevedono la vaccinazione, i nuovi non lo so e non so nemmeno se potranno obbligare alla vaccinazione. <strong>INCONTRO CON GIORGETTI<\/strong> Era un incontro formale per parlare della situazione economica, sostegni, \u00e8 iniziato alle 12.<strong> IL COMPLEANNO DI VENEZIA<\/strong> (1600) momento di riflessione sul futuro, il nostro futuro guarda all&#8217;autonomia <strong>ANDRA&#8217; ALLA MANIFESTAZIONI DEGLI SPETTACOLI VIAGGIANTI?<\/strong> Non riesco anche pech\u00e9 poi dovrei sempre andare alle manifestazioni. Una delegazione la vedo volentieri sono vicino ai loro problemi.<\/p>\n<p><a href=\"https:\/\/www.facebook.com\/ReteVeneta\/videos\/887941122003485\">https:\/\/www.facebook.com\/ReteVeneta\/videos\/887941122003485<\/a><\/p>\n","protected":false},"excerpt":{"rendered":"<p>VENEZIA Consueto appuntamento con il presidente Zaia, punto stampa aggiornamento covid 19 I NUMERI TAMPONI MOLECOLARI 4442885 TAMPONI RAPIDI 3746131 TAMPONI IERI 45633 POSITIVI IERI + 1861 INCIDENZA POSITIVI-TAMPONI 4% POSITIVI DA INIZIO EPIDEMIA 373405 POSITIVI ATTUALI 39183 (20mila asintomatici) RICOVERI 2092 (+33) IN AREA NON CRITICA 1815 (+23) IN TERAPIA INTENSIVA COVID 277 (+10)&hellip;<\/p>\n","protected":false},"author":4,"featured_media":198958,"comment_status":"closed","ping_status":"closed","sticky":false,"template":"","format":"standard","meta":{"_monsterinsights_skip_tracking":false,"_monsterinsights_sitenote_active":false,"_monsterinsights_sitenote_note":"","_monsterinsights_sitenote_category":0,"footnotes":""},"categories":[51,49],"tags":[],"class_list":["post-199186","post","type-post","status-publish","format-standard","has-post-thumbnail","hentry","category-evidenza-top","category-news-18","category-51","category-49","description-off"],"img_url":"https:\/\/www.radiopiu.net\/wordpress\/wp-content\/uploads\/2021\/03\/161577608_1734182190117022_4503996286089719264_n.jpg","_links":{"self":[{"href":"https:\/\/www.radiopiu.net\/wordpress\/wp-json\/wp\/v2\/posts\/199186","targetHints":{"allow":["GET"]}}],"collection":[{"href":"https:\/\/www.radiopiu.net\/wordpress\/wp-json\/wp\/v2\/posts"}],"about":[{"href":"https:\/\/www.radiopiu.net\/wordpress\/wp-json\/wp\/v2\/types\/post"}],"author":[{"embeddable":true,"href":"https:\/\/www.radiopiu.net\/wordpress\/wp-json\/wp\/v2\/users\/4"}],"replies":[{"embeddable":true,"href":"https:\/\/www.radiopiu.net\/wordpress\/wp-json\/wp\/v2\/comments?post=199186"}],"version-history":[{"count":0,"href":"https:\/\/www.radiopiu.net\/wordpress\/wp-json\/wp\/v2\/posts\/199186\/revisions"}],"wp:featuredmedia":[{"embeddable":true,"href":"https:\/\/www.radiopiu.net\/wordpress\/wp-json\/wp\/v2\/media\/198958"}],"wp:attachment":[{"href":"https:\/\/www.radiopiu.net\/wordpress\/wp-json\/wp\/v2\/media?parent=199186"}],"wp:term":[{"taxonomy":"category","embeddable":true,"href":"https:\/\/www.radiopiu.net\/wordpress\/wp-json\/wp\/v2\/categories?post=199186"},{"taxonomy":"post_tag","embeddable":true,"href":"https:\/\/www.radiopiu.net\/wordpress\/wp-json\/wp\/v2\/tags?post=199186"}],"curies":[{"name":"wp","href":"https:\/\/api.w.org\/{rel}","templated":true}]}}