{"id":199241,"date":"2021-03-26T05:49:29","date_gmt":"2021-03-26T04:49:29","guid":{"rendered":"https:\/\/www.radiopiu.net\/wordpress\/?p=199241"},"modified":"2021-03-26T06:11:55","modified_gmt":"2021-03-26T05:11:55","slug":"una-petizione-da-chi-ama-falcade-e-la-valle-del-biois","status":"publish","type":"post","link":"https:\/\/www.radiopiu.net\/wordpress\/una-petizione-da-chi-ama-falcade-e-la-valle-del-biois\/","title":{"rendered":"UNA PETIZIONE DA CHI AMA FALCADE E LA VALLE DEL BIOIS"},"content":{"rendered":"<p><strong>FALCADE<\/strong> Non se ne pu\u00f2 pi\u00f9 si legge tra le righe di una petizione lanciata su change.org con un titolo chiaro &#8220;Per chi ama Falcade e la Valle del Biois&#8221;. Tutto nasce da una pagina facebook gestita da un amministratore che ammette tutto, a volte anche pesanti offese e dove il dibattito negli ultimi giorni si \u00e8 acceso sul tema della seconda casa e turisti.<\/p>\n<p><strong>LA PETIZIONE<\/strong><\/p>\n<p><em><strong>&#8220;Per chi non ne pu\u00f2 davvero pi\u00f9 di assistere a continue polemiche. Per chi si impegna, ogni giorno, a costruire qualcosa in questo territorio. Per chi da anni frequenta la valle e la rispetta, per chi l\u2019ha appena conosciuta e vuole ritornarci, per chi sogna di vederla per la prima volta. Per tutte le persone che vogliono prendere le distanze da chi accusa i turisti di essere untorie non condivide chi attacca con pesanti offese i residenti. DA TUTTO QUESTO IO MI DISSOCIO! Non \u00e8 il mio pensiero, non scrivete in mio nome! La valle del Biois \u00e8 una localit\u00e0 turistica in cui da decenni tutti sono i benvenuti, innumerevoli famiglie vivono grazie ad attivit\u00e0 legate all\u2019ospitalit\u00e0. Consci che stiamo vivendo un\u2019epoca drammatica, di proporzioni uniche nella storia, mai come adesso \u00e8 necessaria la prudenza e il rispetto che questo delicato momento richiede.\u00a0<\/strong><\/em><\/p>\n<p><span style=\"color: #0000ff;\"><strong><a style=\"color: #0000ff;\" href=\"https:\/\/www.change.org\/p\/chi-ama-falcade-e-la-valle-del-biois-non-in-mio-nome?signed=true\">CLICCA QUI PER FIRMARE LA PETIZIONE:<\/a><\/strong><\/span><\/p>\n<p>&nbsp;<\/p>\n","protected":false},"excerpt":{"rendered":"<p>FALCADE Non se ne pu\u00f2 pi\u00f9 si legge tra le righe di una petizione lanciata su change.org con un titolo chiaro &#8220;Per chi ama Falcade e la Valle del Biois&#8221;. Tutto nasce da una pagina facebook gestita da un amministratore che ammette tutto, a volte anche pesanti offese e dove il dibattito negli ultimi giorni&hellip;<\/p>\n","protected":false},"author":4,"featured_media":199242,"comment_status":"closed","ping_status":"closed","sticky":false,"template":"","format":"standard","meta":{"_monsterinsights_skip_tracking":false,"_monsterinsights_sitenote_active":false,"_monsterinsights_sitenote_note":"","_monsterinsights_sitenote_category":0,"footnotes":""},"categories":[51,49],"tags":[],"class_list":["post-199241","post","type-post","status-publish","format-standard","has-post-thumbnail","hentry","category-evidenza-top","category-news-18","category-51","category-49","description-off"],"img_url":"https:\/\/www.radiopiu.net\/wordpress\/wp-content\/uploads\/2021\/03\/eTXLwRYPadjnJFb-800x450-noPad.jpg","_links":{"self":[{"href":"https:\/\/www.radiopiu.net\/wordpress\/wp-json\/wp\/v2\/posts\/199241","targetHints":{"allow":["GET"]}}],"collection":[{"href":"https:\/\/www.radiopiu.net\/wordpress\/wp-json\/wp\/v2\/posts"}],"about":[{"href":"https:\/\/www.radiopiu.net\/wordpress\/wp-json\/wp\/v2\/types\/post"}],"author":[{"embeddable":true,"href":"https:\/\/www.radiopiu.net\/wordpress\/wp-json\/wp\/v2\/users\/4"}],"replies":[{"embeddable":true,"href":"https:\/\/www.radiopiu.net\/wordpress\/wp-json\/wp\/v2\/comments?post=199241"}],"version-history":[{"count":0,"href":"https:\/\/www.radiopiu.net\/wordpress\/wp-json\/wp\/v2\/posts\/199241\/revisions"}],"wp:featuredmedia":[{"embeddable":true,"href":"https:\/\/www.radiopiu.net\/wordpress\/wp-json\/wp\/v2\/media\/199242"}],"wp:attachment":[{"href":"https:\/\/www.radiopiu.net\/wordpress\/wp-json\/wp\/v2\/media?parent=199241"}],"wp:term":[{"taxonomy":"category","embeddable":true,"href":"https:\/\/www.radiopiu.net\/wordpress\/wp-json\/wp\/v2\/categories?post=199241"},{"taxonomy":"post_tag","embeddable":true,"href":"https:\/\/www.radiopiu.net\/wordpress\/wp-json\/wp\/v2\/tags?post=199241"}],"curies":[{"name":"wp","href":"https:\/\/api.w.org\/{rel}","templated":true}]}}