{"id":199254,"date":"2021-03-26T05:50:37","date_gmt":"2021-03-26T04:50:37","guid":{"rendered":"https:\/\/www.radiopiu.net\/wordpress\/?p=199254"},"modified":"2021-03-26T06:11:39","modified_gmt":"2021-03-26T05:11:39","slug":"essilorluxottica-accordo-per-lacquisizione-di-walman-negli-stati-uniti","status":"publish","type":"post","link":"https:\/\/www.radiopiu.net\/wordpress\/essilorluxottica-accordo-per-lacquisizione-di-walman-negli-stati-uniti\/","title":{"rendered":"ESSILORLUXOTTICA, ACCORDO PER L&#8217;ACQUISIZIONE DI WALMAN NEGLI STATI UNITI"},"content":{"rendered":"<p class=\"p1\"><span class=\"s1\"><strong><a href=\"https:\/\/www.radiopiu.net\/wordpress\/dt_gallery\/__trashed\/essilorluxottica-2\/\" rel=\"attachment wp-att-193540\"><img loading=\"lazy\" decoding=\"async\" class=\"size-medium wp-image-193540 alignleft\" src=\"https:\/\/www.radiopiu.net\/wordpress\/wp-content\/uploads\/2021\/02\/ESSILORLUXOTTICA-300x170.png\" alt=\"\" width=\"300\" height=\"170\" srcset=\"https:\/\/www.radiopiu.net\/wordpress\/wp-content\/uploads\/2021\/02\/ESSILORLUXOTTICA-300x170.png 300w, https:\/\/www.radiopiu.net\/wordpress\/wp-content\/uploads\/2021\/02\/ESSILORLUXOTTICA-1024x579.png 1024w, https:\/\/www.radiopiu.net\/wordpress\/wp-content\/uploads\/2021\/02\/ESSILORLUXOTTICA-768x434.png 768w, https:\/\/www.radiopiu.net\/wordpress\/wp-content\/uploads\/2021\/02\/ESSILORLUXOTTICA.png 1320w\" sizes=\"auto, (max-width: 300px) 100vw, 300px\" \/><\/a>CHARENTON-LE-PONT, FRANCIA E MINNEAPOLIS, MINNESOTA USA<\/strong> EssilorLuxottica ha stipulato un accordo per acquisire la rete di laboratori Walman negli Stati Uniti. Walman, che da pi\u00f9 di 100 anni \u00e8 uno dei principali partner nell\u2019ambito della cura della vista a livello locale, beneficer\u00e0 della focalizzazione di EssilorLuxottica sull&#8217;innovazione di prodotto e di servizio per generare nuove opportunit\u00e0 di crescita. Pur rappresentando il pi\u00f9 grande mercato al mondo per il settore dell\u2019ottica, gli Stati Uniti offrono ancora molte opportunit\u00e0 da esplorare. Dalle lenti progressive e antiriflesso, allo sviluppo di soluzioni per la gestione della miopia, sono tante le categorie che richiedono risorse per crescere in un settore competitivo. L&#8217;investimento di EssilorLuxottica in Walman consentir\u00e0 ai clienti di far leva sulle opportunit\u00e0 esistenti e future per contribuire allo sviluppo del mercato. &#8220;<em>Walman \u00e8 un&#8217;azienda che ammiriamo e di cui siamo partner di lunga data: condividiamo la stessa attenzione al cliente e la ricerca continua di standard di servizio sempre pi\u00f9 elevati. Abbiamo altres\u00ec in comune l\u2019esperienza della partecipazione azionaria dei dipendenti, importante elemento di cultura aziendale che ci rende ancora pi\u00f9 vicini. Walman ha maturato una solida reputazione e relazioni di qualit\u00e0 e continueremo a investire sui punti di forza che rendono la societ\u00e0 un partner di riferimento per l\u2019intero settore<\/em>&#8220;, hanno commentato Francesco Milleri e Paul du Saillant, rispettivamente Amministratore Delegato e Vice Amministratore Delegato di EssilorLuxottica. Walman ha una rete di 35 siti negli Stati Uniti tra laboratori di rifinitura di lenti graduate e hub di strumenti ottici e prodotti per la cura della vista. Anche nell\u2019ambito del gruppo EssilorLuxottica, Walman continuer\u00e0 a operare nel mercato con il suo marchio, offrendo ai clienti lo stesso livello di qualit\u00e0 in termini di servizio, prodotto e relazione che si aspettano. &#8220;<em>L&#8217;investimento di EssilorLuxottica in Walman \u00e8 un importante passo avanti per i nostri clienti e dipendenti<\/em>&#8220;, ha affermato Marty Bassett, Presidente e Amministratore Delegato di Walman. \u201c<em>Era giunto il momento per Walman di trovare un partner che la affiancasse per sostenere i suoi futuri successi. Abbiamo scelto EssilorLuxottica perch\u00e9 condividiamo gli stessi valori e perch\u00e9 il Gruppo ha dato gi\u00e0 prova in passato di saper valorizzare collaborazioni con aziende indipendenti con l\u2019obiettivo di accelerarne la crescita e preservarne lo spirito imprenditoriale e la cultura aziendale che sono alla base del loro successo<\/em>&#8220;. L\u2019operazione dovrebbe concludersi nei prossimi mesi ed \u00e8 soggetta all\u2018approvazione delle autorit\u00e0 regolatorie competenti e alle consuete condizioni di mercato.<\/span><\/p>\n","protected":false},"excerpt":{"rendered":"<p>CHARENTON-LE-PONT, FRANCIA E MINNEAPOLIS, MINNESOTA USA EssilorLuxottica ha stipulato un accordo per acquisire la rete di laboratori Walman negli Stati Uniti. Walman, che da pi\u00f9 di 100 anni \u00e8 uno dei principali partner nell\u2019ambito della cura della vista a livello locale, beneficer\u00e0 della focalizzazione di EssilorLuxottica sull&#8217;innovazione di prodotto e di servizio per generare nuove&hellip;<\/p>\n","protected":false},"author":4,"featured_media":193540,"comment_status":"closed","ping_status":"closed","sticky":false,"template":"","format":"standard","meta":{"_monsterinsights_skip_tracking":false,"_monsterinsights_sitenote_active":false,"_monsterinsights_sitenote_note":"","_monsterinsights_sitenote_category":0,"footnotes":""},"categories":[51,49],"tags":[],"class_list":["post-199254","post","type-post","status-publish","format-standard","has-post-thumbnail","hentry","category-evidenza-top","category-news-18","category-51","category-49","description-off"],"img_url":"https:\/\/www.radiopiu.net\/wordpress\/wp-content\/uploads\/2021\/02\/ESSILORLUXOTTICA.png","_links":{"self":[{"href":"https:\/\/www.radiopiu.net\/wordpress\/wp-json\/wp\/v2\/posts\/199254","targetHints":{"allow":["GET"]}}],"collection":[{"href":"https:\/\/www.radiopiu.net\/wordpress\/wp-json\/wp\/v2\/posts"}],"about":[{"href":"https:\/\/www.radiopiu.net\/wordpress\/wp-json\/wp\/v2\/types\/post"}],"author":[{"embeddable":true,"href":"https:\/\/www.radiopiu.net\/wordpress\/wp-json\/wp\/v2\/users\/4"}],"replies":[{"embeddable":true,"href":"https:\/\/www.radiopiu.net\/wordpress\/wp-json\/wp\/v2\/comments?post=199254"}],"version-history":[{"count":0,"href":"https:\/\/www.radiopiu.net\/wordpress\/wp-json\/wp\/v2\/posts\/199254\/revisions"}],"wp:featuredmedia":[{"embeddable":true,"href":"https:\/\/www.radiopiu.net\/wordpress\/wp-json\/wp\/v2\/media\/193540"}],"wp:attachment":[{"href":"https:\/\/www.radiopiu.net\/wordpress\/wp-json\/wp\/v2\/media?parent=199254"}],"wp:term":[{"taxonomy":"category","embeddable":true,"href":"https:\/\/www.radiopiu.net\/wordpress\/wp-json\/wp\/v2\/categories?post=199254"},{"taxonomy":"post_tag","embeddable":true,"href":"https:\/\/www.radiopiu.net\/wordpress\/wp-json\/wp\/v2\/tags?post=199254"}],"curies":[{"name":"wp","href":"https:\/\/api.w.org\/{rel}","templated":true}]}}