{"id":199378,"date":"2021-03-26T12:25:00","date_gmt":"2021-03-26T11:25:00","guid":{"rendered":"https:\/\/www.radiopiu.net\/wordpress\/?p=199378"},"modified":"2021-03-26T14:47:16","modified_gmt":"2021-03-26T13:47:16","slug":"oggi-il-verdetto-anche-per-il-veneto-rosso-o-arancio-da-lunedi-e-per-3-giorni-anticipazioni-da-venezia","status":"publish","type":"post","link":"https:\/\/www.radiopiu.net\/wordpress\/oggi-il-verdetto-anche-per-il-veneto-rosso-o-arancio-da-lunedi-e-per-3-giorni-anticipazioni-da-venezia\/","title":{"rendered":"REPUBBLICA ANTICIPA: VENETO IN ROSSO. ALTRE ANTICIPAZIONI DA VENEZIA, PARLA LUCA ZAIA"},"content":{"rendered":"<blockquote><p><strong>ANTICIPAZIONE DAL SITO DI REPUBBLICA<\/strong>: Da luned\u00ec Lazio in arancione, Valle d&#8217;Aosta in rosso. La Calabria \u00e8 in bilico. Con l&#8217;Rt in lieve calo in tutta Italia, \u00e8 l&#8217;incidenza a determinare i destini delle realt\u00e0 locali. Ecco tutti i dati di <span style=\"color: #ff0000;\"><strong>Friuli Venezia Giulia, Emilia-Romagna, Piemonte, Provincia di Trento, Marche, Lombardia, Puglia e Veneto, che resteranno nello scenario con le restrizioni pi\u00f9 rigide (rosso ndr.) fino al 12 aprile<\/strong><\/span><\/p><\/blockquote>\n<p><strong>VENEZIA,<\/strong> PUNTO STAMPA AGGIORNAMENTO COVID 19<\/p>\n<p><strong>I NUMERI <\/strong>TAMPONI MOLECOLARI 4466174 TAMPONI RAPIDI 3366487 TAMPONI IERI 42645 POSITIVI IERI +2095 INCIDENZA POSITIVI 4,91% POSITIVI DA INIZIO EPIDEMIA 374114 POSITIVI ATTUALI 38749 (17mila curati a casa, 20 mila asintomatici) RICOVERI 2082 (-10) IN AREA NON CRITICA\u00a0 1807 (-8) IN TERAPIA INTENSIVA\u00a0 275 (-2)\u00a0 IN TERAPIA INTENSIVA NO COVID 287 DECESSI 10492 ( +26) DIMESSI 17606<\/p>\n<p>&nbsp;<\/p>\n<blockquote>\n<h2>LEGGI LA CONFERENZA STAMPA DI LUCA ZAIA<\/h2>\n<p><strong><span style=\"color: #ff0000;\">Probabilmente saremo in rosso, i dati sono da rossi 1,23 Rt ma 254 il numero di positivi su 100mila. Terapie intensive al 24% su 30% area non critica 25% su 40%. C&#8217;\u00e8 ancora uno strappetto da fare. La zona arancione sarebbe rimasta per 3 giorni da martedi a venerdi, perche&#8217; da sabato tutta Italia sar\u00e0 rossa fino al giorno di Pasquetta compreso.<\/span><\/strong><\/p><\/blockquote>\n<p>Ormai siamo nelle condizioni di pensare all&#8217;apertura delle scuole utilizzando i tamponi, introducendo il fai da te o con il tampone che si trova sul mercato. Non dico tutti i giorni ma uno screening settimanale che ci permetter\u00e0 di riaprire. <strong>SPETTACOLI VIAGGIANTI<\/strong> Un&#8217;altra tragedia come ristoratori, bar, parrucchieri, estetiste, c&#8217;\u00e8 un mondo che soffre. Gli spettacoli viaggianti i peggio trattati dal covid e i pi\u00f9 dimeticati. E&#8217; un&#8217;economia di persone che pagano le tasse e famiglie che vivono con l&#8217;intrattenimento degli spettacoli viaggianti. Persone che non lavorano da un anno si sono presentate per parlare dei loro problemi, a loro la nostra vicinanza con la speranza di possa dare una mano anche con i fondi Unione Camere e con il Decreto Sostegni.<strong> COLORAZIONE<\/strong> oggi \u00e8 il giorno in cui da Roma si decidono le fasce di colore e le conseguenti restrizioni. Il Veneto fino a ieri era in bilico tra rosso e arancione. <strong>VACCINI<\/strong> Zaia predica pazienza e prudenza e ricorda che gli accompagnatori over 65 saranno anch&#8217;essi vaccinati. Ora c&#8217;\u00e8 una foresta in crescita con alberi che crescono in modo differenti, per chi vuole darci una mano il lavoro nei centri\u00a0 vaccinali non manca mai si pensa anche ad orari serali. Non toglieremo vaccini agli anziani per dargli alle aziende, faremo quanto previsto dal Decreto Ministeriale. Grazie per la collaborazione ai medici di base. <strong>Ho visto 1000 vaccini a Belluno dai medici di base e sono tanti<\/strong> questo \u00e8 l&#8217;effetto network.<strong> SINDACI<\/strong> Grazie a loro che hanno aperto un altro fronte dandoci una mano a portare prenotazioni e lettere agli over 80 nei vari Comuni. <strong>FARMACIA<\/strong> Siamo pronti a chiudere le trattativa con le farmacie per la prenotazione. <strong>VACCINI IERI<\/strong> Abbiamo superato i 24.000, contiamo di arrivare a 30.000 <strong>BANDO<\/strong> Le Ulss stanno facendo bandi interni per reclutare medici o persone disponibili anche a fare le pratiche di accettazione i giovani che vogliono dare un aiuto sono tutti ben accolti.\u00a0<strong>VACCINO SPUTNIK\u00a0<\/strong>Il Governo non dice nulla e questo conferma che tutte le regioni possono comprare in autonomia i vaccini<\/p>\n<p>&nbsp;<\/p>\n<p><a href=\"https:\/\/www.facebook.com\/ReteVeneta\/videos\/625326524983339\">https:\/\/www.facebook.com\/ReteVeneta\/videos\/625326524983339<\/a><\/p>\n","protected":false},"excerpt":{"rendered":"<p>ANTICIPAZIONE DAL SITO DI REPUBBLICA: Da luned\u00ec Lazio in arancione, Valle d&#8217;Aosta in rosso. La Calabria \u00e8 in bilico. Con l&#8217;Rt in lieve calo in tutta Italia, \u00e8 l&#8217;incidenza a determinare i destini delle realt\u00e0 locali. Ecco tutti i dati di Friuli Venezia Giulia, Emilia-Romagna, Piemonte, Provincia di Trento, Marche, Lombardia, Puglia e Veneto, che&hellip;<\/p>\n","protected":false},"author":4,"featured_media":167458,"comment_status":"closed","ping_status":"closed","sticky":false,"template":"","format":"standard","meta":{"_monsterinsights_skip_tracking":false,"_monsterinsights_sitenote_active":false,"_monsterinsights_sitenote_note":"","_monsterinsights_sitenote_category":0,"footnotes":""},"categories":[51,49],"tags":[],"class_list":["post-199378","post","type-post","status-publish","format-standard","has-post-thumbnail","hentry","category-evidenza-top","category-news-18","category-51","category-49","description-off"],"img_url":"https:\/\/www.radiopiu.net\/wordpress\/wp-content\/uploads\/2020\/10\/ZAIA-CON-LANZARIN-BOTTACIN-ROSI-E-FATTORI.jpg","_links":{"self":[{"href":"https:\/\/www.radiopiu.net\/wordpress\/wp-json\/wp\/v2\/posts\/199378","targetHints":{"allow":["GET"]}}],"collection":[{"href":"https:\/\/www.radiopiu.net\/wordpress\/wp-json\/wp\/v2\/posts"}],"about":[{"href":"https:\/\/www.radiopiu.net\/wordpress\/wp-json\/wp\/v2\/types\/post"}],"author":[{"embeddable":true,"href":"https:\/\/www.radiopiu.net\/wordpress\/wp-json\/wp\/v2\/users\/4"}],"replies":[{"embeddable":true,"href":"https:\/\/www.radiopiu.net\/wordpress\/wp-json\/wp\/v2\/comments?post=199378"}],"version-history":[{"count":0,"href":"https:\/\/www.radiopiu.net\/wordpress\/wp-json\/wp\/v2\/posts\/199378\/revisions"}],"wp:featuredmedia":[{"embeddable":true,"href":"https:\/\/www.radiopiu.net\/wordpress\/wp-json\/wp\/v2\/media\/167458"}],"wp:attachment":[{"href":"https:\/\/www.radiopiu.net\/wordpress\/wp-json\/wp\/v2\/media?parent=199378"}],"wp:term":[{"taxonomy":"category","embeddable":true,"href":"https:\/\/www.radiopiu.net\/wordpress\/wp-json\/wp\/v2\/categories?post=199378"},{"taxonomy":"post_tag","embeddable":true,"href":"https:\/\/www.radiopiu.net\/wordpress\/wp-json\/wp\/v2\/tags?post=199378"}],"curies":[{"name":"wp","href":"https:\/\/api.w.org\/{rel}","templated":true}]}}