{"id":199584,"date":"2021-03-27T13:23:57","date_gmt":"2021-03-27T12:23:57","guid":{"rendered":"https:\/\/www.radiopiu.net\/wordpress\/?p=199584"},"modified":"2021-03-27T13:23:57","modified_gmt":"2021-03-27T12:23:57","slug":"senza-vaccinazione-anti-covid-non-si-puo-lavorare-in-corsia-anche-per-lordine-provinciale","status":"publish","type":"post","link":"https:\/\/www.radiopiu.net\/wordpress\/senza-vaccinazione-anti-covid-non-si-puo-lavorare-in-corsia-anche-per-lordine-provinciale\/","title":{"rendered":"&#8220;SENZA VACCINAZIONE ANTI COVID NON SI PUO&#8217; LAVORARE IN CORSIA&#8221; ANCHE PER L&#8217;ORDINE PROVINCIALE"},"content":{"rendered":"<p><strong><img loading=\"lazy\" decoding=\"async\" class=\"alignleft\" src=\"https:\/\/www.radiopiu.net\/wordpress\/wp-content\/uploads\/2021\/01\/VACCINI-ULSS-300x300.jpg\" width=\"202\" height=\"202\" \/>ROMA<\/strong> Filippo Anelli, presidente della Federazione nazionale degli Ordini dei medici, chirurghi ed odontoiatri si \u00e8 espresso in merito all&#8217;obbligo della vaccinazione per quanti lavorano nelle strutture sanitarie, ecco quanto dichiarato ad Adnkrons Salute: <em>&#8220;&#8221;Da tempo diciamo che senza la vaccinazione anti-Covid non si pu\u00f2 lavorare in corsia. I medici hanno un codice deontologico che su questo tema va rispettato e inoltre c&#8217;\u00e8 la legge sulla sicurezza nei luoghi di lavoro che prevede che il professionista pu\u00f2 essere obbligato a vaccinarsi. Ma ieri il premier Draghi ha indicato la necessit\u00e0 di un intervento legislativo e noi siamo d&#8217;accordo. Sono poche decine i medici che hanno rifiutato il vaccino&#8221;.<\/em>\u00a0 Da Belluno il presidente dell&#8217;Ordine provinciale Stefano Capelli sottoscrive quanto dichiarato dal Presidente Nazionale Anelli, ovvero che\u00a0 senza la vaccinazione anti-Covid non si pu\u00f2 lavorare in corsia.<\/p>\n","protected":false},"excerpt":{"rendered":"<p>ROMA Filippo Anelli, presidente della Federazione nazionale degli Ordini dei medici, chirurghi ed odontoiatri si \u00e8 espresso in merito all&#8217;obbligo della vaccinazione per quanti lavorano nelle strutture sanitarie, ecco quanto dichiarato ad Adnkrons Salute: &#8220;&#8221;Da tempo diciamo che senza la vaccinazione anti-Covid non si pu\u00f2 lavorare in corsia. I medici hanno un codice deontologico che&hellip;<\/p>\n","protected":false},"author":4,"featured_media":185410,"comment_status":"closed","ping_status":"closed","sticky":false,"template":"","format":"standard","meta":{"_monsterinsights_skip_tracking":false,"_monsterinsights_sitenote_active":false,"_monsterinsights_sitenote_note":"","_monsterinsights_sitenote_category":0,"footnotes":""},"categories":[51,49],"tags":[],"class_list":["post-199584","post","type-post","status-publish","format-standard","has-post-thumbnail","hentry","category-evidenza-top","category-news-18","category-51","category-49","description-off"],"img_url":"https:\/\/www.radiopiu.net\/wordpress\/wp-content\/uploads\/2021\/01\/VACCINI-ULSS.jpg","_links":{"self":[{"href":"https:\/\/www.radiopiu.net\/wordpress\/wp-json\/wp\/v2\/posts\/199584","targetHints":{"allow":["GET"]}}],"collection":[{"href":"https:\/\/www.radiopiu.net\/wordpress\/wp-json\/wp\/v2\/posts"}],"about":[{"href":"https:\/\/www.radiopiu.net\/wordpress\/wp-json\/wp\/v2\/types\/post"}],"author":[{"embeddable":true,"href":"https:\/\/www.radiopiu.net\/wordpress\/wp-json\/wp\/v2\/users\/4"}],"replies":[{"embeddable":true,"href":"https:\/\/www.radiopiu.net\/wordpress\/wp-json\/wp\/v2\/comments?post=199584"}],"version-history":[{"count":0,"href":"https:\/\/www.radiopiu.net\/wordpress\/wp-json\/wp\/v2\/posts\/199584\/revisions"}],"wp:featuredmedia":[{"embeddable":true,"href":"https:\/\/www.radiopiu.net\/wordpress\/wp-json\/wp\/v2\/media\/185410"}],"wp:attachment":[{"href":"https:\/\/www.radiopiu.net\/wordpress\/wp-json\/wp\/v2\/media?parent=199584"}],"wp:term":[{"taxonomy":"category","embeddable":true,"href":"https:\/\/www.radiopiu.net\/wordpress\/wp-json\/wp\/v2\/categories?post=199584"},{"taxonomy":"post_tag","embeddable":true,"href":"https:\/\/www.radiopiu.net\/wordpress\/wp-json\/wp\/v2\/tags?post=199584"}],"curies":[{"name":"wp","href":"https:\/\/api.w.org\/{rel}","templated":true}]}}