{"id":199674,"date":"2021-03-28T12:18:30","date_gmt":"2021-03-28T10:18:30","guid":{"rendered":"https:\/\/www.radiopiu.net\/wordpress\/?p=199674"},"modified":"2021-03-28T12:18:31","modified_gmt":"2021-03-28T10:18:31","slug":"ora-legale-ora-solare-e-ora-locale","status":"publish","type":"post","link":"https:\/\/www.radiopiu.net\/wordpress\/ora-legale-ora-solare-e-ora-locale\/","title":{"rendered":"ORA LEGALE, ORA SOLARE E ORA LOCALE"},"content":{"rendered":"<p><strong><a href=\"https:\/\/www.radiopiu.net\/wordpress\/ora-legale-ora-solare-e-ora-locale\/eaf2a466-b85e-44b5-8255-dfce0bed275f\/\" rel=\"attachment wp-att-199675\"><img loading=\"lazy\" decoding=\"async\" class=\"size-medium wp-image-199675 alignleft\" src=\"https:\/\/www.radiopiu.net\/wordpress\/wp-content\/uploads\/2021\/03\/eaf2a466-b85e-44b5-8255-dfce0bed275f-300x169.jpg\" alt=\"\" width=\"300\" height=\"169\" srcset=\"https:\/\/www.radiopiu.net\/wordpress\/wp-content\/uploads\/2021\/03\/eaf2a466-b85e-44b5-8255-dfce0bed275f-300x169.jpg 300w, https:\/\/www.radiopiu.net\/wordpress\/wp-content\/uploads\/2021\/03\/eaf2a466-b85e-44b5-8255-dfce0bed275f-1024x575.jpg 1024w, https:\/\/www.radiopiu.net\/wordpress\/wp-content\/uploads\/2021\/03\/eaf2a466-b85e-44b5-8255-dfce0bed275f-768x431.jpg 768w, https:\/\/www.radiopiu.net\/wordpress\/wp-content\/uploads\/2021\/03\/eaf2a466-b85e-44b5-8255-dfce0bed275f.jpg 1296w\" sizes=\"auto, (max-width: 300px) 100vw, 300px\" \/><\/a>di Claudio Pra<\/strong><\/p>\n<p>Stanotte \u00e8 scattata l\u2019ora legale, con le lancette dell\u2019orologio spostate avanti di un\u2019ora. Molti stati (tra cui l\u2019Italia) la adottano, per sfruttare meglio le ore di luce durante un periodo dell\u2019anno. Ma l\u2019ora legale sarebbe a tutti gli effetti\u2026illegale, perch\u00e9 sganciata del percorso in cielo del Sole rispetto al meridiano del fuso orario di riferimento di riferimento. Se dovessimo guardare realmente al Sole una localit\u00e0, a seconda della sua longitudine, avrebbe un suo orario, con il mezzogiorno che coinciderebbe con la massima altezza raggiunta in cielo dall\u2019astro diurno. Una localit\u00e0 posta pi\u00f9 a est vivrebbe quindi un \u201cgiorno anticipato\u201d rispetto ad una posta pi\u00f9 a ovest. Questo perch\u00e9 la terra ruota sul suo asse in senso diretto, da ovest a est, con la conseguenza che il Sole, per noi terrestri, sembra invece apparentemente spostarsi da est a ovest (infatti sorge a est e tramonta a ovest). Ovviamente non \u00e8 possibile avere un tempo diverso per ogni punto della Terra, cos\u00ec si \u00e8 deciso che l\u2019orario cambia solo al passaggio del meridiano che segna il cambio di fuso. Tornando all\u2019ora legale, facendo un esempio riferito ad oggi in Agordino, la culminazione del Sole avviene quando i nostri orologi segnano le 13.17. Sarebbe mezzogiorno a quest\u2019ora e siamo quindi in anticipo di un\u2019ora e 17 minuti. Chi vuole seguire l\u2019\u201dora reale\u201d dovr\u00e0 quindi spostare le lancette dell\u2019orologio indietro di un\u2019ora e 17 minuti.<\/p>\n","protected":false},"excerpt":{"rendered":"<p>di Claudio Pra Stanotte \u00e8 scattata l\u2019ora legale, con le lancette dell\u2019orologio spostate avanti di un\u2019ora. Molti stati (tra cui l\u2019Italia) la adottano, per sfruttare meglio le ore di luce durante un periodo dell\u2019anno. Ma l\u2019ora legale sarebbe a tutti gli effetti\u2026illegale, perch\u00e9 sganciata del percorso in cielo del Sole rispetto al meridiano del fuso&hellip;<\/p>\n","protected":false},"author":4,"featured_media":199675,"comment_status":"closed","ping_status":"closed","sticky":false,"template":"","format":"standard","meta":{"_monsterinsights_skip_tracking":false,"_monsterinsights_sitenote_active":false,"_monsterinsights_sitenote_note":"","_monsterinsights_sitenote_category":0,"footnotes":""},"categories":[49],"tags":[],"class_list":["post-199674","post","type-post","status-publish","format-standard","has-post-thumbnail","hentry","category-news-18","category-49","description-off"],"img_url":"https:\/\/www.radiopiu.net\/wordpress\/wp-content\/uploads\/2021\/03\/eaf2a466-b85e-44b5-8255-dfce0bed275f.jpg","_links":{"self":[{"href":"https:\/\/www.radiopiu.net\/wordpress\/wp-json\/wp\/v2\/posts\/199674","targetHints":{"allow":["GET"]}}],"collection":[{"href":"https:\/\/www.radiopiu.net\/wordpress\/wp-json\/wp\/v2\/posts"}],"about":[{"href":"https:\/\/www.radiopiu.net\/wordpress\/wp-json\/wp\/v2\/types\/post"}],"author":[{"embeddable":true,"href":"https:\/\/www.radiopiu.net\/wordpress\/wp-json\/wp\/v2\/users\/4"}],"replies":[{"embeddable":true,"href":"https:\/\/www.radiopiu.net\/wordpress\/wp-json\/wp\/v2\/comments?post=199674"}],"version-history":[{"count":0,"href":"https:\/\/www.radiopiu.net\/wordpress\/wp-json\/wp\/v2\/posts\/199674\/revisions"}],"wp:featuredmedia":[{"embeddable":true,"href":"https:\/\/www.radiopiu.net\/wordpress\/wp-json\/wp\/v2\/media\/199675"}],"wp:attachment":[{"href":"https:\/\/www.radiopiu.net\/wordpress\/wp-json\/wp\/v2\/media?parent=199674"}],"wp:term":[{"taxonomy":"category","embeddable":true,"href":"https:\/\/www.radiopiu.net\/wordpress\/wp-json\/wp\/v2\/categories?post=199674"},{"taxonomy":"post_tag","embeddable":true,"href":"https:\/\/www.radiopiu.net\/wordpress\/wp-json\/wp\/v2\/tags?post=199674"}],"curies":[{"name":"wp","href":"https:\/\/api.w.org\/{rel}","templated":true}]}}