{"id":199775,"date":"2021-04-03T18:27:21","date_gmt":"2021-04-03T16:27:21","guid":{"rendered":"https:\/\/www.radiopiu.net\/wordpress\/?p=199775"},"modified":"2021-04-03T18:27:39","modified_gmt":"2021-04-03T16:27:39","slug":"covid-in-prott1","status":"publish","type":"post","link":"https:\/\/www.radiopiu.net\/wordpress\/covid-in-prott1\/","title":{"rendered":"DI NUOVO DECESSI PER COVID, VITTIMA UNA 92ENNE IN PENUMOLOGIA, OGGI 21 NUOVI CASI"},"content":{"rendered":"<p><strong>BELLUNO<\/strong><\/p>\n<p><span style=\"color: #000000;\"><span style=\"font-size: medium;\"><span lang=\"it-IT\">Nelle ultime 24 ore \u00e8 deceduta una donna di 92 anni ricoverata in Pneumologia Covid a Belluno.<\/span><\/span><\/span><\/p>\n<p>&nbsp;<\/p>\n<p><span style=\"color: #0000ff;\">NUOVI POSITIVI 21 ATTUALMENTE POSITIVI 1243<\/span><\/p>\n<p><strong>Ricoveri \u00a0\u00a0\u00a0\u00a0\u00a0\u00a0\u00a0\u00a0\u00a0\u00a0\u00a0\u00a0\u00a0\u00a0\u00a0\u00a0\u00a0\u00a0\u00a0\u00a0\u00a0\u00a0\u00a0\u00a0\u00a0\u00a0\u00a0\u00a0\u00a0\u00a0\u00a0\u00a0\u00a0 <\/strong><\/p>\n<p><em>(dato alle ore 17.00 fonte: Azienda Zero)<\/em><\/p>\n<p>Le persone attualmente POSITIVE ricoverate negli ospedali dell\u2019Ulss Dolomiti sono:<\/p>\n<table>\n<tbody>\n<tr>\n<td width=\"217\"><strong>\u00a0<\/strong><\/td>\n<td width=\"217\"><strong>Area NON CRITICA<\/strong><\/td>\n<td width=\"217\"><strong>Terapia Intensiva<\/strong><\/td>\n<\/tr>\n<tr>\n<td width=\"217\"><strong>Ospedale di Belluno<\/strong><\/td>\n<td width=\"217\">36 -2<\/td>\n<td width=\"217\">6<\/td>\n<\/tr>\n<tr>\n<td width=\"217\"><strong>Ospedale di Feltre<\/strong><\/td>\n<td width=\"217\">23\u00a0 +1<\/td>\n<td width=\"217\">4 -1<\/td>\n<\/tr>\n<\/tbody>\n<\/table>\n<p>&nbsp;<\/p>\n<p>Le persone attualmente POSITIVE ricoverate in Ospedale di Comunit\u00e0 sono:<\/p>\n<table>\n<tbody>\n<tr>\n<td width=\"326\"><strong>\u00a0<\/strong><\/td>\n<td width=\"326\"><strong>pazienti attualmente positivi<\/strong><\/td>\n<\/tr>\n<tr>\n<td width=\"326\"><strong>Ospedale di Comunit\u00e0 di BELLUNO<\/strong><\/td>\n<td width=\"326\">14 (+1)<\/td>\n<\/tr>\n<tr>\n<td width=\"326\"><strong>Ospedale di Comunit\u00e0 di FELTRE<\/strong><\/td>\n<td width=\"326\">\u00a06<\/td>\n<\/tr>\n<\/tbody>\n<\/table>\n<blockquote><p><strong>DRIVE IN TAMPONI<\/strong>\u00a0 Luned\u00ec 5 aprile 2021 (Pasquetta) sar\u00e0 sospesa l\u2019esecuzione dei tamponi\u00a0 presso il drive in di Feltre, per consentire l\u2019attivit\u00e0 vaccinale. Coloro che non possono spostare il tampone\u00a0 potranno eseguire l\u2019esame recandosi dalle 8.30 alle 12.30 a Paludi.<\/p><\/blockquote>\n<p><strong>Riprogrammate alcune prime dosi di vaccino anti-Covid. <\/strong>Confermate tutte le seconde dosi in appuntamento Per carenza di vaccino anti-Covid, le prime dosi in programma a partire dal 2 aprile pomeriggio al 6 aprile sono state riprogrammate. In particolare:<\/p>\n<table border=\"1\" width=\"100%\" cellspacing=\"0\" cellpadding=\"4\">\n<tbody>\n<tr valign=\"TOP\">\n<td width=\"45%\">\n<p align=\"CENTER\"><span style=\"font-family: Arial, sans-serif;\"><b>Data in programma<\/b><\/span><\/p>\n<\/td>\n<td width=\"55%\">\n<p align=\"CENTER\"><span style=\"font-family: Arial, sans-serif;\"><b>Nuova data<\/b><\/span><\/p>\n<\/td>\n<\/tr>\n<tr valign=\"TOP\">\n<td width=\"45%\">\n<p align=\"CENTER\"><span style=\"font-family: Arial, sans-serif;\">2 aprile pomeriggio (Feltre)<\/span><\/p>\n<\/td>\n<td rowspan=\"2\" width=\"55%\">\n<p align=\"CENTER\"><span style=\"font-family: Arial, sans-serif;\"><b>9 aprile<\/b><\/span><\/p>\n<p align=\"CENTER\"><span style=\"font-family: Arial, sans-serif;\">stessa sede e orario dell\u2019appuntamento dato<\/span><\/p>\n<\/td>\n<\/tr>\n<tr valign=\"TOP\">\n<td width=\"45%\">\n<p align=\"CENTER\"><span style=\"font-family: Arial, sans-serif;\">3 aprile (tutte le sedi)<\/span><\/p>\n<\/td>\n<\/tr>\n<tr valign=\"TOP\">\n<td width=\"45%\">\n<p align=\"CENTER\"><span style=\"font-family: Arial, sans-serif;\">5 aprile (tutte le sedi)<\/span><\/p>\n<\/td>\n<td rowspan=\"2\" width=\"55%\">\n<p align=\"CENTER\"><span style=\"font-family: Arial, sans-serif;\"><b>11 aprile<\/b><\/span><\/p>\n<p align=\"CENTER\"><span style=\"font-family: Arial, sans-serif;\">stessa sede e orario dell\u2019appuntamento dato<\/span><\/p>\n<\/td>\n<\/tr>\n<tr valign=\"TOP\">\n<td width=\"45%\" height=\"13\">\n<p align=\"CENTER\"><span style=\"font-family: Arial, sans-serif;\">6 aprile (tutte le sedi)<\/span><\/p>\n<\/td>\n<\/tr>\n<\/tbody>\n<\/table>\n<p>&nbsp;<\/p>\n<p><span style=\"color: #c9211e;\"><span style=\"font-family: Calibri, sans-serif;\"><b>CAMPAGNA VACCINALE<\/b><\/span><\/span><\/p>\n<p><span style=\"color: #000000;\"><span style=\"font-family: Calibri, sans-serif;\">La campagna vaccinale anti covid \u00e8 proseguita anche oggi con la somministrazione di circa 1.400 seconde dosi di vaccino nei drive in di Belluno San Gervasio, Feltre, Tai e Agordo.\u00a0 <\/span><\/span>E&#8217; continuata anche l&#8217;operativit\u00e0 di alcuni Medici di Medicina Generale a cui \u00e8 affidata l&#8217;immunizzazione delle persone tra 70 e 79 anni.Domani, giorno di Pasqua, nell&#8217;impossibilit\u00e0 di svolgere ampie sedute vaccinali per le note carenze di vaccino disponibile, l&#8217;Ulss Dolomiti ha deciso comunque, a conferma dell&#8217;impegno preventivo a favore degli anziani, di garantire l&#8217;immunizzazione a domicilio a qualche decina di grandi anziani non in grado di accedere ai drive in per immobilit\u00e0 Luned\u00ec, Pasquetta, saranno operativi i drive in vaccinali di <span style=\"font-size: medium; font-family: Calibri, sans-serif; color: #222222;\">BELLUNO SAN GERVASIO 8.30 &#8211; 16.30 <\/span><span style=\"font-size: medium; font-family: Calibri, sans-serif; color: #222222;\">FELTRE EX MARANGONI 8.30 &#8211; 18.00 <\/span><span style=\"font-size: medium; font-family: Calibri, sans-serif; color: #222222;\">TAI DI CADORE 8.30 &#8211; 13.30 <\/span>sempre per l&#8217;esecuzione di seconde dosi.<\/p>\n<p>&nbsp;<\/p>\n<p>&nbsp;<\/p>\n<hr \/>\n<h3><\/h3>\n<p>&nbsp;<\/p>\n","protected":false},"excerpt":{"rendered":"<p>BELLUNO Nelle ultime 24 ore \u00e8 deceduta una donna di 92 anni ricoverata in Pneumologia Covid a Belluno. &nbsp; NUOVI POSITIVI 21 ATTUALMENTE POSITIVI 1243 Ricoveri \u00a0\u00a0\u00a0\u00a0\u00a0\u00a0\u00a0\u00a0\u00a0\u00a0\u00a0\u00a0\u00a0\u00a0\u00a0\u00a0\u00a0\u00a0\u00a0\u00a0\u00a0\u00a0\u00a0\u00a0\u00a0\u00a0\u00a0\u00a0\u00a0\u00a0\u00a0\u00a0\u00a0 (dato alle ore 17.00 fonte: Azienda Zero) Le persone attualmente POSITIVE ricoverate negli ospedali dell\u2019Ulss Dolomiti sono: \u00a0 Area NON CRITICA Terapia Intensiva Ospedale di Belluno 36 -2&hellip;<\/p>\n","protected":false},"author":4,"featured_media":121260,"comment_status":"closed","ping_status":"closed","sticky":false,"template":"","format":"standard","meta":{"_monsterinsights_skip_tracking":false,"_monsterinsights_sitenote_active":false,"_monsterinsights_sitenote_note":"","_monsterinsights_sitenote_category":0,"footnotes":""},"categories":[51,49],"tags":[],"class_list":["post-199775","post","type-post","status-publish","format-standard","has-post-thumbnail","hentry","category-evidenza-top","category-news-18","category-51","category-49","description-off"],"img_url":"https:\/\/www.radiopiu.net\/wordpress\/wp-content\/uploads\/2020\/03\/covid-ulss.jpg","_links":{"self":[{"href":"https:\/\/www.radiopiu.net\/wordpress\/wp-json\/wp\/v2\/posts\/199775","targetHints":{"allow":["GET"]}}],"collection":[{"href":"https:\/\/www.radiopiu.net\/wordpress\/wp-json\/wp\/v2\/posts"}],"about":[{"href":"https:\/\/www.radiopiu.net\/wordpress\/wp-json\/wp\/v2\/types\/post"}],"author":[{"embeddable":true,"href":"https:\/\/www.radiopiu.net\/wordpress\/wp-json\/wp\/v2\/users\/4"}],"replies":[{"embeddable":true,"href":"https:\/\/www.radiopiu.net\/wordpress\/wp-json\/wp\/v2\/comments?post=199775"}],"version-history":[{"count":0,"href":"https:\/\/www.radiopiu.net\/wordpress\/wp-json\/wp\/v2\/posts\/199775\/revisions"}],"wp:featuredmedia":[{"embeddable":true,"href":"https:\/\/www.radiopiu.net\/wordpress\/wp-json\/wp\/v2\/media\/121260"}],"wp:attachment":[{"href":"https:\/\/www.radiopiu.net\/wordpress\/wp-json\/wp\/v2\/media?parent=199775"}],"wp:term":[{"taxonomy":"category","embeddable":true,"href":"https:\/\/www.radiopiu.net\/wordpress\/wp-json\/wp\/v2\/categories?post=199775"},{"taxonomy":"post_tag","embeddable":true,"href":"https:\/\/www.radiopiu.net\/wordpress\/wp-json\/wp\/v2\/tags?post=199775"}],"curies":[{"name":"wp","href":"https:\/\/api.w.org\/{rel}","templated":true}]}}