{"id":199988,"date":"2021-03-29T14:53:06","date_gmt":"2021-03-29T12:53:06","guid":{"rendered":"https:\/\/www.radiopiu.net\/wordpress\/?p=199988"},"modified":"2021-03-30T06:03:13","modified_gmt":"2021-03-30T04:03:13","slug":"lupo-presenza-confermata-sopra-voltago","status":"publish","type":"post","link":"https:\/\/www.radiopiu.net\/wordpress\/lupo-presenza-confermata-sopra-voltago\/","title":{"rendered":"LUPO, PRESENZA CONFERMATA SOPRA VOLTAGO"},"content":{"rendered":"<blockquote>\n<h3><\/h3>\n<h3><\/h3>\n<\/blockquote>\n<p><strong><a href=\"https:\/\/www.radiopiu.net\/wordpress\/danni-di-vaia-dopo-le-chiacchiere-della-passata-amministrazione-e-arrivato-il-tempo-della-concretezza\/1600949515720_foto-baster-larion\/\" rel=\"attachment wp-att-163569\"><img loading=\"lazy\" decoding=\"async\" class=\"wp-image-163569 alignleft\" src=\"https:\/\/www.radiopiu.net\/wordpress\/wp-content\/uploads\/2020\/10\/1600949515720_Foto-Baster-Larion-300x171.jpg\" alt=\"\" width=\"188\" height=\"107\" srcset=\"https:\/\/www.radiopiu.net\/wordpress\/wp-content\/uploads\/2020\/10\/1600949515720_Foto-Baster-Larion-300x171.jpg 300w, https:\/\/www.radiopiu.net\/wordpress\/wp-content\/uploads\/2020\/10\/1600949515720_Foto-Baster-Larion.jpg 350w\" sizes=\"auto, (max-width: 188px) 100vw, 188px\" \/><\/a>VOLTAGO<\/strong> Il lupo c&#8217;\u00e8 anche a Voltago, oppure Taibon o Agordo, perch\u00e9 il monte Larion-Baster sovrasta i tre Comuni e attraverso la mulattiera e i sentieri si pu\u00f2 tranquillamente passeggiare tra Soccol di Taibon e il centro di Voltago. Lungo questi itinerari stamane la sorpresa per la ragazza di Voltago che ha incontrato il &#8220;suo primo&#8221; lupo, un lupetto come lo definisce.<em> &#8220;Gli sono arrivata\u00a0 vicino vicino, e poi ho invertito la rotta&#8221;<\/em><\/p>\n<div class=\"nc684nl6\"><a class=\"oajrlxb2 g5ia77u1 qu0x051f esr5mh6w e9989ue4 r7d6kgcz rq0escxv nhd2j8a9 nc684nl6 p7hjln8o kvgmc6g5 cxmmr5t8 oygrvhab hcukyx3x jb3vyjys rz4wbd8a qt6c0cv9 a8nywdso i1ao9s8h esuyzwwr f1sip0of lzcic4wl gmql0nx0 gpro0wi8\" tabindex=\"0\" role=\"link\" href=\"https:\/\/www.facebook.com\/groups\/1446236385607880\/user\/1613886724\/?__cft__[0]=AZXay0k5EpwMyGsPDgXN4U22NSw0S6ORAwxp2ZzT9YTho9aGbAZDupTIAXrexA83-idmfUnHhQmxf2_gf5tmo6Im67vREDOkMw2lxyrqDehs_dfkpk28J7HUy_xbsoIA7MCzKWKd-MVu4smamMQ__LJnjlELfiYF-JUV9NiRT1X-IGxWBkoTtWif6HqQ5FR2X28&amp;__tn__=R]-R\"><span class=\"pq6dq46d\"><span class=\"d2edcug0 hpfvmrgz qv66sw1b c1et5uql lr9zc1uh a8c37x1j keod5gw0 nxhoafnm aigsh9s9 d9wwppkn fe6kdd0r mau55g9w c8b282yb mdeji52x e9vueds3 j5wam9gi lrazzd5p oo9gr5id\" dir=\"auto\">Della Lucia Luigi Paolo<\/span><\/span><\/a> il lupo lo ha fotografato mentre\u00a0 \u00a0passeggiava\u00a0 a Manzana fra Frassene\u2019 e voltago<\/div>\n<div>\n\n\t\t\t<style type='text\/css'>\n\t\t\t\t#gallery-1 {\n\t\t\t\t\tmargin: auto;\n\t\t\t\t}\n\t\t\t\t#gallery-1 .gallery-item {\n\t\t\t\t\tfloat: left;\n\t\t\t\t\tmargin-top: 10px;\n\t\t\t\t\ttext-align: center;\n\t\t\t\t\twidth: 50%;\n\t\t\t\t}\n\t\t\t\t#gallery-1 img {\n\t\t\t\t\tborder: 2px solid #cfcfcf;\n\t\t\t\t}\n\t\t\t\t#gallery-1 .gallery-caption {\n\t\t\t\t\tmargin-left: 0;\n\t\t\t\t}\n\t\t\t\t\/* see gallery_shortcode() in wp-includes\/media.php *\/\n\t\t\t<\/style>\n\t\t<div id='gallery-1' class='dt-gallery-container gallery galleryid-199988 gallery-columns-2 gallery-size-full'><dl class='gallery-item'>\n\t\t\t\t<dt class='gallery-icon portrait'>\n\t\t\t\t\t<a class=\"rollover rollover-zoom dt-pswp-item\" title=\"166729288_10217714390884223_5656279311589753117_n\" data-dt-img-description=\"\" data-large_image_width=\"100\" data-large_image_height=\"216\"href='https:\/\/www.radiopiu.net\/wordpress\/wp-content\/uploads\/2021\/03\/166729288_10217714390884223_5656279311589753117_n.jpg'><img loading=\"lazy\" decoding=\"async\" width=\"100\" height=\"216\" src=\"https:\/\/www.radiopiu.net\/wordpress\/wp-content\/uploads\/2021\/03\/166729288_10217714390884223_5656279311589753117_n.jpg\" class=\"attachment-full size-full\" alt=\"\" \/><\/a>\n\t\t\t\t<\/dt><\/dl><dl class='gallery-item'>\n\t\t\t\t<dt class='gallery-icon portrait'>\n\t\t\t\t\t<a class=\"rollover rollover-zoom dt-pswp-item\" title=\"166615945_10217714390604216_7068673507693251006_n\" data-dt-img-description=\"\" data-large_image_width=\"100\" data-large_image_height=\"216\"href='https:\/\/www.radiopiu.net\/wordpress\/wp-content\/uploads\/2021\/03\/166615945_10217714390604216_7068673507693251006_n.jpg'><img loading=\"lazy\" decoding=\"async\" width=\"100\" height=\"216\" src=\"https:\/\/www.radiopiu.net\/wordpress\/wp-content\/uploads\/2021\/03\/166615945_10217714390604216_7068673507693251006_n.jpg\" class=\"attachment-full size-full\" alt=\"\" \/><\/a>\n\t\t\t\t<\/dt><\/dl><br style=\"clear: both\" \/>\n\t\t\t<\/div>\n\n<p>&nbsp;<\/p>\n<\/div>\n","protected":false},"excerpt":{"rendered":"<p>VOLTAGO Il lupo c&#8217;\u00e8 anche a Voltago, oppure Taibon o Agordo, perch\u00e9 il monte Larion-Baster sovrasta i tre Comuni e attraverso la mulattiera e i sentieri si pu\u00f2 tranquillamente passeggiare tra Soccol di Taibon e il centro di Voltago. Lungo questi itinerari stamane la sorpresa per la ragazza di Voltago che ha incontrato il &#8220;suo&hellip;<\/p>\n","protected":false},"author":4,"featured_media":163570,"comment_status":"closed","ping_status":"closed","sticky":false,"template":"","format":"standard","meta":{"_monsterinsights_skip_tracking":false,"_monsterinsights_sitenote_active":false,"_monsterinsights_sitenote_note":"","_monsterinsights_sitenote_category":0,"footnotes":""},"categories":[49],"tags":[],"class_list":["post-199988","post","type-post","status-publish","format-standard","has-post-thumbnail","hentry","category-news-18","category-49","description-off"],"img_url":"https:\/\/www.radiopiu.net\/wordpress\/wp-content\/uploads\/2020\/10\/1600949515720_Foto-Baster-Larion-1.jpg","_links":{"self":[{"href":"https:\/\/www.radiopiu.net\/wordpress\/wp-json\/wp\/v2\/posts\/199988","targetHints":{"allow":["GET"]}}],"collection":[{"href":"https:\/\/www.radiopiu.net\/wordpress\/wp-json\/wp\/v2\/posts"}],"about":[{"href":"https:\/\/www.radiopiu.net\/wordpress\/wp-json\/wp\/v2\/types\/post"}],"author":[{"embeddable":true,"href":"https:\/\/www.radiopiu.net\/wordpress\/wp-json\/wp\/v2\/users\/4"}],"replies":[{"embeddable":true,"href":"https:\/\/www.radiopiu.net\/wordpress\/wp-json\/wp\/v2\/comments?post=199988"}],"version-history":[{"count":0,"href":"https:\/\/www.radiopiu.net\/wordpress\/wp-json\/wp\/v2\/posts\/199988\/revisions"}],"wp:featuredmedia":[{"embeddable":true,"href":"https:\/\/www.radiopiu.net\/wordpress\/wp-json\/wp\/v2\/media\/163570"}],"wp:attachment":[{"href":"https:\/\/www.radiopiu.net\/wordpress\/wp-json\/wp\/v2\/media?parent=199988"}],"wp:term":[{"taxonomy":"category","embeddable":true,"href":"https:\/\/www.radiopiu.net\/wordpress\/wp-json\/wp\/v2\/categories?post=199988"},{"taxonomy":"post_tag","embeddable":true,"href":"https:\/\/www.radiopiu.net\/wordpress\/wp-json\/wp\/v2\/tags?post=199988"}],"curies":[{"name":"wp","href":"https:\/\/api.w.org\/{rel}","templated":true}]}}