{"id":200010,"date":"2021-03-29T23:59:27","date_gmt":"2021-03-29T21:59:27","guid":{"rendered":"https:\/\/www.radiopiu.net\/wordpress\/?p=200010"},"modified":"2021-03-29T16:23:52","modified_gmt":"2021-03-29T14:23:52","slug":"nicolo-cusano-e-il-castello-di-andraz-di-renato-bona","status":"publish","type":"post","link":"https:\/\/www.radiopiu.net\/wordpress\/nicolo-cusano-e-il-castello-di-andraz-di-renato-bona\/","title":{"rendered":"NICOL\u00d3 CUSANO E IL CASTELLO DI ANDRAZ di  RENATO BONA"},"content":{"rendered":"<p><strong>LIVINALLONGO<\/strong> Nel 1988 pure il Comune di Livinallongo del Col di Lana (all\u2019epoca sindaco il prof. Gianni Pezzei), in provincia di Belluno, volle celebrare il Bicentenario delle Dolomiti e lo fece anche con una grande festa che si svolse attorno al Castello di Andraz, ed una prestigiosa conferenza nella sala del Centro culturale, con il prof. don Nilo Tiezza a sviluppare il tema: \u201cNicol\u00f2 Cusano e il Castello di Andraz\u201d. Ne segu\u00ec, a cura dell\u2019Istituto bellunese di ricerche sociali e culturali guidato dal prof. don Sergio Sacco, la pubblicazione di un libretto di una trentina di pagine che ricordava il duplice evento (impaginazione Artimedia, stampa tipografia Faggionato\u201d. Il tutto ebbe quali enti promotori e sostenitori con l\u2019Apt Dolomiti Agordine presieduta dal prof. on. Arnaldo Colleselli: l\u2019assessorato al turismo della Regione Veneto, l\u2019Amministrazione provinciale di ,Belluno, la Camera di commercio, la Comunit\u00e0 montana Agordina, il Comune di Belluno e quelli di Cortina, Colle Santa Lucia e Livinallongo del Col di Lana, e la collaborazione dell\u2019Associazione turistica Arabba-Livinallongo, di Union ladina da Fodom e Union ladina da Kol oltre al contributo dell\u2019Istituto fondiario delle Tre Venezie e di Cassa di Risparmio di Verona, Vicenza e Belluno. Nell\u2019introduzione, don Sacco sottolineava che la grande festa svoltasi attorno al Castello \u201c\u00e8 stata caratterizzata da una partecipazione corale della gente e da una rievocazione storica, sapientemente preparata dall\u2019Azienda di promozione turistica dell\u2019Agordino, che ha fatto rivivere fasti e glorie di un passato lontano, ma non mai dimenticato\u201d. Citava quindi il fatto che \u201cDa un punto di vista culturale, la manifestazione ha avuto il suo apice nella conferenza di Nilo Tiezza sul Cardinal Nicol\u00f2 Cusano. Tale conferenza travalica abbondantemente l\u2019ambito locale e contingente per offrire a studiosi ed appassionati una ricerca approfondita, aggiornata ed appassionata su una delle figure di spicco che hanno soggiornato nelle nostre terre\u201d. L\u2019on. Collesselli esprimeva gratitudine agli organizzatori e collaboratori tutti dell\u2019evento ed evidenziava la figura del relatore monsignor Tiezza che \u201cper rigore e chiarezza di indagine storica e dottrinale \u00e8 ben noto tra i pi\u00f9 autorevoli studiosi della storia del Castello di Andraz\u201d, aggiungendo: \u201cSiamo ben certi e onorati dell\u2019arricchimento che dallo studio sul Cardinal Nicola Cusano, ospite illustre del Castello tra il 1456-60, ne verr\u00e0 alla gi\u00e0 ricca ma poco conosciuta storiografia. Sar\u00e0 di stimolo ai giovani studiosi e ricercatori per approfondire aspetti e contenuti nuovi. La vicenda del Cusano segna uno dei momenti pi\u00f9 importanti nella storia del XV secolo; storia della chiesa, storia del Rinascimento, storia dell\u2019Europa\u201d e sottolineava: \u201cRiteniamo questa scelta la pi\u00f9 pertinente per celebrare degnamente il \u2018Bicentenario\u2019. La fortunata scoperta \u2018scientifica\u2019 del Dolomieu del 1788, non solo rese rinomate le nostre Dolomiti in tutto il mondo, scuola e palestra di alpinismo e di ardimento nel grandioso e suggestivo mistero dei \u2018Monti Pallidi\u2019. L\u2019evento ha trasformato radicalmente vita, costumi, la stessa \u2018sorte umana\u2019 di queste popolazioni montanare che meritano di essere associate a pieno titolo alle celebrazioni. Sono i ladini, considerati nell\u2019accezione n\u00e8 separatista n\u00e9 strumentale, ma culturale e popolare della loro plurisecolare storia, del loro attaccamento a queste terre, gelosi ed orgogliosi custodi di una \u2018civilt\u00e0\u2019 propria, saldamente ancorata ai valori religiosi e civili professarti con convinzione e tenacia. Sono essi, consapevoli da sempre dei diritti e doveri del buon cittadino, legittimati al riconoscimento della loro \u2018etnia\u2019 culturale e morale. Come non ammirare le dure prove affrontate con dignit\u00e0 nel corso di una lunga storia, da molte generazioni di minatori del Fursil sottoposti ad un duro lavoro, senza protezione sociale alcuna. Hanno garantito, nel corso di cinque secoli, il prestigio economico alla Signoria estraendo il rinomato \u2018ferro dell\u2019Agnello\u2019 esportato in tutta Europa\u201d. Ancora Colleselli in conclusione: \u201cRicordiamo la tragica notte del 15 agosto 1915 (inizio della prima guerra mondiale) che ha visto incenerita questa valle da Fodom, cui sovrastano i costoni del leggendario ed insanguinato Col di Lana, Ai nostri caduti, come ai caduti e dispersi di ogni fronte, eleviamo un pensiero deferente per il loro supremo sacrificio. I montanari delle Dolomiti celebrano oggi i fasti della loro storia\u2026\u201d. Per evidenti ragioni di spazio diamo conto solo dell\u2019esordio dell\u2019appassionata, esaustiva relazione di monsignor Tiezza sulla figura e l\u2019opera di Nicol\u00f2 Cusano (articolata nei capitoli: \u201cIl figlio del barcaiolo e l\u2019amico del grande tempo\u201d, \u201cUna weltanschauung medievale e uno spirito moderno\u201d, \u201cInnamorato della contemplazione e una vita attivissima\u201d, \u201cGenio enciclopedico e volgarizzatore di sapienza cristiana\u201d, \u201cUn lottatore implacabile e un costruttore di pace\u201d, \u201cL\u2019equilibrio della persona privata e il radicalismo del responsabile sociale\u201d): \u201cVita movimentata quella di Nicol\u00f2 da Cusa. Viaggi, lunghi e frequenti, da Vienna all\u2019Olanda, da Roma all\u2019Inghilterra, dalla Polonia alle rive del Bosforo. A dorso di un mulo, per mare, con slitte, su zattere. Viene spontaneo pensare alla moltitudine di immagini che si sono accumulate nella sua memoria. Ma non \u00e8 azzardato congetturare che, negli ultimi anni vissuti nella Citt\u00e0 Eterna, un\u2019immagine doveva tornare insistente sopra tutte: il Castello di Andraz. Il verde cupo dei suoi boschi, le greggi che pascolavano sulle pendici del Col di Lana, il biancore degli interminabili paesaggi invernali\u2026 Buchenstein, o castello di S. Raffaele, come egli preferiva chiamarlo, era stato per lui il suo nido, dove l\u2019aquila va a riposare e si prepara a nuovi combattimenti, L\u00ec si era immerso nella contemplazione delle grandi verit\u00e0; l\u00ec il suo genio aveva potuto riordinare le idee chiave dello scibile umano, per poi organizzarle in quelle sintesi poderose, che ancora oggi destano stupore. In nessun luogo, l\u2019esperienza di un Dio presente nell\u2019universo e di un universo presente in Dio, poteva essere tanto viva, in lui,come nel castello di Andraz\u2026\u201d.<\/p>\n\n\t\t\t<style type='text\/css'>\n\t\t\t\t#gallery-1 {\n\t\t\t\t\tmargin: auto;\n\t\t\t\t}\n\t\t\t\t#gallery-1 .gallery-item {\n\t\t\t\t\tfloat: left;\n\t\t\t\t\tmargin-top: 10px;\n\t\t\t\t\ttext-align: center;\n\t\t\t\t\twidth: 20%;\n\t\t\t\t}\n\t\t\t\t#gallery-1 img {\n\t\t\t\t\tborder: 2px solid #cfcfcf;\n\t\t\t\t}\n\t\t\t\t#gallery-1 .gallery-caption {\n\t\t\t\t\tmargin-left: 0;\n\t\t\t\t}\n\t\t\t\t\/* see gallery_shortcode() in wp-includes\/media.php *\/\n\t\t\t<\/style>\n\t\t<div id='gallery-1' class='dt-gallery-container gallery galleryid-200010 gallery-columns-5 gallery-size-thumbnail'><dl class='gallery-item'>\n\t\t\t\t<dt class='gallery-icon portrait'>\n\t\t\t\t\t<a class=\"rollover\" href='https:\/\/www.radiopiu.net\/wordpress\/nicolo-cusano-e-il-castello-di-andraz-di-renato-bona\/166404824_456756405656453_6371769177547205468_n\/'><img loading=\"lazy\" decoding=\"async\" width=\"150\" height=\"150\" src=\"https:\/\/www.radiopiu.net\/wordpress\/wp-content\/uploads\/2021\/03\/166404824_456756405656453_6371769177547205468_n-150x150.jpg\" class=\"attachment-thumbnail size-thumbnail\" alt=\"\" \/><\/a>\n\t\t\t\t<\/dt><\/dl><dl class='gallery-item'>\n\t\t\t\t<dt class='gallery-icon portrait'>\n\t\t\t\t\t<a class=\"rollover\" href='https:\/\/www.radiopiu.net\/wordpress\/nicolo-cusano-e-il-castello-di-andraz-di-renato-bona\/166134628_887276771940853_8124765481815157763_n\/'><img loading=\"lazy\" decoding=\"async\" width=\"149\" height=\"150\" src=\"https:\/\/www.radiopiu.net\/wordpress\/wp-content\/uploads\/2021\/03\/166134628_887276771940853_8124765481815157763_n-149x150.jpg\" class=\"attachment-thumbnail size-thumbnail\" alt=\"\" \/><\/a>\n\t\t\t\t<\/dt><\/dl><dl class='gallery-item'>\n\t\t\t\t<dt class='gallery-icon portrait'>\n\t\t\t\t\t<a class=\"rollover\" href='https:\/\/www.radiopiu.net\/wordpress\/nicolo-cusano-e-il-castello-di-andraz-di-renato-bona\/166804482_2560642087565014_2799576256311431979_n\/'><img loading=\"lazy\" decoding=\"async\" width=\"150\" height=\"150\" src=\"https:\/\/www.radiopiu.net\/wordpress\/wp-content\/uploads\/2021\/03\/166804482_2560642087565014_2799576256311431979_n-150x150.jpg\" class=\"attachment-thumbnail size-thumbnail\" alt=\"\" \/><\/a>\n\t\t\t\t<\/dt><\/dl><dl class='gallery-item'>\n\t\t\t\t<dt class='gallery-icon landscape'>\n\t\t\t\t\t<a class=\"rollover\" href='https:\/\/www.radiopiu.net\/wordpress\/nicolo-cusano-e-il-castello-di-andraz-di-renato-bona\/166574902_497047741453192_5033449555702297301_n\/'><img loading=\"lazy\" decoding=\"async\" width=\"150\" height=\"150\" src=\"https:\/\/www.radiopiu.net\/wordpress\/wp-content\/uploads\/2021\/03\/166574902_497047741453192_5033449555702297301_n-150x150.jpg\" class=\"attachment-thumbnail size-thumbnail\" alt=\"\" \/><\/a>\n\t\t\t\t<\/dt><\/dl><dl class='gallery-item'>\n\t\t\t\t<dt class='gallery-icon landscape'>\n\t\t\t\t\t<a class=\"rollover\" href='https:\/\/www.radiopiu.net\/wordpress\/nicolo-cusano-e-il-castello-di-andraz-di-renato-bona\/166143787_464574741624934_7042151015097915066_n\/'><img loading=\"lazy\" decoding=\"async\" width=\"150\" height=\"150\" src=\"https:\/\/www.radiopiu.net\/wordpress\/wp-content\/uploads\/2021\/03\/166143787_464574741624934_7042151015097915066_n-150x150.jpg\" class=\"attachment-thumbnail size-thumbnail\" alt=\"\" \/><\/a>\n\t\t\t\t<\/dt><\/dl><br style=\"clear: both\" \/><dl class='gallery-item'>\n\t\t\t\t<dt class='gallery-icon landscape'>\n\t\t\t\t\t<a class=\"rollover\" href='https:\/\/www.radiopiu.net\/wordpress\/nicolo-cusano-e-il-castello-di-andraz-di-renato-bona\/166635270_872189550004363_3399265813997398297_n\/'><img loading=\"lazy\" decoding=\"async\" width=\"150\" height=\"150\" src=\"https:\/\/www.radiopiu.net\/wordpress\/wp-content\/uploads\/2021\/03\/166635270_872189550004363_3399265813997398297_n-150x150.jpg\" class=\"attachment-thumbnail size-thumbnail\" alt=\"\" \/><\/a>\n\t\t\t\t<\/dt><\/dl><dl class='gallery-item'>\n\t\t\t\t<dt class='gallery-icon landscape'>\n\t\t\t\t\t<a class=\"rollover\" href='https:\/\/www.radiopiu.net\/wordpress\/nicolo-cusano-e-il-castello-di-andraz-di-renato-bona\/166077933_216774756863434_8689808453634040653_n\/'><img loading=\"lazy\" decoding=\"async\" width=\"150\" height=\"150\" src=\"https:\/\/www.radiopiu.net\/wordpress\/wp-content\/uploads\/2021\/03\/166077933_216774756863434_8689808453634040653_n-150x150.jpg\" class=\"attachment-thumbnail size-thumbnail\" alt=\"\" \/><\/a>\n\t\t\t\t<\/dt><\/dl><dl class='gallery-item'>\n\t\t\t\t<dt class='gallery-icon portrait'>\n\t\t\t\t\t<a class=\"rollover\" href='https:\/\/www.radiopiu.net\/wordpress\/nicolo-cusano-e-il-castello-di-andraz-di-renato-bona\/166247998_663496647737542_268938973826294950_n\/'><img loading=\"lazy\" decoding=\"async\" width=\"150\" height=\"150\" src=\"https:\/\/www.radiopiu.net\/wordpress\/wp-content\/uploads\/2021\/03\/166247998_663496647737542_268938973826294950_n-150x150.jpg\" class=\"attachment-thumbnail size-thumbnail\" alt=\"\" \/><\/a>\n\t\t\t\t<\/dt><\/dl><dl class='gallery-item'>\n\t\t\t\t<dt class='gallery-icon portrait'>\n\t\t\t\t\t<a class=\"rollover\" href='https:\/\/www.radiopiu.net\/wordpress\/nicolo-cusano-e-il-castello-di-andraz-di-renato-bona\/166431502_451788412753693_8400557435795152054_n\/'><img loading=\"lazy\" decoding=\"async\" width=\"150\" height=\"150\" src=\"https:\/\/www.radiopiu.net\/wordpress\/wp-content\/uploads\/2021\/03\/166431502_451788412753693_8400557435795152054_n-150x150.jpg\" class=\"attachment-thumbnail size-thumbnail\" alt=\"\" \/><\/a>\n\t\t\t\t<\/dt><\/dl>\n\t\t\t\t<br style='clear: both' \/>\n\t\t\t<\/div>\n\n<p>NELLE FOTO (riproduzioni dal libretto \u201cNicol\u00f2 Cusano e il Castello di Andraz\u201d): la copertina della pubblicazione; sala del Centro culturale di Arabba: si esibisce il Coro Fodom; autorit\u00e0 e pubblico; monsignor Nilo Tiezza, prestigioso relatore sulla figura e l\u2019opera del Cardinal Cusano; il sepolcro del porporato nella basilica romana di San Pietro in Vincoli; antico altare in legno del secolo XVI proveniente dalla Cappella del Castello; disegno del 1829, di Peter Favai, del \u201cCiastel Andraz; un momento della rievocazione storica nel \u201cBicentenario delle Dolomiti\u201d; porgono il saluto i sindaci di Livinallongo del Col di Lana, Colle Santa Lucia e Cortina d\u2019Ampezzo, presenti esponenti del Governo e autorit\u00e0 regionali e provinciali.<\/p>\n","protected":false},"excerpt":{"rendered":"<p>LIVINALLONGO Nel 1988 pure il Comune di Livinallongo del Col di Lana (all\u2019epoca sindaco il prof. Gianni Pezzei), in provincia di Belluno, volle celebrare il Bicentenario delle Dolomiti e lo fece anche con una grande festa che si svolse attorno al Castello di Andraz, ed una prestigiosa conferenza nella sala del Centro culturale, con il&hellip;<\/p>\n","protected":false},"author":4,"featured_media":200015,"comment_status":"closed","ping_status":"closed","sticky":false,"template":"","format":"standard","meta":{"_monsterinsights_skip_tracking":false,"_monsterinsights_sitenote_active":false,"_monsterinsights_sitenote_note":"","_monsterinsights_sitenote_category":0,"footnotes":""},"categories":[104,49],"tags":[],"class_list":["post-200010","post","type-post","status-publish","format-standard","has-post-thumbnail","hentry","category-evidenza_3","category-news-18","category-104","category-49","description-off"],"img_url":"https:\/\/www.radiopiu.net\/wordpress\/wp-content\/uploads\/2021\/03\/166404824_456756405656453_6371769177547205468_n.jpg","_links":{"self":[{"href":"https:\/\/www.radiopiu.net\/wordpress\/wp-json\/wp\/v2\/posts\/200010","targetHints":{"allow":["GET"]}}],"collection":[{"href":"https:\/\/www.radiopiu.net\/wordpress\/wp-json\/wp\/v2\/posts"}],"about":[{"href":"https:\/\/www.radiopiu.net\/wordpress\/wp-json\/wp\/v2\/types\/post"}],"author":[{"embeddable":true,"href":"https:\/\/www.radiopiu.net\/wordpress\/wp-json\/wp\/v2\/users\/4"}],"replies":[{"embeddable":true,"href":"https:\/\/www.radiopiu.net\/wordpress\/wp-json\/wp\/v2\/comments?post=200010"}],"version-history":[{"count":0,"href":"https:\/\/www.radiopiu.net\/wordpress\/wp-json\/wp\/v2\/posts\/200010\/revisions"}],"wp:featuredmedia":[{"embeddable":true,"href":"https:\/\/www.radiopiu.net\/wordpress\/wp-json\/wp\/v2\/media\/200015"}],"wp:attachment":[{"href":"https:\/\/www.radiopiu.net\/wordpress\/wp-json\/wp\/v2\/media?parent=200010"}],"wp:term":[{"taxonomy":"category","embeddable":true,"href":"https:\/\/www.radiopiu.net\/wordpress\/wp-json\/wp\/v2\/categories?post=200010"},{"taxonomy":"post_tag","embeddable":true,"href":"https:\/\/www.radiopiu.net\/wordpress\/wp-json\/wp\/v2\/tags?post=200010"}],"curies":[{"name":"wp","href":"https:\/\/api.w.org\/{rel}","templated":true}]}}