{"id":200127,"date":"2021-03-30T10:32:00","date_gmt":"2021-03-30T08:32:00","guid":{"rendered":"https:\/\/www.radiopiu.net\/wordpress\/?p=200127"},"modified":"2021-03-30T10:32:00","modified_gmt":"2021-03-30T08:32:00","slug":"viaggi-allestero-si-seconde-si-spostamenti-tra-piccoli-comuni-no-bussone-uncem-penalizzati-coloro-che-vivono-sui-territori","status":"publish","type":"post","link":"https:\/\/www.radiopiu.net\/wordpress\/viaggi-allestero-si-seconde-si-spostamenti-tra-piccoli-comuni-no-bussone-uncem-penalizzati-coloro-che-vivono-sui-territori\/","title":{"rendered":"VIAGGI ALL&#8217;ESTERO SI, SECONDE SI, SPOSTAMENTI TRA PICCOLI COMUNI NO. BUSSONE (UNCEM): &#8220;PENALIZZATI COLORO CHE VIVONO SUI TERRITORI&#8221;"},"content":{"rendered":"<p><strong><a href=\"https:\/\/www.radiopiu.net\/wordpress\/giornale-radiopiu-06-novembre-2020-direttore-mirko-mezzacasa\/logouncem_no_scritta-wdtr\/\" rel=\"attachment wp-att-170846\"><img loading=\"lazy\" decoding=\"async\" class=\"size-medium wp-image-170846 alignleft\" src=\"https:\/\/www.radiopiu.net\/wordpress\/wp-content\/uploads\/2020\/11\/logoUNCEM_no_scritta-wdtr-300x300.jpg\" alt=\"\" width=\"300\" height=\"300\" srcset=\"https:\/\/www.radiopiu.net\/wordpress\/wp-content\/uploads\/2020\/11\/logoUNCEM_no_scritta-wdtr-300x300.jpg 300w, https:\/\/www.radiopiu.net\/wordpress\/wp-content\/uploads\/2020\/11\/logoUNCEM_no_scritta-wdtr-150x150.jpg 150w, https:\/\/www.radiopiu.net\/wordpress\/wp-content\/uploads\/2020\/11\/logoUNCEM_no_scritta-wdtr.jpg 640w\" sizes=\"auto, (max-width: 300px) 100vw, 300px\" \/><\/a>ROMA <\/strong>&#8220;<em>Qualcosa non torna. In zona rossa si possono fare le vacanze di Pasqua all&#8217;estero, si possono raggiungere le seconde case, ma non ci si pu\u00f2 spostare tra piccoli Comuni. Da Torino si pu\u00f2 andare a Ibiza, da Milano si pu\u00f2 andare a Sestriere, da Roma a Roccaraso, ma da Formazza non puoi andare a Baceno. E neanche da Sante Marie a Carsoli, o da Ceres a Mezzenile. Nulla contro i viaggi, tantomeno contro le seconde case, ci mancherebbe, ma in queste soluzioni per prevenire il contagio, non posso non notare un aumento delle diseguaglianze, disparit\u00e0 di trattamento tra chi ha e chi non ha, disuguaglianze che aumentano e che esplodono con forza. Non basta il buonsenso che in queste soluzioni non c&#8217;\u00e8. Occorre riconoscere che l&#8217;Italia \u00e8 il Paese dei Comuni e quasi seimila sono piccoli o piccolissimi. Aver tolto la possibilit\u00e0 di spostarsi nei trenta chilometri per chi risiede in un Comune con meno di 5000 abitanti e aver invece dato la possibilit\u00e0 di volare su calde spiagge, non rientra nel buonsenso che ci aspettiamo. Chi vive sui territori, nelle zone montane, nei Comuni-polvere, \u00e8 fortemente penalizzato<\/em>&#8220;. Lo afferma Marco Bussone, Presidente nazionale Uncem.<\/p>\n","protected":false},"excerpt":{"rendered":"<p>ROMA &#8220;Qualcosa non torna. In zona rossa si possono fare le vacanze di Pasqua all&#8217;estero, si possono raggiungere le seconde case, ma non ci si pu\u00f2 spostare tra piccoli Comuni. Da Torino si pu\u00f2 andare a Ibiza, da Milano si pu\u00f2 andare a Sestriere, da Roma a Roccaraso, ma da Formazza non puoi andare a&hellip;<\/p>\n","protected":false},"author":4,"featured_media":170846,"comment_status":"closed","ping_status":"closed","sticky":false,"template":"","format":"standard","meta":{"_monsterinsights_skip_tracking":false,"_monsterinsights_sitenote_active":false,"_monsterinsights_sitenote_note":"","_monsterinsights_sitenote_category":0,"footnotes":""},"categories":[49],"tags":[],"class_list":["post-200127","post","type-post","status-publish","format-standard","has-post-thumbnail","hentry","category-news-18","category-49","description-off"],"img_url":"https:\/\/www.radiopiu.net\/wordpress\/wp-content\/uploads\/2020\/11\/logoUNCEM_no_scritta-wdtr.jpg","_links":{"self":[{"href":"https:\/\/www.radiopiu.net\/wordpress\/wp-json\/wp\/v2\/posts\/200127","targetHints":{"allow":["GET"]}}],"collection":[{"href":"https:\/\/www.radiopiu.net\/wordpress\/wp-json\/wp\/v2\/posts"}],"about":[{"href":"https:\/\/www.radiopiu.net\/wordpress\/wp-json\/wp\/v2\/types\/post"}],"author":[{"embeddable":true,"href":"https:\/\/www.radiopiu.net\/wordpress\/wp-json\/wp\/v2\/users\/4"}],"replies":[{"embeddable":true,"href":"https:\/\/www.radiopiu.net\/wordpress\/wp-json\/wp\/v2\/comments?post=200127"}],"version-history":[{"count":0,"href":"https:\/\/www.radiopiu.net\/wordpress\/wp-json\/wp\/v2\/posts\/200127\/revisions"}],"wp:featuredmedia":[{"embeddable":true,"href":"https:\/\/www.radiopiu.net\/wordpress\/wp-json\/wp\/v2\/media\/170846"}],"wp:attachment":[{"href":"https:\/\/www.radiopiu.net\/wordpress\/wp-json\/wp\/v2\/media?parent=200127"}],"wp:term":[{"taxonomy":"category","embeddable":true,"href":"https:\/\/www.radiopiu.net\/wordpress\/wp-json\/wp\/v2\/categories?post=200127"},{"taxonomy":"post_tag","embeddable":true,"href":"https:\/\/www.radiopiu.net\/wordpress\/wp-json\/wp\/v2\/tags?post=200127"}],"curies":[{"name":"wp","href":"https:\/\/api.w.org\/{rel}","templated":true}]}}