{"id":200304,"date":"2021-03-31T05:57:33","date_gmt":"2021-03-31T03:57:33","guid":{"rendered":"https:\/\/www.radiopiu.net\/wordpress\/?p=200304"},"modified":"2021-03-31T09:36:42","modified_gmt":"2021-03-31T07:36:42","slug":"acc-nfunahe","status":"publish","type":"post","link":"https:\/\/www.radiopiu.net\/wordpress\/acc-nfunahe\/","title":{"rendered":"IDEAL &#8211;  NESSUNA BUONA DA ROMA E VENEZIA, A PARTE I TAVOLI, DI QUELLI  SONO PIENE LE CRONACHE"},"content":{"rendered":"<p><strong><a class=\"dt-pswp-item\" href=\"https:\/\/www.radiopiu.net\/wordpress\/wp-content\/uploads\/2020\/05\/ideal-standard-orcenigo-scaled.jpg\" data-dt-img-description=\"\" data-large_image_width=\"2560\" data-large_image_height=\"1803\"><img loading=\"lazy\" decoding=\"async\" class=\"size-medium wp-image-138079 alignleft\" src=\"https:\/\/www.radiopiu.net\/wordpress\/wp-content\/uploads\/2020\/05\/ideal-standard-orcenigo-300x211.jpg\" alt=\"\" width=\"300\" height=\"211\" srcset=\"https:\/\/www.radiopiu.net\/wordpress\/wp-content\/uploads\/2020\/05\/ideal-standard-orcenigo-300x211.jpg 300w, https:\/\/www.radiopiu.net\/wordpress\/wp-content\/uploads\/2020\/05\/ideal-standard-orcenigo-1024x721.jpg 1024w, https:\/\/www.radiopiu.net\/wordpress\/wp-content\/uploads\/2020\/05\/ideal-standard-orcenigo-768x541.jpg 768w, https:\/\/www.radiopiu.net\/wordpress\/wp-content\/uploads\/2020\/05\/ideal-standard-orcenigo-1536x1082.jpg 1536w, https:\/\/www.radiopiu.net\/wordpress\/wp-content\/uploads\/2020\/05\/ideal-standard-orcenigo-2048x1442.jpg 2048w\" sizes=\"auto, (max-width: 300px) 100vw, 300px\" \/><\/a>VENEZIA<\/strong> Si \u00e8 tenuto oggi il tavolo del Ministero dello Sviluppo Economico (MISE) relativo alla situazione di incertezza dello stabilimento della Ideal Standard di Borgo Valbelluna (BL). Presenti i vertici aziendali, le organizzazioni sindacali territoriali e nazionali, l\u2019Assessore regionale al Lavoro Elena Donazzan e Mattia Losego dell\u2019Unit\u00e0 di crisi aziendali della Regione del Veneto. Dopo un ampio confronto fra le parti rispetto all\u2019attuale situazione di incertezza nel breve, medio e lungo periodo, \u00e8 stata condivisa la necessit\u00e0 di avviare un rapido percorso finalizzato alla realizzazione di un nuovo, forte patto per il rilancio del sito produttivo di Trichiana, ultimo in attivit\u00e0 del gruppo Ideal Standard in Italia. La necessit\u00e0 \u00e8 quella di un nuovo accordo fra le parti relativamente a tutte le iniziative industriali, di valorizzazione dei lavoratori e delle loro competenze per i prossimi anni.<\/p>\n<blockquote>\n<p style=\"text-align: left;\"><em>\u201cTale percorso rappresenta l\u2019unica strada per impegnare tutte le parti rispetto all\u2019unico obiettivo \u2013 sottolinea l\u2019Assessore al lavoro del Veneto Elena Donazzan, &#8211; ossia la valorizzazione del sito produttivo di Trichiana e dei suoi lavoratori. I prossimi giorni ci consentiranno di capire nei fatti gli intendimenti di tutte le parti\u201d.<\/em><\/p>\n<\/blockquote>\n<p>&nbsp;<\/p>\n<blockquote>\n<h3><b>Ideal Standard, D\u2019Inc\u00e0: \u201cIl confronto continua, chiediamo un percorso condiviso sullo stabilimento di Trichiana\u201d<\/b><\/h3>\n<\/blockquote>\n<p><em>\u201cIl tavolo convocato oggi dal Mise per Ideal Standard ha rappresentato sicuramente un primo passo per ottenere chiarezza sul futuro dello stabilimento di Trichiana. All\u2019azienda ho rivolto due richieste precise: comprendere cosa accadr\u00e0 nei prossimi 18-24 mesi e che cosa succeder\u00e0 al marchio Cercamica Dolomite. Da parte del gruppo \u00e8 stata sottolineata l\u2019intenzione di non volere chiudere il sito di Trichiana e di non volere dismettere il marchio, ma \u00e8 necessaria ulteriore certezza sul reale piano per lo stabilimento bellunese. Per questo motivo \u00e8 stato deciso di costruire un percorso che restituisca fiducia tra l\u2019Azienda, le Organizzazioni sindacali e Ie Istituzioni, attraverso due nuovi tavoli, convocati nelle prossime settimane sia sul territorio sia al Ministero dello Sviluppo Economico\u201d.\u00a0<\/em> Lo comunica Federico D\u2019Inc\u00e0, Ministro per i Rapporti con il Parlamento, al termine del tavolo convocato al Mise tra i rappresentanti delle organizzazioni sindacali e i vertici dell\u2019Azienda. Secondo D\u2019Inc\u00e0 \u201cadesso \u00e8 fondamentale comprendere con estrema chiarezza la volont\u00e0 dell\u2019Azienda e il percorso che vuole intraprendere nei confronti del sito di Trichiana, l\u2019unico rimasto in Italia e di indubbia rilevanza strategica. Una risposta dovuta nei confronti del territorio e dei 470 dipendenti che, \u00e8 opportuno ripeterlo, hanno da sempre dimostrato il proprio impegno nei confronti di Ideal Standard\u201d.<\/p>\n","protected":false},"excerpt":{"rendered":"<p>VENEZIA Si \u00e8 tenuto oggi il tavolo del Ministero dello Sviluppo Economico (MISE) relativo alla situazione di incertezza dello stabilimento della Ideal Standard di Borgo Valbelluna (BL). Presenti i vertici aziendali, le organizzazioni sindacali territoriali e nazionali, l\u2019Assessore regionale al Lavoro Elena Donazzan e Mattia Losego dell\u2019Unit\u00e0 di crisi aziendali della Regione del Veneto. Dopo&hellip;<\/p>\n","protected":false},"author":4,"featured_media":42229,"comment_status":"closed","ping_status":"closed","sticky":false,"template":"","format":"standard","meta":{"_monsterinsights_skip_tracking":false,"_monsterinsights_sitenote_active":false,"_monsterinsights_sitenote_note":"","_monsterinsights_sitenote_category":0,"footnotes":""},"categories":[104,49],"tags":[],"class_list":["post-200304","post","type-post","status-publish","format-standard","has-post-thumbnail","hentry","category-evidenza_3","category-news-18","category-104","category-49","description-off"],"img_url":"https:\/\/www.radiopiu.net\/wordpress\/wp-content\/uploads\/2018\/01\/IdealStandard_print.gif","_links":{"self":[{"href":"https:\/\/www.radiopiu.net\/wordpress\/wp-json\/wp\/v2\/posts\/200304","targetHints":{"allow":["GET"]}}],"collection":[{"href":"https:\/\/www.radiopiu.net\/wordpress\/wp-json\/wp\/v2\/posts"}],"about":[{"href":"https:\/\/www.radiopiu.net\/wordpress\/wp-json\/wp\/v2\/types\/post"}],"author":[{"embeddable":true,"href":"https:\/\/www.radiopiu.net\/wordpress\/wp-json\/wp\/v2\/users\/4"}],"replies":[{"embeddable":true,"href":"https:\/\/www.radiopiu.net\/wordpress\/wp-json\/wp\/v2\/comments?post=200304"}],"version-history":[{"count":0,"href":"https:\/\/www.radiopiu.net\/wordpress\/wp-json\/wp\/v2\/posts\/200304\/revisions"}],"wp:featuredmedia":[{"embeddable":true,"href":"https:\/\/www.radiopiu.net\/wordpress\/wp-json\/wp\/v2\/media\/42229"}],"wp:attachment":[{"href":"https:\/\/www.radiopiu.net\/wordpress\/wp-json\/wp\/v2\/media?parent=200304"}],"wp:term":[{"taxonomy":"category","embeddable":true,"href":"https:\/\/www.radiopiu.net\/wordpress\/wp-json\/wp\/v2\/categories?post=200304"},{"taxonomy":"post_tag","embeddable":true,"href":"https:\/\/www.radiopiu.net\/wordpress\/wp-json\/wp\/v2\/tags?post=200304"}],"curies":[{"name":"wp","href":"https:\/\/api.w.org\/{rel}","templated":true}]}}