{"id":200335,"date":"2021-03-30T20:59:36","date_gmt":"2021-03-30T18:59:36","guid":{"rendered":"https:\/\/www.radiopiu.net\/wordpress\/?p=200335"},"modified":"2021-03-30T20:59:37","modified_gmt":"2021-03-30T18:59:37","slug":"mezzo-milione-per-la-briglia-filtrante-e-le-vasche-di-contenimento-lungo-la-48-delle-dolomiti","status":"publish","type":"post","link":"https:\/\/www.radiopiu.net\/wordpress\/mezzo-milione-per-la-briglia-filtrante-e-le-vasche-di-contenimento-lungo-la-48-delle-dolomiti\/","title":{"rendered":"MEZZO MILIONE PER LA BRIGLIA FILTRANTE E LE VASCHE DI CONTENIMENTO LUNGO LA 48 DELLE DOLOMITI"},"content":{"rendered":"<ul>\n<li dir=\"auto\"><a href=\"https:\/\/www.radiopiu.net\/wordpress\/mezzo-milione-per-la-briglia-filtrante-e-le-vasche-di-contenimento-lungo-la-48-delle-dolomiti\/166941211_2509338742708045_2871329620231815088_n\/\" rel=\"attachment wp-att-200337\"><img loading=\"lazy\" decoding=\"async\" class=\"size-medium wp-image-200337 alignleft\" src=\"https:\/\/www.radiopiu.net\/wordpress\/wp-content\/uploads\/2021\/03\/166941211_2509338742708045_2871329620231815088_n-300x169.jpg\" alt=\"\" width=\"300\" height=\"169\" srcset=\"https:\/\/www.radiopiu.net\/wordpress\/wp-content\/uploads\/2021\/03\/166941211_2509338742708045_2871329620231815088_n-300x169.jpg 300w, https:\/\/www.radiopiu.net\/wordpress\/wp-content\/uploads\/2021\/03\/166941211_2509338742708045_2871329620231815088_n-768x432.jpg 768w, https:\/\/www.radiopiu.net\/wordpress\/wp-content\/uploads\/2021\/03\/166941211_2509338742708045_2871329620231815088_n.jpg 960w\" sizes=\"auto, (max-width: 300px) 100vw, 300px\" \/><\/a><strong>VENEZIA<\/strong> Buone notizie dall&#8217;assessore Elisa De Berti. ovvero\u00a0 infrastrutture per\u00a0 15,8 mln per la messa in sicurezza rete viaria in gestione a Veneto Strade Il finanziamento \u00e8 stato cos\u00ec ripartito: oltre 5,8 milioni sull&#8217;annualit\u00e0 2020, 5 per il 2021 e altri 5 per il 2022. L&#8217;elenco degli interventi comprende oltre una trentina di progetti che interesseranno tutte le sette province. Le risorse serviranno per installazioni di nuovi sistemi a protezione delle scarpate stradali, rifacimento del piano viabile, per lavori di ripristino strutturale di ponti, adeguamento di impianti antincendio, impermeabilizzazione e illuminazione di gallerie, da qui al 2022.<\/li>\n<\/ul>\n<div dir=\"auto\"><\/div>\n<div dir=\"auto\">\n<p><strong>LIVINALLONGO<\/strong> briglia filtrante\u00a0 strada regionale 48\u00a0 Dolomiti\u00a0 (chilometro 78,6) EURO 500.000<\/p>\n<p><strong>SANTO STEANO DI CADORE<\/strong>\u00a0 strada regionale 355 della Valdegano\u00a0 EURO 500.000<\/p>\n<p><strong>SAN PIETRO DI CADORE\u00a0 <\/strong>galleria Salafossa,\u00a0 regionale 355\u00a0 EURO 527000<\/p>\n<p><strong>SOVRAMONTE<\/strong> galleria Val Rosna\u00a0 EURO 380000<\/p>\n<p>&nbsp;<\/p>\n<p>&nbsp;<\/p>\n<\/div>\n","protected":false},"excerpt":{"rendered":"<p>VENEZIA Buone notizie dall&#8217;assessore Elisa De Berti. ovvero\u00a0 infrastrutture per\u00a0 15,8 mln per la messa in sicurezza rete viaria in gestione a Veneto Strade Il finanziamento \u00e8 stato cos\u00ec ripartito: oltre 5,8 milioni sull&#8217;annualit\u00e0 2020, 5 per il 2021 e altri 5 per il 2022. L&#8217;elenco degli interventi comprende oltre una trentina di progetti che&hellip;<\/p>\n","protected":false},"author":4,"featured_media":200336,"comment_status":"closed","ping_status":"closed","sticky":false,"template":"","format":"standard","meta":{"_monsterinsights_skip_tracking":false,"_monsterinsights_sitenote_active":false,"_monsterinsights_sitenote_note":"","_monsterinsights_sitenote_category":0,"footnotes":""},"categories":[51,49],"tags":[],"class_list":["post-200335","post","type-post","status-publish","format-standard","has-post-thumbnail","hentry","category-evidenza-top","category-news-18","category-51","category-49","description-off"],"img_url":"https:\/\/www.radiopiu.net\/wordpress\/wp-content\/uploads\/2021\/03\/166668777_3867101160025282_5787555259560548298_n.jpg","_links":{"self":[{"href":"https:\/\/www.radiopiu.net\/wordpress\/wp-json\/wp\/v2\/posts\/200335","targetHints":{"allow":["GET"]}}],"collection":[{"href":"https:\/\/www.radiopiu.net\/wordpress\/wp-json\/wp\/v2\/posts"}],"about":[{"href":"https:\/\/www.radiopiu.net\/wordpress\/wp-json\/wp\/v2\/types\/post"}],"author":[{"embeddable":true,"href":"https:\/\/www.radiopiu.net\/wordpress\/wp-json\/wp\/v2\/users\/4"}],"replies":[{"embeddable":true,"href":"https:\/\/www.radiopiu.net\/wordpress\/wp-json\/wp\/v2\/comments?post=200335"}],"version-history":[{"count":0,"href":"https:\/\/www.radiopiu.net\/wordpress\/wp-json\/wp\/v2\/posts\/200335\/revisions"}],"wp:featuredmedia":[{"embeddable":true,"href":"https:\/\/www.radiopiu.net\/wordpress\/wp-json\/wp\/v2\/media\/200336"}],"wp:attachment":[{"href":"https:\/\/www.radiopiu.net\/wordpress\/wp-json\/wp\/v2\/media?parent=200335"}],"wp:term":[{"taxonomy":"category","embeddable":true,"href":"https:\/\/www.radiopiu.net\/wordpress\/wp-json\/wp\/v2\/categories?post=200335"},{"taxonomy":"post_tag","embeddable":true,"href":"https:\/\/www.radiopiu.net\/wordpress\/wp-json\/wp\/v2\/tags?post=200335"}],"curies":[{"name":"wp","href":"https:\/\/api.w.org\/{rel}","templated":true}]}}