{"id":200400,"date":"2021-03-31T12:25:49","date_gmt":"2021-03-31T10:25:49","guid":{"rendered":"https:\/\/www.radiopiu.net\/wordpress\/?p=200400"},"modified":"2021-03-31T16:09:31","modified_gmt":"2021-03-31T14:09:31","slug":"la-conferenza-stampa-di-l","status":"publish","type":"post","link":"https:\/\/www.radiopiu.net\/wordpress\/la-conferenza-stampa-di-l\/","title":{"rendered":"SANITARI: L&#8217;85% SI E&#8217; VACCINATO, 10.200 NON ANCORA &#8211; LA CONFERENZA STAMPA DA MARGHERA"},"content":{"rendered":"<p><strong>VENEZIA<\/strong>\u00a0Consueto appuntamento con la conferenza stampa di Luca Zaia dalla sede della Protezione Civile a Marghera.<\/p>\n<p><strong>I NUMERI\u00a0<\/strong><\/p>\n<p>TAMPONI IERI 4528738 (+20145) TEST RAPIDI 3826305 (+23000) POSITIVI IERI\u00a0 + 2317 TAMPONI DI IERI CIRCA 43MILA\u00a0 INCIDENZA POSITIVI TAMPONI\u00a0 % 5,28% POSITIVI DA INIZIO EPIDEMIA 382838 POSITIVI ATTUALI 38698 RICOVERATI 2241 (+42) RICOVERI IN AREA NON CRITICA 1942 (+45) IN TERAPIA INTENSIVA 299 (-3) ALTRI PAZIENTI NON COVID in terapia intensiva 277 DECESSI 10625 (+35)\u00a0 DIMESSI 18014<\/p>\n<blockquote>\n<h2>LEGGI LA CONFERENZA STAMPA DI MANUELA LANZARIN ASSESSORE ALLA SANITA&#8217; aggiornamento in tempo reale<\/h2>\n<p><em>Venerd\u00ec\u00a0 le nuove indicazioni sulla colorazione regionale,\u00a0 stasera ci sar\u00e0 anche il nuovo decreto del Governo, del quale non abbiamo ancora alcuna anticipazione.<\/em><\/p><\/blockquote>\n<p>Il virus c&#8217;\u00e8, i contagi continuano a crescere anche se non come a dicembre, per questo \u00e8 sempre da prestare la massima attenzione. Siamo entrati nella fase 4 con alcune realt\u00e0 che sono ancora nella fase 3 (Belluno ad esempio) con un&#8217;incidenza minore. Stiamo monitorando la situazione in ogni Ulss nel punto quotidiano con i Direttori. Alle Ulss diamo le indicazioni di continuare con l&#8217;attivit\u00e0 di monitoraggio. <strong>RICOVERI<\/strong> L&#8217;occupazione ospedaliera continua a crescere ma non con quella curva ripida che avevamo visto a novembre-dicembre.\u00a0 <strong>RECORD<\/strong> Ieri nuovo record di somministrazione del vaccino: 35464 ad oggi sono state inocultate 868mila dosi e 245mila cicli completi. Popolazione over 80 vaccinata oltre il 61%. Sballano gli arrivi delle forniture e ci sono Ulss come quella Euganea che riescono a vaccinare tutti gli over 80 convocati\u00a0 oggi e domani ma da venerdi dovranno fermarsi per mancanza di vaccini con convocazioni da\u00a0 disdire e rifare. <strong>ARRIVI<\/strong> Ieri sono arrivate 83mila dosi di Pfizer,\u00a0 venerdi dovrebbero arrivare 38 mila di Moderna\u00a0 e sabato 100mila da\u00a0 AstraZeneca ed erano previsti per oggi. <strong>CONTRO ORDINE<\/strong> Gli accompagnatori dei\u00a0 pazienti da vaccinare non \u00e8 detto che vengano vaccinati nei prossimi giorni. <strong>GIOVEDI NOVITA&#8217;<\/strong> Da domani\u00a0 parte il portale con le prenotazioni per i cittadini. Possono prenotarsi\u00a0 gli over 80 rimasti fuori dal ciclo vaccinale, i soggetti fragili (200mila in Veneto)) e i disabili (130mila). <strong>MEDICI E FARMACISTI<\/strong> I medici di base gi\u00e0 vaccinano (fascia 70-79), domani nuovo incontro con i farmarcisti. <strong>QUANTI NO VAX IN SANITA&#8217;<\/strong> Abbiamo una\u00a0 copertura dell&#8217;85% manca un 15% tra questi bisogna capire le motivazioni. Sono 10200 i non vaccinati tra gli operatori sanitari (medici e personale del comparto), o non si sono voluti o non si sono potuti presentare. Ci sar\u00e0 adesso una ri chiamata e vedremo chi si rifiuta. <strong>CHI HA SALTATO IL TURNO<\/strong> Prenotazione al numero verde regionale che ha potenziato i call center, anche in Farmacia.<\/p>\n<blockquote>\n<h3>DOTTORESSA FRANCESCA RUSSO<\/h3>\n<\/blockquote>\n<p>Di ieri l&#8217;ordinanza del Ministro Speranza, individua le misure di quarantena per chi si reca all&#8217;estero fino al 6 aprile, anche nei paesi Europei. Al rientro dovranno segnalare al dipartimento di Prevenzione il loro trasferimento, dovranno fare un tampone e indipendentemente dall&#8217;esito stare in quarantena per 5 giorni e poi rifare il test rapido o molecolare. Stiamo trasmettendo la segnalazione alle Ulss.<\/p>\n<p>&nbsp;<\/p>\n<p><a href=\"https:\/\/www.facebook.com\/zaiaufficiale\/videos\/471163000696304\">https:\/\/www.facebook.com\/zaiaufficiale\/videos\/471163000696304<\/a><\/p>\n<p>&nbsp;<\/p>\n","protected":false},"excerpt":{"rendered":"<p>VENEZIA\u00a0Consueto appuntamento con la conferenza stampa di Luca Zaia dalla sede della Protezione Civile a Marghera. I NUMERI\u00a0 TAMPONI IERI 4528738 (+20145) TEST RAPIDI 3826305 (+23000) POSITIVI IERI\u00a0 + 2317 TAMPONI DI IERI CIRCA 43MILA\u00a0 INCIDENZA POSITIVI TAMPONI\u00a0 % 5,28% POSITIVI DA INIZIO EPIDEMIA 382838 POSITIVI ATTUALI 38698 RICOVERATI 2241 (+42) RICOVERI IN AREA NON&hellip;<\/p>\n","protected":false},"author":4,"featured_media":0,"comment_status":"closed","ping_status":"closed","sticky":false,"template":"","format":"standard","meta":{"_monsterinsights_skip_tracking":false,"_monsterinsights_sitenote_active":false,"_monsterinsights_sitenote_note":"","_monsterinsights_sitenote_category":0,"footnotes":""},"categories":[51,49],"tags":[],"class_list":["post-200400","post","type-post","status-publish","format-standard","hentry","category-evidenza-top","category-news-18","category-51","category-49","description-off"],"img_url":false,"_links":{"self":[{"href":"https:\/\/www.radiopiu.net\/wordpress\/wp-json\/wp\/v2\/posts\/200400","targetHints":{"allow":["GET"]}}],"collection":[{"href":"https:\/\/www.radiopiu.net\/wordpress\/wp-json\/wp\/v2\/posts"}],"about":[{"href":"https:\/\/www.radiopiu.net\/wordpress\/wp-json\/wp\/v2\/types\/post"}],"author":[{"embeddable":true,"href":"https:\/\/www.radiopiu.net\/wordpress\/wp-json\/wp\/v2\/users\/4"}],"replies":[{"embeddable":true,"href":"https:\/\/www.radiopiu.net\/wordpress\/wp-json\/wp\/v2\/comments?post=200400"}],"version-history":[{"count":0,"href":"https:\/\/www.radiopiu.net\/wordpress\/wp-json\/wp\/v2\/posts\/200400\/revisions"}],"wp:attachment":[{"href":"https:\/\/www.radiopiu.net\/wordpress\/wp-json\/wp\/v2\/media?parent=200400"}],"wp:term":[{"taxonomy":"category","embeddable":true,"href":"https:\/\/www.radiopiu.net\/wordpress\/wp-json\/wp\/v2\/categories?post=200400"},{"taxonomy":"post_tag","embeddable":true,"href":"https:\/\/www.radiopiu.net\/wordpress\/wp-json\/wp\/v2\/tags?post=200400"}],"curies":[{"name":"wp","href":"https:\/\/api.w.org\/{rel}","templated":true}]}}