{"id":200475,"date":"2021-03-31T15:59:00","date_gmt":"2021-03-31T13:59:00","guid":{"rendered":"https:\/\/www.radiopiu.net\/wordpress\/?p=200475"},"modified":"2021-03-31T15:59:00","modified_gmt":"2021-03-31T13:59:00","slug":"la-foresteria-della-polizia-di-stato-a-col-di-cugnan","status":"publish","type":"post","link":"https:\/\/www.radiopiu.net\/wordpress\/la-foresteria-della-polizia-di-stato-a-col-di-cugnan\/","title":{"rendered":"LA FORESTERIA DELLA POLIZIA DI STATO A COL DI CUGNAN"},"content":{"rendered":"<blockquote>\n<h3><\/h3>\n<\/blockquote>\n<p><strong><a href=\"https:\/\/www.radiopiu.net\/wordpress\/?attachment_id=200477\" rel=\"attachment wp-att-200477\"><img loading=\"lazy\" decoding=\"async\" class=\"size-medium wp-image-200477 alignleft\" src=\"https:\/\/www.radiopiu.net\/wordpress\/wp-content\/uploads\/2021\/03\/Foresteria_Col_Cugnan_2-300x225.jpg\" alt=\"\" width=\"300\" height=\"225\" srcset=\"https:\/\/www.radiopiu.net\/wordpress\/wp-content\/uploads\/2021\/03\/Foresteria_Col_Cugnan_2-300x225.jpg 300w, https:\/\/www.radiopiu.net\/wordpress\/wp-content\/uploads\/2021\/03\/Foresteria_Col_Cugnan_2-768x576.jpg 768w, https:\/\/www.radiopiu.net\/wordpress\/wp-content\/uploads\/2021\/03\/Foresteria_Col_Cugnan_2.jpg 1024w\" sizes=\"auto, (max-width: 300px) 100vw, 300px\" \/><\/a>PONTE NELLE ALPI<\/strong><b> <\/b><span style=\"color: #000000; font-family: Helvetica;\">Nasce ufficialmente la Foresteria della Polizia di Stato a Col di Cugnan. <\/span><span style=\"color: #000000; font-family: Helvetica;\">Il nuovo presidio trova posto all\u2019interno di una struttura polifunzionale, gi\u00e0 utilizzata come ufficio postale, sede delle associazioni di volontariato e ambulatorio medico.\u00a0<\/span><span style=\"color: #000000; font-family: Helvetica;\">Nello specifico, verr\u00e0 utilizzato un appartamento rimasto libero, sopra le poste, dove saranno operativi cinque agenti di Polizia: in futuro se ne aggiungeranno poi altri due. S\u00ec, perch\u00e9 la Questura intende rafforzare il proprio organico anche in vista delle Olimpiadi invernali di Cortina, in programma nel 2026.\u00a0 <\/span><span style=\"color: #000000; font-family: Helvetica;\">Gli agenti prenderanno servizio a Col di Cugnan nelle prossime settimane: <em>\u00abSiamo particolarmente soddisfatti di questa opportunit\u00e0 &#8211; sono le parole del sindaco di Ponte nelle Alpi, Paolo Vendramini &#8211; frutto di un importante gioco di squadra tra il nostro Comune, la Questura, la <a href=\"https:\/\/www.radiopiu.net\/wordpress\/?attachment_id=200478\" rel=\"attachment wp-att-200478\"><img loading=\"lazy\" decoding=\"async\" class=\"size-medium wp-image-200478 alignright\" src=\"https:\/\/www.radiopiu.net\/wordpress\/wp-content\/uploads\/2021\/03\/Foresteria_Col_Cugnan_3-300x225.jpg\" alt=\"\" width=\"300\" height=\"225\" srcset=\"https:\/\/www.radiopiu.net\/wordpress\/wp-content\/uploads\/2021\/03\/Foresteria_Col_Cugnan_3-300x225.jpg 300w, https:\/\/www.radiopiu.net\/wordpress\/wp-content\/uploads\/2021\/03\/Foresteria_Col_Cugnan_3-768x576.jpg 768w, https:\/\/www.radiopiu.net\/wordpress\/wp-content\/uploads\/2021\/03\/Foresteria_Col_Cugnan_3.jpg 1024w\" sizes=\"auto, (max-width: 300px) 100vw, 300px\" \/><\/a>Provincia e la Prefettura\u00bb.\u00a0 <\/em><\/span><span style=\"color: #000000; font-family: Helvetica;\">L\u2019operazione verr\u00e0 coperta con fondi arrivati da enti sovracomunali: <\/span><span style=\"color: #000000; font-family: Helvetica;\">Non nasconde la sua soddisfazione nemmeno Lilia Fredella, a capo della Questura di Belluno: <em>\u00abDispiace solo non poter inaugurare la Foresteria. Poco male: rinvieremo il taglio del nastro al momento opportuno. Questo risultato dimostra la volont\u00e0 e l\u2019efficacia della collaborazione tra istituzioni: ringrazio in particolare il sindaco Vendramini per dato subito la sua disponibilit\u00e0. E anche la Provincia per i lavori di adeguamento, oltre alla Prefettura per la firma del contratto. <\/em><\/span><em><span style=\"color: #000000; font-family: Helvetica;\">Tengo a rimarcare lo spirito, bellissimo, con cui \u00e8 nato il progetto . Non ci sono mai stati ostacoli di alcun tipo e, in pi\u00f9, la Foresteria \u00e8 inserita in un contesto paesaggistico meraviglioso. Ora stiamo sistemando gli ultimi aspetti per rendere comodo il soggiorno ai nostri agenti, i quali saranno operativi dopo Pasqua\u00bb.\u00a0<\/span><\/em><\/p>\n<p>&nbsp;<\/p>\n","protected":false},"excerpt":{"rendered":"<p>PONTE NELLE ALPI Nasce ufficialmente la Foresteria della Polizia di Stato a Col di Cugnan. Il nuovo presidio trova posto all\u2019interno di una struttura polifunzionale, gi\u00e0 utilizzata come ufficio postale, sede delle associazioni di volontariato e ambulatorio medico.\u00a0Nello specifico, verr\u00e0 utilizzato un appartamento rimasto libero, sopra le poste, dove saranno operativi cinque agenti di Polizia:&hellip;<\/p>\n","protected":false},"author":4,"featured_media":200476,"comment_status":"closed","ping_status":"closed","sticky":false,"template":"","format":"standard","meta":{"_monsterinsights_skip_tracking":false,"_monsterinsights_sitenote_active":false,"_monsterinsights_sitenote_note":"","_monsterinsights_sitenote_category":0,"footnotes":""},"categories":[49],"tags":[],"class_list":["post-200475","post","type-post","status-publish","format-standard","has-post-thumbnail","hentry","category-news-18","category-49","description-off"],"img_url":"https:\/\/www.radiopiu.net\/wordpress\/wp-content\/uploads\/2021\/03\/Foresteria_Col_Cugnan_1.jpg","_links":{"self":[{"href":"https:\/\/www.radiopiu.net\/wordpress\/wp-json\/wp\/v2\/posts\/200475","targetHints":{"allow":["GET"]}}],"collection":[{"href":"https:\/\/www.radiopiu.net\/wordpress\/wp-json\/wp\/v2\/posts"}],"about":[{"href":"https:\/\/www.radiopiu.net\/wordpress\/wp-json\/wp\/v2\/types\/post"}],"author":[{"embeddable":true,"href":"https:\/\/www.radiopiu.net\/wordpress\/wp-json\/wp\/v2\/users\/4"}],"replies":[{"embeddable":true,"href":"https:\/\/www.radiopiu.net\/wordpress\/wp-json\/wp\/v2\/comments?post=200475"}],"version-history":[{"count":0,"href":"https:\/\/www.radiopiu.net\/wordpress\/wp-json\/wp\/v2\/posts\/200475\/revisions"}],"wp:featuredmedia":[{"embeddable":true,"href":"https:\/\/www.radiopiu.net\/wordpress\/wp-json\/wp\/v2\/media\/200476"}],"wp:attachment":[{"href":"https:\/\/www.radiopiu.net\/wordpress\/wp-json\/wp\/v2\/media?parent=200475"}],"wp:term":[{"taxonomy":"category","embeddable":true,"href":"https:\/\/www.radiopiu.net\/wordpress\/wp-json\/wp\/v2\/categories?post=200475"},{"taxonomy":"post_tag","embeddable":true,"href":"https:\/\/www.radiopiu.net\/wordpress\/wp-json\/wp\/v2\/tags?post=200475"}],"curies":[{"name":"wp","href":"https:\/\/api.w.org\/{rel}","templated":true}]}}