{"id":200600,"date":"2021-04-02T06:00:57","date_gmt":"2021-04-02T04:00:57","guid":{"rendered":"https:\/\/www.radiopiu.net\/wordpress\/?p=200600"},"modified":"2021-04-02T10:11:13","modified_gmt":"2021-04-02T08:11:13","slug":"giornale-radiopiu-02-aprile-2021-direttore-mirko-mezzacasa","status":"publish","type":"post","link":"https:\/\/www.radiopiu.net\/wordpress\/giornale-radiopiu-02-aprile-2021-direttore-mirko-mezzacasa\/","title":{"rendered":"GIORNALE RADIOPIU 02 APRILE 2021 DIRETTORE MIRKO MEZZACASA"},"content":{"rendered":"<h3><a href=\"https:\/\/www.radiopiu.net\/wordpress\/giornale-radiopiu-24-gennaio-2021-direttore-mirko-mezzacasa\/141433770_171616291414874_2957460898102012198_n\/\" rel=\"attachment wp-att-186566\"><img loading=\"lazy\" decoding=\"async\" class=\"wp-image-186566 alignleft\" src=\"https:\/\/www.radiopiu.net\/wordpress\/wp-content\/uploads\/2021\/01\/141433770_171616291414874_2957460898102012198_n-300x300.jpg\" alt=\"\" width=\"144\" height=\"144\" srcset=\"https:\/\/www.radiopiu.net\/wordpress\/wp-content\/uploads\/2021\/01\/141433770_171616291414874_2957460898102012198_n-300x300.jpg 300w, https:\/\/www.radiopiu.net\/wordpress\/wp-content\/uploads\/2021\/01\/141433770_171616291414874_2957460898102012198_n-150x150.jpg 150w, https:\/\/www.radiopiu.net\/wordpress\/wp-content\/uploads\/2021\/01\/141433770_171616291414874_2957460898102012198_n-768x768.jpg 768w, https:\/\/www.radiopiu.net\/wordpress\/wp-content\/uploads\/2021\/01\/141433770_171616291414874_2957460898102012198_n.jpg 800w\" sizes=\"auto, (max-width: 144px) 100vw, 144px\" \/><\/a><\/h3>\n<h3>PER<strong> RICEVERE QUESTO NOTIZIARIO DIRETTAMENTE SUL TUO CELLULARE ISCRIVITI AL CANALE TELEGRAM <\/strong><strong>\u201cRADIO PIU\u00a0 INFORMAZIONE&#8221;\u00a0<\/strong><\/h3>\n<h3><\/h3>\n<p>&nbsp;<\/p>\n<p>&nbsp;<\/p>\n<h2><span style=\"color: #ff0000;\"><strong>ULTIM&#8217;ORA: 05.45 <\/strong><\/span><strong style=\"font-size: 14px;\">VIABILITA&#8217; PROVINCIA BELLUNO (TELEGRAM) <\/strong><strong style=\"font-size: 14px;\">Sassi in strada, 203 agordina &#8211; dopo il ristorante La Stanga direzione Agordo- Belluno<\/strong><\/h2>\n<p>&nbsp;<\/p>\n<hr \/>\n<p>&nbsp;<\/p>\n<p><em><a href=\"https:\/\/www.radiopiu.net\/wordpress\/giornale-radiopiu-24-gennaio-2021-direttore-mirko-mezzacasa\/79216601_126817312416448_708980208774483089_n\/\" rel=\"attachment wp-att-186567\"><img loading=\"lazy\" decoding=\"async\" class=\"size-medium wp-image-186567 alignright\" src=\"https:\/\/www.radiopiu.net\/wordpress\/wp-content\/uploads\/2021\/01\/79216601_126817312416448_708980208774483089_n-300x114.jpg\" alt=\"\" width=\"300\" height=\"114\" srcset=\"https:\/\/www.radiopiu.net\/wordpress\/wp-content\/uploads\/2021\/01\/79216601_126817312416448_708980208774483089_n-300x114.jpg 300w, https:\/\/www.radiopiu.net\/wordpress\/wp-content\/uploads\/2021\/01\/79216601_126817312416448_708980208774483089_n-768x292.jpg 768w, https:\/\/www.radiopiu.net\/wordpress\/wp-content\/uploads\/2021\/01\/79216601_126817312416448_708980208774483089_n.jpg 820w\" sizes=\"auto, (max-width: 300px) 100vw, 300px\" \/><\/a><span style=\"color: #ff0000;\"> LA NUOVA APP PER IOS-IPHONE di Nicola Vettorello <\/span><\/em><a href=\"https:\/\/apps.apple.com\/it\/app\/radio-pi%C3%B9-emittente-agordina\/id1515939845\">https:\/\/apps.apple.com\/it\/app\/radio-pi%C3%B9-emittente-agordina\/id1515939845<\/a><\/p>\n<p><em style=\"color: #ff0000;\">ATTENZIONE: LA NUOVA APP RADIO\u00a0 PER ANDROID di Nicola Vettorello<\/em><\/p>\n<p><a href=\"https:\/\/play.google.com\/store\/apps\/details?id=net.radiopiu.iniko\" target=\"_blank\" rel=\"noopener noreferrer\">https:\/\/play.google.com\/store\/apps\/details?id=net.radiopiu.iniko<\/a><\/p>\n<p>&nbsp;<\/p>\n<p>&nbsp;<\/p>\n<hr \/>\n<p>&nbsp;<\/p>\n<blockquote>\n<h1>GLI AUGURI DI BUONA PASQUA DAI LADIN DEL POI<\/h1>\n<\/blockquote>\n<p><strong>VOLTAGO &#8211; GOSALDO &#8211; RIVAMONTE<\/strong><\/p>\n<p><strong>di Gabriele Riva<\/strong><\/p>\n<div style=\"width: 960px;\" class=\"wp-video\"><video class=\"wp-video-shortcode\" id=\"video-200600-1\" width=\"960\" height=\"540\" preload=\"metadata\" controls=\"controls\"><source type=\"video\/mp4\" src=\"https:\/\/www.radiopiu.net\/wordpress\/wp-content\/uploads\/2021\/04\/BUONA-PASQUA-LADIN-DEL-POI.mp4?_=1\" \/><a href=\"https:\/\/www.radiopiu.net\/wordpress\/wp-content\/uploads\/2021\/04\/BUONA-PASQUA-LADIN-DEL-POI.mp4\">https:\/\/www.radiopiu.net\/wordpress\/wp-content\/uploads\/2021\/04\/BUONA-PASQUA-LADIN-DEL-POI.mp4<\/a><\/video><\/div>\n<p>&nbsp;<\/p>\n<hr \/>\n<p>&nbsp;<\/p>\n<h3><span style=\"color: #ff0000;\"><strong>EMERGENZA SANITARIA ALLA MOTORIZZAZIONE CIVILE DI BELLUNO: CHIUSO<\/strong><\/span><\/h3>\n<p><strong>BELLUNO<\/strong>: Gli sportelli aperti al pubblico sono chiusi,\u00a0 le attivit\u00e0 operative ferme. Tutto questo momentaneamente e fino a nuovo ordine. L&#8217;ufficio rester\u00e0 aperto solo per fornire informazioni urgenti attraverso lo sportello reception e vigilanza.<\/p>\n<p>&nbsp;<\/p>\n<p>&nbsp;<\/p>\n<hr \/>\n<p>&nbsp;<\/p>\n<blockquote>\n<h1 style=\"text-align: center;\">VENETO IN ZONA ROSSA<\/h1>\n<\/blockquote>\n<p><strong>REDAZIONE<\/strong> Veneto rosso fino a dopo Pasqua. Il Presidente del Consiglio Mario Draghi ha incontrato i giornalisti annunciando che da dopo le festivit\u00e0 Pasquali le scuole saranno aperte fino alla prima media. Quindi ancora per una settimana continueranno le lezioni in DAD e dal 7 aprile riapriranno i nidi, scuole dell&#8217;infanzia, elementari e le prime classi delle scuole medie.<\/p>\n<p><strong>LE REGOLE DA SEGUIRE IN ZONA ROSSA<\/strong><\/p>\n<p><a href=\"https:\/\/www.radiopiu.net\/wordpress\/veneto-in-zona-rossa-per-altre-due-settimane\/regole-zona-rossa\/\" rel=\"attachment wp-att-199418\"><img loading=\"lazy\" decoding=\"async\" class=\"alignnone wp-image-199418 size-large\" src=\"https:\/\/www.radiopiu.net\/wordpress\/wp-content\/uploads\/2021\/03\/REGOLE-ZONA-ROSSA-1024x645.png\" alt=\"\" width=\"1024\" height=\"645\" srcset=\"https:\/\/www.radiopiu.net\/wordpress\/wp-content\/uploads\/2021\/03\/REGOLE-ZONA-ROSSA-1024x645.png 1024w, https:\/\/www.radiopiu.net\/wordpress\/wp-content\/uploads\/2021\/03\/REGOLE-ZONA-ROSSA-300x189.png 300w, https:\/\/www.radiopiu.net\/wordpress\/wp-content\/uploads\/2021\/03\/REGOLE-ZONA-ROSSA-768x484.png 768w, https:\/\/www.radiopiu.net\/wordpress\/wp-content\/uploads\/2021\/03\/REGOLE-ZONA-ROSSA-1536x967.png 1536w, https:\/\/www.radiopiu.net\/wordpress\/wp-content\/uploads\/2021\/03\/REGOLE-ZONA-ROSSA.png 1836w\" sizes=\"auto, (max-width: 1024px) 100vw, 1024px\" \/><\/a><\/p>\n<p>&nbsp;<\/p>\n<p><strong>PER GLI SPOSTAMENTI OBBLIGO DI AUTOCERTIFICAZIONE CHE PUOI <a href=\"https:\/\/www.radiopiu.net\/wordpress\/veneto-in-rosso-il-bianco-sardegna-lontano-lo-dice-lincide-rt\/dpcm-autocertificazione-gennaio-2021\/\">SCARICARE QUI<\/a><\/strong><\/p>\n<p>&nbsp;<\/p>\n<hr \/>\n<p>&nbsp;<\/p>\n<p>&nbsp;<\/p>\n<blockquote>\n<h3>OGGI\u00a0 LE NUOVE COLORAZIONI, FORSE DA MARTEDI VENETO IN ARANCIONE<\/h3>\n<\/blockquote>\n<blockquote>\n<h3><em> <img loading=\"lazy\" decoding=\"async\" class=\"alignleft\" src=\"https:\/\/www.radiopiu.net\/wordpress\/wp-content\/uploads\/2021\/03\/427165_2-300x300.jpg\" width=\"140\" height=\"140\" \/>I parametri per uscire dal rosso dovrebbero esserci vediamo cosa succede domani<\/em><\/h3>\n<\/blockquote>\n<p><strong>COLORAZIONE<\/strong> Ci sono concrete speranze che il Veneto torni in arancione, lo ha detto il Presidente Luca Zaia commentando i dati di riferimento, indice Rt e incidenza sulla popolazione.<\/p>\n<p><strong>L&#8217;INTERVENTO DEL PRESIDENTE LUCA ZAIA<\/strong><\/p>\n<audio class=\"wp-audio-shortcode\" id=\"audio-200600-1\" preload=\"none\" style=\"width: 100%;\" controls=\"controls\"><source type=\"audio\/mpeg\" src=\"https:\/\/www.radiopiu.net\/wordpress\/wp-content\/uploads\/2021\/04\/zaiaaa.mp3?_=1\" \/><a href=\"https:\/\/www.radiopiu.net\/wordpress\/wp-content\/uploads\/2021\/04\/zaiaaa.mp3\">https:\/\/www.radiopiu.net\/wordpress\/wp-content\/uploads\/2021\/04\/zaiaaa.mp3<\/a><\/audio>\n<p><em><strong>A SCUOLA <\/strong>Se il Veneto diventer\u00e0 arancione da mercoledi tutti a scuola fino alle superiori (presenza al 50%) e la Regione si sta gi\u00e0 interessando con l&#8217;assessore De Berti per i trasporti. Non decider\u00e0 la singola scuola ma l&#8217;ufficio scolastico regionale e provinciale.\u00a0 Se il Veneto diventa arancione la regione non avr\u00e0 spazio di manovre restrittive, fino alla prima media &#8220;non si toccano&#8221;, le scuole restano aperte anche con 250 di incidenza su 100 mila abitanti. &#8220;Faremo il monitoraggio e se \u00e8 il caso interverremo dalla seconda media in su come abbiamo gi\u00e0 fatto&#8221;.<\/em><\/p>\n<p>&nbsp;<\/p>\n<p>&nbsp;<\/p>\n<hr \/>\n<p>&nbsp;<\/p>\n<p><strong>SP 3 VAL IMPERINA <\/strong>Fino al 30 aprile (sabato e domenica esclusi) interdizione alla viabilit\u00e0 per lavori di esbosco schianti a fasce orari. Chiusure: dalle 8 alle 9.45; dalle 10 alle 12; dalle 13.45 alle 15.50; dalle 16.10 alle 17.30. Nei periodi non interessati dalla chiusura senso unico alternato con movieri.<img loading=\"lazy\" decoding=\"async\" class=\"wp-image-198719 alignleft\" src=\"https:\/\/www.radiopiu.net\/wordpress\/wp-content\/uploads\/2021\/03\/d1cefc45-a8f4-432d-b66b-ba03ea140813-300x142.jpg\" alt=\"\" width=\"188\" height=\"89\" srcset=\"https:\/\/www.radiopiu.net\/wordpress\/wp-content\/uploads\/2021\/03\/d1cefc45-a8f4-432d-b66b-ba03ea140813-300x142.jpg 300w, https:\/\/www.radiopiu.net\/wordpress\/wp-content\/uploads\/2021\/03\/d1cefc45-a8f4-432d-b66b-ba03ea140813-1024x485.jpg 1024w, https:\/\/www.radiopiu.net\/wordpress\/wp-content\/uploads\/2021\/03\/d1cefc45-a8f4-432d-b66b-ba03ea140813-768x364.jpg 768w, https:\/\/www.radiopiu.net\/wordpress\/wp-content\/uploads\/2021\/03\/d1cefc45-a8f4-432d-b66b-ba03ea140813-1536x728.jpg 1536w, https:\/\/www.radiopiu.net\/wordpress\/wp-content\/uploads\/2021\/03\/d1cefc45-a8f4-432d-b66b-ba03ea140813.jpg 1599w\" sizes=\"auto, (max-width: 188px) 100vw, 188px\" \/><\/p>\n<p><strong>SP 2 VALLE DEL MIS<\/strong> Dal 25 marzo al 9 aprile (sabato e domenica compresi) senso unico alternato al km 23.460 in prossimit\u00e0 di Gosaldo<\/p>\n<p><strong>SP 26 DIGOMAN\u00a0<\/strong>dal 22 marzo al 3 aprile interdizione totale al traffico in comune di Rivamonte dalle 8 alle 17, domeniche escluse, per lavori di esbosco schianti Vaia. Negli altri orari senso unico alternato regolato da impianto semaforico.<\/p>\n<p>&nbsp;<\/p>\n<hr \/>\n<p>&nbsp;<\/p>\n<p>&nbsp;<\/p>\n<h3><a href=\"https:\/\/www.radiopiu.net\/wordpress\/acqua-di-nuovo-potabile-a-gosaldo\/bicchiere-acqua\/\" rel=\"attachment wp-att-197762\"><img loading=\"lazy\" decoding=\"async\" class=\" wp-image-197762 alignleft\" src=\"https:\/\/www.radiopiu.net\/wordpress\/wp-content\/uploads\/2021\/03\/BICCHIERE-ACQUA-300x200.jpg\" alt=\"\" width=\"132\" height=\"88\" srcset=\"https:\/\/www.radiopiu.net\/wordpress\/wp-content\/uploads\/2021\/03\/BICCHIERE-ACQUA-300x200.jpg 300w, https:\/\/www.radiopiu.net\/wordpress\/wp-content\/uploads\/2021\/03\/BICCHIERE-ACQUA-1024x683.jpg 1024w, https:\/\/www.radiopiu.net\/wordpress\/wp-content\/uploads\/2021\/03\/BICCHIERE-ACQUA-768x512.jpg 768w, https:\/\/www.radiopiu.net\/wordpress\/wp-content\/uploads\/2021\/03\/BICCHIERE-ACQUA-1536x1024.jpg 1536w, https:\/\/www.radiopiu.net\/wordpress\/wp-content\/uploads\/2021\/03\/BICCHIERE-ACQUA.jpg 1920w\" sizes=\"auto, (max-width: 132px) 100vw, 132px\" \/><\/a>Gestione Servizi Pubblici informa che a COLLE SANTA LUCIA in localit\u00e0 RUCAVA&#8217;, l&#8217;acqua erogata dall&#8217;acquedotto \u00e8 di nuovo potabile e pu\u00f2 essere usata, quindi, per scopi alimentari.<\/h3>\n<h3><\/h3>\n<p>&nbsp;<\/p>\n<hr \/>\n<p>&nbsp;<\/p>\n<blockquote>\n<h3>INTERRUZIONI PROGRAMMATE PER LAVORI<\/h3>\n<\/blockquote>\n<p><strong><a href=\"https:\/\/www.radiopiu.net\/wordpress\/giornale-radio-piu-edizione-del-23-dicembre-2017-direttore-mirko-mezzacasa\/enel-tecnico-in-stazione-elettrica\/\" rel=\"attachment wp-att-40340\"><img loading=\"lazy\" decoding=\"async\" class=\"wp-image-40340 alignleft\" src=\"https:\/\/www.radiopiu.net\/wordpress\/wp-content\/uploads\/2017\/12\/Enel-Tecnico-in-stazione-elettrica-300x201.jpg\" alt=\"\" width=\"118\" height=\"79\" \/><\/a><\/strong><\/p>\n<p><strong>\u00a0<\/strong><strong>FALCADE<\/strong> Oggi dalle 9 alle 12 in localit\u00e0 Zingari Bassi.<strong>LA VALLE AGORDINA<\/strong> Martedi 6 aprile dalle 8 alle 14 in frazione Ronchet. Giovedi 8 aprile dalle 13 alle 16 nelle localit\u00e0 Cugnago, La Vigna, Gaidon, Fades e Lantrago. <strong>AGORDO <\/strong>Giovedi 8 aprile dalle 8 alle 12 in localit\u00e0 Le Grave-Ceramasse.<\/p>\n<p>&nbsp;<\/p>\n<p>&nbsp;<\/p>\n<p>&nbsp;<\/p>\n<hr \/>\n<p>&nbsp;<\/p>\n<blockquote>\n<h3>MANUTENZIONE ORDINARIA, OGGI SENZ&#8217;ACQUA DALLE 8 DI MATTINA ALLE 17<\/h3>\n<\/blockquote>\n<p><strong><a href=\"https:\/\/www.radiopiu.net\/wordpress\/giornale-radio-piu-direttore-mirko-mezzacasa-gr-930-1230-1430-1630-1830-e-mezzanotte\/bimgsp\/\" rel=\"attachment wp-att-6703\"><img loading=\"lazy\" decoding=\"async\" class=\"wp-image-6703 alignleft\" src=\"https:\/\/www.radiopiu.net\/wordpress\/wp-content\/uploads\/2015\/06\/bimgsp-300x168.jpg\" alt=\"\" width=\"134\" height=\"75\" \/><\/a>SEDICO<\/strong><\/p>\n<p><strong>DI DAMIANO TORMEN<\/strong><\/p>\n<p>&nbsp;<\/p>\n<audio class=\"wp-audio-shortcode\" id=\"audio-200600-2\" preload=\"none\" style=\"width: 100%;\" controls=\"controls\"><source type=\"audio\/mpeg\" src=\"https:\/\/www.radiopiu.net\/wordpress\/wp-content\/uploads\/2021\/03\/DAMIANO-SEDICO-1.mp3?_=2\" \/><a href=\"https:\/\/www.radiopiu.net\/wordpress\/wp-content\/uploads\/2021\/03\/DAMIANO-SEDICO-1.mp3\">https:\/\/www.radiopiu.net\/wordpress\/wp-content\/uploads\/2021\/03\/DAMIANO-SEDICO-1.mp3<\/a><\/audio>\n<p>&nbsp;<\/p>\n<hr \/>\n<p>&nbsp;<\/p>\n<blockquote>\n<h3>IL CONTAGIO NELL&#8217;AGORDINO, AGGIORNAMENTO AL 2 APRILE ORE 5<\/h3>\n<\/blockquote>\n<p>Contagi stabili ma non pi\u00f9 in aumento esponenziale come la scorsa settimana in Valle del Cordevole con record di contagi ad Alleghe e Rocca Pietore. Decisamente migliorata la situazione in Valle del Biois,\u00a0 Falcade che dimezza in contatti in dieci giorni. Nella Conca Agordina si ferma la nuova impennata dei giorni scorsi a Taibon.<\/p>\n<p><strong>SAN TOMASO<\/strong> 7 positivi 0 isolamento; <strong>CANALE D&#8217;AGORDO<\/strong> 12 4; <strong>FALCADE<\/strong> 21 (-2) 14 (+1)<strong> AGORDO<\/strong> 20 13;\u00a0 <strong>TAIBON<\/strong> 16-6 <strong>GOSALDO<\/strong> 7-4 <strong>ALLEGHE<\/strong> 43 (+1) 34 <strong>LIVINALLONGO<\/strong> 16 (-3) 26 (-4) <strong>ROCCA PIETORE<\/strong> 20 (-2) 21 (-1) <strong>COLLE SANTA LUCIA<\/strong> 7 (-4) 6 (-2) <strong>SELVA DI CADORE<\/strong> 17 (-1) 6<\/p>\n<p>&nbsp;<\/p>\n<blockquote>\n<h3>UN ALTRO GIORNO SENZA DECESSI, 58 POSITIVI E SCENDONO A 1272 GLI ATTUALMENTE POSITIVI<\/h3>\n<\/blockquote>\n<p><strong>BELLUNO <\/strong>Nelle ultime 24 ore non sono stati registrati decessi di persone covid positive negli ospedali dell\u2019Ulss Dolomiti.<\/p>\n<p><span style=\"color: #0000ff;\">NUOVI POSITIVI 58 ATTUALMENTE POSITIVI 1272<\/span><\/p>\n<p><strong>Ricoveri \u00a0\u00a0\u00a0\u00a0\u00a0\u00a0\u00a0\u00a0\u00a0\u00a0\u00a0\u00a0\u00a0\u00a0\u00a0\u00a0\u00a0\u00a0\u00a0\u00a0\u00a0\u00a0\u00a0\u00a0\u00a0\u00a0\u00a0\u00a0\u00a0\u00a0\u00a0\u00a0\u00a0 <\/strong><\/p>\n<p><em>(dato alle ore 17.00 fonte: Azienda Zero)<\/em><\/p>\n<p>Le persone attualmente POSITIVE ricoverate negli ospedali dell\u2019Ulss Dolomiti sono:<\/p>\n<table>\n<tbody>\n<tr>\n<td width=\"217\"><strong>\u00a0<\/strong><\/td>\n<td width=\"217\"><strong>Area NON CRITICA<\/strong><\/td>\n<td width=\"217\"><strong>Terapia Intensiva<\/strong><\/td>\n<\/tr>\n<tr>\n<td width=\"217\"><strong>Ospedale di Belluno<\/strong><\/td>\n<td width=\"217\">37\u00a0 -3<\/td>\n<td width=\"217\">6<\/td>\n<\/tr>\n<tr>\n<td width=\"217\"><strong>Ospedale di Feltre<\/strong><\/td>\n<td width=\"217\">23\u00a0 -2<\/td>\n<td width=\"217\">5 +1<\/td>\n<\/tr>\n<\/tbody>\n<\/table>\n<p>&nbsp;<\/p>\n<p>Le persone attualmente POSITIVE ricoverate in Ospedale di Comunit\u00e0 sono:<\/p>\n<table>\n<tbody>\n<tr>\n<td width=\"326\"><strong>\u00a0<\/strong><\/td>\n<td width=\"326\"><strong>pazienti attualmente positivi<\/strong><\/td>\n<\/tr>\n<tr>\n<td width=\"326\"><strong>Ospedale di Comunit\u00e0 di BELLUNO<\/strong><\/td>\n<td width=\"326\">12 +1<\/td>\n<\/tr>\n<tr>\n<td width=\"326\"><strong>Ospedale di Comunit\u00e0 di FELTRE<\/strong><\/td>\n<td width=\"326\">\u00a06<\/td>\n<\/tr>\n<\/tbody>\n<\/table>\n<p>&nbsp;<\/p>\n<blockquote><p>&nbsp;<\/p><\/blockquote>\n<hr \/>\n<blockquote>\n<h3><\/h3>\n<h3>UN DICIANNOVENNE PERSE LA VITA, IL 20 APRILE L&#8217;UDIENZA PRELIMINARE<\/h3>\n<\/blockquote>\n<p><strong><a href=\"https:\/\/www.radiopiu.net\/wordpress\/un-diciannovenne-perse-la-vita-il-20-aprile-ludienza-preliminare\/th-80\/\" rel=\"attachment wp-att-200748\"><img loading=\"lazy\" decoding=\"async\" class=\"size-medium wp-image-200748 alignleft\" src=\"https:\/\/www.radiopiu.net\/wordpress\/wp-content\/uploads\/2021\/04\/th-300x168.jpg\" alt=\"\" width=\"300\" height=\"168\" srcset=\"https:\/\/www.radiopiu.net\/wordpress\/wp-content\/uploads\/2021\/04\/th-300x168.jpg 300w, https:\/\/www.radiopiu.net\/wordpress\/wp-content\/uploads\/2021\/04\/th.jpg 376w\" sizes=\"auto, (max-width: 300px) 100vw, 300px\" \/><\/a>BELLUNO<\/strong> Martedi 20 aprile in Tribunale avr\u00e0 inizio il processo per l&#8217;incidente dello scorso 1 settembre 2019 a Safforze, cost\u00f2 la vita al diciannovenne Cristian Palazzolo, altri quattro giovani amici sono rimasti gravemente feriti. Il Giudice per le indagini preliminari Elisabetta Scolozzi ha accolto la richiesta di rinvio a giudizio del Pubblico Ministero Simone Marcon nei confronti di chi era al volante. Una distrazione o colpo di sonno, nessun altro ostacolo o veicolo coinvolto, n\u00e9 possibili anomalie meccaniche, questo quanto emerge dalle conclusioni della ricostruzione del tragico incidente\u00a0 da parte del consulente tecnico nominato della Procura, l\u2019ingegnere sandonatese Pierluigi Zamuner, esperto chiamato a ricostruire anche molti altri noti sinistri avvenuti nel bellunese come quello costato la vita a Barbara Durastante in via Vittorio Veneto. Emerge inoltre un\u00a0 nuovo elemento: nonostante la violenza dello schianto improvviso contro l\u2019albero, avvenuto a oltre 70 chilometri orari, gli airbag della Fiat 500 non si sono, purtroppo, attivati. I familiari di Cristian Palazzolo sono assistiti da Giesse Risarcimento Danni, gruppo bellunese specializzato nel risarcimento di incidenti mortali. <em>\u201cLa natura ed andamento della traccia di scorrimento rilevata sul ciglio \u00e8 indice di una graduale deviazione a destra del mezzo \u2013 sottolinea nella consulenza tecnica l\u2019ingegner Pierluigi Zamuner &#8211;\u00a0 Eventuali anomalie meccaniche ad organi direzionali e\/o alle ruote (comunque non rilevate) avrebbero comportato scarti pi\u00f9 bruschi con rotazioni e marcature pi\u00f9 accentuate. Una deviazione cos\u00ec graduale \u00e8 tipica del colpo di sonno o distrazione\u201d. <\/em>I ragazzi avevano passato la serata in alcuni locali e al momento dell&#8217;incidente (alle 6,50 del mattino) stavano facendo rientro a casa. Il\u00a0 conducente \u00e8 risultato in stato di alterazione psicofisica a seguito di assunzione di sostanze alcoliche 0,75 g\/l con prelievo avvenuto alle 14.30. Il povero Cristian era seduto\u00a0 sul sedile posteriore in zona centrale ed essendo il veicolo omologato per 4 passeggeri, non poteva indossare le cinture di sicurezza, nessuno degli occupanti i sedili posteriori le indossava.\u00a0 Secondo i calcoli del perito, l\u2019incidente sarebbe avvenuto a una velocit\u00e0 di 75 chilometri orari, prossima al limite che su quel tratto \u00e8 di 70. <em>\u201cAttendiamo fiduciosi l\u2019esito di questo processo &#8211; sottolinea Gennaro Pisacane, responsabile di Giesse Belluno &#8211; Gli esiti delle indagini sono estremamente chiari e non lasciano spazio a dubbi, ora \u00e8 giunto il tempo di dare Giustizia a queste famiglie\u201d.<\/em><\/p>\n<p>&nbsp;<\/p>\n<hr \/>\n<blockquote>\n<h3><\/h3>\n<h3>LA POLIZIA STRADALE DI BELLUNO FERMA UN FURGONE CHE TRASPORTAVA ILLECITAMENTE CAPRETTI<\/h3>\n<\/blockquote>\n<p><strong>BELLUNO <\/strong>Venti capretti tutti ammassati in una gabbia metallica, ad attirare l&#8217;attenzione dei poliziotti i lamenti ed \u00e8 scattato il controllo sul trasporto degli animali vivi. Gli agenti della stradale hanno\u00a0 intercettato il\u00a0 trasporto abusivo di capretti, probabilmente destinati alla macellazione o comunque al commercio, considerato anche il periodo delle festivit\u00e0 pasquali. Il fatto risale a sabato, durante un servizio di vigilanza del fine settimana. Il furgone era in transito\u00a0 lungo la SS 50 intorno alle\u00a0 23 ben oltre il coprifuoco.\u00a0 Alla domanda di chiarimenti, il conducente-titolare di una azienda agricola con sede nella Provincia di Trento, dichiarava di averli ritirati e caricati sul furgone presso un agricoltore. Il trasporto avrebbe avuto come destinazione la sede della sua ditta in Trentino, a oltre 100km di distanza dal luogo del ritiro. Siccome il fermato non aveva con s\u00e9 alcuna autorizzazione n\u00e9 documentazione relativa al trasporto degli animali, gli agenti hanno chiamato\u00a0 il Servizio veterinario dell\u2019ULSS di Belluno. Su indicazione del medico veterinario intervenuto, dunque, gli animali venivano cautelativamente ricondotti presso il luogo di ritiro, mentre gli operatori della Stradale contestavano al trasportatore abusivo le sanzioni riguardanti le riscontrate irregolarit\u00e0 documentali e la mancanza delle prescritte autorizzazioni, che ammontano ad un importo complessivo di circa 5.000 euro. I controlli proseguiranno senza sosta al fine di assicurare che il trasporto di animali vivi avvenga sempre nel rispetto delle prescrizioni a garanzia della salute pubblica, e il benessere e la salute, naturalmente, degli stessi animali.<\/p>\n\n\t\t\t<style type='text\/css'>\n\t\t\t\t#gallery-1 {\n\t\t\t\t\tmargin: auto;\n\t\t\t\t}\n\t\t\t\t#gallery-1 .gallery-item {\n\t\t\t\t\tfloat: left;\n\t\t\t\t\tmargin-top: 10px;\n\t\t\t\t\ttext-align: center;\n\t\t\t\t\twidth: 50%;\n\t\t\t\t}\n\t\t\t\t#gallery-1 img {\n\t\t\t\t\tborder: 2px solid #cfcfcf;\n\t\t\t\t}\n\t\t\t\t#gallery-1 .gallery-caption {\n\t\t\t\t\tmargin-left: 0;\n\t\t\t\t}\n\t\t\t\t\/* see gallery_shortcode() in wp-includes\/media.php *\/\n\t\t\t<\/style>\n\t\t<div id='gallery-1' class='dt-gallery-container gallery galleryid-200600 gallery-columns-2 gallery-size-medium'><dl class='gallery-item'>\n\t\t\t\t<dt class='gallery-icon portrait'>\n\t\t\t\t\t<a class=\"rollover rollover-zoom dt-pswp-item\" title=\"Stradale foto 2\" data-dt-img-description=\"\" data-large_image_width=\"1488\" data-large_image_height=\"1984\"href='https:\/\/www.radiopiu.net\/wordpress\/wp-content\/uploads\/2021\/04\/Stradale-foto-2.jpg'><img loading=\"lazy\" decoding=\"async\" width=\"225\" height=\"300\" src=\"https:\/\/www.radiopiu.net\/wordpress\/wp-content\/uploads\/2021\/04\/Stradale-foto-2-225x300.jpg\" class=\"attachment-medium size-medium\" alt=\"\" srcset=\"https:\/\/www.radiopiu.net\/wordpress\/wp-content\/uploads\/2021\/04\/Stradale-foto-2-225x300.jpg 225w, https:\/\/www.radiopiu.net\/wordpress\/wp-content\/uploads\/2021\/04\/Stradale-foto-2-768x1024.jpg 768w, https:\/\/www.radiopiu.net\/wordpress\/wp-content\/uploads\/2021\/04\/Stradale-foto-2-1152x1536.jpg 1152w, https:\/\/www.radiopiu.net\/wordpress\/wp-content\/uploads\/2021\/04\/Stradale-foto-2.jpg 1488w\" sizes=\"auto, (max-width: 225px) 100vw, 225px\" \/><\/a>\n\t\t\t\t<\/dt><\/dl><dl class='gallery-item'>\n\t\t\t\t<dt class='gallery-icon landscape'>\n\t\t\t\t\t<a class=\"rollover rollover-zoom dt-pswp-item\" title=\"Stradale foto 3\" data-dt-img-description=\"\" data-large_image_width=\"755\" data-large_image_height=\"553\"href='https:\/\/www.radiopiu.net\/wordpress\/wp-content\/uploads\/2021\/04\/Stradale-foto-3.jpg'><img loading=\"lazy\" decoding=\"async\" width=\"300\" height=\"220\" src=\"https:\/\/www.radiopiu.net\/wordpress\/wp-content\/uploads\/2021\/04\/Stradale-foto-3-300x220.jpg\" class=\"attachment-medium size-medium\" alt=\"\" srcset=\"https:\/\/www.radiopiu.net\/wordpress\/wp-content\/uploads\/2021\/04\/Stradale-foto-3-300x220.jpg 300w, https:\/\/www.radiopiu.net\/wordpress\/wp-content\/uploads\/2021\/04\/Stradale-foto-3.jpg 755w\" sizes=\"auto, (max-width: 300px) 100vw, 300px\" \/><\/a>\n\t\t\t\t<\/dt><\/dl><br style=\"clear: both\" \/>\n\t\t\t<\/div>\n\n<p>&nbsp;<\/p>\n<p>&nbsp;<\/p>\n<hr \/>\n<p>&nbsp;<\/p>\n<blockquote>\n<h3>CROLLA IL CORNICIONE, INTERDETTO L&#8217;INGRESSO AL MUSEO<\/h3>\n<blockquote><p><em>E&#8217; stata una fortuna che nessuno si sia fatto male in quanto poco pi\u00f9 in l\u00e0 c&#8217;era una bambino che abita nelle vicinanze. Il piccolo \u00e8 corso subito a chiamare la mamma. Sembra siano state riscontrate delle crepe anche sui cornicioni di altre finestre.\u00a0<\/em><\/p><\/blockquote>\n<p><strong>CANALE D&#8217;AGORDO<\/strong> Tutto sommato \u00e8 andata bene, rimane un nastro biancorosso che delimita la zona ma non ci sono macchie di sangue sul marciapiede o sull&#8217;asfalto. Si, perch\u00e9 dall&#8217;alto si \u00e8 staccato un pezzo di cornicione. E&#8217; successo nel pomeriggio di ieri a Canale d&#8217;Agordo davanti all&#8217;ingresso del Musal (Museo Albino Luciani), il materiale si \u00e8 staccato da una delle finestre della facciata principale, la causa potrebbe essere il forte sbalzo termico di questa stagione. Sul posto il responsabile dell ufficio tecnico comunale,\u00a0 gli operai del comune e i vigili del fuoco che hanno transennato e messo in sicurezza la zona. Il sindaco Flavio Colcergnan<em>: \u00ab \u00e8 andata bene,\u00a0 nessuno si \u00e8 fatto male. E&#8217; inconcepibile che succedano cose del genere a soli sei anni dalla fine dei lavori.\u00a0<\/em><\/p><\/blockquote>\n<p><strong>foto, Dario Fontanive<\/strong><\/p>\n\n\t\t\t<style type='text\/css'>\n\t\t\t\t#gallery-2 {\n\t\t\t\t\tmargin: auto;\n\t\t\t\t}\n\t\t\t\t#gallery-2 .gallery-item {\n\t\t\t\t\tfloat: left;\n\t\t\t\t\tmargin-top: 10px;\n\t\t\t\t\ttext-align: center;\n\t\t\t\t\twidth: 33%;\n\t\t\t\t}\n\t\t\t\t#gallery-2 img {\n\t\t\t\t\tborder: 2px solid #cfcfcf;\n\t\t\t\t}\n\t\t\t\t#gallery-2 .gallery-caption {\n\t\t\t\t\tmargin-left: 0;\n\t\t\t\t}\n\t\t\t\t\/* see gallery_shortcode() in wp-includes\/media.php *\/\n\t\t\t<\/style>\n\t\t<div id='gallery-2' class='dt-gallery-container gallery galleryid-200600 gallery-columns-3 gallery-size-thumbnail'><dl class='gallery-item'>\n\t\t\t\t<dt class='gallery-icon portrait'>\n\t\t\t\t\t<a class=\"rollover rollover-zoom dt-pswp-item\" title=\"canale musal\" data-dt-img-description=\"\" data-large_image_width=\"1125\" data-large_image_height=\"2000\"href='https:\/\/www.radiopiu.net\/wordpress\/wp-content\/uploads\/2021\/04\/975d9da8-1871-467d-a2e5-df634d69862d-1.jpg'><img loading=\"lazy\" decoding=\"async\" width=\"150\" height=\"150\" src=\"https:\/\/www.radiopiu.net\/wordpress\/wp-content\/uploads\/2021\/04\/975d9da8-1871-467d-a2e5-df634d69862d-1-150x150.jpg\" class=\"attachment-thumbnail size-thumbnail\" alt=\"\" \/><\/a>\n\t\t\t\t<\/dt><\/dl><dl class='gallery-item'>\n\t\t\t\t<dt class='gallery-icon portrait'>\n\t\t\t\t\t<a class=\"rollover rollover-zoom dt-pswp-item\" title=\"93f7af3e-039f-4c8e-99a3-b2a09ec6f3d3\" data-dt-img-description=\"\" data-large_image_width=\"1125\" data-large_image_height=\"2000\"href='https:\/\/www.radiopiu.net\/wordpress\/wp-content\/uploads\/2021\/04\/93f7af3e-039f-4c8e-99a3-b2a09ec6f3d3-1.jpg'><img loading=\"lazy\" decoding=\"async\" width=\"150\" height=\"150\" src=\"https:\/\/www.radiopiu.net\/wordpress\/wp-content\/uploads\/2021\/04\/93f7af3e-039f-4c8e-99a3-b2a09ec6f3d3-1-150x150.jpg\" class=\"attachment-thumbnail size-thumbnail\" alt=\"\" \/><\/a>\n\t\t\t\t<\/dt><\/dl><dl class='gallery-item'>\n\t\t\t\t<dt class='gallery-icon landscape'>\n\t\t\t\t\t<a class=\"rollover rollover-zoom dt-pswp-item\" title=\"canale musal\" data-dt-img-description=\"\" data-large_image_width=\"2000\" data-large_image_height=\"1125\"href='https:\/\/www.radiopiu.net\/wordpress\/wp-content\/uploads\/2021\/04\/7b8473d5-1463-43bb-bdc3-267ca56f6f8f-1.jpg'><img loading=\"lazy\" decoding=\"async\" width=\"150\" height=\"150\" src=\"https:\/\/www.radiopiu.net\/wordpress\/wp-content\/uploads\/2021\/04\/7b8473d5-1463-43bb-bdc3-267ca56f6f8f-1-150x150.jpg\" class=\"attachment-thumbnail size-thumbnail\" alt=\"\" \/><\/a>\n\t\t\t\t<\/dt><\/dl><br style=\"clear: both\" \/>\n\t\t\t<\/div>\n\n<p>&nbsp;<\/p>\n<p>&nbsp;<\/p>\n<hr \/>\n<p>&nbsp;<\/p>\n<blockquote>\n<h3>LE CARATTERISTICHE DELL&#8217;ACQUA A CAVIOLA NON PIACCIONO ALLA GENTE E ROVINANO I MACCHINARI. IL RECLAMO A GSP AD OGGI NON HA RISPOSTA.<\/h3>\n<\/blockquote>\n<p>&nbsp;<\/p>\n<p><strong>FALCADE\u00a0<\/strong><\/p>\n<p><strong>DI GIANNI SANTOMASO\u00a0<\/strong><\/p>\n<audio class=\"wp-audio-shortcode\" id=\"audio-200600-3\" preload=\"none\" style=\"width: 100%;\" controls=\"controls\"><source type=\"audio\/mpeg\" src=\"https:\/\/www.radiopiu.net\/wordpress\/wp-content\/uploads\/2021\/04\/GIANNI-CARLI.mp3?_=3\" \/><a href=\"https:\/\/www.radiopiu.net\/wordpress\/wp-content\/uploads\/2021\/04\/GIANNI-CARLI.mp3\">https:\/\/www.radiopiu.net\/wordpress\/wp-content\/uploads\/2021\/04\/GIANNI-CARLI.mp3<\/a><\/audio>\n<p>&nbsp;<\/p>\n\n\t\t\t<style type='text\/css'>\n\t\t\t\t#gallery-3 {\n\t\t\t\t\tmargin: auto;\n\t\t\t\t}\n\t\t\t\t#gallery-3 .gallery-item {\n\t\t\t\t\tfloat: left;\n\t\t\t\t\tmargin-top: 10px;\n\t\t\t\t\ttext-align: center;\n\t\t\t\t\twidth: 50%;\n\t\t\t\t}\n\t\t\t\t#gallery-3 img {\n\t\t\t\t\tborder: 2px solid #cfcfcf;\n\t\t\t\t}\n\t\t\t\t#gallery-3 .gallery-caption {\n\t\t\t\t\tmargin-left: 0;\n\t\t\t\t}\n\t\t\t\t\/* see gallery_shortcode() in wp-includes\/media.php *\/\n\t\t\t<\/style>\n\t\t<div id='gallery-3' class='dt-gallery-container gallery galleryid-200600 gallery-columns-2 gallery-size-large'><dl class='gallery-item'>\n\t\t\t\t<dt class='gallery-icon landscape'>\n\t\t\t\t\t<a class=\"rollover rollover-zoom dt-pswp-item\" title=\"falcade caviola\" data-dt-img-description=\"\" data-large_image_width=\"1600\" data-large_image_height=\"898\"href='https:\/\/www.radiopiu.net\/wordpress\/wp-content\/uploads\/2021\/04\/6db80eb8-d49d-421d-9599-beba92ea41dc.jpg'><img loading=\"lazy\" decoding=\"async\" width=\"1024\" height=\"575\" src=\"https:\/\/www.radiopiu.net\/wordpress\/wp-content\/uploads\/2021\/04\/6db80eb8-d49d-421d-9599-beba92ea41dc-1024x575.jpg\" class=\"attachment-large size-large\" alt=\"\" srcset=\"https:\/\/www.radiopiu.net\/wordpress\/wp-content\/uploads\/2021\/04\/6db80eb8-d49d-421d-9599-beba92ea41dc-1024x575.jpg 1024w, https:\/\/www.radiopiu.net\/wordpress\/wp-content\/uploads\/2021\/04\/6db80eb8-d49d-421d-9599-beba92ea41dc-300x168.jpg 300w, https:\/\/www.radiopiu.net\/wordpress\/wp-content\/uploads\/2021\/04\/6db80eb8-d49d-421d-9599-beba92ea41dc-768x431.jpg 768w, https:\/\/www.radiopiu.net\/wordpress\/wp-content\/uploads\/2021\/04\/6db80eb8-d49d-421d-9599-beba92ea41dc-1536x862.jpg 1536w, https:\/\/www.radiopiu.net\/wordpress\/wp-content\/uploads\/2021\/04\/6db80eb8-d49d-421d-9599-beba92ea41dc.jpg 1600w\" sizes=\"auto, (max-width: 1024px) 100vw, 1024px\" \/><\/a>\n\t\t\t\t<\/dt><\/dl><dl class='gallery-item'>\n\t\t\t\t<dt class='gallery-icon landscape'>\n\t\t\t\t\t<a class=\"rollover rollover-zoom dt-pswp-item\" title=\"39352173-dcdc-4093-8724-23a427694a6f\" data-dt-img-description=\"\" data-large_image_width=\"1600\" data-large_image_height=\"898\"href='https:\/\/www.radiopiu.net\/wordpress\/wp-content\/uploads\/2021\/04\/39352173-dcdc-4093-8724-23a427694a6f.jpg'><img loading=\"lazy\" decoding=\"async\" width=\"1024\" height=\"575\" src=\"https:\/\/www.radiopiu.net\/wordpress\/wp-content\/uploads\/2021\/04\/39352173-dcdc-4093-8724-23a427694a6f-1024x575.jpg\" class=\"attachment-large size-large\" alt=\"\" srcset=\"https:\/\/www.radiopiu.net\/wordpress\/wp-content\/uploads\/2021\/04\/39352173-dcdc-4093-8724-23a427694a6f-1024x575.jpg 1024w, https:\/\/www.radiopiu.net\/wordpress\/wp-content\/uploads\/2021\/04\/39352173-dcdc-4093-8724-23a427694a6f-300x168.jpg 300w, https:\/\/www.radiopiu.net\/wordpress\/wp-content\/uploads\/2021\/04\/39352173-dcdc-4093-8724-23a427694a6f-768x431.jpg 768w, https:\/\/www.radiopiu.net\/wordpress\/wp-content\/uploads\/2021\/04\/39352173-dcdc-4093-8724-23a427694a6f-1536x862.jpg 1536w, https:\/\/www.radiopiu.net\/wordpress\/wp-content\/uploads\/2021\/04\/39352173-dcdc-4093-8724-23a427694a6f.jpg 1600w\" sizes=\"auto, (max-width: 1024px) 100vw, 1024px\" \/><\/a>\n\t\t\t\t<\/dt><\/dl><br style=\"clear: both\" \/>\n\t\t\t<\/div>\n\n<p>&nbsp;<\/p>\n<p>&nbsp;<\/p>\n<hr \/>\n<p>&nbsp;<\/p>\n<blockquote>\n<h3>BRUCIA IL BOSCO, LE FIAMME SCATURITE DA UN CORTO CIRCUITO IN UNA LEGNAIA<\/h3>\n<\/blockquote>\n<p><strong>SEREN DELGRAPPA<\/strong> Incendio\u00a0 in localit\u00e0 Carbonaia che si \u00e8\u00a0 propagato al bosco. A Carbonaia tutto \u00e8 iniziato dal deposito, da un filo elettrico, le fiamme si sono propagate nel bosco presente sopra le abitazioni. Un residente della zona ha visto il fuoco e ha dato l&#8217;allarme. Complessivamente sono andati arsi circa 10mila metri quadrati di bosco.<\/p>\n<p><span style=\"color: #ff0000;\"><strong>LO SQUADRONE ANTINCENDIO IN VAL CARBONAIA (IERI ALLA RADIO)<\/strong><\/span><\/p>\n<p><strong><img loading=\"lazy\" decoding=\"async\" class=\"alignleft\" src=\"https:\/\/www.radiopiu.net\/wordpress\/wp-content\/uploads\/2021\/04\/168116981_10158095625127544_8918909797528023866_n.jpg\" width=\"132\" height=\"118\" \/>SEREN DEL GRAPPA<\/strong> L&#8217;assessore alla protezione civile del Veneto Gianpaolo Bottacin ha dato notizia di un incendio boschivo in Val Carbonaia a Seren Del Grappa Immediatamente attivato il servizio di Antincendio boschivo \u00a0della Regione Veneto con il personale a terra. In arrivo anche l&#8217;elicottero regionale dedicato.<\/p>\n<p><strong>AGGIORNAMENTO 18.30<\/strong>\u00a0 Pur avendo coinvolto un&#8217;area vasta le squadre forestali con i volontari dell&#8217;Ana Feltre stanno gestendo la bonifica dei focolai da terra per il momento senza la necessit\u00e0 dell&#8217;elicottero, comunque allertato e pronto per un&#8217;eventuale partenza. Sul posto anche i vigili del fuoco.<\/p>\n<p><strong>AGGIORNAMENTO 1900<\/strong> proseguono le operazioni da parte delle squadre forestali AIB, insieme ai volontari dell&#8217;Ana Feltre (presenti con una ventina di uomini), coordinate dal DOS della Regione Veneto. Si sta completando lo spegnimento degli ultimi focolai e si proceder\u00e0 di seguito alla bonifica fino a chiusura delle operazioni, previste nella serata odierna. Nella mattinata di domani seguir\u00e0 comunque un&#8217;ulteriore verifica dello stato dei luoghi.<\/p>\n\n\t\t\t<style type='text\/css'>\n\t\t\t\t#gallery-4 {\n\t\t\t\t\tmargin: auto;\n\t\t\t\t}\n\t\t\t\t#gallery-4 .gallery-item {\n\t\t\t\t\tfloat: left;\n\t\t\t\t\tmargin-top: 10px;\n\t\t\t\t\ttext-align: center;\n\t\t\t\t\twidth: 25%;\n\t\t\t\t}\n\t\t\t\t#gallery-4 img {\n\t\t\t\t\tborder: 2px solid #cfcfcf;\n\t\t\t\t}\n\t\t\t\t#gallery-4 .gallery-caption {\n\t\t\t\t\tmargin-left: 0;\n\t\t\t\t}\n\t\t\t\t\/* see gallery_shortcode() in wp-includes\/media.php *\/\n\t\t\t<\/style>\n\t\t<div id='gallery-4' class='dt-gallery-container gallery galleryid-200600 gallery-columns-4 gallery-size-thumbnail'><dl class='gallery-item'>\n\t\t\t\t<dt class='gallery-icon landscape'>\n\t\t\t\t\t<a class=\"rollover rollover-zoom dt-pswp-item\" title=\"167531747_10158095861087544_8062829130351738457_n\" data-dt-img-description=\"\" data-large_image_width=\"600\" data-large_image_height=\"338\"href='https:\/\/www.radiopiu.net\/wordpress\/wp-content\/uploads\/2021\/04\/167531747_10158095861087544_8062829130351738457_n.jpg'><img loading=\"lazy\" decoding=\"async\" width=\"150\" height=\"150\" src=\"https:\/\/www.radiopiu.net\/wordpress\/wp-content\/uploads\/2021\/04\/167531747_10158095861087544_8062829130351738457_n-150x150.jpg\" class=\"attachment-thumbnail size-thumbnail\" alt=\"\" \/><\/a>\n\t\t\t\t<\/dt><\/dl><dl class='gallery-item'>\n\t\t\t\t<dt class='gallery-icon landscape'>\n\t\t\t\t\t<a class=\"rollover rollover-zoom dt-pswp-item\" title=\"167463542_10158095860992544_3796370307268363056_n\" data-dt-img-description=\"\" data-large_image_width=\"600\" data-large_image_height=\"338\"href='https:\/\/www.radiopiu.net\/wordpress\/wp-content\/uploads\/2021\/04\/167463542_10158095860992544_3796370307268363056_n.jpg'><img loading=\"lazy\" decoding=\"async\" width=\"150\" height=\"150\" src=\"https:\/\/www.radiopiu.net\/wordpress\/wp-content\/uploads\/2021\/04\/167463542_10158095860992544_3796370307268363056_n-150x150.jpg\" class=\"attachment-thumbnail size-thumbnail\" alt=\"\" \/><\/a>\n\t\t\t\t<\/dt><\/dl><dl class='gallery-item'>\n\t\t\t\t<dt class='gallery-icon landscape'>\n\t\t\t\t\t<a class=\"rollover rollover-zoom dt-pswp-item\" title=\"167598013_10158095860937544_5187542438640256815_n\" data-dt-img-description=\"\" data-large_image_width=\"600\" data-large_image_height=\"338\"href='https:\/\/www.radiopiu.net\/wordpress\/wp-content\/uploads\/2021\/04\/167598013_10158095860937544_5187542438640256815_n.jpg'><img loading=\"lazy\" decoding=\"async\" width=\"150\" height=\"150\" src=\"https:\/\/www.radiopiu.net\/wordpress\/wp-content\/uploads\/2021\/04\/167598013_10158095860937544_5187542438640256815_n-150x150.jpg\" class=\"attachment-thumbnail size-thumbnail\" alt=\"\" \/><\/a>\n\t\t\t\t<\/dt><\/dl><dl class='gallery-item'>\n\t\t\t\t<dt class='gallery-icon landscape'>\n\t\t\t\t\t<a class=\"rollover rollover-zoom dt-pswp-item\" title=\"167361046_10158095861057544_2612664433966428255_n\" data-dt-img-description=\"\" data-large_image_width=\"600\" data-large_image_height=\"338\"href='https:\/\/www.radiopiu.net\/wordpress\/wp-content\/uploads\/2021\/04\/167361046_10158095861057544_2612664433966428255_n.jpg'><img loading=\"lazy\" decoding=\"async\" width=\"150\" height=\"150\" src=\"https:\/\/www.radiopiu.net\/wordpress\/wp-content\/uploads\/2021\/04\/167361046_10158095861057544_2612664433966428255_n-150x150.jpg\" class=\"attachment-thumbnail size-thumbnail\" alt=\"\" \/><\/a>\n\t\t\t\t<\/dt><\/dl><br style=\"clear: both\" \/>\n\t\t\t<\/div>\n\n<p><strong>AGGIORNAMENTO 20.00 <\/strong>in fase di chiusura le operazioni di bonifica. L&#8217;assessore Gianpaolo Bottacin &#8220;<em>Come preannunciato, nella mattinata di domani, seguir\u00e0 comunque una verifica ulteriore dello stato dei luoghi. Un grande ringraziamento ai volontari_AIB dell&#8217; Ana_Feltre, presenti con le squadre della citt\u00e0, ma anche di Lamon, Lentiai e Santa Giustina. Una collaborazione sempre preziosa&#8221;.<\/em><\/p>\n<p>&nbsp;<\/p>\n\n\t\t\t<style type='text\/css'>\n\t\t\t\t#gallery-5 {\n\t\t\t\t\tmargin: auto;\n\t\t\t\t}\n\t\t\t\t#gallery-5 .gallery-item {\n\t\t\t\t\tfloat: left;\n\t\t\t\t\tmargin-top: 10px;\n\t\t\t\t\ttext-align: center;\n\t\t\t\t\twidth: 33%;\n\t\t\t\t}\n\t\t\t\t#gallery-5 img {\n\t\t\t\t\tborder: 2px solid #cfcfcf;\n\t\t\t\t}\n\t\t\t\t#gallery-5 .gallery-caption {\n\t\t\t\t\tmargin-left: 0;\n\t\t\t\t}\n\t\t\t\t\/* see gallery_shortcode() in wp-includes\/media.php *\/\n\t\t\t<\/style>\n\t\t<div id='gallery-5' class='dt-gallery-container gallery galleryid-200600 gallery-columns-3 gallery-size-thumbnail'><dl class='gallery-item'>\n\t\t\t\t<dt class='gallery-icon landscape'>\n\t\t\t\t\t<a class=\"rollover rollover-zoom dt-pswp-item\" title=\"167499385_10158095965022544_4256009849195210423_n\" data-dt-img-description=\"\" data-large_image_width=\"600\" data-large_image_height=\"338\"href='https:\/\/www.radiopiu.net\/wordpress\/wp-content\/uploads\/2021\/04\/167499385_10158095965022544_4256009849195210423_n.jpg'><img loading=\"lazy\" decoding=\"async\" width=\"150\" height=\"150\" src=\"https:\/\/www.radiopiu.net\/wordpress\/wp-content\/uploads\/2021\/04\/167499385_10158095965022544_4256009849195210423_n-150x150.jpg\" class=\"attachment-thumbnail size-thumbnail\" alt=\"\" \/><\/a>\n\t\t\t\t<\/dt><\/dl><dl class='gallery-item'>\n\t\t\t\t<dt class='gallery-icon landscape'>\n\t\t\t\t\t<a class=\"rollover rollover-zoom dt-pswp-item\" title=\"167572554_10158095965452544_8535312092393070943_n\" data-dt-img-description=\"\" data-large_image_width=\"600\" data-large_image_height=\"338\"href='https:\/\/www.radiopiu.net\/wordpress\/wp-content\/uploads\/2021\/04\/167572554_10158095965452544_8535312092393070943_n.jpg'><img loading=\"lazy\" decoding=\"async\" width=\"150\" height=\"150\" src=\"https:\/\/www.radiopiu.net\/wordpress\/wp-content\/uploads\/2021\/04\/167572554_10158095965452544_8535312092393070943_n-150x150.jpg\" class=\"attachment-thumbnail size-thumbnail\" alt=\"\" \/><\/a>\n\t\t\t\t<\/dt><\/dl><dl class='gallery-item'>\n\t\t\t\t<dt class='gallery-icon landscape'>\n\t\t\t\t\t<a class=\"rollover rollover-zoom dt-pswp-item\" title=\"167328188_10158095965232544_1836730405710818170_n\" data-dt-img-description=\"\" data-large_image_width=\"600\" data-large_image_height=\"338\"href='https:\/\/www.radiopiu.net\/wordpress\/wp-content\/uploads\/2021\/04\/167328188_10158095965232544_1836730405710818170_n.jpg'><img loading=\"lazy\" decoding=\"async\" width=\"150\" height=\"150\" src=\"https:\/\/www.radiopiu.net\/wordpress\/wp-content\/uploads\/2021\/04\/167328188_10158095965232544_1836730405710818170_n-150x150.jpg\" class=\"attachment-thumbnail size-thumbnail\" alt=\"\" \/><\/a>\n\t\t\t\t<\/dt><\/dl><br style=\"clear: both\" \/>\n\t\t\t<\/div>\n\n<p>&nbsp;<\/p>\n<hr \/>\n<p>&nbsp;<\/p>\n<p><strong>CESIOMAGGIORE<\/strong> \u00a0Allarme all&#8217;Azienda agricola La Feltrina in localit\u00e0 Pradaghe. Un incendio, fortunatamente controllato dai vigili del fuoco prima si potesse espandere, si \u00e8 sviluppato attorno a mezzogiorno, probabilmente a causa di un mozzicone di sigaretta gettato da qualche automobilista in transito.\u00a0 L&#8217;incendio\u00a0 ha interessato un tratto di sottobosco. L&#8217;intervento si \u00e8 chiuso dopo un&#8217;ora e mezza.<\/p>\n<p>&nbsp;<\/p>\n<p>&nbsp;<\/p>\n<blockquote>\n<hr \/>\n<h3>UNA SENTINELLA SUL TETTO DEL FOLLADOR, UN AIUTO PER SALVARE IL PIANETA<\/h3>\n<\/blockquote>\n<p>&nbsp;<\/p>\n<p><strong>AGORDO<\/strong><\/p>\n<p>di Gianni Santomaso<\/p>\n<audio class=\"wp-audio-shortcode\" id=\"audio-200600-4\" preload=\"none\" style=\"width: 100%;\" controls=\"controls\"><source type=\"audio\/mpeg\" src=\"https:\/\/www.radiopiu.net\/wordpress\/wp-content\/uploads\/2021\/04\/gianni-cielo.mp3?_=4\" \/><a href=\"https:\/\/www.radiopiu.net\/wordpress\/wp-content\/uploads\/2021\/04\/gianni-cielo.mp3\">https:\/\/www.radiopiu.net\/wordpress\/wp-content\/uploads\/2021\/04\/gianni-cielo.mp3<\/a><\/audio>\n<p>&nbsp;<\/p>\n\n\t\t\t<style type='text\/css'>\n\t\t\t\t#gallery-6 {\n\t\t\t\t\tmargin: auto;\n\t\t\t\t}\n\t\t\t\t#gallery-6 .gallery-item {\n\t\t\t\t\tfloat: left;\n\t\t\t\t\tmargin-top: 10px;\n\t\t\t\t\ttext-align: center;\n\t\t\t\t\twidth: 33%;\n\t\t\t\t}\n\t\t\t\t#gallery-6 img {\n\t\t\t\t\tborder: 2px solid #cfcfcf;\n\t\t\t\t}\n\t\t\t\t#gallery-6 .gallery-caption {\n\t\t\t\t\tmargin-left: 0;\n\t\t\t\t}\n\t\t\t\t\/* see gallery_shortcode() in wp-includes\/media.php *\/\n\t\t\t<\/style>\n\t\t<div id='gallery-6' class='dt-gallery-container gallery galleryid-200600 gallery-columns-3 gallery-size-full'><dl class='gallery-item'>\n\t\t\t\t<dt class='gallery-icon portrait'>\n\t\t\t\t\t<a class=\"rollover\" href='https:\/\/www.radiopiu.net\/wordpress\/una-sentinella-sul-tetto-del-follador-un-aiuto-per-salvare-il-pianeta\/particolare\/'><img loading=\"lazy\" decoding=\"async\" width=\"1920\" height=\"2560\" src=\"https:\/\/www.radiopiu.net\/wordpress\/wp-content\/uploads\/2021\/04\/PARTICOLARE-scaled.jpg\" class=\"attachment-full size-full\" alt=\"\" srcset=\"https:\/\/www.radiopiu.net\/wordpress\/wp-content\/uploads\/2021\/04\/PARTICOLARE-scaled.jpg 1920w, https:\/\/www.radiopiu.net\/wordpress\/wp-content\/uploads\/2021\/04\/PARTICOLARE-225x300.jpg 225w, https:\/\/www.radiopiu.net\/wordpress\/wp-content\/uploads\/2021\/04\/PARTICOLARE-768x1024.jpg 768w, https:\/\/www.radiopiu.net\/wordpress\/wp-content\/uploads\/2021\/04\/PARTICOLARE-1152x1536.jpg 1152w, https:\/\/www.radiopiu.net\/wordpress\/wp-content\/uploads\/2021\/04\/PARTICOLARE-1536x2048.jpg 1536w\" sizes=\"auto, (max-width: 1920px) 100vw, 1920px\" \/><\/a>\n\t\t\t\t<\/dt><\/dl><dl class='gallery-item'>\n\t\t\t\t<dt class='gallery-icon landscape'>\n\t\t\t\t\t<a class=\"rollover\" href='https:\/\/www.radiopiu.net\/wordpress\/una-sentinella-sul-tetto-del-follador-un-aiuto-per-salvare-il-pianeta\/camera-prisma-2\/'><img loading=\"lazy\" decoding=\"async\" width=\"2560\" height=\"1920\" src=\"https:\/\/www.radiopiu.net\/wordpress\/wp-content\/uploads\/2021\/04\/CAMERA-PRISMA-scaled.jpg\" class=\"attachment-full size-full\" alt=\"\" srcset=\"https:\/\/www.radiopiu.net\/wordpress\/wp-content\/uploads\/2021\/04\/CAMERA-PRISMA-scaled.jpg 2560w, https:\/\/www.radiopiu.net\/wordpress\/wp-content\/uploads\/2021\/04\/CAMERA-PRISMA-300x225.jpg 300w, https:\/\/www.radiopiu.net\/wordpress\/wp-content\/uploads\/2021\/04\/CAMERA-PRISMA-1024x768.jpg 1024w, https:\/\/www.radiopiu.net\/wordpress\/wp-content\/uploads\/2021\/04\/CAMERA-PRISMA-768x576.jpg 768w, https:\/\/www.radiopiu.net\/wordpress\/wp-content\/uploads\/2021\/04\/CAMERA-PRISMA-1536x1152.jpg 1536w, https:\/\/www.radiopiu.net\/wordpress\/wp-content\/uploads\/2021\/04\/CAMERA-PRISMA-2048x1536.jpg 2048w\" sizes=\"auto, (max-width: 2560px) 100vw, 2560px\" \/><\/a>\n\t\t\t\t<\/dt><\/dl><dl class='gallery-item'>\n\t\t\t\t<dt class='gallery-icon portrait'>\n\t\t\t\t\t<a class=\"rollover\" href='https:\/\/www.radiopiu.net\/wordpress\/una-sentinella-sul-tetto-del-follador-un-aiuto-per-salvare-il-pianeta\/camera-prisma\/'><img loading=\"lazy\" decoding=\"async\" width=\"272\" height=\"353\" src=\"https:\/\/www.radiopiu.net\/wordpress\/wp-content\/uploads\/2021\/04\/CAMERA-PRISMA.png\" class=\"attachment-full size-full\" alt=\"\" srcset=\"https:\/\/www.radiopiu.net\/wordpress\/wp-content\/uploads\/2021\/04\/CAMERA-PRISMA.png 272w, https:\/\/www.radiopiu.net\/wordpress\/wp-content\/uploads\/2021\/04\/CAMERA-PRISMA-231x300.png 231w\" sizes=\"auto, (max-width: 272px) 100vw, 272px\" \/><\/a>\n\t\t\t\t<\/dt><\/dl><br style=\"clear: both\" \/>\n\t\t\t<\/div>\n\n<p>&nbsp;<\/p>\n<p>&nbsp;<\/p>\n<hr \/>\n<blockquote>\n<h3><\/h3>\n<h3>A PASQUA CLIMA FRESCO MA CON IL SOLE, MARTEDI PIOGGIA<\/h3>\n<\/blockquote>\n<p><span style=\"font-family: Arial, serif;\"><img decoding=\"async\" class=\"alignleft\" src=\"https:\/\/www.radiopiu.net\/wordpress\/wp-content\/uploads\/2020\/04\/foto-poesia-john-francis-della-pietra-la-pasqua-che-verra.jpg\" \/>Dopo un marzo molto secco e una fine mese all\u2019insegna di temperature diurne molto elevate, sulla regione \u00e8 prevista una fase di variabilit\u00e0 con qualche pioggia tra venerd\u00ec pomeriggio e sabato. Per Pasqua e Pasquetta il tempo sar\u00e0 di nuovo in prevalenza soleggiato ma con temperature in marcato calo. Probabile cambio di scenario da luned\u00ec sera per l\u2019avvicinarsi di una perturbazione fredda in transito nella successiva giornata di marted\u00ec 6. <\/span><span style=\"font-family: Arial, serif;\"><b>Le piogge molto scarse di marzo<\/b><\/span><span style=\"font-family: Arial, serif;\">. <\/span><span style=\"font-family: Arial, serif;\">Il mese di marzo in Veneto \u00e8 stato contraddistinto da una eccezionale scarsit\u00e0 di precipitazioni, che lo colloca al secondo posto, dopo il 2003, come mese pi\u00f9 siccitoso dal 1992. <\/span><span style=\"font-family: Arial, serif;\"><b>Le temperature molto calde di fine marzo<\/b><\/span><span style=\"font-family: Arial, serif;\"> hanno raggiunto valori massimi ben superiori alla media del periodo, con clima di stampo quasi estivo.<\/span><span style=\"font-family: Arial, serif;\">I valori massimi mercoled\u00ec 31 marzo sono stati mediamente di 25-26\u00b0C in molte zone della pianura, 23-25\u00b0C nei fondovalle prealpini, intorno ai 20\u00b0C nei fondovalle dolomitici. Tali valori risultano in genere superiori di 6-8\u00b0C alla media del periodo: per l\u2019ultima decade di marzo rappresentano, in molti casi, dei record per le zone montane<\/span><\/p>\n<p>&nbsp;<\/p>\n<p>&nbsp;<\/p>\n<hr \/>\n<h3><\/h3>\n<blockquote>\n<h3>OBBLIGO DI VACCINAZIONI DA DECRETO, GLI ORDINI PREPARANO GLI ELENCHI<\/h3>\n<\/blockquote>\n<p><strong><em><img loading=\"lazy\" decoding=\"async\" class=\"alignleft\" src=\"https:\/\/www.radiopiu.net\/wordpress\/wp-content\/uploads\/2021\/04\/131257f9-918d-4fc5-b842-585e1f0c2adb.jpg\" width=\"185\" height=\"104\" \/><\/em>VENEZIA<\/strong> La dottoressa Francesca Russo in conferenza stampa commenta la prima bozza del nuovo decreto a tutela salute pubblica. Per il no vax si preannunciano tempi duri,\u00a0 nel giro di un mese (tra comunicazioni degli ordini, Regione e Ulss)\u00a0 i datori di lavoro potranno decidere se spostare chi rifiuta i vaccini ad altra mansione o addirittura sospenderlo dal lavoro senza retribuzione. Sono 1.800 gli operatori socio-sanitari che non sono ancora stati sottoposti a vaccinazione, questo non vuol dire che sono tutti inadempienti, prima servir\u00e0\u00a0 una verifica per stabilire per quale motivo non sono stati ancora vaccinati.<\/p>\n<p><span style=\"color: #ff0000;\">AUDIO<\/span><\/p>\n<p><strong>LA DOTTORESSA FRANCESCA RUSSO<\/strong><\/p>\n<audio class=\"wp-audio-shortcode\" id=\"audio-200600-5\" preload=\"none\" style=\"width: 100%;\" controls=\"controls\"><source type=\"audio\/mpeg\" src=\"https:\/\/www.radiopiu.net\/wordpress\/wp-content\/uploads\/2021\/04\/FRANCESCA-RUSSO.mp3?_=5\" \/><a href=\"https:\/\/www.radiopiu.net\/wordpress\/wp-content\/uploads\/2021\/04\/FRANCESCA-RUSSO.mp3\">https:\/\/www.radiopiu.net\/wordpress\/wp-content\/uploads\/2021\/04\/FRANCESCA-RUSSO.mp3<\/a><\/audio>\n<p><strong>GLI OSS NON HANNO UN ORDINE PROFESSIONALE<\/strong> &#8220;<em>Abbiamo l&#8217;elenco degli Oss che lavorano presso le nostre strutture, ho gi\u00e0 chiesto di verificare questo percorso, non \u00e8 un problema&#8221;.<\/em>ha spiegato la dottoressa Russo.<\/p>\n<p>&nbsp;<\/p>\n<hr \/>\n<blockquote>\n<h3><\/h3>\n<h3>IL NUOVO SISTEMA DI PRENOTAZIONE VACCINI &#8211; LE ULTIME NOTIZIE DA BELLUNO<\/h3>\n<\/blockquote>\n<p><strong>di Moreno Gioli<\/strong><\/p>\n<audio class=\"wp-audio-shortcode\" id=\"audio-200600-6\" preload=\"none\" style=\"width: 100%;\" controls=\"controls\"><source type=\"audio\/mpeg\" src=\"https:\/\/www.radiopiu.net\/wordpress\/wp-content\/uploads\/2021\/04\/MORENO-ATTIVO.mp3?_=6\" \/><a href=\"https:\/\/www.radiopiu.net\/wordpress\/wp-content\/uploads\/2021\/04\/MORENO-ATTIVO.mp3\">https:\/\/www.radiopiu.net\/wordpress\/wp-content\/uploads\/2021\/04\/MORENO-ATTIVO.mp3<\/a><\/audio>\n<p>&nbsp;<\/p>\n<p><strong><a href=\"https:\/\/www.radiopiu.net\/wordpress\/il-nuovo-direttore-della-ulss1-accolta-con-un-sorriso-auspicando-sorrisi\/carraro-7-300x225\/\" rel=\"attachment wp-att-194640\"><img loading=\"lazy\" decoding=\"async\" class=\" wp-image-194640 alignleft\" src=\"https:\/\/www.radiopiu.net\/wordpress\/wp-content\/uploads\/2021\/03\/Carraro-7-300x225-1.jpg\" alt=\"\" width=\"156\" height=\"117\" \/><\/a>BELLUNO<\/strong> Conferenza stampa del direttore generale Maria Grazia Carraro sul nuovo sistema di prenotazione del vaccino in vigore da ieri tramite il portale internet. Ieri mattina non sono mancate le telefonate in azienda da persone che non hanno molto chiaro che non \u00e8 possibile oggi prenotarsi, prima si rispettano le varie classi. Non c&#8217;\u00e8 una lista over 70 per mancanza di vaccino. Si stanno esaurendo le disponibilit\u00e0 per over 80, vulnerabili e disabili.<\/p>\n<blockquote>\n<h3>IL DIRETTORE GENERALE MARIA GRAZIA CARRARO<\/h3>\n<\/blockquote>\n<p><em>Il sistema non\u00a0 \u00e8 andato in tilt pur con un aumento di telefonate del 10% rispetto ai giorni precedenti correlate a &#8220;non riesco a prenotare&#8221; magari perch\u00e9 l&#8217;utente \u00e8 fuori fascia d&#8217;et\u00e0.<\/em><\/p>\n<audio class=\"wp-audio-shortcode\" id=\"audio-200600-7\" preload=\"none\" style=\"width: 100%;\" controls=\"controls\"><source type=\"audio\/mpeg\" src=\"https:\/\/www.radiopiu.net\/wordpress\/wp-content\/uploads\/2021\/04\/carraro.mp3?_=7\" \/><a href=\"https:\/\/www.radiopiu.net\/wordpress\/wp-content\/uploads\/2021\/04\/carraro.mp3\">https:\/\/www.radiopiu.net\/wordpress\/wp-content\/uploads\/2021\/04\/carraro.mp3<\/a><\/audio>\n<p>&nbsp;<\/p>\n<p>&nbsp;<\/p>\n<hr \/>\n<p>&nbsp;<\/p>\n<p>&nbsp;<\/p>\n<p>&nbsp;<\/p>\n<p><strong>DRIVE IN TAMPONI<\/strong> Sabato 3 aprile e Luned\u00ec 5 aprile 2021 (Pasquetta) sar\u00e0 sospesa l\u2019esecuzione dei tamponi\u00a0 presso il drive in di Feltre, per consentire <a href=\"https:\/\/www.radiopiu.net\/wordpress\/ieri-le-vaccinazioni-astrazeneca-ad-agordo-dai-75-ai-79-anni\/drive-in\/\" rel=\"attachment wp-att-198327\"><img loading=\"lazy\" decoding=\"async\" class=\"size-medium wp-image-198327 alignright\" src=\"https:\/\/www.radiopiu.net\/wordpress\/wp-content\/uploads\/2021\/03\/Drive-in-300x169.jpg\" alt=\"\" width=\"300\" height=\"169\" srcset=\"https:\/\/www.radiopiu.net\/wordpress\/wp-content\/uploads\/2021\/03\/Drive-in-300x169.jpg 300w, https:\/\/www.radiopiu.net\/wordpress\/wp-content\/uploads\/2021\/03\/Drive-in-1024x576.jpg 1024w, https:\/\/www.radiopiu.net\/wordpress\/wp-content\/uploads\/2021\/03\/Drive-in-768x432.jpg 768w, https:\/\/www.radiopiu.net\/wordpress\/wp-content\/uploads\/2021\/03\/Drive-in.jpg 1280w\" sizes=\"auto, (max-width: 300px) 100vw, 300px\" \/><\/a>l\u2019attivit\u00e0 vaccinale. Coloro che non possono spostare il tampone\u00a0 potranno eseguire l\u2019esame recandosi dalle 8.30 alle 12.30 a Paludi.<\/p>\n<p><strong>Riprogrammate alcune prime dosi di vaccino anti-Covid. <\/strong>Confermate tutte le seconde dosi in appuntamento Per carenza di vaccino anti-Covid, le prime dosi in programma a partire dal 2 aprile pomeriggio al 6 aprile sono state riprogrammate. In particolare:<\/p>\n<table border=\"1\" width=\"100%\" cellspacing=\"0\" cellpadding=\"4\">\n<tbody>\n<tr valign=\"TOP\">\n<td width=\"45%\">\n<p align=\"CENTER\"><span style=\"font-family: Arial, sans-serif;\"><b>Data in programma<\/b><\/span><\/p>\n<\/td>\n<td width=\"55%\">\n<p align=\"CENTER\"><span style=\"font-family: Arial, sans-serif;\"><b>Nuova data<\/b><\/span><\/p>\n<\/td>\n<\/tr>\n<tr valign=\"TOP\">\n<td width=\"45%\">\n<p align=\"CENTER\"><span style=\"font-family: Arial, sans-serif;\">2 aprile pomeriggio (Feltre)<\/span><\/p>\n<\/td>\n<td rowspan=\"2\" width=\"55%\">\n<p align=\"CENTER\"><span style=\"font-family: Arial, sans-serif;\"><b>9 aprile<\/b><\/span><\/p>\n<p align=\"CENTER\"><span style=\"font-family: Arial, sans-serif;\">stessa sede e orario dell\u2019appuntamento dato<\/span><\/p>\n<\/td>\n<\/tr>\n<tr valign=\"TOP\">\n<td width=\"45%\">\n<p align=\"CENTER\"><span style=\"font-family: Arial, sans-serif;\">3 aprile (tutte le sedi)<\/span><\/p>\n<\/td>\n<\/tr>\n<tr valign=\"TOP\">\n<td width=\"45%\">\n<p align=\"CENTER\"><span style=\"font-family: Arial, sans-serif;\">5 aprile (tutte le sedi)<\/span><\/p>\n<\/td>\n<td rowspan=\"2\" width=\"55%\">\n<p align=\"CENTER\"><span style=\"font-family: Arial, sans-serif;\"><b>11 aprile<\/b><\/span><\/p>\n<p align=\"CENTER\"><span style=\"font-family: Arial, sans-serif;\">stessa sede e orario dell\u2019appuntamento dato<\/span><\/p>\n<\/td>\n<\/tr>\n<tr valign=\"TOP\">\n<td width=\"45%\" height=\"13\">\n<p align=\"CENTER\"><span style=\"font-family: Arial, sans-serif;\">6 aprile (tutte le sedi)<\/span><\/p>\n<\/td>\n<\/tr>\n<\/tbody>\n<\/table>\n<p>&nbsp;<\/p>\n<p>Sono confermate le sedute, anche per le prime dosi, di oggi a Belluno e Tai di Cadore. Agli utenti in appuntamento con numero disponibile nei sistemi aziendali \u00e8 in corso di invio un SMS con la nuova data programmata. Inoltre, il CUP contatter\u00e0 gli utenti interessati dalla riprogrammazione nei prossimi giorni. Le seconde dosi in programma sono invece garantite.<\/p>\n<p>&nbsp;<\/p>\n<p>&nbsp;<\/p>\n<p>&nbsp;<\/p>\n<hr \/>\n<p>&nbsp;<\/p>\n<blockquote>\n<h3>IL COMUNE DI LIVINALLONGO IN AIUTO DEGLI ANZIANI, MA NON SOLO, PER PRENOTARE IL VACCINO ONLINE<\/h3>\n<\/blockquote>\n<p><strong><a href=\"https:\/\/www.radiopiu.net\/wordpress\/il-comune-di-livinallongo-in-aiuto-degli-anziani-ma-non-solo-per-prenotare-il-vaccino-online\/d28bcc05-87da-42e9-b918-62aeb5dab1ef\/\" rel=\"attachment wp-att-200631\"><img loading=\"lazy\" decoding=\"async\" class=\" wp-image-200631 alignleft\" src=\"https:\/\/www.radiopiu.net\/wordpress\/wp-content\/uploads\/2021\/04\/d28bcc05-87da-42e9-b918-62aeb5dab1ef-224x300.jpg\" alt=\"\" width=\"127\" height=\"170\" srcset=\"https:\/\/www.radiopiu.net\/wordpress\/wp-content\/uploads\/2021\/04\/d28bcc05-87da-42e9-b918-62aeb5dab1ef-224x300.jpg 224w, https:\/\/www.radiopiu.net\/wordpress\/wp-content\/uploads\/2021\/04\/d28bcc05-87da-42e9-b918-62aeb5dab1ef.jpg 766w\" sizes=\"auto, (max-width: 127px) 100vw, 127px\" \/><\/a>LIVINALLONGO<\/strong> In occasione dell&#8217;apertura del portale regionale per la prenotazione online del vaccino, il comune di Livinallongo, al fine di aiutare le persone che non dispongono di dispositivi tecnologici per la navigazione in internet o non abbiano le capacit\u00e0 per usarli, ha messo a disposizione un punto prenotazione presso il municipio. Per informazioni 0436 7193 (Interno 1).<\/p>\n<p>&nbsp;<\/p>\n<p>&nbsp;<\/p>\n<p>&nbsp;<\/p>\n<p>&nbsp;<\/p>\n<hr \/>\n<blockquote>\n<h3>ALLEGHE E ROCCA, ORGANIZZAZIONE VACCINI<\/h3>\n<\/blockquote>\n<p><strong><img loading=\"lazy\" decoding=\"async\" class=\"alignleft\" src=\"https:\/\/www.radiopiu.net\/wordpress\/wp-content\/uploads\/2021\/04\/c38c5470-34c7-4e0c-b6c4-68e42809bee3.jpg\" width=\"190\" height=\"143\" \/>ROCCA PIETORE<\/strong> Ad Alleghe in palestra, a Rocca Pietore nella sede dell&#8217;ambulanza e si concretizza l&#8217;obiettivo dei due Comuni di portare la vaccinazione a casa. Il dottor Mascazoni ad Alleghe, il dottor Allegro a Rocca Pietore si sono\u00a0 subito dichiarati disponibili cos\u00ec come il\u00a0 nuovo Gruppo ANA Rocca Pietore di Protezione Civile. Nota di merito per Michela dell&#8217;ufficio anagrafe di Rocca Pietore che\u00a0 ha organizzato la vaccinazione per i suoi pazienti dai 75 ai 79 anni per Lara de Silvestro che in accordo con il\u00a0 dottor Mascazoni ha provveduto a chiamare i propri concittadini alleghesi per fissare l&#8217;appuntamento per la vaccinazione. <em>&#8220;Sono state vaccinate 40 persone in due giorni<\/em>&#8221; ricorda il sindaco Danilo De Toni. Per il servizio di assistenza alla popolazione nella palestra di Caprile era presente il gruppo comunale di protezione civile Alleghe con 2 operatori. Il gruppo di Alleghe inoltre \u00e8 operativo a Tamonich di Agordo\u00a0 (ieri in doppia sede Agordo\/Alleghe) assieme agli altri gruppi del volontariato\u00a0 bellunese.<\/p>\n\n\t\t\t<style type='text\/css'>\n\t\t\t\t#gallery-7 {\n\t\t\t\t\tmargin: auto;\n\t\t\t\t}\n\t\t\t\t#gallery-7 .gallery-item {\n\t\t\t\t\tfloat: left;\n\t\t\t\t\tmargin-top: 10px;\n\t\t\t\t\ttext-align: center;\n\t\t\t\t\twidth: 33%;\n\t\t\t\t}\n\t\t\t\t#gallery-7 img {\n\t\t\t\t\tborder: 2px solid #cfcfcf;\n\t\t\t\t}\n\t\t\t\t#gallery-7 .gallery-caption {\n\t\t\t\t\tmargin-left: 0;\n\t\t\t\t}\n\t\t\t\t\/* see gallery_shortcode() in wp-includes\/media.php *\/\n\t\t\t<\/style>\n\t\t<div id='gallery-7' class='dt-gallery-container gallery galleryid-200600 gallery-columns-3 gallery-size-thumbnail'><dl class='gallery-item'>\n\t\t\t\t<dt class='gallery-icon landscape'>\n\t\t\t\t\t<a class=\"rollover rollover-zoom dt-pswp-item\" title=\"protezione civile\" data-dt-img-description=\"\" data-large_image_width=\"960\" data-large_image_height=\"772\"href='https:\/\/www.radiopiu.net\/wordpress\/wp-content\/uploads\/2021\/04\/ac89acda-5fc2-4bd7-9879-55ce91b6093b.jpg'><img loading=\"lazy\" decoding=\"async\" width=\"150\" height=\"150\" src=\"https:\/\/www.radiopiu.net\/wordpress\/wp-content\/uploads\/2021\/04\/ac89acda-5fc2-4bd7-9879-55ce91b6093b-150x150.jpg\" class=\"attachment-thumbnail size-thumbnail\" alt=\"\" \/><\/a>\n\t\t\t\t<\/dt><\/dl><dl class='gallery-item'>\n\t\t\t\t<dt class='gallery-icon landscape'>\n\t\t\t\t\t<a class=\"rollover rollover-zoom dt-pswp-item\" title=\"04b2c67a-04e2-4bdc-9311-9b11a0ed7484\" data-dt-img-description=\"\" data-large_image_width=\"1600\" data-large_image_height=\"1200\"href='https:\/\/www.radiopiu.net\/wordpress\/wp-content\/uploads\/2021\/04\/04b2c67a-04e2-4bdc-9311-9b11a0ed7484.jpg'><img loading=\"lazy\" decoding=\"async\" width=\"150\" height=\"150\" src=\"https:\/\/www.radiopiu.net\/wordpress\/wp-content\/uploads\/2021\/04\/04b2c67a-04e2-4bdc-9311-9b11a0ed7484-150x150.jpg\" class=\"attachment-thumbnail size-thumbnail\" alt=\"\" \/><\/a>\n\t\t\t\t<\/dt><\/dl><dl class='gallery-item'>\n\t\t\t\t<dt class='gallery-icon portrait'>\n\t\t\t\t\t<a class=\"rollover rollover-zoom dt-pswp-item\" title=\"protezione civile\" data-dt-img-description=\"\" data-large_image_width=\"1488\" data-large_image_height=\"1984\"href='https:\/\/www.radiopiu.net\/wordpress\/wp-content\/uploads\/2021\/04\/641801c5-bbcd-4fc2-8489-a2337f03c7ca.jpg'><img loading=\"lazy\" decoding=\"async\" width=\"150\" height=\"150\" src=\"https:\/\/www.radiopiu.net\/wordpress\/wp-content\/uploads\/2021\/04\/641801c5-bbcd-4fc2-8489-a2337f03c7ca-150x150.jpg\" class=\"attachment-thumbnail size-thumbnail\" alt=\"\" \/><\/a>\n\t\t\t\t<\/dt><\/dl><br style=\"clear: both\" \/>\n\t\t\t<\/div>\n\n<p>&nbsp;<\/p>\n<p>&nbsp;<\/p>\n<hr \/>\n<p>&nbsp;<\/p>\n<blockquote>\n<h3>VALPE E UNIONE MONTANA DISPONIBILI A TROVARE LE OPPORTUNE SOLUZIONI PER LA FATTURAZIONE<\/h3>\n<p><strong>dal Corriere delle Alpi, Gianni Santomaso\u00a0<\/strong><\/p><\/blockquote>\n<audio class=\"wp-audio-shortcode\" id=\"audio-200600-8\" preload=\"none\" style=\"width: 100%;\" controls=\"controls\"><source type=\"audio\/mpeg\" src=\"https:\/\/www.radiopiu.net\/wordpress\/wp-content\/uploads\/2021\/04\/GIANNI-VALPE.mp3?_=8\" \/><a href=\"https:\/\/www.radiopiu.net\/wordpress\/wp-content\/uploads\/2021\/04\/GIANNI-VALPE.mp3\">https:\/\/www.radiopiu.net\/wordpress\/wp-content\/uploads\/2021\/04\/GIANNI-VALPE.mp3<\/a><\/audio>\n<p><strong><a href=\"https:\/\/www.radiopiu.net\/wordpress\/maltempo-possibili-problemi-alla-raccolta-dei-rifiuti-e-chiusura-di-sportelli-ed-ecocentri-al-pomeriggio\/logo-valpe-verticale\/\" rel=\"attachment wp-att-65542\"><img loading=\"lazy\" decoding=\"async\" class=\" wp-image-65542 alignleft\" src=\"https:\/\/www.radiopiu.net\/wordpress\/wp-content\/uploads\/2018\/10\/logo-valpe-verticale-300x298.jpg\" alt=\"\" width=\"214\" height=\"213\" srcset=\"https:\/\/www.radiopiu.net\/wordpress\/wp-content\/uploads\/2018\/10\/logo-valpe-verticale-300x298.jpg 300w, https:\/\/www.radiopiu.net\/wordpress\/wp-content\/uploads\/2018\/10\/logo-valpe-verticale-150x150.jpg 150w, https:\/\/www.radiopiu.net\/wordpress\/wp-content\/uploads\/2018\/10\/logo-valpe-verticale.jpg 370w\" sizes=\"auto, (max-width: 214px) 100vw, 214px\" \/><\/a>AGORDO<\/strong>\u00a0 Attivit\u00e0 commerciali chiuse, ma le fatture della raccolta rifiuti (come Enel, compagnie telefoniche, etc.) sono arrivate puntuali come sempre e non importa se la gente non ha lavorato e nemmeno prodotto immondizie, le fatture fanno si riferimento al 2020 e comprendono l&#8217;acconto per il primo semestre. Valpe Ambiente e Unione Montana sono stati richiamati dalla Confcommercio che invita l&#8217;azienda a sospendere la riscossione della tariffa per la gestione del servizio di gestione dei rifiuti.\u00a0 L&#8217;Azienda Valpe Ambiente\u00a0 risponde, come gi\u00e0 fatto con le Associazioni di categoria. Le fatture che stanno arrivando contengono il conguaglio per i servizi resi nel 2020, comprensivo delle eventuali agevolazioni tariffarie per le utenze non domestiche che ne abbiano fatto richiesta, e un acconto per il solo primo semestre del 2021, calcolato sulla met\u00e0 di quanto dovuto 2020.\u00a0 <em>&#8220;L\u2019azienda\u00a0 Valpe \u00e8 a disposizione delle utenze che stanno attraversando situazioni di difficolt\u00e0 con\u00a0 la possibilit\u00e0 di accedere alle agevolazioni tariffarie approvate dall\u2019Unione Montana Agordina: azzeramento della quota variabile, per il secco non riciclabile le riduzioni risultano automatiche: se non si svuota il bidone, non si paga. Inoltre, alle aziende a cui \u00e8 stata concessa l\u2019agevolazione, non sono stati imputati svuotamenti minimi per tutto l\u2019anno&#8221;. <\/em>Il presidente dell&#8217;Unione Montana Michele Costa ricorda che le aziende potevano chiedere le agevolazioni entro\u00a0 il 31 dicembre, ma poche lo hanno fatto.\u00a0 <em>&#8220;Probabilmente &#8211; dice Costa &#8211;\u00a0 perch\u00e9 gli effetti dell\u2019emergenza sanitaria hanno iniziato a farsi sentire solo a fine 2020 e in questi primi mesi del nuovo anno. Dato il permanere della situazione di emergenza, l\u2019Unione Montana Agordina sta comunque dialogando con i Comuni del territorio per una attenta valutazione delle misure adottabili per il 2021: la nostra speranza \u00e8 di riuscire a riconoscere un supporto concreto per le utenze in difficolt\u00e0\u201d<\/em>\u00a0 Fin dall\u2019anno scorso\u00a0 alle aziende in difficolt\u00e0 Valpe Ambiente ha concesso di concordare piani di rientro senza oneri aggiuntivi. <em>\u201cAnche in questo caso, fino ad oggi sono poche le aziende che ci hanno contattato per segnalare problematicit\u00e0 nel saldo della fattura o per richiedere un piano di dilazione. Spiace vedere come l\u2019attuale \u2013 serio \u2013 momento di difficolt\u00e0 che tutti noi stiamo vivendo venga strumentalizzato&#8221; <\/em>\u00a0dichiara il Direttore Generale di Valpe Ambiente, Michele Rasera che invita\u00a0chi \u00e8 in difficolt\u00e0 a contattare l&#8217;azienda per \u00a0trovare le modalit\u00e0 e soluzioni pi\u00f9 adeguate. Infine l&#8217;altra lamentela riguarda la richiesta di un acconto sulla raccolta rifiuti del primo semestre del 2021 &#8220;<em>Valpe Ambiente &#8211; conclude Rasera &#8211;\u00a0 emette le proprie fatture solo due volte all\u2019anno e con questa emissione chiede il riconoscimento a fine aprile di servizi gi\u00e0 resi e con costi gi\u00e0 sostenuti fin dal primo giorno dell\u2019anno: gestione dei rifiuti, pulizia del territorio,\u00a0 spazzamento delle strade,\u00a0 gestione di Ecocentri e Ecosportelli&#8221;.\u00a0<\/em><\/p>\n<p>&nbsp;<\/p>\n<hr \/>\n<h3><\/h3>\n<blockquote>\n<h3>DA VENETO STRADE AD ANAS E&#8217; RITORNO AL PASSATO<\/h3>\n<p>Dalla Provincia di Belluno <em>&#8220;Contiamo che nella nuova compagine societaria ci sia posto per Belluno, visto che dopo aver agevolato l\u2019operazione cedendo parte delle sue quote di Veneto Strade alla Regione Veneto, la Provincia non ha pi\u00f9 avuto rappresentanti in seno alla societ\u00e0. Auspichiamo che in questa compagine faccia parte del cda un esponente nominato dalla Provincia, anche per rispettare la volont\u00e0 di chi nel 2017 aveva votato per l\u2019autonomia del Veneto e della provincia di Belluno\u00bb.<\/em><\/p><\/blockquote>\n<p><strong><a href=\"https:\/\/www.radiopiu.net\/wordpress\/giornale-radiopiu-23-marzo-2017-direttore-mirko-mezzacasa\/anas\/\" rel=\"attachment wp-att-30103\"><img loading=\"lazy\" decoding=\"async\" class=\"size-full wp-image-30103 alignleft\" src=\"https:\/\/www.radiopiu.net\/wordpress\/wp-content\/uploads\/2017\/03\/anas.jpg\" alt=\"\" width=\"180\" height=\"281\" \/><\/a>VENEZIA<\/strong> C&#8217;era l&#8217;Anas di Bolzano e poi quello di Venezia, lo ricordano bene gli agordini. Solo dopo \u00e8 arrivato Veneto Strade. Giusto per ricordare che la regionale 203 agordina non passa ad Anas, torna ad Anas ma Veneto Strade continuer\u00e0 a gestire la viabilit\u00e0 garantendo un servizio efficiente. Sar\u00e0 cos\u00ec anche per la\u00a0 regionale 48 delle Dolomiti, 251 della Val di Zoldo e Val Cellina, 346 del Passo San Pellegrino, 347 di Passo Duran, 348 Feltrina, sp1 Sinistra Piave. Regione Veneto e Anas confermano il progetto strategico per la gestione unitaria della principale rete viaria veneta, comprensiva dei 700 km di \u201cstrade di rientro\u201d: si <a href=\"https:\/\/www.radiopiu.net\/wordpress\/veneto-strade-interdizione-al-traffico\/veneto-strade-2\/\" rel=\"attachment wp-att-135574\"><img loading=\"lazy\" decoding=\"async\" class=\" wp-image-135574 alignright\" src=\"https:\/\/www.radiopiu.net\/wordpress\/wp-content\/uploads\/2020\/05\/VENETO-STRADE-300x300.png\" alt=\"\" width=\"142\" height=\"142\" srcset=\"https:\/\/www.radiopiu.net\/wordpress\/wp-content\/uploads\/2020\/05\/VENETO-STRADE-300x300.png 300w, https:\/\/www.radiopiu.net\/wordpress\/wp-content\/uploads\/2020\/05\/VENETO-STRADE-150x150.png 150w, https:\/\/www.radiopiu.net\/wordpress\/wp-content\/uploads\/2020\/05\/VENETO-STRADE.png 400w\" sizes=\"auto, (max-width: 142px) 100vw, 142px\" \/><\/a>tratta di importanti segmenti viari provinciali e regionali che saranno riclassificati come statali. In merito alla gestione della rete stradale di interesse nazionale e di interesse regionale, ANAS S.p.A. ha confermato la volont\u00e0 di dare seguito all\u2019attuazione del protocollo. Pur nelle more dell\u2019accordo, Veneto Strade potr\u00e0 continuare a gestire la viabilit\u00e0, garantendo un servizio efficiente e senza soluzione di continuit\u00e0 della rete in oggetto. <em>\u201cCon questo provvedimento si compie un passo ulteriore per la definizione di una governance che porter\u00e0 ad un\u2019unica societ\u00e0 di gestione del patrimonio stradale, rendendola pi\u00f9 efficiente e moderna&#8221; <\/em>afferma la Vicepresidente Elisa De Berti.<em>\u00a0\u00abNel progetto di nuova gestione della viabilit\u00e0 che vedr\u00e0 insieme Anas e Veneto Strade, non possiamo perdere di vista il fatto che le strade sono una risorsa, soprattutto per un territorio di montagna. Per questo \u00e8 necessario che con il futuro ingresso di Anas in societ\u00e0 con Veneto Strade, che auspichiamo, prosegua senza soluzione di continuit\u00e0 quella gestione efficace che finora ha assicurato strade sicure ai bellunesi\u00bb<\/em>. \u00c8 quanto afferma il presidente della Provincia di Belluno Roberto Padrin <em>\u00abLe strade in montagna sono una risorsa imprescindibile, perch\u00e9 consentono alle persone di muoversi da una vallata all\u2019altra e ai turisti di arrivare da noi &#8211; aggiunge il consigliere provinciale delegato alle infrastrutture, Fabio Luchetta -. Per questo crediamo che la forma o le modalit\u00e0 societarie del gestore della viabilit\u00e0 non siano importanti; importante e fondamentale \u00e8 che ci sia la garanzia di manutenzioni ordinarie e straordinarie, e che ci sia un piano industriale che prevede investimenti mirati e definizione delle priorit\u00e0.\u00a0<\/em><\/p>\n<p>&nbsp;<\/p>\n<hr \/>\n<blockquote>\n<h3><\/h3>\n<h3>IERI 40 ANNI DALL&#8217;APPROVAZIONE DELLA LEGGE 121 CHE RIFONDO&#8217; IL SISTEMA DI SICUREZZA DEL NOSTRO PAESE<\/h3>\n<\/blockquote>\n<p><strong><a href=\"https:\/\/www.radiopiu.net\/wordpress\/oggi-40-anni-dallapprovazione-della-legge-121-che-rifondo-il-sistema-di-sicurezza-del-nostro-paese\/sap-sindacato-polizia\/\" rel=\"attachment wp-att-200637\"><img loading=\"lazy\" decoding=\"async\" class=\" wp-image-200637 alignleft\" src=\"https:\/\/www.radiopiu.net\/wordpress\/wp-content\/uploads\/2021\/04\/SAP-SINDACATO-POLIZIA-300x300.jpg\" alt=\"\" width=\"168\" height=\"168\" srcset=\"https:\/\/www.radiopiu.net\/wordpress\/wp-content\/uploads\/2021\/04\/SAP-SINDACATO-POLIZIA-300x300.jpg 300w, https:\/\/www.radiopiu.net\/wordpress\/wp-content\/uploads\/2021\/04\/SAP-SINDACATO-POLIZIA-150x150.jpg 150w, https:\/\/www.radiopiu.net\/wordpress\/wp-content\/uploads\/2021\/04\/SAP-SINDACATO-POLIZIA-768x768.jpg 768w, https:\/\/www.radiopiu.net\/wordpress\/wp-content\/uploads\/2021\/04\/SAP-SINDACATO-POLIZIA.jpg 960w\" sizes=\"auto, (max-width: 168px) 100vw, 168px\" \/><\/a>BELLUNO<\/strong> Ieri una data storica: esattamente 40 anni fa venne approvata la Legge 121 che rifond\u00f2 il sistema della sicurezza del nostro paese dando vita alla Polizia Di Stato, la prima forza di Polizia ad ordinamento civile. Un cambiamento epocale non solo formale. La legge entr\u00f2 definitivamente in vigore il 25 Aprile 1981, data scelta in modo non casuale. Lo spirito della nascente legge non poteva prescindere da un&#8217;organizzazione che valorizzasse i principi della nostra costituzione repubblicana: diritti e dignit\u00e0 degli operatori furono quindi elementi portanti di questo processo di modernizzazione che riusc\u00ec a vincere le resistenze delle forze ostili al cambiamento. La legge 121 riconobbe il diritto delle organizzazioni sindacali di essere parte attiva nei processi di contrattualizzazione, sia a livello centrale che periferico. Negli stessi mesi, di pari passo, si concretizz\u00f2 il progetto della costituzione di un sindacato autonomo di polizia, anche grazie al sostegno economico di alcuni cittadini che raccolsero l&#8217;invito alla sottoscrizione economica lanciando sulle pagine de \u201cIl Giornale\u201d da Indro Montanelli, nella generale convinzione che la politica sindacale delle grandi confederazioni forse inadatta a salvaguardare appieno le peculiarit\u00e0 della professione. La Polizia di Stato si affaccia cos\u00ec sul nuovo decennio come istituzione moderna ed efficiente. Il nuovo assetto prevede lo scioglimento del corpo delle guardie di sicurezza e del corpo di polizia femminile che confluirono cos\u00ec nella Polizia di Stato. Venne riconosciuta parit\u00e0 di ruoli, di funzioni e di trattamento economico e normativo fra personale maschile e femminile; le donne, quindi, ebbero la possibilit\u00e0 di accesso anche i ruoli pi\u00f9 elevati. Venne consacrato il diritto di tutti gli appartenenti ad associarsi in sindacati e di poter manifestare, seppur in determinate e vincolanti condizioni, ossia liberi dal servizio e non in divisa.<\/p>\n<p>&nbsp;<\/p>\n<p>&nbsp;<\/p>\n<hr \/>\n<p>&nbsp;<\/p>\n<blockquote>\n<h3>&#8220;UN PASSO DAL CIELO&#8221; PER IL TRENTINO UNO &#8220;SCIPPO&#8221; PER VIVAIO DOLOMITI &#8220;OPPORTUNITA&#8217; PERSE&#8221;<\/h3>\n<\/blockquote>\n<p><strong><img loading=\"lazy\" decoding=\"async\" class=\"alignleft\" src=\"https:\/\/www.radiopiu.net\/wordpress\/wp-content\/uploads\/2021\/04\/6e9e033a-0eed-473c-a1ca-ae9ffc49e4ec.jpg\" width=\"288\" height=\"130\" \/>BELLUNO<\/strong> C&#8217;era una volta il Trentino Alto Adige con la fiction &#8220;Un passo dal cielo&#8221;, oltre confine muso duro e proteste anche dei politici di turno per una non corretta <em>par condicio<\/em> promozional-pubblicitaria su una rete di Stato (Rai1). Tra l&#8217;invidia e la rabbia \u00e8 montata la protesta e il caso ha voluto che oggi la fiction venga &#8220;girata&#8221; in provincia di Belluno. Umanamente la reazione trentina \u00e8 comprensibile, prima hanno infilato\u00a0 le mani nella marmellata, poi\u00a0 qualcuno ha chiuso il vaso. Forse per questo \u00e8 scattata quella famosa rabbia di cui accennavo prima e quindi da parte trentina \u00e8 scappata anche la parola &#8220;scippo&#8221;. Vivaio Dolomiti lo ha notato, segnalato il post e commentato <em>&#8220;Il Trentino Alto Adige cerca in tutti i modi\u00a0 di mantenere la paternit\u00e0 dei luoghi, o in alcuni casi di denigrare la serie parlando di \u201cscippo\u201d.\u00a0<\/em>Se quella lanciata da Belluno verso il Trentino \u00e8 una frecciata, il messaggio di Vivaio Dolomiti alla Provincia \u00e8 artiglieria pesante.<em> &#8220;Da noi le istituzioni locali cosa fanno? Niente. Basterebbero piccoli investimenti e un po\u2019 di organizzazione per rendere virale la pubblicit\u00e0 delle nostre stupende montagne, le pi\u00f9 belle di tutto l\u2019arco Dolomitico. DMO con i suoi inutili consorzi al seguito, Provincia, Regione: nessuno sfrutta l&#8217;opportunit\u00e0 di promuovere il territorio.\u00a0 Nemmeno quando ci preparano la pappa pronta riusciamo a sfruttare le occasioni. Qui non servono fondi, servono teste pensanti e all&#8217;orizzonte non se ne vedono&#8221;.<\/em><\/p>\n<p>&nbsp;<\/p>\n<p><strong><a href=\"https:\/\/www.radiopiu.net\/wordpress\/giornale-radiopiu-21-marzo-2021-direttore-mirko-mezzacasa\/pp-52\/\" rel=\"attachment wp-att-198292\"><img loading=\"lazy\" decoding=\"async\" class=\"wp-image-198292 alignleft\" src=\"https:\/\/www.radiopiu.net\/wordpress\/wp-content\/uploads\/2021\/03\/pp-300x300.jpg\" alt=\"\" width=\"87\" height=\"87\" srcset=\"https:\/\/www.radiopiu.net\/wordpress\/wp-content\/uploads\/2021\/03\/pp-300x300.jpg 300w, https:\/\/www.radiopiu.net\/wordpress\/wp-content\/uploads\/2021\/03\/pp-150x150.jpg 150w, https:\/\/www.radiopiu.net\/wordpress\/wp-content\/uploads\/2021\/03\/pp.jpg 640w\" sizes=\"auto, (max-width: 87px) 100vw, 87px\" \/><\/a>LE REAZIONI, Lucia Farenzena Presidente Operatori Turistici Rocca Pietore Marmolada<\/strong><\/p>\n<audio class=\"wp-audio-shortcode\" id=\"audio-200600-9\" preload=\"none\" style=\"width: 100%;\" controls=\"controls\"><source type=\"audio\/mpeg\" src=\"https:\/\/www.radiopiu.net\/wordpress\/wp-content\/uploads\/2021\/04\/lucia-2.mp3?_=9\" \/><a href=\"https:\/\/www.radiopiu.net\/wordpress\/wp-content\/uploads\/2021\/04\/lucia-2.mp3\">https:\/\/www.radiopiu.net\/wordpress\/wp-content\/uploads\/2021\/04\/lucia-2.mp3<\/a><\/audio>\n<p>&nbsp;<\/p>\n<p>&nbsp;<\/p>\n<p>&nbsp;<\/p>\n<hr \/>\n<p>&nbsp;<\/p>\n<p>&nbsp;<\/p>\n<blockquote class=\"wp-embedded-content\" data-secret=\"3VQM6GlvDz\"><p><a href=\"https:\/\/www.radiopiu.net\/wordpress\/mmnnssseee\/\">SI FERMA LA CRESCITA DEI RICOVERI, RALLENTA QUELLA DEI POSITIVI, STABILE LA LINEA DEI DECESSI<\/a><\/p><\/blockquote>\n<p><iframe loading=\"lazy\" class=\"wp-embedded-content\" sandbox=\"allow-scripts\" security=\"restricted\" style=\"position: absolute; clip: rect(1px, 1px, 1px, 1px);\" title=\"&#8220;SI FERMA LA CRESCITA DEI RICOVERI, RALLENTA QUELLA DEI POSITIVI, STABILE LA LINEA DEI DECESSI&#8221; &#8212; Radio Pi\u00f9\" src=\"https:\/\/www.radiopiu.net\/wordpress\/mmnnssseee\/embed\/#?secret=3VQM6GlvDz\" data-secret=\"3VQM6GlvDz\" width=\"600\" height=\"338\" frameborder=\"0\" marginwidth=\"0\" marginheight=\"0\" scrolling=\"no\"><\/iframe><\/p>\n<p>I GRAFICI DI TIZIANO DE COL<\/p>\n\n\t\t\t<style type='text\/css'>\n\t\t\t\t#gallery-8 {\n\t\t\t\t\tmargin: auto;\n\t\t\t\t}\n\t\t\t\t#gallery-8 .gallery-item {\n\t\t\t\t\tfloat: left;\n\t\t\t\t\tmargin-top: 10px;\n\t\t\t\t\ttext-align: center;\n\t\t\t\t\twidth: 20%;\n\t\t\t\t}\n\t\t\t\t#gallery-8 img {\n\t\t\t\t\tborder: 2px solid #cfcfcf;\n\t\t\t\t}\n\t\t\t\t#gallery-8 .gallery-caption {\n\t\t\t\t\tmargin-left: 0;\n\t\t\t\t}\n\t\t\t\t\/* see gallery_shortcode() in wp-includes\/media.php *\/\n\t\t\t<\/style>\n\t\t<div id='gallery-8' class='dt-gallery-container gallery galleryid-200600 gallery-columns-5 gallery-size-thumbnail'><dl class='gallery-item'>\n\t\t\t\t<dt class='gallery-icon landscape'>\n\t\t\t\t\t<a class=\"rollover rollover-zoom dt-pswp-item\" title=\"698d2a0d-87a5-4841-9b59-45fc0b4c77ea\" data-dt-img-description=\"\" data-large_image_width=\"593\" data-large_image_height=\"354\"href='https:\/\/www.radiopiu.net\/wordpress\/wp-content\/uploads\/2021\/04\/698d2a0d-87a5-4841-9b59-45fc0b4c77ea.jpg'><img loading=\"lazy\" decoding=\"async\" width=\"150\" height=\"150\" src=\"https:\/\/www.radiopiu.net\/wordpress\/wp-content\/uploads\/2021\/04\/698d2a0d-87a5-4841-9b59-45fc0b4c77ea-150x150.jpg\" class=\"attachment-thumbnail size-thumbnail\" alt=\"\" \/><\/a>\n\t\t\t\t<\/dt><\/dl><dl class='gallery-item'>\n\t\t\t\t<dt class='gallery-icon landscape'>\n\t\t\t\t\t<a class=\"rollover rollover-zoom dt-pswp-item\" title=\"b481b9eb-f263-47b7-99f5-f182b9143afc\" data-dt-img-description=\"\" data-large_image_width=\"608\" data-large_image_height=\"357\"href='https:\/\/www.radiopiu.net\/wordpress\/wp-content\/uploads\/2021\/04\/b481b9eb-f263-47b7-99f5-f182b9143afc.jpg'><img loading=\"lazy\" decoding=\"async\" width=\"150\" height=\"150\" src=\"https:\/\/www.radiopiu.net\/wordpress\/wp-content\/uploads\/2021\/04\/b481b9eb-f263-47b7-99f5-f182b9143afc-150x150.jpg\" class=\"attachment-thumbnail size-thumbnail\" alt=\"\" \/><\/a>\n\t\t\t\t<\/dt><\/dl><dl class='gallery-item'>\n\t\t\t\t<dt class='gallery-icon landscape'>\n\t\t\t\t\t<a class=\"rollover rollover-zoom dt-pswp-item\" title=\"36f31684-abb8-457b-9ef6-7070f210cc40\" data-dt-img-description=\"\" data-large_image_width=\"598\" data-large_image_height=\"354\"href='https:\/\/www.radiopiu.net\/wordpress\/wp-content\/uploads\/2021\/04\/36f31684-abb8-457b-9ef6-7070f210cc40.jpg'><img loading=\"lazy\" decoding=\"async\" width=\"150\" height=\"150\" src=\"https:\/\/www.radiopiu.net\/wordpress\/wp-content\/uploads\/2021\/04\/36f31684-abb8-457b-9ef6-7070f210cc40-150x150.jpg\" class=\"attachment-thumbnail size-thumbnail\" alt=\"\" \/><\/a>\n\t\t\t\t<\/dt><\/dl><dl class='gallery-item'>\n\t\t\t\t<dt class='gallery-icon landscape'>\n\t\t\t\t\t<a class=\"rollover rollover-zoom dt-pswp-item\" title=\"def2134e-1fb8-4a1d-91ed-b6be116039e6\" data-dt-img-description=\"\" data-large_image_width=\"606\" data-large_image_height=\"352\"href='https:\/\/www.radiopiu.net\/wordpress\/wp-content\/uploads\/2021\/04\/def2134e-1fb8-4a1d-91ed-b6be116039e6.jpg'><img loading=\"lazy\" decoding=\"async\" width=\"150\" height=\"150\" src=\"https:\/\/www.radiopiu.net\/wordpress\/wp-content\/uploads\/2021\/04\/def2134e-1fb8-4a1d-91ed-b6be116039e6-150x150.jpg\" class=\"attachment-thumbnail size-thumbnail\" alt=\"\" \/><\/a>\n\t\t\t\t<\/dt><\/dl><dl class='gallery-item'>\n\t\t\t\t<dt class='gallery-icon landscape'>\n\t\t\t\t\t<a class=\"rollover rollover-zoom dt-pswp-item\" title=\"966fa754-3015-48f3-8be9-448f5275d33d\" data-dt-img-description=\"\" data-large_image_width=\"612\" data-large_image_height=\"354\"href='https:\/\/www.radiopiu.net\/wordpress\/wp-content\/uploads\/2021\/04\/966fa754-3015-48f3-8be9-448f5275d33d.jpg'><img loading=\"lazy\" decoding=\"async\" width=\"150\" height=\"150\" src=\"https:\/\/www.radiopiu.net\/wordpress\/wp-content\/uploads\/2021\/04\/966fa754-3015-48f3-8be9-448f5275d33d-150x150.jpg\" class=\"attachment-thumbnail size-thumbnail\" alt=\"\" \/><\/a>\n\t\t\t\t<\/dt><\/dl><br style=\"clear: both\" \/>\n\t\t\t<\/div>\n\n<p>&nbsp;<\/p>\n<hr \/>\n<p>&nbsp;<\/p>\n<blockquote>\n<h3>VENETO DA ARANCIONE, Rt e INCIDENZA LO CONFERMANO MA SERVE L&#8217;UFFICIALITA&#8217; CHE SI AVRA&#8217; SOLO DOMANI<\/h3>\n<\/blockquote>\n<blockquote>\n<h3><span style=\"color: #ff0000;\"><em>\u00a0I parametri per uscire dal rosso dovrebbero esserci vediamo cosa succede domani. Se i vaccini arrivano potremmo arrivare a 80mila somministrazioni al giorno<\/em><\/span><\/h3>\n<\/blockquote>\n<p><strong>COLORAZIONE<\/strong> Ci sono concrete speranze che il Veneto torni in arancione, lo ha detto il Presidente Luca Zaia commentando i dati di riferimento, indice Rt e incidenza sulla popolazione.<strong><em>&#8220;<\/em><\/strong><em>Siamo da arancione &#8211; dice Zaia &#8211;\u00a0 ma dobbiamo attendere&#8221;.<\/em> L&#8217;indice Rt \u00e8 a 1.12 sotto la soglia 1,25 dove dall&#8217;arancione si passa al rosso.\u00a0 Incidenza 226,8 per 100 mila abitanti e anche qui \u00e8 da arancione perch\u00e9 la soglia \u00e8 a 250, in ospedale pressione al 29% in terapia intensiva e la soglia critica \u00e8 a\u00a0 30%;\u00a0 \u00a0ricoveri in area non critica 27%\u00a0 con soglia al\u00a0 40%. <em>Se sar\u00e0 confermata la nostra tesi ci sar\u00e0 un passaggio di colore o meglio i nostri numeri da martedi scatterebbe l&#8217;arancione, non ci resta che auspicarlo&#8221;\u00a0 <\/em><strong>A SCUOLA <\/strong>Se il Veneto diventer\u00e0 arancione da mercoledi tutti a scuola fino alle superiori (presenza al 50%) e la Regione si sta gi\u00e0 interessando con l&#8217;assessore De Berti per i trasporti. Non decider\u00e0 la singola scuola ma l&#8217;ufficio scolastico regionale e provinciale.<em>\u00a0<\/em> Se il Veneto diventa arancione la regione non avr\u00e0 spazio di manovre restrittive, fino alla prima media &#8220;non si toccano&#8221;, le scuole restano aperte anche con 250 di incidenza su 100 mila abitanti. <em>&#8220;Faremo il monitoraggio e se \u00e8 il caso interverremo dalla seconda media in su come abbiamo gi\u00e0 fatto&#8221;.<\/em>\u00a0\u00a0 <strong>NUOVO SISTEMA DI PRENOTAZIONE,\u00a0 NUMERO VERDE IRRAGGIUNGIBILE, CODICE FISCALE NON RICONOSCE LE FRAGILITA&#8217; E PUO&#8217; ESSERE HACKERATO<\/strong>. Stamattina 18mila persone si sono prenotate. I disagi sono cos\u00ec distribuiti: 4-5 ulss oggi non hanno aperto le prenotazioni per mancanza di vaccini e a chi provava a iscriversi compariva la scritta &#8220;non appartiene alla classifica, chiami il numero&#8230;&#8221; e le linee telefoniche sono andate in tilt.\u00a0 Dispiace per i disagi e ci scusiamo ma le prenotazioni ci sono e continuiamo a vaccinare.<strong> FORNITURA VACCINI<\/strong>\u00a0 Attese per il fine settimana \u00a0103mila vaccini Astrazeneca e 38mila di Moderna. Dal 19 aprile arriver\u00e0 in Veneto anche il vaccino Johnson.\u00a0\u00a0<strong>MEDICI DI FAMIGLIA QUALE L&#8217;APPORTO?<\/strong> Stiamo avviando comunicazioni parallele tra medici, centri specialistici, e quant&#8217;altro per raggiungere tutte le persone e dare le informazioni corrette. Ci sono limiti umani. Marted\u00ec c&#8217;\u00e8 anche l&#8217;incontro con i farmacisti per fare l&#8217;accordo, affinch\u00e8 i vaccini possano essere effettuati anche in farmacia. <strong>OBBLIGO VACCINI<\/strong> Diventer\u00e0 in requisito per lavorare ad esempio nelle case di riposo. Spero che la norma introduca il principio nelle nuove assunzioni con bandi che prevedono l&#8217;obbligatoriet\u00e0 vaccinale. Prendo atto che c&#8217;\u00e8 la norma che il Governo ha voluto. Mi fermo qui. MALATI ONCOLOGICI rientrano nelle fasce fragili e quindi con precedenza nei vaccini,\u00a0 i malati oncologici in terapia o che attendono le terapie, non le persone che hanno solo il codice 048.<\/p>\n<blockquote>\n<h2>DOTTORESSA FRANCESCA RUSSO<\/h2>\n<\/blockquote>\n<p><strong>VENEZIA<\/strong> La dottoressa Francesca Russo in conferenza stampa commenta la prima bozza del nuovo decreto a tutela salute pubblica. Per il no vax si preannunciano tempi duri,\u00a0 nel giro di un mese (tra comunicazioni degli ordini, Regione e Ulss)\u00a0 i datori di lavoro potranno decidere se spostare chi rifiuta i vaccini ad altra mansione o addirittura sospenderlo dal lavoro senza retribuzione. Sono 1.800 gli operatori socio-sanitari che non sono ancora stati sottoposti a vaccinazione, questo non vuol dire che sono tutti inadempienti, prima servir\u00e0\u00a0 una verifica per stabilire per quale motivo non sono stati ancora vaccinati.<\/p>\n<p><em>&#8220;Abbiamo visto la bozza del decreto e ci sono elementi per le prime azioni cercando di capire quanto pesa la non adesione alla vaccinazione. Il principio a cui si ispira il decreto \u00e8 la tutela della salute pubblica, vaccinazione quindi obbligatoria. Chi sono coloro che devono rispondere a questa obbligatoriet\u00e0: gli operatori sanitari pubblici e privati, anche farmacie e parafarmacie. Circa la vaccinazione i soggetti che dovranno essere individuati secondo il decreto: entro 5 giorni gli ordini interessati manderanno l&#8217;elenco del personale alla Regione che in 10 giorni li girer\u00e0 alle Ulss. Le aziende manderanno una nota agli inadempienti alla vaccinazione e nei tre giorni successivi dovranno spiegare perch\u00e8 non hanno fatto la vaccinazione se per scelta o per patologie. Trascorsi i termini senza risposte all&#8217;invito-obbligo potranno scattare le conseguenze con lo spostamento del lavoratore in altri settori, ma puo&#8217; scattare anche la sospensione dal lavoro senza retribuzione. Nel decreto non sono specificati i tempi per le valutazioni del soggetto che rifiuta il vaccino. <strong>GLI OSS NON HANNO UN ORDINE PROFESSIONALE<\/strong> Abbiamo l&#8217;elenco degli Oss che lavorano presso le nostre strutture, ho gi\u00e0 chiesto di verificare questo percorso, non \u00e8 un problema.\u00a0<\/em><\/p>\n<a href=\"https:\/\/www.radiopiu.net\/wordpress\/wp-content\/uploads\/2021\/04\/Report-vaccinazioni_01.04.2021_STAMPA.pdf\" class=\"pdfemb-viewer\" style=\"\" data-width=\"max\" data-height=\"max\" data-toolbar=\"top\" data-toolbar-fixed=\"on\">Report vaccinazioni_01.04.2021_STAMPA<\/a>\n<p>&nbsp;<\/p>\n<hr \/>\n<p>&nbsp;<\/p>\n<blockquote class=\"wp-embedded-content\" data-secret=\"dyIqT9oKIA\"><p><a href=\"https:\/\/www.radiopiu.net\/wordpress\/i-presidenti-delle-piscine-bellunesi-scrivono-al-ministro-dinca-e-ai-parlamentari-bellunesi\/\">I PRESIDENTI DELLE PISCINE BELLUNESI SCRIVONO AL MINISTRO D&#8217;INCA&#8217; E AI PARLAMENTARI BELLUNESI<\/a><\/p><\/blockquote>\n<p><iframe loading=\"lazy\" class=\"wp-embedded-content\" sandbox=\"allow-scripts\" security=\"restricted\" style=\"position: absolute; clip: rect(1px, 1px, 1px, 1px);\" title=\"&#8220;I PRESIDENTI DELLE PISCINE BELLUNESI SCRIVONO AL MINISTRO D&#8217;INCA&#8217; E AI PARLAMENTARI BELLUNESI&#8221; &#8212; Radio Pi\u00f9\" src=\"https:\/\/www.radiopiu.net\/wordpress\/i-presidenti-delle-piscine-bellunesi-scrivono-al-ministro-dinca-e-ai-parlamentari-bellunesi\/embed\/#?secret=dyIqT9oKIA\" data-secret=\"dyIqT9oKIA\" width=\"600\" height=\"338\" frameborder=\"0\" marginwidth=\"0\" marginheight=\"0\" scrolling=\"no\"><\/iframe><\/p>\n<p>&nbsp;<\/p>\n<hr \/>\n<blockquote>\n<h3>L&#8217;EUROPARLAMENTARE AI PIEDI DELLA MARMOLADA<\/h3>\n<\/blockquote>\n<p><strong><a href=\"https:\/\/www.radiopiu.net\/wordpress\/giornale-radiopiu-02-aprile-2021-direttore-mirko-mezzacasa\/d150f434-d2c3-4f8b-8061-d3e2f38529ce\/\" rel=\"attachment wp-att-200769\"><img loading=\"lazy\" decoding=\"async\" class=\" wp-image-200769 alignleft\" src=\"https:\/\/www.radiopiu.net\/wordpress\/wp-content\/uploads\/2021\/04\/d150f434-d2c3-4f8b-8061-d3e2f38529ce-300x169.jpg\" alt=\"\" width=\"272\" height=\"153\" srcset=\"https:\/\/www.radiopiu.net\/wordpress\/wp-content\/uploads\/2021\/04\/d150f434-d2c3-4f8b-8061-d3e2f38529ce-300x169.jpg 300w, https:\/\/www.radiopiu.net\/wordpress\/wp-content\/uploads\/2021\/04\/d150f434-d2c3-4f8b-8061-d3e2f38529ce-1024x576.jpg 1024w, https:\/\/www.radiopiu.net\/wordpress\/wp-content\/uploads\/2021\/04\/d150f434-d2c3-4f8b-8061-d3e2f38529ce-768x432.jpg 768w, https:\/\/www.radiopiu.net\/wordpress\/wp-content\/uploads\/2021\/04\/d150f434-d2c3-4f8b-8061-d3e2f38529ce-1536x864.jpg 1536w, https:\/\/www.radiopiu.net\/wordpress\/wp-content\/uploads\/2021\/04\/d150f434-d2c3-4f8b-8061-d3e2f38529ce.jpg 2016w\" sizes=\"auto, (max-width: 272px) 100vw, 272px\" \/><\/a>ROCCA PIETORE<\/strong> E&#8217; giusta in visita l&#8217;Onorevole Rosanna Conte e si \u00e8 resa disponibile ad affrontare problematiche della montagna e portarle al Parlamento a Bruxelles. &#8220;Ho sempre ritenuto importanti questi contatti, i quali, ripeto, non vanno visti come delle semplici passerelle politiche ma, al bisogno, possono essere determinanti per il nostro territorio&#8221; dice il sindaco Andrea De Bernardin.<\/p>\n<p>IL SINDACO ANDREA DE BERNARDIN<\/p>\n<audio class=\"wp-audio-shortcode\" id=\"audio-200600-10\" preload=\"none\" style=\"width: 100%;\" controls=\"controls\"><source type=\"audio\/mpeg\" src=\"https:\/\/www.radiopiu.net\/wordpress\/wp-content\/uploads\/2021\/04\/andrea-rocca.mp3?_=10\" \/><a href=\"https:\/\/www.radiopiu.net\/wordpress\/wp-content\/uploads\/2021\/04\/andrea-rocca.mp3\">https:\/\/www.radiopiu.net\/wordpress\/wp-content\/uploads\/2021\/04\/andrea-rocca.mp3<\/a><\/audio>\n<p>&nbsp;<\/p>\n<p>&nbsp;<\/p>\n<hr \/>\n<p>&nbsp;<\/p>\n<blockquote>\n<h3>LA TOTEM CARD, DALL&#8217;8 MAGGIO CON LA RIPARTENZA<\/h3>\n<\/blockquote>\n<p><strong><a href=\"https:\/\/www.radiopiu.net\/wordpress\/castello-illuminato-nel-segno-della-prevenzione-del-tumore-al-seno\/castello\/\" rel=\"attachment wp-att-167850\"><img loading=\"lazy\" decoding=\"async\" class=\"wp-image-167850 alignleft\" src=\"https:\/\/www.radiopiu.net\/wordpress\/wp-content\/uploads\/2020\/10\/Castello-300x187.jpg\" alt=\"\" width=\"159\" height=\"99\" srcset=\"https:\/\/www.radiopiu.net\/wordpress\/wp-content\/uploads\/2020\/10\/Castello-300x187.jpg 300w, https:\/\/www.radiopiu.net\/wordpress\/wp-content\/uploads\/2020\/10\/Castello-1024x639.jpg 1024w, https:\/\/www.radiopiu.net\/wordpress\/wp-content\/uploads\/2020\/10\/Castello-768x479.jpg 768w, https:\/\/www.radiopiu.net\/wordpress\/wp-content\/uploads\/2020\/10\/Castello-1536x958.jpg 1536w, https:\/\/www.radiopiu.net\/wordpress\/wp-content\/uploads\/2020\/10\/Castello.jpg 1892w\" sizes=\"auto, (max-width: 159px) 100vw, 159px\" \/><\/a>FELTRE<\/strong><\/p>\n<p><strong>MORENO GIOLI<\/strong><\/p>\n<audio class=\"wp-audio-shortcode\" id=\"audio-200600-11\" preload=\"none\" style=\"width: 100%;\" controls=\"controls\"><source type=\"audio\/mpeg\" src=\"https:\/\/www.radiopiu.net\/wordpress\/wp-content\/uploads\/2021\/04\/MORENO-TOTEM.mp3?_=11\" \/><a href=\"https:\/\/www.radiopiu.net\/wordpress\/wp-content\/uploads\/2021\/04\/MORENO-TOTEM.mp3\">https:\/\/www.radiopiu.net\/wordpress\/wp-content\/uploads\/2021\/04\/MORENO-TOTEM.mp3<\/a><\/audio>\n<p>&nbsp;<\/p>\n<p>&nbsp;<\/p>\n<hr \/>\n<p>&nbsp;<\/p>\n<blockquote>\n<h3>NUOVA PAC, DORFMANN AL CONVEGNO DI LONGARONE FIERE DOLOMITI<\/h3>\n<\/blockquote>\n<p><strong>LONGARONE <\/strong>\u201c<em>La nuova Politica Agricola Comune e la relazione con le politiche europee per la Biodiversit\u00e0 e il Green Deal<\/em>\u201d: questo il titolo del convegno online organizzato da Longarone Fiere Dolomiti per l&#8217;apertura del Forum dell\u2019Agricoltura di Montagna. Tra i relatori, anche l&#8217;esponente del Partito Popolare Europeo Herbert Dorfmann, coordinatore PPE nella Commissione Agricoltura del Parlamento Europeo.<\/p>\n<p><strong>L&#8217;INTERVENTO DI HERBERT DORFMANN<\/strong><\/p>\n<div style=\"width: 1200px;\" class=\"wp-video\"><video class=\"wp-video-shortcode\" id=\"video-200600-2\" width=\"1200\" height=\"675\" preload=\"metadata\" controls=\"controls\"><source type=\"video\/mp4\" src=\"https:\/\/www.radiopiu.net\/wordpress\/wp-content\/uploads\/2021\/04\/Dorfmann-Pac-Longarone-Fiere-OK.mp4?_=2\" \/><a href=\"https:\/\/www.radiopiu.net\/wordpress\/wp-content\/uploads\/2021\/04\/Dorfmann-Pac-Longarone-Fiere-OK.mp4\">https:\/\/www.radiopiu.net\/wordpress\/wp-content\/uploads\/2021\/04\/Dorfmann-Pac-Longarone-Fiere-OK.mp4<\/a><\/video><\/div>\n<p>&nbsp;<\/p>\n<hr \/>\n<p>&nbsp;<\/p>\n<blockquote>\n<h3 class=\"p1\"><span class=\"s1\">POLITICA AGRICOLA COMUNE, CONVEGNO ORGANIZZATO DA LONGARONE FIERE DOLOMITI. DE CARLO: \u201cPAC E RECOVERY FUND, VIGILARE PER DIFENDERE L&#8217;AGRICOLTURA DI MONTAGNA\u201d<\/span><\/h3>\n<\/blockquote>\n<p class=\"p1\"><span class=\"s1\"><strong><a href=\"https:\/\/www.radiopiu.net\/wordpress\/giornale-radiopiu-19-maggio-2020-direttore-mirko-mezzacasa\/luca-de-carlo-8\/\" rel=\"attachment wp-att-138787\"><img loading=\"lazy\" decoding=\"async\" class=\"size-full wp-image-138787 alignleft\" src=\"https:\/\/www.radiopiu.net\/wordpress\/wp-content\/uploads\/2020\/05\/Luca-De-Carlo.jpg\" alt=\"\" width=\"165\" height=\"228\" \/><\/a>ROMA <\/strong>\u201c<em>Tra Politica Agricola Comune e Recovery Fund, la parola d&#8217;ordine \u00e8 sostenibilit\u00e0. Bisogner\u00e0 per\u00f2 vigilare per tutelare l&#8217;agricoltura, soprattutto quella di montagna, da una visione distorta dell&#8217;ambiente<\/em>\u201d: questo il pensiero del senatore e responsabile nazionale del Dipartimento Agricoltura di Fratelli d&#8217;Italia Luca De Carlo, tra i relatori del convegno online di apertura del Forum dell&#8217;Agricoltura di Montagna organizzato da Longarone Fiere Dolomiti. \u201c<em>Da parlamentare e da responsabile del Dipartimento Agricoltura cerco di avere sempre una visione che includa anche i grandi temi dibattuti in Europa: uno di questi \u00e8 sicuramente la sostenibilit\u00e0 ambientale, che ad esempio vedr\u00e0 dedicate il 37% delle risorse complessive del Recovery Fund<\/em>\u201d, ha esordito De Carlo. \u201c<em>Ma \u00e8 sostenibile prendere in prestito soldi da generazioni future? Con quali obbiettivi? Dobbiamo impegnarci affinch\u00e9 vengano impiegate anche per lo sviluppo della montagna e dell&#8217;agricoltura, prima forma di tutela ambientale<\/em>\u201d. <\/span><\/p>\n<p>&nbsp;<\/p>\n<p>&nbsp;<\/p>\n<hr \/>\n<p>&nbsp;<\/p>\n<blockquote>\n<h3>AVVIATE LE OPERAZIONI DI PULIZIA AL LAGO DI SANTA CROCE<\/h3>\n<\/blockquote>\n<p><strong>ALPAGO\u00a0<\/strong> Sono cominciate le operazioni di rimozione dei detriti dal lago di Santa Croce. Un lavoro importante per garantire la sicurezza delle attivit\u00e0 sportive e turistiche, ma soprattutto per consentire l\u2019utilizzo del bacino come area di rifornimento dei canadair per l\u2019antincendio boschivo. Perch\u00e9 a causa degli eventi meteo di dicembre, molte zone del lago sono occupate da tronchi e alberi galleggianti o in affioramento. O meglio, erano occupate. Perch\u00e9 il cantiere sta procedendo a ritmo serrato. La Provincia ha attivato un primo progetto di pulizia che inizialmente prevedeva l\u2019utilizzo di imbarcazioni per rimuovere i detriti. Al momento per\u00f2 non \u00e8 stato necessario intervenire dal centro del lago, ma soltanto sulle sponde. I lavori &#8211; condizioni meteo permettendo &#8211; dovrebbero concludersi entro la fine di maggio <em>\u00abIn realt\u00e0 stiamo bruciando i tempi &#8211; dice il consigliere provinciale Massimo Bortoluzzi &#8211; e i lavori saranno ultimati sicuramente prima dei tempi previsti, se possibile entro fine aprile&#8221;.<\/em><\/p>\n<p>&nbsp;<\/p>\n\n\t\t\t<style type='text\/css'>\n\t\t\t\t#gallery-9 {\n\t\t\t\t\tmargin: auto;\n\t\t\t\t}\n\t\t\t\t#gallery-9 .gallery-item {\n\t\t\t\t\tfloat: left;\n\t\t\t\t\tmargin-top: 10px;\n\t\t\t\t\ttext-align: center;\n\t\t\t\t\twidth: 50%;\n\t\t\t\t}\n\t\t\t\t#gallery-9 img {\n\t\t\t\t\tborder: 2px solid #cfcfcf;\n\t\t\t\t}\n\t\t\t\t#gallery-9 .gallery-caption {\n\t\t\t\t\tmargin-left: 0;\n\t\t\t\t}\n\t\t\t\t\/* see gallery_shortcode() in wp-includes\/media.php *\/\n\t\t\t<\/style>\n\t\t<div id='gallery-9' class='dt-gallery-container gallery galleryid-200600 gallery-columns-2 gallery-size-medium'><dl class='gallery-item'>\n\t\t\t\t<dt class='gallery-icon landscape'>\n\t\t\t\t\t<a class=\"rollover rollover-zoom dt-pswp-item\" title=\"IMG_9383\" data-dt-img-description=\"\" data-large_image_width=\"2016\" data-large_image_height=\"1512\"href='https:\/\/www.radiopiu.net\/wordpress\/wp-content\/uploads\/2021\/04\/IMG_9383.jpg'><img loading=\"lazy\" decoding=\"async\" width=\"300\" height=\"225\" src=\"https:\/\/www.radiopiu.net\/wordpress\/wp-content\/uploads\/2021\/04\/IMG_9383-300x225.jpg\" class=\"attachment-medium size-medium\" alt=\"\" srcset=\"https:\/\/www.radiopiu.net\/wordpress\/wp-content\/uploads\/2021\/04\/IMG_9383-300x225.jpg 300w, https:\/\/www.radiopiu.net\/wordpress\/wp-content\/uploads\/2021\/04\/IMG_9383-1024x768.jpg 1024w, https:\/\/www.radiopiu.net\/wordpress\/wp-content\/uploads\/2021\/04\/IMG_9383-768x576.jpg 768w, https:\/\/www.radiopiu.net\/wordpress\/wp-content\/uploads\/2021\/04\/IMG_9383-1536x1152.jpg 1536w, https:\/\/www.radiopiu.net\/wordpress\/wp-content\/uploads\/2021\/04\/IMG_9383.jpg 2016w\" sizes=\"auto, (max-width: 300px) 100vw, 300px\" \/><\/a>\n\t\t\t\t<\/dt><\/dl><dl class='gallery-item'>\n\t\t\t\t<dt class='gallery-icon landscape'>\n\t\t\t\t\t<a class=\"rollover rollover-zoom dt-pswp-item\" title=\"IMG_9388\" data-dt-img-description=\"\" data-large_image_width=\"2016\" data-large_image_height=\"1512\"href='https:\/\/www.radiopiu.net\/wordpress\/wp-content\/uploads\/2021\/04\/IMG_9388.jpg'><img loading=\"lazy\" decoding=\"async\" width=\"300\" height=\"225\" src=\"https:\/\/www.radiopiu.net\/wordpress\/wp-content\/uploads\/2021\/04\/IMG_9388-300x225.jpg\" class=\"attachment-medium size-medium\" alt=\"\" srcset=\"https:\/\/www.radiopiu.net\/wordpress\/wp-content\/uploads\/2021\/04\/IMG_9388-300x225.jpg 300w, https:\/\/www.radiopiu.net\/wordpress\/wp-content\/uploads\/2021\/04\/IMG_9388-1024x768.jpg 1024w, https:\/\/www.radiopiu.net\/wordpress\/wp-content\/uploads\/2021\/04\/IMG_9388-768x576.jpg 768w, https:\/\/www.radiopiu.net\/wordpress\/wp-content\/uploads\/2021\/04\/IMG_9388-1536x1152.jpg 1536w, https:\/\/www.radiopiu.net\/wordpress\/wp-content\/uploads\/2021\/04\/IMG_9388.jpg 2016w\" sizes=\"auto, (max-width: 300px) 100vw, 300px\" \/><\/a>\n\t\t\t\t<\/dt><\/dl><br style=\"clear: both\" \/>\n\t\t\t<\/div>\n\n<p>&nbsp;<\/p>\n<hr \/>\n<p>&nbsp;<\/p>\n<blockquote>\n<h3>UN NUMERO UNICO PER\u00a0 LA PRENOTAZIONE DEI SERVIZI CAF E PATRONATO INAS<\/h3>\n<\/blockquote>\n<div align=\"left\"><span style=\"color: #000000; font-family: Helvetica;\"><strong>BELLUNO<\/strong> 0422 1660661: \u00e8 il numero unico taglia-attese per prenotare gli appuntamenti al Caf e al patronato Inas. La Cisl Belluno Treviso, prima nel Veneto, lancia il centro unico di prenotazione con riconoscimento automatico degli utenti gi\u00e0 inseriti nei database dei servizi Cisl. Un investimento importante, concomitante all\u2019avvio di un centralino unico con 10 operatori che rispondono alle telefonate dalle 8.30 alle 18.30. <\/span><em><span style=\"color: #000000; font-family: Helvetica;\">\u201cL\u2019obiettivo &#8211; spiega il <\/span>segretario organizzativo Nicola Brancher<span style=\"color: #000000; font-family: Helvetica;\"> &#8211; \u00e8 di non perdere neanche una telefonata per le attese: se gli operatori saranno occupati per l\u2019alto numero di chiamate in alcune fasce del giorno, gli utenti saranno richiamati entro 8 ore e l\u2019appuntamento fissato. Il numero unico per le prenotazioni d\u00e0 la possibilit\u00e0 di prenotare in tempi veloci gli appuntamenti, agevolando l&#8217;accesso ai nostri servizi\u201d.<\/span><\/em><\/div>\n<div align=\"left\"><\/div>\n<p>&nbsp;<\/p>\n<hr \/>\n<p>&nbsp;<\/p>\n<blockquote>\n<h3 class=\"p1\"><span class=\"s1\">PULIZIE DI PRIMAVERA: L\u2019UNIONE MONTANA INTERVIENE IN CIMITERI, PARCHI E AREE PUBBLICHE<\/span><\/h3>\n<\/blockquote>\n<p class=\"p1\"><span class=\"s1\"><strong>BELLUNO<\/strong> Sistemazione dei cimiteri, potatura delle aree pubbliche e rimozione dei nidi di pericolosi lepidotteri: l\u2019Unione Montana Bellunese ha dato il via alle \u201cpulizie di primavera\u201d, attraverso un piano di interventi finalizzato a dare lustro al territorio.\u00a0 <\/span><span class=\"s1\">Entrando nel dettaglio, sono stati eseguiti alcuni lavori straordinari in nove cimiteri: Antole, Bolzano Bellunese, Castion, Levego-Sagrogna, Orzes, Prade, San Fermo, Tisoi e Visome. In particolare, si \u00e8 provveduto a effettuare il taglio e la potatura di alberi e piante, con tanto di pulizia e smaltimento del materiale. Il totale dell\u2019operazione ammonta a 6.650 euro e la somma \u00e8 stata coperta dal Comune di Belluno.\u00a0 <\/span><span class=\"s1\">Nel territorio di Ponte nelle alpi, invece, spazio alla potatura primaverile delle aree pubbliche: dalle piante di viale Dolomiti (su entrambi i lati della strada), a quelle nella zona della palestra legata elementari e della piazzetta dedicata ai marinai, passando per la siepe di fronte alla chiesa di Polpet e a quella del parco in via Zattieri. Senza considerare le aiuole: del cavalcavia ferroviario, dello spartitraffico in viale Cadore, del parco di via Sant\u2019Antonio, dell\u2019asilo di via Zattieri, della rotonda di Rione Santa Caterina e del sottopasso di Nuova Erto. In questo caso, l\u2019importo complessivo ammonta a circa 5mila euro e della spesa si occuper\u00e0 il Comune di Ponte nelle Alpi.\u00a0 <\/span><span class=\"s1\">Particolarmente importante \u00e8 poi la rimozione dei nidi di processionaria al parco Villa Clizia di Mussoi (5mila euro) e lungo la ciclabile Nuova Erto-Safforze, tra Belluno e Ponte (3.660 euro): gli interventi sono finanziati con le risorse destinate alla gestione del patrimonio silvo-pastorale. <\/span><\/p>\n\n\t\t\t<style type='text\/css'>\n\t\t\t\t#gallery-10 {\n\t\t\t\t\tmargin: auto;\n\t\t\t\t}\n\t\t\t\t#gallery-10 .gallery-item {\n\t\t\t\t\tfloat: left;\n\t\t\t\t\tmargin-top: 10px;\n\t\t\t\t\ttext-align: center;\n\t\t\t\t\twidth: 33%;\n\t\t\t\t}\n\t\t\t\t#gallery-10 img {\n\t\t\t\t\tborder: 2px solid #cfcfcf;\n\t\t\t\t}\n\t\t\t\t#gallery-10 .gallery-caption {\n\t\t\t\t\tmargin-left: 0;\n\t\t\t\t}\n\t\t\t\t\/* see gallery_shortcode() in wp-includes\/media.php *\/\n\t\t\t<\/style>\n\t\t<div id='gallery-10' class='dt-gallery-container gallery galleryid-200600 gallery-columns-3 gallery-size-thumbnail'><dl class='gallery-item'>\n\t\t\t\t<dt class='gallery-icon portrait'>\n\t\t\t\t\t<a class=\"rollover\" href='https:\/\/www.radiopiu.net\/wordpress\/giornale-radiopiu-02-aprile-2021-direttore-mirko-mezzacasa\/cimitero_dopo\/'><img loading=\"lazy\" decoding=\"async\" width=\"150\" height=\"150\" src=\"https:\/\/www.radiopiu.net\/wordpress\/wp-content\/uploads\/2021\/04\/Cimitero_dopo-150x150.jpg\" class=\"attachment-thumbnail size-thumbnail\" alt=\"\" \/><\/a>\n\t\t\t\t<\/dt><\/dl><dl class='gallery-item'>\n\t\t\t\t<dt class='gallery-icon landscape'>\n\t\t\t\t\t<a class=\"rollover\" href='https:\/\/www.radiopiu.net\/wordpress\/giornale-radiopiu-02-aprile-2021-direttore-mirko-mezzacasa\/cimitero_prima\/'><img loading=\"lazy\" decoding=\"async\" width=\"150\" height=\"150\" src=\"https:\/\/www.radiopiu.net\/wordpress\/wp-content\/uploads\/2021\/04\/Cimitero_prima-150x150.jpg\" class=\"attachment-thumbnail size-thumbnail\" alt=\"\" \/><\/a>\n\t\t\t\t<\/dt><\/dl><dl class='gallery-item'>\n\t\t\t\t<dt class='gallery-icon portrait'>\n\t\t\t\t\t<a class=\"rollover\" href='https:\/\/www.radiopiu.net\/wordpress\/giornale-radiopiu-02-aprile-2021-direttore-mirko-mezzacasa\/potatura_pna\/'><img loading=\"lazy\" decoding=\"async\" width=\"150\" height=\"150\" src=\"https:\/\/www.radiopiu.net\/wordpress\/wp-content\/uploads\/2021\/04\/Potatura_PnA-150x150.jpg\" class=\"attachment-thumbnail size-thumbnail\" alt=\"\" \/><\/a>\n\t\t\t\t<\/dt><\/dl><br style=\"clear: both\" \/>\n\t\t\t<\/div>\n\n<p>&nbsp;<\/p>\n<hr \/>\n<p>&nbsp;<\/p>\n<blockquote>\n<h3>&#8220;A SCUOLA DI LIBERTA'&#8221; CON L&#8217;ASSOCIAZIONE JABAR<\/h3>\n<\/blockquote>\n<p><strong><a href=\"https:\/\/www.radiopiu.net\/wordpress\/giornale-radiopiu-02-aprile-2021-direttore-mirko-mezzacasa\/elisa-liceo-lollino-belluno\/\" rel=\"attachment wp-att-200651\"><img loading=\"lazy\" decoding=\"async\" class=\"size-medium wp-image-200651 alignleft\" src=\"https:\/\/www.radiopiu.net\/wordpress\/wp-content\/uploads\/2021\/04\/Elisa-liceo-Lollino-Belluno-300x225.jpg\" alt=\"\" width=\"300\" height=\"225\" srcset=\"https:\/\/www.radiopiu.net\/wordpress\/wp-content\/uploads\/2021\/04\/Elisa-liceo-Lollino-Belluno-300x225.jpg 300w, https:\/\/www.radiopiu.net\/wordpress\/wp-content\/uploads\/2021\/04\/Elisa-liceo-Lollino-Belluno-1024x768.jpg 1024w, https:\/\/www.radiopiu.net\/wordpress\/wp-content\/uploads\/2021\/04\/Elisa-liceo-Lollino-Belluno-768x576.jpg 768w, https:\/\/www.radiopiu.net\/wordpress\/wp-content\/uploads\/2021\/04\/Elisa-liceo-Lollino-Belluno-1536x1152.jpg 1536w, https:\/\/www.radiopiu.net\/wordpress\/wp-content\/uploads\/2021\/04\/Elisa-liceo-Lollino-Belluno.jpg 1600w\" sizes=\"auto, (max-width: 300px) 100vw, 300px\" \/><\/a>BELLUNO <\/strong>L\u2019associazione bellunese Jabar \u00e8 tornata a proporre, per il quarto anno consecutivo, il suo percorso di formazione in classe \u201cA scuola di libert\u00e0\u201d dedicato ai temi del carcere e all\u2019educazione alla legalit\u00e0. Sabato 13 e sabato 20 febbraio i volontari dell\u2019associazione hanno incontrato virtualmente una trentina di studenti delle classi terza e quarta del liceo artistico dell\u2019omnicomprensivo Val Boite di Cortina d\u2019Ampezzo grazie all\u2019interessamento dell\u2019insegnante Nadia Codarin, mentre sabato 13 e sabato 20 marzo \u00e8 stata la volta di confrontarsi, assieme all\u2019associazione nazionale Antigone, con una trentina di ragazzi del triennio del liceo linguistico Cadore. I volontari hanno guidato i ragazzi alla scoperta delle difficolt\u00e0, delle numerose contraddizioni ma anche degli aspetti umani legati al mondo del carcere, bellunese ma anche italiano: sovraffollamento, inadeguatezza di molti istituti, promiscuit\u00e0 degli ambienti, possibilit\u00e0 o meno di recupero e reinserimento in societ\u00e0, lavoro e studio, famiglia e affettivit\u00e0.<\/p>\n<p>&nbsp;<\/p>\n<p>&nbsp;<\/p>\n<p>&nbsp;<\/p>\n<hr \/>\n<p>&nbsp;<\/p>\n<p><em><a href=\"https:\/\/www.radiopiu.net\/wordpress\/giornale-radio-piu-22-11-direttore-mirko-mezzacasa\/bandi-e-concorsi\/\" rel=\"attachment wp-att-25479\"><img loading=\"lazy\" decoding=\"async\" class=\"wp-image-25479 alignleft\" src=\"https:\/\/www.radiopiu.net\/wordpress\/wp-content\/uploads\/2016\/11\/bandi-e-concorsi.jpg\" alt=\"\" width=\"139\" height=\"132\" \/><\/a>E\u2019 stato pubblicato\u00a0 sul sito www.aulss1.veneto.it \u2013 sezione bandi- un avviso per il conferimento urgente dei seguenti incarichi provvisori di medico di assistenza primaria \u00a0un incarico provvisorio di medico di assistenza primaria presso il Comune di Cortina D\u2019ampezzo; \u00a0un incarico provvisorio di medico di assistenza primaria presso il Comune di Borgo Valbelluna \u2013 loc. Mel;\u00a0&#8211; un incarico provvisorio di medico di assistenza primaria presso il Comune di Lamon;\u00a0&#8211; un incarico provvisorio di medico di assistenza primaria presso i Comuni di Santa Giustina\/Cesiomaggiore. Per ulteriori informazioni gli interessati potranno rivolgersi alla Direzione Amministrativa Territoriale di Belluno (tel. 0437\/516968-6752).<\/em><\/p>\n<p>&nbsp;<\/p>\n<p>&nbsp;<\/p>\n<hr \/>\n<p>&nbsp;<\/p>\n<blockquote>\n<h3>INCONTRO ONLINE IN OCCASIONE DELLA GIORNATA MONDIALE DELLA CONSAPEVOLEZZA SULL&#8217;AUTISMO<\/h3>\n<\/blockquote>\n<p><strong>BELLUNO<\/strong> In occasione della Giornata Mondiale della Consapevolezza sull\u2019Autismo, l\u2019Ulss Dolomiti ha organizzato un Gmeet per sensibilizzare sul tema. In questo 2021 in cui la pandemia sta avendo un grande impatto sociale soprattutto per coloro che necessitano di attenzioni specifiche e coordinate. L\u2019iniziativa proposta dalla Ulss vuole essere una occasione per riflettere sui bisogni e sui percorsi di crescita della persona affetta da autismo, che ponga l\u2019accento non solo sugli aspetti diagnostici terapeutici, ma anche sui temi dell\u2019inclusione e della collaborazione tra istituzioni. L\u2019iniziativa proposta \u00e8 gratuita e per partecipare \u00e8 sufficiente collegarsi al seguente indirizzo internet : https:\/\/meet.google.com\/ovz-gtqt-jbn a partire dalle 11.30 di oggi<\/p>\n<p>&nbsp;<\/p>\n<hr \/>\n<p>&nbsp;<\/p>\n<blockquote>\n<h3>TRASPORTO PUBBLICO FERMO A PASQUA E PASQUETTA<\/h3>\n<\/blockquote>\n<p><strong><a href=\"https:\/\/www.radiopiu.net\/wordpress\/cade-con-la-mountain-bike-e-si-ferisce-al-collo\/80c303ed-9a2e-49f0-8b20-3dd5e061bbf3\/\" rel=\"attachment wp-att-145520\"><img loading=\"lazy\" decoding=\"async\" class=\" wp-image-145520 alignleft\" src=\"https:\/\/www.radiopiu.net\/wordpress\/wp-content\/uploads\/2020\/06\/80c303ed-9a2e-49f0-8b20-3dd5e061bbf3-300x225.jpg\" alt=\"\" width=\"259\" height=\"194\" srcset=\"https:\/\/www.radiopiu.net\/wordpress\/wp-content\/uploads\/2020\/06\/80c303ed-9a2e-49f0-8b20-3dd5e061bbf3-300x225.jpg 300w, https:\/\/www.radiopiu.net\/wordpress\/wp-content\/uploads\/2020\/06\/80c303ed-9a2e-49f0-8b20-3dd5e061bbf3-1024x768.jpg 1024w, https:\/\/www.radiopiu.net\/wordpress\/wp-content\/uploads\/2020\/06\/80c303ed-9a2e-49f0-8b20-3dd5e061bbf3-768x576.jpg 768w, https:\/\/www.radiopiu.net\/wordpress\/wp-content\/uploads\/2020\/06\/80c303ed-9a2e-49f0-8b20-3dd5e061bbf3.jpg 1280w\" sizes=\"auto, (max-width: 259px) 100vw, 259px\" \/><\/a>BELLUNO<\/strong><span class=\"s1\"> Provincia e Dolomitibus hanno deciso di sospendere il trasporto pubblico nei giorni di domenica 4 e luned\u00ec 5 aprile. I servizi urbano ed extraurbano riprenderanno da marted\u00ec 6 aprile, con l\u2019orario ridotto, privo delle corse scolastiche, mentre il ritorno all\u2019orario normale \u00e8 in programma per l\u201911 aprile, nel caso in cui venga dato il via libera alla riapertura delle scuole. <\/span><span class=\"s1\">Le linee del trasporto pubblico saranno cos\u00ec modulate nei prossimi giorni: <\/span><span class=\"s1\">1-2-3 e 6 aprile: orario senza le corse scolastiche e senza le navette per i laboratori (come d\u2019abitudine nei giorni di vacanza scolastica); <\/span><span class=\"s1\">4-5 aprile: servizio fermo.<\/span><\/p>\n<p>&nbsp;<\/p>\n<p>&nbsp;<\/p>\n<hr \/>\n<p>&nbsp;<\/p>\n<blockquote>\n<h3>AL VIA IL NUOVO CORSO FORMATIVO SULL\u2019AMMINISTRAZIONE DI SOSTEGNO<\/h3>\n<\/blockquote>\n<p><strong>BELLUNO <\/strong>Un nuovo corso online di formazione sull\u2019amministrazione di sostegno. Si tratta di un aggiornamento per\u00a0 gli amministratori e i responsabili dei servizi sociosanitari e degli operatori. Approfondimento, operativit\u00e0 concreta e criticit\u00e0 proposte: questi i temi che si andranno ad affrontare in sessione pomeridiana (dalle 14.30 alle 18.30) per quattro venerd\u00ec. S\u2019inizia il 9 aprile con il modulo giuridico-procedurale per proseguire il 16 (modulo giuridico-esperienziale -progetto di cura), il 23 (modulo sociale\u00a0 e socio sanitario) e il 30 (modulo operativo e psicologico). Il corso \u00e8 proposto da Comitato d\u2019Intesa di Belluno con la collaborazione di Csv Belluno Treviso, Tribunale di Belluno, Ulss 1 Dolomiti, Conferenza dei sindaci di Belluno e Feltre, Ordine professionale degli assistenti sociali.<\/p>\n<p>&nbsp;<\/p>\n<p>&nbsp;<\/p>\n<hr \/>\n<p>&nbsp;<\/p>\n<p>&nbsp;<\/p>\n<blockquote>\n<h3>LAVORI DI ASFALTATURA IN VIA NASSA A FELTRE<\/h3>\n<\/blockquote>\n<p><strong>FELTRE <\/strong>Fino al 2 aprile lavori in corso in via Nassa a Feltre dove sono previsti degli interventi straordinari di asfaltatura. Dalle 8 alle 18 sar\u00e0 vietato il transito a tutti i veicoli, cicli e motocicli. Il passaggio sar\u00e0 consentito solo ed esclusivamente ai residenti nei tratti non soggetti ai lavori. Sar\u00e0 garantito il transito pedonale in sicurezza.<\/p>\n<p>&nbsp;<\/p>\n<p>&nbsp;<\/p>\n<p>&nbsp;<\/p>\n<hr \/>\n<p>&nbsp;<\/p>\n<blockquote>\n<h3>IL COMUNE DI FELTRE APRE IL BANDO ALLA RICERCA DI 3 FIGURE DA INSERIRE IN COMUNE<\/h3>\n<\/blockquote>\n<p><strong><a href=\"https:\/\/www.radiopiu.net\/wordpress\/omaggi-a-feltre-dallalto\/94e3b68b-d386-4f94-8aa8-30105c25932b\/\" rel=\"attachment wp-att-145789\"><img loading=\"lazy\" decoding=\"async\" class=\"size-medium wp-image-145789 alignleft\" src=\"https:\/\/www.radiopiu.net\/wordpress\/wp-content\/uploads\/2020\/06\/94e3b68b-d386-4f94-8aa8-30105c25932b-300x225.jpg\" alt=\"\" width=\"300\" height=\"225\" srcset=\"https:\/\/www.radiopiu.net\/wordpress\/wp-content\/uploads\/2020\/06\/94e3b68b-d386-4f94-8aa8-30105c25932b-300x225.jpg 300w, https:\/\/www.radiopiu.net\/wordpress\/wp-content\/uploads\/2020\/06\/94e3b68b-d386-4f94-8aa8-30105c25932b-768x576.jpg 768w, https:\/\/www.radiopiu.net\/wordpress\/wp-content\/uploads\/2020\/06\/94e3b68b-d386-4f94-8aa8-30105c25932b.jpg 960w\" sizes=\"auto, (max-width: 300px) 100vw, 300px\" \/><\/a>FELTRE<\/strong>\u00a0 <strong>Concorso pubblico,<\/strong> per soli esami, per l&#8217;assunzione a tempo indeterminato e pieno di un Istruttore area informatica presso l\u2019Unita\u0300 Organizzativa Sistema Informativo del settore economico finanziario del Comune di Feltre,\u00a0 scadenza\u00a0 presentazione domande entro le 12 del 17 maggio 2021. <strong>Concorso pubblico<\/strong>, per soli esami per l&#8217;assunzione a tempo indeterminato e pieno di 2 Istruttori Amministrativi categoria di accesso C \u2013 presso l\u2019U.O. Cultura\/Politiche Giovanili\/Istruzione\/Servizi all&#8217;Infanzia del settore affari generali ed istituzionali del Comune di Feltre, scadenza presentazione delle domande entro le 12 del 20 maggio 2021. <em>Le modalita\u0300&#8217; di partecipazione, i requisiti ed il fac-simile della domanda di partecipazione sono disponibili presso l\u2019ufficio del personale dell&#8217;Unione Montana Feltrina.<\/em><\/p>\n<p>&nbsp;<\/p>\n<p>&nbsp;<\/p>\n<hr \/>\n<p>\u200b\u200b<\/p>\n<blockquote>\n<h3>LA GUARDIA DI FINANZA APRE IL CONCORSO PER 66 ALLIEVI UFFICIALI E 10 TENENTI<\/h3>\n<\/blockquote>\n<p><strong><a href=\"https:\/\/www.radiopiu.net\/wordpress\/vendono-una-centrale-idroelettrica-eludendo-il-fisco\/guardia-di-finanza-auto_full1\/\" rel=\"attachment wp-att-5016\"><img loading=\"lazy\" decoding=\"async\" class=\" wp-image-5016 alignleft\" src=\"https:\/\/www.radiopiu.net\/wordpress\/wp-content\/uploads\/2015\/05\/guardia-di-finanza-auto_full1-300x224.jpg\" alt=\"\" width=\"130\" height=\"97\" \/><\/a>BELLUNO<\/strong> La Guardia di Finanza \u00e8 alla ricerca di allievi ufficiali. \u00c8 partito in questi giorni il concorso pubblico, per titoli ed esami, per l&#8217;ammissione di 66 allievi ufficiali del ruolo normale, comparto ordinario e aeronavale, all&#8217;Accademia della Guardia di Finanza per l&#8217;anno accademico 2021-2022. I candidati devono aver compiuto i 17 anni di et\u00e0 alla data del 1 gennaio 2021, devono essere in possesso di un diploma di istruzione secondaria di secondo grado che consenta l&#8217;iscrizione a corsi di laurea o che lo conseguano nell&#8217;anno scolastico 2020\/21. La domanda di partecipazione al concorso dovr\u00e0 essere compilata tramite procedura telematica all&#8217;indirizzo concorsi.gdf.gov.it e dovr\u00e0 essere effettuata entro le 12 del 8 aprile 2021. Per altre informazioni sul concorso basta accedere al sito del concorso.<\/p>\n<blockquote><p>Sempre la Guardia di Finanza sta reclutando 3 allievi finanzieri del contingente ordinario, selezione riservata al coniuge e ai figli superstiti, nonch\u00e8 ai fratelli o alle sorelle del personale delle Forze di Polizia, deceduto o reso pemanentemente invalido per causa di servizio.<\/p><\/blockquote>\n<p>&nbsp;<\/p>\n<p>&nbsp;<\/p>\n<hr \/>\n<p>&nbsp;<\/p>\n<blockquote>\n<h3>GLI ALPINI DI ALLEGHE APRONO UN CONTO CORRENTE PER AIUTARE GUERRINO BELLENZIER<\/h3>\n<\/blockquote>\n<p><strong><a href=\"https:\/\/www.radiopiu.net\/wordpress\/gli-alpini-di-alleghe-aprono-un-conto-corrente-per-aiutare-guerrino-bellenzier\/alpini-alleghe\/\" rel=\"attachment wp-att-198175\"><img loading=\"lazy\" decoding=\"async\" class=\"size-medium wp-image-198175 alignleft\" src=\"https:\/\/www.radiopiu.net\/wordpress\/wp-content\/uploads\/2021\/03\/ALPINI-ALLEGHE-300x138.png\" alt=\"\" width=\"300\" height=\"138\" srcset=\"https:\/\/www.radiopiu.net\/wordpress\/wp-content\/uploads\/2021\/03\/ALPINI-ALLEGHE-300x138.png 300w, https:\/\/www.radiopiu.net\/wordpress\/wp-content\/uploads\/2021\/03\/ALPINI-ALLEGHE-768x353.png 768w, https:\/\/www.radiopiu.net\/wordpress\/wp-content\/uploads\/2021\/03\/ALPINI-ALLEGHE.png 778w\" sizes=\"auto, (max-width: 300px) 100vw, 300px\" \/><\/a>ALLEGHE<\/strong> Nella notte del 12 marzo. l&#8217;abitazione di Guerrino Bellenzier (piu conosciuto come Tobia) \u00e8 stata interessata da un incendio che ha causate notevoli danni alla struttura della casa. Tobia e persona da sempre presente e disponibile per la comunit\u00e0 Alleghese nella quale ha ricoperto le cariche di consigliere ed assessore comunale. E&#8217; stato anche consigliere e capogruppo degli Alpini di Alleghe, nonch\u00e8 fondatore, insieme a Siro De Biasio, del Coro Alpino &#8220;Monte Civetta&#8221;. Attualmente e ancora attivissimo vice capogruppo ed e per questo motive che i suoi amici alpini hanno ritenuto di attivarsi ed essere vicini a Tobia, aprendo presso Cortinabanca &#8211; sede di Alleghe &#8211; un conto corrente sul quale raccogliere contributi per quanti volessero aderire a questa iniziativa. Le coordinate bancarie del conto intestate a Gruppo Ana Alleghe sottoscrizione per &#8220;&#8221;Tobia&#8221;&#8221; danni da incendio sono le seguenti:&#8221; IT 21 C 08511 61001 000000041707 L&#8217;attuale Capogruppo Cristian De Toni, anche a nome di tutto ii Consiglio del Gruppo ANA Alleghe, ringrazia quanti vorranno condividere l&#8217;iniziativa.<\/p>\n<p>&nbsp;<\/p>\n<hr \/>\n<p>&nbsp;<\/p>\n<p>&nbsp;<\/p>\n<blockquote>\n<h3>\u00a0TERZO APPUNTAMENTO CON IL FAI A BORGO PIAVE<\/h3>\n<\/blockquote>\n<p>BELLUNO Il 6 aprile alle 18.30 sulla piattaforma Zoom webinar,\u00a0 terzo appuntamento del ciclo di visite guidate virtuali organizzate dal FAI di Belluno: dopo il Museo del cidolo e del legname di Perarolo di Cadore e il Museo degli zattieri di Codissago, il percorso delle zattere lungo la Piave continua con un\u2019altra interessante tappa, Borgo Piave. Il 6 aprile la delegazione bellunese del FAI far\u00e0 scoprire quella che un tempo era la vivace area portuale di Belluno. Qui sorge Palazzo Doglioni detto \u201cIl Botegon\u201d, che era in passato la taverna degli zattieri, e sar\u00e0 possibile conoscere la sua storia e i suoi tesori artistici. La visita sar\u00e0 a cura di Antonio Gheno, volontario del FAI Giovani, che \u00e8 stato il principale artefice della sua apertura durante le Giornate di Primavera 2019. Per partecipare\u00a0 \u00e8 necessario prenotarsi\u00a0 sul sito https:\/\/faiprenotazioni.fondoambiente.it\/ . Per informazioni scrivere a belluno@delegazionefai.fondoambiente.it.<\/p>\n\n\t\t\t<style type='text\/css'>\n\t\t\t\t#gallery-11 {\n\t\t\t\t\tmargin: auto;\n\t\t\t\t}\n\t\t\t\t#gallery-11 .gallery-item {\n\t\t\t\t\tfloat: left;\n\t\t\t\t\tmargin-top: 10px;\n\t\t\t\t\ttext-align: center;\n\t\t\t\t\twidth: 25%;\n\t\t\t\t}\n\t\t\t\t#gallery-11 img {\n\t\t\t\t\tborder: 2px solid #cfcfcf;\n\t\t\t\t}\n\t\t\t\t#gallery-11 .gallery-caption {\n\t\t\t\t\tmargin-left: 0;\n\t\t\t\t}\n\t\t\t\t\/* see gallery_shortcode() in wp-includes\/media.php *\/\n\t\t\t<\/style>\n\t\t<div id='gallery-11' class='dt-gallery-container gallery galleryid-200600 gallery-columns-4 gallery-size-thumbnail'><dl class='gallery-item'>\n\t\t\t\t<dt class='gallery-icon landscape'>\n\t\t\t\t\t<a class=\"rollover rollover-zoom dt-pswp-item\" title=\"Botegon borgo valbelluna\" data-dt-img-description=\"\" data-large_image_width=\"1140\" data-large_image_height=\"760\"href='https:\/\/www.radiopiu.net\/wordpress\/wp-content\/uploads\/2021\/04\/Botegon.jpg'><img loading=\"lazy\" decoding=\"async\" width=\"150\" height=\"150\" src=\"https:\/\/www.radiopiu.net\/wordpress\/wp-content\/uploads\/2021\/04\/Botegon-150x150.jpg\" class=\"attachment-thumbnail size-thumbnail\" alt=\"\" \/><\/a>\n\t\t\t\t<\/dt><\/dl><dl class='gallery-item'>\n\t\t\t\t<dt class='gallery-icon landscape'>\n\t\t\t\t\t<a class=\"rollover rollover-zoom dt-pswp-item\" title=\"IMG-20190205-WA0010\" data-dt-img-description=\"\" data-large_image_width=\"1600\" data-large_image_height=\"1064\"href='https:\/\/www.radiopiu.net\/wordpress\/wp-content\/uploads\/2021\/04\/IMG-20190205-WA0010.jpg'><img loading=\"lazy\" decoding=\"async\" width=\"150\" height=\"150\" src=\"https:\/\/www.radiopiu.net\/wordpress\/wp-content\/uploads\/2021\/04\/IMG-20190205-WA0010-150x150.jpg\" class=\"attachment-thumbnail size-thumbnail\" alt=\"\" \/><\/a>\n\t\t\t\t<\/dt><\/dl><dl class='gallery-item'>\n\t\t\t\t<dt class='gallery-icon portrait'>\n\t\t\t\t\t<a class=\"rollover rollover-zoom dt-pswp-item\" title=\"IMG-20190205-WA0015\" data-dt-img-description=\"\" data-large_image_width=\"1063\" data-large_image_height=\"1600\"href='https:\/\/www.radiopiu.net\/wordpress\/wp-content\/uploads\/2021\/04\/IMG-20190205-WA0015.jpg'><img loading=\"lazy\" decoding=\"async\" width=\"150\" height=\"150\" src=\"https:\/\/www.radiopiu.net\/wordpress\/wp-content\/uploads\/2021\/04\/IMG-20190205-WA0015-150x150.jpg\" class=\"attachment-thumbnail size-thumbnail\" alt=\"\" \/><\/a>\n\t\t\t\t<\/dt><\/dl><dl class='gallery-item'>\n\t\t\t\t<dt class='gallery-icon portrait'>\n\t\t\t\t\t<a class=\"rollover rollover-zoom dt-pswp-item\" title=\"Affreschi Botegon_1\" data-dt-img-description=\"\" data-large_image_width=\"2153\" data-large_image_height=\"2299\"href='https:\/\/www.radiopiu.net\/wordpress\/wp-content\/uploads\/2021\/04\/Affreschi-Botegon_1.jpg'><img loading=\"lazy\" decoding=\"async\" width=\"150\" height=\"150\" src=\"https:\/\/www.radiopiu.net\/wordpress\/wp-content\/uploads\/2021\/04\/Affreschi-Botegon_1-150x150.jpg\" class=\"attachment-thumbnail size-thumbnail\" alt=\"\" \/><\/a>\n\t\t\t\t<\/dt><\/dl><br style=\"clear: both\" \/>\n\t\t\t<\/div>\n\n<p>&nbsp;<\/p>\n<p>&nbsp;<\/p>\n<p>&nbsp;<\/p>\n<hr \/>\n<p>&nbsp;<\/p>\n<blockquote class=\"wp-embedded-content\" data-secret=\"8PxImODtuI\"><p><a href=\"https:\/\/www.radiopiu.net\/wordpress\/moto-dorgoglio-di-john-francis-della-pietra\/\">MOTO D&#8217;ORGOGLIO DI JOHN FRANCIS DELLA PIETRA<\/a><\/p><\/blockquote>\n<p><iframe loading=\"lazy\" class=\"wp-embedded-content\" sandbox=\"allow-scripts\" security=\"restricted\" style=\"position: absolute; clip: rect(1px, 1px, 1px, 1px);\" title=\"&#8220;MOTO D&#8217;ORGOGLIO DI JOHN FRANCIS DELLA PIETRA&#8221; &#8212; Radio Pi\u00f9\" src=\"https:\/\/www.radiopiu.net\/wordpress\/moto-dorgoglio-di-john-francis-della-pietra\/embed\/#?secret=8PxImODtuI\" data-secret=\"8PxImODtuI\" width=\"600\" height=\"338\" frameborder=\"0\" marginwidth=\"0\" marginheight=\"0\" scrolling=\"no\"><\/iframe><\/p>\n<p>&nbsp;<\/p>\n<hr \/>\n<p>&nbsp;<\/p>\n<h1>IERI ALLA RADIO<\/h1>\n<blockquote>\n<h3><a href=\"https:\/\/www.radiopiu.net\/wordpress\/giornale-radiopiu-06-febbraio-2019-direttore-mirko-mezzacasa\/logo_spi-cgil-800x445\/\" rel=\"attachment wp-att-75538\"><img loading=\"lazy\" decoding=\"async\" class=\"wp-image-75538 alignleft\" src=\"https:\/\/www.radiopiu.net\/wordpress\/wp-content\/uploads\/2019\/02\/Logo_Spi-CGIL-800x445-300x167.jpg\" alt=\"\" width=\"210\" height=\"117\" srcset=\"https:\/\/www.radiopiu.net\/wordpress\/wp-content\/uploads\/2019\/02\/Logo_Spi-CGIL-800x445-300x167.jpg 300w, https:\/\/www.radiopiu.net\/wordpress\/wp-content\/uploads\/2019\/02\/Logo_Spi-CGIL-800x445-768x427.jpg 768w, https:\/\/www.radiopiu.net\/wordpress\/wp-content\/uploads\/2019\/02\/Logo_Spi-CGIL-800x445.jpg 800w\" sizes=\"auto, (max-width: 210px) 100vw, 210px\" \/><\/a>ALLA RADIO, APPUNTAMENTO QUINDICINALE CON SPI-CGIL BELLUNO, IN STUDIO MARIA RITA GENTILIN<\/h3>\n<\/blockquote>\n<p><strong>di Claudio Fontanive\u00a0<\/strong><\/p>\n<p><span style=\"color: #ff0000;\"><strong>PUNTATA DEL 01 APRILE\u00a0<\/strong><\/span><\/p>\n<p>&nbsp;<\/p>\n<audio class=\"wp-audio-shortcode\" id=\"audio-200600-12\" preload=\"none\" style=\"width: 100%;\" controls=\"controls\"><source type=\"audio\/mpeg\" src=\"https:\/\/www.radiopiu.net\/wordpress\/wp-content\/uploads\/2021\/04\/spi-cgil-01-aprile.mp3?_=12\" \/><a href=\"https:\/\/www.radiopiu.net\/wordpress\/wp-content\/uploads\/2021\/04\/spi-cgil-01-aprile.mp3\">https:\/\/www.radiopiu.net\/wordpress\/wp-content\/uploads\/2021\/04\/spi-cgil-01-aprile.mp3<\/a><\/audio>\n<p>&nbsp;<\/p>\n<div dir=\"auto\">\n<div>\n<p>&nbsp;<\/p>\n<\/div>\n<\/div>\n<p>&nbsp;<\/p>\n<hr \/>\n<h2><span style=\"color: #ff0000;\">dalla nuova generazione&#8230; cultura e tradizione<\/span><\/h2>\n<blockquote>\n<h3><em>PIAZA LADINA ALLA RADIO<\/em><\/h3>\n<\/blockquote>\n<p><strong>LA\u00a0 QUINTA PUNTATA\u00a0 \u00a0&#8220;Lege 482 e ladin a scola&#8221;<\/strong><\/p>\n<audio class=\"wp-audio-shortcode\" id=\"audio-200600-13\" preload=\"none\" style=\"width: 100%;\" controls=\"controls\"><source type=\"audio\/mpeg\" src=\"https:\/\/www.radiopiu.net\/wordpress\/wp-content\/uploads\/2021\/03\/Pontada-4-L-Ladin-Agordin.mp3?_=13\" \/><a href=\"https:\/\/www.radiopiu.net\/wordpress\/wp-content\/uploads\/2021\/03\/Pontada-4-L-Ladin-Agordin.mp3\">https:\/\/www.radiopiu.net\/wordpress\/wp-content\/uploads\/2021\/03\/Pontada-4-L-Ladin-Agordin.mp3<\/a><\/audio>\n<blockquote>\n<h2>LA RACCOLTA COMPLETA<\/h2>\n<\/blockquote>\n<blockquote class=\"wp-embedded-content\" data-secret=\"6F0QkEbfNV\"><p><a href=\"https:\/\/www.radiopiu.net\/wordpress\/agora-agordina-la-nosta-piaza\/\">AGORA&#8217; AGORDINA&#8230; LA NOSTA PIAZA LADINA.  pagina in aggiornamento continuo<\/a><\/p><\/blockquote>\n<p><iframe loading=\"lazy\" class=\"wp-embedded-content\" sandbox=\"allow-scripts\" security=\"restricted\" style=\"position: absolute; clip: rect(1px, 1px, 1px, 1px);\" title=\"&#8220;AGORA&#8217; AGORDINA&#8230; LA NOSTA PIAZA LADINA.  pagina in aggiornamento continuo&#8221; &#8212; Radio Pi\u00f9\" src=\"https:\/\/www.radiopiu.net\/wordpress\/agora-agordina-la-nosta-piaza\/embed\/#?secret=6F0QkEbfNV\" data-secret=\"6F0QkEbfNV\" width=\"600\" height=\"338\" frameborder=\"0\" marginwidth=\"0\" marginheight=\"0\" scrolling=\"no\"><\/iframe><\/p>\n<p>&nbsp;<\/p>\n<p>&nbsp;<\/p>\n<hr \/>\n<p>&nbsp;<\/p>\n<p>&nbsp;<\/p>\n<blockquote>\n<h2>FANTASTICHE DOLOMITI, NUOVA STAGIONE. APPUNTAMENTO QUINDICINALE IL GIOVEDI ALLE 10.30 E 19.00<\/h2>\n<\/blockquote>\n<h2><span style=\"color: #ff0000;\">PUNTATA NUMERO 12\u00a0 del\u00a0 31marzo2021<\/span><\/h2>\n<p><strong><a href=\"https:\/\/www.radiopiu.net\/wordpress\/raccolta-completa\/121869645_648442942701436_4748562330148520081_n-2\/\" rel=\"attachment wp-att-196402\"><img loading=\"lazy\" decoding=\"async\" class=\"wp-image-196402 alignleft\" src=\"https:\/\/www.radiopiu.net\/wordpress\/wp-content\/uploads\/2021\/02\/121869645_648442942701436_4748562330148520081_n-1-300x169.jpg\" alt=\"\" width=\"160\" height=\"90\" srcset=\"https:\/\/www.radiopiu.net\/wordpress\/wp-content\/uploads\/2021\/02\/121869645_648442942701436_4748562330148520081_n-1-300x169.jpg 300w, https:\/\/www.radiopiu.net\/wordpress\/wp-content\/uploads\/2021\/02\/121869645_648442942701436_4748562330148520081_n-1-1024x576.jpg 1024w, https:\/\/www.radiopiu.net\/wordpress\/wp-content\/uploads\/2021\/02\/121869645_648442942701436_4748562330148520081_n-1-768x432.jpg 768w, https:\/\/www.radiopiu.net\/wordpress\/wp-content\/uploads\/2021\/02\/121869645_648442942701436_4748562330148520081_n-1-1536x864.jpg 1536w, https:\/\/www.radiopiu.net\/wordpress\/wp-content\/uploads\/2021\/02\/121869645_648442942701436_4748562330148520081_n-1.jpg 1707w\" sizes=\"auto, (max-width: 160px) 100vw, 160px\" \/><\/a>OSPITE IL PRESIDENTE CLAUDIO CANOVA, due giovani veterinari Michele e Maria investono nell&#8217;attivit\u00e0 sostenibile, l&#8217;allevamento delle trote a Piz di Sospirolo<\/strong><\/p>\n<p>&nbsp;<\/p>\n<audio class=\"wp-audio-shortcode\" id=\"audio-200600-14\" preload=\"none\" style=\"width: 100%;\" controls=\"controls\"><source type=\"audio\/mpeg\" src=\"https:\/\/www.radiopiu.net\/wordpress\/wp-content\/uploads\/2021\/03\/fantastiche-dolomiti-31-marzo-2021.mp3?_=14\" \/><a href=\"https:\/\/www.radiopiu.net\/wordpress\/wp-content\/uploads\/2021\/03\/fantastiche-dolomiti-31-marzo-2021.mp3\">https:\/\/www.radiopiu.net\/wordpress\/wp-content\/uploads\/2021\/03\/fantastiche-dolomiti-31-marzo-2021.mp3<\/a><\/audio>\n<h3>LA RACCOLTA COMPLETA<\/h3>\n<p>https:\/\/www.radiopiu.net\/wordpress\/raccolta-completa\/<\/p>\n<p>&nbsp;<\/p>\n<p>&nbsp;<\/p>\n<hr \/>\n<p>&nbsp;<\/p>\n<div>\n<h2><span style=\"color: #ff0000;\">ALLA RADIO<\/span><\/h2>\n<\/div>\n<div>\n<h2><strong>LE\u00a0 PUNTATE di Luisa Alchini di Leggermente Bellunesi, la domenica alle 11, <span style=\"color: #0000ff;\">IL MARTEDI IN PRIMA EDIZIONE\u00a0<\/span> alle 10.30 e alle 19.00<\/strong><\/h2>\n<\/div>\n<p><strong><a href=\"https:\/\/www.radiopiu.net\/wordpress\/leggermente-bellunesi-30-marzo-2021\/166179082_1617824001738994_6431694881687170799_n\/\" rel=\"attachment wp-att-200190\"><img loading=\"lazy\" decoding=\"async\" class=\" wp-image-200190 alignleft\" src=\"https:\/\/www.radiopiu.net\/wordpress\/wp-content\/uploads\/2021\/03\/166179082_1617824001738994_6431694881687170799_n-180x300.jpg\" alt=\"\" width=\"78\" height=\"130\" srcset=\"https:\/\/www.radiopiu.net\/wordpress\/wp-content\/uploads\/2021\/03\/166179082_1617824001738994_6431694881687170799_n-180x300.jpg 180w, https:\/\/www.radiopiu.net\/wordpress\/wp-content\/uploads\/2021\/03\/166179082_1617824001738994_6431694881687170799_n-615x1024.jpg 615w, https:\/\/www.radiopiu.net\/wordpress\/wp-content\/uploads\/2021\/03\/166179082_1617824001738994_6431694881687170799_n.jpg 734w\" sizes=\"auto, (max-width: 78px) 100vw, 78px\" \/><\/a><\/strong><\/p>\n<p>&nbsp;<\/p>\n<p>&nbsp;<\/p>\n<p><strong>PUNTATA DEL 30 MARZO 2021<\/strong><\/p>\n<audio class=\"wp-audio-shortcode\" id=\"audio-200600-15\" preload=\"none\" style=\"width: 100%;\" controls=\"controls\"><source type=\"audio\/mpeg\" src=\"https:\/\/www.radiopiu.net\/wordpress\/wp-content\/uploads\/2021\/03\/24leggermentegemodacol2021.mp3?_=15\" \/><a href=\"https:\/\/www.radiopiu.net\/wordpress\/wp-content\/uploads\/2021\/03\/24leggermentegemodacol2021.mp3\">https:\/\/www.radiopiu.net\/wordpress\/wp-content\/uploads\/2021\/03\/24leggermentegemodacol2021.mp3<\/a><\/audio>\n<p>&nbsp;<\/p>\n<p><strong><span style=\"color: #000000;\">RACCOLTA COMPLETA<\/span><\/strong><\/p>\n<div>\n<blockquote class=\"wp-embedded-content\" data-secret=\"JJVMVRXC9s\"><p><a href=\"https:\/\/www.radiopiu.net\/wordpress\/leggermente-20\/\">LEGGERmente&#8230;Bellunesi<\/a><\/p><\/blockquote>\n<p><iframe loading=\"lazy\" class=\"wp-embedded-content\" sandbox=\"allow-scripts\" security=\"restricted\" style=\"position: absolute; clip: rect(1px, 1px, 1px, 1px);\" title=\"&#8220;LEGGERmente&#8230;Bellunesi&#8221; &#8212; Radio Pi\u00f9\" src=\"https:\/\/www.radiopiu.net\/wordpress\/leggermente-20\/embed\/#?secret=JJVMVRXC9s\" data-secret=\"JJVMVRXC9s\" width=\"600\" height=\"338\" frameborder=\"0\" marginwidth=\"0\" marginheight=\"0\" scrolling=\"no\"><\/iframe><\/p>\n<\/div>\n<hr \/>\n<p>&nbsp;<\/p>\n<h2><span style=\"color: #ff0000;\">ALLA RADIO<\/span><\/h2>\n<h2><span style=\"color: #008000;\">ERBE E PIANTE CURATIVE&#8230;IL\u00a0 PROGRAMMA DI PAOLA LANCIATO<\/span><\/h2>\n<p><strong><a href=\"https:\/\/www.radiopiu.net\/wordpress\/erbe-e-piante-curative-il-mandorlo\/almond-tree-3308361_1280\/\" rel=\"attachment wp-att-200195\"><img loading=\"lazy\" decoding=\"async\" class=\" wp-image-200195 alignleft\" src=\"https:\/\/www.radiopiu.net\/wordpress\/wp-content\/uploads\/2021\/03\/almond-tree-3308361_1280-300x200.jpg\" alt=\"\" width=\"176\" height=\"117\" srcset=\"https:\/\/www.radiopiu.net\/wordpress\/wp-content\/uploads\/2021\/03\/almond-tree-3308361_1280-300x200.jpg 300w, https:\/\/www.radiopiu.net\/wordpress\/wp-content\/uploads\/2021\/03\/almond-tree-3308361_1280-1024x682.jpg 1024w, https:\/\/www.radiopiu.net\/wordpress\/wp-content\/uploads\/2021\/03\/almond-tree-3308361_1280-768x512.jpg 768w, https:\/\/www.radiopiu.net\/wordpress\/wp-content\/uploads\/2021\/03\/almond-tree-3308361_1280.jpg 1280w\" sizes=\"auto, (max-width: 176px) 100vw, 176px\" \/><\/a>NONA PUNTATA &#8211; IL MANDORLO<\/strong><\/p>\n<audio class=\"wp-audio-shortcode\" id=\"audio-200600-16\" preload=\"none\" style=\"width: 100%;\" controls=\"controls\"><source type=\"audio\/mpeg\" src=\"https:\/\/www.radiopiu.net\/wordpress\/wp-content\/uploads\/2021\/03\/8apasquaIl-mandorlo-M.mp3?_=16\" \/><a href=\"https:\/\/www.radiopiu.net\/wordpress\/wp-content\/uploads\/2021\/03\/8apasquaIl-mandorlo-M.mp3\">https:\/\/www.radiopiu.net\/wordpress\/wp-content\/uploads\/2021\/03\/8apasquaIl-mandorlo-M.mp3<\/a><\/audio>\n<p><strong>LA RACCOLTA COMPLETA<\/strong><\/p>\n<blockquote class=\"wp-embedded-content\" data-secret=\"ayTVfVjh12\"><p><a href=\"https:\/\/www.radiopiu.net\/wordpress\/erbe-e-piante-curative\/\">ERBE E PIANTE CURATIVE<\/a><\/p><\/blockquote>\n<p><iframe loading=\"lazy\" class=\"wp-embedded-content\" sandbox=\"allow-scripts\" security=\"restricted\" style=\"position: absolute; clip: rect(1px, 1px, 1px, 1px);\" title=\"&#8220;ERBE E PIANTE CURATIVE&#8221; &#8212; Radio Pi\u00f9\" src=\"https:\/\/www.radiopiu.net\/wordpress\/erbe-e-piante-curative\/embed\/#?secret=ayTVfVjh12\" data-secret=\"ayTVfVjh12\" width=\"600\" height=\"338\" frameborder=\"0\" marginwidth=\"0\" marginheight=\"0\" scrolling=\"no\"><\/iframe><\/p>\n<p>&nbsp;<\/p>\n<p>&nbsp;<\/p>\n<div class=\"im_message_wrap clearfix\">\n<div class=\"im_content_message_wrap im_message_out\">\n<p>&nbsp;<\/p>\n<\/div>\n<\/div>\n<hr \/>\n<div dir=\"auto\"><\/div>\n<h2><\/h2>\n<h2><span style=\"color: #ff0000;\">ALLA RADIO<\/span><\/h2>\n<blockquote><p><strong>CONOSCIAMO I CORI DELLA PROVINCIA,\u00a0 CORO VAL BIOIS DIRETTO DA ATTILIO COSTA<\/strong><\/p><\/blockquote>\n<blockquote><div style=\"width: 640px;\" class=\"wp-video\"><video class=\"wp-video-shortcode\" id=\"video-200600-3\" width=\"640\" height=\"360\" preload=\"metadata\" controls=\"controls\"><source type=\"video\/mp4\" src=\"https:\/\/www.radiopiu.net\/wordpress\/wp-content\/uploads\/2021\/03\/CORO-VAL-BIOIS.mp4?_=3\" \/><a href=\"https:\/\/www.radiopiu.net\/wordpress\/wp-content\/uploads\/2021\/03\/CORO-VAL-BIOIS.mp4\">https:\/\/www.radiopiu.net\/wordpress\/wp-content\/uploads\/2021\/03\/CORO-VAL-BIOIS.mp4<\/a><\/video><\/div><\/blockquote>\n<h1>LA RACCOLTA COMPLETA<\/h1>\n<blockquote class=\"wp-embedded-content\" data-secret=\"TkGuMrpapS\"><p><a href=\"https:\/\/www.radiopiu.net\/wordpress\/valbiois\/\">CONOSCIAMO I CORI DEL BELLUNESE  DECIMA PUNTATA, IL CORO VAL BIOIS DI ATTILIO COSTA<\/a><\/p><\/blockquote>\n<p><iframe loading=\"lazy\" class=\"wp-embedded-content\" sandbox=\"allow-scripts\" security=\"restricted\" style=\"position: absolute; clip: rect(1px, 1px, 1px, 1px);\" title=\"&#8220;CONOSCIAMO I CORI DEL BELLUNESE  DECIMA PUNTATA, IL CORO VAL BIOIS DI ATTILIO COSTA&#8221; &#8212; Radio Pi\u00f9\" src=\"https:\/\/www.radiopiu.net\/wordpress\/valbiois\/embed\/#?secret=TkGuMrpapS\" data-secret=\"TkGuMrpapS\" width=\"600\" height=\"338\" frameborder=\"0\" marginwidth=\"0\" marginheight=\"0\" scrolling=\"no\"><\/iframe><\/p>\n<p>&nbsp;<\/p>\n<p>&nbsp;<\/p>\n<hr \/>\n<h2><span style=\"color: #808000;\">\u00a0<\/span><\/h2>\n<h2><span style=\"color: #808000;\">DUE MINUTI UN LIBRO\u00a0 TUTTI I GIORNI ALLA RADIO ALLE 9.30 E ALLE 18. QUINTA STAGIONE\u00a0<\/span><\/h2>\n<p>&nbsp;<\/p>\n<blockquote class=\"wp-embedded-content\" data-secret=\"GzaqWH88c0\"><p><a href=\"https:\/\/www.radiopiu.net\/wordpress\/la-societa-senza-dolore\/\">LA SOCIETA&#8217; SENZA DOLORE,<\/a><\/p><\/blockquote>\n<p><iframe loading=\"lazy\" class=\"wp-embedded-content\" sandbox=\"allow-scripts\" security=\"restricted\" style=\"position: absolute; clip: rect(1px, 1px, 1px, 1px);\" title=\"&#8220;LA SOCIETA&#8217; SENZA DOLORE,&#8221; &#8212; Radio Pi\u00f9\" src=\"https:\/\/www.radiopiu.net\/wordpress\/la-societa-senza-dolore\/embed\/#?secret=GzaqWH88c0\" data-secret=\"GzaqWH88c0\" width=\"600\" height=\"338\" frameborder=\"0\" marginwidth=\"0\" marginheight=\"0\" scrolling=\"no\"><\/iframe><\/p>\n<p><strong>LA RACCOLTA COMPLETA<\/strong><\/p>\n<h3><span style=\"color: #808000;\">\u00a0<\/span>LA RACCOLTA COMPLETA<\/h3>\n<blockquote class=\"wp-embedded-content\" data-secret=\"l9zpsQtUEt\"><p><a href=\"https:\/\/www.radiopiu.net\/wordpress\/due-minuti-un-libro\/\">Due minuti un libro<\/a><\/p><\/blockquote>\n<p><iframe loading=\"lazy\" class=\"wp-embedded-content\" sandbox=\"allow-scripts\" security=\"restricted\" style=\"position: absolute; clip: rect(1px, 1px, 1px, 1px);\" title=\"&#8220;Due minuti un libro&#8221; &#8212; Radio Pi\u00f9\" src=\"https:\/\/www.radiopiu.net\/wordpress\/due-minuti-un-libro\/embed\/#?secret=l9zpsQtUEt\" data-secret=\"l9zpsQtUEt\" width=\"600\" height=\"338\" frameborder=\"0\" marginwidth=\"0\" marginheight=\"0\" scrolling=\"no\"><\/iframe><\/p>\n<p>&nbsp;<\/p>\n<p>&nbsp;<\/p>\n<p>&nbsp;<\/p>\n<hr \/>\n<blockquote>\n<h3><\/h3>\n<h3>IO NE HO VISTE COSE CHE VOI NON POTRESTE IMMAGINARVI<\/h3>\n<\/blockquote>\n<p><a href=\"https:\/\/www.radiopiu.net\/wordpress\/giornale-radiopiu-02-aprile-2021-direttore-mirko-mezzacasa\/386a2fdd-7c1e-415d-8ff1-44d301fcd6a6\/\" rel=\"attachment wp-att-200795\"><img loading=\"lazy\" decoding=\"async\" class=\"wp-image-200795 alignleft\" src=\"https:\/\/www.radiopiu.net\/wordpress\/wp-content\/uploads\/2021\/04\/386a2fdd-7c1e-415d-8ff1-44d301fcd6a6-300x260.jpg\" alt=\"\" width=\"119\" height=\"103\" srcset=\"https:\/\/www.radiopiu.net\/wordpress\/wp-content\/uploads\/2021\/04\/386a2fdd-7c1e-415d-8ff1-44d301fcd6a6-300x260.jpg 300w, https:\/\/www.radiopiu.net\/wordpress\/wp-content\/uploads\/2021\/04\/386a2fdd-7c1e-415d-8ff1-44d301fcd6a6-1024x886.jpg 1024w, https:\/\/www.radiopiu.net\/wordpress\/wp-content\/uploads\/2021\/04\/386a2fdd-7c1e-415d-8ff1-44d301fcd6a6-768x664.jpg 768w, https:\/\/www.radiopiu.net\/wordpress\/wp-content\/uploads\/2021\/04\/386a2fdd-7c1e-415d-8ff1-44d301fcd6a6.jpg 1460w\" sizes=\"auto, (max-width: 119px) 100vw, 119px\" \/><\/a>Un programma di Claudio Pra, dal lunedi al venerdi \u00a0alle 8.45 ed in replica alle 19.45.<\/p>\n<p>&nbsp;<\/p>\n<p><strong>PUNTATA 09\u00a0<\/strong><\/p>\n<p>&nbsp;<\/p>\n<audio class=\"wp-audio-shortcode\" id=\"audio-200600-17\" preload=\"none\" style=\"width: 100%;\" controls=\"controls\"><source type=\"audio\/mpeg\" src=\"https:\/\/www.radiopiu.net\/wordpress\/wp-content\/uploads\/2021\/03\/claudiogiovdi.mp3?_=17\" \/><a href=\"https:\/\/www.radiopiu.net\/wordpress\/wp-content\/uploads\/2021\/03\/claudiogiovdi.mp3\">https:\/\/www.radiopiu.net\/wordpress\/wp-content\/uploads\/2021\/03\/claudiogiovdi.mp3<\/a><\/audio>\n<p>&nbsp;<\/p>\n<h2><span style=\"color: #000000;\"><strong>LA RACCOLTA COMPLETA<\/strong><\/span><\/h2>\n<p>https:\/\/www.radiopiu.net\/wordpress\/programma2\/<\/p>\n<p>&nbsp;<\/p>\n<hr \/>\n<p>&nbsp;<\/p>\n<p>&nbsp;<\/p>\n<h1><span style=\"color: #ff0000;\"><strong>IN VIVO VERSO 2020-21<\/strong><\/span><\/h1>\n<blockquote><p><span style=\"color: #ff0000;\"><strong>IN ONDA DAL LUNEDI AL VENERDI ALLE 7.10, 10.10, 18.50\u00a0 \u00a0<\/strong><\/span><\/p><\/blockquote>\n<blockquote class=\"wp-embedded-content\" data-secret=\"I6APQJE2x0\"><p><a href=\"https:\/\/www.radiopiu.net\/wordpress\/la-mia-ombra-di-gisella-canzian\/\">LA MIA OMBRA DI GISELLA CANZIAN<\/a><\/p><\/blockquote>\n<p><iframe loading=\"lazy\" class=\"wp-embedded-content\" sandbox=\"allow-scripts\" security=\"restricted\" style=\"position: absolute; clip: rect(1px, 1px, 1px, 1px);\" title=\"&#8220;LA MIA OMBRA DI GISELLA CANZIAN&#8221; &#8212; Radio Pi\u00f9\" src=\"https:\/\/www.radiopiu.net\/wordpress\/la-mia-ombra-di-gisella-canzian\/embed\/#?secret=I6APQJE2x0\" data-secret=\"I6APQJE2x0\" width=\"600\" height=\"338\" frameborder=\"0\" marginwidth=\"0\" marginheight=\"0\" scrolling=\"no\"><\/iframe><\/p>\n<p><strong>LA RACCOLTA COMPLETA<\/strong><\/p>\n<blockquote class=\"wp-embedded-content\" data-secret=\"EGsnGDmosT\"><p><a href=\"https:\/\/www.radiopiu.net\/wordpress\/in-vivo-verso\/\">In Vivo Verso<\/a><\/p><\/blockquote>\n<p><iframe loading=\"lazy\" class=\"wp-embedded-content\" sandbox=\"allow-scripts\" security=\"restricted\" style=\"position: absolute; clip: rect(1px, 1px, 1px, 1px);\" title=\"&#8220;In Vivo Verso&#8221; &#8212; Radio Pi\u00f9\" src=\"https:\/\/www.radiopiu.net\/wordpress\/in-vivo-verso\/embed\/#?secret=EGsnGDmosT\" data-secret=\"EGsnGDmosT\" width=\"600\" height=\"338\" frameborder=\"0\" marginwidth=\"0\" marginheight=\"0\" scrolling=\"no\"><\/iframe><\/p>\n<hr \/>\n<p>&nbsp;<\/p>\n<p>&nbsp;<\/p>\n<h2><span style=\"color: #ff0000;\"><a href=\"https:\/\/www.radiopiu.net\/wordpress\/giornale-radiopiu-05-gennaio-2021-direttore-mirko-mezzacasa\/133200401_100838761953611_1258544160541445132_o-2\/\" rel=\"attachment wp-att-183078\"><img loading=\"lazy\" decoding=\"async\" class=\" wp-image-183078 alignleft\" src=\"https:\/\/www.radiopiu.net\/wordpress\/wp-content\/uploads\/2021\/01\/133200401_100838761953611_1258544160541445132_o-1-300x157.jpg\" alt=\"\" width=\"192\" height=\"101\" srcset=\"https:\/\/www.radiopiu.net\/wordpress\/wp-content\/uploads\/2021\/01\/133200401_100838761953611_1258544160541445132_o-1-300x157.jpg 300w, https:\/\/www.radiopiu.net\/wordpress\/wp-content\/uploads\/2021\/01\/133200401_100838761953611_1258544160541445132_o-1.jpg 526w\" sizes=\"auto, (max-width: 192px) 100vw, 192px\" \/><\/a>GOCCE DI FILOSOFIA, CON CHIARA CAU, CON LISA DE LUCA. <\/span><\/h2>\n<h2><span style=\"color: #ff0000;\">TUTTI I GIORNI DAL LUNEDI AL VENERDI ALLE 6.55 E ALLE 18.55<\/span><\/h2>\n<p><strong>PUNTATA 69<\/strong><\/p>\n<audio class=\"wp-audio-shortcode\" id=\"audio-200600-18\" preload=\"none\" style=\"width: 100%;\" controls=\"controls\"><source type=\"audio\/mpeg\" src=\"https:\/\/www.radiopiu.net\/wordpress\/wp-content\/uploads\/2021\/03\/FI4-4.mp3?_=18\" \/><a href=\"https:\/\/www.radiopiu.net\/wordpress\/wp-content\/uploads\/2021\/03\/FI4-4.mp3\">https:\/\/www.radiopiu.net\/wordpress\/wp-content\/uploads\/2021\/03\/FI4-4.mp3<\/a><\/audio>\n<p>&nbsp;<\/p>\n<h3>LA RACCOLTA COMPLETA<\/h3>\n<blockquote class=\"wp-embedded-content\" data-secret=\"y0YddHVQaX\"><p><a href=\"https:\/\/www.radiopiu.net\/wordpress\/gocce-filosofia\/\">Gocce di filosofia<\/a><\/p><\/blockquote>\n<p><iframe loading=\"lazy\" class=\"wp-embedded-content\" sandbox=\"allow-scripts\" security=\"restricted\" style=\"position: absolute; clip: rect(1px, 1px, 1px, 1px);\" title=\"&#8220;Gocce di filosofia&#8221; &#8212; Radio Pi\u00f9\" src=\"https:\/\/www.radiopiu.net\/wordpress\/gocce-filosofia\/embed\/#?secret=y0YddHVQaX\" data-secret=\"y0YddHVQaX\" width=\"600\" height=\"338\" frameborder=\"0\" marginwidth=\"0\" marginheight=\"0\" scrolling=\"no\"><\/iframe><\/p>\n<p>&nbsp;<\/p>\n<hr \/>\n<p>&nbsp;<\/p>\n<p>&nbsp;<\/p>\n<blockquote>\n<h3><a href=\"https:\/\/www.radiopiu.net\/wordpress\/almanacco-ladino-puntata-5-2020\/sn\/\" rel=\"attachment wp-att-180931\"><img loading=\"lazy\" decoding=\"async\" class=\"wp-image-180931 alignleft\" src=\"https:\/\/www.radiopiu.net\/wordpress\/wp-content\/uploads\/2020\/12\/sn-300x194.jpg\" alt=\"\" width=\"181\" height=\"117\" srcset=\"https:\/\/www.radiopiu.net\/wordpress\/wp-content\/uploads\/2020\/12\/sn-300x194.jpg 300w, https:\/\/www.radiopiu.net\/wordpress\/wp-content\/uploads\/2020\/12\/sn.jpg 626w\" sizes=\"auto, (max-width: 181px) 100vw, 181px\" \/><\/a>L&#8217;ALMANACCO LADINO CON L&#8217;ISTITUT CESA DE JAN QUINDICINALE APPUNTAMENTO. LA DOMENICA ALLE 9 IL LUNEDI ALLE 8.35 IL MARTEDI ALLE 12.35 IL MERCOLEDI ALLE 18.35. SECONDA STAGIONE.<\/h3>\n<p><strong>PUNTATA DEL 29 MARZO 2021<\/strong><\/p><\/blockquote>\n<audio class=\"wp-audio-shortcode\" id=\"audio-200600-19\" preload=\"none\" style=\"width: 100%;\" controls=\"controls\"><source type=\"audio\/mpeg\" src=\"https:\/\/www.radiopiu.net\/wordpress\/wp-content\/uploads\/2020\/10\/55\u00b0-Almanacco-Ladino_Fodom.mp3?_=19\" \/><a href=\"https:\/\/www.radiopiu.net\/wordpress\/wp-content\/uploads\/2020\/10\/55\u00b0-Almanacco-Ladino_Fodom.mp3\">https:\/\/www.radiopiu.net\/wordpress\/wp-content\/uploads\/2020\/10\/55\u00b0-Almanacco-Ladino_Fodom.mp3<\/a><\/audio>\n<p>&nbsp;<\/p>\n<p><strong>RACCOLTA COMPLETA\u00a0<\/strong><\/p>\n<blockquote class=\"wp-embedded-content\" data-secret=\"hqeakWSEJs\"><p><a href=\"https:\/\/www.radiopiu.net\/wordpress\/almanacco-ladino\/\">Almanacco Ladino<\/a><\/p><\/blockquote>\n<p><iframe loading=\"lazy\" class=\"wp-embedded-content\" sandbox=\"allow-scripts\" security=\"restricted\" style=\"position: absolute; clip: rect(1px, 1px, 1px, 1px);\" title=\"&#8220;Almanacco Ladino&#8221; &#8212; Radio Pi\u00f9\" src=\"https:\/\/www.radiopiu.net\/wordpress\/almanacco-ladino\/embed\/#?secret=hqeakWSEJs\" data-secret=\"hqeakWSEJs\" width=\"600\" height=\"338\" frameborder=\"0\" marginwidth=\"0\" marginheight=\"0\" scrolling=\"no\"><\/iframe><\/p>\n<h2><\/h2>\n<hr \/>\n<div dir=\"auto\">\n<div>\n<h2><span style=\"color: #800080;\"><strong>LA RASSEGNA STAMPA DA L&#8217;AMICO DEL POPOLO\u00a0<\/strong><\/span><\/h2>\n<h3 class=\"kvgmc6g5 cxmmr5t8 oygrvhab hcukyx3x c1et5uql\"><span style=\"color: #0000ff;\"> INFORMAZIONE il canale su TELEGRAM informazione di prima mano e in tempo reale. iscriviti ed aiutaci a farlo conoscere\u00a0<\/span><\/h3>\n<p><strong><a href=\"https:\/\/www.radiopiu.net\/wordpress\/agordina-seconda-categoria-il-punto-dopo-6-giornate\/marco-lorenzi-ok\/\" rel=\"attachment wp-att-64292\"><img loading=\"lazy\" decoding=\"async\" class=\" wp-image-64292 alignleft\" src=\"https:\/\/www.radiopiu.net\/wordpress\/wp-content\/uploads\/2018\/10\/MARCO-LORENZI-OK-300x180.png\" alt=\"\" width=\"155\" height=\"93\" srcset=\"https:\/\/www.radiopiu.net\/wordpress\/wp-content\/uploads\/2018\/10\/MARCO-LORENZI-OK-300x180.png 300w, https:\/\/www.radiopiu.net\/wordpress\/wp-content\/uploads\/2018\/10\/MARCO-LORENZI-OK.png 669w\" sizes=\"auto, (max-width: 155px) 100vw, 155px\" \/><\/a>di Gianni Santomaso<\/strong><\/p>\n<p>OSPITE: Marco Lorenzi<\/p>\n<audio class=\"wp-audio-shortcode\" id=\"audio-200600-20\" preload=\"none\" style=\"width: 100%;\" controls=\"controls\"><source type=\"audio\/mpeg\" src=\"https:\/\/www.radiopiu.net\/wordpress\/wp-content\/uploads\/2021\/03\/RASSEGNA-GIANNI-2.mp3?_=20\" \/><a href=\"https:\/\/www.radiopiu.net\/wordpress\/wp-content\/uploads\/2021\/03\/RASSEGNA-GIANNI-2.mp3\">https:\/\/www.radiopiu.net\/wordpress\/wp-content\/uploads\/2021\/03\/RASSEGNA-GIANNI-2.mp3<\/a><\/audio>\n<p>&nbsp;<\/p>\n<p><strong>LA RACCOLTA COMPLETA<\/strong><\/p>\n<blockquote class=\"wp-embedded-content\" data-secret=\"KNpmryjW0P\"><p><a href=\"https:\/\/www.radiopiu.net\/wordpress\/rassegna-stampa-di-gianni-santomaso\/\">Rassegna stampa da l&#8217;amico del popolo &#8211; di Gianni Santomaso<\/a><\/p><\/blockquote>\n<p><iframe loading=\"lazy\" class=\"wp-embedded-content\" sandbox=\"allow-scripts\" security=\"restricted\" style=\"position: absolute; clip: rect(1px, 1px, 1px, 1px);\" title=\"&#8220;Rassegna stampa da l&#8217;amico del popolo &#8211; di Gianni Santomaso&#8221; &#8212; Radio Pi\u00f9\" src=\"https:\/\/www.radiopiu.net\/wordpress\/rassegna-stampa-di-gianni-santomaso\/embed\/#?secret=KNpmryjW0P\" data-secret=\"KNpmryjW0P\" width=\"600\" height=\"338\" frameborder=\"0\" marginwidth=\"0\" marginheight=\"0\" scrolling=\"no\"><\/iframe><\/p>\n<p>&nbsp;<\/p>\n<\/div>\n<\/div>\n<div dir=\"auto\">\n<hr \/>\n<p>&nbsp;<\/p>\n<blockquote>\n<h3>SALUTE E SOCIETA&#8217; IL LUNEDI ALLE 13.10 E ALLE 20.10, LA DOMENICA ALLE 10.30 A CURA DEL DOTTOR MARCO CARACCIOLO. QUINTA STAGIONE<\/h3>\n<\/blockquote>\n<p><strong><a href=\"https:\/\/www.radiopiu.net\/wordpress\/aderenza-terapeutica-nelle-malattie-croniche\/malattia-cronica\/\" rel=\"attachment wp-att-199913\"><img loading=\"lazy\" decoding=\"async\" class=\"wp-image-199913 alignleft\" src=\"https:\/\/www.radiopiu.net\/wordpress\/wp-content\/uploads\/2021\/03\/malattia-cronica-300x200.jpeg\" alt=\"\" width=\"203\" height=\"135\" srcset=\"https:\/\/www.radiopiu.net\/wordpress\/wp-content\/uploads\/2021\/03\/malattia-cronica-300x200.jpeg 300w, https:\/\/www.radiopiu.net\/wordpress\/wp-content\/uploads\/2021\/03\/malattia-cronica.jpeg 626w\" sizes=\"auto, (max-width: 203px) 100vw, 203px\" \/><\/a>LA PUNTATA DELLA SETTIMANA\u00a0 <\/strong>Un \u201cindicatore sintetico di aderenza\u201d integrato nel Nuovo Sistema di Garanzia dei LEA (livelli essenziali di assistenza), per misurare l\u2019aderenza terapeutica nelle malattie croniche in maniera standardizzata a livello nazionale: \u00e8 la proposta formulata da Italia Longeva, l\u2019Associazione nazionale per l\u2019invecchiamento e la longevit\u00e0 attiva del Ministero della Salute, per dare una risposta concreta al problema della scarsa aderenza alle cure, particolarmente rilevante tra gli anziani e fortemente acuito dalla pandemia. Roberto Bernabei, Presidente di Italia Longeva Andrea Urbani, Direttore Generale della Programmazione sanitaria del Ministero della Salute Pierpaolo Sileri, Sottosegretario di Stato al Ministero della salute<\/p>\n<audio class=\"wp-audio-shortcode\" id=\"audio-200600-21\" preload=\"none\" style=\"width: 100%;\" controls=\"controls\"><source type=\"audio\/mpeg\" src=\"https:\/\/www.radiopiu.net\/wordpress\/wp-content\/uploads\/2021\/03\/SALUTE-2.mp3?_=21\" \/><a href=\"https:\/\/www.radiopiu.net\/wordpress\/wp-content\/uploads\/2021\/03\/SALUTE-2.mp3\">https:\/\/www.radiopiu.net\/wordpress\/wp-content\/uploads\/2021\/03\/SALUTE-2.mp3<\/a><\/audio>\n<h3><strong>LA RACCOLTA COMPLETA\u00a0<\/strong><\/h3>\n<\/div>\n<blockquote class=\"wp-embedded-content\" data-secret=\"aJOxpIlWUw\"><p><a href=\"https:\/\/www.radiopiu.net\/wordpress\/saluteesocieta\/\">Salute e Societ\u00e0<\/a><\/p><\/blockquote>\n<p><iframe loading=\"lazy\" class=\"wp-embedded-content\" sandbox=\"allow-scripts\" security=\"restricted\" style=\"position: absolute; clip: rect(1px, 1px, 1px, 1px);\" title=\"&#8220;Salute e Societ\u00e0&#8221; &#8212; Radio Pi\u00f9\" src=\"https:\/\/www.radiopiu.net\/wordpress\/saluteesocieta\/embed\/#?secret=aJOxpIlWUw\" data-secret=\"aJOxpIlWUw\" width=\"600\" height=\"338\" frameborder=\"0\" marginwidth=\"0\" marginheight=\"0\" scrolling=\"no\"><\/iframe><\/p>\n<hr \/>\n<p>&nbsp;<\/p>\n<blockquote>\n<h3 class=\"kvgmc6g5 cxmmr5t8 oygrvhab hcukyx3x c1et5uql\"><span style=\"color: #0000ff;\">INFORMAZIONE il canale su TELEGRAM informazione di prima mano e in tempo reale. iscriviti ed aiutaci a farlo conoscere\u00a0<\/span><\/h3>\n<\/blockquote>\n<h2><img loading=\"lazy\" decoding=\"async\" class=\"alignleft\" src=\"https:\/\/www.radiopiu.net\/wordpress\/wp-content\/uploads\/2021\/03\/narr.jpg\" width=\"158\" height=\"105\" \/>007 IN CONDOTTA CON LA PROF. MARIA ROSA SALMAZO IL LUNEDI ALLE 10,30 E ALLE 19.00 LA DOMENICA ALLE 8 DEL MATTINO. NONA STAGIONE<\/h2>\n<p><span style=\"color: #ff0000;\"><strong>PUNTATA DEL 29 MARZO 2021<\/strong><\/span><\/p>\n<audio class=\"wp-audio-shortcode\" id=\"audio-200600-22\" preload=\"none\" style=\"width: 100%;\" controls=\"controls\"><source type=\"audio\/mpeg\" src=\"https:\/\/www.radiopiu.net\/wordpress\/wp-content\/uploads\/2020\/10\/007-28-marzo.mp3?_=22\" \/><a href=\"https:\/\/www.radiopiu.net\/wordpress\/wp-content\/uploads\/2020\/10\/007-28-marzo.mp3\">https:\/\/www.radiopiu.net\/wordpress\/wp-content\/uploads\/2020\/10\/007-28-marzo.mp3<\/a><\/audio>\n<h2>LA RACCOLTA COMPLETA<\/h2>\n<blockquote class=\"wp-embedded-content\" data-secret=\"raWfQSE02W\"><p><a href=\"https:\/\/www.radiopiu.net\/wordpress\/007incondotta-9\/\">007 in condotta<\/a><\/p><\/blockquote>\n<p><iframe loading=\"lazy\" class=\"wp-embedded-content\" sandbox=\"allow-scripts\" security=\"restricted\" style=\"position: absolute; clip: rect(1px, 1px, 1px, 1px);\" title=\"&#8220;007 in condotta&#8221; &#8212; Radio Pi\u00f9\" src=\"https:\/\/www.radiopiu.net\/wordpress\/007incondotta-9\/embed\/#?secret=raWfQSE02W\" data-secret=\"raWfQSE02W\" width=\"600\" height=\"338\" frameborder=\"0\" marginwidth=\"0\" marginheight=\"0\" scrolling=\"no\"><\/iframe><\/p>\n<blockquote><p>&nbsp;<\/p>\n<p>&nbsp;<\/p><\/blockquote>\n<hr \/>\n<p>&nbsp;<\/p>\n<p>&nbsp;<\/p>\n<div>\n<h2><span style=\"color: #33cccc;\">I RACCONTI DI PAOLO SOPPELSA il lunedi alle 9.30 e 18.30<\/span><\/h2>\n<blockquote class=\"wp-embedded-content\" data-secret=\"p1GJIWeeNp\"><p><a href=\"https:\/\/www.radiopiu.net\/wordpress\/i-racconti-di-paolo-soppelsa-sessantottesima-puntata\/\">I RACCONTI DI PAOLO SOPPELSA SESSANTOTTESIMA PUNTATA<\/a><\/p><\/blockquote>\n<p><iframe loading=\"lazy\" class=\"wp-embedded-content\" sandbox=\"allow-scripts\" security=\"restricted\" style=\"position: absolute; clip: rect(1px, 1px, 1px, 1px);\" title=\"&#8220;I RACCONTI DI PAOLO SOPPELSA SESSANTOTTESIMA PUNTATA&#8221; &#8212; Radio Pi\u00f9\" src=\"https:\/\/www.radiopiu.net\/wordpress\/i-racconti-di-paolo-soppelsa-sessantottesima-puntata\/embed\/#?secret=p1GJIWeeNp\" data-secret=\"p1GJIWeeNp\" width=\"600\" height=\"338\" frameborder=\"0\" marginwidth=\"0\" marginheight=\"0\" scrolling=\"no\"><\/iframe><\/p>\n<p><span style=\"color: #0000ff;\">INFORMAZIONE il canale su TELEGRAM informazione di prima mano e in tempo reale. iscriviti ed aiutaci a farlo conoscere\u00a0<\/span><\/p>\n<h2><span style=\"color: #33cccc;\"><strong>RACCOLTA COMPLETA<\/strong><\/span><\/h2>\n<blockquote class=\"wp-embedded-content\" data-secret=\"6ctiUcfAKb\"><p><a href=\"https:\/\/www.radiopiu.net\/wordpress\/i-racconti-di-paolo-soppelsa\/\">I racconti di Paolo Soppelsa<\/a><\/p><\/blockquote>\n<p><iframe loading=\"lazy\" class=\"wp-embedded-content\" sandbox=\"allow-scripts\" security=\"restricted\" style=\"position: absolute; clip: rect(1px, 1px, 1px, 1px);\" title=\"&#8220;I racconti di Paolo Soppelsa&#8221; &#8212; Radio Pi\u00f9\" src=\"https:\/\/www.radiopiu.net\/wordpress\/i-racconti-di-paolo-soppelsa\/embed\/#?secret=6ctiUcfAKb\" data-secret=\"6ctiUcfAKb\" width=\"600\" height=\"338\" frameborder=\"0\" marginwidth=\"0\" marginheight=\"0\" scrolling=\"no\"><\/iframe><\/p>\n<\/div>\n<h2><span style=\"color: #ff0000;\">\u00a0<\/span><\/h2>\n<p>&nbsp;<\/p>\n<hr \/>\n<div>\n<h2><span style=\"color: #000080;\"><a class=\"dt-pswp-item\" href=\"https:\/\/www.radiopiu.net\/wordpress\/wp-content\/uploads\/2020\/10\/pp.jpg\" data-dt-img-description=\"\" data-large_image_width=\"640\" data-large_image_height=\"640\"><img loading=\"lazy\" decoding=\"async\" class=\"wp-image-163678 alignleft\" src=\"https:\/\/www.radiopiu.net\/wordpress\/wp-content\/uploads\/2020\/10\/pp-300x300.jpg\" alt=\"\" width=\"106\" height=\"106\" srcset=\"https:\/\/www.radiopiu.net\/wordpress\/wp-content\/uploads\/2020\/10\/pp-300x300.jpg 300w, https:\/\/www.radiopiu.net\/wordpress\/wp-content\/uploads\/2020\/10\/pp-150x150.jpg 150w, https:\/\/www.radiopiu.net\/wordpress\/wp-content\/uploads\/2020\/10\/pp-125x125.jpg 125w, https:\/\/www.radiopiu.net\/wordpress\/wp-content\/uploads\/2020\/10\/pp-200x200.jpg 200w, https:\/\/www.radiopiu.net\/wordpress\/wp-content\/uploads\/2020\/10\/pp-80x80.jpg 80w, https:\/\/www.radiopiu.net\/wordpress\/wp-content\/uploads\/2020\/10\/pp-480x480.jpg 480w, https:\/\/www.radiopiu.net\/wordpress\/wp-content\/uploads\/2020\/10\/pp.jpg 640w\" sizes=\"auto, (max-width: 106px) 100vw, 106px\" \/><\/a><\/span><\/h2>\n<h2><span style=\"color: #000080;\">DON CESARE, IL PENSIERO DEL GIORNO. ALLA RADIO ALLE 7 DEL MATTINO E ALLE 19.30 DELLA SERA.\u00a0\u00a0<\/span><\/h2>\n<\/div>\n<p>&nbsp;<\/p>\n<p>&nbsp;<\/p>\n<p>&nbsp;<\/p>\n<audio class=\"wp-audio-shortcode\" id=\"audio-200600-23\" preload=\"none\" style=\"width: 100%;\" controls=\"controls\"><source type=\"audio\/mpeg\" src=\"https:\/\/www.radiopiu.net\/wordpress\/wp-content\/uploads\/2021\/04\/CESARE.mp3?_=23\" \/><a href=\"https:\/\/www.radiopiu.net\/wordpress\/wp-content\/uploads\/2021\/04\/CESARE.mp3\">https:\/\/www.radiopiu.net\/wordpress\/wp-content\/uploads\/2021\/04\/CESARE.mp3<\/a><\/audio>\n<hr \/>\n<p>&nbsp;<\/p>\n<h1><span style=\"color: #0000ff;\"><strong><a style=\"color: #0000ff;\" href=\"https:\/\/hermescomms.pontiradiopr.it\/radio-piu-intervista-francesco-zillio-di-epcenter-nostro-nuovo-partner\/\">NOVITA&#8217; EPCENTER CLICCA QUI<\/a><\/strong><\/span><\/h1>\n<p>&nbsp;<\/p>\n<p><iframe loading=\"lazy\" title=\"COMUNICAZIONI NELL&#039;ERA COVID, SOLUZIONI PROFESSIONALI\" width=\"1200\" height=\"675\" src=\"https:\/\/www.youtube.com\/embed\/BRiOzbaSF_o?feature=oembed\" frameborder=\"0\" allow=\"accelerometer; autoplay; clipboard-write; encrypted-media; gyroscope; picture-in-picture\" allowfullscreen><\/iframe><\/p>\n<h3><strong>LA RACCOLTA COMPLETA\u00a0<\/strong><\/h3>\n<blockquote class=\"wp-embedded-content\" data-secret=\"KPzV89Pmvw\"><p><a href=\"https:\/\/www.radiopiu.net\/wordpress\/ep-center-video-gallery\/\">EP CENTER video gallery<\/a><\/p><\/blockquote>\n<p><iframe loading=\"lazy\" class=\"wp-embedded-content\" sandbox=\"allow-scripts\" security=\"restricted\" style=\"position: absolute; clip: rect(1px, 1px, 1px, 1px);\" title=\"&#8220;EP CENTER video gallery&#8221; &#8212; Radio Pi\u00f9\" src=\"https:\/\/www.radiopiu.net\/wordpress\/ep-center-video-gallery\/embed\/#?secret=KPzV89Pmvw\" data-secret=\"KPzV89Pmvw\" width=\"600\" height=\"338\" frameborder=\"0\" marginwidth=\"0\" marginheight=\"0\" scrolling=\"no\"><\/iframe><\/p>\n<p>&nbsp;<\/p>\n<div><\/div>\n<p>&nbsp;<\/p>\n<hr \/>\n<p>&nbsp;<\/p>\n<p>&nbsp;<\/p>\n<p>&nbsp;<\/p>\n<h2><strong><span style=\"color: #ff0000;\">\u00a0ALLA RADIO<\/span><\/strong><\/h2>\n<div data-offset-key=\"5n5nl-0-0\">\n<h3>Per ricevere gli aggiornamenti in tempo reale delle notizie pubblicate alla radio e sul sito di radio pi\u00f9 iscriviti al gruppo RADIO PIU INFORMAZIONE su Telegram.\u00a0\u00a0<a href=\"https:\/\/t.me\/radiopiu\">clicca qui<\/a><\/h3>\n<p>&nbsp;<\/p>\n<p><strong><a class=\"dt-pswp-item\" href=\"https:\/\/www.radiopiu.net\/wordpress\/wp-content\/uploads\/2020\/01\/logo-csa.jpg\" data-dt-img-description=\"\" data-large_image_width=\"1167\" data-large_image_height=\"574\"><img loading=\"lazy\" decoding=\"async\" class=\"wp-image-113364 alignleft\" src=\"https:\/\/www.radiopiu.net\/wordpress\/wp-content\/uploads\/2020\/01\/logo-csa-300x148.jpg\" alt=\"\" width=\"182\" height=\"90\" srcset=\"https:\/\/www.radiopiu.net\/wordpress\/wp-content\/uploads\/2020\/01\/logo-csa-300x148.jpg 300w, https:\/\/www.radiopiu.net\/wordpress\/wp-content\/uploads\/2020\/01\/logo-csa-1024x504.jpg 1024w, https:\/\/www.radiopiu.net\/wordpress\/wp-content\/uploads\/2020\/01\/logo-csa-768x378.jpg 768w, https:\/\/www.radiopiu.net\/wordpress\/wp-content\/uploads\/2020\/01\/logo-csa.jpg 1167w\" sizes=\"auto, (max-width: 182px) 100vw, 182px\" \/><\/a>AGORDO<\/strong> Appuntamento mensile (primo venerdi del mese) con lo speciale condotto da Claudio<\/p>\n<p>Fontanive, in studio Fabrizio Campedel e Paolo Chissal\u00e8.<\/p>\n<\/div>\n<p><strong>PUNTATA DI MARZO<\/strong><\/p>\n<audio class=\"wp-audio-shortcode\" id=\"audio-200600-24\" preload=\"none\" style=\"width: 100%;\" controls=\"controls\"><source type=\"audio\/mpeg\" src=\"https:\/\/www.radiopiu.net\/wordpress\/wp-content\/uploads\/2021\/03\/ca-sol-lux-marzo.mp3?_=24\" \/><a href=\"https:\/\/www.radiopiu.net\/wordpress\/wp-content\/uploads\/2021\/03\/ca-sol-lux-marzo.mp3\">https:\/\/www.radiopiu.net\/wordpress\/wp-content\/uploads\/2021\/03\/ca-sol-lux-marzo.mp3<\/a><\/audio>\n<blockquote>\n<h2>RACCOLTA COMPLETA<\/h2>\n<\/blockquote>\n<blockquote class=\"wp-embedded-content\" data-secret=\"Q2YbYe6iNk\"><p><a href=\"https:\/\/www.radiopiu.net\/wordpress\/cassa-solidarieta-luxottica-puntata-del-16-ottobre-2020\/\">CASSA SOLIDARIET\u00c0 LUXOTTICA &#8211; PUNTATA DEL 20 NOVEMBRE 2020<\/a><\/p><\/blockquote>\n<p><iframe loading=\"lazy\" class=\"wp-embedded-content\" sandbox=\"allow-scripts\" security=\"restricted\" style=\"position: absolute; clip: rect(1px, 1px, 1px, 1px);\" title=\"&#8220;CASSA SOLIDARIET\u00c0 LUXOTTICA &#8211; PUNTATA DEL 20 NOVEMBRE 2020&#8221; &#8212; Radio Pi\u00f9\" src=\"https:\/\/www.radiopiu.net\/wordpress\/cassa-solidarieta-luxottica-puntata-del-16-ottobre-2020\/embed\/#?secret=Q2YbYe6iNk\" data-secret=\"Q2YbYe6iNk\" width=\"600\" height=\"338\" frameborder=\"0\" marginwidth=\"0\" marginheight=\"0\" scrolling=\"no\"><\/iframe><\/p>\n<div><\/div>\n<p>&nbsp;<\/p>\n<p>&nbsp;<\/p>\n<p>&nbsp;<\/p>\n<hr \/>\n<p>&nbsp;<\/p>\n<div>\n<p>&nbsp;<\/p>\n<blockquote>\n<h2><a href=\"https:\/\/www.radiopiu.net\/wordpress\/speciale-solidarieta-veneto\/solidarieta-veneto-3\/\" rel=\"attachment wp-att-134366\"><img loading=\"lazy\" decoding=\"async\" class=\"wp-image-134366 alignleft\" src=\"https:\/\/www.radiopiu.net\/wordpress\/wp-content\/uploads\/2020\/05\/solidariet\u00e0-veneto-300x210.jpg\" alt=\"\" width=\"102\" height=\"71\" srcset=\"https:\/\/www.radiopiu.net\/wordpress\/wp-content\/uploads\/2020\/05\/solidariet\u00e0-veneto-300x210.jpg 300w, https:\/\/www.radiopiu.net\/wordpress\/wp-content\/uploads\/2020\/05\/solidariet\u00e0-veneto-1024x717.jpg 1024w, https:\/\/www.radiopiu.net\/wordpress\/wp-content\/uploads\/2020\/05\/solidariet\u00e0-veneto-768x538.jpg 768w, https:\/\/www.radiopiu.net\/wordpress\/wp-content\/uploads\/2020\/05\/solidariet\u00e0-veneto.jpg 1373w\" sizes=\"auto, (max-width: 102px) 100vw, 102px\" \/><\/a>SOLIDARIETA&#8217; VENETO FONDO PENSIONE, IN ONDA IL PRIMO VENERDI DEL MESE ALLE 10.30 E ALLE 19.00 QUINTA STAGIONE<\/h2>\n<\/blockquote>\n<p><strong>AUDIO MARZO 2021<\/strong><\/p>\n<audio class=\"wp-audio-shortcode\" id=\"audio-200600-25\" preload=\"none\" style=\"width: 100%;\" controls=\"controls\"><source type=\"audio\/mpeg\" src=\"https:\/\/www.radiopiu.net\/wordpress\/wp-content\/uploads\/2021\/03\/solidarieta-veneto-marzo.mp3?_=25\" \/><a href=\"https:\/\/www.radiopiu.net\/wordpress\/wp-content\/uploads\/2021\/03\/solidarieta-veneto-marzo.mp3\">https:\/\/www.radiopiu.net\/wordpress\/wp-content\/uploads\/2021\/03\/solidarieta-veneto-marzo.mp3<\/a><\/audio>\n<p>&nbsp;<\/p>\n<blockquote>\n<h2>RACCOLTA COMPLETA<\/h2>\n<\/blockquote>\n<blockquote class=\"wp-embedded-content\" data-secret=\"rCZoahqAlF\"><p><a href=\"https:\/\/www.radiopiu.net\/wordpress\/solidarieta-veneto\/\">Solidariet\u00e0 Veneto<\/a><\/p><\/blockquote>\n<p><iframe loading=\"lazy\" class=\"wp-embedded-content\" sandbox=\"allow-scripts\" security=\"restricted\" style=\"position: absolute; clip: rect(1px, 1px, 1px, 1px);\" title=\"&#8220;Solidariet\u00e0 Veneto&#8221; &#8212; Radio Pi\u00f9\" src=\"https:\/\/www.radiopiu.net\/wordpress\/solidarieta-veneto\/embed\/#?secret=rCZoahqAlF\" data-secret=\"rCZoahqAlF\" width=\"600\" height=\"338\" frameborder=\"0\" marginwidth=\"0\" marginheight=\"0\" scrolling=\"no\"><\/iframe><\/p>\n<p>&nbsp;<\/p>\n<\/div>\n<h3><\/h3>\n<div dir=\"auto\">\n<hr \/>\n<p>&nbsp;<\/p>\n<div>\n<p class=\"photoswipe-wrapper\"><a class=\"dt-pswp-item pspw-wrap-ready\" href=\"https:\/\/i0.wp.com\/www.radiopiu.net\/wordpress\/wp-content\/uploads\/2018\/09\/viabilita.jpeg?ssl=1\" data-dt-img-description=\"\" data-large_image_width=\"800\" data-large_image_height=\"100\"><img loading=\"lazy\" decoding=\"async\" class=\"aligncenter wp-image-61954 size-full\" src=\"https:\/\/i0.wp.com\/www.radiopiu.net\/wordpress\/wp-content\/uploads\/2018\/09\/viabilita.jpeg?resize=800%2C100&amp;ssl=1\" sizes=\"auto, (max-width: 800px) 100vw, 800px\" srcset=\"https:\/\/i0.wp.com\/www.radiopiu.net\/wordpress\/wp-content\/uploads\/2018\/09\/viabilita.jpeg?w=800&amp;ssl=1 800w, https:\/\/i0.wp.com\/www.radiopiu.net\/wordpress\/wp-content\/uploads\/2018\/09\/viabilita.jpeg?resize=300%2C38&amp;ssl=1 300w, https:\/\/i0.wp.com\/www.radiopiu.net\/wordpress\/wp-content\/uploads\/2018\/09\/viabilita.jpeg?resize=768%2C96&amp;ssl=1 768w\" alt=\"\" width=\"800\" height=\"100\" \/><\/a><\/p>\n<\/div>\n<\/div>\n<p><strong>\u00a0<\/strong><\/p>\n<p><strong>SP 473 DI CROCE D&#8217;AUNE<\/strong> fino al 30 aprile in comune di Pedavena, sabato e domenica esclusi, senso unico alternato regolato da semaforo o movieri dalle 8 alle 18 per taglio piante<\/p>\n<p><strong>SP 12 PEDEMONTANA<\/strong> dal 6 aprile al 7 maggio, sabato e domenica compresi, senso unico alternato regolato da semaforo in localit\u00e0 Salgarda in comune di Feltre per posa condotta smaltimento acque meteoriche<\/p>\n<p><strong>SP 1 BIS MADONNA DEL PAIVE<\/strong> Dal 6 al 13 aprile, esclusi sabato e domenica, dalle 8 alle 18 in localit\u00e0 Marziai di Quero Vas, senso unico alternato regolato da semaforo o movieri per posa cavidotto per conto di E-Distribuzione<\/p>\n<p><strong>SR 203 AGORDINA <\/strong>senso unico alternato regolato da\u00a0 movieri per tratti di 300 metri in localit\u00e0 La Stanga dal 12 al 30 aprile dalle 8 alle 12 e dalle 13 alle 18 per lavori di ripristino del manto d&#8217;usura<\/p>\n<p><strong>SP 10 DI ALANO\u00a0<\/strong> il 7 e 8 aprile senso unico alternato regolato da semaforo in localit\u00e0 Cuniol di Alano di Piave per adeguamento dli scarichi di dilavamento del piazzale ecocentro<\/p>\n<div dir=\"auto\">\n<p><strong>SP 473 CROCE<\/strong> <strong>D&#8217;AUNE<\/strong> Dalle 8 alle 18, dal 23 marzo al 30 aprile compresi sabato domenica e festivi, senso unico alternato regolato da impianto semaforico in comune di Sovramonte per sostituzione barriere di sicurezza<\/p>\n<p><strong>SR 48 DELLE DOLOMITI\u00a0<\/strong>Dal 22 marzo al 30 aprile, dalle 7 alle 18 esclusi sabato domenica e festivi, interruzioni alla viabilit\u00e0 della durata massima di 20 minuti e senso unico alternato regolato da impianto semaforico per messa in sicurezza del versante a monte della strada in comune di Livinallongo<\/p>\n<p><strong>SP 473 CROCE D&#8217;AUNE<\/strong> dal 18 marzo al 15 aprile interdizione totale al traffico in localit\u00e0 Pedavena per ristrutturazione fabbricato. Traffico deviato su Via Trento<\/p>\n<p><strong>SP 473 CROCE D&#8217;AUNE\u00a0<\/strong> dal 18 marzo al 16 aprile, in localit\u00e0 Sarzen, interdizione totale alla viabilit\u00e0 ad eccezione di domeniche e festivi infrasettimanali per lavori di posa canalizzazioni per conto di E-Distribuzione. Transito consentito solo a mezzi pubblici, scolastici e di soccorso<\/p>\n<p><strong>SP 26 DIGOMAN\u00a0<\/strong>dal 22 marzo al 3 aprile interdizione totale al traffico in comune di Rivamonte dalle 8 alle 17, domeniche escluse, per lavori di esbosco schianti Vaia. Negli altri orari senso unico alternato regolato da impianto semaforico.<\/p>\n<p><strong>203 AGORDINA LIVINALLONGO <\/strong>dal 15 marzo per un mese (inclusi festivi e prefestivi) senso unico in localit\u00e0 Ponte Pignazza<\/p>\n<p><strong>SP 251 DELLA VAL DI ZOLDO E CELLINA<\/strong> Istituzione di senso unico alternato regolato da semaforo nel comune di Val di Zoldo per messa in sicurezza della strada<\/p>\n<p><strong>SP 42 CAVALLERA<\/strong> fino a revoca, chiusura della strada nell&#8217;abitato di Perarolo per attivazione emergenza frana &#8220;Busa del Cristo&#8221;<\/p>\n<p><strong>S.P.2 DELLA VALLE DEL MIS\u00a0<\/strong>Interdizione totale al traffico fino a revoca dal km 14,920 (localit\u00e0 Gona Bassa) al km 20,650 (localit\u00e0 Titele) per cedimento della carreggiata<\/p>\n<p><strong>S.P. 5 DI LAMOSANO<\/strong>\u00a0Interdizione totale fino a revoca per presenza di materiale e alberi in strada.<\/p>\n<p><strong>SP 3 DELLA VAL IMPERINA<\/strong> fino a revoca, senso unico alternato regolato a vista in localit\u00e0 Gona di Conedera di Rivamonte per cedimento della carreggiata stradale<\/p>\n<p><strong>PROVINCIALE 2, VALLE DEL MIS KM 9 -14\u00a0 <\/strong>Fino al 30 MARZO dalle 7.30 alle 17.30, sabato e domenica esclusi, senso unico alternato regolato da movieri o a vista, tratti di 100 metri. Ripristino reti lato strada.<\/p>\n<\/div>\n<p><b>\u00a0<\/b><\/p>\n<p>&nbsp;<\/p>\n<div dir=\"auto\">\n<hr \/>\n<p>&nbsp;<\/p>\n<div>\n<p class=\"photoswipe-wrapper\"><a class=\"dt-pswp-item pspw-wrap-ready\" href=\"https:\/\/i0.wp.com\/www.radiopiu.net\/wordpress\/wp-content\/uploads\/2018\/09\/WhatsApp-Image-2018-09-20-at-16.04.06.jpeg?ssl=1\" data-dt-img-description=\"\" data-large_image_width=\"800\" data-large_image_height=\"100\"><img loading=\"lazy\" decoding=\"async\" class=\"aligncenter wp-image-61378 size-full jetpack-lazy-image jetpack-lazy-image--handled\" src=\"https:\/\/i0.wp.com\/www.radiopiu.net\/wordpress\/wp-content\/uploads\/2018\/09\/WhatsApp-Image-2018-09-20-at-16.04.06.jpeg?resize=800%2C100&amp;ssl=1\" sizes=\"auto, (max-width: 800px) 100vw, 800px\" srcset=\"https:\/\/i0.wp.com\/www.radiopiu.net\/wordpress\/wp-content\/uploads\/2018\/09\/WhatsApp-Image-2018-09-20-at-16.04.06.jpeg?w=800&amp;ssl=1 800w, https:\/\/i0.wp.com\/www.radiopiu.net\/wordpress\/wp-content\/uploads\/2018\/09\/WhatsApp-Image-2018-09-20-at-16.04.06.jpeg?resize=300%2C38&amp;ssl=1 300w, https:\/\/i0.wp.com\/www.radiopiu.net\/wordpress\/wp-content\/uploads\/2018\/09\/WhatsApp-Image-2018-09-20-at-16.04.06.jpeg?resize=768%2C96&amp;ssl=1 768w\" alt=\"\" width=\"800\" height=\"100\" data-lazy-loaded=\"1\" \/><\/a><\/p>\n<\/div>\n<p>&nbsp;<\/p>\n<\/div>\n<p><center><\/center><center><b>Venerdi 2<\/b><\/center><b>Tempo atteso: <\/b>Tempo variabile. Al mattino cielo generalmente poco nuvoloso; graduale aumento della nuvolosit\u00e0 nel corso della mattinata, con annuvolamenti irregolari specie nella seconda parte della giornata, con qualche fenomeno di instabilit\u00e0, specie sulle zone prealpine.<br \/>\n<b>Precipitazioni: <\/b>Assenti sulle Dolomiti, mentre sulle Prealpi aumento della probabilit\u00e0 fino a medio-bassa (5-25%) dalle ore centrali per fenomeni in prevalenza locali, anche a carattere di rovescio.<br \/>\n<b>Temperature: <\/b>Temperature minime generalmente stazionarie nelle valli, in lieve calo in quota dove saranno raggiunte a fine giornata, massime in lieve o contenuto calo, ma ancora superiori alle medie del periodo. Attenuazione dell&#8217;inversione termica. Su Prealpi a 1500 m min 4\u00b0C max 11\u00b0C, a 2000 m min 1\u00b0C max 8\u00b0C. Su Dolomiti a 2000 m min 2\u00b0C max 9\u00b0C, a 3000 m min -5\u00b0C max 0\u00b0C.<br \/>\n<b>Venti: <\/b>Nelle valli deboli a regime di brezza, in quota moderati da nord-ovest, a 10-20 km\/h a 2000 m, a 15-25 km\/h a 3000 m.<\/p>\n<hr \/>\n<p><center><b>Sabato 3<\/b><\/center><b>Tempo atteso: <\/b>Sulle zone prealpine cielo irregolarmente nuvoloso con qualche schiarita; sulle Dolomiti tempo variabile, con annuvolamenti alternati a schiarite pi\u00f9 ampie e frequenti rispetto alle zone prealpine e con fenomeni generalmente assenti.<br \/>\n<b>Precipitazioni: <\/b>Sulle zone prealpine probabili precipitazioni gi\u00e0 al mattino per fenomeni da locali a sparsi, anche a carattere di rovescio o di temporale, con quota neve inizialmente oltre i 2000 m in rapido abbassamento fino ai 1000-1300 m a fine giornata con fenomeni nel pomeriggio pi\u00f9 modesti e locali. Sulle Dolomiti tempo variabile, con annuvolamenti alternati a schiarite e con fenomeni generalmente assenti.<br \/>\n<b>Temperature: <\/b>Temperature in diminuzione anche sensibile, con le minime raggiunte a fine giornata. Su Prealpi a 1500 m min -2\u00b0C max 4\u00b0C, a 2000 m min -5\u00b0C max 2\u00b0C. Su Dolomiti a 2000 m min -5\u00b0C max 2\u00b0C, a 3000 m min -12\u00b0C max -6\u00b0C.<br \/>\n<b>Venti: <\/b>Nelle valli generalmente deboli o moderati di direzione variabile, in quota moderati o tesi sempre da nord-ovest, a 10-15 km\/h a 2000 m, a 25-35 km\/h a 3000 m.<\/p>\n<hr \/>\n<p><center><b>Domenica 4<\/b><\/center>Tempo soleggiato e asciutto con buona visibilit\u00e0, specie sulle Dolomiti, salvo una residua nuvolosit\u00e0 sulle zone prealpine con qualche locale e temporanea riduzione della visibilit\u00e0. Clima pi\u00f9 freddo rispetto ai giorni precedenti con ulteriore calo delle temperature, su valori inferiori alla norma. Venti in quota da nord anche tesi.<\/p>\n<hr \/>\n<p><center><b>Lunedi 5<\/b><\/center>Giornata di transizione verso un netto peggioramento del tempo; al mattino cielo generalmente poco nuvoloso con graduale aumento della nuvolosit\u00e0, specie dalle ore centrali. Nel corso del pomeriggio il cielo sar\u00e0 nuvoloso o molto nuvoloso con le prime precipitazioni dal tardo pomeriggio\/sera, con quota delle nevicate intorno ai 500-700 m a fine giornata. Temperature in Venti in quota dapprima moderati settentrionali, per disporsi da ovest, sud-ovest dalla seconda parte della giornata e a rinforzare. Previsore: M.Padoan<\/p>\n<p>&nbsp;<\/p>\n<p>&nbsp;<\/p>\n<p>&nbsp;<\/p>\n<p>&nbsp;<\/p>\n","protected":false},"excerpt":{"rendered":"<p>PER RICEVERE QUESTO NOTIZIARIO DIRETTAMENTE SUL TUO CELLULARE ISCRIVITI AL CANALE TELEGRAM \u201cRADIO PIU\u00a0 INFORMAZIONE&#8221;\u00a0 &nbsp; &nbsp; ULTIM&#8217;ORA: 05.45 VIABILITA&#8217; PROVINCIA BELLUNO (TELEGRAM) Sassi in strada, 203 agordina &#8211; dopo il ristorante La Stanga direzione Agordo- Belluno &nbsp; &nbsp; LA NUOVA APP PER IOS-IPHONE di Nicola Vettorello https:\/\/apps.apple.com\/it\/app\/radio-pi%C3%B9-emittente-agordina\/id1515939845 ATTENZIONE: LA NUOVA APP RADIO\u00a0 PER ANDROID&hellip;<\/p>\n","protected":false},"author":4,"featured_media":200817,"comment_status":"closed","ping_status":"closed","sticky":false,"template":"","format":"standard","meta":{"_monsterinsights_skip_tracking":false,"_monsterinsights_sitenote_active":false,"_monsterinsights_sitenote_note":"","_monsterinsights_sitenote_category":0,"footnotes":""},"categories":[1,51,86,49],"tags":[],"class_list":["post-200600","post","type-post","status-publish","format-standard","has-post-thumbnail","hentry","category-senza-categoria","category-evidenza-top","category-gr","category-news-18","category-1","category-51","category-86","category-49","description-off"],"img_url":"https:\/\/www.radiopiu.net\/wordpress\/wp-content\/uploads\/2021\/04\/167598013_10158095860937544_5187542438640256815_n.jpg","_links":{"self":[{"href":"https:\/\/www.radiopiu.net\/wordpress\/wp-json\/wp\/v2\/posts\/200600","targetHints":{"allow":["GET"]}}],"collection":[{"href":"https:\/\/www.radiopiu.net\/wordpress\/wp-json\/wp\/v2\/posts"}],"about":[{"href":"https:\/\/www.radiopiu.net\/wordpress\/wp-json\/wp\/v2\/types\/post"}],"author":[{"embeddable":true,"href":"https:\/\/www.radiopiu.net\/wordpress\/wp-json\/wp\/v2\/users\/4"}],"replies":[{"embeddable":true,"href":"https:\/\/www.radiopiu.net\/wordpress\/wp-json\/wp\/v2\/comments?post=200600"}],"version-history":[{"count":0,"href":"https:\/\/www.radiopiu.net\/wordpress\/wp-json\/wp\/v2\/posts\/200600\/revisions"}],"wp:featuredmedia":[{"embeddable":true,"href":"https:\/\/www.radiopiu.net\/wordpress\/wp-json\/wp\/v2\/media\/200817"}],"wp:attachment":[{"href":"https:\/\/www.radiopiu.net\/wordpress\/wp-json\/wp\/v2\/media?parent=200600"}],"wp:term":[{"taxonomy":"category","embeddable":true,"href":"https:\/\/www.radiopiu.net\/wordpress\/wp-json\/wp\/v2\/categories?post=200600"},{"taxonomy":"post_tag","embeddable":true,"href":"https:\/\/www.radiopiu.net\/wordpress\/wp-json\/wp\/v2\/tags?post=200600"}],"curies":[{"name":"wp","href":"https:\/\/api.w.org\/{rel}","templated":true}]}}