{"id":200687,"date":"2021-04-02T05:58:00","date_gmt":"2021-04-02T03:58:00","guid":{"rendered":"https:\/\/www.radiopiu.net\/wordpress\/?p=200687"},"modified":"2021-04-03T06:14:33","modified_gmt":"2021-04-03T04:14:33","slug":"domani-le-nuove-colorazioni-forse-da-martedi-veneto-in-arancione","status":"publish","type":"post","link":"https:\/\/www.radiopiu.net\/wordpress\/domani-le-nuove-colorazioni-forse-da-martedi-veneto-in-arancione\/","title":{"rendered":"OGGI LE NUOVE COLORAZIONI, FORSE DA MARTEDI VENETO IN ARANCIONE"},"content":{"rendered":"<blockquote>\n<h3><em>\u00a0I parametri per uscire dal rosso dovrebbero esserci vediamo cosa succede domani<\/em><\/h3>\n<\/blockquote>\n<p><strong>COLORAZIONE<\/strong> Ci sono concrete speranze che il Veneto torni in arancione, lo ha detto il Presidente Luca Zaia commentando i dati di riferimento, indice Rt e incidenza sulla popolazione.<strong><em>&#8220;<\/em><\/strong><em>Siamo da arancione &#8211; dice Zaia &#8211;\u00a0 ma dobbiamo attendere&#8221;.<\/em> L&#8217;indice Rt \u00e8 a 1.12 sotto la soglia 1,25 dove dall&#8217;arancione si passa al rosso.\u00a0 Incidenza 226,8 per 100 mila abitanti e anche qui \u00e8 da arancione perch\u00e9 la soglia \u00e8 a 250, in ospedale pressione al 29% in terapia intensiva e la soglia critica \u00e8 a\u00a0 30%;\u00a0 \u00a0ricoveri in area non critica 27%\u00a0 con soglia al\u00a0 40%. <em>Se sar\u00e0 confermata la nostra tesi ci sar\u00e0 un passaggio di colore o meglio i nostri numeri da martedi scatterebbe l&#8217;arancione, non ci resta che auspicarlo&#8221; <strong>A SCUOLA <\/strong>Se il Veneto diventer\u00e0 arancione da mercoledi tutti a scuola fino alle superiori (presenza al 50%) e la Regione si sta gi\u00e0 interessando con l&#8217;assessore De Berti per i trasporti. Non decider\u00e0 la singola scuola ma l&#8217;ufficio scolastico regionale e provinciale.\u00a0 Se il Veneto diventa arancione la regione non avr\u00e0 spazio di manovre restrittive, fino alla prima media &#8220;non si toccano&#8221;, le scuole restano aperte anche con 250 di incidenza su 100 mila abitanti. &#8220;Faremo il monitoraggio e se \u00e8 il caso interverremo dalla seconda media in su come abbiamo gi\u00e0 fatto&#8221;.<\/em><\/p>\n<p><strong>L&#8217;INTERVENTO DEL PRESIDENTE LUCA ZAIA<\/strong><\/p>\n<audio class=\"wp-audio-shortcode\" id=\"audio-200687-1\" preload=\"none\" style=\"width: 100%;\" controls=\"controls\"><source type=\"audio\/mpeg\" src=\"https:\/\/www.radiopiu.net\/wordpress\/wp-content\/uploads\/2021\/04\/zaiaaa.mp3?_=1\" \/><a href=\"https:\/\/www.radiopiu.net\/wordpress\/wp-content\/uploads\/2021\/04\/zaiaaa.mp3\">https:\/\/www.radiopiu.net\/wordpress\/wp-content\/uploads\/2021\/04\/zaiaaa.mp3<\/a><\/audio>\n","protected":false},"excerpt":{"rendered":"<p>\u00a0I parametri per uscire dal rosso dovrebbero esserci vediamo cosa succede domani COLORAZIONE Ci sono concrete speranze che il Veneto torni in arancione, lo ha detto il Presidente Luca Zaia commentando i dati di riferimento, indice Rt e incidenza sulla popolazione.&#8220;Siamo da arancione &#8211; dice Zaia &#8211;\u00a0 ma dobbiamo attendere&#8221;. L&#8217;indice Rt \u00e8 a 1.12&hellip;<\/p>\n","protected":false},"author":4,"featured_media":195278,"comment_status":"closed","ping_status":"closed","sticky":false,"template":"","format":"standard","meta":{"_monsterinsights_skip_tracking":false,"_monsterinsights_sitenote_active":false,"_monsterinsights_sitenote_note":"","_monsterinsights_sitenote_category":0,"footnotes":""},"categories":[1],"tags":[],"class_list":["post-200687","post","type-post","status-publish","format-standard","has-post-thumbnail","hentry","category-senza-categoria","category-1","description-off"],"img_url":"https:\/\/www.radiopiu.net\/wordpress\/wp-content\/uploads\/2021\/03\/427165_2.jpg","_links":{"self":[{"href":"https:\/\/www.radiopiu.net\/wordpress\/wp-json\/wp\/v2\/posts\/200687","targetHints":{"allow":["GET"]}}],"collection":[{"href":"https:\/\/www.radiopiu.net\/wordpress\/wp-json\/wp\/v2\/posts"}],"about":[{"href":"https:\/\/www.radiopiu.net\/wordpress\/wp-json\/wp\/v2\/types\/post"}],"author":[{"embeddable":true,"href":"https:\/\/www.radiopiu.net\/wordpress\/wp-json\/wp\/v2\/users\/4"}],"replies":[{"embeddable":true,"href":"https:\/\/www.radiopiu.net\/wordpress\/wp-json\/wp\/v2\/comments?post=200687"}],"version-history":[{"count":0,"href":"https:\/\/www.radiopiu.net\/wordpress\/wp-json\/wp\/v2\/posts\/200687\/revisions"}],"wp:featuredmedia":[{"embeddable":true,"href":"https:\/\/www.radiopiu.net\/wordpress\/wp-json\/wp\/v2\/media\/195278"}],"wp:attachment":[{"href":"https:\/\/www.radiopiu.net\/wordpress\/wp-json\/wp\/v2\/media?parent=200687"}],"wp:term":[{"taxonomy":"category","embeddable":true,"href":"https:\/\/www.radiopiu.net\/wordpress\/wp-json\/wp\/v2\/categories?post=200687"},{"taxonomy":"post_tag","embeddable":true,"href":"https:\/\/www.radiopiu.net\/wordpress\/wp-json\/wp\/v2\/tags?post=200687"}],"curies":[{"name":"wp","href":"https:\/\/api.w.org\/{rel}","templated":true}]}}