{"id":200745,"date":"2021-04-02T05:51:22","date_gmt":"2021-04-02T03:51:22","guid":{"rendered":"https:\/\/www.radiopiu.net\/wordpress\/?p=200745"},"modified":"2021-04-02T06:12:41","modified_gmt":"2021-04-02T04:12:41","slug":"da-veneto-strade-ad-anas-e-ritorno-al-passato","status":"publish","type":"post","link":"https:\/\/www.radiopiu.net\/wordpress\/da-veneto-strade-ad-anas-e-ritorno-al-passato\/","title":{"rendered":"DA VENETO STRADE AD ANAS E&#8217;  RITORNO AL PASSATO"},"content":{"rendered":"<p>&nbsp;<\/p>\n<blockquote><p>Dalla Provincia di Belluno <em>&#8220;Contiamo che nella nuova compagine societaria ci sia posto per Belluno, visto che dopo aver agevolato l\u2019operazione cedendo parte delle sue quote di Veneto Strade alla Regione Veneto, la Provincia non ha pi\u00f9 avuto rappresentanti in seno alla societ\u00e0. Auspichiamo che in questa compagine faccia parte del cda un esponente nominato dalla Provincia, anche per rispettare la volont\u00e0 di chi nel 2017 aveva votato per l\u2019autonomia del Veneto e della provincia di Belluno\u00bb.<\/em><\/p><\/blockquote>\n<p><strong><a href=\"https:\/\/www.radiopiu.net\/wordpress\/giornale-radiopiu-23-marzo-2017-direttore-mirko-mezzacasa\/anas\/\" rel=\"attachment wp-att-30103\"><img loading=\"lazy\" decoding=\"async\" class=\"size-full wp-image-30103 alignleft\" src=\"https:\/\/www.radiopiu.net\/wordpress\/wp-content\/uploads\/2017\/03\/anas.jpg\" alt=\"\" width=\"180\" height=\"281\" \/><\/a><\/strong><strong>VENEZIA<\/strong> C&#8217;era l&#8217;Anas di Bolzano e poi quello di Venezia, lo ricordano bene gli agordini. Solo dopo \u00e8 arrivato Veneto Strade. Giusto per ricordare che la regionale 203 agordina non passa ad Anas, torna ad Anas ma Veneto Strade continuer\u00e0 a gestire la viabilit\u00e0 garantendo un servizio efficiente. Sar\u00e0 cos\u00ec anche per la\u00a0 regionale 48 delle Dolomiti, 251 della Val di Zoldo e Val Cellina, 346 del Passo San Pellegrino, 347 di Passo Duran, 348 Feltrina, sp1 Sinistra Piave. Regione Veneto e Anas confermano il progetto strategico per la gestione unitaria della principale rete viaria veneta, comprensiva dei 700 km di \u201cstrade di rientro\u201d: si <a href=\"https:\/\/www.radiopiu.net\/wordpress\/veneto-strade-interdizione-al-traffico\/veneto-strade-2\/\" rel=\"attachment wp-att-135574\"><img loading=\"lazy\" decoding=\"async\" class=\" wp-image-135574 alignright\" src=\"https:\/\/www.radiopiu.net\/wordpress\/wp-content\/uploads\/2020\/05\/VENETO-STRADE-300x300.png\" alt=\"\" width=\"142\" height=\"142\" srcset=\"https:\/\/www.radiopiu.net\/wordpress\/wp-content\/uploads\/2020\/05\/VENETO-STRADE-300x300.png 300w, https:\/\/www.radiopiu.net\/wordpress\/wp-content\/uploads\/2020\/05\/VENETO-STRADE-150x150.png 150w, https:\/\/www.radiopiu.net\/wordpress\/wp-content\/uploads\/2020\/05\/VENETO-STRADE.png 400w\" sizes=\"auto, (max-width: 142px) 100vw, 142px\" \/><\/a>tratta di importanti segmenti viari provinciali e regionali che saranno riclassificati come statali. In merito alla gestione della rete stradale di interesse nazionale e di interesse regionale, ANAS S.p.A. ha confermato la volont\u00e0 di dare seguito all\u2019attuazione del protocollo. Pur nelle more dell\u2019accordo, Veneto Strade potr\u00e0 continuare a gestire la viabilit\u00e0, garantendo un servizio efficiente e senza soluzione di continuit\u00e0 della rete in oggetto. <em>\u201cCon questo provvedimento si compie un passo ulteriore per la definizione di una governance che porter\u00e0 ad un\u2019unica societ\u00e0 di gestione del patrimonio stradale, rendendola pi\u00f9 efficiente e moderna&#8221; <\/em>afferma la Vicepresidente Elisa De Berti. .<em>\u00a0\u00abNel progetto di nuova gestione della viabilit\u00e0 che vedr\u00e0 insieme Anas e Veneto Strade, non possiamo perdere di vista il fatto che le strade sono una risorsa, soprattutto per un territorio di montagna. Per questo \u00e8 necessario che con il futuro ingresso di Anas in societ\u00e0 con Veneto Strade, che auspichiamo, prosegua senza soluzione di continuit\u00e0 quella gestione efficace che finora ha assicurato strade sicure ai bellunesi\u00bb<\/em>. \u00c8 quanto afferma il presidente della Provincia di Belluno Roberto Padrin <em>\u00abLe strade in montagna sono una risorsa imprescindibile, perch\u00e9 consentono alle persone di muoversi da una vallata all\u2019altra e ai turisti di arrivare da noi &#8211; aggiunge il consigliere provinciale delegato alle infrastrutture, Fabio Luchetta -. Per questo crediamo che la forma o le modalit\u00e0 societarie del gestore della viabilit\u00e0 non siano importante; importante e fondamentale \u00e8 che ci sia la garanzia di manutenzioni ordinarie e straordinarie, e che ci sia un piano industriale che prevede investimenti mirati e definizione delle priorit\u00e0.\u00a0<\/em><\/p>\n","protected":false},"excerpt":{"rendered":"<p>&nbsp; Dalla Provincia di Belluno &#8220;Contiamo che nella nuova compagine societaria ci sia posto per Belluno, visto che dopo aver agevolato l\u2019operazione cedendo parte delle sue quote di Veneto Strade alla Regione Veneto, la Provincia non ha pi\u00f9 avuto rappresentanti in seno alla societ\u00e0. Auspichiamo che in questa compagine faccia parte del cda un esponente&hellip;<\/p>\n","protected":false},"author":4,"featured_media":135574,"comment_status":"closed","ping_status":"closed","sticky":false,"template":"","format":"standard","meta":{"_monsterinsights_skip_tracking":false,"_monsterinsights_sitenote_active":false,"_monsterinsights_sitenote_note":"","_monsterinsights_sitenote_category":0,"footnotes":""},"categories":[51,49],"tags":[],"class_list":["post-200745","post","type-post","status-publish","format-standard","has-post-thumbnail","hentry","category-evidenza-top","category-news-18","category-51","category-49","description-off"],"img_url":"https:\/\/www.radiopiu.net\/wordpress\/wp-content\/uploads\/2020\/05\/VENETO-STRADE.png","_links":{"self":[{"href":"https:\/\/www.radiopiu.net\/wordpress\/wp-json\/wp\/v2\/posts\/200745","targetHints":{"allow":["GET"]}}],"collection":[{"href":"https:\/\/www.radiopiu.net\/wordpress\/wp-json\/wp\/v2\/posts"}],"about":[{"href":"https:\/\/www.radiopiu.net\/wordpress\/wp-json\/wp\/v2\/types\/post"}],"author":[{"embeddable":true,"href":"https:\/\/www.radiopiu.net\/wordpress\/wp-json\/wp\/v2\/users\/4"}],"replies":[{"embeddable":true,"href":"https:\/\/www.radiopiu.net\/wordpress\/wp-json\/wp\/v2\/comments?post=200745"}],"version-history":[{"count":0,"href":"https:\/\/www.radiopiu.net\/wordpress\/wp-json\/wp\/v2\/posts\/200745\/revisions"}],"wp:featuredmedia":[{"embeddable":true,"href":"https:\/\/www.radiopiu.net\/wordpress\/wp-json\/wp\/v2\/media\/135574"}],"wp:attachment":[{"href":"https:\/\/www.radiopiu.net\/wordpress\/wp-json\/wp\/v2\/media?parent=200745"}],"wp:term":[{"taxonomy":"category","embeddable":true,"href":"https:\/\/www.radiopiu.net\/wordpress\/wp-json\/wp\/v2\/categories?post=200745"},{"taxonomy":"post_tag","embeddable":true,"href":"https:\/\/www.radiopiu.net\/wordpress\/wp-json\/wp\/v2\/tags?post=200745"}],"curies":[{"name":"wp","href":"https:\/\/api.w.org\/{rel}","templated":true}]}}