{"id":200762,"date":"2021-04-01T16:26:46","date_gmt":"2021-04-01T14:26:46","guid":{"rendered":"https:\/\/www.radiopiu.net\/wordpress\/?p=200762"},"modified":"2021-04-01T16:26:46","modified_gmt":"2021-04-01T14:26:46","slug":"a-pasqua-clima-fresco-ma-con-il-sole-martedi-pioggia","status":"publish","type":"post","link":"https:\/\/www.radiopiu.net\/wordpress\/a-pasqua-clima-fresco-ma-con-il-sole-martedi-pioggia\/","title":{"rendered":"A PASQUA CLIMA FRESCO MA CON IL SOLE, MARTEDI PIOGGIA"},"content":{"rendered":"<p align=\"JUSTIFY\"><span style=\"font-family: Arial, serif;\"><img decoding=\"async\" class=\"alignleft\" src=\"https:\/\/www.radiopiu.net\/wordpress\/wp-content\/uploads\/2020\/04\/foto-poesia-john-francis-della-pietra-la-pasqua-che-verra.jpg\" \/>Dopo un marzo molto secco e una fine mese all\u2019insegna di temperature diurne molto elevate, sulla regione \u00e8 prevista una fase di variabilit\u00e0 con qualche pioggia tra venerd\u00ec pomeriggio e sabato. Per Pasqua e Pasquetta il tempo sar\u00e0 di nuovo in prevalenza soleggiato ma con temperature in marcato calo. Probabile cambio di scenario da luned\u00ec sera per l\u2019avvicinarsi di una perturbazione fredda in transito nella successiva giornata di marted\u00ec 6. <\/span><span style=\"font-family: Arial, serif;\"><b>Le piogge molto scarse di marzo<\/b><\/span><span style=\"font-family: Arial, serif;\">. <\/span><span style=\"font-family: Arial, serif;\">Il mese di marzo in Veneto \u00e8 stato contraddistinto da una eccezionale scarsit\u00e0 di precipitazioni, che lo colloca al secondo posto, dopo il 2003, come mese pi\u00f9 siccitoso dal 1992. <\/span><span style=\"font-family: Arial, serif;\"><b>Le temperature molto calde di fine marzo<\/b><\/span><span style=\"font-family: Arial, serif;\"> hanno raggiunto valori massimi ben superiori alla media del periodo, con clima di stampo quasi estivo.<\/span><span style=\"font-family: Arial, serif;\">I valori massimi mercoled\u00ec 31 marzo sono stati mediamente di 25-26\u00b0C in molte zone della pianura, 23-25\u00b0C nei fondovalle prealpini, intorno ai 20\u00b0C nei fondovalle dolomitici. Tali valori risultano in genere superiori di 6-8\u00b0C alla media del periodo: per l\u2019ultima decade di marzo rappresentano, in molti casi, dei record per le zone montane<\/span><\/p>\n","protected":false},"excerpt":{"rendered":"<p>Dopo un marzo molto secco e una fine mese all\u2019insegna di temperature diurne molto elevate, sulla regione \u00e8 prevista una fase di variabilit\u00e0 con qualche pioggia tra venerd\u00ec pomeriggio e sabato. Per Pasqua e Pasquetta il tempo sar\u00e0 di nuovo in prevalenza soleggiato ma con temperature in marcato calo. Probabile cambio di scenario da luned\u00ec&hellip;<\/p>\n","protected":false},"author":4,"featured_media":129436,"comment_status":"closed","ping_status":"closed","sticky":false,"template":"","format":"standard","meta":{"_monsterinsights_skip_tracking":false,"_monsterinsights_sitenote_active":false,"_monsterinsights_sitenote_note":"","_monsterinsights_sitenote_category":0,"footnotes":""},"categories":[49],"tags":[],"class_list":["post-200762","post","type-post","status-publish","format-standard","has-post-thumbnail","hentry","category-news-18","category-49","description-off"],"img_url":"https:\/\/www.radiopiu.net\/wordpress\/wp-content\/uploads\/2020\/04\/foto-poesia-john-francis-della-pietra-la-pasqua-che-verra.jpg","_links":{"self":[{"href":"https:\/\/www.radiopiu.net\/wordpress\/wp-json\/wp\/v2\/posts\/200762","targetHints":{"allow":["GET"]}}],"collection":[{"href":"https:\/\/www.radiopiu.net\/wordpress\/wp-json\/wp\/v2\/posts"}],"about":[{"href":"https:\/\/www.radiopiu.net\/wordpress\/wp-json\/wp\/v2\/types\/post"}],"author":[{"embeddable":true,"href":"https:\/\/www.radiopiu.net\/wordpress\/wp-json\/wp\/v2\/users\/4"}],"replies":[{"embeddable":true,"href":"https:\/\/www.radiopiu.net\/wordpress\/wp-json\/wp\/v2\/comments?post=200762"}],"version-history":[{"count":0,"href":"https:\/\/www.radiopiu.net\/wordpress\/wp-json\/wp\/v2\/posts\/200762\/revisions"}],"wp:featuredmedia":[{"embeddable":true,"href":"https:\/\/www.radiopiu.net\/wordpress\/wp-json\/wp\/v2\/media\/129436"}],"wp:attachment":[{"href":"https:\/\/www.radiopiu.net\/wordpress\/wp-json\/wp\/v2\/media?parent=200762"}],"wp:term":[{"taxonomy":"category","embeddable":true,"href":"https:\/\/www.radiopiu.net\/wordpress\/wp-json\/wp\/v2\/categories?post=200762"},{"taxonomy":"post_tag","embeddable":true,"href":"https:\/\/www.radiopiu.net\/wordpress\/wp-json\/wp\/v2\/tags?post=200762"}],"curies":[{"name":"wp","href":"https:\/\/api.w.org\/{rel}","templated":true}]}}