{"id":200788,"date":"2021-04-01T17:43:41","date_gmt":"2021-04-01T15:43:41","guid":{"rendered":"https:\/\/www.radiopiu.net\/wordpress\/?p=200788"},"modified":"2021-04-01T17:43:41","modified_gmt":"2021-04-01T15:43:41","slug":"moto-dorgoglio-di-john-francis-della-pietra","status":"publish","type":"post","link":"https:\/\/www.radiopiu.net\/wordpress\/moto-dorgoglio-di-john-francis-della-pietra\/","title":{"rendered":"MOTO D&#8217;ORGOGLIO DI JOHN FRANCIS DELLA PIETRA"},"content":{"rendered":"<p>&nbsp;<\/p>\n<p><img loading=\"lazy\" decoding=\"async\" class=\"alignleft\" src=\"https:\/\/www.radiopiu.net\/wordpress\/wp-content\/uploads\/2021\/04\/37856978_945326675638872_5585520731254423552_n.jpg\" width=\"168\" height=\"224\" \/>I pensieri<br \/>\nOggi vanno un po&#8217; all ieri<br \/>\nAd un piccolo gruppo<br \/>\nPoco pi\u00f9 d una dozzina in tutto<br \/>\nChe con gli sci stretti andava a sciare<br \/>\nEd una volta all anno all estero a gareggiare<br \/>\nNelle pi\u00f9 famose classiche mondiali<br \/>\nCon sogni ed umilt\u00e0 doti a volte speciali<br \/>\nRicordo che un d\u00ec<br \/>\nSenza preavviso fra noi lo ritrovai l\u00ec<br \/>\nDal carattere mite ma fermo<br \/>\nNel freddo inverno<br \/>\nNei suoi occhi lessi impegno e voglia d imparare<br \/>\nIl necessario x ben cominciare<br \/>\nAd ogni successivo incontro lo vidi progredire<br \/>\nSilente ma buone parole da lui potevi sentire<br \/>\nUn gara dopo l altra il tempo \u00e8 trascorso<br \/>\nNella comune gioia privi di rimorso<br \/>\nQualche giorno rubato al lavoro<br \/>\nMa momenti vissuti che han valso oro<br \/>\nUna lista di gare completate<br \/>\nMolte gi\u00e0 programmate<br \/>\nUna corale soddisfazione<br \/>\nMa sempre immensa emozione<br \/>\nQualche scherzo tra serio e faceto<br \/>\nLo star insieme lieto<br \/>\nCos\u00ec oggi nel suo compleanno<br \/>\nNon pu\u00f2 far danno<br \/>\nQuesto nostro moto d orgoglio<br \/>\nNell averti avuto con noi sul nordico soglio<br \/>\nGrazie ancora Gigi<\/p>\n","protected":false},"excerpt":{"rendered":"<p>&nbsp; I pensieri Oggi vanno un po&#8217; all ieri Ad un piccolo gruppo Poco pi\u00f9 d una dozzina in tutto Che con gli sci stretti andava a sciare Ed una volta all anno all estero a gareggiare Nelle pi\u00f9 famose classiche mondiali Con sogni ed umilt\u00e0 doti a volte speciali Ricordo che un d\u00ec Senza&hellip;<\/p>\n","protected":false},"author":4,"featured_media":200789,"comment_status":"closed","ping_status":"closed","sticky":false,"template":"","format":"standard","meta":{"_monsterinsights_skip_tracking":false,"_monsterinsights_sitenote_active":false,"_monsterinsights_sitenote_note":"","_monsterinsights_sitenote_category":0,"footnotes":""},"categories":[49],"tags":[],"class_list":["post-200788","post","type-post","status-publish","format-standard","has-post-thumbnail","hentry","category-news-18","category-49","description-off"],"img_url":"https:\/\/www.radiopiu.net\/wordpress\/wp-content\/uploads\/2021\/04\/37856978_945326675638872_5585520731254423552_n.jpg","_links":{"self":[{"href":"https:\/\/www.radiopiu.net\/wordpress\/wp-json\/wp\/v2\/posts\/200788","targetHints":{"allow":["GET"]}}],"collection":[{"href":"https:\/\/www.radiopiu.net\/wordpress\/wp-json\/wp\/v2\/posts"}],"about":[{"href":"https:\/\/www.radiopiu.net\/wordpress\/wp-json\/wp\/v2\/types\/post"}],"author":[{"embeddable":true,"href":"https:\/\/www.radiopiu.net\/wordpress\/wp-json\/wp\/v2\/users\/4"}],"replies":[{"embeddable":true,"href":"https:\/\/www.radiopiu.net\/wordpress\/wp-json\/wp\/v2\/comments?post=200788"}],"version-history":[{"count":0,"href":"https:\/\/www.radiopiu.net\/wordpress\/wp-json\/wp\/v2\/posts\/200788\/revisions"}],"wp:featuredmedia":[{"embeddable":true,"href":"https:\/\/www.radiopiu.net\/wordpress\/wp-json\/wp\/v2\/media\/200789"}],"wp:attachment":[{"href":"https:\/\/www.radiopiu.net\/wordpress\/wp-json\/wp\/v2\/media?parent=200788"}],"wp:term":[{"taxonomy":"category","embeddable":true,"href":"https:\/\/www.radiopiu.net\/wordpress\/wp-json\/wp\/v2\/categories?post=200788"},{"taxonomy":"post_tag","embeddable":true,"href":"https:\/\/www.radiopiu.net\/wordpress\/wp-json\/wp\/v2\/tags?post=200788"}],"curies":[{"name":"wp","href":"https:\/\/api.w.org\/{rel}","templated":true}]}}