{"id":200803,"date":"2021-04-02T05:57:12","date_gmt":"2021-04-02T03:57:12","guid":{"rendered":"https:\/\/www.radiopiu.net\/wordpress\/?p=200803"},"modified":"2021-04-02T09:14:59","modified_gmt":"2021-04-02T07:14:59","slug":"crolla-il-cornicione-interdetto-lingresso-al-museo","status":"publish","type":"post","link":"https:\/\/www.radiopiu.net\/wordpress\/crolla-il-cornicione-interdetto-lingresso-al-museo\/","title":{"rendered":"CROLLA IL CORNICIONE, INTERDETTO L&#8217;INGRESSO AL MUSEO"},"content":{"rendered":"<blockquote><p><em>E&#8217; stata una fortuna che nessuno si sia fatto male in quanto poco pi\u00f9 in l\u00e0 c&#8217;era una bambino che abita nelle vicinanze. Il piccolo \u00e8 corso subito a chiamare la mamma. Sembra siano state riscontrate delle crepe anche sui cornicioni di altre finestre.\u00a0<\/em><\/p><\/blockquote>\n<p><strong>CANALE D&#8217;AGORDO<\/strong> Tutto sommato \u00e8 andata bene, rimane un nastro biancorosso che delimita la zona ma non ci sono macchie di sangue sul marciapiede o sull&#8217;asfalto. Si, perch\u00e9 dall&#8217;alto si \u00e8 staccato un pezzo di cornicione. E&#8217; successo nel pomeriggio di ieri a Canale d&#8217;Agordo davanti all&#8217;ingresso del Musal (Museo Albino Luciani), il materiale si \u00e8 staccato da una delle finestre della facciata principale, la causa potrebbe essere il forte sbalzo termico di questa stagione. Sul posto il responsabile dell ufficio tecnico comunale,\u00a0 gli operai del comune e i vigili del fuoco che hanno transennato e messo in sicurezza la zona. Il sindaco Flavio Colcergnan<em>: \u00ab \u00e8 andata bene,\u00a0 nessuno si \u00e8 fatto male. E&#8217; inconcepibile che succedano cose del genere a soli sei anni dalla fine dei lavori.\u00a0<\/em><\/p>\n<p><strong>foto, Dario Fontanive<\/strong><\/p>\n\n\t\t\t<style type='text\/css'>\n\t\t\t\t#gallery-1 {\n\t\t\t\t\tmargin: auto;\n\t\t\t\t}\n\t\t\t\t#gallery-1 .gallery-item {\n\t\t\t\t\tfloat: left;\n\t\t\t\t\tmargin-top: 10px;\n\t\t\t\t\ttext-align: center;\n\t\t\t\t\twidth: 33%;\n\t\t\t\t}\n\t\t\t\t#gallery-1 img {\n\t\t\t\t\tborder: 2px solid #cfcfcf;\n\t\t\t\t}\n\t\t\t\t#gallery-1 .gallery-caption {\n\t\t\t\t\tmargin-left: 0;\n\t\t\t\t}\n\t\t\t\t\/* see gallery_shortcode() in wp-includes\/media.php *\/\n\t\t\t<\/style>\n\t\t<div id='gallery-1' class='dt-gallery-container gallery galleryid-200803 gallery-columns-3 gallery-size-thumbnail'><dl class='gallery-item'>\n\t\t\t\t<dt class='gallery-icon portrait'>\n\t\t\t\t\t<a class=\"rollover rollover-zoom dt-pswp-item\" title=\"canale musal\" data-dt-img-description=\"\" data-large_image_width=\"1125\" data-large_image_height=\"2000\"href='https:\/\/www.radiopiu.net\/wordpress\/wp-content\/uploads\/2021\/04\/975d9da8-1871-467d-a2e5-df634d69862d-1.jpg'><img loading=\"lazy\" decoding=\"async\" width=\"150\" height=\"150\" src=\"https:\/\/www.radiopiu.net\/wordpress\/wp-content\/uploads\/2021\/04\/975d9da8-1871-467d-a2e5-df634d69862d-1-150x150.jpg\" class=\"attachment-thumbnail size-thumbnail\" alt=\"\" \/><\/a>\n\t\t\t\t<\/dt><\/dl><dl class='gallery-item'>\n\t\t\t\t<dt class='gallery-icon portrait'>\n\t\t\t\t\t<a class=\"rollover rollover-zoom dt-pswp-item\" title=\"93f7af3e-039f-4c8e-99a3-b2a09ec6f3d3\" data-dt-img-description=\"\" data-large_image_width=\"1125\" data-large_image_height=\"2000\"href='https:\/\/www.radiopiu.net\/wordpress\/wp-content\/uploads\/2021\/04\/93f7af3e-039f-4c8e-99a3-b2a09ec6f3d3-1.jpg'><img loading=\"lazy\" decoding=\"async\" width=\"150\" height=\"150\" src=\"https:\/\/www.radiopiu.net\/wordpress\/wp-content\/uploads\/2021\/04\/93f7af3e-039f-4c8e-99a3-b2a09ec6f3d3-1-150x150.jpg\" class=\"attachment-thumbnail size-thumbnail\" alt=\"\" \/><\/a>\n\t\t\t\t<\/dt><\/dl><dl class='gallery-item'>\n\t\t\t\t<dt class='gallery-icon landscape'>\n\t\t\t\t\t<a class=\"rollover rollover-zoom dt-pswp-item\" title=\"canale musal\" data-dt-img-description=\"\" data-large_image_width=\"2000\" data-large_image_height=\"1125\"href='https:\/\/www.radiopiu.net\/wordpress\/wp-content\/uploads\/2021\/04\/7b8473d5-1463-43bb-bdc3-267ca56f6f8f-1.jpg'><img loading=\"lazy\" decoding=\"async\" width=\"150\" height=\"150\" src=\"https:\/\/www.radiopiu.net\/wordpress\/wp-content\/uploads\/2021\/04\/7b8473d5-1463-43bb-bdc3-267ca56f6f8f-1-150x150.jpg\" class=\"attachment-thumbnail size-thumbnail\" alt=\"\" \/><\/a>\n\t\t\t\t<\/dt><\/dl><br style=\"clear: both\" \/>\n\t\t\t<\/div>\n\n<p>&nbsp;<\/p>\n<p>&nbsp;<\/p>\n<p>&nbsp;<\/p>\n","protected":false},"excerpt":{"rendered":"<p>E&#8217; stata una fortuna che nessuno si sia fatto male in quanto poco pi\u00f9 in l\u00e0 c&#8217;era una bambino che abita nelle vicinanze. Il piccolo \u00e8 corso subito a chiamare la mamma. Sembra siano state riscontrate delle crepe anche sui cornicioni di altre finestre.\u00a0 CANALE D&#8217;AGORDO Tutto sommato \u00e8 andata bene, rimane un nastro biancorosso&hellip;<\/p>\n","protected":false},"author":4,"featured_media":200806,"comment_status":"closed","ping_status":"closed","sticky":false,"template":"","format":"standard","meta":{"_monsterinsights_skip_tracking":false,"_monsterinsights_sitenote_active":false,"_monsterinsights_sitenote_note":"","_monsterinsights_sitenote_category":0,"footnotes":""},"categories":[51,49],"tags":[],"class_list":["post-200803","post","type-post","status-publish","format-standard","has-post-thumbnail","hentry","category-evidenza-top","category-news-18","category-51","category-49","description-off"],"img_url":"https:\/\/www.radiopiu.net\/wordpress\/wp-content\/uploads\/2021\/04\/7b8473d5-1463-43bb-bdc3-267ca56f6f8f-1.jpg","_links":{"self":[{"href":"https:\/\/www.radiopiu.net\/wordpress\/wp-json\/wp\/v2\/posts\/200803","targetHints":{"allow":["GET"]}}],"collection":[{"href":"https:\/\/www.radiopiu.net\/wordpress\/wp-json\/wp\/v2\/posts"}],"about":[{"href":"https:\/\/www.radiopiu.net\/wordpress\/wp-json\/wp\/v2\/types\/post"}],"author":[{"embeddable":true,"href":"https:\/\/www.radiopiu.net\/wordpress\/wp-json\/wp\/v2\/users\/4"}],"replies":[{"embeddable":true,"href":"https:\/\/www.radiopiu.net\/wordpress\/wp-json\/wp\/v2\/comments?post=200803"}],"version-history":[{"count":0,"href":"https:\/\/www.radiopiu.net\/wordpress\/wp-json\/wp\/v2\/posts\/200803\/revisions"}],"wp:featuredmedia":[{"embeddable":true,"href":"https:\/\/www.radiopiu.net\/wordpress\/wp-json\/wp\/v2\/media\/200806"}],"wp:attachment":[{"href":"https:\/\/www.radiopiu.net\/wordpress\/wp-json\/wp\/v2\/media?parent=200803"}],"wp:term":[{"taxonomy":"category","embeddable":true,"href":"https:\/\/www.radiopiu.net\/wordpress\/wp-json\/wp\/v2\/categories?post=200803"},{"taxonomy":"post_tag","embeddable":true,"href":"https:\/\/www.radiopiu.net\/wordpress\/wp-json\/wp\/v2\/tags?post=200803"}],"curies":[{"name":"wp","href":"https:\/\/api.w.org\/{rel}","templated":true}]}}